{"id":16312,"date":"2015-09-17T09:37:03","date_gmt":"2015-09-17T12:37:03","guid":{"rendered":"http:\/\/rioonwatch.org.br\/?p=16312"},"modified":"2016-02-23T13:00:36","modified_gmt":"2016-02-23T16:00:36","slug":"candomblecista-da-vila-autodromo-descreve-o-terror-do-processo-de-remocao","status":"publish","type":"post","link":"https:\/\/rioonwatch.org.br\/?p=16312","title":{"rendered":"Candomblecista da Vila Aut\u00f3dromo Descreve o Terror do Processo de Remo\u00e7\u00e3o"},"content":{"rendered":"<p style=\"text-align: right;\"><a href=\"http:\/\/bit.ly\/1P2J6ZD\" target=\"_blank\"><em><strong>Click Here for English<img decoding=\"async\" width=\"20\" height=\"20\" class=\"alignright wp-image-15790\" src=\"http:\/\/rioonwatch.org.br\/wp-content\/uploads\/2012\/08\/EN-standard-e1439583104716.jpg\" alt=\"\" \/><\/strong><\/em><\/a><\/p>\n<p><em>Moradora removida da Vila Aut\u00f3dromo, Heloisa Helena Costa Berto, compartilhou com o RioOnWatch a carta que escreveu documentando\u00a0sua experi\u00eancia de negocia\u00e7\u00e3o\u00a0com a Prefeitura do\u00a0Rio. Publicamos aqui a carta na \u00edntegra.<\/em><\/p>\n<p>Esta \u00e9 uma explana\u00e7\u00e3o urgente e importante&#8211;de um ponto de vista pessoal e de uma necessidade social&#8211;dada a blasf\u00eamia, heresia e o transtorno geral causado por a\u00e7\u00f5es contra os dogmas das religi\u00f5es de <a href=\"http:\/\/bit.ly\/1ruUDso\" target=\"_blank\">tradi\u00e7\u00e3o afro-brasileiras<\/a> que se seguiram a retirada do \u201cYle Axe Ara Orun Yaba Jiyi\u201d do atual endere\u00e7o na Av. Aut\u00f3dromo 144, <a href=\"http:\/\/bit.ly\/Nfddvg\" target=\"_blank\">Vila Aut\u00f3dromo<\/a>, Jacarepagu\u00e1. Relato tamb\u00e9m todo o processo de negocia\u00e7\u00e3o realizado no per\u00edodo de um ano e meio. As muitas humilha\u00e7\u00f5es e o preconceito religioso que sofri.<\/p>\n<p>Sou a Yalorix\u00e1 Luizinha de Nan\u00e3, sou esp\u00edrita candomblecista. Iniciei minha jornada no <a href=\"http:\/\/bit.ly\/1O3659r\" target=\"_blank\">candombl\u00e9<\/a> em 1973, fui raspada em 19 de julho de 1975, na casa da falecida Elmira de Oxum, filha de Elsa Rocha de Iemanj\u00e1 e Tete de Inhas\u00e3, herdeiras diretas da <a href=\"http:\/\/bit.ly\/1JWMJN5\" target=\"_blank\">Casa Branca do Engenho Velho da Bahia<\/a>. O Engenho Velho \u00e9 considerado a primeira casa de Candombl\u00e9 aberta em Salvador, Bahia, considerada patrim\u00f4nio p\u00fablico desde 31 de maio de 1981 que remota cerca de 300 anos de exist\u00eancia, mas foi fundada e registrada no cart\u00f3rio em 25 de julho de 1943.<\/p>\n<p>Sou filha de <a href=\"http:\/\/bit.ly\/1JYobFL\" target=\"_blank\">Nan\u00e3<\/a>.\u00a0Nan\u00e3 \u00e9 respons\u00e1vel por minha exist\u00eancia, e \u00e9 ela a dona do pequeno peda\u00e7o de terra que eu zelo.\u00a0Nan\u00e3 a m\u00e3e terra, a grande matriarca!\u00a0Nan\u00e3 \u00e9 um orix\u00e1 muito antigo, associado \u00e0s \u00e1guas paradas, \u00e0 lama dos p\u00e2ntanos e ao lodo do fundo dos rios.\u00a0Nan\u00e3 \u00e9 a senhora da morte, aquela que recebe seus filhos ap\u00f3s a morte, sendo ela uma figura austera, justiceira e absolutamente incapaz de uma brincadeira.<\/p>\n<p>Nan\u00e3 comanda meu candombl\u00e9. Este candombl\u00e9 foi formado por ela, com ela, para ela. Surgiu atrav\u00e9s de uma promessa de minha m\u00e3e carnal na beira da lagoa de lodo, onde ela se encanta e onde come\u00e7amos a formar nossa casa h\u00e1 35 anos.<\/p>\n<p>Foram anos de luta, construindo no barro com o p\u00e9 na lama, erguendo c\u00f4modo por c\u00f4modo. Infelizmente, o termino da constru\u00e7\u00e3o f\u00edsica de um candombl\u00e9 \u00e9 dif\u00edcil, principalmente com v\u00e1rias coisas em jogo, como por exemplo, ter que ao mesmo tempo, ajudar \u00e0s pessoas necessitadas de trabalhos espirituais e de bens materiais b\u00e1sicos.<\/p>\n<p>O \u201c Yle Axe Ara Orun Yaba Jiyi\u201d presta aux\u00edlio espiritual \u00e0s pessoas atrav\u00e9s de jogo de b\u00fazios \u201climpezas\u201d e \u201cfirmezas\u201d em v\u00e1rios graus e de variadas maneiras. Tenho clientes de mais de 15 anos espalhados n\u00e3o s\u00f3 pelo estado do Rio de Janeiro como em outros estados do Brasil e fora do Brasil. Trabalhamos com a confec\u00e7\u00e3o de roupas e adere\u00e7os afro-brasileiros. O espa\u00e7o f\u00edsico nos permite o cultivo de \u00e1rvores sagradas e ervas indispens\u00e1veis para a realiza\u00e7\u00e3o do culto.<\/p>\n<figure id=\"attachment_16399\" aria-describedby=\"caption-attachment-16399\" style=\"width: 620px\" class=\"wp-caption aligncenter\"><a href=\"http:\/\/rioonwatch.org.br\/wp-content\/uploads\/2015\/09\/Heloisa-Helena-2.jpg\"><img fetchpriority=\"high\" decoding=\"async\" class=\"wp-image-16399 size-content\" title=\"Heloisa Helena cuida de seu jardim com ervas e \u00e1rvores indispens\u00e1veis para o culto\" src=\"http:\/\/rioonwatch.org.br\/wp-content\/uploads\/2015\/09\/Heloisa-Helena-2-620x264.jpg\" alt=\"Heloisa Helena cuida de seu jardim com ervas e \u00e1rvores indispens\u00e1veis para o culto\" width=\"620\" height=\"264\" srcset=\"https:\/\/rioonwatch.org.br\/wp-content\/uploads\/2015\/09\/Heloisa-Helena-2-620x264.jpg 620w, https:\/\/rioonwatch.org.br\/wp-content\/uploads\/2015\/09\/Heloisa-Helena-2-940x400.jpg 940w\" sizes=\"(max-width: 620px) 100vw, 620px\" \/><\/a><figcaption id=\"caption-attachment-16399\" class=\"wp-caption-text\">Heloisa Helena cuida de seu jardim com ervas e \u00e1rvores indispens\u00e1veis para o culto<\/figcaption><\/figure>\n<p>Sinto uma dor f\u00edsica que vem do meu cora\u00e7\u00e3o e que se transforma em muitas l\u00e1grimas ao ver a promessa de minha m\u00e3e virar p\u00f3.\u00a0Estou em negocia\u00e7\u00e3o com a prefeitura h\u00e1 mais de um ano. Sempre fui clara em rela\u00e7\u00e3o ao meu centro esp\u00edrita, sempre declaro que a minha casa \u00e9 um centro esp\u00edrita. A parte que cabe a mim \u00e9 o meu quarto, eu n\u00e3o sou a dona da casa, sou uma pessoa desprovida de bens materiais e vivo para minha religi\u00e3o. Sou zeladora dos santos e \u00e9 em nome deles que eu negocio. Nada me pertence. Por\u00e9m, a minha responsabilidade \u00e9 muito grande. Eu n\u00e3o tenho permiss\u00e3o para parar, esmorecer, desistir, cair ou ir contra os desejos de minha m\u00e3e Nan\u00e3.\u00a0S\u00f3 que eu cai!<\/p>\n<p>O ano de 2014 foi um longo ano, com encontros constantes com o negociador da prefeitura, lembro-me da segunda reuni\u00e3o que tive com ele, eu havia tido meses de encontros e avalia\u00e7\u00f5es com um advogado da \u00e1rea imobili\u00e1ria, especialista em avalia\u00e7\u00f5es. Levei a documenta\u00e7\u00e3o, ele olhou e jogou o documento na mesa em minha dire\u00e7\u00e3o e disse: \u201cIsso n\u00e3o vale nada\u201d.<\/p>\n<p>O negociador me chamava quase toda a semana e me oferecia valores que n\u00e3o seriam suficientes para comprar um novo terreno; certa vez retruquei sobre este fato e tive como resposta do negociador que eu deveria procurar terreno em uma outra comunidade, pois a\u00ed o valor seria suficiente, e que era para eu esquecer a possibilidade de comprar um im\u00f3vel legalizado.<\/p>\n<p>Ele muitas vezes me chamava apenas para me olhar e insistir em repetir o mesmo valor. Quando isso acontecia, em reuni\u00f5es sem um prop\u00f3sito novo, que serviam apenas para repetir a oferta anterior, pressionar, acuar e para exposi\u00e7\u00f5es verbais de situa\u00e7\u00f5es nas quais as pessoas sairiam sem ter nada. Ele enfatizava que n\u00e3o adiantava deixar o tempo passar, pois isso s\u00f3 iria desvalorizar a resid\u00eancia e que era certo e\u00a0n\u00e3o havia nenhuma d\u00favida que todos, absolutamente todos<strong>,<\/strong> iriam sair.<\/p>\n<p>Lembro-me, de uma vez em que um procurador mencionou, que eu nunca veria tanto dinheiro na vida e ainda prosseguiu me perguntando: como \u00e9 que ele poderia explicar para o seu filho que aquelas pessoas da comunidade poderiam ter tanto dinheiro se ele, um procurador, n\u00e3o tinha.<\/p>\n<p>Lembro que na primeira semana em que eu fui chamada at\u00e9 l\u00e1 e n\u00e3o havia um prop\u00f3sito justo, eu mostrei minha bengala e disse que me fizesse a gentileza de s\u00f3 me chamar quando houvesse uma defini\u00e7\u00e3o. Eu sofro de muitas dores, com meus 8 parafusos no corpo, mas ele n\u00e3o respeitou minhas dores nem as minhas restri\u00e7\u00f5es f\u00edsicas.<\/p>\n<p>Em dezembro do ano passado, eu j\u00e1 estava muito cansada, me sentia pressionada por ele, tinha obriga\u00e7\u00f5es de filhos de santo para fazer, obriga\u00e7\u00f5es da casa que deveria fazer e a casa estava parada. Assinei o acordo. Me instru\u00edram que me dariam o cheque em uma semana e que eu deveria deixar a casa no dia seguinte, isto foi uma semana antes do natal do ano passado.<\/p>\n<p>Arrumei minha mudan\u00e7a, aluguei um apartamento, para ficar enquanto a obra do novo centro estivesse sendo feitas. Acertei com m\u00e3o de obra e esperei. Telefonei por todo o m\u00eas de janeiro e metade do de fevereiro. Perdi a m\u00e3o de obra e os pedreiros brigaram comigo, pois fizeram a reserva do m\u00eas e ficar\u00e3o sem ter o que comer.<\/p>\n<p>Eu tive que me virar para pagar um aluguel que n\u00e3o estava no meu or\u00e7amento, eu contava com o valor que me prometer\u00e3o perante a assinatura do acordo, que seria recebido em uma semana. Dei entrada em um terreno e depois tive que desistir.<\/p>\n<figure id=\"attachment_16401\" aria-describedby=\"caption-attachment-16401\" style=\"width: 620px\" class=\"wp-caption aligncenter\"><a href=\"http:\/\/rioonwatch.org.br\/wp-content\/uploads\/2015\/09\/Heloisa-Helena-4.jpg\"><img decoding=\"async\" class=\"wp-image-16401 size-content\" title=\"Heloisa Helena foi chamada semana ap\u00f3s semana para se reunir com o negociador da Prefeitura, apesar de dores f\u00edsicas e de nenhuma mudan\u00e7a de oferta\" src=\"http:\/\/rioonwatch.org.br\/wp-content\/uploads\/2015\/09\/Heloisa-Helena-4-620x264.jpg\" alt=\"Heloisa Helena foi chamada semana ap\u00f3s semana para se reunir com o negociador da Prefeitura, apesar de dores f\u00edsicas e de nenhuma mudan\u00e7a de oferta\" width=\"620\" height=\"264\" srcset=\"https:\/\/rioonwatch.org.br\/wp-content\/uploads\/2015\/09\/Heloisa-Helena-4-620x264.jpg 620w, https:\/\/rioonwatch.org.br\/wp-content\/uploads\/2015\/09\/Heloisa-Helena-4-940x400.jpg 940w\" sizes=\"(max-width: 620px) 100vw, 620px\" \/><\/a><figcaption id=\"caption-attachment-16401\" class=\"wp-caption-text\">Heloisa Helena foi chamada semana ap\u00f3s semana para se reunir com o negociador da Prefeitura, apesar de dores f\u00edsicas e de nenhuma mudan\u00e7a de oferta<\/figcaption><\/figure>\n<p>Meus filhos de santo com problemas, n\u00e3o puderam esperar este tempo todo. Perdi praticamente todos. Agora eu estou com uma quantidade enorme de medicamentos para depress\u00e3o, ansiedade e tenho tido crises de p\u00e2nico.<\/p>\n<p>N\u00e3o fui mais na prefeitura at\u00e9 o final de abril, e eles tamb\u00e9m n\u00e3o me chamaram. Na parte detr\u00e1s da minha casa tinha 4 quitinetes que pertenciam a outras 4 fam\u00edlias. Em abril do ano passado, ao fazer o cadastramento da minha casa a prefeitura tamb\u00e9m fez o cadastramento das quitinetes e das pessoas que l\u00e1 moravam.<\/p>\n<p>Em janeiro deste ano, quando estava para sair o valor da minha indeniza\u00e7\u00e3o, os moradores das quitinetes foram saber como estava a situa\u00e7\u00e3o deles, pois eles estavam requerendo apartamentos, o negociador atendeu a eles e <a href=\"http:\/\/bit.ly\/1DNRvh2\" target=\"_blank\">disse que eles n\u00e3o iriam receber nada, que eu sabia disso e que eu queria engan\u00e1-los<\/a>. Fui amea\u00e7ada de morte. Meu filho que sempre me ajudou n\u00e3o podia mais ir na Vila Aut\u00f3dromo, pois receei pela vida dele, fiquei com pavor, com medo de fazerem algo com ele.<\/p>\n<p>Eu tenho problemas de locomo\u00e7\u00e3o sou aposentada pelo INSS, passei a ir sozinha na Vila Aut\u00f3dromo com sacrif\u00edcio para poder alimentar meus animais, molhar minhas plantas e acender meus orix\u00e1s. N\u00e3o me era permitido desistir do contrato de aluguel assinado, sendo assim estamos com as despesas e as contas com os pagamentos atrasados, estamos praticamente falidos.<\/p>\n<p>Em abril desde ano, soube da desapropriar\u00e3o da minha casa, fui para <a href=\"http:\/\/bit.ly\/1kcl02n\" target=\"_blank\">defensoria p\u00fablica<\/a>, para tentar reverter isso. Fui tamb\u00e9m na subprefeitura da <a href=\"http:\/\/bit.ly\/19BBUhf\" target=\"_blank\">Barra da Tijuca<\/a> para ver se resolvia isso o mais r\u00e1pido, pois eu estou muito mal de sa\u00fade e cada vez estou pior com todo este estresse.<\/p>\n<p>Meu centro esp\u00edrita est\u00e1 fechado a mais de um ano. Acho que eu n\u00e3o deveria ter feito isso, mas eu s\u00f3 insisti por querer ter tudo resolvido para o meu santo.<\/p>\n<p>Marquei uma hora e disse que queria fazer um acordo, o negociador disse que queria tamb\u00e9m um acordo, mas que os termos e a minha assinatura desse acordo deveria ser feitos na defensoria, fomos na mesma hora l\u00e1.\u00a0Na defensoria nos informaram que n\u00e3o poder\u00edamos fazer esse documento l\u00e1, pois de acordo com as a\u00e7\u00f5es jur\u00eddicas da defensoria eu estaria promovendo prova contra mim. O certo seria o procurador nos oferecer o acordo.<\/p>\n<figure id=\"attachment_16400\" aria-describedby=\"caption-attachment-16400\" style=\"width: 620px\" class=\"wp-caption aligncenter\"><a href=\"http:\/\/rioonwatch.org.br\/wp-content\/uploads\/2015\/09\/Heloisa-Helena-3.jpg\"><img loading=\"lazy\" decoding=\"async\" class=\"wp-image-16400 size-content\" title=\"Heloisa Helena descreve seu amor pela sua casa, sua religi\u00e3o, e seu sentimento de obriga\u00e7\u00e3o com respeito ao cuidado pelo local sagrado que tamb\u00e9m foi seu lar\" src=\"http:\/\/rioonwatch.org.br\/wp-content\/uploads\/2015\/09\/Heloisa-Helena-3-620x264.jpg\" alt=\"Heloisa Helena descreve seu amor pela sua casa, sua religi\u00e3o, e seu sentimento de obriga\u00e7\u00e3o com respeito ao cuidado pelo local sagrado que tamb\u00e9m foi seu lar\" width=\"620\" height=\"264\" srcset=\"https:\/\/rioonwatch.org.br\/wp-content\/uploads\/2015\/09\/Heloisa-Helena-3-620x264.jpg 620w, https:\/\/rioonwatch.org.br\/wp-content\/uploads\/2015\/09\/Heloisa-Helena-3-940x400.jpg 940w\" sizes=\"(max-width: 620px) 100vw, 620px\" \/><\/a><figcaption id=\"caption-attachment-16400\" class=\"wp-caption-text\">Heloisa Helena descreve seu amor pela sua casa, sua religi\u00e3o, e seu sentimento de obriga\u00e7\u00e3o com respeito ao cuidado pelo local sagrado que tamb\u00e9m foi seu lar<\/figcaption><\/figure>\n<p>Retornamos do Centro para a Barra de t\u00e1xi pois sofro de muitas dores, como j\u00e1 disse, eu j\u00e1 estava o dia inteiro de bengala tentando resolver isso. Chegando l\u00e1, passamos esta informa\u00e7\u00e3o para o negociador e ele disse que era isso mesmo, que ele poderia redigir o acordo, mas que n\u00f3s dever\u00edamos passar por e-mail o que quer\u00edamos no acordo para um outro procurador e a assessora dele. Depois de uma semana e meia a assessora mandou um e-mail dizendo que este documento era para ser feito com o negociador.<\/p>\n<p>Fui at\u00e9 a defensoria de novo e l\u00e1 me disseram que poder\u00edamos resolver tudo na Subprefeitura. Chegando l\u00e1 me disseram para voltar em uma semana, na ter\u00e7a seguinte, dia 14 de julho, \u00e0s 15 horas. Ao sair eu disse: &#8220;Se Deus quiser tudo ser\u00e1 resolvido na pr\u00f3xima semana&#8221;, e o negociador retrucou, &#8220;Se Deus n\u00e3o quiser, o inimigo dele vai querer&#8221;. Me senti ofendida n\u00e3o cultuo o inimigo de Deus, todos com o m\u00ednimo de conhecimento religioso sabem que o inimigo de Deus \u00e9 L\u00facifer. N\u00e3o tenho o h\u00e1bito de pronunciar esse nome, e ele n\u00e3o tinha o direito de me associar a tal figura. No final, eu apenas disse que &#8220;meu pai era Deus&#8221;, n\u00e3o queria pensar em nada al\u00e9m da assinatura. Fui pensando que tudo se resolveria neste dia.<\/p>\n<p>Cheguei l\u00e1 \u00e0s 15 horas, tive uma primeira reuni\u00e3o com o Subprefeito Alex Costa, o negociador e a Assessora Marli Pe\u00e7anha. Resolvemos os primeiros pontos do acordo e sa\u00edmos da sala do subprefeito para irmos para a sala do negociador para ent\u00e3o concluirmos o acordo. N\u00e3o chegamos a entrar, ele disse para esperarmos um pouco l\u00e1 fora.<\/p>\n<p>Ele passou todas as pessoas do dia na nossa frente, eu disse que estava com dor e que j\u00e1 tinha passado a minha vez. Ele n\u00e3o ligou, at\u00e9 que eu deitei no ch\u00e3o perto da porta da sala dele, n\u00e3o aguentava mais de dor na coluna.<\/p>\n<p>Entrando na sala ele falou que n\u00e3o podia assinar o acordo naquele dia, falou mais meia d\u00fazia de coisas at\u00e9 sairmos. Sai de l\u00e1 \u00e0s dez e trinta da noite!<\/p>\n<p>Eu voltei na quinta-feira. Estava sem a presen\u00e7a de meu filho. Diminui as vantagens que eu teria, pois eu s\u00f3 queria acabar com aquilo. Falei com a Marli, o subprefeito n\u00e3o estava com tempo dispon\u00edvel. Marli disse que tudo estava resolvido, era s\u00f3 assinar com o negociador. Pedi a Marli se por favor, poderia falar com ele para n\u00e3o me deixar esperando muito tempo pois eu tenho problemas de sa\u00fade e j\u00e1 estava com muitas dores, principalmente por ter passado tantas horas esperando na \u00faltima ter\u00e7a-feira. A resposta foi que me atenderia quando tivesse tempo. Sendo assim Marli me colocou dentro do escrit\u00f3rio dele assim que p\u00f4de.<\/p>\n<p>N\u00e3o houve conversa, o que teve foi uma demonstra\u00e7\u00e3o de poder. Eram gestos e palavras veladas com o intuito de demostrar que quem mandava era ele e que ele n\u00e3o faria nada! Entre muitas coisas ele disse que eu tinha um problema de querer tudo de imediato e que as coisas n\u00e3o eram assim. Por\u00e9m, como uma pessoa doente que passou semanas e mais semanas, que se transformam em meses que se transformam em mais de um ano, como esta pessoa pode ainda ser chamada de imediatista?<\/p>\n<p>Eu retruquei e falei que ele mesmo havia dito que podia resolver de forma r\u00e1pida, que havia modelos de acordos e seria s\u00f3 imprimir e assinar. Ele perguntou se eu era advogada, se eu tinha OAB, se meu filho era advogado se tinha OAB. Eu falei que n\u00e3o e ele disse que pensava que sim pois meu filho era muito \u201cinteligente\u201d. Ele foi sarc\u00e1stico o tempo todo inclusive quando disse que ele era advogado, que ele tinha OAB, portanto quem sabia, quem podia, o que podia e o que n\u00e3o podia era ele. Eu dei boa noite e sa\u00ed da sala.<\/p>\n<p>Quando cheguei a antessala eu vi a Marli e disse que n\u00e3o houve acordo, pois ele n\u00e3o se disp\u00f4s a assinar. Foi quando eu tive um surto, eu sei que gritei, mas n\u00e3o me lembro direito, sei que senti muita dor e desespero, eu estava cansada, muito cansada, senti raiva de ser humilhada. Senti um vazio por ver o prazer que ele sentia quando falava comigo me colocando para baixo. Me senti enlouquecer de tanta dor na alma. Me senti perdendo tudo, morrendo, e n\u00e3o tinha ningu\u00e9m por mim. Tremia, chorava sem controle algum, ca\u00edda no ch\u00e3o da antessala.<\/p>\n<p>Passei quatro dias na cama sem conseguir levantar. Eu acordava e chorava, meu cora\u00e7\u00e3o batia forte e eu tremia. Depois eu levantei, mas n\u00e3o saia de casa. Tentava ser forte e seguir em frente. Eu tento seguir, mas est\u00e1 muito dif\u00edcil, os antidepressivos parecem que n\u00e3o fazem efeito, estou muito ansiosa e est\u00e1 dif\u00edcil dormir.<\/p>\n<p>Noutro dia eu fiquei preocupada, estava falando com uma conhecida e ela disse que o negociador voltaria antes do tempo das f\u00e9rias dele. Eu falei alguma coisa e desliguei, dei um tempinho e eu comecei a tremer e as l\u00e1grimas caiam sem eu sentir, meu cora\u00e7\u00e3o batia muito r\u00e1pido. Tive que tomar um rem\u00e9dio inteiro fora de hora e dormir.<\/p>\n<figure id=\"attachment_16398\" aria-describedby=\"caption-attachment-16398\" style=\"width: 620px\" class=\"wp-caption aligncenter\"><a href=\"http:\/\/rioonwatch.org.br\/wp-content\/uploads\/2015\/09\/Heloisa-Helena-1.jpg\"><img loading=\"lazy\" decoding=\"async\" class=\"wp-image-16398 size-content\" title=\"Heloisa Helena quer dedicar seus anos de aposentada a cuidar da Lagoa polu\u00edda, e montar seu novo Centro na parte da Vila Aut\u00f3dromo que permanecer\u00e1\" src=\"http:\/\/rioonwatch.org.br\/wp-content\/uploads\/2015\/09\/Heloisa-Helena-1-620x264.jpg\" alt=\"Heloisa Helena quer dedicar seus anos de aposentada a cuidar da Lagoa polu\u00edda, e montar seu novo Centro na parte da Vila Aut\u00f3dromo que permanecer\u00e1\" width=\"620\" height=\"264\" srcset=\"https:\/\/rioonwatch.org.br\/wp-content\/uploads\/2015\/09\/Heloisa-Helena-1-620x264.jpg 620w, https:\/\/rioonwatch.org.br\/wp-content\/uploads\/2015\/09\/Heloisa-Helena-1-1030x438.jpg 1030w, https:\/\/rioonwatch.org.br\/wp-content\/uploads\/2015\/09\/Heloisa-Helena-1-940x400.jpg 940w\" sizes=\"(max-width: 620px) 100vw, 620px\" \/><\/a><figcaption id=\"caption-attachment-16398\" class=\"wp-caption-text\">Heloisa Helena quer dedicar seus anos de aposentada a cuidar da Lagoa polu\u00edda, e montar seu novo Centro na parte da Vila Aut\u00f3dromo que permanecer\u00e1<\/figcaption><\/figure>\n<p>As vezes penso que ele poderia ter algo contra minha religi\u00e3o, digo isso por causa dos coment\u00e1rios e piadas sem sentido, e tamb\u00e9m pelo fato da proposta dada pela prefeitura a minha casa ser muito inferior aos dos meus vizinhos pr\u00f3ximos, incluindo os que tem uma \u00e1rea constru\u00edda menor que a minha. Soube que ele havia me chamado de macumbeira, mas isso \u00e9 algo que n\u00e3o posso provar.<\/p>\n<p>Eu n\u00e3o sei o que fa\u00e7o. Quero minha casa de volta, quero minha lagoa de volta, quero a tranquilidade que sentia quando ficava no meu quintal olhando a lagoa com meus c\u00e3es e gatos em volta de mim.<\/p>\n<p>Por que n\u00e3o me permitem ser reassentada? Uma pr\u00e1tica comum em outras comunidades. Eu tenho esse direito assegurado por lei pela a\u00e7\u00e3o civil de 1993, mas o negociador diz que isso n\u00e3o ser\u00e1 poss\u00edvel, que ningu\u00e9m da comunidade ficar\u00e1 l\u00e1.<\/p>\n<p>Tenho tamb\u00e9m um desejo enorme\u00a0de trabalhar com mais afinco, conhecimento e propriedade em defesa da lagoa. Minha afinidade com a causa \u00e9 imensa, ela na realidade faz parte da minha vida. Estou estudando muito sobre o assunto. Eu, meus filhos e v\u00e1rios membros da comunidade j\u00e1 hav\u00edamos conversado sobre eu abrir uma ONG de prote\u00e7\u00e3o, preserva\u00e7\u00e3o e limpeza da Lagoa de Jacarepagu\u00e1.<\/p>\n<p>Sou uma religiosa. Minha felicidade est\u00e1 em servir e orientar as pessoas com seus diversos problemas.<\/p>\n<p>Como poderei viver sem poder zelar pela casa de Nan\u00e3 no local que ela escolheu?<\/p>\n<h3>Imagens da Vila Aut\u00f3dromo, 12 de setembro de 2015:<\/h3>\n<p><iframe src=\"http:\/\/www.flickr.com\/slideShow\/index.gne?group_id=&amp;user_id=25093702@N00&amp;set_id=72157658313661448&amp;amp\" width=\"620\" height=\"450\" frameborder=\"0\" scrolling=\"no\" align=\"center\"><\/iframe><\/p>\n<!-- AddThis Advanced Settings generic via filter on the_content --><!-- AddThis Share Buttons generic via filter on the_content -->","protected":false},"excerpt":{"rendered":"<div class=\"mh-excerpt\"><p>Click Here for English Moradora removida da Vila Aut\u00f3dromo, Heloisa Helena Costa Berto, compartilhou com o RioOnWatch a carta que escreveu documentando\u00a0sua experi\u00eancia de negocia\u00e7\u00e3o\u00a0com a Prefeitura do\u00a0Rio. Publicamos aqui a carta na \u00edntegra. Esta <a class=\"mh-excerpt-more\" href=\"https:\/\/rioonwatch.org.br\/?p=16312\" title=\"Candomblecista da Vila Aut\u00f3dromo Descreve o Terror do Processo de Remo\u00e7\u00e3o\">[&#8230;]<\/a><!-- AddThis Advanced Settings generic via filter on get_the_excerpt --><!-- AddThis Share Buttons generic via filter on get_the_excerpt --><\/p>\n<\/div>","protected":false},"author":132,"featured_media":16398,"comment_status":"closed","ping_status":"closed","sticky":false,"template":"","format":"standard","meta":{"_acf_changed":false,"_monsterinsights_skip_tracking":false,"_monsterinsights_sitenote_active":false,"_monsterinsights_sitenote_note":"","_monsterinsights_sitenote_category":0,"footnotes":""},"categories":[1614,1635,1621,346,1631,1629,1625],"tags":[274,1541,1057,513,90,109,525,657,125,14,1482,1367,900,55],"writer":[1673],"translator":[],"source":[],"ilustrador":[],"fotografo":[],"class_list":{"0":"post-16312","1":"post","2":"type-post","3":"status-publish","4":"format-standard","5":"has-post-thumbnail","7":"category-olhonasremocoes","8":"category-1635","9":"category-destaque","10":"category-denuncias","11":"category-entendendo-o-rio","12":"category-entrevistas-e-perfis","13":"category-por-correspondentes-comunitarios","14":"tag-barra-da-tijuca","15":"tag-candomble","16":"tag-consequencias-das-remocoes-saude","17":"tag-cultura-afro-brasileira","18":"tag-defensoria-publica","19":"tag-intolerancia-religiosa","20":"tag-negociacoes","21":"tag-relato-de-morador","22":"tag-religiao","23":"tag-remocao","24":"tag-taticas-de-remocao-desinformacao","25":"tag-taticas-de-remocao-dividir-para-conquistar","26":"tag-titulacao-de-terras","27":"tag-vila-autodromo","28":"writer-heloisa-helena-costa-berto"},"acf":[],"yoast_head":"<!-- This site is optimized with the Yoast SEO plugin v25.6 - https:\/\/yoast.com\/wordpress\/plugins\/seo\/ -->\n<title>Candomblecista da Vila Aut\u00f3dromo Descreve o Terror do Processo de Remo\u00e7\u00e3o - RioOnWatch<\/title>\n<meta name=\"robots\" content=\"index, follow, max-snippet:-1, max-image-preview:large, max-video-preview:-1\" \/>\n<link rel=\"canonical\" href=\"https:\/\/rioonwatch.org.br\/?p=16312\" \/>\n<meta property=\"og:locale\" content=\"pt_BR\" \/>\n<meta property=\"og:type\" content=\"article\" \/>\n<meta property=\"og:title\" content=\"Candomblecista da Vila Aut\u00f3dromo Descreve o Terror do Processo de Remo\u00e7\u00e3o - RioOnWatch\" \/>\n<meta property=\"og:description\" content=\"Click Here for English Moradora removida da Vila Aut\u00f3dromo, Heloisa Helena Costa Berto, compartilhou com o RioOnWatch a carta que escreveu documentando\u00a0sua experi\u00eancia de negocia\u00e7\u00e3o\u00a0com a Prefeitura do\u00a0Rio. Publicamos aqui a carta na \u00edntegra. Esta [...]\" \/>\n<meta property=\"og:url\" content=\"https:\/\/rioonwatch.org.br\/?p=16312\" \/>\n<meta property=\"og:site_name\" content=\"RioOnWatch\" \/>\n<meta property=\"article:published_time\" content=\"2015-09-17T12:37:03+00:00\" \/>\n<meta property=\"article:modified_time\" content=\"2016-02-23T16:00:36+00:00\" \/>\n<meta property=\"og:image\" content=\"https:\/\/rioonwatch.org.br\/wp-content\/uploads\/2015\/09\/Heloisa-Helena-1.jpg\" \/>\n\t<meta property=\"og:image:width\" content=\"1200\" \/>\n\t<meta property=\"og:image:height\" content=\"900\" \/>\n\t<meta property=\"og:image:type\" content=\"image\/jpeg\" \/>\n<meta name=\"author\" content=\"Felicity\" \/>\n<meta name=\"twitter:card\" content=\"summary_large_image\" \/>\n<meta name=\"twitter:label1\" content=\"Escrito por\" \/>\n\t<meta name=\"twitter:data1\" content=\"Felicity\" \/>\n\t<meta name=\"twitter:label2\" content=\"Est. tempo de leitura\" \/>\n\t<meta name=\"twitter:data2\" content=\"14 minutos\" \/>\n<script type=\"application\/ld+json\" class=\"yoast-schema-graph\">{\"@context\":\"https:\/\/schema.org\",\"@graph\":[{\"@type\":\"Article\",\"@id\":\"https:\/\/rioonwatch.org.br\/?p=16312#article\",\"isPartOf\":{\"@id\":\"https:\/\/rioonwatch.org.br\/?p=16312\"},\"author\":{\"name\":\"Felicity\",\"@id\":\"https:\/\/rioonwatch.org.br\/#\/schema\/person\/4d05cf5053c358ab740b3edd75a173f2\"},\"headline\":\"Candomblecista da Vila Aut\u00f3dromo Descreve o Terror do Processo de Remo\u00e7\u00e3o\",\"datePublished\":\"2015-09-17T12:37:03+00:00\",\"dateModified\":\"2016-02-23T16:00:36+00:00\",\"mainEntityOfPage\":{\"@id\":\"https:\/\/rioonwatch.org.br\/?p=16312\"},\"wordCount\":2884,\"publisher\":{\"@id\":\"https:\/\/rioonwatch.org.br\/#organization\"},\"image\":{\"@id\":\"https:\/\/rioonwatch.org.br\/?p=16312#primaryimage\"},\"thumbnailUrl\":\"https:\/\/rioonwatch.org.br\/wp-content\/uploads\/2015\/09\/Heloisa-Helena-1.jpg\",\"keywords\":[\"Barra da Tijuca\",\"Candombl\u00e9\",\"Consequ\u00eancias das remo\u00e7\u00f5es: sa\u00fade\",\"Cultura Afro-brasileira\",\"Defensoria P\u00fablica\",\"intoler\u00e2ncia religiosa\",\"negocia\u00e7\u00f5es\",\"relato de morador\",\"religi\u00e3o\",\"Remo\u00e7\u00e3o\",\"T\u00e1ticas de remo\u00e7\u00e3o: desinforma\u00e7\u00e3o\",\"T\u00e1ticas de remo\u00e7\u00e3o: dividir para conquistar\",\"titula\u00e7\u00e3o de terras\",\"Vila Aut\u00f3dromo\"],\"articleSection\":[\"#OlhoNasRemo\u00e7\u00f5es\",\"#Rio2016\",\"*Destaque\",\"Den\u00fancias\",\"Entendendo o Rio\",\"Entrevistas e Perfis\",\"Escrito por Comunicadores Populares\"],\"inLanguage\":\"pt-BR\"},{\"@type\":\"WebPage\",\"@id\":\"https:\/\/rioonwatch.org.br\/?p=16312\",\"url\":\"https:\/\/rioonwatch.org.br\/?p=16312\",\"name\":\"Candomblecista da Vila Aut\u00f3dromo Descreve o Terror do Processo de Remo\u00e7\u00e3o - RioOnWatch\",\"isPartOf\":{\"@id\":\"https:\/\/rioonwatch.org.br\/#website\"},\"primaryImageOfPage\":{\"@id\":\"https:\/\/rioonwatch.org.br\/?p=16312#primaryimage\"},\"image\":{\"@id\":\"https:\/\/rioonwatch.org.br\/?p=16312#primaryimage\"},\"thumbnailUrl\":\"https:\/\/rioonwatch.org.br\/wp-content\/uploads\/2015\/09\/Heloisa-Helena-1.jpg\",\"datePublished\":\"2015-09-17T12:37:03+00:00\",\"dateModified\":\"2016-02-23T16:00:36+00:00\",\"breadcrumb\":{\"@id\":\"https:\/\/rioonwatch.org.br\/?p=16312#breadcrumb\"},\"inLanguage\":\"pt-BR\",\"potentialAction\":[{\"@type\":\"ReadAction\",\"target\":[\"https:\/\/rioonwatch.org.br\/?p=16312\"]}]},{\"@type\":\"ImageObject\",\"inLanguage\":\"pt-BR\",\"@id\":\"https:\/\/rioonwatch.org.br\/?p=16312#primaryimage\",\"url\":\"https:\/\/rioonwatch.org.br\/wp-content\/uploads\/2015\/09\/Heloisa-Helena-1.jpg\",\"contentUrl\":\"https:\/\/rioonwatch.org.br\/wp-content\/uploads\/2015\/09\/Heloisa-Helena-1.jpg\",\"width\":1200,\"height\":900},{\"@type\":\"BreadcrumbList\",\"@id\":\"https:\/\/rioonwatch.org.br\/?p=16312#breadcrumb\",\"itemListElement\":[{\"@type\":\"ListItem\",\"position\":1,\"name\":\"In\u00edcio\",\"item\":\"https:\/\/rioonwatch.org.br\/\"},{\"@type\":\"ListItem\",\"position\":2,\"name\":\"Candomblecista da Vila Aut\u00f3dromo Descreve o Terror do Processo de Remo\u00e7\u00e3o\"}]},{\"@type\":\"WebSite\",\"@id\":\"https:\/\/rioonwatch.org.br\/#website\",\"url\":\"https:\/\/rioonwatch.org.br\/\",\"name\":\"RioOnWatch\",\"description\":\"relatos das favelas cariocas\",\"publisher\":{\"@id\":\"https:\/\/rioonwatch.org.br\/#organization\"},\"potentialAction\":[{\"@type\":\"SearchAction\",\"target\":{\"@type\":\"EntryPoint\",\"urlTemplate\":\"https:\/\/rioonwatch.org.br\/?s={search_term_string}\"},\"query-input\":{\"@type\":\"PropertyValueSpecification\",\"valueRequired\":true,\"valueName\":\"search_term_string\"}}],\"inLanguage\":\"pt-BR\"},{\"@type\":\"Organization\",\"@id\":\"https:\/\/rioonwatch.org.br\/#organization\",\"name\":\"RioOnWatch\",\"url\":\"https:\/\/rioonwatch.org.br\/\",\"logo\":{\"@type\":\"ImageObject\",\"inLanguage\":\"pt-BR\",\"@id\":\"https:\/\/rioonwatch.org.br\/#\/schema\/logo\/image\/\",\"url\":\"https:\/\/rioonwatch.org.br\/wp-content\/uploads\/2021\/06\/RioOnWatchcabecalhoPT11anos-2.png\",\"contentUrl\":\"https:\/\/rioonwatch.org.br\/wp-content\/uploads\/2021\/06\/RioOnWatchcabecalhoPT11anos-2.png\",\"width\":779,\"height\":277,\"caption\":\"RioOnWatch\"},\"image\":{\"@id\":\"https:\/\/rioonwatch.org.br\/#\/schema\/logo\/image\/\"}},{\"@type\":\"Person\",\"@id\":\"https:\/\/rioonwatch.org.br\/#\/schema\/person\/4d05cf5053c358ab740b3edd75a173f2\",\"name\":\"Felicity\",\"image\":{\"@type\":\"ImageObject\",\"inLanguage\":\"pt-BR\",\"@id\":\"https:\/\/rioonwatch.org.br\/#\/schema\/person\/image\/\",\"url\":\"https:\/\/secure.gravatar.com\/avatar\/bfc904486dc0bba6015410a00fe3fc27?s=96&d=blank&r=g\",\"contentUrl\":\"https:\/\/secure.gravatar.com\/avatar\/bfc904486dc0bba6015410a00fe3fc27?s=96&d=blank&r=g\",\"caption\":\"Felicity\"},\"url\":\"https:\/\/rioonwatch.org.br\/?author=132\"}]}<\/script>\n<!-- \/ Yoast SEO plugin. -->","yoast_head_json":{"title":"Candomblecista da Vila Aut\u00f3dromo Descreve o Terror do Processo de Remo\u00e7\u00e3o - RioOnWatch","robots":{"index":"index","follow":"follow","max-snippet":"max-snippet:-1","max-image-preview":"max-image-preview:large","max-video-preview":"max-video-preview:-1"},"canonical":"https:\/\/rioonwatch.org.br\/?p=16312","og_locale":"pt_BR","og_type":"article","og_title":"Candomblecista da Vila Aut\u00f3dromo Descreve o Terror do Processo de Remo\u00e7\u00e3o - RioOnWatch","og_description":"Click Here for English Moradora removida da Vila Aut\u00f3dromo, Heloisa Helena Costa Berto, compartilhou com o RioOnWatch a carta que escreveu documentando\u00a0sua experi\u00eancia de negocia\u00e7\u00e3o\u00a0com a Prefeitura do\u00a0Rio. Publicamos aqui a carta na \u00edntegra. Esta [...]","og_url":"https:\/\/rioonwatch.org.br\/?p=16312","og_site_name":"RioOnWatch","article_published_time":"2015-09-17T12:37:03+00:00","article_modified_time":"2016-02-23T16:00:36+00:00","og_image":[{"width":1200,"height":900,"url":"https:\/\/rioonwatch.org.br\/wp-content\/uploads\/2015\/09\/Heloisa-Helena-1.jpg","type":"image\/jpeg"}],"author":"Felicity","twitter_card":"summary_large_image","twitter_misc":{"Escrito por":"Felicity","Est. tempo de leitura":"14 minutos"},"schema":{"@context":"https:\/\/schema.org","@graph":[{"@type":"Article","@id":"https:\/\/rioonwatch.org.br\/?p=16312#article","isPartOf":{"@id":"https:\/\/rioonwatch.org.br\/?p=16312"},"author":{"name":"Felicity","@id":"https:\/\/rioonwatch.org.br\/#\/schema\/person\/4d05cf5053c358ab740b3edd75a173f2"},"headline":"Candomblecista da Vila Aut\u00f3dromo Descreve o Terror do Processo de Remo\u00e7\u00e3o","datePublished":"2015-09-17T12:37:03+00:00","dateModified":"2016-02-23T16:00:36+00:00","mainEntityOfPage":{"@id":"https:\/\/rioonwatch.org.br\/?p=16312"},"wordCount":2884,"publisher":{"@id":"https:\/\/rioonwatch.org.br\/#organization"},"image":{"@id":"https:\/\/rioonwatch.org.br\/?p=16312#primaryimage"},"thumbnailUrl":"https:\/\/rioonwatch.org.br\/wp-content\/uploads\/2015\/09\/Heloisa-Helena-1.jpg","keywords":["Barra da Tijuca","Candombl\u00e9","Consequ\u00eancias das remo\u00e7\u00f5es: sa\u00fade","Cultura Afro-brasileira","Defensoria P\u00fablica","intoler\u00e2ncia religiosa","negocia\u00e7\u00f5es","relato de morador","religi\u00e3o","Remo\u00e7\u00e3o","T\u00e1ticas de remo\u00e7\u00e3o: desinforma\u00e7\u00e3o","T\u00e1ticas de remo\u00e7\u00e3o: dividir para conquistar","titula\u00e7\u00e3o de terras","Vila Aut\u00f3dromo"],"articleSection":["#OlhoNasRemo\u00e7\u00f5es","#Rio2016","*Destaque","Den\u00fancias","Entendendo o Rio","Entrevistas e Perfis","Escrito por Comunicadores Populares"],"inLanguage":"pt-BR"},{"@type":"WebPage","@id":"https:\/\/rioonwatch.org.br\/?p=16312","url":"https:\/\/rioonwatch.org.br\/?p=16312","name":"Candomblecista da Vila Aut\u00f3dromo Descreve o Terror do Processo de Remo\u00e7\u00e3o - RioOnWatch","isPartOf":{"@id":"https:\/\/rioonwatch.org.br\/#website"},"primaryImageOfPage":{"@id":"https:\/\/rioonwatch.org.br\/?p=16312#primaryimage"},"image":{"@id":"https:\/\/rioonwatch.org.br\/?p=16312#primaryimage"},"thumbnailUrl":"https:\/\/rioonwatch.org.br\/wp-content\/uploads\/2015\/09\/Heloisa-Helena-1.jpg","datePublished":"2015-09-17T12:37:03+00:00","dateModified":"2016-02-23T16:00:36+00:00","breadcrumb":{"@id":"https:\/\/rioonwatch.org.br\/?p=16312#breadcrumb"},"inLanguage":"pt-BR","potentialAction":[{"@type":"ReadAction","target":["https:\/\/rioonwatch.org.br\/?p=16312"]}]},{"@type":"ImageObject","inLanguage":"pt-BR","@id":"https:\/\/rioonwatch.org.br\/?p=16312#primaryimage","url":"https:\/\/rioonwatch.org.br\/wp-content\/uploads\/2015\/09\/Heloisa-Helena-1.jpg","contentUrl":"https:\/\/rioonwatch.org.br\/wp-content\/uploads\/2015\/09\/Heloisa-Helena-1.jpg","width":1200,"height":900},{"@type":"BreadcrumbList","@id":"https:\/\/rioonwatch.org.br\/?p=16312#breadcrumb","itemListElement":[{"@type":"ListItem","position":1,"name":"In\u00edcio","item":"https:\/\/rioonwatch.org.br\/"},{"@type":"ListItem","position":2,"name":"Candomblecista da Vila Aut\u00f3dromo Descreve o Terror do Processo de Remo\u00e7\u00e3o"}]},{"@type":"WebSite","@id":"https:\/\/rioonwatch.org.br\/#website","url":"https:\/\/rioonwatch.org.br\/","name":"RioOnWatch","description":"relatos das favelas cariocas","publisher":{"@id":"https:\/\/rioonwatch.org.br\/#organization"},"potentialAction":[{"@type":"SearchAction","target":{"@type":"EntryPoint","urlTemplate":"https:\/\/rioonwatch.org.br\/?s={search_term_string}"},"query-input":{"@type":"PropertyValueSpecification","valueRequired":true,"valueName":"search_term_string"}}],"inLanguage":"pt-BR"},{"@type":"Organization","@id":"https:\/\/rioonwatch.org.br\/#organization","name":"RioOnWatch","url":"https:\/\/rioonwatch.org.br\/","logo":{"@type":"ImageObject","inLanguage":"pt-BR","@id":"https:\/\/rioonwatch.org.br\/#\/schema\/logo\/image\/","url":"https:\/\/rioonwatch.org.br\/wp-content\/uploads\/2021\/06\/RioOnWatchcabecalhoPT11anos-2.png","contentUrl":"https:\/\/rioonwatch.org.br\/wp-content\/uploads\/2021\/06\/RioOnWatchcabecalhoPT11anos-2.png","width":779,"height":277,"caption":"RioOnWatch"},"image":{"@id":"https:\/\/rioonwatch.org.br\/#\/schema\/logo\/image\/"}},{"@type":"Person","@id":"https:\/\/rioonwatch.org.br\/#\/schema\/person\/4d05cf5053c358ab740b3edd75a173f2","name":"Felicity","image":{"@type":"ImageObject","inLanguage":"pt-BR","@id":"https:\/\/rioonwatch.org.br\/#\/schema\/person\/image\/","url":"https:\/\/secure.gravatar.com\/avatar\/bfc904486dc0bba6015410a00fe3fc27?s=96&d=blank&r=g","contentUrl":"https:\/\/secure.gravatar.com\/avatar\/bfc904486dc0bba6015410a00fe3fc27?s=96&d=blank&r=g","caption":"Felicity"},"url":"https:\/\/rioonwatch.org.br\/?author=132"}]}},"_links":{"self":[{"href":"https:\/\/rioonwatch.org.br\/index.php?rest_route=\/wp\/v2\/posts\/16312"}],"collection":[{"href":"https:\/\/rioonwatch.org.br\/index.php?rest_route=\/wp\/v2\/posts"}],"about":[{"href":"https:\/\/rioonwatch.org.br\/index.php?rest_route=\/wp\/v2\/types\/post"}],"author":[{"embeddable":true,"href":"https:\/\/rioonwatch.org.br\/index.php?rest_route=\/wp\/v2\/users\/132"}],"replies":[{"embeddable":true,"href":"https:\/\/rioonwatch.org.br\/index.php?rest_route=%2Fwp%2Fv2%2Fcomments&post=16312"}],"version-history":[{"count":17,"href":"https:\/\/rioonwatch.org.br\/index.php?rest_route=\/wp\/v2\/posts\/16312\/revisions"}],"predecessor-version":[{"id":18435,"href":"https:\/\/rioonwatch.org.br\/index.php?rest_route=\/wp\/v2\/posts\/16312\/revisions\/18435"}],"wp:featuredmedia":[{"embeddable":true,"href":"https:\/\/rioonwatch.org.br\/index.php?rest_route=\/wp\/v2\/media\/16398"}],"wp:attachment":[{"href":"https:\/\/rioonwatch.org.br\/index.php?rest_route=%2Fwp%2Fv2%2Fmedia&parent=16312"}],"wp:term":[{"taxonomy":"category","embeddable":true,"href":"https:\/\/rioonwatch.org.br\/index.php?rest_route=%2Fwp%2Fv2%2Fcategories&post=16312"},{"taxonomy":"post_tag","embeddable":true,"href":"https:\/\/rioonwatch.org.br\/index.php?rest_route=%2Fwp%2Fv2%2Ftags&post=16312"},{"taxonomy":"writer","embeddable":true,"href":"https:\/\/rioonwatch.org.br\/index.php?rest_route=%2Fwp%2Fv2%2Fwriter&post=16312"},{"taxonomy":"translator","embeddable":true,"href":"https:\/\/rioonwatch.org.br\/index.php?rest_route=%2Fwp%2Fv2%2Ftranslator&post=16312"},{"taxonomy":"source","embeddable":true,"href":"https:\/\/rioonwatch.org.br\/index.php?rest_route=%2Fwp%2Fv2%2Fsource&post=16312"},{"taxonomy":"ilustrador","embeddable":true,"href":"https:\/\/rioonwatch.org.br\/index.php?rest_route=%2Fwp%2Fv2%2Filustrador&post=16312"},{"taxonomy":"fotografo","embeddable":true,"href":"https:\/\/rioonwatch.org.br\/index.php?rest_route=%2Fwp%2Fv2%2Ffotografo&post=16312"}],"curies":[{"name":"wp","href":"https:\/\/api.w.org\/{rel}","templated":true}]}}