{"id":16535,"date":"2015-10-08T11:19:12","date_gmt":"2015-10-08T14:19:12","guid":{"rendered":"http:\/\/rioonwatch.org.br\/?p=16535"},"modified":"2015-10-12T02:56:45","modified_gmt":"2015-10-12T05:56:45","slug":"execucao-na-providencia-destaca-crescimento-do-papel-da-midia-social-no-combate-a-violencia-policial","status":"publish","type":"post","link":"https:\/\/rioonwatch.org.br\/?p=16535","title":{"rendered":"Execu\u00e7\u00e3o na Provid\u00eancia Destaca Crescimento da M\u00eddia Social no Combate \u00e0 Viol\u00eancia Policial"},"content":{"rendered":"<p style=\"text-align: right;\"><a href=\"http:\/\/bit.ly\/1JQ4Gf7\" target=\"_blank\"><em><strong>Click Here for English<img decoding=\"async\" width=\"20\" height=\"20\" class=\"alignright wp-image-15790\" src=\"http:\/\/rioonwatch.org.br\/wp-content\/uploads\/2012\/08\/EN-standard-e1439583104716.jpg\" alt=\"\" \/><\/strong><\/em><\/a><\/p>\n<p>Na ter\u00e7a-feira, 29 de setembro, Eduardo Felipe Santos Victor, 17 anos, foi morto a tiros na favela da <a href=\"http:\/\/bit.ly\/UBMUVJ\" target=\"_blank\">Provid\u00eancia<\/a>, na <a href=\"http:\/\/bit.ly\/1cVBDvL\" target=\"_blank\">regi\u00e3o portu\u00e1ria<\/a>\u00a0do Rio. O relat\u00f3rio oficial divulgado pela <a href=\"http:\/\/bit.ly\/1jjhixT\" target=\"_blank\">Pol\u00edcia Militar<\/a> ap\u00f3s a morte de Santos <a href=\"http:\/\/bit.ly\/1OleN1L\" target=\"_blank\">afirmou<\/a> que o adolescente morreu &#8220;ap\u00f3s trocar tiros com os agentes em um confronto&#8221;, o que configura a morte como um auto de resist\u00eancia dos policiais. No entanto, um <a href=\"http:\/\/glo.bo\/1jaFb3b\" target=\"_blank\">v\u00eddeo gravado por uma moradora local<\/a> e postado em m\u00eddia social, mostra os policiais implantando uma arma junto ao corpo de Santos.<\/p>\n<p>No v\u00eddeo, cinco policiais s\u00e3o mostrados em p\u00e9 ao lado do corpo. Um dos policiais dispara uma arma no ar, enquanto outro leva uma arma, limpa, e a coloca na m\u00e3o de Santos e atira duas vezes a fim de deixar rastros de p\u00f3lvora. A mulher que gravou o v\u00eddeo <a href=\"http:\/\/glo.bo\/1LeiSzl\" target=\"_blank\">teria sido amea\u00e7ada pela pol\u00edcia<\/a>, e foi <a href=\"http:\/\/bit.ly\/1jM0zM0\" target=\"_blank\">oferecida prote\u00e7\u00e3o<\/a> pela Divis\u00e3o de Homic\u00eddios da Pol\u00edcia Civil.<\/p>\n<p>O v\u00eddeo foi postado no mesmo dia, logo ap\u00f3s o tiroteio e rapidamente se tornou viral. No in\u00edcio da noite, os cinco policiais envolvidos foram presos e foi anunciado que eles ser\u00e3o acusados \u200b\u200bde &#8220;fraude processual&#8221; por alterar a cena do crime. Um advogado defendendo\u00a0tr\u00eas dos cinco policiais\u00a0<a href=\"http:\/\/glo.bo\/1OhVsyy\" target=\"_blank\">alegou que os tiros foram disparados para descarregar a arma<\/a> e transportar o corpo de Eduardo Santos com seguran\u00e7a, mas para Andr\u00e9 Leiras, da Divis\u00e3o de Homic\u00eddios, esta vers\u00e3o \u00e9 incompat\u00edvel com a cena do crime e os depoimentos de outros dois oficiais. Mais tarde, naquele dia, ter\u00e7a-feira 30 de setembro, foi relatado que o policial militar <a href=\"http:\/\/bit.ly\/1Gu2Q3h\" target=\"_blank\">Paulo Roberto da Silva tinha confessado ter atirado em Santos<\/a>. E <a href=\"http:\/\/glo.bo\/1VD63V6\" target=\"_blank\">pela manh\u00e3<\/a>, o chefe da Pol\u00edcia Civil, Fernando Veloso, tinha anunciado que \u00e0 partir de agora todas as mortes por &#8220;auto de resist\u00eancia&#8221; causadas por policiais poder\u00e3o ser\u00a0investigadas pela Divis\u00e3o de Homic\u00eddios que anteriormente s\u00f3 cuidava de casos de grande visibilidade.<\/p>\n<p><a href=\"http:\/\/rioonwatch.org.br\/wp-content\/uploads\/2015\/10\/Eduardo-Felipe-San_3458596b.jpg\"><img fetchpriority=\"high\" decoding=\"async\" class=\"aligncenter wp-image-16538 size-full\" title=\"Eduardo Felipe Santos\" src=\"http:\/\/rioonwatch.org.br\/wp-content\/uploads\/2015\/10\/Eduardo-Felipe-San_3458596b.jpg\" alt=\"Eduardo Felipe Santos\" width=\"620\" height=\"387\" srcset=\"https:\/\/rioonwatch.org.br\/wp-content\/uploads\/2015\/10\/Eduardo-Felipe-San_3458596b.jpg 620w, https:\/\/rioonwatch.org.br\/wp-content\/uploads\/2015\/10\/Eduardo-Felipe-San_3458596b-423x264.jpg 423w\" sizes=\"(max-width: 620px) 100vw, 620px\" \/><\/a><br \/>\nUma <a href=\"http:\/\/glo.bo\/1WK2EpX\" target=\"_blank\">testemunha an\u00f4nima afirmou<\/a> que Eduardo Santos se entregou antes de ser morto. Disse que Santos tinha uma arma, mas n\u00e3o disparou e tinha as m\u00e3os levantadas quando os policiais atiraram nele. Ele disse: &#8220;Sim, ele deveria ter sido preso, mas n\u00e3o morto&#8221;.<\/p>\n<p>O <a href=\"http:\/\/glo.bo\/1O5rzRP\" target=\"_blank\">relat\u00f3rio da aut\u00f3psia<\/a> divulgado em 01 de outubro revelou que Eduardo Santos foi baleado enquanto estava deitado no ch\u00e3o. De acordo com o resultado, as feridas mostram que o jovem caiu depois de ter recebido chutes, socos ou coronhadas, e s\u00f3 depois o tiro.<\/p>\n<h3>Rea\u00e7\u00e3o das m\u00eddias nacionais e internacionais<\/h3>\n<p>Com a not\u00edcia de Eduardo Santos, \u00e9 poss\u00edvel perceber\u00a0um aumento na velocidade da cobertura de assuntos e not\u00edcias noticiadas por moradores de\u00a0favelas. Enquanto o\u00a0<a href=\"http:\/\/glo.bo\/1PTLZwh\" target=\"_blank\">assassinato do menino de 11 anos de idade<\/a> no Caju, pela Pol\u00edcia Militar, uma semana antes, foi minimamente noticiado na imprensa nacional, e o caso da\u00a0remo\u00e7\u00e3o devastadora da <a href=\"http:\/\/bit.ly\/13uRoVx\" target=\"_blank\">Favela do Metr\u00f4<\/a>\u00a0s\u00f3 ter sido\u00a0reportada pela grande <a href=\"http:\/\/bit.ly\/1VD9E5I\" target=\"_blank\">m\u00eddia internacional<\/a> cinco meses depois de seu in\u00edcio <a href=\"http:\/\/bit.ly\/1Li7PJQ\" target=\"_blank\">em 2010<\/a>,\u00a0a execu\u00e7\u00e3o de Eduardo Santos recebeu aten\u00e7\u00e3o generalizada, tanto da m\u00eddia nacional quanto internacional imediatamente. A evid\u00eancia filmada por uma testemunha da comunidade rapidamente enviada para as m\u00eddias sociais provocou\u00a0<a href=\"http:\/\/glo.bo\/1MFSDWj\" target=\"_blank\">reportagens locais em massa<\/a>\u00a0que inclu\u00edram\u00a0as perspectivas de moradores\u00a0e\u00a0<a href=\"http:\/\/bit.ly\/1Q4YULT\" target=\"_blank\">desafiaram as rea\u00e7\u00f5es das autoridades<\/a>, como tamb\u00e9m gerou cobertura pela\u00a0<em><a href=\"http:\/\/bbc.in\/1j81Axg\" target=\"_blank\">BBC<\/a><\/em> e <em><a href=\"http:\/\/bit.ly\/1P64csg\" target=\"_blank\">The Telegraph<\/a><\/em>, mostrando uma mudan\u00e7a revolucion\u00e1ria na capacidade da comunidade reportar situa\u00e7\u00f5es, quebrar barreiras e atingir a massa em determinados momentos.<\/p>\n<p>O papel vital das m\u00eddias sociais neste caso foi reconhecido na reportagem do <em><a href=\"http:\/\/bit.ly\/1FIf9OT\" target=\"_blank\">The Guardian<\/a><\/em>, que destacou que, embora os assassinatos por execu\u00e7\u00e3o sejam comuns, \u00e9 somente &#8220;quando incidentes s\u00e3o filmados que a justi\u00e7a \u00e9 feita&#8221;. Na verdade, a r\u00e1pida dissemina\u00e7\u00e3o do v\u00eddeo em redes sociais colocou uma intensa press\u00e3o sobre as autoridades do Rio de Janeiro para reagir \u00e0 crescente indigna\u00e7\u00e3o expressa online. Moradores da Provid\u00eancia foram \u00e0s ruas para expressar sua revolta, e o funeral de Eduardo Santos na quarta-feira, 30 de setembro,\u00a0se tornou\u00a0um protesto em frente a\u00a0Central do Brasil.<\/p>\n<h3>O papel das m\u00eddias sociais<\/h3>\n<p>O v\u00eddeo provando a corrup\u00e7\u00e3o e a <a href=\"http:\/\/bit.ly\/1i0t9Hc\" target=\"_blank\">brutalidade<\/a> na morte de Eduardo Santos jogou um foco de luz sobre o papel das m\u00eddias sociais nos relatos de\u00a0<a href=\"http:\/\/bit.ly\/1i0t9Hc\" target=\"_blank\">viol\u00eancia policial<\/a>, e a import\u00e2ncia da grava\u00e7\u00e3o de v\u00eddeos a fim de mostrar evid\u00eancias de graves viola\u00e7\u00f5es de\u00a0<a href=\"http:\/\/bit.ly\/1iqdzi3\" target=\"_blank\">direitos humanos<\/a>.<\/p>\n<p>Raull Santiago, um <a href=\"http:\/\/fus.in\/1IiAFEq\" target=\"_blank\">influente<\/a>\u00a0mobilizador\u00a0do <a href=\"http:\/\/bit.ly\/1CLd514\" target=\"_blank\">Coletivo Papo Reto<\/a>\u00a0no <a href=\"http:\/\/bit.ly\/U0MiGm\" target=\"_blank\">Alem\u00e3o<\/a>, \u00a0postou uma\u00a0<a href=\"http:\/\/on.fb.me\/1McpeA0\" target=\"_blank\">cartilha de nove passos<\/a> explicando como filmar de forma eficaz\u00a0a viol\u00eancia policial nas favelas. O guia aconselha aos moradores a gravarem v\u00eddeos em um \u00fanico take, filmando horizontalmente para incluir mais informa\u00e7\u00f5es, dando detalhes relevantes (faces, n\u00fameros de identifica\u00e7\u00e3o, armas, matr\u00edculas, etc.) e incluindo provas do hor\u00e1rio e localiza\u00e7\u00e3o do incidente.<\/p>\n<p>A participa\u00e7\u00e3o dos moradores em filmar tais eventos est\u00e1 aumentando. Durante uma incurs\u00e3o policial no Alem\u00e3o em 30 de setembro, <a href=\"http:\/\/on.fb.me\/1GuHDWW\" target=\"_blank\">a p\u00e1gina de Raull<\/a> no Facebook incluiu coment\u00e1rios de membros da comunidade como: &#8220;Moradores, recarreguem seus celulares e fiquem com as c\u00e2meras na atividade. A melhor forma q temos pra combater os abusos, \u00e9 mostrando pra geral em fotos e v\u00eddeos !!!!!!&#8221; e &#8220;Todos de c\u00e2meras na m\u00e3o! Deus os proteja!!&#8221;.<\/p>\n<p>O guia enfatiza que a grava\u00e7\u00e3o de policiais em espa\u00e7os p\u00fablicos \u00e9 um direito concedido pela constitui\u00e7\u00e3o brasileira, mas \u00e9 importante priorizar a seguran\u00e7a e avaliar os poss\u00edveis riscos que as filmagens possam acarretar:<\/p>\n<p><a href=\"http:\/\/rioonwatch.org.br\/wp-content\/uploads\/2015\/10\/flyer.jpg\"><img decoding=\"async\" class=\"aligncenter wp-image-16550\" title=\"Cartilha: Como Filmar Viol\u00eancia Policial na Favela com Celular\" src=\"http:\/\/rioonwatch.org.br\/wp-content\/uploads\/2015\/10\/flyer.jpg\" alt=\"Como Filmar Viol\u00eancia Policial na Favela com Celular\" width=\"620\" height=\"879\" srcset=\"https:\/\/rioonwatch.org.br\/wp-content\/uploads\/2015\/10\/flyer.jpg 903w, https:\/\/rioonwatch.org.br\/wp-content\/uploads\/2015\/10\/flyer-186x264.jpg 186w, https:\/\/rioonwatch.org.br\/wp-content\/uploads\/2015\/10\/flyer-437x620.jpg 437w, https:\/\/rioonwatch.org.br\/wp-content\/uploads\/2015\/10\/flyer-722x1024.jpg 722w\" sizes=\"(max-width: 620px) 100vw, 620px\" \/><\/a><\/p>\n<p>A recente viol\u00eancia na Provid\u00eancia existe dentro do contexto mais amplo de militariza\u00e7\u00e3o das favelas do Rio de Janeiro. No dia seguinte a morte de Santos, o Coletivo Papo Reto <a href=\"http:\/\/on.fb.me\/1jKinHt\" target=\"_blank\">postou<\/a> que na maioria das favelas &#8220;pacificadas&#8221; do Rio de Janeiro, a \u00fanica representa\u00e7\u00e3o do Estado \u00e9 a Pol\u00edcia Militar: &#8220;Ouvimos a todo momento que devemos estar dentro das leis que regem o nosso Pa\u00eds, que devemos ser &#8216;bons cidad\u00e3os&#8217;. N\u00e3o deveria partir desta pr\u00f3pria representa\u00e7\u00e3o o exemplo de &#8216;cumprir com a lei&#8217;?&#8221; Eles tamb\u00e9m criticaram a alega\u00e7\u00e3o das autoridades de que a adultera\u00e7\u00e3o da cena do assassinato de Eduardo Santos tenha sido\u00a0um evento isolado: &#8220;Com quantos casos isolados se faz uma vergonha?\u201d.<\/p>\n<p>S\u00f3 este ano foram registradas <a href=\"http:\/\/bit.ly\/1VD507Q\" target=\"_blank\">459<\/a> mortes pela pol\u00edcia como assassinatos por auto de resist\u00eancia, uma m\u00e9dia de 57 por m\u00eas e um aumento de <a href=\"http:\/\/glo.bo\/1VD63V6\" target=\"_blank\">30,4%<\/a>\u00a0em rela\u00e7\u00e3o ao ano passado. Se n\u00e3o fosse a interfer\u00eancia do v\u00eddeo documentando a cena da pol\u00edcia, a execu\u00e7\u00e3o de Eduardo Santos teria sido registrada como mais uma morte por auto de resist\u00eancia. \u00c0 luz disto, um\u00a0<a href=\"http:\/\/bit.ly\/1j398Ca\" target=\"_blank\">abaixo-assinado<\/a> foi iniciado para exigir a cria\u00e7\u00e3o de mecanismos de controle externo para investigar assassinatos cometidos por militares e pela Pol\u00edcia Civil do Rio, que s\u00e3o atualmente investigados pela pr\u00f3pria pol\u00edcia.<\/p>\n<!-- AddThis Advanced Settings generic via filter on the_content --><!-- AddThis Share Buttons generic via filter on the_content -->","protected":false},"excerpt":{"rendered":"<div class=\"mh-excerpt\"><p>Click Here for English Na ter\u00e7a-feira, 29 de setembro, Eduardo Felipe Santos Victor, 17 anos, foi morto a tiros na favela da Provid\u00eancia, na regi\u00e3o portu\u00e1ria\u00a0do Rio. O relat\u00f3rio oficial divulgado pela Pol\u00edcia Militar ap\u00f3s <a class=\"mh-excerpt-more\" href=\"https:\/\/rioonwatch.org.br\/?p=16535\" title=\"Execu\u00e7\u00e3o na Provid\u00eancia Destaca Crescimento da M\u00eddia Social no Combate \u00e0 Viol\u00eancia Policial\">[&#8230;]<\/a><!-- AddThis Advanced Settings generic via filter on get_the_excerpt --><!-- AddThis Share Buttons generic via filter on get_the_excerpt --><\/p>\n<\/div>","protected":false},"author":132,"featured_media":16539,"comment_status":"closed","ping_status":"closed","sticky":false,"template":"","format":"standard","meta":{"_acf_changed":false,"_monsterinsights_skip_tracking":false,"_monsterinsights_sitenote_active":false,"_monsterinsights_sitenote_note":"","_monsterinsights_sitenote_category":0,"footnotes":""},"categories":[1621,346,1626,1613,1620,1612],"tags":[943,1471,88,437,1167,1418,379,257,774,763,494,92,30,920,52],"writer":[1679,1668],"translator":[1491],"source":[],"ilustrador":[],"fotografo":[],"class_list":{"0":"post-16535","1":"post","2":"type-post","3":"status-publish","4":"format-standard","5":"has-post-thumbnail","7":"category-destaque","8":"category-denuncias","9":"category-por-observadores-internacionais","10":"category-midia-comunitaria","11":"category-olhonaupp","12":"category-sociedade-civil","13":"tag-oquedizemasredes","14":"tag-corrupcao-policial","15":"tag-direitos-humanos","16":"tag-favela-do-metro","17":"tag-grande-midia","18":"tag-coletivo-papo-reto","19":"tag-midia-social","20":"tag-providencia","21":"tag-policia-militar","22":"tag-protesto","23":"tag-regiao-do-porto","24":"tag-upp","25":"tag-violencia","26":"tag-violencia-de-estado","27":"tag-violencia-policial","28":"writer-federico-olivieri","29":"writer-marta-ill-raga","30":"translator-patricia-gomes"},"acf":[],"yoast_head":"<!-- This site is optimized with the Yoast SEO plugin v25.6 - https:\/\/yoast.com\/wordpress\/plugins\/seo\/ -->\n<title>Execu\u00e7\u00e3o na Provid\u00eancia Destaca Crescimento da M\u00eddia Social no Combate \u00e0 Viol\u00eancia Policial - RioOnWatch<\/title>\n<meta name=\"robots\" content=\"index, follow, max-snippet:-1, max-image-preview:large, max-video-preview:-1\" \/>\n<link rel=\"canonical\" href=\"https:\/\/rioonwatch.org.br\/?p=16535\" \/>\n<meta property=\"og:locale\" content=\"pt_BR\" \/>\n<meta property=\"og:type\" content=\"article\" \/>\n<meta property=\"og:title\" content=\"Execu\u00e7\u00e3o na Provid\u00eancia Destaca Crescimento da M\u00eddia Social no Combate \u00e0 Viol\u00eancia Policial - RioOnWatch\" \/>\n<meta property=\"og:description\" content=\"Click Here for English Na ter\u00e7a-feira, 29 de setembro, Eduardo Felipe Santos Victor, 17 anos, foi morto a tiros na favela da Provid\u00eancia, na regi\u00e3o portu\u00e1ria\u00a0do Rio. O relat\u00f3rio oficial divulgado pela Pol\u00edcia Militar ap\u00f3s [...]\" \/>\n<meta property=\"og:url\" content=\"https:\/\/rioonwatch.org.br\/?p=16535\" \/>\n<meta property=\"og:site_name\" content=\"RioOnWatch\" \/>\n<meta property=\"article:published_time\" content=\"2015-10-08T14:19:12+00:00\" \/>\n<meta property=\"article:modified_time\" content=\"2015-10-12T05:56:45+00:00\" \/>\n<meta property=\"og:image\" content=\"https:\/\/rioonwatch.org.br\/wp-content\/uploads\/2015\/10\/footage.jpg\" \/>\n\t<meta property=\"og:image:width\" content=\"620\" \/>\n\t<meta property=\"og:image:height\" content=\"465\" \/>\n\t<meta property=\"og:image:type\" content=\"image\/jpeg\" \/>\n<meta name=\"author\" content=\"Felicity\" \/>\n<meta name=\"twitter:card\" content=\"summary_large_image\" \/>\n<meta name=\"twitter:label1\" content=\"Escrito por\" \/>\n\t<meta name=\"twitter:data1\" content=\"Felicity\" \/>\n\t<meta name=\"twitter:label2\" content=\"Est. tempo de leitura\" \/>\n\t<meta name=\"twitter:data2\" content=\"6 minutos\" \/>\n<script type=\"application\/ld+json\" class=\"yoast-schema-graph\">{\"@context\":\"https:\/\/schema.org\",\"@graph\":[{\"@type\":\"Article\",\"@id\":\"https:\/\/rioonwatch.org.br\/?p=16535#article\",\"isPartOf\":{\"@id\":\"https:\/\/rioonwatch.org.br\/?p=16535\"},\"author\":{\"name\":\"Felicity\",\"@id\":\"https:\/\/rioonwatch.org.br\/#\/schema\/person\/4d05cf5053c358ab740b3edd75a173f2\"},\"headline\":\"Execu\u00e7\u00e3o na Provid\u00eancia Destaca Crescimento da M\u00eddia Social no Combate \u00e0 Viol\u00eancia Policial\",\"datePublished\":\"2015-10-08T14:19:12+00:00\",\"dateModified\":\"2015-10-12T05:56:45+00:00\",\"mainEntityOfPage\":{\"@id\":\"https:\/\/rioonwatch.org.br\/?p=16535\"},\"wordCount\":1214,\"publisher\":{\"@id\":\"https:\/\/rioonwatch.org.br\/#organization\"},\"image\":{\"@id\":\"https:\/\/rioonwatch.org.br\/?p=16535#primaryimage\"},\"thumbnailUrl\":\"https:\/\/rioonwatch.org.br\/wp-content\/uploads\/2015\/10\/footage.jpg\",\"keywords\":[\"#OQueDizemAsRedes\",\"corrup\u00e7\u00e3o policial\",\"Direitos Humanos\",\"Favela do Metr\u00f4\",\"grande m\u00eddia\",\"Instituto Papo Reto\",\"m\u00eddia social\",\"Morro da Provid\u00eancia\",\"Pol\u00edcia Militar\",\"protesto\",\"Regi\u00e3o do Porto\",\"UPP\",\"viol\u00eancia\",\"viol\u00eancia de Estado\",\"viol\u00eancia policial\"],\"articleSection\":[\"*Destaque\",\"Den\u00fancias\",\"Escrito por Aliados\",\"M\u00eddia Comunit\u00e1ria\",\"Seguran\u00e7a P\u00fablica\",\"Sociedade Civil\"],\"inLanguage\":\"pt-BR\"},{\"@type\":\"WebPage\",\"@id\":\"https:\/\/rioonwatch.org.br\/?p=16535\",\"url\":\"https:\/\/rioonwatch.org.br\/?p=16535\",\"name\":\"Execu\u00e7\u00e3o na Provid\u00eancia Destaca Crescimento da M\u00eddia Social no Combate \u00e0 Viol\u00eancia Policial - RioOnWatch\",\"isPartOf\":{\"@id\":\"https:\/\/rioonwatch.org.br\/#website\"},\"primaryImageOfPage\":{\"@id\":\"https:\/\/rioonwatch.org.br\/?p=16535#primaryimage\"},\"image\":{\"@id\":\"https:\/\/rioonwatch.org.br\/?p=16535#primaryimage\"},\"thumbnailUrl\":\"https:\/\/rioonwatch.org.br\/wp-content\/uploads\/2015\/10\/footage.jpg\",\"datePublished\":\"2015-10-08T14:19:12+00:00\",\"dateModified\":\"2015-10-12T05:56:45+00:00\",\"breadcrumb\":{\"@id\":\"https:\/\/rioonwatch.org.br\/?p=16535#breadcrumb\"},\"inLanguage\":\"pt-BR\",\"potentialAction\":[{\"@type\":\"ReadAction\",\"target\":[\"https:\/\/rioonwatch.org.br\/?p=16535\"]}]},{\"@type\":\"ImageObject\",\"inLanguage\":\"pt-BR\",\"@id\":\"https:\/\/rioonwatch.org.br\/?p=16535#primaryimage\",\"url\":\"https:\/\/rioonwatch.org.br\/wp-content\/uploads\/2015\/10\/footage.jpg\",\"contentUrl\":\"https:\/\/rioonwatch.org.br\/wp-content\/uploads\/2015\/10\/footage.jpg\",\"width\":620,\"height\":465},{\"@type\":\"BreadcrumbList\",\"@id\":\"https:\/\/rioonwatch.org.br\/?p=16535#breadcrumb\",\"itemListElement\":[{\"@type\":\"ListItem\",\"position\":1,\"name\":\"In\u00edcio\",\"item\":\"https:\/\/rioonwatch.org.br\/\"},{\"@type\":\"ListItem\",\"position\":2,\"name\":\"Execu\u00e7\u00e3o na Provid\u00eancia Destaca Crescimento da M\u00eddia Social no Combate \u00e0 Viol\u00eancia Policial\"}]},{\"@type\":\"WebSite\",\"@id\":\"https:\/\/rioonwatch.org.br\/#website\",\"url\":\"https:\/\/rioonwatch.org.br\/\",\"name\":\"RioOnWatch\",\"description\":\"relatos das favelas cariocas\",\"publisher\":{\"@id\":\"https:\/\/rioonwatch.org.br\/#organization\"},\"potentialAction\":[{\"@type\":\"SearchAction\",\"target\":{\"@type\":\"EntryPoint\",\"urlTemplate\":\"https:\/\/rioonwatch.org.br\/?s={search_term_string}\"},\"query-input\":{\"@type\":\"PropertyValueSpecification\",\"valueRequired\":true,\"valueName\":\"search_term_string\"}}],\"inLanguage\":\"pt-BR\"},{\"@type\":\"Organization\",\"@id\":\"https:\/\/rioonwatch.org.br\/#organization\",\"name\":\"RioOnWatch\",\"url\":\"https:\/\/rioonwatch.org.br\/\",\"logo\":{\"@type\":\"ImageObject\",\"inLanguage\":\"pt-BR\",\"@id\":\"https:\/\/rioonwatch.org.br\/#\/schema\/logo\/image\/\",\"url\":\"https:\/\/rioonwatch.org.br\/wp-content\/uploads\/2021\/06\/RioOnWatchcabecalhoPT11anos-2.png\",\"contentUrl\":\"https:\/\/rioonwatch.org.br\/wp-content\/uploads\/2021\/06\/RioOnWatchcabecalhoPT11anos-2.png\",\"width\":779,\"height\":277,\"caption\":\"RioOnWatch\"},\"image\":{\"@id\":\"https:\/\/rioonwatch.org.br\/#\/schema\/logo\/image\/\"}},{\"@type\":\"Person\",\"@id\":\"https:\/\/rioonwatch.org.br\/#\/schema\/person\/4d05cf5053c358ab740b3edd75a173f2\",\"name\":\"Felicity\",\"image\":{\"@type\":\"ImageObject\",\"inLanguage\":\"pt-BR\",\"@id\":\"https:\/\/rioonwatch.org.br\/#\/schema\/person\/image\/\",\"url\":\"https:\/\/secure.gravatar.com\/avatar\/bfc904486dc0bba6015410a00fe3fc27?s=96&d=blank&r=g\",\"contentUrl\":\"https:\/\/secure.gravatar.com\/avatar\/bfc904486dc0bba6015410a00fe3fc27?s=96&d=blank&r=g\",\"caption\":\"Felicity\"},\"url\":\"https:\/\/rioonwatch.org.br\/?author=132\"}]}<\/script>\n<!-- \/ Yoast SEO plugin. -->","yoast_head_json":{"title":"Execu\u00e7\u00e3o na Provid\u00eancia Destaca Crescimento da M\u00eddia Social no Combate \u00e0 Viol\u00eancia Policial - RioOnWatch","robots":{"index":"index","follow":"follow","max-snippet":"max-snippet:-1","max-image-preview":"max-image-preview:large","max-video-preview":"max-video-preview:-1"},"canonical":"https:\/\/rioonwatch.org.br\/?p=16535","og_locale":"pt_BR","og_type":"article","og_title":"Execu\u00e7\u00e3o na Provid\u00eancia Destaca Crescimento da M\u00eddia Social no Combate \u00e0 Viol\u00eancia Policial - RioOnWatch","og_description":"Click Here for English Na ter\u00e7a-feira, 29 de setembro, Eduardo Felipe Santos Victor, 17 anos, foi morto a tiros na favela da Provid\u00eancia, na regi\u00e3o portu\u00e1ria\u00a0do Rio. O relat\u00f3rio oficial divulgado pela Pol\u00edcia Militar ap\u00f3s [...]","og_url":"https:\/\/rioonwatch.org.br\/?p=16535","og_site_name":"RioOnWatch","article_published_time":"2015-10-08T14:19:12+00:00","article_modified_time":"2015-10-12T05:56:45+00:00","og_image":[{"width":620,"height":465,"url":"https:\/\/rioonwatch.org.br\/wp-content\/uploads\/2015\/10\/footage.jpg","type":"image\/jpeg"}],"author":"Felicity","twitter_card":"summary_large_image","twitter_misc":{"Escrito por":"Felicity","Est. tempo de leitura":"6 minutos"},"schema":{"@context":"https:\/\/schema.org","@graph":[{"@type":"Article","@id":"https:\/\/rioonwatch.org.br\/?p=16535#article","isPartOf":{"@id":"https:\/\/rioonwatch.org.br\/?p=16535"},"author":{"name":"Felicity","@id":"https:\/\/rioonwatch.org.br\/#\/schema\/person\/4d05cf5053c358ab740b3edd75a173f2"},"headline":"Execu\u00e7\u00e3o na Provid\u00eancia Destaca Crescimento da M\u00eddia Social no Combate \u00e0 Viol\u00eancia Policial","datePublished":"2015-10-08T14:19:12+00:00","dateModified":"2015-10-12T05:56:45+00:00","mainEntityOfPage":{"@id":"https:\/\/rioonwatch.org.br\/?p=16535"},"wordCount":1214,"publisher":{"@id":"https:\/\/rioonwatch.org.br\/#organization"},"image":{"@id":"https:\/\/rioonwatch.org.br\/?p=16535#primaryimage"},"thumbnailUrl":"https:\/\/rioonwatch.org.br\/wp-content\/uploads\/2015\/10\/footage.jpg","keywords":["#OQueDizemAsRedes","corrup\u00e7\u00e3o policial","Direitos Humanos","Favela do Metr\u00f4","grande m\u00eddia","Instituto Papo Reto","m\u00eddia social","Morro da Provid\u00eancia","Pol\u00edcia Militar","protesto","Regi\u00e3o do Porto","UPP","viol\u00eancia","viol\u00eancia de Estado","viol\u00eancia policial"],"articleSection":["*Destaque","Den\u00fancias","Escrito por Aliados","M\u00eddia Comunit\u00e1ria","Seguran\u00e7a P\u00fablica","Sociedade Civil"],"inLanguage":"pt-BR"},{"@type":"WebPage","@id":"https:\/\/rioonwatch.org.br\/?p=16535","url":"https:\/\/rioonwatch.org.br\/?p=16535","name":"Execu\u00e7\u00e3o na Provid\u00eancia Destaca Crescimento da M\u00eddia Social no Combate \u00e0 Viol\u00eancia Policial - RioOnWatch","isPartOf":{"@id":"https:\/\/rioonwatch.org.br\/#website"},"primaryImageOfPage":{"@id":"https:\/\/rioonwatch.org.br\/?p=16535#primaryimage"},"image":{"@id":"https:\/\/rioonwatch.org.br\/?p=16535#primaryimage"},"thumbnailUrl":"https:\/\/rioonwatch.org.br\/wp-content\/uploads\/2015\/10\/footage.jpg","datePublished":"2015-10-08T14:19:12+00:00","dateModified":"2015-10-12T05:56:45+00:00","breadcrumb":{"@id":"https:\/\/rioonwatch.org.br\/?p=16535#breadcrumb"},"inLanguage":"pt-BR","potentialAction":[{"@type":"ReadAction","target":["https:\/\/rioonwatch.org.br\/?p=16535"]}]},{"@type":"ImageObject","inLanguage":"pt-BR","@id":"https:\/\/rioonwatch.org.br\/?p=16535#primaryimage","url":"https:\/\/rioonwatch.org.br\/wp-content\/uploads\/2015\/10\/footage.jpg","contentUrl":"https:\/\/rioonwatch.org.br\/wp-content\/uploads\/2015\/10\/footage.jpg","width":620,"height":465},{"@type":"BreadcrumbList","@id":"https:\/\/rioonwatch.org.br\/?p=16535#breadcrumb","itemListElement":[{"@type":"ListItem","position":1,"name":"In\u00edcio","item":"https:\/\/rioonwatch.org.br\/"},{"@type":"ListItem","position":2,"name":"Execu\u00e7\u00e3o na Provid\u00eancia Destaca Crescimento da M\u00eddia Social no Combate \u00e0 Viol\u00eancia Policial"}]},{"@type":"WebSite","@id":"https:\/\/rioonwatch.org.br\/#website","url":"https:\/\/rioonwatch.org.br\/","name":"RioOnWatch","description":"relatos das favelas cariocas","publisher":{"@id":"https:\/\/rioonwatch.org.br\/#organization"},"potentialAction":[{"@type":"SearchAction","target":{"@type":"EntryPoint","urlTemplate":"https:\/\/rioonwatch.org.br\/?s={search_term_string}"},"query-input":{"@type":"PropertyValueSpecification","valueRequired":true,"valueName":"search_term_string"}}],"inLanguage":"pt-BR"},{"@type":"Organization","@id":"https:\/\/rioonwatch.org.br\/#organization","name":"RioOnWatch","url":"https:\/\/rioonwatch.org.br\/","logo":{"@type":"ImageObject","inLanguage":"pt-BR","@id":"https:\/\/rioonwatch.org.br\/#\/schema\/logo\/image\/","url":"https:\/\/rioonwatch.org.br\/wp-content\/uploads\/2021\/06\/RioOnWatchcabecalhoPT11anos-2.png","contentUrl":"https:\/\/rioonwatch.org.br\/wp-content\/uploads\/2021\/06\/RioOnWatchcabecalhoPT11anos-2.png","width":779,"height":277,"caption":"RioOnWatch"},"image":{"@id":"https:\/\/rioonwatch.org.br\/#\/schema\/logo\/image\/"}},{"@type":"Person","@id":"https:\/\/rioonwatch.org.br\/#\/schema\/person\/4d05cf5053c358ab740b3edd75a173f2","name":"Felicity","image":{"@type":"ImageObject","inLanguage":"pt-BR","@id":"https:\/\/rioonwatch.org.br\/#\/schema\/person\/image\/","url":"https:\/\/secure.gravatar.com\/avatar\/bfc904486dc0bba6015410a00fe3fc27?s=96&d=blank&r=g","contentUrl":"https:\/\/secure.gravatar.com\/avatar\/bfc904486dc0bba6015410a00fe3fc27?s=96&d=blank&r=g","caption":"Felicity"},"url":"https:\/\/rioonwatch.org.br\/?author=132"}]}},"_links":{"self":[{"href":"https:\/\/rioonwatch.org.br\/index.php?rest_route=\/wp\/v2\/posts\/16535"}],"collection":[{"href":"https:\/\/rioonwatch.org.br\/index.php?rest_route=\/wp\/v2\/posts"}],"about":[{"href":"https:\/\/rioonwatch.org.br\/index.php?rest_route=\/wp\/v2\/types\/post"}],"author":[{"embeddable":true,"href":"https:\/\/rioonwatch.org.br\/index.php?rest_route=\/wp\/v2\/users\/132"}],"replies":[{"embeddable":true,"href":"https:\/\/rioonwatch.org.br\/index.php?rest_route=%2Fwp%2Fv2%2Fcomments&post=16535"}],"version-history":[{"count":7,"href":"https:\/\/rioonwatch.org.br\/index.php?rest_route=\/wp\/v2\/posts\/16535\/revisions"}],"predecessor-version":[{"id":16611,"href":"https:\/\/rioonwatch.org.br\/index.php?rest_route=\/wp\/v2\/posts\/16535\/revisions\/16611"}],"wp:featuredmedia":[{"embeddable":true,"href":"https:\/\/rioonwatch.org.br\/index.php?rest_route=\/wp\/v2\/media\/16539"}],"wp:attachment":[{"href":"https:\/\/rioonwatch.org.br\/index.php?rest_route=%2Fwp%2Fv2%2Fmedia&parent=16535"}],"wp:term":[{"taxonomy":"category","embeddable":true,"href":"https:\/\/rioonwatch.org.br\/index.php?rest_route=%2Fwp%2Fv2%2Fcategories&post=16535"},{"taxonomy":"post_tag","embeddable":true,"href":"https:\/\/rioonwatch.org.br\/index.php?rest_route=%2Fwp%2Fv2%2Ftags&post=16535"},{"taxonomy":"writer","embeddable":true,"href":"https:\/\/rioonwatch.org.br\/index.php?rest_route=%2Fwp%2Fv2%2Fwriter&post=16535"},{"taxonomy":"translator","embeddable":true,"href":"https:\/\/rioonwatch.org.br\/index.php?rest_route=%2Fwp%2Fv2%2Ftranslator&post=16535"},{"taxonomy":"source","embeddable":true,"href":"https:\/\/rioonwatch.org.br\/index.php?rest_route=%2Fwp%2Fv2%2Fsource&post=16535"},{"taxonomy":"ilustrador","embeddable":true,"href":"https:\/\/rioonwatch.org.br\/index.php?rest_route=%2Fwp%2Fv2%2Filustrador&post=16535"},{"taxonomy":"fotografo","embeddable":true,"href":"https:\/\/rioonwatch.org.br\/index.php?rest_route=%2Fwp%2Fv2%2Ffotografo&post=16535"}],"curies":[{"name":"wp","href":"https:\/\/api.w.org\/{rel}","templated":true}]}}