{"id":16552,"date":"2015-10-12T08:45:06","date_gmt":"2015-10-12T11:45:06","guid":{"rendered":"http:\/\/rioonwatch.org.br\/?p=16552"},"modified":"2024-06-20T16:28:44","modified_gmt":"2024-06-20T19:28:44","slug":"o-afro-rio-walking-tour-redescobrindo-a-historia-africana-do-rio","status":"publish","type":"post","link":"https:\/\/rioonwatch.org.br\/?p=16552","title":{"rendered":"O Afro-Rio Walking Tour: Redescobrindo a Hist\u00f3ria Africana do Rio"},"content":{"rendered":"<p style=\"text-align: right;\"><a href=\"http:\/\/bit.ly\/1MJzzGp\" target=\"_blank\" rel=\"noopener\"><em><strong>Click Here for English<img decoding=\"async\" width=\"20\" height=\"20\" class=\"alignright wp-image-15790\" src=\"http:\/\/rioonwatch.org.br\/wp-content\/uploads\/2012\/08\/EN-standard-e1439583104716.jpg\" alt=\"\" \/><\/strong><\/em><\/a><\/p>\n<p>O Rio de Janeiro est\u00e1 construindo sua nova marca como a cidade do futuro. Basta visitar a <a href=\"http:\/\/bit.ly\/1cVBDvL\" target=\"_blank\" rel=\"noopener\">regi\u00e3o portu\u00e1ria<\/a> da cidade, que atualmente passa por enormes transforma\u00e7\u00f5es urbanas como parte do projeto \u201c<a href=\"http:\/\/bit.ly\/UR7rn7\" target=\"_blank\" rel=\"noopener\">Porto Maravilha<\/a>\u201d, e o <a href=\"http:\/\/glo.bo\/1L1ECS7\" target=\"_blank\" rel=\"noopener\">quase conclu\u00eddo Museu do Amanh\u00e3<\/a> para comprovar isso.<\/p>\n<p>Entretanto, aqueles que desejam conhecer esta regi\u00e3o do Rio em r\u00e1pida muta\u00e7\u00e3o n\u00e3o devem negligenciar o seu passado. O Porto do Rio est\u00e1 profundamente conectado \u00e0 hist\u00f3ria africana e afro-brasileira da cidade, e ao Brasil como um todo. Aproximadamente <a href=\"http:\/\/bit.ly\/1FUJABw\" target=\"_blank\" rel=\"noopener\">5 milh\u00f5es<\/a> dos 10 milh\u00f5es de africanos escravizados enviados de navio \u00e0s Am\u00e9ricas foram trazidos ao Brasil, e o <a href=\"http:\/\/glo.bo\/1acKVUO\" target=\"_blank\" rel=\"noopener\">Rio de Janeiro fora o principal ponto de chegada<\/a>, tornando-o o maior porto de escravos da hist\u00f3ria mundial. No in\u00edcio do s\u00e9culo 19, <a href=\"http:\/\/bit.ly\/1VGSqo2\" target=\"_blank\" rel=\"noopener\">metade da popula\u00e7\u00e3o da cidade era escravizada<\/a>.<\/p>\n<p>O website educacional <a href=\"http:\/\/bit.ly\/1BBcf5q\" target=\"_blank\" rel=\"noopener\">Afro-Rio Walking Tour<\/a>, lan\u00e7ado recentemente, pretende fazer exatamente isso. Criada pela historiadora norte-americana e moradora do Rio h\u00e1 muitos anos Sadakne Baroudi, o site oferece informa\u00e7\u00f5es e conselhos sobre como visitar locais importantes na hist\u00f3ria da escravid\u00e3o no Porto do Rio, em portugu\u00eas, ingl\u00eas e franc\u00eas.<\/p>\n<p><a href=\"http:\/\/rioonwatch.org.br\/wp-content\/uploads\/2015\/10\/AfroRio-Walking-Tour-site.png\"><img fetchpriority=\"high\" decoding=\"async\" class=\"aligncenter wp-image-16618\" title=\"Site do Afro-Rio Walking Tour\" src=\"http:\/\/rioonwatch.org.br\/wp-content\/uploads\/2015\/10\/AfroRio-Walking-Tour-site.png\" alt=\"Site do Afro-Rio Walking Tour\" width=\"620\" height=\"181\" srcset=\"https:\/\/rioonwatch.org.br\/wp-content\/uploads\/2015\/10\/AfroRio-Walking-Tour-site.png 1000w, https:\/\/rioonwatch.org.br\/wp-content\/uploads\/2015\/10\/AfroRio-Walking-Tour-site-620x181.png 620w\" sizes=\"(max-width: 620px) 100vw, 620px\" \/><\/a><\/p>\n<p>Um dos temas mais abordados no Tour \u00e9 o da hist\u00f3ria da escravid\u00e3o do Rio ser frequentemente escondida, o que \u00e9 comum em cidades e pa\u00edses com um legado de escravid\u00e3o.<\/p>\n<p>De fato, muitos dos mais importantes locais na hist\u00f3ria da escravid\u00e3o do Rio, listados no site da Walking Tour, foram apenas \u201credescobertos\u201d recentemente. E muitos deles lutam para conseguir reconhecimento e financiamento.<\/p>\n<p>O <a href=\"http:\/\/bit.ly\/1FZzoHp\" target=\"_blank\" rel=\"noopener\">Cemit\u00e9rio dos Pretos Novos<\/a> \u00e9 um exemplo. O cemit\u00e9rio foi local de enterro (talvez seja mais correto cham\u00e1-lo de dep\u00f3sitos) para milhares de africanos que morreram durante suas longas jornadas para chegarem ao Rio, ou logo depois de terem chegado \u00e0 cidade, entre 1769 e 1830, quando foi fechado. A sua localiza\u00e7\u00e3o permaneceu perdida at\u00e9 1996, quando um casal descobriu, enquanto reformava sua casa, que moravam sobre <a href=\"http:\/\/bit.ly\/1LBmSQW\" target=\"_blank\" rel=\"noopener\">o antigo cemit\u00e9rio<\/a>.<\/p>\n<p><a href=\"http:\/\/rioonwatch.org.br\/wp-content\/uploads\/2015\/10\/Instituto-Pretos-Novos.jpg\"><img decoding=\"async\" class=\"aligncenter wp-image-16617 size-content\" title=\"Instituto Pretos Novos\" src=\"http:\/\/rioonwatch.org.br\/wp-content\/uploads\/2015\/10\/Instituto-Pretos-Novos-620x264.jpg\" alt=\"Instituto Pretos Novos\" width=\"620\" height=\"264\" srcset=\"https:\/\/rioonwatch.org.br\/wp-content\/uploads\/2015\/10\/Instituto-Pretos-Novos-620x264.jpg 620w, https:\/\/rioonwatch.org.br\/wp-content\/uploads\/2015\/10\/Instituto-Pretos-Novos-940x400.jpg 940w\" sizes=\"(max-width: 620px) 100vw, 620px\" \/><\/a><\/p>\n<p>Um importante estudo arqueol\u00f3gico foi iniciado e o casal, Merced e Petruccio Guimar\u00e3es, se propuseram a criar um <a href=\"http:\/\/bit.ly\/1LBmSQW\" target=\"_blank\" rel=\"noopener\">instituto de pesquisa e um centro memorial<\/a> em 2005, que continuam a administrar, com financiamento precariamente baixo.<\/p>\n<p>O fato do cemit\u00e9rio ter ficado esquecido por muito tempo, e a luta que o casal Guimar\u00e3es enfrenta para manter a mem\u00f3ria dos escravos enterrados e a heran\u00e7a negra do Rio viva atrav\u00e9s de seus pr\u00f3prios esfor\u00e7os, contrasta com a obra de uma enorme constru\u00e7\u00e3o, realizada por uma grande <a href=\"http:\/\/bit.ly\/1KQzinO\" target=\"_blank\" rel=\"noopener\">parceria p\u00fablico-privada (PPP)<\/a>, em andamento na mesma rua. Atualmente, esta rua est\u00e1 sendo cavada para a constru\u00e7\u00e3o do sistema de transporte VLT (ve\u00edculo leve sobre trilhos): uma rede de 28 km que a prefeitura pretende concluir a tempo para as Olimp\u00edadas de 2016.<\/p>\n<p>Outro local recentemente &#8220;redescoberto&#8221; na Zona Portu\u00e1ria, e tamb\u00e9m detalhado no site do projeto Walking Tour, \u00e9 o <a href=\"http:\/\/bit.ly\/1VGSqo2\" target=\"_blank\" rel=\"noopener\">mercado de escravos do Valongo<\/a>, local onde escravos foram trazidos para o Rio em navios e eram vendidos. O Valongo foi renomeado e coberto em 1843, em raz\u00e3o da chegada da noiva italiana do futuro Imperador Dom Pedro II, ficando conhecido como o Cais da Imperatriz. Depois de ser aterrado e pavimentado em 1911, o Valongo original permaneceu ignorado at\u00e9 2011, quando foi <a href=\"http:\/\/bit.ly\/1QaNQNm\" target=\"_blank\" rel=\"noopener\">descoberto e escavado<\/a> durante a constru\u00e7\u00e3o das obras para o projeto de reestrutura\u00e7\u00e3o Porto Maravilha.<\/p>\n<p><a href=\"http:\/\/rioonwatch.org.br\/wp-content\/uploads\/2015\/10\/Valongo-from-above.jpg\"><img loading=\"lazy\" decoding=\"async\" class=\"aligncenter wp-image-16616\" src=\"http:\/\/rioonwatch.org.br\/wp-content\/uploads\/2015\/10\/Valongo-from-above.jpg\" alt=\"Cais do Valongo\" width=\"620\" height=\"456\" srcset=\"https:\/\/rioonwatch.org.br\/wp-content\/uploads\/2015\/10\/Valongo-from-above.jpg 1000w, https:\/\/rioonwatch.org.br\/wp-content\/uploads\/2015\/10\/Valongo-from-above-359x264.jpg 359w, https:\/\/rioonwatch.org.br\/wp-content\/uploads\/2015\/10\/Valongo-from-above-620x456.jpg 620w\" sizes=\"(max-width: 620px) 100vw, 620px\" \/><\/a><\/p>\n<p>Depois de uma dura batalha para a preserva\u00e7\u00e3o do Valongo, agora \u00e9 poss\u00edvel visitar o local e ver as tr\u00eas camadas de ruas da cidade em exposi\u00e7\u00e3o.<\/p>\n<p>O site do projeto tamb\u00e9m apresenta ao p\u00fablico <a href=\"http:\/\/bit.ly\/1gQBVs0\" target=\"_blank\" rel=\"noopener\">not\u00e1veis brasileiros negros<\/a> da hist\u00f3ria da cidade, como o engenheiro, inventor e abolicionista <a href=\"http:\/\/bit.ly\/1K2qh96\" target=\"_blank\" rel=\"noopener\">Andr\u00e9 Rebou\u00e7as<\/a>. Bem pr\u00f3ximo ao Valongo encontra-se um belo armaz\u00e9m de tijolos vermelhos constru\u00eddo por Rebou\u00e7as em 1870. Rebou\u00e7as ficou conhecido por modernizar os portos em todo o Brasil, e por desenvolver a concep\u00e7\u00e3o de um sistema de saneamento moderno para a cidade, colocando um fim \u00e0 pr\u00e1tica de usar escravos para transportar o esgoto do Rio com as pr\u00f3prias m\u00e3os.<\/p>\n<p>O site tamb\u00e9m tr\u00e1s informa\u00e7\u00f5es sobre a <a href=\"http:\/\/bit.ly\/1jcEEx9\" target=\"_blank\" rel=\"noopener\">Pedra do Sal<\/a> e a zona conhecida como Pequena \u00c1frica, onde as famosas tradi\u00e7\u00f5es do samba e do carnaval do Rio se originaram. Al\u00e9m disso, s\u00e3o fornecidas informa\u00e7\u00f5es sobre as <a href=\"http:\/\/bit.ly\/1NpU1iU\" target=\"_blank\" rel=\"noopener\">religi\u00f5es afro-brasileiras tradicionais<\/a> que floresceram na regi\u00e3o.<\/p>\n<p><a href=\"http:\/\/rioonwatch.org.br\/wp-content\/uploads\/2015\/10\/Reboucas-warehouse.jpg\"><img loading=\"lazy\" decoding=\"async\" class=\"aligncenter wp-image-16615\" title=\"Armaz\u00e9m constru\u00eddo por Rebou\u00e7as\" src=\"http:\/\/rioonwatch.org.br\/wp-content\/uploads\/2015\/10\/Reboucas-warehouse.jpg\" alt=\"Armaz\u00e9m constru\u00eddo por Rebou\u00e7as\" width=\"620\" height=\"415\" srcset=\"https:\/\/rioonwatch.org.br\/wp-content\/uploads\/2015\/10\/Reboucas-warehouse.jpg 1000w, https:\/\/rioonwatch.org.br\/wp-content\/uploads\/2015\/10\/Reboucas-warehouse-395x264.jpg 395w, https:\/\/rioonwatch.org.br\/wp-content\/uploads\/2015\/10\/Reboucas-warehouse-620x415.jpg 620w\" sizes=\"(max-width: 620px) 100vw, 620px\" \/><\/a><\/p>\n<p>Al\u00e9m da Zona Portu\u00e1ria, o website tamb\u00e9m aponta lugares para visita\u00e7\u00e3o em regi\u00f5es pr\u00f3ximas, no Centro do Rio, incluindo um par de edif\u00edcios na esquina do Largo da Carioca: a <a href=\"http:\/\/bit.ly\/1WPmUXk\" target=\"_blank\" rel=\"noopener\">Igreja Negra<\/a> e <a href=\"http:\/\/bit.ly\/1R18nUG\" target=\"_blank\" rel=\"noopener\">Museu do Negro<\/a>. Incendiados em 1967, os edif\u00edcios s\u00e3o escassamente decorados e se encontram em mau estado de conserva\u00e7\u00e3o. O museu \u00e9 um ponto de parada essencial ao longo da jornada Afro-Rio, especialmente pela forma como a sua pequena cole\u00e7\u00e3o, gerenciada por um curador dedicado, mostra a diferen\u00e7a entre a realidade da escravid\u00e3o na cidade e a imagem higienizada da escravid\u00e3o, promovida em pinturas da \u00e9poca, que ainda persiste na mem\u00f3ria da na\u00e7\u00e3o at\u00e9 hoje. De acordo com o Walking Tour, a entrada para o Museu do Negro \u00e9 confusa e dif\u00edcil de ser encontrada.<\/p>\n<p><a href=\"http:\/\/rioonwatch.org.br\/wp-content\/uploads\/2015\/10\/Museu-do-Negro-e1440538797411-620x264.jpg\"><img loading=\"lazy\" decoding=\"async\" class=\"aligncenter wp-image-16614 size-full\" title=\"Museu do Negro\" src=\"http:\/\/rioonwatch.org.br\/wp-content\/uploads\/2015\/10\/Museu-do-Negro-e1440538797411-620x264.jpg\" alt=\"Museu do Negro\" width=\"620\" height=\"264\" \/><\/a><\/p>\n<p>O website do Walking Tour&#8211;um projeto que est\u00e1 em andamento e em expans\u00e3o&#8211;detalha uma ampla gama de lugares, pessoas e hist\u00f3rias importantes com o intuito de ajudar os visitantes a &#8220;aprender a hist\u00f3ria africana vivida nas ruas do Rio de Janeiro&#8221;. Este site \u00e9 um ponto de partida acess\u00edvel para os moradores do Rio e visitantes que est\u00e3o curiosos sobre a hist\u00f3ria de uma cidade que est\u00e1 <a href=\"http:\/\/bit.ly\/NYTProvidencia\" target=\"_blank\" rel=\"noopener\">acelerando frente ao processo de reestrutura\u00e7\u00e3o<\/a> a ser conclu\u00eddo a tempo para as Olimp\u00edadas de 2016.<\/p>\n<p><a href=\"http:\/\/bit.ly\/1BBcf5q\" target=\"_blank\" rel=\"noopener\">Clique aqui<\/a> para visitar o site.<\/p>\n<!-- AddThis Advanced Settings generic via filter on the_content --><!-- AddThis Share Buttons generic via filter on the_content -->","protected":false},"excerpt":{"rendered":"<div class=\"mh-excerpt\"><p>Click Here for English O Rio de Janeiro est\u00e1 construindo sua nova marca como a cidade do futuro. Basta visitar a regi\u00e3o portu\u00e1ria da cidade, que atualmente passa por enormes transforma\u00e7\u00f5es urbanas como parte do <a class=\"mh-excerpt-more\" href=\"https:\/\/rioonwatch.org.br\/?p=16552\" title=\"O Afro-Rio Walking Tour: Redescobrindo a Hist\u00f3ria Africana do Rio\">[&#8230;]<\/a><!-- AddThis Advanced Settings generic via filter on get_the_excerpt --><!-- AddThis Share Buttons generic via filter on get_the_excerpt --><\/p>\n<\/div>","protected":false},"author":132,"featured_media":16553,"comment_status":"closed","ping_status":"closed","sticky":false,"template":"","format":"standard","meta":{"_acf_changed":false,"_monsterinsights_skip_tracking":false,"_monsterinsights_sitenote_active":false,"_monsterinsights_sitenote_note":"","_monsterinsights_sitenote_category":0,"footnotes":""},"categories":[1621,1631,1626,342,1628],"tags":[329,1693,259,1402,513,514,128,1240,469,78,433,1194,936,494,825,1694,218],"writer":[1486],"translator":[1499],"source":[],"ilustrador":[],"fotografo":[],"class_list":{"0":"post-16552","1":"post","2":"type-post","3":"status-publish","4":"format-standard","5":"has-post-thumbnail","7":"category-destaque","8":"category-entendendo-o-rio","9":"category-por-observadores-internacionais","10":"category-solucoes","11":"category-turismo-na-favela","12":"tag-africa","13":"tag-cais-do-valongo","14":"tag-centro","15":"tag-circuito-da-heranca-africana","16":"tag-cultura-afro-brasileira","17":"tag-escravidao","18":"tag-historia","19":"tag-megaeventos","20":"tag-memoria","21":"tag-olimpiadas","22":"tag-porto-maravilha","23":"tag-pretos-novos","24":"tag-raca","25":"tag-regiao-do-porto","26":"tag-turismo","27":"tag-valongo","28":"tag-zona-norte","29":"writer-sarah-jacobs","30":"translator-camilla-pereira"},"acf":[],"yoast_head":"<!-- This site is optimized with the Yoast SEO plugin v25.6 - https:\/\/yoast.com\/wordpress\/plugins\/seo\/ -->\n<title>O Afro-Rio Walking Tour: Redescobrindo a Hist\u00f3ria Africana do Rio - RioOnWatch<\/title>\n<meta name=\"robots\" content=\"index, follow, max-snippet:-1, max-image-preview:large, max-video-preview:-1\" \/>\n<link rel=\"canonical\" href=\"https:\/\/rioonwatch.org.br\/?p=16552\" \/>\n<meta property=\"og:locale\" content=\"pt_BR\" \/>\n<meta property=\"og:type\" content=\"article\" \/>\n<meta property=\"og:title\" content=\"O Afro-Rio Walking Tour: Redescobrindo a Hist\u00f3ria Africana do Rio - RioOnWatch\" \/>\n<meta property=\"og:description\" content=\"Click Here for English O Rio de Janeiro est\u00e1 construindo sua nova marca como a cidade do futuro. Basta visitar a regi\u00e3o portu\u00e1ria da cidade, que atualmente passa por enormes transforma\u00e7\u00f5es urbanas como parte do [...]\" \/>\n<meta property=\"og:url\" content=\"https:\/\/rioonwatch.org.br\/?p=16552\" \/>\n<meta property=\"og:site_name\" content=\"RioOnWatch\" \/>\n<meta property=\"article:published_time\" content=\"2015-10-12T11:45:06+00:00\" \/>\n<meta property=\"article:modified_time\" content=\"2024-06-20T19:28:44+00:00\" \/>\n<meta property=\"og:image\" content=\"https:\/\/rioonwatch.org.br\/wp-content\/uploads\/2015\/10\/Pedra-do-Sal.jpg\" \/>\n\t<meta property=\"og:image:width\" content=\"1000\" \/>\n\t<meta property=\"og:image:height\" content=\"750\" \/>\n\t<meta property=\"og:image:type\" content=\"image\/jpeg\" \/>\n<meta name=\"author\" content=\"Felicity\" \/>\n<meta name=\"twitter:card\" content=\"summary_large_image\" \/>\n<meta name=\"twitter:label1\" content=\"Escrito por\" \/>\n\t<meta name=\"twitter:data1\" content=\"Felicity\" \/>\n\t<meta name=\"twitter:label2\" content=\"Est. tempo de leitura\" \/>\n\t<meta name=\"twitter:data2\" content=\"5 minutos\" \/>\n<script type=\"application\/ld+json\" class=\"yoast-schema-graph\">{\"@context\":\"https:\/\/schema.org\",\"@graph\":[{\"@type\":\"Article\",\"@id\":\"https:\/\/rioonwatch.org.br\/?p=16552#article\",\"isPartOf\":{\"@id\":\"https:\/\/rioonwatch.org.br\/?p=16552\"},\"author\":{\"name\":\"Felicity\",\"@id\":\"https:\/\/rioonwatch.org.br\/#\/schema\/person\/4d05cf5053c358ab740b3edd75a173f2\"},\"headline\":\"O Afro-Rio Walking Tour: Redescobrindo a Hist\u00f3ria Africana do Rio\",\"datePublished\":\"2015-10-12T11:45:06+00:00\",\"dateModified\":\"2024-06-20T19:28:44+00:00\",\"mainEntityOfPage\":{\"@id\":\"https:\/\/rioonwatch.org.br\/?p=16552\"},\"wordCount\":1004,\"publisher\":{\"@id\":\"https:\/\/rioonwatch.org.br\/#organization\"},\"image\":{\"@id\":\"https:\/\/rioonwatch.org.br\/?p=16552#primaryimage\"},\"thumbnailUrl\":\"https:\/\/rioonwatch.org.br\/wp-content\/uploads\/2015\/10\/Pedra-do-Sal.jpg\",\"keywords\":[\"\u00c1frica\",\"Cais do Valongo\",\"Centro\",\"Circuito da Heran\u00e7a Africana\",\"Cultura Afro-brasileira\",\"escravid\u00e3o\",\"hist\u00f3ria\",\"Megaeventos\",\"Mem\u00f3rias Faveladas\",\"Olimp\u00edadas\",\"Porto Maravilha\",\"Pretos Novos\",\"ra\u00e7a\",\"Regi\u00e3o do Porto\",\"turismo\",\"Valongo\",\"Zona Norte\"],\"articleSection\":[\"*Destaque\",\"Entendendo o Rio\",\"Escrito por Aliados\",\"Solu\u00e7\u00f5es\",\"Turismo na Favela\"],\"inLanguage\":\"pt-BR\"},{\"@type\":\"WebPage\",\"@id\":\"https:\/\/rioonwatch.org.br\/?p=16552\",\"url\":\"https:\/\/rioonwatch.org.br\/?p=16552\",\"name\":\"O Afro-Rio Walking Tour: Redescobrindo a Hist\u00f3ria Africana do Rio - RioOnWatch\",\"isPartOf\":{\"@id\":\"https:\/\/rioonwatch.org.br\/#website\"},\"primaryImageOfPage\":{\"@id\":\"https:\/\/rioonwatch.org.br\/?p=16552#primaryimage\"},\"image\":{\"@id\":\"https:\/\/rioonwatch.org.br\/?p=16552#primaryimage\"},\"thumbnailUrl\":\"https:\/\/rioonwatch.org.br\/wp-content\/uploads\/2015\/10\/Pedra-do-Sal.jpg\",\"datePublished\":\"2015-10-12T11:45:06+00:00\",\"dateModified\":\"2024-06-20T19:28:44+00:00\",\"breadcrumb\":{\"@id\":\"https:\/\/rioonwatch.org.br\/?p=16552#breadcrumb\"},\"inLanguage\":\"pt-BR\",\"potentialAction\":[{\"@type\":\"ReadAction\",\"target\":[\"https:\/\/rioonwatch.org.br\/?p=16552\"]}]},{\"@type\":\"ImageObject\",\"inLanguage\":\"pt-BR\",\"@id\":\"https:\/\/rioonwatch.org.br\/?p=16552#primaryimage\",\"url\":\"https:\/\/rioonwatch.org.br\/wp-content\/uploads\/2015\/10\/Pedra-do-Sal.jpg\",\"contentUrl\":\"https:\/\/rioonwatch.org.br\/wp-content\/uploads\/2015\/10\/Pedra-do-Sal.jpg\",\"width\":1000,\"height\":750},{\"@type\":\"BreadcrumbList\",\"@id\":\"https:\/\/rioonwatch.org.br\/?p=16552#breadcrumb\",\"itemListElement\":[{\"@type\":\"ListItem\",\"position\":1,\"name\":\"In\u00edcio\",\"item\":\"https:\/\/rioonwatch.org.br\/\"},{\"@type\":\"ListItem\",\"position\":2,\"name\":\"O Afro-Rio Walking Tour: Redescobrindo a Hist\u00f3ria Africana do Rio\"}]},{\"@type\":\"WebSite\",\"@id\":\"https:\/\/rioonwatch.org.br\/#website\",\"url\":\"https:\/\/rioonwatch.org.br\/\",\"name\":\"RioOnWatch\",\"description\":\"relatos das favelas cariocas\",\"publisher\":{\"@id\":\"https:\/\/rioonwatch.org.br\/#organization\"},\"potentialAction\":[{\"@type\":\"SearchAction\",\"target\":{\"@type\":\"EntryPoint\",\"urlTemplate\":\"https:\/\/rioonwatch.org.br\/?s={search_term_string}\"},\"query-input\":{\"@type\":\"PropertyValueSpecification\",\"valueRequired\":true,\"valueName\":\"search_term_string\"}}],\"inLanguage\":\"pt-BR\"},{\"@type\":\"Organization\",\"@id\":\"https:\/\/rioonwatch.org.br\/#organization\",\"name\":\"RioOnWatch\",\"url\":\"https:\/\/rioonwatch.org.br\/\",\"logo\":{\"@type\":\"ImageObject\",\"inLanguage\":\"pt-BR\",\"@id\":\"https:\/\/rioonwatch.org.br\/#\/schema\/logo\/image\/\",\"url\":\"https:\/\/rioonwatch.org.br\/wp-content\/uploads\/2021\/06\/RioOnWatchcabecalhoPT11anos-2.png\",\"contentUrl\":\"https:\/\/rioonwatch.org.br\/wp-content\/uploads\/2021\/06\/RioOnWatchcabecalhoPT11anos-2.png\",\"width\":779,\"height\":277,\"caption\":\"RioOnWatch\"},\"image\":{\"@id\":\"https:\/\/rioonwatch.org.br\/#\/schema\/logo\/image\/\"}},{\"@type\":\"Person\",\"@id\":\"https:\/\/rioonwatch.org.br\/#\/schema\/person\/4d05cf5053c358ab740b3edd75a173f2\",\"name\":\"Felicity\",\"image\":{\"@type\":\"ImageObject\",\"inLanguage\":\"pt-BR\",\"@id\":\"https:\/\/rioonwatch.org.br\/#\/schema\/person\/image\/\",\"url\":\"https:\/\/secure.gravatar.com\/avatar\/bfc904486dc0bba6015410a00fe3fc27?s=96&d=blank&r=g\",\"contentUrl\":\"https:\/\/secure.gravatar.com\/avatar\/bfc904486dc0bba6015410a00fe3fc27?s=96&d=blank&r=g\",\"caption\":\"Felicity\"},\"url\":\"https:\/\/rioonwatch.org.br\/?author=132\"}]}<\/script>\n<!-- \/ Yoast SEO plugin. -->","yoast_head_json":{"title":"O Afro-Rio Walking Tour: Redescobrindo a Hist\u00f3ria Africana do Rio - RioOnWatch","robots":{"index":"index","follow":"follow","max-snippet":"max-snippet:-1","max-image-preview":"max-image-preview:large","max-video-preview":"max-video-preview:-1"},"canonical":"https:\/\/rioonwatch.org.br\/?p=16552","og_locale":"pt_BR","og_type":"article","og_title":"O Afro-Rio Walking Tour: Redescobrindo a Hist\u00f3ria Africana do Rio - RioOnWatch","og_description":"Click Here for English O Rio de Janeiro est\u00e1 construindo sua nova marca como a cidade do futuro. Basta visitar a regi\u00e3o portu\u00e1ria da cidade, que atualmente passa por enormes transforma\u00e7\u00f5es urbanas como parte do [...]","og_url":"https:\/\/rioonwatch.org.br\/?p=16552","og_site_name":"RioOnWatch","article_published_time":"2015-10-12T11:45:06+00:00","article_modified_time":"2024-06-20T19:28:44+00:00","og_image":[{"width":1000,"height":750,"url":"https:\/\/rioonwatch.org.br\/wp-content\/uploads\/2015\/10\/Pedra-do-Sal.jpg","type":"image\/jpeg"}],"author":"Felicity","twitter_card":"summary_large_image","twitter_misc":{"Escrito por":"Felicity","Est. tempo de leitura":"5 minutos"},"schema":{"@context":"https:\/\/schema.org","@graph":[{"@type":"Article","@id":"https:\/\/rioonwatch.org.br\/?p=16552#article","isPartOf":{"@id":"https:\/\/rioonwatch.org.br\/?p=16552"},"author":{"name":"Felicity","@id":"https:\/\/rioonwatch.org.br\/#\/schema\/person\/4d05cf5053c358ab740b3edd75a173f2"},"headline":"O Afro-Rio Walking Tour: Redescobrindo a Hist\u00f3ria Africana do Rio","datePublished":"2015-10-12T11:45:06+00:00","dateModified":"2024-06-20T19:28:44+00:00","mainEntityOfPage":{"@id":"https:\/\/rioonwatch.org.br\/?p=16552"},"wordCount":1004,"publisher":{"@id":"https:\/\/rioonwatch.org.br\/#organization"},"image":{"@id":"https:\/\/rioonwatch.org.br\/?p=16552#primaryimage"},"thumbnailUrl":"https:\/\/rioonwatch.org.br\/wp-content\/uploads\/2015\/10\/Pedra-do-Sal.jpg","keywords":["\u00c1frica","Cais do Valongo","Centro","Circuito da Heran\u00e7a Africana","Cultura Afro-brasileira","escravid\u00e3o","hist\u00f3ria","Megaeventos","Mem\u00f3rias Faveladas","Olimp\u00edadas","Porto Maravilha","Pretos Novos","ra\u00e7a","Regi\u00e3o do Porto","turismo","Valongo","Zona Norte"],"articleSection":["*Destaque","Entendendo o Rio","Escrito por Aliados","Solu\u00e7\u00f5es","Turismo na Favela"],"inLanguage":"pt-BR"},{"@type":"WebPage","@id":"https:\/\/rioonwatch.org.br\/?p=16552","url":"https:\/\/rioonwatch.org.br\/?p=16552","name":"O Afro-Rio Walking Tour: Redescobrindo a Hist\u00f3ria Africana do Rio - RioOnWatch","isPartOf":{"@id":"https:\/\/rioonwatch.org.br\/#website"},"primaryImageOfPage":{"@id":"https:\/\/rioonwatch.org.br\/?p=16552#primaryimage"},"image":{"@id":"https:\/\/rioonwatch.org.br\/?p=16552#primaryimage"},"thumbnailUrl":"https:\/\/rioonwatch.org.br\/wp-content\/uploads\/2015\/10\/Pedra-do-Sal.jpg","datePublished":"2015-10-12T11:45:06+00:00","dateModified":"2024-06-20T19:28:44+00:00","breadcrumb":{"@id":"https:\/\/rioonwatch.org.br\/?p=16552#breadcrumb"},"inLanguage":"pt-BR","potentialAction":[{"@type":"ReadAction","target":["https:\/\/rioonwatch.org.br\/?p=16552"]}]},{"@type":"ImageObject","inLanguage":"pt-BR","@id":"https:\/\/rioonwatch.org.br\/?p=16552#primaryimage","url":"https:\/\/rioonwatch.org.br\/wp-content\/uploads\/2015\/10\/Pedra-do-Sal.jpg","contentUrl":"https:\/\/rioonwatch.org.br\/wp-content\/uploads\/2015\/10\/Pedra-do-Sal.jpg","width":1000,"height":750},{"@type":"BreadcrumbList","@id":"https:\/\/rioonwatch.org.br\/?p=16552#breadcrumb","itemListElement":[{"@type":"ListItem","position":1,"name":"In\u00edcio","item":"https:\/\/rioonwatch.org.br\/"},{"@type":"ListItem","position":2,"name":"O Afro-Rio Walking Tour: Redescobrindo a Hist\u00f3ria Africana do Rio"}]},{"@type":"WebSite","@id":"https:\/\/rioonwatch.org.br\/#website","url":"https:\/\/rioonwatch.org.br\/","name":"RioOnWatch","description":"relatos das favelas cariocas","publisher":{"@id":"https:\/\/rioonwatch.org.br\/#organization"},"potentialAction":[{"@type":"SearchAction","target":{"@type":"EntryPoint","urlTemplate":"https:\/\/rioonwatch.org.br\/?s={search_term_string}"},"query-input":{"@type":"PropertyValueSpecification","valueRequired":true,"valueName":"search_term_string"}}],"inLanguage":"pt-BR"},{"@type":"Organization","@id":"https:\/\/rioonwatch.org.br\/#organization","name":"RioOnWatch","url":"https:\/\/rioonwatch.org.br\/","logo":{"@type":"ImageObject","inLanguage":"pt-BR","@id":"https:\/\/rioonwatch.org.br\/#\/schema\/logo\/image\/","url":"https:\/\/rioonwatch.org.br\/wp-content\/uploads\/2021\/06\/RioOnWatchcabecalhoPT11anos-2.png","contentUrl":"https:\/\/rioonwatch.org.br\/wp-content\/uploads\/2021\/06\/RioOnWatchcabecalhoPT11anos-2.png","width":779,"height":277,"caption":"RioOnWatch"},"image":{"@id":"https:\/\/rioonwatch.org.br\/#\/schema\/logo\/image\/"}},{"@type":"Person","@id":"https:\/\/rioonwatch.org.br\/#\/schema\/person\/4d05cf5053c358ab740b3edd75a173f2","name":"Felicity","image":{"@type":"ImageObject","inLanguage":"pt-BR","@id":"https:\/\/rioonwatch.org.br\/#\/schema\/person\/image\/","url":"https:\/\/secure.gravatar.com\/avatar\/bfc904486dc0bba6015410a00fe3fc27?s=96&d=blank&r=g","contentUrl":"https:\/\/secure.gravatar.com\/avatar\/bfc904486dc0bba6015410a00fe3fc27?s=96&d=blank&r=g","caption":"Felicity"},"url":"https:\/\/rioonwatch.org.br\/?author=132"}]}},"_links":{"self":[{"href":"https:\/\/rioonwatch.org.br\/index.php?rest_route=\/wp\/v2\/posts\/16552"}],"collection":[{"href":"https:\/\/rioonwatch.org.br\/index.php?rest_route=\/wp\/v2\/posts"}],"about":[{"href":"https:\/\/rioonwatch.org.br\/index.php?rest_route=\/wp\/v2\/types\/post"}],"author":[{"embeddable":true,"href":"https:\/\/rioonwatch.org.br\/index.php?rest_route=\/wp\/v2\/users\/132"}],"replies":[{"embeddable":true,"href":"https:\/\/rioonwatch.org.br\/index.php?rest_route=%2Fwp%2Fv2%2Fcomments&post=16552"}],"version-history":[{"count":11,"href":"https:\/\/rioonwatch.org.br\/index.php?rest_route=\/wp\/v2\/posts\/16552\/revisions"}],"predecessor-version":[{"id":74241,"href":"https:\/\/rioonwatch.org.br\/index.php?rest_route=\/wp\/v2\/posts\/16552\/revisions\/74241"}],"wp:featuredmedia":[{"embeddable":true,"href":"https:\/\/rioonwatch.org.br\/index.php?rest_route=\/wp\/v2\/media\/16553"}],"wp:attachment":[{"href":"https:\/\/rioonwatch.org.br\/index.php?rest_route=%2Fwp%2Fv2%2Fmedia&parent=16552"}],"wp:term":[{"taxonomy":"category","embeddable":true,"href":"https:\/\/rioonwatch.org.br\/index.php?rest_route=%2Fwp%2Fv2%2Fcategories&post=16552"},{"taxonomy":"post_tag","embeddable":true,"href":"https:\/\/rioonwatch.org.br\/index.php?rest_route=%2Fwp%2Fv2%2Ftags&post=16552"},{"taxonomy":"writer","embeddable":true,"href":"https:\/\/rioonwatch.org.br\/index.php?rest_route=%2Fwp%2Fv2%2Fwriter&post=16552"},{"taxonomy":"translator","embeddable":true,"href":"https:\/\/rioonwatch.org.br\/index.php?rest_route=%2Fwp%2Fv2%2Ftranslator&post=16552"},{"taxonomy":"source","embeddable":true,"href":"https:\/\/rioonwatch.org.br\/index.php?rest_route=%2Fwp%2Fv2%2Fsource&post=16552"},{"taxonomy":"ilustrador","embeddable":true,"href":"https:\/\/rioonwatch.org.br\/index.php?rest_route=%2Fwp%2Fv2%2Filustrador&post=16552"},{"taxonomy":"fotografo","embeddable":true,"href":"https:\/\/rioonwatch.org.br\/index.php?rest_route=%2Fwp%2Fv2%2Ffotografo&post=16552"}],"curies":[{"name":"wp","href":"https:\/\/api.w.org\/{rel}","templated":true}]}}