{"id":16585,"date":"2015-10-11T10:44:36","date_gmt":"2015-10-11T13:44:36","guid":{"rendered":"http:\/\/rioonwatch.org.br\/?p=16585"},"modified":"2024-05-24T12:41:22","modified_gmt":"2024-05-24T15:41:22","slug":"segregacao-vigilantismo-e-protesto-respostas-aos-roubos-nas-praias-do-rio","status":"publish","type":"post","link":"https:\/\/rioonwatch.org.br\/?p=16585","title":{"rendered":"Segrega\u00e7\u00e3o, Vigilantismo e Protesto: Respostas aos Roubos nas Praias do Rio"},"content":{"rendered":"<p style=\"text-align: right;\"><a href=\"http:\/\/bit.ly\/1NtC1nQ\" target=\"_blank\" rel=\"noopener\"><em><strong>Click Here for English<img decoding=\"async\" width=\"20\" height=\"20\" class=\"alignright wp-image-15790\" src=\"http:\/\/rioonwatch.org.br\/wp-content\/uploads\/2012\/08\/EN-standard-e1439583104716.jpg\" alt=\"\" \/><\/strong><\/em><\/a><\/p>\n<p>A tens\u00e3o entre moradores das zonas Sul e Norte do Rio de Janeiro atingiu um novo pico com a\u00a0amea\u00e7a de viol\u00eancia nas praias cariocas neste ano pr\u00e9-ol\u00edmpico. Em 23 de agosto, \u00f4nibus lotados com cerca de 150 adolescentes foram detidos em Botafogo, no caminho para as praias da <a href=\"http:\/\/bit.ly\/1mNsDyk\" target=\"_blank\" rel=\"noopener\">Zona Sul<\/a>,\u00a0sobre o pretexto de que os jovens a bordo estavam indo com a inten\u00e7\u00e3o de roubar e se envolverem em viol\u00eancia. Os jovens foram detidos e levados para o Centro Integrado de Atendimento \u00e0 Crian\u00e7a e ao Adolescente (CIACA) sem terem cometido um crime.<\/p>\n<p>Um adolescente <a href=\"http:\/\/bit.ly\/1JOSQlq\" target=\"_blank\" rel=\"noopener\">disse<\/a>: \u201cTiraram n\u00f3s do \u00f4nibus pra sentar no ch\u00e3o sujo e entrar na Kombi. Acham que n\u00f3s \u00e9 ladr\u00e3o s\u00f3 porque n\u00f3s \u00e9 preto\u201d. O governador do Rio de Janeiro, <a href=\"http:\/\/bit.ly\/1R3CDy8\" target=\"_blank\" rel=\"noopener\">Luiz Fernando Pez\u00e3o<\/a>, comentou que esta medida de precau\u00e7\u00e3o est\u00e1 sendo tomada pela <a href=\"http:\/\/bit.ly\/1mtYvXK\" target=\"_blank\" rel=\"noopener\">Pol\u00edcia Militar<\/a> para evitar arrast\u00f5es. Ele <a href=\"http:\/\/bit.ly\/1PPJiMh\" target=\"_blank\" rel=\"noopener\">disse<\/a>: &#8220;Repercuss\u00e3o sempre d\u00e1. D\u00e1 quando [a pol\u00edcia] n\u00e3o age e quando age. Quantos arrast\u00f5es n\u00f3s tivemos, praticados por alguns desses menores? N\u00e3o estou falando que s\u00e3o todos os que estavam ali, mas tem muitos deles, mapeados, que j\u00e1 foram apreendidos mais de cinco, oito, dez ou 15 vezes&#8221;.<\/p>\n<p>Independentemente de saber se estas crian\u00e7as t\u00eam antecedentes criminais ou n\u00e3o, os detendo e enviando-os para o CIACA constitui uma viola\u00e7\u00e3o direta dos seus <a href=\"http:\/\/bit.ly\/1iqdzi3\" target=\"_blank\" rel=\"noopener\">direitos humanos<\/a>. Um <a href=\"http:\/\/glo.bo\/1QZmKsA\" target=\"_blank\" rel=\"noopener\">recente acordo<\/a> declarou que a Pol\u00edcia Militar n\u00e3o pode parar e revistar os adolescentes que tentam ir para a praia, a menos que eles estejam cometendo um crime. O juiz Luiz Fernando (presidente do Tribunal de Justi\u00e7a do Rio de Janeiro) <a href=\"http:\/\/glo.bo\/1QfT6PD\" target=\"_blank\" rel=\"noopener\">afirmou<\/a> que &#8220;N\u00e3o se pode supor que algu\u00e9m, um grupo de adolescentes, s\u00f3 porque se est\u00e1 num \u00f4nibus, estaria se dirigindo para cometer estes arrast\u00f5es. N\u00e3o pode haver esta adivinha\u00e7\u00e3o, esta suposi\u00e7\u00e3o do arrast\u00e3o. N\u00e3o \u00e9 por um exerc\u00edcio de adivinha\u00e7\u00e3o que se pode privar os adolescentes do direito \u00e0 liberdade.&#8221;<\/p>\n<p>A deten\u00e7\u00e3o de jovens em 23 de agosto causou indigna\u00e7\u00e3o entre moradores da <a href=\"http:\/\/bit.ly\/WximDf\" target=\"_blank\" rel=\"noopener\">Zona Norte<\/a> por causa das inten\u00e7\u00f5es criminosas assumidas. Um ambiente cada vez maior de medo e especula\u00e7\u00e3o foi criado, deixando cidad\u00e3os de baixa-renda\u00a0implicitamente exclu\u00eddos do espa\u00e7o p\u00fablico da Zona Sul. Este <a href=\"http:\/\/bit.ly\/1cXrqv5\" target=\"_blank\" rel=\"noopener\">tema recorrente<\/a> de <a href=\"http:\/\/bit.ly\/1hvVsxW\" target=\"_blank\" rel=\"noopener\">segrega\u00e7\u00e3o<\/a> p\u00fablica \u00e9 uma das manifesta\u00e7\u00f5es mais profundas e flagrantes da divis\u00e3o s\u00f3cio-econ\u00f3mica que existe no Rio hoje.<\/p>\n<p><a href=\"http:\/\/rioonwatch.org.br\/wp-content\/uploads\/2015\/10\/pm-jovens-praia.jpg\"><img fetchpriority=\"high\" decoding=\"async\" class=\"aligncenter size-content wp-image-16542\" src=\"http:\/\/rioonwatch.org.br\/wp-content\/uploads\/2015\/10\/pm-jovens-praia-620x264.jpg\" alt=\"\" width=\"620\" height=\"264\" srcset=\"https:\/\/rioonwatch.org.br\/wp-content\/uploads\/2015\/10\/pm-jovens-praia-620x264.jpg 620w, https:\/\/rioonwatch.org.br\/wp-content\/uploads\/2015\/10\/pm-jovens-praia-940x400.jpg 940w\" sizes=\"(max-width: 620px) 100vw, 620px\" \/><\/a><\/p>\n<p>O fim de semana de 19 e 20 de setembro viu um aumento de roubos e assaltos nas praias e nos bairros da Zona Sul de <a href=\"http:\/\/bit.ly\/1H6bGrX\" target=\"_blank\" rel=\"noopener\">Copacabana<\/a>, <a href=\"http:\/\/bit.ly\/1LwIGHh\" target=\"_blank\" rel=\"noopener\">Ipanema<\/a>, Humait\u00e1 e Botafogo. No s\u00e1bado e domingo, 22 adolescentes e seis adultos foram apreendidos pela pol\u00edcia. De acordo com a Pol\u00edcia C\u00edvil, eles haviam roubado itens de pessoas. Muitos destes roubos e assaltos, como aquele em que dois jovens s\u00e3o vistos <a href=\"http:\/\/bit.ly\/1Z4ciFX\" target=\"_blank\" rel=\"noopener\">brigando por uma bicicleta<\/a>, foram gravados e publicados em redes sociais onde eles suscitaram uma rea\u00e7\u00e3o imediata de cidad\u00e3os cariocas\u00a0e da m\u00eddia nacional, incluindo uma s\u00e9rie de postagens agressivas e racistas.<\/p>\n<p>Um v\u00eddeo da d\u00e9cada de 1990 que documenta coment\u00e1rios racistas por banhistas na Barra da Tijuca foi <a href=\"http:\/\/on.fb.me\/1PfaohC\" target=\"_blank\" rel=\"noopener\">divulgado pelo Coletivo Mariachi<\/a> em sua p\u00e1gina no Facebook e se tornou viral, causando uma onda de rea\u00e7\u00f5es indignadas e levando um dos protagonistas do v\u00eddeo a pedir desculpas publicamente. No v\u00eddeo, Angela Moss reclamou de pobres &#8220;sem educa\u00e7\u00e3o&#8221; de serem autorizados de irem para a praia e se refere a eles como \u201csub-ra\u00e7a\u201d. Ela recentemente <a href=\"http:\/\/on.fb.me\/1WIz6Jp\" target=\"_blank\" rel=\"noopener\">publicou um comunicado<\/a> no Facebook dizendo: &#8220;Infelizmente era eu nesse v\u00eddeo quando tinha 18 anos. Eu era uma crian\u00e7a retardada e com pouco conhecimento. Mesmo culta era uma alienada.&#8221; Moss, agora com 47 anos, disse que estava feliz de ver que as pessoas estavam indignados com o v\u00eddeo, e o que a incomodava eram as mensagens de apoio para o que ela disse na \u00e9poca.<\/p>\n<p><a href=\"http:\/\/rioonwatch.org.br\/wp-content\/uploads\/2015\/10\/150923221250_angela_moss_624x351_reproducao_nocredit.jpg\"><img decoding=\"async\" class=\"aligncenter wp-image-16587 size-content\" title=\"Angela Moss no document\u00e1rio &quot;Os Pobres V\u00e3o \u00e0 Praia&quot; dos anos 90\" src=\"http:\/\/rioonwatch.org.br\/wp-content\/uploads\/2015\/10\/150923221250_angela_moss_624x351_reproducao_nocredit-620x264.jpg\" alt=\"\" width=\"620\" height=\"264\" \/><\/a><\/p>\n<p>Uma rea\u00e7\u00e3o assustadora para o recente aumento da criminalidade tem sido um aumento no vigilantismo. No domingo, 20 de setembro, <a href=\"http:\/\/glo.bo\/1OKZC2q\" target=\"_blank\" rel=\"noopener\">moradores de Copacabana colocaram como alvo o \u00f4nibus da linha 474<\/a>, quebrando janelas e atacando passageiros em seu caminho de volta para a Zona Norte depois de um dia na praia. \u00c9 preocupante; as a\u00e7\u00f5es receberam elogios na m\u00eddia social com coment\u00e1rios como: &#8220;Pol\u00edcia n\u00e3o faz nada. Os justiceiros fazem! Meus aplausos&#8221;.<\/p>\n<p>Vigilantismo na Zona Sul do Rio, bem como arrast\u00f5es\u00a0nas praias do Rio de Janeiro, s\u00e3o <a href=\"http:\/\/bit.ly\/1cXrqv5\" target=\"_blank\" rel=\"noopener\">fen\u00f4menos familiares que remontam d\u00e9cadas<\/a>. No entanto, a ascens\u00e3o das m\u00eddias sociais torna poss\u00edvel para os grupos se organizarem e para as pessoas ativamente e publicamente incitarem a viol\u00eancia. Um grupo no Facebook preocupado com a recente onda de assaltos mostra <a href=\"http:\/\/on.fb.me\/1L2d64Q\" target=\"_blank\" rel=\"noopener\">um post<\/a> de um jovem que sugere jogar garrafas de vidro ou \u00e1gua fervendo pelas janelas dos apartamentos, formar gangues de bicicletas para patrulhar as ruas e andarem armados com ferramentas, soqueiras e sprays de pimenta.<\/p>\n<p>A Prefeitura tem respondido atrav\u00e9s da introdu\u00e7\u00e3o de uma medida para cortar pelo menos 21 linhas de \u00f4nibus at\u00e9 o final do ano, com o discurso oficial que isso \u00e9 para melhorar o sistema de <a href=\"http:\/\/bit.ly\/1yzeVVK\" target=\"_blank\" rel=\"noopener\">transporte p\u00fablico<\/a>. Essas mudan\u00e7as v\u00e3o alterar bastante as rotinas di\u00e1rias para at\u00e9 100.000 pessoas, obrigando muitos a <a href=\"http:\/\/bit.ly\/1NSNyLQ\" target=\"_blank\" rel=\"noopener\">pagarem mais por trajetos mais longos<\/a>. A mudan\u00e7a mais not\u00e1vel \u00e9 uma redu\u00e7\u00e3o consider\u00e1vel do n\u00famero de linhas que funcionam come\u00e7ando da Zona Norte indo at\u00e9 a Zona Sul, perpetuando o crescente problema da segrega\u00e7\u00e3o dos espa\u00e7os no Rio.<\/p>\n<p><a href=\"http:\/\/rioonwatch.org.br\/wp-content\/uploads\/2015\/10\/farofaco1.jpg\"><img loading=\"lazy\" decoding=\"async\" class=\"aligncenter wp-image-16588 size-content\" title=\"Evento &quot;Farofa\u00e7o&quot; \" src=\"http:\/\/rioonwatch.org.br\/wp-content\/uploads\/2015\/10\/farofaco1-620x264.jpg\" alt=\"\" width=\"620\" height=\"264\" srcset=\"https:\/\/rioonwatch.org.br\/wp-content\/uploads\/2015\/10\/farofaco1-620x264.jpg 620w, https:\/\/rioonwatch.org.br\/wp-content\/uploads\/2015\/10\/farofaco1-940x400.jpg 940w\" sizes=\"(max-width: 620px) 100vw, 620px\" \/><\/a><\/p>\n<p>A segrega\u00e7\u00e3o crescente e preconceituosa contra os moradores da Zona Norte implicadas pelo vigilantismo, medidas de seguran\u00e7a e altera\u00e7\u00f5es de transportes provocou protestos entre aqueles que defendem o direito de acesso \u00e0s praias p\u00fablicas do Rio de Janeiro. No domingo 05 de outubro, cerca de 200 pessoas se reuniram em Ipanema para participar do &#8220;<a href=\"http:\/\/on.fb.me\/1Kv8Tsq\" target=\"_blank\" rel=\"noopener\">Farofa\u00e7o<\/a>&#8220;, evento de protesto promovido pelo <a href=\"http:\/\/bit.ly\/1CLd514\" target=\"_blank\" rel=\"noopener\">Coletivo Papo Reto<\/a> com base no <a href=\"http:\/\/bit.ly\/U0MiGm\" target=\"_blank\" rel=\"noopener\">Complexo do Alem\u00e3o<\/a>. O t\u00edtulo refere-se a eventos tradicionais de cariocas de ascend\u00eancia nordestina que v\u00e3o \u00e0 praia trazendo comida caseira, como frango com farofa.<\/p>\n<p>O evento foi coberto extensivamente pela m\u00eddia, com um <a href=\"http:\/\/on.fb.me\/1LlvXLI\" target=\"_blank\" rel=\"noopener\">v\u00eddeo produzido pela <em>Carta Capital<\/em><\/a> mostrando a discrep\u00e2ncia entre alguns que acreditam no acesso desimpedido ao espa\u00e7o p\u00fablico, enquanto outros, principalmente de Ipanema, onde o protesto foi realizado, preferindo acesso restrito. Manifestantes dedicaram um minuto de sil\u00eancio para o <a href=\"http:\/\/bit.ly\/1VKwt7A\" target=\"_blank\" rel=\"noopener\">n\u00famero alarmante de jovens negros assassinados<\/a> em favelas do Rio. O grupo, ent\u00e3o, marchou ao ritmo do <a href=\"http:\/\/bit.ly\/11ojstB\" target=\"_blank\" rel=\"noopener\">Bloco Apafunk<\/a> para a ic\u00f4nica praia do Arpoador onde eles pacificamente condenaram a escalada das tens\u00f5es entre a Zona Norte e Sul.<\/p>\n<!-- AddThis Advanced Settings generic via filter on the_content --><!-- AddThis Share Buttons generic via filter on the_content -->","protected":false},"excerpt":{"rendered":"<div class=\"mh-excerpt\"><p>Click Here for English A tens\u00e3o entre moradores das zonas Sul e Norte do Rio de Janeiro atingiu um novo pico com a\u00a0amea\u00e7a de viol\u00eancia nas praias cariocas neste ano pr\u00e9-ol\u00edmpico. Em 23 de agosto, <a class=\"mh-excerpt-more\" href=\"https:\/\/rioonwatch.org.br\/?p=16585\" title=\"Segrega\u00e7\u00e3o, Vigilantismo e Protesto: Respostas aos Roubos nas Praias do Rio\">[&#8230;]<\/a><!-- AddThis Advanced Settings generic via filter on get_the_excerpt --><!-- AddThis Share Buttons generic via filter on get_the_excerpt --><\/p>\n<\/div>","protected":false},"author":132,"featured_media":16589,"comment_status":"closed","ping_status":"closed","sticky":false,"template":"","format":"standard","meta":{"_acf_changed":false,"_monsterinsights_skip_tracking":false,"_monsterinsights_sitenote_active":false,"_monsterinsights_sitenote_note":"","_monsterinsights_sitenote_category":0,"footnotes":""},"categories":[1618,1635,1621,346,1626],"tags":[386,934,3253,1696,217,931,413,88,1306,1698,1512,1418,486,673,774,935,126,839,763,814,764,370,1144,218,383],"writer":[1695,1679],"translator":[1491],"source":[],"ilustrador":[],"fotografo":[],"class_list":{"0":"post-16585","1":"post","2":"type-post","3":"status-publish","4":"format-standard","5":"has-post-thumbnail","7":"category-olhonaparticipacao","8":"category-1635","9":"category-destaque","10":"category-denuncias","11":"category-por-observadores-internacionais","12":"tag-estigma","13":"tag-acesso","14":"tag-antirracismo","15":"tag-botafogo","16":"tag-complexo-do-alemao","17":"tag-copacabana","18":"tag-desigualdade","19":"tag-direitos-humanos","20":"tag-exclusao","21":"tag-farofaco","22":"tag-governador-pezao","23":"tag-coletivo-papo-reto","24":"tag-ipanema","25":"tag-onibus","26":"tag-policia-militar","27":"tag-praia","28":"tag-preconceito","29":"tag-prioridades-publicas-equivocadas","30":"tag-protesto","31":"tag-segregacao","32":"tag-transporte","33":"tag-transporte-publico","34":"tag-violencia-urbana","35":"tag-zona-norte","36":"tag-zona-sul","37":"writer-benito-aranda-comer","38":"writer-federico-olivieri","39":"translator-patricia-gomes"},"acf":[],"yoast_head":"<!-- This site is optimized with the Yoast SEO plugin v25.6 - https:\/\/yoast.com\/wordpress\/plugins\/seo\/ -->\n<title>Segrega\u00e7\u00e3o, Vigilantismo e Protesto: Respostas aos Roubos nas Praias do Rio - RioOnWatch<\/title>\n<meta name=\"robots\" content=\"index, follow, max-snippet:-1, max-image-preview:large, max-video-preview:-1\" \/>\n<link rel=\"canonical\" href=\"https:\/\/rioonwatch.org.br\/?p=16585\" \/>\n<meta property=\"og:locale\" content=\"pt_BR\" \/>\n<meta property=\"og:type\" content=\"article\" \/>\n<meta property=\"og:title\" content=\"Segrega\u00e7\u00e3o, Vigilantismo e Protesto: Respostas aos Roubos nas Praias do Rio - RioOnWatch\" \/>\n<meta property=\"og:description\" content=\"Click Here for English A tens\u00e3o entre moradores das zonas Sul e Norte do Rio de Janeiro atingiu um novo pico com a\u00a0amea\u00e7a de viol\u00eancia nas praias cariocas neste ano pr\u00e9-ol\u00edmpico. Em 23 de agosto, [...]\" \/>\n<meta property=\"og:url\" content=\"https:\/\/rioonwatch.org.br\/?p=16585\" \/>\n<meta property=\"og:site_name\" content=\"RioOnWatch\" \/>\n<meta property=\"article:published_time\" content=\"2015-10-11T13:44:36+00:00\" \/>\n<meta property=\"article:modified_time\" content=\"2024-05-24T15:41:22+00:00\" \/>\n<meta property=\"og:image\" content=\"https:\/\/rioonwatch.org.br\/wp-content\/uploads\/2015\/10\/Moradores-Copacabana-agredem-jovens-que-estavam-num-onibus-que-seguia-para-a-Zona-Norte.jpg\" \/>\n\t<meta property=\"og:image:width\" content=\"699\" \/>\n\t<meta property=\"og:image:height\" content=\"420\" \/>\n\t<meta property=\"og:image:type\" content=\"image\/jpeg\" \/>\n<meta name=\"author\" content=\"Felicity\" \/>\n<meta name=\"twitter:card\" content=\"summary_large_image\" \/>\n<meta name=\"twitter:label1\" content=\"Escrito por\" \/>\n\t<meta name=\"twitter:data1\" content=\"Felicity\" \/>\n\t<meta name=\"twitter:label2\" content=\"Est. tempo de leitura\" \/>\n\t<meta name=\"twitter:data2\" content=\"6 minutos\" \/>\n<script type=\"application\/ld+json\" class=\"yoast-schema-graph\">{\"@context\":\"https:\/\/schema.org\",\"@graph\":[{\"@type\":\"Article\",\"@id\":\"https:\/\/rioonwatch.org.br\/?p=16585#article\",\"isPartOf\":{\"@id\":\"https:\/\/rioonwatch.org.br\/?p=16585\"},\"author\":{\"name\":\"Felicity\",\"@id\":\"https:\/\/rioonwatch.org.br\/#\/schema\/person\/4d05cf5053c358ab740b3edd75a173f2\"},\"headline\":\"Segrega\u00e7\u00e3o, Vigilantismo e Protesto: Respostas aos Roubos nas Praias do Rio\",\"datePublished\":\"2015-10-11T13:44:36+00:00\",\"dateModified\":\"2024-05-24T15:41:22+00:00\",\"mainEntityOfPage\":{\"@id\":\"https:\/\/rioonwatch.org.br\/?p=16585\"},\"wordCount\":1166,\"publisher\":{\"@id\":\"https:\/\/rioonwatch.org.br\/#organization\"},\"image\":{\"@id\":\"https:\/\/rioonwatch.org.br\/?p=16585#primaryimage\"},\"thumbnailUrl\":\"https:\/\/rioonwatch.org.br\/wp-content\/uploads\/2015\/10\/Moradores-Copacabana-agredem-jovens-que-estavam-num-onibus-que-seguia-para-a-Zona-Norte.jpg\",\"keywords\":[\"#StopFavelaStigma\",\"acesso\",\"Antirracismo\",\"Botafogo\",\"Complexo do Alem\u00e3o\",\"Copacabana\",\"desigualdade\",\"Direitos Humanos\",\"exclus\u00e3o\",\"Farofa\u00e7o\",\"Governador Pez\u00e3o\",\"Instituto Papo Reto\",\"Ipanema\",\"\u00f4nibus\",\"Pol\u00edcia Militar\",\"praia\",\"preconceito\",\"prioridades p\u00fablicas equivocadas\",\"protesto\",\"segrega\u00e7\u00e3o\",\"transporte\",\"transporte p\u00fablico\",\"viol\u00eancia urbana\",\"Zona Norte\",\"Zona Sul\"],\"articleSection\":[\"#OlhoNaParticipa\u00e7\u00e3o\",\"#Rio2016\",\"*Destaque\",\"Den\u00fancias\",\"Escrito por Aliados\"],\"inLanguage\":\"pt-BR\"},{\"@type\":\"WebPage\",\"@id\":\"https:\/\/rioonwatch.org.br\/?p=16585\",\"url\":\"https:\/\/rioonwatch.org.br\/?p=16585\",\"name\":\"Segrega\u00e7\u00e3o, Vigilantismo e Protesto: Respostas aos Roubos nas Praias do Rio - RioOnWatch\",\"isPartOf\":{\"@id\":\"https:\/\/rioonwatch.org.br\/#website\"},\"primaryImageOfPage\":{\"@id\":\"https:\/\/rioonwatch.org.br\/?p=16585#primaryimage\"},\"image\":{\"@id\":\"https:\/\/rioonwatch.org.br\/?p=16585#primaryimage\"},\"thumbnailUrl\":\"https:\/\/rioonwatch.org.br\/wp-content\/uploads\/2015\/10\/Moradores-Copacabana-agredem-jovens-que-estavam-num-onibus-que-seguia-para-a-Zona-Norte.jpg\",\"datePublished\":\"2015-10-11T13:44:36+00:00\",\"dateModified\":\"2024-05-24T15:41:22+00:00\",\"breadcrumb\":{\"@id\":\"https:\/\/rioonwatch.org.br\/?p=16585#breadcrumb\"},\"inLanguage\":\"pt-BR\",\"potentialAction\":[{\"@type\":\"ReadAction\",\"target\":[\"https:\/\/rioonwatch.org.br\/?p=16585\"]}]},{\"@type\":\"ImageObject\",\"inLanguage\":\"pt-BR\",\"@id\":\"https:\/\/rioonwatch.org.br\/?p=16585#primaryimage\",\"url\":\"https:\/\/rioonwatch.org.br\/wp-content\/uploads\/2015\/10\/Moradores-Copacabana-agredem-jovens-que-estavam-num-onibus-que-seguia-para-a-Zona-Norte.jpg\",\"contentUrl\":\"https:\/\/rioonwatch.org.br\/wp-content\/uploads\/2015\/10\/Moradores-Copacabana-agredem-jovens-que-estavam-num-onibus-que-seguia-para-a-Zona-Norte.jpg\",\"width\":699,\"height\":420},{\"@type\":\"BreadcrumbList\",\"@id\":\"https:\/\/rioonwatch.org.br\/?p=16585#breadcrumb\",\"itemListElement\":[{\"@type\":\"ListItem\",\"position\":1,\"name\":\"In\u00edcio\",\"item\":\"https:\/\/rioonwatch.org.br\/\"},{\"@type\":\"ListItem\",\"position\":2,\"name\":\"Segrega\u00e7\u00e3o, Vigilantismo e Protesto: Respostas aos Roubos nas Praias do Rio\"}]},{\"@type\":\"WebSite\",\"@id\":\"https:\/\/rioonwatch.org.br\/#website\",\"url\":\"https:\/\/rioonwatch.org.br\/\",\"name\":\"RioOnWatch\",\"description\":\"relatos das favelas cariocas\",\"publisher\":{\"@id\":\"https:\/\/rioonwatch.org.br\/#organization\"},\"potentialAction\":[{\"@type\":\"SearchAction\",\"target\":{\"@type\":\"EntryPoint\",\"urlTemplate\":\"https:\/\/rioonwatch.org.br\/?s={search_term_string}\"},\"query-input\":{\"@type\":\"PropertyValueSpecification\",\"valueRequired\":true,\"valueName\":\"search_term_string\"}}],\"inLanguage\":\"pt-BR\"},{\"@type\":\"Organization\",\"@id\":\"https:\/\/rioonwatch.org.br\/#organization\",\"name\":\"RioOnWatch\",\"url\":\"https:\/\/rioonwatch.org.br\/\",\"logo\":{\"@type\":\"ImageObject\",\"inLanguage\":\"pt-BR\",\"@id\":\"https:\/\/rioonwatch.org.br\/#\/schema\/logo\/image\/\",\"url\":\"https:\/\/rioonwatch.org.br\/wp-content\/uploads\/2021\/06\/RioOnWatchcabecalhoPT11anos-2.png\",\"contentUrl\":\"https:\/\/rioonwatch.org.br\/wp-content\/uploads\/2021\/06\/RioOnWatchcabecalhoPT11anos-2.png\",\"width\":779,\"height\":277,\"caption\":\"RioOnWatch\"},\"image\":{\"@id\":\"https:\/\/rioonwatch.org.br\/#\/schema\/logo\/image\/\"}},{\"@type\":\"Person\",\"@id\":\"https:\/\/rioonwatch.org.br\/#\/schema\/person\/4d05cf5053c358ab740b3edd75a173f2\",\"name\":\"Felicity\",\"image\":{\"@type\":\"ImageObject\",\"inLanguage\":\"pt-BR\",\"@id\":\"https:\/\/rioonwatch.org.br\/#\/schema\/person\/image\/\",\"url\":\"https:\/\/secure.gravatar.com\/avatar\/bfc904486dc0bba6015410a00fe3fc27?s=96&d=blank&r=g\",\"contentUrl\":\"https:\/\/secure.gravatar.com\/avatar\/bfc904486dc0bba6015410a00fe3fc27?s=96&d=blank&r=g\",\"caption\":\"Felicity\"},\"url\":\"https:\/\/rioonwatch.org.br\/?author=132\"}]}<\/script>\n<!-- \/ Yoast SEO plugin. -->","yoast_head_json":{"title":"Segrega\u00e7\u00e3o, Vigilantismo e Protesto: Respostas aos Roubos nas Praias do Rio - RioOnWatch","robots":{"index":"index","follow":"follow","max-snippet":"max-snippet:-1","max-image-preview":"max-image-preview:large","max-video-preview":"max-video-preview:-1"},"canonical":"https:\/\/rioonwatch.org.br\/?p=16585","og_locale":"pt_BR","og_type":"article","og_title":"Segrega\u00e7\u00e3o, Vigilantismo e Protesto: Respostas aos Roubos nas Praias do Rio - RioOnWatch","og_description":"Click Here for English A tens\u00e3o entre moradores das zonas Sul e Norte do Rio de Janeiro atingiu um novo pico com a\u00a0amea\u00e7a de viol\u00eancia nas praias cariocas neste ano pr\u00e9-ol\u00edmpico. Em 23 de agosto, [...]","og_url":"https:\/\/rioonwatch.org.br\/?p=16585","og_site_name":"RioOnWatch","article_published_time":"2015-10-11T13:44:36+00:00","article_modified_time":"2024-05-24T15:41:22+00:00","og_image":[{"width":699,"height":420,"url":"https:\/\/rioonwatch.org.br\/wp-content\/uploads\/2015\/10\/Moradores-Copacabana-agredem-jovens-que-estavam-num-onibus-que-seguia-para-a-Zona-Norte.jpg","type":"image\/jpeg"}],"author":"Felicity","twitter_card":"summary_large_image","twitter_misc":{"Escrito por":"Felicity","Est. tempo de leitura":"6 minutos"},"schema":{"@context":"https:\/\/schema.org","@graph":[{"@type":"Article","@id":"https:\/\/rioonwatch.org.br\/?p=16585#article","isPartOf":{"@id":"https:\/\/rioonwatch.org.br\/?p=16585"},"author":{"name":"Felicity","@id":"https:\/\/rioonwatch.org.br\/#\/schema\/person\/4d05cf5053c358ab740b3edd75a173f2"},"headline":"Segrega\u00e7\u00e3o, Vigilantismo e Protesto: Respostas aos Roubos nas Praias do Rio","datePublished":"2015-10-11T13:44:36+00:00","dateModified":"2024-05-24T15:41:22+00:00","mainEntityOfPage":{"@id":"https:\/\/rioonwatch.org.br\/?p=16585"},"wordCount":1166,"publisher":{"@id":"https:\/\/rioonwatch.org.br\/#organization"},"image":{"@id":"https:\/\/rioonwatch.org.br\/?p=16585#primaryimage"},"thumbnailUrl":"https:\/\/rioonwatch.org.br\/wp-content\/uploads\/2015\/10\/Moradores-Copacabana-agredem-jovens-que-estavam-num-onibus-que-seguia-para-a-Zona-Norte.jpg","keywords":["#StopFavelaStigma","acesso","Antirracismo","Botafogo","Complexo do Alem\u00e3o","Copacabana","desigualdade","Direitos Humanos","exclus\u00e3o","Farofa\u00e7o","Governador Pez\u00e3o","Instituto Papo Reto","Ipanema","\u00f4nibus","Pol\u00edcia Militar","praia","preconceito","prioridades p\u00fablicas equivocadas","protesto","segrega\u00e7\u00e3o","transporte","transporte p\u00fablico","viol\u00eancia urbana","Zona Norte","Zona Sul"],"articleSection":["#OlhoNaParticipa\u00e7\u00e3o","#Rio2016","*Destaque","Den\u00fancias","Escrito por Aliados"],"inLanguage":"pt-BR"},{"@type":"WebPage","@id":"https:\/\/rioonwatch.org.br\/?p=16585","url":"https:\/\/rioonwatch.org.br\/?p=16585","name":"Segrega\u00e7\u00e3o, Vigilantismo e Protesto: Respostas aos Roubos nas Praias do Rio - RioOnWatch","isPartOf":{"@id":"https:\/\/rioonwatch.org.br\/#website"},"primaryImageOfPage":{"@id":"https:\/\/rioonwatch.org.br\/?p=16585#primaryimage"},"image":{"@id":"https:\/\/rioonwatch.org.br\/?p=16585#primaryimage"},"thumbnailUrl":"https:\/\/rioonwatch.org.br\/wp-content\/uploads\/2015\/10\/Moradores-Copacabana-agredem-jovens-que-estavam-num-onibus-que-seguia-para-a-Zona-Norte.jpg","datePublished":"2015-10-11T13:44:36+00:00","dateModified":"2024-05-24T15:41:22+00:00","breadcrumb":{"@id":"https:\/\/rioonwatch.org.br\/?p=16585#breadcrumb"},"inLanguage":"pt-BR","potentialAction":[{"@type":"ReadAction","target":["https:\/\/rioonwatch.org.br\/?p=16585"]}]},{"@type":"ImageObject","inLanguage":"pt-BR","@id":"https:\/\/rioonwatch.org.br\/?p=16585#primaryimage","url":"https:\/\/rioonwatch.org.br\/wp-content\/uploads\/2015\/10\/Moradores-Copacabana-agredem-jovens-que-estavam-num-onibus-que-seguia-para-a-Zona-Norte.jpg","contentUrl":"https:\/\/rioonwatch.org.br\/wp-content\/uploads\/2015\/10\/Moradores-Copacabana-agredem-jovens-que-estavam-num-onibus-que-seguia-para-a-Zona-Norte.jpg","width":699,"height":420},{"@type":"BreadcrumbList","@id":"https:\/\/rioonwatch.org.br\/?p=16585#breadcrumb","itemListElement":[{"@type":"ListItem","position":1,"name":"In\u00edcio","item":"https:\/\/rioonwatch.org.br\/"},{"@type":"ListItem","position":2,"name":"Segrega\u00e7\u00e3o, Vigilantismo e Protesto: Respostas aos Roubos nas Praias do Rio"}]},{"@type":"WebSite","@id":"https:\/\/rioonwatch.org.br\/#website","url":"https:\/\/rioonwatch.org.br\/","name":"RioOnWatch","description":"relatos das favelas cariocas","publisher":{"@id":"https:\/\/rioonwatch.org.br\/#organization"},"potentialAction":[{"@type":"SearchAction","target":{"@type":"EntryPoint","urlTemplate":"https:\/\/rioonwatch.org.br\/?s={search_term_string}"},"query-input":{"@type":"PropertyValueSpecification","valueRequired":true,"valueName":"search_term_string"}}],"inLanguage":"pt-BR"},{"@type":"Organization","@id":"https:\/\/rioonwatch.org.br\/#organization","name":"RioOnWatch","url":"https:\/\/rioonwatch.org.br\/","logo":{"@type":"ImageObject","inLanguage":"pt-BR","@id":"https:\/\/rioonwatch.org.br\/#\/schema\/logo\/image\/","url":"https:\/\/rioonwatch.org.br\/wp-content\/uploads\/2021\/06\/RioOnWatchcabecalhoPT11anos-2.png","contentUrl":"https:\/\/rioonwatch.org.br\/wp-content\/uploads\/2021\/06\/RioOnWatchcabecalhoPT11anos-2.png","width":779,"height":277,"caption":"RioOnWatch"},"image":{"@id":"https:\/\/rioonwatch.org.br\/#\/schema\/logo\/image\/"}},{"@type":"Person","@id":"https:\/\/rioonwatch.org.br\/#\/schema\/person\/4d05cf5053c358ab740b3edd75a173f2","name":"Felicity","image":{"@type":"ImageObject","inLanguage":"pt-BR","@id":"https:\/\/rioonwatch.org.br\/#\/schema\/person\/image\/","url":"https:\/\/secure.gravatar.com\/avatar\/bfc904486dc0bba6015410a00fe3fc27?s=96&d=blank&r=g","contentUrl":"https:\/\/secure.gravatar.com\/avatar\/bfc904486dc0bba6015410a00fe3fc27?s=96&d=blank&r=g","caption":"Felicity"},"url":"https:\/\/rioonwatch.org.br\/?author=132"}]}},"_links":{"self":[{"href":"https:\/\/rioonwatch.org.br\/index.php?rest_route=\/wp\/v2\/posts\/16585"}],"collection":[{"href":"https:\/\/rioonwatch.org.br\/index.php?rest_route=\/wp\/v2\/posts"}],"about":[{"href":"https:\/\/rioonwatch.org.br\/index.php?rest_route=\/wp\/v2\/types\/post"}],"author":[{"embeddable":true,"href":"https:\/\/rioonwatch.org.br\/index.php?rest_route=\/wp\/v2\/users\/132"}],"replies":[{"embeddable":true,"href":"https:\/\/rioonwatch.org.br\/index.php?rest_route=%2Fwp%2Fv2%2Fcomments&post=16585"}],"version-history":[{"count":14,"href":"https:\/\/rioonwatch.org.br\/index.php?rest_route=\/wp\/v2\/posts\/16585\/revisions"}],"predecessor-version":[{"id":58948,"href":"https:\/\/rioonwatch.org.br\/index.php?rest_route=\/wp\/v2\/posts\/16585\/revisions\/58948"}],"wp:featuredmedia":[{"embeddable":true,"href":"https:\/\/rioonwatch.org.br\/index.php?rest_route=\/wp\/v2\/media\/16589"}],"wp:attachment":[{"href":"https:\/\/rioonwatch.org.br\/index.php?rest_route=%2Fwp%2Fv2%2Fmedia&parent=16585"}],"wp:term":[{"taxonomy":"category","embeddable":true,"href":"https:\/\/rioonwatch.org.br\/index.php?rest_route=%2Fwp%2Fv2%2Fcategories&post=16585"},{"taxonomy":"post_tag","embeddable":true,"href":"https:\/\/rioonwatch.org.br\/index.php?rest_route=%2Fwp%2Fv2%2Ftags&post=16585"},{"taxonomy":"writer","embeddable":true,"href":"https:\/\/rioonwatch.org.br\/index.php?rest_route=%2Fwp%2Fv2%2Fwriter&post=16585"},{"taxonomy":"translator","embeddable":true,"href":"https:\/\/rioonwatch.org.br\/index.php?rest_route=%2Fwp%2Fv2%2Ftranslator&post=16585"},{"taxonomy":"source","embeddable":true,"href":"https:\/\/rioonwatch.org.br\/index.php?rest_route=%2Fwp%2Fv2%2Fsource&post=16585"},{"taxonomy":"ilustrador","embeddable":true,"href":"https:\/\/rioonwatch.org.br\/index.php?rest_route=%2Fwp%2Fv2%2Filustrador&post=16585"},{"taxonomy":"fotografo","embeddable":true,"href":"https:\/\/rioonwatch.org.br\/index.php?rest_route=%2Fwp%2Fv2%2Ffotografo&post=16585"}],"curies":[{"name":"wp","href":"https:\/\/api.w.org\/{rel}","templated":true}]}}