{"id":16623,"date":"2015-10-27T10:59:45","date_gmt":"2015-10-27T13:59:45","guid":{"rendered":"http:\/\/rioonwatch.org.br\/?p=16623"},"modified":"2024-06-20T16:02:32","modified_gmt":"2024-06-20T19:02:32","slug":"choque-na-raiz-como-o-rompimento-de-comunidades-urbanas-fere-a-america-e-o-que-podemos-fazer-a-respeito-resenha","status":"publish","type":"post","link":"https:\/\/rioonwatch.org.br\/?p=16623","title":{"rendered":"Introduzindo &#8216;Choque na Raiz&#8217;, Termo Psiqui\u00e1trico para o Impacto da Remo\u00e7\u00e3o Urbana [RESENHA]"},"content":{"rendered":"<p style=\"text-align: right;\"><a href=\"http:\/\/bit.ly\/1JSdJfn\" target=\"_blank\" rel=\"noopener\"><em><strong>Click Here for English<img decoding=\"async\" width=\"20\" height=\"20\" class=\"alignright wp-image-15790\" src=\"http:\/\/rioonwatch.org.br\/wp-content\/uploads\/2012\/08\/EN-standard-e1439583104716.jpg\" alt=\"\" \/><\/strong><\/em><\/a><\/p>\n<p>Na \u00e1rea da psiquiatria, nunca houve uma palavra que formalmente diagnosticasse a dor e o trauma que resultam ao ser <a href=\"http:\/\/bit.ly\/X51Qvb\" target=\"_blank\" rel=\"noopener\">removido<\/a> de um lar. Em seu livro, <em><a href=\"http:\/\/amzn.to\/1O4opiP\" target=\"_blank\" rel=\"noopener\">Root Shock: How Tearing Up City Neighborhoods Hurts America, and What We Can Do About It<\/a><\/em>\u00a0(Choque na Raiz: Como o Rompimento de Comunidades\u00a0Urbanas Fere a Am\u00e9rica, e o Que Podemos Fazer a Respeito) a psiquiatra e pesquisadora Dra. Mindy Fullilove d\u00e1 um nome para esse fen\u00f4meno: <em><a href=\"http:\/\/bit.ly\/1P0WkIw\" target=\"_blank\" rel=\"noopener\">root shock<\/a><\/em> (choque na raiz).<\/p>\n<p>Fullilove diz: <em>root shock<\/em> \u201c\u00e9 a rea\u00e7\u00e3o ao estresse traum\u00e1tico devido a destrui\u00e7\u00e3o da totalidade ou de partes de um ecossistema emocional&#8221;. Ela acrescenta: &#8220;<em>root shock<\/em> em toda uma\u00a0comunidade&#8230; rompe v\u00ednculos, dispersando as pessoas para todas as dire\u00e7\u00f5es da b\u00fassola. Mesmo que consigam se reagrupar, elas n\u00e3o sabem o que fazer umas com as outras&#8221;.<\/p>\n<p>O livro foca na destrui\u00e7\u00e3o de bairros predominantemente negros por pol\u00edticas de &#8220;renova\u00e7\u00e3o urbana&#8221; nos Estados Unidos. Pela estimativa de Fullilove, quase 1.600 bairros foram destru\u00eddos pelo <a href=\"http:\/\/bit.ly\/1h24dj4\" target=\"_blank\" rel=\"noopener\">Housing Act de 1949<\/a> at\u00e9 1960. &#8220;Esta destrui\u00e7\u00e3o maci\u00e7a causou choque na raiz em dois n\u00edveis. Em primeiro lugar, os moradores de cada bairro experimentaram o estresse traum\u00e1tico da perda do seu mundo, do seu modo de vida. Em segundo lugar, por causa das interconex\u00f5es entre todos os negros nos Estados Unidos, toda a Am\u00e9rica Negra tamb\u00e9m experimentou o choque na raiz. Ap\u00f3s este processo de renova\u00e7\u00e3o urbana, o choque na raiz incapacitou poderosos mecanismos que existiam anteriormente de funcionamento das comunidades, deixando o mundo negro [nos EUA] em uma enorme desvantagem para enfrentar os desafios da globaliza\u00e7\u00e3o&#8221;.<\/p>\n<p>Durante a imensa migra\u00e7\u00e3o para cidades, ap\u00f3s a escravid\u00e3o, os negros americanos estabeleceram-se em grande parte nas \u00e1reas urbanas centrais que &#8220;foram o princ\u00edpio e o fim de suas op\u00e7\u00f5es para a habita\u00e7\u00e3o. Como [esses] bairros tornaram-se &#8216;negros&#8217;, a segrega\u00e7\u00e3o criou um limite que era rigidamente imposto e at\u00e9 mesmo violento&#8221;. Nos EUA, &#8220;a Am\u00e9rica Negra [era] &#8230; muitas ilhas dentro de uma na\u00e7\u00e3o americana&#8221;. Ap\u00f3s a participa\u00e7\u00e3o do Brasil nas atrocidades do tr\u00e1fico de escravos&#8211;<a href=\"http:\/\/glo.bo\/1acKVUO\" target=\"_blank\" rel=\"noopener\">cerca de dez vezes mais escravos negros chegaram ao Brasil em compara\u00e7\u00e3o com os que foram enviados para os Estados Unidos<\/a>&#8211;o Brasil nunca teve um apartheid estrutural como os EUA. No entanto, com escravos libertos reunidos em \u00e1reas urbanas como a <a href=\"http:\/\/bit.ly\/1p2voxl\" target=\"_blank\" rel=\"noopener\">regi\u00e3o do Porto do Rio<\/a> e frequentemente abrigados em favelas, a <a href=\"http:\/\/bit.ly\/1hvVsxW\" target=\"_blank\" rel=\"noopener\">segrega\u00e7\u00e3o<\/a> urbana tornou-se uma realidade de qualquer maneira. Conforme o censo de 2010, <a href=\"http:\/\/bit.ly\/skGV1V\" target=\"_blank\" rel=\"noopener\">mais de 63% dos moradores das favelas s\u00e3o negros, em compara\u00e7\u00e3o com apenas 1.5% de moradores da Lagoa<\/a>.<\/p>\n<p>Fullilove descreve as comunidades afro-americanas urbanas como lugares que &#8220;evolu\u00edram ao longo do tempo, \u00e0 medida que cada esfor\u00e7o na resolu\u00e7\u00e3o de algum problema tornou-se parte da mem\u00f3ria coletiva&#8221;. Da mesma forma, as favelas e comunidades do Rio t\u00eam evolu\u00eddo em infraestrutura e identidade <a href=\"http:\/\/bit.ly\/1pcspPi\" target=\"_blank\" rel=\"noopener\">organicamente<\/a> significativa e constantemente <a href=\"http:\/\/bit.ly\/1K8LVUg\" target=\"_blank\" rel=\"noopener\">sem a interven\u00e7\u00e3o do Estado<\/a>. Embora, por vezes <a href=\"http:\/\/bit.ly\/1OKE065\" target=\"_blank\" rel=\"noopener\">estereotipadas como empobrecidas e dominadas pelo crime<\/a>, na realidade, favelas s\u00e3o ricas em hist\u00f3ria e cheias de <a href=\"http:\/\/bit.ly\/1Pt91fh\" target=\"_blank\" rel=\"noopener\">empreendedorismo<\/a>, <a href=\"http:\/\/bit.ly\/1tDLXgq\" target=\"_blank\" rel=\"noopener\">pr\u00e1ticas de vida sustent\u00e1vel<\/a> e <a href=\"http:\/\/bit.ly\/1a1M6kK\" target=\"_blank\" rel=\"noopener\">cultura<\/a>. Crime e pobreza n\u00e3o s\u00e3o inerentes, mas sim o produto de isolamento sistem\u00e1tico da cidade formal e a falta de oportunidade devido \u00e0 estigmatiza\u00e7\u00e3o, sendo que ambos tornam as favelas alvos f\u00e1ceis para elementos criminosos.<\/p>\n<p><a href=\"http:\/\/rioonwatch.org.br\/wp-content\/uploads\/2015\/10\/morrinho-e1445430116724.jpg\"><img fetchpriority=\"high\" decoding=\"async\" class=\"aligncenter wp-image-16702 size-content\" title=\"Projeto Morrinho na Pereira da Silva\" src=\"http:\/\/rioonwatch.org.br\/wp-content\/uploads\/2015\/10\/morrinho-620x264.jpg\" alt=\"\" width=\"620\" height=\"264\" \/><\/a><\/p>\n<p>Em Roanoke, Virginia, o processo de renova\u00e7\u00e3o urbana dispersou moradores afro-americanos em torno da cidade. Um morador descreveu a &#8216;comunidade coesa&#8217; do seu bairro original&#8211;com ruas onde todos se cumprimentavam&#8211;resultado de &#8216;uma vida de rua ativa&#8217; onde moradores andavam para\u00a0todos os lados. Ap\u00f3s a remo\u00e7\u00e3o, um morador destacou a dificuldade com a &#8216;perda de velhas amizades&#8217; e o afastamento dos pedestres na rua para dar maior espa\u00e7o para os autom\u00f3veis. &#8220;J\u00e1 n\u00e3o \u00e9 comum ver as pessoas caminhando na rua dizendo &#8216;ol\u00e1&#8217; uma para as outras&#8221;. Essas caracter\u00edsticas da identidade da comunidade, bairros mais adequados para pedestres do que para motoristas s\u00e3o fundamentais para a vida na favela. E porque essas caracter\u00edsticas s\u00e3o criadas organicamente, est\u00e1 sendo provado que \u00e9, imensamente, dif\u00edcil recri\u00e1-las em <a href=\"http:\/\/bit.ly\/18A9Pa1\" target=\"_blank\" rel=\"noopener\">bairros planejados de habita\u00e7\u00e3o p\u00fablica<\/a> do Rio de Janeiro, raz\u00e3o pela qual comunidades org\u00e2nicas\u00a0devem receber o reconhecimento e prote\u00e7\u00e3o.<\/p>\n<p>Al\u00e9m disso, a pesquisa de Fullilove sugere que os impactos da dispers\u00e3o dos membros de uma comunidade n\u00e3o s\u00e3o apenas sociais, mas pol\u00edticos e culturais. Sala Udin, membro da C\u00e2mara dos Vereadores do distrito de Hill, na cidade de\u00a0Pittsburgh, disse depois de ser removido da sua casa: &#8220;N\u00f3s estamos literalmente espalhados pelos quatro cantos da cidade, e estamos n\u00e3o s\u00f3 politicamente fracos, n\u00f3s n\u00e3o somos uma entidade pol\u00edtica&#8230; E eu acho que tudo isso contribui para uma ruptura cultural, uma quebra de valores e uma psique violada, al\u00e9m de enfraquecer esta cidade\u201d. No contexto dos esfor\u00e7os ativos de <a href=\"http:\/\/bit.ly\/H1kBPJ\" target=\"_blank\" rel=\"noopener\">organiza\u00e7\u00e3o<\/a> nas favelas do Rio de Janeiro, devemos considerar que a luta pelos direitos torna-se mais dif\u00edcil quando as redes estabelecidas s\u00e3o quebradas e os moradores s\u00e3o levados para morar numa \u00e1rea dominada pela <a href=\"http:\/\/bit.ly\/1fQqGHL\" target=\"_blank\" rel=\"noopener\">mil\u00edcia<\/a> que <a href=\"http:\/\/bit.ly\/1uyGdc9\" target=\"_blank\" rel=\"noopener\">controla a organiza\u00e7\u00e3o pol\u00edtica<\/a>.<\/p>\n<blockquote><p>&#8220;N\u00f3s estamos literalmente espalhados pelos quatro cantos da cidade, e estamos n\u00e3o s\u00f3 politicamente fracos, n\u00f3s n\u00e3o somos uma entidade pol\u00edtica&#8230;&#8221; &#8212; Sala Udin<\/p><\/blockquote>\n<p>Fullilove oferece esta palavra de cautela sobre as consequ\u00eancias da separa\u00e7\u00e3o de comunidades\u00a0sem um plano de escala maci\u00e7a para reparar o dano feito: &#8220;Na\u00a0aus\u00eancia de uma solu\u00e7\u00e3o\u00a0apropriada p\u00f3s-desastre, foi em um\u00a0estado de danos esmagador que os negros tiveram que enfrentar uma s\u00e9rie de crises: a perda de postos de trabalho n\u00e3o qualificados, o influxo de hero\u00edna e outras drogas que causam depend\u00eancia&#8230; viol\u00eancia&#8230; O atual estado da Am\u00e9rica Negra \u00e9 em grande parte o resultado da &#8216;Remo\u00e7\u00e3o Negra'&#8221;.<\/p>\n<p><a href=\"http:\/\/rioonwatch.org.br\/wp-content\/uploads\/2015\/06\/Metro-view-e1435262893422.jpg\"><img decoding=\"async\" class=\"aligncenter wp-image-14719 size-content\" title=\"A vista da Favela do Metr\u00f4\" src=\"http:\/\/rioonwatch.org.br\/wp-content\/uploads\/2015\/06\/Metro-view-e1435262893422-620x264.jpg\" alt=\"\" width=\"620\" height=\"264\" \/><\/a><\/p>\n<p>Infelizmente, os paralelos significativos entre as pol\u00edticas p\u00fablicas atuais do Rio de Janeiro e as ex-pol\u00edticas americanas de renova\u00e7\u00e3o urbana, sugerem que os pol\u00edticos do Rio n\u00e3o t\u00eam conhecimento da vasta literatura sobre falhas de habita\u00e7\u00e3o dos EUA, incluindo o aviso de Fullilove. Nos EUA, a renova\u00e7\u00e3o urbana foi vista como sin\u00f4nimo de &#8220;progresso&#8221; durante toda a d\u00e9cada de 1950, embora n\u00e3o dispunha de <a href=\"http:\/\/bit.ly\/EscadaParticipacao\" target=\"_blank\" rel=\"noopener\">participa\u00e7\u00e3o do p\u00fablico<\/a>. Fullilove escreve: &#8220;As\u00a0pessoas pobres, negras e mulheres ficaram completamente ausentes do quadro, e dos processos de decis\u00e3o&#8221;. No Rio, <a href=\"http:\/\/bit.ly\/EscadaParticipacao\" target=\"_blank\" rel=\"noopener\">tudo<\/a>, desde o <a href=\"http:\/\/bit.ly\/1Hwcer6\" target=\"_blank\" rel=\"noopener\">programa de policiamento<\/a>\u00a0at\u00e9\u00a0<a href=\"http:\/\/bit.ly\/1muQwLu\" target=\"_blank\" rel=\"noopener\">habita\u00e7\u00e3o<\/a>\u00a0e\u00a0<a href=\"http:\/\/bit.ly\/1XCt5zk\" target=\"_blank\" rel=\"noopener\">infraestrutura<\/a> t\u00eam sofrido <a href=\"http:\/\/bit.ly\/WClMpp\" target=\"_blank\" rel=\"noopener\">processos participativos n\u00e3o adequados<\/a>. O governo municipal tem ignorado a proposta do <a href=\"http:\/\/bit.ly\/1ccQTyp\" target=\"_blank\" rel=\"noopener\">Plano Popular<\/a> (internacionalmente reconhecido) da comunidade\u00a0<a href=\"http:\/\/bit.ly\/Nfddvg\" target=\"_blank\" rel=\"noopener\">Vila Aut\u00f3dromo<\/a> para o desenvolvimento do bairro ao lado do Parque Ol\u00edmpico.<\/p>\n<p>O livro de Fullilove est\u00e1 cheio de estat\u00edsticas sobre a hist\u00f3ria do fracasso dos Estados Unidos para fornecer moradia acess\u00edvel adequada para sua popula\u00e7\u00e3o. Em Newark, apenas 3.760 unidades habitacionais de baixa renda foram criadas desde 1959, ao passo que cerca de 8.000 unidades foram demolidas em nome da renova\u00e7\u00e3o urbana. Em Detroit, os n\u00fameros s\u00e3o mais dr\u00e1sticos: apenas 758 unidades foram constru\u00eddas desde 1956, apesar de quase 12.000 fam\u00edlias serem removidas. No Rio, as favelas servem como <a href=\"http:\/\/bit.ly\/18By5Os\" target=\"_blank\" rel=\"noopener\">habita\u00e7\u00e3o \u00e0 pre\u00e7os acess\u00edveis<\/a> para os moradores de baixa renda, por isso s\u00e3o essenciais para garantir acesso de todos \u00e0 cidade. Se eles n\u00e3o forem preservados como tal, o Rio ter\u00e1 custo ainda maiores de habita\u00e7\u00e3o e um processo de\u00a0<a href=\"http:\/\/bit.ly\/184FqS4\" target=\"_blank\" rel=\"noopener\">gentrifica\u00e7\u00e3o<\/a> maior ainda do que muitas cidades americanas t\u00eam experimentado, dado a completa falta de regula\u00e7\u00e3o do mercado imobili\u00e1rio do Rio de Janeiro (cidades dos Estados Unidos s\u00e3o reguladas em algum n\u00edvel).<\/p>\n<p><a href=\"http:\/\/rioonwatch.org.br\/wp-content\/uploads\/2015\/06\/Metro-Lelio-e1435262731955.jpg\"><img loading=\"lazy\" decoding=\"async\" class=\"aligncenter wp-image-14717 size-content\" title=\"Lelio, da Favela do Metr\u00f4\" src=\"http:\/\/rioonwatch.org.br\/wp-content\/uploads\/2015\/06\/Metro-Lelio-e1435262731955-620x264.jpg\" alt=\"\" width=\"620\" height=\"264\" \/><\/a><\/p>\n<p>A principal cr\u00edtica da renova\u00e7\u00e3o urbana americana \u00e9 que ela abertamente e, inadvertidamente, retirou\u00a0resid\u00eancias de \u00e1reas centrais e substituiu o tra\u00e7ado de ruas de pedestres para &#8220;mega quadras e mega edif\u00edcios rodeados por estacionamentos&#8221;. \u00a0Apesar de algumas pol\u00edticas p\u00fablicas bem intencionadas para reconstruir ou modernizar bairros negros mais pobres no centro das cidades, os incentivos especulativos tomaram a prioridade para muitos governos municipais que foram convencidos a vender terras para empreiteiras\u00a0privadas para aumentar a sua base de tributa\u00e7\u00e3o. No Rio, com os <a href=\"http:\/\/bit.ly\/1EvQAPO\" target=\"_blank\" rel=\"noopener\">Jogos Ol\u00edmpicos<\/a>\u00a0a menos de um ano para o in\u00edcio, est\u00e1 claro que esta cidade tamb\u00e9m est\u00e1 em d\u00edvida com constru\u00e7\u00f5es privadas e imobili\u00e1rias, e o tempo dir\u00e1 se as autoridades ir\u00e3o deixar essas for\u00e7as governarem o Rio ao custo das favelas e habita\u00e7\u00e3o acess\u00edvel em geral.<\/p>\n<blockquote><p>&#8220;No Rio, as favelas servem como <a href=\"http:\/\/bit.ly\/18By5Os\" target=\"_blank\" rel=\"noopener\">habita\u00e7\u00e3o \u00e0 pre\u00e7os acess\u00edveis<\/a> para os moradores de baixa renda, por isso s\u00e3o essenciais para garantir acesso de todos \u00e0 cidade. Se eles n\u00e3o forem preservados como tal, o Rio ter\u00e1 custo ainda maiores de habita\u00e7\u00e3o e um processo de\u00a0<a href=\"http:\/\/bit.ly\/184FqS4\" target=\"_blank\" rel=\"noopener\">gentrifica\u00e7\u00e3o<\/a> maior ainda do que muitas cidades americanas t\u00eam experimentado, dado a completa falta de regula\u00e7\u00e3o do mercado imobili\u00e1rio do Rio de Janeiro (cidades dos Estados Unidos s\u00e3o reguladas em algum n\u00edvel).&#8221;<\/p><\/blockquote>\n<p>Finalmente, Fullilove argumenta: &#8220;Quando toda a ret\u00f3rica extravagante sobre &#8216;a feiura&#8217; [do lugar]\u00a0\u00e9 descartada, a renova\u00e7\u00e3o urbana americana foi uma resposta para a\u00a0quest\u00e3o: &#8220;Os pobres est\u00e3o sempre entre n\u00f3s, mas n\u00f3s temos que v\u00ea-los todos os dias?&#8221;. O problema abordado pelos urbanistas\u00a0n\u00e3o era como acabar com\u00a0a pobreza, mas como esconder os pobres. &#8220;Aqueles que est\u00e3o sendo removidos hoje no Rio est\u00e3o sendo movidos <a href=\"http:\/\/bit.ly\/1Knx3UB\" target=\"_blank\" rel=\"noopener\">para as periferias distantes<\/a> do Rio, na <a href=\"http:\/\/bit.ly\/11tBmFR\" target=\"_blank\" rel=\"noopener\">Zona Oeste<\/a>, longe dos bairros mais ricos que s\u00e3o populares com turistas ou empreiteiras, e <a href=\"http:\/\/bit.ly\/1jT9MBS\" target=\"_blank\" rel=\"noopener\">experimentam uma piora<\/a>, n\u00e3o melhora, em sua qualidade de vida, bem como os negros americanos que foram removidos para as periferias das cidades norte americanas.<\/p>\n<p>A narrativa de Fullilove sobre as falhas de renova\u00e7\u00e3o urbana nos Estados Unidos \u00e9 detalhada, esclarecedora e impactante. Quando comparada com as injusti\u00e7as atuais em favelas do Rio de Janeiro, no entanto, esta narrativa \u00e9 ainda mais marcante\u00a0por causa das semelhan\u00e7as e avisos. Fullilove exorta-nos a ver que &#8220;uma cidade n\u00e3o \u00e9 t\u00e3o s\u00f3lida quanto s\u00f3lida parece, [mas] um fluido, constantemente tomando novas formas, como limpamos e constru\u00edmos, limpamos e constru\u00edmos&#8221;. Ela adverte\u00a0que um sistema r\u00edgido,\u00a0estilo\u00a0apartheid, leva a uma maior afli\u00e7\u00e3o.\u00a0Seu\u00a0tratamento\u00a0inclui\u00a0se tornar consciente das divis\u00f5es sutis que s\u00e3o refor\u00e7adas por pol\u00edticas p\u00fablicas, como <a href=\"http:\/\/bit.ly\/1uqz3CW\" target=\"_blank\" rel=\"noopener\">ra\u00e7a<\/a> e classe, e a constru\u00e7\u00e3o de habita\u00e7\u00e3o suficiente para atender o d\u00e9ficit habitacional a pre\u00e7os acess\u00edveis <a href=\"http:\/\/bit.ly\/1kmbrP9\" target=\"_blank\" rel=\"noopener\">com qualidade<\/a>, algo que tanto o Brasil quanto os EUA ainda n\u00e3o fez\u00a0bem.<\/p>\n<!-- AddThis Advanced Settings generic via filter on the_content --><!-- AddThis Share Buttons generic via filter on the_content -->","protected":false},"excerpt":{"rendered":"<div class=\"mh-excerpt\"><p>Click Here for English Na \u00e1rea da psiquiatria, nunca houve uma palavra que formalmente diagnosticasse a dor e o trauma que resultam ao ser removido de um lar. Em seu livro, Root Shock: How Tearing <a class=\"mh-excerpt-more\" href=\"https:\/\/rioonwatch.org.br\/?p=16623\" title=\"Introduzindo &#8216;Choque na Raiz&#8217;, Termo Psiqui\u00e1trico para o Impacto da Remo\u00e7\u00e3o Urbana [RESENHA]\">[&#8230;]<\/a><!-- AddThis Advanced Settings generic via filter on get_the_excerpt --><!-- AddThis Share Buttons generic via filter on get_the_excerpt --><\/p>\n<\/div>","protected":false},"author":132,"featured_media":5088,"comment_status":"closed","ping_status":"closed","sticky":false,"template":"","format":"standard","meta":{"_acf_changed":false,"_monsterinsights_skip_tracking":false,"_monsterinsights_sitenote_active":false,"_monsterinsights_sitenote_note":"","_monsterinsights_sitenote_category":0,"footnotes":""},"categories":[1614,1621,1632,1631,1626,344,1616,1624,342],"tags":[759,421,424,88,514,818,395,909,994,1037,304,359,812,801,433,936,14,958,432,814,672,1347,499,55],"writer":[1667],"translator":[1491],"source":[],"ilustrador":[],"fotografo":[],"class_list":{"0":"post-16623","1":"post","2":"type-post","3":"status-publish","4":"format-standard","5":"has-post-thumbnail","7":"category-olhonasremocoes","8":"category-destaque","9":"category-pesquisa-e-analise","10":"category-entendendo-o-rio","11":"category-por-observadores-internacionais","12":"category-politicas","13":"category-qualidades-da-favela","14":"category-resenha","15":"category-solucoes","16":"tag-comparacao-internacional","17":"tag-cultura-da-favela","18":"tag-direito-a-moradia","19":"tag-direitos-humanos","20":"tag-escravidao","21":"tag-eua","22":"tag-gentrificacao-remocao-branca","23":"tag-habitacao-acessivel","24":"tag-habitacao-publica","25":"tag-moradia","26":"tag-participacao","27":"tag-participacao-zero","28":"tag-planejamento-urbano","29":"tag-plano-popular","30":"tag-porto-maravilha","31":"tag-raca","32":"tag-remocao","33":"tag-resenha-de-livro","34":"tag-resistencia","35":"tag-segregacao","36":"tag-seguranca-publica","37":"tag-solucao","38":"tag-terror-psicologico","39":"tag-vila-autodromo","40":"writer-david-robertson","41":"translator-patricia-gomes"},"acf":[],"yoast_head":"<!-- This site is optimized with the Yoast SEO plugin v25.6 - https:\/\/yoast.com\/wordpress\/plugins\/seo\/ -->\n<title>Introduzindo &#039;Choque na Raiz&#039;, Termo Psiqui\u00e1trico para o Impacto da Remo\u00e7\u00e3o Urbana [RESENHA] - RioOnWatch<\/title>\n<meta name=\"robots\" content=\"index, follow, max-snippet:-1, max-image-preview:large, max-video-preview:-1\" \/>\n<link rel=\"canonical\" href=\"https:\/\/rioonwatch.org.br\/?p=16623\" \/>\n<meta property=\"og:locale\" content=\"pt_BR\" \/>\n<meta property=\"og:type\" content=\"article\" \/>\n<meta property=\"og:title\" content=\"Introduzindo &#039;Choque na Raiz&#039;, Termo Psiqui\u00e1trico para o Impacto da Remo\u00e7\u00e3o Urbana [RESENHA] - RioOnWatch\" \/>\n<meta property=\"og:description\" content=\"Click Here for English Na \u00e1rea da psiquiatria, nunca houve uma palavra que formalmente diagnosticasse a dor e o trauma que resultam ao ser removido de um lar. Em seu livro, Root Shock: How Tearing [...]\" \/>\n<meta property=\"og:url\" content=\"https:\/\/rioonwatch.org.br\/?p=16623\" \/>\n<meta property=\"og:site_name\" content=\"RioOnWatch\" \/>\n<meta property=\"article:published_time\" content=\"2015-10-27T13:59:45+00:00\" \/>\n<meta property=\"article:modified_time\" content=\"2024-06-20T19:02:32+00:00\" \/>\n<meta property=\"og:image\" content=\"https:\/\/rioonwatch.org.br\/wp-content\/uploads\/2013\/02\/20130225evictions480.jpg\" \/>\n\t<meta property=\"og:image:width\" content=\"720\" \/>\n\t<meta property=\"og:image:height\" content=\"480\" \/>\n\t<meta property=\"og:image:type\" content=\"image\/jpeg\" \/>\n<meta name=\"author\" content=\"Felicity\" \/>\n<meta name=\"twitter:card\" content=\"summary_large_image\" \/>\n<meta name=\"twitter:label1\" content=\"Escrito por\" \/>\n\t<meta name=\"twitter:data1\" content=\"Felicity\" \/>\n\t<meta name=\"twitter:label2\" content=\"Est. tempo de leitura\" \/>\n\t<meta name=\"twitter:data2\" content=\"9 minutos\" \/>\n<script type=\"application\/ld+json\" class=\"yoast-schema-graph\">{\"@context\":\"https:\/\/schema.org\",\"@graph\":[{\"@type\":\"Article\",\"@id\":\"https:\/\/rioonwatch.org.br\/?p=16623#article\",\"isPartOf\":{\"@id\":\"https:\/\/rioonwatch.org.br\/?p=16623\"},\"author\":{\"name\":\"Felicity\",\"@id\":\"https:\/\/rioonwatch.org.br\/#\/schema\/person\/4d05cf5053c358ab740b3edd75a173f2\"},\"headline\":\"Introduzindo &#8216;Choque na Raiz&#8217;, Termo Psiqui\u00e1trico para o Impacto da Remo\u00e7\u00e3o Urbana [RESENHA]\",\"datePublished\":\"2015-10-27T13:59:45+00:00\",\"dateModified\":\"2024-06-20T19:02:32+00:00\",\"mainEntityOfPage\":{\"@id\":\"https:\/\/rioonwatch.org.br\/?p=16623\"},\"wordCount\":1867,\"publisher\":{\"@id\":\"https:\/\/rioonwatch.org.br\/#organization\"},\"image\":{\"@id\":\"https:\/\/rioonwatch.org.br\/?p=16623#primaryimage\"},\"thumbnailUrl\":\"https:\/\/rioonwatch.org.br\/wp-content\/uploads\/2013\/02\/20130225evictions480.jpg\",\"keywords\":[\"compara\u00e7\u00e3o internacional\",\"cultura da favela\",\"Direito \u00e0 Moradia\",\"Direitos Humanos\",\"escravid\u00e3o\",\"EUA\",\"gentrifica\u00e7\u00e3o\",\"habita\u00e7\u00e3o acess\u00edvel\",\"habita\u00e7\u00e3o p\u00fablica\",\"moradia\",\"participa\u00e7\u00e3o\",\"participa\u00e7\u00e3o zero\",\"planejamento urbano\",\"Plano Popular\",\"Porto Maravilha\",\"ra\u00e7a\",\"Remo\u00e7\u00e3o\",\"resenha de livro\",\"resist\u00eancia\",\"segrega\u00e7\u00e3o\",\"seguran\u00e7a p\u00fablica\",\"solu\u00e7\u00e3o\",\"terror psicol\u00f3gico\",\"Vila Aut\u00f3dromo\"],\"articleSection\":[\"#OlhoNasRemo\u00e7\u00f5es\",\"*Destaque\",\"Dados e Pesquisa\",\"Entendendo o Rio\",\"Escrito por Aliados\",\"Pol\u00edticas\",\"Qualidades da Favela\",\"Resenhas\",\"Solu\u00e7\u00f5es\"],\"inLanguage\":\"pt-BR\"},{\"@type\":\"WebPage\",\"@id\":\"https:\/\/rioonwatch.org.br\/?p=16623\",\"url\":\"https:\/\/rioonwatch.org.br\/?p=16623\",\"name\":\"Introduzindo 'Choque na Raiz', Termo Psiqui\u00e1trico para o Impacto da Remo\u00e7\u00e3o Urbana [RESENHA] - RioOnWatch\",\"isPartOf\":{\"@id\":\"https:\/\/rioonwatch.org.br\/#website\"},\"primaryImageOfPage\":{\"@id\":\"https:\/\/rioonwatch.org.br\/?p=16623#primaryimage\"},\"image\":{\"@id\":\"https:\/\/rioonwatch.org.br\/?p=16623#primaryimage\"},\"thumbnailUrl\":\"https:\/\/rioonwatch.org.br\/wp-content\/uploads\/2013\/02\/20130225evictions480.jpg\",\"datePublished\":\"2015-10-27T13:59:45+00:00\",\"dateModified\":\"2024-06-20T19:02:32+00:00\",\"breadcrumb\":{\"@id\":\"https:\/\/rioonwatch.org.br\/?p=16623#breadcrumb\"},\"inLanguage\":\"pt-BR\",\"potentialAction\":[{\"@type\":\"ReadAction\",\"target\":[\"https:\/\/rioonwatch.org.br\/?p=16623\"]}]},{\"@type\":\"ImageObject\",\"inLanguage\":\"pt-BR\",\"@id\":\"https:\/\/rioonwatch.org.br\/?p=16623#primaryimage\",\"url\":\"https:\/\/rioonwatch.org.br\/wp-content\/uploads\/2013\/02\/20130225evictions480.jpg\",\"contentUrl\":\"https:\/\/rioonwatch.org.br\/wp-content\/uploads\/2013\/02\/20130225evictions480.jpg\",\"width\":720,\"height\":480},{\"@type\":\"BreadcrumbList\",\"@id\":\"https:\/\/rioonwatch.org.br\/?p=16623#breadcrumb\",\"itemListElement\":[{\"@type\":\"ListItem\",\"position\":1,\"name\":\"In\u00edcio\",\"item\":\"https:\/\/rioonwatch.org.br\/\"},{\"@type\":\"ListItem\",\"position\":2,\"name\":\"Introduzindo &#8216;Choque na Raiz&#8217;, Termo Psiqui\u00e1trico para o Impacto da Remo\u00e7\u00e3o Urbana [RESENHA]\"}]},{\"@type\":\"WebSite\",\"@id\":\"https:\/\/rioonwatch.org.br\/#website\",\"url\":\"https:\/\/rioonwatch.org.br\/\",\"name\":\"RioOnWatch\",\"description\":\"relatos das favelas cariocas\",\"publisher\":{\"@id\":\"https:\/\/rioonwatch.org.br\/#organization\"},\"potentialAction\":[{\"@type\":\"SearchAction\",\"target\":{\"@type\":\"EntryPoint\",\"urlTemplate\":\"https:\/\/rioonwatch.org.br\/?s={search_term_string}\"},\"query-input\":{\"@type\":\"PropertyValueSpecification\",\"valueRequired\":true,\"valueName\":\"search_term_string\"}}],\"inLanguage\":\"pt-BR\"},{\"@type\":\"Organization\",\"@id\":\"https:\/\/rioonwatch.org.br\/#organization\",\"name\":\"RioOnWatch\",\"url\":\"https:\/\/rioonwatch.org.br\/\",\"logo\":{\"@type\":\"ImageObject\",\"inLanguage\":\"pt-BR\",\"@id\":\"https:\/\/rioonwatch.org.br\/#\/schema\/logo\/image\/\",\"url\":\"https:\/\/rioonwatch.org.br\/wp-content\/uploads\/2021\/06\/RioOnWatchcabecalhoPT11anos-2.png\",\"contentUrl\":\"https:\/\/rioonwatch.org.br\/wp-content\/uploads\/2021\/06\/RioOnWatchcabecalhoPT11anos-2.png\",\"width\":779,\"height\":277,\"caption\":\"RioOnWatch\"},\"image\":{\"@id\":\"https:\/\/rioonwatch.org.br\/#\/schema\/logo\/image\/\"}},{\"@type\":\"Person\",\"@id\":\"https:\/\/rioonwatch.org.br\/#\/schema\/person\/4d05cf5053c358ab740b3edd75a173f2\",\"name\":\"Felicity\",\"image\":{\"@type\":\"ImageObject\",\"inLanguage\":\"pt-BR\",\"@id\":\"https:\/\/rioonwatch.org.br\/#\/schema\/person\/image\/\",\"url\":\"https:\/\/secure.gravatar.com\/avatar\/bfc904486dc0bba6015410a00fe3fc27?s=96&d=blank&r=g\",\"contentUrl\":\"https:\/\/secure.gravatar.com\/avatar\/bfc904486dc0bba6015410a00fe3fc27?s=96&d=blank&r=g\",\"caption\":\"Felicity\"},\"url\":\"https:\/\/rioonwatch.org.br\/?author=132\"}]}<\/script>\n<!-- \/ Yoast SEO plugin. -->","yoast_head_json":{"title":"Introduzindo 'Choque na Raiz', Termo Psiqui\u00e1trico para o Impacto da Remo\u00e7\u00e3o Urbana [RESENHA] - RioOnWatch","robots":{"index":"index","follow":"follow","max-snippet":"max-snippet:-1","max-image-preview":"max-image-preview:large","max-video-preview":"max-video-preview:-1"},"canonical":"https:\/\/rioonwatch.org.br\/?p=16623","og_locale":"pt_BR","og_type":"article","og_title":"Introduzindo 'Choque na Raiz', Termo Psiqui\u00e1trico para o Impacto da Remo\u00e7\u00e3o Urbana [RESENHA] - RioOnWatch","og_description":"Click Here for English Na \u00e1rea da psiquiatria, nunca houve uma palavra que formalmente diagnosticasse a dor e o trauma que resultam ao ser removido de um lar. Em seu livro, Root Shock: How Tearing [...]","og_url":"https:\/\/rioonwatch.org.br\/?p=16623","og_site_name":"RioOnWatch","article_published_time":"2015-10-27T13:59:45+00:00","article_modified_time":"2024-06-20T19:02:32+00:00","og_image":[{"width":720,"height":480,"url":"https:\/\/rioonwatch.org.br\/wp-content\/uploads\/2013\/02\/20130225evictions480.jpg","type":"image\/jpeg"}],"author":"Felicity","twitter_card":"summary_large_image","twitter_misc":{"Escrito por":"Felicity","Est. tempo de leitura":"9 minutos"},"schema":{"@context":"https:\/\/schema.org","@graph":[{"@type":"Article","@id":"https:\/\/rioonwatch.org.br\/?p=16623#article","isPartOf":{"@id":"https:\/\/rioonwatch.org.br\/?p=16623"},"author":{"name":"Felicity","@id":"https:\/\/rioonwatch.org.br\/#\/schema\/person\/4d05cf5053c358ab740b3edd75a173f2"},"headline":"Introduzindo &#8216;Choque na Raiz&#8217;, Termo Psiqui\u00e1trico para o Impacto da Remo\u00e7\u00e3o Urbana [RESENHA]","datePublished":"2015-10-27T13:59:45+00:00","dateModified":"2024-06-20T19:02:32+00:00","mainEntityOfPage":{"@id":"https:\/\/rioonwatch.org.br\/?p=16623"},"wordCount":1867,"publisher":{"@id":"https:\/\/rioonwatch.org.br\/#organization"},"image":{"@id":"https:\/\/rioonwatch.org.br\/?p=16623#primaryimage"},"thumbnailUrl":"https:\/\/rioonwatch.org.br\/wp-content\/uploads\/2013\/02\/20130225evictions480.jpg","keywords":["compara\u00e7\u00e3o internacional","cultura da favela","Direito \u00e0 Moradia","Direitos Humanos","escravid\u00e3o","EUA","gentrifica\u00e7\u00e3o","habita\u00e7\u00e3o acess\u00edvel","habita\u00e7\u00e3o p\u00fablica","moradia","participa\u00e7\u00e3o","participa\u00e7\u00e3o zero","planejamento urbano","Plano Popular","Porto Maravilha","ra\u00e7a","Remo\u00e7\u00e3o","resenha de livro","resist\u00eancia","segrega\u00e7\u00e3o","seguran\u00e7a p\u00fablica","solu\u00e7\u00e3o","terror psicol\u00f3gico","Vila Aut\u00f3dromo"],"articleSection":["#OlhoNasRemo\u00e7\u00f5es","*Destaque","Dados e Pesquisa","Entendendo o Rio","Escrito por Aliados","Pol\u00edticas","Qualidades da Favela","Resenhas","Solu\u00e7\u00f5es"],"inLanguage":"pt-BR"},{"@type":"WebPage","@id":"https:\/\/rioonwatch.org.br\/?p=16623","url":"https:\/\/rioonwatch.org.br\/?p=16623","name":"Introduzindo 'Choque na Raiz', Termo Psiqui\u00e1trico para o Impacto da Remo\u00e7\u00e3o Urbana [RESENHA] - RioOnWatch","isPartOf":{"@id":"https:\/\/rioonwatch.org.br\/#website"},"primaryImageOfPage":{"@id":"https:\/\/rioonwatch.org.br\/?p=16623#primaryimage"},"image":{"@id":"https:\/\/rioonwatch.org.br\/?p=16623#primaryimage"},"thumbnailUrl":"https:\/\/rioonwatch.org.br\/wp-content\/uploads\/2013\/02\/20130225evictions480.jpg","datePublished":"2015-10-27T13:59:45+00:00","dateModified":"2024-06-20T19:02:32+00:00","breadcrumb":{"@id":"https:\/\/rioonwatch.org.br\/?p=16623#breadcrumb"},"inLanguage":"pt-BR","potentialAction":[{"@type":"ReadAction","target":["https:\/\/rioonwatch.org.br\/?p=16623"]}]},{"@type":"ImageObject","inLanguage":"pt-BR","@id":"https:\/\/rioonwatch.org.br\/?p=16623#primaryimage","url":"https:\/\/rioonwatch.org.br\/wp-content\/uploads\/2013\/02\/20130225evictions480.jpg","contentUrl":"https:\/\/rioonwatch.org.br\/wp-content\/uploads\/2013\/02\/20130225evictions480.jpg","width":720,"height":480},{"@type":"BreadcrumbList","@id":"https:\/\/rioonwatch.org.br\/?p=16623#breadcrumb","itemListElement":[{"@type":"ListItem","position":1,"name":"In\u00edcio","item":"https:\/\/rioonwatch.org.br\/"},{"@type":"ListItem","position":2,"name":"Introduzindo &#8216;Choque na Raiz&#8217;, Termo Psiqui\u00e1trico para o Impacto da Remo\u00e7\u00e3o Urbana [RESENHA]"}]},{"@type":"WebSite","@id":"https:\/\/rioonwatch.org.br\/#website","url":"https:\/\/rioonwatch.org.br\/","name":"RioOnWatch","description":"relatos das favelas cariocas","publisher":{"@id":"https:\/\/rioonwatch.org.br\/#organization"},"potentialAction":[{"@type":"SearchAction","target":{"@type":"EntryPoint","urlTemplate":"https:\/\/rioonwatch.org.br\/?s={search_term_string}"},"query-input":{"@type":"PropertyValueSpecification","valueRequired":true,"valueName":"search_term_string"}}],"inLanguage":"pt-BR"},{"@type":"Organization","@id":"https:\/\/rioonwatch.org.br\/#organization","name":"RioOnWatch","url":"https:\/\/rioonwatch.org.br\/","logo":{"@type":"ImageObject","inLanguage":"pt-BR","@id":"https:\/\/rioonwatch.org.br\/#\/schema\/logo\/image\/","url":"https:\/\/rioonwatch.org.br\/wp-content\/uploads\/2021\/06\/RioOnWatchcabecalhoPT11anos-2.png","contentUrl":"https:\/\/rioonwatch.org.br\/wp-content\/uploads\/2021\/06\/RioOnWatchcabecalhoPT11anos-2.png","width":779,"height":277,"caption":"RioOnWatch"},"image":{"@id":"https:\/\/rioonwatch.org.br\/#\/schema\/logo\/image\/"}},{"@type":"Person","@id":"https:\/\/rioonwatch.org.br\/#\/schema\/person\/4d05cf5053c358ab740b3edd75a173f2","name":"Felicity","image":{"@type":"ImageObject","inLanguage":"pt-BR","@id":"https:\/\/rioonwatch.org.br\/#\/schema\/person\/image\/","url":"https:\/\/secure.gravatar.com\/avatar\/bfc904486dc0bba6015410a00fe3fc27?s=96&d=blank&r=g","contentUrl":"https:\/\/secure.gravatar.com\/avatar\/bfc904486dc0bba6015410a00fe3fc27?s=96&d=blank&r=g","caption":"Felicity"},"url":"https:\/\/rioonwatch.org.br\/?author=132"}]}},"_links":{"self":[{"href":"https:\/\/rioonwatch.org.br\/index.php?rest_route=\/wp\/v2\/posts\/16623"}],"collection":[{"href":"https:\/\/rioonwatch.org.br\/index.php?rest_route=\/wp\/v2\/posts"}],"about":[{"href":"https:\/\/rioonwatch.org.br\/index.php?rest_route=\/wp\/v2\/types\/post"}],"author":[{"embeddable":true,"href":"https:\/\/rioonwatch.org.br\/index.php?rest_route=\/wp\/v2\/users\/132"}],"replies":[{"embeddable":true,"href":"https:\/\/rioonwatch.org.br\/index.php?rest_route=%2Fwp%2Fv2%2Fcomments&post=16623"}],"version-history":[{"count":18,"href":"https:\/\/rioonwatch.org.br\/index.php?rest_route=\/wp\/v2\/posts\/16623\/revisions"}],"predecessor-version":[{"id":74307,"href":"https:\/\/rioonwatch.org.br\/index.php?rest_route=\/wp\/v2\/posts\/16623\/revisions\/74307"}],"wp:featuredmedia":[{"embeddable":true,"href":"https:\/\/rioonwatch.org.br\/index.php?rest_route=\/wp\/v2\/media\/5088"}],"wp:attachment":[{"href":"https:\/\/rioonwatch.org.br\/index.php?rest_route=%2Fwp%2Fv2%2Fmedia&parent=16623"}],"wp:term":[{"taxonomy":"category","embeddable":true,"href":"https:\/\/rioonwatch.org.br\/index.php?rest_route=%2Fwp%2Fv2%2Fcategories&post=16623"},{"taxonomy":"post_tag","embeddable":true,"href":"https:\/\/rioonwatch.org.br\/index.php?rest_route=%2Fwp%2Fv2%2Ftags&post=16623"},{"taxonomy":"writer","embeddable":true,"href":"https:\/\/rioonwatch.org.br\/index.php?rest_route=%2Fwp%2Fv2%2Fwriter&post=16623"},{"taxonomy":"translator","embeddable":true,"href":"https:\/\/rioonwatch.org.br\/index.php?rest_route=%2Fwp%2Fv2%2Ftranslator&post=16623"},{"taxonomy":"source","embeddable":true,"href":"https:\/\/rioonwatch.org.br\/index.php?rest_route=%2Fwp%2Fv2%2Fsource&post=16623"},{"taxonomy":"ilustrador","embeddable":true,"href":"https:\/\/rioonwatch.org.br\/index.php?rest_route=%2Fwp%2Fv2%2Filustrador&post=16623"},{"taxonomy":"fotografo","embeddable":true,"href":"https:\/\/rioonwatch.org.br\/index.php?rest_route=%2Fwp%2Fv2%2Ffotografo&post=16623"}],"curies":[{"name":"wp","href":"https:\/\/api.w.org\/{rel}","templated":true}]}}