{"id":16625,"date":"2015-10-16T11:07:21","date_gmt":"2015-10-16T14:07:21","guid":{"rendered":"http:\/\/rioonwatch.org.br\/?p=16625"},"modified":"2024-06-20T13:36:50","modified_gmt":"2024-06-20T16:36:50","slug":"a-forca-do-jornalismo-comunitario-na-visao-de-uma-comunicadora-popular-da-mare","status":"publish","type":"post","link":"https:\/\/rioonwatch.org.br\/?p=16625","title":{"rendered":"Vis\u00e3o de uma Comunicadora Popular da Mar\u00e9: A For\u00e7a do Jornalismo Comunit\u00e1rio"},"content":{"rendered":"<p style=\"text-align: right;\"><a href=\"http:\/\/bit.ly\/1VWsdlk\" target=\"_blank\" rel=\"noopener\"><em><strong>Click Here for English<img decoding=\"async\" width=\"20\" height=\"20\" class=\"alignright wp-image-15790\" src=\"http:\/\/rioonwatch.org.br\/wp-content\/uploads\/2012\/08\/EN-standard-e1439583104716.jpg\" alt=\"\" \/><\/strong><\/em><\/a><\/p>\n<p><strong><em>Esta mat\u00e9ria de Tha\u00eds Cavalcante,*\u00a0<strong><em>comunicadora comunit\u00e1ria da Mar\u00e9, \u00e9 uma de <a href=\"http:\/\/bit.ly\/1OyQrTN\" target=\"_blank\" rel=\"noopener\">duas contribui\u00e7\u00f5es do RioOnWatch ao debate mundial<\/a> acontecendo hoje, Blog Action Day 2015, Dia\u00a0Global de A\u00e7\u00e3o dos Blogueiros, cujo <a href=\"http:\/\/bit.ly\/1ZGmTr9\" target=\"_blank\" rel=\"noopener\">tema de reflex\u00e3o para 2015<\/a>\u00a0\u00e9: Erga a sua Voz. Leia ambas as mat\u00e9rias <a href=\"http:\/\/bit.ly\/1OyQrTN\" target=\"_blank\" rel=\"noopener\">aqui<\/a>.<\/em><\/strong><\/em><\/strong><\/p>\n<p>Jovens comunicadores de favelas vivem em seu cotidiano a dor e a alegria de noticiar sua realidade, trazendo \u00e0 luz <a href=\"http:\/\/bit.ly\/1jEgxaJ\" target=\"_blank\" rel=\"noopener\">uma m\u00eddia<\/a> que deixou de ser mais uma necessidade e se tornou uma realidade nos territ\u00f3rios das favelas, expondo a viv\u00eancia real e colocando o morador como personagem principal. Alguns chamam de <a href=\"http:\/\/bit.ly\/YpO1Z5\" target=\"_blank\" rel=\"noopener\">jornalismo comunit\u00e1rio<\/a>, alternativo ou popular. Outros s\u00f3 entendem o termo quando j\u00e1 est\u00e3o envolvidos.<\/p>\n<p>A cobertura de assuntos \u00e9 feita de maneira cuidadosa, quando se observa criticamente e entende o que acontece. Com um caderno, caneta e celular, nossos p\u00e9s percorrem becos em busca de not\u00edcia, novidade ou eventos culturais. Nosso lado \u00e9 o dos <a href=\"http:\/\/bit.ly\/1iqdzi3\" target=\"_blank\" rel=\"noopener\">direitos humanos<\/a>. N\u00f3s lutamos pela vida.<\/p>\n<p>A partir do conhecimento local e do trabalho de base, nos cercamos de esperan\u00e7as, no lugar de nos conformar com dificuldades. Elas s\u00e3o um duro est\u00edmulo para questionar: <strong>se n\u00e3o fizermos essa comunica\u00e7\u00e3o, quem vai fazer?<\/strong> De que maneira n\u00f3s, moradores, podemos mudar nossa realidade atrav\u00e9s de palavras?<\/p>\n<p><img fetchpriority=\"high\" decoding=\"async\" class=\"aligncenter wp-image-16629 size-content\" title=\"Curso de comunica\u00e7\u00e3o comunit\u00e1ria, na Mar\u00e9, do Jornal O Cidad\u00e3o\" src=\"http:\/\/rioonwatch.org.br\/wp-content\/uploads\/2015\/10\/Curso-de-comunica\u00e7\u00e3o-comunit\u00e1ria-jo4nqlO-Cidad\u00e3o-620x264.jpg\" alt=\"Curso de comunica\u00e7\u00e3o comunit\u00e1ria, na Mar\u00e9, do Jornal O Cidad\u00e3o\" width=\"620\" height=\"264\" srcset=\"https:\/\/rioonwatch.org.br\/wp-content\/uploads\/2015\/10\/Curso-de-comunica\u00e7\u00e3o-comunit\u00e1ria-jo4nqlO-Cidad\u00e3o-620x264.jpg 620w, https:\/\/rioonwatch.org.br\/wp-content\/uploads\/2015\/10\/Curso-de-comunica\u00e7\u00e3o-comunit\u00e1ria-jo4nqlO-Cidad\u00e3o-940x400.jpg 940w\" sizes=\"(max-width: 620px) 100vw, 620px\" \/><\/p>\n<p>Com in\u00fameras <a href=\"http:\/\/bit.ly\/1MsmVsX\" target=\"_blank\" rel=\"noopener\">viola\u00e7\u00f5es de direitos<\/a>\u00a0que acontecem dentro de nossas favelas, n\u00f3s fazemos <strong>interven\u00e7\u00e3o<\/strong>,\u00a0<strong>questionamento<\/strong>, e\u00a0<strong>den\u00fancia<\/strong>. A mat\u00e9ria\u00a0<a href=\"http:\/\/bit.ly\/ZTHGw8\" target=\"_blank\" rel=\"noopener\">Cracol\u00e2ndia na Mar\u00e9: Poder P\u00fablico Ausente H\u00e1 Tr\u00eas Anos<\/a>&#8211;publicada no <em>RioOnWatch<\/em>&#8211;por exemplo, apresentou o problema que existe h\u00e1 anos e cobrou solu\u00e7\u00f5es. Os usu\u00e1rios de drogas que vivem nesse ambiente n\u00e3o recebem nenhum aux\u00edlio para sua recupera\u00e7\u00e3o. A import\u00e2ncia desse e de outros assuntos se d\u00e1 tamb\u00e9m por sua gravidade. \u00c9 natural o interesse do comunicador comunit\u00e1rio em expor situa\u00e7\u00f5es t\u00e3o impactantes na vida de sua favela, como \u00e9 o caso dessa cracol\u00e2ndia.<\/p>\n<p>A visibilidade e como\u00e7\u00e3o local geram impacto. Na comunidade, passar por processos como esse afirma o morador como apoiador e divulgador da not\u00edcia. J\u00e1 quando <a href=\"http:\/\/bit.ly\/1LHXVxl\" target=\"_blank\" rel=\"noopener\">m\u00eddias internacionais apoiam a comunica\u00e7\u00e3o comunit\u00e1ria<\/a>, a exposi\u00e7\u00e3o do problema \u00e9 m\u00e1ximo e <strong>sua solu\u00e7\u00e3o facilitada<\/strong>.<\/p>\n<p>Como o caso da mat\u00e9ria\u00a0<a href=\"http:\/\/bit.ly\/1MEn0OB\">Mar\u00e9 Reclama por Saneamento B\u00e1sico<\/a>&#8211;publicada no <em><a href=\"http:\/\/bit.ly\/U0Mo0M\" target=\"_blank\" rel=\"noopener\">Viva Favela<\/a><\/em>&#8211;que exp\u00f4s a realidade da comunidade, contrariando as afirma\u00e7\u00f5es da Prefeitura do Rio, na sua propaganda, sobre o novo sistema de coleta. A publica\u00e7\u00e3o desta mat\u00e9ria <strong>resultou na mobiliza\u00e7\u00e3o<\/strong> da <a href=\"http:\/\/bit.ly\/1ihqaYB\" target=\"_blank\" rel=\"noopener\">Comlurb<\/a> para um trabalho mais intenso nos lugares mais prec\u00e1rios.<\/p>\n<blockquote><p>&#8220;A visibilidade e como\u00e7\u00e3o local geram impacto. Na comunidade\u00a0[tornar vis\u00edvel os pontos de vista de moradores]\u00a0afirma o morador como apoiador e divulgador da not\u00edcia. J\u00e1 quando m\u00eddias internacionais apoiam a comunica\u00e7\u00e3o comunit\u00e1ria, a exposi\u00e7\u00e3o do problema \u00e9 m\u00e1ximo e sua solu\u00e7\u00e3o facilitada.&#8221;<\/p><\/blockquote>\n<p><img decoding=\"async\" class=\"aligncenter wp-image-16631 size-content\" title=\"Entrevista com o representante da Comlurb na Mar\u00e9\" src=\"http:\/\/rioonwatch.org.br\/wp-content\/uploads\/2015\/10\/Entrevista-com-o-representante-da-Comlurb-na-Mar\u00e9-divulga\u00e7\u00e3o-620x264.jpg\" alt=\"Entrevista com o representante da Comlurb na Mar\u00e9 \" width=\"620\" height=\"264\" srcset=\"https:\/\/rioonwatch.org.br\/wp-content\/uploads\/2015\/10\/Entrevista-com-o-representante-da-Comlurb-na-Mar\u00e9-divulga\u00e7\u00e3o-620x264.jpg 620w, https:\/\/rioonwatch.org.br\/wp-content\/uploads\/2015\/10\/Entrevista-com-o-representante-da-Comlurb-na-Mar\u00e9-divulga\u00e7\u00e3o-940x400.jpg 940w\" sizes=\"(max-width: 620px) 100vw, 620px\" \/><\/p>\n<p>Gra\u00e7as ao olhar mundial para a <a href=\"http:\/\/bit.ly\/10BvARw\" target=\"_blank\" rel=\"noopener\">Mar\u00e9<\/a> por causa da\u00a0<a href=\"http:\/\/bit.ly\/1qwYRu4\" target=\"_blank\" rel=\"noopener\">ocupa\u00e7\u00e3o militar<\/a>, diversas promessas foram feitas pelas autoridades. Sendo assim, a <a href=\"http:\/\/glo.bo\/1VULO5w\" target=\"_blank\" rel=\"noopener\">Nave do Conhecimento<\/a> tamb\u00e9m mereceu aten\u00e7\u00e3o. No entanto, sem a cobran\u00e7a dos moradores por desconhecerem a promessa divulgada no site institucional da Prefeitura, a reclama\u00e7\u00e3o pela aus\u00eancia da constru\u00e7\u00e3o do espa\u00e7o educativo de ci\u00eancia e tecnologia s\u00f3 <a href=\"http:\/\/bit.ly\/1FLAH6l\" target=\"_blank\" rel=\"noopener\">aconteceu por meio de uma mat\u00e9ria de jornalismo comunit\u00e1rio<\/a>, sendo capaz de conscientizar no territ\u00f3rio, abrir muitas mentes e ser mais potente por advir da pr\u00f3pria comunidade.<\/p>\n<p><strong>O objetivo de comunicar situa\u00e7\u00f5es publicamente \u00e9 desconstruir estere\u00f3tipos, dar voz aos moradores da comunidade e falar da vis\u00e3o de dentro, para aqueles que desconhecem<\/strong>. Esse trabalho \u00e9 pequeno, tem necessidades e depende da vontade e f\u00e9 de que mudan\u00e7as ir\u00e3o ocorrer seja coletivamente ou na forma\u00e7\u00e3o pessoal, intelectual, moral ou social dos indiv\u00edduos. Informar pessoas dessa maneira \u00e9 a \u00fanica alternativa que jornalistas das camadas populares t\u00eam para ter liberdade nas pautas escolhidas<strong> e n\u00e3o confundir sua ideologia com a de grandes empresas.<\/strong><\/p>\n<p>Na pr\u00e1tica, as autoridades n\u00e3o t\u00eam preocupa\u00e7\u00f5es com o impacto direto dessas mat\u00e9rias. Mas os ve\u00edculos alternativos que apoiam esse ato contribuem para que a sociedade desconstrua suas certezas e <strong>pense para al\u00e9m do senso comum<\/strong>. O <a href=\"http:\/\/bit.ly\/1NePblG\" target=\"_blank\" rel=\"noopener\">Estatuto da Juventude<\/a> apoia tudo isso. Ele afirma o direito dos jovens de se informarem e de se expressarem, al\u00e9m de definir medidas para que nossos pontos de vista sejam transmitidos.<\/p>\n<blockquote><p>&#8220;O objetivo de comunicar situa\u00e7\u00f5es publicamente \u00e9 desconstruir estere\u00f3tipos, dar voz aos moradores da comunidade e falar da vis\u00e3o de dentro, para aqueles que desconhecem&#8230;Na pr\u00e1tica, as autoridades n\u00e3o t\u00eam preocupa\u00e7\u00f5es com o impacto direto dessas mat\u00e9rias. Mas os ve\u00edculos alternativos que apoiam esse ato contribuem para que a sociedade desconstrua suas certezas e <em>pense para al\u00e9m do senso comum<\/em>.&#8221;<\/p><\/blockquote>\n<p>O jovem da favela n\u00e3o vai se calar enquanto houver meios de erguer sua voz e resistir perante a um <a href=\"http:\/\/bit.ly\/1zLJ2W9\" target=\"_blank\" rel=\"noopener\">Estado que oprime o favelado<\/a>. Mat\u00e9rias publicadas s\u00e3o apenas uma parte do processo da caminhada, na luta por direitos e pela vida. Sabemos que vale a pena <a href=\"http:\/\/bit.ly\/1piRAgk\" target=\"_blank\" rel=\"noopener\">resistir<\/a>!<\/p>\n<p><em>*A correspondente comunit\u00e1ria <a href=\"http:\/\/bit.ly\/1RLfvW3\" target=\"_blank\" rel=\"noopener\">Tha\u00eds Cavalcante<\/a> tem 21 anos, e foi nascida e criada na Nova Holanda, uma das favelas da Mar\u00e9. Ao atuar como comunicadora comunit\u00e1ria h\u00e1 4 anos em sua comunidade, decidiu cursar jornalismo na universidade e acredita no poder da informa\u00e7\u00e3o para mudar para melhor sua realidade.<\/em><\/p>\n<!-- AddThis Advanced Settings generic via filter on the_content --><!-- AddThis Share Buttons generic via filter on the_content -->","protected":false},"excerpt":{"rendered":"<div class=\"mh-excerpt\"><p>Click Here for English Esta mat\u00e9ria de Tha\u00eds Cavalcante,*\u00a0comunicadora comunit\u00e1ria da Mar\u00e9, \u00e9 uma de duas contribui\u00e7\u00f5es do RioOnWatch ao debate mundial acontecendo hoje, Blog Action Day 2015, Dia\u00a0Global de A\u00e7\u00e3o dos Blogueiros, cujo tema <a class=\"mh-excerpt-more\" href=\"https:\/\/rioonwatch.org.br\/?p=16625\" title=\"Vis\u00e3o de uma Comunicadora Popular da Mar\u00e9: A For\u00e7a do Jornalismo Comunit\u00e1rio\">[&#8230;]<\/a><!-- AddThis Advanced Settings generic via filter on get_the_excerpt --><!-- AddThis Share Buttons generic via filter on get_the_excerpt --><\/p>\n<\/div>","protected":false},"author":129,"featured_media":16627,"comment_status":"closed","ping_status":"closed","sticky":false,"template":"","format":"standard","meta":{"_acf_changed":false,"_monsterinsights_skip_tracking":false,"_monsterinsights_sitenote_active":false,"_monsterinsights_sitenote_note":"","_monsterinsights_sitenote_category":0,"footnotes":""},"categories":[1618,1621,346,1629,1625,1613,1630,1612,342],"tags":[878,1702,1530,1454,88,1167,1166,113,379,417,307,432,1347,476],"writer":[1294],"translator":[],"source":[],"ilustrador":[],"fotografo":[],"class_list":{"0":"post-16625","1":"post","2":"type-post","3":"status-publish","4":"format-standard","5":"has-post-thumbnail","7":"category-olhonaparticipacao","8":"category-destaque","9":"category-denuncias","10":"category-entrevistas-e-perfis","11":"category-por-correspondentes-comunitarios","12":"category-midia-comunitaria","13":"category-opiniao","14":"category-sociedade-civil","15":"category-solucoes","16":"tag-blog-action-day","17":"tag-blog-action-day-2015-erga-a-sua-voz","18":"tag-midia-comunitaria","19":"tag-direito-a-comunicacao","20":"tag-direitos-humanos","21":"tag-grande-midia","22":"tag-jornalismo","23":"tag-juventude","24":"tag-midia-social","25":"tag-negligencia-do-estado","26":"tag-opiniao","27":"tag-resistencia","28":"tag-solucao","29":"tag-solucao-comunitaria","30":"writer-thais-cavalcante"},"acf":[],"yoast_head":"<!-- This site is optimized with the Yoast SEO plugin v25.6 - https:\/\/yoast.com\/wordpress\/plugins\/seo\/ -->\n<title>Vis\u00e3o de uma Comunicadora Popular da Mar\u00e9: A For\u00e7a do Jornalismo Comunit\u00e1rio - RioOnWatch<\/title>\n<meta name=\"robots\" content=\"index, follow, max-snippet:-1, max-image-preview:large, max-video-preview:-1\" \/>\n<link rel=\"canonical\" href=\"https:\/\/rioonwatch.org.br\/?p=16625\" \/>\n<meta property=\"og:locale\" content=\"pt_BR\" \/>\n<meta property=\"og:type\" content=\"article\" \/>\n<meta property=\"og:title\" content=\"Vis\u00e3o de uma Comunicadora Popular da Mar\u00e9: A For\u00e7a do Jornalismo Comunit\u00e1rio - RioOnWatch\" \/>\n<meta property=\"og:description\" content=\"Click Here for English Esta mat\u00e9ria de Tha\u00eds Cavalcante,*\u00a0comunicadora comunit\u00e1ria da Mar\u00e9, \u00e9 uma de duas contribui\u00e7\u00f5es do RioOnWatch ao debate mundial acontecendo hoje, Blog Action Day 2015, Dia\u00a0Global de A\u00e7\u00e3o dos Blogueiros, cujo tema [...]\" \/>\n<meta property=\"og:url\" content=\"https:\/\/rioonwatch.org.br\/?p=16625\" \/>\n<meta property=\"og:site_name\" content=\"RioOnWatch\" \/>\n<meta property=\"article:published_time\" content=\"2015-10-16T14:07:21+00:00\" \/>\n<meta property=\"article:modified_time\" content=\"2024-06-20T16:36:50+00:00\" \/>\n<meta property=\"og:image\" content=\"https:\/\/rioonwatch.org.br\/wp-content\/uploads\/2015\/10\/Trabalho-de-campo-a-jornalista-comunit\u00e1rio-Tha\u00eds-Cavalcanti-fotografa-moradores-antigos-do-Morro-do-Timbau.jpg\" \/>\n\t<meta property=\"og:image:width\" content=\"960\" \/>\n\t<meta property=\"og:image:height\" content=\"540\" \/>\n\t<meta property=\"og:image:type\" content=\"image\/jpeg\" \/>\n<meta name=\"author\" content=\"Admin\" \/>\n<meta name=\"twitter:card\" content=\"summary_large_image\" \/>\n<meta name=\"twitter:label1\" content=\"Escrito por\" \/>\n\t<meta name=\"twitter:data1\" content=\"Admin\" \/>\n\t<meta name=\"twitter:label2\" content=\"Est. tempo de leitura\" \/>\n\t<meta name=\"twitter:data2\" content=\"5 minutos\" \/>\n<script type=\"application\/ld+json\" class=\"yoast-schema-graph\">{\"@context\":\"https:\/\/schema.org\",\"@graph\":[{\"@type\":\"Article\",\"@id\":\"https:\/\/rioonwatch.org.br\/?p=16625#article\",\"isPartOf\":{\"@id\":\"https:\/\/rioonwatch.org.br\/?p=16625\"},\"author\":{\"name\":\"Admin\",\"@id\":\"https:\/\/rioonwatch.org.br\/#\/schema\/person\/11d64c290506f9df50c71b850c473f68\"},\"headline\":\"Vis\u00e3o de uma Comunicadora Popular da Mar\u00e9: A For\u00e7a do Jornalismo Comunit\u00e1rio\",\"datePublished\":\"2015-10-16T14:07:21+00:00\",\"dateModified\":\"2024-06-20T16:36:50+00:00\",\"mainEntityOfPage\":{\"@id\":\"https:\/\/rioonwatch.org.br\/?p=16625\"},\"wordCount\":950,\"publisher\":{\"@id\":\"https:\/\/rioonwatch.org.br\/#organization\"},\"image\":{\"@id\":\"https:\/\/rioonwatch.org.br\/?p=16625#primaryimage\"},\"thumbnailUrl\":\"https:\/\/rioonwatch.org.br\/wp-content\/uploads\/2015\/10\/Trabalho-de-campo-a-jornalista-comunit\u00e1rio-Tha\u00eds-Cavalcanti-fotografa-moradores-antigos-do-Morro-do-Timbau.jpg\",\"keywords\":[\"Blog Action Day\",\"Blog Action Day 2015: Erga a Sua Voz\",\"Comunica\u00e7\u00e3o Comunit\u00e1ria\",\"direito \u00e0 comunica\u00e7\u00e3o\",\"Direitos Humanos\",\"grande m\u00eddia\",\"jornalismo\",\"juventude\",\"m\u00eddia social\",\"Neglig\u00eancia do Estado\",\"opini\u00e3o\",\"resist\u00eancia\",\"solu\u00e7\u00e3o\",\"solu\u00e7\u00e3o comunit\u00e1ria\"],\"articleSection\":[\"#OlhoNaParticipa\u00e7\u00e3o\",\"*Destaque\",\"Den\u00fancias\",\"Entrevistas e Perfis\",\"Escrito por Comunicadores Populares\",\"M\u00eddia Comunit\u00e1ria\",\"Opini\u00e3o\",\"Sociedade Civil\",\"Solu\u00e7\u00f5es\"],\"inLanguage\":\"pt-BR\"},{\"@type\":\"WebPage\",\"@id\":\"https:\/\/rioonwatch.org.br\/?p=16625\",\"url\":\"https:\/\/rioonwatch.org.br\/?p=16625\",\"name\":\"Vis\u00e3o de uma Comunicadora Popular da Mar\u00e9: A For\u00e7a do Jornalismo Comunit\u00e1rio - RioOnWatch\",\"isPartOf\":{\"@id\":\"https:\/\/rioonwatch.org.br\/#website\"},\"primaryImageOfPage\":{\"@id\":\"https:\/\/rioonwatch.org.br\/?p=16625#primaryimage\"},\"image\":{\"@id\":\"https:\/\/rioonwatch.org.br\/?p=16625#primaryimage\"},\"thumbnailUrl\":\"https:\/\/rioonwatch.org.br\/wp-content\/uploads\/2015\/10\/Trabalho-de-campo-a-jornalista-comunit\u00e1rio-Tha\u00eds-Cavalcanti-fotografa-moradores-antigos-do-Morro-do-Timbau.jpg\",\"datePublished\":\"2015-10-16T14:07:21+00:00\",\"dateModified\":\"2024-06-20T16:36:50+00:00\",\"breadcrumb\":{\"@id\":\"https:\/\/rioonwatch.org.br\/?p=16625#breadcrumb\"},\"inLanguage\":\"pt-BR\",\"potentialAction\":[{\"@type\":\"ReadAction\",\"target\":[\"https:\/\/rioonwatch.org.br\/?p=16625\"]}]},{\"@type\":\"ImageObject\",\"inLanguage\":\"pt-BR\",\"@id\":\"https:\/\/rioonwatch.org.br\/?p=16625#primaryimage\",\"url\":\"https:\/\/rioonwatch.org.br\/wp-content\/uploads\/2015\/10\/Trabalho-de-campo-a-jornalista-comunit\u00e1rio-Tha\u00eds-Cavalcanti-fotografa-moradores-antigos-do-Morro-do-Timbau.jpg\",\"contentUrl\":\"https:\/\/rioonwatch.org.br\/wp-content\/uploads\/2015\/10\/Trabalho-de-campo-a-jornalista-comunit\u00e1rio-Tha\u00eds-Cavalcanti-fotografa-moradores-antigos-do-Morro-do-Timbau.jpg\",\"width\":960,\"height\":540},{\"@type\":\"BreadcrumbList\",\"@id\":\"https:\/\/rioonwatch.org.br\/?p=16625#breadcrumb\",\"itemListElement\":[{\"@type\":\"ListItem\",\"position\":1,\"name\":\"In\u00edcio\",\"item\":\"https:\/\/rioonwatch.org.br\/\"},{\"@type\":\"ListItem\",\"position\":2,\"name\":\"Vis\u00e3o de uma Comunicadora Popular da Mar\u00e9: A For\u00e7a do Jornalismo Comunit\u00e1rio\"}]},{\"@type\":\"WebSite\",\"@id\":\"https:\/\/rioonwatch.org.br\/#website\",\"url\":\"https:\/\/rioonwatch.org.br\/\",\"name\":\"RioOnWatch\",\"description\":\"relatos das favelas cariocas\",\"publisher\":{\"@id\":\"https:\/\/rioonwatch.org.br\/#organization\"},\"potentialAction\":[{\"@type\":\"SearchAction\",\"target\":{\"@type\":\"EntryPoint\",\"urlTemplate\":\"https:\/\/rioonwatch.org.br\/?s={search_term_string}\"},\"query-input\":{\"@type\":\"PropertyValueSpecification\",\"valueRequired\":true,\"valueName\":\"search_term_string\"}}],\"inLanguage\":\"pt-BR\"},{\"@type\":\"Organization\",\"@id\":\"https:\/\/rioonwatch.org.br\/#organization\",\"name\":\"RioOnWatch\",\"url\":\"https:\/\/rioonwatch.org.br\/\",\"logo\":{\"@type\":\"ImageObject\",\"inLanguage\":\"pt-BR\",\"@id\":\"https:\/\/rioonwatch.org.br\/#\/schema\/logo\/image\/\",\"url\":\"https:\/\/rioonwatch.org.br\/wp-content\/uploads\/2021\/06\/RioOnWatchcabecalhoPT11anos-2.png\",\"contentUrl\":\"https:\/\/rioonwatch.org.br\/wp-content\/uploads\/2021\/06\/RioOnWatchcabecalhoPT11anos-2.png\",\"width\":779,\"height\":277,\"caption\":\"RioOnWatch\"},\"image\":{\"@id\":\"https:\/\/rioonwatch.org.br\/#\/schema\/logo\/image\/\"}},{\"@type\":\"Person\",\"@id\":\"https:\/\/rioonwatch.org.br\/#\/schema\/person\/11d64c290506f9df50c71b850c473f68\",\"name\":\"Admin\",\"image\":{\"@type\":\"ImageObject\",\"inLanguage\":\"pt-BR\",\"@id\":\"https:\/\/rioonwatch.org.br\/#\/schema\/person\/image\/\",\"url\":\"https:\/\/secure.gravatar.com\/avatar\/56211ac74568383903349a1485e3c325?s=96&d=blank&r=g\",\"contentUrl\":\"https:\/\/secure.gravatar.com\/avatar\/56211ac74568383903349a1485e3c325?s=96&d=blank&r=g\",\"caption\":\"Admin\"},\"url\":\"https:\/\/rioonwatch.org.br\/?author=129\"}]}<\/script>\n<!-- \/ Yoast SEO plugin. -->","yoast_head_json":{"title":"Vis\u00e3o de uma Comunicadora Popular da Mar\u00e9: A For\u00e7a do Jornalismo Comunit\u00e1rio - RioOnWatch","robots":{"index":"index","follow":"follow","max-snippet":"max-snippet:-1","max-image-preview":"max-image-preview:large","max-video-preview":"max-video-preview:-1"},"canonical":"https:\/\/rioonwatch.org.br\/?p=16625","og_locale":"pt_BR","og_type":"article","og_title":"Vis\u00e3o de uma Comunicadora Popular da Mar\u00e9: A For\u00e7a do Jornalismo Comunit\u00e1rio - RioOnWatch","og_description":"Click Here for English Esta mat\u00e9ria de Tha\u00eds Cavalcante,*\u00a0comunicadora comunit\u00e1ria da Mar\u00e9, \u00e9 uma de duas contribui\u00e7\u00f5es do RioOnWatch ao debate mundial acontecendo hoje, Blog Action Day 2015, Dia\u00a0Global de A\u00e7\u00e3o dos Blogueiros, cujo tema [...]","og_url":"https:\/\/rioonwatch.org.br\/?p=16625","og_site_name":"RioOnWatch","article_published_time":"2015-10-16T14:07:21+00:00","article_modified_time":"2024-06-20T16:36:50+00:00","og_image":[{"width":960,"height":540,"url":"https:\/\/rioonwatch.org.br\/wp-content\/uploads\/2015\/10\/Trabalho-de-campo-a-jornalista-comunit\u00e1rio-Tha\u00eds-Cavalcanti-fotografa-moradores-antigos-do-Morro-do-Timbau.jpg","type":"image\/jpeg"}],"author":"Admin","twitter_card":"summary_large_image","twitter_misc":{"Escrito por":"Admin","Est. tempo de leitura":"5 minutos"},"schema":{"@context":"https:\/\/schema.org","@graph":[{"@type":"Article","@id":"https:\/\/rioonwatch.org.br\/?p=16625#article","isPartOf":{"@id":"https:\/\/rioonwatch.org.br\/?p=16625"},"author":{"name":"Admin","@id":"https:\/\/rioonwatch.org.br\/#\/schema\/person\/11d64c290506f9df50c71b850c473f68"},"headline":"Vis\u00e3o de uma Comunicadora Popular da Mar\u00e9: A For\u00e7a do Jornalismo Comunit\u00e1rio","datePublished":"2015-10-16T14:07:21+00:00","dateModified":"2024-06-20T16:36:50+00:00","mainEntityOfPage":{"@id":"https:\/\/rioonwatch.org.br\/?p=16625"},"wordCount":950,"publisher":{"@id":"https:\/\/rioonwatch.org.br\/#organization"},"image":{"@id":"https:\/\/rioonwatch.org.br\/?p=16625#primaryimage"},"thumbnailUrl":"https:\/\/rioonwatch.org.br\/wp-content\/uploads\/2015\/10\/Trabalho-de-campo-a-jornalista-comunit\u00e1rio-Tha\u00eds-Cavalcanti-fotografa-moradores-antigos-do-Morro-do-Timbau.jpg","keywords":["Blog Action Day","Blog Action Day 2015: Erga a Sua Voz","Comunica\u00e7\u00e3o Comunit\u00e1ria","direito \u00e0 comunica\u00e7\u00e3o","Direitos Humanos","grande m\u00eddia","jornalismo","juventude","m\u00eddia social","Neglig\u00eancia do Estado","opini\u00e3o","resist\u00eancia","solu\u00e7\u00e3o","solu\u00e7\u00e3o comunit\u00e1ria"],"articleSection":["#OlhoNaParticipa\u00e7\u00e3o","*Destaque","Den\u00fancias","Entrevistas e Perfis","Escrito por Comunicadores Populares","M\u00eddia Comunit\u00e1ria","Opini\u00e3o","Sociedade Civil","Solu\u00e7\u00f5es"],"inLanguage":"pt-BR"},{"@type":"WebPage","@id":"https:\/\/rioonwatch.org.br\/?p=16625","url":"https:\/\/rioonwatch.org.br\/?p=16625","name":"Vis\u00e3o de uma Comunicadora Popular da Mar\u00e9: A For\u00e7a do Jornalismo Comunit\u00e1rio - RioOnWatch","isPartOf":{"@id":"https:\/\/rioonwatch.org.br\/#website"},"primaryImageOfPage":{"@id":"https:\/\/rioonwatch.org.br\/?p=16625#primaryimage"},"image":{"@id":"https:\/\/rioonwatch.org.br\/?p=16625#primaryimage"},"thumbnailUrl":"https:\/\/rioonwatch.org.br\/wp-content\/uploads\/2015\/10\/Trabalho-de-campo-a-jornalista-comunit\u00e1rio-Tha\u00eds-Cavalcanti-fotografa-moradores-antigos-do-Morro-do-Timbau.jpg","datePublished":"2015-10-16T14:07:21+00:00","dateModified":"2024-06-20T16:36:50+00:00","breadcrumb":{"@id":"https:\/\/rioonwatch.org.br\/?p=16625#breadcrumb"},"inLanguage":"pt-BR","potentialAction":[{"@type":"ReadAction","target":["https:\/\/rioonwatch.org.br\/?p=16625"]}]},{"@type":"ImageObject","inLanguage":"pt-BR","@id":"https:\/\/rioonwatch.org.br\/?p=16625#primaryimage","url":"https:\/\/rioonwatch.org.br\/wp-content\/uploads\/2015\/10\/Trabalho-de-campo-a-jornalista-comunit\u00e1rio-Tha\u00eds-Cavalcanti-fotografa-moradores-antigos-do-Morro-do-Timbau.jpg","contentUrl":"https:\/\/rioonwatch.org.br\/wp-content\/uploads\/2015\/10\/Trabalho-de-campo-a-jornalista-comunit\u00e1rio-Tha\u00eds-Cavalcanti-fotografa-moradores-antigos-do-Morro-do-Timbau.jpg","width":960,"height":540},{"@type":"BreadcrumbList","@id":"https:\/\/rioonwatch.org.br\/?p=16625#breadcrumb","itemListElement":[{"@type":"ListItem","position":1,"name":"In\u00edcio","item":"https:\/\/rioonwatch.org.br\/"},{"@type":"ListItem","position":2,"name":"Vis\u00e3o de uma Comunicadora Popular da Mar\u00e9: A For\u00e7a do Jornalismo Comunit\u00e1rio"}]},{"@type":"WebSite","@id":"https:\/\/rioonwatch.org.br\/#website","url":"https:\/\/rioonwatch.org.br\/","name":"RioOnWatch","description":"relatos das favelas cariocas","publisher":{"@id":"https:\/\/rioonwatch.org.br\/#organization"},"potentialAction":[{"@type":"SearchAction","target":{"@type":"EntryPoint","urlTemplate":"https:\/\/rioonwatch.org.br\/?s={search_term_string}"},"query-input":{"@type":"PropertyValueSpecification","valueRequired":true,"valueName":"search_term_string"}}],"inLanguage":"pt-BR"},{"@type":"Organization","@id":"https:\/\/rioonwatch.org.br\/#organization","name":"RioOnWatch","url":"https:\/\/rioonwatch.org.br\/","logo":{"@type":"ImageObject","inLanguage":"pt-BR","@id":"https:\/\/rioonwatch.org.br\/#\/schema\/logo\/image\/","url":"https:\/\/rioonwatch.org.br\/wp-content\/uploads\/2021\/06\/RioOnWatchcabecalhoPT11anos-2.png","contentUrl":"https:\/\/rioonwatch.org.br\/wp-content\/uploads\/2021\/06\/RioOnWatchcabecalhoPT11anos-2.png","width":779,"height":277,"caption":"RioOnWatch"},"image":{"@id":"https:\/\/rioonwatch.org.br\/#\/schema\/logo\/image\/"}},{"@type":"Person","@id":"https:\/\/rioonwatch.org.br\/#\/schema\/person\/11d64c290506f9df50c71b850c473f68","name":"Admin","image":{"@type":"ImageObject","inLanguage":"pt-BR","@id":"https:\/\/rioonwatch.org.br\/#\/schema\/person\/image\/","url":"https:\/\/secure.gravatar.com\/avatar\/56211ac74568383903349a1485e3c325?s=96&d=blank&r=g","contentUrl":"https:\/\/secure.gravatar.com\/avatar\/56211ac74568383903349a1485e3c325?s=96&d=blank&r=g","caption":"Admin"},"url":"https:\/\/rioonwatch.org.br\/?author=129"}]}},"_links":{"self":[{"href":"https:\/\/rioonwatch.org.br\/index.php?rest_route=\/wp\/v2\/posts\/16625"}],"collection":[{"href":"https:\/\/rioonwatch.org.br\/index.php?rest_route=\/wp\/v2\/posts"}],"about":[{"href":"https:\/\/rioonwatch.org.br\/index.php?rest_route=\/wp\/v2\/types\/post"}],"author":[{"embeddable":true,"href":"https:\/\/rioonwatch.org.br\/index.php?rest_route=\/wp\/v2\/users\/129"}],"replies":[{"embeddable":true,"href":"https:\/\/rioonwatch.org.br\/index.php?rest_route=%2Fwp%2Fv2%2Fcomments&post=16625"}],"version-history":[{"count":17,"href":"https:\/\/rioonwatch.org.br\/index.php?rest_route=\/wp\/v2\/posts\/16625\/revisions"}],"predecessor-version":[{"id":74145,"href":"https:\/\/rioonwatch.org.br\/index.php?rest_route=\/wp\/v2\/posts\/16625\/revisions\/74145"}],"wp:featuredmedia":[{"embeddable":true,"href":"https:\/\/rioonwatch.org.br\/index.php?rest_route=\/wp\/v2\/media\/16627"}],"wp:attachment":[{"href":"https:\/\/rioonwatch.org.br\/index.php?rest_route=%2Fwp%2Fv2%2Fmedia&parent=16625"}],"wp:term":[{"taxonomy":"category","embeddable":true,"href":"https:\/\/rioonwatch.org.br\/index.php?rest_route=%2Fwp%2Fv2%2Fcategories&post=16625"},{"taxonomy":"post_tag","embeddable":true,"href":"https:\/\/rioonwatch.org.br\/index.php?rest_route=%2Fwp%2Fv2%2Ftags&post=16625"},{"taxonomy":"writer","embeddable":true,"href":"https:\/\/rioonwatch.org.br\/index.php?rest_route=%2Fwp%2Fv2%2Fwriter&post=16625"},{"taxonomy":"translator","embeddable":true,"href":"https:\/\/rioonwatch.org.br\/index.php?rest_route=%2Fwp%2Fv2%2Ftranslator&post=16625"},{"taxonomy":"source","embeddable":true,"href":"https:\/\/rioonwatch.org.br\/index.php?rest_route=%2Fwp%2Fv2%2Fsource&post=16625"},{"taxonomy":"ilustrador","embeddable":true,"href":"https:\/\/rioonwatch.org.br\/index.php?rest_route=%2Fwp%2Fv2%2Filustrador&post=16625"},{"taxonomy":"fotografo","embeddable":true,"href":"https:\/\/rioonwatch.org.br\/index.php?rest_route=%2Fwp%2Fv2%2Ffotografo&post=16625"}],"curies":[{"name":"wp","href":"https:\/\/api.w.org\/{rel}","templated":true}]}}