{"id":16637,"date":"2015-10-16T12:45:15","date_gmt":"2015-10-16T15:45:15","guid":{"rendered":"http:\/\/rioonwatch.org.br\/?p=16637"},"modified":"2024-06-20T13:36:50","modified_gmt":"2024-06-20T16:36:50","slug":"comunicacao-comunitaria-enfrenta-censura-e-ameacas-dentro-das-favelas-do-rio","status":"publish","type":"post","link":"https:\/\/rioonwatch.org.br\/?p=16637","title":{"rendered":"Comunica\u00e7\u00e3o Comunit\u00e1ria Enfrenta Censura e Amea\u00e7as Dentro das Favelas do Rio"},"content":{"rendered":"<p><strong><em>Esta mat\u00e9ria de Gizele Martins,* comunicadora comunit\u00e1ria da Mar\u00e9, \u00e9 uma de <a href=\"http:\/\/bit.ly\/1OyQrTN\" target=\"_blank\" rel=\"noopener\">duas contribui\u00e7\u00f5es do RioOnWatch ao debate mundial<\/a> acontecendo hoje, Blog Action Day 2015, Dia\u00a0Global de A\u00e7\u00e3o dos Blogueiros, cujo <a href=\"http:\/\/bit.ly\/1ZGmTr9\" target=\"_blank\" rel=\"noopener\">tema de reflex\u00e3o para 2015<\/a>\u00a0\u00e9: Erga a sua Voz. Leia ambas as mat\u00e9rias <a href=\"http:\/\/bit.ly\/1OyQrTN\" target=\"_blank\" rel=\"noopener\">aqui<\/a>.<\/em><\/strong><\/p>\n<p>Nesta semana, na qual se comemora o <a href=\"http:\/\/bit.ly\/1MFPuaG\" target=\"_blank\" rel=\"noopener\">Dia Nacional pela Democratiza\u00e7\u00e3o da Comunica\u00e7\u00e3o<\/a>, \u00e9 importante estar ciente da atual situa\u00e7\u00e3o dos <a href=\"http:\/\/bit.ly\/YpO1Z5\" target=\"_blank\" rel=\"noopener\">comunicadores comunit\u00e1rios<\/a> de favelas do Rio de Janeiro, pois a censura tem sido um dos principais problemas enfrentados por muitos deles.<\/p>\n<p>No relat\u00f3rio realizado pelo <a href=\"http:\/\/bit.ly\/1X815m7\" target=\"_blank\" rel=\"noopener\">F\u00f3rum de Juventudes do Rio de Janeiro<\/a>, este ano, intitulado\u00a0<a href=\"http:\/\/bit.ly\/1LnuzEU\" target=\"_blank\" rel=\"noopener\">Militariza\u00e7\u00e3o das Favelas do Rio<\/a>, consta in\u00fameras den\u00fancias de comunicadores amea\u00e7ados, revistados e afastados de seus locais de moradia e atua\u00e7\u00e3o, e isto tem crescido dentro das favelas do Rio com a\u00a0entrada das <a href=\"http:\/\/bit.ly\/R5ueio\" target=\"_blank\" rel=\"noopener\">UPPs<\/a>.<\/p>\n<p>A comunicadora comunit\u00e1ria e atual coordenadora do <a href=\"http:\/\/bit.ly\/1mk1XUj\" target=\"_blank\" rel=\"noopener\"><em>O Cidad\u00e3o<\/em><\/a>, jornal comunit\u00e1rio que circula h\u00e1 16 anos no <a href=\"http:\/\/bit.ly\/10BvARw\" target=\"_blank\" rel=\"noopener\">Complexo da Mar\u00e9<\/a>, localizado na Zona Norte do Rio, <a href=\"http:\/\/bit.ly\/1RLfvW3\" target=\"_blank\" rel=\"noopener\">Tha\u00eds Cavalcante<\/a>, contou que fazer comunica\u00e7\u00e3o dentro das favelas tem sido algo bem delicado. \u201cA comunica\u00e7\u00e3o que acontece dentro da favela \u00e9 mais delicada do que a que temos em outros lugares. Al\u00e9m de jornalistas, somos moradores. O cuidado \u00e9 redobrado e tudo nos envolve emocionalmente tamb\u00e9m\u201d, completou.<\/p>\n<p>Ainda de acordo com Tha\u00eds, quando a <a href=\"http:\/\/bit.ly\/1qwYRu4\" target=\"_blank\" rel=\"noopener\">ocupa\u00e7\u00e3o militar<\/a> estava pelas ruas da favela da Mar\u00e9, os comunicadores se sentiam limitados para circular pelas ruas e produzir mat\u00e9rias sobre temas ligados aos <a href=\"http:\/\/bit.ly\/1iqdzi3\" target=\"_blank\" rel=\"noopener\">direitos humanos<\/a>. \u201cN\u00f3s nos sent\u00edamos limitados para poder relatar e fotografar o que acontecia. Seja a respeito do ex\u00e9rcito ou de um evento cultural cotidiano. J\u00e1 recebi gritos de um militar, sobre como falar ou dar bom dia. Mas n\u00e3o respondi. Ningu\u00e9m \u00e9 obrigado a ser educado com o opressor. Como comunicadora sempre tive cuidado com o que fazia pr\u00f3ximo a eles. Mas muitas vezes tive que me identificar, de que ve\u00edculo eu era, qual o site, qual meu nome&#8230;etc\u201d, finalizou.<\/p>\n<p><a href=\"http:\/\/rioonwatch.org.br\/wp-content\/uploads\/2015\/10\/Festa-de-15-anos-do-O-Cidadao_Rafael-Daguerre.jpg\"><img fetchpriority=\"high\" decoding=\"async\" class=\"aligncenter wp-image-16643\" title=\"Festa de 15 anos do Jornal comunit\u00e1rio da Mar\u00e9 O Cidad\u00e3o. Foto por Rafael Daguerre\" src=\"http:\/\/rioonwatch.org.br\/wp-content\/uploads\/2015\/10\/Festa-de-15-anos-do-O-Cidadao_Rafael-Daguerre.jpg\" alt=\"Festa de 15 anos do Jornal comunit\u00e1rio da Mar\u00e9 O Cidad\u00e3o. Foto por Rafael Daguerre\" width=\"620\" height=\"413\" srcset=\"https:\/\/rioonwatch.org.br\/wp-content\/uploads\/2015\/10\/Festa-de-15-anos-do-O-Cidadao_Rafael-Daguerre.jpg 960w, https:\/\/rioonwatch.org.br\/wp-content\/uploads\/2015\/10\/Festa-de-15-anos-do-O-Cidadao_Rafael-Daguerre-397x264.jpg 397w, https:\/\/rioonwatch.org.br\/wp-content\/uploads\/2015\/10\/Festa-de-15-anos-do-O-Cidadao_Rafael-Daguerre-620x413.jpg 620w\" sizes=\"(max-width: 620px) 100vw, 620px\" \/><\/a><\/p>\n<p>De acordo com dados do relat\u00f3rio do F\u00f3rum, acontecimentos como o que ocorre e ocorreu na Mar\u00e9 s\u00e3o vistos em outras favelas. O relato de uma jovem participante de um projeto e comunicadora comunit\u00e1ria, em Manguinhos, mostra isto: \u201cpresenciei uma abordagem policial de um cidad\u00e3o que passava em seu carro ouvindo m\u00fasica alta (funk). Um policial da UPP fez a abordagem apontando fuzil e mandando parar. Do outro lado da rua, eu filmava essa abordagem. O policial viu e disse que eu n\u00e3o poderia filmar eles e que iria me levar para o DP (Distrito Policial). Press\u00e3o psicol\u00f3gica daqui e dali por parte da UPP. Ao final terminaram anotando o nome de todos, o cidad\u00e3o do carro e seu carona, mais eu que filmava, em um cadastro que desconhe\u00e7o. No meio desse caso mais dois cidad\u00e3os chegaram e tentaram dialogar com o policial e o mesmo disse que se pegar o motorista ouvindo m\u00fasica chula, e a pessoa que filmou fazendo isso outra vez, v\u00e3o levar ambos para o DP\u201d.<\/p>\n<p>Em algumas favelas, as revistas e proibi\u00e7\u00f5es de pessoas circularem com celulares nas ruas t\u00eam aumentado, j\u00e1 que os <a href=\"http:\/\/bit.ly\/1jQvmax\" target=\"_blank\" rel=\"noopener\">celulares podem servir como grandes instrumentos de den\u00fancia de viola\u00e7\u00f5es de direitos cometidos pelos policiais<\/a>. Exemplo disto \u00e9 o que o <a href=\"http:\/\/bit.ly\/1CLd514\" target=\"_blank\" rel=\"noopener\">Coletivo Papo Reto<\/a>, que funciona no <a href=\"http:\/\/bit.ly\/U0MiGm\" target=\"_blank\" rel=\"noopener\">Complexo do Alem\u00e3o<\/a>, tamb\u00e9m na Zona Norte do Rio, abordou no mesmo relat\u00f3rio e nas m\u00eddias sociais quando eles sofreram tal amea\u00e7a e intimida\u00e7\u00e3o por parte da pol\u00edcia: \u201cAcabamos de sair da 45\u00ba DP daqui do Alem\u00e3o, onde o nosso amigo fot\u00f3grafo Carlos Cout foi liberado depois de ser detido por Desacato e Auto de Resist\u00eancia pelo motivo de n\u00e3o deixar os policiais da UPP do Alem\u00e3o ver seu celular. Cout \u00e9 rep\u00f3rter fotogr\u00e1fico do Coletivo Papo Reto. Mesmo mostrando a sua identifica\u00e7\u00e3o ele foi conduzido para a delegacia. Chegando l\u00e1 quando viram diversas liga\u00e7\u00f5es e a repercuss\u00e3o, a ele foi dada a oportunidade de \u2018deixar isso pra l\u00e1\u2019. Carlos n\u00e3o \u2018deixou para l\u00e1\u2019 e prosseguiu com a queixa. Como tudo indica esta \u00e9 mais uma viola\u00e7\u00e3o de direito visando \u00e0s m\u00eddias comunit\u00e1rias\u201d.<\/p>\n<p>Ou seja, como visto tais intimida\u00e7\u00f5es n\u00e3o s\u00e3o isoladas, n\u00e3o s\u00e3o em uma ou duas favelas ocupadas pelas UPPs. Todos estes tr\u00eas relatos s\u00e3o de comunicadores que t\u00eam feito importantes trabalhos de den\u00fancias dentro dos seus locais de atua\u00e7\u00e3o. S\u00e3o v\u00e1rios os casos que estes comunicadores conseguiram viralizar e mostrar a real situa\u00e7\u00e3o de suas favelas que s\u00e3o constantemente amea\u00e7adas e que sofrem diariamente <a href=\"http:\/\/bit.ly\/1MsmVsX\" target=\"_blank\" rel=\"noopener\">viola\u00e7\u00f5es de direitos<\/a> por parte do Estado. \u00c9 preciso que a sociedade, que os jornalistas e defensores de direitos humanos se atentem a tais fatos colocados pelos comunicadores comunit\u00e1rios. Pois muitos n\u00e3o est\u00e3o mais conseguindo realizar os seus trabalhos dentro das favelas do Rio de Janeiro.<\/p>\n<p>A presidente do Sindicato dos Jornalistas do Munic\u00edpio do Rio de Janeiro, Paula Mair\u00e1n, afirma que \u201cTivemos o fim da ditadura no Brasil, mas n\u00e3o o fim da censura na comunica\u00e7\u00e3o. Temos uma l\u00f3gica de manuten\u00e7\u00e3o de poder pol\u00edtico e econ\u00f4mico minorit\u00e1rio que \u00e9 composto tamb\u00e9m por alguns empres\u00e1rios da m\u00eddia. N\u00e3o \u00e9 de interesse, para quem defende este modelo pol\u00edtico e econ\u00f4mico, que o povo tenha voz. Temos casos de viol\u00eancia f\u00edsica, temos casos de pris\u00e3o. As m\u00eddias populares e comunit\u00e1rias hoje atuam na resist\u00eancia e at\u00e9 na clandestinidade. Por isso, a pauta pelo <a href=\"http:\/\/bit.ly\/1MsQlqI\" target=\"_blank\" rel=\"noopener\">direito \u00e0 comunica\u00e7\u00e3o<\/a> n\u00e3o pode ser uma pauta de poucos. Ela \u00e9 de todos: da sociedade, dos jornalistas e comunicadores. \u00c9 uma pauta central. A comunica\u00e7\u00e3o \u00e9 um direito humano. O povo tem que ter acesso e se expressar pelos seus <a href=\"http:\/\/bit.ly\/1jEgxaJ\" target=\"_blank\" rel=\"noopener\">pr\u00f3prios ve\u00edculos de comunica\u00e7\u00e3o<\/a>\u201d, concluiu.<\/p>\n<p><em>*Gizele Martins \u00e9 jornalista e comunicadora comunit\u00e1ria do conjunto de favelas da Mar\u00e9.<\/em><\/p>\n<!-- AddThis Advanced Settings generic via filter on the_content --><!-- AddThis Share Buttons generic via filter on the_content -->","protected":false},"excerpt":{"rendered":"<div class=\"mh-excerpt\"><p>Esta mat\u00e9ria de Gizele Martins,* comunicadora comunit\u00e1ria da Mar\u00e9, \u00e9 uma de duas contribui\u00e7\u00f5es do RioOnWatch ao debate mundial acontecendo hoje, Blog Action Day 2015, Dia\u00a0Global de A\u00e7\u00e3o dos Blogueiros, cujo tema de reflex\u00e3o para <a class=\"mh-excerpt-more\" href=\"https:\/\/rioonwatch.org.br\/?p=16637\" title=\"Comunica\u00e7\u00e3o Comunit\u00e1ria Enfrenta Censura e Amea\u00e7as Dentro das Favelas do Rio\">[&#8230;]<\/a><!-- AddThis Advanced Settings generic via filter on get_the_excerpt --><!-- AddThis Share Buttons generic via filter on get_the_excerpt --><\/p>\n<\/div>","protected":false},"author":129,"featured_media":16661,"comment_status":"closed","ping_status":"closed","sticky":false,"template":"","format":"standard","meta":{"_acf_changed":false,"_monsterinsights_skip_tracking":false,"_monsterinsights_sitenote_active":false,"_monsterinsights_sitenote_note":"","_monsterinsights_sitenote_category":0,"footnotes":""},"categories":[1618,1621,346,1625,1613,1612,342],"tags":[878,1702,948,332,217,1530,1454,88,1167,1418,1166,379,1704,1347,52,218],"writer":[1699],"translator":[],"source":[],"ilustrador":[],"fotografo":[],"class_list":{"0":"post-16637","1":"post","2":"type-post","3":"status-publish","4":"format-standard","5":"has-post-thumbnail","7":"category-olhonaparticipacao","8":"category-destaque","9":"category-denuncias","10":"category-por-correspondentes-comunitarios","11":"category-midia-comunitaria","12":"category-sociedade-civil","13":"category-solucoes","14":"tag-blog-action-day","15":"tag-blog-action-day-2015-erga-a-sua-voz","16":"tag-coletivo","17":"tag-complexo-da-mare","18":"tag-complexo-do-alemao","19":"tag-midia-comunitaria","20":"tag-direito-a-comunicacao","21":"tag-direitos-humanos","22":"tag-grande-midia","23":"tag-coletivo-papo-reto","24":"tag-jornalismo","25":"tag-midia-social","26":"tag-o-cidadao","27":"tag-solucao","28":"tag-violencia-policial","29":"tag-zona-norte","30":"writer-gizele-martins"},"acf":[],"yoast_head":"<!-- This site is optimized with the Yoast SEO plugin v25.6 - https:\/\/yoast.com\/wordpress\/plugins\/seo\/ -->\n<title>Comunica\u00e7\u00e3o Comunit\u00e1ria Enfrenta Censura e Amea\u00e7as Dentro das Favelas do Rio - RioOnWatch<\/title>\n<meta name=\"robots\" content=\"index, follow, max-snippet:-1, max-image-preview:large, max-video-preview:-1\" \/>\n<link rel=\"canonical\" href=\"https:\/\/rioonwatch.org.br\/?p=16637\" \/>\n<meta property=\"og:locale\" content=\"pt_BR\" \/>\n<meta property=\"og:type\" content=\"article\" \/>\n<meta property=\"og:title\" content=\"Comunica\u00e7\u00e3o Comunit\u00e1ria Enfrenta Censura e Amea\u00e7as Dentro das Favelas do Rio - RioOnWatch\" \/>\n<meta property=\"og:description\" content=\"Esta mat\u00e9ria de Gizele Martins,* comunicadora comunit\u00e1ria da Mar\u00e9, \u00e9 uma de duas contribui\u00e7\u00f5es do RioOnWatch ao debate mundial acontecendo hoje, Blog Action Day 2015, Dia\u00a0Global de A\u00e7\u00e3o dos Blogueiros, cujo tema de reflex\u00e3o para [...]\" \/>\n<meta property=\"og:url\" content=\"https:\/\/rioonwatch.org.br\/?p=16637\" \/>\n<meta property=\"og:site_name\" content=\"RioOnWatch\" \/>\n<meta property=\"article:published_time\" content=\"2015-10-16T15:45:15+00:00\" \/>\n<meta property=\"article:modified_time\" content=\"2024-06-20T16:36:50+00:00\" \/>\n<meta property=\"og:image\" content=\"https:\/\/rioonwatch.org.br\/wp-content\/uploads\/2015\/10\/Luiz-Baltar.jpg\" \/>\n\t<meta property=\"og:image:width\" content=\"800\" \/>\n\t<meta property=\"og:image:height\" content=\"534\" \/>\n\t<meta property=\"og:image:type\" content=\"image\/jpeg\" \/>\n<meta name=\"author\" content=\"Admin\" \/>\n<meta name=\"twitter:card\" content=\"summary_large_image\" \/>\n<meta name=\"twitter:label1\" content=\"Escrito por\" \/>\n\t<meta name=\"twitter:data1\" content=\"Admin\" \/>\n\t<meta name=\"twitter:label2\" content=\"Est. tempo de leitura\" \/>\n\t<meta name=\"twitter:data2\" content=\"5 minutos\" \/>\n<script type=\"application\/ld+json\" class=\"yoast-schema-graph\">{\"@context\":\"https:\/\/schema.org\",\"@graph\":[{\"@type\":\"Article\",\"@id\":\"https:\/\/rioonwatch.org.br\/?p=16637#article\",\"isPartOf\":{\"@id\":\"https:\/\/rioonwatch.org.br\/?p=16637\"},\"author\":{\"name\":\"Admin\",\"@id\":\"https:\/\/rioonwatch.org.br\/#\/schema\/person\/11d64c290506f9df50c71b850c473f68\"},\"headline\":\"Comunica\u00e7\u00e3o Comunit\u00e1ria Enfrenta Censura e Amea\u00e7as Dentro das Favelas do Rio\",\"datePublished\":\"2015-10-16T15:45:15+00:00\",\"dateModified\":\"2024-06-20T16:36:50+00:00\",\"mainEntityOfPage\":{\"@id\":\"https:\/\/rioonwatch.org.br\/?p=16637\"},\"wordCount\":1053,\"publisher\":{\"@id\":\"https:\/\/rioonwatch.org.br\/#organization\"},\"image\":{\"@id\":\"https:\/\/rioonwatch.org.br\/?p=16637#primaryimage\"},\"thumbnailUrl\":\"https:\/\/rioonwatch.org.br\/wp-content\/uploads\/2015\/10\/Luiz-Baltar.jpg\",\"keywords\":[\"Blog Action Day\",\"Blog Action Day 2015: Erga a Sua Voz\",\"coletivo\",\"Complexo da Mar\u00e9\",\"Complexo do Alem\u00e3o\",\"Comunica\u00e7\u00e3o Comunit\u00e1ria\",\"direito \u00e0 comunica\u00e7\u00e3o\",\"Direitos Humanos\",\"grande m\u00eddia\",\"Instituto Papo Reto\",\"jornalismo\",\"m\u00eddia social\",\"O Cidad\u00e3o\",\"solu\u00e7\u00e3o\",\"viol\u00eancia policial\",\"Zona Norte\"],\"articleSection\":[\"#OlhoNaParticipa\u00e7\u00e3o\",\"*Destaque\",\"Den\u00fancias\",\"Escrito por Comunicadores Populares\",\"M\u00eddia Comunit\u00e1ria\",\"Sociedade Civil\",\"Solu\u00e7\u00f5es\"],\"inLanguage\":\"pt-BR\"},{\"@type\":\"WebPage\",\"@id\":\"https:\/\/rioonwatch.org.br\/?p=16637\",\"url\":\"https:\/\/rioonwatch.org.br\/?p=16637\",\"name\":\"Comunica\u00e7\u00e3o Comunit\u00e1ria Enfrenta Censura e Amea\u00e7as Dentro das Favelas do Rio - RioOnWatch\",\"isPartOf\":{\"@id\":\"https:\/\/rioonwatch.org.br\/#website\"},\"primaryImageOfPage\":{\"@id\":\"https:\/\/rioonwatch.org.br\/?p=16637#primaryimage\"},\"image\":{\"@id\":\"https:\/\/rioonwatch.org.br\/?p=16637#primaryimage\"},\"thumbnailUrl\":\"https:\/\/rioonwatch.org.br\/wp-content\/uploads\/2015\/10\/Luiz-Baltar.jpg\",\"datePublished\":\"2015-10-16T15:45:15+00:00\",\"dateModified\":\"2024-06-20T16:36:50+00:00\",\"breadcrumb\":{\"@id\":\"https:\/\/rioonwatch.org.br\/?p=16637#breadcrumb\"},\"inLanguage\":\"pt-BR\",\"potentialAction\":[{\"@type\":\"ReadAction\",\"target\":[\"https:\/\/rioonwatch.org.br\/?p=16637\"]}]},{\"@type\":\"ImageObject\",\"inLanguage\":\"pt-BR\",\"@id\":\"https:\/\/rioonwatch.org.br\/?p=16637#primaryimage\",\"url\":\"https:\/\/rioonwatch.org.br\/wp-content\/uploads\/2015\/10\/Luiz-Baltar.jpg\",\"contentUrl\":\"https:\/\/rioonwatch.org.br\/wp-content\/uploads\/2015\/10\/Luiz-Baltar.jpg\",\"width\":800,\"height\":534,\"caption\":\"Pacifica\u00e7\u00e3o do Complexo do Lins. Foto por Luiz Baltar\"},{\"@type\":\"BreadcrumbList\",\"@id\":\"https:\/\/rioonwatch.org.br\/?p=16637#breadcrumb\",\"itemListElement\":[{\"@type\":\"ListItem\",\"position\":1,\"name\":\"In\u00edcio\",\"item\":\"https:\/\/rioonwatch.org.br\/\"},{\"@type\":\"ListItem\",\"position\":2,\"name\":\"Comunica\u00e7\u00e3o Comunit\u00e1ria Enfrenta Censura e Amea\u00e7as Dentro das Favelas do Rio\"}]},{\"@type\":\"WebSite\",\"@id\":\"https:\/\/rioonwatch.org.br\/#website\",\"url\":\"https:\/\/rioonwatch.org.br\/\",\"name\":\"RioOnWatch\",\"description\":\"relatos das favelas cariocas\",\"publisher\":{\"@id\":\"https:\/\/rioonwatch.org.br\/#organization\"},\"potentialAction\":[{\"@type\":\"SearchAction\",\"target\":{\"@type\":\"EntryPoint\",\"urlTemplate\":\"https:\/\/rioonwatch.org.br\/?s={search_term_string}\"},\"query-input\":{\"@type\":\"PropertyValueSpecification\",\"valueRequired\":true,\"valueName\":\"search_term_string\"}}],\"inLanguage\":\"pt-BR\"},{\"@type\":\"Organization\",\"@id\":\"https:\/\/rioonwatch.org.br\/#organization\",\"name\":\"RioOnWatch\",\"url\":\"https:\/\/rioonwatch.org.br\/\",\"logo\":{\"@type\":\"ImageObject\",\"inLanguage\":\"pt-BR\",\"@id\":\"https:\/\/rioonwatch.org.br\/#\/schema\/logo\/image\/\",\"url\":\"https:\/\/rioonwatch.org.br\/wp-content\/uploads\/2021\/06\/RioOnWatchcabecalhoPT11anos-2.png\",\"contentUrl\":\"https:\/\/rioonwatch.org.br\/wp-content\/uploads\/2021\/06\/RioOnWatchcabecalhoPT11anos-2.png\",\"width\":779,\"height\":277,\"caption\":\"RioOnWatch\"},\"image\":{\"@id\":\"https:\/\/rioonwatch.org.br\/#\/schema\/logo\/image\/\"}},{\"@type\":\"Person\",\"@id\":\"https:\/\/rioonwatch.org.br\/#\/schema\/person\/11d64c290506f9df50c71b850c473f68\",\"name\":\"Admin\",\"image\":{\"@type\":\"ImageObject\",\"inLanguage\":\"pt-BR\",\"@id\":\"https:\/\/rioonwatch.org.br\/#\/schema\/person\/image\/\",\"url\":\"https:\/\/secure.gravatar.com\/avatar\/56211ac74568383903349a1485e3c325?s=96&d=blank&r=g\",\"contentUrl\":\"https:\/\/secure.gravatar.com\/avatar\/56211ac74568383903349a1485e3c325?s=96&d=blank&r=g\",\"caption\":\"Admin\"},\"url\":\"https:\/\/rioonwatch.org.br\/?author=129\"}]}<\/script>\n<!-- \/ Yoast SEO plugin. -->","yoast_head_json":{"title":"Comunica\u00e7\u00e3o Comunit\u00e1ria Enfrenta Censura e Amea\u00e7as Dentro das Favelas do Rio - RioOnWatch","robots":{"index":"index","follow":"follow","max-snippet":"max-snippet:-1","max-image-preview":"max-image-preview:large","max-video-preview":"max-video-preview:-1"},"canonical":"https:\/\/rioonwatch.org.br\/?p=16637","og_locale":"pt_BR","og_type":"article","og_title":"Comunica\u00e7\u00e3o Comunit\u00e1ria Enfrenta Censura e Amea\u00e7as Dentro das Favelas do Rio - RioOnWatch","og_description":"Esta mat\u00e9ria de Gizele Martins,* comunicadora comunit\u00e1ria da Mar\u00e9, \u00e9 uma de duas contribui\u00e7\u00f5es do RioOnWatch ao debate mundial acontecendo hoje, Blog Action Day 2015, Dia\u00a0Global de A\u00e7\u00e3o dos Blogueiros, cujo tema de reflex\u00e3o para [...]","og_url":"https:\/\/rioonwatch.org.br\/?p=16637","og_site_name":"RioOnWatch","article_published_time":"2015-10-16T15:45:15+00:00","article_modified_time":"2024-06-20T16:36:50+00:00","og_image":[{"width":800,"height":534,"url":"https:\/\/rioonwatch.org.br\/wp-content\/uploads\/2015\/10\/Luiz-Baltar.jpg","type":"image\/jpeg"}],"author":"Admin","twitter_card":"summary_large_image","twitter_misc":{"Escrito por":"Admin","Est. tempo de leitura":"5 minutos"},"schema":{"@context":"https:\/\/schema.org","@graph":[{"@type":"Article","@id":"https:\/\/rioonwatch.org.br\/?p=16637#article","isPartOf":{"@id":"https:\/\/rioonwatch.org.br\/?p=16637"},"author":{"name":"Admin","@id":"https:\/\/rioonwatch.org.br\/#\/schema\/person\/11d64c290506f9df50c71b850c473f68"},"headline":"Comunica\u00e7\u00e3o Comunit\u00e1ria Enfrenta Censura e Amea\u00e7as Dentro das Favelas do Rio","datePublished":"2015-10-16T15:45:15+00:00","dateModified":"2024-06-20T16:36:50+00:00","mainEntityOfPage":{"@id":"https:\/\/rioonwatch.org.br\/?p=16637"},"wordCount":1053,"publisher":{"@id":"https:\/\/rioonwatch.org.br\/#organization"},"image":{"@id":"https:\/\/rioonwatch.org.br\/?p=16637#primaryimage"},"thumbnailUrl":"https:\/\/rioonwatch.org.br\/wp-content\/uploads\/2015\/10\/Luiz-Baltar.jpg","keywords":["Blog Action Day","Blog Action Day 2015: Erga a Sua Voz","coletivo","Complexo da Mar\u00e9","Complexo do Alem\u00e3o","Comunica\u00e7\u00e3o Comunit\u00e1ria","direito \u00e0 comunica\u00e7\u00e3o","Direitos Humanos","grande m\u00eddia","Instituto Papo Reto","jornalismo","m\u00eddia social","O Cidad\u00e3o","solu\u00e7\u00e3o","viol\u00eancia policial","Zona Norte"],"articleSection":["#OlhoNaParticipa\u00e7\u00e3o","*Destaque","Den\u00fancias","Escrito por Comunicadores Populares","M\u00eddia Comunit\u00e1ria","Sociedade Civil","Solu\u00e7\u00f5es"],"inLanguage":"pt-BR"},{"@type":"WebPage","@id":"https:\/\/rioonwatch.org.br\/?p=16637","url":"https:\/\/rioonwatch.org.br\/?p=16637","name":"Comunica\u00e7\u00e3o Comunit\u00e1ria Enfrenta Censura e Amea\u00e7as Dentro das Favelas do Rio - RioOnWatch","isPartOf":{"@id":"https:\/\/rioonwatch.org.br\/#website"},"primaryImageOfPage":{"@id":"https:\/\/rioonwatch.org.br\/?p=16637#primaryimage"},"image":{"@id":"https:\/\/rioonwatch.org.br\/?p=16637#primaryimage"},"thumbnailUrl":"https:\/\/rioonwatch.org.br\/wp-content\/uploads\/2015\/10\/Luiz-Baltar.jpg","datePublished":"2015-10-16T15:45:15+00:00","dateModified":"2024-06-20T16:36:50+00:00","breadcrumb":{"@id":"https:\/\/rioonwatch.org.br\/?p=16637#breadcrumb"},"inLanguage":"pt-BR","potentialAction":[{"@type":"ReadAction","target":["https:\/\/rioonwatch.org.br\/?p=16637"]}]},{"@type":"ImageObject","inLanguage":"pt-BR","@id":"https:\/\/rioonwatch.org.br\/?p=16637#primaryimage","url":"https:\/\/rioonwatch.org.br\/wp-content\/uploads\/2015\/10\/Luiz-Baltar.jpg","contentUrl":"https:\/\/rioonwatch.org.br\/wp-content\/uploads\/2015\/10\/Luiz-Baltar.jpg","width":800,"height":534,"caption":"Pacifica\u00e7\u00e3o do Complexo do Lins. Foto por Luiz Baltar"},{"@type":"BreadcrumbList","@id":"https:\/\/rioonwatch.org.br\/?p=16637#breadcrumb","itemListElement":[{"@type":"ListItem","position":1,"name":"In\u00edcio","item":"https:\/\/rioonwatch.org.br\/"},{"@type":"ListItem","position":2,"name":"Comunica\u00e7\u00e3o Comunit\u00e1ria Enfrenta Censura e Amea\u00e7as Dentro das Favelas do Rio"}]},{"@type":"WebSite","@id":"https:\/\/rioonwatch.org.br\/#website","url":"https:\/\/rioonwatch.org.br\/","name":"RioOnWatch","description":"relatos das favelas cariocas","publisher":{"@id":"https:\/\/rioonwatch.org.br\/#organization"},"potentialAction":[{"@type":"SearchAction","target":{"@type":"EntryPoint","urlTemplate":"https:\/\/rioonwatch.org.br\/?s={search_term_string}"},"query-input":{"@type":"PropertyValueSpecification","valueRequired":true,"valueName":"search_term_string"}}],"inLanguage":"pt-BR"},{"@type":"Organization","@id":"https:\/\/rioonwatch.org.br\/#organization","name":"RioOnWatch","url":"https:\/\/rioonwatch.org.br\/","logo":{"@type":"ImageObject","inLanguage":"pt-BR","@id":"https:\/\/rioonwatch.org.br\/#\/schema\/logo\/image\/","url":"https:\/\/rioonwatch.org.br\/wp-content\/uploads\/2021\/06\/RioOnWatchcabecalhoPT11anos-2.png","contentUrl":"https:\/\/rioonwatch.org.br\/wp-content\/uploads\/2021\/06\/RioOnWatchcabecalhoPT11anos-2.png","width":779,"height":277,"caption":"RioOnWatch"},"image":{"@id":"https:\/\/rioonwatch.org.br\/#\/schema\/logo\/image\/"}},{"@type":"Person","@id":"https:\/\/rioonwatch.org.br\/#\/schema\/person\/11d64c290506f9df50c71b850c473f68","name":"Admin","image":{"@type":"ImageObject","inLanguage":"pt-BR","@id":"https:\/\/rioonwatch.org.br\/#\/schema\/person\/image\/","url":"https:\/\/secure.gravatar.com\/avatar\/56211ac74568383903349a1485e3c325?s=96&d=blank&r=g","contentUrl":"https:\/\/secure.gravatar.com\/avatar\/56211ac74568383903349a1485e3c325?s=96&d=blank&r=g","caption":"Admin"},"url":"https:\/\/rioonwatch.org.br\/?author=129"}]}},"_links":{"self":[{"href":"https:\/\/rioonwatch.org.br\/index.php?rest_route=\/wp\/v2\/posts\/16637"}],"collection":[{"href":"https:\/\/rioonwatch.org.br\/index.php?rest_route=\/wp\/v2\/posts"}],"about":[{"href":"https:\/\/rioonwatch.org.br\/index.php?rest_route=\/wp\/v2\/types\/post"}],"author":[{"embeddable":true,"href":"https:\/\/rioonwatch.org.br\/index.php?rest_route=\/wp\/v2\/users\/129"}],"replies":[{"embeddable":true,"href":"https:\/\/rioonwatch.org.br\/index.php?rest_route=%2Fwp%2Fv2%2Fcomments&post=16637"}],"version-history":[{"count":17,"href":"https:\/\/rioonwatch.org.br\/index.php?rest_route=\/wp\/v2\/posts\/16637\/revisions"}],"predecessor-version":[{"id":74144,"href":"https:\/\/rioonwatch.org.br\/index.php?rest_route=\/wp\/v2\/posts\/16637\/revisions\/74144"}],"wp:featuredmedia":[{"embeddable":true,"href":"https:\/\/rioonwatch.org.br\/index.php?rest_route=\/wp\/v2\/media\/16661"}],"wp:attachment":[{"href":"https:\/\/rioonwatch.org.br\/index.php?rest_route=%2Fwp%2Fv2%2Fmedia&parent=16637"}],"wp:term":[{"taxonomy":"category","embeddable":true,"href":"https:\/\/rioonwatch.org.br\/index.php?rest_route=%2Fwp%2Fv2%2Fcategories&post=16637"},{"taxonomy":"post_tag","embeddable":true,"href":"https:\/\/rioonwatch.org.br\/index.php?rest_route=%2Fwp%2Fv2%2Ftags&post=16637"},{"taxonomy":"writer","embeddable":true,"href":"https:\/\/rioonwatch.org.br\/index.php?rest_route=%2Fwp%2Fv2%2Fwriter&post=16637"},{"taxonomy":"translator","embeddable":true,"href":"https:\/\/rioonwatch.org.br\/index.php?rest_route=%2Fwp%2Fv2%2Ftranslator&post=16637"},{"taxonomy":"source","embeddable":true,"href":"https:\/\/rioonwatch.org.br\/index.php?rest_route=%2Fwp%2Fv2%2Fsource&post=16637"},{"taxonomy":"ilustrador","embeddable":true,"href":"https:\/\/rioonwatch.org.br\/index.php?rest_route=%2Fwp%2Fv2%2Filustrador&post=16637"},{"taxonomy":"fotografo","embeddable":true,"href":"https:\/\/rioonwatch.org.br\/index.php?rest_route=%2Fwp%2Fv2%2Ffotografo&post=16637"}],"curies":[{"name":"wp","href":"https:\/\/api.w.org\/{rel}","templated":true}]}}