{"id":16694,"date":"2015-10-21T15:46:51","date_gmt":"2015-10-21T18:46:51","guid":{"rendered":"http:\/\/rioonwatch.org.br\/?p=16694"},"modified":"2023-05-09T09:57:13","modified_gmt":"2023-05-09T12:57:13","slug":"studio-x-rio-discute-projetos-de-moradia-popular-bottom-up","status":"publish","type":"post","link":"https:\/\/rioonwatch.org.br\/?p=16694","title":{"rendered":"Studio-X Rio Discute Projetos de Moradia Popular &#8220;Bottom-Up&#8221;"},"content":{"rendered":"<p style=\"text-align: right;\"><em><strong><a href=\"http:\/\/bit.ly\/1R6WkFj\" target=\"_blank\" rel=\"noopener\">Click Here for English<img decoding=\"async\" width=\"20\" height=\"20\" class=\"alignright wp-image-15790\" src=\"http:\/\/rioonwatch.org.br\/wp-content\/uploads\/2012\/08\/EN-standard-e1439583104716.jpg\" alt=\"\" \/><\/a><\/strong><\/em><\/p>\n<p>Na ter\u00e7a-feira 6 de outubro, o <a href=\"http:\/\/bit.ly\/1PAGUMn\" target=\"_blank\" rel=\"noopener\">Studio-X Rio<\/a>\u00a0recebeu <a href=\"http:\/\/on.fb.me\/1MC6JYu\" target=\"_blank\" rel=\"noopener\">o evento<\/a> &#8220;Quando as pessoas tomam o controle: Bottom-up House Making&#8221;\u00a0(Constru\u00e7\u00e3o de Casas de Baixo para Cima) para discutir modos alternativos que o mundo pode usar para abrigar todos os habitantes dadas as r\u00e1pidas taxas de urbaniza\u00e7\u00e3o no s\u00e9culo XXI.<\/p>\n<p>Falaram no evento: Axelle Dechelette, graduada pela Sciences Po Paris, que compartilhou sua recente pesquisa sobre Movimentos de Ocupa\u00e7\u00e3o Urbana pelas cidades do Rio de Janeiro e S\u00e3o Paulo; Elisete Napole\u00e3o, l\u00edder do <a href=\"http:\/\/bit.ly\/198ZCU1\">Movimento Nacional de Luta pela Moradia<\/a> (MNLM) que explicou o papel do movimento e diversos projetos pelo Rio; e Fernando Minto, arquiteto e urbanista da Universidade de S\u00e3o Paulo, que falou sobre diversos projetos de moradia social em S\u00e3o Paulo.<\/p>\n<blockquote><p>&#8220;Hoje a cidade do Rio de Janeiro possui um d\u00e9ficit habitacional que diz respeito a 220.000\u00a0de seus moradores.&#8221; &#8211; Axelle Dechelette<\/p><\/blockquote>\n<p>Axelle Dechelette apresentou sua pesquisa sobre quatro <a href=\"http:\/\/bit.ly\/1KFgDu1\" target=\"_blank\" rel=\"noopener\">ocupa\u00e7\u00f5es<\/a> urbanas que acompanhou de perto desde agosto: <a href=\"http:\/\/bit.ly\/1pjYKHH\" target=\"_blank\" rel=\"noopener\">Manoel Congo<\/a> na Cinel\u00e2ndia, <a href=\"http:\/\/bit.ly\/1PED7MW\" target=\"_blank\" rel=\"noopener\">Chiquinha Gonzaga<\/a> no Centro, <a href=\"http:\/\/bit.ly\/1izuYKe\" target=\"_blank\" rel=\"noopener\">Quilombo da Gamboa<\/a> na <a href=\"http:\/\/bit.ly\/1cVBDvL\" target=\"_blank\" rel=\"noopener\">Regi\u00e3o do Porto<\/a> e <a href=\"http:\/\/bit.ly\/1GgGJmy\" target=\"_blank\" rel=\"noopener\">Mariana Crioula<\/a>, tamb\u00e9m na Regi\u00e3o do Porto aos p\u00e9s da <a href=\"http:\/\/bit.ly\/UBMUVJ\" target=\"_blank\" rel=\"noopener\">Provid\u00eancia<\/a>. Ela destacou que o movimento de ocupa\u00e7\u00f5es no Brasil come\u00e7ou em 1970 com o apoio da Igreja Cat\u00f3lica, em resposta ao hist\u00f3rico d\u00e9ficit habitacional. Hoje a cidade do Rio de Janeiro possui um d\u00e9ficit habitacional que diz respeito a 220.000\u00a0de seus moradores, enquanto em S\u00e3o Paulo \u00e9 de 475.000. Ela expressou que os movimentos sociais querem aumentar o n\u00famero de unidades de moradia dispon\u00edveis como um dos muitos esfor\u00e7os para garantir o <a href=\"http:\/\/bit.ly\/1g73xCv\" target=\"_blank\" rel=\"noopener\">direito \u00e0 moradia<\/a>.<\/p>\n<p><img fetchpriority=\"high\" decoding=\"async\" class=\"aligncenter wp-image-16708 size-content\" title=\"Elisete Napole\u00e3o, Axelle Dechelette e Fernando Minto apresentaram modos alternativos de produzir habita\u00e7\u00e3o no Brasil como forma de rea\u00e7\u00e3o \u00e0 maior crise de moradia na hist\u00f3ria moderna. Veja imagens do Studio X: on.fb.me\/1RCh2Oa\" src=\"http:\/\/rioonwatch.org.br\/wp-content\/uploads\/2015\/10\/elisete-620x264.jpg\" alt=\"elisete\" width=\"620\" height=\"264\" srcset=\"https:\/\/rioonwatch.org.br\/wp-content\/uploads\/2015\/10\/elisete-620x264.jpg 620w, https:\/\/rioonwatch.org.br\/wp-content\/uploads\/2015\/10\/elisete-940x400.jpg 940w\" sizes=\"(max-width: 620px) 100vw, 620px\" \/><\/p>\n<p>Elisete Napole\u00e3o falou sobre suas experi\u00eancias de <a href=\"http:\/\/bit.ly\/1owRf9p\" target=\"_blank\" rel=\"noopener\">desigualdade<\/a> no Rio de Janeiro. Ela cresceu na favela\u00a0<a href=\"http:\/\/bit.ly\/11x89ZX\" target=\"_blank\" rel=\"noopener\">Pav\u00e3o-Pav\u00e3ozinho<\/a>\u00a0na\u00a0<a href=\"http:\/\/bit.ly\/1mNsDyk\" target=\"_blank\" rel=\"noopener\">Zona Sul<\/a> e come\u00e7ou a trabalhar aos 14 anos, recebendo mais tarde uma bolsa de estudos para a faculdade de direito. Na universidade, Elisete explicou que era constantemente lembrada do Artigo 5 da Constitui\u00e7\u00e3o, no qual &#8220;todos s\u00e3o iguais&#8221;, mas todo dia ao voltar para casa ela sentia que essa premissa n\u00e3o era verdadeira. Elisete n\u00e3o chegou a exercer a advocacia, mas \u00e9 hoje uma l\u00edder nacional do <a href=\"http:\/\/bit.ly\/Wq9xiU\">MNLM<\/a>, lutando pelo direito \u00e0 moradia. De acordo com ela, muitos dos moradores do programa <a href=\"http:\/\/bit.ly\/Y4U9oJ\" target=\"_blank\" rel=\"noopener\">Minha Casa Minha Vida<\/a> que s\u00e3o realocados para moradias p\u00fablicas acabam saindo. Ela tamb\u00e9m falou sobre as atividades do <a href=\"http:\/\/bit.ly\/198ZCU1\" target=\"_blank\" rel=\"noopener\">MNLM<\/a> de ensinar <a href=\"http:\/\/bit.ly\/1qq2Puz\" target=\"_blank\" rel=\"noopener\">autogest\u00e3o<\/a> e sustentabilidade \u00e0s fam\u00edlias.<\/p>\n<p>O arquiteto e urbanista da Universidade de S\u00e3o Paulo Fernando Minto apresentou tr\u00eas de seus projetos trabalhando com moradores de movimentos de ocupa\u00e7\u00e3o em S\u00e3o Paulo. Ele frisou o sucesso da <a href=\"http:\/\/bit.ly\/1xV2uDB\" target=\"_blank\" rel=\"noopener\">tomada de decis\u00e3o &#8220;horizontal&#8221; para o processo de constru\u00e7\u00e3o de casas<\/a>. Os projetos iniciam o processo de moradia social com o treinamento que inclui elementos de dentro e de fora dos movimentos. Com cada um dos projetos, os arquitetos trabalham com os locais e com suas fontes para facilitar a &#8220;atividade de projeto colaborativo&#8221;. Eles fornecem mecanismos f\u00e1ceis de usar que encorajam o design participativo e o planejamento das unidades de moradia. Planos iniciais incluem a opini\u00e3o e o conhecimento dos moradores e d\u00e3o a eles uma vis\u00e3o de suas novas casas, com as quais eles contribu\u00edram e, portanto, t\u00eam alguma propriedade sobre o processo de design.<\/p>\n<p><em>Veja imagens do evento <a href=\"http:\/\/on.fb.me\/1RCh2Oa\" target=\"_blank\" rel=\"noopener\">aqui<\/a>.<\/em><\/p>\n<!-- AddThis Advanced Settings generic via filter on the_content --><!-- AddThis Share Buttons generic via filter on the_content -->","protected":false},"excerpt":{"rendered":"<div class=\"mh-excerpt\"><p>Click Here for English Na ter\u00e7a-feira 6 de outubro, o Studio-X Rio\u00a0recebeu o evento &#8220;Quando as pessoas tomam o controle: Bottom-up House Making&#8221;\u00a0(Constru\u00e7\u00e3o de Casas de Baixo para Cima) para discutir modos alternativos que o <a class=\"mh-excerpt-more\" href=\"https:\/\/rioonwatch.org.br\/?p=16694\" title=\"Studio-X Rio Discute Projetos de Moradia Popular &#8220;Bottom-Up&#8221;\">[&#8230;]<\/a><!-- AddThis Advanced Settings generic via filter on get_the_excerpt --><!-- AddThis Share Buttons generic via filter on get_the_excerpt --><\/p>\n<\/div>","protected":false},"author":129,"featured_media":16706,"comment_status":"closed","ping_status":"closed","sticky":false,"template":"","format":"standard","meta":{"_acf_changed":false,"_monsterinsights_skip_tracking":false,"_monsterinsights_sitenote_active":false,"_monsterinsights_sitenote_note":"","_monsterinsights_sitenote_category":0,"footnotes":""},"categories":[1618,1627,1632,1626,342],"tags":[837,1386,1220,413,424,909,994,448,408,246,988,780,1037,797,276,407,358,304,980,998,1347,476,530],"writer":[1677,1558],"translator":[1342],"source":[],"ilustrador":[],"fotografo":[],"class_list":{"0":"post-16694","1":"post","2":"type-post","3":"status-publish","4":"format-standard","5":"has-post-thumbnail","7":"category-olhonaparticipacao","8":"category-relato-de-evento","9":"category-pesquisa-e-analise","10":"category-por-observadores-internacionais","11":"category-solucoes","12":"tag-auto-planejamento","13":"tag-critica-a-politica","14":"tag-deficit-habitacional","15":"tag-desigualdade","16":"tag-direito-a-moradia","17":"tag-habitacao-acessivel","18":"tag-habitacao-publica","19":"tag-lideranca","20":"tag-manoel-congo","21":"tag-minha-casa-minha-vida","22":"tag-minha-casa-minha-vida-entidades","23":"tag-mnlm","24":"tag-moradia","25":"tag-movimentos-sociais","26":"tag-mutirao","27":"tag-ocupacao","28":"tag-organizacao-comunitaria","29":"tag-participacao","30":"tag-quilombo-da-gamboa","31":"tag-sao-paulo","32":"tag-solucao","33":"tag-solucao-comunitaria","34":"tag-studio-x","35":"writer-clare-huggins","36":"writer-julia-jones","37":"translator-patricia-monteiro"},"acf":[],"yoast_head":"<!-- This site is optimized with the Yoast SEO plugin v25.6 - https:\/\/yoast.com\/wordpress\/plugins\/seo\/ -->\n<title>Studio-X Rio Discute Projetos de Moradia Popular &quot;Bottom-Up&quot; - RioOnWatch<\/title>\n<meta name=\"robots\" content=\"index, follow, max-snippet:-1, max-image-preview:large, max-video-preview:-1\" \/>\n<link rel=\"canonical\" href=\"https:\/\/rioonwatch.org.br\/?p=16694\" \/>\n<meta property=\"og:locale\" content=\"pt_BR\" \/>\n<meta property=\"og:type\" content=\"article\" \/>\n<meta property=\"og:title\" content=\"Studio-X Rio Discute Projetos de Moradia Popular &quot;Bottom-Up&quot; - RioOnWatch\" \/>\n<meta property=\"og:description\" content=\"Click Here for English Na ter\u00e7a-feira 6 de outubro, o Studio-X Rio\u00a0recebeu o evento &#8220;Quando as pessoas tomam o controle: Bottom-up House Making&#8221;\u00a0(Constru\u00e7\u00e3o de Casas de Baixo para Cima) para discutir modos alternativos que o [...]\" \/>\n<meta property=\"og:url\" content=\"https:\/\/rioonwatch.org.br\/?p=16694\" \/>\n<meta property=\"og:site_name\" content=\"RioOnWatch\" \/>\n<meta property=\"article:published_time\" content=\"2015-10-21T18:46:51+00:00\" \/>\n<meta property=\"article:modified_time\" content=\"2023-05-09T12:57:13+00:00\" \/>\n<meta property=\"og:image\" content=\"https:\/\/rioonwatch.org.br\/wp-content\/uploads\/2015\/10\/studiox-rio-de-janeiro.jpg\" \/>\n\t<meta property=\"og:image:width\" content=\"960\" \/>\n\t<meta property=\"og:image:height\" content=\"639\" \/>\n\t<meta property=\"og:image:type\" content=\"image\/jpeg\" \/>\n<meta name=\"author\" content=\"Admin\" \/>\n<meta name=\"twitter:card\" content=\"summary_large_image\" \/>\n<meta name=\"twitter:label1\" content=\"Escrito por\" \/>\n\t<meta name=\"twitter:data1\" content=\"Admin\" \/>\n\t<meta name=\"twitter:label2\" content=\"Est. tempo de leitura\" \/>\n\t<meta name=\"twitter:data2\" content=\"3 minutos\" \/>\n<script type=\"application\/ld+json\" class=\"yoast-schema-graph\">{\"@context\":\"https:\/\/schema.org\",\"@graph\":[{\"@type\":\"Article\",\"@id\":\"https:\/\/rioonwatch.org.br\/?p=16694#article\",\"isPartOf\":{\"@id\":\"https:\/\/rioonwatch.org.br\/?p=16694\"},\"author\":{\"name\":\"Admin\",\"@id\":\"https:\/\/rioonwatch.org.br\/#\/schema\/person\/11d64c290506f9df50c71b850c473f68\"},\"headline\":\"Studio-X Rio Discute Projetos de Moradia Popular &#8220;Bottom-Up&#8221;\",\"datePublished\":\"2015-10-21T18:46:51+00:00\",\"dateModified\":\"2023-05-09T12:57:13+00:00\",\"mainEntityOfPage\":{\"@id\":\"https:\/\/rioonwatch.org.br\/?p=16694\"},\"wordCount\":591,\"publisher\":{\"@id\":\"https:\/\/rioonwatch.org.br\/#organization\"},\"image\":{\"@id\":\"https:\/\/rioonwatch.org.br\/?p=16694#primaryimage\"},\"thumbnailUrl\":\"https:\/\/rioonwatch.org.br\/wp-content\/uploads\/2015\/10\/studiox-rio-de-janeiro.jpg\",\"keywords\":[\"auto-planejamento\",\"cr\u00edtica \u00e0 pol\u00edtica\",\"d\u00e9ficit habitacional\",\"desigualdade\",\"Direito \u00e0 Moradia\",\"habita\u00e7\u00e3o acess\u00edvel\",\"habita\u00e7\u00e3o p\u00fablica\",\"lideran\u00e7a\",\"Manoel Congo\",\"Minha Casa Minha Vida\",\"Minha Casa Minha Vida-Entidades\",\"MNLM\",\"moradia\",\"movimentos sociais\",\"mutir\u00e3o\",\"Ocupa\u00e7\u00e3o\",\"organiza\u00e7\u00e3o comunit\u00e1ria\",\"participa\u00e7\u00e3o\",\"Quilombo da Gamboa\",\"S\u00e3o Paulo\",\"solu\u00e7\u00e3o\",\"solu\u00e7\u00e3o comunit\u00e1ria\",\"Studio X\"],\"articleSection\":[\"#OlhoNaParticipa\u00e7\u00e3o\",\"Cobertura de Eventos\",\"Dados e Pesquisa\",\"Escrito por Aliados\",\"Solu\u00e7\u00f5es\"],\"inLanguage\":\"pt-BR\"},{\"@type\":\"WebPage\",\"@id\":\"https:\/\/rioonwatch.org.br\/?p=16694\",\"url\":\"https:\/\/rioonwatch.org.br\/?p=16694\",\"name\":\"Studio-X Rio Discute Projetos de Moradia Popular \\\"Bottom-Up\\\" - RioOnWatch\",\"isPartOf\":{\"@id\":\"https:\/\/rioonwatch.org.br\/#website\"},\"primaryImageOfPage\":{\"@id\":\"https:\/\/rioonwatch.org.br\/?p=16694#primaryimage\"},\"image\":{\"@id\":\"https:\/\/rioonwatch.org.br\/?p=16694#primaryimage\"},\"thumbnailUrl\":\"https:\/\/rioonwatch.org.br\/wp-content\/uploads\/2015\/10\/studiox-rio-de-janeiro.jpg\",\"datePublished\":\"2015-10-21T18:46:51+00:00\",\"dateModified\":\"2023-05-09T12:57:13+00:00\",\"breadcrumb\":{\"@id\":\"https:\/\/rioonwatch.org.br\/?p=16694#breadcrumb\"},\"inLanguage\":\"pt-BR\",\"potentialAction\":[{\"@type\":\"ReadAction\",\"target\":[\"https:\/\/rioonwatch.org.br\/?p=16694\"]}]},{\"@type\":\"ImageObject\",\"inLanguage\":\"pt-BR\",\"@id\":\"https:\/\/rioonwatch.org.br\/?p=16694#primaryimage\",\"url\":\"https:\/\/rioonwatch.org.br\/wp-content\/uploads\/2015\/10\/studiox-rio-de-janeiro.jpg\",\"contentUrl\":\"https:\/\/rioonwatch.org.br\/wp-content\/uploads\/2015\/10\/studiox-rio-de-janeiro.jpg\",\"width\":960,\"height\":639},{\"@type\":\"BreadcrumbList\",\"@id\":\"https:\/\/rioonwatch.org.br\/?p=16694#breadcrumb\",\"itemListElement\":[{\"@type\":\"ListItem\",\"position\":1,\"name\":\"In\u00edcio\",\"item\":\"https:\/\/rioonwatch.org.br\/\"},{\"@type\":\"ListItem\",\"position\":2,\"name\":\"Studio-X Rio Discute Projetos de Moradia Popular &#8220;Bottom-Up&#8221;\"}]},{\"@type\":\"WebSite\",\"@id\":\"https:\/\/rioonwatch.org.br\/#website\",\"url\":\"https:\/\/rioonwatch.org.br\/\",\"name\":\"RioOnWatch\",\"description\":\"relatos das favelas cariocas\",\"publisher\":{\"@id\":\"https:\/\/rioonwatch.org.br\/#organization\"},\"potentialAction\":[{\"@type\":\"SearchAction\",\"target\":{\"@type\":\"EntryPoint\",\"urlTemplate\":\"https:\/\/rioonwatch.org.br\/?s={search_term_string}\"},\"query-input\":{\"@type\":\"PropertyValueSpecification\",\"valueRequired\":true,\"valueName\":\"search_term_string\"}}],\"inLanguage\":\"pt-BR\"},{\"@type\":\"Organization\",\"@id\":\"https:\/\/rioonwatch.org.br\/#organization\",\"name\":\"RioOnWatch\",\"url\":\"https:\/\/rioonwatch.org.br\/\",\"logo\":{\"@type\":\"ImageObject\",\"inLanguage\":\"pt-BR\",\"@id\":\"https:\/\/rioonwatch.org.br\/#\/schema\/logo\/image\/\",\"url\":\"https:\/\/rioonwatch.org.br\/wp-content\/uploads\/2021\/06\/RioOnWatchcabecalhoPT11anos-2.png\",\"contentUrl\":\"https:\/\/rioonwatch.org.br\/wp-content\/uploads\/2021\/06\/RioOnWatchcabecalhoPT11anos-2.png\",\"width\":779,\"height\":277,\"caption\":\"RioOnWatch\"},\"image\":{\"@id\":\"https:\/\/rioonwatch.org.br\/#\/schema\/logo\/image\/\"}},{\"@type\":\"Person\",\"@id\":\"https:\/\/rioonwatch.org.br\/#\/schema\/person\/11d64c290506f9df50c71b850c473f68\",\"name\":\"Admin\",\"image\":{\"@type\":\"ImageObject\",\"inLanguage\":\"pt-BR\",\"@id\":\"https:\/\/rioonwatch.org.br\/#\/schema\/person\/image\/\",\"url\":\"https:\/\/secure.gravatar.com\/avatar\/56211ac74568383903349a1485e3c325?s=96&d=blank&r=g\",\"contentUrl\":\"https:\/\/secure.gravatar.com\/avatar\/56211ac74568383903349a1485e3c325?s=96&d=blank&r=g\",\"caption\":\"Admin\"},\"url\":\"https:\/\/rioonwatch.org.br\/?author=129\"}]}<\/script>\n<!-- \/ Yoast SEO plugin. -->","yoast_head_json":{"title":"Studio-X Rio Discute Projetos de Moradia Popular \"Bottom-Up\" - RioOnWatch","robots":{"index":"index","follow":"follow","max-snippet":"max-snippet:-1","max-image-preview":"max-image-preview:large","max-video-preview":"max-video-preview:-1"},"canonical":"https:\/\/rioonwatch.org.br\/?p=16694","og_locale":"pt_BR","og_type":"article","og_title":"Studio-X Rio Discute Projetos de Moradia Popular \"Bottom-Up\" - RioOnWatch","og_description":"Click Here for English Na ter\u00e7a-feira 6 de outubro, o Studio-X Rio\u00a0recebeu o evento &#8220;Quando as pessoas tomam o controle: Bottom-up House Making&#8221;\u00a0(Constru\u00e7\u00e3o de Casas de Baixo para Cima) para discutir modos alternativos que o [...]","og_url":"https:\/\/rioonwatch.org.br\/?p=16694","og_site_name":"RioOnWatch","article_published_time":"2015-10-21T18:46:51+00:00","article_modified_time":"2023-05-09T12:57:13+00:00","og_image":[{"width":960,"height":639,"url":"https:\/\/rioonwatch.org.br\/wp-content\/uploads\/2015\/10\/studiox-rio-de-janeiro.jpg","type":"image\/jpeg"}],"author":"Admin","twitter_card":"summary_large_image","twitter_misc":{"Escrito por":"Admin","Est. tempo de leitura":"3 minutos"},"schema":{"@context":"https:\/\/schema.org","@graph":[{"@type":"Article","@id":"https:\/\/rioonwatch.org.br\/?p=16694#article","isPartOf":{"@id":"https:\/\/rioonwatch.org.br\/?p=16694"},"author":{"name":"Admin","@id":"https:\/\/rioonwatch.org.br\/#\/schema\/person\/11d64c290506f9df50c71b850c473f68"},"headline":"Studio-X Rio Discute Projetos de Moradia Popular &#8220;Bottom-Up&#8221;","datePublished":"2015-10-21T18:46:51+00:00","dateModified":"2023-05-09T12:57:13+00:00","mainEntityOfPage":{"@id":"https:\/\/rioonwatch.org.br\/?p=16694"},"wordCount":591,"publisher":{"@id":"https:\/\/rioonwatch.org.br\/#organization"},"image":{"@id":"https:\/\/rioonwatch.org.br\/?p=16694#primaryimage"},"thumbnailUrl":"https:\/\/rioonwatch.org.br\/wp-content\/uploads\/2015\/10\/studiox-rio-de-janeiro.jpg","keywords":["auto-planejamento","cr\u00edtica \u00e0 pol\u00edtica","d\u00e9ficit habitacional","desigualdade","Direito \u00e0 Moradia","habita\u00e7\u00e3o acess\u00edvel","habita\u00e7\u00e3o p\u00fablica","lideran\u00e7a","Manoel Congo","Minha Casa Minha Vida","Minha Casa Minha Vida-Entidades","MNLM","moradia","movimentos sociais","mutir\u00e3o","Ocupa\u00e7\u00e3o","organiza\u00e7\u00e3o comunit\u00e1ria","participa\u00e7\u00e3o","Quilombo da Gamboa","S\u00e3o Paulo","solu\u00e7\u00e3o","solu\u00e7\u00e3o comunit\u00e1ria","Studio X"],"articleSection":["#OlhoNaParticipa\u00e7\u00e3o","Cobertura de Eventos","Dados e Pesquisa","Escrito por Aliados","Solu\u00e7\u00f5es"],"inLanguage":"pt-BR"},{"@type":"WebPage","@id":"https:\/\/rioonwatch.org.br\/?p=16694","url":"https:\/\/rioonwatch.org.br\/?p=16694","name":"Studio-X Rio Discute Projetos de Moradia Popular \"Bottom-Up\" - RioOnWatch","isPartOf":{"@id":"https:\/\/rioonwatch.org.br\/#website"},"primaryImageOfPage":{"@id":"https:\/\/rioonwatch.org.br\/?p=16694#primaryimage"},"image":{"@id":"https:\/\/rioonwatch.org.br\/?p=16694#primaryimage"},"thumbnailUrl":"https:\/\/rioonwatch.org.br\/wp-content\/uploads\/2015\/10\/studiox-rio-de-janeiro.jpg","datePublished":"2015-10-21T18:46:51+00:00","dateModified":"2023-05-09T12:57:13+00:00","breadcrumb":{"@id":"https:\/\/rioonwatch.org.br\/?p=16694#breadcrumb"},"inLanguage":"pt-BR","potentialAction":[{"@type":"ReadAction","target":["https:\/\/rioonwatch.org.br\/?p=16694"]}]},{"@type":"ImageObject","inLanguage":"pt-BR","@id":"https:\/\/rioonwatch.org.br\/?p=16694#primaryimage","url":"https:\/\/rioonwatch.org.br\/wp-content\/uploads\/2015\/10\/studiox-rio-de-janeiro.jpg","contentUrl":"https:\/\/rioonwatch.org.br\/wp-content\/uploads\/2015\/10\/studiox-rio-de-janeiro.jpg","width":960,"height":639},{"@type":"BreadcrumbList","@id":"https:\/\/rioonwatch.org.br\/?p=16694#breadcrumb","itemListElement":[{"@type":"ListItem","position":1,"name":"In\u00edcio","item":"https:\/\/rioonwatch.org.br\/"},{"@type":"ListItem","position":2,"name":"Studio-X Rio Discute Projetos de Moradia Popular &#8220;Bottom-Up&#8221;"}]},{"@type":"WebSite","@id":"https:\/\/rioonwatch.org.br\/#website","url":"https:\/\/rioonwatch.org.br\/","name":"RioOnWatch","description":"relatos das favelas cariocas","publisher":{"@id":"https:\/\/rioonwatch.org.br\/#organization"},"potentialAction":[{"@type":"SearchAction","target":{"@type":"EntryPoint","urlTemplate":"https:\/\/rioonwatch.org.br\/?s={search_term_string}"},"query-input":{"@type":"PropertyValueSpecification","valueRequired":true,"valueName":"search_term_string"}}],"inLanguage":"pt-BR"},{"@type":"Organization","@id":"https:\/\/rioonwatch.org.br\/#organization","name":"RioOnWatch","url":"https:\/\/rioonwatch.org.br\/","logo":{"@type":"ImageObject","inLanguage":"pt-BR","@id":"https:\/\/rioonwatch.org.br\/#\/schema\/logo\/image\/","url":"https:\/\/rioonwatch.org.br\/wp-content\/uploads\/2021\/06\/RioOnWatchcabecalhoPT11anos-2.png","contentUrl":"https:\/\/rioonwatch.org.br\/wp-content\/uploads\/2021\/06\/RioOnWatchcabecalhoPT11anos-2.png","width":779,"height":277,"caption":"RioOnWatch"},"image":{"@id":"https:\/\/rioonwatch.org.br\/#\/schema\/logo\/image\/"}},{"@type":"Person","@id":"https:\/\/rioonwatch.org.br\/#\/schema\/person\/11d64c290506f9df50c71b850c473f68","name":"Admin","image":{"@type":"ImageObject","inLanguage":"pt-BR","@id":"https:\/\/rioonwatch.org.br\/#\/schema\/person\/image\/","url":"https:\/\/secure.gravatar.com\/avatar\/56211ac74568383903349a1485e3c325?s=96&d=blank&r=g","contentUrl":"https:\/\/secure.gravatar.com\/avatar\/56211ac74568383903349a1485e3c325?s=96&d=blank&r=g","caption":"Admin"},"url":"https:\/\/rioonwatch.org.br\/?author=129"}]}},"_links":{"self":[{"href":"https:\/\/rioonwatch.org.br\/index.php?rest_route=\/wp\/v2\/posts\/16694"}],"collection":[{"href":"https:\/\/rioonwatch.org.br\/index.php?rest_route=\/wp\/v2\/posts"}],"about":[{"href":"https:\/\/rioonwatch.org.br\/index.php?rest_route=\/wp\/v2\/types\/post"}],"author":[{"embeddable":true,"href":"https:\/\/rioonwatch.org.br\/index.php?rest_route=\/wp\/v2\/users\/129"}],"replies":[{"embeddable":true,"href":"https:\/\/rioonwatch.org.br\/index.php?rest_route=%2Fwp%2Fv2%2Fcomments&post=16694"}],"version-history":[{"count":18,"href":"https:\/\/rioonwatch.org.br\/index.php?rest_route=\/wp\/v2\/posts\/16694\/revisions"}],"predecessor-version":[{"id":67888,"href":"https:\/\/rioonwatch.org.br\/index.php?rest_route=\/wp\/v2\/posts\/16694\/revisions\/67888"}],"wp:featuredmedia":[{"embeddable":true,"href":"https:\/\/rioonwatch.org.br\/index.php?rest_route=\/wp\/v2\/media\/16706"}],"wp:attachment":[{"href":"https:\/\/rioonwatch.org.br\/index.php?rest_route=%2Fwp%2Fv2%2Fmedia&parent=16694"}],"wp:term":[{"taxonomy":"category","embeddable":true,"href":"https:\/\/rioonwatch.org.br\/index.php?rest_route=%2Fwp%2Fv2%2Fcategories&post=16694"},{"taxonomy":"post_tag","embeddable":true,"href":"https:\/\/rioonwatch.org.br\/index.php?rest_route=%2Fwp%2Fv2%2Ftags&post=16694"},{"taxonomy":"writer","embeddable":true,"href":"https:\/\/rioonwatch.org.br\/index.php?rest_route=%2Fwp%2Fv2%2Fwriter&post=16694"},{"taxonomy":"translator","embeddable":true,"href":"https:\/\/rioonwatch.org.br\/index.php?rest_route=%2Fwp%2Fv2%2Ftranslator&post=16694"},{"taxonomy":"source","embeddable":true,"href":"https:\/\/rioonwatch.org.br\/index.php?rest_route=%2Fwp%2Fv2%2Fsource&post=16694"},{"taxonomy":"ilustrador","embeddable":true,"href":"https:\/\/rioonwatch.org.br\/index.php?rest_route=%2Fwp%2Fv2%2Filustrador&post=16694"},{"taxonomy":"fotografo","embeddable":true,"href":"https:\/\/rioonwatch.org.br\/index.php?rest_route=%2Fwp%2Fv2%2Ffotografo&post=16694"}],"curies":[{"name":"wp","href":"https:\/\/api.w.org\/{rel}","templated":true}]}}