{"id":16734,"date":"2015-10-24T08:09:52","date_gmt":"2015-10-24T11:09:52","guid":{"rendered":"http:\/\/rioonwatch.org.br\/?p=16734"},"modified":"2015-10-31T15:18:12","modified_gmt":"2015-10-31T18:18:12","slug":"remocao-relampago-volta-a-vila-autodromo","status":"publish","type":"post","link":"https:\/\/rioonwatch.org.br\/?p=16734","title":{"rendered":"Remo\u00e7\u00e3o Rel\u00e2mpago Volta \u00e0 Vila Aut\u00f3dromo"},"content":{"rendered":"<div>\n<p style=\"text-align: right;\"><a href=\"http:\/\/bit.ly\/1ON7QZ6\" target=\"_blank\"><em><strong>Click Here for English<\/strong><\/em><em><strong><img decoding=\"async\" width=\"20\" height=\"20\" class=\"alignright wp-image-15790\" src=\"http:\/\/rioonwatch.org.br\/wp-content\/uploads\/2012\/08\/EN-standard-e1439583104716.jpg\" alt=\"\" \/><\/strong><\/em><\/a><\/p>\n<p>Por volta das 5 horas da\u00a0manh\u00e3, ontem, sexta-feira, 23 de outubro, <span lang=\"PT\">a<\/span><span lang=\"PT\">\u00a0Guarda Municipal e representantes da Prefeitura chegaram na <a href=\"http:\/\/bit.ly\/Nfddvg\" target=\"_blank\">Vila Aut\u00f3dromo<\/a>, comunidade que faz fronteira com o Parque Ol\u00edmpico na <a href=\"http:\/\/bit.ly\/1Goa6TT\" target=\"_blank\">Zona Oeste<\/a> do Rio, para <a href=\"http:\/\/bit.ly\/1MjkbPG\" target=\"_blank\">demolir mais casas<\/a> no bairro.<\/span><\/p>\n<div>\n<p><span lang=\"PT\">&#8220;Estava cheio de policiais&#8221;, contou Jo\u00e3o Felix dos Santos, um antigo morador. A p\u00e1gina da comunidade <a href=\"http:\/\/on.fb.me\/1PL9z0c\" target=\"_blank\">no Facebook<\/a> relatava que assim que chegou, a Guarda Municipal bloqueou o acesso a uma parte da Vila Aut\u00f3dromo, impedindo moradores de se movimentarem livremente ao redor do bairro. A \u00e1rea foi fechada incluindo a Casa da Nan\u00e3, a <a href=\"http:\/\/bit.ly\/1LiYCRR\" target=\"_blank\">antiga casa da m\u00e3e de santo<\/a>\u00a0de Candombl\u00e9, Heloisa Helena Costa Berto, que luta para proteger o local sagrado da demoli\u00e7\u00e3o.<\/span><\/p>\n<div>\n<p><img fetchpriority=\"high\" decoding=\"async\" class=\"aligncenter wp-image-24923 size-content\" src=\"http:\/\/www.rioonwatch.org\/wp-content\/uploads\/2015\/10\/Vila_Autodromo_demolitions_October23-620x264.jpg\" alt=\"A section of Vila Aut\u00f3dromo was blocked off by the Municipal Guard, preventing some residents from moving freely through the community. Photo from Vila Aut\u00f3dromo community Facebook page on.fb.me\/1W9NoAE\" width=\"620\" height=\"264\" \/><\/p>\n<div>\n<p><span lang=\"PT\">A mesma p\u00e1gina<\/span><span lang=\"PT\"> do Facebook anunciou as demoli\u00e7\u00f5es de duas casas, enquanto outros relat\u00f3rios diziam que at\u00e9 cinco casas foram alvos. Jo\u00e3o disse que &#8220;as casas que foram destru\u00eddas estavam na \u00e1rea principal da Vila Aut\u00f3dromo&#8221;, o que significa que os acontecimentos de hoje ter\u00e3o um grande impacto no sentimento de perman\u00eancia no lugar pelos moradores restantes. Os moradores teriam sido impedidos de monitorarem as atividades da Guarda Municipal de perto, mas a not\u00edcia de que pertences dos moradores ainda estavam nas casas que estavam sendo destru\u00eddas se propagou.<\/span><\/p>\n<div>\n<p><span lang=\"PT\">&#8220;A Prefeitura<\/span><span lang=\"PT\"> continua a espalhar o terror na comunidade&#8221;, os moradores <a href=\"http:\/\/on.fb.me\/1NrUP3P\" target=\"_blank\">escreveram no Facebook<\/a>. &#8220;Estamos agora cercados e ningu\u00e9m sabe ao certo o que est\u00e1 acontecendo!&#8221; A \u00faltima vez que houve uma presen\u00e7a da Guarda Municipal t\u00e3o grande na Vila Aut\u00f3dromo, em 3 de junho, a tentativa da Prefeitura na demoli\u00e7\u00e3o <a href=\"http:\/\/bit.ly\/1FUTI9p\" target=\"_blank\">resultou em um confronto<\/a> que deixou pelo menos seis feridos.<\/span><\/p>\n<p><span lang=\"PT\">Embora os moradores da<\/span><span lang=\"PT\">\u00a0Vila Aut\u00f3dromo tenham t\u00edtulos legais de suas casas, em mar\u00e7o o <a href=\"http:\/\/bit.ly\/1k4eA6c\" target=\"_blank\">Prefeito Eduardo Paes<\/a>\u00a0fez uma\u00a0<a href=\"http:\/\/bit.ly\/1xk2DAs\" target=\"_blank\">declara\u00e7\u00e3o de que 58 casas seriam desapropriadas<\/a>, com o n\u00famero aumentando desde ent\u00e3o. Hoje, como em ocasi\u00f5es anteriores de &#8220;<a href=\"http:\/\/bit.ly\/1MjkbPG\" target=\"_blank\">remo\u00e7\u00f5es rel\u00e2mpago<\/a>&#8221; este ano, a Prefeitura n\u00e3o informou aos moradores sobre as demoli\u00e7\u00f5es com anteced\u00eancia. Por volta de meio-dia, Jo\u00e3o disse que alguns moradores\u00a0que tiveram suas casas demolidas na parte da manh\u00e3, ainda n\u00e3o tinham conhecimento das demoli\u00e7\u00f5es. A moradora Mariza do Amor Divino estava numa consulta m\u00e9dica quando sua casa foi demolida. Ela tinha deixado todos os seus pertences, incluindo medicamentos essenciais para a diabetes. <a href=\"http:\/\/on.fb.me\/1NY9fvG\" target=\"_blank\">Quando ela retornou<\/a>, descobriu sua casa no ch\u00e3o. S\u00f3 alguns de seus pertences haviam sido preservados e levados para a sub-prefeitura. Por volta das 14h, Mariza n\u00e3o tinha onde passar a noite\u00a0e moradores iniciaram pedidos de ajuda em seu nome.<\/span><\/p>\n<p><img decoding=\"async\" class=\"aligncenter wp-image-24922\" src=\"http:\/\/www.rioonwatch.org\/wp-content\/uploads\/2015\/10\/Vila_Autodromo_Mariza-do-Amor-Divino.jpg\" alt=\"Mariza do Amor Divino returns from a doctor's appointment to find her home demolished. Photo from Vila Aut\u00f3dromo community Facebook page on.fb.me\/1W9NoAE\" width=\"620\" height=\"1104\" \/><\/p>\n<p><span lang=\"PT\">Apenas dois dias<\/span><span lang=\"PT\"> atr\u00e1s, Jo\u00e3o comentou que a comunidade da Vila Aut\u00f3dromo estava muito unida, dizendo que &#8220;voc\u00ea nunca vai encontrar um lugar como este&#8221;. Ele estava certo que 41 fam\u00edlias estavam comprometidas a permanecer, pouco menos das 100 que ainda est\u00e3o l\u00e1 das mais de 600 fam\u00edlias que viviam l\u00e1 no passado.<\/span><\/p>\n<p><span lang=\"PT\">Hoje ele<\/span><span lang=\"PT\"> se esfor\u00e7ou para encontrar palavras positivas. A Prefeitura continua a dizer aos moradores uma coisa, mas fazem outra. O Prefeito Eduardo Paes <a href=\"http:\/\/bit.ly\/1d6tAuf\" target=\"_blank\">prometeu em 2013<\/a> que aqueles que quisessem\u00a0permanecer ficariam\u00a0na \u00e1rea, tranquilizando os moradores at\u00e9\u00a0<a href=\"http:\/\/bbc.in\/1MocJ73\" target=\"_blank\">recentemente, em agosto, que parte da comunidade permaneceria<\/a>. No entanto, a cont\u00ednua falta de transpar\u00eancia dos planos da Prefeitura para o bairro em rela\u00e7\u00e3o \u00e0s vias de acesso do Parque Ol\u00edmpico faz com que os restantes dos moradores permane\u00e7am em um estado permanente de tens\u00e3o e incerteza.<\/span><\/p>\n<\/div>\n<\/div>\n<\/div>\n<\/div>\n<\/div>\n<!-- AddThis Advanced Settings generic via filter on the_content --><!-- AddThis Share Buttons generic via filter on the_content -->","protected":false},"excerpt":{"rendered":"<div class=\"mh-excerpt\"><p>Click Here for English Por volta das 5 horas da\u00a0manh\u00e3, ontem, sexta-feira, 23 de outubro, a\u00a0Guarda Municipal e representantes da Prefeitura chegaram na Vila Aut\u00f3dromo, comunidade que faz fronteira com o Parque Ol\u00edmpico na Zona <a class=\"mh-excerpt-more\" href=\"https:\/\/rioonwatch.org.br\/?p=16734\" title=\"Remo\u00e7\u00e3o Rel\u00e2mpago Volta \u00e0 Vila Aut\u00f3dromo\">[&#8230;]<\/a><!-- AddThis Advanced Settings generic via filter on get_the_excerpt --><!-- AddThis Share Buttons generic via filter on get_the_excerpt --><\/p>\n<\/div>","protected":false},"author":3,"featured_media":16739,"comment_status":"closed","ping_status":"closed","sticky":false,"template":"","format":"standard","meta":{"_acf_changed":false,"_monsterinsights_skip_tracking":false,"_monsterinsights_sitenote_active":false,"_monsterinsights_sitenote_note":"","_monsterinsights_sitenote_category":0,"footnotes":""},"categories":[1614,1635,1621,346,1626],"tags":[1541,484,14,1706,1705,499,55,1325],"writer":[1199,1677],"translator":[1491],"source":[],"ilustrador":[],"fotografo":[],"class_list":{"0":"post-16734","1":"post","2":"type-post","3":"status-publish","4":"format-standard","5":"has-post-thumbnail","7":"category-olhonasremocoes","8":"category-1635","9":"category-destaque","10":"category-denuncias","11":"category-por-observadores-internacionais","12":"tag-candomble","13":"tag-prefeito-eduardo-paes","14":"tag-remocao","15":"tag-remocoes-relampago","16":"tag-taticas-de-remocao-perca-de-pertences","17":"tag-terror-psicologico","18":"tag-vila-autodromo","19":"tag-zone-oeste","20":"writer-cerianne-robertson","21":"writer-clare-huggins","22":"translator-patricia-gomes"},"acf":[],"yoast_head":"<!-- This site is optimized with the Yoast SEO plugin v25.6 - https:\/\/yoast.com\/wordpress\/plugins\/seo\/ -->\n<title>Remo\u00e7\u00e3o Rel\u00e2mpago Volta \u00e0 Vila Aut\u00f3dromo - RioOnWatch<\/title>\n<meta name=\"robots\" content=\"index, follow, max-snippet:-1, max-image-preview:large, max-video-preview:-1\" \/>\n<link rel=\"canonical\" href=\"https:\/\/rioonwatch.org.br\/?p=16734\" \/>\n<meta property=\"og:locale\" content=\"pt_BR\" \/>\n<meta property=\"og:type\" content=\"article\" \/>\n<meta property=\"og:title\" content=\"Remo\u00e7\u00e3o Rel\u00e2mpago Volta \u00e0 Vila Aut\u00f3dromo - RioOnWatch\" \/>\n<meta property=\"og:description\" content=\"Click Here for English Por volta das 5 horas da\u00a0manh\u00e3, ontem, sexta-feira, 23 de outubro, a\u00a0Guarda Municipal e representantes da Prefeitura chegaram na Vila Aut\u00f3dromo, comunidade que faz fronteira com o Parque Ol\u00edmpico na Zona [...]\" \/>\n<meta property=\"og:url\" content=\"https:\/\/rioonwatch.org.br\/?p=16734\" \/>\n<meta property=\"og:site_name\" content=\"RioOnWatch\" \/>\n<meta property=\"article:published_time\" content=\"2015-10-24T11:09:52+00:00\" \/>\n<meta property=\"article:modified_time\" content=\"2015-10-31T18:18:12+00:00\" \/>\n<meta property=\"og:image\" content=\"https:\/\/rioonwatch.org.br\/wp-content\/uploads\/2015\/10\/Vila_Autodromo_demolitions_October23B-620x264.jpg\" \/>\n\t<meta property=\"og:image:width\" content=\"620\" \/>\n\t<meta property=\"og:image:height\" content=\"264\" \/>\n\t<meta property=\"og:image:type\" content=\"image\/jpeg\" \/>\n<meta name=\"author\" content=\"Admin\" \/>\n<meta name=\"twitter:card\" content=\"summary_large_image\" \/>\n<meta name=\"twitter:label1\" content=\"Escrito por\" \/>\n\t<meta name=\"twitter:data1\" content=\"Admin\" \/>\n\t<meta name=\"twitter:label2\" content=\"Est. tempo de leitura\" \/>\n\t<meta name=\"twitter:data2\" content=\"3 minutos\" \/>\n<script type=\"application\/ld+json\" class=\"yoast-schema-graph\">{\"@context\":\"https:\/\/schema.org\",\"@graph\":[{\"@type\":\"Article\",\"@id\":\"https:\/\/rioonwatch.org.br\/?p=16734#article\",\"isPartOf\":{\"@id\":\"https:\/\/rioonwatch.org.br\/?p=16734\"},\"author\":{\"name\":\"Admin\",\"@id\":\"https:\/\/rioonwatch.org.br\/#\/schema\/person\/c6c09a0b56b38f0157a45b963ef3f269\"},\"headline\":\"Remo\u00e7\u00e3o Rel\u00e2mpago Volta \u00e0 Vila Aut\u00f3dromo\",\"datePublished\":\"2015-10-24T11:09:52+00:00\",\"dateModified\":\"2015-10-31T18:18:12+00:00\",\"mainEntityOfPage\":{\"@id\":\"https:\/\/rioonwatch.org.br\/?p=16734\"},\"wordCount\":611,\"publisher\":{\"@id\":\"https:\/\/rioonwatch.org.br\/#organization\"},\"image\":{\"@id\":\"https:\/\/rioonwatch.org.br\/?p=16734#primaryimage\"},\"thumbnailUrl\":\"https:\/\/rioonwatch.org.br\/wp-content\/uploads\/2015\/10\/Vila_Autodromo_demolitions_October23B-620x264.jpg\",\"keywords\":[\"Candombl\u00e9\",\"Eduardo Paes\",\"Remo\u00e7\u00e3o\",\"remo\u00e7\u00f5es rel\u00e2mpago\",\"T\u00e1ticas de remo\u00e7\u00e3o: perca de pertences\",\"terror psicol\u00f3gico\",\"Vila Aut\u00f3dromo\",\"Zone Oeste\"],\"articleSection\":[\"#OlhoNasRemo\u00e7\u00f5es\",\"#Rio2016\",\"*Destaque\",\"Den\u00fancias\",\"Escrito por Aliados\"],\"inLanguage\":\"pt-BR\"},{\"@type\":\"WebPage\",\"@id\":\"https:\/\/rioonwatch.org.br\/?p=16734\",\"url\":\"https:\/\/rioonwatch.org.br\/?p=16734\",\"name\":\"Remo\u00e7\u00e3o Rel\u00e2mpago Volta \u00e0 Vila Aut\u00f3dromo - RioOnWatch\",\"isPartOf\":{\"@id\":\"https:\/\/rioonwatch.org.br\/#website\"},\"primaryImageOfPage\":{\"@id\":\"https:\/\/rioonwatch.org.br\/?p=16734#primaryimage\"},\"image\":{\"@id\":\"https:\/\/rioonwatch.org.br\/?p=16734#primaryimage\"},\"thumbnailUrl\":\"https:\/\/rioonwatch.org.br\/wp-content\/uploads\/2015\/10\/Vila_Autodromo_demolitions_October23B-620x264.jpg\",\"datePublished\":\"2015-10-24T11:09:52+00:00\",\"dateModified\":\"2015-10-31T18:18:12+00:00\",\"breadcrumb\":{\"@id\":\"https:\/\/rioonwatch.org.br\/?p=16734#breadcrumb\"},\"inLanguage\":\"pt-BR\",\"potentialAction\":[{\"@type\":\"ReadAction\",\"target\":[\"https:\/\/rioonwatch.org.br\/?p=16734\"]}]},{\"@type\":\"ImageObject\",\"inLanguage\":\"pt-BR\",\"@id\":\"https:\/\/rioonwatch.org.br\/?p=16734#primaryimage\",\"url\":\"https:\/\/rioonwatch.org.br\/wp-content\/uploads\/2015\/10\/Vila_Autodromo_demolitions_October23B-620x264.jpg\",\"contentUrl\":\"https:\/\/rioonwatch.org.br\/wp-content\/uploads\/2015\/10\/Vila_Autodromo_demolitions_October23B-620x264.jpg\",\"width\":620,\"height\":264},{\"@type\":\"BreadcrumbList\",\"@id\":\"https:\/\/rioonwatch.org.br\/?p=16734#breadcrumb\",\"itemListElement\":[{\"@type\":\"ListItem\",\"position\":1,\"name\":\"In\u00edcio\",\"item\":\"https:\/\/rioonwatch.org.br\/\"},{\"@type\":\"ListItem\",\"position\":2,\"name\":\"Remo\u00e7\u00e3o Rel\u00e2mpago Volta \u00e0 Vila Aut\u00f3dromo\"}]},{\"@type\":\"WebSite\",\"@id\":\"https:\/\/rioonwatch.org.br\/#website\",\"url\":\"https:\/\/rioonwatch.org.br\/\",\"name\":\"RioOnWatch\",\"description\":\"relatos das favelas cariocas\",\"publisher\":{\"@id\":\"https:\/\/rioonwatch.org.br\/#organization\"},\"potentialAction\":[{\"@type\":\"SearchAction\",\"target\":{\"@type\":\"EntryPoint\",\"urlTemplate\":\"https:\/\/rioonwatch.org.br\/?s={search_term_string}\"},\"query-input\":{\"@type\":\"PropertyValueSpecification\",\"valueRequired\":true,\"valueName\":\"search_term_string\"}}],\"inLanguage\":\"pt-BR\"},{\"@type\":\"Organization\",\"@id\":\"https:\/\/rioonwatch.org.br\/#organization\",\"name\":\"RioOnWatch\",\"url\":\"https:\/\/rioonwatch.org.br\/\",\"logo\":{\"@type\":\"ImageObject\",\"inLanguage\":\"pt-BR\",\"@id\":\"https:\/\/rioonwatch.org.br\/#\/schema\/logo\/image\/\",\"url\":\"https:\/\/rioonwatch.org.br\/wp-content\/uploads\/2021\/06\/RioOnWatchcabecalhoPT11anos-2.png\",\"contentUrl\":\"https:\/\/rioonwatch.org.br\/wp-content\/uploads\/2021\/06\/RioOnWatchcabecalhoPT11anos-2.png\",\"width\":779,\"height\":277,\"caption\":\"RioOnWatch\"},\"image\":{\"@id\":\"https:\/\/rioonwatch.org.br\/#\/schema\/logo\/image\/\"}},{\"@type\":\"Person\",\"@id\":\"https:\/\/rioonwatch.org.br\/#\/schema\/person\/c6c09a0b56b38f0157a45b963ef3f269\",\"name\":\"Admin\",\"image\":{\"@type\":\"ImageObject\",\"inLanguage\":\"pt-BR\",\"@id\":\"https:\/\/rioonwatch.org.br\/#\/schema\/person\/image\/\",\"url\":\"https:\/\/secure.gravatar.com\/avatar\/da45c89efd4810dc70c16a5da3419806?s=96&d=blank&r=g\",\"contentUrl\":\"https:\/\/secure.gravatar.com\/avatar\/da45c89efd4810dc70c16a5da3419806?s=96&d=blank&r=g\",\"caption\":\"Admin\"},\"url\":\"https:\/\/rioonwatch.org.br\/?author=3\"}]}<\/script>\n<!-- \/ Yoast SEO plugin. -->","yoast_head_json":{"title":"Remo\u00e7\u00e3o Rel\u00e2mpago Volta \u00e0 Vila Aut\u00f3dromo - RioOnWatch","robots":{"index":"index","follow":"follow","max-snippet":"max-snippet:-1","max-image-preview":"max-image-preview:large","max-video-preview":"max-video-preview:-1"},"canonical":"https:\/\/rioonwatch.org.br\/?p=16734","og_locale":"pt_BR","og_type":"article","og_title":"Remo\u00e7\u00e3o Rel\u00e2mpago Volta \u00e0 Vila Aut\u00f3dromo - RioOnWatch","og_description":"Click Here for English Por volta das 5 horas da\u00a0manh\u00e3, ontem, sexta-feira, 23 de outubro, a\u00a0Guarda Municipal e representantes da Prefeitura chegaram na Vila Aut\u00f3dromo, comunidade que faz fronteira com o Parque Ol\u00edmpico na Zona [...]","og_url":"https:\/\/rioonwatch.org.br\/?p=16734","og_site_name":"RioOnWatch","article_published_time":"2015-10-24T11:09:52+00:00","article_modified_time":"2015-10-31T18:18:12+00:00","og_image":[{"width":620,"height":264,"url":"https:\/\/rioonwatch.org.br\/wp-content\/uploads\/2015\/10\/Vila_Autodromo_demolitions_October23B-620x264.jpg","type":"image\/jpeg"}],"author":"Admin","twitter_card":"summary_large_image","twitter_misc":{"Escrito por":"Admin","Est. tempo de leitura":"3 minutos"},"schema":{"@context":"https:\/\/schema.org","@graph":[{"@type":"Article","@id":"https:\/\/rioonwatch.org.br\/?p=16734#article","isPartOf":{"@id":"https:\/\/rioonwatch.org.br\/?p=16734"},"author":{"name":"Admin","@id":"https:\/\/rioonwatch.org.br\/#\/schema\/person\/c6c09a0b56b38f0157a45b963ef3f269"},"headline":"Remo\u00e7\u00e3o Rel\u00e2mpago Volta \u00e0 Vila Aut\u00f3dromo","datePublished":"2015-10-24T11:09:52+00:00","dateModified":"2015-10-31T18:18:12+00:00","mainEntityOfPage":{"@id":"https:\/\/rioonwatch.org.br\/?p=16734"},"wordCount":611,"publisher":{"@id":"https:\/\/rioonwatch.org.br\/#organization"},"image":{"@id":"https:\/\/rioonwatch.org.br\/?p=16734#primaryimage"},"thumbnailUrl":"https:\/\/rioonwatch.org.br\/wp-content\/uploads\/2015\/10\/Vila_Autodromo_demolitions_October23B-620x264.jpg","keywords":["Candombl\u00e9","Eduardo Paes","Remo\u00e7\u00e3o","remo\u00e7\u00f5es rel\u00e2mpago","T\u00e1ticas de remo\u00e7\u00e3o: perca de pertences","terror psicol\u00f3gico","Vila Aut\u00f3dromo","Zone Oeste"],"articleSection":["#OlhoNasRemo\u00e7\u00f5es","#Rio2016","*Destaque","Den\u00fancias","Escrito por Aliados"],"inLanguage":"pt-BR"},{"@type":"WebPage","@id":"https:\/\/rioonwatch.org.br\/?p=16734","url":"https:\/\/rioonwatch.org.br\/?p=16734","name":"Remo\u00e7\u00e3o Rel\u00e2mpago Volta \u00e0 Vila Aut\u00f3dromo - RioOnWatch","isPartOf":{"@id":"https:\/\/rioonwatch.org.br\/#website"},"primaryImageOfPage":{"@id":"https:\/\/rioonwatch.org.br\/?p=16734#primaryimage"},"image":{"@id":"https:\/\/rioonwatch.org.br\/?p=16734#primaryimage"},"thumbnailUrl":"https:\/\/rioonwatch.org.br\/wp-content\/uploads\/2015\/10\/Vila_Autodromo_demolitions_October23B-620x264.jpg","datePublished":"2015-10-24T11:09:52+00:00","dateModified":"2015-10-31T18:18:12+00:00","breadcrumb":{"@id":"https:\/\/rioonwatch.org.br\/?p=16734#breadcrumb"},"inLanguage":"pt-BR","potentialAction":[{"@type":"ReadAction","target":["https:\/\/rioonwatch.org.br\/?p=16734"]}]},{"@type":"ImageObject","inLanguage":"pt-BR","@id":"https:\/\/rioonwatch.org.br\/?p=16734#primaryimage","url":"https:\/\/rioonwatch.org.br\/wp-content\/uploads\/2015\/10\/Vila_Autodromo_demolitions_October23B-620x264.jpg","contentUrl":"https:\/\/rioonwatch.org.br\/wp-content\/uploads\/2015\/10\/Vila_Autodromo_demolitions_October23B-620x264.jpg","width":620,"height":264},{"@type":"BreadcrumbList","@id":"https:\/\/rioonwatch.org.br\/?p=16734#breadcrumb","itemListElement":[{"@type":"ListItem","position":1,"name":"In\u00edcio","item":"https:\/\/rioonwatch.org.br\/"},{"@type":"ListItem","position":2,"name":"Remo\u00e7\u00e3o Rel\u00e2mpago Volta \u00e0 Vila Aut\u00f3dromo"}]},{"@type":"WebSite","@id":"https:\/\/rioonwatch.org.br\/#website","url":"https:\/\/rioonwatch.org.br\/","name":"RioOnWatch","description":"relatos das favelas cariocas","publisher":{"@id":"https:\/\/rioonwatch.org.br\/#organization"},"potentialAction":[{"@type":"SearchAction","target":{"@type":"EntryPoint","urlTemplate":"https:\/\/rioonwatch.org.br\/?s={search_term_string}"},"query-input":{"@type":"PropertyValueSpecification","valueRequired":true,"valueName":"search_term_string"}}],"inLanguage":"pt-BR"},{"@type":"Organization","@id":"https:\/\/rioonwatch.org.br\/#organization","name":"RioOnWatch","url":"https:\/\/rioonwatch.org.br\/","logo":{"@type":"ImageObject","inLanguage":"pt-BR","@id":"https:\/\/rioonwatch.org.br\/#\/schema\/logo\/image\/","url":"https:\/\/rioonwatch.org.br\/wp-content\/uploads\/2021\/06\/RioOnWatchcabecalhoPT11anos-2.png","contentUrl":"https:\/\/rioonwatch.org.br\/wp-content\/uploads\/2021\/06\/RioOnWatchcabecalhoPT11anos-2.png","width":779,"height":277,"caption":"RioOnWatch"},"image":{"@id":"https:\/\/rioonwatch.org.br\/#\/schema\/logo\/image\/"}},{"@type":"Person","@id":"https:\/\/rioonwatch.org.br\/#\/schema\/person\/c6c09a0b56b38f0157a45b963ef3f269","name":"Admin","image":{"@type":"ImageObject","inLanguage":"pt-BR","@id":"https:\/\/rioonwatch.org.br\/#\/schema\/person\/image\/","url":"https:\/\/secure.gravatar.com\/avatar\/da45c89efd4810dc70c16a5da3419806?s=96&d=blank&r=g","contentUrl":"https:\/\/secure.gravatar.com\/avatar\/da45c89efd4810dc70c16a5da3419806?s=96&d=blank&r=g","caption":"Admin"},"url":"https:\/\/rioonwatch.org.br\/?author=3"}]}},"_links":{"self":[{"href":"https:\/\/rioonwatch.org.br\/index.php?rest_route=\/wp\/v2\/posts\/16734"}],"collection":[{"href":"https:\/\/rioonwatch.org.br\/index.php?rest_route=\/wp\/v2\/posts"}],"about":[{"href":"https:\/\/rioonwatch.org.br\/index.php?rest_route=\/wp\/v2\/types\/post"}],"author":[{"embeddable":true,"href":"https:\/\/rioonwatch.org.br\/index.php?rest_route=\/wp\/v2\/users\/3"}],"replies":[{"embeddable":true,"href":"https:\/\/rioonwatch.org.br\/index.php?rest_route=%2Fwp%2Fv2%2Fcomments&post=16734"}],"version-history":[{"count":11,"href":"https:\/\/rioonwatch.org.br\/index.php?rest_route=\/wp\/v2\/posts\/16734\/revisions"}],"predecessor-version":[{"id":16747,"href":"https:\/\/rioonwatch.org.br\/index.php?rest_route=\/wp\/v2\/posts\/16734\/revisions\/16747"}],"wp:featuredmedia":[{"embeddable":true,"href":"https:\/\/rioonwatch.org.br\/index.php?rest_route=\/wp\/v2\/media\/16739"}],"wp:attachment":[{"href":"https:\/\/rioonwatch.org.br\/index.php?rest_route=%2Fwp%2Fv2%2Fmedia&parent=16734"}],"wp:term":[{"taxonomy":"category","embeddable":true,"href":"https:\/\/rioonwatch.org.br\/index.php?rest_route=%2Fwp%2Fv2%2Fcategories&post=16734"},{"taxonomy":"post_tag","embeddable":true,"href":"https:\/\/rioonwatch.org.br\/index.php?rest_route=%2Fwp%2Fv2%2Ftags&post=16734"},{"taxonomy":"writer","embeddable":true,"href":"https:\/\/rioonwatch.org.br\/index.php?rest_route=%2Fwp%2Fv2%2Fwriter&post=16734"},{"taxonomy":"translator","embeddable":true,"href":"https:\/\/rioonwatch.org.br\/index.php?rest_route=%2Fwp%2Fv2%2Ftranslator&post=16734"},{"taxonomy":"source","embeddable":true,"href":"https:\/\/rioonwatch.org.br\/index.php?rest_route=%2Fwp%2Fv2%2Fsource&post=16734"},{"taxonomy":"ilustrador","embeddable":true,"href":"https:\/\/rioonwatch.org.br\/index.php?rest_route=%2Fwp%2Fv2%2Filustrador&post=16734"},{"taxonomy":"fotografo","embeddable":true,"href":"https:\/\/rioonwatch.org.br\/index.php?rest_route=%2Fwp%2Fv2%2Ffotografo&post=16734"}],"curies":[{"name":"wp","href":"https:\/\/api.w.org\/{rel}","templated":true}]}}