{"id":16780,"date":"2015-11-06T09:00:33","date_gmt":"2015-11-06T12:00:33","guid":{"rendered":"http:\/\/rioonwatch.org.br\/?p=16780"},"modified":"2024-05-24T12:41:22","modified_gmt":"2024-05-24T15:41:22","slug":"antieticos-coletivo-de-rap-de-tres-favelas-desafia-o-racismo-e-o-estigma","status":"publish","type":"post","link":"https:\/\/rioonwatch.org.br\/?p=16780","title":{"rendered":"Anti\u00e9ticos: Coletivo de Rap de Tr\u00eas Favelas Desafia o Racismo e o Estigma"},"content":{"rendered":"<p style=\"text-align: right;\"><a href=\"http:\/\/bit.ly\/1FE1cBi\" target=\"_blank\" rel=\"noopener\"><em><strong>Click Here for English<img decoding=\"async\" width=\"20\" height=\"20\" class=\"alignright wp-image-15790\" src=\"http:\/\/rioonwatch.org.br\/wp-content\/uploads\/2012\/08\/EN-standard-e1439583104716.jpg\" alt=\"\" \/><\/strong><\/em><\/a><\/p>\n<p>&#8220;Nosso rap \u00e9 um papo&#8211;t\u00e1 ligado&#8211;\u00e9 uma ideia, uma troca\u00e7\u00e3o&#8221;, diz a primeira faixa do <a href=\"http:\/\/on.fb.me\/1j5uzSH\" target=\"_blank\" rel=\"noopener\">Anti\u00e9ticos<\/a>, no novo mixtape,\u00a0<em><a href=\"http:\/\/bit.ly\/1V1HfpB\" target=\"_blank\" rel=\"noopener\">\u00c9tica Molotov<\/a><\/em>. Tr\u00eas faixas de &#8220;entrevistas&#8221; est\u00e3o entrela\u00e7adas ao longo do \u00e1lbum e servem\u00a0como uma declara\u00e7\u00e3o da miss\u00e3o do coletivo de rap.<\/p>\n<p>A\u00a0ideia por tr\u00e1s do nome do coletivo,\u00a0o grupo explica em <a href=\"http:\/\/bit.ly\/1KlfNlY\" target=\"_blank\" rel=\"noopener\">seu site<\/a>, n\u00e3o se trata de &#8220;aus\u00eancia de \u00e9tica, nem pessoa sem escr\u00fapulos&#8221;. O nome \u00e9 utilizado para representar um &#8220;desacordo com o padr\u00e3o estabelecido&#8221; pelo &#8220;grupo que\u00a0<a href=\"http:\/\/bit.ly\/1H2JyaW\" target=\"_blank\" rel=\"noopener\">administra o mundo hoje<\/a>, o mesmo que vai nos ver como transgressores, <a href=\"http:\/\/bit.ly\/1zakVi3\" target=\"_blank\" rel=\"noopener\">fora do padr\u00e3o<\/a>. Porque a gente acaba pondo em risco o conforto deles&#8221;.<\/p>\n<p>Como um grupo de rap de tr\u00eas favelas diferentes do Rio de Janeiro, Anti\u00e9ticos busca promover amor na comunidade negra enquanto denuncia o\u00a0<a href=\"http:\/\/bit.ly\/1KiFeTl\" target=\"_blank\" rel=\"noopener\">racismo<\/a> e a\u00a0<a href=\"http:\/\/bit.ly\/1wLR1Ef\" target=\"_blank\" rel=\"noopener\">viol\u00eancia<\/a>. Eles contestam normas e desconstroem a concep\u00e7\u00e3o que a sociedade racista tem da comunidade negra como intercambi\u00e1vel com a viol\u00eancia e as drogas, especialmente na cidade natal do grupo, o Rio.<\/p>\n<p>&#8220;[Nosso rap] n\u00e3o \u00e9 moralismo, n\u00e3o \u00e9 mandando ningu\u00e9m fazer nada&#8230; a finalidade \u00faltima do rap do Anti\u00e9ticos \u00e9 falar pros pretos se proteger, e falar pros pretos terem aten\u00e7\u00e3o, cuidar de si, tentar se preservar ao m\u00e1ximo, se potencializar ao m\u00e1ximo, estudar&#8230; tudo que a gente faz \u00e9 por amor&#8221;, fala Fl\u00e1vio Villar Vieira, ou Fr\u00e1vio SantoRua o poeta, numa faixa da entrevista.<\/p>\n<p><a href=\"http:\/\/rioonwatch.org.br\/wp-content\/uploads\/2015\/10\/Antieticos-in-livingroom.jpg\"><img fetchpriority=\"high\" decoding=\"async\" class=\"wp-image-16785 size-medium aligncenter\" title=\"Foto do Instagram do Anti\u00e9ticos\" src=\"http:\/\/rioonwatch.org.br\/wp-content\/uploads\/2015\/10\/Antieticos-in-livingroom-620x414.jpg\" alt=\"Photo from Anti\u00e9ticos' Instagram\" width=\"620\" height=\"414\" srcset=\"https:\/\/rioonwatch.org.br\/wp-content\/uploads\/2015\/10\/Antieticos-in-livingroom-620x414.jpg 620w, https:\/\/rioonwatch.org.br\/wp-content\/uploads\/2015\/10\/Antieticos-in-livingroom-396x264.jpg 396w, https:\/\/rioonwatch.org.br\/wp-content\/uploads\/2015\/10\/Antieticos-in-livingroom.jpg 1000w\" sizes=\"(max-width: 620px) 100vw, 620px\" \/><\/a><\/p>\n<p>Embora o coletivo n\u00e3o tenha oficialmente se tornado o completo Anti\u00e9ticos at\u00e9 2012, o grupo come\u00e7ou a se formar quando Fl\u00e1vio Villar Vieira (ou Fr\u00e1vio SantoRua o poeta) e Thiago Costa (ou Thiago-Ultra o MC), se conheceram no col\u00e9gio\u00a0e descobriram e partilharam o interesse no rap\u2014especificamente o interesse nos temas do racismo e do\u00a0<a href=\"http:\/\/bit.ly\/P4itK0\" target=\"_blank\" rel=\"noopener\">estigma<\/a>\u00a0em rela\u00e7\u00e3o \u00e0 comunidade negra que a m\u00fasica rap aborda.<\/p>\n<p>&#8220;N\u00f3s come\u00e7amos a ver como as coisas funcionavam. O comportamento de garotos e garotas negras na escola&#8221;, diz Fl\u00e1vio, sentado com Thiago e William no Complexo Esquina 111 em Ipanema, um bar onde eles geralmente se encontram e tocam m\u00fasica. &#8220;O rap estava falando [sobre ra\u00e7a e estigma] e devido a isso n\u00f3s pensamos, &#8216;voc\u00eas realmente pensam que isso \u00e9 como \u00e9?&#8217; Ent\u00e3o come\u00e7amos a observar [esses temas] e come\u00e7amos a discutir&#8221;.<\/p>\n<p>&#8220;Decidimos criar algo na escola para expor esse tipo de reflex\u00e3o&#8221;, Fl\u00e1vio continua. Este \u201calgo\u201d tomou muitas formas diferentes. Desde\u00a0um jornal escolar a um grande grupo de estudo realizado em um shopping center.<\/p>\n<p>Depois de dois anos realizando grupos de discuss\u00e3o, os dois decidiram que esse tipo de reflex\u00e3o n\u00e3o era t\u00e3o\u00a0<a href=\"http:\/\/bit.ly\/1zakVi3\" target=\"_blank\" rel=\"noopener\">aberto quanto\u00a0a m\u00fasica e arte poderiam ser<\/a> e voltaram ao rap. Este foi o tempo que eles cruzaram seus caminhos com William em uma aula na Universidade Estadual do Rio de Janeiro (UERJ) e formaram o Anti\u00e9ticos.<\/p>\n<p>\u201cEste cara aqui&#8221;, Fl\u00e1vio diz apontando para William e rindo, \u201cnos encontrou e disse: &#8216;eu quero ser DJ'&#8221;.<\/p>\n<p>&#8220;Isto foi louco&#8221;, William explica rindo. &#8220;Eu gostaria de pegar m\u00fasicas do blog do Thiago, mas eu n\u00e3o conhecia ele. E depois eu conheci o Fl\u00e1vio na universidade&#8230;e foi muito engra\u00e7ado porque eu disse a ele exatamente isso, sem saber [a rela\u00e7\u00e3o entre eles], que eu queria ser DJ. Ent\u00e3o ele disse &#8216;seja [nosso] DJ!!'&#8221;<\/p>\n<p>O grupo lan\u00e7ou seu primeiro mixtape virtual em 2012\u2014<em><a href=\"http:\/\/bit.ly\/1V7DcrS\" target=\"_blank\" rel=\"noopener\">Antes que as estrelas se apaguem<\/a>\u2014<\/em>e em dezembro de 2014 eles lan\u00e7aram o \u00c9tica Molotov como o segundo, ambos virtuais e em CD.<\/p>\n<p>Anti\u00e9ticos produz suas m\u00fasicas completamente independente, com a ajuda de fam\u00edlia e amigos. O grupo compra e grava seus pr\u00f3prios CDs, e o irm\u00e3o de William cria o desenho da capa do CD assim como desenvolve o site. O grupo troca o CD por abra\u00e7os.<\/p>\n<p>Para Fl\u00e1vio, William e Thiago se encontrarem n\u00e3o \u00e9 sempre uma coisa f\u00e1cil. Fl\u00e1vio vem do <a href=\"http:\/\/bit.ly\/U0MiGm\" target=\"_blank\" rel=\"noopener\">Complexo do Alem\u00e3o<\/a> e Thiago do Iraj\u00e1, os dois da <a href=\"http:\/\/bit.ly\/WximDf\" target=\"_blank\" rel=\"noopener\">Zona Norte<\/a> do Rio, mas levam mais de uma hora no trajeto em <a href=\"http:\/\/bit.ly\/1MUX0u9\" target=\"_blank\" rel=\"noopener\">transporte p\u00fablico<\/a>. William vem da <a href=\"http:\/\/bit.ly\/1g63Krv\" target=\"_blank\" rel=\"noopener\">Vila Kennedy<\/a> na <a href=\"http:\/\/bit.ly\/11tBmFR\" target=\"_blank\" rel=\"noopener\">Zona Oeste<\/a>, e leva em torno de duas horas de \u00f4nibus at\u00e9 onde moram Fl\u00e1vio e Thiago.<\/p>\n<p>Entretanto quando perguntam para eles como a dist\u00e2ncia impacta o coletivo, todos concordam que o tempo extra de viagem torna o grupo e sua m\u00fasica mais forte.<\/p>\n<p>\u201cSer de diferentes favelas \u00e9 simb\u00f3lico&#8221;, diz Fl\u00e1vio. &#8220;Aqui no Rio, existe uma guerra entre fac\u00e7\u00f5es. Em alguns lugares, voc\u00ea n\u00e3o pode ir em outras favelas. Tem muita separa\u00e7\u00e3o. Eu penso que n\u00f3s sermos de diferentes comunidades quebra essa ilus\u00e3o simbolicamente&#8221;.<\/p>\n<p>&#8220;N\u00f3s somos tr\u00eas garotos negros que cresceram em lugares diferentes, vivemos vidas diferentes, com diferentes fam\u00edlias, mas quando falamos sobre pol\u00edcia \u00e9 a mesma coisa. Quando falamos sobre hospitais, sobre servi\u00e7os, \u00e9 a mesma coisa. Quando n\u00f3s falamos sobre a dor de nossas m\u00e3es, \u00e9 a mesma coisa.\u201d<\/p>\n<p>Os membros do grupo explicam que ser de diferentes favelas faz com que eles observem os diferentes lados da realidade e deste modo fortalecem o debate. Ao mesmo tempo, Fl\u00e1vio diz, \u201cesta \u00e9 uma realidade que \u00e9 a mesma para todos n\u00f3s&#8221;.<\/p>\n<blockquote><p>&#8220;N\u00f3s somos tr\u00eas garotos negros que cresceram em lugares diferentes, vivemos vidas diferentes, com diferentes fam\u00edlias, mas quando falamos sobre pol\u00edcia \u00e9 a mesma coisa. Quando falamos sobre hospitais, sobre servi\u00e7os, \u00e9 a mesma coisa. Quando n\u00f3s falamos sobre a dor de nossas m\u00e3es, \u00e9 a mesma coisa.\u201d<\/p><\/blockquote>\n<p><a href=\"http:\/\/rioonwatch.org.br\/wp-content\/uploads\/2015\/10\/Antieticos-in-front-of-wall1.png\"><img decoding=\"async\" class=\"wp-image-16784 size-medium aligncenter\" title=\"Foto do Instagram do Anti\u00e9ticos\" src=\"http:\/\/rioonwatch.org.br\/wp-content\/uploads\/2015\/10\/Antieticos-in-front-of-wall1-620x616.png\" alt=\"Foto do Instagram do Anti\u00e9ticos\" width=\"620\" height=\"616\" srcset=\"https:\/\/rioonwatch.org.br\/wp-content\/uploads\/2015\/10\/Antieticos-in-front-of-wall1-620x616.png 620w, https:\/\/rioonwatch.org.br\/wp-content\/uploads\/2015\/10\/Antieticos-in-front-of-wall1-266x264.png 266w, https:\/\/rioonwatch.org.br\/wp-content\/uploads\/2015\/10\/Antieticos-in-front-of-wall1.png 987w\" sizes=\"(max-width: 620px) 100vw, 620px\" \/><\/a><\/p>\n<p>&#8220;Tem muito \u00f3dio na comunidade negra desde que os primeiros africanos chegaram aqui&#8230; desde que come\u00e7ou a domina\u00e7\u00e3o&#8221;, Fl\u00e1vio diz. &#8220;<a href=\"http:\/\/bit.ly\/1zzltxG\" target=\"_blank\" rel=\"noopener\">N\u00f3s morremos todos os dias<\/a>. Na nossa comunidade, todos os dias tem uma morte. Hoje, que horas s\u00e3o? Quatro? 86 negros provavelmente morreram hoje&#8230;de fome, de sede, como consequ\u00eancia de alguma doen\u00e7a, morto por algu\u00e9m, <a href=\"http:\/\/bit.ly\/1i0t9Hc\" target=\"_blank\" rel=\"noopener\">morto pela pol\u00edcia<\/a>&#8230;&#8221;<\/p>\n<p>&#8220;Para n\u00f3s, a cidade do Rio \u00e9 ca\u00f3tica, racista, cruel&#8230; Se n\u00f3s podemos sobreviver nesse lugar, se menos pessoas morrerem amanh\u00e3, se pudermos ter um pouco mais de amor, ent\u00e3o estaremos fazendo alguma coisa.&#8221;<\/p>\n<p>Embora Anti\u00e9ticos continue possuindo grupos de estudo, as primeiras discuss\u00f5es dos membros agora se d\u00e3o atrav\u00e9s de sua m\u00fasica. &#8220;Nosso objetivo [com nossos shows] \u00e9 deixar todos na mesma vibra\u00e7\u00e3o&#8221;, diz Thiago. &#8220;N\u00f3s falamos com pessoas de diferentes linguagens, de uma forma diferente&#8221;.<\/p>\n<p>&#8220;As vezes no nosso show, n\u00f3s falamos e as pessoas choram&#8221;, diz William. &#8220;Tem pessoas que riem, existem v\u00e1rias rea\u00e7\u00f5es diferentes. Chorando ou rindo, n\u00e3o importa a rea\u00e7\u00e3o, o importante \u00e9 eles estarem naquele momento&#8230; Isto \u00e9 o que a m\u00fasica faz.\u201d<\/p>\n<p><a href=\"http:\/\/rioonwatch.org.br\/wp-content\/uploads\/2015\/10\/Antieticos-singing.jpg\"><img loading=\"lazy\" decoding=\"async\" class=\"wp-image-16783 size-medium aligncenter\" title=\"Foto do Instagram do Anti\u00e9ticos\" src=\"http:\/\/rioonwatch.org.br\/wp-content\/uploads\/2015\/10\/Antieticos-singing-620x598.jpg\" alt=\"Photo from Anti\u00e9ticos' Instagram\" width=\"620\" height=\"598\" srcset=\"https:\/\/rioonwatch.org.br\/wp-content\/uploads\/2015\/10\/Antieticos-singing-620x598.jpg 620w, https:\/\/rioonwatch.org.br\/wp-content\/uploads\/2015\/10\/Antieticos-singing-274x264.jpg 274w, https:\/\/rioonwatch.org.br\/wp-content\/uploads\/2015\/10\/Antieticos-singing.jpg 1000w\" sizes=\"(max-width: 620px) 100vw, 620px\" \/><\/a><\/p>\n<p>O grupo est\u00e1 muito empolgado com a resposta que est\u00e3o recebendo. &#8220;N\u00f3s somos\u00a0reconhecidos como o grupo que troca mixtapes por abra\u00e7os&#8230; N\u00f3s temos encontrado pessoas na farm\u00e1cia, no trem, na Lapa, abra\u00e7ando a gente, dizendo, &#8216;Eu quero um mixtape!&#8217; E isso \u00e9 muito legal!&#8221; diz William.<\/p>\n<p>Para Anti\u00e9ticos, a m\u00fasica \u00e9 toda sobre a coletividade nas suas\u00a0comunidades. &#8220;Nosso maior objetivo \u00e9 trazer as pessoas juntas no mesmo espa\u00e7o&#8221;, diz Fl\u00e1vio. &#8220;A partir disso, elas criam mais discuss\u00e3o, elas criam rela\u00e7\u00f5es, for\u00e7a, vida\u2014elas criam amor. Que \u00e9 o que est\u00e1 em torno de tudo&#8221;.<\/p>\n<!-- AddThis Advanced Settings generic via filter on the_content --><!-- AddThis Share Buttons generic via filter on the_content -->","protected":false},"excerpt":{"rendered":"<div class=\"mh-excerpt\"><p>Click Here for English &#8220;Nosso rap \u00e9 um papo&#8211;t\u00e1 ligado&#8211;\u00e9 uma ideia, uma troca\u00e7\u00e3o&#8221;, diz a primeira faixa do Anti\u00e9ticos, no novo mixtape,\u00a0\u00c9tica Molotov. Tr\u00eas faixas de &#8220;entrevistas&#8221; est\u00e3o entrela\u00e7adas ao longo do \u00e1lbum e <a class=\"mh-excerpt-more\" href=\"https:\/\/rioonwatch.org.br\/?p=16780\" title=\"Anti\u00e9ticos: Coletivo de Rap de Tr\u00eas Favelas Desafia o Racismo e o Estigma\">[&#8230;]<\/a><!-- AddThis Advanced Settings generic via filter on get_the_excerpt --><!-- AddThis Share Buttons generic via filter on get_the_excerpt --><\/p>\n<\/div>","protected":false},"author":147,"featured_media":16786,"comment_status":"closed","ping_status":"closed","sticky":false,"template":"","format":"standard","meta":{"_acf_changed":false,"_monsterinsights_skip_tracking":false,"_monsterinsights_sitenote_active":false,"_monsterinsights_sitenote_note":"","_monsterinsights_sitenote_category":0,"footnotes":""},"categories":[1621,1615,1629,1626,345,1616,342],"tags":[386,3253,217,513,421,18,1716,20,700,936,1718,1347,476,544,1144,218,184],"writer":[1549],"translator":[683],"source":[],"ilustrador":[],"fotografo":[],"class_list":{"0":"post-16780","1":"post","2":"type-post","3":"status-publish","4":"format-standard","5":"has-post-thumbnail","7":"category-destaque","8":"category-cultura-da-favela","9":"category-entrevistas-e-perfis","10":"category-por-observadores-internacionais","11":"category-favela-e","12":"category-qualidades-da-favela","13":"category-solucoes","14":"tag-estigma","15":"tag-antirracismo","16":"tag-complexo-do-alemao","17":"tag-cultura-afro-brasileira","18":"tag-cultura-da-favela","19":"tag-hip-hop","20":"tag-iraja","21":"tag-musica","22":"tag-perfil","23":"tag-raca","24":"tag-rap","25":"tag-solucao","26":"tag-solucao-comunitaria","27":"tag-vila-kennedy","28":"tag-violencia-urbana","29":"tag-zona-norte","30":"tag-zona-oeste","31":"writer-gabriela-weldon","32":"translator-thais-rosa-pinheiro"},"acf":[],"yoast_head":"<!-- This site is optimized with the Yoast SEO plugin v25.6 - https:\/\/yoast.com\/wordpress\/plugins\/seo\/ -->\n<title>Anti\u00e9ticos: Coletivo de Rap de Tr\u00eas Favelas Desafia o Racismo e o Estigma - RioOnWatch<\/title>\n<meta name=\"robots\" content=\"index, follow, max-snippet:-1, max-image-preview:large, max-video-preview:-1\" \/>\n<link rel=\"canonical\" href=\"https:\/\/rioonwatch.org.br\/?p=16780\" \/>\n<meta property=\"og:locale\" content=\"pt_BR\" \/>\n<meta property=\"og:type\" content=\"article\" \/>\n<meta property=\"og:title\" content=\"Anti\u00e9ticos: Coletivo de Rap de Tr\u00eas Favelas Desafia o Racismo e o Estigma - RioOnWatch\" \/>\n<meta property=\"og:description\" content=\"Click Here for English &#8220;Nosso rap \u00e9 um papo&#8211;t\u00e1 ligado&#8211;\u00e9 uma ideia, uma troca\u00e7\u00e3o&#8221;, diz a primeira faixa do Anti\u00e9ticos, no novo mixtape,\u00a0\u00c9tica Molotov. Tr\u00eas faixas de &#8220;entrevistas&#8221; est\u00e3o entrela\u00e7adas ao longo do \u00e1lbum e [...]\" \/>\n<meta property=\"og:url\" content=\"https:\/\/rioonwatch.org.br\/?p=16780\" \/>\n<meta property=\"og:site_name\" content=\"RioOnWatch\" \/>\n<meta property=\"article:published_time\" content=\"2015-11-06T12:00:33+00:00\" \/>\n<meta property=\"article:modified_time\" content=\"2024-05-24T15:41:22+00:00\" \/>\n<meta property=\"og:image\" content=\"https:\/\/rioonwatch.org.br\/wp-content\/uploads\/2015\/10\/Antieticos-in-front-of-mural-620x264-1.jpg\" \/>\n\t<meta property=\"og:image:width\" content=\"620\" \/>\n\t<meta property=\"og:image:height\" content=\"264\" \/>\n\t<meta property=\"og:image:type\" content=\"image\/jpeg\" \/>\n<meta name=\"author\" content=\"Cerianne Robertson\" \/>\n<meta name=\"twitter:card\" content=\"summary_large_image\" \/>\n<meta name=\"twitter:label1\" content=\"Escrito por\" \/>\n\t<meta name=\"twitter:data1\" content=\"Cerianne Robertson\" \/>\n\t<meta name=\"twitter:label2\" content=\"Est. tempo de leitura\" \/>\n\t<meta name=\"twitter:data2\" content=\"6 minutos\" \/>\n<script type=\"application\/ld+json\" class=\"yoast-schema-graph\">{\"@context\":\"https:\/\/schema.org\",\"@graph\":[{\"@type\":\"Article\",\"@id\":\"https:\/\/rioonwatch.org.br\/?p=16780#article\",\"isPartOf\":{\"@id\":\"https:\/\/rioonwatch.org.br\/?p=16780\"},\"author\":{\"name\":\"Cerianne Robertson\",\"@id\":\"https:\/\/rioonwatch.org.br\/#\/schema\/person\/b639ec2683435de5a982b61e05770a3d\"},\"headline\":\"Anti\u00e9ticos: Coletivo de Rap de Tr\u00eas Favelas Desafia o Racismo e o Estigma\",\"datePublished\":\"2015-11-06T12:00:33+00:00\",\"dateModified\":\"2024-05-24T15:41:22+00:00\",\"mainEntityOfPage\":{\"@id\":\"https:\/\/rioonwatch.org.br\/?p=16780\"},\"wordCount\":1285,\"publisher\":{\"@id\":\"https:\/\/rioonwatch.org.br\/#organization\"},\"image\":{\"@id\":\"https:\/\/rioonwatch.org.br\/?p=16780#primaryimage\"},\"thumbnailUrl\":\"https:\/\/rioonwatch.org.br\/wp-content\/uploads\/2015\/10\/Antieticos-in-front-of-mural-620x264-1.jpg\",\"keywords\":[\"#StopFavelaStigma\",\"Antirracismo\",\"Complexo do Alem\u00e3o\",\"Cultura Afro-brasileira\",\"cultura da favela\",\"Hip Hop\",\"Iraj\u00e1\",\"m\u00fasica\",\"perfil\",\"ra\u00e7a\",\"rap\",\"solu\u00e7\u00e3o\",\"solu\u00e7\u00e3o comunit\u00e1ria\",\"Vila Kennedy\",\"viol\u00eancia urbana\",\"Zona Norte\",\"Zona Oeste\"],\"articleSection\":[\"*Destaque\",\"Cultura da Favela\",\"Entrevistas e Perfis\",\"Escrito por Aliados\",\"Favela \u00e9\",\"Qualidades da Favela\",\"Solu\u00e7\u00f5es\"],\"inLanguage\":\"pt-BR\"},{\"@type\":\"WebPage\",\"@id\":\"https:\/\/rioonwatch.org.br\/?p=16780\",\"url\":\"https:\/\/rioonwatch.org.br\/?p=16780\",\"name\":\"Anti\u00e9ticos: Coletivo de Rap de Tr\u00eas Favelas Desafia o Racismo e o Estigma - RioOnWatch\",\"isPartOf\":{\"@id\":\"https:\/\/rioonwatch.org.br\/#website\"},\"primaryImageOfPage\":{\"@id\":\"https:\/\/rioonwatch.org.br\/?p=16780#primaryimage\"},\"image\":{\"@id\":\"https:\/\/rioonwatch.org.br\/?p=16780#primaryimage\"},\"thumbnailUrl\":\"https:\/\/rioonwatch.org.br\/wp-content\/uploads\/2015\/10\/Antieticos-in-front-of-mural-620x264-1.jpg\",\"datePublished\":\"2015-11-06T12:00:33+00:00\",\"dateModified\":\"2024-05-24T15:41:22+00:00\",\"breadcrumb\":{\"@id\":\"https:\/\/rioonwatch.org.br\/?p=16780#breadcrumb\"},\"inLanguage\":\"pt-BR\",\"potentialAction\":[{\"@type\":\"ReadAction\",\"target\":[\"https:\/\/rioonwatch.org.br\/?p=16780\"]}]},{\"@type\":\"ImageObject\",\"inLanguage\":\"pt-BR\",\"@id\":\"https:\/\/rioonwatch.org.br\/?p=16780#primaryimage\",\"url\":\"https:\/\/rioonwatch.org.br\/wp-content\/uploads\/2015\/10\/Antieticos-in-front-of-mural-620x264-1.jpg\",\"contentUrl\":\"https:\/\/rioonwatch.org.br\/wp-content\/uploads\/2015\/10\/Antieticos-in-front-of-mural-620x264-1.jpg\",\"width\":620,\"height\":264},{\"@type\":\"BreadcrumbList\",\"@id\":\"https:\/\/rioonwatch.org.br\/?p=16780#breadcrumb\",\"itemListElement\":[{\"@type\":\"ListItem\",\"position\":1,\"name\":\"In\u00edcio\",\"item\":\"https:\/\/rioonwatch.org.br\/\"},{\"@type\":\"ListItem\",\"position\":2,\"name\":\"Anti\u00e9ticos: Coletivo de Rap de Tr\u00eas Favelas Desafia o Racismo e o Estigma\"}]},{\"@type\":\"WebSite\",\"@id\":\"https:\/\/rioonwatch.org.br\/#website\",\"url\":\"https:\/\/rioonwatch.org.br\/\",\"name\":\"RioOnWatch\",\"description\":\"relatos das favelas cariocas\",\"publisher\":{\"@id\":\"https:\/\/rioonwatch.org.br\/#organization\"},\"potentialAction\":[{\"@type\":\"SearchAction\",\"target\":{\"@type\":\"EntryPoint\",\"urlTemplate\":\"https:\/\/rioonwatch.org.br\/?s={search_term_string}\"},\"query-input\":{\"@type\":\"PropertyValueSpecification\",\"valueRequired\":true,\"valueName\":\"search_term_string\"}}],\"inLanguage\":\"pt-BR\"},{\"@type\":\"Organization\",\"@id\":\"https:\/\/rioonwatch.org.br\/#organization\",\"name\":\"RioOnWatch\",\"url\":\"https:\/\/rioonwatch.org.br\/\",\"logo\":{\"@type\":\"ImageObject\",\"inLanguage\":\"pt-BR\",\"@id\":\"https:\/\/rioonwatch.org.br\/#\/schema\/logo\/image\/\",\"url\":\"https:\/\/rioonwatch.org.br\/wp-content\/uploads\/2021\/06\/RioOnWatchcabecalhoPT11anos-2.png\",\"contentUrl\":\"https:\/\/rioonwatch.org.br\/wp-content\/uploads\/2021\/06\/RioOnWatchcabecalhoPT11anos-2.png\",\"width\":779,\"height\":277,\"caption\":\"RioOnWatch\"},\"image\":{\"@id\":\"https:\/\/rioonwatch.org.br\/#\/schema\/logo\/image\/\"}},{\"@type\":\"Person\",\"@id\":\"https:\/\/rioonwatch.org.br\/#\/schema\/person\/b639ec2683435de5a982b61e05770a3d\",\"name\":\"Cerianne Robertson\",\"image\":{\"@type\":\"ImageObject\",\"inLanguage\":\"pt-BR\",\"@id\":\"https:\/\/rioonwatch.org.br\/#\/schema\/person\/image\/\",\"url\":\"https:\/\/secure.gravatar.com\/avatar\/b2495baf6047713d9cf5eb43059071e1?s=96&d=blank&r=g\",\"contentUrl\":\"https:\/\/secure.gravatar.com\/avatar\/b2495baf6047713d9cf5eb43059071e1?s=96&d=blank&r=g\",\"caption\":\"Cerianne Robertson\"},\"url\":\"https:\/\/rioonwatch.org.br\/?author=147\"}]}<\/script>\n<!-- \/ Yoast SEO plugin. -->","yoast_head_json":{"title":"Anti\u00e9ticos: Coletivo de Rap de Tr\u00eas Favelas Desafia o Racismo e o Estigma - RioOnWatch","robots":{"index":"index","follow":"follow","max-snippet":"max-snippet:-1","max-image-preview":"max-image-preview:large","max-video-preview":"max-video-preview:-1"},"canonical":"https:\/\/rioonwatch.org.br\/?p=16780","og_locale":"pt_BR","og_type":"article","og_title":"Anti\u00e9ticos: Coletivo de Rap de Tr\u00eas Favelas Desafia o Racismo e o Estigma - RioOnWatch","og_description":"Click Here for English &#8220;Nosso rap \u00e9 um papo&#8211;t\u00e1 ligado&#8211;\u00e9 uma ideia, uma troca\u00e7\u00e3o&#8221;, diz a primeira faixa do Anti\u00e9ticos, no novo mixtape,\u00a0\u00c9tica Molotov. Tr\u00eas faixas de &#8220;entrevistas&#8221; est\u00e3o entrela\u00e7adas ao longo do \u00e1lbum e [...]","og_url":"https:\/\/rioonwatch.org.br\/?p=16780","og_site_name":"RioOnWatch","article_published_time":"2015-11-06T12:00:33+00:00","article_modified_time":"2024-05-24T15:41:22+00:00","og_image":[{"width":620,"height":264,"url":"https:\/\/rioonwatch.org.br\/wp-content\/uploads\/2015\/10\/Antieticos-in-front-of-mural-620x264-1.jpg","type":"image\/jpeg"}],"author":"Cerianne Robertson","twitter_card":"summary_large_image","twitter_misc":{"Escrito por":"Cerianne Robertson","Est. tempo de leitura":"6 minutos"},"schema":{"@context":"https:\/\/schema.org","@graph":[{"@type":"Article","@id":"https:\/\/rioonwatch.org.br\/?p=16780#article","isPartOf":{"@id":"https:\/\/rioonwatch.org.br\/?p=16780"},"author":{"name":"Cerianne Robertson","@id":"https:\/\/rioonwatch.org.br\/#\/schema\/person\/b639ec2683435de5a982b61e05770a3d"},"headline":"Anti\u00e9ticos: Coletivo de Rap de Tr\u00eas Favelas Desafia o Racismo e o Estigma","datePublished":"2015-11-06T12:00:33+00:00","dateModified":"2024-05-24T15:41:22+00:00","mainEntityOfPage":{"@id":"https:\/\/rioonwatch.org.br\/?p=16780"},"wordCount":1285,"publisher":{"@id":"https:\/\/rioonwatch.org.br\/#organization"},"image":{"@id":"https:\/\/rioonwatch.org.br\/?p=16780#primaryimage"},"thumbnailUrl":"https:\/\/rioonwatch.org.br\/wp-content\/uploads\/2015\/10\/Antieticos-in-front-of-mural-620x264-1.jpg","keywords":["#StopFavelaStigma","Antirracismo","Complexo do Alem\u00e3o","Cultura Afro-brasileira","cultura da favela","Hip Hop","Iraj\u00e1","m\u00fasica","perfil","ra\u00e7a","rap","solu\u00e7\u00e3o","solu\u00e7\u00e3o comunit\u00e1ria","Vila Kennedy","viol\u00eancia urbana","Zona Norte","Zona Oeste"],"articleSection":["*Destaque","Cultura da Favela","Entrevistas e Perfis","Escrito por Aliados","Favela \u00e9","Qualidades da Favela","Solu\u00e7\u00f5es"],"inLanguage":"pt-BR"},{"@type":"WebPage","@id":"https:\/\/rioonwatch.org.br\/?p=16780","url":"https:\/\/rioonwatch.org.br\/?p=16780","name":"Anti\u00e9ticos: Coletivo de Rap de Tr\u00eas Favelas Desafia o Racismo e o Estigma - RioOnWatch","isPartOf":{"@id":"https:\/\/rioonwatch.org.br\/#website"},"primaryImageOfPage":{"@id":"https:\/\/rioonwatch.org.br\/?p=16780#primaryimage"},"image":{"@id":"https:\/\/rioonwatch.org.br\/?p=16780#primaryimage"},"thumbnailUrl":"https:\/\/rioonwatch.org.br\/wp-content\/uploads\/2015\/10\/Antieticos-in-front-of-mural-620x264-1.jpg","datePublished":"2015-11-06T12:00:33+00:00","dateModified":"2024-05-24T15:41:22+00:00","breadcrumb":{"@id":"https:\/\/rioonwatch.org.br\/?p=16780#breadcrumb"},"inLanguage":"pt-BR","potentialAction":[{"@type":"ReadAction","target":["https:\/\/rioonwatch.org.br\/?p=16780"]}]},{"@type":"ImageObject","inLanguage":"pt-BR","@id":"https:\/\/rioonwatch.org.br\/?p=16780#primaryimage","url":"https:\/\/rioonwatch.org.br\/wp-content\/uploads\/2015\/10\/Antieticos-in-front-of-mural-620x264-1.jpg","contentUrl":"https:\/\/rioonwatch.org.br\/wp-content\/uploads\/2015\/10\/Antieticos-in-front-of-mural-620x264-1.jpg","width":620,"height":264},{"@type":"BreadcrumbList","@id":"https:\/\/rioonwatch.org.br\/?p=16780#breadcrumb","itemListElement":[{"@type":"ListItem","position":1,"name":"In\u00edcio","item":"https:\/\/rioonwatch.org.br\/"},{"@type":"ListItem","position":2,"name":"Anti\u00e9ticos: Coletivo de Rap de Tr\u00eas Favelas Desafia o Racismo e o Estigma"}]},{"@type":"WebSite","@id":"https:\/\/rioonwatch.org.br\/#website","url":"https:\/\/rioonwatch.org.br\/","name":"RioOnWatch","description":"relatos das favelas cariocas","publisher":{"@id":"https:\/\/rioonwatch.org.br\/#organization"},"potentialAction":[{"@type":"SearchAction","target":{"@type":"EntryPoint","urlTemplate":"https:\/\/rioonwatch.org.br\/?s={search_term_string}"},"query-input":{"@type":"PropertyValueSpecification","valueRequired":true,"valueName":"search_term_string"}}],"inLanguage":"pt-BR"},{"@type":"Organization","@id":"https:\/\/rioonwatch.org.br\/#organization","name":"RioOnWatch","url":"https:\/\/rioonwatch.org.br\/","logo":{"@type":"ImageObject","inLanguage":"pt-BR","@id":"https:\/\/rioonwatch.org.br\/#\/schema\/logo\/image\/","url":"https:\/\/rioonwatch.org.br\/wp-content\/uploads\/2021\/06\/RioOnWatchcabecalhoPT11anos-2.png","contentUrl":"https:\/\/rioonwatch.org.br\/wp-content\/uploads\/2021\/06\/RioOnWatchcabecalhoPT11anos-2.png","width":779,"height":277,"caption":"RioOnWatch"},"image":{"@id":"https:\/\/rioonwatch.org.br\/#\/schema\/logo\/image\/"}},{"@type":"Person","@id":"https:\/\/rioonwatch.org.br\/#\/schema\/person\/b639ec2683435de5a982b61e05770a3d","name":"Cerianne Robertson","image":{"@type":"ImageObject","inLanguage":"pt-BR","@id":"https:\/\/rioonwatch.org.br\/#\/schema\/person\/image\/","url":"https:\/\/secure.gravatar.com\/avatar\/b2495baf6047713d9cf5eb43059071e1?s=96&d=blank&r=g","contentUrl":"https:\/\/secure.gravatar.com\/avatar\/b2495baf6047713d9cf5eb43059071e1?s=96&d=blank&r=g","caption":"Cerianne Robertson"},"url":"https:\/\/rioonwatch.org.br\/?author=147"}]}},"_links":{"self":[{"href":"https:\/\/rioonwatch.org.br\/index.php?rest_route=\/wp\/v2\/posts\/16780"}],"collection":[{"href":"https:\/\/rioonwatch.org.br\/index.php?rest_route=\/wp\/v2\/posts"}],"about":[{"href":"https:\/\/rioonwatch.org.br\/index.php?rest_route=\/wp\/v2\/types\/post"}],"author":[{"embeddable":true,"href":"https:\/\/rioonwatch.org.br\/index.php?rest_route=\/wp\/v2\/users\/147"}],"replies":[{"embeddable":true,"href":"https:\/\/rioonwatch.org.br\/index.php?rest_route=%2Fwp%2Fv2%2Fcomments&post=16780"}],"version-history":[{"count":17,"href":"https:\/\/rioonwatch.org.br\/index.php?rest_route=\/wp\/v2\/posts\/16780\/revisions"}],"predecessor-version":[{"id":73564,"href":"https:\/\/rioonwatch.org.br\/index.php?rest_route=\/wp\/v2\/posts\/16780\/revisions\/73564"}],"wp:featuredmedia":[{"embeddable":true,"href":"https:\/\/rioonwatch.org.br\/index.php?rest_route=\/wp\/v2\/media\/16786"}],"wp:attachment":[{"href":"https:\/\/rioonwatch.org.br\/index.php?rest_route=%2Fwp%2Fv2%2Fmedia&parent=16780"}],"wp:term":[{"taxonomy":"category","embeddable":true,"href":"https:\/\/rioonwatch.org.br\/index.php?rest_route=%2Fwp%2Fv2%2Fcategories&post=16780"},{"taxonomy":"post_tag","embeddable":true,"href":"https:\/\/rioonwatch.org.br\/index.php?rest_route=%2Fwp%2Fv2%2Ftags&post=16780"},{"taxonomy":"writer","embeddable":true,"href":"https:\/\/rioonwatch.org.br\/index.php?rest_route=%2Fwp%2Fv2%2Fwriter&post=16780"},{"taxonomy":"translator","embeddable":true,"href":"https:\/\/rioonwatch.org.br\/index.php?rest_route=%2Fwp%2Fv2%2Ftranslator&post=16780"},{"taxonomy":"source","embeddable":true,"href":"https:\/\/rioonwatch.org.br\/index.php?rest_route=%2Fwp%2Fv2%2Fsource&post=16780"},{"taxonomy":"ilustrador","embeddable":true,"href":"https:\/\/rioonwatch.org.br\/index.php?rest_route=%2Fwp%2Fv2%2Filustrador&post=16780"},{"taxonomy":"fotografo","embeddable":true,"href":"https:\/\/rioonwatch.org.br\/index.php?rest_route=%2Fwp%2Fv2%2Ffotografo&post=16780"}],"curies":[{"name":"wp","href":"https:\/\/api.w.org\/{rel}","templated":true}]}}