{"id":16813,"date":"2015-10-31T09:46:16","date_gmt":"2015-10-31T12:46:16","guid":{"rendered":"http:\/\/rioonwatch.org.br\/?p=16813"},"modified":"2015-10-31T15:12:34","modified_gmt":"2015-10-31T18:12:34","slug":"asa-branca-uma-comunidade-desenhada-para-viver-juntos","status":"publish","type":"post","link":"https:\/\/rioonwatch.org.br\/?p=16813","title":{"rendered":"Asa Branca, Uma Comunidade &#8220;Desenhada para Viver Junto&#8221;"},"content":{"rendered":"<p style=\"text-align: right;\"><a href=\"http:\/\/bit.ly\/1N1trHq\" target=\"_blank\"><em><strong>Click Here for English<img decoding=\"async\" width=\"20\" height=\"20\" class=\"alignright wp-image-15790\" src=\"http:\/\/rioonwatch.org.br\/wp-content\/uploads\/2012\/08\/EN-standard-e1439583104716.jpg\" alt=\"\" \/><\/strong><\/em><\/a><\/p>\n<p>O &#8220;<a href=\"http:\/\/bit.ly\/1LH2UBh\" target=\"_blank\">Outubro Urbano<\/a>&#8221; das Na\u00e7\u00f5es Unidas (ONU) termina no dia 31 de outubro\u00a0com o segundo ano do <a href=\"http:\/\/bit.ly\/1PUu1wA\" target=\"_blank\">Dia Mundial das Cidades<\/a>. O dia \u00e9 designado para celebrar urbaniza\u00e7\u00e3o global, coopera\u00e7\u00e3o e desenvolvimento urbano sustent\u00e1vel. Recentemente a ONU\u00a0adotou os <a href=\"http:\/\/bit.ly\/1SdxCV1\" target=\"_blank\">Objetivos de Desenvolvimento Sustent\u00e1vel<\/a> (ODS) na agenda para 2030, incorporando o objetivo de fazer todas as cidades e\u00a0&#8220;assentamentos humanos em ambientes, inclusivos, seguros, resilientes e sustent\u00e1veis.\u201d<\/p>\n<p>Apropriadamente, este ano o Dia Mundial das Cidades \u00e9 dedicado ao tema\u00a0&#8220;Desenhado\u00a0para viver juntos,&#8221; incentivando o desenvolvimento de cidades socialmente\u00a0coesas, incluindo em termos de habita\u00e7\u00e3o, oportunidades de trabalho e ambientes de\u00a0vida seguros e saud\u00e1veis. O Secret\u00e1rio-Geral da ONU, Ban Ki-moon articulou: &#8220;Em um\u00a0mundo onde mais de metade da popula\u00e7\u00e3o vive em \u00e1reas urbanas, o futuro humano \u00e9 em\u00a0grande parte um futuro urbano. Nossa luta para o desenvolvimento sustent\u00e1vel ser\u00e1 ganha ou\u00a0perdida nas cidades.\u201d Aqui no Rio de Janeiro, prestamos homenagem ao Dia Mundial das\u00a0Cidades, mirando de perto a favela <a href=\"http:\/\/bit.ly\/UKOXUX\" target=\"_blank\">Asa Branca<\/a>, uma comunidade\u00a0particularmente inclusiva e bem planejada na <a href=\"http:\/\/bit.ly\/11tBmFR\" target=\"_blank\">Zona Oeste<\/a> do Rio.<\/p>\n<p><a href=\"http:\/\/rioonwatch.org.br\/wp-content\/uploads\/2015\/10\/AsaBrancaStreet-e1445985067606-620x264.jpg\"><img fetchpriority=\"high\" decoding=\"async\" class=\"wp-image-16820 size-full aligncenter\" title=\"Rua na Asa Branca\" src=\"http:\/\/rioonwatch.org.br\/wp-content\/uploads\/2015\/10\/AsaBrancaStreet-e1445985067606-620x264.jpg\" alt=\"Rua na Asa Branca\" width=\"620\" height=\"264\" \/><\/a><\/p>\n<p>Asa Branca come\u00e7ou como todas as favelas\u00a0do Rio come\u00e7aram: uma comunidade informal voltada para oportunidades de\u00a0trabalhos.\u00a0A comunidade existe h\u00e1 35 anos e est\u00e1 localizada em <a href=\"http:\/\/bit.ly\/TZECqI\" target=\"_blank\">Curicica<\/a>, na Zona Oeste, numa\u00a0\u00e1rea onde anteriormente existia uma horta, distante das \u00e1reas centrais do Rio.\u00a0Trabalhadores vieram trabalhar no Cimentex, uma empresa de materiais de constru\u00e7\u00e3o, e, sem\u00a0op\u00e7\u00f5es de habita\u00e7\u00e3o a pre\u00e7os acess\u00edveis perto do seu local de trabalho, instalaram-se na\u00a0comunidade. Hoje com cerca de 8.000 moradores, a Asa Branca ainda se sente \u00edntima. A\u00a0comunidade nunca foi ocupada por traficantes de drogas e a organiza\u00e7\u00e3o do local tem sido\u00a0uma constante, contribuindo a longo prazo para uma sensa\u00e7\u00e3o de seguran\u00e7a. Moradores\u00a0conhecem seus vizinhos, acolhem novos membros, e participam de aulas e eventos\u00a0organizados pela comunidade.\u00a0<a href=\"http:\/\/bit.ly\/1KFgelB\" target=\"_blank\">Asa Branca exemplifica<\/a> como as favelas s\u00e3o &#8216;desenhadas para viver junto.&#8217;<\/p>\n<p>&#8220;N\u00e3o h\u00e1 nenhuma outra comunidade como a nossa&#8221;, diz Flavia Maria de Oliveira, uma\u00a0moradora que tem acompanhado <a href=\"http:\/\/bit.ly\/1N7Egfs\" target=\"_blank\">o crescimento da Asa Branca<\/a> desde o seu in\u00edcio.\u00a0&#8220;Presenciei todas as mudan\u00e7as nesses meus 30 anos, e continua a ser um dos <a href=\"http:\/\/on.fb.me\/1RelGBy\" target=\"_blank\">mais amig\u00e1veis\u00a0e mais acolhedores lugares<\/a> para se viver.&#8221; Fl\u00e1via olha para baixo da rua, onde vasos de\u00a0plantas alinham a cal\u00e7ada e uma m\u00e3e empurra um carrinho de beb\u00ea, segurando a m\u00e3o\u00a0de uma crian\u00e7a. &#8220;\u00c9 uma comunidade muito tranquila, porque nunca tivemos a presen\u00e7a do\u00a0tr\u00e1fico. Criei uma fam\u00edlia aqui e a gente pode dormir com as portas destrancadas\u00a0durante a noite.&#8221;<\/p>\n<p><a href=\"http:\/\/rioonwatch.org.br\/wp-content\/uploads\/2015\/10\/AsaBrancaFlavia-620x264.jpg\"><img decoding=\"async\" class=\"wp-image-16817 size-full aligncenter\" title=\"Flavia Maria de Oliveira\" src=\"http:\/\/rioonwatch.org.br\/wp-content\/uploads\/2015\/10\/AsaBrancaFlavia-620x264.jpg\" alt=\"Flavia Maria de Oliveira\" width=\"620\" height=\"264\" \/><\/a><\/p>\n<p>A casa da Fl\u00e1via fica na mesma rua que a <a href=\"http:\/\/on.fb.me\/1RelGBy\" target=\"_blank\">Associa\u00e7\u00e3o de Moradores<\/a>, um pequeno\u00a0pr\u00e9dio azul-celeste revelando seu prop\u00f3sito, n\u00e3o s\u00f3 com uma placa oficial do governo,\u00a0mas tamb\u00e9m com grupos de pessoas que se reunem sempre em frente. &#8220;Para mim, a melhor\u00a0parte da comunidade est\u00e1 bem aqui&#8221;, diz Ney Wallace, um dos fundadores da comunidade. Ele\u00a0senta em um banco na frente da Associa\u00e7\u00e3o, com cerca de seis meninos reunidos\u00a0conversando e rindo. &#8220;N\u00f3s podemos sentar na frente, l\u00e1 dentro acontecem festas e reuni\u00f5es, e\u00a0a cada dia t\u00eam aulas para os moradores. H\u00e1 sempre algo acontecendo aqui na Associa\u00e7\u00e3o&#8221;.\u00a0Os meninos em volta concordam. &#8220;Este pr\u00e9dio foi feito por n\u00f3s moradores, tijolo por\u00a0tijolo, em conjunto. Eu acho que eu passo mais tempo aqui na Associa\u00e7\u00e3o do que na minha\u00a0casa!\u201d Wallace ri.<\/p>\n<p>Ele relata o in\u00edcio da comunidade, da horta que se transformou em um bairro muito\u00a0movimentado. &#8220;Foi dif\u00edcil porque a comunidade era muito pequena, mas fam\u00edlias ap\u00f3s fam\u00edlias\u00a0come\u00e7aram a chegar. N\u00f3s evolu\u00edmos e expandimos o nosso espa\u00e7o para acomodar novos\u00a0moradores. N\u00f3s n\u00e3o t\u00ednhamos pavimento, luz ou \u00e1gua corrente. T\u00ednhamos que recolher a\u00a0nossa \u00e1gua de fora da comunidade&#8221;. Wallace compartilha sua nostalgia da pequena\u00a0comunidade que Asa Branca um dia foi, mas tamb\u00e9m elogia a evolu\u00e7\u00e3o que fez a comunidade\u00a0o que \u00e9 hoje. &#8220;Se voc\u00ea me perguntar se eu poderia mudar Asa Branca ou me mudar para uma\u00a0nova \u00e1rea, eu diria que n\u00e3o, eu quero ficar no centro da comunidade, n\u00e3o h\u00e1 melhor parte!&#8221;.<\/p>\n<p>&#8220;Esta comunidade \u00e9 especial porque temos feito tudo por n\u00f3s mesmos, a fim de mant\u00ea-la\u00a0funcionando&#8221;, diz <a href=\"http:\/\/bit.ly\/1uFwNvX\" target=\"_blank\">Carlos Alberto Costa<\/a>, que \u00e9 conhecido na comunidade simplesmente como\u00a0&#8220;Bezerra&#8221;. Um homem animad\u00edssimo e entusiasmado, de cerca de cinquenta anos de idade,\u00a0ele det\u00e9m o importante cargo de Presidente da Associa\u00e7\u00e3o de Moradores. &#8220;Asa Branca foi\u00a0fundada porque n\u00e3o havia um programa de governo no momento para a <a href=\"http:\/\/bit.ly\/1rKFP6K\" target=\"_blank\">habita\u00e7\u00e3o<\/a>. O governo\u00a0nos deixou ficar aqui, em grande parte, por causa dos nossos pr\u00f3prios esfor\u00e7os, para construir\u00a0e beneficiar a n\u00f3s mesmos. Precis\u00e1vamos de um sistema de esgoto, para isso a comunidade\u00a0votou e decidimos <a href=\"http:\/\/bit.ly\/1HZup3G\" target=\"_blank\">n\u00f3s mesmos constru\u00ed-lo<\/a>. Cada membro da comunidade\u2014mulheres,\u00a0homens, crian\u00e7as, estavam envolvidos neste processo&#8221;.<\/p>\n<p>A <a href=\"http:\/\/bit.ly\/1Mrj9pI\" target=\"_blank\">lideran\u00e7a de Bezerra<\/a> na Asa Branca ajudou a favela a se tornar a comunidade inclusiva e\u00a0engajada que \u00e9 hoje. &#8220;O presidente da Associa\u00e7\u00e3o tem a obriga\u00e7\u00e3o de trazer melhores\u00a0oportunidades e resultados para a comunidade,&#8221; diz ele. Bezerra reconhece o poder da\u00a0educa\u00e7\u00e3o e traz idiomas e aulas educativas para a Associa\u00e7\u00e3o de Moradores todos os dias.\u00a0&#8220;Temos aulas de ingl\u00eas e franc\u00eas, juntamente com alem\u00e3o e matem\u00e1tica. Nas quintas-feiras \u00e0 noite, temos uma aula de teatro, e aos s\u00e1bados, temos cursos de fotografia, jornalismo\u00a0comunit\u00e1rio, e r\u00e1dio. Cada aula \u00e9 dada por volunt\u00e1rios ou parceiros e est\u00e1 aberta a qualquer\u00a0pessoa gratuitamente. A Associa\u00e7\u00e3o est\u00e1 sempre cheia porque os moradores podem obter\u00a0acesso \u00e0 wifi aqui tamb\u00e9m,&#8221; diz ele.<\/p>\n<p><a href=\"http:\/\/rioonwatch.org.br\/wp-content\/uploads\/2015\/10\/AsaBrancaBoys-620x264.jpg\"><img loading=\"lazy\" decoding=\"async\" class=\"wp-image-16816 size-full aligncenter\" title=\"Meninos na Asa Branca\" src=\"http:\/\/rioonwatch.org.br\/wp-content\/uploads\/2015\/10\/AsaBrancaBoys-620x264.jpg\" alt=\"Meninos em Asa Branca\" width=\"620\" height=\"264\" \/><\/a><\/p>\n<p>Como presidente, Bezerra procurou deliberadamente maneiras de estender as experi\u00eancias\u00a0positivas de uma comunidade desenhada\u00a0para viver junto aos moradores que est\u00e3o chegando,\u00a0incluindo mais de 180 <a href=\"http:\/\/bit.ly\/1NB2GLJ\" target=\"_blank\">imigrantes haitianos<\/a>. &#8220;Para os haitianos, \u00e9 dif\u00edcil estar aqui [no Brasil],&#8221; diz Dieuseul Duclosil, um morador haitiano da Asa Branca por pouco mais de um\u00a0ano. &#8220;N\u00f3s n\u00e3o temos um monte de direitos. Por isso, quando algu\u00e9m como Bezerra abre a\u00a0comunidade para n\u00f3s e oferece cursos de portugu\u00eas para ajudar a nossa integra\u00e7\u00e3o, nos\u00a0sentimos bem-vindos.\u201d Duclosil, que fala franc\u00eas, crioulo, espanhol, portugu\u00eas e ingl\u00eas,\u00a0conheceu Bezerra e lhe disse que ele gostaria de ensinar ingl\u00eas e franc\u00eas.\u00a0&#8220;Quando eu disse isso, Bezerra ficou extremamente entusiasmado e dentro de apenas dois\u00a0meses, eu estava ensinando e dando formalmente aulas toda semana na Associa\u00e7\u00e3o de\u00a0Moradores.\u201d Duclosil representa um influxo de imigrantes que deixaram o Haiti ap\u00f3s o\u00a0devastador terremoto em 2010 e que vieram para o Brasil a procura de oportunidades de\u00a0trabalho e uma vida melhor. &#8220;Eu cheguei ao Brasil, pela primeira vez pelo sul, no Rio Grande do\u00a0Sul, e fiquei l\u00e1 por 3 anos, mas me mudei para o Rio porque o clima \u00e9 semelhante ao do Haiti,&#8221; diz ele. &#8220;Eu tamb\u00e9m vim por causa dos <a href=\"http:\/\/bit.ly\/PkLXlQ\" target=\"_blank\">Jogos Ol\u00edmpicos<\/a> a procura de melhores oportunidades\u00a0de trabalho para ambos os projetos: de constru\u00e7\u00e3o e idiomas.&#8221;<\/p>\n<p><a href=\"http:\/\/rioonwatch.org.br\/wp-content\/uploads\/2015\/10\/AsaBrancaPlants-e1445986155948-620x264.jpg\"><img loading=\"lazy\" decoding=\"async\" class=\"wp-image-16819 size-full aligncenter\" title=\"Plantas na Asa Branca\" src=\"http:\/\/rioonwatch.org.br\/wp-content\/uploads\/2015\/10\/AsaBrancaPlants-e1445986155948-620x264.jpg\" alt=\"Plantas na Asa Branca\" width=\"620\" height=\"264\" \/><\/a><\/p>\n<p>Asa Branca \u00e9 localizada a apenas 800 metros do local de constru\u00e7\u00e3o do Parque Ol\u00edmpico\u00a0principal. Isso tem proporcionado oportunidades de trabalho para os moradores de\u00a0favelas, bem como ondas de despejos e remo\u00e7\u00f5es. Moradores da comunidade\u00a0vizinha, a <a href=\"http:\/\/bit.ly\/Nfddvg\" target=\"_blank\">Vila Aut\u00f3dromo<\/a>, apesar de terem t\u00edtulo, continuam sua luta para manter a comunidade, enquanto a Asa Branca foi em grande parte poupada devido\u00a0\u00e0 sua localiza\u00e7\u00e3o mais distante e fora da vista do parque. &#8220;N\u00f3s vamos ter algumas mudan\u00e7as\u00a0aqui devido \u00e0 constru\u00e7\u00e3o da linha TransCarioca de um lado e a linha TransOl\u00edmpica <a href=\"http:\/\/bit.ly\/19EtYAY\" target=\"_blank\">BRT<\/a> do\u00a0outro, mas nada amea\u00e7ador&#8221;, diz Bezerra. &#8220;Ser\u00e3o apenas 66 casas na\u00a0\u00e1rea principal e 45 casas atr\u00e1s [que ser\u00e3o removidas], tudo para dar espa\u00e7o para a esta\u00e7\u00e3o\u00a0TransOl\u00edmpica BRT&#8221;, diz ele. &#8220;Como presidente, eu discuto com os moradores o que eles\u00a0querem nesta situa\u00e7\u00e3o de remo\u00e7\u00e3o. Se eles querem receber o dinheiro da compensa\u00e7\u00e3o e se\u00a0afastarem, ent\u00e3o \u00f3timo. Se eles quiserem ficar, ent\u00e3o eu ajudo a negociar com a Prefeitura\u00a0a fim de encontrar as melhores op\u00e7\u00f5es&#8221;.<\/p>\n<p>Os gritos de alegria de crian\u00e7as jogando futebol no final da rua enchem o ar, junto com\u00a0o som do movimento de cadeiras de pl\u00e1stico, pequenas lojas e restaurantes se preparando\u00a0para o almo\u00e7o. &#8220;Essas pequenas lojas e bares ficam abertos at\u00e9 \u00e0s duas ou tr\u00eas da manh\u00e3,&#8221;\u00a0diz Fl\u00e1via. &#8220;As fam\u00edlias podem se reunir e beber cervejas aqui, \u00e9 muito tranquilo.&#8221; Asa Branca\u00a0continua a atualizar e expandir com sua crescente popula\u00e7\u00e3o, mas o faz de uma forma\u00a0acolhedora e equitativa. Ela mant\u00e9m o seguro e inclusivo ambiente de vida que tinha como\u00a0uma pequena comunidade, promovendo simultaneamente a diversidade e coes\u00e3o social entre\u00a0as diferentes culturas de seus moradores. ONU-Habitat afirma que &#8220;cidades desenhadas\u00a0para viver junto\u00a0criam oportunidades, permitem a conex\u00e3o e intera\u00e7\u00e3o, e facilitam a\u00a0utiliza\u00e7\u00e3o sustent\u00e1vel dos recursos compartilhados.\u201d Asa Branca faz exatamente isso. Est\u00e1\u00a0na hora de comunidades como a Asa Branca serem celebradas pelo seu\u00a0desenvolvimento urbano, por sua lideran\u00e7a, e por seu modelo de inclus\u00e3o social de uma forma\u00a0que todos n\u00f3s possamos seguir o exemplo.<\/p>\n<!-- AddThis Advanced Settings generic via filter on the_content --><!-- AddThis Share Buttons generic via filter on the_content -->","protected":false},"excerpt":{"rendered":"<div class=\"mh-excerpt\"><p>Click Here for English O &#8220;Outubro Urbano&#8221; das Na\u00e7\u00f5es Unidas (ONU) termina no dia 31 de outubro\u00a0com o segundo ano do Dia Mundial das Cidades. O dia \u00e9 designado para celebrar urbaniza\u00e7\u00e3o global, coopera\u00e7\u00e3o e <a class=\"mh-excerpt-more\" href=\"https:\/\/rioonwatch.org.br\/?p=16813\" title=\"Asa Branca, Uma Comunidade &#8220;Desenhada para Viver Junto&#8221;\">[&#8230;]<\/a><!-- AddThis Advanced Settings generic via filter on get_the_excerpt --><!-- AddThis Share Buttons generic via filter on get_the_excerpt --><\/p>\n<\/div>","protected":false},"author":147,"featured_media":16826,"comment_status":"closed","ping_status":"closed","sticky":false,"template":"","format":"standard","meta":{"_acf_changed":false,"_monsterinsights_skip_tracking":false,"_monsterinsights_sitenote_active":false,"_monsterinsights_sitenote_note":"","_monsterinsights_sitenote_category":0,"footnotes":""},"categories":[1635,1615,1626,1616,342,1639],"tags":[321,655,446,1711,322,811,1710,128,330,1307,976,448,845,358,758,304,1347,476,404,1325],"writer":[1558],"translator":[1491],"source":[],"ilustrador":[],"fotografo":[],"class_list":{"0":"post-16813","1":"post","2":"type-post","3":"status-publish","4":"format-standard","5":"has-post-thumbnail","7":"category-1635","8":"category-cultura-da-favela","9":"category-por-observadores-internacionais","10":"category-qualidades-da-favela","11":"category-solucoes","12":"category-sustentabilidade","13":"tag-asa-branca","14":"tag-associacao-de-moradores","15":"tag-curicica","16":"tag-dia-mundial-das-cidades","17":"tag-esgoto","18":"tag-espaco-publico","19":"tag-haiti","20":"tag-historia","21":"tag-imigracao","22":"tag-inclusao","23":"tag-integracao","24":"tag-lideranca","25":"tag-novo-urbanismo","26":"tag-organizacao-comunitaria","27":"tag-orgulho-comunitario","28":"tag-participacao","29":"tag-solucao","30":"tag-solucao-comunitaria","31":"tag-sustentabilidade","32":"tag-zone-oeste","33":"writer-julia-jones","34":"translator-patricia-gomes"},"acf":[],"yoast_head":"<!-- This site is optimized with the Yoast SEO plugin v25.6 - https:\/\/yoast.com\/wordpress\/plugins\/seo\/ -->\n<title>Asa Branca, Uma Comunidade &quot;Desenhada para Viver Junto&quot; - RioOnWatch<\/title>\n<meta name=\"robots\" content=\"index, follow, max-snippet:-1, max-image-preview:large, max-video-preview:-1\" \/>\n<link rel=\"canonical\" href=\"https:\/\/rioonwatch.org.br\/?p=16813\" \/>\n<meta property=\"og:locale\" content=\"pt_BR\" \/>\n<meta property=\"og:type\" content=\"article\" \/>\n<meta property=\"og:title\" content=\"Asa Branca, Uma Comunidade &quot;Desenhada para Viver Junto&quot; - RioOnWatch\" \/>\n<meta property=\"og:description\" content=\"Click Here for English O &#8220;Outubro Urbano&#8221; das Na\u00e7\u00f5es Unidas (ONU) termina no dia 31 de outubro\u00a0com o segundo ano do Dia Mundial das Cidades. O dia \u00e9 designado para celebrar urbaniza\u00e7\u00e3o global, coopera\u00e7\u00e3o e [...]\" \/>\n<meta property=\"og:url\" content=\"https:\/\/rioonwatch.org.br\/?p=16813\" \/>\n<meta property=\"og:site_name\" content=\"RioOnWatch\" \/>\n<meta property=\"article:published_time\" content=\"2015-10-31T12:46:16+00:00\" \/>\n<meta property=\"article:modified_time\" content=\"2015-10-31T18:12:34+00:00\" \/>\n<meta property=\"og:image\" content=\"https:\/\/rioonwatch.org.br\/wp-content\/uploads\/2015\/10\/AsaBrancaGroup.jpg\" \/>\n\t<meta property=\"og:image:width\" content=\"1800\" \/>\n\t<meta property=\"og:image:height\" content=\"1350\" \/>\n\t<meta property=\"og:image:type\" content=\"image\/jpeg\" \/>\n<meta name=\"author\" content=\"Cerianne Robertson\" \/>\n<meta name=\"twitter:card\" content=\"summary_large_image\" \/>\n<meta name=\"twitter:label1\" content=\"Escrito por\" \/>\n\t<meta name=\"twitter:data1\" content=\"Cerianne Robertson\" \/>\n\t<meta name=\"twitter:label2\" content=\"Est. tempo de leitura\" \/>\n\t<meta name=\"twitter:data2\" content=\"8 minutos\" \/>\n<script type=\"application\/ld+json\" class=\"yoast-schema-graph\">{\"@context\":\"https:\/\/schema.org\",\"@graph\":[{\"@type\":\"Article\",\"@id\":\"https:\/\/rioonwatch.org.br\/?p=16813#article\",\"isPartOf\":{\"@id\":\"https:\/\/rioonwatch.org.br\/?p=16813\"},\"author\":{\"name\":\"Cerianne Robertson\",\"@id\":\"https:\/\/rioonwatch.org.br\/#\/schema\/person\/b639ec2683435de5a982b61e05770a3d\"},\"headline\":\"Asa Branca, Uma Comunidade &#8220;Desenhada para Viver Junto&#8221;\",\"datePublished\":\"2015-10-31T12:46:16+00:00\",\"dateModified\":\"2015-10-31T18:12:34+00:00\",\"mainEntityOfPage\":{\"@id\":\"https:\/\/rioonwatch.org.br\/?p=16813\"},\"wordCount\":1623,\"publisher\":{\"@id\":\"https:\/\/rioonwatch.org.br\/#organization\"},\"image\":{\"@id\":\"https:\/\/rioonwatch.org.br\/?p=16813#primaryimage\"},\"thumbnailUrl\":\"https:\/\/rioonwatch.org.br\/wp-content\/uploads\/2015\/10\/AsaBrancaGroup.jpg\",\"keywords\":[\"Asa Branca\",\"Associa\u00e7\u00e3o de Moradores\",\"Curicica\",\"Dia Mundial das Cidades\",\"esgoto\",\"espa\u00e7o p\u00fablico\",\"Haiti\",\"hist\u00f3ria\",\"imigra\u00e7\u00e3o\",\"inclus\u00e3o\",\"integra\u00e7\u00e3o\",\"lideran\u00e7a\",\"novo urbanismo\",\"organiza\u00e7\u00e3o comunit\u00e1ria\",\"orgulho comunit\u00e1rio\",\"participa\u00e7\u00e3o\",\"solu\u00e7\u00e3o\",\"solu\u00e7\u00e3o comunit\u00e1ria\",\"sustentabilidade\",\"Zone Oeste\"],\"articleSection\":[\"#Rio2016\",\"Cultura da Favela\",\"Escrito por Aliados\",\"Qualidades da Favela\",\"Solu\u00e7\u00f5es\",\"Sustentabilidade\"],\"inLanguage\":\"pt-BR\"},{\"@type\":\"WebPage\",\"@id\":\"https:\/\/rioonwatch.org.br\/?p=16813\",\"url\":\"https:\/\/rioonwatch.org.br\/?p=16813\",\"name\":\"Asa Branca, Uma Comunidade \\\"Desenhada para Viver Junto\\\" - RioOnWatch\",\"isPartOf\":{\"@id\":\"https:\/\/rioonwatch.org.br\/#website\"},\"primaryImageOfPage\":{\"@id\":\"https:\/\/rioonwatch.org.br\/?p=16813#primaryimage\"},\"image\":{\"@id\":\"https:\/\/rioonwatch.org.br\/?p=16813#primaryimage\"},\"thumbnailUrl\":\"https:\/\/rioonwatch.org.br\/wp-content\/uploads\/2015\/10\/AsaBrancaGroup.jpg\",\"datePublished\":\"2015-10-31T12:46:16+00:00\",\"dateModified\":\"2015-10-31T18:12:34+00:00\",\"breadcrumb\":{\"@id\":\"https:\/\/rioonwatch.org.br\/?p=16813#breadcrumb\"},\"inLanguage\":\"pt-BR\",\"potentialAction\":[{\"@type\":\"ReadAction\",\"target\":[\"https:\/\/rioonwatch.org.br\/?p=16813\"]}]},{\"@type\":\"ImageObject\",\"inLanguage\":\"pt-BR\",\"@id\":\"https:\/\/rioonwatch.org.br\/?p=16813#primaryimage\",\"url\":\"https:\/\/rioonwatch.org.br\/wp-content\/uploads\/2015\/10\/AsaBrancaGroup.jpg\",\"contentUrl\":\"https:\/\/rioonwatch.org.br\/wp-content\/uploads\/2015\/10\/AsaBrancaGroup.jpg\",\"width\":1800,\"height\":1350},{\"@type\":\"BreadcrumbList\",\"@id\":\"https:\/\/rioonwatch.org.br\/?p=16813#breadcrumb\",\"itemListElement\":[{\"@type\":\"ListItem\",\"position\":1,\"name\":\"In\u00edcio\",\"item\":\"https:\/\/rioonwatch.org.br\/\"},{\"@type\":\"ListItem\",\"position\":2,\"name\":\"Asa Branca, Uma Comunidade &#8220;Desenhada para Viver Junto&#8221;\"}]},{\"@type\":\"WebSite\",\"@id\":\"https:\/\/rioonwatch.org.br\/#website\",\"url\":\"https:\/\/rioonwatch.org.br\/\",\"name\":\"RioOnWatch\",\"description\":\"relatos das favelas cariocas\",\"publisher\":{\"@id\":\"https:\/\/rioonwatch.org.br\/#organization\"},\"potentialAction\":[{\"@type\":\"SearchAction\",\"target\":{\"@type\":\"EntryPoint\",\"urlTemplate\":\"https:\/\/rioonwatch.org.br\/?s={search_term_string}\"},\"query-input\":{\"@type\":\"PropertyValueSpecification\",\"valueRequired\":true,\"valueName\":\"search_term_string\"}}],\"inLanguage\":\"pt-BR\"},{\"@type\":\"Organization\",\"@id\":\"https:\/\/rioonwatch.org.br\/#organization\",\"name\":\"RioOnWatch\",\"url\":\"https:\/\/rioonwatch.org.br\/\",\"logo\":{\"@type\":\"ImageObject\",\"inLanguage\":\"pt-BR\",\"@id\":\"https:\/\/rioonwatch.org.br\/#\/schema\/logo\/image\/\",\"url\":\"https:\/\/rioonwatch.org.br\/wp-content\/uploads\/2021\/06\/RioOnWatchcabecalhoPT11anos-2.png\",\"contentUrl\":\"https:\/\/rioonwatch.org.br\/wp-content\/uploads\/2021\/06\/RioOnWatchcabecalhoPT11anos-2.png\",\"width\":779,\"height\":277,\"caption\":\"RioOnWatch\"},\"image\":{\"@id\":\"https:\/\/rioonwatch.org.br\/#\/schema\/logo\/image\/\"}},{\"@type\":\"Person\",\"@id\":\"https:\/\/rioonwatch.org.br\/#\/schema\/person\/b639ec2683435de5a982b61e05770a3d\",\"name\":\"Cerianne Robertson\",\"image\":{\"@type\":\"ImageObject\",\"inLanguage\":\"pt-BR\",\"@id\":\"https:\/\/rioonwatch.org.br\/#\/schema\/person\/image\/\",\"url\":\"https:\/\/secure.gravatar.com\/avatar\/b2495baf6047713d9cf5eb43059071e1?s=96&d=blank&r=g\",\"contentUrl\":\"https:\/\/secure.gravatar.com\/avatar\/b2495baf6047713d9cf5eb43059071e1?s=96&d=blank&r=g\",\"caption\":\"Cerianne Robertson\"},\"url\":\"https:\/\/rioonwatch.org.br\/?author=147\"}]}<\/script>\n<!-- \/ Yoast SEO plugin. -->","yoast_head_json":{"title":"Asa Branca, Uma Comunidade \"Desenhada para Viver Junto\" - RioOnWatch","robots":{"index":"index","follow":"follow","max-snippet":"max-snippet:-1","max-image-preview":"max-image-preview:large","max-video-preview":"max-video-preview:-1"},"canonical":"https:\/\/rioonwatch.org.br\/?p=16813","og_locale":"pt_BR","og_type":"article","og_title":"Asa Branca, Uma Comunidade \"Desenhada para Viver Junto\" - RioOnWatch","og_description":"Click Here for English O &#8220;Outubro Urbano&#8221; das Na\u00e7\u00f5es Unidas (ONU) termina no dia 31 de outubro\u00a0com o segundo ano do Dia Mundial das Cidades. O dia \u00e9 designado para celebrar urbaniza\u00e7\u00e3o global, coopera\u00e7\u00e3o e [...]","og_url":"https:\/\/rioonwatch.org.br\/?p=16813","og_site_name":"RioOnWatch","article_published_time":"2015-10-31T12:46:16+00:00","article_modified_time":"2015-10-31T18:12:34+00:00","og_image":[{"width":1800,"height":1350,"url":"https:\/\/rioonwatch.org.br\/wp-content\/uploads\/2015\/10\/AsaBrancaGroup.jpg","type":"image\/jpeg"}],"author":"Cerianne Robertson","twitter_card":"summary_large_image","twitter_misc":{"Escrito por":"Cerianne Robertson","Est. tempo de leitura":"8 minutos"},"schema":{"@context":"https:\/\/schema.org","@graph":[{"@type":"Article","@id":"https:\/\/rioonwatch.org.br\/?p=16813#article","isPartOf":{"@id":"https:\/\/rioonwatch.org.br\/?p=16813"},"author":{"name":"Cerianne Robertson","@id":"https:\/\/rioonwatch.org.br\/#\/schema\/person\/b639ec2683435de5a982b61e05770a3d"},"headline":"Asa Branca, Uma Comunidade &#8220;Desenhada para Viver Junto&#8221;","datePublished":"2015-10-31T12:46:16+00:00","dateModified":"2015-10-31T18:12:34+00:00","mainEntityOfPage":{"@id":"https:\/\/rioonwatch.org.br\/?p=16813"},"wordCount":1623,"publisher":{"@id":"https:\/\/rioonwatch.org.br\/#organization"},"image":{"@id":"https:\/\/rioonwatch.org.br\/?p=16813#primaryimage"},"thumbnailUrl":"https:\/\/rioonwatch.org.br\/wp-content\/uploads\/2015\/10\/AsaBrancaGroup.jpg","keywords":["Asa Branca","Associa\u00e7\u00e3o de Moradores","Curicica","Dia Mundial das Cidades","esgoto","espa\u00e7o p\u00fablico","Haiti","hist\u00f3ria","imigra\u00e7\u00e3o","inclus\u00e3o","integra\u00e7\u00e3o","lideran\u00e7a","novo urbanismo","organiza\u00e7\u00e3o comunit\u00e1ria","orgulho comunit\u00e1rio","participa\u00e7\u00e3o","solu\u00e7\u00e3o","solu\u00e7\u00e3o comunit\u00e1ria","sustentabilidade","Zone Oeste"],"articleSection":["#Rio2016","Cultura da Favela","Escrito por Aliados","Qualidades da Favela","Solu\u00e7\u00f5es","Sustentabilidade"],"inLanguage":"pt-BR"},{"@type":"WebPage","@id":"https:\/\/rioonwatch.org.br\/?p=16813","url":"https:\/\/rioonwatch.org.br\/?p=16813","name":"Asa Branca, Uma Comunidade \"Desenhada para Viver Junto\" - RioOnWatch","isPartOf":{"@id":"https:\/\/rioonwatch.org.br\/#website"},"primaryImageOfPage":{"@id":"https:\/\/rioonwatch.org.br\/?p=16813#primaryimage"},"image":{"@id":"https:\/\/rioonwatch.org.br\/?p=16813#primaryimage"},"thumbnailUrl":"https:\/\/rioonwatch.org.br\/wp-content\/uploads\/2015\/10\/AsaBrancaGroup.jpg","datePublished":"2015-10-31T12:46:16+00:00","dateModified":"2015-10-31T18:12:34+00:00","breadcrumb":{"@id":"https:\/\/rioonwatch.org.br\/?p=16813#breadcrumb"},"inLanguage":"pt-BR","potentialAction":[{"@type":"ReadAction","target":["https:\/\/rioonwatch.org.br\/?p=16813"]}]},{"@type":"ImageObject","inLanguage":"pt-BR","@id":"https:\/\/rioonwatch.org.br\/?p=16813#primaryimage","url":"https:\/\/rioonwatch.org.br\/wp-content\/uploads\/2015\/10\/AsaBrancaGroup.jpg","contentUrl":"https:\/\/rioonwatch.org.br\/wp-content\/uploads\/2015\/10\/AsaBrancaGroup.jpg","width":1800,"height":1350},{"@type":"BreadcrumbList","@id":"https:\/\/rioonwatch.org.br\/?p=16813#breadcrumb","itemListElement":[{"@type":"ListItem","position":1,"name":"In\u00edcio","item":"https:\/\/rioonwatch.org.br\/"},{"@type":"ListItem","position":2,"name":"Asa Branca, Uma Comunidade &#8220;Desenhada para Viver Junto&#8221;"}]},{"@type":"WebSite","@id":"https:\/\/rioonwatch.org.br\/#website","url":"https:\/\/rioonwatch.org.br\/","name":"RioOnWatch","description":"relatos das favelas cariocas","publisher":{"@id":"https:\/\/rioonwatch.org.br\/#organization"},"potentialAction":[{"@type":"SearchAction","target":{"@type":"EntryPoint","urlTemplate":"https:\/\/rioonwatch.org.br\/?s={search_term_string}"},"query-input":{"@type":"PropertyValueSpecification","valueRequired":true,"valueName":"search_term_string"}}],"inLanguage":"pt-BR"},{"@type":"Organization","@id":"https:\/\/rioonwatch.org.br\/#organization","name":"RioOnWatch","url":"https:\/\/rioonwatch.org.br\/","logo":{"@type":"ImageObject","inLanguage":"pt-BR","@id":"https:\/\/rioonwatch.org.br\/#\/schema\/logo\/image\/","url":"https:\/\/rioonwatch.org.br\/wp-content\/uploads\/2021\/06\/RioOnWatchcabecalhoPT11anos-2.png","contentUrl":"https:\/\/rioonwatch.org.br\/wp-content\/uploads\/2021\/06\/RioOnWatchcabecalhoPT11anos-2.png","width":779,"height":277,"caption":"RioOnWatch"},"image":{"@id":"https:\/\/rioonwatch.org.br\/#\/schema\/logo\/image\/"}},{"@type":"Person","@id":"https:\/\/rioonwatch.org.br\/#\/schema\/person\/b639ec2683435de5a982b61e05770a3d","name":"Cerianne Robertson","image":{"@type":"ImageObject","inLanguage":"pt-BR","@id":"https:\/\/rioonwatch.org.br\/#\/schema\/person\/image\/","url":"https:\/\/secure.gravatar.com\/avatar\/b2495baf6047713d9cf5eb43059071e1?s=96&d=blank&r=g","contentUrl":"https:\/\/secure.gravatar.com\/avatar\/b2495baf6047713d9cf5eb43059071e1?s=96&d=blank&r=g","caption":"Cerianne Robertson"},"url":"https:\/\/rioonwatch.org.br\/?author=147"}]}},"_links":{"self":[{"href":"https:\/\/rioonwatch.org.br\/index.php?rest_route=\/wp\/v2\/posts\/16813"}],"collection":[{"href":"https:\/\/rioonwatch.org.br\/index.php?rest_route=\/wp\/v2\/posts"}],"about":[{"href":"https:\/\/rioonwatch.org.br\/index.php?rest_route=\/wp\/v2\/types\/post"}],"author":[{"embeddable":true,"href":"https:\/\/rioonwatch.org.br\/index.php?rest_route=\/wp\/v2\/users\/147"}],"replies":[{"embeddable":true,"href":"https:\/\/rioonwatch.org.br\/index.php?rest_route=%2Fwp%2Fv2%2Fcomments&post=16813"}],"version-history":[{"count":8,"href":"https:\/\/rioonwatch.org.br\/index.php?rest_route=\/wp\/v2\/posts\/16813\/revisions"}],"predecessor-version":[{"id":16829,"href":"https:\/\/rioonwatch.org.br\/index.php?rest_route=\/wp\/v2\/posts\/16813\/revisions\/16829"}],"wp:featuredmedia":[{"embeddable":true,"href":"https:\/\/rioonwatch.org.br\/index.php?rest_route=\/wp\/v2\/media\/16826"}],"wp:attachment":[{"href":"https:\/\/rioonwatch.org.br\/index.php?rest_route=%2Fwp%2Fv2%2Fmedia&parent=16813"}],"wp:term":[{"taxonomy":"category","embeddable":true,"href":"https:\/\/rioonwatch.org.br\/index.php?rest_route=%2Fwp%2Fv2%2Fcategories&post=16813"},{"taxonomy":"post_tag","embeddable":true,"href":"https:\/\/rioonwatch.org.br\/index.php?rest_route=%2Fwp%2Fv2%2Ftags&post=16813"},{"taxonomy":"writer","embeddable":true,"href":"https:\/\/rioonwatch.org.br\/index.php?rest_route=%2Fwp%2Fv2%2Fwriter&post=16813"},{"taxonomy":"translator","embeddable":true,"href":"https:\/\/rioonwatch.org.br\/index.php?rest_route=%2Fwp%2Fv2%2Ftranslator&post=16813"},{"taxonomy":"source","embeddable":true,"href":"https:\/\/rioonwatch.org.br\/index.php?rest_route=%2Fwp%2Fv2%2Fsource&post=16813"},{"taxonomy":"ilustrador","embeddable":true,"href":"https:\/\/rioonwatch.org.br\/index.php?rest_route=%2Fwp%2Fv2%2Filustrador&post=16813"},{"taxonomy":"fotografo","embeddable":true,"href":"https:\/\/rioonwatch.org.br\/index.php?rest_route=%2Fwp%2Fv2%2Ffotografo&post=16813"}],"curies":[{"name":"wp","href":"https:\/\/api.w.org\/{rel}","templated":true}]}}