{"id":16851,"date":"2015-11-12T06:00:13","date_gmt":"2015-11-12T09:00:13","guid":{"rendered":"http:\/\/rioonwatch.org.br\/?p=16851"},"modified":"2015-11-11T18:38:25","modified_gmt":"2015-11-11T21:38:25","slug":"comite-para-melhoria-das-favelas-realiza-encontro-para-discutir-novas-ideias-satira","status":"publish","type":"post","link":"https:\/\/rioonwatch.org.br\/?p=16851","title":{"rendered":"Comit\u00ea para Melhoria das Favelas Realiza Encontro para Discutir Novas Ideias [S\u00c1TIRA]"},"content":{"rendered":"<p style=\"text-align: right;\"><a href=\"http:\/\/bit.ly\/1Ow2jWI\" target=\"_blank\"><em><strong>Click Here for English<img decoding=\"async\" width=\"20\" height=\"20\" class=\"alignright wp-image-15790\" src=\"http:\/\/rioonwatch.org.br\/wp-content\/uploads\/2012\/08\/EN-standard-e1439583104716.jpg\" alt=\"\" \/><\/strong><\/em><\/a><\/p>\n<p>Na noite da \u00faltima quinta-feira, estudantes, intelectuais conhecidos, demais cariocas, autoridades do governo, e alguns turistas estrangeiros se reuniram na Escola Volunt\u00e1rios da P\u00e1tria, em <a href=\"http:\/\/bit.ly\/1LwIGHh\" target=\"_blank\">Ipanema<\/a>, para discutir sobre problemas relacionados \u00e0s favelas. O evento foi organizado por Henrique Mello, um professor de hist\u00f3ria da escola. \u201cEu quis iniciar uma conversa sobre os problemas enfrentados pelas favelas atualmente no Rio de Janeiro, e eu realmente acredito que os meus alunos poderiam se beneficiar ap\u00f3s ouvirem diversas perspectivas acerca deste tema, ent\u00e3o eu convidei pessoas de origens diferentes\u201d, disse Mello, apontando na dire\u00e7\u00e3o de um casal franc\u00eas. Mello planeja continuar com esses encontros a fim de pressionar o governo do Rio a agir. Ele acredita que se moradores de elite\u00a0da <a href=\"http:\/\/bit.ly\/1mNsDyk\" target=\"_blank\">Zona Sul<\/a> falarem sobre os problemas ocorridos nas favelas, a prefeitura ir\u00e1 fazer alguma coisa.<\/p>\n<p>O encontro come\u00e7ou com a organiza\u00e7\u00e3o\u00a0dos participantes em pequenos grupos de discuss\u00e3o para que eles pudessem deliberar acerca de alternativas para melhorar a situa\u00e7\u00e3o das favelas. Em seguida, os grupos apresentaram as suas ideias e solu\u00e7\u00f5es.<\/p>\n<p>Alguns grupos propuseram a cria\u00e7\u00e3o de mais centros culturais nas favelas, procedimento que seria igual em cada uma delas, pois todas as favelas s\u00e3o iguais. \u201cEu acho que as favelas precisam de mais centros culturais onde as crian\u00e7as possam ir, ao inv\u00e9s de se envolverem com traficantes de drogas\u201d, disse Marina, uma estudante da escola. \u201cEu acho que essa \u00e9 a quest\u00e3o mais urgente de cada favela do Rio\u201d. Outro grupo destacou que se as favelas precisam melhorar, os seus moradores deveriam se tornar \u201cmais cultos\u201d; logo, estes centros culturais poderiam ajudar em alguma coisa.<\/p>\n<p>Anna, turista de uma cidade n\u00e3o revelada, apenas compareceu ao encontro para aprender mais sobre os\u00a0<a href=\"http:\/\/bit.ly\/11tBtBo\" target=\"_blank\">valores imobili\u00e1rios<\/a> em favelas espec\u00edficas. \u201cEu gostaria de comprar uma propriedade no <a href=\"http:\/\/bit.ly\/XuDNKV\" target=\"_blank\">Vidigal<\/a>\u201d, ela explicou. \u201cEu ouvi que, devido \u00e0 desvaloriza\u00e7\u00e3o do real, muitas propriedades caras est\u00e3o agora acess\u00edveis\u201d. Outros turistas disseram que estavam ali porque queriam aprender mais sobre as favelas, mas tinham muito medo de visitar uma.<\/p>\n<p>Passados vinte minutos do encontro, Fabio, um morador do <a href=\"http:\/\/bit.ly\/10BvARw\" target=\"_blank\">Complexo da Mar\u00e9<\/a>, entrou no local da reuni\u00e3o. Nenhum morador de favela havia sido convidado pelo organizador a participar do evento, mas F\u00e1bio havia lido sobre o encontro no Facebook. Ele se desculpou pelo atraso, dizendo: \u201cEu apenas soube do evento hoje. Eu teria chegado a tempo, mas desde que a cidade <a href=\"http:\/\/glo.bo\/1PoGrJt\" target=\"_blank\">cortou v\u00e1rias linhas de \u00f4nibus<\/a> que vinham da Zona Norte para a Zona Sul, eu fui obrigado a trocar de \u00f4nibus diversas vezes durante o trajeto\u201d.<\/p>\n<p>F\u00e1bio come\u00e7ou a falar sobre as necessidades dos seus vizinhos, se concentrando nos problemas de <a href=\"http:\/\/bit.ly\/14lMZGK\" target=\"_blank\">saneamento<\/a>, <a href=\"http:\/\/bit.ly\/1kzUmMv\" target=\"_blank\">sa\u00fade<\/a> e <a href=\"http:\/\/bit.ly\/1acNApR\" target=\"_blank\">educa\u00e7\u00e3o<\/a>, mas foi rapidamente interrompido por Maria Campos, uma professora universit\u00e1ria: \u201cEu estudei sobre as favelas por muito tempo e, atualmente, eu ensino como \u00e9 a vida nas favelas. Eu n\u00e3o acho que a hist\u00f3ria deste homem \u00e9 precisa. Eu sei, pois sou uma especialista\u201d. Depois disso,\u00a0Fabio foi informado, educadamente, que, caso ele continuasse interrompendo a reuni\u00e3o, seria obrigado a sair.<\/p>\n<p>Ap\u00f3s o evento, os participantes retornaram \u00e0s suas casas e aos hot\u00e9is pr\u00f3ximos na regi\u00e3o.<\/p>\n<p><em>Este \u00e9 um texto sat\u00edrico e todos os nomes apresentados s\u00e3o fict\u00edcios. Qualquer semelhan\u00e7a com pessoas existentes, ou com o nome do evento, \u00e9 mera coincid\u00eancia.<\/em><\/p>\n<!-- AddThis Advanced Settings generic via filter on the_content --><!-- AddThis Share Buttons generic via filter on the_content -->","protected":false},"excerpt":{"rendered":"<div class=\"mh-excerpt\"><p>Click Here for English Na noite da \u00faltima quinta-feira, estudantes, intelectuais conhecidos, demais cariocas, autoridades do governo, e alguns turistas estrangeiros se reuniram na Escola Volunt\u00e1rios da P\u00e1tria, em Ipanema, para discutir sobre problemas relacionados <a class=\"mh-excerpt-more\" href=\"https:\/\/rioonwatch.org.br\/?p=16851\" title=\"Comit\u00ea para Melhoria das Favelas Realiza Encontro para Discutir Novas Ideias [S\u00c1TIRA]\">[&#8230;]<\/a><!-- AddThis Advanced Settings generic via filter on get_the_excerpt --><!-- AddThis Share Buttons generic via filter on get_the_excerpt --><\/p>\n<\/div>","protected":false},"author":132,"featured_media":14499,"comment_status":"closed","ping_status":"closed","sticky":false,"template":"","format":"standard","meta":{"_acf_changed":false,"_monsterinsights_skip_tracking":false,"_monsterinsights_sitenote_active":false,"_monsterinsights_sitenote_note":"","_monsterinsights_sitenote_category":0,"footnotes":""},"categories":[1618,1621,1626,1671],"tags":[359,1598],"writer":[1700],"translator":[1499],"source":[],"ilustrador":[],"fotografo":[],"class_list":{"0":"post-16851","1":"post","2":"type-post","3":"status-publish","4":"format-standard","5":"has-post-thumbnail","7":"category-olhonaparticipacao","8":"category-destaque","9":"category-por-observadores-internacionais","10":"category-satira","11":"tag-participacao-zero","12":"tag-satira","13":"writer-aldair-arriola-gomez","14":"translator-camilla-pereira"},"acf":[],"yoast_head":"<!-- This site is optimized with the Yoast SEO plugin v25.6 - https:\/\/yoast.com\/wordpress\/plugins\/seo\/ -->\n<title>Comit\u00ea para Melhoria das Favelas Realiza Encontro para Discutir Novas Ideias [S\u00c1TIRA] - RioOnWatch<\/title>\n<meta name=\"robots\" content=\"index, follow, max-snippet:-1, max-image-preview:large, max-video-preview:-1\" \/>\n<link rel=\"canonical\" href=\"https:\/\/rioonwatch.org.br\/?p=16851\" \/>\n<meta property=\"og:locale\" content=\"pt_BR\" \/>\n<meta property=\"og:type\" content=\"article\" \/>\n<meta property=\"og:title\" content=\"Comit\u00ea para Melhoria das Favelas Realiza Encontro para Discutir Novas Ideias [S\u00c1TIRA] - RioOnWatch\" \/>\n<meta property=\"og:description\" content=\"Click Here for English Na noite da \u00faltima quinta-feira, estudantes, intelectuais conhecidos, demais cariocas, autoridades do governo, e alguns turistas estrangeiros se reuniram na Escola Volunt\u00e1rios da P\u00e1tria, em Ipanema, para discutir sobre problemas relacionados [...]\" \/>\n<meta property=\"og:url\" content=\"https:\/\/rioonwatch.org.br\/?p=16851\" \/>\n<meta property=\"og:site_name\" content=\"RioOnWatch\" \/>\n<meta property=\"article:published_time\" content=\"2015-11-12T09:00:13+00:00\" \/>\n<meta property=\"og:image\" content=\"https:\/\/rioonwatch.org.br\/wp-content\/uploads\/2015\/06\/telegrafo.jpg\" \/>\n\t<meta property=\"og:image:width\" content=\"1000\" \/>\n\t<meta property=\"og:image:height\" content=\"633\" \/>\n\t<meta property=\"og:image:type\" content=\"image\/jpeg\" \/>\n<meta name=\"author\" content=\"Felicity\" \/>\n<meta name=\"twitter:card\" content=\"summary_large_image\" \/>\n<meta name=\"twitter:label1\" content=\"Escrito por\" \/>\n\t<meta name=\"twitter:data1\" content=\"Felicity\" \/>\n\t<meta name=\"twitter:label2\" content=\"Est. tempo de leitura\" \/>\n\t<meta name=\"twitter:data2\" content=\"3 minutos\" \/>\n<script type=\"application\/ld+json\" class=\"yoast-schema-graph\">{\"@context\":\"https:\/\/schema.org\",\"@graph\":[{\"@type\":\"Article\",\"@id\":\"https:\/\/rioonwatch.org.br\/?p=16851#article\",\"isPartOf\":{\"@id\":\"https:\/\/rioonwatch.org.br\/?p=16851\"},\"author\":{\"name\":\"Felicity\",\"@id\":\"https:\/\/rioonwatch.org.br\/#\/schema\/person\/4d05cf5053c358ab740b3edd75a173f2\"},\"headline\":\"Comit\u00ea para Melhoria das Favelas Realiza Encontro para Discutir Novas Ideias [S\u00c1TIRA]\",\"datePublished\":\"2015-11-12T09:00:13+00:00\",\"mainEntityOfPage\":{\"@id\":\"https:\/\/rioonwatch.org.br\/?p=16851\"},\"wordCount\":594,\"publisher\":{\"@id\":\"https:\/\/rioonwatch.org.br\/#organization\"},\"image\":{\"@id\":\"https:\/\/rioonwatch.org.br\/?p=16851#primaryimage\"},\"thumbnailUrl\":\"https:\/\/rioonwatch.org.br\/wp-content\/uploads\/2015\/06\/telegrafo.jpg\",\"keywords\":[\"participa\u00e7\u00e3o zero\",\"s\u00e1tira\"],\"articleSection\":[\"#OlhoNaParticipa\u00e7\u00e3o\",\"*Destaque\",\"Escrito por Aliados\",\"S\u00e1tira\"],\"inLanguage\":\"pt-BR\"},{\"@type\":\"WebPage\",\"@id\":\"https:\/\/rioonwatch.org.br\/?p=16851\",\"url\":\"https:\/\/rioonwatch.org.br\/?p=16851\",\"name\":\"Comit\u00ea para Melhoria das Favelas Realiza Encontro para Discutir Novas Ideias [S\u00c1TIRA] - RioOnWatch\",\"isPartOf\":{\"@id\":\"https:\/\/rioonwatch.org.br\/#website\"},\"primaryImageOfPage\":{\"@id\":\"https:\/\/rioonwatch.org.br\/?p=16851#primaryimage\"},\"image\":{\"@id\":\"https:\/\/rioonwatch.org.br\/?p=16851#primaryimage\"},\"thumbnailUrl\":\"https:\/\/rioonwatch.org.br\/wp-content\/uploads\/2015\/06\/telegrafo.jpg\",\"datePublished\":\"2015-11-12T09:00:13+00:00\",\"breadcrumb\":{\"@id\":\"https:\/\/rioonwatch.org.br\/?p=16851#breadcrumb\"},\"inLanguage\":\"pt-BR\",\"potentialAction\":[{\"@type\":\"ReadAction\",\"target\":[\"https:\/\/rioonwatch.org.br\/?p=16851\"]}]},{\"@type\":\"ImageObject\",\"inLanguage\":\"pt-BR\",\"@id\":\"https:\/\/rioonwatch.org.br\/?p=16851#primaryimage\",\"url\":\"https:\/\/rioonwatch.org.br\/wp-content\/uploads\/2015\/06\/telegrafo.jpg\",\"contentUrl\":\"https:\/\/rioonwatch.org.br\/wp-content\/uploads\/2015\/06\/telegrafo.jpg\",\"width\":1000,\"height\":633},{\"@type\":\"BreadcrumbList\",\"@id\":\"https:\/\/rioonwatch.org.br\/?p=16851#breadcrumb\",\"itemListElement\":[{\"@type\":\"ListItem\",\"position\":1,\"name\":\"In\u00edcio\",\"item\":\"https:\/\/rioonwatch.org.br\/\"},{\"@type\":\"ListItem\",\"position\":2,\"name\":\"Comit\u00ea para Melhoria das Favelas Realiza Encontro para Discutir Novas Ideias [S\u00c1TIRA]\"}]},{\"@type\":\"WebSite\",\"@id\":\"https:\/\/rioonwatch.org.br\/#website\",\"url\":\"https:\/\/rioonwatch.org.br\/\",\"name\":\"RioOnWatch\",\"description\":\"relatos das favelas cariocas\",\"publisher\":{\"@id\":\"https:\/\/rioonwatch.org.br\/#organization\"},\"potentialAction\":[{\"@type\":\"SearchAction\",\"target\":{\"@type\":\"EntryPoint\",\"urlTemplate\":\"https:\/\/rioonwatch.org.br\/?s={search_term_string}\"},\"query-input\":{\"@type\":\"PropertyValueSpecification\",\"valueRequired\":true,\"valueName\":\"search_term_string\"}}],\"inLanguage\":\"pt-BR\"},{\"@type\":\"Organization\",\"@id\":\"https:\/\/rioonwatch.org.br\/#organization\",\"name\":\"RioOnWatch\",\"url\":\"https:\/\/rioonwatch.org.br\/\",\"logo\":{\"@type\":\"ImageObject\",\"inLanguage\":\"pt-BR\",\"@id\":\"https:\/\/rioonwatch.org.br\/#\/schema\/logo\/image\/\",\"url\":\"https:\/\/rioonwatch.org.br\/wp-content\/uploads\/2021\/06\/RioOnWatchcabecalhoPT11anos-2.png\",\"contentUrl\":\"https:\/\/rioonwatch.org.br\/wp-content\/uploads\/2021\/06\/RioOnWatchcabecalhoPT11anos-2.png\",\"width\":779,\"height\":277,\"caption\":\"RioOnWatch\"},\"image\":{\"@id\":\"https:\/\/rioonwatch.org.br\/#\/schema\/logo\/image\/\"}},{\"@type\":\"Person\",\"@id\":\"https:\/\/rioonwatch.org.br\/#\/schema\/person\/4d05cf5053c358ab740b3edd75a173f2\",\"name\":\"Felicity\",\"image\":{\"@type\":\"ImageObject\",\"inLanguage\":\"pt-BR\",\"@id\":\"https:\/\/rioonwatch.org.br\/#\/schema\/person\/image\/\",\"url\":\"https:\/\/secure.gravatar.com\/avatar\/bfc904486dc0bba6015410a00fe3fc27?s=96&d=blank&r=g\",\"contentUrl\":\"https:\/\/secure.gravatar.com\/avatar\/bfc904486dc0bba6015410a00fe3fc27?s=96&d=blank&r=g\",\"caption\":\"Felicity\"},\"url\":\"https:\/\/rioonwatch.org.br\/?author=132\"}]}<\/script>\n<!-- \/ Yoast SEO plugin. -->","yoast_head_json":{"title":"Comit\u00ea para Melhoria das Favelas Realiza Encontro para Discutir Novas Ideias [S\u00c1TIRA] - RioOnWatch","robots":{"index":"index","follow":"follow","max-snippet":"max-snippet:-1","max-image-preview":"max-image-preview:large","max-video-preview":"max-video-preview:-1"},"canonical":"https:\/\/rioonwatch.org.br\/?p=16851","og_locale":"pt_BR","og_type":"article","og_title":"Comit\u00ea para Melhoria das Favelas Realiza Encontro para Discutir Novas Ideias [S\u00c1TIRA] - RioOnWatch","og_description":"Click Here for English Na noite da \u00faltima quinta-feira, estudantes, intelectuais conhecidos, demais cariocas, autoridades do governo, e alguns turistas estrangeiros se reuniram na Escola Volunt\u00e1rios da P\u00e1tria, em Ipanema, para discutir sobre problemas relacionados [...]","og_url":"https:\/\/rioonwatch.org.br\/?p=16851","og_site_name":"RioOnWatch","article_published_time":"2015-11-12T09:00:13+00:00","og_image":[{"width":1000,"height":633,"url":"https:\/\/rioonwatch.org.br\/wp-content\/uploads\/2015\/06\/telegrafo.jpg","type":"image\/jpeg"}],"author":"Felicity","twitter_card":"summary_large_image","twitter_misc":{"Escrito por":"Felicity","Est. tempo de leitura":"3 minutos"},"schema":{"@context":"https:\/\/schema.org","@graph":[{"@type":"Article","@id":"https:\/\/rioonwatch.org.br\/?p=16851#article","isPartOf":{"@id":"https:\/\/rioonwatch.org.br\/?p=16851"},"author":{"name":"Felicity","@id":"https:\/\/rioonwatch.org.br\/#\/schema\/person\/4d05cf5053c358ab740b3edd75a173f2"},"headline":"Comit\u00ea para Melhoria das Favelas Realiza Encontro para Discutir Novas Ideias [S\u00c1TIRA]","datePublished":"2015-11-12T09:00:13+00:00","mainEntityOfPage":{"@id":"https:\/\/rioonwatch.org.br\/?p=16851"},"wordCount":594,"publisher":{"@id":"https:\/\/rioonwatch.org.br\/#organization"},"image":{"@id":"https:\/\/rioonwatch.org.br\/?p=16851#primaryimage"},"thumbnailUrl":"https:\/\/rioonwatch.org.br\/wp-content\/uploads\/2015\/06\/telegrafo.jpg","keywords":["participa\u00e7\u00e3o zero","s\u00e1tira"],"articleSection":["#OlhoNaParticipa\u00e7\u00e3o","*Destaque","Escrito por Aliados","S\u00e1tira"],"inLanguage":"pt-BR"},{"@type":"WebPage","@id":"https:\/\/rioonwatch.org.br\/?p=16851","url":"https:\/\/rioonwatch.org.br\/?p=16851","name":"Comit\u00ea para Melhoria das Favelas Realiza Encontro para Discutir Novas Ideias [S\u00c1TIRA] - RioOnWatch","isPartOf":{"@id":"https:\/\/rioonwatch.org.br\/#website"},"primaryImageOfPage":{"@id":"https:\/\/rioonwatch.org.br\/?p=16851#primaryimage"},"image":{"@id":"https:\/\/rioonwatch.org.br\/?p=16851#primaryimage"},"thumbnailUrl":"https:\/\/rioonwatch.org.br\/wp-content\/uploads\/2015\/06\/telegrafo.jpg","datePublished":"2015-11-12T09:00:13+00:00","breadcrumb":{"@id":"https:\/\/rioonwatch.org.br\/?p=16851#breadcrumb"},"inLanguage":"pt-BR","potentialAction":[{"@type":"ReadAction","target":["https:\/\/rioonwatch.org.br\/?p=16851"]}]},{"@type":"ImageObject","inLanguage":"pt-BR","@id":"https:\/\/rioonwatch.org.br\/?p=16851#primaryimage","url":"https:\/\/rioonwatch.org.br\/wp-content\/uploads\/2015\/06\/telegrafo.jpg","contentUrl":"https:\/\/rioonwatch.org.br\/wp-content\/uploads\/2015\/06\/telegrafo.jpg","width":1000,"height":633},{"@type":"BreadcrumbList","@id":"https:\/\/rioonwatch.org.br\/?p=16851#breadcrumb","itemListElement":[{"@type":"ListItem","position":1,"name":"In\u00edcio","item":"https:\/\/rioonwatch.org.br\/"},{"@type":"ListItem","position":2,"name":"Comit\u00ea para Melhoria das Favelas Realiza Encontro para Discutir Novas Ideias [S\u00c1TIRA]"}]},{"@type":"WebSite","@id":"https:\/\/rioonwatch.org.br\/#website","url":"https:\/\/rioonwatch.org.br\/","name":"RioOnWatch","description":"relatos das favelas cariocas","publisher":{"@id":"https:\/\/rioonwatch.org.br\/#organization"},"potentialAction":[{"@type":"SearchAction","target":{"@type":"EntryPoint","urlTemplate":"https:\/\/rioonwatch.org.br\/?s={search_term_string}"},"query-input":{"@type":"PropertyValueSpecification","valueRequired":true,"valueName":"search_term_string"}}],"inLanguage":"pt-BR"},{"@type":"Organization","@id":"https:\/\/rioonwatch.org.br\/#organization","name":"RioOnWatch","url":"https:\/\/rioonwatch.org.br\/","logo":{"@type":"ImageObject","inLanguage":"pt-BR","@id":"https:\/\/rioonwatch.org.br\/#\/schema\/logo\/image\/","url":"https:\/\/rioonwatch.org.br\/wp-content\/uploads\/2021\/06\/RioOnWatchcabecalhoPT11anos-2.png","contentUrl":"https:\/\/rioonwatch.org.br\/wp-content\/uploads\/2021\/06\/RioOnWatchcabecalhoPT11anos-2.png","width":779,"height":277,"caption":"RioOnWatch"},"image":{"@id":"https:\/\/rioonwatch.org.br\/#\/schema\/logo\/image\/"}},{"@type":"Person","@id":"https:\/\/rioonwatch.org.br\/#\/schema\/person\/4d05cf5053c358ab740b3edd75a173f2","name":"Felicity","image":{"@type":"ImageObject","inLanguage":"pt-BR","@id":"https:\/\/rioonwatch.org.br\/#\/schema\/person\/image\/","url":"https:\/\/secure.gravatar.com\/avatar\/bfc904486dc0bba6015410a00fe3fc27?s=96&d=blank&r=g","contentUrl":"https:\/\/secure.gravatar.com\/avatar\/bfc904486dc0bba6015410a00fe3fc27?s=96&d=blank&r=g","caption":"Felicity"},"url":"https:\/\/rioonwatch.org.br\/?author=132"}]}},"_links":{"self":[{"href":"https:\/\/rioonwatch.org.br\/index.php?rest_route=\/wp\/v2\/posts\/16851"}],"collection":[{"href":"https:\/\/rioonwatch.org.br\/index.php?rest_route=\/wp\/v2\/posts"}],"about":[{"href":"https:\/\/rioonwatch.org.br\/index.php?rest_route=\/wp\/v2\/types\/post"}],"author":[{"embeddable":true,"href":"https:\/\/rioonwatch.org.br\/index.php?rest_route=\/wp\/v2\/users\/132"}],"replies":[{"embeddable":true,"href":"https:\/\/rioonwatch.org.br\/index.php?rest_route=%2Fwp%2Fv2%2Fcomments&post=16851"}],"version-history":[{"count":5,"href":"https:\/\/rioonwatch.org.br\/index.php?rest_route=\/wp\/v2\/posts\/16851\/revisions"}],"predecessor-version":[{"id":16954,"href":"https:\/\/rioonwatch.org.br\/index.php?rest_route=\/wp\/v2\/posts\/16851\/revisions\/16954"}],"wp:featuredmedia":[{"embeddable":true,"href":"https:\/\/rioonwatch.org.br\/index.php?rest_route=\/wp\/v2\/media\/14499"}],"wp:attachment":[{"href":"https:\/\/rioonwatch.org.br\/index.php?rest_route=%2Fwp%2Fv2%2Fmedia&parent=16851"}],"wp:term":[{"taxonomy":"category","embeddable":true,"href":"https:\/\/rioonwatch.org.br\/index.php?rest_route=%2Fwp%2Fv2%2Fcategories&post=16851"},{"taxonomy":"post_tag","embeddable":true,"href":"https:\/\/rioonwatch.org.br\/index.php?rest_route=%2Fwp%2Fv2%2Ftags&post=16851"},{"taxonomy":"writer","embeddable":true,"href":"https:\/\/rioonwatch.org.br\/index.php?rest_route=%2Fwp%2Fv2%2Fwriter&post=16851"},{"taxonomy":"translator","embeddable":true,"href":"https:\/\/rioonwatch.org.br\/index.php?rest_route=%2Fwp%2Fv2%2Ftranslator&post=16851"},{"taxonomy":"source","embeddable":true,"href":"https:\/\/rioonwatch.org.br\/index.php?rest_route=%2Fwp%2Fv2%2Fsource&post=16851"},{"taxonomy":"ilustrador","embeddable":true,"href":"https:\/\/rioonwatch.org.br\/index.php?rest_route=%2Fwp%2Fv2%2Filustrador&post=16851"},{"taxonomy":"fotografo","embeddable":true,"href":"https:\/\/rioonwatch.org.br\/index.php?rest_route=%2Fwp%2Fv2%2Ffotografo&post=16851"}],"curies":[{"name":"wp","href":"https:\/\/api.w.org\/{rel}","templated":true}]}}