{"id":16853,"date":"2015-11-13T06:00:28","date_gmt":"2015-11-13T09:00:28","guid":{"rendered":"http:\/\/rioonwatch.org.br\/?p=16853"},"modified":"2015-11-12T18:18:01","modified_gmt":"2015-11-12T21:18:01","slug":"democracia-atraves-da-tecnologia-inclusao-digital-x-exclusao-social","status":"publish","type":"post","link":"https:\/\/rioonwatch.org.br\/?p=16853","title":{"rendered":"Democracia Atrav\u00e9s da Tecnologia: Inclus\u00e3o Digital x Exclus\u00e3o Social"},"content":{"rendered":"<p style=\"text-align: right;\"><a href=\"http:\/\/bit.ly\/1PFZ2nZ\" target=\"_blank\"><em><strong>Click Here for English<\/strong><\/em><em><strong><img decoding=\"async\" width=\"20\" height=\"20\" class=\"alignright wp-image-15790\" src=\"http:\/\/rioonwatch.org.br\/wp-content\/uploads\/2012\/08\/EN-standard-e1439583104716.jpg\" alt=\"\" \/><\/strong><\/em><\/a><\/p>\n<p><i><span lang=\"PT\">Este \u00e9 o terceiro\u00a0artigo de uma <a href=\"http:\/\/bit.ly\/1Ivt2zW\" target=\"_blank\">s\u00e9rie<\/a> sobre<em>\u00a0tecnologia da informa\u00e7\u00e3o e comunica\u00e7\u00e3o nas favelas do Rio<\/em>,<\/span> <\/i><i><span lang=\"PT\">do pesquisador convidado Jeffrey Omari*.<\/span><\/i><\/p>\n<p>Ao longo deste\u00a0ano no Rio, criei uma rotina de visitar a praia de <a href=\"http:\/\/bit.ly\/1LwIGHh\" target=\"_blank\">Ipanema<\/a> \u00e0s tardes de domingo. Trabalhando pr\u00f3ximo, na\u00a0feira hippie, todo domingo, transforma o passar de tempo na praia todas as semanas f\u00e1cil e conveniente. No domingo do dia 20 de setembro, eu deixei a feira e fui em dire\u00e7\u00e3o a praia, como costumeiramente fa\u00e7o. Cheguei ao posto 9 e comecei minha caminhada usual at\u00e9 a Pedra do Arpoador, perto do posto 7. Ao chegar no posto 8, bem perto do Arpoador, eu pude sentir que algo estava diferente. J\u00e1 que eu visitava essa praia no mesmo hor\u00e1rio toda semana, eu me acostumei com as vibra\u00e7\u00f5es cariocas rotineiras da orla, mesmo quando a praia estava cheia. Nessa semana em particular, entretanto, o comportamento da vasta multid\u00e3o de pessoas tanto na praia, quanto na Avenida Viera Souto, sugeria que o clima estava pesado.<\/p>\n<p>Eu estava sozinho nesse domingo e decidi ir para casa e retornar algum outro dia, quando o movimento estivesse menos intenso. O metr\u00f4 que peguei na pra\u00e7a General Os\u00f3rio em dire\u00e7\u00e3o ao Centro estava lotado, o que normalmente \u00e9 incomum para uma noite de domingo. Eu j\u00e1 andei em v\u00e1rios trens lotados no Rio mas, como na praia, a energia da multid\u00e3o nesse trem estava particularmente diferente. Eu s\u00f3 estava indo para casa, mas parecia que estava indo para um jogo de futebol no <a href=\"http:\/\/bit.ly\/1nid1lU\" target=\"_blank\">Maracan\u00e3<\/a>. Apesar do barulho das conversas no trem, n\u00e3o observei nenhum\u00a0desrespeito. Parecia ser apenas, majoritariamente, crian\u00e7as e adolescentes indo para casa ap\u00f3s um dia na praia liberando energia jovem, como crian\u00e7as e adolescentes fazem.<\/p>\n<p><a href=\"http:\/\/rioonwatch.org.br\/wp-content\/uploads\/2015\/11\/omari2.jpg\"><img fetchpriority=\"high\" decoding=\"async\" class=\"aligncenter wp-image-16855 size-content\" title=\"Arrast\u00e3o na praia em 2013. Foto de Marcelo Carnaval\/Ag\u00eancia O Globo\" src=\"http:\/\/rioonwatch.org.br\/wp-content\/uploads\/2015\/11\/omari2-620x264.jpg\" alt=\"\" width=\"620\" height=\"264\" \/><\/a><\/p>\n<p>Eu percebi no dia seguinte, entretanto, que as cenas incomuns que eu observei na praia e no metr\u00f4 ofereceram uma pista para o <a href=\"http:\/\/bit.ly\/1LPgHm5\" target=\"_blank\">caos que tinha se desencadeado<\/a> no domingo na orla do Arpoador, Copacabana e Ipanema. A loucura na praia foi o resultado de arrast\u00f5es, que <a href=\"http:\/\/bit.ly\/1cXrqv5\" target=\"_blank\">historicamente ocorrem<\/a>\u00a0nas praias do Rio, geralmente nos meses de ver\u00e3o. Nos finais de semana, quando o tempo est\u00e1 quente, as praias da <a href=\"http:\/\/bit.ly\/1mNsDyk\" target=\"_blank\">Zona Sul<\/a> atraem grandes massas de toda a cidade, incluindo grupos de adolescentes, em sua maioria afro-brasileiros da <a href=\"http:\/\/bit.ly\/WximDf\" target=\"_blank\">Zona Norte<\/a>, que querem brincar e relaxar na praia. Uma pequena minoria, mais inescrupulosa, vai para a praia na inten\u00e7\u00e3o de realizar arrast\u00f5es.<\/p>\n<p>Enquanto os moradores\u00a0da Zona Sul reagiram usando o Facebook e o Whatsapp para mobilizar justiceiros&#8211;uma\u00a0<a href=\"http:\/\/wapo.st\/1WNeRKJ\" target=\"_blank\">estrat\u00e9gia<\/a> em que <a href=\"http:\/\/bit.ly\/1ZrpHZ8\" target=\"_blank\">vigilantes<\/a>\u00a0\u201cfazem justi\u00e7a\u201d contra os arrast\u00f5es com suas pr\u00f3prias m\u00e3os&#8211;a prefeitura respondeu <a href=\"http:\/\/bit.ly\/1NOru3W\" target=\"_blank\">fichando jovens negros inocentes na delegacia<\/a>\u00a0e <a href=\"http:\/\/bit.ly\/1PmhpL9\" target=\"_blank\">eliminando certas linhas de \u00f4nibus<\/a> da Zona Norte para a Zona Sul, de modo a dificultar que cidad\u00e3os da Zona Norte frequentem as praias. Essas medidas chegaram ao mesmo tempo em que <a href=\"http:\/\/bit.ly\/1enNTbm\" target=\"_blank\">o Congresso nacional\u00a0votava uma lei controversa<\/a> que, ainda esperando aprova\u00e7\u00e3o no Senado, diminuiria\u00a0a <a href=\"http:\/\/bit.ly\/1Ici5lR\" target=\"_blank\">maioridade penal<\/a>. A for\u00e7a coletiva dessas iniciativas deixou muitos com o sentimento de que a juventude desprivilegiada carioca, que historicamente vem sendo <a href=\"http:\/\/bit.ly\/P4itK0\" target=\"_blank\">estigmatizada<\/a> na <a href=\"http:\/\/bit.ly\/1VVj5Ae\" target=\"_blank\">m\u00eddia convencional<\/a>, est\u00e1 agora sob um ataque ainda mas ferrenho conforme as Olimp\u00edadas se aproximam. De acordo com um morador do <a href=\"http:\/\/bit.ly\/10BvARw\" target=\"_blank\">Complexo da Mar\u00e9<\/a>, <a href=\"http:\/\/bit.ly\/1iwGqIW\" target=\"_blank\">Walmyr Junior<\/a>, \u201cescolher estigmatizar a juventude da favela como criminosa reafirma a posi\u00e7\u00e3o da sociedade branca, heteronormativa da classe m\u00e9dia da Zona Sul e pelo corte da liga\u00e7\u00e3o entre as Zonas Norte e Sul, revelando a exist\u00eancia de um apartheid carioca\u201d. Como morador da Zona Norte, Walmyr Junior descreve as experi\u00eancias viscerais da divis\u00e3o econ\u00f4mica e social que existe na rela\u00e7\u00e3o entre sua comunidade e os moradores da Zona Sul.<\/p>\n<p><a href=\"http:\/\/rioonwatch.org.br\/wp-content\/uploads\/2015\/11\/omari3-e1446554784626.jpg\"><img decoding=\"async\" class=\"aligncenter wp-image-16856 size-large\" title=\"Nave do Conhecimento de Madureira\" src=\"http:\/\/rioonwatch.org.br\/wp-content\/uploads\/2015\/11\/omari3-1024x768.jpg\" alt=\"\" width=\"620\" height=\"465\" \/><\/a><\/p>\n<p>Na semana seguinte aos acontecimentos na praia, eu visitei as\u00a0<a href=\"http:\/\/bit.ly\/1MOfzlo\" target=\"_blank\">Naves do Conhecimento<\/a>, em Madureira e <a href=\"http:\/\/bit.ly\/1nPCPRD\" target=\"_blank\">Triagem<\/a>. Esses centros, e cada uma das outras cinco Naves do Conhecimento (Padre Miguel, Iraj\u00e1, <a href=\"http:\/\/bit.ly\/1rX07t8\" target=\"_blank\">Penha<\/a>, <a href=\"http:\/\/bit.ly\/1eH5Mym\" target=\"_blank\">Santa Cruz<\/a> e <a href=\"http:\/\/bit.ly\/1npmeGe\" target=\"_blank\">Vila Alian\u00e7a<\/a>) est\u00e3o localizados nas zonas Norte e Oeste, que s\u00e3o geograficamente remotas e dramaticamente diferentes em termos de cen\u00e1rio da Zona Sul. O que \u00e9 dolorosamente \u00f3bvio sobre as comunidades-sede das\u00a0Naves do Conhecimento \u00e9 que elas est\u00e3o ao mesmo tempo submetidas \u00e0s pol\u00edticas de <a href=\"http:\/\/bit.ly\/1MOfzlo\" target=\"_blank\">inclus\u00e3o digital<\/a> e <a href=\"http:\/\/bit.ly\/1ZrpHZ8\" target=\"_blank\">exclus\u00e3o social<\/a>. Enquanto aproveitam os benef\u00edcios de seu rec\u00e9m encontrado acesso tecnol\u00f3gico promovido pela prefeitura, s\u00e3o esses mesmos moradores que est\u00e3o simultaneamente lutando contra a <a href=\"http:\/\/bit.ly\/1hvVsxW\" target=\"_blank\">segrega\u00e7\u00e3o<\/a> promovida pela mesma prefeitura.<\/p>\n<p>Ao visitar a\u00a0Nave do Conhecimento, o que inicialmente me surpreendeu foi o vasto investimento em recursos humanos e financeiros nesses centros que visam ao mesmo tempo promover a inclus\u00e3o social e digital. De acordo com o <a href=\"http:\/\/bit.ly\/1GZcxpV\" target=\"_blank\">Secretario de Ci\u00eancia e Tecnologia do Rio<\/a>, Franklin Dias Coelho, a \u201cmiss\u00e3o das Naves do Conhecimento \u00e9 superar essas diferen\u00e7as (sociais e tecnol\u00f3gicas) e integrar a cidade\u201d.<\/p>\n<p><a href=\"http:\/\/rioonwatch.org.br\/wp-content\/uploads\/2015\/11\/omari4.jpg\"><img loading=\"lazy\" decoding=\"async\" class=\"aligncenter wp-image-16857 size-large\" title=\"Sala de aula digital\" src=\"http:\/\/rioonwatch.org.br\/wp-content\/uploads\/2015\/11\/omari4-1024x768.jpg\" alt=\"\" width=\"620\" height=\"465\" \/><\/a><\/p>\n<p>Enquanto as Naves do Conhecimento do Rio oferecem cursos\u00a0de educa\u00e7\u00e3o digital e instru\u00e7\u00e3o atrav\u00e9s de\u00a0computadores interativos, este esfor\u00e7o de inclus\u00e3o digital aparenta focar\u00a0primeiramente na disponibilidade f\u00edsica de hardware e computadores que facilitam o acesso \u00e0 internet. O contraste entre os investimentos em tecnologia da prefeitura nas favelas e seus esfor\u00e7os recentes para prevenir que os moradores digitalmente inclu\u00eddos da Zona Norte visitem os <a href=\"http:\/\/bit.ly\/1jZVyaS\" target=\"_blank\">espa\u00e7os p\u00fablicos<\/a> da Zona Sul demonstra\u00a0que a prefeitura v\u00ea divis\u00f5es sociais na\u00a0tecnologia e s\u00f3cio-geografia como problemas diferentes. Todavia, as quest\u00f5es de inclus\u00e3o tecnol\u00f3gica e exclus\u00e3o social est\u00e3o intrinsicamente entrela\u00e7adas.<\/p>\n<p>Mobilizado por grupos ativistas como o <a href=\"http:\/\/bit.ly\/1CLd514\" target=\"_blank\">Coletivo Papo Reto<\/a>, moradores das favelas e outras comunidades da Zona Norte tem suas pr\u00f3prias ideias para o que constitui integra\u00e7\u00e3o real. Eles fizeram uso de sua inclus\u00e3o digital para organizar protestos pac\u00edficos, <a href=\"http:\/\/bit.ly\/1ZrpHZ8\" target=\"_blank\">via Facebook e m\u00eddia social<\/a>, para afirmar seus direitos aos espa\u00e7os da Zona Sul onde eles enfrentam a exclus\u00e3o.<\/p>\n<p>Al\u00e9m de prover o acesso tecnol\u00f3gico necess\u00e1rio para fazer o link entre a separa\u00e7\u00e3o digital, a prefeitura deve considerar como a tecnologia poderia ser aproveitada para promover um processo mais amplo em dire\u00e7\u00e3o \u00e0 inclus\u00e3o digital e a integra\u00e7\u00e3o urbana. O acesso ao mundo todo pela internet n\u00e3o \u00e9 o suficiente quando o acesso f\u00edsico \u00e0 cidade \u00e9 restrito.<\/p>\n<p><em>*Doutorando da Universidade da Calif\u00f3rnia, Santa Cruz, Jeffrey Omari estuda o acesso \u00e0 internet e direito digital no Rio de Janeiro.<\/em><\/p>\n<!-- AddThis Advanced Settings generic via filter on the_content --><!-- AddThis Share Buttons generic via filter on the_content -->","protected":false},"excerpt":{"rendered":"<div class=\"mh-excerpt\"><p>Click Here for English Este \u00e9 o terceiro\u00a0artigo de uma s\u00e9rie sobre\u00a0tecnologia da informa\u00e7\u00e3o e comunica\u00e7\u00e3o nas favelas do Rio, do pesquisador convidado Jeffrey Omari*. Ao longo deste\u00a0ano no Rio, criei uma rotina de visitar <a class=\"mh-excerpt-more\" href=\"https:\/\/rioonwatch.org.br\/?p=16853\" title=\"Democracia Atrav\u00e9s da Tecnologia: Inclus\u00e3o Digital x Exclus\u00e3o Social\">[&#8230;]<\/a><!-- AddThis Advanced Settings generic via filter on get_the_excerpt --><!-- AddThis Share Buttons generic via filter on get_the_excerpt --><\/p>\n<\/div>","protected":false},"author":132,"featured_media":16858,"comment_status":"closed","ping_status":"closed","sticky":false,"template":"","format":"standard","meta":{"_acf_changed":false,"_monsterinsights_skip_tracking":false,"_monsterinsights_sitenote_active":false,"_monsterinsights_sitenote_note":"","_monsterinsights_sitenote_category":0,"footnotes":""},"categories":[1618,1621,1632,1626,344,342],"tags":[386,934,1714,332,931,88,811,1306,1307,1418,486,1716,1717,1546,1526,673,228,498,935,839,936,134,814,1532,476,1457,995,230,218,184,383],"writer":[1448],"translator":[1276],"source":[],"ilustrador":[],"fotografo":[],"class_list":{"0":"post-16853","1":"post","2":"type-post","3":"status-publish","4":"format-standard","5":"has-post-thumbnail","7":"category-olhonaparticipacao","8":"category-destaque","9":"category-pesquisa-e-analise","10":"category-por-observadores-internacionais","11":"category-politicas","12":"category-solucoes","13":"tag-estigma","14":"tag-acesso","15":"tag-arpoador","16":"tag-complexo-da-mare","17":"tag-copacabana","18":"tag-direitos-humanos","19":"tag-espaco-publico","20":"tag-exclusao","21":"tag-inclusao","22":"tag-coletivo-papo-reto","23":"tag-ipanema","24":"tag-iraja","25":"tag-madureira","26":"tag-maioridade-penal","27":"tag-nave-do-conhecimento","28":"tag-onibus","29":"tag-padre-miguel","30":"tag-penha","31":"tag-praia","32":"tag-prioridades-publicas-equivocadas","33":"tag-raca","34":"tag-santa-cruz","35":"tag-segregacao","36":"tag-serie-democracia-atraves-da-tecnologia","37":"tag-solucao-comunitaria","38":"tag-tecnologia","39":"tag-triagem","40":"tag-vila-alianca","41":"tag-zona-norte","42":"tag-zona-oeste","43":"tag-zona-sul","44":"writer-jeffrey-omari","45":"translator-guilherme-cardim"},"acf":[],"yoast_head":"<!-- This site is optimized with the Yoast SEO plugin v25.6 - https:\/\/yoast.com\/wordpress\/plugins\/seo\/ -->\n<title>Democracia Atrav\u00e9s da Tecnologia: Inclus\u00e3o Digital x Exclus\u00e3o Social - RioOnWatch<\/title>\n<meta name=\"robots\" content=\"index, follow, max-snippet:-1, max-image-preview:large, max-video-preview:-1\" \/>\n<link rel=\"canonical\" href=\"https:\/\/rioonwatch.org.br\/?p=16853\" \/>\n<meta property=\"og:locale\" content=\"pt_BR\" \/>\n<meta property=\"og:type\" content=\"article\" \/>\n<meta property=\"og:title\" content=\"Democracia Atrav\u00e9s da Tecnologia: Inclus\u00e3o Digital x Exclus\u00e3o Social - RioOnWatch\" \/>\n<meta property=\"og:description\" content=\"Click Here for English Este \u00e9 o terceiro\u00a0artigo de uma s\u00e9rie sobre\u00a0tecnologia da informa\u00e7\u00e3o e comunica\u00e7\u00e3o nas favelas do Rio, do pesquisador convidado Jeffrey Omari*. Ao longo deste\u00a0ano no Rio, criei uma rotina de visitar [...]\" \/>\n<meta property=\"og:url\" content=\"https:\/\/rioonwatch.org.br\/?p=16853\" \/>\n<meta property=\"og:site_name\" content=\"RioOnWatch\" \/>\n<meta property=\"article:published_time\" content=\"2015-11-13T09:00:28+00:00\" \/>\n<meta property=\"og:image\" content=\"https:\/\/rioonwatch.org.br\/wp-content\/uploads\/2015\/11\/omari11.jpg\" \/>\n\t<meta property=\"og:image:width\" content=\"1368\" \/>\n\t<meta property=\"og:image:height\" content=\"1026\" \/>\n\t<meta property=\"og:image:type\" content=\"image\/jpeg\" \/>\n<meta name=\"author\" content=\"Felicity\" \/>\n<meta name=\"twitter:card\" content=\"summary_large_image\" \/>\n<meta name=\"twitter:label1\" content=\"Escrito por\" \/>\n\t<meta name=\"twitter:data1\" content=\"Felicity\" \/>\n\t<meta name=\"twitter:label2\" content=\"Est. tempo de leitura\" \/>\n\t<meta name=\"twitter:data2\" content=\"5 minutos\" \/>\n<script type=\"application\/ld+json\" class=\"yoast-schema-graph\">{\"@context\":\"https:\/\/schema.org\",\"@graph\":[{\"@type\":\"Article\",\"@id\":\"https:\/\/rioonwatch.org.br\/?p=16853#article\",\"isPartOf\":{\"@id\":\"https:\/\/rioonwatch.org.br\/?p=16853\"},\"author\":{\"name\":\"Felicity\",\"@id\":\"https:\/\/rioonwatch.org.br\/#\/schema\/person\/4d05cf5053c358ab740b3edd75a173f2\"},\"headline\":\"Democracia Atrav\u00e9s da Tecnologia: Inclus\u00e3o Digital x Exclus\u00e3o Social\",\"datePublished\":\"2015-11-13T09:00:28+00:00\",\"mainEntityOfPage\":{\"@id\":\"https:\/\/rioonwatch.org.br\/?p=16853\"},\"wordCount\":1111,\"publisher\":{\"@id\":\"https:\/\/rioonwatch.org.br\/#organization\"},\"image\":{\"@id\":\"https:\/\/rioonwatch.org.br\/?p=16853#primaryimage\"},\"thumbnailUrl\":\"https:\/\/rioonwatch.org.br\/wp-content\/uploads\/2015\/11\/omari11.jpg\",\"keywords\":[\"#StopFavelaStigma\",\"acesso\",\"Arpoador\",\"Complexo da Mar\u00e9\",\"Copacabana\",\"Direitos Humanos\",\"espa\u00e7o p\u00fablico\",\"exclus\u00e3o\",\"inclus\u00e3o\",\"Instituto Papo Reto\",\"Ipanema\",\"Iraj\u00e1\",\"Madureira\",\"maioridade penal\",\"Nave do Conhecimento\",\"\u00f4nibus\",\"Padre Miguel\",\"Penha\",\"praia\",\"prioridades p\u00fablicas equivocadas\",\"ra\u00e7a\",\"Santa Cruz\",\"segrega\u00e7\u00e3o\",\"S\u00e9rie: Democracia Atrav\u00e9s da Tecnologia\",\"solu\u00e7\u00e3o comunit\u00e1ria\",\"tecnologia\",\"Triagem\",\"Vila Alian\u00e7a\",\"Zona Norte\",\"Zona Oeste\",\"Zona Sul\"],\"articleSection\":[\"#OlhoNaParticipa\u00e7\u00e3o\",\"*Destaque\",\"Dados e Pesquisa\",\"Escrito por Aliados\",\"Pol\u00edticas\",\"Solu\u00e7\u00f5es\"],\"inLanguage\":\"pt-BR\"},{\"@type\":\"WebPage\",\"@id\":\"https:\/\/rioonwatch.org.br\/?p=16853\",\"url\":\"https:\/\/rioonwatch.org.br\/?p=16853\",\"name\":\"Democracia Atrav\u00e9s da Tecnologia: Inclus\u00e3o Digital x Exclus\u00e3o Social - RioOnWatch\",\"isPartOf\":{\"@id\":\"https:\/\/rioonwatch.org.br\/#website\"},\"primaryImageOfPage\":{\"@id\":\"https:\/\/rioonwatch.org.br\/?p=16853#primaryimage\"},\"image\":{\"@id\":\"https:\/\/rioonwatch.org.br\/?p=16853#primaryimage\"},\"thumbnailUrl\":\"https:\/\/rioonwatch.org.br\/wp-content\/uploads\/2015\/11\/omari11.jpg\",\"datePublished\":\"2015-11-13T09:00:28+00:00\",\"breadcrumb\":{\"@id\":\"https:\/\/rioonwatch.org.br\/?p=16853#breadcrumb\"},\"inLanguage\":\"pt-BR\",\"potentialAction\":[{\"@type\":\"ReadAction\",\"target\":[\"https:\/\/rioonwatch.org.br\/?p=16853\"]}]},{\"@type\":\"ImageObject\",\"inLanguage\":\"pt-BR\",\"@id\":\"https:\/\/rioonwatch.org.br\/?p=16853#primaryimage\",\"url\":\"https:\/\/rioonwatch.org.br\/wp-content\/uploads\/2015\/11\/omari11.jpg\",\"contentUrl\":\"https:\/\/rioonwatch.org.br\/wp-content\/uploads\/2015\/11\/omari11.jpg\",\"width\":1368,\"height\":1026},{\"@type\":\"BreadcrumbList\",\"@id\":\"https:\/\/rioonwatch.org.br\/?p=16853#breadcrumb\",\"itemListElement\":[{\"@type\":\"ListItem\",\"position\":1,\"name\":\"In\u00edcio\",\"item\":\"https:\/\/rioonwatch.org.br\/\"},{\"@type\":\"ListItem\",\"position\":2,\"name\":\"Democracia Atrav\u00e9s da Tecnologia: Inclus\u00e3o Digital x Exclus\u00e3o Social\"}]},{\"@type\":\"WebSite\",\"@id\":\"https:\/\/rioonwatch.org.br\/#website\",\"url\":\"https:\/\/rioonwatch.org.br\/\",\"name\":\"RioOnWatch\",\"description\":\"relatos das favelas cariocas\",\"publisher\":{\"@id\":\"https:\/\/rioonwatch.org.br\/#organization\"},\"potentialAction\":[{\"@type\":\"SearchAction\",\"target\":{\"@type\":\"EntryPoint\",\"urlTemplate\":\"https:\/\/rioonwatch.org.br\/?s={search_term_string}\"},\"query-input\":{\"@type\":\"PropertyValueSpecification\",\"valueRequired\":true,\"valueName\":\"search_term_string\"}}],\"inLanguage\":\"pt-BR\"},{\"@type\":\"Organization\",\"@id\":\"https:\/\/rioonwatch.org.br\/#organization\",\"name\":\"RioOnWatch\",\"url\":\"https:\/\/rioonwatch.org.br\/\",\"logo\":{\"@type\":\"ImageObject\",\"inLanguage\":\"pt-BR\",\"@id\":\"https:\/\/rioonwatch.org.br\/#\/schema\/logo\/image\/\",\"url\":\"https:\/\/rioonwatch.org.br\/wp-content\/uploads\/2021\/06\/RioOnWatchcabecalhoPT11anos-2.png\",\"contentUrl\":\"https:\/\/rioonwatch.org.br\/wp-content\/uploads\/2021\/06\/RioOnWatchcabecalhoPT11anos-2.png\",\"width\":779,\"height\":277,\"caption\":\"RioOnWatch\"},\"image\":{\"@id\":\"https:\/\/rioonwatch.org.br\/#\/schema\/logo\/image\/\"}},{\"@type\":\"Person\",\"@id\":\"https:\/\/rioonwatch.org.br\/#\/schema\/person\/4d05cf5053c358ab740b3edd75a173f2\",\"name\":\"Felicity\",\"image\":{\"@type\":\"ImageObject\",\"inLanguage\":\"pt-BR\",\"@id\":\"https:\/\/rioonwatch.org.br\/#\/schema\/person\/image\/\",\"url\":\"https:\/\/secure.gravatar.com\/avatar\/bfc904486dc0bba6015410a00fe3fc27?s=96&d=blank&r=g\",\"contentUrl\":\"https:\/\/secure.gravatar.com\/avatar\/bfc904486dc0bba6015410a00fe3fc27?s=96&d=blank&r=g\",\"caption\":\"Felicity\"},\"url\":\"https:\/\/rioonwatch.org.br\/?author=132\"}]}<\/script>\n<!-- \/ Yoast SEO plugin. -->","yoast_head_json":{"title":"Democracia Atrav\u00e9s da Tecnologia: Inclus\u00e3o Digital x Exclus\u00e3o Social - RioOnWatch","robots":{"index":"index","follow":"follow","max-snippet":"max-snippet:-1","max-image-preview":"max-image-preview:large","max-video-preview":"max-video-preview:-1"},"canonical":"https:\/\/rioonwatch.org.br\/?p=16853","og_locale":"pt_BR","og_type":"article","og_title":"Democracia Atrav\u00e9s da Tecnologia: Inclus\u00e3o Digital x Exclus\u00e3o Social - RioOnWatch","og_description":"Click Here for English Este \u00e9 o terceiro\u00a0artigo de uma s\u00e9rie sobre\u00a0tecnologia da informa\u00e7\u00e3o e comunica\u00e7\u00e3o nas favelas do Rio, do pesquisador convidado Jeffrey Omari*. Ao longo deste\u00a0ano no Rio, criei uma rotina de visitar [...]","og_url":"https:\/\/rioonwatch.org.br\/?p=16853","og_site_name":"RioOnWatch","article_published_time":"2015-11-13T09:00:28+00:00","og_image":[{"width":1368,"height":1026,"url":"https:\/\/rioonwatch.org.br\/wp-content\/uploads\/2015\/11\/omari11.jpg","type":"image\/jpeg"}],"author":"Felicity","twitter_card":"summary_large_image","twitter_misc":{"Escrito por":"Felicity","Est. tempo de leitura":"5 minutos"},"schema":{"@context":"https:\/\/schema.org","@graph":[{"@type":"Article","@id":"https:\/\/rioonwatch.org.br\/?p=16853#article","isPartOf":{"@id":"https:\/\/rioonwatch.org.br\/?p=16853"},"author":{"name":"Felicity","@id":"https:\/\/rioonwatch.org.br\/#\/schema\/person\/4d05cf5053c358ab740b3edd75a173f2"},"headline":"Democracia Atrav\u00e9s da Tecnologia: Inclus\u00e3o Digital x Exclus\u00e3o Social","datePublished":"2015-11-13T09:00:28+00:00","mainEntityOfPage":{"@id":"https:\/\/rioonwatch.org.br\/?p=16853"},"wordCount":1111,"publisher":{"@id":"https:\/\/rioonwatch.org.br\/#organization"},"image":{"@id":"https:\/\/rioonwatch.org.br\/?p=16853#primaryimage"},"thumbnailUrl":"https:\/\/rioonwatch.org.br\/wp-content\/uploads\/2015\/11\/omari11.jpg","keywords":["#StopFavelaStigma","acesso","Arpoador","Complexo da Mar\u00e9","Copacabana","Direitos Humanos","espa\u00e7o p\u00fablico","exclus\u00e3o","inclus\u00e3o","Instituto Papo Reto","Ipanema","Iraj\u00e1","Madureira","maioridade penal","Nave do Conhecimento","\u00f4nibus","Padre Miguel","Penha","praia","prioridades p\u00fablicas equivocadas","ra\u00e7a","Santa Cruz","segrega\u00e7\u00e3o","S\u00e9rie: Democracia Atrav\u00e9s da Tecnologia","solu\u00e7\u00e3o comunit\u00e1ria","tecnologia","Triagem","Vila Alian\u00e7a","Zona Norte","Zona Oeste","Zona Sul"],"articleSection":["#OlhoNaParticipa\u00e7\u00e3o","*Destaque","Dados e Pesquisa","Escrito por Aliados","Pol\u00edticas","Solu\u00e7\u00f5es"],"inLanguage":"pt-BR"},{"@type":"WebPage","@id":"https:\/\/rioonwatch.org.br\/?p=16853","url":"https:\/\/rioonwatch.org.br\/?p=16853","name":"Democracia Atrav\u00e9s da Tecnologia: Inclus\u00e3o Digital x Exclus\u00e3o Social - RioOnWatch","isPartOf":{"@id":"https:\/\/rioonwatch.org.br\/#website"},"primaryImageOfPage":{"@id":"https:\/\/rioonwatch.org.br\/?p=16853#primaryimage"},"image":{"@id":"https:\/\/rioonwatch.org.br\/?p=16853#primaryimage"},"thumbnailUrl":"https:\/\/rioonwatch.org.br\/wp-content\/uploads\/2015\/11\/omari11.jpg","datePublished":"2015-11-13T09:00:28+00:00","breadcrumb":{"@id":"https:\/\/rioonwatch.org.br\/?p=16853#breadcrumb"},"inLanguage":"pt-BR","potentialAction":[{"@type":"ReadAction","target":["https:\/\/rioonwatch.org.br\/?p=16853"]}]},{"@type":"ImageObject","inLanguage":"pt-BR","@id":"https:\/\/rioonwatch.org.br\/?p=16853#primaryimage","url":"https:\/\/rioonwatch.org.br\/wp-content\/uploads\/2015\/11\/omari11.jpg","contentUrl":"https:\/\/rioonwatch.org.br\/wp-content\/uploads\/2015\/11\/omari11.jpg","width":1368,"height":1026},{"@type":"BreadcrumbList","@id":"https:\/\/rioonwatch.org.br\/?p=16853#breadcrumb","itemListElement":[{"@type":"ListItem","position":1,"name":"In\u00edcio","item":"https:\/\/rioonwatch.org.br\/"},{"@type":"ListItem","position":2,"name":"Democracia Atrav\u00e9s da Tecnologia: Inclus\u00e3o Digital x Exclus\u00e3o Social"}]},{"@type":"WebSite","@id":"https:\/\/rioonwatch.org.br\/#website","url":"https:\/\/rioonwatch.org.br\/","name":"RioOnWatch","description":"relatos das favelas cariocas","publisher":{"@id":"https:\/\/rioonwatch.org.br\/#organization"},"potentialAction":[{"@type":"SearchAction","target":{"@type":"EntryPoint","urlTemplate":"https:\/\/rioonwatch.org.br\/?s={search_term_string}"},"query-input":{"@type":"PropertyValueSpecification","valueRequired":true,"valueName":"search_term_string"}}],"inLanguage":"pt-BR"},{"@type":"Organization","@id":"https:\/\/rioonwatch.org.br\/#organization","name":"RioOnWatch","url":"https:\/\/rioonwatch.org.br\/","logo":{"@type":"ImageObject","inLanguage":"pt-BR","@id":"https:\/\/rioonwatch.org.br\/#\/schema\/logo\/image\/","url":"https:\/\/rioonwatch.org.br\/wp-content\/uploads\/2021\/06\/RioOnWatchcabecalhoPT11anos-2.png","contentUrl":"https:\/\/rioonwatch.org.br\/wp-content\/uploads\/2021\/06\/RioOnWatchcabecalhoPT11anos-2.png","width":779,"height":277,"caption":"RioOnWatch"},"image":{"@id":"https:\/\/rioonwatch.org.br\/#\/schema\/logo\/image\/"}},{"@type":"Person","@id":"https:\/\/rioonwatch.org.br\/#\/schema\/person\/4d05cf5053c358ab740b3edd75a173f2","name":"Felicity","image":{"@type":"ImageObject","inLanguage":"pt-BR","@id":"https:\/\/rioonwatch.org.br\/#\/schema\/person\/image\/","url":"https:\/\/secure.gravatar.com\/avatar\/bfc904486dc0bba6015410a00fe3fc27?s=96&d=blank&r=g","contentUrl":"https:\/\/secure.gravatar.com\/avatar\/bfc904486dc0bba6015410a00fe3fc27?s=96&d=blank&r=g","caption":"Felicity"},"url":"https:\/\/rioonwatch.org.br\/?author=132"}]}},"_links":{"self":[{"href":"https:\/\/rioonwatch.org.br\/index.php?rest_route=\/wp\/v2\/posts\/16853"}],"collection":[{"href":"https:\/\/rioonwatch.org.br\/index.php?rest_route=\/wp\/v2\/posts"}],"about":[{"href":"https:\/\/rioonwatch.org.br\/index.php?rest_route=\/wp\/v2\/types\/post"}],"author":[{"embeddable":true,"href":"https:\/\/rioonwatch.org.br\/index.php?rest_route=\/wp\/v2\/users\/132"}],"replies":[{"embeddable":true,"href":"https:\/\/rioonwatch.org.br\/index.php?rest_route=%2Fwp%2Fv2%2Fcomments&post=16853"}],"version-history":[{"count":10,"href":"https:\/\/rioonwatch.org.br\/index.php?rest_route=\/wp\/v2\/posts\/16853\/revisions"}],"predecessor-version":[{"id":16966,"href":"https:\/\/rioonwatch.org.br\/index.php?rest_route=\/wp\/v2\/posts\/16853\/revisions\/16966"}],"wp:featuredmedia":[{"embeddable":true,"href":"https:\/\/rioonwatch.org.br\/index.php?rest_route=\/wp\/v2\/media\/16858"}],"wp:attachment":[{"href":"https:\/\/rioonwatch.org.br\/index.php?rest_route=%2Fwp%2Fv2%2Fmedia&parent=16853"}],"wp:term":[{"taxonomy":"category","embeddable":true,"href":"https:\/\/rioonwatch.org.br\/index.php?rest_route=%2Fwp%2Fv2%2Fcategories&post=16853"},{"taxonomy":"post_tag","embeddable":true,"href":"https:\/\/rioonwatch.org.br\/index.php?rest_route=%2Fwp%2Fv2%2Ftags&post=16853"},{"taxonomy":"writer","embeddable":true,"href":"https:\/\/rioonwatch.org.br\/index.php?rest_route=%2Fwp%2Fv2%2Fwriter&post=16853"},{"taxonomy":"translator","embeddable":true,"href":"https:\/\/rioonwatch.org.br\/index.php?rest_route=%2Fwp%2Fv2%2Ftranslator&post=16853"},{"taxonomy":"source","embeddable":true,"href":"https:\/\/rioonwatch.org.br\/index.php?rest_route=%2Fwp%2Fv2%2Fsource&post=16853"},{"taxonomy":"ilustrador","embeddable":true,"href":"https:\/\/rioonwatch.org.br\/index.php?rest_route=%2Fwp%2Fv2%2Filustrador&post=16853"},{"taxonomy":"fotografo","embeddable":true,"href":"https:\/\/rioonwatch.org.br\/index.php?rest_route=%2Fwp%2Fv2%2Ffotografo&post=16853"}],"curies":[{"name":"wp","href":"https:\/\/api.w.org\/{rel}","templated":true}]}}