{"id":16878,"date":"2015-11-11T16:41:17","date_gmt":"2015-11-11T19:41:17","guid":{"rendered":"http:\/\/rioonwatch.org.br\/?p=16878"},"modified":"2016-01-18T02:24:00","modified_gmt":"2016-01-18T05:24:00","slug":"favelas-nas-noticias-resumo-de-outubro-2015","status":"publish","type":"post","link":"https:\/\/rioonwatch.org.br\/?p=16878","title":{"rendered":"Favelas nas Not\u00edcias: Resumo de Outubro 2015"},"content":{"rendered":"<p style=\"text-align: right;\"><a href=\"http:\/\/bit.ly\/1iD4MR4\" target=\"_blank\"><em><strong>Click Here for English<img decoding=\"async\" width=\"20\" height=\"20\" class=\"alignright wp-image-15790\" src=\"http:\/\/rioonwatch.org.br\/wp-content\/uploads\/2012\/08\/EN-standard-e1439583104716.jpg\" alt=\"\" \/><\/strong><\/em><\/a><\/p>\n<h4>Os holofotes da m\u00eddia sobre o Rio est\u00e3o crescendo com cada vez mais intensidade antes dos Jogos Ol\u00edmpicos, come\u00e7ando em outubro com a confer\u00eancia de imprensa para os jornalistas internacionais do Rio 2016. O m\u00eas incluiu um n\u00famero not\u00e1veis de dias tem\u00e1ticos, do Dia Mundial da Habita\u00e7\u00e3o da ONU-Habitat ao Blog Action Day 2015 explorando o tema &#8216;Erga a sua Voz&#8217; e o Dia Mundial das Cidades, da ONU com foco no tema &#8216;Desenhado para Viver Junto&#8221;. Para ajudar nossos leitores a assimilar as principais not\u00edcias e temas do m\u00eas passado, resumimos as mat\u00e9rias que n\u00f3s publicamos aqui no RioOnWatch juntamente com alguns outros textos que n\u00e3o podem deixar de serem lidos. Veja todos os nossos resumos mensais <a href=\"http:\/\/bit.ly\/1Zv77wf\" target=\"_blank\">aqui<\/a>.<\/h4>\n<p>Outubro trouxe mais devastadoras &#8216;remo\u00e7\u00f5es rel\u00e2mpago&#8217; na Vila Aut\u00f3dromo, onde <a href=\"http:\/\/bit.ly\/204pOdn\" target=\"_blank\">cinco casas foram demolidas<\/a> pela prefeitura sem aviso aos moradores. De acordo com a Prefeitura, 22.059 fam\u00edlias foram reassentadas desde 2009, que serviu para <a href=\"http:\/\/bit.ly\/1Mw9oQC\" target=\"_blank\">segregar ainda mais uma cidade j\u00e1 dividida<\/a>. Os potenciais <a href=\"http:\/\/bit.ly\/1S7DrTW\" target=\"_blank\">efeitos psicol\u00f3gicos graves<\/a> causados pela destrui\u00e7\u00e3o de uma comunidade t\u00eam sido documentados em outros contextos de remo\u00e7\u00f5es. No entanto, cerca de 50 fam\u00edlias da Vila Aut\u00f3dromo permanecem fortemente determinadas a ficarem, <a href=\"http:\/\/bit.ly\/1M39Oi4\" target=\"_blank\">dando continuidade ao Plano Popular<\/a> da comunidade que pode co-existir lado a lado com o Parque Ol\u00edmpico.<\/p>\n<p>Enquanto essas\u00a0fam\u00edlias construam e marcam a sua presen\u00e7a na m\u00eddia para denunciar as remo\u00e7\u00f5es, o <a href=\"http:\/\/bit.ly\/1N42g3U\" target=\"_blank\">crescimento da m\u00eddia digital<\/a> capacita pessoas em toda a cidade a contar suas hist\u00f3rias. Um v\u00eddeo da pol\u00edcia adulterando uma cena de tiro na Provid\u00eancia se tornou <a href=\"http:\/\/bit.ly\/1jQvmax\" target=\"_blank\">viral nas m\u00eddias sociais<\/a> e em horas <a href=\"http:\/\/bit.ly\/1FIf9OT\" target=\"_blank\">virou not\u00edcia mundial<\/a>. O Comit\u00ea Popular da Copa do Mundo e Olimp\u00edadas usou sua rede online para publicar e compartilhar o seu mais recente dossi\u00ea, este sobre as <a href=\"http:\/\/bit.ly\/1FV75Ko\" target=\"_blank\">viola\u00e7\u00f5es do direito ao esporte<\/a>. Apropriadamente, o Blog Action Day focou no tema, &#8220;<a href=\"http:\/\/bit.ly\/1OyQrTN\" target=\"_blank\">Erga a sua voz<\/a>&#8220;. <a href=\"http:\/\/bit.ly\/1N42g3U\" target=\"_blank\">Jornalistas comunit\u00e1rios<\/a>\u00a0contribu\u00edram com mat\u00e9rias sobre o <a href=\"http:\/\/bit.ly\/1GKcY88\" target=\"_blank\">poder do jornalismo comunit\u00e1rio<\/a>, como tamb\u00e9m a <a href=\"http:\/\/bit.ly\/1GKmOXR\" target=\"_blank\">censura e amea\u00e7as<\/a> que os desafiam. Tamb\u00e9m foram destacados os talentosos fot\u00f3grafos comunit\u00e1rios do coletivo <a href=\"http:\/\/bit.ly\/1LS84ap\" target=\"_blank\">Imagens do Povo<\/a>.<\/p>\n<p>A participa\u00e7\u00e3o de diversas perspectivas na m\u00eddia tem sido fundamental no debate em torno de <a href=\"http:\/\/bit.ly\/1ZrpHZ8\" target=\"_blank\">arrast\u00f5es nas praias<\/a>, <a href=\"http:\/\/wapo.st\/1WNeRKJ\" target=\"_blank\">vigilantismo<\/a>, as a\u00e7\u00f5es da pol\u00edcia e nas mudan\u00e7as de rota de \u00f4nibus, tornando mais dif\u00edcil para os moradores da Zona Norte do Rio chegarem na Zona Sul. Um artigo <a href=\"http:\/\/bit.ly\/1PFZ2nZ\" target=\"_blank\">aponta a ironia<\/a>\u00a0de investimentos do governo em inclus\u00e3o digital nas favelas,\u00a0enquanto ao mesmo tempo o governo implementa\u00a0t\u00e1ticas e pol\u00edticas policiais para refor\u00e7ar a exclus\u00e3o espacial.<\/p>\n<p>Embora dominante na grande m\u00eddia, o debate em curso sobre a seguran\u00e7a na praia estava longe de ser a \u00fanica not\u00edcia importante sobre a pol\u00edcia e a seguran\u00e7a deste m\u00eas. Uma\u00a0<a href=\"http:\/\/bit.ly\/1QoY24W\" target=\"_blank\">pesquisa longitudinal<\/a> revelou que policiais das UPPs perceberam mais atitudes negativas dos moradores para o programa em 2014 do que em anos anteriores. A complexidade da <a href=\"http:\/\/bit.ly\/1W77gJP\" target=\"_blank\">vida sob o controle de gangues de drogas<\/a> claramente n\u00e3o se tornou mais simples sob a autoridade da UPP. Enquanto isso, <a href=\"http:\/\/bit.ly\/1VzXm36\" target=\"_blank\">as pris\u00f5es do Brasil enfrentaram uma crise<\/a> de viol\u00eancia, condi\u00e7\u00f5es intoler\u00e1veis, e superlota\u00e7\u00e3o. A seguran\u00e7a tamb\u00e9m est\u00e1 complicada nas habita\u00e7\u00f5es p\u00fablicas do programa Minha Casa Minha Vida (MCMV), onde os moradores lutam com a <a href=\"http:\/\/bit.ly\/1W3ndB1\" target=\"_blank\">presen\u00e7a de traficantes e mil\u00edcias<\/a>. Novos <a href=\"http:\/\/bbc.in\/1NWxF95\" target=\"_blank\">encargos financeiros significativos, infraestrutura deficiente, e longos trajetos<\/a>\u00a0do MCMV correm o risco de reproduzir as desigualdades sociais.<\/p>\n<p>Em contraste com as dificuldades nos condom\u00ednios habitacionais p\u00fablicos, favelas como <a href=\"http:\/\/bit.ly\/1NHYYky\" target=\"_blank\">Asa Branca est\u00e3o prosperando com projetos<\/a> para promover a integra\u00e7\u00e3o da comunidade. N\u00f3s destacamos Asa Branca em comemora\u00e7\u00e3o ao tema do Dia Mundial das Cidades, &#8220;<a href=\"http:\/\/bit.ly\/1LRHktY\" target=\"_blank\">Desenhado para Viver Junto<\/a>&#8220;, juntamente com o <a href=\"http:\/\/bit.ly\/1M39Oi4\" target=\"_blank\">Plano Popular da Vila Aut\u00f3dromo<\/a>, que tem sido continuamente atualizado para viver junto com os Jogos Ol\u00edmpicos, e tamb\u00e9m o Morro do Formiga, onde <a href=\"http:\/\/bit.ly\/1RFbS3h\" target=\"_blank\">hortas comunit\u00e1rias<\/a> e <a href=\"http:\/\/bit.ly\/1LFuZvK\" target=\"_blank\">sociedades de \u00e1gua<\/a>\u00a0possibilitam\u00a0a conviv\u00eancia dos\u00a0moradores com o meio ambiente.<\/p>\n<p>Projetos ambientais e de sustentabilidade como estes e o <a href=\"http:\/\/bit.ly\/1Hawg6U\" target=\"_blank\">biodigestor de tratamento de esgoto no Vale Encantado<\/a>, s\u00e3o cada vez mais importantes no Rio. Cientistas hoje prev\u00eaem que o\u00a0Rio ser\u00e1\u00a0a cidade\u00a0<a href=\"http:\/\/bit.ly\/1MCjILS\" target=\"_blank\">mais afetada<\/a>\u00a0pelo aquecimento global entre\u00a0todas as cidades da Am\u00e9rica do Sul. Esses efeitos j\u00e1 afetam desproporcionalmente bairros perif\u00e9ricos de baixa renda como indica essa importante pesquisa sobre as <a href=\"http:\/\/bit.ly\/1MORVn6\" target=\"_blank\">ilhas de calor urbanas<\/a> no Rio de Janeiro.<\/p>\n<p>Em outras not\u00edcias das comunidades locais, neste m\u00eas tamb\u00e9m ocorreu a conclus\u00e3o do primeiro festival &#8220;<a href=\"http:\/\/bit.ly\/1jxboSt\" target=\"_blank\">Comida da Favela<\/a>\u201d, no Complexo da Mar\u00e9. Ambos o festival e o\u00a0<a href=\"http:\/\/bit.ly\/1G0pp5a\" target=\"_blank\">Afro-Rio Walking Tour<\/a>, na Zona Portu\u00e1ria, destacam aspectos frequentemente esquecidos, por\u00e9m\u00a0importantes, da cultura e do patrim\u00f4nio de cada localidade. E, finalmente, um <a href=\"http:\/\/bit.ly\/1G8OwCn\" target=\"_blank\">evento na Rocinha<\/a> incentivou os moradores a pensarem como seria o Rio se eles pudessem participar plenamente nos processos de tomada de decis\u00f5es que os afetam. A realidade da participa\u00e7\u00e3o no Rio n\u00e3o \u00e9 sempre assim t\u00e3o incentivadora como destacada\u00a0<a href=\"http:\/\/bit.ly\/1Ow2jWI\" target=\"_blank\">neste artigo sat\u00edrico<\/a>.<\/p>\n<p>Aguarde nosso pr\u00f3ximo resumo dos artigos de novembro&#8211;m\u00eas da Consci\u00eancia Negra no Brasil. Para obter mais informa\u00e7\u00f5es e links das not\u00edcias do m\u00eas nas favelas, consulte aqui o nosso <a href=\"http:\/\/bit.ly\/1Q47HAV\" target=\"_blank\">Resumo das Not\u00edcias das Favelas, m\u00eas de outubro 2015<\/a> (em ingl\u00eas). Voc\u00ea pode <a href=\"http:\/\/bit.ly\/CatCommSignUp\" target=\"_blank\">se inscrever aqui para receber diretamente no seu email o Favela Digest a cada m\u00eas<\/a>.<\/p>\n<!-- AddThis Advanced Settings generic via filter on the_content --><!-- AddThis Share Buttons generic via filter on the_content -->","protected":false},"excerpt":{"rendered":"<div class=\"mh-excerpt\"><p>Click Here for English Os holofotes da m\u00eddia sobre o Rio est\u00e3o crescendo com cada vez mais intensidade antes dos Jogos Ol\u00edmpicos, come\u00e7ando em outubro com a confer\u00eancia de imprensa para os jornalistas internacionais do <a class=\"mh-excerpt-more\" href=\"https:\/\/rioonwatch.org.br\/?p=16878\" title=\"Favelas nas Not\u00edcias: Resumo de Outubro 2015\">[&#8230;]<\/a><!-- AddThis Advanced Settings generic via filter on get_the_excerpt --><!-- AddThis Share Buttons generic via filter on get_the_excerpt --><\/p>\n<\/div>","protected":false},"author":132,"featured_media":16881,"comment_status":"closed","ping_status":"closed","sticky":false,"template":"","format":"standard","meta":{"_acf_changed":false,"_monsterinsights_skip_tracking":false,"_monsterinsights_sitenote_active":false,"_monsterinsights_sitenote_note":"","_monsterinsights_sitenote_category":0,"footnotes":""},"categories":[1621,1631],"tags":[1741],"writer":[1199],"translator":[1491],"source":[],"ilustrador":[],"fotografo":[],"class_list":{"0":"post-16878","1":"post","2":"type-post","3":"status-publish","4":"format-standard","5":"has-post-thumbnail","7":"category-destaque","8":"category-entendendo-o-rio","9":"tag-resumo","10":"writer-cerianne-robertson","11":"translator-patricia-gomes"},"acf":[],"yoast_head":"<!-- This site is optimized with the Yoast SEO plugin v25.6 - https:\/\/yoast.com\/wordpress\/plugins\/seo\/ -->\n<title>Favelas nas Not\u00edcias: Resumo de Outubro 2015 - RioOnWatch<\/title>\n<meta name=\"robots\" content=\"index, follow, max-snippet:-1, max-image-preview:large, max-video-preview:-1\" \/>\n<link rel=\"canonical\" href=\"https:\/\/rioonwatch.org.br\/?p=16878\" \/>\n<meta property=\"og:locale\" content=\"pt_BR\" \/>\n<meta property=\"og:type\" content=\"article\" \/>\n<meta property=\"og:title\" content=\"Favelas nas Not\u00edcias: Resumo de Outubro 2015 - RioOnWatch\" \/>\n<meta property=\"og:description\" content=\"Click Here for English Os holofotes da m\u00eddia sobre o Rio est\u00e3o crescendo com cada vez mais intensidade antes dos Jogos Ol\u00edmpicos, come\u00e7ando em outubro com a confer\u00eancia de imprensa para os jornalistas internacionais do [...]\" \/>\n<meta property=\"og:url\" content=\"https:\/\/rioonwatch.org.br\/?p=16878\" \/>\n<meta property=\"og:site_name\" content=\"RioOnWatch\" \/>\n<meta property=\"article:published_time\" content=\"2015-11-11T19:41:17+00:00\" \/>\n<meta property=\"article:modified_time\" content=\"2016-01-18T05:24:00+00:00\" \/>\n<meta property=\"og:image\" content=\"https:\/\/rioonwatch.org.br\/wp-content\/uploads\/2015\/11\/Octobercollageb.jpg\" \/>\n\t<meta property=\"og:image:width\" content=\"2000\" \/>\n\t<meta property=\"og:image:height\" content=\"1000\" \/>\n\t<meta property=\"og:image:type\" content=\"image\/jpeg\" \/>\n<meta name=\"author\" content=\"Felicity\" \/>\n<meta name=\"twitter:card\" content=\"summary_large_image\" \/>\n<meta name=\"twitter:label1\" content=\"Escrito por\" \/>\n\t<meta name=\"twitter:data1\" content=\"Felicity\" \/>\n\t<meta name=\"twitter:label2\" content=\"Est. tempo de leitura\" \/>\n\t<meta name=\"twitter:data2\" content=\"5 minutos\" \/>\n<script type=\"application\/ld+json\" class=\"yoast-schema-graph\">{\"@context\":\"https:\/\/schema.org\",\"@graph\":[{\"@type\":\"Article\",\"@id\":\"https:\/\/rioonwatch.org.br\/?p=16878#article\",\"isPartOf\":{\"@id\":\"https:\/\/rioonwatch.org.br\/?p=16878\"},\"author\":{\"name\":\"Felicity\",\"@id\":\"https:\/\/rioonwatch.org.br\/#\/schema\/person\/4d05cf5053c358ab740b3edd75a173f2\"},\"headline\":\"Favelas nas Not\u00edcias: Resumo de Outubro 2015\",\"datePublished\":\"2015-11-11T19:41:17+00:00\",\"dateModified\":\"2016-01-18T05:24:00+00:00\",\"mainEntityOfPage\":{\"@id\":\"https:\/\/rioonwatch.org.br\/?p=16878\"},\"wordCount\":969,\"publisher\":{\"@id\":\"https:\/\/rioonwatch.org.br\/#organization\"},\"image\":{\"@id\":\"https:\/\/rioonwatch.org.br\/?p=16878#primaryimage\"},\"thumbnailUrl\":\"https:\/\/rioonwatch.org.br\/wp-content\/uploads\/2015\/11\/Octobercollageb.jpg\",\"keywords\":[\"Resumo\"],\"articleSection\":[\"*Destaque\",\"Entendendo o Rio\"],\"inLanguage\":\"pt-BR\"},{\"@type\":\"WebPage\",\"@id\":\"https:\/\/rioonwatch.org.br\/?p=16878\",\"url\":\"https:\/\/rioonwatch.org.br\/?p=16878\",\"name\":\"Favelas nas Not\u00edcias: Resumo de Outubro 2015 - RioOnWatch\",\"isPartOf\":{\"@id\":\"https:\/\/rioonwatch.org.br\/#website\"},\"primaryImageOfPage\":{\"@id\":\"https:\/\/rioonwatch.org.br\/?p=16878#primaryimage\"},\"image\":{\"@id\":\"https:\/\/rioonwatch.org.br\/?p=16878#primaryimage\"},\"thumbnailUrl\":\"https:\/\/rioonwatch.org.br\/wp-content\/uploads\/2015\/11\/Octobercollageb.jpg\",\"datePublished\":\"2015-11-11T19:41:17+00:00\",\"dateModified\":\"2016-01-18T05:24:00+00:00\",\"breadcrumb\":{\"@id\":\"https:\/\/rioonwatch.org.br\/?p=16878#breadcrumb\"},\"inLanguage\":\"pt-BR\",\"potentialAction\":[{\"@type\":\"ReadAction\",\"target\":[\"https:\/\/rioonwatch.org.br\/?p=16878\"]}]},{\"@type\":\"ImageObject\",\"inLanguage\":\"pt-BR\",\"@id\":\"https:\/\/rioonwatch.org.br\/?p=16878#primaryimage\",\"url\":\"https:\/\/rioonwatch.org.br\/wp-content\/uploads\/2015\/11\/Octobercollageb.jpg\",\"contentUrl\":\"https:\/\/rioonwatch.org.br\/wp-content\/uploads\/2015\/11\/Octobercollageb.jpg\",\"width\":2000,\"height\":1000},{\"@type\":\"BreadcrumbList\",\"@id\":\"https:\/\/rioonwatch.org.br\/?p=16878#breadcrumb\",\"itemListElement\":[{\"@type\":\"ListItem\",\"position\":1,\"name\":\"In\u00edcio\",\"item\":\"https:\/\/rioonwatch.org.br\/\"},{\"@type\":\"ListItem\",\"position\":2,\"name\":\"Favelas nas Not\u00edcias: Resumo de Outubro 2015\"}]},{\"@type\":\"WebSite\",\"@id\":\"https:\/\/rioonwatch.org.br\/#website\",\"url\":\"https:\/\/rioonwatch.org.br\/\",\"name\":\"RioOnWatch\",\"description\":\"relatos das favelas cariocas\",\"publisher\":{\"@id\":\"https:\/\/rioonwatch.org.br\/#organization\"},\"potentialAction\":[{\"@type\":\"SearchAction\",\"target\":{\"@type\":\"EntryPoint\",\"urlTemplate\":\"https:\/\/rioonwatch.org.br\/?s={search_term_string}\"},\"query-input\":{\"@type\":\"PropertyValueSpecification\",\"valueRequired\":true,\"valueName\":\"search_term_string\"}}],\"inLanguage\":\"pt-BR\"},{\"@type\":\"Organization\",\"@id\":\"https:\/\/rioonwatch.org.br\/#organization\",\"name\":\"RioOnWatch\",\"url\":\"https:\/\/rioonwatch.org.br\/\",\"logo\":{\"@type\":\"ImageObject\",\"inLanguage\":\"pt-BR\",\"@id\":\"https:\/\/rioonwatch.org.br\/#\/schema\/logo\/image\/\",\"url\":\"https:\/\/rioonwatch.org.br\/wp-content\/uploads\/2021\/06\/RioOnWatchcabecalhoPT11anos-2.png\",\"contentUrl\":\"https:\/\/rioonwatch.org.br\/wp-content\/uploads\/2021\/06\/RioOnWatchcabecalhoPT11anos-2.png\",\"width\":779,\"height\":277,\"caption\":\"RioOnWatch\"},\"image\":{\"@id\":\"https:\/\/rioonwatch.org.br\/#\/schema\/logo\/image\/\"}},{\"@type\":\"Person\",\"@id\":\"https:\/\/rioonwatch.org.br\/#\/schema\/person\/4d05cf5053c358ab740b3edd75a173f2\",\"name\":\"Felicity\",\"image\":{\"@type\":\"ImageObject\",\"inLanguage\":\"pt-BR\",\"@id\":\"https:\/\/rioonwatch.org.br\/#\/schema\/person\/image\/\",\"url\":\"https:\/\/secure.gravatar.com\/avatar\/bfc904486dc0bba6015410a00fe3fc27?s=96&d=blank&r=g\",\"contentUrl\":\"https:\/\/secure.gravatar.com\/avatar\/bfc904486dc0bba6015410a00fe3fc27?s=96&d=blank&r=g\",\"caption\":\"Felicity\"},\"url\":\"https:\/\/rioonwatch.org.br\/?author=132\"}]}<\/script>\n<!-- \/ Yoast SEO plugin. -->","yoast_head_json":{"title":"Favelas nas Not\u00edcias: Resumo de Outubro 2015 - RioOnWatch","robots":{"index":"index","follow":"follow","max-snippet":"max-snippet:-1","max-image-preview":"max-image-preview:large","max-video-preview":"max-video-preview:-1"},"canonical":"https:\/\/rioonwatch.org.br\/?p=16878","og_locale":"pt_BR","og_type":"article","og_title":"Favelas nas Not\u00edcias: Resumo de Outubro 2015 - RioOnWatch","og_description":"Click Here for English Os holofotes da m\u00eddia sobre o Rio est\u00e3o crescendo com cada vez mais intensidade antes dos Jogos Ol\u00edmpicos, come\u00e7ando em outubro com a confer\u00eancia de imprensa para os jornalistas internacionais do [...]","og_url":"https:\/\/rioonwatch.org.br\/?p=16878","og_site_name":"RioOnWatch","article_published_time":"2015-11-11T19:41:17+00:00","article_modified_time":"2016-01-18T05:24:00+00:00","og_image":[{"width":2000,"height":1000,"url":"https:\/\/rioonwatch.org.br\/wp-content\/uploads\/2015\/11\/Octobercollageb.jpg","type":"image\/jpeg"}],"author":"Felicity","twitter_card":"summary_large_image","twitter_misc":{"Escrito por":"Felicity","Est. tempo de leitura":"5 minutos"},"schema":{"@context":"https:\/\/schema.org","@graph":[{"@type":"Article","@id":"https:\/\/rioonwatch.org.br\/?p=16878#article","isPartOf":{"@id":"https:\/\/rioonwatch.org.br\/?p=16878"},"author":{"name":"Felicity","@id":"https:\/\/rioonwatch.org.br\/#\/schema\/person\/4d05cf5053c358ab740b3edd75a173f2"},"headline":"Favelas nas Not\u00edcias: Resumo de Outubro 2015","datePublished":"2015-11-11T19:41:17+00:00","dateModified":"2016-01-18T05:24:00+00:00","mainEntityOfPage":{"@id":"https:\/\/rioonwatch.org.br\/?p=16878"},"wordCount":969,"publisher":{"@id":"https:\/\/rioonwatch.org.br\/#organization"},"image":{"@id":"https:\/\/rioonwatch.org.br\/?p=16878#primaryimage"},"thumbnailUrl":"https:\/\/rioonwatch.org.br\/wp-content\/uploads\/2015\/11\/Octobercollageb.jpg","keywords":["Resumo"],"articleSection":["*Destaque","Entendendo o Rio"],"inLanguage":"pt-BR"},{"@type":"WebPage","@id":"https:\/\/rioonwatch.org.br\/?p=16878","url":"https:\/\/rioonwatch.org.br\/?p=16878","name":"Favelas nas Not\u00edcias: Resumo de Outubro 2015 - RioOnWatch","isPartOf":{"@id":"https:\/\/rioonwatch.org.br\/#website"},"primaryImageOfPage":{"@id":"https:\/\/rioonwatch.org.br\/?p=16878#primaryimage"},"image":{"@id":"https:\/\/rioonwatch.org.br\/?p=16878#primaryimage"},"thumbnailUrl":"https:\/\/rioonwatch.org.br\/wp-content\/uploads\/2015\/11\/Octobercollageb.jpg","datePublished":"2015-11-11T19:41:17+00:00","dateModified":"2016-01-18T05:24:00+00:00","breadcrumb":{"@id":"https:\/\/rioonwatch.org.br\/?p=16878#breadcrumb"},"inLanguage":"pt-BR","potentialAction":[{"@type":"ReadAction","target":["https:\/\/rioonwatch.org.br\/?p=16878"]}]},{"@type":"ImageObject","inLanguage":"pt-BR","@id":"https:\/\/rioonwatch.org.br\/?p=16878#primaryimage","url":"https:\/\/rioonwatch.org.br\/wp-content\/uploads\/2015\/11\/Octobercollageb.jpg","contentUrl":"https:\/\/rioonwatch.org.br\/wp-content\/uploads\/2015\/11\/Octobercollageb.jpg","width":2000,"height":1000},{"@type":"BreadcrumbList","@id":"https:\/\/rioonwatch.org.br\/?p=16878#breadcrumb","itemListElement":[{"@type":"ListItem","position":1,"name":"In\u00edcio","item":"https:\/\/rioonwatch.org.br\/"},{"@type":"ListItem","position":2,"name":"Favelas nas Not\u00edcias: Resumo de Outubro 2015"}]},{"@type":"WebSite","@id":"https:\/\/rioonwatch.org.br\/#website","url":"https:\/\/rioonwatch.org.br\/","name":"RioOnWatch","description":"relatos das favelas cariocas","publisher":{"@id":"https:\/\/rioonwatch.org.br\/#organization"},"potentialAction":[{"@type":"SearchAction","target":{"@type":"EntryPoint","urlTemplate":"https:\/\/rioonwatch.org.br\/?s={search_term_string}"},"query-input":{"@type":"PropertyValueSpecification","valueRequired":true,"valueName":"search_term_string"}}],"inLanguage":"pt-BR"},{"@type":"Organization","@id":"https:\/\/rioonwatch.org.br\/#organization","name":"RioOnWatch","url":"https:\/\/rioonwatch.org.br\/","logo":{"@type":"ImageObject","inLanguage":"pt-BR","@id":"https:\/\/rioonwatch.org.br\/#\/schema\/logo\/image\/","url":"https:\/\/rioonwatch.org.br\/wp-content\/uploads\/2021\/06\/RioOnWatchcabecalhoPT11anos-2.png","contentUrl":"https:\/\/rioonwatch.org.br\/wp-content\/uploads\/2021\/06\/RioOnWatchcabecalhoPT11anos-2.png","width":779,"height":277,"caption":"RioOnWatch"},"image":{"@id":"https:\/\/rioonwatch.org.br\/#\/schema\/logo\/image\/"}},{"@type":"Person","@id":"https:\/\/rioonwatch.org.br\/#\/schema\/person\/4d05cf5053c358ab740b3edd75a173f2","name":"Felicity","image":{"@type":"ImageObject","inLanguage":"pt-BR","@id":"https:\/\/rioonwatch.org.br\/#\/schema\/person\/image\/","url":"https:\/\/secure.gravatar.com\/avatar\/bfc904486dc0bba6015410a00fe3fc27?s=96&d=blank&r=g","contentUrl":"https:\/\/secure.gravatar.com\/avatar\/bfc904486dc0bba6015410a00fe3fc27?s=96&d=blank&r=g","caption":"Felicity"},"url":"https:\/\/rioonwatch.org.br\/?author=132"}]}},"_links":{"self":[{"href":"https:\/\/rioonwatch.org.br\/index.php?rest_route=\/wp\/v2\/posts\/16878"}],"collection":[{"href":"https:\/\/rioonwatch.org.br\/index.php?rest_route=\/wp\/v2\/posts"}],"about":[{"href":"https:\/\/rioonwatch.org.br\/index.php?rest_route=\/wp\/v2\/types\/post"}],"author":[{"embeddable":true,"href":"https:\/\/rioonwatch.org.br\/index.php?rest_route=\/wp\/v2\/users\/132"}],"replies":[{"embeddable":true,"href":"https:\/\/rioonwatch.org.br\/index.php?rest_route=%2Fwp%2Fv2%2Fcomments&post=16878"}],"version-history":[{"count":14,"href":"https:\/\/rioonwatch.org.br\/index.php?rest_route=\/wp\/v2\/posts\/16878\/revisions"}],"predecessor-version":[{"id":16949,"href":"https:\/\/rioonwatch.org.br\/index.php?rest_route=\/wp\/v2\/posts\/16878\/revisions\/16949"}],"wp:featuredmedia":[{"embeddable":true,"href":"https:\/\/rioonwatch.org.br\/index.php?rest_route=\/wp\/v2\/media\/16881"}],"wp:attachment":[{"href":"https:\/\/rioonwatch.org.br\/index.php?rest_route=%2Fwp%2Fv2%2Fmedia&parent=16878"}],"wp:term":[{"taxonomy":"category","embeddable":true,"href":"https:\/\/rioonwatch.org.br\/index.php?rest_route=%2Fwp%2Fv2%2Fcategories&post=16878"},{"taxonomy":"post_tag","embeddable":true,"href":"https:\/\/rioonwatch.org.br\/index.php?rest_route=%2Fwp%2Fv2%2Ftags&post=16878"},{"taxonomy":"writer","embeddable":true,"href":"https:\/\/rioonwatch.org.br\/index.php?rest_route=%2Fwp%2Fv2%2Fwriter&post=16878"},{"taxonomy":"translator","embeddable":true,"href":"https:\/\/rioonwatch.org.br\/index.php?rest_route=%2Fwp%2Fv2%2Ftranslator&post=16878"},{"taxonomy":"source","embeddable":true,"href":"https:\/\/rioonwatch.org.br\/index.php?rest_route=%2Fwp%2Fv2%2Fsource&post=16878"},{"taxonomy":"ilustrador","embeddable":true,"href":"https:\/\/rioonwatch.org.br\/index.php?rest_route=%2Fwp%2Fv2%2Filustrador&post=16878"},{"taxonomy":"fotografo","embeddable":true,"href":"https:\/\/rioonwatch.org.br\/index.php?rest_route=%2Fwp%2Fv2%2Ffotografo&post=16878"}],"curies":[{"name":"wp","href":"https:\/\/api.w.org\/{rel}","templated":true}]}}