{"id":16960,"date":"2015-11-18T09:00:42","date_gmt":"2015-11-18T12:00:42","guid":{"rendered":"http:\/\/rioonwatch.org.br\/?p=16960"},"modified":"2015-11-18T21:19:12","modified_gmt":"2015-11-19T00:19:12","slug":"vivendo-com-a-natureza-no-morro-da-formiga-uma-entrevista-com-amadeu-palmares-da-silveira-video","status":"publish","type":"post","link":"https:\/\/rioonwatch.org.br\/?p=16960","title":{"rendered":"Vivendo com a Natureza no Morro da Formiga: Uma Entrevista com Amadeu Palmares  [V\u00cdDEO]"},"content":{"rendered":"<p style=\"text-align: right;\"><em><strong><a href=\"http:\/\/www.rioonwatch.org\/?p=25137\" target=\"_blank\">Click Here for English<img decoding=\"async\" width=\"20\" height=\"20\" class=\"alignright wp-image-15790\" src=\"http:\/\/rioonwatch.org.br\/wp-content\/uploads\/2012\/08\/EN-standard-e1439583104716.jpg\" alt=\"\" \/><\/a><\/strong><\/em><\/p>\n<p>O dia 31 de outubro de 2015 foi o segundo\u00a0<a href=\"http:\/\/bit.ly\/1PUu1wA\" target=\"_blank\">Dia Mundial das Cidades<\/a>\u00a0das Na\u00e7\u00f5es Unidas. Uma data destinada a promover o interesse pela vida urbana sustent\u00e1vel em todo o mundo. O tema deste ano foi &#8220;<a href=\"http:\/\/bit.ly\/1GRqMD9\" target=\"_blank\">Desenhado para Viver Junto<\/a>&#8220;. As favelas do Rio de Janeiro possuem muitas das\u00a0qualidades associadas ao desenvolvimento \u201clow-rise\/high-density&#8221; (de baixa verticalidade por\u00e9m com alta densidade) que especialistas em urbanismo associam a benef\u00edcios sociais e ambientais.\u00a0A falta de investimentos p\u00fablico nas favelas historicamente tem levado muitas comunidades a projetarem e construir a sua pr\u00f3pria infraestrutura para esgoto, \u00e1gua e eletricidade. O Morro da Formiga \u00e9 um excelente exemplo. Os moradores da comunidade convivem com a natureza e a sustentabilidade em mente, com infraestrutura de \u00e1gua cuja gest\u00e3o \u00e9 feita por moradores trabalhando coletivamente, hortas comunit\u00e1rias, aulas de horticultura e apicultura. Amadeu Palmares da Silveira \u00e9 um morador, jardineiro profissional, membro das <a href=\"http:\/\/bit.ly\/1S1blJy\" target=\"_blank\">sociedades de \u00e1gua<\/a> e em seu tempo livre ensina horticultura na comunidade. No dia 9 de setembro o RioOnWatch acompanhou Amadeu em uma excurs\u00e3o em seu bairro onde ele falou sobre a liga\u00e7\u00e3o da comunidade com o meio ambiente:<\/p>\n<p><iframe src=\"https:\/\/www.youtube.com\/embed\/BoALqxdW1SM\" width=\"620\" height=\"349\" frameborder=\"0\" allowfullscreen=\"allowfullscreen\"><\/iframe><\/p>\n<!-- AddThis Advanced Settings generic via filter on the_content --><!-- AddThis Share Buttons generic via filter on the_content -->","protected":false},"excerpt":{"rendered":"<div class=\"mh-excerpt\"><p>Click Here for English O dia 31 de outubro de 2015 foi o segundo\u00a0Dia Mundial das Cidades\u00a0das Na\u00e7\u00f5es Unidas. Uma data destinada a promover o interesse pela vida urbana sustent\u00e1vel em todo o mundo. O <a class=\"mh-excerpt-more\" href=\"https:\/\/rioonwatch.org.br\/?p=16960\" title=\"Vivendo com a Natureza no Morro da Formiga: Uma Entrevista com Amadeu Palmares  [V\u00cdDEO]\">[&#8230;]<\/a><!-- AddThis Advanced Settings generic via filter on get_the_excerpt --><!-- AddThis Share Buttons generic via filter on get_the_excerpt --><\/p>\n<\/div>","protected":false},"author":129,"featured_media":16969,"comment_status":"closed","ping_status":"closed","sticky":false,"template":"","format":"standard","meta":{"_acf_changed":false,"_monsterinsights_skip_tracking":false,"_monsterinsights_sitenote_active":false,"_monsterinsights_sitenote_note":"","_monsterinsights_sitenote_category":0,"footnotes":""},"categories":[1629,1626,1616,342,1639,1638],"tags":[1711,1097,106,232,404,218],"writer":[1708],"translator":[1491],"source":[],"ilustrador":[],"fotografo":[],"class_list":{"0":"post-16960","1":"post","2":"type-post","3":"status-publish","4":"format-standard","5":"has-post-thumbnail","7":"category-entrevistas-e-perfis","8":"category-por-observadores-internacionais","9":"category-qualidades-da-favela","10":"category-solucoes","11":"category-sustentabilidade","12":"category-video","13":"tag-dia-mundial-das-cidades","14":"tag-horta-comunitaria","15":"tag-meio-ambiente","16":"tag-morro-da-formiga","17":"tag-sustentabilidade","18":"tag-zona-norte","19":"writer-claire-lepercq","20":"translator-patricia-gomes"},"acf":[],"yoast_head":"<!-- This site is optimized with the Yoast SEO plugin v25.6 - https:\/\/yoast.com\/wordpress\/plugins\/seo\/ -->\n<title>Vivendo com a Natureza no Morro da Formiga: Uma Entrevista com Amadeu Palmares [V\u00cdDEO] - RioOnWatch<\/title>\n<meta name=\"robots\" content=\"index, follow, max-snippet:-1, max-image-preview:large, max-video-preview:-1\" \/>\n<link rel=\"canonical\" href=\"https:\/\/rioonwatch.org.br\/?p=16960\" \/>\n<meta property=\"og:locale\" content=\"pt_BR\" \/>\n<meta property=\"og:type\" content=\"article\" \/>\n<meta property=\"og:title\" content=\"Vivendo com a Natureza no Morro da Formiga: Uma Entrevista com Amadeu Palmares [V\u00cdDEO] - RioOnWatch\" \/>\n<meta property=\"og:description\" content=\"Click Here for English O dia 31 de outubro de 2015 foi o segundo\u00a0Dia Mundial das Cidades\u00a0das Na\u00e7\u00f5es Unidas. Uma data destinada a promover o interesse pela vida urbana sustent\u00e1vel em todo o mundo. O [...]\" \/>\n<meta property=\"og:url\" content=\"https:\/\/rioonwatch.org.br\/?p=16960\" \/>\n<meta property=\"og:site_name\" content=\"RioOnWatch\" \/>\n<meta property=\"article:published_time\" content=\"2015-11-18T12:00:42+00:00\" \/>\n<meta property=\"article:modified_time\" content=\"2015-11-19T00:19:12+00:00\" \/>\n<meta property=\"og:image\" content=\"https:\/\/rioonwatch.org.br\/wp-content\/uploads\/2015\/11\/Formiga.jpg\" \/>\n\t<meta property=\"og:image:width\" content=\"2495\" \/>\n\t<meta property=\"og:image:height\" content=\"1291\" \/>\n\t<meta property=\"og:image:type\" content=\"image\/jpeg\" \/>\n<meta name=\"author\" content=\"Admin\" \/>\n<meta name=\"twitter:card\" content=\"summary_large_image\" \/>\n<meta name=\"twitter:label1\" content=\"Escrito por\" \/>\n\t<meta name=\"twitter:data1\" content=\"Admin\" \/>\n\t<meta name=\"twitter:label2\" content=\"Est. tempo de leitura\" \/>\n\t<meta name=\"twitter:data2\" content=\"1 minuto\" \/>\n<script type=\"application\/ld+json\" class=\"yoast-schema-graph\">{\"@context\":\"https:\/\/schema.org\",\"@graph\":[{\"@type\":\"Article\",\"@id\":\"https:\/\/rioonwatch.org.br\/?p=16960#article\",\"isPartOf\":{\"@id\":\"https:\/\/rioonwatch.org.br\/?p=16960\"},\"author\":{\"name\":\"Admin\",\"@id\":\"https:\/\/rioonwatch.org.br\/#\/schema\/person\/11d64c290506f9df50c71b850c473f68\"},\"headline\":\"Vivendo com a Natureza no Morro da Formiga: Uma Entrevista com Amadeu Palmares [V\u00cdDEO]\",\"datePublished\":\"2015-11-18T12:00:42+00:00\",\"dateModified\":\"2015-11-19T00:19:12+00:00\",\"mainEntityOfPage\":{\"@id\":\"https:\/\/rioonwatch.org.br\/?p=16960\"},\"wordCount\":211,\"publisher\":{\"@id\":\"https:\/\/rioonwatch.org.br\/#organization\"},\"image\":{\"@id\":\"https:\/\/rioonwatch.org.br\/?p=16960#primaryimage\"},\"thumbnailUrl\":\"https:\/\/rioonwatch.org.br\/wp-content\/uploads\/2015\/11\/Formiga.jpg\",\"keywords\":[\"Dia Mundial das Cidades\",\"horta comunit\u00e1ria\",\"meio ambiente\",\"Morro da Formiga\",\"sustentabilidade\",\"Zona Norte\"],\"articleSection\":[\"Entrevistas e Perfis\",\"Escrito por Aliados\",\"Qualidades da Favela\",\"Solu\u00e7\u00f5es\",\"Sustentabilidade\",\"V\u00eddeo\"],\"inLanguage\":\"pt-BR\"},{\"@type\":\"WebPage\",\"@id\":\"https:\/\/rioonwatch.org.br\/?p=16960\",\"url\":\"https:\/\/rioonwatch.org.br\/?p=16960\",\"name\":\"Vivendo com a Natureza no Morro da Formiga: Uma Entrevista com Amadeu Palmares [V\u00cdDEO] - RioOnWatch\",\"isPartOf\":{\"@id\":\"https:\/\/rioonwatch.org.br\/#website\"},\"primaryImageOfPage\":{\"@id\":\"https:\/\/rioonwatch.org.br\/?p=16960#primaryimage\"},\"image\":{\"@id\":\"https:\/\/rioonwatch.org.br\/?p=16960#primaryimage\"},\"thumbnailUrl\":\"https:\/\/rioonwatch.org.br\/wp-content\/uploads\/2015\/11\/Formiga.jpg\",\"datePublished\":\"2015-11-18T12:00:42+00:00\",\"dateModified\":\"2015-11-19T00:19:12+00:00\",\"breadcrumb\":{\"@id\":\"https:\/\/rioonwatch.org.br\/?p=16960#breadcrumb\"},\"inLanguage\":\"pt-BR\",\"potentialAction\":[{\"@type\":\"ReadAction\",\"target\":[\"https:\/\/rioonwatch.org.br\/?p=16960\"]}]},{\"@type\":\"ImageObject\",\"inLanguage\":\"pt-BR\",\"@id\":\"https:\/\/rioonwatch.org.br\/?p=16960#primaryimage\",\"url\":\"https:\/\/rioonwatch.org.br\/wp-content\/uploads\/2015\/11\/Formiga.jpg\",\"contentUrl\":\"https:\/\/rioonwatch.org.br\/wp-content\/uploads\/2015\/11\/Formiga.jpg\",\"width\":2495,\"height\":1291},{\"@type\":\"BreadcrumbList\",\"@id\":\"https:\/\/rioonwatch.org.br\/?p=16960#breadcrumb\",\"itemListElement\":[{\"@type\":\"ListItem\",\"position\":1,\"name\":\"In\u00edcio\",\"item\":\"https:\/\/rioonwatch.org.br\/\"},{\"@type\":\"ListItem\",\"position\":2,\"name\":\"Vivendo com a Natureza no Morro da Formiga: Uma Entrevista com Amadeu Palmares [V\u00cdDEO]\"}]},{\"@type\":\"WebSite\",\"@id\":\"https:\/\/rioonwatch.org.br\/#website\",\"url\":\"https:\/\/rioonwatch.org.br\/\",\"name\":\"RioOnWatch\",\"description\":\"relatos das favelas cariocas\",\"publisher\":{\"@id\":\"https:\/\/rioonwatch.org.br\/#organization\"},\"potentialAction\":[{\"@type\":\"SearchAction\",\"target\":{\"@type\":\"EntryPoint\",\"urlTemplate\":\"https:\/\/rioonwatch.org.br\/?s={search_term_string}\"},\"query-input\":{\"@type\":\"PropertyValueSpecification\",\"valueRequired\":true,\"valueName\":\"search_term_string\"}}],\"inLanguage\":\"pt-BR\"},{\"@type\":\"Organization\",\"@id\":\"https:\/\/rioonwatch.org.br\/#organization\",\"name\":\"RioOnWatch\",\"url\":\"https:\/\/rioonwatch.org.br\/\",\"logo\":{\"@type\":\"ImageObject\",\"inLanguage\":\"pt-BR\",\"@id\":\"https:\/\/rioonwatch.org.br\/#\/schema\/logo\/image\/\",\"url\":\"https:\/\/rioonwatch.org.br\/wp-content\/uploads\/2021\/06\/RioOnWatchcabecalhoPT11anos-2.png\",\"contentUrl\":\"https:\/\/rioonwatch.org.br\/wp-content\/uploads\/2021\/06\/RioOnWatchcabecalhoPT11anos-2.png\",\"width\":779,\"height\":277,\"caption\":\"RioOnWatch\"},\"image\":{\"@id\":\"https:\/\/rioonwatch.org.br\/#\/schema\/logo\/image\/\"}},{\"@type\":\"Person\",\"@id\":\"https:\/\/rioonwatch.org.br\/#\/schema\/person\/11d64c290506f9df50c71b850c473f68\",\"name\":\"Admin\",\"image\":{\"@type\":\"ImageObject\",\"inLanguage\":\"pt-BR\",\"@id\":\"https:\/\/rioonwatch.org.br\/#\/schema\/person\/image\/\",\"url\":\"https:\/\/secure.gravatar.com\/avatar\/56211ac74568383903349a1485e3c325?s=96&d=blank&r=g\",\"contentUrl\":\"https:\/\/secure.gravatar.com\/avatar\/56211ac74568383903349a1485e3c325?s=96&d=blank&r=g\",\"caption\":\"Admin\"},\"url\":\"https:\/\/rioonwatch.org.br\/?author=129\"}]}<\/script>\n<!-- \/ Yoast SEO plugin. -->","yoast_head_json":{"title":"Vivendo com a Natureza no Morro da Formiga: Uma Entrevista com Amadeu Palmares [V\u00cdDEO] - RioOnWatch","robots":{"index":"index","follow":"follow","max-snippet":"max-snippet:-1","max-image-preview":"max-image-preview:large","max-video-preview":"max-video-preview:-1"},"canonical":"https:\/\/rioonwatch.org.br\/?p=16960","og_locale":"pt_BR","og_type":"article","og_title":"Vivendo com a Natureza no Morro da Formiga: Uma Entrevista com Amadeu Palmares [V\u00cdDEO] - RioOnWatch","og_description":"Click Here for English O dia 31 de outubro de 2015 foi o segundo\u00a0Dia Mundial das Cidades\u00a0das Na\u00e7\u00f5es Unidas. Uma data destinada a promover o interesse pela vida urbana sustent\u00e1vel em todo o mundo. O [...]","og_url":"https:\/\/rioonwatch.org.br\/?p=16960","og_site_name":"RioOnWatch","article_published_time":"2015-11-18T12:00:42+00:00","article_modified_time":"2015-11-19T00:19:12+00:00","og_image":[{"width":2495,"height":1291,"url":"https:\/\/rioonwatch.org.br\/wp-content\/uploads\/2015\/11\/Formiga.jpg","type":"image\/jpeg"}],"author":"Admin","twitter_card":"summary_large_image","twitter_misc":{"Escrito por":"Admin","Est. tempo de leitura":"1 minuto"},"schema":{"@context":"https:\/\/schema.org","@graph":[{"@type":"Article","@id":"https:\/\/rioonwatch.org.br\/?p=16960#article","isPartOf":{"@id":"https:\/\/rioonwatch.org.br\/?p=16960"},"author":{"name":"Admin","@id":"https:\/\/rioonwatch.org.br\/#\/schema\/person\/11d64c290506f9df50c71b850c473f68"},"headline":"Vivendo com a Natureza no Morro da Formiga: Uma Entrevista com Amadeu Palmares [V\u00cdDEO]","datePublished":"2015-11-18T12:00:42+00:00","dateModified":"2015-11-19T00:19:12+00:00","mainEntityOfPage":{"@id":"https:\/\/rioonwatch.org.br\/?p=16960"},"wordCount":211,"publisher":{"@id":"https:\/\/rioonwatch.org.br\/#organization"},"image":{"@id":"https:\/\/rioonwatch.org.br\/?p=16960#primaryimage"},"thumbnailUrl":"https:\/\/rioonwatch.org.br\/wp-content\/uploads\/2015\/11\/Formiga.jpg","keywords":["Dia Mundial das Cidades","horta comunit\u00e1ria","meio ambiente","Morro da Formiga","sustentabilidade","Zona Norte"],"articleSection":["Entrevistas e Perfis","Escrito por Aliados","Qualidades da Favela","Solu\u00e7\u00f5es","Sustentabilidade","V\u00eddeo"],"inLanguage":"pt-BR"},{"@type":"WebPage","@id":"https:\/\/rioonwatch.org.br\/?p=16960","url":"https:\/\/rioonwatch.org.br\/?p=16960","name":"Vivendo com a Natureza no Morro da Formiga: Uma Entrevista com Amadeu Palmares [V\u00cdDEO] - RioOnWatch","isPartOf":{"@id":"https:\/\/rioonwatch.org.br\/#website"},"primaryImageOfPage":{"@id":"https:\/\/rioonwatch.org.br\/?p=16960#primaryimage"},"image":{"@id":"https:\/\/rioonwatch.org.br\/?p=16960#primaryimage"},"thumbnailUrl":"https:\/\/rioonwatch.org.br\/wp-content\/uploads\/2015\/11\/Formiga.jpg","datePublished":"2015-11-18T12:00:42+00:00","dateModified":"2015-11-19T00:19:12+00:00","breadcrumb":{"@id":"https:\/\/rioonwatch.org.br\/?p=16960#breadcrumb"},"inLanguage":"pt-BR","potentialAction":[{"@type":"ReadAction","target":["https:\/\/rioonwatch.org.br\/?p=16960"]}]},{"@type":"ImageObject","inLanguage":"pt-BR","@id":"https:\/\/rioonwatch.org.br\/?p=16960#primaryimage","url":"https:\/\/rioonwatch.org.br\/wp-content\/uploads\/2015\/11\/Formiga.jpg","contentUrl":"https:\/\/rioonwatch.org.br\/wp-content\/uploads\/2015\/11\/Formiga.jpg","width":2495,"height":1291},{"@type":"BreadcrumbList","@id":"https:\/\/rioonwatch.org.br\/?p=16960#breadcrumb","itemListElement":[{"@type":"ListItem","position":1,"name":"In\u00edcio","item":"https:\/\/rioonwatch.org.br\/"},{"@type":"ListItem","position":2,"name":"Vivendo com a Natureza no Morro da Formiga: Uma Entrevista com Amadeu Palmares [V\u00cdDEO]"}]},{"@type":"WebSite","@id":"https:\/\/rioonwatch.org.br\/#website","url":"https:\/\/rioonwatch.org.br\/","name":"RioOnWatch","description":"relatos das favelas cariocas","publisher":{"@id":"https:\/\/rioonwatch.org.br\/#organization"},"potentialAction":[{"@type":"SearchAction","target":{"@type":"EntryPoint","urlTemplate":"https:\/\/rioonwatch.org.br\/?s={search_term_string}"},"query-input":{"@type":"PropertyValueSpecification","valueRequired":true,"valueName":"search_term_string"}}],"inLanguage":"pt-BR"},{"@type":"Organization","@id":"https:\/\/rioonwatch.org.br\/#organization","name":"RioOnWatch","url":"https:\/\/rioonwatch.org.br\/","logo":{"@type":"ImageObject","inLanguage":"pt-BR","@id":"https:\/\/rioonwatch.org.br\/#\/schema\/logo\/image\/","url":"https:\/\/rioonwatch.org.br\/wp-content\/uploads\/2021\/06\/RioOnWatchcabecalhoPT11anos-2.png","contentUrl":"https:\/\/rioonwatch.org.br\/wp-content\/uploads\/2021\/06\/RioOnWatchcabecalhoPT11anos-2.png","width":779,"height":277,"caption":"RioOnWatch"},"image":{"@id":"https:\/\/rioonwatch.org.br\/#\/schema\/logo\/image\/"}},{"@type":"Person","@id":"https:\/\/rioonwatch.org.br\/#\/schema\/person\/11d64c290506f9df50c71b850c473f68","name":"Admin","image":{"@type":"ImageObject","inLanguage":"pt-BR","@id":"https:\/\/rioonwatch.org.br\/#\/schema\/person\/image\/","url":"https:\/\/secure.gravatar.com\/avatar\/56211ac74568383903349a1485e3c325?s=96&d=blank&r=g","contentUrl":"https:\/\/secure.gravatar.com\/avatar\/56211ac74568383903349a1485e3c325?s=96&d=blank&r=g","caption":"Admin"},"url":"https:\/\/rioonwatch.org.br\/?author=129"}]}},"_links":{"self":[{"href":"https:\/\/rioonwatch.org.br\/index.php?rest_route=\/wp\/v2\/posts\/16960"}],"collection":[{"href":"https:\/\/rioonwatch.org.br\/index.php?rest_route=\/wp\/v2\/posts"}],"about":[{"href":"https:\/\/rioonwatch.org.br\/index.php?rest_route=\/wp\/v2\/types\/post"}],"author":[{"embeddable":true,"href":"https:\/\/rioonwatch.org.br\/index.php?rest_route=\/wp\/v2\/users\/129"}],"replies":[{"embeddable":true,"href":"https:\/\/rioonwatch.org.br\/index.php?rest_route=%2Fwp%2Fv2%2Fcomments&post=16960"}],"version-history":[{"count":30,"href":"https:\/\/rioonwatch.org.br\/index.php?rest_route=\/wp\/v2\/posts\/16960\/revisions"}],"predecessor-version":[{"id":17070,"href":"https:\/\/rioonwatch.org.br\/index.php?rest_route=\/wp\/v2\/posts\/16960\/revisions\/17070"}],"wp:featuredmedia":[{"embeddable":true,"href":"https:\/\/rioonwatch.org.br\/index.php?rest_route=\/wp\/v2\/media\/16969"}],"wp:attachment":[{"href":"https:\/\/rioonwatch.org.br\/index.php?rest_route=%2Fwp%2Fv2%2Fmedia&parent=16960"}],"wp:term":[{"taxonomy":"category","embeddable":true,"href":"https:\/\/rioonwatch.org.br\/index.php?rest_route=%2Fwp%2Fv2%2Fcategories&post=16960"},{"taxonomy":"post_tag","embeddable":true,"href":"https:\/\/rioonwatch.org.br\/index.php?rest_route=%2Fwp%2Fv2%2Ftags&post=16960"},{"taxonomy":"writer","embeddable":true,"href":"https:\/\/rioonwatch.org.br\/index.php?rest_route=%2Fwp%2Fv2%2Fwriter&post=16960"},{"taxonomy":"translator","embeddable":true,"href":"https:\/\/rioonwatch.org.br\/index.php?rest_route=%2Fwp%2Fv2%2Ftranslator&post=16960"},{"taxonomy":"source","embeddable":true,"href":"https:\/\/rioonwatch.org.br\/index.php?rest_route=%2Fwp%2Fv2%2Fsource&post=16960"},{"taxonomy":"ilustrador","embeddable":true,"href":"https:\/\/rioonwatch.org.br\/index.php?rest_route=%2Fwp%2Fv2%2Filustrador&post=16960"},{"taxonomy":"fotografo","embeddable":true,"href":"https:\/\/rioonwatch.org.br\/index.php?rest_route=%2Fwp%2Fv2%2Ffotografo&post=16960"}],"curies":[{"name":"wp","href":"https:\/\/api.w.org\/{rel}","templated":true}]}}