{"id":17084,"date":"2015-11-18T20:58:14","date_gmt":"2015-11-18T23:58:14","guid":{"rendered":"http:\/\/rioonwatch.org.br\/?p=17084"},"modified":"2023-08-01T16:44:05","modified_gmt":"2023-08-01T19:44:05","slug":"uma-primavera-feminista-mulheres-e-suas-causas-em-marcha-no-brasil","status":"publish","type":"post","link":"https:\/\/rioonwatch.org.br\/?p=17084","title":{"rendered":"Uma Primavera Feminista? Mulheres e Suas Causas em Marcha no Brasil"},"content":{"rendered":"<p style=\"text-align: right;\"><a href=\"http:\/\/bit.ly\/1j7hYhn\" target=\"_blank\" rel=\"noopener\"><em><strong>Click Here for E<img decoding=\"async\" width=\"20\" height=\"20\" class=\"alignright wp-image-15790\" src=\"http:\/\/rioonwatch.org.br\/wp-content\/uploads\/2012\/08\/EN-standard-e1439583104716.jpg\" alt=\"\" \/>nglish<\/strong><\/em><\/a><\/p>\n<p>Mulheres no Brasil est\u00e3o em marcha. Isso \u00e9 uma verdade no sentido literal, com as mulheres <a href=\"http:\/\/bit.ly\/1S5d4h3\" target=\"_blank\" rel=\"noopener\">nas ruas de\u00a0Bras\u00edlia hoje<\/a> para o encontro nacional da\u00a0<a href=\"http:\/\/on.fb.me\/1NHLpTZ\" target=\"_blank\" rel=\"noopener\">Marcha das Mulheres Negras<\/a>, e nas \u00faltimas semanas em <a href=\"http:\/\/glo.bo\/1H50Wft\" target=\"_blank\" rel=\"noopener\">protestos<\/a>\u00a0contra uma proposta de lei para restringir o aborto em casos de estupro. Tamb\u00e9m \u00e9 verdade no sentido de que as quest\u00f5es das mulheres, hist\u00f3rias e opini\u00f5es ganharam um destaque poderoso em debates p\u00fablicos este m\u00eas.<\/p>\n<p><span style=\"font-weight: 400;\">Embora as quest\u00f5es em debate n\u00e3o sejam novas, o volume das conversas e o dinamismo do ativismo est\u00e3o crescendo. Esta compila\u00e7\u00e3o de hist\u00f3rias tem como objetivo mostrar por que \u00e9 um momento dif\u00edcil, mas emocionante para as mulheres no Brasil.<\/span><\/p>\n<h3><b>Mapeando a viol\u00eancia contra a mulher<\/b><\/h3>\n<p><span style=\"font-weight: 400;\">Os dados de 2014 sugerem que s\u00f3\u00a0<a href=\"http:\/\/on.fb.me\/1Qv3lBV\" target=\"_blank\" rel=\"noopener\">10% dos brasileiros acreditam<\/a>\u00a0que a quest\u00e3o da viol\u00eancia contra a mulher recebe mais aten\u00e7\u00e3o do que merece. Mas um novo estudo intitulado &#8220;Mapa da Viol\u00eancia 2015: Os homic\u00eddios contra mulheres no Brasil&#8221; oferece evid\u00eancias que sugerem que a viol\u00eancia contra as mulheres necessita desesperadamente de solu\u00e7\u00f5es com urg\u00eancia. Apresentado em Bras\u00edlia em 9 de novembro, o estudo compila dados nacionais sobre mortes de mulheres no pa\u00eds, estados e cidades, de 1980 a 2013. Ap\u00f3s a aprova\u00e7\u00e3o da lei Maria da Penha contra a viol\u00eancia dom\u00e9stica em 2006, o n\u00famero de &#8220;<a href=\"http:\/\/glo.bo\/1RIoC9D\" target=\"_blank\" rel=\"noopener\">femic\u00eddios caiu de 4,2 mortes por 100.000 pessoas para 3,9 em 2007<\/a>&#8220;, mas depois subiu para 4,8 mortes em 2013. Estes n\u00fameros fazem do Brasil o quinto pa\u00eds mais letal para as mulheres das 83 na\u00e7\u00f5es estudadas pela Organiza\u00e7\u00e3o Mundial de Sa\u00fade (OMS). Os resultados mostram que\u00a0<a href=\"http:\/\/bit.ly\/1PDYvSi\" target=\"_blank\" rel=\"noopener\">50,3% dos 4.762 homic\u00eddios registrados<\/a>\u00a0contra as mulheres em 2013 foram cometidos por parentes, tornando a viol\u00eancia dom\u00e9stica ou familiar a forma de viol\u00eancia letal mais comum contra as mulheres brasileiras.<\/span><\/p>\n<p><span style=\"font-weight: 400;\">No geral, o n\u00famero anual de femic\u00eddios cresceu 22% entre 2003 e 2013, mas essa estat\u00edstica esconde discrep\u00e2ncias raciais. No mesmo per\u00edodo de tempo, os homic\u00eddios contra mulheres brancas caiu cerca de 10%, mas homic\u00eddios contra mulheres negras <a href=\"http:\/\/bit.ly\/1MTbCOE\" target=\"_blank\" rel=\"noopener\">cresceu mais de 54%<\/a>. As mulheres jovens tamb\u00e9m s\u00e3o mais vulner\u00e1veis \u200b\u200bdo que a m\u00e9dia: mulheres de 18 anos de idade tiveram\u00a0a maior incid\u00eancia de homic\u00eddios, enquanto de 18 a 30 anos de idade responderam por 39% de todos os femic\u00eddios.<\/span><\/p>\n<h3><strong>M\u00e3es e viol\u00eancia policial<\/strong><\/h3>\n<p><a href=\"http:\/\/rioonwatch.org.br\/wp-content\/uploads\/2015\/11\/Terezinha-e-Ana-Paula-em-Londres.jpg\" target=\"_blank\" rel=\"noopener\"><img fetchpriority=\"high\" decoding=\"async\" class=\"aligncenter wp-image-17094 size-content\" src=\"http:\/\/rioonwatch.org.br\/wp-content\/uploads\/2015\/11\/Terezinha-e-Ana-Paula-em-Londres-620x264.jpg\" alt=\"Terezinha e Ana Paula em Londres\" width=\"620\" height=\"264\" srcset=\"https:\/\/rioonwatch.org.br\/wp-content\/uploads\/2015\/11\/Terezinha-e-Ana-Paula-em-Londres-620x264.jpg 620w, https:\/\/rioonwatch.org.br\/wp-content\/uploads\/2015\/11\/Terezinha-e-Ana-Paula-em-Londres-940x400.jpg 940w\" sizes=\"(max-width: 620px) 100vw, 620px\" \/><\/a><\/p>\n<p><span style=\"font-weight: 400;\">A vers\u00e3o de 2012 do mesmo Mapa da Viol\u00eancia <a href=\"http:\/\/bit.ly\/1POa5Kt\" target=\"_blank\" rel=\"noopener\">apontou<\/a> para quedas nas taxas de homic\u00eddio de jovens brancos e aumento das taxas de homic\u00eddio para jovens negros de 2002 a 2010. As m\u00e3es de jovens negros mortos t\u00eam vindo a crescer em visibilidade, particularmente aquelas que perderam seus filhos para a viol\u00eancia policial. Esta semana, Terezinha de Jesus e Ana Paula Oliveira, m\u00e3es que perderam seus filhos para a viol\u00eancia policial no <a href=\"http:\/\/bit.ly\/U0MiGm\" target=\"_blank\" rel=\"noopener\">Alem\u00e3o<\/a> e <a href=\"http:\/\/bit.ly\/ZC9b6z\" target=\"_blank\" rel=\"noopener\">Manguinhos<\/a>, respectivamente, est\u00e3o viajando pela Europa com a Anistia Internacional para <a href=\"http:\/\/bit.ly\/1HTwnnR\" target=\"_blank\" rel=\"noopener\">falar sobre suas perdas e crise de seguran\u00e7a do Brasil<\/a>. A <a href=\"http:\/\/bit.ly\/20WQSvB\" target=\"_blank\" rel=\"noopener\">hist\u00f3ria<\/a>\u00a0de Terezinha recebeu recente <a href=\"http:\/\/nyti.ms\/1WRS3Yg\" target=\"_blank\" rel=\"noopener\">aten\u00e7\u00e3o da m\u00eddia internacional<\/a> desde que a pol\u00edcia concluiu que os policiais que <a href=\"http:\/\/bit.ly\/1Dpu2R2\" target=\"_blank\" rel=\"noopener\">mataram seu filho<\/a>, em abril, estavam agindo em &#8220;leg\u00edtima defesa&#8221;.<\/span><\/p>\n<h3><strong>Mulheres negras se posicionam<\/strong><\/h3>\n<p><span style=\"font-weight: 400;\">A viol\u00eancia contra as mulheres negras e suas fam\u00edlias \u00e9 uma quest\u00e3o chave na <a href=\"http:\/\/on.fb.me\/1NHLpTZ\" target=\"_blank\" rel=\"noopener\">Marcha das Mulheres Negras<\/a>\u00a0que aconteceu hoje\u00a0em todo o pa\u00eds. Os organizadores contaram com milhares de manifestantes em Bras\u00edlia se pronunciando em nome das <a href=\"http:\/\/glo.bo\/1PuPnRr\" target=\"_blank\" rel=\"noopener\">54.9 milh\u00f5es de mulheres brasileiras<\/a>\u00a0que se identificam como negras ou pardas. As mulheres marcharam por sal\u00e1rios iguais, por respeito pelo papel social das mulheres negras, contra o racismo, contra a viol\u00eancia, e para o seu bem-estar. Em um artigo intitulado &#8216;<a href=\"http:\/\/glo.bo\/1PuPnRr\" target=\"_blank\" rel=\"noopener\">Por que marcham as negras<\/a>&#8216;, a colunista Fl\u00e1via Oliveira ressalta que, al\u00e9m de altas taxas de homic\u00eddios, as mulheres negras sofrem mais mortes relacionadas a complica\u00e7\u00f5es na gravidez e menores sal\u00e1rios m\u00e9dios: 60% do sal\u00e1rio m\u00e9dio das mulheres brancas, 75% dos homens negros e 40% dos homens brancos.<\/span><\/p>\n<p><iframe title=\"CHAMADA MARCHA DAS MULHERES NEGRAS 2015\" width=\"500\" height=\"281\" src=\"https:\/\/www.youtube.com\/embed\/-d3HS0mr4fs?feature=oembed\" frameborder=\"0\" allow=\"accelerometer; autoplay; clipboard-write; encrypted-media; gyroscope; picture-in-picture; web-share\" referrerpolicy=\"strict-origin-when-cross-origin\" allowfullscreen><\/iframe><\/p>\n<p><span style=\"font-weight: 400;\">As quest\u00f5es que as mulheres negras brasileiras est\u00e3o enfrentando s\u00e3o intensificadas nas favelas. Em um artigo intitulado, &#8216;O Grito de Socorro da Mulher Favelada&#8217;, da jornalista do <a href=\"http:\/\/bit.ly\/10BvARw\" target=\"_blank\" rel=\"noopener\">Complexo da Mar\u00e9<\/a>, <a href=\"http:\/\/glo.bo\/1Msylkx\" target=\"_blank\" rel=\"noopener\">Gizele Martins, explica<\/a>\u00a0que a mulher normalmente em uma favela vive um &#8216;dia por dia&#8217;, porque &#8220;\u00e9 sua casa que h\u00e1 mais de cem anos \u00e9 removida nesta cidade maravilhosa, \u00e9 o seu filho que h\u00e1 um s\u00e9culo est\u00e1 sendo assassinado por causa da criminaliza\u00e7\u00e3o da pobreza&#8221;. Embora sua cultura, identidade, forma de falar e vestir e at\u00e9 mesmo o seu papel na gravidez s\u00e3o desvalorizados&#8211;o ex-governador S\u00e9rgio Cabral certa vez descreveu favelas como &#8220;f\u00e1bricas para a produ\u00e7\u00e3o de criminosos&#8221;&#8211;Gizele escreve que as mulheres da favela continuar\u00e3o &#8220;falando, escrevendo, gritando e exigindo&#8221; seus direitos. Para a escritora Juliana Borges, o\u00a0<a href=\"http:\/\/bit.ly\/1MRrk8z\" target=\"_blank\" rel=\"noopener\">feminismo negro permite as mulheres<\/a>\u00a0a &#8220;bravamente amar&#8221;, realizar a &#8220;subvers\u00e3o de imagens e constru\u00e7\u00f5es hist\u00f3ricas&#8221;, e, finalmente, &#8220;destruir e transformar qualquer realidade opressora&#8221; frente a elas.<br \/>\n<\/span><\/p>\n<h3><b>Tecnologia contra o ass\u00e9dio<\/b><\/h3>\n<p><span style=\"font-weight: 400;\">Quando uma menina de 12 anos,\u00a0concorrente\u00a0no programa MasterChef J\u00fanior foi <a href=\"http:\/\/wapo.st\/1O1ehGX\" target=\"_blank\" rel=\"noopener\">alvo de tweets assustadores<\/a> de homens, a jornalista e feminista Juliana de Faria come\u00e7ou a twittar sobre suas experi\u00eancias de ass\u00e9dio quando era crian\u00e7a. A hashtag <a href=\"http:\/\/bit.ly\/1S3m4Dm\" target=\"_blank\" rel=\"noopener\">#MeuPrimeiroAss\u00e9dio<\/a><\/span><span style=\"font-weight: 400;\">\u00a0<a href=\"http:\/\/bbc.in\/1lv9Ngz\" target=\"_blank\" rel=\"noopener\">viralizou com mais de 90.000 tweets<\/a>. Dezenas de milhares de mulheres compartilharam suas hist\u00f3rias de ass\u00e9dio e agress\u00e3o enquanto crian\u00e7as. Algumas mulheres compartilharam experi\u00eancias em idades t\u00e3o jovens quanto cinco anos, muitas vezes em espa\u00e7os cotidianos desde o supermercado at\u00e9 \u00e0 praia.<\/span><\/p>\n<p><a href=\"http:\/\/rioonwatch.org.br\/wp-content\/uploads\/2015\/11\/Primeiro-Assedio.jpg\" target=\"_blank\" rel=\"noopener\"><img decoding=\"async\" class=\"aligncenter wp-image-17096 size-medium\" title=\"Nuvem de palavras do tweets de #PrimeiroAssedio. Imagem por Think Olga\" src=\"http:\/\/rioonwatch.org.br\/wp-content\/uploads\/2015\/11\/Primeiro-Assedio-620x343.jpg\" alt=\"Nuvem de palavras do tweets #PrimeiroAssedio. Imagem por Think Olga\" width=\"620\" height=\"343\" srcset=\"https:\/\/rioonwatch.org.br\/wp-content\/uploads\/2015\/11\/Primeiro-Assedio-620x343.jpg 620w, https:\/\/rioonwatch.org.br\/wp-content\/uploads\/2015\/11\/Primeiro-Assedio-477x264.jpg 477w, https:\/\/rioonwatch.org.br\/wp-content\/uploads\/2015\/11\/Primeiro-Assedio.jpg 1000w\" sizes=\"(max-width: 620px) 100vw, 620px\" \/><\/a><\/p>\n<p>Outra resposta criativa para o ass\u00e9dio veio da estudante de 17 anos, Catharina Doria. Catharina\u00a0<a href=\"http:\/\/bit.ly\/1PKYD2r\" target=\"_blank\" rel=\"noopener\">criou um aplicativo chamado Sai Pra L\u00e1<\/a>\u00a0onde se pode documentar\u00a0o ass\u00e9dio e gravar\u00a0a experi\u00eancia (coment\u00e1rios verbais, contato f\u00edsico, assobiando, etc.) e onde ele ocorreu. A criadora do aplicativo aponta a falta de informa\u00e7\u00e3o sobre o ass\u00e9dio at\u00e9 agora: &#8220;Como ningu\u00e9m nunca realmente denuncia o ass\u00e9dio, \u00e9 como se n\u00e3o tivesse acontecido, ent\u00e3o n\u00e3o conseguimos saber quantas vezes isso j\u00e1 ocorreu&#8221;. O resultado da coleta de dados do seu aplicativo \u00e9 um mapa do ass\u00e9dio, o que dever\u00e1 permitiras pessoas a combaterem melhor o problema.<\/p>\n<h3><strong>#ForaCunha, #ForaPedroPaulo<\/strong><\/h3>\n<p><span style=\"font-weight: 400;\">Tamb\u00e9m este m\u00eas, as mulheres tomaram as ruas do <a href=\"http:\/\/glo.bo\/1H50Wft\" target=\"_blank\" rel=\"noopener\">Rio<\/a>, <a href=\"http:\/\/glo.bo\/1QA6Sz0\" target=\"_blank\" rel=\"noopener\">S\u00e3o Paulo<\/a>\u00a0e <a href=\"http:\/\/bit.ly\/1X2YRCC\" target=\"_blank\" rel=\"noopener\">Bras\u00edlia<\/a>\u00a0para protestarem contra uma lei proposta pelo presidente da C\u00e2mara dos Deputados, Eduardo Cunha&#8211;recentemente <a href=\"http:\/\/glo.bo\/1NE2ARU\" target=\"_blank\" rel=\"noopener\">implicado<\/a> no esc\u00e2ndalo de corrup\u00e7\u00e3o federal&#8211;que visa restringir ainda mais os direitos das mulheres ao aborto. Atualmente, o aborto s\u00f3 \u00e9 legal no Brasil nos casos em que a vida da m\u00e3e est\u00e1 em risco, o feto tem danos cerebrais ou a gravidez \u00e9 resultado de estupro. O projeto de Cunha, lei 5069\/13, exigiria a v\u00edtima de estupro uma testemunha para provar que ela foi estuprada, a fim de se qualificar para um aborto legal, atrav\u00e9s de provas de danos f\u00edsicos ou psicol\u00f3gicos. Manifestantes\u00a0discutem que fornecer a evid\u00eancia n\u00e3o \u00e9 sempre poss\u00edvel e que os m\u00e9todos de provas exigidos poderiam ser invasivos. Muitas das manifestantes pedem a legaliza\u00e7\u00e3o do aborto como uma escolha da mulher, mas se o aborto deve ser restringido, elas se recusam a ver limita\u00e7\u00f5es adicionais colocadas sobre os direitos j\u00e1 existentes das mulheres, exigindo a remo\u00e7\u00e3o de Cunha do cargo com a hashtag\u00a0#ForaCunha. Uma estudante e manifestante de 19 anos, <a href=\"http:\/\/glo.bo\/1H50Wft\" target=\"_blank\" rel=\"noopener\">afirmou<\/a>: &#8220;Estamos aqui para barrar os retrocessos dele [de Cunha].<\/span><\/p>\n<p><span style=\"font-weight: 400;\">Cunha n\u00e3o \u00e9 o \u00fanico pol\u00edtico recebendo protestos\u00a0por parte\u00a0de grupos de direitos das mulheres. As manchetes recentes destacam que o candidato a prefeito do Rio de Janeiro, Pedro Paulo Carvalho Teixeira, bateu em sua ex-esposa, Alexandra Mendes Marcondes, em duas ocasi\u00f5es, em 2008 e 2010, o que levou o ex-casal a <a href=\"http:\/\/bit.ly\/1RTtkBM\" target=\"_blank\" rel=\"noopener\">organizarem juntos uma coletiva de imprensa<\/a>. Alexandra Marcondes admitiu que ela tinha apresentado dois boletins de ocorr\u00eancia \u00e0 pol\u00edcia contra o marido por viol\u00eancia f\u00edsica, mas ainda garantiu aos jornalistas que ele &#8220;n\u00e3o \u00e9 um cara agressivo&#8221;. Ela evitou o escrut\u00ednio da m\u00eddia dizendo: &#8220;Qualquer casal tem briga&#8221;. Paulo acrescentou: &#8220;Quem \u00e0s vezes n\u00e3o perde o seu controle?&#8230; Fomos um casal como outro qualquer. Quem n\u00e3o passa por isso?&#8221;. Estas declara\u00e7\u00f5es de desculpar o abuso dom\u00e9stico, normalizando-o, enviam a mensagem distorcida que est\u00e1 tudo bem, que isso \u00e9 comum ou at\u00e9 normal. Apesar de n\u00e3o ser t\u00e3o popular como #ForaCunha, #ForaPedroPaulo tamb\u00e9m fez sua marca nas m\u00eddias sociais e nos cartazes e c\u00e2nticos do protesto. Ambos os pol\u00edticos foram alvos de slogans na <a href=\"http:\/\/on.fb.me\/1POekpp\" target=\"_blank\" rel=\"noopener\">quinta, anual, Marcha das Vadias<\/a> no dia 15 de novembro, onde algumas centenas de mulheres protestaram contra a viol\u00eancia, discrimina\u00e7\u00e3o, e a no\u00e7\u00e3o de que a roupa das mulheres instiga agress\u00e3o sexual.<\/span><\/p>\n<p><a href=\"http:\/\/rioonwatch.org.br\/wp-content\/uploads\/2015\/11\/mulheres-cariocas-tomaram-as-ruas-novamente-contra-cunha-body-image-1447702195-size_1000.jpg\" target=\"_blank\" rel=\"noopener\"><img loading=\"lazy\" decoding=\"async\" class=\"aligncenter wp-image-17097 size-medium\" title=\"Marcha das Vadias no Rio. 14 de novembro de 2015. Foto por Matias Maxx \/ Vice\" src=\"http:\/\/rioonwatch.org.br\/wp-content\/uploads\/2015\/11\/mulheres-cariocas-tomaram-as-ruas-novamente-contra-cunha-body-image-1447702195-size_1000-620x413.jpg\" alt=\"mulheres-cariocas-tomaram-as-ruas-novamente-contra-cunha-body-image-1447702195-size_1000\" width=\"620\" height=\"413\" srcset=\"https:\/\/rioonwatch.org.br\/wp-content\/uploads\/2015\/11\/mulheres-cariocas-tomaram-as-ruas-novamente-contra-cunha-body-image-1447702195-size_1000-620x413.jpg 620w, https:\/\/rioonwatch.org.br\/wp-content\/uploads\/2015\/11\/mulheres-cariocas-tomaram-as-ruas-novamente-contra-cunha-body-image-1447702195-size_1000-396x264.jpg 396w, https:\/\/rioonwatch.org.br\/wp-content\/uploads\/2015\/11\/mulheres-cariocas-tomaram-as-ruas-novamente-contra-cunha-body-image-1447702195-size_1000.jpg 1000w\" sizes=\"(max-width: 620px) 100vw, 620px\" \/><\/a><\/p>\n<h3><strong>Uma primavera feminista?<\/strong><\/h3>\n<p><span style=\"font-weight: 400;\">Juntas, as marchas, os dados, os artigos da m\u00eddia, os debates de m\u00eddia social e os aplicativos amplificaram uma necessidade forte e urgente de maior respeito pelas mulheres, independentemente das quest\u00f5es espec\u00edficas em jogo. E a a\u00e7\u00e3o ainda n\u00e3o acabou. Na pr\u00f3xima semana, por exemplo, o Observat\u00f3rio da Prostitui\u00e7\u00e3o vai sediar um curso intitulado &#8216;<a href=\"http:\/\/on.fb.me\/1QHRGQg\" target=\"_blank\" rel=\"noopener\">Uma Revolu\u00e7\u00e3o Particular: O Movimento Brasileiro de Prostitutas<\/a>&#8216;, destacando uma outra faceta complexa dos direitos das mulheres que precisa de uma discuss\u00e3o maior e mais aberta.<\/span><\/p>\n<p><span style=\"font-weight: 400;\">Ativistas reivindicam espa\u00e7o na m\u00eddia para declarar uma &#8220;primavera feminista&#8221;, afirmando que &#8220;<a href=\"http:\/\/bit.ly\/1ONCgKV\" target=\"_blank\" rel=\"noopener\">o lugar da mulher \u00e9 na pol\u00edtica<\/a>&#8220;. As \u00a0ativistas <a href=\"http:\/\/bit.ly\/1My0EKV\" target=\"_blank\" rel=\"noopener\">Helena Zelic e Sarah de Roure argumentam<\/a>\u00a0que esta &#8220;primavera feminista&#8221;, que vem na esteira de um &#8220;inverno conservador&#8221;, ter\u00e1 resultados duradouros. &#8220;Nossa luta cotidiana ganha for\u00e7a como uma a\u00e7\u00e3o permanente na defesa de nossas vidas, nossos corpos e uma agenda que se prop\u00f5e a mudar o mundo atrav\u00e9s do feminismo&#8221;. O sucesso do feminismo, no entanto, deve ser avaliado de acordo com sua capacidade de consolidar suas posi\u00e7\u00f5es e respeito \u00e0 todas mulheres, especialmente as mais marginalizadas.<\/span><\/p>\n<!-- AddThis Advanced Settings generic via filter on the_content --><!-- AddThis Share Buttons generic via filter on the_content -->","protected":false},"excerpt":{"rendered":"<div class=\"mh-excerpt\"><p>Click Here for English Mulheres no Brasil est\u00e3o em marcha. Isso \u00e9 uma verdade no sentido literal, com as mulheres nas ruas de\u00a0Bras\u00edlia hoje para o encontro nacional da\u00a0Marcha das Mulheres Negras, e nas \u00faltimas <a class=\"mh-excerpt-more\" href=\"https:\/\/rioonwatch.org.br\/?p=17084\" title=\"Uma Primavera Feminista? Mulheres e Suas Causas em Marcha no Brasil\">[&#8230;]<\/a><!-- AddThis Advanced Settings generic via filter on get_the_excerpt --><!-- AddThis Share Buttons generic via filter on get_the_excerpt --><\/p>\n<\/div>","protected":false},"author":129,"featured_media":17093,"comment_status":"closed","ping_status":"closed","sticky":false,"template":"","format":"standard","meta":{"_acf_changed":false,"_monsterinsights_skip_tracking":false,"_monsterinsights_sitenote_active":false,"_monsterinsights_sitenote_note":"","_monsterinsights_sitenote_category":0,"footnotes":""},"categories":[1618,1621,1631,1626,1612,342],"tags":[1239,88,1730,42,113,915,379,1729,763,936,30,2387],"writer":[1199],"translator":[1491],"source":[],"ilustrador":[],"fotografo":[],"class_list":{"0":"post-17084","1":"post","2":"type-post","3":"status-publish","4":"format-standard","5":"has-post-thumbnail","7":"category-olhonaparticipacao","8":"category-destaque","9":"category-entendendo-o-rio","10":"category-por-observadores-internacionais","11":"category-sociedade-civil","12":"category-solucoes","13":"tag-criminalizacao-da-pobreza","14":"tag-direitos-humanos","15":"tag-eduardo-cunha","16":"tag-genero","17":"tag-juventude","18":"tag-mes-da-consciencia-negra","19":"tag-midia-social","20":"tag-pedro-paulo-caravalho-teixeira","21":"tag-protesto","22":"tag-raca","23":"tag-violencia","24":"tag-violencia-contra-a-mulher","25":"writer-cerianne-robertson","26":"translator-patricia-gomes"},"acf":[],"yoast_head":"<!-- This site is optimized with the Yoast SEO plugin v25.6 - https:\/\/yoast.com\/wordpress\/plugins\/seo\/ -->\n<title>Uma Primavera Feminista? Mulheres e Suas Causas em Marcha no Brasil - RioOnWatch<\/title>\n<meta name=\"robots\" content=\"index, follow, max-snippet:-1, max-image-preview:large, max-video-preview:-1\" \/>\n<link rel=\"canonical\" href=\"https:\/\/rioonwatch.org.br\/?p=17084\" \/>\n<meta property=\"og:locale\" content=\"pt_BR\" \/>\n<meta property=\"og:type\" content=\"article\" \/>\n<meta property=\"og:title\" content=\"Uma Primavera Feminista? Mulheres e Suas Causas em Marcha no Brasil - RioOnWatch\" \/>\n<meta property=\"og:description\" content=\"Click Here for English Mulheres no Brasil est\u00e3o em marcha. Isso \u00e9 uma verdade no sentido literal, com as mulheres nas ruas de\u00a0Bras\u00edlia hoje para o encontro nacional da\u00a0Marcha das Mulheres Negras, e nas \u00faltimas [...]\" \/>\n<meta property=\"og:url\" content=\"https:\/\/rioonwatch.org.br\/?p=17084\" \/>\n<meta property=\"og:site_name\" content=\"RioOnWatch\" \/>\n<meta property=\"article:published_time\" content=\"2015-11-18T23:58:14+00:00\" \/>\n<meta property=\"article:modified_time\" content=\"2023-08-01T19:44:05+00:00\" \/>\n<meta property=\"og:image\" content=\"https:\/\/rioonwatch.org.br\/wp-content\/uploads\/2015\/11\/Protesto-de-mulheres-contra-a-lei-do-aborto-prposta-por-Cunha-12-nov-2017.-Foto-por-M\u00eddia-NINJA.jpg\" \/>\n\t<meta property=\"og:image:width\" content=\"1000\" \/>\n\t<meta property=\"og:image:height\" content=\"667\" \/>\n\t<meta property=\"og:image:type\" content=\"image\/jpeg\" \/>\n<meta name=\"author\" content=\"Admin\" \/>\n<meta name=\"twitter:card\" content=\"summary_large_image\" \/>\n<meta name=\"twitter:label1\" content=\"Escrito por\" \/>\n\t<meta name=\"twitter:data1\" content=\"Admin\" \/>\n\t<meta name=\"twitter:label2\" content=\"Est. tempo de leitura\" \/>\n\t<meta name=\"twitter:data2\" content=\"9 minutos\" \/>\n<script type=\"application\/ld+json\" class=\"yoast-schema-graph\">{\"@context\":\"https:\/\/schema.org\",\"@graph\":[{\"@type\":\"Article\",\"@id\":\"https:\/\/rioonwatch.org.br\/?p=17084#article\",\"isPartOf\":{\"@id\":\"https:\/\/rioonwatch.org.br\/?p=17084\"},\"author\":{\"name\":\"Admin\",\"@id\":\"https:\/\/rioonwatch.org.br\/#\/schema\/person\/11d64c290506f9df50c71b850c473f68\"},\"headline\":\"Uma Primavera Feminista? Mulheres e Suas Causas em Marcha no Brasil\",\"datePublished\":\"2015-11-18T23:58:14+00:00\",\"dateModified\":\"2023-08-01T19:44:05+00:00\",\"mainEntityOfPage\":{\"@id\":\"https:\/\/rioonwatch.org.br\/?p=17084\"},\"wordCount\":1726,\"publisher\":{\"@id\":\"https:\/\/rioonwatch.org.br\/#organization\"},\"image\":{\"@id\":\"https:\/\/rioonwatch.org.br\/?p=17084#primaryimage\"},\"thumbnailUrl\":\"https:\/\/rioonwatch.org.br\/wp-content\/uploads\/2015\/11\/Protesto-de-mulheres-contra-a-lei-do-aborto-prposta-por-Cunha-12-nov-2017.-Foto-por-M\u00eddia-NINJA.jpg\",\"keywords\":[\"criminaliza\u00e7\u00e3o da pobreza\",\"Direitos Humanos\",\"Eduardo Cunha\",\"g\u00eanero\",\"juventude\",\"M\u00eas da Consci\u00eancia Negra\",\"m\u00eddia social\",\"Pedro Paulo Caravalho Teixeira\",\"protesto\",\"ra\u00e7a\",\"viol\u00eancia\",\"viol\u00eancia contra a mulher\"],\"articleSection\":[\"#OlhoNaParticipa\u00e7\u00e3o\",\"*Destaque\",\"Entendendo o Rio\",\"Escrito por Aliados\",\"Sociedade Civil\",\"Solu\u00e7\u00f5es\"],\"inLanguage\":\"pt-BR\"},{\"@type\":\"WebPage\",\"@id\":\"https:\/\/rioonwatch.org.br\/?p=17084\",\"url\":\"https:\/\/rioonwatch.org.br\/?p=17084\",\"name\":\"Uma Primavera Feminista? Mulheres e Suas Causas em Marcha no Brasil - RioOnWatch\",\"isPartOf\":{\"@id\":\"https:\/\/rioonwatch.org.br\/#website\"},\"primaryImageOfPage\":{\"@id\":\"https:\/\/rioonwatch.org.br\/?p=17084#primaryimage\"},\"image\":{\"@id\":\"https:\/\/rioonwatch.org.br\/?p=17084#primaryimage\"},\"thumbnailUrl\":\"https:\/\/rioonwatch.org.br\/wp-content\/uploads\/2015\/11\/Protesto-de-mulheres-contra-a-lei-do-aborto-prposta-por-Cunha-12-nov-2017.-Foto-por-M\u00eddia-NINJA.jpg\",\"datePublished\":\"2015-11-18T23:58:14+00:00\",\"dateModified\":\"2023-08-01T19:44:05+00:00\",\"breadcrumb\":{\"@id\":\"https:\/\/rioonwatch.org.br\/?p=17084#breadcrumb\"},\"inLanguage\":\"pt-BR\",\"potentialAction\":[{\"@type\":\"ReadAction\",\"target\":[\"https:\/\/rioonwatch.org.br\/?p=17084\"]}]},{\"@type\":\"ImageObject\",\"inLanguage\":\"pt-BR\",\"@id\":\"https:\/\/rioonwatch.org.br\/?p=17084#primaryimage\",\"url\":\"https:\/\/rioonwatch.org.br\/wp-content\/uploads\/2015\/11\/Protesto-de-mulheres-contra-a-lei-do-aborto-prposta-por-Cunha-12-nov-2017.-Foto-por-M\u00eddia-NINJA.jpg\",\"contentUrl\":\"https:\/\/rioonwatch.org.br\/wp-content\/uploads\/2015\/11\/Protesto-de-mulheres-contra-a-lei-do-aborto-prposta-por-Cunha-12-nov-2017.-Foto-por-M\u00eddia-NINJA.jpg\",\"width\":1000,\"height\":667},{\"@type\":\"BreadcrumbList\",\"@id\":\"https:\/\/rioonwatch.org.br\/?p=17084#breadcrumb\",\"itemListElement\":[{\"@type\":\"ListItem\",\"position\":1,\"name\":\"In\u00edcio\",\"item\":\"https:\/\/rioonwatch.org.br\/\"},{\"@type\":\"ListItem\",\"position\":2,\"name\":\"Uma Primavera Feminista? Mulheres e Suas Causas em Marcha no Brasil\"}]},{\"@type\":\"WebSite\",\"@id\":\"https:\/\/rioonwatch.org.br\/#website\",\"url\":\"https:\/\/rioonwatch.org.br\/\",\"name\":\"RioOnWatch\",\"description\":\"relatos das favelas cariocas\",\"publisher\":{\"@id\":\"https:\/\/rioonwatch.org.br\/#organization\"},\"potentialAction\":[{\"@type\":\"SearchAction\",\"target\":{\"@type\":\"EntryPoint\",\"urlTemplate\":\"https:\/\/rioonwatch.org.br\/?s={search_term_string}\"},\"query-input\":{\"@type\":\"PropertyValueSpecification\",\"valueRequired\":true,\"valueName\":\"search_term_string\"}}],\"inLanguage\":\"pt-BR\"},{\"@type\":\"Organization\",\"@id\":\"https:\/\/rioonwatch.org.br\/#organization\",\"name\":\"RioOnWatch\",\"url\":\"https:\/\/rioonwatch.org.br\/\",\"logo\":{\"@type\":\"ImageObject\",\"inLanguage\":\"pt-BR\",\"@id\":\"https:\/\/rioonwatch.org.br\/#\/schema\/logo\/image\/\",\"url\":\"https:\/\/rioonwatch.org.br\/wp-content\/uploads\/2021\/06\/RioOnWatchcabecalhoPT11anos-2.png\",\"contentUrl\":\"https:\/\/rioonwatch.org.br\/wp-content\/uploads\/2021\/06\/RioOnWatchcabecalhoPT11anos-2.png\",\"width\":779,\"height\":277,\"caption\":\"RioOnWatch\"},\"image\":{\"@id\":\"https:\/\/rioonwatch.org.br\/#\/schema\/logo\/image\/\"}},{\"@type\":\"Person\",\"@id\":\"https:\/\/rioonwatch.org.br\/#\/schema\/person\/11d64c290506f9df50c71b850c473f68\",\"name\":\"Admin\",\"image\":{\"@type\":\"ImageObject\",\"inLanguage\":\"pt-BR\",\"@id\":\"https:\/\/rioonwatch.org.br\/#\/schema\/person\/image\/\",\"url\":\"https:\/\/secure.gravatar.com\/avatar\/56211ac74568383903349a1485e3c325?s=96&d=blank&r=g\",\"contentUrl\":\"https:\/\/secure.gravatar.com\/avatar\/56211ac74568383903349a1485e3c325?s=96&d=blank&r=g\",\"caption\":\"Admin\"},\"url\":\"https:\/\/rioonwatch.org.br\/?author=129\"}]}<\/script>\n<!-- \/ Yoast SEO plugin. -->","yoast_head_json":{"title":"Uma Primavera Feminista? Mulheres e Suas Causas em Marcha no Brasil - RioOnWatch","robots":{"index":"index","follow":"follow","max-snippet":"max-snippet:-1","max-image-preview":"max-image-preview:large","max-video-preview":"max-video-preview:-1"},"canonical":"https:\/\/rioonwatch.org.br\/?p=17084","og_locale":"pt_BR","og_type":"article","og_title":"Uma Primavera Feminista? Mulheres e Suas Causas em Marcha no Brasil - RioOnWatch","og_description":"Click Here for English Mulheres no Brasil est\u00e3o em marcha. Isso \u00e9 uma verdade no sentido literal, com as mulheres nas ruas de\u00a0Bras\u00edlia hoje para o encontro nacional da\u00a0Marcha das Mulheres Negras, e nas \u00faltimas [...]","og_url":"https:\/\/rioonwatch.org.br\/?p=17084","og_site_name":"RioOnWatch","article_published_time":"2015-11-18T23:58:14+00:00","article_modified_time":"2023-08-01T19:44:05+00:00","og_image":[{"width":1000,"height":667,"url":"https:\/\/rioonwatch.org.br\/wp-content\/uploads\/2015\/11\/Protesto-de-mulheres-contra-a-lei-do-aborto-prposta-por-Cunha-12-nov-2017.-Foto-por-M\u00eddia-NINJA.jpg","type":"image\/jpeg"}],"author":"Admin","twitter_card":"summary_large_image","twitter_misc":{"Escrito por":"Admin","Est. tempo de leitura":"9 minutos"},"schema":{"@context":"https:\/\/schema.org","@graph":[{"@type":"Article","@id":"https:\/\/rioonwatch.org.br\/?p=17084#article","isPartOf":{"@id":"https:\/\/rioonwatch.org.br\/?p=17084"},"author":{"name":"Admin","@id":"https:\/\/rioonwatch.org.br\/#\/schema\/person\/11d64c290506f9df50c71b850c473f68"},"headline":"Uma Primavera Feminista? Mulheres e Suas Causas em Marcha no Brasil","datePublished":"2015-11-18T23:58:14+00:00","dateModified":"2023-08-01T19:44:05+00:00","mainEntityOfPage":{"@id":"https:\/\/rioonwatch.org.br\/?p=17084"},"wordCount":1726,"publisher":{"@id":"https:\/\/rioonwatch.org.br\/#organization"},"image":{"@id":"https:\/\/rioonwatch.org.br\/?p=17084#primaryimage"},"thumbnailUrl":"https:\/\/rioonwatch.org.br\/wp-content\/uploads\/2015\/11\/Protesto-de-mulheres-contra-a-lei-do-aborto-prposta-por-Cunha-12-nov-2017.-Foto-por-M\u00eddia-NINJA.jpg","keywords":["criminaliza\u00e7\u00e3o da pobreza","Direitos Humanos","Eduardo Cunha","g\u00eanero","juventude","M\u00eas da Consci\u00eancia Negra","m\u00eddia social","Pedro Paulo Caravalho Teixeira","protesto","ra\u00e7a","viol\u00eancia","viol\u00eancia contra a mulher"],"articleSection":["#OlhoNaParticipa\u00e7\u00e3o","*Destaque","Entendendo o Rio","Escrito por Aliados","Sociedade Civil","Solu\u00e7\u00f5es"],"inLanguage":"pt-BR"},{"@type":"WebPage","@id":"https:\/\/rioonwatch.org.br\/?p=17084","url":"https:\/\/rioonwatch.org.br\/?p=17084","name":"Uma Primavera Feminista? Mulheres e Suas Causas em Marcha no Brasil - RioOnWatch","isPartOf":{"@id":"https:\/\/rioonwatch.org.br\/#website"},"primaryImageOfPage":{"@id":"https:\/\/rioonwatch.org.br\/?p=17084#primaryimage"},"image":{"@id":"https:\/\/rioonwatch.org.br\/?p=17084#primaryimage"},"thumbnailUrl":"https:\/\/rioonwatch.org.br\/wp-content\/uploads\/2015\/11\/Protesto-de-mulheres-contra-a-lei-do-aborto-prposta-por-Cunha-12-nov-2017.-Foto-por-M\u00eddia-NINJA.jpg","datePublished":"2015-11-18T23:58:14+00:00","dateModified":"2023-08-01T19:44:05+00:00","breadcrumb":{"@id":"https:\/\/rioonwatch.org.br\/?p=17084#breadcrumb"},"inLanguage":"pt-BR","potentialAction":[{"@type":"ReadAction","target":["https:\/\/rioonwatch.org.br\/?p=17084"]}]},{"@type":"ImageObject","inLanguage":"pt-BR","@id":"https:\/\/rioonwatch.org.br\/?p=17084#primaryimage","url":"https:\/\/rioonwatch.org.br\/wp-content\/uploads\/2015\/11\/Protesto-de-mulheres-contra-a-lei-do-aborto-prposta-por-Cunha-12-nov-2017.-Foto-por-M\u00eddia-NINJA.jpg","contentUrl":"https:\/\/rioonwatch.org.br\/wp-content\/uploads\/2015\/11\/Protesto-de-mulheres-contra-a-lei-do-aborto-prposta-por-Cunha-12-nov-2017.-Foto-por-M\u00eddia-NINJA.jpg","width":1000,"height":667},{"@type":"BreadcrumbList","@id":"https:\/\/rioonwatch.org.br\/?p=17084#breadcrumb","itemListElement":[{"@type":"ListItem","position":1,"name":"In\u00edcio","item":"https:\/\/rioonwatch.org.br\/"},{"@type":"ListItem","position":2,"name":"Uma Primavera Feminista? Mulheres e Suas Causas em Marcha no Brasil"}]},{"@type":"WebSite","@id":"https:\/\/rioonwatch.org.br\/#website","url":"https:\/\/rioonwatch.org.br\/","name":"RioOnWatch","description":"relatos das favelas cariocas","publisher":{"@id":"https:\/\/rioonwatch.org.br\/#organization"},"potentialAction":[{"@type":"SearchAction","target":{"@type":"EntryPoint","urlTemplate":"https:\/\/rioonwatch.org.br\/?s={search_term_string}"},"query-input":{"@type":"PropertyValueSpecification","valueRequired":true,"valueName":"search_term_string"}}],"inLanguage":"pt-BR"},{"@type":"Organization","@id":"https:\/\/rioonwatch.org.br\/#organization","name":"RioOnWatch","url":"https:\/\/rioonwatch.org.br\/","logo":{"@type":"ImageObject","inLanguage":"pt-BR","@id":"https:\/\/rioonwatch.org.br\/#\/schema\/logo\/image\/","url":"https:\/\/rioonwatch.org.br\/wp-content\/uploads\/2021\/06\/RioOnWatchcabecalhoPT11anos-2.png","contentUrl":"https:\/\/rioonwatch.org.br\/wp-content\/uploads\/2021\/06\/RioOnWatchcabecalhoPT11anos-2.png","width":779,"height":277,"caption":"RioOnWatch"},"image":{"@id":"https:\/\/rioonwatch.org.br\/#\/schema\/logo\/image\/"}},{"@type":"Person","@id":"https:\/\/rioonwatch.org.br\/#\/schema\/person\/11d64c290506f9df50c71b850c473f68","name":"Admin","image":{"@type":"ImageObject","inLanguage":"pt-BR","@id":"https:\/\/rioonwatch.org.br\/#\/schema\/person\/image\/","url":"https:\/\/secure.gravatar.com\/avatar\/56211ac74568383903349a1485e3c325?s=96&d=blank&r=g","contentUrl":"https:\/\/secure.gravatar.com\/avatar\/56211ac74568383903349a1485e3c325?s=96&d=blank&r=g","caption":"Admin"},"url":"https:\/\/rioonwatch.org.br\/?author=129"}]}},"_links":{"self":[{"href":"https:\/\/rioonwatch.org.br\/index.php?rest_route=\/wp\/v2\/posts\/17084"}],"collection":[{"href":"https:\/\/rioonwatch.org.br\/index.php?rest_route=\/wp\/v2\/posts"}],"about":[{"href":"https:\/\/rioonwatch.org.br\/index.php?rest_route=\/wp\/v2\/types\/post"}],"author":[{"embeddable":true,"href":"https:\/\/rioonwatch.org.br\/index.php?rest_route=\/wp\/v2\/users\/129"}],"replies":[{"embeddable":true,"href":"https:\/\/rioonwatch.org.br\/index.php?rest_route=%2Fwp%2Fv2%2Fcomments&post=17084"}],"version-history":[{"count":17,"href":"https:\/\/rioonwatch.org.br\/index.php?rest_route=\/wp\/v2\/posts\/17084\/revisions"}],"predecessor-version":[{"id":69881,"href":"https:\/\/rioonwatch.org.br\/index.php?rest_route=\/wp\/v2\/posts\/17084\/revisions\/69881"}],"wp:featuredmedia":[{"embeddable":true,"href":"https:\/\/rioonwatch.org.br\/index.php?rest_route=\/wp\/v2\/media\/17093"}],"wp:attachment":[{"href":"https:\/\/rioonwatch.org.br\/index.php?rest_route=%2Fwp%2Fv2%2Fmedia&parent=17084"}],"wp:term":[{"taxonomy":"category","embeddable":true,"href":"https:\/\/rioonwatch.org.br\/index.php?rest_route=%2Fwp%2Fv2%2Fcategories&post=17084"},{"taxonomy":"post_tag","embeddable":true,"href":"https:\/\/rioonwatch.org.br\/index.php?rest_route=%2Fwp%2Fv2%2Ftags&post=17084"},{"taxonomy":"writer","embeddable":true,"href":"https:\/\/rioonwatch.org.br\/index.php?rest_route=%2Fwp%2Fv2%2Fwriter&post=17084"},{"taxonomy":"translator","embeddable":true,"href":"https:\/\/rioonwatch.org.br\/index.php?rest_route=%2Fwp%2Fv2%2Ftranslator&post=17084"},{"taxonomy":"source","embeddable":true,"href":"https:\/\/rioonwatch.org.br\/index.php?rest_route=%2Fwp%2Fv2%2Fsource&post=17084"},{"taxonomy":"ilustrador","embeddable":true,"href":"https:\/\/rioonwatch.org.br\/index.php?rest_route=%2Fwp%2Fv2%2Filustrador&post=17084"},{"taxonomy":"fotografo","embeddable":true,"href":"https:\/\/rioonwatch.org.br\/index.php?rest_route=%2Fwp%2Fv2%2Ffotografo&post=17084"}],"curies":[{"name":"wp","href":"https:\/\/api.w.org\/{rel}","templated":true}]}}