{"id":17133,"date":"2015-11-20T17:57:09","date_gmt":"2015-11-20T20:57:09","guid":{"rendered":"http:\/\/rioonwatch.org.br\/?p=17133"},"modified":"2024-05-24T12:41:05","modified_gmt":"2024-05-24T15:41:05","slug":"mapeando-o-trafico-de-escravos-e-a-crescente-consciencia-negra-no-brasil","status":"publish","type":"post","link":"https:\/\/rioonwatch.org.br\/?p=17133","title":{"rendered":"Mapeando o Tr\u00e1fico de Escravizados e a Crescente Consci\u00eancia Negra no Brasil"},"content":{"rendered":"<p style=\"text-align: right;\"><em><strong><a href=\"http:\/\/bit.ly\/1Oj7wi1\" target=\"_blank\" rel=\"noopener\">Click Here for English<img decoding=\"async\" width=\"20\" height=\"20\" class=\"alignright wp-image-15790\" src=\"http:\/\/rioonwatch.org.br\/wp-content\/uploads\/2012\/08\/EN-standard-e1439583104716.jpg\" alt=\"\" \/><\/a><\/strong><\/em><\/p>\n<p>Hoje, 20 de novembro, \u00e9 o Dia da Consci\u00eancia Negra, um dia para celebrar a hist\u00f3ria da <a href=\"http:\/\/bit.ly\/1piRAgk\" target=\"_blank\" rel=\"noopener\">resist\u00eancia<\/a> negra frente \u00e0 opress\u00e3o.<span style=\"font-weight: 400;\">\u00a0Enquanto o dia 13 de maio marca a ado\u00e7\u00e3o da &#8220;<a href=\"http:\/\/bit.ly\/1Ojhb85\" target=\"_blank\" rel=\"noopener\">Lei \u00c1urea<\/a>&#8220;, que aboliu a <a href=\"http:\/\/bit.ly\/1Hg4Zj3\" target=\"_blank\" rel=\"noopener\">escravid\u00e3o<\/a> com a assinatura da ent\u00e3o regente imperial Princesa Isabel, o dia 20 de novembro comemora a morte de Zumbi, o <\/span><a href=\"http:\/\/bit.ly\/1I1h1mA\" target=\"_blank\" rel=\"noopener\"><span style=\"font-weight: 400;\">\u00faltimo l\u00edder do Quilombo de Palmares<\/span><\/a><span style=\"font-weight: 400;\">. Palmares era um\u00a0<\/span><a href=\"http:\/\/bit.ly\/1kKw0XS\"><span style=\"font-weight: 400;\">quilombo<\/span><\/a><span style=\"font-weight: 400;\">\u00a0que resistiu as campanhas militares portuguesas e holandesas durante quase todo o s\u00e9culo 17. Embora os movimentos sociais negros t\u00eam comemorado o dia desde a d\u00e9cada de 70, a data n\u00e3o foi oficialmente adicionada ao calend\u00e1rio escolar p\u00fablico at\u00e9 2003, e uma lei de 2011, assinado pela <a href=\"http:\/\/bit.ly\/1sTDJFe\" target=\"_blank\" rel=\"noopener\">Presidente Dilma Rousseff<\/a> criou o Dia da Consci\u00eancia Negra, um feriado opcional a n\u00edvel municipal. Hoje Zumbi \u00e9 considerado como uma figura nacional e os brasileiros de todas as origens raciais celebram a hist\u00f3ria da democracia e da resist\u00eancia que ele encarna atrav\u00e9s de <\/span><a href=\"http:\/\/on.fb.me\/1PBXWdk\" target=\"_blank\" rel=\"noopener\"><span style=\"font-weight: 400;\">marchas<\/span><\/a><span style=\"font-weight: 400;\">, <\/span><a href=\"http:\/\/on.fb.me\/1PAwRHn\" target=\"_blank\" rel=\"noopener\"><span style=\"font-weight: 400;\">ocupa\u00e7\u00f5es<\/span><\/a><span style=\"font-weight: 400;\">, <\/span><a href=\"http:\/\/on.fb.me\/1Oh3IxN\" target=\"_blank\" rel=\"noopener\"><span style=\"font-weight: 400;\">festivais de cinema<\/span><\/a><span style=\"font-weight: 400;\">, <\/span><a href=\"http:\/\/bit.ly\/1WUytQq\" target=\"_blank\" rel=\"noopener\"><span style=\"font-weight: 400;\">shows de m\u00fasica<\/span><\/a><span style=\"font-weight: 400;\">, <\/span><a href=\"http:\/\/on.fb.me\/1XZrenm\" target=\"_blank\" rel=\"noopener\"><span style=\"font-weight: 400;\">semin\u00e1rios<\/span><\/a><span style=\"font-weight: 400;\"> e <\/span><a href=\"http:\/\/bit.ly\/1HaOMlf\" target=\"_blank\" rel=\"noopener\"><span style=\"font-weight: 400;\">festas<\/span><\/a><span style=\"font-weight: 400;\"> durante todo o <a href=\"http:\/\/bit.ly\/HQ9VTK\" target=\"_blank\" rel=\"noopener\">m\u00eas de novembro<\/a>.<\/span><\/p>\n<p><a href=\"http:\/\/rioonwatch.org.br\/wp-content\/uploads\/2015\/11\/Image-of-zumbi-at-pedra-do-sal.jpg\"><img fetchpriority=\"high\" decoding=\"async\" class=\"aligncenter wp-image-17138 size-content\" title=\"Imagem de Zumbi na Pedra do Sal\" src=\"http:\/\/rioonwatch.org.br\/wp-content\/uploads\/2015\/11\/Image-of-zumbi-at-pedra-do-sal-620x264.jpg\" alt=\"Image-of-zumbi-at-pedra-do-sal\" width=\"620\" height=\"264\" srcset=\"https:\/\/rioonwatch.org.br\/wp-content\/uploads\/2015\/11\/Image-of-zumbi-at-pedra-do-sal-620x264.jpg 620w, https:\/\/rioonwatch.org.br\/wp-content\/uploads\/2015\/11\/Image-of-zumbi-at-pedra-do-sal-940x400.jpg 940w\" sizes=\"(max-width: 620px) 100vw, 620px\" \/><\/a><\/p>\n<p><span style=\"font-weight: 400;\">Falar sobre a escravid\u00e3o entorno da celebra\u00e7\u00e3o da Consci\u00eancia Negra em 20 de novembro n\u00e3o \u00e9 necessariamente um tabu, mas isso pode refor\u00e7ar as narrativas que pintam a experi\u00eancia negra no Brasil, como de costume sobre a escravid\u00e3o. No entanto, no geral, inclusive entre os <a href=\"http:\/\/bit.ly\/1G0pp5a\" target=\"_blank\" rel=\"noopener\">cariocas<\/a>, raramente os brasileiros procuram\u00a0enfrentar <\/span><a href=\"http:\/\/bit.ly\/1T41p1g\" target=\"_blank\" rel=\"noopener\"><span style=\"font-weight: 400;\">sua hist\u00f3ria de escravid\u00e3o e racismo<\/span><\/a><span style=\"font-weight: 400;\">. Os mitos de uma <\/span><a href=\"http:\/\/glo.bo\/1NGXaFX\" target=\"_blank\" rel=\"noopener\"><span style=\"font-weight: 400;\">sociedade colonial escravista benigna<\/span><\/a><span style=\"font-weight: 400;\"> baseada em rela\u00e7\u00f5es benevolentes entre senhores e escravizados, e do conceito de uma <\/span><a href=\"http:\/\/bit.ly\/1Tu75lr\" target=\"_blank\" rel=\"noopener\"><span style=\"font-weight: 400;\">democracia racial<\/span><\/a><span style=\"font-weight: 400;\">\u00a0ao longo do s\u00e9culo 20 predicada em uma igualdade racial ap\u00f3s \u00e0 aboli\u00e7\u00e3o (porque n\u00e3o houve no Brasil, como houve na escravid\u00e3o nos Estados Unidos, o\u00a0<a href=\"http:\/\/bit.ly\/1hvVsxW\" target=\"_blank\" rel=\"noopener\">racismo<\/a> e <a href=\"http:\/\/bit.ly\/1hvVsxW\" target=\"_blank\" rel=\"noopener\">segrega\u00e7\u00e3o<\/a> institucionalizado) tornou o racismo um fato hist\u00f3rico que <\/span><a href=\"http:\/\/bit.ly\/1Ngp80L\" target=\"_blank\" rel=\"noopener\"><span style=\"font-weight: 400;\">raramente recebe\u00a0reflex\u00e3o nacional<\/span><\/a><span style=\"font-weight: 400;\">.<\/span><\/p>\n<p><span style=\"font-weight: 400;\">Com os EUA como paradigma da escravid\u00e3o e do racismo no hemisf\u00e9rio ocidental, pouca aten\u00e7\u00e3o tem sido dada, at\u00e9 mesmo, para o com\u00e9rcio de escravizados no Brasil, apesar de sua magnitude. O Brasil importou e escravizou quase <\/span><a href=\"http:\/\/bit.ly\/1Mp22l3\" target=\"_blank\" rel=\"noopener\"><span style=\"font-weight: 400;\">5 milh\u00f5es de africanos<\/span><\/a><span style=\"font-weight: 400;\">, mais de 10 vezes o n\u00famero dos que chegaram nos EUA e Canad\u00e1, e quase metade dos mais de 10 milh\u00f5es de pessoas que foram trazidas para o hemisf\u00e9rio ocidental como escravizados. <\/span><a href=\"http:\/\/glo.bo\/1acKVUO\" target=\"_blank\" rel=\"noopener\"><span style=\"font-weight: 400;\">Dois milh\u00f5es de africanos escravizados<\/span><\/a><span style=\"font-weight: 400;\"> chegaram \u00e0s Am\u00e9ricas somente no\u00a0<\/span><span style=\"font-weight: 400;\"><a href=\"http:\/\/bit.ly\/16bu0AT\" target=\"_blank\" rel=\"noopener\">porto de Rio<\/a><\/span><span style=\"font-weight: 400;\">.<\/span><\/p>\n<p><span style=\"font-weight: 400;\">Quando falamos sobre as institui\u00e7\u00f5es e mercados de grande escala, como o do com\u00e9rcio transatl\u00e2ntico de escravizados, \u00e9 f\u00e1cil esquecer os indiv\u00edduos e os pequenos atos que os compunham e sustentavam. Um <\/span><a href=\"http:\/\/slate.me\/1H8TRKV\" target=\"_blank\" rel=\"noopener\"><span style=\"font-weight: 400;\">mapa interativo produzido por <em>Slate<\/em><\/span><\/a><span style=\"font-weight: 400;\">, baseado em arquivos de informa\u00e7\u00f5es dos navios negreiros compilado pelo\u00a0<\/span><a href=\"http:\/\/bit.ly\/1T10Erm\" target=\"_blank\" rel=\"noopener\"><span style=\"font-weight: 400;\">Voyages-Banco de Dados do Tr\u00e1fico Transatl\u00e2ntico de Escravos<\/span><\/a><span style=\"font-weight: 400;\">, mostra tanto a incr\u00edvel escala, quanto o\u00a0minucioso cotidiano\u00a0do com\u00e9rcio.<\/span><\/p>\n<p><span style=\"font-weight: 400;\">O mapa usa a t\u00e9cnica\u00a0<em>time-lapse<\/em> para\u00a0mostrar\u00a0o\u00a0com\u00e9rcio entre\u00a01545 e 1860, o que representa, como a mat\u00e9ria diz de forma sucinta e intensa, a transfer\u00eancia em &#8220;315 anos. 20,528 viagens. Milh\u00f5es de vidas.&#8221; Cada ponto \u00e9 uma viagem e o tamanho do ponto representa o n\u00famero de pessoas escravizadas obrigadas a suportar a <a href=\"http:\/\/bit.ly\/1OW0VNx\" target=\"_blank\" rel=\"noopener\">travessia do Atl\u00e2ntico<\/a>. Pausando o mapa e clicando em um ponto, o leitor\u00a0pode saber detalhes de cada viagem em particular&#8211;a bandeira da tripula\u00e7\u00e3o e o Estado de destino, a rota, o n\u00famero de viagens que o navio fez, o n\u00famero de pessoas que desembarcaram vindas da \u00c1frica, e o n\u00famero de pessoas escravizadas que sobreviveram \u00e0 viagem para as <\/span><span style=\"font-weight: 400;\">Am\u00e9ricas.<\/span><\/p>\n<p><a href=\"http:\/\/rioonwatch.org.br\/wp-content\/uploads\/2015\/11\/the-hunter-details-of-Spanish-Ship.png\"><img decoding=\"async\" class=\"alignright wp-image-17140\" title=\"El Ca\u00e7ador. Detalhes de um navio espanhol\" src=\"http:\/\/rioonwatch.org.br\/wp-content\/uploads\/2015\/11\/the-hunter-details-of-Spanish-Ship.png\" alt=\"the-hunter-details-of-Spanish-Ship\" width=\"300\" height=\"413\" \/><\/a><\/p>\n<p>Voc\u00ea tamb\u00e9m pode observar as tend\u00eancias geopol\u00edticas e nacionais relacionadas com o com\u00e9rcio de escravizados. Navios portugueses e espanh\u00f3is dominaram os primeiros anos do com\u00e9rcio, com centenas de navios indo para portos em todo o Caribe e Cartagena, na atual Col\u00f4mbia. Dado que os colonizadores europeus&#8211;principalmente holandeses, franceses, ingleses, espanhois e portugueses&#8211;disputavam o dom\u00ednio de setores como a\u00e7\u00facar, algod\u00e3o e caf\u00e9, suas fortunas estavam cada vez mais ligadas \u00e0 sua capacidade de monopolizar o com\u00e9rcio de escravizados.<\/p>\n<p><span style=\"font-weight: 400;\">Pequenos detalhes como os navios indo para a Europa servem como um lembrete de que a escravid\u00e3o n\u00e3o era apenas uma institui\u00e7\u00e3o das Am\u00e9ricas, mas tamb\u00e9m dos estados e imp\u00e9rios europeus. A natureza desses imp\u00e9rios at\u00e9 mesmo viu escravizados sendo enviados da Am\u00e9rica de volta para a \u00c1frica. No Imp\u00e9rio Portugu\u00eas, o desterro para outras col\u00f4nias era um castigo comum. A Proclama\u00e7\u00e3o Real de 1749 proibiu os negros e mulatos livres de se vestirem como os brancos e sugeriu o ex\u00edlio para S\u00e3o Tom\u00e9 como um castigo adequado para os reincidentes.<a href=\"#_ftn1\" name=\"_ftnref1\">[1]<\/a><\/span><\/p>\n<p><span style=\"font-weight: 400;\">O Imp\u00e9rio Portugu\u00eas na \u00c1frica, juntamente com os favor\u00e1veis ventos al\u00edsios, tornou a importa\u00e7\u00e3o de africanos escravizados para o Brasil relativamente barata. Decretos durante todo o per\u00edodo colonial imploraram aos senhores de escravizados para alimentarem melhor seus escravizados ou, pelo menos, permitir-lhes lotes de terra para cultivar seu pr\u00f3prio alimento, dado que muitos propriet\u00e1rios fizeram o c\u00e1lculo de que importar pessoas novas e mais saud\u00e1veis revelava-se mais barato do que cuidarem de seus escravizados.<a href=\"#_ftn2\" name=\"_ftnref2\">[2]<\/a><\/span><\/p>\n<p><span style=\"font-weight: 400;\">Um refr\u00e3o comum do s\u00e9culo 17 no Brasil, \u201c<\/span><a href=\"http:\/\/bit.ly\/1XeEfHv\" target=\"_blank\" rel=\"noopener\"><span style=\"font-weight: 400;\">Sem a\u00e7\u00facar, n\u00e3o h\u00e1 Brasil; sem a escravid\u00e3o, n\u00e3o h\u00e1 a\u00e7\u00facar; sem Angola, n\u00e3o h\u00e1 escravos<\/span><\/a><span style=\"font-weight: 400;\">&#8220;, fala das arraigadas liga\u00e7\u00f5es iniciais pol\u00edticas, econ\u00f4micas e culturais entre o Brasil e Angola. No entanto, as rotas mudaram, dado que a produ\u00e7\u00e3o de a\u00e7\u00facar no Nordeste foi substitu\u00edda pela garimpagem e a produ\u00e7\u00e3o de caf\u00e9 no Sul, tornando o Rio de Janeiro, em vez de Salvador, o porto brasileiro atrav\u00e9s do qual a maioria dos africanos entraram no pa\u00eds, e as vezes mudando o com\u00e9rcio para a Costa ocidental da \u00c1frica, para as atuais Benin e Nig\u00e9ria.<\/span><\/p>\n<p><a href=\"http:\/\/rioonwatch.org.br\/wp-content\/uploads\/2015\/11\/Angola-Brazil.png\"><img loading=\"lazy\" decoding=\"async\" class=\"aligncenter wp-image-17142 size-medium\" title=\"De Angola para o Brasil, uma rota comum\" src=\"http:\/\/rioonwatch.org.br\/wp-content\/uploads\/2015\/11\/Angola-Brazil-620x365.png\" alt=\"Angola-Brazil\" width=\"620\" height=\"365\" srcset=\"https:\/\/rioonwatch.org.br\/wp-content\/uploads\/2015\/11\/Angola-Brazil-620x365.png 620w, https:\/\/rioonwatch.org.br\/wp-content\/uploads\/2015\/11\/Angola-Brazil-449x264.png 449w, https:\/\/rioonwatch.org.br\/wp-content\/uploads\/2015\/11\/Angola-Brazil.png 1000w\" sizes=\"(max-width: 620px) 100vw, 620px\" \/><\/a><\/p>\n<p><span style=\"font-weight: 400;\">H\u00e1 uma queda gritante no n\u00famero de navios que v\u00e3o para a ilha de Hispaniola ap\u00f3s o fim da <a href=\"http:\/\/bit.ly\/1PRgbtG\" target=\"_blank\" rel=\"noopener\">Revolu\u00e7\u00e3o Haitiana<\/a> em 1804. Como a pot\u00eancia europeia diminuiu no hemisf\u00e9rio seguindo os movimentos de independ\u00eancia do final do s\u00e9culo 18 e in\u00edcio do 19, navios do Brasil dominaram o com\u00e9rcio. Este foi especialmente o caso ap\u00f3s as tentativas da Inglaterra para abolir o com\u00e9rcio transatl\u00e2ntico. Embora o Brasil aprovou leis que terminavam com a importa\u00e7\u00e3o de africanos escravizados, estas eram apenas &#8220;<\/span><a href=\"http:\/\/bit.ly\/1FM0mN6\" target=\"_blank\" rel=\"noopener\"><span style=\"font-weight: 400;\">para Ingl\u00eas ver<\/span><\/a><span style=\"font-weight: 400;\">&#8220;, com mais de um milh\u00e3o de pessoas importadas entre 1826 e 1850, durante o auge\u00a0da\u00a0campanha ideol\u00f3gica e naval da <a href=\"http:\/\/bit.ly\/1FM0mN6\" target=\"_blank\" rel=\"noopener\">Inglaterra contra o com\u00e9rcio<\/a>.<\/span><\/p>\n<p><a href=\"http:\/\/rioonwatch.org.br\/wp-content\/uploads\/2015\/11\/Brazil-Cuba-For-the-English-to-See.png\"><img loading=\"lazy\" decoding=\"async\" class=\"aligncenter wp-image-17143 size-medium\" title=\"O Brasil continuou com o com\u00e9rcio de escravos por muito tempo, ap\u00f3s a promessa de parar.\" src=\"http:\/\/rioonwatch.org.br\/wp-content\/uploads\/2015\/11\/Brazil-Cuba-For-the-English-to-See-620x382.png\" alt=\"Brazil-Cuba-For-the-English-to-See\" width=\"620\" height=\"382\" srcset=\"https:\/\/rioonwatch.org.br\/wp-content\/uploads\/2015\/11\/Brazil-Cuba-For-the-English-to-See-620x382.png 620w, https:\/\/rioonwatch.org.br\/wp-content\/uploads\/2015\/11\/Brazil-Cuba-For-the-English-to-See-429x264.png 429w, https:\/\/rioonwatch.org.br\/wp-content\/uploads\/2015\/11\/Brazil-Cuba-For-the-English-to-See.png 1000w\" sizes=\"(max-width: 620px) 100vw, 620px\" \/><\/a><\/p>\n<p><a href=\"http:\/\/rioonwatch.org.br\/wp-content\/uploads\/2015\/11\/American-Contraband.png\"><img loading=\"lazy\" decoding=\"async\" class=\"aligncenter wp-image-17144 size-medium\" title=\"Os EUA n\u00e3o era apenas um receptor de escravos, mas tamb\u00e9m um comerciante.\" src=\"http:\/\/rioonwatch.org.br\/wp-content\/uploads\/2015\/11\/American-Contraband-620x367.png\" alt=\"American-Contraband\" width=\"620\" height=\"367\" srcset=\"https:\/\/rioonwatch.org.br\/wp-content\/uploads\/2015\/11\/American-Contraband-620x367.png 620w, https:\/\/rioonwatch.org.br\/wp-content\/uploads\/2015\/11\/American-Contraband-446x264.png 446w, https:\/\/rioonwatch.org.br\/wp-content\/uploads\/2015\/11\/American-Contraband.png 1000w\" sizes=\"(max-width: 620px) 100vw, 620px\" \/><\/a><\/p>\n<p><span style=\"font-weight: 400;\">A import\u00e2ncia do com\u00e9rcio de escravizados e a escravid\u00e3o est\u00e1 bem viva entre m\u00fasicos e ativistas negros no Brasil. A can\u00e7\u00e3o de 1994 do O Rappa &#8220;<\/span><a href=\"http:\/\/bit.ly\/1MFkEeL\" target=\"_blank\" rel=\"noopener\"><span style=\"font-weight: 400;\">Todo cambur\u00e3o tem um pouco navio negreiro<\/span><\/a><span style=\"font-weight: 400;\">&#8221; denuncia as t\u00e1ticas de perfil racial da pol\u00edcia. Da mesma forma, a letra que o Emicida lan\u00e7ou recentemente na m\u00fasica &#8220;<\/span><a href=\"http:\/\/bit.ly\/1LpexsT\" target=\"_blank\" rel=\"noopener\"><span style=\"font-weight: 400;\">Boa Esperan\u00e7a<\/span><\/a><span style=\"font-weight: 400;\">&#8221; liga simbolicamente favelas e navios negreiros, enquanto o <a href=\"http:\/\/bit.ly\/1QygiMm\" target=\"_blank\" rel=\"noopener\">v\u00eddeo<\/a> mostra uma revolta moderna.\u00a0<\/span><span style=\"font-weight: 400;\">Assim como o tr\u00e1fico de escravizados foi gerido por uma ideologia perversa que tornou as vidas negras dispens\u00e1veis e descart\u00e1veis, jovens negros no Rio s\u00e3o <a href=\"http:\/\/bit.ly\/1PDrYLE\" target=\"_blank\" rel=\"noopener\">rotineiramente as v\u00edtimas de viol\u00eancia policial<\/a>,\u00a0formando\u00a0a maioria dos 1.519 homic\u00eddios cometidos por policiais nos \u00faltimos cinco anos, como documentado em um recente <\/span><a href=\"http:\/\/bit.ly\/218EGru\" target=\"_blank\" rel=\"noopener\"><span style=\"font-weight: 400;\">relat\u00f3rio da Anistia Internacional<\/span><\/a><span style=\"font-weight: 400;\">. Raull Santiago do <\/span><a href=\"http:\/\/bit.ly\/1CLd514\" target=\"_blank\" rel=\"noopener\"><span style=\"font-weight: 400;\">Coletivo Papo Reto<\/span><\/a><span style=\"font-weight: 400;\"> tem frequentemente se referido as favelas alternativamente como senzalas, devido \u00e0 rela\u00e7\u00e3o de explora\u00e7\u00e3o entre a cidade propriamente dita e as favelas, e como <\/span><a href=\"http:\/\/on.fb.me\/1Hs78us\" target=\"_blank\" rel=\"noopener\"><span style=\"font-weight: 400;\">quilombos<\/span><\/a><span style=\"font-weight: 400;\">, devido \u00e0 sua liga\u00e7\u00e3o com uma longa hist\u00f3ria de lutas territoriais emancipat\u00f3rias.<\/span><\/p>\n<p><a href=\"#_ftnref1\" name=\"_ftn1\">[1]<\/a>,\u00a0<a href=\"#_ftnref2\" name=\"_ftn2\">[2]<\/a>\u00a0Conrad, Robert Edgard. <em>Children of God\u2019s Fire: A Documentary History of Black Slavery in Brazil<\/em>. Princeton: Princeton University Press, 1983.<\/p>\n<p><i><span style=\"font-weight: 400;\">Stephanie Reist est\u00e1 pleiteando um Mestrado em Pol\u00edticas P\u00fablicas e um doutorado em Estudos Latino-Americanos na Universidade de Duke, EUA. No Rio, ela tem trabalhado como bolsista Felsman no Projeto Ra\u00edzes Locais, um projeto comunit\u00e1rio gerido pela Associa\u00e7\u00e3o\u00a0<\/span><\/i><a href=\"http:\/\/bit.ly\/1I9uWAT\"><i><span style=\"font-weight: 400;\">Terra dos Homens<\/span><\/i><\/a><i><span style=\"font-weight: 400;\">, em Mangueirinha, Duque de Caxias. Sua pesquisa analisa a din\u00e2mica centro-periferia, pertencimento, cidadania e direitos sobre a terra.<\/span><\/i><\/p>\n<!-- AddThis Advanced Settings generic via filter on the_content --><!-- AddThis Share Buttons generic via filter on the_content -->","protected":false},"excerpt":{"rendered":"<div class=\"mh-excerpt\"><p>Click Here for English Hoje, 20 de novembro, \u00e9 o Dia da Consci\u00eancia Negra, um dia para celebrar a hist\u00f3ria da resist\u00eancia negra frente \u00e0 opress\u00e3o.\u00a0Enquanto o dia 13 de maio marca a ado\u00e7\u00e3o da <a class=\"mh-excerpt-more\" href=\"https:\/\/rioonwatch.org.br\/?p=17133\" title=\"Mapeando o Tr\u00e1fico de Escravizados e a Crescente Consci\u00eancia Negra no Brasil\">[&#8230;]<\/a><!-- AddThis Advanced Settings generic via filter on get_the_excerpt --><!-- AddThis Share Buttons generic via filter on get_the_excerpt --><\/p>\n<\/div>","protected":false},"author":129,"featured_media":17137,"comment_status":"closed","ping_status":"closed","sticky":false,"template":"","format":"standard","meta":{"_acf_changed":false,"_monsterinsights_skip_tracking":false,"_monsterinsights_sitenote_active":false,"_monsterinsights_sitenote_note":"","_monsterinsights_sitenote_category":0,"footnotes":""},"categories":[1621,1632,1631,1626],"tags":[329,3253,759,513,514,1710,128,1418,1712,915,20,567,936,494,432,814,52],"writer":[1577],"translator":[273],"source":[],"ilustrador":[],"fotografo":[],"class_list":{"0":"post-17133","1":"post","2":"type-post","3":"status-publish","4":"format-standard","5":"has-post-thumbnail","7":"category-destaque","8":"category-pesquisa-e-analise","9":"category-entendendo-o-rio","10":"category-por-observadores-internacionais","11":"tag-africa","12":"tag-antirracismo","13":"tag-comparacao-internacional","14":"tag-cultura-afro-brasileira","15":"tag-escravidao","16":"tag-haiti","17":"tag-historia","18":"tag-coletivo-papo-reto","19":"tag-mapa","20":"tag-mes-da-consciencia-negra","21":"tag-musica","22":"tag-quilombo","23":"tag-raca","24":"tag-regiao-do-porto","25":"tag-resistencia","26":"tag-segregacao","27":"tag-violencia-policial","28":"writer-stephanie-reist","29":"translator-roseli-franco"},"acf":[],"yoast_head":"<!-- This site is optimized with the Yoast SEO plugin v25.6 - https:\/\/yoast.com\/wordpress\/plugins\/seo\/ -->\n<title>Mapeando o Tr\u00e1fico de Escravizados e a Crescente Consci\u00eancia Negra no Brasil - RioOnWatch<\/title>\n<meta name=\"robots\" content=\"index, follow, max-snippet:-1, max-image-preview:large, max-video-preview:-1\" \/>\n<link rel=\"canonical\" href=\"https:\/\/rioonwatch.org.br\/?p=17133\" \/>\n<meta property=\"og:locale\" content=\"pt_BR\" \/>\n<meta property=\"og:type\" content=\"article\" \/>\n<meta property=\"og:title\" content=\"Mapeando o Tr\u00e1fico de Escravizados e a Crescente Consci\u00eancia Negra no Brasil - RioOnWatch\" \/>\n<meta property=\"og:description\" content=\"Click Here for English Hoje, 20 de novembro, \u00e9 o Dia da Consci\u00eancia Negra, um dia para celebrar a hist\u00f3ria da resist\u00eancia negra frente \u00e0 opress\u00e3o.\u00a0Enquanto o dia 13 de maio marca a ado\u00e7\u00e3o da [...]\" \/>\n<meta property=\"og:url\" content=\"https:\/\/rioonwatch.org.br\/?p=17133\" \/>\n<meta property=\"og:site_name\" content=\"RioOnWatch\" \/>\n<meta property=\"article:published_time\" content=\"2015-11-20T20:57:09+00:00\" \/>\n<meta property=\"article:modified_time\" content=\"2024-05-24T15:41:05+00:00\" \/>\n<meta property=\"og:image\" content=\"https:\/\/rioonwatch.org.br\/wp-content\/uploads\/2015\/11\/slate-slavery-map-e1448013084325.png\" \/>\n\t<meta property=\"og:image:width\" content=\"860\" \/>\n\t<meta property=\"og:image:height\" content=\"507\" \/>\n\t<meta property=\"og:image:type\" content=\"image\/png\" \/>\n<meta name=\"author\" content=\"Admin\" \/>\n<meta name=\"twitter:card\" content=\"summary_large_image\" \/>\n<meta name=\"twitter:label1\" content=\"Escrito por\" \/>\n\t<meta name=\"twitter:data1\" content=\"Admin\" \/>\n\t<meta name=\"twitter:label2\" content=\"Est. tempo de leitura\" \/>\n\t<meta name=\"twitter:data2\" content=\"9 minutos\" \/>\n<script type=\"application\/ld+json\" class=\"yoast-schema-graph\">{\"@context\":\"https:\/\/schema.org\",\"@graph\":[{\"@type\":\"Article\",\"@id\":\"https:\/\/rioonwatch.org.br\/?p=17133#article\",\"isPartOf\":{\"@id\":\"https:\/\/rioonwatch.org.br\/?p=17133\"},\"author\":{\"name\":\"Admin\",\"@id\":\"https:\/\/rioonwatch.org.br\/#\/schema\/person\/11d64c290506f9df50c71b850c473f68\"},\"headline\":\"Mapeando o Tr\u00e1fico de Escravizados e a Crescente Consci\u00eancia Negra no Brasil\",\"datePublished\":\"2015-11-20T20:57:09+00:00\",\"dateModified\":\"2024-05-24T15:41:05+00:00\",\"mainEntityOfPage\":{\"@id\":\"https:\/\/rioonwatch.org.br\/?p=17133\"},\"wordCount\":1420,\"publisher\":{\"@id\":\"https:\/\/rioonwatch.org.br\/#organization\"},\"image\":{\"@id\":\"https:\/\/rioonwatch.org.br\/?p=17133#primaryimage\"},\"thumbnailUrl\":\"https:\/\/rioonwatch.org.br\/wp-content\/uploads\/2015\/11\/slate-slavery-map-e1448013084325.png\",\"keywords\":[\"\u00c1frica\",\"Antirracismo\",\"compara\u00e7\u00e3o internacional\",\"Cultura Afro-brasileira\",\"escravid\u00e3o\",\"Haiti\",\"hist\u00f3ria\",\"Instituto Papo Reto\",\"mapa\",\"M\u00eas da Consci\u00eancia Negra\",\"m\u00fasica\",\"Quilombo\",\"ra\u00e7a\",\"Regi\u00e3o do Porto\",\"resist\u00eancia\",\"segrega\u00e7\u00e3o\",\"viol\u00eancia policial\"],\"articleSection\":[\"*Destaque\",\"Dados e Pesquisa\",\"Entendendo o Rio\",\"Escrito por Aliados\"],\"inLanguage\":\"pt-BR\"},{\"@type\":\"WebPage\",\"@id\":\"https:\/\/rioonwatch.org.br\/?p=17133\",\"url\":\"https:\/\/rioonwatch.org.br\/?p=17133\",\"name\":\"Mapeando o Tr\u00e1fico de Escravizados e a Crescente Consci\u00eancia Negra no Brasil - RioOnWatch\",\"isPartOf\":{\"@id\":\"https:\/\/rioonwatch.org.br\/#website\"},\"primaryImageOfPage\":{\"@id\":\"https:\/\/rioonwatch.org.br\/?p=17133#primaryimage\"},\"image\":{\"@id\":\"https:\/\/rioonwatch.org.br\/?p=17133#primaryimage\"},\"thumbnailUrl\":\"https:\/\/rioonwatch.org.br\/wp-content\/uploads\/2015\/11\/slate-slavery-map-e1448013084325.png\",\"datePublished\":\"2015-11-20T20:57:09+00:00\",\"dateModified\":\"2024-05-24T15:41:05+00:00\",\"breadcrumb\":{\"@id\":\"https:\/\/rioonwatch.org.br\/?p=17133#breadcrumb\"},\"inLanguage\":\"pt-BR\",\"potentialAction\":[{\"@type\":\"ReadAction\",\"target\":[\"https:\/\/rioonwatch.org.br\/?p=17133\"]}]},{\"@type\":\"ImageObject\",\"inLanguage\":\"pt-BR\",\"@id\":\"https:\/\/rioonwatch.org.br\/?p=17133#primaryimage\",\"url\":\"https:\/\/rioonwatch.org.br\/wp-content\/uploads\/2015\/11\/slate-slavery-map-e1448013084325.png\",\"contentUrl\":\"https:\/\/rioonwatch.org.br\/wp-content\/uploads\/2015\/11\/slate-slavery-map-e1448013084325.png\",\"width\":860,\"height\":507},{\"@type\":\"BreadcrumbList\",\"@id\":\"https:\/\/rioonwatch.org.br\/?p=17133#breadcrumb\",\"itemListElement\":[{\"@type\":\"ListItem\",\"position\":1,\"name\":\"In\u00edcio\",\"item\":\"https:\/\/rioonwatch.org.br\/\"},{\"@type\":\"ListItem\",\"position\":2,\"name\":\"Mapeando o Tr\u00e1fico de Escravizados e a Crescente Consci\u00eancia Negra no Brasil\"}]},{\"@type\":\"WebSite\",\"@id\":\"https:\/\/rioonwatch.org.br\/#website\",\"url\":\"https:\/\/rioonwatch.org.br\/\",\"name\":\"RioOnWatch\",\"description\":\"relatos das favelas cariocas\",\"publisher\":{\"@id\":\"https:\/\/rioonwatch.org.br\/#organization\"},\"potentialAction\":[{\"@type\":\"SearchAction\",\"target\":{\"@type\":\"EntryPoint\",\"urlTemplate\":\"https:\/\/rioonwatch.org.br\/?s={search_term_string}\"},\"query-input\":{\"@type\":\"PropertyValueSpecification\",\"valueRequired\":true,\"valueName\":\"search_term_string\"}}],\"inLanguage\":\"pt-BR\"},{\"@type\":\"Organization\",\"@id\":\"https:\/\/rioonwatch.org.br\/#organization\",\"name\":\"RioOnWatch\",\"url\":\"https:\/\/rioonwatch.org.br\/\",\"logo\":{\"@type\":\"ImageObject\",\"inLanguage\":\"pt-BR\",\"@id\":\"https:\/\/rioonwatch.org.br\/#\/schema\/logo\/image\/\",\"url\":\"https:\/\/rioonwatch.org.br\/wp-content\/uploads\/2021\/06\/RioOnWatchcabecalhoPT11anos-2.png\",\"contentUrl\":\"https:\/\/rioonwatch.org.br\/wp-content\/uploads\/2021\/06\/RioOnWatchcabecalhoPT11anos-2.png\",\"width\":779,\"height\":277,\"caption\":\"RioOnWatch\"},\"image\":{\"@id\":\"https:\/\/rioonwatch.org.br\/#\/schema\/logo\/image\/\"}},{\"@type\":\"Person\",\"@id\":\"https:\/\/rioonwatch.org.br\/#\/schema\/person\/11d64c290506f9df50c71b850c473f68\",\"name\":\"Admin\",\"image\":{\"@type\":\"ImageObject\",\"inLanguage\":\"pt-BR\",\"@id\":\"https:\/\/rioonwatch.org.br\/#\/schema\/person\/image\/\",\"url\":\"https:\/\/secure.gravatar.com\/avatar\/56211ac74568383903349a1485e3c325?s=96&d=blank&r=g\",\"contentUrl\":\"https:\/\/secure.gravatar.com\/avatar\/56211ac74568383903349a1485e3c325?s=96&d=blank&r=g\",\"caption\":\"Admin\"},\"url\":\"https:\/\/rioonwatch.org.br\/?author=129\"}]}<\/script>\n<!-- \/ Yoast SEO plugin. -->","yoast_head_json":{"title":"Mapeando o Tr\u00e1fico de Escravizados e a Crescente Consci\u00eancia Negra no Brasil - RioOnWatch","robots":{"index":"index","follow":"follow","max-snippet":"max-snippet:-1","max-image-preview":"max-image-preview:large","max-video-preview":"max-video-preview:-1"},"canonical":"https:\/\/rioonwatch.org.br\/?p=17133","og_locale":"pt_BR","og_type":"article","og_title":"Mapeando o Tr\u00e1fico de Escravizados e a Crescente Consci\u00eancia Negra no Brasil - RioOnWatch","og_description":"Click Here for English Hoje, 20 de novembro, \u00e9 o Dia da Consci\u00eancia Negra, um dia para celebrar a hist\u00f3ria da resist\u00eancia negra frente \u00e0 opress\u00e3o.\u00a0Enquanto o dia 13 de maio marca a ado\u00e7\u00e3o da [...]","og_url":"https:\/\/rioonwatch.org.br\/?p=17133","og_site_name":"RioOnWatch","article_published_time":"2015-11-20T20:57:09+00:00","article_modified_time":"2024-05-24T15:41:05+00:00","og_image":[{"width":860,"height":507,"url":"https:\/\/rioonwatch.org.br\/wp-content\/uploads\/2015\/11\/slate-slavery-map-e1448013084325.png","type":"image\/png"}],"author":"Admin","twitter_card":"summary_large_image","twitter_misc":{"Escrito por":"Admin","Est. tempo de leitura":"9 minutos"},"schema":{"@context":"https:\/\/schema.org","@graph":[{"@type":"Article","@id":"https:\/\/rioonwatch.org.br\/?p=17133#article","isPartOf":{"@id":"https:\/\/rioonwatch.org.br\/?p=17133"},"author":{"name":"Admin","@id":"https:\/\/rioonwatch.org.br\/#\/schema\/person\/11d64c290506f9df50c71b850c473f68"},"headline":"Mapeando o Tr\u00e1fico de Escravizados e a Crescente Consci\u00eancia Negra no Brasil","datePublished":"2015-11-20T20:57:09+00:00","dateModified":"2024-05-24T15:41:05+00:00","mainEntityOfPage":{"@id":"https:\/\/rioonwatch.org.br\/?p=17133"},"wordCount":1420,"publisher":{"@id":"https:\/\/rioonwatch.org.br\/#organization"},"image":{"@id":"https:\/\/rioonwatch.org.br\/?p=17133#primaryimage"},"thumbnailUrl":"https:\/\/rioonwatch.org.br\/wp-content\/uploads\/2015\/11\/slate-slavery-map-e1448013084325.png","keywords":["\u00c1frica","Antirracismo","compara\u00e7\u00e3o internacional","Cultura Afro-brasileira","escravid\u00e3o","Haiti","hist\u00f3ria","Instituto Papo Reto","mapa","M\u00eas da Consci\u00eancia Negra","m\u00fasica","Quilombo","ra\u00e7a","Regi\u00e3o do Porto","resist\u00eancia","segrega\u00e7\u00e3o","viol\u00eancia policial"],"articleSection":["*Destaque","Dados e Pesquisa","Entendendo o Rio","Escrito por Aliados"],"inLanguage":"pt-BR"},{"@type":"WebPage","@id":"https:\/\/rioonwatch.org.br\/?p=17133","url":"https:\/\/rioonwatch.org.br\/?p=17133","name":"Mapeando o Tr\u00e1fico de Escravizados e a Crescente Consci\u00eancia Negra no Brasil - RioOnWatch","isPartOf":{"@id":"https:\/\/rioonwatch.org.br\/#website"},"primaryImageOfPage":{"@id":"https:\/\/rioonwatch.org.br\/?p=17133#primaryimage"},"image":{"@id":"https:\/\/rioonwatch.org.br\/?p=17133#primaryimage"},"thumbnailUrl":"https:\/\/rioonwatch.org.br\/wp-content\/uploads\/2015\/11\/slate-slavery-map-e1448013084325.png","datePublished":"2015-11-20T20:57:09+00:00","dateModified":"2024-05-24T15:41:05+00:00","breadcrumb":{"@id":"https:\/\/rioonwatch.org.br\/?p=17133#breadcrumb"},"inLanguage":"pt-BR","potentialAction":[{"@type":"ReadAction","target":["https:\/\/rioonwatch.org.br\/?p=17133"]}]},{"@type":"ImageObject","inLanguage":"pt-BR","@id":"https:\/\/rioonwatch.org.br\/?p=17133#primaryimage","url":"https:\/\/rioonwatch.org.br\/wp-content\/uploads\/2015\/11\/slate-slavery-map-e1448013084325.png","contentUrl":"https:\/\/rioonwatch.org.br\/wp-content\/uploads\/2015\/11\/slate-slavery-map-e1448013084325.png","width":860,"height":507},{"@type":"BreadcrumbList","@id":"https:\/\/rioonwatch.org.br\/?p=17133#breadcrumb","itemListElement":[{"@type":"ListItem","position":1,"name":"In\u00edcio","item":"https:\/\/rioonwatch.org.br\/"},{"@type":"ListItem","position":2,"name":"Mapeando o Tr\u00e1fico de Escravizados e a Crescente Consci\u00eancia Negra no Brasil"}]},{"@type":"WebSite","@id":"https:\/\/rioonwatch.org.br\/#website","url":"https:\/\/rioonwatch.org.br\/","name":"RioOnWatch","description":"relatos das favelas cariocas","publisher":{"@id":"https:\/\/rioonwatch.org.br\/#organization"},"potentialAction":[{"@type":"SearchAction","target":{"@type":"EntryPoint","urlTemplate":"https:\/\/rioonwatch.org.br\/?s={search_term_string}"},"query-input":{"@type":"PropertyValueSpecification","valueRequired":true,"valueName":"search_term_string"}}],"inLanguage":"pt-BR"},{"@type":"Organization","@id":"https:\/\/rioonwatch.org.br\/#organization","name":"RioOnWatch","url":"https:\/\/rioonwatch.org.br\/","logo":{"@type":"ImageObject","inLanguage":"pt-BR","@id":"https:\/\/rioonwatch.org.br\/#\/schema\/logo\/image\/","url":"https:\/\/rioonwatch.org.br\/wp-content\/uploads\/2021\/06\/RioOnWatchcabecalhoPT11anos-2.png","contentUrl":"https:\/\/rioonwatch.org.br\/wp-content\/uploads\/2021\/06\/RioOnWatchcabecalhoPT11anos-2.png","width":779,"height":277,"caption":"RioOnWatch"},"image":{"@id":"https:\/\/rioonwatch.org.br\/#\/schema\/logo\/image\/"}},{"@type":"Person","@id":"https:\/\/rioonwatch.org.br\/#\/schema\/person\/11d64c290506f9df50c71b850c473f68","name":"Admin","image":{"@type":"ImageObject","inLanguage":"pt-BR","@id":"https:\/\/rioonwatch.org.br\/#\/schema\/person\/image\/","url":"https:\/\/secure.gravatar.com\/avatar\/56211ac74568383903349a1485e3c325?s=96&d=blank&r=g","contentUrl":"https:\/\/secure.gravatar.com\/avatar\/56211ac74568383903349a1485e3c325?s=96&d=blank&r=g","caption":"Admin"},"url":"https:\/\/rioonwatch.org.br\/?author=129"}]}},"_links":{"self":[{"href":"https:\/\/rioonwatch.org.br\/index.php?rest_route=\/wp\/v2\/posts\/17133"}],"collection":[{"href":"https:\/\/rioonwatch.org.br\/index.php?rest_route=\/wp\/v2\/posts"}],"about":[{"href":"https:\/\/rioonwatch.org.br\/index.php?rest_route=\/wp\/v2\/types\/post"}],"author":[{"embeddable":true,"href":"https:\/\/rioonwatch.org.br\/index.php?rest_route=\/wp\/v2\/users\/129"}],"replies":[{"embeddable":true,"href":"https:\/\/rioonwatch.org.br\/index.php?rest_route=%2Fwp%2Fv2%2Fcomments&post=17133"}],"version-history":[{"count":23,"href":"https:\/\/rioonwatch.org.br\/index.php?rest_route=\/wp\/v2\/posts\/17133\/revisions"}],"predecessor-version":[{"id":67104,"href":"https:\/\/rioonwatch.org.br\/index.php?rest_route=\/wp\/v2\/posts\/17133\/revisions\/67104"}],"wp:featuredmedia":[{"embeddable":true,"href":"https:\/\/rioonwatch.org.br\/index.php?rest_route=\/wp\/v2\/media\/17137"}],"wp:attachment":[{"href":"https:\/\/rioonwatch.org.br\/index.php?rest_route=%2Fwp%2Fv2%2Fmedia&parent=17133"}],"wp:term":[{"taxonomy":"category","embeddable":true,"href":"https:\/\/rioonwatch.org.br\/index.php?rest_route=%2Fwp%2Fv2%2Fcategories&post=17133"},{"taxonomy":"post_tag","embeddable":true,"href":"https:\/\/rioonwatch.org.br\/index.php?rest_route=%2Fwp%2Fv2%2Ftags&post=17133"},{"taxonomy":"writer","embeddable":true,"href":"https:\/\/rioonwatch.org.br\/index.php?rest_route=%2Fwp%2Fv2%2Fwriter&post=17133"},{"taxonomy":"translator","embeddable":true,"href":"https:\/\/rioonwatch.org.br\/index.php?rest_route=%2Fwp%2Fv2%2Ftranslator&post=17133"},{"taxonomy":"source","embeddable":true,"href":"https:\/\/rioonwatch.org.br\/index.php?rest_route=%2Fwp%2Fv2%2Fsource&post=17133"},{"taxonomy":"ilustrador","embeddable":true,"href":"https:\/\/rioonwatch.org.br\/index.php?rest_route=%2Fwp%2Fv2%2Filustrador&post=17133"},{"taxonomy":"fotografo","embeddable":true,"href":"https:\/\/rioonwatch.org.br\/index.php?rest_route=%2Fwp%2Fv2%2Ffotografo&post=17133"}],"curies":[{"name":"wp","href":"https:\/\/api.w.org\/{rel}","templated":true}]}}