{"id":17169,"date":"2015-11-28T11:04:51","date_gmt":"2015-11-28T14:04:51","guid":{"rendered":"http:\/\/rioonwatch.org.br\/?p=17169"},"modified":"2024-06-20T16:28:42","modified_gmt":"2024-06-20T19:28:42","slug":"comunidades-debatem-poluicao-na-baia-de-guanabara","status":"publish","type":"post","link":"https:\/\/rioonwatch.org.br\/?p=17169","title":{"rendered":"Comunidades Debatem Polui\u00e7\u00e3o na Ba\u00eda de Guanabara"},"content":{"rendered":"<p style=\"text-align: right;\"><em><strong><a href=\"http:\/\/bit.ly\/1LhHKpD\" target=\"_blank\" rel=\"noopener\">Click Here for English<img decoding=\"async\" width=\"20\" height=\"20\" class=\"alignright wp-image-15790\" src=\"http:\/\/rioonwatch.org.br\/wp-content\/uploads\/2012\/08\/EN-standard-e1439583104716.jpg\" alt=\"\" \/><\/a><\/strong><\/em><\/p>\n<p>Na ter\u00e7a-feira, dia 10 de novembro, mais de 50 membros de comunidades e ativistas se reuniram para discutir a quest\u00e3o, fortemente debatida, sobre aumento da polui\u00e7\u00e3o na <a href=\"http:\/\/bit.ly\/1i8xoT1\" target=\"_blank\" rel=\"noopener\">Ba\u00eda de Guanabara<\/a>, e tamb\u00e9m para discutir os <a href=\"http:\/\/bit.ly\/1MBpagl\" target=\"_blank\" rel=\"noopener\">problemas que afetam<\/a> a popula\u00e7\u00e3o que vive em torno dela. Como parte da s\u00e9rie de di\u00e1logos do\u00a0<a href=\"http:\/\/bit.ly\/1Nc3VTR\" target=\"_blank\" rel=\"noopener\">Viva Favela<\/a> e Swissnex, o <a href=\"http:\/\/on.fb.me\/1MgdfSI\" target=\"_blank\" rel=\"noopener\">evento<\/a>\u00a0contou com um painel de quatro representantes de diferentes \u00e1reas para discutir a falta de pol\u00edticas p\u00fablicas espec\u00edficas para a Ba\u00eda, especialmente porque os efeitos impactam negativamente o cotidiano dos moradores. A Ba\u00eda de Guanabara est\u00e1 localizada ao leste da cidade do Rio de Janeiro, formando um dos tr\u00eas lados da pen\u00ednsula do Rio. Com uma \u00e1rea de mais de 415 km2, \u00e9 a segunda maior ba\u00eda do pa\u00eds. Hoje mais de 10 milh\u00f5es de pessoas vivem nas \u00e1reas em torno da Ba\u00eda, em mais de 15 munic\u00edpios diferentes.<\/p>\n<figure id=\"attachment_17181\" aria-describedby=\"caption-attachment-17181\" style=\"width: 620px\" class=\"wp-caption aligncenter\"><a href=\"http:\/\/rioonwatch.org.br\/wp-content\/uploads\/2015\/11\/Guanabara-Bay.jpg\"><img fetchpriority=\"high\" decoding=\"async\" class=\"wp-image-17181 size-medium\" title=\"A Ba\u00eda de Guanabara \u00e9 a fronteira leste do munic\u00edpio do Rio de Janeiro (destacado em vermelho).\" src=\"http:\/\/rioonwatch.org.br\/wp-content\/uploads\/2015\/11\/Guanabara-Bay-620x379.jpg\" alt=\"A Ba\u00eda de Guanabara \u00e9 a fronteira leste do munic\u00edpio do Rio de Janeiro (destacado em vermelho).\" width=\"620\" height=\"379\" srcset=\"https:\/\/rioonwatch.org.br\/wp-content\/uploads\/2015\/11\/Guanabara-Bay-620x379.jpg 620w, https:\/\/rioonwatch.org.br\/wp-content\/uploads\/2015\/11\/Guanabara-Bay-432x264.jpg 432w, https:\/\/rioonwatch.org.br\/wp-content\/uploads\/2015\/11\/Guanabara-Bay-1024x626.jpg 1024w\" sizes=\"(max-width: 620px) 100vw, 620px\" \/><\/a><figcaption id=\"caption-attachment-17181\" class=\"wp-caption-text\">A Ba\u00eda de Guanabara \u00e9 a fronteira leste do munic\u00edpio do Rio de Janeiro (destacado em vermelho).<\/figcaption><\/figure>\n<p>As condi\u00e7\u00f5es da Ba\u00eda de Guanabara s\u00f3 se <a href=\"http:\/\/bit.ly\/1kSyBzh\" target=\"_blank\" rel=\"noopener\">tornaram amplamente conhecidas<\/a> ao longo dos \u00faltimos meses, ap\u00f3s uma investiga\u00e7\u00e3o da Associated Press (AP) nas prepara\u00e7\u00f5es do Rio de Janeiro para os <a href=\"http:\/\/bit.ly\/PkLXlQ\" target=\"_blank\" rel=\"noopener\">Jogos Ol\u00edmpicos de 2016<\/a>. Com apenas 1,7% dos res\u00edduos do Rio de Janeiro <a href=\"http:\/\/bit.ly\/1Hlw3DI\" target=\"_blank\" rel=\"noopener\">reciclados atrav\u00e9s de canais oficiais<\/a> e mais de 70% do esgoto n\u00e3o tratado flutuando diretamente na Ba\u00eda de Guanabara, o <a href=\"http:\/\/bit.ly\/1MuuymB\" target=\"_blank\" rel=\"noopener\">lixo<\/a> e a <a href=\"http:\/\/bit.ly\/1FqcCqK\" target=\"_blank\" rel=\"noopener\">\u00e1gua<\/a> s\u00e3o preocupa\u00e7\u00f5es crescentes.<\/p>\n<figure id=\"attachment_17183\" aria-describedby=\"caption-attachment-17183\" style=\"width: 620px\" class=\"wp-caption aligncenter\"><a href=\"http:\/\/rioonwatch.org.br\/wp-content\/uploads\/2015\/11\/Lixo-se-acumula-na-baia-de-Guanabara.-Foto-por-Fernando-Maia-UOL-Mais.jpg\"><img decoding=\"async\" class=\"wp-image-17183 size-content\" title=\"A Ba\u00eda de Guanabara \u00e9 a fronteira leste do munic\u00edpio do Rio de Janeiro (destacado em vermelho).\" src=\"http:\/\/rioonwatch.org.br\/wp-content\/uploads\/2015\/11\/Lixo-se-acumula-na-baia-de-Guanabara.-Foto-por-Fernando-Maia-UOL-Mais-620x264.jpg\" alt=\"A Ba\u00eda de Guanabara \u00e9 a fronteira leste do munic\u00edpio do Rio de Janeiro (destacado em vermelho).\" width=\"620\" height=\"264\" srcset=\"https:\/\/rioonwatch.org.br\/wp-content\/uploads\/2015\/11\/Lixo-se-acumula-na-baia-de-Guanabara.-Foto-por-Fernando-Maia-UOL-Mais-620x264.jpg 620w, https:\/\/rioonwatch.org.br\/wp-content\/uploads\/2015\/11\/Lixo-se-acumula-na-baia-de-Guanabara.-Foto-por-Fernando-Maia-UOL-Mais-940x400.jpg 940w\" sizes=\"(max-width: 620px) 100vw, 620px\" \/><\/a><figcaption id=\"caption-attachment-17183\" class=\"wp-caption-text\">Lixo se acumula na Ba\u00eda de Guanabara. Foto por Fernando Maia UOL Mais<\/figcaption><\/figure>\n<p>A discuss\u00e3o do dia 10 foi mediada pelo ativista e ambientalista S\u00e9rgio Ricardo, que come\u00e7ou o debate com\u00a0tr\u00eas perguntas\u00a0principais: &#8220;Existe uma identidade universal para todos aqueles que vivem ao redor da Ba\u00eda de Guanabara? Como \u00e9 poss\u00edvel que em 2015 ainda n\u00e3o existam pol\u00edticas p\u00fablicas e solu\u00e7\u00f5es no local para salv\u00e1-la? E o que podemos fazer para parar a libera\u00e7\u00e3o ilimitada de polui\u00e7\u00e3o das ind\u00fastrias ao redor, que jogam seus res\u00edduos na Ba\u00eda?&#8221;.<\/p>\n<p>Edilene Estevam da <a href=\"http:\/\/bit.ly\/1OI6Vta\" target=\"_blank\" rel=\"noopener\">FAPP-BG<\/a>\u00a0(F\u00f3rum dos Atingidos pela Ind\u00fastria de Petr\u00f3leo e Petroqu\u00edmica nas Cercanias da Ba\u00eda da Guanabara) argumentou que todos os que vivem na regi\u00e3o afetada pela Ba\u00eda de Guanabara devem ter uma palavra a dizer nas decis\u00f5es que os afetam. O f\u00f3rum \u00e9 formado por representantes de <a href=\"http:\/\/bit.ly\/1XjdXct\" target=\"_blank\" rel=\"noopener\">movimentos sociais<\/a>, comunidades de pescadores, moradores e sindicatos.<\/p>\n<p>FAPP-BG argumentou que aqueles que vivem perto de refinarias de petr\u00f3leo e g\u00e1s est\u00e3o extremamente vulner\u00e1veis \u200b\u200ba todos os tipos de malef\u00edcios e efeitos colaterais. Eles correm o risco de inunda\u00e7\u00f5es, carecem de um abastecimento regular de \u00e1gua pot\u00e1vel, e n\u00e3o podem desfrutar de atividades como pesca e nata\u00e7\u00e3o. Bruno Amaral, da Associa\u00e7\u00e3o dos Pescadores da Ba\u00eda de Guanabara, declarou que, at\u00e9 a d\u00e9cada de 70 o Estado do Rio de Janeiro foi o segundo maior produtor de peixe da na\u00e7\u00e3o. As comunidades do entorno da Ba\u00eda de Guanabara sofreram problemas recorrentes durante anos. As prioridades imediatas do grupo s\u00e3o <a href=\"http:\/\/bit.ly\/14lMZGK\" target=\"_blank\" rel=\"noopener\">saneamento<\/a>, <a href=\"http:\/\/bit.ly\/1MUNDKv\" target=\"_blank\" rel=\"noopener\">polui\u00e7\u00e3o<\/a>, <a href=\"http:\/\/bit.ly\/1NRlnt6\" target=\"_blank\" rel=\"noopener\">economia<\/a> e <a href=\"http:\/\/bit.ly\/1kzUmMv\" target=\"_blank\" rel=\"noopener\">sa\u00fade<\/a>.<\/p>\n<figure id=\"attachment_17184\" aria-describedby=\"caption-attachment-17184\" style=\"width: 620px\" class=\"wp-caption aligncenter\"><a href=\"http:\/\/rioonwatch.org.br\/wp-content\/uploads\/2015\/11\/IMG_9127-2-e1447413877455.jpg\"><img loading=\"lazy\" decoding=\"async\" class=\"wp-image-17184 size-content\" title=\"Janete Guilherme explica seu trabalho com as mulheres do Salgueiro.\" src=\"http:\/\/rioonwatch.org.br\/wp-content\/uploads\/2015\/11\/IMG_9127-2-e1447413877455-620x264.jpg\" alt=\"Janete Guilherme explica seu trabalho com as mulheres do Salgueiro.\" width=\"620\" height=\"264\" srcset=\"https:\/\/rioonwatch.org.br\/wp-content\/uploads\/2015\/11\/IMG_9127-2-e1447413877455-620x264.jpg 620w, https:\/\/rioonwatch.org.br\/wp-content\/uploads\/2015\/11\/IMG_9127-2-e1447413877455-940x400.jpg 940w\" sizes=\"(max-width: 620px) 100vw, 620px\" \/><\/a><figcaption id=\"caption-attachment-17184\" class=\"wp-caption-text\">Janete Guilherme explica seu trabalho com as mulheres do Salgueiro.<\/figcaption><\/figure>\n<p>Projetos de base foram criados com o intuito de melhorar a <a href=\"http:\/\/bit.ly\/14P8gmB\" target=\"_blank\" rel=\"noopener\">participa\u00e7\u00e3o<\/a> democr\u00e1tica na resolu\u00e7\u00e3o das injusti\u00e7as ambientais que afetam a Ba\u00eda de Guanabara. A terceira palestrante, Janete Guilherme, trabalha com as\u00a0<a href=\"http:\/\/on.fb.me\/1Q4jEFu\" target=\"_blank\" rel=\"noopener\">Mulheres do Salgueiro<\/a>,\u00a0de S\u00e3o Gon\u00e7alo, ensinando-as a fazer roupas e vestidos a partir de materiais descartados. Ela diz que o programa tem ajudado a mudar a forma como os participantes v\u00eaem o lixo. Muitos agora guardam frascos de xampu e outros itens normalmente jogados fora e os reutilizam de forma adaptativa. Elas produzem uma gama de produtos, incluindo vestidos e flores decorativas. O grupo Mulheres do Salgueiro despertam a consci\u00eancia na popula\u00e7\u00e3o sobre o lixo, e tamb\u00e9m apoiam v\u00edtimas de viol\u00eancia dom\u00e9stica.<\/p>\n<p>O palestrante final foi Ricardo Souza, do grupo socioambiental <a href=\"http:\/\/on.fb.me\/1QzSxmb\" target=\"_blank\" rel=\"noopener\">Carcar\u00e1<\/a>, do <a href=\"http:\/\/bit.ly\/1QSoSTW\" target=\"_blank\" rel=\"noopener\">Caju<\/a>. Ele levantou a quest\u00e3o de como os espa\u00e7os culturais, como a restaurada <a href=\"http:\/\/bit.ly\/1WQp9NE\" target=\"_blank\" rel=\"noopener\">Casa de Banhos de Dom Jo\u00e3o VI<\/a>, podem desempenhar um papel de integra\u00e7\u00e3o no fornecimento de espa\u00e7os para a constru\u00e7\u00e3o de conscientiza\u00e7\u00e3o da comunidade que vive em torno da Ba\u00eda. Na d\u00e9cada de 90 a Casa de Banho hospedava oficinas culturais e eventos que promoviam a <a href=\"http:\/\/bit.ly\/H1kBPJ\" target=\"_blank\" rel=\"noopener\">organiza\u00e7\u00e3o da comunidade<\/a>. Souza disse: &#8220;Uma vez que a comunidade se torna ciente do problema da polui\u00e7\u00e3o, \u00e9 mais f\u00e1cil para eles ter empatia, mudar sua mentalidade e fazer algo sobre isso&#8221;.<\/p>\n<p>A Sauna desde ent\u00e3o tem ca\u00eddo em desuso e agora est\u00e1 fechada ao p\u00fablico. A falta de aten\u00e7\u00e3o dada a este espa\u00e7o valioso e hist\u00f3rico em uma <a href=\"http:\/\/bit.ly\/1rDUEZU\" target=\"_blank\" rel=\"noopener\">comunidade que tem desempenhado um papel importante<\/a>\u00a0na hist\u00f3ria do Rio reflete um padr\u00e3o geral de <a href=\"http:\/\/bit.ly\/1K8LVUg\" target=\"_blank\" rel=\"noopener\">abandono do governo<\/a> nas comunidades em torno da Ba\u00eda de Guanabara, como Caju.<\/p>\n<p>Apesar da exposi\u00e7\u00e3o dada pela \u00a0<a href=\"http:\/\/bit.ly\/1M9MhRe\" target=\"_blank\" rel=\"noopener\">aten\u00e7\u00e3o internacional<\/a>\u00a0para a Ba\u00eda de Guanabara ser recente, os grupos presentes no evento, de toda a Ba\u00eda, demonstram que a organiza\u00e7\u00e3o em torno da justi\u00e7a social e ambiental na \u00e1rea n\u00e3o tem nada de novo. Comunidades da Ba\u00eda de Guanabara est\u00e3o comprometidas a ver uma mudan\u00e7a na qualidade de vida dos habitantes da regi\u00e3o e est\u00e3o ativamente tomando medidas para melhor\u00e1-la.<\/p>\n<!-- AddThis Advanced Settings generic via filter on the_content --><!-- AddThis Share Buttons generic via filter on the_content -->","protected":false},"excerpt":{"rendered":"<div class=\"mh-excerpt\"><p>Click Here for English Na ter\u00e7a-feira, dia 10 de novembro, mais de 50 membros de comunidades e ativistas se reuniram para discutir a quest\u00e3o, fortemente debatida, sobre aumento da polui\u00e7\u00e3o na Ba\u00eda de Guanabara, e <a class=\"mh-excerpt-more\" href=\"https:\/\/rioonwatch.org.br\/?p=17169\" title=\"Comunidades Debatem Polui\u00e7\u00e3o na Ba\u00eda de Guanabara\">[&#8230;]<\/a><!-- AddThis Advanced Settings generic via filter on get_the_excerpt --><!-- AddThis Share Buttons generic via filter on get_the_excerpt --><\/p>\n<\/div>","protected":false},"author":129,"featured_media":17180,"comment_status":"closed","ping_status":"closed","sticky":false,"template":"","format":"standard","meta":{"_acf_changed":false,"_monsterinsights_skip_tracking":false,"_monsterinsights_sitenote_active":false,"_monsterinsights_sitenote_note":"","_monsterinsights_sitenote_category":0,"footnotes":""},"categories":[1618,1635,1627,1626,1612,342,1639],"tags":[510,804,881,363,322,1554,1240,106,797,417,78,358,304,581,492,231,294,2387,1733],"writer":[1731,1732],"translator":[1176],"source":[],"ilustrador":[],"fotografo":[],"class_list":{"0":"post-17169","1":"post","2":"type-post","3":"status-publish","4":"format-standard","5":"has-post-thumbnail","7":"category-olhonaparticipacao","8":"category-1635","9":"category-relato-de-evento","10":"category-por-observadores-internacionais","11":"category-sociedade-civil","12":"category-solucoes","13":"category-sustentabilidade","14":"tag-agua","15":"tag-baia-da-guanabara","16":"tag-caju","17":"tag-educacao-ambiental","18":"tag-esgoto","19":"tag-gestao-de-residuos","20":"tag-megaeventos","21":"tag-meio-ambiente","22":"tag-movimentos-sociais","23":"tag-negligencia-do-estado","24":"tag-olimpiadas","25":"tag-organizacao-comunitaria","26":"tag-participacao","27":"tag-poluicao","28":"tag-saneamento","29":"tag-sao-goncalo","30":"tag-saude","31":"tag-violencia-contra-a-mulher","32":"tag-viva-favela","33":"writer-lovinia-reynolds","34":"writer-marcela-benavides","35":"translator-fernanda-lacerda"},"acf":[],"yoast_head":"<!-- This site is optimized with the Yoast SEO plugin v25.6 - https:\/\/yoast.com\/wordpress\/plugins\/seo\/ -->\n<title>Comunidades Debatem Polui\u00e7\u00e3o na Ba\u00eda de Guanabara - RioOnWatch<\/title>\n<meta name=\"robots\" content=\"index, follow, max-snippet:-1, max-image-preview:large, max-video-preview:-1\" \/>\n<link rel=\"canonical\" href=\"https:\/\/rioonwatch.org.br\/?p=17169\" \/>\n<meta property=\"og:locale\" content=\"pt_BR\" \/>\n<meta property=\"og:type\" content=\"article\" \/>\n<meta property=\"og:title\" content=\"Comunidades Debatem Polui\u00e7\u00e3o na Ba\u00eda de Guanabara - RioOnWatch\" \/>\n<meta property=\"og:description\" content=\"Click Here for English Na ter\u00e7a-feira, dia 10 de novembro, mais de 50 membros de comunidades e ativistas se reuniram para discutir a quest\u00e3o, fortemente debatida, sobre aumento da polui\u00e7\u00e3o na Ba\u00eda de Guanabara, e [...]\" \/>\n<meta property=\"og:url\" content=\"https:\/\/rioonwatch.org.br\/?p=17169\" \/>\n<meta property=\"og:site_name\" content=\"RioOnWatch\" \/>\n<meta property=\"article:published_time\" content=\"2015-11-28T14:04:51+00:00\" \/>\n<meta property=\"article:modified_time\" content=\"2024-06-20T19:28:42+00:00\" \/>\n<meta property=\"og:image\" content=\"https:\/\/rioonwatch.org.br\/wp-content\/uploads\/2015\/11\/Comunidades-discutem-sobre-a-poluicaoo-na-baia-de-guanabara.jpg\" \/>\n\t<meta property=\"og:image:width\" content=\"1500\" \/>\n\t<meta property=\"og:image:height\" content=\"1125\" \/>\n\t<meta property=\"og:image:type\" content=\"image\/jpeg\" \/>\n<meta name=\"author\" content=\"Admin\" \/>\n<meta name=\"twitter:card\" content=\"summary_large_image\" \/>\n<meta name=\"twitter:label1\" content=\"Escrito por\" \/>\n\t<meta name=\"twitter:data1\" content=\"Admin\" \/>\n\t<meta name=\"twitter:label2\" content=\"Est. tempo de leitura\" \/>\n\t<meta name=\"twitter:data2\" content=\"5 minutos\" \/>\n<script type=\"application\/ld+json\" class=\"yoast-schema-graph\">{\"@context\":\"https:\/\/schema.org\",\"@graph\":[{\"@type\":\"Article\",\"@id\":\"https:\/\/rioonwatch.org.br\/?p=17169#article\",\"isPartOf\":{\"@id\":\"https:\/\/rioonwatch.org.br\/?p=17169\"},\"author\":{\"name\":\"Admin\",\"@id\":\"https:\/\/rioonwatch.org.br\/#\/schema\/person\/11d64c290506f9df50c71b850c473f68\"},\"headline\":\"Comunidades Debatem Polui\u00e7\u00e3o na Ba\u00eda de Guanabara\",\"datePublished\":\"2015-11-28T14:04:51+00:00\",\"dateModified\":\"2024-06-20T19:28:42+00:00\",\"mainEntityOfPage\":{\"@id\":\"https:\/\/rioonwatch.org.br\/?p=17169\"},\"wordCount\":978,\"publisher\":{\"@id\":\"https:\/\/rioonwatch.org.br\/#organization\"},\"image\":{\"@id\":\"https:\/\/rioonwatch.org.br\/?p=17169#primaryimage\"},\"thumbnailUrl\":\"https:\/\/rioonwatch.org.br\/wp-content\/uploads\/2015\/11\/Comunidades-discutem-sobre-a-poluicaoo-na-baia-de-guanabara.jpg\",\"keywords\":[\"\u00e1gua\",\"Ba\u00eda da Guanabara\",\"Caju\",\"educa\u00e7\u00e3o ambiental\",\"esgoto\",\"gest\u00e3o de res\u00edduos\",\"Megaeventos\",\"meio ambiente\",\"movimentos sociais\",\"Neglig\u00eancia do Estado\",\"Olimp\u00edadas\",\"organiza\u00e7\u00e3o comunit\u00e1ria\",\"participa\u00e7\u00e3o\",\"polui\u00e7\u00e3o\",\"saneamento\",\"S\u00e3o Gon\u00e7alo\",\"sa\u00fade\",\"viol\u00eancia contra a mulher\",\"Viva Favela\"],\"articleSection\":[\"#OlhoNaParticipa\u00e7\u00e3o\",\"#Rio2016\",\"Cobertura de Eventos\",\"Escrito por Aliados\",\"Sociedade Civil\",\"Solu\u00e7\u00f5es\",\"Sustentabilidade\"],\"inLanguage\":\"pt-BR\"},{\"@type\":\"WebPage\",\"@id\":\"https:\/\/rioonwatch.org.br\/?p=17169\",\"url\":\"https:\/\/rioonwatch.org.br\/?p=17169\",\"name\":\"Comunidades Debatem Polui\u00e7\u00e3o na Ba\u00eda de Guanabara - RioOnWatch\",\"isPartOf\":{\"@id\":\"https:\/\/rioonwatch.org.br\/#website\"},\"primaryImageOfPage\":{\"@id\":\"https:\/\/rioonwatch.org.br\/?p=17169#primaryimage\"},\"image\":{\"@id\":\"https:\/\/rioonwatch.org.br\/?p=17169#primaryimage\"},\"thumbnailUrl\":\"https:\/\/rioonwatch.org.br\/wp-content\/uploads\/2015\/11\/Comunidades-discutem-sobre-a-poluicaoo-na-baia-de-guanabara.jpg\",\"datePublished\":\"2015-11-28T14:04:51+00:00\",\"dateModified\":\"2024-06-20T19:28:42+00:00\",\"breadcrumb\":{\"@id\":\"https:\/\/rioonwatch.org.br\/?p=17169#breadcrumb\"},\"inLanguage\":\"pt-BR\",\"potentialAction\":[{\"@type\":\"ReadAction\",\"target\":[\"https:\/\/rioonwatch.org.br\/?p=17169\"]}]},{\"@type\":\"ImageObject\",\"inLanguage\":\"pt-BR\",\"@id\":\"https:\/\/rioonwatch.org.br\/?p=17169#primaryimage\",\"url\":\"https:\/\/rioonwatch.org.br\/wp-content\/uploads\/2015\/11\/Comunidades-discutem-sobre-a-poluicaoo-na-baia-de-guanabara.jpg\",\"contentUrl\":\"https:\/\/rioonwatch.org.br\/wp-content\/uploads\/2015\/11\/Comunidades-discutem-sobre-a-poluicaoo-na-baia-de-guanabara.jpg\",\"width\":1500,\"height\":1125},{\"@type\":\"BreadcrumbList\",\"@id\":\"https:\/\/rioonwatch.org.br\/?p=17169#breadcrumb\",\"itemListElement\":[{\"@type\":\"ListItem\",\"position\":1,\"name\":\"In\u00edcio\",\"item\":\"https:\/\/rioonwatch.org.br\/\"},{\"@type\":\"ListItem\",\"position\":2,\"name\":\"Comunidades Debatem Polui\u00e7\u00e3o na Ba\u00eda de Guanabara\"}]},{\"@type\":\"WebSite\",\"@id\":\"https:\/\/rioonwatch.org.br\/#website\",\"url\":\"https:\/\/rioonwatch.org.br\/\",\"name\":\"RioOnWatch\",\"description\":\"relatos das favelas cariocas\",\"publisher\":{\"@id\":\"https:\/\/rioonwatch.org.br\/#organization\"},\"potentialAction\":[{\"@type\":\"SearchAction\",\"target\":{\"@type\":\"EntryPoint\",\"urlTemplate\":\"https:\/\/rioonwatch.org.br\/?s={search_term_string}\"},\"query-input\":{\"@type\":\"PropertyValueSpecification\",\"valueRequired\":true,\"valueName\":\"search_term_string\"}}],\"inLanguage\":\"pt-BR\"},{\"@type\":\"Organization\",\"@id\":\"https:\/\/rioonwatch.org.br\/#organization\",\"name\":\"RioOnWatch\",\"url\":\"https:\/\/rioonwatch.org.br\/\",\"logo\":{\"@type\":\"ImageObject\",\"inLanguage\":\"pt-BR\",\"@id\":\"https:\/\/rioonwatch.org.br\/#\/schema\/logo\/image\/\",\"url\":\"https:\/\/rioonwatch.org.br\/wp-content\/uploads\/2021\/06\/RioOnWatchcabecalhoPT11anos-2.png\",\"contentUrl\":\"https:\/\/rioonwatch.org.br\/wp-content\/uploads\/2021\/06\/RioOnWatchcabecalhoPT11anos-2.png\",\"width\":779,\"height\":277,\"caption\":\"RioOnWatch\"},\"image\":{\"@id\":\"https:\/\/rioonwatch.org.br\/#\/schema\/logo\/image\/\"}},{\"@type\":\"Person\",\"@id\":\"https:\/\/rioonwatch.org.br\/#\/schema\/person\/11d64c290506f9df50c71b850c473f68\",\"name\":\"Admin\",\"image\":{\"@type\":\"ImageObject\",\"inLanguage\":\"pt-BR\",\"@id\":\"https:\/\/rioonwatch.org.br\/#\/schema\/person\/image\/\",\"url\":\"https:\/\/secure.gravatar.com\/avatar\/56211ac74568383903349a1485e3c325?s=96&d=blank&r=g\",\"contentUrl\":\"https:\/\/secure.gravatar.com\/avatar\/56211ac74568383903349a1485e3c325?s=96&d=blank&r=g\",\"caption\":\"Admin\"},\"url\":\"https:\/\/rioonwatch.org.br\/?author=129\"}]}<\/script>\n<!-- \/ Yoast SEO plugin. -->","yoast_head_json":{"title":"Comunidades Debatem Polui\u00e7\u00e3o na Ba\u00eda de Guanabara - RioOnWatch","robots":{"index":"index","follow":"follow","max-snippet":"max-snippet:-1","max-image-preview":"max-image-preview:large","max-video-preview":"max-video-preview:-1"},"canonical":"https:\/\/rioonwatch.org.br\/?p=17169","og_locale":"pt_BR","og_type":"article","og_title":"Comunidades Debatem Polui\u00e7\u00e3o na Ba\u00eda de Guanabara - RioOnWatch","og_description":"Click Here for English Na ter\u00e7a-feira, dia 10 de novembro, mais de 50 membros de comunidades e ativistas se reuniram para discutir a quest\u00e3o, fortemente debatida, sobre aumento da polui\u00e7\u00e3o na Ba\u00eda de Guanabara, e [...]","og_url":"https:\/\/rioonwatch.org.br\/?p=17169","og_site_name":"RioOnWatch","article_published_time":"2015-11-28T14:04:51+00:00","article_modified_time":"2024-06-20T19:28:42+00:00","og_image":[{"width":1500,"height":1125,"url":"https:\/\/rioonwatch.org.br\/wp-content\/uploads\/2015\/11\/Comunidades-discutem-sobre-a-poluicaoo-na-baia-de-guanabara.jpg","type":"image\/jpeg"}],"author":"Admin","twitter_card":"summary_large_image","twitter_misc":{"Escrito por":"Admin","Est. tempo de leitura":"5 minutos"},"schema":{"@context":"https:\/\/schema.org","@graph":[{"@type":"Article","@id":"https:\/\/rioonwatch.org.br\/?p=17169#article","isPartOf":{"@id":"https:\/\/rioonwatch.org.br\/?p=17169"},"author":{"name":"Admin","@id":"https:\/\/rioonwatch.org.br\/#\/schema\/person\/11d64c290506f9df50c71b850c473f68"},"headline":"Comunidades Debatem Polui\u00e7\u00e3o na Ba\u00eda de Guanabara","datePublished":"2015-11-28T14:04:51+00:00","dateModified":"2024-06-20T19:28:42+00:00","mainEntityOfPage":{"@id":"https:\/\/rioonwatch.org.br\/?p=17169"},"wordCount":978,"publisher":{"@id":"https:\/\/rioonwatch.org.br\/#organization"},"image":{"@id":"https:\/\/rioonwatch.org.br\/?p=17169#primaryimage"},"thumbnailUrl":"https:\/\/rioonwatch.org.br\/wp-content\/uploads\/2015\/11\/Comunidades-discutem-sobre-a-poluicaoo-na-baia-de-guanabara.jpg","keywords":["\u00e1gua","Ba\u00eda da Guanabara","Caju","educa\u00e7\u00e3o ambiental","esgoto","gest\u00e3o de res\u00edduos","Megaeventos","meio ambiente","movimentos sociais","Neglig\u00eancia do Estado","Olimp\u00edadas","organiza\u00e7\u00e3o comunit\u00e1ria","participa\u00e7\u00e3o","polui\u00e7\u00e3o","saneamento","S\u00e3o Gon\u00e7alo","sa\u00fade","viol\u00eancia contra a mulher","Viva Favela"],"articleSection":["#OlhoNaParticipa\u00e7\u00e3o","#Rio2016","Cobertura de Eventos","Escrito por Aliados","Sociedade Civil","Solu\u00e7\u00f5es","Sustentabilidade"],"inLanguage":"pt-BR"},{"@type":"WebPage","@id":"https:\/\/rioonwatch.org.br\/?p=17169","url":"https:\/\/rioonwatch.org.br\/?p=17169","name":"Comunidades Debatem Polui\u00e7\u00e3o na Ba\u00eda de Guanabara - RioOnWatch","isPartOf":{"@id":"https:\/\/rioonwatch.org.br\/#website"},"primaryImageOfPage":{"@id":"https:\/\/rioonwatch.org.br\/?p=17169#primaryimage"},"image":{"@id":"https:\/\/rioonwatch.org.br\/?p=17169#primaryimage"},"thumbnailUrl":"https:\/\/rioonwatch.org.br\/wp-content\/uploads\/2015\/11\/Comunidades-discutem-sobre-a-poluicaoo-na-baia-de-guanabara.jpg","datePublished":"2015-11-28T14:04:51+00:00","dateModified":"2024-06-20T19:28:42+00:00","breadcrumb":{"@id":"https:\/\/rioonwatch.org.br\/?p=17169#breadcrumb"},"inLanguage":"pt-BR","potentialAction":[{"@type":"ReadAction","target":["https:\/\/rioonwatch.org.br\/?p=17169"]}]},{"@type":"ImageObject","inLanguage":"pt-BR","@id":"https:\/\/rioonwatch.org.br\/?p=17169#primaryimage","url":"https:\/\/rioonwatch.org.br\/wp-content\/uploads\/2015\/11\/Comunidades-discutem-sobre-a-poluicaoo-na-baia-de-guanabara.jpg","contentUrl":"https:\/\/rioonwatch.org.br\/wp-content\/uploads\/2015\/11\/Comunidades-discutem-sobre-a-poluicaoo-na-baia-de-guanabara.jpg","width":1500,"height":1125},{"@type":"BreadcrumbList","@id":"https:\/\/rioonwatch.org.br\/?p=17169#breadcrumb","itemListElement":[{"@type":"ListItem","position":1,"name":"In\u00edcio","item":"https:\/\/rioonwatch.org.br\/"},{"@type":"ListItem","position":2,"name":"Comunidades Debatem Polui\u00e7\u00e3o na Ba\u00eda de Guanabara"}]},{"@type":"WebSite","@id":"https:\/\/rioonwatch.org.br\/#website","url":"https:\/\/rioonwatch.org.br\/","name":"RioOnWatch","description":"relatos das favelas cariocas","publisher":{"@id":"https:\/\/rioonwatch.org.br\/#organization"},"potentialAction":[{"@type":"SearchAction","target":{"@type":"EntryPoint","urlTemplate":"https:\/\/rioonwatch.org.br\/?s={search_term_string}"},"query-input":{"@type":"PropertyValueSpecification","valueRequired":true,"valueName":"search_term_string"}}],"inLanguage":"pt-BR"},{"@type":"Organization","@id":"https:\/\/rioonwatch.org.br\/#organization","name":"RioOnWatch","url":"https:\/\/rioonwatch.org.br\/","logo":{"@type":"ImageObject","inLanguage":"pt-BR","@id":"https:\/\/rioonwatch.org.br\/#\/schema\/logo\/image\/","url":"https:\/\/rioonwatch.org.br\/wp-content\/uploads\/2021\/06\/RioOnWatchcabecalhoPT11anos-2.png","contentUrl":"https:\/\/rioonwatch.org.br\/wp-content\/uploads\/2021\/06\/RioOnWatchcabecalhoPT11anos-2.png","width":779,"height":277,"caption":"RioOnWatch"},"image":{"@id":"https:\/\/rioonwatch.org.br\/#\/schema\/logo\/image\/"}},{"@type":"Person","@id":"https:\/\/rioonwatch.org.br\/#\/schema\/person\/11d64c290506f9df50c71b850c473f68","name":"Admin","image":{"@type":"ImageObject","inLanguage":"pt-BR","@id":"https:\/\/rioonwatch.org.br\/#\/schema\/person\/image\/","url":"https:\/\/secure.gravatar.com\/avatar\/56211ac74568383903349a1485e3c325?s=96&d=blank&r=g","contentUrl":"https:\/\/secure.gravatar.com\/avatar\/56211ac74568383903349a1485e3c325?s=96&d=blank&r=g","caption":"Admin"},"url":"https:\/\/rioonwatch.org.br\/?author=129"}]}},"_links":{"self":[{"href":"https:\/\/rioonwatch.org.br\/index.php?rest_route=\/wp\/v2\/posts\/17169"}],"collection":[{"href":"https:\/\/rioonwatch.org.br\/index.php?rest_route=\/wp\/v2\/posts"}],"about":[{"href":"https:\/\/rioonwatch.org.br\/index.php?rest_route=\/wp\/v2\/types\/post"}],"author":[{"embeddable":true,"href":"https:\/\/rioonwatch.org.br\/index.php?rest_route=\/wp\/v2\/users\/129"}],"replies":[{"embeddable":true,"href":"https:\/\/rioonwatch.org.br\/index.php?rest_route=%2Fwp%2Fv2%2Fcomments&post=17169"}],"version-history":[{"count":14,"href":"https:\/\/rioonwatch.org.br\/index.php?rest_route=\/wp\/v2\/posts\/17169\/revisions"}],"predecessor-version":[{"id":69880,"href":"https:\/\/rioonwatch.org.br\/index.php?rest_route=\/wp\/v2\/posts\/17169\/revisions\/69880"}],"wp:featuredmedia":[{"embeddable":true,"href":"https:\/\/rioonwatch.org.br\/index.php?rest_route=\/wp\/v2\/media\/17180"}],"wp:attachment":[{"href":"https:\/\/rioonwatch.org.br\/index.php?rest_route=%2Fwp%2Fv2%2Fmedia&parent=17169"}],"wp:term":[{"taxonomy":"category","embeddable":true,"href":"https:\/\/rioonwatch.org.br\/index.php?rest_route=%2Fwp%2Fv2%2Fcategories&post=17169"},{"taxonomy":"post_tag","embeddable":true,"href":"https:\/\/rioonwatch.org.br\/index.php?rest_route=%2Fwp%2Fv2%2Ftags&post=17169"},{"taxonomy":"writer","embeddable":true,"href":"https:\/\/rioonwatch.org.br\/index.php?rest_route=%2Fwp%2Fv2%2Fwriter&post=17169"},{"taxonomy":"translator","embeddable":true,"href":"https:\/\/rioonwatch.org.br\/index.php?rest_route=%2Fwp%2Fv2%2Ftranslator&post=17169"},{"taxonomy":"source","embeddable":true,"href":"https:\/\/rioonwatch.org.br\/index.php?rest_route=%2Fwp%2Fv2%2Fsource&post=17169"},{"taxonomy":"ilustrador","embeddable":true,"href":"https:\/\/rioonwatch.org.br\/index.php?rest_route=%2Fwp%2Fv2%2Filustrador&post=17169"},{"taxonomy":"fotografo","embeddable":true,"href":"https:\/\/rioonwatch.org.br\/index.php?rest_route=%2Fwp%2Fv2%2Ffotografo&post=17169"}],"curies":[{"name":"wp","href":"https:\/\/api.w.org\/{rel}","templated":true}]}}