{"id":17283,"date":"2016-01-04T13:40:10","date_gmt":"2016-01-04T16:40:10","guid":{"rendered":"http:\/\/rioonwatch.org.br\/?p=17283"},"modified":"2024-06-20T16:02:31","modified_gmt":"2024-06-20T19:02:31","slug":"nemesis-um-homem-e-a-batalha-pelo-rio-resenha-2","status":"publish","type":"post","link":"https:\/\/rioonwatch.org.br\/?p=17283","title":{"rendered":"Nemesis: Um Homem e a Batalha pelo Rio [Resenha]"},"content":{"rendered":"<p style=\"text-align: right;\"><em><strong><a href=\"http:\/\/bit.ly\/1W77gJP\" target=\"_blank\" rel=\"noopener\">Click Here for English<img decoding=\"async\" width=\"20\" height=\"20\" class=\"alignright wp-image-15790\" src=\"http:\/\/rioonwatch.org.br\/wp-content\/uploads\/2012\/08\/EN-standard-e1439583104716.jpg\" alt=\"\" \/><\/a><\/strong><\/em><\/p>\n<p><span lang=\"PT\">No in\u00edcio de<\/span><span lang=\"PT\"><em> <span class=\"il\">Nemesis<\/span>: Um Homem e a Batalha pelo Rio<\/em> (<em><a href=\"http:\/\/amzn.to\/1M4AoN9\" target=\"_blank\" rel=\"noopener\">Nemesis: One Man and the Battle for Rio<\/a>)<\/em>, o jornalista <a href=\"http:\/\/bit.ly\/1kmflcP\" target=\"_blank\" rel=\"noopener\">Misha Glenny<\/a>\u00a0relembra um tour em 2007, que o levou a <a href=\"http:\/\/bit.ly\/16w2zz1\" target=\"_blank\" rel=\"noopener\">Rocinha<\/a>, a maior favela do Rio. Durante o tour, o guia se referiu a Nem, o dono\u00a0da Rocinha, como &#8220;o homem que mant\u00e9m a paz por aqui&#8221;. Quatro anos depois, em novembro de 2011, no per\u00edodo de prepara\u00e7\u00e3o para a pacifica\u00e7\u00e3o da favela, Nem foi <a href=\"http:\/\/bit.ly\/1LAJLlC\" target=\"_blank\" rel=\"noopener\">preso dramaticamente<\/a> em meio aos flashes de c\u00e2meras na Zona Sul do Rio. Para os pol\u00edticos respons\u00e1veis pela cria\u00e7\u00e3o do ambicioso programa das <a href=\"http:\/\/bit.ly\/R5ueio\" target=\"_blank\" rel=\"noopener\">UPPs<\/a>\u00a0em favelas da cidade, a pris\u00e3o foi uma chamativa hist\u00f3ria de sucesso.<\/span><\/p>\n<p>O \u00faltimo livro de Misha<span lang=\"PT\"> Glenny conta a incr\u00edvel hist\u00f3ria de Nem, nascido Ant\u00f4nio Francisco Bonfim Lopes, do in\u00edcio de sua vida \u00e0 sua entrada no neg\u00f3cio do <a href=\"http:\/\/bit.ly\/NRIxaP\" target=\"_blank\" rel=\"noopener\">tr\u00e1fico de drogas<\/a>, aos 24 anos, e seus quatro anos como chef\u00e3o: um longo reinado, dado que &#8220;a esperan\u00e7a m\u00e9dia de vida dos donos\u00a0da Rocinha, uma vez que eles chegavam ao topo, era de aproximadamente 10 meses&#8221;. A ascens\u00e3o de Nem ocorreu em paralelo\u00a0a explos\u00e3o do com\u00e9rcio de coca\u00edna no Rio nas \u00faltimas d\u00e9cadas.<\/span><\/p>\n<p><a href=\"http:\/\/rioonwatch.org.br\/wp-content\/uploads\/2015\/12\/Nemesis-jacket.jpg\"><img fetchpriority=\"high\" decoding=\"async\" class=\"aligncenter wp-image-17428 size-large\" title=\"Nemesis: Um Homem e a Batalha pelo Rio\" src=\"http:\/\/rioonwatch.org.br\/wp-content\/uploads\/2015\/12\/Nemesis-jacket-683x1024.jpg\" alt=\"Nemesis-jacket\" width=\"620\" height=\"930\" srcset=\"https:\/\/rioonwatch.org.br\/wp-content\/uploads\/2015\/12\/Nemesis-jacket-683x1024.jpg 683w, https:\/\/rioonwatch.org.br\/wp-content\/uploads\/2015\/12\/Nemesis-jacket-176x264.jpg 176w, https:\/\/rioonwatch.org.br\/wp-content\/uploads\/2015\/12\/Nemesis-jacket-414x620.jpg 414w, https:\/\/rioonwatch.org.br\/wp-content\/uploads\/2015\/12\/Nemesis-jacket.jpg 951w\" sizes=\"(max-width: 620px) 100vw, 620px\" \/><\/a><\/p>\n<p><span lang=\"PT\">Glenny<\/span><span lang=\"PT\"> passou 28 horas com Nem na pris\u00e3o de alta seguran\u00e7a em <a href=\"http:\/\/bit.ly\/1m4QAQR\" target=\"_blank\" rel=\"noopener\">Campo Grande<\/a> na Zona Oeste do Rio e esta s\u00e9rie de entrevistas formam a base para <em><span class=\"il\">Nemesis<\/span><\/em>. O livro tamb\u00e9m \u00e9 o resultado de entrevistas com uma ampla gama de indiv\u00edduos: da fam\u00edlia de Nem, amigos e inimigos, os moradores da Rocinha e figuras p\u00fablicas, bem como policiais, pol\u00edticos, jornalistas e advogados.<\/span><\/p>\n<p><span lang=\"PT\">Esta gama<\/span><span lang=\"PT\"> permite Glenny a mostrar a hist\u00f3ria de Nem dentro de um contexto mais amplo: o da cria\u00e7\u00e3o e a <a href=\"http:\/\/bit.ly\/1PXkANu\" target=\"_blank\" rel=\"noopener\">hist\u00f3ria<\/a> das favelas do Rio de Janeiro. Essas comunidades permaneceram em grande parte <a href=\"http:\/\/bit.ly\/1K8LVUg\" target=\"_blank\" rel=\"noopener\">negligenciadas<\/a> pelo Estado durante d\u00e9cadas e, especialmente, durante o boom da coca\u00edna quando &#8220;o Brasil estabeleceu-se como o pa\u00eds escolhido para o tr\u00e2nsito de coca\u00edna, alimentando o crescente h\u00e1bito da droga na Europa&#8221;. O com\u00e9rcio de drogas na Rocinha \u00e9 respons\u00e1vel por aproximadamente 60% de toda a coca\u00edna consumida no Rio tamb\u00e9m.<\/span><\/p>\n<p><a href=\"http:\/\/rioonwatch.org.br\/wp-content\/uploads\/2015\/12\/Rocinha-vitor-silva1.jpg\"><img decoding=\"async\" class=\"aligncenter wp-image-17427 size-medium\" title=\"A pris\u00e3o de Nem em 2011. Foto por Vitor Silva \/ Flickr\" src=\"http:\/\/rioonwatch.org.br\/wp-content\/uploads\/2015\/12\/Rocinha-vitor-silva1-620x446.jpg\" alt=\"Pris\u00e3o de Nem. Foto por Vitor Silva\" width=\"620\" height=\"446\" srcset=\"https:\/\/rioonwatch.org.br\/wp-content\/uploads\/2015\/12\/Rocinha-vitor-silva1-620x446.jpg 620w, https:\/\/rioonwatch.org.br\/wp-content\/uploads\/2015\/12\/Rocinha-vitor-silva1-875x629.jpg 875w, https:\/\/rioonwatch.org.br\/wp-content\/uploads\/2015\/12\/Rocinha-vitor-silva1-768x552.jpg 768w, https:\/\/rioonwatch.org.br\/wp-content\/uploads\/2015\/12\/Rocinha-vitor-silva1.jpg 1024w\" sizes=\"(max-width: 620px) 100vw, 620px\" \/><\/a><\/p>\n<p><span lang=\"PT\">A aus\u00eancia<\/span><span lang=\"PT\"> do Estado combinado com a violenta ascens\u00e3o do neg\u00f3cio da droga na Rocinha a partir dos anos 70 permitiu\u00a0que &#8216;donos&#8217; como Nem operassem o que \u00e0s vezes parece ser um Estado dentro do Estado.<\/span><\/p>\n<div><span lang=\"PT\">Glenny<\/span><span lang=\"PT\"> reflete de forma inteligente sobre o conflito que decorre de uma situa\u00e7\u00e3o em que os traficantes de drogas usam a <a href=\"http:\/\/bit.ly\/1wLR1Ef\" target=\"_blank\" rel=\"noopener\">viol\u00eancia<\/a> para manter o territ\u00f3rio enquanto distribuem alguns dos seus lucros dentro da comunidade: &#8220;Ao longo de minhas conversas com Nem, a minha impress\u00e3o era que ele apaixonadamente queria fazer o bem, mas que era imposs\u00edvel conciliar essa vontade com estar no comando de um grande grupo de homens armados e uma organiza\u00e7\u00e3o criminosa ostentando um enorme volume de neg\u00f3cios&#8221;.<\/span><\/p>\n<p>Glenny<\/span><span lang=\"PT\"> cita Nem falando sobre o primeiro &#8220;Dono do Morro&#8221;, D\u00eanis, de uma forma similar. &#8220;O neg\u00f3cio das drogas ocupou o v\u00e1cuo deixado pelo Estado&#8221;, disse ele, &#8220;caso contr\u00e1rio este teria sido um territ\u00f3rio sem lei&#8221;.<\/span><\/p>\n<div><span lang=\"PT\">Estat\u00edsticas criminais<\/span><span lang=\"PT\"> citadas mais tarde no livro, de certa forma, corroboram com isso. A pris\u00e3o de Nem (um mist\u00e9rio que Glenny capta de muitos \u00e2ngulos diferentes) aconteceu no in\u00edcio do processo de pacifica\u00e7\u00e3o da Rocinha. Glenny apresenta uma vis\u00e3o diferenciada do efeito da <a href=\"http:\/\/bit.ly\/1D2x5P9\" target=\"_blank\" rel=\"noopener\">instala\u00e7\u00e3o da UPP na Rocinha<\/a>. &#8220;A redu\u00e7\u00e3o do n\u00famero de membros armados do tr\u00e1fico de drogas nas ruas significou que os homic\u00eddios nas favelas pacificadas ca\u00edram em at\u00e9 75%&#8221;, observa ele. &#8220;Mas isso tamb\u00e9m significou que a fun\u00e7\u00e3o de policiamento dos traficantes tamb\u00e9m cessou. Como consequ\u00eancia, a viol\u00eancia dom\u00e9stica aumentou quatro vezes, enquanto o estupro tornou-se tr\u00eas vezes mais comum e o roubo duas vezes mais prov\u00e1vel&#8221;.<\/span><\/p>\n<blockquote><p><em>&#8220;Ao longo de minhas conversas com Nem, a minha impress\u00e3o era que ele apaixonadamente queria fazer o bem, mas que era imposs\u00edvel conciliar com estar no comando de um grande grupo de homens armados e uma organiza\u00e7\u00e3o criminosa ostentando um enorme volume de neg\u00f3cios.&#8221;<\/em><\/p><\/blockquote>\n<p><span lang=\"PT\">O livro de<\/span><span lang=\"PT\"> Glenny toca em um dos pontos chaves de ruptura do programa da UPP&#8211;o <a href=\"http:\/\/bit.ly\/1aR8al5\" target=\"_blank\" rel=\"noopener\">assassinato e desaparecimento de Amarildo de Souza<\/a> nas m\u00e3os de policiais da UPP na Rocinha e da falha percebida da segunda, fase social do programa da UPP.<\/span><\/p>\n<p><span lang=\"PT\">O livro de<\/span><span lang=\"PT\"> Glenny n\u00e3o significa uma vis\u00e3o cor-de-rosa de traficantes de drogas como Nem. Em v\u00e1rias ocasi\u00f5es, o autor destaca a cultura machista e mis\u00f3gina dos traficantes de drogas, uma cultura em que a viol\u00eancia contra as mulheres \u00e9 comum. <em><span class=\"il\">Nemesis<\/span><\/em> mostra a viol\u00eancia e precariedade do neg\u00f3cio da droga nas favelas do Rio, mapeando as diferentes fac\u00e7\u00f5es criminosas que disputam o poder em toda a cidade. Neste contexto, \u00e9 dif\u00edcil de acreditar na descri\u00e7\u00e3o de Glenny sobre a inf\u00e2ncia de Nem livre de viol\u00eancia, antes do boom de coca\u00edna.<\/span><\/p>\n<p><a href=\"http:\/\/rioonwatch.org.br\/wp-content\/uploads\/2015\/12\/Rocinha-from-top.jpg\"><img loading=\"lazy\" decoding=\"async\" class=\"aligncenter wp-image-17429 size-medium\" title=\"Rocinha, a maior favela do Rio de Janeiro, esteve sob o controle de Nem por quatro anos.\" src=\"http:\/\/rioonwatch.org.br\/wp-content\/uploads\/2015\/12\/Rocinha-from-top-620x465.jpg\" alt=\"Rocinha-from-top\" width=\"620\" height=\"465\" srcset=\"https:\/\/rioonwatch.org.br\/wp-content\/uploads\/2015\/12\/Rocinha-from-top-620x465.jpg 620w, https:\/\/rioonwatch.org.br\/wp-content\/uploads\/2015\/12\/Rocinha-from-top-352x264.jpg 352w, https:\/\/rioonwatch.org.br\/wp-content\/uploads\/2015\/12\/Rocinha-from-top-174x131.jpg 174w, https:\/\/rioonwatch.org.br\/wp-content\/uploads\/2015\/12\/Rocinha-from-top-300x225.jpg 300w, https:\/\/rioonwatch.org.br\/wp-content\/uploads\/2015\/12\/Rocinha-from-top-70x53.jpg 70w, https:\/\/rioonwatch.org.br\/wp-content\/uploads\/2015\/12\/Rocinha-from-top.jpg 1000w\" sizes=\"(max-width: 620px) 100vw, 620px\" \/><\/a><\/p>\n<p><span lang=\"PT\">O livro tamb\u00e9m fornece uma<\/span><span lang=\"PT\"> vis\u00e3o interessante sobre como as favelas s\u00e3o percebidas pelos n\u00e3o-residentes, dentro e fora do Brasil, insinuando que isso tem um impacto sobre sua <a href=\"http:\/\/bit.ly\/P4itK0\" target=\"_blank\" rel=\"noopener\">estigmatiza\u00e7\u00e3o<\/a>. A descri\u00e7\u00e3o de Glenny do frenesi da m\u00eddia em torno da pris\u00e3o de Nem poderia levar alguns a fazer paralelos com as famosas cenas captadas por um similar enxame de m\u00eddia, em 2000 durante uma captura de ref\u00e9ns em um \u00f4nibus na Zona Sul do Rio. O evento foi analisado por Jos\u00e9 Padilha em 2002 no document\u00e1rio <a href=\"http:\/\/bit.ly\/1GbBaWo\" target=\"_blank\" rel=\"noopener\"><em>\u00d4nibus 174<\/em><\/a>.<\/span><\/p>\n<p><span lang=\"PT\">Tanto<\/span><span lang=\"PT\"> o livro de Glenny e o document\u00e1rio de Padilha cumpriram uma fun\u00e7\u00e3o importante, usando os dois eventos independentes para examinar o emaranhado mais amplo de circunst\u00e2ncias e contexto por tr\u00e1s das a\u00e7\u00f5es de indiv\u00edduos envolvidos no crime no Rio.<\/span><\/p>\n<p>Isto, assim como a hist\u00f3ria de vida incomum de Nem, \u00e9 o que faz <em><span class=\"il\">Nemesis<\/span><\/em> uma leitura fascinante.<\/p>\n<!-- AddThis Advanced Settings generic via filter on the_content --><!-- AddThis Share Buttons generic via filter on the_content -->","protected":false},"excerpt":{"rendered":"<div class=\"mh-excerpt\"><p>Click Here for English No in\u00edcio de Nemesis: Um Homem e a Batalha pelo Rio (Nemesis: One Man and the Battle for Rio), o jornalista Misha Glenny\u00a0relembra um tour em 2007, que o levou a <a class=\"mh-excerpt-more\" href=\"https:\/\/rioonwatch.org.br\/?p=17283\" title=\"Nemesis: Um Homem e a Batalha pelo Rio [Resenha]\">[&#8230;]<\/a><!-- AddThis Advanced Settings generic via filter on get_the_excerpt --><!-- AddThis Share Buttons generic via filter on get_the_excerpt --><\/p>\n<\/div>","protected":false},"author":129,"featured_media":17427,"comment_status":"closed","ping_status":"closed","sticky":false,"template":"","format":"standard","meta":{"_acf_changed":false,"_monsterinsights_skip_tracking":false,"_monsterinsights_sitenote_active":false,"_monsterinsights_sitenote_note":"","_monsterinsights_sitenote_category":0,"footnotes":""},"categories":[1629,1626,1624],"tags":[1474,417,1068,774,958,16,672,562,92,30,1144,383],"writer":[1486],"translator":[1491],"source":[],"ilustrador":[],"fotografo":[],"class_list":{"0":"post-17283","1":"post","2":"type-post","3":"status-publish","4":"format-standard","5":"has-post-thumbnail","7":"category-entrevistas-e-perfis","8":"category-por-observadores-internacionais","9":"category-resenha","10":"tag-amarildo","11":"tag-negligencia-do-estado","12":"tag-ocupacao-policial","13":"tag-policia-militar","14":"tag-resenha-de-livro","15":"tag-rocinha","16":"tag-seguranca-publica","17":"tag-trafico-de-drogas","18":"tag-upp","19":"tag-violencia","20":"tag-violencia-urbana","21":"tag-zona-sul","22":"writer-sarah-jacobs","23":"translator-patricia-gomes"},"acf":[],"yoast_head":"<!-- This site is optimized with the Yoast SEO plugin v25.6 - https:\/\/yoast.com\/wordpress\/plugins\/seo\/ -->\n<title>Nemesis: Um Homem e a Batalha pelo Rio [Resenha] - RioOnWatch<\/title>\n<meta name=\"robots\" content=\"index, follow, max-snippet:-1, max-image-preview:large, max-video-preview:-1\" \/>\n<link rel=\"canonical\" href=\"https:\/\/rioonwatch.org.br\/?p=17283\" \/>\n<meta property=\"og:locale\" content=\"pt_BR\" \/>\n<meta property=\"og:type\" content=\"article\" \/>\n<meta property=\"og:title\" content=\"Nemesis: Um Homem e a Batalha pelo Rio [Resenha] - RioOnWatch\" \/>\n<meta property=\"og:description\" content=\"Click Here for English No in\u00edcio de Nemesis: Um Homem e a Batalha pelo Rio (Nemesis: One Man and the Battle for Rio), o jornalista Misha Glenny\u00a0relembra um tour em 2007, que o levou a [...]\" \/>\n<meta property=\"og:url\" content=\"https:\/\/rioonwatch.org.br\/?p=17283\" \/>\n<meta property=\"og:site_name\" content=\"RioOnWatch\" \/>\n<meta property=\"article:published_time\" content=\"2016-01-04T16:40:10+00:00\" \/>\n<meta property=\"article:modified_time\" content=\"2024-06-20T19:02:31+00:00\" \/>\n<meta property=\"og:image\" content=\"https:\/\/rioonwatch.org.br\/wp-content\/uploads\/2015\/12\/Rocinha-vitor-silva1.jpg\" \/>\n\t<meta property=\"og:image:width\" content=\"1024\" \/>\n\t<meta property=\"og:image:height\" content=\"736\" \/>\n\t<meta property=\"og:image:type\" content=\"image\/jpeg\" \/>\n<meta name=\"author\" content=\"Admin\" \/>\n<meta name=\"twitter:card\" content=\"summary_large_image\" \/>\n<meta name=\"twitter:label1\" content=\"Escrito por\" \/>\n\t<meta name=\"twitter:data1\" content=\"Admin\" \/>\n\t<meta name=\"twitter:label2\" content=\"Est. tempo de leitura\" \/>\n\t<meta name=\"twitter:data2\" content=\"5 minutos\" \/>\n<script type=\"application\/ld+json\" class=\"yoast-schema-graph\">{\"@context\":\"https:\/\/schema.org\",\"@graph\":[{\"@type\":\"Article\",\"@id\":\"https:\/\/rioonwatch.org.br\/?p=17283#article\",\"isPartOf\":{\"@id\":\"https:\/\/rioonwatch.org.br\/?p=17283\"},\"author\":{\"name\":\"Admin\",\"@id\":\"https:\/\/rioonwatch.org.br\/#\/schema\/person\/11d64c290506f9df50c71b850c473f68\"},\"headline\":\"Nemesis: Um Homem e a Batalha pelo Rio [Resenha]\",\"datePublished\":\"2016-01-04T16:40:10+00:00\",\"dateModified\":\"2024-06-20T19:02:31+00:00\",\"mainEntityOfPage\":{\"@id\":\"https:\/\/rioonwatch.org.br\/?p=17283\"},\"wordCount\":1050,\"publisher\":{\"@id\":\"https:\/\/rioonwatch.org.br\/#organization\"},\"image\":{\"@id\":\"https:\/\/rioonwatch.org.br\/?p=17283#primaryimage\"},\"thumbnailUrl\":\"https:\/\/rioonwatch.org.br\/wp-content\/uploads\/2015\/12\/Rocinha-vitor-silva1.jpg\",\"keywords\":[\"Amarildo\",\"Neglig\u00eancia do Estado\",\"ocupa\u00e7\u00e3o policial\",\"Pol\u00edcia Militar\",\"resenha de livro\",\"Rocinha\",\"seguran\u00e7a p\u00fablica\",\"tr\u00e1fico de drogas\",\"UPP\",\"viol\u00eancia\",\"viol\u00eancia urbana\",\"Zona Sul\"],\"articleSection\":[\"Entrevistas e Perfis\",\"Escrito por Aliados\",\"Resenhas\"],\"inLanguage\":\"pt-BR\"},{\"@type\":\"WebPage\",\"@id\":\"https:\/\/rioonwatch.org.br\/?p=17283\",\"url\":\"https:\/\/rioonwatch.org.br\/?p=17283\",\"name\":\"Nemesis: Um Homem e a Batalha pelo Rio [Resenha] - RioOnWatch\",\"isPartOf\":{\"@id\":\"https:\/\/rioonwatch.org.br\/#website\"},\"primaryImageOfPage\":{\"@id\":\"https:\/\/rioonwatch.org.br\/?p=17283#primaryimage\"},\"image\":{\"@id\":\"https:\/\/rioonwatch.org.br\/?p=17283#primaryimage\"},\"thumbnailUrl\":\"https:\/\/rioonwatch.org.br\/wp-content\/uploads\/2015\/12\/Rocinha-vitor-silva1.jpg\",\"datePublished\":\"2016-01-04T16:40:10+00:00\",\"dateModified\":\"2024-06-20T19:02:31+00:00\",\"breadcrumb\":{\"@id\":\"https:\/\/rioonwatch.org.br\/?p=17283#breadcrumb\"},\"inLanguage\":\"pt-BR\",\"potentialAction\":[{\"@type\":\"ReadAction\",\"target\":[\"https:\/\/rioonwatch.org.br\/?p=17283\"]}]},{\"@type\":\"ImageObject\",\"inLanguage\":\"pt-BR\",\"@id\":\"https:\/\/rioonwatch.org.br\/?p=17283#primaryimage\",\"url\":\"https:\/\/rioonwatch.org.br\/wp-content\/uploads\/2015\/12\/Rocinha-vitor-silva1.jpg\",\"contentUrl\":\"https:\/\/rioonwatch.org.br\/wp-content\/uploads\/2015\/12\/Rocinha-vitor-silva1.jpg\",\"width\":1024,\"height\":736},{\"@type\":\"BreadcrumbList\",\"@id\":\"https:\/\/rioonwatch.org.br\/?p=17283#breadcrumb\",\"itemListElement\":[{\"@type\":\"ListItem\",\"position\":1,\"name\":\"In\u00edcio\",\"item\":\"https:\/\/rioonwatch.org.br\/\"},{\"@type\":\"ListItem\",\"position\":2,\"name\":\"Nemesis: Um Homem e a Batalha pelo Rio [Resenha]\"}]},{\"@type\":\"WebSite\",\"@id\":\"https:\/\/rioonwatch.org.br\/#website\",\"url\":\"https:\/\/rioonwatch.org.br\/\",\"name\":\"RioOnWatch\",\"description\":\"relatos das favelas cariocas\",\"publisher\":{\"@id\":\"https:\/\/rioonwatch.org.br\/#organization\"},\"potentialAction\":[{\"@type\":\"SearchAction\",\"target\":{\"@type\":\"EntryPoint\",\"urlTemplate\":\"https:\/\/rioonwatch.org.br\/?s={search_term_string}\"},\"query-input\":{\"@type\":\"PropertyValueSpecification\",\"valueRequired\":true,\"valueName\":\"search_term_string\"}}],\"inLanguage\":\"pt-BR\"},{\"@type\":\"Organization\",\"@id\":\"https:\/\/rioonwatch.org.br\/#organization\",\"name\":\"RioOnWatch\",\"url\":\"https:\/\/rioonwatch.org.br\/\",\"logo\":{\"@type\":\"ImageObject\",\"inLanguage\":\"pt-BR\",\"@id\":\"https:\/\/rioonwatch.org.br\/#\/schema\/logo\/image\/\",\"url\":\"https:\/\/rioonwatch.org.br\/wp-content\/uploads\/2021\/06\/RioOnWatchcabecalhoPT11anos-2.png\",\"contentUrl\":\"https:\/\/rioonwatch.org.br\/wp-content\/uploads\/2021\/06\/RioOnWatchcabecalhoPT11anos-2.png\",\"width\":779,\"height\":277,\"caption\":\"RioOnWatch\"},\"image\":{\"@id\":\"https:\/\/rioonwatch.org.br\/#\/schema\/logo\/image\/\"}},{\"@type\":\"Person\",\"@id\":\"https:\/\/rioonwatch.org.br\/#\/schema\/person\/11d64c290506f9df50c71b850c473f68\",\"name\":\"Admin\",\"image\":{\"@type\":\"ImageObject\",\"inLanguage\":\"pt-BR\",\"@id\":\"https:\/\/rioonwatch.org.br\/#\/schema\/person\/image\/\",\"url\":\"https:\/\/secure.gravatar.com\/avatar\/56211ac74568383903349a1485e3c325?s=96&d=blank&r=g\",\"contentUrl\":\"https:\/\/secure.gravatar.com\/avatar\/56211ac74568383903349a1485e3c325?s=96&d=blank&r=g\",\"caption\":\"Admin\"},\"url\":\"https:\/\/rioonwatch.org.br\/?author=129\"}]}<\/script>\n<!-- \/ Yoast SEO plugin. -->","yoast_head_json":{"title":"Nemesis: Um Homem e a Batalha pelo Rio [Resenha] - RioOnWatch","robots":{"index":"index","follow":"follow","max-snippet":"max-snippet:-1","max-image-preview":"max-image-preview:large","max-video-preview":"max-video-preview:-1"},"canonical":"https:\/\/rioonwatch.org.br\/?p=17283","og_locale":"pt_BR","og_type":"article","og_title":"Nemesis: Um Homem e a Batalha pelo Rio [Resenha] - RioOnWatch","og_description":"Click Here for English No in\u00edcio de Nemesis: Um Homem e a Batalha pelo Rio (Nemesis: One Man and the Battle for Rio), o jornalista Misha Glenny\u00a0relembra um tour em 2007, que o levou a [...]","og_url":"https:\/\/rioonwatch.org.br\/?p=17283","og_site_name":"RioOnWatch","article_published_time":"2016-01-04T16:40:10+00:00","article_modified_time":"2024-06-20T19:02:31+00:00","og_image":[{"width":1024,"height":736,"url":"https:\/\/rioonwatch.org.br\/wp-content\/uploads\/2015\/12\/Rocinha-vitor-silva1.jpg","type":"image\/jpeg"}],"author":"Admin","twitter_card":"summary_large_image","twitter_misc":{"Escrito por":"Admin","Est. tempo de leitura":"5 minutos"},"schema":{"@context":"https:\/\/schema.org","@graph":[{"@type":"Article","@id":"https:\/\/rioonwatch.org.br\/?p=17283#article","isPartOf":{"@id":"https:\/\/rioonwatch.org.br\/?p=17283"},"author":{"name":"Admin","@id":"https:\/\/rioonwatch.org.br\/#\/schema\/person\/11d64c290506f9df50c71b850c473f68"},"headline":"Nemesis: Um Homem e a Batalha pelo Rio [Resenha]","datePublished":"2016-01-04T16:40:10+00:00","dateModified":"2024-06-20T19:02:31+00:00","mainEntityOfPage":{"@id":"https:\/\/rioonwatch.org.br\/?p=17283"},"wordCount":1050,"publisher":{"@id":"https:\/\/rioonwatch.org.br\/#organization"},"image":{"@id":"https:\/\/rioonwatch.org.br\/?p=17283#primaryimage"},"thumbnailUrl":"https:\/\/rioonwatch.org.br\/wp-content\/uploads\/2015\/12\/Rocinha-vitor-silva1.jpg","keywords":["Amarildo","Neglig\u00eancia do Estado","ocupa\u00e7\u00e3o policial","Pol\u00edcia Militar","resenha de livro","Rocinha","seguran\u00e7a p\u00fablica","tr\u00e1fico de drogas","UPP","viol\u00eancia","viol\u00eancia urbana","Zona Sul"],"articleSection":["Entrevistas e Perfis","Escrito por Aliados","Resenhas"],"inLanguage":"pt-BR"},{"@type":"WebPage","@id":"https:\/\/rioonwatch.org.br\/?p=17283","url":"https:\/\/rioonwatch.org.br\/?p=17283","name":"Nemesis: Um Homem e a Batalha pelo Rio [Resenha] - RioOnWatch","isPartOf":{"@id":"https:\/\/rioonwatch.org.br\/#website"},"primaryImageOfPage":{"@id":"https:\/\/rioonwatch.org.br\/?p=17283#primaryimage"},"image":{"@id":"https:\/\/rioonwatch.org.br\/?p=17283#primaryimage"},"thumbnailUrl":"https:\/\/rioonwatch.org.br\/wp-content\/uploads\/2015\/12\/Rocinha-vitor-silva1.jpg","datePublished":"2016-01-04T16:40:10+00:00","dateModified":"2024-06-20T19:02:31+00:00","breadcrumb":{"@id":"https:\/\/rioonwatch.org.br\/?p=17283#breadcrumb"},"inLanguage":"pt-BR","potentialAction":[{"@type":"ReadAction","target":["https:\/\/rioonwatch.org.br\/?p=17283"]}]},{"@type":"ImageObject","inLanguage":"pt-BR","@id":"https:\/\/rioonwatch.org.br\/?p=17283#primaryimage","url":"https:\/\/rioonwatch.org.br\/wp-content\/uploads\/2015\/12\/Rocinha-vitor-silva1.jpg","contentUrl":"https:\/\/rioonwatch.org.br\/wp-content\/uploads\/2015\/12\/Rocinha-vitor-silva1.jpg","width":1024,"height":736},{"@type":"BreadcrumbList","@id":"https:\/\/rioonwatch.org.br\/?p=17283#breadcrumb","itemListElement":[{"@type":"ListItem","position":1,"name":"In\u00edcio","item":"https:\/\/rioonwatch.org.br\/"},{"@type":"ListItem","position":2,"name":"Nemesis: Um Homem e a Batalha pelo Rio [Resenha]"}]},{"@type":"WebSite","@id":"https:\/\/rioonwatch.org.br\/#website","url":"https:\/\/rioonwatch.org.br\/","name":"RioOnWatch","description":"relatos das favelas cariocas","publisher":{"@id":"https:\/\/rioonwatch.org.br\/#organization"},"potentialAction":[{"@type":"SearchAction","target":{"@type":"EntryPoint","urlTemplate":"https:\/\/rioonwatch.org.br\/?s={search_term_string}"},"query-input":{"@type":"PropertyValueSpecification","valueRequired":true,"valueName":"search_term_string"}}],"inLanguage":"pt-BR"},{"@type":"Organization","@id":"https:\/\/rioonwatch.org.br\/#organization","name":"RioOnWatch","url":"https:\/\/rioonwatch.org.br\/","logo":{"@type":"ImageObject","inLanguage":"pt-BR","@id":"https:\/\/rioonwatch.org.br\/#\/schema\/logo\/image\/","url":"https:\/\/rioonwatch.org.br\/wp-content\/uploads\/2021\/06\/RioOnWatchcabecalhoPT11anos-2.png","contentUrl":"https:\/\/rioonwatch.org.br\/wp-content\/uploads\/2021\/06\/RioOnWatchcabecalhoPT11anos-2.png","width":779,"height":277,"caption":"RioOnWatch"},"image":{"@id":"https:\/\/rioonwatch.org.br\/#\/schema\/logo\/image\/"}},{"@type":"Person","@id":"https:\/\/rioonwatch.org.br\/#\/schema\/person\/11d64c290506f9df50c71b850c473f68","name":"Admin","image":{"@type":"ImageObject","inLanguage":"pt-BR","@id":"https:\/\/rioonwatch.org.br\/#\/schema\/person\/image\/","url":"https:\/\/secure.gravatar.com\/avatar\/56211ac74568383903349a1485e3c325?s=96&d=blank&r=g","contentUrl":"https:\/\/secure.gravatar.com\/avatar\/56211ac74568383903349a1485e3c325?s=96&d=blank&r=g","caption":"Admin"},"url":"https:\/\/rioonwatch.org.br\/?author=129"}]}},"_links":{"self":[{"href":"https:\/\/rioonwatch.org.br\/index.php?rest_route=\/wp\/v2\/posts\/17283"}],"collection":[{"href":"https:\/\/rioonwatch.org.br\/index.php?rest_route=\/wp\/v2\/posts"}],"about":[{"href":"https:\/\/rioonwatch.org.br\/index.php?rest_route=\/wp\/v2\/types\/post"}],"author":[{"embeddable":true,"href":"https:\/\/rioonwatch.org.br\/index.php?rest_route=\/wp\/v2\/users\/129"}],"replies":[{"embeddable":true,"href":"https:\/\/rioonwatch.org.br\/index.php?rest_route=%2Fwp%2Fv2%2Fcomments&post=17283"}],"version-history":[{"count":18,"href":"https:\/\/rioonwatch.org.br\/index.php?rest_route=\/wp\/v2\/posts\/17283\/revisions"}],"predecessor-version":[{"id":74305,"href":"https:\/\/rioonwatch.org.br\/index.php?rest_route=\/wp\/v2\/posts\/17283\/revisions\/74305"}],"wp:featuredmedia":[{"embeddable":true,"href":"https:\/\/rioonwatch.org.br\/index.php?rest_route=\/wp\/v2\/media\/17427"}],"wp:attachment":[{"href":"https:\/\/rioonwatch.org.br\/index.php?rest_route=%2Fwp%2Fv2%2Fmedia&parent=17283"}],"wp:term":[{"taxonomy":"category","embeddable":true,"href":"https:\/\/rioonwatch.org.br\/index.php?rest_route=%2Fwp%2Fv2%2Fcategories&post=17283"},{"taxonomy":"post_tag","embeddable":true,"href":"https:\/\/rioonwatch.org.br\/index.php?rest_route=%2Fwp%2Fv2%2Ftags&post=17283"},{"taxonomy":"writer","embeddable":true,"href":"https:\/\/rioonwatch.org.br\/index.php?rest_route=%2Fwp%2Fv2%2Fwriter&post=17283"},{"taxonomy":"translator","embeddable":true,"href":"https:\/\/rioonwatch.org.br\/index.php?rest_route=%2Fwp%2Fv2%2Ftranslator&post=17283"},{"taxonomy":"source","embeddable":true,"href":"https:\/\/rioonwatch.org.br\/index.php?rest_route=%2Fwp%2Fv2%2Fsource&post=17283"},{"taxonomy":"ilustrador","embeddable":true,"href":"https:\/\/rioonwatch.org.br\/index.php?rest_route=%2Fwp%2Fv2%2Filustrador&post=17283"},{"taxonomy":"fotografo","embeddable":true,"href":"https:\/\/rioonwatch.org.br\/index.php?rest_route=%2Fwp%2Fv2%2Ffotografo&post=17283"}],"curies":[{"name":"wp","href":"https:\/\/api.w.org\/{rel}","templated":true}]}}