{"id":1743,"date":"2011-05-17T23:30:01","date_gmt":"2011-05-18T02:30:01","guid":{"rendered":"http:\/\/favela.info\/?p=1743"},"modified":"2018-05-10T10:28:33","modified_gmt":"2018-05-10T13:28:33","slug":"urbanizacao-maliciosa","status":"publish","type":"post","link":"https:\/\/rioonwatch.org.br\/?p=1743","title":{"rendered":"Urbaniza\u00e7\u00e3o Maliciosa"},"content":{"rendered":"<p><img fetchpriority=\"high\" decoding=\"async\" class=\"alignleft size-full wp-image-1706\" title=\"Mal\u00edcia Urbana\" src=\"http:\/\/favela.info\/wp-content\/uploads\/2011\/05\/urbmal.jpg\" alt=\"\" width=\"300\" height=\"200\" \/><\/p>\n<p align=\"justify\">&#8220;Fez da vida por aqui de mente erguida, sem mentira, com mal\u00edcia me passou li\u00e7\u00e3o de vida.&#8221; Esses versos, imortalizados pelo rapper-poeta Sabotage, serviram perfeitamente para ilustrar a hist\u00f3ria desse coletivo denominado, coincidentemente ou n\u00e3o, <a href=\"http:\/\/www.facebook.com\/profile.php?id=100002414947499&amp;sk=photos\">Mal\u00edcia Urbana Crew<\/a>. O termo &#8220;crew&#8221;, que na l\u00edngua inglesa significa tripula\u00e7\u00e3o, grupo de trabalhadores ou bando, foi apropriado por grafiteiros da periferia de todo o estado do Rio para identificar seus grupos. A Mal\u00edcia est\u00e1 diretamente ligado a tudo o que passaram desde 2001 quando se conheceram no extinto programa &#8220;Jovens Pela Paz&#8221;, uma iniciativa do ent\u00e3o governador Anthony Garotinho. &#8220;Passamos muita necessidade, a estrutura do programa era prec\u00e1ria e faltava tudo, do material \u00e0 comida. N\u00f3s t\u00ednhamos muito interesse e buscamos nos reunir de forma independente para correr atr\u00e1s de informa\u00e7\u00f5es sobre a cultura do graffiti, que era o que sab\u00edamos fazer na \u00e9poca&#8221;, conta Rafael Ara\u00fajo, conhecido como Fael Mal\u00edcia Urbana.<\/p>\n<p align=\"justify\">O coletivo era formado por jovens de diversas localidades cariocas, e a sagacidade encontrada na hora de fugir das adversidades no caminho foi lembrada na escolha do nome. &#8220;O Bruno prop\u00f4s o nome Mal\u00edcia Urbana por tudo que t\u00ednhamos que passar para poder nos encontrar&#8221;, conta S\u00edlvio de Souza, mais conhecido como S\u00edlvio Koih. &#8220;Mal\u00edcia pelo jogo de cintura pra driblar a dificuldade financeira e o Urbano era onde tudo acontecia mesmo, j\u00e1 que est\u00e1vamos sempre no rol\u00e9 pelas ruas pra desenvolver a arte. N\u00f3s concordamos na hora com o nome.&#8221; Infelizmente, Bruno n\u00e3o est\u00e1 mais no crew.<\/p>\n<p align=\"justify\">Em 2002 foi realizada a OficiNa\u00e7\u00e3o, oficina de graffiti realizada pela <a href=\"http:\/\/www.fotolog.com.br\/nacaocrew\">Na\u00e7\u00e3o Crew<\/a>, da qual fazem parte renomados graffiteiros cariocas, como <a href=\"http:\/\/www.marceloment.com\/\">Marcelo Ment<\/a> e <a href=\"http:\/\/www.flickr.com\/airaocrespo\">Air\u00e1 Ocrespo<\/a>. Seus encontros aconteciam na Fundi\u00e7\u00e3o Progresso, Lapa, no centro da cidade, e Fael e Silvio Koih continuavam a corrida atr\u00e1s do graffiti. &#8220;A estrutura da OficiNa\u00e7\u00e3o era muito proveitosa, porque os encontros eram como um bate-papo sobre graffiti. O pessoal do Na\u00e7\u00e3o Crew convidava os melhores graffiteiros na \u00e9poca e n\u00f3s t\u00ednhamos a oportunidade de tirar as nossas d\u00favidas com qualquer um deles&#8221;, lembra Fael. Silvio Koih tamb\u00e9m comenta sua paix\u00e3o pelo graffiti: &#8220;Eu comprei uma revista de graffiti na \u00e9poca que comecei, que tinha uma figura fora do normal, em 3D, com uns tons de fluorescente que foi pintada em um painel gringo e pirei. Quando soube que a diferen\u00e7a estava na pintura, comecei a pesquisar. Aprendi muito na OficiNa\u00e7\u00e3o com os graffiteiros Ment, <a href=\"http:\/\/www.myspace.com\/6ra99a\">Braga<\/a>, Air\u00e1 e <a href=\"http:\/\/www.flickr.com\/chico21\">Chico<\/a>, que estavam sempre nos encontros na Fundi\u00e7\u00e3o Progresso&#8221;, lembra Koih. Para pagar a taxa de inscri\u00e7\u00e3o do curso, eles tiveram que usar a famosa mal\u00edcia. &#8220;Tinha uma taxa de R$ 50, s\u00f3 que quando n\u00f3s chegamos l\u00e1 eles j\u00e1 sabiam da nossa correria e fizeram pela metade do pre\u00e7o&#8221;, comentam entre sorrisos Fael e Silvio.<\/p>\n<p><iframe src=\"http:\/\/www.youtube.com\/embed\/lvlSLUj7CLQ\" frameborder=\"0\" width=\"300\" height=\"250\"><\/iframe><\/p>\n<p align=\"justify\">Logo surgiram os primeiros convites para trabalhos sociais, colocando-os diante um dilema peculiar \u00e0 juventude da periferia: as incertezas e a falta de profissionalismo do terceiro setor ou a seguran\u00e7a e direitos da carteira de trabalho assinada? &#8220;N\u00f3s j\u00e1 v\u00ednhamos de uma experi\u00eancia traumatizante com projetos sociais e eu tinha a quest\u00e3o da idade, que n\u00e3o me permitia mais perder tempo com algo que eu n\u00e3o tivesse a seguran\u00e7a que a carteira de trabalho iria me proporcionar, ent\u00e3o o Fael come\u00e7ou a nos representar em projetos e est\u00e1 at\u00e9 hoje ministrando oficinas de graffiti&#8221;, diz Silvio, que lamenta n\u00e3o poder fazer o que ama com a frequ\u00eancia que gostaria. &#8220;Eu at\u00e9 j\u00e1 participei de algumas oficinas e estou sempre disposto a auxiliar quando algu\u00e9m me questiona sobre o graffiti, s\u00f3 que infelizmente eu tenho que me manter financeiramente e esse lado acaba pesando no final&#8221;, pondera Koih.<\/p>\n<p align=\"justify\">Hoje com quase dez anos de estrada e uma vasta experi\u00eancia acumulada, junto com todos os companheiros que passaram a fazer parte do coletivo, o Mal\u00edcia Urbana j\u00e1 conta com uma sede pr\u00f3pria, re-editores multiplicando a cultura graffiti e os ideais do coletivo, marca de roupa, al\u00e9m do rap e do graffiti que sempre acompanharam o MUC.<\/p>\n<p align=\"justify\"><strong>Urbaniza\u00e7\u00e3o Maliciosa<\/strong><\/p>\n<p align=\"justify\">&#8220;Mais do que urbanizar maliciosamente as ruas da cidade, o Evento Urbaniza\u00e7\u00e3o Maliciosa tem como objetivo principal promover o encontro e o di\u00e1logo nos espa\u00e7os populares, al\u00e9m, \u00e9\u00a0claro, de democratizar o acesso e a produ\u00e7\u00e3o de arte em \u00e1reas onde dificilmente as pessoas teriam a oportunidade de participar das manifesta\u00e7\u00f5es que acontecem durante o encontro.&#8221; \u00c9 assim que Fael define o evento idealizado no ano de 2004, onde ocorreu a primeira interven\u00e7\u00e3o no bairro de Bento Ribeiro. &#8220;Foi uma ideia minha e do Wagner. A iniciativa partiu mesmo do Wagner, que foi correr atr\u00e1s dos lanches para os artistas que iriam participar&#8221;, continua Fael, que se surpreendeu com o sucesso de p\u00fablico foi em uma \u00e9poca em que a cultura do graffite tinha poucos adeptos. A divulga\u00e7\u00e3o se concentrou no pessoal que participava da OficiNa\u00e7\u00e3o, que reunia a nata do graffiti. &#8220;A rapaziada toda foi.&#8221;<\/p>\n<p><img decoding=\"async\" class=\"alignright size-full wp-image-1707\" title=\"Mal\u00edcia Urbana\" src=\"http:\/\/favela.info\/wp-content\/uploads\/2011\/05\/malicia2.jpg\" alt=\"\" width=\"300\" height=\"225\" srcset=\"https:\/\/rioonwatch.org.br\/wp-content\/uploads\/2011\/05\/malicia2.jpg 300w, https:\/\/rioonwatch.org.br\/wp-content\/uploads\/2011\/05\/malicia2-174x131.jpg 174w, https:\/\/rioonwatch.org.br\/wp-content\/uploads\/2011\/05\/malicia2-70x53.jpg 70w\" sizes=\"(max-width: 300px) 100vw, 300px\" \/><\/p>\n<p align=\"justify\">Apesar do sucesso na estreia, o Urbaniza\u00e7\u00e3o s\u00f3 voltou realizado novamente em 2007, ano em que houve tr\u00eas edi\u00e7\u00f5es, na favela do Para Pedro, em Col\u00e9gio, Zona Norte do Rio, Vila Mimosa, zona de prostitui\u00e7\u00e3o mais antiga e popular do Rio localizada no centro da cidade, e na favela da Malvina, no Iraj\u00e1, Zona Norte. O \u00faltimo Urbaniza\u00e7\u00e3o Maliciosa foi em fevereiro de 2010, novamente na favela do Para Pedro, dessa vez com um sabor todo especial para Fael. &#8220;Al\u00e9m de ser a comunidade em que me criei, e do evento ter participado do document\u00e1rio &#8220;Comendo Tinta&#8221;, ap\u00f3s o \u00faltimo Urbaniza\u00e7\u00e3o que tinhamos realizado no ParaPedro a comunidade passou por guerras entre fac\u00e7\u00f5es, e todas as artes que haviam sido feitas foram apagadas pela fac\u00e7\u00e3o que herdou o controle do tr\u00e1fico na \u00e9poca. Quando devolvemos o colorido \u00e0s ruas daquela comunidade foi realmente uma realiza\u00e7\u00e3o pessoal.&#8221;, comemora.<\/p>\n<p align=\"justify\">Com o amadurecimento dos idealizadores e a ades\u00e3o de outros coletivos no movimento, o Urbaniza\u00e7\u00e3o Maliciosa volta em 2011 com novidades no formato e maiores op\u00e7\u00f5es de artes para o p\u00fablico. &#8220;Apesar de ser um dos primeiros eventos de graffiti volunt\u00e1rio do Rio, hoje o Urbaniza\u00e7\u00e3o tomou uma outra propor\u00e7\u00e3o&#8221;, avalia Fael, para quem o rap e a capoeira n\u00e3o podem ficar de fora. A tend\u00eancia \u00e9 que continue sempre assim, incorporando todos os coletivos que se identifiquem com os ideais do MUB. As pr\u00f3ximas comunidades a receberem o Urbaniza\u00e7\u00e3o Maliciosa ser\u00e3o a Faz Quem Quer, em Rocha Miranda, Manguinhos, em Bonsucesso, ambas na Zona Norte.<\/p>\n<p align=\"justify\"><strong>MUC RAP<\/strong><\/p>\n<p align=\"justify\">O rap e o graffite s\u00e3o dois dos mais conhecidos elementos da Cultura Hip-Hop, juntamente com o dj e o b-boy, e sempre estiveram presentes no cotidiano do coletivo Mal\u00edcia Urbana. E n\u00e3o foi diferente com o coletivo, no qual Fael e Poc, que j\u00e1 est\u00e1 em outra, cantavam rap e graffitavam desde que se conheceram . A \u00fanica exce\u00e7\u00e3o foi o Mc Kelson, que entrou para o coletivo t\u00e3o logo conheceu seus integrantes em um evento de rap no Acari, favela nas imedia\u00e7\u00f5es da Avenida Brasil, na Zona Norte. &#8220;Me chamaram para declamar uma poesia na apresenta\u00e7\u00e3o do grupo de rap formado por Poc e Fael&#8221;, conta o MC. Come\u00e7ava a\u00ed a parceria de Kelson nas letras e nas batalhas de mc&#8217;s.<\/p>\n<p align=\"justify\">MC Kelson, que j\u00e1 venceu uma batalha de mc&#8217;s e participou das grava\u00e7\u00f5es do filme &#8220;L.A.P.A.&#8221;, diz que hoje o que une os integrantes do Mal\u00edcia Urbana \u00e9 a experi\u00eancia de seus integrantes. &#8220;Hoje a nossa cabe\u00e7a \u00e9 muito mais t\u00e9cnica e preza muito mais pelo conjunto da obra. Temos mais vontade de oferecer oficinas de grafitti e trabalhar a cabe\u00e7a dos mais jovens que de certa forma est\u00e3o com a mentalidade meio perdida ainda, porque voc\u00ea sabe que a idade de 12 ou 13 anos hoje \u00e9 uma idade de forma\u00e7\u00e3o moral, \u00e9 quando eles se interessam por uma coisa ou por outra, eles est\u00e3o deixando de ser crian\u00e7as para entrar na adolesc\u00eancia, o que eles aprendem ali eles v\u00e3o levar pra vida deles todinha\u201d. Kelson acredita que um jeito de mudar a vida de crian\u00e7as e jovens seja por interm\u00e9dio da arte. \u201cTalvez um grafitti ou um rap, onde cada um pode descobrir sua aptid\u00e3o para cada segmento, pode ser uma oportunidade. \u00c9 o tempo em que eles v\u00eaem jovens armados ganhando algum dinheiro, vendendo, consumindo e comprando drogas. Eles precisam ver que tem mais coisas, coisas melhores a serem feitas\u201d, reflete Kelson.<\/p>\n<p align=\"justify\">Com uma mixtape j\u00e1 gravada (veja na <a href=\"http:\/\/www.myspace.com\/maliciaurbana\">p\u00e1gina no MySpace<\/a>, e outras composi\u00e7\u00f5es que j\u00e1 est\u00e3o na fila para ir para o est\u00fadio, o Mal\u00edcia Urbana continua sua \u00e1rdua e promissora caminhada. \u201cA dificuldade que sempre tivemos para nos manter financeiramente foi um dos principais empecilhos para continuarmos com o rap, s\u00f3 que agora com toda a experi\u00eancia que absorvemos temos muita coisa a falar e iremos continuar com o rap\u201d, finaliza Fael. Mc Kelson ainda manda um recado: \u201cS\u00f3 baixar e ouvir\u201d.<\/p>\n<h4>Locais de eventos do Urbaniza\u00e7\u00e3o Maliciosa<\/h4>\n<p><iframe src=\"http:\/\/maps.google.com.br\/maps\/ms?hl=pt-BR&amp;ie=UTF8&amp;msa=0&amp;msid=205150130585694865716.0004a1eb1c5244cb1909b&amp;ll=-22.874764,-43.288907&amp;spn=0.067331,0.143852&amp;t=h&amp;output=embed\" frameborder=\"0\" marginwidth=\"0\" marginheight=\"0\" scrolling=\"no\" width=\"550\" height=\"350\"><\/iframe><br \/>\n<small>Visualizar <a style=\"color: #0000ff; text-align: left;\" href=\"http:\/\/maps.google.com.br\/maps\/ms?hl=pt-BR&amp;ie=UTF8&amp;msa=0&amp;msid=205150130585694865716.0004a1eb1c5244cb1909b&amp;ll=-22.874764,-43.288907&amp;spn=0.067331,0.143852&amp;t=h&amp;source=embed\">Urbaniza\u00e7\u00e3o Maliciosa<\/a> em um mapa maior<\/small><\/p>\n<!-- AddThis Advanced Settings generic via filter on the_content --><!-- AddThis Share Buttons generic via filter on the_content -->","protected":false},"excerpt":{"rendered":"<div class=\"mh-excerpt\"><p>&#8220;Fez da vida por aqui de mente erguida, sem mentira, com mal\u00edcia me passou li\u00e7\u00e3o de vida.&#8221; Esses versos, imortalizados pelo rapper-poeta Sabotage, serviram perfeitamente para ilustrar a hist\u00f3ria desse coletivo denominado, coincidentemente ou n\u00e3o, <a class=\"mh-excerpt-more\" href=\"https:\/\/rioonwatch.org.br\/?p=1743\" title=\"Urbaniza\u00e7\u00e3o Maliciosa\">[&#8230;]<\/a><!-- AddThis Advanced Settings generic via filter on get_the_excerpt --><!-- AddThis Share Buttons generic via filter on get_the_excerpt --><\/p>\n<\/div>","protected":false},"author":5,"featured_media":1744,"comment_status":"open","ping_status":"closed","sticky":false,"template":"","format":"standard","meta":{"_acf_changed":false,"_monsterinsights_skip_tracking":false,"_monsterinsights_sitenote_active":false,"_monsterinsights_sitenote_note":"","_monsterinsights_sitenote_category":0,"footnotes":""},"categories":[1625],"tags":[1314,18],"writer":[190,211],"translator":[],"source":[],"ilustrador":[],"fotografo":[],"class_list":{"0":"post-1743","1":"post","2":"type-post","3":"status-publish","4":"format-standard","5":"has-post-thumbnail","7":"category-por-correspondentes-comunitarios","8":"tag-grafite","9":"tag-hip-hop","10":"writer-jv-santos","11":"writer-valnei-succo"},"acf":[],"yoast_head":"<!-- This site is optimized with the Yoast SEO plugin v25.6 - https:\/\/yoast.com\/wordpress\/plugins\/seo\/ -->\n<title>Urbaniza\u00e7\u00e3o Maliciosa - RioOnWatch<\/title>\n<meta name=\"robots\" content=\"index, follow, max-snippet:-1, max-image-preview:large, max-video-preview:-1\" \/>\n<link rel=\"canonical\" href=\"https:\/\/rioonwatch.org.br\/?p=1743\" \/>\n<meta property=\"og:locale\" content=\"pt_BR\" \/>\n<meta property=\"og:type\" content=\"article\" \/>\n<meta property=\"og:title\" content=\"Urbaniza\u00e7\u00e3o Maliciosa - RioOnWatch\" \/>\n<meta property=\"og:description\" content=\"&#8220;Fez da vida por aqui de mente erguida, sem mentira, com mal\u00edcia me passou li\u00e7\u00e3o de vida.&#8221; Esses versos, imortalizados pelo rapper-poeta Sabotage, serviram perfeitamente para ilustrar a hist\u00f3ria desse coletivo denominado, coincidentemente ou n\u00e3o, [...]\" \/>\n<meta property=\"og:url\" content=\"https:\/\/rioonwatch.org.br\/?p=1743\" \/>\n<meta property=\"og:site_name\" content=\"RioOnWatch\" \/>\n<meta property=\"article:published_time\" content=\"2011-05-18T02:30:01+00:00\" \/>\n<meta property=\"article:modified_time\" content=\"2018-05-10T13:28:33+00:00\" \/>\n<meta property=\"og:image\" content=\"https:\/\/rioonwatch.org.br\/wp-content\/uploads\/2011\/05\/urbmal1.jpg\" \/>\n\t<meta property=\"og:image:width\" content=\"300\" \/>\n\t<meta property=\"og:image:height\" content=\"200\" \/>\n\t<meta property=\"og:image:type\" content=\"image\/jpeg\" \/>\n<meta name=\"author\" content=\"Tiago\" \/>\n<meta name=\"twitter:card\" content=\"summary_large_image\" \/>\n<meta name=\"twitter:label1\" content=\"Escrito por\" \/>\n\t<meta name=\"twitter:data1\" content=\"Tiago\" \/>\n\t<meta name=\"twitter:label2\" content=\"Est. tempo de leitura\" \/>\n\t<meta name=\"twitter:data2\" content=\"8 minutos\" \/>\n<script type=\"application\/ld+json\" class=\"yoast-schema-graph\">{\"@context\":\"https:\/\/schema.org\",\"@graph\":[{\"@type\":\"Article\",\"@id\":\"https:\/\/rioonwatch.org.br\/?p=1743#article\",\"isPartOf\":{\"@id\":\"https:\/\/rioonwatch.org.br\/?p=1743\"},\"author\":{\"name\":\"Tiago\",\"@id\":\"https:\/\/rioonwatch.org.br\/#\/schema\/person\/7c54ce0a929f914709db001584daa6ee\"},\"headline\":\"Urbaniza\u00e7\u00e3o Maliciosa\",\"datePublished\":\"2011-05-18T02:30:01+00:00\",\"dateModified\":\"2018-05-10T13:28:33+00:00\",\"mainEntityOfPage\":{\"@id\":\"https:\/\/rioonwatch.org.br\/?p=1743\"},\"wordCount\":1595,\"commentCount\":1,\"publisher\":{\"@id\":\"https:\/\/rioonwatch.org.br\/#organization\"},\"image\":{\"@id\":\"https:\/\/rioonwatch.org.br\/?p=1743#primaryimage\"},\"thumbnailUrl\":\"https:\/\/rioonwatch.org.br\/wp-content\/uploads\/2011\/05\/urbmal1.jpg\",\"keywords\":[\"grafite\",\"Hip Hop\"],\"articleSection\":[\"Escrito por Comunicadores Populares\"],\"inLanguage\":\"pt-BR\",\"potentialAction\":[{\"@type\":\"CommentAction\",\"name\":\"Comment\",\"target\":[\"https:\/\/rioonwatch.org.br\/?p=1743#respond\"]}]},{\"@type\":\"WebPage\",\"@id\":\"https:\/\/rioonwatch.org.br\/?p=1743\",\"url\":\"https:\/\/rioonwatch.org.br\/?p=1743\",\"name\":\"Urbaniza\u00e7\u00e3o Maliciosa - RioOnWatch\",\"isPartOf\":{\"@id\":\"https:\/\/rioonwatch.org.br\/#website\"},\"primaryImageOfPage\":{\"@id\":\"https:\/\/rioonwatch.org.br\/?p=1743#primaryimage\"},\"image\":{\"@id\":\"https:\/\/rioonwatch.org.br\/?p=1743#primaryimage\"},\"thumbnailUrl\":\"https:\/\/rioonwatch.org.br\/wp-content\/uploads\/2011\/05\/urbmal1.jpg\",\"datePublished\":\"2011-05-18T02:30:01+00:00\",\"dateModified\":\"2018-05-10T13:28:33+00:00\",\"breadcrumb\":{\"@id\":\"https:\/\/rioonwatch.org.br\/?p=1743#breadcrumb\"},\"inLanguage\":\"pt-BR\",\"potentialAction\":[{\"@type\":\"ReadAction\",\"target\":[\"https:\/\/rioonwatch.org.br\/?p=1743\"]}]},{\"@type\":\"ImageObject\",\"inLanguage\":\"pt-BR\",\"@id\":\"https:\/\/rioonwatch.org.br\/?p=1743#primaryimage\",\"url\":\"https:\/\/rioonwatch.org.br\/wp-content\/uploads\/2011\/05\/urbmal1.jpg\",\"contentUrl\":\"https:\/\/rioonwatch.org.br\/wp-content\/uploads\/2011\/05\/urbmal1.jpg\",\"width\":300,\"height\":200},{\"@type\":\"BreadcrumbList\",\"@id\":\"https:\/\/rioonwatch.org.br\/?p=1743#breadcrumb\",\"itemListElement\":[{\"@type\":\"ListItem\",\"position\":1,\"name\":\"In\u00edcio\",\"item\":\"https:\/\/rioonwatch.org.br\/\"},{\"@type\":\"ListItem\",\"position\":2,\"name\":\"Urbaniza\u00e7\u00e3o Maliciosa\"}]},{\"@type\":\"WebSite\",\"@id\":\"https:\/\/rioonwatch.org.br\/#website\",\"url\":\"https:\/\/rioonwatch.org.br\/\",\"name\":\"RioOnWatch\",\"description\":\"relatos das favelas cariocas\",\"publisher\":{\"@id\":\"https:\/\/rioonwatch.org.br\/#organization\"},\"potentialAction\":[{\"@type\":\"SearchAction\",\"target\":{\"@type\":\"EntryPoint\",\"urlTemplate\":\"https:\/\/rioonwatch.org.br\/?s={search_term_string}\"},\"query-input\":{\"@type\":\"PropertyValueSpecification\",\"valueRequired\":true,\"valueName\":\"search_term_string\"}}],\"inLanguage\":\"pt-BR\"},{\"@type\":\"Organization\",\"@id\":\"https:\/\/rioonwatch.org.br\/#organization\",\"name\":\"RioOnWatch\",\"url\":\"https:\/\/rioonwatch.org.br\/\",\"logo\":{\"@type\":\"ImageObject\",\"inLanguage\":\"pt-BR\",\"@id\":\"https:\/\/rioonwatch.org.br\/#\/schema\/logo\/image\/\",\"url\":\"https:\/\/rioonwatch.org.br\/wp-content\/uploads\/2021\/06\/RioOnWatchcabecalhoPT11anos-2.png\",\"contentUrl\":\"https:\/\/rioonwatch.org.br\/wp-content\/uploads\/2021\/06\/RioOnWatchcabecalhoPT11anos-2.png\",\"width\":779,\"height\":277,\"caption\":\"RioOnWatch\"},\"image\":{\"@id\":\"https:\/\/rioonwatch.org.br\/#\/schema\/logo\/image\/\"}},{\"@type\":\"Person\",\"@id\":\"https:\/\/rioonwatch.org.br\/#\/schema\/person\/7c54ce0a929f914709db001584daa6ee\",\"name\":\"Tiago\",\"image\":{\"@type\":\"ImageObject\",\"inLanguage\":\"pt-BR\",\"@id\":\"https:\/\/rioonwatch.org.br\/#\/schema\/person\/image\/\",\"url\":\"https:\/\/secure.gravatar.com\/avatar\/886b123583861b1f9e1b1393972b9aeb?s=96&d=blank&r=g\",\"contentUrl\":\"https:\/\/secure.gravatar.com\/avatar\/886b123583861b1f9e1b1393972b9aeb?s=96&d=blank&r=g\",\"caption\":\"Tiago\"},\"url\":\"https:\/\/rioonwatch.org.br\/?author=5\"}]}<\/script>\n<!-- \/ Yoast SEO plugin. -->","yoast_head_json":{"title":"Urbaniza\u00e7\u00e3o Maliciosa - RioOnWatch","robots":{"index":"index","follow":"follow","max-snippet":"max-snippet:-1","max-image-preview":"max-image-preview:large","max-video-preview":"max-video-preview:-1"},"canonical":"https:\/\/rioonwatch.org.br\/?p=1743","og_locale":"pt_BR","og_type":"article","og_title":"Urbaniza\u00e7\u00e3o Maliciosa - RioOnWatch","og_description":"&#8220;Fez da vida por aqui de mente erguida, sem mentira, com mal\u00edcia me passou li\u00e7\u00e3o de vida.&#8221; Esses versos, imortalizados pelo rapper-poeta Sabotage, serviram perfeitamente para ilustrar a hist\u00f3ria desse coletivo denominado, coincidentemente ou n\u00e3o, [...]","og_url":"https:\/\/rioonwatch.org.br\/?p=1743","og_site_name":"RioOnWatch","article_published_time":"2011-05-18T02:30:01+00:00","article_modified_time":"2018-05-10T13:28:33+00:00","og_image":[{"width":300,"height":200,"url":"https:\/\/rioonwatch.org.br\/wp-content\/uploads\/2011\/05\/urbmal1.jpg","type":"image\/jpeg"}],"author":"Tiago","twitter_card":"summary_large_image","twitter_misc":{"Escrito por":"Tiago","Est. tempo de leitura":"8 minutos"},"schema":{"@context":"https:\/\/schema.org","@graph":[{"@type":"Article","@id":"https:\/\/rioonwatch.org.br\/?p=1743#article","isPartOf":{"@id":"https:\/\/rioonwatch.org.br\/?p=1743"},"author":{"name":"Tiago","@id":"https:\/\/rioonwatch.org.br\/#\/schema\/person\/7c54ce0a929f914709db001584daa6ee"},"headline":"Urbaniza\u00e7\u00e3o Maliciosa","datePublished":"2011-05-18T02:30:01+00:00","dateModified":"2018-05-10T13:28:33+00:00","mainEntityOfPage":{"@id":"https:\/\/rioonwatch.org.br\/?p=1743"},"wordCount":1595,"commentCount":1,"publisher":{"@id":"https:\/\/rioonwatch.org.br\/#organization"},"image":{"@id":"https:\/\/rioonwatch.org.br\/?p=1743#primaryimage"},"thumbnailUrl":"https:\/\/rioonwatch.org.br\/wp-content\/uploads\/2011\/05\/urbmal1.jpg","keywords":["grafite","Hip Hop"],"articleSection":["Escrito por Comunicadores Populares"],"inLanguage":"pt-BR","potentialAction":[{"@type":"CommentAction","name":"Comment","target":["https:\/\/rioonwatch.org.br\/?p=1743#respond"]}]},{"@type":"WebPage","@id":"https:\/\/rioonwatch.org.br\/?p=1743","url":"https:\/\/rioonwatch.org.br\/?p=1743","name":"Urbaniza\u00e7\u00e3o Maliciosa - RioOnWatch","isPartOf":{"@id":"https:\/\/rioonwatch.org.br\/#website"},"primaryImageOfPage":{"@id":"https:\/\/rioonwatch.org.br\/?p=1743#primaryimage"},"image":{"@id":"https:\/\/rioonwatch.org.br\/?p=1743#primaryimage"},"thumbnailUrl":"https:\/\/rioonwatch.org.br\/wp-content\/uploads\/2011\/05\/urbmal1.jpg","datePublished":"2011-05-18T02:30:01+00:00","dateModified":"2018-05-10T13:28:33+00:00","breadcrumb":{"@id":"https:\/\/rioonwatch.org.br\/?p=1743#breadcrumb"},"inLanguage":"pt-BR","potentialAction":[{"@type":"ReadAction","target":["https:\/\/rioonwatch.org.br\/?p=1743"]}]},{"@type":"ImageObject","inLanguage":"pt-BR","@id":"https:\/\/rioonwatch.org.br\/?p=1743#primaryimage","url":"https:\/\/rioonwatch.org.br\/wp-content\/uploads\/2011\/05\/urbmal1.jpg","contentUrl":"https:\/\/rioonwatch.org.br\/wp-content\/uploads\/2011\/05\/urbmal1.jpg","width":300,"height":200},{"@type":"BreadcrumbList","@id":"https:\/\/rioonwatch.org.br\/?p=1743#breadcrumb","itemListElement":[{"@type":"ListItem","position":1,"name":"In\u00edcio","item":"https:\/\/rioonwatch.org.br\/"},{"@type":"ListItem","position":2,"name":"Urbaniza\u00e7\u00e3o Maliciosa"}]},{"@type":"WebSite","@id":"https:\/\/rioonwatch.org.br\/#website","url":"https:\/\/rioonwatch.org.br\/","name":"RioOnWatch","description":"relatos das favelas cariocas","publisher":{"@id":"https:\/\/rioonwatch.org.br\/#organization"},"potentialAction":[{"@type":"SearchAction","target":{"@type":"EntryPoint","urlTemplate":"https:\/\/rioonwatch.org.br\/?s={search_term_string}"},"query-input":{"@type":"PropertyValueSpecification","valueRequired":true,"valueName":"search_term_string"}}],"inLanguage":"pt-BR"},{"@type":"Organization","@id":"https:\/\/rioonwatch.org.br\/#organization","name":"RioOnWatch","url":"https:\/\/rioonwatch.org.br\/","logo":{"@type":"ImageObject","inLanguage":"pt-BR","@id":"https:\/\/rioonwatch.org.br\/#\/schema\/logo\/image\/","url":"https:\/\/rioonwatch.org.br\/wp-content\/uploads\/2021\/06\/RioOnWatchcabecalhoPT11anos-2.png","contentUrl":"https:\/\/rioonwatch.org.br\/wp-content\/uploads\/2021\/06\/RioOnWatchcabecalhoPT11anos-2.png","width":779,"height":277,"caption":"RioOnWatch"},"image":{"@id":"https:\/\/rioonwatch.org.br\/#\/schema\/logo\/image\/"}},{"@type":"Person","@id":"https:\/\/rioonwatch.org.br\/#\/schema\/person\/7c54ce0a929f914709db001584daa6ee","name":"Tiago","image":{"@type":"ImageObject","inLanguage":"pt-BR","@id":"https:\/\/rioonwatch.org.br\/#\/schema\/person\/image\/","url":"https:\/\/secure.gravatar.com\/avatar\/886b123583861b1f9e1b1393972b9aeb?s=96&d=blank&r=g","contentUrl":"https:\/\/secure.gravatar.com\/avatar\/886b123583861b1f9e1b1393972b9aeb?s=96&d=blank&r=g","caption":"Tiago"},"url":"https:\/\/rioonwatch.org.br\/?author=5"}]}},"_links":{"self":[{"href":"https:\/\/rioonwatch.org.br\/index.php?rest_route=\/wp\/v2\/posts\/1743"}],"collection":[{"href":"https:\/\/rioonwatch.org.br\/index.php?rest_route=\/wp\/v2\/posts"}],"about":[{"href":"https:\/\/rioonwatch.org.br\/index.php?rest_route=\/wp\/v2\/types\/post"}],"author":[{"embeddable":true,"href":"https:\/\/rioonwatch.org.br\/index.php?rest_route=\/wp\/v2\/users\/5"}],"replies":[{"embeddable":true,"href":"https:\/\/rioonwatch.org.br\/index.php?rest_route=%2Fwp%2Fv2%2Fcomments&post=1743"}],"version-history":[{"count":6,"href":"https:\/\/rioonwatch.org.br\/index.php?rest_route=\/wp\/v2\/posts\/1743\/revisions"}],"predecessor-version":[{"id":15701,"href":"https:\/\/rioonwatch.org.br\/index.php?rest_route=\/wp\/v2\/posts\/1743\/revisions\/15701"}],"wp:featuredmedia":[{"embeddable":true,"href":"https:\/\/rioonwatch.org.br\/index.php?rest_route=\/wp\/v2\/media\/1744"}],"wp:attachment":[{"href":"https:\/\/rioonwatch.org.br\/index.php?rest_route=%2Fwp%2Fv2%2Fmedia&parent=1743"}],"wp:term":[{"taxonomy":"category","embeddable":true,"href":"https:\/\/rioonwatch.org.br\/index.php?rest_route=%2Fwp%2Fv2%2Fcategories&post=1743"},{"taxonomy":"post_tag","embeddable":true,"href":"https:\/\/rioonwatch.org.br\/index.php?rest_route=%2Fwp%2Fv2%2Ftags&post=1743"},{"taxonomy":"writer","embeddable":true,"href":"https:\/\/rioonwatch.org.br\/index.php?rest_route=%2Fwp%2Fv2%2Fwriter&post=1743"},{"taxonomy":"translator","embeddable":true,"href":"https:\/\/rioonwatch.org.br\/index.php?rest_route=%2Fwp%2Fv2%2Ftranslator&post=1743"},{"taxonomy":"source","embeddable":true,"href":"https:\/\/rioonwatch.org.br\/index.php?rest_route=%2Fwp%2Fv2%2Fsource&post=1743"},{"taxonomy":"ilustrador","embeddable":true,"href":"https:\/\/rioonwatch.org.br\/index.php?rest_route=%2Fwp%2Fv2%2Filustrador&post=1743"},{"taxonomy":"fotografo","embeddable":true,"href":"https:\/\/rioonwatch.org.br\/index.php?rest_route=%2Fwp%2Fv2%2Ffotografo&post=1743"}],"curies":[{"name":"wp","href":"https:\/\/api.w.org\/{rel}","templated":true}]}}