{"id":17450,"date":"2015-12-06T08:33:37","date_gmt":"2015-12-06T11:33:37","guid":{"rendered":"http:\/\/rioonwatch.org.br\/?p=17450"},"modified":"2016-01-18T02:23:15","modified_gmt":"2016-01-18T05:23:15","slug":"favelas-nas-noticias-resumo-de-novembro-2015","status":"publish","type":"post","link":"https:\/\/rioonwatch.org.br\/?p=17450","title":{"rendered":"Favelas nas Not\u00edcias: Resumo de Novembro 2015"},"content":{"rendered":"<p style=\"text-align: right;\"><em><strong><a href=\"http:\/\/bit.ly\/1SEz0jb\" target=\"_blank\">Click Here for English<img decoding=\"async\" width=\"20\" height=\"20\" class=\"alignright wp-image-15790\" src=\"http:\/\/rioonwatch.org.br\/wp-content\/uploads\/2012\/08\/EN-standard-e1439583104716.jpg\" alt=\"\" \/><\/a><\/strong><\/em><\/p>\n<h4><strong>Neste ano o M\u00eas da Consci\u00eancia Negra foi um momento cr\u00edtico para a comunidade negra brasileira, com protestos contra o racismo estrutural em curso, bem como as celebra\u00e7\u00f5es da heran\u00e7a afro-brasileira. Novembro tamb\u00e9m foi um m\u00eas emocionante para as mulheres, dado que quest\u00f5es fundamentais est\u00e3o finalmente recebendo a aten\u00e7\u00e3o merecida. Para ajudar nossos leitores a assimilar as principais not\u00edcias e temas do m\u00eas passado, resumimos as mat\u00e9rias que n\u00f3s publicamos aqui, no RioOnWatch, juntamente com algumas outras leituras imperd\u00edveis na m\u00eddia.\u00a0<\/strong>Veja todos os nossos resumos mensais <a href=\"http:\/\/bit.ly\/1Zv77wf\" target=\"_blank\">aqui<\/a>.<\/h4>\n<p>Novembro \u00e9 o <a href=\"http:\/\/bit.ly\/HQ9VTK\" target=\"_blank\">M\u00eas da Consci\u00eancia Negra<\/a>, uma ocasi\u00e3o anual para comemorar a heran\u00e7a afro-brasileira e a resist\u00eancia \u00e0 opress\u00e3o. Publicamos uma mat\u00e9ria com um mapa interativo que\u00a0usa a t\u00e9cnica\u00a0time-lapse<em>\u00a0<\/em>para<em>\u00a0<\/em><a href=\"http:\/\/bit.ly\/1S9AAtc\" target=\"_blank\">documentar o com\u00e9rcio de escravos<\/a> de 1545 a 1860, destacando a escala sem precedentes do envolvimento do Brasil.\u00a0Um <a href=\"http:\/\/bit.ly\/1Nj0PfK\" target=\"_blank\">evento no Studio-X<\/a> discutiu a cultura de quilombos atuais\u00a0e <a href=\"http:\/\/bit.ly\/1S5fP1V\" target=\"_blank\">os esfor\u00e7os em curso para desenvolver o Circuito da Heran\u00e7a Africana<\/a> no Porto do Rio de Janeiro. Um dos legados da escravid\u00e3o brasileira \u00e9 a forte segrega\u00e7\u00e3o e o <a href=\"http:\/\/bit.ly\/1HShVBX\" target=\"_blank\">aumento das tens\u00f5es raciais no Rio de Janeiro<\/a> hoje, capturado recentemente em novos <a href=\"http:\/\/bit.ly\/1OOlg7r\" target=\"_blank\">mapas da distribui\u00e7\u00e3o racial na cidade<\/a>.<\/p>\n<p>Ativistas em um <a href=\"http:\/\/on.fb.me\/20r6fMl\" target=\"_blank\">evento do Comit\u00ea Popular<\/a> argumentaram que as \u00e1reas onde moram mais pobres e negros na cidade est\u00e3o sofrendo desproporcionalmente com a militariza\u00e7\u00e3o da cidade neste per\u00edodo que antecede os Jogos Ol\u00edmpicos. O <em>The New York Times<\/em> publicou um <a href=\"http:\/\/nyti.ms\/1MWSYRN\" target=\"_blank\">v\u00eddeo excepcionalmente produzido<\/a> sobre as consequ\u00eancias comoventes da luta violenta nas favelas do Rio, concentrando-se sobre o caso de Eduardo, de 10 anos de idade, morto pela pol\u00edcia no Alem\u00e3o, em abril. Primeiros os investigadores conclu\u00edram que a pol\u00edcia agiu em &#8216;<a href=\"http:\/\/nyti.ms\/1WRS3Yg\" target=\"_blank\">leg\u00edtima defesa<\/a>&#8216;, mas, em seguida, o Gabinete do Minist\u00e9rio P\u00fablico Estadual tomou a decis\u00e3o&#8211;que \u00e9 potencialmente um marco&#8211;de <a href=\"http:\/\/bit.ly\/1mdOMYi\" target=\"_blank\">processar o policial<\/a>.<\/p>\n<p>As mulheres negras, em particular, t\u00eam estado na vanguarda das conversas\u00a0deste m\u00eas, em grande parte devido \u00e0 poderosa <a href=\"http:\/\/bit.ly\/1Uaflsu\" target=\"_blank\">Marcha das Mulheres Negras com 10.000<\/a> participantes que ocorreu em Bras\u00edlia, no dia 18 de novembro, tendo como contexto os <a href=\"http:\/\/bit.ly\/1OWibiM\" target=\"_blank\">dados rec\u00e9m-publicados sobre a viol\u00eancia<\/a> contra as mulheres no Brasil. Em homenagem ao M\u00eas da Consci\u00eancia Negra o Museu Afro Brasil em S\u00e3o Paulo homenageou a <a href=\"http:\/\/bit.ly\/1LIqBFM\" target=\"_blank\">autora Carolina de Jesus<\/a>, a \u00fanica escritora de favela do Brasil a ter um livro publicado em ingl\u00eas durante os anos 60. Novembro tamb\u00e9m viu protestos contra as restri\u00e7\u00f5es ao aborto e campanhas nas m\u00eddias sociais contra o ass\u00e9dio, tornando o m\u00eas um <a href=\"http:\/\/bit.ly\/1LmWUKm\" target=\"_blank\">momento estimulante para a equidade de g\u00eanero<\/a>.<\/p>\n<p>Enquanto isso, a press\u00e3o continua crescendo na Vila Aut\u00f3dromo que fica ao lado do parque ol\u00edmpico, onde este m\u00eas a prefeitura <a href=\"http:\/\/bit.ly\/1khmTxR\" target=\"_blank\">destruiu a mesa de ping pong<\/a> constru\u00edda pela comunidade. Temendo que o ataque, aos j\u00e1 limitados espa\u00e7os p\u00fablicos, fa\u00e7am parte da estrat\u00e9gia da prefeitura para intimid\u00e1-los ainda mais, os moradores e aliados <a href=\"http:\/\/bit.ly\/1X4eIWB\" target=\"_blank\">organizaram um dia de a\u00e7\u00e3o colectiva<\/a>, bem como a <a href=\"http:\/\/on.fb.me\/1N5BLXd\" target=\"_blank\">ocupa\u00e7\u00e3o cultural<\/a> de um dia inteiro, para revitalizar o parque infantil e a comunidade em geral.<\/p>\n<p>Outras iniciativas comunit\u00e1rias empolgantes deste m\u00eas inclu\u00edram duas que podem ser apoiadas\u00a0diretamente: uma campanha de <a href=\"http:\/\/bit.ly\/1RpeCEq\" target=\"_blank\">capta\u00e7\u00e3o colaborativa<\/a> do Museu de Favela para realizar uma\u00a0turn\u00ea pelo Brasil da sua exposi\u00e7\u00e3o &#8216;Mulheres Guerreiras&#8217;, e oito organiza\u00e7\u00f5es no Complexo do Alem\u00e3o, que se <a href=\"http:\/\/bit.ly\/1O7tqlM\" target=\"_blank\">uniram\u00a0<\/a><a href=\"http:\/\/bit.ly\/1O7tqlM\" target=\"_blank\">com um poderoso pacote de servi\u00e7os de apoio \u00e0 comunidade<\/a>,<a href=\"http:\/\/bit.ly\/1O7tqlM\" target=\"_blank\">\u00a0para fazerem uma capta\u00e7\u00e3o colaborativa<\/a>\u00a0e aumentar a visibilidade para os seus trabalhos. V\u00e1rias comunidades organizaram eventos em torno da sustentabilidade ambiental durante a primeira <a href=\"http:\/\/bit.ly\/1MuuymB\" target=\"_blank\">Semana Lixo Zero<\/a> do Rio, que ocorreu pouco antes de uma <a href=\"http:\/\/bit.ly\/1Xn8G3E\" target=\"_blank\">discuss\u00e3o sobre os problemas enfrentados por moradores de \u00e1reas pr\u00f3ximas \u00e0 polu\u00edda Ba\u00eda de Guanabara<\/a>.<\/p>\n<p>Finalmente, novembro tamb\u00e9m marcou o <a href=\"http:\/\/bit.ly\/1OIavAB\" target=\"_blank\">118\u00ba anivers\u00e1rio da Provid\u00eancia<\/a>, a favela mais antiga do Rio, e os moradores comemoraram a cultura da Provid\u00eancia, bem como a cultura das favelas de forma mais ampla. A vibra\u00e7\u00e3o da vida di\u00e1ria nas favelas do Rio \u00e9 o assunto de fotos impressionantes do Imagens do Povo em um <a href=\"http:\/\/bit.ly\/1Xogg8M\" target=\"_blank\">arquivo de um coletivo de fot\u00f3grafos documentaristas<\/a>.<\/p>\n<p><span class=\"hps\">Aguarde <\/span><span class=\"hps\">o nosso pr\u00f3ximo<\/span> <span class=\"hps\">resumo<\/span> <span class=\"hps\">de mat\u00e9rias<\/span>\u00a0<span class=\"hps\">de dezembro<\/span> <span class=\"hps\">com o<\/span>\u00a0<span class=\"hps\">encerramento de<\/span>\u00a0<span class=\"hps\">2015 e<\/span>\u00a0as reflex\u00f5es\u00a0<span class=\"hps\">sobre o ano<\/span>.\u00a0Voc\u00ea pode <a href=\"http:\/\/bit.ly\/CatCommSignUp\" target=\"_blank\">se inscrever aqui para receber diretamente no seu email o Favela Digest a cada m\u00eas<\/a>.<\/p>\n<!-- AddThis Advanced Settings generic via filter on the_content --><!-- AddThis Share Buttons generic via filter on the_content -->","protected":false},"excerpt":{"rendered":"<div class=\"mh-excerpt\"><p>Click Here for English Neste ano o M\u00eas da Consci\u00eancia Negra foi um momento cr\u00edtico para a comunidade negra brasileira, com protestos contra o racismo estrutural em curso, bem como as celebra\u00e7\u00f5es da heran\u00e7a afro-brasileira. <a class=\"mh-excerpt-more\" href=\"https:\/\/rioonwatch.org.br\/?p=17450\" title=\"Favelas nas Not\u00edcias: Resumo de Novembro 2015\">[&#8230;]<\/a><!-- AddThis Advanced Settings generic via filter on get_the_excerpt --><!-- AddThis Share Buttons generic via filter on get_the_excerpt --><\/p>\n<\/div>","protected":false},"author":129,"featured_media":17485,"comment_status":"closed","ping_status":"closed","sticky":false,"template":"","format":"standard","meta":{"_acf_changed":false,"_monsterinsights_skip_tracking":false,"_monsterinsights_sitenote_active":false,"_monsterinsights_sitenote_note":"","_monsterinsights_sitenote_category":0,"footnotes":""},"categories":[1631,1626],"tags":[915,1741],"writer":[1199],"translator":[273],"source":[],"ilustrador":[],"fotografo":[],"class_list":{"0":"post-17450","1":"post","2":"type-post","3":"status-publish","4":"format-standard","5":"has-post-thumbnail","7":"category-entendendo-o-rio","8":"category-por-observadores-internacionais","9":"tag-mes-da-consciencia-negra","10":"tag-resumo","11":"writer-cerianne-robertson","12":"translator-roseli-franco"},"acf":[],"yoast_head":"<!-- This site is optimized with the Yoast SEO plugin v25.6 - https:\/\/yoast.com\/wordpress\/plugins\/seo\/ -->\n<title>Favelas nas Not\u00edcias: Resumo de Novembro 2015 - RioOnWatch<\/title>\n<meta name=\"robots\" content=\"index, follow, max-snippet:-1, max-image-preview:large, max-video-preview:-1\" \/>\n<link rel=\"canonical\" href=\"https:\/\/rioonwatch.org.br\/?p=17450\" \/>\n<meta property=\"og:locale\" content=\"pt_BR\" \/>\n<meta property=\"og:type\" content=\"article\" \/>\n<meta property=\"og:title\" content=\"Favelas nas Not\u00edcias: Resumo de Novembro 2015 - RioOnWatch\" \/>\n<meta property=\"og:description\" content=\"Click Here for English Neste ano o M\u00eas da Consci\u00eancia Negra foi um momento cr\u00edtico para a comunidade negra brasileira, com protestos contra o racismo estrutural em curso, bem como as celebra\u00e7\u00f5es da heran\u00e7a afro-brasileira. [...]\" \/>\n<meta property=\"og:url\" content=\"https:\/\/rioonwatch.org.br\/?p=17450\" \/>\n<meta property=\"og:site_name\" content=\"RioOnWatch\" \/>\n<meta property=\"article:published_time\" content=\"2015-12-06T11:33:37+00:00\" \/>\n<meta property=\"article:modified_time\" content=\"2016-01-18T05:23:15+00:00\" \/>\n<meta property=\"og:image\" content=\"https:\/\/rioonwatch.org.br\/wp-content\/uploads\/2015\/12\/ae498b20-e71e-4d84-a8ee-e5164db8fb87.jpg\" \/>\n\t<meta property=\"og:image:width\" content=\"1024\" \/>\n\t<meta property=\"og:image:height\" content=\"529\" \/>\n\t<meta property=\"og:image:type\" content=\"image\/jpeg\" \/>\n<meta name=\"author\" content=\"Admin\" \/>\n<meta name=\"twitter:card\" content=\"summary_large_image\" \/>\n<meta name=\"twitter:label1\" content=\"Escrito por\" \/>\n\t<meta name=\"twitter:data1\" content=\"Admin\" \/>\n\t<meta name=\"twitter:label2\" content=\"Est. tempo de leitura\" \/>\n\t<meta name=\"twitter:data2\" content=\"4 minutos\" \/>\n<script type=\"application\/ld+json\" class=\"yoast-schema-graph\">{\"@context\":\"https:\/\/schema.org\",\"@graph\":[{\"@type\":\"Article\",\"@id\":\"https:\/\/rioonwatch.org.br\/?p=17450#article\",\"isPartOf\":{\"@id\":\"https:\/\/rioonwatch.org.br\/?p=17450\"},\"author\":{\"name\":\"Admin\",\"@id\":\"https:\/\/rioonwatch.org.br\/#\/schema\/person\/11d64c290506f9df50c71b850c473f68\"},\"headline\":\"Favelas nas Not\u00edcias: Resumo de Novembro 2015\",\"datePublished\":\"2015-12-06T11:33:37+00:00\",\"dateModified\":\"2016-01-18T05:23:15+00:00\",\"mainEntityOfPage\":{\"@id\":\"https:\/\/rioonwatch.org.br\/?p=17450\"},\"wordCount\":788,\"publisher\":{\"@id\":\"https:\/\/rioonwatch.org.br\/#organization\"},\"image\":{\"@id\":\"https:\/\/rioonwatch.org.br\/?p=17450#primaryimage\"},\"thumbnailUrl\":\"https:\/\/rioonwatch.org.br\/wp-content\/uploads\/2015\/12\/ae498b20-e71e-4d84-a8ee-e5164db8fb87.jpg\",\"keywords\":[\"M\u00eas da Consci\u00eancia Negra\",\"Resumo\"],\"articleSection\":[\"Entendendo o Rio\",\"Escrito por Aliados\"],\"inLanguage\":\"pt-BR\"},{\"@type\":\"WebPage\",\"@id\":\"https:\/\/rioonwatch.org.br\/?p=17450\",\"url\":\"https:\/\/rioonwatch.org.br\/?p=17450\",\"name\":\"Favelas nas Not\u00edcias: Resumo de Novembro 2015 - RioOnWatch\",\"isPartOf\":{\"@id\":\"https:\/\/rioonwatch.org.br\/#website\"},\"primaryImageOfPage\":{\"@id\":\"https:\/\/rioonwatch.org.br\/?p=17450#primaryimage\"},\"image\":{\"@id\":\"https:\/\/rioonwatch.org.br\/?p=17450#primaryimage\"},\"thumbnailUrl\":\"https:\/\/rioonwatch.org.br\/wp-content\/uploads\/2015\/12\/ae498b20-e71e-4d84-a8ee-e5164db8fb87.jpg\",\"datePublished\":\"2015-12-06T11:33:37+00:00\",\"dateModified\":\"2016-01-18T05:23:15+00:00\",\"breadcrumb\":{\"@id\":\"https:\/\/rioonwatch.org.br\/?p=17450#breadcrumb\"},\"inLanguage\":\"pt-BR\",\"potentialAction\":[{\"@type\":\"ReadAction\",\"target\":[\"https:\/\/rioonwatch.org.br\/?p=17450\"]}]},{\"@type\":\"ImageObject\",\"inLanguage\":\"pt-BR\",\"@id\":\"https:\/\/rioonwatch.org.br\/?p=17450#primaryimage\",\"url\":\"https:\/\/rioonwatch.org.br\/wp-content\/uploads\/2015\/12\/ae498b20-e71e-4d84-a8ee-e5164db8fb87.jpg\",\"contentUrl\":\"https:\/\/rioonwatch.org.br\/wp-content\/uploads\/2015\/12\/ae498b20-e71e-4d84-a8ee-e5164db8fb87.jpg\",\"width\":1024,\"height\":529},{\"@type\":\"BreadcrumbList\",\"@id\":\"https:\/\/rioonwatch.org.br\/?p=17450#breadcrumb\",\"itemListElement\":[{\"@type\":\"ListItem\",\"position\":1,\"name\":\"In\u00edcio\",\"item\":\"https:\/\/rioonwatch.org.br\/\"},{\"@type\":\"ListItem\",\"position\":2,\"name\":\"Favelas nas Not\u00edcias: Resumo de Novembro 2015\"}]},{\"@type\":\"WebSite\",\"@id\":\"https:\/\/rioonwatch.org.br\/#website\",\"url\":\"https:\/\/rioonwatch.org.br\/\",\"name\":\"RioOnWatch\",\"description\":\"relatos das favelas cariocas\",\"publisher\":{\"@id\":\"https:\/\/rioonwatch.org.br\/#organization\"},\"potentialAction\":[{\"@type\":\"SearchAction\",\"target\":{\"@type\":\"EntryPoint\",\"urlTemplate\":\"https:\/\/rioonwatch.org.br\/?s={search_term_string}\"},\"query-input\":{\"@type\":\"PropertyValueSpecification\",\"valueRequired\":true,\"valueName\":\"search_term_string\"}}],\"inLanguage\":\"pt-BR\"},{\"@type\":\"Organization\",\"@id\":\"https:\/\/rioonwatch.org.br\/#organization\",\"name\":\"RioOnWatch\",\"url\":\"https:\/\/rioonwatch.org.br\/\",\"logo\":{\"@type\":\"ImageObject\",\"inLanguage\":\"pt-BR\",\"@id\":\"https:\/\/rioonwatch.org.br\/#\/schema\/logo\/image\/\",\"url\":\"https:\/\/rioonwatch.org.br\/wp-content\/uploads\/2021\/06\/RioOnWatchcabecalhoPT11anos-2.png\",\"contentUrl\":\"https:\/\/rioonwatch.org.br\/wp-content\/uploads\/2021\/06\/RioOnWatchcabecalhoPT11anos-2.png\",\"width\":779,\"height\":277,\"caption\":\"RioOnWatch\"},\"image\":{\"@id\":\"https:\/\/rioonwatch.org.br\/#\/schema\/logo\/image\/\"}},{\"@type\":\"Person\",\"@id\":\"https:\/\/rioonwatch.org.br\/#\/schema\/person\/11d64c290506f9df50c71b850c473f68\",\"name\":\"Admin\",\"image\":{\"@type\":\"ImageObject\",\"inLanguage\":\"pt-BR\",\"@id\":\"https:\/\/rioonwatch.org.br\/#\/schema\/person\/image\/\",\"url\":\"https:\/\/secure.gravatar.com\/avatar\/56211ac74568383903349a1485e3c325?s=96&d=blank&r=g\",\"contentUrl\":\"https:\/\/secure.gravatar.com\/avatar\/56211ac74568383903349a1485e3c325?s=96&d=blank&r=g\",\"caption\":\"Admin\"},\"url\":\"https:\/\/rioonwatch.org.br\/?author=129\"}]}<\/script>\n<!-- \/ Yoast SEO plugin. -->","yoast_head_json":{"title":"Favelas nas Not\u00edcias: Resumo de Novembro 2015 - RioOnWatch","robots":{"index":"index","follow":"follow","max-snippet":"max-snippet:-1","max-image-preview":"max-image-preview:large","max-video-preview":"max-video-preview:-1"},"canonical":"https:\/\/rioonwatch.org.br\/?p=17450","og_locale":"pt_BR","og_type":"article","og_title":"Favelas nas Not\u00edcias: Resumo de Novembro 2015 - RioOnWatch","og_description":"Click Here for English Neste ano o M\u00eas da Consci\u00eancia Negra foi um momento cr\u00edtico para a comunidade negra brasileira, com protestos contra o racismo estrutural em curso, bem como as celebra\u00e7\u00f5es da heran\u00e7a afro-brasileira. [...]","og_url":"https:\/\/rioonwatch.org.br\/?p=17450","og_site_name":"RioOnWatch","article_published_time":"2015-12-06T11:33:37+00:00","article_modified_time":"2016-01-18T05:23:15+00:00","og_image":[{"width":1024,"height":529,"url":"https:\/\/rioonwatch.org.br\/wp-content\/uploads\/2015\/12\/ae498b20-e71e-4d84-a8ee-e5164db8fb87.jpg","type":"image\/jpeg"}],"author":"Admin","twitter_card":"summary_large_image","twitter_misc":{"Escrito por":"Admin","Est. tempo de leitura":"4 minutos"},"schema":{"@context":"https:\/\/schema.org","@graph":[{"@type":"Article","@id":"https:\/\/rioonwatch.org.br\/?p=17450#article","isPartOf":{"@id":"https:\/\/rioonwatch.org.br\/?p=17450"},"author":{"name":"Admin","@id":"https:\/\/rioonwatch.org.br\/#\/schema\/person\/11d64c290506f9df50c71b850c473f68"},"headline":"Favelas nas Not\u00edcias: Resumo de Novembro 2015","datePublished":"2015-12-06T11:33:37+00:00","dateModified":"2016-01-18T05:23:15+00:00","mainEntityOfPage":{"@id":"https:\/\/rioonwatch.org.br\/?p=17450"},"wordCount":788,"publisher":{"@id":"https:\/\/rioonwatch.org.br\/#organization"},"image":{"@id":"https:\/\/rioonwatch.org.br\/?p=17450#primaryimage"},"thumbnailUrl":"https:\/\/rioonwatch.org.br\/wp-content\/uploads\/2015\/12\/ae498b20-e71e-4d84-a8ee-e5164db8fb87.jpg","keywords":["M\u00eas da Consci\u00eancia Negra","Resumo"],"articleSection":["Entendendo o Rio","Escrito por Aliados"],"inLanguage":"pt-BR"},{"@type":"WebPage","@id":"https:\/\/rioonwatch.org.br\/?p=17450","url":"https:\/\/rioonwatch.org.br\/?p=17450","name":"Favelas nas Not\u00edcias: Resumo de Novembro 2015 - RioOnWatch","isPartOf":{"@id":"https:\/\/rioonwatch.org.br\/#website"},"primaryImageOfPage":{"@id":"https:\/\/rioonwatch.org.br\/?p=17450#primaryimage"},"image":{"@id":"https:\/\/rioonwatch.org.br\/?p=17450#primaryimage"},"thumbnailUrl":"https:\/\/rioonwatch.org.br\/wp-content\/uploads\/2015\/12\/ae498b20-e71e-4d84-a8ee-e5164db8fb87.jpg","datePublished":"2015-12-06T11:33:37+00:00","dateModified":"2016-01-18T05:23:15+00:00","breadcrumb":{"@id":"https:\/\/rioonwatch.org.br\/?p=17450#breadcrumb"},"inLanguage":"pt-BR","potentialAction":[{"@type":"ReadAction","target":["https:\/\/rioonwatch.org.br\/?p=17450"]}]},{"@type":"ImageObject","inLanguage":"pt-BR","@id":"https:\/\/rioonwatch.org.br\/?p=17450#primaryimage","url":"https:\/\/rioonwatch.org.br\/wp-content\/uploads\/2015\/12\/ae498b20-e71e-4d84-a8ee-e5164db8fb87.jpg","contentUrl":"https:\/\/rioonwatch.org.br\/wp-content\/uploads\/2015\/12\/ae498b20-e71e-4d84-a8ee-e5164db8fb87.jpg","width":1024,"height":529},{"@type":"BreadcrumbList","@id":"https:\/\/rioonwatch.org.br\/?p=17450#breadcrumb","itemListElement":[{"@type":"ListItem","position":1,"name":"In\u00edcio","item":"https:\/\/rioonwatch.org.br\/"},{"@type":"ListItem","position":2,"name":"Favelas nas Not\u00edcias: Resumo de Novembro 2015"}]},{"@type":"WebSite","@id":"https:\/\/rioonwatch.org.br\/#website","url":"https:\/\/rioonwatch.org.br\/","name":"RioOnWatch","description":"relatos das favelas cariocas","publisher":{"@id":"https:\/\/rioonwatch.org.br\/#organization"},"potentialAction":[{"@type":"SearchAction","target":{"@type":"EntryPoint","urlTemplate":"https:\/\/rioonwatch.org.br\/?s={search_term_string}"},"query-input":{"@type":"PropertyValueSpecification","valueRequired":true,"valueName":"search_term_string"}}],"inLanguage":"pt-BR"},{"@type":"Organization","@id":"https:\/\/rioonwatch.org.br\/#organization","name":"RioOnWatch","url":"https:\/\/rioonwatch.org.br\/","logo":{"@type":"ImageObject","inLanguage":"pt-BR","@id":"https:\/\/rioonwatch.org.br\/#\/schema\/logo\/image\/","url":"https:\/\/rioonwatch.org.br\/wp-content\/uploads\/2021\/06\/RioOnWatchcabecalhoPT11anos-2.png","contentUrl":"https:\/\/rioonwatch.org.br\/wp-content\/uploads\/2021\/06\/RioOnWatchcabecalhoPT11anos-2.png","width":779,"height":277,"caption":"RioOnWatch"},"image":{"@id":"https:\/\/rioonwatch.org.br\/#\/schema\/logo\/image\/"}},{"@type":"Person","@id":"https:\/\/rioonwatch.org.br\/#\/schema\/person\/11d64c290506f9df50c71b850c473f68","name":"Admin","image":{"@type":"ImageObject","inLanguage":"pt-BR","@id":"https:\/\/rioonwatch.org.br\/#\/schema\/person\/image\/","url":"https:\/\/secure.gravatar.com\/avatar\/56211ac74568383903349a1485e3c325?s=96&d=blank&r=g","contentUrl":"https:\/\/secure.gravatar.com\/avatar\/56211ac74568383903349a1485e3c325?s=96&d=blank&r=g","caption":"Admin"},"url":"https:\/\/rioonwatch.org.br\/?author=129"}]}},"_links":{"self":[{"href":"https:\/\/rioonwatch.org.br\/index.php?rest_route=\/wp\/v2\/posts\/17450"}],"collection":[{"href":"https:\/\/rioonwatch.org.br\/index.php?rest_route=\/wp\/v2\/posts"}],"about":[{"href":"https:\/\/rioonwatch.org.br\/index.php?rest_route=\/wp\/v2\/types\/post"}],"author":[{"embeddable":true,"href":"https:\/\/rioonwatch.org.br\/index.php?rest_route=\/wp\/v2\/users\/129"}],"replies":[{"embeddable":true,"href":"https:\/\/rioonwatch.org.br\/index.php?rest_route=%2Fwp%2Fv2%2Fcomments&post=17450"}],"version-history":[{"count":18,"href":"https:\/\/rioonwatch.org.br\/index.php?rest_route=\/wp\/v2\/posts\/17450\/revisions"}],"predecessor-version":[{"id":18086,"href":"https:\/\/rioonwatch.org.br\/index.php?rest_route=\/wp\/v2\/posts\/17450\/revisions\/18086"}],"wp:featuredmedia":[{"embeddable":true,"href":"https:\/\/rioonwatch.org.br\/index.php?rest_route=\/wp\/v2\/media\/17485"}],"wp:attachment":[{"href":"https:\/\/rioonwatch.org.br\/index.php?rest_route=%2Fwp%2Fv2%2Fmedia&parent=17450"}],"wp:term":[{"taxonomy":"category","embeddable":true,"href":"https:\/\/rioonwatch.org.br\/index.php?rest_route=%2Fwp%2Fv2%2Fcategories&post=17450"},{"taxonomy":"post_tag","embeddable":true,"href":"https:\/\/rioonwatch.org.br\/index.php?rest_route=%2Fwp%2Fv2%2Ftags&post=17450"},{"taxonomy":"writer","embeddable":true,"href":"https:\/\/rioonwatch.org.br\/index.php?rest_route=%2Fwp%2Fv2%2Fwriter&post=17450"},{"taxonomy":"translator","embeddable":true,"href":"https:\/\/rioonwatch.org.br\/index.php?rest_route=%2Fwp%2Fv2%2Ftranslator&post=17450"},{"taxonomy":"source","embeddable":true,"href":"https:\/\/rioonwatch.org.br\/index.php?rest_route=%2Fwp%2Fv2%2Fsource&post=17450"},{"taxonomy":"ilustrador","embeddable":true,"href":"https:\/\/rioonwatch.org.br\/index.php?rest_route=%2Fwp%2Fv2%2Filustrador&post=17450"},{"taxonomy":"fotografo","embeddable":true,"href":"https:\/\/rioonwatch.org.br\/index.php?rest_route=%2Fwp%2Fv2%2Ffotografo&post=17450"}],"curies":[{"name":"wp","href":"https:\/\/api.w.org\/{rel}","templated":true}]}}