{"id":17584,"date":"2015-12-16T09:51:25","date_gmt":"2015-12-16T12:51:25","guid":{"rendered":"http:\/\/rioonwatch.org.br\/?p=17584"},"modified":"2024-06-20T16:28:40","modified_gmt":"2024-06-20T19:28:40","slug":"ativistas-debatem-e-50-000-comemoram-o-dia-internacional-dos-direitos-humanos-no-festival-todo-mundo-tem-direitos-em-madureira-2","status":"publish","type":"post","link":"https:\/\/rioonwatch.org.br\/?p=17584","title":{"rendered":"50.000 Debatem e Comemoram Dia Internacional dos Direitos Humanos no &#8220;Todo Mundo Tem Direitos\u201d"},"content":{"rendered":"<p style=\"text-align: right;\"><em><strong><a href=\"http:\/\/bit.ly\/1TNBZ9g\" target=\"_blank\" rel=\"noopener\">Click Here for English<img decoding=\"async\" width=\"20\" height=\"20\" class=\"alignright wp-image-15790\" src=\"http:\/\/rioonwatch.org.br\/wp-content\/uploads\/2012\/08\/EN-standard-e1439583104716.jpg\" alt=\"\" \/><\/a><\/strong><\/em><\/p>\n<p><span style=\"font-weight: 400;\">Milhares de pessoas se reuniram no Parque Madureira na quinta-feira, 10 de dezembro, durante o Festival <a href=\"http:\/\/on.fb.me\/1IPna0e\" target=\"_blank\" rel=\"noopener\">Todo Mundo Tem Direitos<\/a>, para celebrar o <a href=\"http:\/\/bit.ly\/1I6jOLB\" target=\"_blank\" rel=\"noopener\">Dia Internacional dos Direitos Humanos<\/a>. O evento, organizado por um coletivo com o mesmo nome, procurou trazer a aten\u00e7\u00e3o do p\u00fablico para os &#8220;<\/span><span style=\"line-height: 1.5;\">direitos das mulheres, dos ind\u00edgenas, da juventude, dos trabalhadores, das muitas formas de fam\u00edlia, dos usu\u00e1rios de sa\u00fade p\u00fablica, dos estudantes, dos jovens negros&#8221;.<\/span><\/p>\n<p><span style=\"font-weight: 400;\">O evento ocorreu na sequ\u00eancia de uma onda de manifesta\u00e7\u00f5es que abordam a <a href=\"http:\/\/bit.ly\/1HShVBX\" target=\"_blank\" rel=\"noopener\">viol\u00eancia policial<\/a>, os <a href=\"http:\/\/bit.ly\/1LmWUKm\" target=\"_blank\" rel=\"noopener\">direitos das mulheres<\/a>, a <a href=\"http:\/\/on.fb.me\/1NHLpTZ\" target=\"_blank\" rel=\"noopener\">viol\u00eancia contra as mulheres negras<\/a> e a militariza\u00e7\u00e3o do Rio pr\u00e9-ol\u00edmpico. Os organizadores e ativistas de muitas dessas manifesta\u00e7\u00f5es coordenaram grupos de discuss\u00e3o em um esfor\u00e7o para fazer avan\u00e7ar as conversas sobre os abusos aos direitos humanos na cidade.<\/span><\/p>\n<p><span style=\"font-weight: 400;\">Oradores, artistas, estudantes e ativistas foram para o Parque <a href=\"http:\/\/bit.ly\/1IAO1SP\" target=\"_blank\" rel=\"noopener\">Madureira<\/a> na <a href=\"http:\/\/bit.ly\/WximDf\" target=\"_blank\" rel=\"noopener\">Zona Norte<\/a> do Rio para participar de eventos ao longo do dia. Se\u00e7\u00f5es dedicadas \u00e0 \u201cliberdade de express\u00e3o\u201d, \u201crespeito ao corpo\u201d, &#8220;direito \u00e0 vida\u201d, e \u201c<a href=\"http:\/\/bit.ly\/1TDWJkq\" target=\"_blank\" rel=\"noopener\">m\u00fasica<\/a> e <a href=\"http:\/\/bit.ly\/1piRAgk\" target=\"_blank\" rel=\"noopener\">resist\u00eancia<\/a>\u201d abriram espa\u00e7o para disputa de poesia, recitais de dan\u00e7a, pe\u00e7as de teatro e exposi\u00e7\u00f5es de fotografia que exploraram a luta pelos direitos humanos no Rio.<\/span><\/p>\n<p><a href=\"http:\/\/rioonwatch.org.br\/wp-content\/uploads\/2015\/12\/todo4.jpg\" rel=\"attachment wp-att-17573\"><img fetchpriority=\"high\" decoding=\"async\" class=\"aligncenter wp-image-17573 size-content\" title=\"Organizadores estudantis das recentes ocupa\u00e7\u00f5es de escolas paulistas discutem suas experi\u00eancias com estudantes do ensino m\u00e9dio e universit\u00e1rios de movimentos estudantis do Rio de Janeiro.\" src=\"http:\/\/rioonwatch.org.br\/wp-content\/uploads\/2015\/12\/todo4-620x264.jpg\" alt=\"todo4\" width=\"620\" height=\"264\" srcset=\"https:\/\/rioonwatch.org.br\/wp-content\/uploads\/2015\/12\/todo4-620x264.jpg 620w, https:\/\/rioonwatch.org.br\/wp-content\/uploads\/2015\/12\/todo4-940x400.jpg 940w\" sizes=\"(max-width: 620px) 100vw, 620px\" \/><\/a><\/p>\n<p><span style=\"font-weight: 400;\">Os pontos focais desses espa\u00e7os foram as discuss\u00f5es a respeito das campanhas de justi\u00e7a social, facilitadas por organiza\u00e7\u00f5es e indiv\u00edduos engajados no ativismo. Um grupo discutiu as recentes <a href=\"http:\/\/bit.ly\/1UwTlZ2\" target=\"_blank\" rel=\"noopener\">ocupa\u00e7\u00f5es estudantis<\/a> em <a href=\"http:\/\/bit.ly\/1ublIlF\" target=\"_blank\" rel=\"noopener\">S\u00e3o Paulo<\/a>, lideradas por dez estudantes do ensino m\u00e9dio que organizaram a ocupa\u00e7\u00e3o em sua escola. A onda de protestos aconteceu em resposta \u00e0s medidas do governo do Estado de S\u00e3o Paulo para encerrar as atividades de 94 escolas p\u00fablicas, exigindo que mais de 311.000 alunos e 83.000 professores se mudassem de escola. Os estudantes paulistas partilharam suas experi\u00eancias com um grupo de mais de 150 pessoas do ensino m\u00e9dio e estudantes universit\u00e1rios do Rio, que apresentaram o seu interesse em utilizar as ocupa\u00e7\u00f5es de S\u00e3o Paulo como modelo para seus pr\u00f3prios protestos.<\/span><\/p>\n<p><a href=\"http:\/\/rioonwatch.org.br\/wp-content\/uploads\/2015\/12\/Todo1.jpg\" rel=\"attachment wp-att-17574\"><img decoding=\"async\" class=\"aligncenter wp-image-17574 size-content\" title=\"Ativistas dos direitos aos protesto discutem a proposta controversa que criminaliza algumas formas de desobedi\u00eancia civil.\" src=\"http:\/\/rioonwatch.org.br\/wp-content\/uploads\/2015\/12\/Todo1-620x264.jpg\" alt=\"Todo1\" width=\"620\" height=\"264\" srcset=\"https:\/\/rioonwatch.org.br\/wp-content\/uploads\/2015\/12\/Todo1-620x264.jpg 620w, https:\/\/rioonwatch.org.br\/wp-content\/uploads\/2015\/12\/Todo1-940x400.jpg 940w\" sizes=\"(max-width: 620px) 100vw, 620px\" \/><\/a><\/p>\n<p><span style=\"font-weight: 400;\">Durante uma discuss\u00e3o sobre a criminaliza\u00e7\u00e3o dos defensores dos direitos humanos, Thiago Melo, coordenador do <a href=\"http:\/\/bit.ly\/JKFcsr\" target=\"_blank\" rel=\"noopener\">Instituto de Defensores dos Direitos Humanos<\/a>, Eloisa Samy, advogada e ativista, e Vitor Guimar\u00e3es, ativista do <a href=\"http:\/\/bit.ly\/1Zb3H3q\" target=\"_blank\" rel=\"noopener\">Movimento dos Trabalhadores Sem Teto<\/a>, discutiram a proposta de lei que pode <a href=\"http:\/\/bit.ly\/1TOVaj8\" target=\"_blank\" rel=\"noopener\">criminalizar<\/a> os movimentos de protesto que antecedem os <a href=\"http:\/\/bit.ly\/PkLXlQ\" target=\"_blank\" rel=\"noopener\">Jogos Ol\u00edmpicos de 2016<\/a>. Eloisa Samy argumentou que a repress\u00e3o aos manifestantes aumentou substancialmente desde as <a href=\"http:\/\/bit.ly\/11SkR77\" target=\"_blank\" rel=\"noopener\">manifesta\u00e7\u00f5es de 2013<\/a>, estando aqueles que se organizam em torno das quest\u00f5es especificamente relacionadas aos Jogos Ol\u00edmpicos de 2016 sob intensa vigil\u00e2ncia. Eloisa Samy, que enfrentou acusa\u00e7\u00f5es ap\u00f3s as <a href=\"http:\/\/bit.ly\/1nbaAlp\" target=\"_blank\" rel=\"noopener\">manifesta\u00e7\u00f5es durante a Copa do Mundo de 2014<\/a> e pediu asilo no <a href=\"http:\/\/glo.bo\/1m0Z912\" target=\"_blank\" rel=\"noopener\">consulado uruguaio<\/a>, foi uma forte defensora dos direitos de protesto no ano passado.<\/span><\/p>\n<p><span style=\"font-weight: 400;\">O evento assumiu um tom decididamente mais comemorativo com as apresenta\u00e7\u00f5es de quinze artistas, incluindo <a href=\"http:\/\/bit.ly\/1P4FcQP\" target=\"_blank\" rel=\"noopener\">Flora Matos<\/a>, <a href=\"http:\/\/bit.ly\/1NR0sKK\" target=\"_blank\" rel=\"noopener\">Batida Nacional<\/a>\u00a0e <a href=\"http:\/\/on.fb.me\/1O6FLwn\" target=\"_blank\" rel=\"noopener\">Consci\u00eancia Tranquila<\/a>. Ao iniciar o show de <a href=\"http:\/\/bit.ly\/1JaPrP9\" target=\"_blank\" rel=\"noopener\">Caetano Veloso<\/a>, estima-se que 50.000 pessoas haviam chegado ao parque para o show gratuito.<\/span><\/p>\n<p><span style=\"font-weight: 400;\">Participantes e organizadores reiteraram igualmente o valor de ter um dia para construir, debater e comemorar as semanas de manifesta\u00e7\u00f5es intensas, diante do que muitos j\u00e1 antecipam que ser\u00e3o oito meses contenciosos at\u00e9 a chegada dos Jogos Ol\u00edmpicos. <\/span><\/p>\n<!-- AddThis Advanced Settings generic via filter on the_content --><!-- AddThis Share Buttons generic via filter on the_content -->","protected":false},"excerpt":{"rendered":"<div class=\"mh-excerpt\"><p>Click Here for English Milhares de pessoas se reuniram no Parque Madureira na quinta-feira, 10 de dezembro, durante o Festival Todo Mundo Tem Direitos, para celebrar o Dia Internacional dos Direitos Humanos. O evento, organizado <a class=\"mh-excerpt-more\" href=\"https:\/\/rioonwatch.org.br\/?p=17584\" title=\"50.000 Debatem e Comemoram Dia Internacional dos Direitos Humanos no &#8220;Todo Mundo Tem Direitos\u201d\">[&#8230;]<\/a><!-- AddThis Advanced Settings generic via filter on get_the_excerpt --><!-- AddThis Share Buttons generic via filter on get_the_excerpt --><\/p>\n<\/div>","protected":false},"author":3,"featured_media":17572,"comment_status":"closed","ping_status":"closed","sticky":false,"template":"","format":"standard","meta":{"_acf_changed":false,"_monsterinsights_skip_tracking":false,"_monsterinsights_sitenote_active":false,"_monsterinsights_sitenote_note":"","_monsterinsights_sitenote_category":0,"footnotes":""},"categories":[1618,1635,1621,1627,346,1626,1612,342],"tags":[389,709,88,316,1717,1240,1151,1304,20,78,304,763,936,432,998,1308,52,218],"writer":[1744],"translator":[1176],"source":[],"ilustrador":[],"fotografo":[],"class_list":{"0":"post-17584","1":"post","2":"type-post","3":"status-publish","4":"format-standard","5":"has-post-thumbnail","7":"category-olhonaparticipacao","8":"category-1635","9":"category-destaque","10":"category-relato-de-evento","11":"category-denuncias","12":"category-por-observadores-internacionais","13":"category-sociedade-civil","14":"category-solucoes","15":"tag-copa-do-mundo","16":"tag-debate","17":"tag-direitos-humanos","18":"tag-educacao","19":"tag-madureira","20":"tag-megaeventos","21":"tag-organizacao","22":"tag-organizacao-criativa","23":"tag-musica","24":"tag-olimpiadas","25":"tag-participacao","26":"tag-protesto","27":"tag-raca","28":"tag-resistencia","29":"tag-sao-paulo","30":"tag-taticas-de-organizacao","31":"tag-violencia-policial","32":"tag-zona-norte","33":"writer-meg-healy","34":"translator-fernanda-lacerda"},"acf":[],"yoast_head":"<!-- This site is optimized with the Yoast SEO plugin v25.6 - https:\/\/yoast.com\/wordpress\/plugins\/seo\/ -->\n<title>50.000 Debatem e Comemoram Dia Internacional dos Direitos Humanos no &quot;Todo Mundo Tem Direitos\u201d - RioOnWatch<\/title>\n<meta name=\"robots\" content=\"index, follow, max-snippet:-1, max-image-preview:large, max-video-preview:-1\" \/>\n<link rel=\"canonical\" href=\"https:\/\/rioonwatch.org.br\/?p=17584\" \/>\n<meta property=\"og:locale\" content=\"pt_BR\" \/>\n<meta property=\"og:type\" content=\"article\" \/>\n<meta property=\"og:title\" content=\"50.000 Debatem e Comemoram Dia Internacional dos Direitos Humanos no &quot;Todo Mundo Tem Direitos\u201d - RioOnWatch\" \/>\n<meta property=\"og:description\" content=\"Click Here for English Milhares de pessoas se reuniram no Parque Madureira na quinta-feira, 10 de dezembro, durante o Festival Todo Mundo Tem Direitos, para celebrar o Dia Internacional dos Direitos Humanos. O evento, organizado [...]\" \/>\n<meta property=\"og:url\" content=\"https:\/\/rioonwatch.org.br\/?p=17584\" \/>\n<meta property=\"og:site_name\" content=\"RioOnWatch\" \/>\n<meta property=\"article:published_time\" content=\"2015-12-16T12:51:25+00:00\" \/>\n<meta property=\"article:modified_time\" content=\"2024-06-20T19:28:40+00:00\" \/>\n<meta property=\"og:image\" content=\"https:\/\/rioonwatch.org.br\/wp-content\/uploads\/2015\/12\/crowd.jpg\" \/>\n\t<meta property=\"og:image:width\" content=\"1000\" \/>\n\t<meta property=\"og:image:height\" content=\"664\" \/>\n\t<meta property=\"og:image:type\" content=\"image\/jpeg\" \/>\n<meta name=\"author\" content=\"Admin\" \/>\n<meta name=\"twitter:card\" content=\"summary_large_image\" \/>\n<meta name=\"twitter:label1\" content=\"Escrito por\" \/>\n\t<meta name=\"twitter:data1\" content=\"Admin\" \/>\n\t<meta name=\"twitter:label2\" content=\"Est. tempo de leitura\" \/>\n\t<meta name=\"twitter:data2\" content=\"3 minutos\" \/>\n<script type=\"application\/ld+json\" class=\"yoast-schema-graph\">{\"@context\":\"https:\/\/schema.org\",\"@graph\":[{\"@type\":\"Article\",\"@id\":\"https:\/\/rioonwatch.org.br\/?p=17584#article\",\"isPartOf\":{\"@id\":\"https:\/\/rioonwatch.org.br\/?p=17584\"},\"author\":{\"name\":\"Admin\",\"@id\":\"https:\/\/rioonwatch.org.br\/#\/schema\/person\/c6c09a0b56b38f0157a45b963ef3f269\"},\"headline\":\"50.000 Debatem e Comemoram Dia Internacional dos Direitos Humanos no &#8220;Todo Mundo Tem Direitos\u201d\",\"datePublished\":\"2015-12-16T12:51:25+00:00\",\"dateModified\":\"2024-06-20T19:28:40+00:00\",\"mainEntityOfPage\":{\"@id\":\"https:\/\/rioonwatch.org.br\/?p=17584\"},\"wordCount\":582,\"publisher\":{\"@id\":\"https:\/\/rioonwatch.org.br\/#organization\"},\"image\":{\"@id\":\"https:\/\/rioonwatch.org.br\/?p=17584#primaryimage\"},\"thumbnailUrl\":\"https:\/\/rioonwatch.org.br\/wp-content\/uploads\/2015\/12\/crowd.jpg\",\"keywords\":[\"Copa do Mundo\",\"debate\",\"Direitos Humanos\",\"educa\u00e7\u00e3o\",\"Madureira\",\"Megaeventos\",\"mobiliza\u00e7\u00e3o\",\"mobiliza\u00e7\u00e3o criativa\",\"m\u00fasica\",\"Olimp\u00edadas\",\"participa\u00e7\u00e3o\",\"protesto\",\"ra\u00e7a\",\"resist\u00eancia\",\"S\u00e3o Paulo\",\"t\u00e1ticas de organiza\u00e7\u00e3o\",\"viol\u00eancia policial\",\"Zona Norte\"],\"articleSection\":[\"#OlhoNaParticipa\u00e7\u00e3o\",\"#Rio2016\",\"*Destaque\",\"Cobertura de Eventos\",\"Den\u00fancias\",\"Escrito por Aliados\",\"Sociedade Civil\",\"Solu\u00e7\u00f5es\"],\"inLanguage\":\"pt-BR\"},{\"@type\":\"WebPage\",\"@id\":\"https:\/\/rioonwatch.org.br\/?p=17584\",\"url\":\"https:\/\/rioonwatch.org.br\/?p=17584\",\"name\":\"50.000 Debatem e Comemoram Dia Internacional dos Direitos Humanos no \\\"Todo Mundo Tem Direitos\u201d - RioOnWatch\",\"isPartOf\":{\"@id\":\"https:\/\/rioonwatch.org.br\/#website\"},\"primaryImageOfPage\":{\"@id\":\"https:\/\/rioonwatch.org.br\/?p=17584#primaryimage\"},\"image\":{\"@id\":\"https:\/\/rioonwatch.org.br\/?p=17584#primaryimage\"},\"thumbnailUrl\":\"https:\/\/rioonwatch.org.br\/wp-content\/uploads\/2015\/12\/crowd.jpg\",\"datePublished\":\"2015-12-16T12:51:25+00:00\",\"dateModified\":\"2024-06-20T19:28:40+00:00\",\"breadcrumb\":{\"@id\":\"https:\/\/rioonwatch.org.br\/?p=17584#breadcrumb\"},\"inLanguage\":\"pt-BR\",\"potentialAction\":[{\"@type\":\"ReadAction\",\"target\":[\"https:\/\/rioonwatch.org.br\/?p=17584\"]}]},{\"@type\":\"ImageObject\",\"inLanguage\":\"pt-BR\",\"@id\":\"https:\/\/rioonwatch.org.br\/?p=17584#primaryimage\",\"url\":\"https:\/\/rioonwatch.org.br\/wp-content\/uploads\/2015\/12\/crowd.jpg\",\"contentUrl\":\"https:\/\/rioonwatch.org.br\/wp-content\/uploads\/2015\/12\/crowd.jpg\",\"width\":1000,\"height\":664},{\"@type\":\"BreadcrumbList\",\"@id\":\"https:\/\/rioonwatch.org.br\/?p=17584#breadcrumb\",\"itemListElement\":[{\"@type\":\"ListItem\",\"position\":1,\"name\":\"In\u00edcio\",\"item\":\"https:\/\/rioonwatch.org.br\/\"},{\"@type\":\"ListItem\",\"position\":2,\"name\":\"50.000 Debatem e Comemoram Dia Internacional dos Direitos Humanos no &#8220;Todo Mundo Tem Direitos\u201d\"}]},{\"@type\":\"WebSite\",\"@id\":\"https:\/\/rioonwatch.org.br\/#website\",\"url\":\"https:\/\/rioonwatch.org.br\/\",\"name\":\"RioOnWatch\",\"description\":\"relatos das favelas cariocas\",\"publisher\":{\"@id\":\"https:\/\/rioonwatch.org.br\/#organization\"},\"potentialAction\":[{\"@type\":\"SearchAction\",\"target\":{\"@type\":\"EntryPoint\",\"urlTemplate\":\"https:\/\/rioonwatch.org.br\/?s={search_term_string}\"},\"query-input\":{\"@type\":\"PropertyValueSpecification\",\"valueRequired\":true,\"valueName\":\"search_term_string\"}}],\"inLanguage\":\"pt-BR\"},{\"@type\":\"Organization\",\"@id\":\"https:\/\/rioonwatch.org.br\/#organization\",\"name\":\"RioOnWatch\",\"url\":\"https:\/\/rioonwatch.org.br\/\",\"logo\":{\"@type\":\"ImageObject\",\"inLanguage\":\"pt-BR\",\"@id\":\"https:\/\/rioonwatch.org.br\/#\/schema\/logo\/image\/\",\"url\":\"https:\/\/rioonwatch.org.br\/wp-content\/uploads\/2021\/06\/RioOnWatchcabecalhoPT11anos-2.png\",\"contentUrl\":\"https:\/\/rioonwatch.org.br\/wp-content\/uploads\/2021\/06\/RioOnWatchcabecalhoPT11anos-2.png\",\"width\":779,\"height\":277,\"caption\":\"RioOnWatch\"},\"image\":{\"@id\":\"https:\/\/rioonwatch.org.br\/#\/schema\/logo\/image\/\"}},{\"@type\":\"Person\",\"@id\":\"https:\/\/rioonwatch.org.br\/#\/schema\/person\/c6c09a0b56b38f0157a45b963ef3f269\",\"name\":\"Admin\",\"image\":{\"@type\":\"ImageObject\",\"inLanguage\":\"pt-BR\",\"@id\":\"https:\/\/rioonwatch.org.br\/#\/schema\/person\/image\/\",\"url\":\"https:\/\/secure.gravatar.com\/avatar\/da45c89efd4810dc70c16a5da3419806?s=96&d=blank&r=g\",\"contentUrl\":\"https:\/\/secure.gravatar.com\/avatar\/da45c89efd4810dc70c16a5da3419806?s=96&d=blank&r=g\",\"caption\":\"Admin\"},\"url\":\"https:\/\/rioonwatch.org.br\/?author=3\"}]}<\/script>\n<!-- \/ Yoast SEO plugin. -->","yoast_head_json":{"title":"50.000 Debatem e Comemoram Dia Internacional dos Direitos Humanos no \"Todo Mundo Tem Direitos\u201d - RioOnWatch","robots":{"index":"index","follow":"follow","max-snippet":"max-snippet:-1","max-image-preview":"max-image-preview:large","max-video-preview":"max-video-preview:-1"},"canonical":"https:\/\/rioonwatch.org.br\/?p=17584","og_locale":"pt_BR","og_type":"article","og_title":"50.000 Debatem e Comemoram Dia Internacional dos Direitos Humanos no \"Todo Mundo Tem Direitos\u201d - RioOnWatch","og_description":"Click Here for English Milhares de pessoas se reuniram no Parque Madureira na quinta-feira, 10 de dezembro, durante o Festival Todo Mundo Tem Direitos, para celebrar o Dia Internacional dos Direitos Humanos. O evento, organizado [...]","og_url":"https:\/\/rioonwatch.org.br\/?p=17584","og_site_name":"RioOnWatch","article_published_time":"2015-12-16T12:51:25+00:00","article_modified_time":"2024-06-20T19:28:40+00:00","og_image":[{"width":1000,"height":664,"url":"https:\/\/rioonwatch.org.br\/wp-content\/uploads\/2015\/12\/crowd.jpg","type":"image\/jpeg"}],"author":"Admin","twitter_card":"summary_large_image","twitter_misc":{"Escrito por":"Admin","Est. tempo de leitura":"3 minutos"},"schema":{"@context":"https:\/\/schema.org","@graph":[{"@type":"Article","@id":"https:\/\/rioonwatch.org.br\/?p=17584#article","isPartOf":{"@id":"https:\/\/rioonwatch.org.br\/?p=17584"},"author":{"name":"Admin","@id":"https:\/\/rioonwatch.org.br\/#\/schema\/person\/c6c09a0b56b38f0157a45b963ef3f269"},"headline":"50.000 Debatem e Comemoram Dia Internacional dos Direitos Humanos no &#8220;Todo Mundo Tem Direitos\u201d","datePublished":"2015-12-16T12:51:25+00:00","dateModified":"2024-06-20T19:28:40+00:00","mainEntityOfPage":{"@id":"https:\/\/rioonwatch.org.br\/?p=17584"},"wordCount":582,"publisher":{"@id":"https:\/\/rioonwatch.org.br\/#organization"},"image":{"@id":"https:\/\/rioonwatch.org.br\/?p=17584#primaryimage"},"thumbnailUrl":"https:\/\/rioonwatch.org.br\/wp-content\/uploads\/2015\/12\/crowd.jpg","keywords":["Copa do Mundo","debate","Direitos Humanos","educa\u00e7\u00e3o","Madureira","Megaeventos","mobiliza\u00e7\u00e3o","mobiliza\u00e7\u00e3o criativa","m\u00fasica","Olimp\u00edadas","participa\u00e7\u00e3o","protesto","ra\u00e7a","resist\u00eancia","S\u00e3o Paulo","t\u00e1ticas de organiza\u00e7\u00e3o","viol\u00eancia policial","Zona Norte"],"articleSection":["#OlhoNaParticipa\u00e7\u00e3o","#Rio2016","*Destaque","Cobertura de Eventos","Den\u00fancias","Escrito por Aliados","Sociedade Civil","Solu\u00e7\u00f5es"],"inLanguage":"pt-BR"},{"@type":"WebPage","@id":"https:\/\/rioonwatch.org.br\/?p=17584","url":"https:\/\/rioonwatch.org.br\/?p=17584","name":"50.000 Debatem e Comemoram Dia Internacional dos Direitos Humanos no \"Todo Mundo Tem Direitos\u201d - RioOnWatch","isPartOf":{"@id":"https:\/\/rioonwatch.org.br\/#website"},"primaryImageOfPage":{"@id":"https:\/\/rioonwatch.org.br\/?p=17584#primaryimage"},"image":{"@id":"https:\/\/rioonwatch.org.br\/?p=17584#primaryimage"},"thumbnailUrl":"https:\/\/rioonwatch.org.br\/wp-content\/uploads\/2015\/12\/crowd.jpg","datePublished":"2015-12-16T12:51:25+00:00","dateModified":"2024-06-20T19:28:40+00:00","breadcrumb":{"@id":"https:\/\/rioonwatch.org.br\/?p=17584#breadcrumb"},"inLanguage":"pt-BR","potentialAction":[{"@type":"ReadAction","target":["https:\/\/rioonwatch.org.br\/?p=17584"]}]},{"@type":"ImageObject","inLanguage":"pt-BR","@id":"https:\/\/rioonwatch.org.br\/?p=17584#primaryimage","url":"https:\/\/rioonwatch.org.br\/wp-content\/uploads\/2015\/12\/crowd.jpg","contentUrl":"https:\/\/rioonwatch.org.br\/wp-content\/uploads\/2015\/12\/crowd.jpg","width":1000,"height":664},{"@type":"BreadcrumbList","@id":"https:\/\/rioonwatch.org.br\/?p=17584#breadcrumb","itemListElement":[{"@type":"ListItem","position":1,"name":"In\u00edcio","item":"https:\/\/rioonwatch.org.br\/"},{"@type":"ListItem","position":2,"name":"50.000 Debatem e Comemoram Dia Internacional dos Direitos Humanos no &#8220;Todo Mundo Tem Direitos\u201d"}]},{"@type":"WebSite","@id":"https:\/\/rioonwatch.org.br\/#website","url":"https:\/\/rioonwatch.org.br\/","name":"RioOnWatch","description":"relatos das favelas cariocas","publisher":{"@id":"https:\/\/rioonwatch.org.br\/#organization"},"potentialAction":[{"@type":"SearchAction","target":{"@type":"EntryPoint","urlTemplate":"https:\/\/rioonwatch.org.br\/?s={search_term_string}"},"query-input":{"@type":"PropertyValueSpecification","valueRequired":true,"valueName":"search_term_string"}}],"inLanguage":"pt-BR"},{"@type":"Organization","@id":"https:\/\/rioonwatch.org.br\/#organization","name":"RioOnWatch","url":"https:\/\/rioonwatch.org.br\/","logo":{"@type":"ImageObject","inLanguage":"pt-BR","@id":"https:\/\/rioonwatch.org.br\/#\/schema\/logo\/image\/","url":"https:\/\/rioonwatch.org.br\/wp-content\/uploads\/2021\/06\/RioOnWatchcabecalhoPT11anos-2.png","contentUrl":"https:\/\/rioonwatch.org.br\/wp-content\/uploads\/2021\/06\/RioOnWatchcabecalhoPT11anos-2.png","width":779,"height":277,"caption":"RioOnWatch"},"image":{"@id":"https:\/\/rioonwatch.org.br\/#\/schema\/logo\/image\/"}},{"@type":"Person","@id":"https:\/\/rioonwatch.org.br\/#\/schema\/person\/c6c09a0b56b38f0157a45b963ef3f269","name":"Admin","image":{"@type":"ImageObject","inLanguage":"pt-BR","@id":"https:\/\/rioonwatch.org.br\/#\/schema\/person\/image\/","url":"https:\/\/secure.gravatar.com\/avatar\/da45c89efd4810dc70c16a5da3419806?s=96&d=blank&r=g","contentUrl":"https:\/\/secure.gravatar.com\/avatar\/da45c89efd4810dc70c16a5da3419806?s=96&d=blank&r=g","caption":"Admin"},"url":"https:\/\/rioonwatch.org.br\/?author=3"}]}},"_links":{"self":[{"href":"https:\/\/rioonwatch.org.br\/index.php?rest_route=\/wp\/v2\/posts\/17584"}],"collection":[{"href":"https:\/\/rioonwatch.org.br\/index.php?rest_route=\/wp\/v2\/posts"}],"about":[{"href":"https:\/\/rioonwatch.org.br\/index.php?rest_route=\/wp\/v2\/types\/post"}],"author":[{"embeddable":true,"href":"https:\/\/rioonwatch.org.br\/index.php?rest_route=\/wp\/v2\/users\/3"}],"replies":[{"embeddable":true,"href":"https:\/\/rioonwatch.org.br\/index.php?rest_route=%2Fwp%2Fv2%2Fcomments&post=17584"}],"version-history":[{"count":7,"href":"https:\/\/rioonwatch.org.br\/index.php?rest_route=\/wp\/v2\/posts\/17584\/revisions"}],"predecessor-version":[{"id":74332,"href":"https:\/\/rioonwatch.org.br\/index.php?rest_route=\/wp\/v2\/posts\/17584\/revisions\/74332"}],"wp:featuredmedia":[{"embeddable":true,"href":"https:\/\/rioonwatch.org.br\/index.php?rest_route=\/wp\/v2\/media\/17572"}],"wp:attachment":[{"href":"https:\/\/rioonwatch.org.br\/index.php?rest_route=%2Fwp%2Fv2%2Fmedia&parent=17584"}],"wp:term":[{"taxonomy":"category","embeddable":true,"href":"https:\/\/rioonwatch.org.br\/index.php?rest_route=%2Fwp%2Fv2%2Fcategories&post=17584"},{"taxonomy":"post_tag","embeddable":true,"href":"https:\/\/rioonwatch.org.br\/index.php?rest_route=%2Fwp%2Fv2%2Ftags&post=17584"},{"taxonomy":"writer","embeddable":true,"href":"https:\/\/rioonwatch.org.br\/index.php?rest_route=%2Fwp%2Fv2%2Fwriter&post=17584"},{"taxonomy":"translator","embeddable":true,"href":"https:\/\/rioonwatch.org.br\/index.php?rest_route=%2Fwp%2Fv2%2Ftranslator&post=17584"},{"taxonomy":"source","embeddable":true,"href":"https:\/\/rioonwatch.org.br\/index.php?rest_route=%2Fwp%2Fv2%2Fsource&post=17584"},{"taxonomy":"ilustrador","embeddable":true,"href":"https:\/\/rioonwatch.org.br\/index.php?rest_route=%2Fwp%2Fv2%2Filustrador&post=17584"},{"taxonomy":"fotografo","embeddable":true,"href":"https:\/\/rioonwatch.org.br\/index.php?rest_route=%2Fwp%2Fv2%2Ffotografo&post=17584"}],"curies":[{"name":"wp","href":"https:\/\/api.w.org\/{rel}","templated":true}]}}