{"id":17617,"date":"2015-12-17T06:00:24","date_gmt":"2015-12-17T09:00:24","guid":{"rendered":"http:\/\/rioonwatch.org.br\/?p=17617"},"modified":"2015-12-17T09:47:54","modified_gmt":"2015-12-17T12:47:54","slug":"juiz-brasileiro-desconecta-whatsapp-e-o-proximo-passo-do-congresso-do-brasil-e-desligar-a-rede-social","status":"publish","type":"post","link":"https:\/\/rioonwatch.org.br\/?p=17617","title":{"rendered":"Juiz Desconecta WhatsApp e o Pr\u00f3ximo Passo do Congresso \u00e9 Desligar a Rede Social"},"content":{"rendered":"<p style=\"text-align: right;\"><a href=\"http:\/\/tcrn.ch\/1P9qhqn\" target=\"_blank\"><em><strong>Click Here for English<\/strong><\/em><em><strong><img decoding=\"async\" width=\"20\" height=\"20\" class=\"alignright wp-image-15790\" src=\"http:\/\/rioonwatch.org.br\/wp-content\/uploads\/2012\/08\/EN-standard-e1439583104716.jpg\" alt=\"\" \/><\/strong><\/em><\/a><\/p>\n<p><em>Leia\u00a0a mat\u00e9ria original por Julie Ruvolo\u00a0em ingl\u00eas no site do TechCrunch\u00a0<a href=\"http:\/\/tcrn.ch\/1P9qhqn\" target=\"_blank\">aqui<\/a>.\u00a0O RioOnWatch traduz mat\u00e9rias do ingl\u00eas para que brasileiros possam ter acesso e acompanhar\u00a0temas ou an\u00e1lises cobertos fora do pa\u00eds que nem sempre s\u00e3o cobertos no Brasil.\u00a0<\/em><\/p>\n<h1><span lang=\"PT\">Um juiz de<\/span><span lang=\"PT\"> S\u00e3o Paulo <a href=\"http:\/\/bit.ly\/1UDJW1W\" target=\"_blank\">ordenou<\/a> que o WhatsApp fique desligado por 48 horas, com in\u00edcio \u00e0s 24:00 hor\u00e1rio oficial de Bras\u00edlia.<\/span><\/h1>\n<div>\n<p><span lang=\"PT\">WhatsApp<\/span><span lang=\"PT\"> \u00e9 o aplicativo mais utilizado no Brasil, com cerca de 93 milh\u00f5es de usu\u00e1rios, ou <a href=\"http:\/\/glo.bo\/1QrgzBf\" target=\"_blank\">93%<\/a> da popula\u00e7\u00e3o usu\u00e1ria de internet do pa\u00eds. \u00c9 um servi\u00e7o especialmente \u00fatil para os jovens e para aqueles que n\u00e3o podem pagar, que n\u00e3o t\u00eam recursos para pagar os planos <a href=\"http:\/\/abr.ai\/1QrgCNu\" target=\"_blank\">mais caros do planeta<\/a>.<\/span><\/p>\n<p>As telecons brasileiras<span lang=\"PT\"> t\u00eam <a href=\"http:\/\/zd.net\/1JdNQYH\" target=\"_blank\">feito lobby durante meses<\/a> para convencer o governo de que o servi\u00e7o de voz do WhatsApp \u00e9 irregular e ilegal (n\u00e3o muito diferente da postura da ind\u00fastria de t\u00e1xi em rela\u00e7\u00e3o <a href=\"http:\/\/tcrn.ch\/1QOJaik\" target=\"_blank\">ao Uber<\/a>), e <a href=\"http:\/\/glo.bo\/1QuDBXE\" target=\"_blank\">culparam publicamente<\/a> o &#8220;efeito WhatsApp&#8221; pela <a href=\"http:\/\/glo.bo\/1QuDBXE\" target=\"_blank\">condu\u00e7\u00e3o de milh\u00f5es<\/a> de brasileiros a abandonar suas linhas\u00a0celulares.<\/span><\/p>\n<p>Desligar o WhatsApp <span lang=\"PT\">seria semelhante a<\/span><span lang=\"PT\"> deixar metade do pa\u00eds sem energia el\u00e9trica por causa de uma amea\u00e7a \u00e0s empresas de energia el\u00e9trica por conta do crescimento da energia solar.<\/span><\/p>\n<p>\u00c9 um movimento<span lang=\"PT\"> particularmente desconcertante quando voc\u00ea considera que o Brasil \u00e9 <a href=\"http:\/\/on.wsj.com\/1NUVMUc\" target=\"_blank\">Capital Mundial da M\u00eddia Social<\/a>: brasileiros s\u00e3o o <a href=\"http:\/\/bzfd.it\/1nWXROt\" target=\"_blank\">No. 2 ou No. 3<\/a> em cada uma das grandes plataformas sociais globais, e, se calculado por usu\u00e1rio, os brasileiros gastam quase o dobro do tempo em m\u00eddias sociais quanto os americanos.<\/span><\/p>\n<p>Mas um desligamento tempor\u00e1rio do WhatsApp n\u00e3o est\u00e1 sequer perto da coisa mais louca que est\u00e1 acontecendo com a internet brasileira no momento.<\/p>\n<p>Se o congresso conservador atual seguir o seu caminho, eles v\u00e3o derrubar toda a rede social como a conhecemos, com os projetos de lei\u00a0circulando no legislativo\u00a0amea\u00e7ando criminalizar a publica\u00e7\u00e3o de conte\u00fado de m\u00eddia social e visando permitir\u00a0que o governo possa espionar seus cidad\u00e3os.<\/p>\n<p>\u00c9<span lang=\"PT\"> uma reviravolta desde o ano passado, quando o presidente Dilma Rousseff aprovou o Marco Civil, a <a href=\"http:\/\/tcrn.ch\/1mpqRoP\" target=\"_blank\">inovadora \u201cDeclara\u00e7\u00e3o de Direitos&#8221;<\/a>, como uma resposta \u00e0s revela\u00e7\u00f5es de Snowden que a NSA estava espionando o Brasil. O projeto do Marco Civil, a primeira legisla\u00e7\u00e3o de internet do Brasil, protege a neutralidade da rede, a privacidade do usu\u00e1rio e a liberdade de express\u00e3o.<\/span><\/p>\n<p>Desde ent\u00e3o, a economia brasileira entrou em uma espiral de\u00a0crise, desencadeada em grande parte por um esc\u00e2ndalo de corrup\u00e7\u00e3o de grande alcance na gigante de petr\u00f3leo, Petrobras, cuja\u00a0investiga\u00e7\u00e3o est\u00e1 mirando\u00a0os cabe\u00e7as das maiores empresas de constru\u00e7\u00e3o do Brasil, <a href=\"http:\/\/bit.ly\/1RTLKo3\" target=\"_blank\">cerca de 50 pol\u00edticos que ainda est\u00e3o no poder<\/a>, e <a href=\"http:\/\/on.wsj.com\/1m9M5Xg\" target=\"_blank\">at\u00e9 mesmo o ex-presidente Lula<\/a>.<\/p>\n<blockquote>\n<div>&#8220;Se o congresso conservador atual seguir o seu caminho, eles v\u00e3o derrubar toda a rede social como a conhecemos, com os projetos de lei\u00a0circulando no legislativo\u00a0amea\u00e7ando criminalizar a publica\u00e7\u00e3o de conte\u00fado de m\u00eddia social e visando permitir\u00a0que o governo possa espionar seus cidad\u00e3os.&#8221;<\/div>\n<\/blockquote>\n<p>Enquanto isso, o \u00edndice de aprova\u00e7\u00e3o da Dilma estagnou na casa de um d\u00edgito, e muitos est\u00e3o clamando por seu impeachment, incluindo Eduardo Cunha,\u00a0 presidente da C\u00e2mara dos Deputados do Brasil. Cunha est\u00e1 sob investiga\u00e7\u00e3o por corrup\u00e7\u00e3o e acusado de lavagem de <a href=\"http:\/\/bit.ly\/1mpqWJ0\" target=\"_blank\">milh\u00f5es de d\u00f3lares<\/a> em um esc\u00e2ndalo envolvendo a Petrobras.<\/p>\n<p>Cunha, um <a href=\"http:\/\/tcrn.ch\/1mpqRoP\" target=\"_blank\">ex-lobista de telecomunica\u00e7\u00f5es<\/a>, foi um dos maiores advers\u00e1rios do Marco Civil (particularmente a cl\u00e1usula de neutralidade da rede) antes da legisla\u00e7\u00e3o seguir seu caminho para a mesa de Dilma e virar lei.\u00a0<span lang=\"PT\">Mas um ano depois<\/span><span lang=\"PT\">, ele controla um Congresso dominado por extremistas evang\u00e9licos e apologistas da ditadura militar, e \u00e9 autor ou promove uma chapa de leis propostas que n\u00e3o s\u00f3 iria desmantelar as disposi\u00e7\u00f5es do Marco Civil para a privacidade do consumidor e da liberdade de express\u00e3o, mas tamb\u00e9m efetivamente criminalizar\u00e1 a utiliza\u00e7\u00e3o dos meios de comunica\u00e7\u00e3o social.<\/span><\/p>\n<p>A PL 215\/15, que advers\u00e1rios est\u00e3o apelidando de &#8220;O Grande Espi\u00e3o&#8221;, \u00e9 uma lei de vigil\u00e2ncia que exigiria aos brasileiros entrar com seu <a href=\"http:\/\/bit.ly\/1YmSydI\" target=\"_blank\">CPF, endere\u00e7o residencial e n\u00famero de telefone<\/a> para acessar qualquer site ou aplicativo na internet, e exigem que as empresas como Facebook e Google armazenem essas informa\u00e7\u00f5es por at\u00e9 tr\u00eas anos e forne\u00e7am acesso a pol\u00edcia com uma ordem judicial. Um rascunho anterior dizia que &#8220;autoridades competentes&#8221; poderiam solicitar os dados sem uma ordem judicial.<\/p>\n<p>Outra parte da lei, de autoria de Cunha, permitiria que os pol\u00edticos censurassem a m\u00eddia social \u00e0 vontade.\u00a0<span lang=\"PT\">\u00c9<\/span><span lang=\"PT\"> uma tor\u00e7\u00e3o ao &#8220;direito a ser esquecido&#8221; da legisla\u00e7\u00e3o da Uni\u00e3o Europ\u00e9ia, que estabelece um processo privado para cidad\u00e3os (mas n\u00e3o n\u00fameros p\u00fablicos) para pedir algumas formas de conte\u00fado sens\u00edvel do seu passado a serem desindexados a partir de resultados de pesquisa (mas n\u00e3o removido a partir da web).<\/span><\/p>\n<p>A vers\u00e3o de autoria de Cunha permitiria que os pol\u00edticos brasileiros n\u00e3o apenas solicitassem o conte\u00fado que eles achassem difamat\u00f3rio, injurioso, ou simplesmente fora de data a ser desindexados, mas na verdade conden\u00e1-lo a ser retirado da web. E com uma ordem judicial, a pol\u00edcia poderia ter o endere\u00e7o residencial e n\u00famero de identifica\u00e7\u00e3o fiscal da pessoa que o publicou no, digamos, Facebook.<\/p>\n<p>A C\u00e2mara\u00a0de Deputados<span lang=\"PT\"> <a href=\"http:\/\/bit.ly\/1YmSydI\" target=\"_blank\">aprovou a PEC 215 em outubro<\/a>. Agora ela vai para uma vota\u00e7\u00e3o no Congresso antes de se passar para o Senado e, finalmente, o voto de Dilma.<\/span><\/p>\n<p>&#8220;Este \u00e9 um exemplo muito bom de como o Congresso pensa sobre a internet&#8221;, diz Ronaldo Lemos, um dos instigadores do Marco Civil, e atual diretor da <a href=\"https:\/\/www.facebook.com\/ITSriodejaneiro\/\" target=\"_blank\">Instituto de Tecnologia e Sociedade<\/a>\u00a0no Rio de Janeiro. &#8220;Todo esse esfor\u00e7o e energia para criminalizar a internet. Muitos pol\u00edticos no Brasil sentem que a internet \u00e9 usada apenas para dizer coisas ruins sobre eles. Eles odeiam a internet. \u00c9 uma amea\u00e7a&#8221;.<\/p>\n<p>Lemos diz que a proposta da legisla\u00e7\u00e3o \u00e9 a maior amea\u00e7a \u00e0 liberdade de express\u00e3o que o Brasil tem visto em d\u00e9cadas.<\/p>\n<p>Para aqueles n\u00e3o familiarizados com a pol\u00edtica brasileira, liberdade de express\u00e3o \u00e9 mais uma cor do arco-\u00edris de direitos civis sob ataque de Cunha.<\/p>\n<p>S\u00f3 este ano ele tamb\u00e9m tem empurrado para a frente legisla\u00e7\u00e3o para uma &#8220;cura gay&#8221;; uma lei que permite que aos 16 anos de idade adolescentes sejam <a href=\"http:\/\/bit.ly\/1RqFAfY\" target=\"_blank\">considerados como adultos<\/a> no sistema penal; o projeto que pro\u00edbe a p\u00edlula do dia seguinte e restringe o acesso das v\u00edtimas de estupro ao aborto; e outra chamada PEC 215&#8211;para n\u00e3o ser confundida com o PL 215&#8211;que remove o direito constitucional dos brasileiros ind\u00edgenas \u00e0s suas terras. E d\u00e1-lo ao Congresso.<\/p>\n<p>\u00c9 importante notar tamb\u00e9m que Cunha n\u00e3o \u00e9 o \u00fanico por tr\u00e1s da legisla\u00e7\u00e3o anti-internet, e que as contas acima referidas n\u00e3o s\u00e3o as \u00fanicos em cima da mesa&#8211;ou mesmo as piores.<\/p>\n<blockquote><p>&#8220;Muitos pol\u00edticos<span lang=\"PT\"> no Brasil sentem que a internet \u00e9 usada apenas para dizer coisas ruins sobre eles. Eles odeiam a internet. \u00c9 uma amea\u00e7a.&#8221; &#8211; Ronaldo Lemos, diretor do Instituto de Tecnologia e Sociedade <\/span><\/p><\/blockquote>\n<div>\n<p><span lang=\"PT\"> Entre as outras contas anti-internet que foram introduzidas dentro de um ano da aprova\u00e7\u00e3o\u00a0do Marco Civil&#8211;todas de autoria de membros do bloco evang\u00e9lico do Congresso\u2013\u00e9 a <a href=\"http:\/\/bit.ly\/1TRNvR2\" target=\"_blank\">PL 1676<\/a>, que pode ser votada esta semana.<\/span><\/p>\n<p>A PL 1676 tornaria um crime pun\u00edvel com at\u00e9 dois anos de pris\u00e3o para qualquer um filmar, fotografar ou capturar a voz de uma pessoa sem o seu consentimento expresso (fazendo com que at\u00e9 mesmo <em>selfies<\/em> sejam considerados atos criminosos, se algu\u00e9m aparece no fundo da foto). A pena salta para at\u00e9 seis anos se o material \u00e9 publicado na internet.<\/p>\n<p>H\u00e1 mais<span lang=\"PT\">: PL 1547 e PL 1589, <a href=\"http:\/\/bit.ly\/1RqFSU0\" target=\"_blank\">adendos ao PL 215<\/a>, iriam aumentar a pena para os casos de cal\u00fania, inj\u00faria e difama\u00e7\u00e3o na web.<\/span><\/p>\n<p><a href=\"http:\/\/bit.ly\/1OafXQ8\" target=\"_blank\">PL 2390<\/a> criaria um banco de dados centralizado de usu\u00e1rios de internet no Brasil como um meio para proibir crian\u00e7as e adolescentes de acessar conte\u00fado inadequado, mas poderia facilmente ser usado para que a juventude brasileira&#8211;o segmento de usu\u00e1rios de internet mais ativo com crescimento mais r\u00e1pido&#8211;deixasse de acessar as principais plataformas sociais como YouTube e Twitter.<\/p>\n<p>O que est\u00e1 em jogo aqui \u00e9 a liberdade de express\u00e3o e o direito \u00e0 privacidade no que pode em breve ser o maior mercado de m\u00eddia social do planeta.<\/p>\n<p>Com menos da metade do n\u00famero de americanos, o Brasil j\u00e1 \u00e9 o <a href=\"http:\/\/bzfd.it\/1nWXROt\" target=\"_blank\">No. 2 e No. 3 usu\u00e1rio online<\/a>, atr\u00e1s dos EUA nas <a href=\"http:\/\/bzfd.it\/1QuGVSE\" target=\"_blank\">maiores plataformas sociais do mundo<\/a>&#8211;Facebook, Google, Twitter, qualquer uma delas. <span title=\"And there are still another 100 million Brazilians who have not come online yet, including wide swaths of the youth, poor and rural demographics.\">E ainda h\u00e1 mais 100 milh\u00f5es de brasileiros que n\u00e3o t\u00eam acesso \u00e0 rede, no entanto, incluindo largas faixas da juventude, pobres e da \u00e1rea rural. <\/span><span title=\"It is entirely possible that in the next ten years Brazil will have the largest internet audience on the planet in terms of social media consumption, and that Millennial Brazilians will be the most socially active population on the planet. \">\u00c9 inteiramente poss\u00edvel que, nos pr\u00f3ximos dez anos, o Brasil ter\u00e1 a maior audi\u00eancia de internet do planeta em termos de consumo de m\u00eddia social, e que os brasileiros nascidos na virada do mil\u00eanio ser\u00e3o a popula\u00e7\u00e3o socialmente mais ativa do planeta.<\/span><\/p>\n<blockquote>\n<div><span title=\"What's at stake here is freedom of expression and the right to privacy in what may soon be the biggest social media market on the planet. \">&#8220;O que est\u00e1 em jogo aqui \u00e9 a liberdade de express\u00e3o e o direito \u00e0 privacidade no que pode em breve ser o maior mercado de m\u00eddia social do planeta.&#8221;<\/span><\/div>\n<\/blockquote>\n<div>\n<p><span title=\"To get a sense of just how disruptive internet adoption is in Brazil \u2014 and how big of a threat it is to the established order \u2014 consider that millennials are the only Brazilians alive today who have never lived under a military dictatorship (Brazil had two of them\">Para ter uma no\u00e7\u00e3o de qu\u00e3o perturbadora a ado\u00e7\u00e3o da internet est\u00e1 no Brasil\u2013e qu\u00e3o grande \u00e9 a amea\u00e7a a ordem estabelecida&#8211;consideram que os nascidos em torno do c\u00e2mbio do mil\u00eanio\u00a0s\u00e3o tamb\u00e9m\u00a0aqueles brasileiros vivos hoje que nunca viveram sob uma ditadura militar (Brasil teve dois per\u00edodos <\/span><span title=\"over the 20th century, the last one ending in 1985).\">ao longo do s\u00e9culo 20, o \u00faltimo terminado em 1985).<\/span><\/p>\n<p>E como eles v\u00eam online, eles est\u00e3o cada vez mais usando a rede social como uma ferramenta para se falarem e organizarem. Usaram o Facebook para trazer milh\u00f5es para as ruas em protestos hist\u00f3ricos do Brasil em 2013 antes da Copa do Mundo.<\/p>\n<p>Eles <a href=\"http:\/\/tcrn.ch\/1mpqRoP\" target=\"_blank\">colaborativamente elaboraram<\/a> a sua pr\u00f3pria legisla\u00e7\u00e3o, o Marco Civil, obtendo a participa\u00e7\u00e3o em \u00a070% do texto final do projeto de lei atrav\u00e9s de conversas online. Coletivos de m\u00eddia independentes como o <a href=\"http:\/\/on.fb.me\/1qbjPCV\" target=\"_blank\">M\u00eddia Ninja<\/a> e <a href=\"http:\/\/on.fb.me\/1QuH6gN\" target=\"_blank\">Papo Reto<\/a> est\u00e3o atraindo a aten\u00e7\u00e3o mundial para elabora\u00e7\u00e3o de relat\u00f3rios sobre quest\u00f5es como a <a href=\"http:\/\/fus.in\/1eo9Zen\" target=\"_blank\">viol\u00eancia policial desenfreada<\/a> contra a\u00a0juventude pobre e negra.<\/p>\n<p>Neste contexto, a legisla\u00e7\u00e3o anti-internet proposta \u00e9 uma rea\u00e7\u00e3o direta a esta capacita\u00e7\u00e3o digital emergente, e um ataque em v\u00e1rias frentes nas m\u00eddias sociais&#8211;restringindo o acesso do grupo demogr\u00e1fico representado por\u00a0jovens pobres do Brasil para acessar a internet, que criminaliza a postagem de praticamente todo o v\u00eddeo, fotografia e conte\u00fado de \u00e1udio, e censurar vozes que est\u00e3o contra o governo atual.<\/p>\n<p>Os peritos da ind\u00fastria<span lang=\"PT\"> concordam que, pelo menos, alguma combina\u00e7\u00e3o dessas leis propostas \u00e9 prov\u00e1vel passar no Congresso atual. Eventualmente, no entanto, as contas v\u00e3o parar na mesa do presidente Dilma.<\/span><\/p>\n<p>Dilma empurrou o Marco Civil no ano passado, e seu partido imp\u00f4s historicamente esses tipos de restri\u00e7\u00f5es&#8211;embora com a <a href=\"http:\/\/bloom.bg\/1Oy6Suv\" target=\"_blank\">batalha do iminente impeachment<\/a>, os dias de Dilma podem estar contados. Pol\u00edticos de lado, n\u00f3s podemos olhar para frente e ver como a gera\u00e7\u00e3o digital do Brasil decidir\u00e1 se manifestar em apoio a rede aberta.<\/p>\n<\/div>\n<\/div>\n<\/div>\n<!-- AddThis Advanced Settings generic via filter on the_content --><!-- AddThis Share Buttons generic via filter on the_content -->","protected":false},"excerpt":{"rendered":"<div class=\"mh-excerpt\"><p>Click Here for English Leia\u00a0a mat\u00e9ria original por Julie Ruvolo\u00a0em ingl\u00eas no site do TechCrunch\u00a0aqui.\u00a0O RioOnWatch traduz mat\u00e9rias do ingl\u00eas para que brasileiros possam ter acesso e acompanhar\u00a0temas ou an\u00e1lises cobertos fora do pa\u00eds que <a class=\"mh-excerpt-more\" href=\"https:\/\/rioonwatch.org.br\/?p=17617\" title=\"Juiz Desconecta WhatsApp e o Pr\u00f3ximo Passo do Congresso \u00e9 Desligar a Rede Social\">[&#8230;]<\/a><!-- AddThis Advanced Settings generic via filter on get_the_excerpt --><!-- AddThis Share Buttons generic via filter on get_the_excerpt --><\/p>\n<\/div>","protected":false},"author":3,"featured_media":17622,"comment_status":"closed","ping_status":"closed","sticky":false,"template":"","format":"standard","meta":{"_acf_changed":false,"_monsterinsights_skip_tracking":false,"_monsterinsights_sitenote_active":false,"_monsterinsights_sitenote_note":"","_monsterinsights_sitenote_category":0,"footnotes":""},"categories":[1618,1621,346,1631,1613,344,1634],"tags":[1455,379,763,1457,1168,1747],"writer":[401],"translator":[1491],"source":[1746],"ilustrador":[],"fotografo":[],"class_list":{"0":"post-17617","1":"post","2":"type-post","3":"status-publish","4":"format-standard","5":"has-post-thumbnail","7":"category-olhonaparticipacao","8":"category-destaque","9":"category-denuncias","10":"category-entendendo-o-rio","11":"category-midia-comunitaria","12":"category-politicas","13":"category-traducoes","14":"tag-internet","15":"tag-midia-social","16":"tag-protesto","17":"tag-tecnologia","18":"tag-traducao","19":"tag-whatsapp","20":"writer-julie-ruvolo","21":"translator-patricia-gomes","22":"source-techcrunch"},"acf":[],"yoast_head":"<!-- This site is optimized with the Yoast SEO plugin v25.6 - https:\/\/yoast.com\/wordpress\/plugins\/seo\/ -->\n<title>Juiz Desconecta WhatsApp e o Pr\u00f3ximo Passo do Congresso \u00e9 Desligar a Rede Social - RioOnWatch<\/title>\n<meta name=\"robots\" content=\"index, follow, max-snippet:-1, max-image-preview:large, max-video-preview:-1\" \/>\n<link rel=\"canonical\" href=\"https:\/\/rioonwatch.org.br\/?p=17617\" \/>\n<meta property=\"og:locale\" content=\"pt_BR\" \/>\n<meta property=\"og:type\" content=\"article\" \/>\n<meta property=\"og:title\" content=\"Juiz Desconecta WhatsApp e o Pr\u00f3ximo Passo do Congresso \u00e9 Desligar a Rede Social - RioOnWatch\" \/>\n<meta property=\"og:description\" content=\"Click Here for English Leia\u00a0a mat\u00e9ria original por Julie Ruvolo\u00a0em ingl\u00eas no site do TechCrunch\u00a0aqui.\u00a0O RioOnWatch traduz mat\u00e9rias do ingl\u00eas para que brasileiros possam ter acesso e acompanhar\u00a0temas ou an\u00e1lises cobertos fora do pa\u00eds que [...]\" \/>\n<meta property=\"og:url\" content=\"https:\/\/rioonwatch.org.br\/?p=17617\" \/>\n<meta property=\"og:site_name\" content=\"RioOnWatch\" \/>\n<meta property=\"article:published_time\" content=\"2015-12-17T09:00:24+00:00\" \/>\n<meta property=\"article:modified_time\" content=\"2015-12-17T12:47:54+00:00\" \/>\n<meta property=\"og:image\" content=\"https:\/\/rioonwatch.org.br\/wp-content\/uploads\/2015\/12\/meme.jpg\" \/>\n\t<meta property=\"og:image:width\" content=\"1653\" \/>\n\t<meta property=\"og:image:height\" content=\"882\" \/>\n\t<meta property=\"og:image:type\" content=\"image\/jpeg\" \/>\n<meta name=\"author\" content=\"Admin\" \/>\n<meta name=\"twitter:card\" content=\"summary_large_image\" \/>\n<meta name=\"twitter:label1\" content=\"Escrito por\" \/>\n\t<meta name=\"twitter:data1\" content=\"Admin\" \/>\n\t<meta name=\"twitter:label2\" content=\"Est. tempo de leitura\" \/>\n\t<meta name=\"twitter:data2\" content=\"10 minutos\" \/>\n<script type=\"application\/ld+json\" class=\"yoast-schema-graph\">{\"@context\":\"https:\/\/schema.org\",\"@graph\":[{\"@type\":\"Article\",\"@id\":\"https:\/\/rioonwatch.org.br\/?p=17617#article\",\"isPartOf\":{\"@id\":\"https:\/\/rioonwatch.org.br\/?p=17617\"},\"author\":{\"name\":\"Admin\",\"@id\":\"https:\/\/rioonwatch.org.br\/#\/schema\/person\/c6c09a0b56b38f0157a45b963ef3f269\"},\"headline\":\"Juiz Desconecta WhatsApp e o Pr\u00f3ximo Passo do Congresso \u00e9 Desligar a Rede Social\",\"datePublished\":\"2015-12-17T09:00:24+00:00\",\"dateModified\":\"2015-12-17T12:47:54+00:00\",\"mainEntityOfPage\":{\"@id\":\"https:\/\/rioonwatch.org.br\/?p=17617\"},\"wordCount\":1958,\"publisher\":{\"@id\":\"https:\/\/rioonwatch.org.br\/#organization\"},\"image\":{\"@id\":\"https:\/\/rioonwatch.org.br\/?p=17617#primaryimage\"},\"thumbnailUrl\":\"https:\/\/rioonwatch.org.br\/wp-content\/uploads\/2015\/12\/meme.jpg\",\"keywords\":[\"internet\",\"m\u00eddia social\",\"protesto\",\"tecnologia\",\"tradu\u00e7\u00e3o\",\"WhatsApp\"],\"articleSection\":[\"#OlhoNaParticipa\u00e7\u00e3o\",\"*Destaque\",\"Den\u00fancias\",\"Entendendo o Rio\",\"M\u00eddia Comunit\u00e1ria\",\"Pol\u00edticas\",\"Traduzidas do Ingl\u00eas\"],\"inLanguage\":\"pt-BR\"},{\"@type\":\"WebPage\",\"@id\":\"https:\/\/rioonwatch.org.br\/?p=17617\",\"url\":\"https:\/\/rioonwatch.org.br\/?p=17617\",\"name\":\"Juiz Desconecta WhatsApp e o Pr\u00f3ximo Passo do Congresso \u00e9 Desligar a Rede Social - RioOnWatch\",\"isPartOf\":{\"@id\":\"https:\/\/rioonwatch.org.br\/#website\"},\"primaryImageOfPage\":{\"@id\":\"https:\/\/rioonwatch.org.br\/?p=17617#primaryimage\"},\"image\":{\"@id\":\"https:\/\/rioonwatch.org.br\/?p=17617#primaryimage\"},\"thumbnailUrl\":\"https:\/\/rioonwatch.org.br\/wp-content\/uploads\/2015\/12\/meme.jpg\",\"datePublished\":\"2015-12-17T09:00:24+00:00\",\"dateModified\":\"2015-12-17T12:47:54+00:00\",\"breadcrumb\":{\"@id\":\"https:\/\/rioonwatch.org.br\/?p=17617#breadcrumb\"},\"inLanguage\":\"pt-BR\",\"potentialAction\":[{\"@type\":\"ReadAction\",\"target\":[\"https:\/\/rioonwatch.org.br\/?p=17617\"]}]},{\"@type\":\"ImageObject\",\"inLanguage\":\"pt-BR\",\"@id\":\"https:\/\/rioonwatch.org.br\/?p=17617#primaryimage\",\"url\":\"https:\/\/rioonwatch.org.br\/wp-content\/uploads\/2015\/12\/meme.jpg\",\"contentUrl\":\"https:\/\/rioonwatch.org.br\/wp-content\/uploads\/2015\/12\/meme.jpg\",\"width\":1653,\"height\":882},{\"@type\":\"BreadcrumbList\",\"@id\":\"https:\/\/rioonwatch.org.br\/?p=17617#breadcrumb\",\"itemListElement\":[{\"@type\":\"ListItem\",\"position\":1,\"name\":\"In\u00edcio\",\"item\":\"https:\/\/rioonwatch.org.br\/\"},{\"@type\":\"ListItem\",\"position\":2,\"name\":\"Juiz Desconecta WhatsApp e o Pr\u00f3ximo Passo do Congresso \u00e9 Desligar a Rede Social\"}]},{\"@type\":\"WebSite\",\"@id\":\"https:\/\/rioonwatch.org.br\/#website\",\"url\":\"https:\/\/rioonwatch.org.br\/\",\"name\":\"RioOnWatch\",\"description\":\"relatos das favelas cariocas\",\"publisher\":{\"@id\":\"https:\/\/rioonwatch.org.br\/#organization\"},\"potentialAction\":[{\"@type\":\"SearchAction\",\"target\":{\"@type\":\"EntryPoint\",\"urlTemplate\":\"https:\/\/rioonwatch.org.br\/?s={search_term_string}\"},\"query-input\":{\"@type\":\"PropertyValueSpecification\",\"valueRequired\":true,\"valueName\":\"search_term_string\"}}],\"inLanguage\":\"pt-BR\"},{\"@type\":\"Organization\",\"@id\":\"https:\/\/rioonwatch.org.br\/#organization\",\"name\":\"RioOnWatch\",\"url\":\"https:\/\/rioonwatch.org.br\/\",\"logo\":{\"@type\":\"ImageObject\",\"inLanguage\":\"pt-BR\",\"@id\":\"https:\/\/rioonwatch.org.br\/#\/schema\/logo\/image\/\",\"url\":\"https:\/\/rioonwatch.org.br\/wp-content\/uploads\/2021\/06\/RioOnWatchcabecalhoPT11anos-2.png\",\"contentUrl\":\"https:\/\/rioonwatch.org.br\/wp-content\/uploads\/2021\/06\/RioOnWatchcabecalhoPT11anos-2.png\",\"width\":779,\"height\":277,\"caption\":\"RioOnWatch\"},\"image\":{\"@id\":\"https:\/\/rioonwatch.org.br\/#\/schema\/logo\/image\/\"}},{\"@type\":\"Person\",\"@id\":\"https:\/\/rioonwatch.org.br\/#\/schema\/person\/c6c09a0b56b38f0157a45b963ef3f269\",\"name\":\"Admin\",\"image\":{\"@type\":\"ImageObject\",\"inLanguage\":\"pt-BR\",\"@id\":\"https:\/\/rioonwatch.org.br\/#\/schema\/person\/image\/\",\"url\":\"https:\/\/secure.gravatar.com\/avatar\/da45c89efd4810dc70c16a5da3419806?s=96&d=blank&r=g\",\"contentUrl\":\"https:\/\/secure.gravatar.com\/avatar\/da45c89efd4810dc70c16a5da3419806?s=96&d=blank&r=g\",\"caption\":\"Admin\"},\"url\":\"https:\/\/rioonwatch.org.br\/?author=3\"}]}<\/script>\n<!-- \/ Yoast SEO plugin. -->","yoast_head_json":{"title":"Juiz Desconecta WhatsApp e o Pr\u00f3ximo Passo do Congresso \u00e9 Desligar a Rede Social - RioOnWatch","robots":{"index":"index","follow":"follow","max-snippet":"max-snippet:-1","max-image-preview":"max-image-preview:large","max-video-preview":"max-video-preview:-1"},"canonical":"https:\/\/rioonwatch.org.br\/?p=17617","og_locale":"pt_BR","og_type":"article","og_title":"Juiz Desconecta WhatsApp e o Pr\u00f3ximo Passo do Congresso \u00e9 Desligar a Rede Social - RioOnWatch","og_description":"Click Here for English Leia\u00a0a mat\u00e9ria original por Julie Ruvolo\u00a0em ingl\u00eas no site do TechCrunch\u00a0aqui.\u00a0O RioOnWatch traduz mat\u00e9rias do ingl\u00eas para que brasileiros possam ter acesso e acompanhar\u00a0temas ou an\u00e1lises cobertos fora do pa\u00eds que [...]","og_url":"https:\/\/rioonwatch.org.br\/?p=17617","og_site_name":"RioOnWatch","article_published_time":"2015-12-17T09:00:24+00:00","article_modified_time":"2015-12-17T12:47:54+00:00","og_image":[{"width":1653,"height":882,"url":"https:\/\/rioonwatch.org.br\/wp-content\/uploads\/2015\/12\/meme.jpg","type":"image\/jpeg"}],"author":"Admin","twitter_card":"summary_large_image","twitter_misc":{"Escrito por":"Admin","Est. tempo de leitura":"10 minutos"},"schema":{"@context":"https:\/\/schema.org","@graph":[{"@type":"Article","@id":"https:\/\/rioonwatch.org.br\/?p=17617#article","isPartOf":{"@id":"https:\/\/rioonwatch.org.br\/?p=17617"},"author":{"name":"Admin","@id":"https:\/\/rioonwatch.org.br\/#\/schema\/person\/c6c09a0b56b38f0157a45b963ef3f269"},"headline":"Juiz Desconecta WhatsApp e o Pr\u00f3ximo Passo do Congresso \u00e9 Desligar a Rede Social","datePublished":"2015-12-17T09:00:24+00:00","dateModified":"2015-12-17T12:47:54+00:00","mainEntityOfPage":{"@id":"https:\/\/rioonwatch.org.br\/?p=17617"},"wordCount":1958,"publisher":{"@id":"https:\/\/rioonwatch.org.br\/#organization"},"image":{"@id":"https:\/\/rioonwatch.org.br\/?p=17617#primaryimage"},"thumbnailUrl":"https:\/\/rioonwatch.org.br\/wp-content\/uploads\/2015\/12\/meme.jpg","keywords":["internet","m\u00eddia social","protesto","tecnologia","tradu\u00e7\u00e3o","WhatsApp"],"articleSection":["#OlhoNaParticipa\u00e7\u00e3o","*Destaque","Den\u00fancias","Entendendo o Rio","M\u00eddia Comunit\u00e1ria","Pol\u00edticas","Traduzidas do Ingl\u00eas"],"inLanguage":"pt-BR"},{"@type":"WebPage","@id":"https:\/\/rioonwatch.org.br\/?p=17617","url":"https:\/\/rioonwatch.org.br\/?p=17617","name":"Juiz Desconecta WhatsApp e o Pr\u00f3ximo Passo do Congresso \u00e9 Desligar a Rede Social - RioOnWatch","isPartOf":{"@id":"https:\/\/rioonwatch.org.br\/#website"},"primaryImageOfPage":{"@id":"https:\/\/rioonwatch.org.br\/?p=17617#primaryimage"},"image":{"@id":"https:\/\/rioonwatch.org.br\/?p=17617#primaryimage"},"thumbnailUrl":"https:\/\/rioonwatch.org.br\/wp-content\/uploads\/2015\/12\/meme.jpg","datePublished":"2015-12-17T09:00:24+00:00","dateModified":"2015-12-17T12:47:54+00:00","breadcrumb":{"@id":"https:\/\/rioonwatch.org.br\/?p=17617#breadcrumb"},"inLanguage":"pt-BR","potentialAction":[{"@type":"ReadAction","target":["https:\/\/rioonwatch.org.br\/?p=17617"]}]},{"@type":"ImageObject","inLanguage":"pt-BR","@id":"https:\/\/rioonwatch.org.br\/?p=17617#primaryimage","url":"https:\/\/rioonwatch.org.br\/wp-content\/uploads\/2015\/12\/meme.jpg","contentUrl":"https:\/\/rioonwatch.org.br\/wp-content\/uploads\/2015\/12\/meme.jpg","width":1653,"height":882},{"@type":"BreadcrumbList","@id":"https:\/\/rioonwatch.org.br\/?p=17617#breadcrumb","itemListElement":[{"@type":"ListItem","position":1,"name":"In\u00edcio","item":"https:\/\/rioonwatch.org.br\/"},{"@type":"ListItem","position":2,"name":"Juiz Desconecta WhatsApp e o Pr\u00f3ximo Passo do Congresso \u00e9 Desligar a Rede Social"}]},{"@type":"WebSite","@id":"https:\/\/rioonwatch.org.br\/#website","url":"https:\/\/rioonwatch.org.br\/","name":"RioOnWatch","description":"relatos das favelas cariocas","publisher":{"@id":"https:\/\/rioonwatch.org.br\/#organization"},"potentialAction":[{"@type":"SearchAction","target":{"@type":"EntryPoint","urlTemplate":"https:\/\/rioonwatch.org.br\/?s={search_term_string}"},"query-input":{"@type":"PropertyValueSpecification","valueRequired":true,"valueName":"search_term_string"}}],"inLanguage":"pt-BR"},{"@type":"Organization","@id":"https:\/\/rioonwatch.org.br\/#organization","name":"RioOnWatch","url":"https:\/\/rioonwatch.org.br\/","logo":{"@type":"ImageObject","inLanguage":"pt-BR","@id":"https:\/\/rioonwatch.org.br\/#\/schema\/logo\/image\/","url":"https:\/\/rioonwatch.org.br\/wp-content\/uploads\/2021\/06\/RioOnWatchcabecalhoPT11anos-2.png","contentUrl":"https:\/\/rioonwatch.org.br\/wp-content\/uploads\/2021\/06\/RioOnWatchcabecalhoPT11anos-2.png","width":779,"height":277,"caption":"RioOnWatch"},"image":{"@id":"https:\/\/rioonwatch.org.br\/#\/schema\/logo\/image\/"}},{"@type":"Person","@id":"https:\/\/rioonwatch.org.br\/#\/schema\/person\/c6c09a0b56b38f0157a45b963ef3f269","name":"Admin","image":{"@type":"ImageObject","inLanguage":"pt-BR","@id":"https:\/\/rioonwatch.org.br\/#\/schema\/person\/image\/","url":"https:\/\/secure.gravatar.com\/avatar\/da45c89efd4810dc70c16a5da3419806?s=96&d=blank&r=g","contentUrl":"https:\/\/secure.gravatar.com\/avatar\/da45c89efd4810dc70c16a5da3419806?s=96&d=blank&r=g","caption":"Admin"},"url":"https:\/\/rioonwatch.org.br\/?author=3"}]}},"_links":{"self":[{"href":"https:\/\/rioonwatch.org.br\/index.php?rest_route=\/wp\/v2\/posts\/17617"}],"collection":[{"href":"https:\/\/rioonwatch.org.br\/index.php?rest_route=\/wp\/v2\/posts"}],"about":[{"href":"https:\/\/rioonwatch.org.br\/index.php?rest_route=\/wp\/v2\/types\/post"}],"author":[{"embeddable":true,"href":"https:\/\/rioonwatch.org.br\/index.php?rest_route=\/wp\/v2\/users\/3"}],"replies":[{"embeddable":true,"href":"https:\/\/rioonwatch.org.br\/index.php?rest_route=%2Fwp%2Fv2%2Fcomments&post=17617"}],"version-history":[{"count":16,"href":"https:\/\/rioonwatch.org.br\/index.php?rest_route=\/wp\/v2\/posts\/17617\/revisions"}],"predecessor-version":[{"id":17635,"href":"https:\/\/rioonwatch.org.br\/index.php?rest_route=\/wp\/v2\/posts\/17617\/revisions\/17635"}],"wp:featuredmedia":[{"embeddable":true,"href":"https:\/\/rioonwatch.org.br\/index.php?rest_route=\/wp\/v2\/media\/17622"}],"wp:attachment":[{"href":"https:\/\/rioonwatch.org.br\/index.php?rest_route=%2Fwp%2Fv2%2Fmedia&parent=17617"}],"wp:term":[{"taxonomy":"category","embeddable":true,"href":"https:\/\/rioonwatch.org.br\/index.php?rest_route=%2Fwp%2Fv2%2Fcategories&post=17617"},{"taxonomy":"post_tag","embeddable":true,"href":"https:\/\/rioonwatch.org.br\/index.php?rest_route=%2Fwp%2Fv2%2Ftags&post=17617"},{"taxonomy":"writer","embeddable":true,"href":"https:\/\/rioonwatch.org.br\/index.php?rest_route=%2Fwp%2Fv2%2Fwriter&post=17617"},{"taxonomy":"translator","embeddable":true,"href":"https:\/\/rioonwatch.org.br\/index.php?rest_route=%2Fwp%2Fv2%2Ftranslator&post=17617"},{"taxonomy":"source","embeddable":true,"href":"https:\/\/rioonwatch.org.br\/index.php?rest_route=%2Fwp%2Fv2%2Fsource&post=17617"},{"taxonomy":"ilustrador","embeddable":true,"href":"https:\/\/rioonwatch.org.br\/index.php?rest_route=%2Fwp%2Fv2%2Filustrador&post=17617"},{"taxonomy":"fotografo","embeddable":true,"href":"https:\/\/rioonwatch.org.br\/index.php?rest_route=%2Fwp%2Fv2%2Ffotografo&post=17617"}],"curies":[{"name":"wp","href":"https:\/\/api.w.org\/{rel}","templated":true}]}}