{"id":17759,"date":"2015-12-22T11:56:24","date_gmt":"2015-12-22T14:56:24","guid":{"rendered":"http:\/\/rioonwatch.org.br\/?p=17759"},"modified":"2015-12-23T14:45:07","modified_gmt":"2015-12-23T17:45:07","slug":"como-o-museu-do-amanha-complica-o-presente-da-cidade-do-rio-de-janeiro","status":"publish","type":"post","link":"https:\/\/rioonwatch.org.br\/?p=17759","title":{"rendered":"Como o Museu do Amanh\u00e3 Complica o Presente da Cidade do Rio de Janeiro"},"content":{"rendered":"<p style=\"text-align: right;\"><em><strong><a href=\"http:\/\/bit.ly\/1QRmVZc\" target=\"_blank\">Click Here for English<img decoding=\"async\" width=\"20\" height=\"20\" class=\"alignright wp-image-15790\" src=\"http:\/\/rioonwatch.org.br\/wp-content\/uploads\/2012\/08\/EN-standard-e1439583104716.jpg\" alt=\"\" \/><\/a><\/strong><\/em><\/p>\n<p><em>Leia\u00a0a mat\u00e9ria original por Matthew Niederhauser* em ingl\u00eas no site do CityLab <a href=\"http:\/\/bit.ly\/1QRmVZc\" target=\"_blank\">aqui<\/a>.\u00a0O RioOnWatch traduz mat\u00e9rias do ingl\u00eas para que brasileiros possam ter acesso e acompanhar\u00a0temas ou an\u00e1lises cobertos fora do pa\u00eds que nem sempre s\u00e3o cobertos no Brasil.\u00a0<\/em><\/p>\n<h3>Projeto surpreendente de Santiago Calatrava estabelece novos padr\u00f5es para a arquitetura sustent\u00e1vel, mas \u00e9 tamb\u00e9m um enorme s\u00edmbolo do aprofundamento das divis\u00f5es socioecon\u00f4micas na regi\u00e3o.<\/h3>\n<div id=\"article-body\">\n<p>O <a href=\"http:\/\/bit.ly\/1ru6XYe\" target=\"_blank\">Museu do Amanh\u00e3<\/a> finalmente abriu as suas portas ao p\u00fablico do Rio de Janeiro no fim de semana passado. Com quatro anos de constru\u00e7\u00e3o, a estrutura extravagante desenhada por Santiago Calatrava est\u00e1 prestes a se tornar a pe\u00e7a central do projeto de revitaliza\u00e7\u00e3o do\u00a0<a href=\"http:\/\/bit.ly\/1m66X2k\" target=\"_blank\">Porto Maravilha<\/a>. Apesar do palp\u00e1vel entusiasmo com o museu&#8211;que \u00e9 dedicado a um futuro mais sustent\u00e1vel e equitativo&#8211;ele tamb\u00e9m simboliza as mudan\u00e7as socioecon\u00f4micas s\u00edsmicas que est\u00e3o ocorrendo nesta \u00e1rea historicamente pobre, onde um dia foi o <a href=\"http:\/\/bit.ly\/1S9AAtc\" target=\"_blank\">epicentro do com\u00e9rcio de escravos<\/a> no Brasil.<\/p>\n<p>Quando se iniciaram as obras do Porto Maravilha, n\u00e3o demorou muito para serem\u00a0<a href=\"http:\/\/bit.ly\/1SbW2A7\" target=\"_blank\">descobertas<\/a>\u00a0as soterradas ru\u00ednas do famoso Cais do Valongo. Ap\u00f3s a sua constru\u00e7\u00e3o em 1811, o <a href=\"http:\/\/bit.ly\/1QR5w2C\" target=\"_blank\">Cais do Valongo<\/a> rapidamente se tornou o mais movimentado porto de escravos no Brasil. Mais de um milh\u00e3o de africanos raptados passaram pelo porto. A uma curta caminhada do Museu do Amanh\u00e3, o Cais do Valongo representa um dos per\u00edodos mais sombrios\u00a0da hist\u00f3ria do Brasil. No seu auge foi cercado por &#8220;casas de engorda&#8221;, onde eram preparados escravos para venda, e tamb\u00e9m um <a href=\"http:\/\/bit.ly\/1p2voxl\" target=\"_blank\">cemit\u00e9rio para enterro em massa<\/a>, onde os corpos daqueles que n\u00e3o sobreviveram \u00e0 viagem eram depositados. Ap\u00f3s a aboli\u00e7\u00e3o da escravatura em 1888, o bairro, finalmente, transformou-se no cora\u00e7\u00e3o de uma comunidade afro-brasileira vibrante, e\u00a0\u00e9 amplamente reconhecido como o <a href=\"http:\/\/bit.ly\/1QR5w2C\" target=\"_blank\">ber\u00e7o do samba<\/a>.<\/p>\n<figure class=\"full-width\">\n<p><figure id=\"attachment_17769\" aria-describedby=\"caption-attachment-17769\" style=\"width: 620px\" class=\"wp-caption aligncenter\"><a href=\"http:\/\/rioonwatch.org.br\/wp-content\/uploads\/2015\/12\/055a089d9.jpg\" rel=\"attachment wp-att-17769\"><img fetchpriority=\"high\" decoding=\"async\" class=\"wp-image-17769 size-medium\" src=\"http:\/\/rioonwatch.org.br\/wp-content\/uploads\/2015\/12\/055a089d9-620x348.jpg\" alt=\"O Museu do Amanh\u00e3 senta-se na ponta do Porto Maravilha, com vista para a Ba\u00eda de Guanabara. (A Iniciativa Megacity)\" width=\"620\" height=\"348\" srcset=\"https:\/\/rioonwatch.org.br\/wp-content\/uploads\/2015\/12\/055a089d9-620x348.jpg 620w, https:\/\/rioonwatch.org.br\/wp-content\/uploads\/2015\/12\/055a089d9-470x264.jpg 470w, https:\/\/rioonwatch.org.br\/wp-content\/uploads\/2015\/12\/055a089d9-768x431.jpg 768w, https:\/\/rioonwatch.org.br\/wp-content\/uploads\/2015\/12\/055a089d9-580x326.jpg 580w, https:\/\/rioonwatch.org.br\/wp-content\/uploads\/2015\/12\/055a089d9-174x98.jpg 174w, https:\/\/rioonwatch.org.br\/wp-content\/uploads\/2015\/12\/055a089d9.jpg 940w\" sizes=\"(max-width: 620px) 100vw, 620px\" \/><\/a><figcaption id=\"caption-attachment-17769\" class=\"wp-caption-text\">O Museu do Amanh\u00e3 fica na ponta do Porto Maravilha, com vista para a Ba\u00eda de Guanabara. (The Megacity Initiative)<\/figcaption><\/figure><figcaption class=\"caption\"><\/figcaption><\/figure>\n<p>Esfor\u00e7os est\u00e3o sendo feitos para reconhecer o passado sombrio, por\u00e9m central\u00a0[na hist\u00f3ria do Rio]\u00a0da \u00e1rea, com o estabelecimento de um <a href=\"http:\/\/bit.ly\/1S5fP1V\" target=\"_blank\">Circuito da Heran\u00e7a Africana<\/a> que explora seu significado hist\u00f3rico. O Cais do Valongo tamb\u00e9m est\u00e1 sob <a href=\"http:\/\/bit.ly\/1m67cdx\" target=\"_blank\">an\u00e1lise<\/a> para ser reconhecido como Patrim\u00f4nio Mundial pela UNESCO.<\/p>\n<p>A prefeitura do Rio ap\u00f3ia estes esfor\u00e7os, mas o projeto de revitaliza\u00e7\u00e3o ainda representa uma amea\u00e7a para os moradores que sentem que est\u00e3o a ponto de serem impulsionados\u00a0para fora da \u00e1rea por especuladores\u00a0que procuram se aproveitar da transi\u00e7\u00e3o. Promessas de habita\u00e7\u00e3o a pre\u00e7os acess\u00edveis e outras conveni\u00eancias no Porto Maravilha n\u00e3o se concretizaram e agora parecem estar em perigo, dado que o governo brasileiro continua a diminuir gastos devido \u00e0 <a href=\"http:\/\/bit.ly\/1ZnqwRD\" target=\"_blank\">recess\u00e3o<\/a>\u00a0alimentada pela corrup\u00e7\u00e3o.<\/p>\n<figure id=\"attachment_17770\" aria-describedby=\"caption-attachment-17770\" style=\"width: 620px\" class=\"wp-caption aligncenter\"><a href=\"http:\/\/rioonwatch.org.br\/wp-content\/uploads\/2015\/12\/280be4db4.jpg\" rel=\"attachment wp-att-17770\"><img decoding=\"async\" class=\"wp-image-17770 size-medium\" title=\"O destino do Morro da Provid\u00eancia, favela de 118 anos de idade, permanece incerto devido aos efeitos da reconstru\u00e7\u00e3o do Porto Maravilha. (The Megacity Initiative)\" src=\"http:\/\/rioonwatch.org.br\/wp-content\/uploads\/2015\/12\/280be4db4-620x348.jpg\" alt=\"O destino do Morro da Provid\u00eancia, favela 118 anos de idade, no Rio de Janeiro, permanece incerto como os esfor\u00e7os para reconstruir o Porto Maravilha tenham efeito. (A Iniciativa Megacity)\" width=\"620\" height=\"348\" srcset=\"https:\/\/rioonwatch.org.br\/wp-content\/uploads\/2015\/12\/280be4db4-620x348.jpg 620w, https:\/\/rioonwatch.org.br\/wp-content\/uploads\/2015\/12\/280be4db4-470x264.jpg 470w, https:\/\/rioonwatch.org.br\/wp-content\/uploads\/2015\/12\/280be4db4-768x431.jpg 768w, https:\/\/rioonwatch.org.br\/wp-content\/uploads\/2015\/12\/280be4db4-580x326.jpg 580w, https:\/\/rioonwatch.org.br\/wp-content\/uploads\/2015\/12\/280be4db4-174x98.jpg 174w, https:\/\/rioonwatch.org.br\/wp-content\/uploads\/2015\/12\/280be4db4.jpg 940w\" sizes=\"(max-width: 620px) 100vw, 620px\" \/><\/a><figcaption id=\"caption-attachment-17770\" class=\"wp-caption-text\">O destino do Morro da Provid\u00eancia, favela de 118 anos de idade, permanece incerto devido aos efeitos da reconstru\u00e7\u00e3o do Porto Maravilha. (The Megacity Initiative)<\/figcaption><\/figure>\n<p>A abertura do Museu do Amanh\u00e3 \u00e9 certamente um motivo de comemora\u00e7\u00e3o no Rio, mas se o museu realmente est\u00e1 baseado no esclarecimento e na inova\u00e7\u00e3o, ele ter\u00e1 de abordar especificamente a sua posi\u00e7\u00e3o entre as comunidades de longa data, fr\u00e1geis, e historicamente marginalizadas, como a vizinha <a href=\"http:\/\/bit.ly\/UBMUVJ\" target=\"_blank\">Provid\u00eancia<\/a>, a primeira favela do Brasil.<\/p>\n<figure class=\"full-width\"><\/figure>\n<figure class=\"full-width\">\n<figure class=\"full-width\">\n<p><figure id=\"attachment_17772\" aria-describedby=\"caption-attachment-17772\" style=\"width: 620px\" class=\"wp-caption aligncenter\"><a href=\"http:\/\/rioonwatch.org.br\/wp-content\/uploads\/2015\/12\/e2121739c.jpg\" rel=\"attachment wp-att-17772\"><img loading=\"lazy\" decoding=\"async\" class=\"size-medium wp-image-17772\" src=\"http:\/\/rioonwatch.org.br\/wp-content\/uploads\/2015\/12\/e2121739c-620x414.jpg\" alt=\"Morro da Provid\u00eancia n\u00e3o tem acesso a muitos servi\u00e7os municipais b\u00e1sicos dentro Rio de Janeiro. O \u00fanico investimento em infraestrutura recente substancial ostensivamente servir as necessidades da Provid\u00eancia \u00e9 um telef\u00e9rico agora amplamente visto como uma novidade para os turistas. (A Iniciativa Megacity\" width=\"620\" height=\"414\" srcset=\"https:\/\/rioonwatch.org.br\/wp-content\/uploads\/2015\/12\/e2121739c-620x414.jpg 620w, https:\/\/rioonwatch.org.br\/wp-content\/uploads\/2015\/12\/e2121739c-396x264.jpg 396w, https:\/\/rioonwatch.org.br\/wp-content\/uploads\/2015\/12\/e2121739c-768x512.jpg 768w, https:\/\/rioonwatch.org.br\/wp-content\/uploads\/2015\/12\/e2121739c.jpg 940w\" sizes=\"(max-width: 620px) 100vw, 620px\" \/><\/a><figcaption id=\"caption-attachment-17772\" class=\"wp-caption-text\">O Morro da Provid\u00eancia n\u00e3o tem acesso a muitos servi\u00e7os municipais b\u00e1sicos. O \u00fanico investimento recente, substancial, em infraestrutura que aparentemente serve as necessidades da Provid\u00eancia \u00e9 um telef\u00e9rico que \u00e9 considerado majoritariamente como uma novidade para os turistas. (The Megacity Initiative)<\/figcaption><\/figure><figcaption class=\"caption\"> <\/figcaption><\/figure>\n<figure class=\"full-width\">\n<figure id=\"attachment_17773\" aria-describedby=\"caption-attachment-17773\" style=\"width: 620px\" class=\"wp-caption aligncenter\"><a href=\"http:\/\/rioonwatch.org.br\/wp-content\/uploads\/2015\/12\/2a8cdfa14.jpg\" rel=\"attachment wp-att-17773\"><img loading=\"lazy\" decoding=\"async\" class=\"size-medium wp-image-17773\" src=\"http:\/\/rioonwatch.org.br\/wp-content\/uploads\/2015\/12\/2a8cdfa14-620x414.jpg\" alt=\"Um trabalhador da constru\u00e7\u00e3o no Rio faz uma pausa. O projeto de revitaliza\u00e7\u00e3o Porto Maravilha est\u00e1 refazendo radicalmente a paisagem de um bairro com uma hist\u00f3ria complexa. (A Iniciativa Megacity)\" width=\"620\" height=\"414\" srcset=\"https:\/\/rioonwatch.org.br\/wp-content\/uploads\/2015\/12\/2a8cdfa14-620x414.jpg 620w, https:\/\/rioonwatch.org.br\/wp-content\/uploads\/2015\/12\/2a8cdfa14-396x264.jpg 396w, https:\/\/rioonwatch.org.br\/wp-content\/uploads\/2015\/12\/2a8cdfa14-768x512.jpg 768w, https:\/\/rioonwatch.org.br\/wp-content\/uploads\/2015\/12\/2a8cdfa14.jpg 940w\" sizes=\"(max-width: 620px) 100vw, 620px\" \/><\/a><figcaption id=\"caption-attachment-17773\" class=\"wp-caption-text\">Um trabalhador da constru\u00e7\u00e3o faz uma pausa. O projeto de revitaliza\u00e7\u00e3o do Porto Maravilha est\u00e1 refazendo radicalmente a paisagem de um bairro com uma hist\u00f3ria complexa. (The Megacity Initiative)<\/figcaption><\/figure>\n<\/figure>\n<\/figure>\n<\/div>\n<p>Moradores do Morro da Provid\u00eancia se queixam que as decis\u00f5es para o desenvolvimento do local s\u00e3o feitas muito antes que os esfor\u00e7os de sensibiliza\u00e7\u00e3o comunit\u00e1ria tenham sequer come\u00e7ado. O Rio de Janeiro \u00e9 uma cidade que ainda est\u00e1 trazendo \u00e0 tona a sua hist\u00f3ria quanto ao legado da escravid\u00e3o e as ra\u00edzes da desigualdade econ\u00f4mica duradoura e crescente no Brasil. Somente quando uma maior equidade social e um planejamento participativo forem abordadas dentro do projeto de revitaliza\u00e7\u00e3o do Porto Maravilha, poder\u00e1 existir, realmente, um amanh\u00e3 mais brilhante.<\/p>\n<p>A esta reportagem se fez poss\u00edvel com os seguintes apoios: <em><a href=\"http:\/\/pulitzercenter.org\/\" target=\"_blank\">The Pulitzer Center on Crisis Reporting<\/a>,\u00a0<a href=\"http:\/\/cau.mit.edu\/\" target=\"_blank\">MIT Center for Advanced Urbanism<\/a>\u00a0e\u00a0<a href=\"http:\/\/www.megacityinitiative.org\/\" target=\"_blank\">The Megacity Initiative<\/a>.<\/em><\/p>\n<p>*<em>Matthew Niederhauser \u00e9 artista, jornalista fotogr\u00e1fico e diretor de fotografia. Ele \u00e9 co-fundador da Iniciativa Megacity, juntamente com John Fitzgerald, e professor visitante no\u00a0MIT Center for Advanced Urbanism.<\/em><\/p>\n<!-- AddThis Advanced Settings generic via filter on the_content --><!-- AddThis Share Buttons generic via filter on the_content -->","protected":false},"excerpt":{"rendered":"<div class=\"mh-excerpt\"><p>Click Here for English Leia\u00a0a mat\u00e9ria original por Matthew Niederhauser* em ingl\u00eas no site do CityLab aqui.\u00a0O RioOnWatch traduz mat\u00e9rias do ingl\u00eas para que brasileiros possam ter acesso e acompanhar\u00a0temas ou an\u00e1lises cobertos fora do <a class=\"mh-excerpt-more\" href=\"https:\/\/rioonwatch.org.br\/?p=17759\" title=\"Como o Museu do Amanh\u00e3 Complica o Presente da Cidade do Rio de Janeiro\">[&#8230;]<\/a><!-- AddThis Advanced Settings generic via filter on get_the_excerpt --><!-- AddThis Share Buttons generic via filter on get_the_excerpt --><\/p>\n<\/div>","protected":false},"author":129,"featured_media":17761,"comment_status":"closed","ping_status":"closed","sticky":false,"template":"","format":"standard","meta":{"_acf_changed":false,"_monsterinsights_skip_tracking":false,"_monsterinsights_sitenote_active":false,"_monsterinsights_sitenote_note":"","_monsterinsights_sitenote_category":0,"footnotes":""},"categories":[1617,1618,1621,1634],"tags":[329,1693,259,1402,1386,513,395,128,1111,1751,434,433,899,1194,494],"writer":[1680],"translator":[1561],"source":[1681],"ilustrador":[],"fotografo":[],"class_list":{"0":"post-17759","1":"post","2":"type-post","3":"status-publish","4":"format-standard","5":"has-post-thumbnail","7":"category-olhonagentrificacao","8":"category-olhonaparticipacao","9":"category-destaque","10":"category-traducoes","11":"tag-africa","12":"tag-cais-do-valongo","13":"tag-centro","14":"tag-circuito-da-heranca-africana","15":"tag-critica-a-politica","16":"tag-cultura-afro-brasileira","17":"tag-gentrificacao-remocao-branca","18":"tag-historia","19":"tag-museu","20":"tag-museu-do-amanha","21":"tag-patrimonio-da-humanidade","22":"tag-porto-maravilha","23":"tag-preservacao-de-cultura","24":"tag-pretos-novos","25":"tag-regiao-do-porto","26":"writer-matthew-niederhauser","27":"translator-isabela-lyrio","28":"source-citylab"},"acf":[],"yoast_head":"<!-- This site is optimized with the Yoast SEO plugin v25.6 - https:\/\/yoast.com\/wordpress\/plugins\/seo\/ -->\n<title>Como o Museu do Amanh\u00e3 Complica o Presente da Cidade do Rio de Janeiro - RioOnWatch<\/title>\n<meta name=\"robots\" content=\"index, follow, max-snippet:-1, max-image-preview:large, max-video-preview:-1\" \/>\n<link rel=\"canonical\" href=\"https:\/\/rioonwatch.org.br\/?p=17759\" \/>\n<meta property=\"og:locale\" content=\"pt_BR\" \/>\n<meta property=\"og:type\" content=\"article\" \/>\n<meta property=\"og:title\" content=\"Como o Museu do Amanh\u00e3 Complica o Presente da Cidade do Rio de Janeiro - RioOnWatch\" \/>\n<meta property=\"og:description\" content=\"Click Here for English Leia\u00a0a mat\u00e9ria original por Matthew Niederhauser* em ingl\u00eas no site do CityLab aqui.\u00a0O RioOnWatch traduz mat\u00e9rias do ingl\u00eas para que brasileiros possam ter acesso e acompanhar\u00a0temas ou an\u00e1lises cobertos fora do [...]\" \/>\n<meta property=\"og:url\" content=\"https:\/\/rioonwatch.org.br\/?p=17759\" \/>\n<meta property=\"og:site_name\" content=\"RioOnWatch\" \/>\n<meta property=\"article:published_time\" content=\"2015-12-22T14:56:24+00:00\" \/>\n<meta property=\"article:modified_time\" content=\"2015-12-23T17:45:07+00:00\" \/>\n<meta property=\"og:image\" content=\"https:\/\/rioonwatch.org.br\/wp-content\/uploads\/2015\/12\/Como-o-Museu-do-Amanh\u00e3-Complica-o-Presente-da-Cidade-do-Rio-de-Janeiro.jpg\" \/>\n\t<meta property=\"og:image:width\" content=\"620\" \/>\n\t<meta property=\"og:image:height\" content=\"414\" \/>\n\t<meta property=\"og:image:type\" content=\"image\/jpeg\" \/>\n<meta name=\"author\" content=\"Admin\" \/>\n<meta name=\"twitter:card\" content=\"summary_large_image\" \/>\n<meta name=\"twitter:label1\" content=\"Escrito por\" \/>\n\t<meta name=\"twitter:data1\" content=\"Admin\" \/>\n\t<meta name=\"twitter:label2\" content=\"Est. tempo de leitura\" \/>\n\t<meta name=\"twitter:data2\" content=\"4 minutos\" \/>\n<script type=\"application\/ld+json\" class=\"yoast-schema-graph\">{\"@context\":\"https:\/\/schema.org\",\"@graph\":[{\"@type\":\"Article\",\"@id\":\"https:\/\/rioonwatch.org.br\/?p=17759#article\",\"isPartOf\":{\"@id\":\"https:\/\/rioonwatch.org.br\/?p=17759\"},\"author\":{\"name\":\"Admin\",\"@id\":\"https:\/\/rioonwatch.org.br\/#\/schema\/person\/11d64c290506f9df50c71b850c473f68\"},\"headline\":\"Como o Museu do Amanh\u00e3 Complica o Presente da Cidade do Rio de Janeiro\",\"datePublished\":\"2015-12-22T14:56:24+00:00\",\"dateModified\":\"2015-12-23T17:45:07+00:00\",\"mainEntityOfPage\":{\"@id\":\"https:\/\/rioonwatch.org.br\/?p=17759\"},\"wordCount\":848,\"publisher\":{\"@id\":\"https:\/\/rioonwatch.org.br\/#organization\"},\"image\":{\"@id\":\"https:\/\/rioonwatch.org.br\/?p=17759#primaryimage\"},\"thumbnailUrl\":\"https:\/\/rioonwatch.org.br\/wp-content\/uploads\/2015\/12\/Como-o-Museu-do-Amanh\u00e3-Complica-o-Presente-da-Cidade-do-Rio-de-Janeiro.jpg\",\"keywords\":[\"\u00c1frica\",\"Cais do Valongo\",\"Centro\",\"Circuito da Heran\u00e7a Africana\",\"cr\u00edtica \u00e0 pol\u00edtica\",\"Cultura Afro-brasileira\",\"gentrifica\u00e7\u00e3o\",\"hist\u00f3ria\",\"museu\",\"Museu do Amanh\u00e3\",\"Patrim\u00f4nio da Humanidade\",\"Porto Maravilha\",\"preserva\u00e7\u00e3o de cultura\",\"Pretos Novos\",\"Regi\u00e3o do Porto\"],\"articleSection\":[\"#OlhoNaGentrifica\u00e7\u00e3o\",\"#OlhoNaParticipa\u00e7\u00e3o\",\"*Destaque\",\"Traduzidas do Ingl\u00eas\"],\"inLanguage\":\"pt-BR\"},{\"@type\":\"WebPage\",\"@id\":\"https:\/\/rioonwatch.org.br\/?p=17759\",\"url\":\"https:\/\/rioonwatch.org.br\/?p=17759\",\"name\":\"Como o Museu do Amanh\u00e3 Complica o Presente da Cidade do Rio de Janeiro - RioOnWatch\",\"isPartOf\":{\"@id\":\"https:\/\/rioonwatch.org.br\/#website\"},\"primaryImageOfPage\":{\"@id\":\"https:\/\/rioonwatch.org.br\/?p=17759#primaryimage\"},\"image\":{\"@id\":\"https:\/\/rioonwatch.org.br\/?p=17759#primaryimage\"},\"thumbnailUrl\":\"https:\/\/rioonwatch.org.br\/wp-content\/uploads\/2015\/12\/Como-o-Museu-do-Amanh\u00e3-Complica-o-Presente-da-Cidade-do-Rio-de-Janeiro.jpg\",\"datePublished\":\"2015-12-22T14:56:24+00:00\",\"dateModified\":\"2015-12-23T17:45:07+00:00\",\"breadcrumb\":{\"@id\":\"https:\/\/rioonwatch.org.br\/?p=17759#breadcrumb\"},\"inLanguage\":\"pt-BR\",\"potentialAction\":[{\"@type\":\"ReadAction\",\"target\":[\"https:\/\/rioonwatch.org.br\/?p=17759\"]}]},{\"@type\":\"ImageObject\",\"inLanguage\":\"pt-BR\",\"@id\":\"https:\/\/rioonwatch.org.br\/?p=17759#primaryimage\",\"url\":\"https:\/\/rioonwatch.org.br\/wp-content\/uploads\/2015\/12\/Como-o-Museu-do-Amanh\u00e3-Complica-o-Presente-da-Cidade-do-Rio-de-Janeiro.jpg\",\"contentUrl\":\"https:\/\/rioonwatch.org.br\/wp-content\/uploads\/2015\/12\/Como-o-Museu-do-Amanh\u00e3-Complica-o-Presente-da-Cidade-do-Rio-de-Janeiro.jpg\",\"width\":620,\"height\":414},{\"@type\":\"BreadcrumbList\",\"@id\":\"https:\/\/rioonwatch.org.br\/?p=17759#breadcrumb\",\"itemListElement\":[{\"@type\":\"ListItem\",\"position\":1,\"name\":\"In\u00edcio\",\"item\":\"https:\/\/rioonwatch.org.br\/\"},{\"@type\":\"ListItem\",\"position\":2,\"name\":\"Como o Museu do Amanh\u00e3 Complica o Presente da Cidade do Rio de Janeiro\"}]},{\"@type\":\"WebSite\",\"@id\":\"https:\/\/rioonwatch.org.br\/#website\",\"url\":\"https:\/\/rioonwatch.org.br\/\",\"name\":\"RioOnWatch\",\"description\":\"relatos das favelas cariocas\",\"publisher\":{\"@id\":\"https:\/\/rioonwatch.org.br\/#organization\"},\"potentialAction\":[{\"@type\":\"SearchAction\",\"target\":{\"@type\":\"EntryPoint\",\"urlTemplate\":\"https:\/\/rioonwatch.org.br\/?s={search_term_string}\"},\"query-input\":{\"@type\":\"PropertyValueSpecification\",\"valueRequired\":true,\"valueName\":\"search_term_string\"}}],\"inLanguage\":\"pt-BR\"},{\"@type\":\"Organization\",\"@id\":\"https:\/\/rioonwatch.org.br\/#organization\",\"name\":\"RioOnWatch\",\"url\":\"https:\/\/rioonwatch.org.br\/\",\"logo\":{\"@type\":\"ImageObject\",\"inLanguage\":\"pt-BR\",\"@id\":\"https:\/\/rioonwatch.org.br\/#\/schema\/logo\/image\/\",\"url\":\"https:\/\/rioonwatch.org.br\/wp-content\/uploads\/2021\/06\/RioOnWatchcabecalhoPT11anos-2.png\",\"contentUrl\":\"https:\/\/rioonwatch.org.br\/wp-content\/uploads\/2021\/06\/RioOnWatchcabecalhoPT11anos-2.png\",\"width\":779,\"height\":277,\"caption\":\"RioOnWatch\"},\"image\":{\"@id\":\"https:\/\/rioonwatch.org.br\/#\/schema\/logo\/image\/\"}},{\"@type\":\"Person\",\"@id\":\"https:\/\/rioonwatch.org.br\/#\/schema\/person\/11d64c290506f9df50c71b850c473f68\",\"name\":\"Admin\",\"image\":{\"@type\":\"ImageObject\",\"inLanguage\":\"pt-BR\",\"@id\":\"https:\/\/rioonwatch.org.br\/#\/schema\/person\/image\/\",\"url\":\"https:\/\/secure.gravatar.com\/avatar\/56211ac74568383903349a1485e3c325?s=96&d=blank&r=g\",\"contentUrl\":\"https:\/\/secure.gravatar.com\/avatar\/56211ac74568383903349a1485e3c325?s=96&d=blank&r=g\",\"caption\":\"Admin\"},\"url\":\"https:\/\/rioonwatch.org.br\/?author=129\"}]}<\/script>\n<!-- \/ Yoast SEO plugin. -->","yoast_head_json":{"title":"Como o Museu do Amanh\u00e3 Complica o Presente da Cidade do Rio de Janeiro - RioOnWatch","robots":{"index":"index","follow":"follow","max-snippet":"max-snippet:-1","max-image-preview":"max-image-preview:large","max-video-preview":"max-video-preview:-1"},"canonical":"https:\/\/rioonwatch.org.br\/?p=17759","og_locale":"pt_BR","og_type":"article","og_title":"Como o Museu do Amanh\u00e3 Complica o Presente da Cidade do Rio de Janeiro - RioOnWatch","og_description":"Click Here for English Leia\u00a0a mat\u00e9ria original por Matthew Niederhauser* em ingl\u00eas no site do CityLab aqui.\u00a0O RioOnWatch traduz mat\u00e9rias do ingl\u00eas para que brasileiros possam ter acesso e acompanhar\u00a0temas ou an\u00e1lises cobertos fora do [...]","og_url":"https:\/\/rioonwatch.org.br\/?p=17759","og_site_name":"RioOnWatch","article_published_time":"2015-12-22T14:56:24+00:00","article_modified_time":"2015-12-23T17:45:07+00:00","og_image":[{"width":620,"height":414,"url":"https:\/\/rioonwatch.org.br\/wp-content\/uploads\/2015\/12\/Como-o-Museu-do-Amanh\u00e3-Complica-o-Presente-da-Cidade-do-Rio-de-Janeiro.jpg","type":"image\/jpeg"}],"author":"Admin","twitter_card":"summary_large_image","twitter_misc":{"Escrito por":"Admin","Est. tempo de leitura":"4 minutos"},"schema":{"@context":"https:\/\/schema.org","@graph":[{"@type":"Article","@id":"https:\/\/rioonwatch.org.br\/?p=17759#article","isPartOf":{"@id":"https:\/\/rioonwatch.org.br\/?p=17759"},"author":{"name":"Admin","@id":"https:\/\/rioonwatch.org.br\/#\/schema\/person\/11d64c290506f9df50c71b850c473f68"},"headline":"Como o Museu do Amanh\u00e3 Complica o Presente da Cidade do Rio de Janeiro","datePublished":"2015-12-22T14:56:24+00:00","dateModified":"2015-12-23T17:45:07+00:00","mainEntityOfPage":{"@id":"https:\/\/rioonwatch.org.br\/?p=17759"},"wordCount":848,"publisher":{"@id":"https:\/\/rioonwatch.org.br\/#organization"},"image":{"@id":"https:\/\/rioonwatch.org.br\/?p=17759#primaryimage"},"thumbnailUrl":"https:\/\/rioonwatch.org.br\/wp-content\/uploads\/2015\/12\/Como-o-Museu-do-Amanh\u00e3-Complica-o-Presente-da-Cidade-do-Rio-de-Janeiro.jpg","keywords":["\u00c1frica","Cais do Valongo","Centro","Circuito da Heran\u00e7a Africana","cr\u00edtica \u00e0 pol\u00edtica","Cultura Afro-brasileira","gentrifica\u00e7\u00e3o","hist\u00f3ria","museu","Museu do Amanh\u00e3","Patrim\u00f4nio da Humanidade","Porto Maravilha","preserva\u00e7\u00e3o de cultura","Pretos Novos","Regi\u00e3o do Porto"],"articleSection":["#OlhoNaGentrifica\u00e7\u00e3o","#OlhoNaParticipa\u00e7\u00e3o","*Destaque","Traduzidas do Ingl\u00eas"],"inLanguage":"pt-BR"},{"@type":"WebPage","@id":"https:\/\/rioonwatch.org.br\/?p=17759","url":"https:\/\/rioonwatch.org.br\/?p=17759","name":"Como o Museu do Amanh\u00e3 Complica o Presente da Cidade do Rio de Janeiro - RioOnWatch","isPartOf":{"@id":"https:\/\/rioonwatch.org.br\/#website"},"primaryImageOfPage":{"@id":"https:\/\/rioonwatch.org.br\/?p=17759#primaryimage"},"image":{"@id":"https:\/\/rioonwatch.org.br\/?p=17759#primaryimage"},"thumbnailUrl":"https:\/\/rioonwatch.org.br\/wp-content\/uploads\/2015\/12\/Como-o-Museu-do-Amanh\u00e3-Complica-o-Presente-da-Cidade-do-Rio-de-Janeiro.jpg","datePublished":"2015-12-22T14:56:24+00:00","dateModified":"2015-12-23T17:45:07+00:00","breadcrumb":{"@id":"https:\/\/rioonwatch.org.br\/?p=17759#breadcrumb"},"inLanguage":"pt-BR","potentialAction":[{"@type":"ReadAction","target":["https:\/\/rioonwatch.org.br\/?p=17759"]}]},{"@type":"ImageObject","inLanguage":"pt-BR","@id":"https:\/\/rioonwatch.org.br\/?p=17759#primaryimage","url":"https:\/\/rioonwatch.org.br\/wp-content\/uploads\/2015\/12\/Como-o-Museu-do-Amanh\u00e3-Complica-o-Presente-da-Cidade-do-Rio-de-Janeiro.jpg","contentUrl":"https:\/\/rioonwatch.org.br\/wp-content\/uploads\/2015\/12\/Como-o-Museu-do-Amanh\u00e3-Complica-o-Presente-da-Cidade-do-Rio-de-Janeiro.jpg","width":620,"height":414},{"@type":"BreadcrumbList","@id":"https:\/\/rioonwatch.org.br\/?p=17759#breadcrumb","itemListElement":[{"@type":"ListItem","position":1,"name":"In\u00edcio","item":"https:\/\/rioonwatch.org.br\/"},{"@type":"ListItem","position":2,"name":"Como o Museu do Amanh\u00e3 Complica o Presente da Cidade do Rio de Janeiro"}]},{"@type":"WebSite","@id":"https:\/\/rioonwatch.org.br\/#website","url":"https:\/\/rioonwatch.org.br\/","name":"RioOnWatch","description":"relatos das favelas cariocas","publisher":{"@id":"https:\/\/rioonwatch.org.br\/#organization"},"potentialAction":[{"@type":"SearchAction","target":{"@type":"EntryPoint","urlTemplate":"https:\/\/rioonwatch.org.br\/?s={search_term_string}"},"query-input":{"@type":"PropertyValueSpecification","valueRequired":true,"valueName":"search_term_string"}}],"inLanguage":"pt-BR"},{"@type":"Organization","@id":"https:\/\/rioonwatch.org.br\/#organization","name":"RioOnWatch","url":"https:\/\/rioonwatch.org.br\/","logo":{"@type":"ImageObject","inLanguage":"pt-BR","@id":"https:\/\/rioonwatch.org.br\/#\/schema\/logo\/image\/","url":"https:\/\/rioonwatch.org.br\/wp-content\/uploads\/2021\/06\/RioOnWatchcabecalhoPT11anos-2.png","contentUrl":"https:\/\/rioonwatch.org.br\/wp-content\/uploads\/2021\/06\/RioOnWatchcabecalhoPT11anos-2.png","width":779,"height":277,"caption":"RioOnWatch"},"image":{"@id":"https:\/\/rioonwatch.org.br\/#\/schema\/logo\/image\/"}},{"@type":"Person","@id":"https:\/\/rioonwatch.org.br\/#\/schema\/person\/11d64c290506f9df50c71b850c473f68","name":"Admin","image":{"@type":"ImageObject","inLanguage":"pt-BR","@id":"https:\/\/rioonwatch.org.br\/#\/schema\/person\/image\/","url":"https:\/\/secure.gravatar.com\/avatar\/56211ac74568383903349a1485e3c325?s=96&d=blank&r=g","contentUrl":"https:\/\/secure.gravatar.com\/avatar\/56211ac74568383903349a1485e3c325?s=96&d=blank&r=g","caption":"Admin"},"url":"https:\/\/rioonwatch.org.br\/?author=129"}]}},"_links":{"self":[{"href":"https:\/\/rioonwatch.org.br\/index.php?rest_route=\/wp\/v2\/posts\/17759"}],"collection":[{"href":"https:\/\/rioonwatch.org.br\/index.php?rest_route=\/wp\/v2\/posts"}],"about":[{"href":"https:\/\/rioonwatch.org.br\/index.php?rest_route=\/wp\/v2\/types\/post"}],"author":[{"embeddable":true,"href":"https:\/\/rioonwatch.org.br\/index.php?rest_route=\/wp\/v2\/users\/129"}],"replies":[{"embeddable":true,"href":"https:\/\/rioonwatch.org.br\/index.php?rest_route=%2Fwp%2Fv2%2Fcomments&post=17759"}],"version-history":[{"count":22,"href":"https:\/\/rioonwatch.org.br\/index.php?rest_route=\/wp\/v2\/posts\/17759\/revisions"}],"predecessor-version":[{"id":17812,"href":"https:\/\/rioonwatch.org.br\/index.php?rest_route=\/wp\/v2\/posts\/17759\/revisions\/17812"}],"wp:featuredmedia":[{"embeddable":true,"href":"https:\/\/rioonwatch.org.br\/index.php?rest_route=\/wp\/v2\/media\/17761"}],"wp:attachment":[{"href":"https:\/\/rioonwatch.org.br\/index.php?rest_route=%2Fwp%2Fv2%2Fmedia&parent=17759"}],"wp:term":[{"taxonomy":"category","embeddable":true,"href":"https:\/\/rioonwatch.org.br\/index.php?rest_route=%2Fwp%2Fv2%2Fcategories&post=17759"},{"taxonomy":"post_tag","embeddable":true,"href":"https:\/\/rioonwatch.org.br\/index.php?rest_route=%2Fwp%2Fv2%2Ftags&post=17759"},{"taxonomy":"writer","embeddable":true,"href":"https:\/\/rioonwatch.org.br\/index.php?rest_route=%2Fwp%2Fv2%2Fwriter&post=17759"},{"taxonomy":"translator","embeddable":true,"href":"https:\/\/rioonwatch.org.br\/index.php?rest_route=%2Fwp%2Fv2%2Ftranslator&post=17759"},{"taxonomy":"source","embeddable":true,"href":"https:\/\/rioonwatch.org.br\/index.php?rest_route=%2Fwp%2Fv2%2Fsource&post=17759"},{"taxonomy":"ilustrador","embeddable":true,"href":"https:\/\/rioonwatch.org.br\/index.php?rest_route=%2Fwp%2Fv2%2Filustrador&post=17759"},{"taxonomy":"fotografo","embeddable":true,"href":"https:\/\/rioonwatch.org.br\/index.php?rest_route=%2Fwp%2Fv2%2Ffotografo&post=17759"}],"curies":[{"name":"wp","href":"https:\/\/api.w.org\/{rel}","templated":true}]}}