{"id":17802,"date":"2015-12-26T11:53:45","date_gmt":"2015-12-26T14:53:45","guid":{"rendered":"http:\/\/rioonwatch.org.br\/?p=17802"},"modified":"2015-12-26T17:46:17","modified_gmt":"2015-12-26T20:46:17","slug":"mulheres-de-manguinhos-e-do-caju-mapeiam-a-violencia-em-suas-comunidades","status":"publish","type":"post","link":"https:\/\/rioonwatch.org.br\/?p=17802","title":{"rendered":"Mulheres de Manguinhos e do Caju Mapeiam a Viol\u00eancia em suas Comunidades"},"content":{"rendered":"<p style=\"text-align: right;\"><a href=\"http:\/\/bit.ly\/1OCJa0d\" target=\"_blank\"><em><strong>Click Here for English<img decoding=\"async\" width=\"20\" height=\"20\" class=\"alignright wp-image-15790\" src=\"http:\/\/rioonwatch.org.br\/wp-content\/uploads\/2012\/08\/EN-standard-e1439583104716.jpg\" alt=\"\" \/><\/strong><\/em><\/a><\/p>\n<p class=\"p1\"><span class=\"s1\">O dia 16 de dezembro marcou\u00a0o lan\u00e7amento da publica\u00e7\u00e3o de um mapa urbano produzido por mais de 30 mulheres moradoras do\u00a0<\/span><a href=\"http:\/\/bit.ly\/1QSoSTW\" target=\"_blank\">Caju<\/a> e de <a href=\"http:\/\/bit.ly\/ZC9b6z\" target=\"_blank\">Manguinhos<\/a>, favelas da <a href=\"http:\/\/bit.ly\/WximDf\" target=\"_blank\">Zona Norte<\/a> do Rio, sob a orienta\u00e7\u00e3o da\u00a0<a href=\"http:\/\/bit.ly\/1QrIoJF\" target=\"_blank\">FASE<\/a>. O lan\u00e7amento da publica\u00e7\u00e3o, intitulada \u201c<a href=\"http:\/\/bit.ly\/1MjjOmk\" target=\"_blank\">Cartografia Social Urbana: Impactos do desenvolvimento e da viol\u00eancia institucional na vida das mulheres moradoras do Caju e de Manguinhos<\/a>\u201d, marcou a conclus\u00e3o de um processo de dois anos.<\/p>\n<p>O objetivo do programa foi fornecer \u00e0s mulheres a oportunidade de falarem sobre como enfrentam a <a href=\"http:\/\/bit.ly\/1wLR1Ef\" target=\"_blank\">viol\u00eancia<\/a> di\u00e1ria, e tamb\u00e9m de mapear suas comunidades como forma de <a href=\"http:\/\/bit.ly\/1piRAgk\" target=\"_blank\">resist\u00eancia<\/a>.<\/p>\n<p>As comunidades de Manguinhos e do Caju s\u00e3o pr\u00f3ximas geograficamente, mas passam por diferentes experi\u00eancias de viol\u00eancia na comunidade, e tamb\u00e9m entre a <a href=\"http:\/\/bit.ly\/1m6E85H\" target=\"_blank\">pol\u00edcia<\/a> e seus moradores. A comunidade de Manguinhos, que re\u00fane cerca de 50.000 pessoas, foi fundada h\u00e1 mais de 100 anos e ocupa uma localiza\u00e7\u00e3o central na Zona Norte do Rio. O Caju \u00e9 um bairro com cerca de 20.000 habitantes localizado pr\u00f3ximo \u00e0 <a href=\"http:\/\/bit.ly\/1cVBDvL\" target=\"_blank\">Regi\u00e3o Portu\u00e1ria<\/a>, e foi um dos <a href=\"http:\/\/bit.ly\/1rDUEZU\" target=\"_blank\">locais mais importantes<\/a> durante o per\u00edodo imperial no Rio, mas, desde ent\u00e3o, passou a ser negligenciado pela prefeitura e sofre com o <a href=\"http:\/\/bit.ly\/1Xn8G3E\" target=\"_blank\">despejo de lixo<\/a> em sua \u00e1rea.<\/p>\n<p>\u201cVoc\u00ea sabe que chegou ao Caju pelo cheiro\u201d, l\u00ea-se uma cita\u00e7\u00e3o encontrada no documento.<\/p>\n<p>A produ\u00e7\u00e3o dos mapas, que envolveu reflex\u00f5es, seis oficinas e espa\u00e7o para discuss\u00f5es, permitiu \u00e0s mulheres a forma\u00e7\u00e3o de um grupo solid\u00e1rio para tratar da <a href=\"http:\/\/bit.ly\/1MARQme\" target=\"_blank\">viol\u00eancia di\u00e1ria e seus efeitos<\/a>, como a perda dos seus filhos ou encontros com as <a href=\"http:\/\/bit.ly\/R5ueio\" target=\"_blank\">Unidades de Pol\u00edcia Pacificadora (UPPs)<\/a>, instaladas em <a href=\"http:\/\/bit.ly\/1W0CgpA\" target=\"_blank\">2013<\/a>. O processo deu \u00e0s mulheres a oportunidade de expressarem o descontentamento com o tratamento dado \u00e0s suas comunidades pelas autoridades.<\/p>\n<p>\u201cN\u00e3o \u00e9 de interesse do governo que a favela tenha mem\u00f3ria\u201d, diz\u00a0uma cita\u00e7\u00e3o feita por uma das mulheres.<\/p>\n<p><a href=\"http:\/\/rioonwatch.org.br\/wp-content\/uploads\/2015\/12\/Manguinhos-Caju-Urban-Mapping-4-620x264.png\" rel=\"attachment wp-att-17804\"><img fetchpriority=\"high\" decoding=\"async\" class=\"aligncenter wp-image-17804 size-full\" title=\"Mulheres de Manguinhos e do Caju mapeiam viol\u00eancia nas suas comunidades\" src=\"http:\/\/rioonwatch.org.br\/wp-content\/uploads\/2015\/12\/Manguinhos-Caju-Urban-Mapping-4-620x264.png\" alt=\"Mulheres de Manguinhos e do Caju mapeiam viol\u00eancia nas suas comunidades\" width=\"620\" height=\"264\" \/><\/a><\/p>\n<p>Apesar das mulheres integrantes\u00a0do projeto terem consci\u00eancia de que seus mapas n\u00e3o foram feitos com o intuito de serem narrativas completamente fi\u00e9is de suas comunidades, suas perspectivas e experi\u00eancias foram temas tratados diversas vezes nas oficinas.<\/p>\n<p>A sensa\u00e7\u00e3o de <a href=\"http:\/\/bit.ly\/1K8LVUg\" target=\"_blank\">abandono<\/a>, a inseguran\u00e7a dentro das comunidades, e o sentimento de que o governo <a href=\"http:\/\/bit.ly\/1FM0mN6\" target=\"_blank\">apenas usa esses bairros para \u201cpromover\u201d<\/a> certos projetos foram temas bastante tratados durante as discuss\u00f5es. Muitas mulheres acreditam que as suas comunidades possuem diversas <a href=\"http:\/\/bit.ly\/1mgsc0G\" target=\"_blank\">iniciativas importantes<\/a>, mas muitas n\u00e3o funcionam bem porque o governo as negligencia. De acordo com elas, quando investimentos s\u00e3o designados a estas comunidades, a consequente falta de execu\u00e7\u00e3o apenas comprova que todas essas a\u00e7\u00f5es n\u00e3o passavam de falsas promessas feitas pelo governo.<\/p>\n<p>\u201cAs fac\u00e7\u00f5es rivais impedem a circula\u00e7\u00e3o dos moradores\u201d, diz uma cita\u00e7\u00e3o que destaca a inseguran\u00e7a sentida por muitas das mulheres.<\/p>\n<p>Especificamente no Caju, quest\u00f5es como as falsas promessas feitas pelo governo, os conflitos com a UPP, e a grande quantidade de trailers e cont\u00eaineres vazios encontrados na regi\u00e3o foram levantados em diversos momentos. Para as mulheres de Manguinhos, os <a href=\"http:\/\/bit.ly\/1FFpZop\" target=\"_blank\">conflitos e a insatisfa\u00e7\u00e3o<\/a> com a UPP, e a falta de liberdade de locomo\u00e7\u00e3o dos seus filhos dentro da comunidade foram t\u00f3picos recorrentes.<\/p>\n<p>\u201cManguinhos \u00e9 fogo e \u00e1gua\u201d, diz uma cita\u00e7\u00e3o encontrada no documento, resumindo o processo emocional de cria\u00e7\u00e3o dos mapas.<\/p>\n<p><a href=\"http:\/\/rioonwatch.org.br\/wp-content\/uploads\/2015\/12\/Manguinhos-Caju-Urban-Mapping-1-620x264.jpg\" rel=\"attachment wp-att-17805\"><img decoding=\"async\" class=\"aligncenter wp-image-17805 size-full\" title=\"Mulheres de Manguinhos e do Caju mapeiam viol\u00eancia nas suas comunidades\" src=\"http:\/\/rioonwatch.org.br\/wp-content\/uploads\/2015\/12\/Manguinhos-Caju-Urban-Mapping-1-620x264.jpg\" alt=\"Mulheres de Manguinhos e do Caju mapeiam viol\u00eancia nas suas comunidades\" width=\"620\" height=\"264\" \/><\/a><\/p>\n<p class=\"p1\"><span class=\"s1\">A cria\u00e7\u00e3o dos mapas significa mais do que simples desenhos sobre papel. As oficinas fortaleceram a solidariedade e a conex\u00e3o entre as mulheres, que s\u00e3o frequentemente as mais\u00a0<\/span><a href=\"http:\/\/bit.ly\/1r307tb\" target=\"_blank\">ativas na luta pela justi\u00e7a<\/a> e pela paz dentro de suas comunidades. Todas elas tiveram que trabalhar juntas para discutir o crit\u00e9rio de classifica\u00e7\u00e3o de cada espa\u00e7o dentro da comunidade, e chegarem a um consenso das cores a serem utilizadas para identific\u00e1-los.<\/p>\n<p class=\"p1\"><span class=\"s1\">Apesar do principal objetivo do projeto ter sido o mapeamento das experi\u00eancias de viol\u00eancia nas comunidades, esse processo tamb\u00e9m levantou outros t\u00f3picos e quest\u00f5es, nas \u00e1reas de\u00a0<\/span><a href=\"http:\/\/bit.ly\/1rKFP6K\" target=\"_blank\">habita\u00e7\u00e3o<\/a>, <a href=\"http:\/\/bit.ly\/1kzUmMv\" target=\"_blank\">sa\u00fade<\/a>, <a href=\"http:\/\/bit.ly\/1KiFeTl\" target=\"_blank\">racismo<\/a>, <a href=\"http:\/\/bit.ly\/1J37ZQ2\" target=\"_blank\">g\u00eanero<\/a> e <a href=\"http:\/\/bit.ly\/1acNApR\" target=\"_blank\">educa\u00e7\u00e3o<\/a>.<\/p>\n<p>Uma moradora de Manguinhos resumiu o processo de mapeamento, dizendo: \u201cNo passado, n\u00f3s n\u00e3o pod\u00edamos falar sobre determinados assuntos&#8230; [mas] hoje n\u00f3s podemos nos unir, participar dos <a href=\"http:\/\/bit.ly\/1XjdXct\" target=\"_blank\">movimentos<\/a> e gritar\u201d.<\/p>\n<!-- AddThis Advanced Settings generic via filter on the_content --><!-- AddThis Share Buttons generic via filter on the_content -->","protected":false},"excerpt":{"rendered":"<div class=\"mh-excerpt\"><p>Click Here for English O dia 16 de dezembro marcou\u00a0o lan\u00e7amento da publica\u00e7\u00e3o de um mapa urbano produzido por mais de 30 mulheres moradoras do\u00a0Caju e de Manguinhos, favelas da Zona Norte do Rio, sob <a class=\"mh-excerpt-more\" href=\"https:\/\/rioonwatch.org.br\/?p=17802\" title=\"Mulheres de Manguinhos e do Caju Mapeiam a Viol\u00eancia em suas Comunidades\">[&#8230;]<\/a><!-- AddThis Advanced Settings generic via filter on get_the_excerpt --><!-- AddThis Share Buttons generic via filter on get_the_excerpt --><\/p>\n<\/div>","protected":false},"author":132,"featured_media":17803,"comment_status":"closed","ping_status":"closed","sticky":false,"template":"","format":"standard","meta":{"_acf_changed":false,"_monsterinsights_skip_tracking":false,"_monsterinsights_sitenote_active":false,"_monsterinsights_sitenote_note":"","_monsterinsights_sitenote_category":0,"footnotes":""},"categories":[1618,346,1626,1620,1612,342],"tags":[881,937,1753,802,42,636,1151,1304,417,581,494,476,92,30,1144,218],"writer":[1667],"translator":[1499],"source":[],"ilustrador":[],"fotografo":[],"class_list":{"0":"post-17802","1":"post","2":"type-post","3":"status-publish","4":"format-standard","5":"has-post-thumbnail","7":"category-olhonaparticipacao","8":"category-denuncias","9":"category-por-observadores-internacionais","10":"category-olhonaupp","11":"category-sociedade-civil","12":"category-solucoes","13":"tag-caju","14":"tag-direito-de-ir-e-vir","15":"tag-fase","16":"tag-forum-de-manguinhos","17":"tag-genero","18":"tag-manguinhos","19":"tag-organizacao","20":"tag-organizacao-criativa","21":"tag-negligencia-do-estado","22":"tag-poluicao","23":"tag-regiao-do-porto","24":"tag-solucao-comunitaria","25":"tag-upp","26":"tag-violencia","27":"tag-violencia-urbana","28":"tag-zona-norte","29":"writer-david-robertson","30":"translator-camilla-pereira"},"acf":[],"yoast_head":"<!-- This site is optimized with the Yoast SEO plugin v25.6 - https:\/\/yoast.com\/wordpress\/plugins\/seo\/ -->\n<title>Mulheres de Manguinhos e do Caju Mapeiam a Viol\u00eancia em suas Comunidades - RioOnWatch<\/title>\n<meta name=\"robots\" content=\"index, follow, max-snippet:-1, max-image-preview:large, max-video-preview:-1\" \/>\n<link rel=\"canonical\" href=\"https:\/\/rioonwatch.org.br\/?p=17802\" \/>\n<meta property=\"og:locale\" content=\"pt_BR\" \/>\n<meta property=\"og:type\" content=\"article\" \/>\n<meta property=\"og:title\" content=\"Mulheres de Manguinhos e do Caju Mapeiam a Viol\u00eancia em suas Comunidades - RioOnWatch\" \/>\n<meta property=\"og:description\" content=\"Click Here for English O dia 16 de dezembro marcou\u00a0o lan\u00e7amento da publica\u00e7\u00e3o de um mapa urbano produzido por mais de 30 mulheres moradoras do\u00a0Caju e de Manguinhos, favelas da Zona Norte do Rio, sob [...]\" \/>\n<meta property=\"og:url\" content=\"https:\/\/rioonwatch.org.br\/?p=17802\" \/>\n<meta property=\"og:site_name\" content=\"RioOnWatch\" \/>\n<meta property=\"article:published_time\" content=\"2015-12-26T14:53:45+00:00\" \/>\n<meta property=\"article:modified_time\" content=\"2015-12-26T20:46:17+00:00\" \/>\n<meta property=\"og:image\" content=\"https:\/\/rioonwatch.org.br\/wp-content\/uploads\/2015\/12\/Manguinhos-Caju-Urban-Mapping-2-620x264.jpg\" \/>\n\t<meta property=\"og:image:width\" content=\"620\" \/>\n\t<meta property=\"og:image:height\" content=\"264\" \/>\n\t<meta property=\"og:image:type\" content=\"image\/jpeg\" \/>\n<meta name=\"author\" content=\"Felicity\" \/>\n<meta name=\"twitter:card\" content=\"summary_large_image\" \/>\n<meta name=\"twitter:label1\" content=\"Escrito por\" \/>\n\t<meta name=\"twitter:data1\" content=\"Felicity\" \/>\n\t<meta name=\"twitter:label2\" content=\"Est. tempo de leitura\" \/>\n\t<meta name=\"twitter:data2\" content=\"4 minutos\" \/>\n<script type=\"application\/ld+json\" class=\"yoast-schema-graph\">{\"@context\":\"https:\/\/schema.org\",\"@graph\":[{\"@type\":\"Article\",\"@id\":\"https:\/\/rioonwatch.org.br\/?p=17802#article\",\"isPartOf\":{\"@id\":\"https:\/\/rioonwatch.org.br\/?p=17802\"},\"author\":{\"name\":\"Felicity\",\"@id\":\"https:\/\/rioonwatch.org.br\/#\/schema\/person\/4d05cf5053c358ab740b3edd75a173f2\"},\"headline\":\"Mulheres de Manguinhos e do Caju Mapeiam a Viol\u00eancia em suas Comunidades\",\"datePublished\":\"2015-12-26T14:53:45+00:00\",\"dateModified\":\"2015-12-26T20:46:17+00:00\",\"mainEntityOfPage\":{\"@id\":\"https:\/\/rioonwatch.org.br\/?p=17802\"},\"wordCount\":744,\"publisher\":{\"@id\":\"https:\/\/rioonwatch.org.br\/#organization\"},\"image\":{\"@id\":\"https:\/\/rioonwatch.org.br\/?p=17802#primaryimage\"},\"thumbnailUrl\":\"https:\/\/rioonwatch.org.br\/wp-content\/uploads\/2015\/12\/Manguinhos-Caju-Urban-Mapping-2-620x264.jpg\",\"keywords\":[\"Caju\",\"direito de ir e vir\",\"FASE\",\"F\u00f3rum de Manguinhos\",\"g\u00eanero\",\"Manguinhos\",\"mobiliza\u00e7\u00e3o\",\"mobiliza\u00e7\u00e3o criativa\",\"Neglig\u00eancia do Estado\",\"polui\u00e7\u00e3o\",\"Regi\u00e3o do Porto\",\"solu\u00e7\u00e3o comunit\u00e1ria\",\"UPP\",\"viol\u00eancia\",\"viol\u00eancia urbana\",\"Zona Norte\"],\"articleSection\":[\"#OlhoNaParticipa\u00e7\u00e3o\",\"Den\u00fancias\",\"Escrito por Aliados\",\"Seguran\u00e7a P\u00fablica\",\"Sociedade Civil\",\"Solu\u00e7\u00f5es\"],\"inLanguage\":\"pt-BR\"},{\"@type\":\"WebPage\",\"@id\":\"https:\/\/rioonwatch.org.br\/?p=17802\",\"url\":\"https:\/\/rioonwatch.org.br\/?p=17802\",\"name\":\"Mulheres de Manguinhos e do Caju Mapeiam a Viol\u00eancia em suas Comunidades - RioOnWatch\",\"isPartOf\":{\"@id\":\"https:\/\/rioonwatch.org.br\/#website\"},\"primaryImageOfPage\":{\"@id\":\"https:\/\/rioonwatch.org.br\/?p=17802#primaryimage\"},\"image\":{\"@id\":\"https:\/\/rioonwatch.org.br\/?p=17802#primaryimage\"},\"thumbnailUrl\":\"https:\/\/rioonwatch.org.br\/wp-content\/uploads\/2015\/12\/Manguinhos-Caju-Urban-Mapping-2-620x264.jpg\",\"datePublished\":\"2015-12-26T14:53:45+00:00\",\"dateModified\":\"2015-12-26T20:46:17+00:00\",\"breadcrumb\":{\"@id\":\"https:\/\/rioonwatch.org.br\/?p=17802#breadcrumb\"},\"inLanguage\":\"pt-BR\",\"potentialAction\":[{\"@type\":\"ReadAction\",\"target\":[\"https:\/\/rioonwatch.org.br\/?p=17802\"]}]},{\"@type\":\"ImageObject\",\"inLanguage\":\"pt-BR\",\"@id\":\"https:\/\/rioonwatch.org.br\/?p=17802#primaryimage\",\"url\":\"https:\/\/rioonwatch.org.br\/wp-content\/uploads\/2015\/12\/Manguinhos-Caju-Urban-Mapping-2-620x264.jpg\",\"contentUrl\":\"https:\/\/rioonwatch.org.br\/wp-content\/uploads\/2015\/12\/Manguinhos-Caju-Urban-Mapping-2-620x264.jpg\",\"width\":620,\"height\":264},{\"@type\":\"BreadcrumbList\",\"@id\":\"https:\/\/rioonwatch.org.br\/?p=17802#breadcrumb\",\"itemListElement\":[{\"@type\":\"ListItem\",\"position\":1,\"name\":\"In\u00edcio\",\"item\":\"https:\/\/rioonwatch.org.br\/\"},{\"@type\":\"ListItem\",\"position\":2,\"name\":\"Mulheres de Manguinhos e do Caju Mapeiam a Viol\u00eancia em suas Comunidades\"}]},{\"@type\":\"WebSite\",\"@id\":\"https:\/\/rioonwatch.org.br\/#website\",\"url\":\"https:\/\/rioonwatch.org.br\/\",\"name\":\"RioOnWatch\",\"description\":\"relatos das favelas cariocas\",\"publisher\":{\"@id\":\"https:\/\/rioonwatch.org.br\/#organization\"},\"potentialAction\":[{\"@type\":\"SearchAction\",\"target\":{\"@type\":\"EntryPoint\",\"urlTemplate\":\"https:\/\/rioonwatch.org.br\/?s={search_term_string}\"},\"query-input\":{\"@type\":\"PropertyValueSpecification\",\"valueRequired\":true,\"valueName\":\"search_term_string\"}}],\"inLanguage\":\"pt-BR\"},{\"@type\":\"Organization\",\"@id\":\"https:\/\/rioonwatch.org.br\/#organization\",\"name\":\"RioOnWatch\",\"url\":\"https:\/\/rioonwatch.org.br\/\",\"logo\":{\"@type\":\"ImageObject\",\"inLanguage\":\"pt-BR\",\"@id\":\"https:\/\/rioonwatch.org.br\/#\/schema\/logo\/image\/\",\"url\":\"https:\/\/rioonwatch.org.br\/wp-content\/uploads\/2021\/06\/RioOnWatchcabecalhoPT11anos-2.png\",\"contentUrl\":\"https:\/\/rioonwatch.org.br\/wp-content\/uploads\/2021\/06\/RioOnWatchcabecalhoPT11anos-2.png\",\"width\":779,\"height\":277,\"caption\":\"RioOnWatch\"},\"image\":{\"@id\":\"https:\/\/rioonwatch.org.br\/#\/schema\/logo\/image\/\"}},{\"@type\":\"Person\",\"@id\":\"https:\/\/rioonwatch.org.br\/#\/schema\/person\/4d05cf5053c358ab740b3edd75a173f2\",\"name\":\"Felicity\",\"image\":{\"@type\":\"ImageObject\",\"inLanguage\":\"pt-BR\",\"@id\":\"https:\/\/rioonwatch.org.br\/#\/schema\/person\/image\/\",\"url\":\"https:\/\/secure.gravatar.com\/avatar\/bfc904486dc0bba6015410a00fe3fc27?s=96&d=blank&r=g\",\"contentUrl\":\"https:\/\/secure.gravatar.com\/avatar\/bfc904486dc0bba6015410a00fe3fc27?s=96&d=blank&r=g\",\"caption\":\"Felicity\"},\"url\":\"https:\/\/rioonwatch.org.br\/?author=132\"}]}<\/script>\n<!-- \/ Yoast SEO plugin. -->","yoast_head_json":{"title":"Mulheres de Manguinhos e do Caju Mapeiam a Viol\u00eancia em suas Comunidades - RioOnWatch","robots":{"index":"index","follow":"follow","max-snippet":"max-snippet:-1","max-image-preview":"max-image-preview:large","max-video-preview":"max-video-preview:-1"},"canonical":"https:\/\/rioonwatch.org.br\/?p=17802","og_locale":"pt_BR","og_type":"article","og_title":"Mulheres de Manguinhos e do Caju Mapeiam a Viol\u00eancia em suas Comunidades - RioOnWatch","og_description":"Click Here for English O dia 16 de dezembro marcou\u00a0o lan\u00e7amento da publica\u00e7\u00e3o de um mapa urbano produzido por mais de 30 mulheres moradoras do\u00a0Caju e de Manguinhos, favelas da Zona Norte do Rio, sob [...]","og_url":"https:\/\/rioonwatch.org.br\/?p=17802","og_site_name":"RioOnWatch","article_published_time":"2015-12-26T14:53:45+00:00","article_modified_time":"2015-12-26T20:46:17+00:00","og_image":[{"width":620,"height":264,"url":"https:\/\/rioonwatch.org.br\/wp-content\/uploads\/2015\/12\/Manguinhos-Caju-Urban-Mapping-2-620x264.jpg","type":"image\/jpeg"}],"author":"Felicity","twitter_card":"summary_large_image","twitter_misc":{"Escrito por":"Felicity","Est. tempo de leitura":"4 minutos"},"schema":{"@context":"https:\/\/schema.org","@graph":[{"@type":"Article","@id":"https:\/\/rioonwatch.org.br\/?p=17802#article","isPartOf":{"@id":"https:\/\/rioonwatch.org.br\/?p=17802"},"author":{"name":"Felicity","@id":"https:\/\/rioonwatch.org.br\/#\/schema\/person\/4d05cf5053c358ab740b3edd75a173f2"},"headline":"Mulheres de Manguinhos e do Caju Mapeiam a Viol\u00eancia em suas Comunidades","datePublished":"2015-12-26T14:53:45+00:00","dateModified":"2015-12-26T20:46:17+00:00","mainEntityOfPage":{"@id":"https:\/\/rioonwatch.org.br\/?p=17802"},"wordCount":744,"publisher":{"@id":"https:\/\/rioonwatch.org.br\/#organization"},"image":{"@id":"https:\/\/rioonwatch.org.br\/?p=17802#primaryimage"},"thumbnailUrl":"https:\/\/rioonwatch.org.br\/wp-content\/uploads\/2015\/12\/Manguinhos-Caju-Urban-Mapping-2-620x264.jpg","keywords":["Caju","direito de ir e vir","FASE","F\u00f3rum de Manguinhos","g\u00eanero","Manguinhos","mobiliza\u00e7\u00e3o","mobiliza\u00e7\u00e3o criativa","Neglig\u00eancia do Estado","polui\u00e7\u00e3o","Regi\u00e3o do Porto","solu\u00e7\u00e3o comunit\u00e1ria","UPP","viol\u00eancia","viol\u00eancia urbana","Zona Norte"],"articleSection":["#OlhoNaParticipa\u00e7\u00e3o","Den\u00fancias","Escrito por Aliados","Seguran\u00e7a P\u00fablica","Sociedade Civil","Solu\u00e7\u00f5es"],"inLanguage":"pt-BR"},{"@type":"WebPage","@id":"https:\/\/rioonwatch.org.br\/?p=17802","url":"https:\/\/rioonwatch.org.br\/?p=17802","name":"Mulheres de Manguinhos e do Caju Mapeiam a Viol\u00eancia em suas Comunidades - RioOnWatch","isPartOf":{"@id":"https:\/\/rioonwatch.org.br\/#website"},"primaryImageOfPage":{"@id":"https:\/\/rioonwatch.org.br\/?p=17802#primaryimage"},"image":{"@id":"https:\/\/rioonwatch.org.br\/?p=17802#primaryimage"},"thumbnailUrl":"https:\/\/rioonwatch.org.br\/wp-content\/uploads\/2015\/12\/Manguinhos-Caju-Urban-Mapping-2-620x264.jpg","datePublished":"2015-12-26T14:53:45+00:00","dateModified":"2015-12-26T20:46:17+00:00","breadcrumb":{"@id":"https:\/\/rioonwatch.org.br\/?p=17802#breadcrumb"},"inLanguage":"pt-BR","potentialAction":[{"@type":"ReadAction","target":["https:\/\/rioonwatch.org.br\/?p=17802"]}]},{"@type":"ImageObject","inLanguage":"pt-BR","@id":"https:\/\/rioonwatch.org.br\/?p=17802#primaryimage","url":"https:\/\/rioonwatch.org.br\/wp-content\/uploads\/2015\/12\/Manguinhos-Caju-Urban-Mapping-2-620x264.jpg","contentUrl":"https:\/\/rioonwatch.org.br\/wp-content\/uploads\/2015\/12\/Manguinhos-Caju-Urban-Mapping-2-620x264.jpg","width":620,"height":264},{"@type":"BreadcrumbList","@id":"https:\/\/rioonwatch.org.br\/?p=17802#breadcrumb","itemListElement":[{"@type":"ListItem","position":1,"name":"In\u00edcio","item":"https:\/\/rioonwatch.org.br\/"},{"@type":"ListItem","position":2,"name":"Mulheres de Manguinhos e do Caju Mapeiam a Viol\u00eancia em suas Comunidades"}]},{"@type":"WebSite","@id":"https:\/\/rioonwatch.org.br\/#website","url":"https:\/\/rioonwatch.org.br\/","name":"RioOnWatch","description":"relatos das favelas cariocas","publisher":{"@id":"https:\/\/rioonwatch.org.br\/#organization"},"potentialAction":[{"@type":"SearchAction","target":{"@type":"EntryPoint","urlTemplate":"https:\/\/rioonwatch.org.br\/?s={search_term_string}"},"query-input":{"@type":"PropertyValueSpecification","valueRequired":true,"valueName":"search_term_string"}}],"inLanguage":"pt-BR"},{"@type":"Organization","@id":"https:\/\/rioonwatch.org.br\/#organization","name":"RioOnWatch","url":"https:\/\/rioonwatch.org.br\/","logo":{"@type":"ImageObject","inLanguage":"pt-BR","@id":"https:\/\/rioonwatch.org.br\/#\/schema\/logo\/image\/","url":"https:\/\/rioonwatch.org.br\/wp-content\/uploads\/2021\/06\/RioOnWatchcabecalhoPT11anos-2.png","contentUrl":"https:\/\/rioonwatch.org.br\/wp-content\/uploads\/2021\/06\/RioOnWatchcabecalhoPT11anos-2.png","width":779,"height":277,"caption":"RioOnWatch"},"image":{"@id":"https:\/\/rioonwatch.org.br\/#\/schema\/logo\/image\/"}},{"@type":"Person","@id":"https:\/\/rioonwatch.org.br\/#\/schema\/person\/4d05cf5053c358ab740b3edd75a173f2","name":"Felicity","image":{"@type":"ImageObject","inLanguage":"pt-BR","@id":"https:\/\/rioonwatch.org.br\/#\/schema\/person\/image\/","url":"https:\/\/secure.gravatar.com\/avatar\/bfc904486dc0bba6015410a00fe3fc27?s=96&d=blank&r=g","contentUrl":"https:\/\/secure.gravatar.com\/avatar\/bfc904486dc0bba6015410a00fe3fc27?s=96&d=blank&r=g","caption":"Felicity"},"url":"https:\/\/rioonwatch.org.br\/?author=132"}]}},"_links":{"self":[{"href":"https:\/\/rioonwatch.org.br\/index.php?rest_route=\/wp\/v2\/posts\/17802"}],"collection":[{"href":"https:\/\/rioonwatch.org.br\/index.php?rest_route=\/wp\/v2\/posts"}],"about":[{"href":"https:\/\/rioonwatch.org.br\/index.php?rest_route=\/wp\/v2\/types\/post"}],"author":[{"embeddable":true,"href":"https:\/\/rioonwatch.org.br\/index.php?rest_route=\/wp\/v2\/users\/132"}],"replies":[{"embeddable":true,"href":"https:\/\/rioonwatch.org.br\/index.php?rest_route=%2Fwp%2Fv2%2Fcomments&post=17802"}],"version-history":[{"count":6,"href":"https:\/\/rioonwatch.org.br\/index.php?rest_route=\/wp\/v2\/posts\/17802\/revisions"}],"predecessor-version":[{"id":17949,"href":"https:\/\/rioonwatch.org.br\/index.php?rest_route=\/wp\/v2\/posts\/17802\/revisions\/17949"}],"wp:featuredmedia":[{"embeddable":true,"href":"https:\/\/rioonwatch.org.br\/index.php?rest_route=\/wp\/v2\/media\/17803"}],"wp:attachment":[{"href":"https:\/\/rioonwatch.org.br\/index.php?rest_route=%2Fwp%2Fv2%2Fmedia&parent=17802"}],"wp:term":[{"taxonomy":"category","embeddable":true,"href":"https:\/\/rioonwatch.org.br\/index.php?rest_route=%2Fwp%2Fv2%2Fcategories&post=17802"},{"taxonomy":"post_tag","embeddable":true,"href":"https:\/\/rioonwatch.org.br\/index.php?rest_route=%2Fwp%2Fv2%2Ftags&post=17802"},{"taxonomy":"writer","embeddable":true,"href":"https:\/\/rioonwatch.org.br\/index.php?rest_route=%2Fwp%2Fv2%2Fwriter&post=17802"},{"taxonomy":"translator","embeddable":true,"href":"https:\/\/rioonwatch.org.br\/index.php?rest_route=%2Fwp%2Fv2%2Ftranslator&post=17802"},{"taxonomy":"source","embeddable":true,"href":"https:\/\/rioonwatch.org.br\/index.php?rest_route=%2Fwp%2Fv2%2Fsource&post=17802"},{"taxonomy":"ilustrador","embeddable":true,"href":"https:\/\/rioonwatch.org.br\/index.php?rest_route=%2Fwp%2Fv2%2Filustrador&post=17802"},{"taxonomy":"fotografo","embeddable":true,"href":"https:\/\/rioonwatch.org.br\/index.php?rest_route=%2Fwp%2Fv2%2Ffotografo&post=17802"}],"curies":[{"name":"wp","href":"https:\/\/api.w.org\/{rel}","templated":true}]}}