{"id":18062,"date":"2016-01-16T09:00:58","date_gmt":"2016-01-16T12:00:58","guid":{"rendered":"http:\/\/rioonwatch.org.br\/?p=18062"},"modified":"2016-09-26T16:02:00","modified_gmt":"2016-09-26T19:02:00","slug":"favelas-nas-noticias-resumo-de-dezembro-2015","status":"publish","type":"post","link":"https:\/\/rioonwatch.org.br\/?p=18062","title":{"rendered":"Favelas nas Not\u00edcias: Resumo de Dezembro 2015"},"content":{"rendered":"<p style=\"text-align: right;\"><em><strong><a href=\"http:\/\/bit.ly\/1PPU9qk\" target=\"_blank\">Click Here for English<img decoding=\"async\" width=\"20\" height=\"20\" class=\"alignright wp-image-15790\" src=\"http:\/\/rioonwatch.org.br\/wp-content\/uploads\/2012\/08\/EN-standard-e1439583104716.jpg\" alt=\"\" \/><\/a><\/strong><\/em><\/p>\n<h4><strong>O \u00faltimo m\u00eas de 2015 foi o momento de fazer um balan\u00e7o do estado das coisas no Rio de Janeiro e no Brasil antes de 2016, o ano Ol\u00edmpico, come\u00e7ar. Com os relat\u00f3rios de viola\u00e7\u00f5es de direitos humanos e an\u00e1lises da cobertura da m\u00eddia internacional, juntamente com a cobertura de quest\u00f5es fundamentais como a Vila Aut\u00f3dromo e a viol\u00eancia cont\u00ednua contra moradores negros das favelas, estamos prontos para entrar no ano mais cr\u00edtico de todos para amplificar a voz de moradores\u00a0das favelas. Para ajudar nossos leitores a ter conhecimento das maiores not\u00edcias e temas do m\u00eas passado, fizemos um resumo das hist\u00f3rias que publicamos aqui no\u00a0<em>RioOnWatch<\/em> junto com algumas outras leituras obrigat\u00f3rias que sa\u00edram na m\u00eddia.\u00a0<\/strong>Veja todos os nossos resumos mensais <a href=\"http:\/\/bit.ly\/1Zv77wf\" target=\"_blank\">aqui<\/a>.<\/h4>\n<p>Antes da entrada de 2016 e da culmina\u00e7\u00e3o do RioOnWatch, projeto iniciado em 2010 pela Comunidades Catalisadoras (<a href=\"http:\/\/bit.ly\/mZZc2V\" target=\"_blank\">ComCat<\/a>)\u00a0para documentar as transforma\u00e7\u00f5es acontecendo nas favelas do Rio em fun\u00e7\u00e3o\u00a0dos Jogos Ol\u00edmpicos de 2016, n\u00f3s olhamos para 2015 com nossa mais recente an\u00e1lise das <a href=\"http:\/\/bit.ly\/1mPG9Tu\" target=\"_blank\">melhores e piores reportagens internacionais\u00a0sobre as favelas do Rio<\/a>. Dois dos melhores artigos foram do pr\u00f3prio m\u00eas de dezembro: uma mat\u00e9ria\u00a0inovadora e altamente vis\u00edvel sobre a\u00a0<a href=\"http:\/\/bit.ly\/1mJxRNp\" target=\"_blank\">Vila Aut\u00f3dromo na revista\u00a0<em>TIME<\/em><\/a> e uma <a href=\"http:\/\/bit.ly\/1NZzgVT\" target=\"_blank\">hist\u00f3ria sobre\u00a0remo\u00e7\u00f5es pr\u00e9-Ol\u00edmpicas no\u00a0<em>Vice<\/em><\/a>, ambos os quais a equipe da ComCat\u00a0deu apoio.<\/p>\n<p>Nossa pr\u00f3pria cobertura da Vila Aut\u00f3dromo incluiu uma <a href=\"http:\/\/bit.ly\/1QHprD5\" target=\"_blank\">an\u00e1lise das press\u00f5es que v\u00eam aumentando e se tornando cada vez mais\u00a0opressivas<\/a>\u00a0com a Prefeitura\u00a0se agarrando a curtos\u00a0prazos como ferramenta\u00a0para pressionar os moradores, at\u00e9 ent\u00e3o\u00a0informados que poderiam ficar. Cobrimos a <a href=\"http:\/\/bit.ly\/1NR3r5R\" target=\"_blank\">terr\u00edvel hist\u00f3ria de remo\u00e7\u00e3o\u00a0da Dona Mariza<\/a>, que foi deixada sem moradia quando sua casa foi destru\u00edda em outubro, e eventos criativos de resist\u00eancia que continuam ocorrendo semanalmente nessa comunidade implac\u00e1vel, como o festival cultural\u00a0<a href=\"http:\/\/bit.ly\/1NB3l2b\" target=\"_blank\">#OcupaVilaAut\u00f3dromo<\/a>\u00a0e a desobedi\u00eancia\u00a0civil dos moradores conforme eles se juntaram para <a href=\"http:\/\/bit.ly\/1mdVdKu\" target=\"_blank\">trabalhar na sua t\u00e3o esperada creche<\/a>.<\/p>\n<p>Este m\u00eas, o Comit\u00ea Popular da Copa do Mundo e Olimp\u00edadas <a href=\"http:\/\/bit.ly\/1TCUopn\" target=\"_blank\">publicou o seu maior e mais extensivo dossi\u00ea<\/a> de viola\u00e7\u00f5es dos direitos humanos \u00e0 frente dos\u00a0<a href=\"http:\/\/bit.ly\/21MIkb5\" target=\"_blank\">&#8220;Jogos de Exclus\u00e3o&#8221;<\/a>.\u00a0Mais de 22.059 fam\u00edlias j\u00e1 foram removidas de suas casas em todo o Rio. Pelos direitos humanos, como o direito \u00e0 moradia, tanto\u00a0<a href=\"http:\/\/bit.ly\/1m5ZtMd\" target=\"_blank\">moradores de cidades brasileiras e ju\u00edzes possuem igual falta de conhecimento<\/a> dos direitos legais duramente conquistados por moradores de favelas. Na mesma semana do lan\u00e7amento do dossi\u00ea, centenas de ativistas debateram e cerca de 50.000 pessoas comemoraram o <a href=\"http:\/\/bit.ly\/1lPhZZJ\" target=\"_blank\">Dia Internacional dos Direitos Humanos, em Madureira<\/a>.<\/p>\n<p>Madureira tamb\u00e9m foi o local de um <a href=\"http:\/\/rioonwatch.org.br\/?p=17392\" target=\"_blank\">protesto poderoso contra o assassinato de jovens negros<\/a>, na sequ\u00eancia da pol\u00edcia inexplicavelmente ter <a href=\"http:\/\/bit.ly\/1XHEDyr\" target=\"_blank\">matado cinco jovens<\/a> em Costa Barros. Como uma forma de reflex\u00e3o e resist\u00eancia \u00e0 viol\u00eancia em curso, as mulheres do Caju e Manguinhos <a href=\"http:\/\/bit.ly\/1QNQ6hB\" target=\"_blank\">mapearam a viol\u00eancia em suas comunidades<\/a>. Alguns ativistas de favela dizem que o foco na luta contra a viol\u00eancia sist\u00eamica que afeta a popula\u00e7\u00e3o negra das favelas \u00e9 <a href=\"http:\/\/bit.ly\/1JgeYGz\" target=\"_blank\">uma das raz\u00f5es por tr\u00e1s da baixa participa\u00e7\u00e3o<\/a> de moradores de favela nos protestos de dezembro contra o impeachment da presidente Rousseff.<\/p>\n<p>Um <a href=\"http:\/\/bit.ly\/1MhLewt\" target=\"_blank\">artigo expressando indigna\u00e7\u00e3o<\/a> pelo ativista-jornalista do Alem\u00e3o, Raull Santiago, defende a import\u00e2ncia da elabora\u00e7\u00e3o de relat\u00f3rios sobre viola\u00e7\u00f5es de direitos, como a viol\u00eancia policial, e ao mesmo tempo de mostrar\u00a0o lado positivo das favelas, que \u00e9 um ato de resist\u00eancia em si. A <a href=\"http:\/\/bit.ly\/1k4siqY\" target=\"_blank\">paralisa\u00e7\u00e3o tempor\u00e1ria do WhatsApp<\/a> em dezembro e a <a href=\"http:\/\/bit.ly\/1UEG40G\" target=\"_blank\">enorme indigna\u00e7\u00e3o (e humor)<\/a>, expressado pelos brasileiros de todos os lugares nas\u00a0m\u00eddias sociais, destacou o papel fundamental das novas tecnologias de internet e plataformas em amplificar a voz de cidad\u00e3os.<\/p>\n<p>Tamb\u00e9m neste m\u00eas, o\u00a0<a href=\"http:\/\/bit.ly\/1RTBEUi\" target=\"_blank\">controverso Museu do Amanh\u00e3 finalmente abriu<\/a> e um <a href=\"http:\/\/bit.ly\/1PkozRn\" target=\"_blank\">perspicaz artigo<\/a> do <em>CityLab<\/em>\u00a0abordou o simbolismo complexo do edif\u00edcio na regi\u00e3o do Porto, fundamental para a heran\u00e7a afro-brasileira como o maior porto de escravos na hist\u00f3ria do mundo. N\u00e3o muito longe do museu, o quilombo Pedra do Sal e apoiadores <a href=\"http:\/\/bit.ly\/1QR5w2C\" target=\"_blank\">comemoraram dez anos<\/a> do reconhecimento da import\u00e2ncia hist\u00f3rica do quilombo e da candidatura\u00a0em curso para o reconhecimento como Patrim\u00f3nio Mundial da UNESCO.<\/p>\n<p>E finalmente, os moradores da Vila Laboriaux e colaboradores <a href=\"http:\/\/bit.ly\/1QRzTGf\" target=\"_blank\">transformaram um terreno baldio<\/a> mirando o desenvolvimento de uma floresta urbana comest\u00edvel para a comunidade. Essa revitaliza\u00e7\u00e3o constitui um\u00a0de\u00a0v\u00e1rios projetos de melhorias e de desenvolvimento sustent\u00e1vel comunit\u00e1rio que os moradores da Vila Laboriaux est\u00e3o implementando, o que \u00e9 mais marcante visto que a Prefeitura pediu a remo\u00e7\u00e3o da comunidade ap\u00f3s os deslizamentos de terra de 2010.<\/p>\n<p>Aguarde pelo nosso pr\u00f3ximo resumo dos artigos de janeiro conforme entramos no importante ano Ol\u00edmpico.<\/p>\n<p>Voc\u00ea pode <a href=\"http:\/\/bit.ly\/CatCommSignUp\" target=\"_blank\">se inscrever aqui para receber diretamente no seu email o Favela Digest em ingl\u00eas a cada m\u00eas<\/a>.<\/p>\n<!-- AddThis Advanced Settings generic via filter on the_content --><!-- AddThis Share Buttons generic via filter on the_content -->","protected":false},"excerpt":{"rendered":"<div class=\"mh-excerpt\"><p>Click Here for English O \u00faltimo m\u00eas de 2015 foi o momento de fazer um balan\u00e7o do estado das coisas no Rio de Janeiro e no Brasil antes de 2016, o ano Ol\u00edmpico, come\u00e7ar. Com <a class=\"mh-excerpt-more\" href=\"https:\/\/rioonwatch.org.br\/?p=18062\" title=\"Favelas nas Not\u00edcias: Resumo de Dezembro 2015\">[&#8230;]<\/a><!-- AddThis Advanced Settings generic via filter on get_the_excerpt --><!-- AddThis Share Buttons generic via filter on get_the_excerpt --><\/p>\n<\/div>","protected":false},"author":147,"featured_media":18063,"comment_status":"closed","ping_status":"closed","sticky":false,"template":"","format":"standard","meta":{"_acf_changed":false,"_monsterinsights_skip_tracking":false,"_monsterinsights_sitenote_active":false,"_monsterinsights_sitenote_note":"","_monsterinsights_sitenote_category":0,"footnotes":""},"categories":[1626],"tags":[1741],"writer":[1199],"translator":[1737,1281],"source":[],"ilustrador":[],"fotografo":[],"class_list":{"0":"post-18062","1":"post","2":"type-post","3":"status-publish","4":"format-standard","5":"has-post-thumbnail","7":"category-por-observadores-internacionais","8":"tag-resumo","9":"writer-cerianne-robertson","10":"translator-fabricio-salles","11":"translator-luiza-villela"},"acf":[],"yoast_head":"<!-- This site is optimized with the Yoast SEO plugin v25.6 - https:\/\/yoast.com\/wordpress\/plugins\/seo\/ -->\n<title>Favelas nas Not\u00edcias: Resumo de Dezembro 2015 - RioOnWatch<\/title>\n<meta name=\"robots\" content=\"index, follow, max-snippet:-1, max-image-preview:large, max-video-preview:-1\" \/>\n<link rel=\"canonical\" href=\"https:\/\/rioonwatch.org.br\/?p=18062\" \/>\n<meta property=\"og:locale\" content=\"pt_BR\" \/>\n<meta property=\"og:type\" content=\"article\" \/>\n<meta property=\"og:title\" content=\"Favelas nas Not\u00edcias: Resumo de Dezembro 2015 - RioOnWatch\" \/>\n<meta property=\"og:description\" content=\"Click Here for English O \u00faltimo m\u00eas de 2015 foi o momento de fazer um balan\u00e7o do estado das coisas no Rio de Janeiro e no Brasil antes de 2016, o ano Ol\u00edmpico, come\u00e7ar. Com [...]\" \/>\n<meta property=\"og:url\" content=\"https:\/\/rioonwatch.org.br\/?p=18062\" \/>\n<meta property=\"og:site_name\" content=\"RioOnWatch\" \/>\n<meta property=\"article:published_time\" content=\"2016-01-16T12:00:58+00:00\" \/>\n<meta property=\"article:modified_time\" content=\"2016-09-26T19:02:00+00:00\" \/>\n<meta property=\"og:image\" content=\"https:\/\/rioonwatch.org.br\/wp-content\/uploads\/2016\/01\/Decemberdigestcollage2-620x264.jpg\" \/>\n\t<meta property=\"og:image:width\" content=\"620\" \/>\n\t<meta property=\"og:image:height\" content=\"264\" \/>\n\t<meta property=\"og:image:type\" content=\"image\/jpeg\" \/>\n<meta name=\"author\" content=\"Cerianne Robertson\" \/>\n<meta name=\"twitter:card\" content=\"summary_large_image\" \/>\n<meta name=\"twitter:label1\" content=\"Escrito por\" \/>\n\t<meta name=\"twitter:data1\" content=\"Cerianne Robertson\" \/>\n\t<meta name=\"twitter:label2\" content=\"Est. tempo de leitura\" \/>\n\t<meta name=\"twitter:data2\" content=\"4 minutos\" \/>\n<script type=\"application\/ld+json\" class=\"yoast-schema-graph\">{\"@context\":\"https:\/\/schema.org\",\"@graph\":[{\"@type\":\"Article\",\"@id\":\"https:\/\/rioonwatch.org.br\/?p=18062#article\",\"isPartOf\":{\"@id\":\"https:\/\/rioonwatch.org.br\/?p=18062\"},\"author\":{\"name\":\"Cerianne Robertson\",\"@id\":\"https:\/\/rioonwatch.org.br\/#\/schema\/person\/b639ec2683435de5a982b61e05770a3d\"},\"headline\":\"Favelas nas Not\u00edcias: Resumo de Dezembro 2015\",\"datePublished\":\"2016-01-16T12:00:58+00:00\",\"dateModified\":\"2016-09-26T19:02:00+00:00\",\"mainEntityOfPage\":{\"@id\":\"https:\/\/rioonwatch.org.br\/?p=18062\"},\"wordCount\":868,\"publisher\":{\"@id\":\"https:\/\/rioonwatch.org.br\/#organization\"},\"image\":{\"@id\":\"https:\/\/rioonwatch.org.br\/?p=18062#primaryimage\"},\"thumbnailUrl\":\"https:\/\/rioonwatch.org.br\/wp-content\/uploads\/2016\/01\/Decemberdigestcollage2-620x264.jpg\",\"keywords\":[\"Resumo\"],\"articleSection\":[\"Escrito por Aliados\"],\"inLanguage\":\"pt-BR\"},{\"@type\":\"WebPage\",\"@id\":\"https:\/\/rioonwatch.org.br\/?p=18062\",\"url\":\"https:\/\/rioonwatch.org.br\/?p=18062\",\"name\":\"Favelas nas Not\u00edcias: Resumo de Dezembro 2015 - RioOnWatch\",\"isPartOf\":{\"@id\":\"https:\/\/rioonwatch.org.br\/#website\"},\"primaryImageOfPage\":{\"@id\":\"https:\/\/rioonwatch.org.br\/?p=18062#primaryimage\"},\"image\":{\"@id\":\"https:\/\/rioonwatch.org.br\/?p=18062#primaryimage\"},\"thumbnailUrl\":\"https:\/\/rioonwatch.org.br\/wp-content\/uploads\/2016\/01\/Decemberdigestcollage2-620x264.jpg\",\"datePublished\":\"2016-01-16T12:00:58+00:00\",\"dateModified\":\"2016-09-26T19:02:00+00:00\",\"breadcrumb\":{\"@id\":\"https:\/\/rioonwatch.org.br\/?p=18062#breadcrumb\"},\"inLanguage\":\"pt-BR\",\"potentialAction\":[{\"@type\":\"ReadAction\",\"target\":[\"https:\/\/rioonwatch.org.br\/?p=18062\"]}]},{\"@type\":\"ImageObject\",\"inLanguage\":\"pt-BR\",\"@id\":\"https:\/\/rioonwatch.org.br\/?p=18062#primaryimage\",\"url\":\"https:\/\/rioonwatch.org.br\/wp-content\/uploads\/2016\/01\/Decemberdigestcollage2-620x264.jpg\",\"contentUrl\":\"https:\/\/rioonwatch.org.br\/wp-content\/uploads\/2016\/01\/Decemberdigestcollage2-620x264.jpg\",\"width\":620,\"height\":264},{\"@type\":\"BreadcrumbList\",\"@id\":\"https:\/\/rioonwatch.org.br\/?p=18062#breadcrumb\",\"itemListElement\":[{\"@type\":\"ListItem\",\"position\":1,\"name\":\"In\u00edcio\",\"item\":\"https:\/\/rioonwatch.org.br\/\"},{\"@type\":\"ListItem\",\"position\":2,\"name\":\"Favelas nas Not\u00edcias: Resumo de Dezembro 2015\"}]},{\"@type\":\"WebSite\",\"@id\":\"https:\/\/rioonwatch.org.br\/#website\",\"url\":\"https:\/\/rioonwatch.org.br\/\",\"name\":\"RioOnWatch\",\"description\":\"relatos das favelas cariocas\",\"publisher\":{\"@id\":\"https:\/\/rioonwatch.org.br\/#organization\"},\"potentialAction\":[{\"@type\":\"SearchAction\",\"target\":{\"@type\":\"EntryPoint\",\"urlTemplate\":\"https:\/\/rioonwatch.org.br\/?s={search_term_string}\"},\"query-input\":{\"@type\":\"PropertyValueSpecification\",\"valueRequired\":true,\"valueName\":\"search_term_string\"}}],\"inLanguage\":\"pt-BR\"},{\"@type\":\"Organization\",\"@id\":\"https:\/\/rioonwatch.org.br\/#organization\",\"name\":\"RioOnWatch\",\"url\":\"https:\/\/rioonwatch.org.br\/\",\"logo\":{\"@type\":\"ImageObject\",\"inLanguage\":\"pt-BR\",\"@id\":\"https:\/\/rioonwatch.org.br\/#\/schema\/logo\/image\/\",\"url\":\"https:\/\/rioonwatch.org.br\/wp-content\/uploads\/2021\/06\/RioOnWatchcabecalhoPT11anos-2.png\",\"contentUrl\":\"https:\/\/rioonwatch.org.br\/wp-content\/uploads\/2021\/06\/RioOnWatchcabecalhoPT11anos-2.png\",\"width\":779,\"height\":277,\"caption\":\"RioOnWatch\"},\"image\":{\"@id\":\"https:\/\/rioonwatch.org.br\/#\/schema\/logo\/image\/\"}},{\"@type\":\"Person\",\"@id\":\"https:\/\/rioonwatch.org.br\/#\/schema\/person\/b639ec2683435de5a982b61e05770a3d\",\"name\":\"Cerianne Robertson\",\"image\":{\"@type\":\"ImageObject\",\"inLanguage\":\"pt-BR\",\"@id\":\"https:\/\/rioonwatch.org.br\/#\/schema\/person\/image\/\",\"url\":\"https:\/\/secure.gravatar.com\/avatar\/b2495baf6047713d9cf5eb43059071e1?s=96&d=blank&r=g\",\"contentUrl\":\"https:\/\/secure.gravatar.com\/avatar\/b2495baf6047713d9cf5eb43059071e1?s=96&d=blank&r=g\",\"caption\":\"Cerianne Robertson\"},\"url\":\"https:\/\/rioonwatch.org.br\/?author=147\"}]}<\/script>\n<!-- \/ Yoast SEO plugin. -->","yoast_head_json":{"title":"Favelas nas Not\u00edcias: Resumo de Dezembro 2015 - RioOnWatch","robots":{"index":"index","follow":"follow","max-snippet":"max-snippet:-1","max-image-preview":"max-image-preview:large","max-video-preview":"max-video-preview:-1"},"canonical":"https:\/\/rioonwatch.org.br\/?p=18062","og_locale":"pt_BR","og_type":"article","og_title":"Favelas nas Not\u00edcias: Resumo de Dezembro 2015 - RioOnWatch","og_description":"Click Here for English O \u00faltimo m\u00eas de 2015 foi o momento de fazer um balan\u00e7o do estado das coisas no Rio de Janeiro e no Brasil antes de 2016, o ano Ol\u00edmpico, come\u00e7ar. Com [...]","og_url":"https:\/\/rioonwatch.org.br\/?p=18062","og_site_name":"RioOnWatch","article_published_time":"2016-01-16T12:00:58+00:00","article_modified_time":"2016-09-26T19:02:00+00:00","og_image":[{"width":620,"height":264,"url":"https:\/\/rioonwatch.org.br\/wp-content\/uploads\/2016\/01\/Decemberdigestcollage2-620x264.jpg","type":"image\/jpeg"}],"author":"Cerianne Robertson","twitter_card":"summary_large_image","twitter_misc":{"Escrito por":"Cerianne Robertson","Est. tempo de leitura":"4 minutos"},"schema":{"@context":"https:\/\/schema.org","@graph":[{"@type":"Article","@id":"https:\/\/rioonwatch.org.br\/?p=18062#article","isPartOf":{"@id":"https:\/\/rioonwatch.org.br\/?p=18062"},"author":{"name":"Cerianne Robertson","@id":"https:\/\/rioonwatch.org.br\/#\/schema\/person\/b639ec2683435de5a982b61e05770a3d"},"headline":"Favelas nas Not\u00edcias: Resumo de Dezembro 2015","datePublished":"2016-01-16T12:00:58+00:00","dateModified":"2016-09-26T19:02:00+00:00","mainEntityOfPage":{"@id":"https:\/\/rioonwatch.org.br\/?p=18062"},"wordCount":868,"publisher":{"@id":"https:\/\/rioonwatch.org.br\/#organization"},"image":{"@id":"https:\/\/rioonwatch.org.br\/?p=18062#primaryimage"},"thumbnailUrl":"https:\/\/rioonwatch.org.br\/wp-content\/uploads\/2016\/01\/Decemberdigestcollage2-620x264.jpg","keywords":["Resumo"],"articleSection":["Escrito por Aliados"],"inLanguage":"pt-BR"},{"@type":"WebPage","@id":"https:\/\/rioonwatch.org.br\/?p=18062","url":"https:\/\/rioonwatch.org.br\/?p=18062","name":"Favelas nas Not\u00edcias: Resumo de Dezembro 2015 - RioOnWatch","isPartOf":{"@id":"https:\/\/rioonwatch.org.br\/#website"},"primaryImageOfPage":{"@id":"https:\/\/rioonwatch.org.br\/?p=18062#primaryimage"},"image":{"@id":"https:\/\/rioonwatch.org.br\/?p=18062#primaryimage"},"thumbnailUrl":"https:\/\/rioonwatch.org.br\/wp-content\/uploads\/2016\/01\/Decemberdigestcollage2-620x264.jpg","datePublished":"2016-01-16T12:00:58+00:00","dateModified":"2016-09-26T19:02:00+00:00","breadcrumb":{"@id":"https:\/\/rioonwatch.org.br\/?p=18062#breadcrumb"},"inLanguage":"pt-BR","potentialAction":[{"@type":"ReadAction","target":["https:\/\/rioonwatch.org.br\/?p=18062"]}]},{"@type":"ImageObject","inLanguage":"pt-BR","@id":"https:\/\/rioonwatch.org.br\/?p=18062#primaryimage","url":"https:\/\/rioonwatch.org.br\/wp-content\/uploads\/2016\/01\/Decemberdigestcollage2-620x264.jpg","contentUrl":"https:\/\/rioonwatch.org.br\/wp-content\/uploads\/2016\/01\/Decemberdigestcollage2-620x264.jpg","width":620,"height":264},{"@type":"BreadcrumbList","@id":"https:\/\/rioonwatch.org.br\/?p=18062#breadcrumb","itemListElement":[{"@type":"ListItem","position":1,"name":"In\u00edcio","item":"https:\/\/rioonwatch.org.br\/"},{"@type":"ListItem","position":2,"name":"Favelas nas Not\u00edcias: Resumo de Dezembro 2015"}]},{"@type":"WebSite","@id":"https:\/\/rioonwatch.org.br\/#website","url":"https:\/\/rioonwatch.org.br\/","name":"RioOnWatch","description":"relatos das favelas cariocas","publisher":{"@id":"https:\/\/rioonwatch.org.br\/#organization"},"potentialAction":[{"@type":"SearchAction","target":{"@type":"EntryPoint","urlTemplate":"https:\/\/rioonwatch.org.br\/?s={search_term_string}"},"query-input":{"@type":"PropertyValueSpecification","valueRequired":true,"valueName":"search_term_string"}}],"inLanguage":"pt-BR"},{"@type":"Organization","@id":"https:\/\/rioonwatch.org.br\/#organization","name":"RioOnWatch","url":"https:\/\/rioonwatch.org.br\/","logo":{"@type":"ImageObject","inLanguage":"pt-BR","@id":"https:\/\/rioonwatch.org.br\/#\/schema\/logo\/image\/","url":"https:\/\/rioonwatch.org.br\/wp-content\/uploads\/2021\/06\/RioOnWatchcabecalhoPT11anos-2.png","contentUrl":"https:\/\/rioonwatch.org.br\/wp-content\/uploads\/2021\/06\/RioOnWatchcabecalhoPT11anos-2.png","width":779,"height":277,"caption":"RioOnWatch"},"image":{"@id":"https:\/\/rioonwatch.org.br\/#\/schema\/logo\/image\/"}},{"@type":"Person","@id":"https:\/\/rioonwatch.org.br\/#\/schema\/person\/b639ec2683435de5a982b61e05770a3d","name":"Cerianne Robertson","image":{"@type":"ImageObject","inLanguage":"pt-BR","@id":"https:\/\/rioonwatch.org.br\/#\/schema\/person\/image\/","url":"https:\/\/secure.gravatar.com\/avatar\/b2495baf6047713d9cf5eb43059071e1?s=96&d=blank&r=g","contentUrl":"https:\/\/secure.gravatar.com\/avatar\/b2495baf6047713d9cf5eb43059071e1?s=96&d=blank&r=g","caption":"Cerianne Robertson"},"url":"https:\/\/rioonwatch.org.br\/?author=147"}]}},"_links":{"self":[{"href":"https:\/\/rioonwatch.org.br\/index.php?rest_route=\/wp\/v2\/posts\/18062"}],"collection":[{"href":"https:\/\/rioonwatch.org.br\/index.php?rest_route=\/wp\/v2\/posts"}],"about":[{"href":"https:\/\/rioonwatch.org.br\/index.php?rest_route=\/wp\/v2\/types\/post"}],"author":[{"embeddable":true,"href":"https:\/\/rioonwatch.org.br\/index.php?rest_route=\/wp\/v2\/users\/147"}],"replies":[{"embeddable":true,"href":"https:\/\/rioonwatch.org.br\/index.php?rest_route=%2Fwp%2Fv2%2Fcomments&post=18062"}],"version-history":[{"count":8,"href":"https:\/\/rioonwatch.org.br\/index.php?rest_route=\/wp\/v2\/posts\/18062\/revisions"}],"predecessor-version":[{"id":22486,"href":"https:\/\/rioonwatch.org.br\/index.php?rest_route=\/wp\/v2\/posts\/18062\/revisions\/22486"}],"wp:featuredmedia":[{"embeddable":true,"href":"https:\/\/rioonwatch.org.br\/index.php?rest_route=\/wp\/v2\/media\/18063"}],"wp:attachment":[{"href":"https:\/\/rioonwatch.org.br\/index.php?rest_route=%2Fwp%2Fv2%2Fmedia&parent=18062"}],"wp:term":[{"taxonomy":"category","embeddable":true,"href":"https:\/\/rioonwatch.org.br\/index.php?rest_route=%2Fwp%2Fv2%2Fcategories&post=18062"},{"taxonomy":"post_tag","embeddable":true,"href":"https:\/\/rioonwatch.org.br\/index.php?rest_route=%2Fwp%2Fv2%2Ftags&post=18062"},{"taxonomy":"writer","embeddable":true,"href":"https:\/\/rioonwatch.org.br\/index.php?rest_route=%2Fwp%2Fv2%2Fwriter&post=18062"},{"taxonomy":"translator","embeddable":true,"href":"https:\/\/rioonwatch.org.br\/index.php?rest_route=%2Fwp%2Fv2%2Ftranslator&post=18062"},{"taxonomy":"source","embeddable":true,"href":"https:\/\/rioonwatch.org.br\/index.php?rest_route=%2Fwp%2Fv2%2Fsource&post=18062"},{"taxonomy":"ilustrador","embeddable":true,"href":"https:\/\/rioonwatch.org.br\/index.php?rest_route=%2Fwp%2Fv2%2Filustrador&post=18062"},{"taxonomy":"fotografo","embeddable":true,"href":"https:\/\/rioonwatch.org.br\/index.php?rest_route=%2Fwp%2Fv2%2Ffotografo&post=18062"}],"curies":[{"name":"wp","href":"https:\/\/api.w.org\/{rel}","templated":true}]}}