{"id":18067,"date":"2016-01-15T19:18:23","date_gmt":"2016-01-15T22:18:23","guid":{"rendered":"http:\/\/rioonwatch.org.br\/?p=18067"},"modified":"2024-06-20T16:28:18","modified_gmt":"2024-06-20T19:28:18","slug":"vila-autodromo-as-vesperas-de-violentos-abusos-de-direitos-humanos-comunidade-acorda-com-a-policia-de-choque-e-com-um-novo-muro","status":"publish","type":"post","link":"https:\/\/rioonwatch.org.br\/?p=18067","title":{"rendered":"Vila Aut\u00f3dromo \u00e0s V\u00e9speras de Viol\u00eancia? Comunidade Acorda Com Tropa de Choque e Novo Muro"},"content":{"rendered":"<p style=\"text-align: right;\"><a href=\"http:\/\/bit.ly\/1P4pCbi\" target=\"_blank\" rel=\"noopener\"><em><strong>Click Here for English<img decoding=\"async\" width=\"20\" height=\"20\" class=\"alignright wp-image-15790\" src=\"http:\/\/rioonwatch.org.br\/wp-content\/uploads\/2012\/08\/EN-standard-e1439583104716.jpg\" alt=\"\" \/><\/strong><\/em><\/a><\/p>\n<p>Nesta quarta-feira, 13 de janeiro, a <a href=\"http:\/\/bit.ly\/Nfddvg\" target=\"_blank\" rel=\"noopener\">Vila Aut\u00f3dromo<\/a> acordou por volta das 7 horas da manh\u00e3 e encontrou, em torno do bairro que hoje \u00e9 lar\u00a0para algumas dezenas de fam\u00edlias, um grande n\u00famero de policiais\u00a0da Tropa de Choque do Rio,\u00a0teoricamente a\u00a0pol\u00edcia apropriada\u00a0para o\u00a0controle de grandes dist\u00farbios em manifesta\u00e7\u00f5es civis e eventos p\u00fablicos. Os moradores n\u00e3o tiveram nenhum aviso que eles estariam l\u00e1 ou o que estava para acontecer. Na falta de informa\u00e7\u00f5es, os moradores temiam uma repeti\u00e7\u00e3o da tentativa de demoli\u00e7\u00e3o, a mesma ocorrida em junho passado, que <a href=\"http:\/\/on.fb.me\/1EY5ImG\" target=\"_blank\" rel=\"noopener\">resultou em conflito<\/a> com a Guarda Municipal e pelo menos seis feridos.<\/p>\n<p>Acompanhada do sub-prefeito da\u00a0<a href=\"http:\/\/bit.ly\/19BBUhf\" target=\"_blank\" rel=\"noopener\">Barra da Tijuca<\/a>, <a href=\"http:\/\/bit.ly\/1On7u8Y\" target=\"_blank\" rel=\"noopener\">Alex Costa<\/a>, e sua assistente Marli Pe\u00e7anha, a Tropa de Choque instalou uma grande cerca branca em toda a estrada principal da comunidade, que agora corta uma grande parte do acesso da comunidade \u00e0 lagoa.\u00a0A cerca isola as casas de duas fam\u00edlias que permanecem na parte da margem da Vila Aut\u00f3dromo, <a href=\"http:\/\/on.fb.me\/1J6QpS5\" target=\"_blank\" rel=\"noopener\">conforme descrito neste v\u00eddeo<\/a>\u00a0por um dos moradores remanescentes.\u00a0Agora, essas fam\u00edlias ter\u00e3o de chegar a suas casas atrav\u00e9s do Parque Ol\u00edmpico, que ainda est\u00e1 em constru\u00e7\u00e3o, <a href=\"http:\/\/bit.ly\/1JPs8Qo\" target=\"_blank\" rel=\"noopener\">solicitando permiss\u00e3o cada vez<\/a> que receber um convidado em suas casas para entrar atrav\u00e9s do Parque. Um morador mediu a dist\u00e2ncia que essas duas fam\u00edlias agora t\u00eam de andar at\u00e9 o ponto\u00a0de \u00f4nibus\u00a0mais perto de sua casa, algo como cinco a seis quil\u00f4metros atrav\u00e9s do Parque.<\/p>\n<p><a href=\"http:\/\/rioonwatch.org.br\/wp-content\/uploads\/2016\/01\/wall-going-up-620x264-1.jpg\"><img fetchpriority=\"high\" decoding=\"async\" class=\"aligncenter wp-image-18073 size-medium\" title=\"Constru\u00e7\u00e3o do muro\" src=\"http:\/\/rioonwatch.org.br\/wp-content\/uploads\/2016\/01\/wall-going-up-620x264-1-620x264.jpg\" alt=\"Constru\u00e7\u00e3o do muro\" width=\"620\" height=\"264\" \/><\/a><\/p>\n<p>Embora a pol\u00edcia deixou a \u00e1rea antes de meio-dia, os membros da comunidade ficaram juntos depois para\u00a0discutir formas de reagir. Um morador falou sobre a necessidade de identificar as leis espec\u00edficas que protegem o direito da pessoa de acesso \u00e0 sua pr\u00f3pria casa. Moradores tamb\u00e9m sugeriram que os funcion\u00e1rios municipais sabem exatamente que essas leis existem, mas que <a href=\"http:\/\/bit.ly\/1QHprD5\" target=\"_blank\" rel=\"noopener\">se aproveitam de moradores<\/a> que n\u00e3o t\u00eam a mesma familiaridade com essas leis.<\/p>\n<p>Em resposta \u00e0 constru\u00e7\u00e3o do muro, um grupo de moradores foi at\u00e9 a pol\u00edcia local para registrar um boletim de ocorr\u00eancia. Os moradores queriam ter certeza de que todos os aspectos do incidente fossem registrados formalmente. Eles acreditam que a chegada, que o hor\u00e1rio, logo pela manh\u00e3 cedo do incidente, foi para surpreend\u00ea-los, e sentiram a falta de notifica\u00e7\u00e3o aos moradores antes de vir e o uso das tropas de choque armadas como\u00a0descabido e constituindo\u00a0um crime. Na primeira, a Pol\u00edcia Militar n\u00e3o iria registrar o incidente, uma vez que acreditava que n\u00e3o havia crime cometido; a Pol\u00edcia Civil deu a mesma resposta.<\/p>\n<p><a href=\"http:\/\/rioonwatch.org.br\/wp-content\/uploads\/2016\/01\/wall-620x264.jpg\"><img decoding=\"async\" class=\"aligncenter wp-image-18072 size-medium\" title=\"Novo muro\" src=\"http:\/\/rioonwatch.org.br\/wp-content\/uploads\/2016\/01\/wall-620x264-620x264.jpg\" alt=\"Novo muro\" width=\"620\" height=\"264\" \/><\/a><\/p>\n<p>Quando os moradores da Vila Aut\u00f3dromo insistiram que pelo menos um relat\u00f3rio de eventos deveria ser registrado, o primeiro relat\u00f3rio da pol\u00edcia foi vago e n\u00e3o inclu\u00eda detalhes, tais como a presen\u00e7a das tropas de choque ou a falta de aviso pr\u00e9vio. Mesmo depois de adicionados mais detalhes e o relat\u00f3rio formal do que aconteceu apresentado, o incidente foi classificado como um &#8220;fato at\u00edpico,&#8221; o que significa que n\u00e3o\u00a0h\u00e1 crime cometido.<\/p>\n<p>Na p\u00e1gina da comunidade no Facebook <a href=\"http:\/\/on.fb.me\/1UVhBnl\" target=\"_blank\" rel=\"noopener\">moradores escreveram<\/a>: &#8220;Impediram nosso acesso a uma parte da comunidade, usaram a tropa de choque GM para intimidar, fecharam uma VIA PUBLICA. Ent\u00e3o, o que \u00e9 crime?&#8221;<\/p>\n<figure id=\"attachment_18071\" aria-describedby=\"caption-attachment-18071\" style=\"width: 620px\" class=\"wp-caption aligncenter\"><a href=\"http:\/\/rioonwatch.org.br\/wp-content\/uploads\/2016\/01\/ealier-barricade-620x264.jpg\"><img loading=\"lazy\" decoding=\"async\" class=\"wp-image-18071 size-medium\" src=\"http:\/\/rioonwatch.org.br\/wp-content\/uploads\/2016\/01\/ealier-barricade-620x264-620x264.jpg\" alt=\"Barricade inicial, removida durante a noite\" width=\"620\" height=\"264\" \/><\/a><figcaption id=\"caption-attachment-18071\" class=\"wp-caption-text\">Barricada inicial, removida durante a noite<\/figcaption><\/figure>\n<figure id=\"attachment_18070\" aria-describedby=\"caption-attachment-18070\" style=\"width: 620px\" class=\"wp-caption aligncenter\"><a href=\"http:\/\/rioonwatch.org.br\/wp-content\/uploads\/2016\/01\/current-barricade-1-620x264.jpg\"><img loading=\"lazy\" decoding=\"async\" class=\"wp-image-18070 size-medium\" src=\"http:\/\/rioonwatch.org.br\/wp-content\/uploads\/2016\/01\/current-barricade-1-620x264-620x264.jpg\" alt=\"Nova barricada erguida pela comunidade em 14 de janeiro\" width=\"620\" height=\"264\" \/><\/a><figcaption id=\"caption-attachment-18070\" class=\"wp-caption-text\">Nova barricada erguida pela comunidade em 14 de janeiro<\/figcaption><\/figure>\n<p>Ontem de manh\u00e3, quinta-feira 14 de janeiro, moradores relataram ainda mais um motivo de preocupa\u00e7\u00e3o. A barricada que os moradores\u00a0haviam erguido e mantido na entrada da comunidade, com vigil\u00e2ncia 24&#215;7 por moradores desde dezembro, <a href=\"http:\/\/on.fb.me\/1ORkm8X\" target=\"_blank\" rel=\"noopener\">foi removido pela Guarda Municipal<\/a> durante a noite. Moradores substituiram a <a href=\"http:\/\/on.fb.me\/1NbpGOV\" target=\"_blank\" rel=\"noopener\">barricada original<\/a> com <a href=\"http:\/\/on.fb.me\/1RpP5vX\" target=\"_blank\" rel=\"noopener\">uma nova<\/a>. A barreira original feita de t\u00e1buas, caixas de madeira e m\u00f3veis, foi constru\u00edda para evitar que grandes caminh\u00f5es arruinem ainda mais a estrada principal que atravessa a Vila Aut\u00f3dromo em seu caminho para o canteiro de obras do Parque Ol\u00edmpico, e para impedir as demoli\u00e7\u00f5es n\u00e3o consensuais que ocorrem em propriedades que ainda n\u00e3o tenham recebido a devida compensa\u00e7\u00e3o. Mais uma vez, os moradores n\u00e3o receberam aviso pr\u00e9vio e <a href=\"http:\/\/on.fb.me\/1Q7Mwxi\" target=\"_blank\" rel=\"noopener\">eles escreveram<\/a> no Facebook: &#8220;Como sempre, n\u00e3o sabemos o que poder\u00e1 acontecer.&#8221; Eles declararam a inten\u00e7\u00e3o de impedir a Guarda Municipal de remover a barricada se tentassem novamente, e pediram ajuda para aqueles que os apoiam: &#8220;Quem puder nos apoiar vem pra c\u00e1, porque a situa\u00e7\u00e3o pode ficar tensa!&#8221;<\/p>\n<p>Deste desenrolar dos acontecimentos na Vila Aut\u00f3dromo, a partir do uso da Tropa de Choque tradicionalmente associada \u00e0\u00a0reintegra\u00e7\u00e3o de posse\u00a0de terras urbanas, at\u00e9 a remo\u00e7\u00e3o da barricada que fornece alguns elementos de prote\u00e7\u00e3o e aviso\u00a0para os moradores, a semana pinta um quadro sombrio para a viol\u00eancia que pode vir a acontecer nas pr\u00f3ximas semanas, pois j\u00e1 entramos em 2016 e aparentemente a Prefeitura est\u00e1 desesperadamente tentando remover os <a href=\"http:\/\/bit.ly\/1mJxRNp\" target=\"_blank\" rel=\"noopener\">moradores remanescentes da Vila Aut\u00f3dromo<\/a>.<\/p>\n<h3>V\u00eddeo por moradores\u00a0descrevendo a constru\u00e7\u00e3o do muro na comunidade:<\/h3>\n<p><iframe src=\"https:\/\/www.youtube.com\/embed\/LZavUL8_d5M\" width=\"620\" height=\"465\" frameborder=\"0\" allowfullscreen=\"allowfullscreen\"><\/iframe><\/p>\n<!-- AddThis Advanced Settings generic via filter on the_content --><!-- AddThis Share Buttons generic via filter on the_content -->","protected":false},"excerpt":{"rendered":"<div class=\"mh-excerpt\"><p>Click Here for English Nesta quarta-feira, 13 de janeiro, a Vila Aut\u00f3dromo acordou por volta das 7 horas da manh\u00e3 e encontrou, em torno do bairro que hoje \u00e9 lar\u00a0para algumas dezenas de fam\u00edlias, um <a class=\"mh-excerpt-more\" href=\"https:\/\/rioonwatch.org.br\/?p=18067\" title=\"Vila Aut\u00f3dromo \u00e0s V\u00e9speras de Viol\u00eancia? Comunidade Acorda Com Tropa de Choque e Novo Muro\">[&#8230;]<\/a><!-- AddThis Advanced Settings generic via filter on get_the_excerpt --><!-- AddThis Share Buttons generic via filter on get_the_excerpt --><\/p>\n<\/div>","protected":false},"author":147,"featured_media":18074,"comment_status":"closed","ping_status":"closed","sticky":false,"template":"","format":"standard","meta":{"_acf_changed":false,"_monsterinsights_skip_tracking":false,"_monsterinsights_sitenote_active":false,"_monsterinsights_sitenote_note":"","_monsterinsights_sitenote_category":0,"footnotes":""},"categories":[1617,1614,1635,1621,346,1626],"tags":[1240,78,358,359,14,1750,1749,1763,55,920,52,184],"writer":[1667],"translator":[1491],"source":[],"ilustrador":[],"fotografo":[],"class_list":{"0":"post-18067","1":"post","2":"type-post","3":"status-publish","4":"format-standard","5":"has-post-thumbnail","7":"category-olhonagentrificacao","8":"category-olhonasremocoes","9":"category-1635","10":"category-destaque","11":"category-denuncias","12":"category-por-observadores-internacionais","13":"tag-megaeventos","14":"tag-olimpiadas","15":"tag-organizacao-comunitaria","16":"tag-participacao-zero","17":"tag-remocao","18":"tag-sub-prefeito","19":"tag-sub-prefeito-alex-costa","20":"tag-tropa-de-choque","21":"tag-vila-autodromo","22":"tag-violencia-de-estado","23":"tag-violencia-policial","24":"tag-zona-oeste","25":"writer-david-robertson","26":"translator-patricia-gomes"},"acf":[],"yoast_head":"<!-- This site is optimized with the Yoast SEO plugin v25.6 - https:\/\/yoast.com\/wordpress\/plugins\/seo\/ -->\n<title>Vila Aut\u00f3dromo \u00e0s V\u00e9speras de Viol\u00eancia? Comunidade Acorda Com Tropa de Choque e Novo Muro - RioOnWatch<\/title>\n<meta name=\"robots\" content=\"index, follow, max-snippet:-1, max-image-preview:large, max-video-preview:-1\" \/>\n<link rel=\"canonical\" href=\"https:\/\/rioonwatch.org.br\/?p=18067\" \/>\n<meta property=\"og:locale\" content=\"pt_BR\" \/>\n<meta property=\"og:type\" content=\"article\" \/>\n<meta property=\"og:title\" content=\"Vila Aut\u00f3dromo \u00e0s V\u00e9speras de Viol\u00eancia? Comunidade Acorda Com Tropa de Choque e Novo Muro - RioOnWatch\" \/>\n<meta property=\"og:description\" content=\"Click Here for English Nesta quarta-feira, 13 de janeiro, a Vila Aut\u00f3dromo acordou por volta das 7 horas da manh\u00e3 e encontrou, em torno do bairro que hoje \u00e9 lar\u00a0para algumas dezenas de fam\u00edlias, um [...]\" \/>\n<meta property=\"og:url\" content=\"https:\/\/rioonwatch.org.br\/?p=18067\" \/>\n<meta property=\"og:site_name\" content=\"RioOnWatch\" \/>\n<meta property=\"article:published_time\" content=\"2016-01-15T22:18:23+00:00\" \/>\n<meta property=\"article:modified_time\" content=\"2024-06-20T19:28:18+00:00\" \/>\n<meta property=\"og:image\" content=\"https:\/\/rioonwatch.org.br\/wp-content\/uploads\/2016\/01\/Shock-troops-620x264-1.jpg\" \/>\n\t<meta property=\"og:image:width\" content=\"620\" \/>\n\t<meta property=\"og:image:height\" content=\"264\" \/>\n\t<meta property=\"og:image:type\" content=\"image\/jpeg\" \/>\n<meta name=\"author\" content=\"Cerianne Robertson\" \/>\n<meta name=\"twitter:card\" content=\"summary_large_image\" \/>\n<meta name=\"twitter:label1\" content=\"Escrito por\" \/>\n\t<meta name=\"twitter:data1\" content=\"Cerianne Robertson\" \/>\n\t<meta name=\"twitter:label2\" content=\"Est. tempo de leitura\" \/>\n\t<meta name=\"twitter:data2\" content=\"4 minutos\" \/>\n<script type=\"application\/ld+json\" class=\"yoast-schema-graph\">{\"@context\":\"https:\/\/schema.org\",\"@graph\":[{\"@type\":\"Article\",\"@id\":\"https:\/\/rioonwatch.org.br\/?p=18067#article\",\"isPartOf\":{\"@id\":\"https:\/\/rioonwatch.org.br\/?p=18067\"},\"author\":{\"name\":\"Cerianne Robertson\",\"@id\":\"https:\/\/rioonwatch.org.br\/#\/schema\/person\/b639ec2683435de5a982b61e05770a3d\"},\"headline\":\"Vila Aut\u00f3dromo \u00e0s V\u00e9speras de Viol\u00eancia? Comunidade Acorda Com Tropa de Choque e Novo Muro\",\"datePublished\":\"2016-01-15T22:18:23+00:00\",\"dateModified\":\"2024-06-20T19:28:18+00:00\",\"mainEntityOfPage\":{\"@id\":\"https:\/\/rioonwatch.org.br\/?p=18067\"},\"wordCount\":899,\"publisher\":{\"@id\":\"https:\/\/rioonwatch.org.br\/#organization\"},\"image\":{\"@id\":\"https:\/\/rioonwatch.org.br\/?p=18067#primaryimage\"},\"thumbnailUrl\":\"https:\/\/rioonwatch.org.br\/wp-content\/uploads\/2016\/01\/Shock-troops-620x264-1.jpg\",\"keywords\":[\"Megaeventos\",\"Olimp\u00edadas\",\"organiza\u00e7\u00e3o comunit\u00e1ria\",\"participa\u00e7\u00e3o zero\",\"Remo\u00e7\u00e3o\",\"sub-prefeito\",\"Sub-prefeito Alex Costa\",\"Tropa de Choque\",\"Vila Aut\u00f3dromo\",\"viol\u00eancia de Estado\",\"viol\u00eancia policial\",\"Zona Oeste\"],\"articleSection\":[\"#OlhoNaGentrifica\u00e7\u00e3o\",\"#OlhoNasRemo\u00e7\u00f5es\",\"#Rio2016\",\"*Destaque\",\"Den\u00fancias\",\"Escrito por Aliados\"],\"inLanguage\":\"pt-BR\"},{\"@type\":\"WebPage\",\"@id\":\"https:\/\/rioonwatch.org.br\/?p=18067\",\"url\":\"https:\/\/rioonwatch.org.br\/?p=18067\",\"name\":\"Vila Aut\u00f3dromo \u00e0s V\u00e9speras de Viol\u00eancia? Comunidade Acorda Com Tropa de Choque e Novo Muro - RioOnWatch\",\"isPartOf\":{\"@id\":\"https:\/\/rioonwatch.org.br\/#website\"},\"primaryImageOfPage\":{\"@id\":\"https:\/\/rioonwatch.org.br\/?p=18067#primaryimage\"},\"image\":{\"@id\":\"https:\/\/rioonwatch.org.br\/?p=18067#primaryimage\"},\"thumbnailUrl\":\"https:\/\/rioonwatch.org.br\/wp-content\/uploads\/2016\/01\/Shock-troops-620x264-1.jpg\",\"datePublished\":\"2016-01-15T22:18:23+00:00\",\"dateModified\":\"2024-06-20T19:28:18+00:00\",\"breadcrumb\":{\"@id\":\"https:\/\/rioonwatch.org.br\/?p=18067#breadcrumb\"},\"inLanguage\":\"pt-BR\",\"potentialAction\":[{\"@type\":\"ReadAction\",\"target\":[\"https:\/\/rioonwatch.org.br\/?p=18067\"]}]},{\"@type\":\"ImageObject\",\"inLanguage\":\"pt-BR\",\"@id\":\"https:\/\/rioonwatch.org.br\/?p=18067#primaryimage\",\"url\":\"https:\/\/rioonwatch.org.br\/wp-content\/uploads\/2016\/01\/Shock-troops-620x264-1.jpg\",\"contentUrl\":\"https:\/\/rioonwatch.org.br\/wp-content\/uploads\/2016\/01\/Shock-troops-620x264-1.jpg\",\"width\":620,\"height\":264},{\"@type\":\"BreadcrumbList\",\"@id\":\"https:\/\/rioonwatch.org.br\/?p=18067#breadcrumb\",\"itemListElement\":[{\"@type\":\"ListItem\",\"position\":1,\"name\":\"In\u00edcio\",\"item\":\"https:\/\/rioonwatch.org.br\/\"},{\"@type\":\"ListItem\",\"position\":2,\"name\":\"Vila Aut\u00f3dromo \u00e0s V\u00e9speras de Viol\u00eancia? Comunidade Acorda Com Tropa de Choque e Novo Muro\"}]},{\"@type\":\"WebSite\",\"@id\":\"https:\/\/rioonwatch.org.br\/#website\",\"url\":\"https:\/\/rioonwatch.org.br\/\",\"name\":\"RioOnWatch\",\"description\":\"relatos das favelas cariocas\",\"publisher\":{\"@id\":\"https:\/\/rioonwatch.org.br\/#organization\"},\"potentialAction\":[{\"@type\":\"SearchAction\",\"target\":{\"@type\":\"EntryPoint\",\"urlTemplate\":\"https:\/\/rioonwatch.org.br\/?s={search_term_string}\"},\"query-input\":{\"@type\":\"PropertyValueSpecification\",\"valueRequired\":true,\"valueName\":\"search_term_string\"}}],\"inLanguage\":\"pt-BR\"},{\"@type\":\"Organization\",\"@id\":\"https:\/\/rioonwatch.org.br\/#organization\",\"name\":\"RioOnWatch\",\"url\":\"https:\/\/rioonwatch.org.br\/\",\"logo\":{\"@type\":\"ImageObject\",\"inLanguage\":\"pt-BR\",\"@id\":\"https:\/\/rioonwatch.org.br\/#\/schema\/logo\/image\/\",\"url\":\"https:\/\/rioonwatch.org.br\/wp-content\/uploads\/2021\/06\/RioOnWatchcabecalhoPT11anos-2.png\",\"contentUrl\":\"https:\/\/rioonwatch.org.br\/wp-content\/uploads\/2021\/06\/RioOnWatchcabecalhoPT11anos-2.png\",\"width\":779,\"height\":277,\"caption\":\"RioOnWatch\"},\"image\":{\"@id\":\"https:\/\/rioonwatch.org.br\/#\/schema\/logo\/image\/\"}},{\"@type\":\"Person\",\"@id\":\"https:\/\/rioonwatch.org.br\/#\/schema\/person\/b639ec2683435de5a982b61e05770a3d\",\"name\":\"Cerianne Robertson\",\"image\":{\"@type\":\"ImageObject\",\"inLanguage\":\"pt-BR\",\"@id\":\"https:\/\/rioonwatch.org.br\/#\/schema\/person\/image\/\",\"url\":\"https:\/\/secure.gravatar.com\/avatar\/b2495baf6047713d9cf5eb43059071e1?s=96&d=blank&r=g\",\"contentUrl\":\"https:\/\/secure.gravatar.com\/avatar\/b2495baf6047713d9cf5eb43059071e1?s=96&d=blank&r=g\",\"caption\":\"Cerianne Robertson\"},\"url\":\"https:\/\/rioonwatch.org.br\/?author=147\"}]}<\/script>\n<!-- \/ Yoast SEO plugin. -->","yoast_head_json":{"title":"Vila Aut\u00f3dromo \u00e0s V\u00e9speras de Viol\u00eancia? Comunidade Acorda Com Tropa de Choque e Novo Muro - RioOnWatch","robots":{"index":"index","follow":"follow","max-snippet":"max-snippet:-1","max-image-preview":"max-image-preview:large","max-video-preview":"max-video-preview:-1"},"canonical":"https:\/\/rioonwatch.org.br\/?p=18067","og_locale":"pt_BR","og_type":"article","og_title":"Vila Aut\u00f3dromo \u00e0s V\u00e9speras de Viol\u00eancia? Comunidade Acorda Com Tropa de Choque e Novo Muro - RioOnWatch","og_description":"Click Here for English Nesta quarta-feira, 13 de janeiro, a Vila Aut\u00f3dromo acordou por volta das 7 horas da manh\u00e3 e encontrou, em torno do bairro que hoje \u00e9 lar\u00a0para algumas dezenas de fam\u00edlias, um [...]","og_url":"https:\/\/rioonwatch.org.br\/?p=18067","og_site_name":"RioOnWatch","article_published_time":"2016-01-15T22:18:23+00:00","article_modified_time":"2024-06-20T19:28:18+00:00","og_image":[{"width":620,"height":264,"url":"https:\/\/rioonwatch.org.br\/wp-content\/uploads\/2016\/01\/Shock-troops-620x264-1.jpg","type":"image\/jpeg"}],"author":"Cerianne Robertson","twitter_card":"summary_large_image","twitter_misc":{"Escrito por":"Cerianne Robertson","Est. tempo de leitura":"4 minutos"},"schema":{"@context":"https:\/\/schema.org","@graph":[{"@type":"Article","@id":"https:\/\/rioonwatch.org.br\/?p=18067#article","isPartOf":{"@id":"https:\/\/rioonwatch.org.br\/?p=18067"},"author":{"name":"Cerianne Robertson","@id":"https:\/\/rioonwatch.org.br\/#\/schema\/person\/b639ec2683435de5a982b61e05770a3d"},"headline":"Vila Aut\u00f3dromo \u00e0s V\u00e9speras de Viol\u00eancia? Comunidade Acorda Com Tropa de Choque e Novo Muro","datePublished":"2016-01-15T22:18:23+00:00","dateModified":"2024-06-20T19:28:18+00:00","mainEntityOfPage":{"@id":"https:\/\/rioonwatch.org.br\/?p=18067"},"wordCount":899,"publisher":{"@id":"https:\/\/rioonwatch.org.br\/#organization"},"image":{"@id":"https:\/\/rioonwatch.org.br\/?p=18067#primaryimage"},"thumbnailUrl":"https:\/\/rioonwatch.org.br\/wp-content\/uploads\/2016\/01\/Shock-troops-620x264-1.jpg","keywords":["Megaeventos","Olimp\u00edadas","organiza\u00e7\u00e3o comunit\u00e1ria","participa\u00e7\u00e3o zero","Remo\u00e7\u00e3o","sub-prefeito","Sub-prefeito Alex Costa","Tropa de Choque","Vila Aut\u00f3dromo","viol\u00eancia de Estado","viol\u00eancia policial","Zona Oeste"],"articleSection":["#OlhoNaGentrifica\u00e7\u00e3o","#OlhoNasRemo\u00e7\u00f5es","#Rio2016","*Destaque","Den\u00fancias","Escrito por Aliados"],"inLanguage":"pt-BR"},{"@type":"WebPage","@id":"https:\/\/rioonwatch.org.br\/?p=18067","url":"https:\/\/rioonwatch.org.br\/?p=18067","name":"Vila Aut\u00f3dromo \u00e0s V\u00e9speras de Viol\u00eancia? Comunidade Acorda Com Tropa de Choque e Novo Muro - RioOnWatch","isPartOf":{"@id":"https:\/\/rioonwatch.org.br\/#website"},"primaryImageOfPage":{"@id":"https:\/\/rioonwatch.org.br\/?p=18067#primaryimage"},"image":{"@id":"https:\/\/rioonwatch.org.br\/?p=18067#primaryimage"},"thumbnailUrl":"https:\/\/rioonwatch.org.br\/wp-content\/uploads\/2016\/01\/Shock-troops-620x264-1.jpg","datePublished":"2016-01-15T22:18:23+00:00","dateModified":"2024-06-20T19:28:18+00:00","breadcrumb":{"@id":"https:\/\/rioonwatch.org.br\/?p=18067#breadcrumb"},"inLanguage":"pt-BR","potentialAction":[{"@type":"ReadAction","target":["https:\/\/rioonwatch.org.br\/?p=18067"]}]},{"@type":"ImageObject","inLanguage":"pt-BR","@id":"https:\/\/rioonwatch.org.br\/?p=18067#primaryimage","url":"https:\/\/rioonwatch.org.br\/wp-content\/uploads\/2016\/01\/Shock-troops-620x264-1.jpg","contentUrl":"https:\/\/rioonwatch.org.br\/wp-content\/uploads\/2016\/01\/Shock-troops-620x264-1.jpg","width":620,"height":264},{"@type":"BreadcrumbList","@id":"https:\/\/rioonwatch.org.br\/?p=18067#breadcrumb","itemListElement":[{"@type":"ListItem","position":1,"name":"In\u00edcio","item":"https:\/\/rioonwatch.org.br\/"},{"@type":"ListItem","position":2,"name":"Vila Aut\u00f3dromo \u00e0s V\u00e9speras de Viol\u00eancia? Comunidade Acorda Com Tropa de Choque e Novo Muro"}]},{"@type":"WebSite","@id":"https:\/\/rioonwatch.org.br\/#website","url":"https:\/\/rioonwatch.org.br\/","name":"RioOnWatch","description":"relatos das favelas cariocas","publisher":{"@id":"https:\/\/rioonwatch.org.br\/#organization"},"potentialAction":[{"@type":"SearchAction","target":{"@type":"EntryPoint","urlTemplate":"https:\/\/rioonwatch.org.br\/?s={search_term_string}"},"query-input":{"@type":"PropertyValueSpecification","valueRequired":true,"valueName":"search_term_string"}}],"inLanguage":"pt-BR"},{"@type":"Organization","@id":"https:\/\/rioonwatch.org.br\/#organization","name":"RioOnWatch","url":"https:\/\/rioonwatch.org.br\/","logo":{"@type":"ImageObject","inLanguage":"pt-BR","@id":"https:\/\/rioonwatch.org.br\/#\/schema\/logo\/image\/","url":"https:\/\/rioonwatch.org.br\/wp-content\/uploads\/2021\/06\/RioOnWatchcabecalhoPT11anos-2.png","contentUrl":"https:\/\/rioonwatch.org.br\/wp-content\/uploads\/2021\/06\/RioOnWatchcabecalhoPT11anos-2.png","width":779,"height":277,"caption":"RioOnWatch"},"image":{"@id":"https:\/\/rioonwatch.org.br\/#\/schema\/logo\/image\/"}},{"@type":"Person","@id":"https:\/\/rioonwatch.org.br\/#\/schema\/person\/b639ec2683435de5a982b61e05770a3d","name":"Cerianne Robertson","image":{"@type":"ImageObject","inLanguage":"pt-BR","@id":"https:\/\/rioonwatch.org.br\/#\/schema\/person\/image\/","url":"https:\/\/secure.gravatar.com\/avatar\/b2495baf6047713d9cf5eb43059071e1?s=96&d=blank&r=g","contentUrl":"https:\/\/secure.gravatar.com\/avatar\/b2495baf6047713d9cf5eb43059071e1?s=96&d=blank&r=g","caption":"Cerianne Robertson"},"url":"https:\/\/rioonwatch.org.br\/?author=147"}]}},"_links":{"self":[{"href":"https:\/\/rioonwatch.org.br\/index.php?rest_route=\/wp\/v2\/posts\/18067"}],"collection":[{"href":"https:\/\/rioonwatch.org.br\/index.php?rest_route=\/wp\/v2\/posts"}],"about":[{"href":"https:\/\/rioonwatch.org.br\/index.php?rest_route=\/wp\/v2\/types\/post"}],"author":[{"embeddable":true,"href":"https:\/\/rioonwatch.org.br\/index.php?rest_route=\/wp\/v2\/users\/147"}],"replies":[{"embeddable":true,"href":"https:\/\/rioonwatch.org.br\/index.php?rest_route=%2Fwp%2Fv2%2Fcomments&post=18067"}],"version-history":[{"count":16,"href":"https:\/\/rioonwatch.org.br\/index.php?rest_route=\/wp\/v2\/posts\/18067\/revisions"}],"predecessor-version":[{"id":74234,"href":"https:\/\/rioonwatch.org.br\/index.php?rest_route=\/wp\/v2\/posts\/18067\/revisions\/74234"}],"wp:featuredmedia":[{"embeddable":true,"href":"https:\/\/rioonwatch.org.br\/index.php?rest_route=\/wp\/v2\/media\/18074"}],"wp:attachment":[{"href":"https:\/\/rioonwatch.org.br\/index.php?rest_route=%2Fwp%2Fv2%2Fmedia&parent=18067"}],"wp:term":[{"taxonomy":"category","embeddable":true,"href":"https:\/\/rioonwatch.org.br\/index.php?rest_route=%2Fwp%2Fv2%2Fcategories&post=18067"},{"taxonomy":"post_tag","embeddable":true,"href":"https:\/\/rioonwatch.org.br\/index.php?rest_route=%2Fwp%2Fv2%2Ftags&post=18067"},{"taxonomy":"writer","embeddable":true,"href":"https:\/\/rioonwatch.org.br\/index.php?rest_route=%2Fwp%2Fv2%2Fwriter&post=18067"},{"taxonomy":"translator","embeddable":true,"href":"https:\/\/rioonwatch.org.br\/index.php?rest_route=%2Fwp%2Fv2%2Ftranslator&post=18067"},{"taxonomy":"source","embeddable":true,"href":"https:\/\/rioonwatch.org.br\/index.php?rest_route=%2Fwp%2Fv2%2Fsource&post=18067"},{"taxonomy":"ilustrador","embeddable":true,"href":"https:\/\/rioonwatch.org.br\/index.php?rest_route=%2Fwp%2Fv2%2Filustrador&post=18067"},{"taxonomy":"fotografo","embeddable":true,"href":"https:\/\/rioonwatch.org.br\/index.php?rest_route=%2Fwp%2Fv2%2Ffotografo&post=18067"}],"curies":[{"name":"wp","href":"https:\/\/api.w.org\/{rel}","templated":true}]}}