{"id":18129,"date":"2016-01-25T10:43:33","date_gmt":"2016-01-25T13:43:33","guid":{"rendered":"http:\/\/rioonwatch.org.br\/?p=18129"},"modified":"2024-06-20T16:28:18","modified_gmt":"2024-06-20T19:28:18","slug":"prefeito-eduardo-paes-promete-vila-autodromo-permanecera-e-afirma-que-urbanizacao-das-favelas-foi-um-sucesso","status":"publish","type":"post","link":"https:\/\/rioonwatch.org.br\/?p=18129","title":{"rendered":"Paes Afirma Que Vila Aut\u00f3dromo Permanecer\u00e1 e Que Urbaniza\u00e7\u00e3o das Favelas Foi Sucesso"},"content":{"rendered":"<p style=\"text-align: right;\"><em><strong><a href=\"http:\/\/bit.ly\/1RWy79a\" target=\"_blank\" rel=\"noopener\">Click Here for English<img decoding=\"async\" width=\"20\" height=\"20\" class=\"alignright wp-image-15790\" src=\"http:\/\/rioonwatch.org.br\/wp-content\/uploads\/2012\/08\/EN-standard-e1439583104716.jpg\" alt=\"\" \/><\/a><\/strong><\/em><\/p>\n<p>Na ter\u00e7a-feira, 16 de janeiro, o <a href=\"http:\/\/bit.ly\/1k4eA6c\" target=\"_blank\" rel=\"noopener\">Prefeito Eduardo Paes<\/a> recebeu perguntas de um grupo de aproximadamente 80 pessoas no OsteRio, <a href=\"http:\/\/on.fb.me\/1lwzzjR\" target=\"_blank\" rel=\"noopener\">evento<\/a> organizado pela revista virtual <em><a href=\"http:\/\/bit.ly\/1LOSOgH\" target=\"_blank\" rel=\"noopener\">Vozerio<\/a><\/em> e o <a href=\"http:\/\/bit.ly\/ZI7vJw\" target=\"_blank\" rel=\"noopener\">Instituto de Estudos do Trabalho e Sociedade (IETS)<\/a>.<\/p>\n<p>O tom do <a href=\"http:\/\/bit.ly\/1WyWCIm\" target=\"_blank\" rel=\"noopener\">encontro foi amig\u00e1vel<\/a>, por\u00e9m muitas perguntas foram cr\u00edticas. A discuss\u00e3o abrangeu t\u00f3picos desde a <a href=\"http:\/\/bit.ly\/Nfddvg\" target=\"_blank\" rel=\"noopener\">Vila Aut\u00f3dromo<\/a> e o <a href=\"http:\/\/bit.ly\/1h0px8P\" target=\"_blank\" rel=\"noopener\">legado das Olimp\u00edadas para as favelas<\/a> do Rio, tanto quanto a <a href=\"http:\/\/bit.ly\/1wLR1Ef\" target=\"_blank\" rel=\"noopener\">viol\u00eancia<\/a> urbana, os investimentos da cidade em <a href=\"http:\/\/bit.ly\/1isHwFZ\" target=\"_blank\" rel=\"noopener\">museus<\/a> e a escolha do prefeito para o candidato que o suceder\u00e1, <a href=\"http:\/\/bit.ly\/1QgcahC\" target=\"_blank\" rel=\"noopener\">Pedro Paulo<\/a>, que <a href=\"http:\/\/bit.ly\/1PwLQwG\" target=\"_blank\" rel=\"noopener\">nega acusa\u00e7\u00f5es<\/a> de viol\u00eancia dom\u00e9stica contra sua esposa.<\/p>\n<p>A <a href=\"http:\/\/bit.ly\/NEwtUY\" target=\"_blank\" rel=\"noopener\">jornalista Julia Michaels<\/a> perguntou ao prefeito sobre os planos para a Vila Aut\u00f3dromo durante e depois dos Jogos Ol\u00edmpicos. Uma vez pressionado a tomar uma posi\u00e7\u00e3o, Paes refez <a href=\"http:\/\/bbc.in\/1MocJ73\" target=\"_blank\" rel=\"noopener\">seu discurso<\/a> de que a Vila Aut\u00f3dromo \u00e9 o \u00fanico caso de <a href=\"http:\/\/bit.ly\/X51Qvb\" target=\"_blank\" rel=\"noopener\">remo\u00e7\u00e3o<\/a>\u00a0que ocorreu diretamente por conta dos <a href=\"http:\/\/bit.ly\/1uZ9w6o\" target=\"_blank\" rel=\"noopener\">megaeventos<\/a>, e acrescentou que o processo est\u00e1 quase no fim: \u201cS\u00f3 resta uma [fam\u00edlia] que n\u00e3o quer sair, que \u00e9 obrigada a sair. E das outras todas, que n\u00e3o precisam sair, t\u00eam trinta. Querem ficar e v\u00e3o ficar. N\u00e3o tem problema nenhum\u201d.<\/p>\n<p><a href=\"http:\/\/rioonwatch.org.br\/wp-content\/uploads\/2016\/01\/12376383_1014406395267493_8368433244454957776_n-1-620x264.jpg\" rel=\"attachment wp-att-18130\"><img fetchpriority=\"high\" decoding=\"async\" class=\"aligncenter wp-image-18130 size-full\" title=\"Evento OsteRio, dia 19 de janeiro, 2016\" src=\"http:\/\/rioonwatch.org.br\/wp-content\/uploads\/2016\/01\/12376383_1014406395267493_8368433244454957776_n-1-620x264.jpg\" alt=\"Evento OsteRio, dia 19 de janeiro, 2016\" width=\"620\" height=\"264\" \/><\/a><\/p>\n<p>O Prefeito Eduardo Paes tem afirmado repetidamente que parte da comunidade ir\u00e1 ficar, mais recentemente ao p\u00fablico para <a href=\"http:\/\/glo.bo\/205YVFP\" target=\"_blank\" rel=\"noopener\"><em>O Globo<\/em><\/a> em outubro do ano passado e para a <a href=\"http:\/\/bbc.in\/1MocJ73\" target=\"_blank\" rel=\"noopener\"><em>BBC Brasil<\/em><\/a> em agosto. Entretanto, as <a href=\"http:\/\/bit.ly\/1Sn4qOh\" target=\"_blank\" rel=\"noopener\">atividades recentes<\/a> das tropas de choque e da guarda municipal na comunidade, <a href=\"http:\/\/bit.ly\/1QHprD5\" target=\"_blank\" rel=\"noopener\">crescentes\u00a0amea\u00e7as<\/a> das autoridades municipais, e um aparente descaso com os <a href=\"http:\/\/bit.ly\/1SxOUPu\" target=\"_blank\" rel=\"noopener\">danos causados<\/a>\u00a0no bairro pela constru\u00e7\u00e3o do Parque Ol\u00edmpico t\u00eam deixado os moradores em estado de p\u00e2nico e na espera de trucul\u00eancia. Ap\u00f3s saberem das \u00faltimas reafirma\u00e7\u00f5es do prefeito, os <a href=\"http:\/\/on.fb.me\/1Piof9d\" target=\"_blank\" rel=\"noopener\">moradores postaram<\/a> na p\u00e1gina da comunidade no Facebook:<\/p>\n<blockquote><p>\u201cCad\u00ea o plano de urbaniza\u00e7\u00e3o prefeito? De nada adianta afirmar que as fam\u00edlias que desejam ficar ter\u00e3o sua vontade respeitada, se na pr\u00e1tica o que a prefeitura faz \u00e9 tornar a vida na Vila cada vez mais dif\u00edcil!\u201d<\/p><\/blockquote>\n<p>Moradores e aliados que seguem a comunidade de perto ficaram chocados <a href=\"http:\/\/on.fb.me\/1QhmYfB\" target=\"_blank\" rel=\"noopener\">na\u00a0manh\u00e3 de 21 de janeiro, menos de 48 horas ap\u00f3s a declara\u00e7\u00e3o do prefeito, quando 150 integrantes da tropa de choque entraram na comunidade<\/a>, visitando os moradores das trinta casas que o prefeito disse que ficariam, informando que eles deveriam parar a constru\u00e7\u00e3o. O comprometimento do prefeito de manter a Vila Aut\u00f3dromo parece constituir um \u201c<a href=\"http:\/\/bit.ly\/1BjZPQX\" target=\"_blank\" rel=\"noopener\">Cavalo de Tr\u00f3ia<\/a>\u201d, uma das estrat\u00e9gias <a href=\"http:\/\/bit.ly\/1Qnzzhj\" target=\"_blank\" rel=\"noopener\">documentadas<\/a> pelo\u00a0<em>RioOnWatch<\/em>\u00a0usadas pela Prefeitura em locais onde pretendem\u00a0remover uma comunidade muito vis\u00edvel.\u00a0Nestes casos,\u00a0declara\u00e7\u00f5es p\u00fablicas s\u00e3o usadas para difundir a preocupa\u00e7\u00e3o do p\u00fablico, enquanto por tr\u00e1s dos panos cenas de despejo apenas se intensificam.<\/p>\n<p>No OsteRio, o prefeito continuou: \u201cE os outros, todos sa\u00edram, voluntariamente\u201d. Embora alguns moradores da Vila Aut\u00f3dromo receberem ofertas das primeiras\u00a0<a href=\"http:\/\/bit.ly\/1CArNJ6\" target=\"_blank\" rel=\"noopener\">indeniza\u00e7\u00f5es a pre\u00e7o\u00a0de mercado<\/a> na hist\u00f3ria da favela, as <a href=\"http:\/\/bit.ly\/1QHprD5\" target=\"_blank\" rel=\"noopener\">amea\u00e7as dos oficiais da Prefeitura<\/a> combinadas com a deteriora\u00e7\u00e3o dos <a href=\"http:\/\/bit.ly\/1khmTxR\" target=\"_blank\" rel=\"noopener\">espa\u00e7os p\u00fablicos<\/a> da comunidade fizeram\u00a0com\u00a0que mais moradores foram for\u00e7ados a sair\u00a0da comunidade do que a quantidade de indeniza\u00e7\u00f5es\u00a0aceitas sugere. O\u00a0<em>RioOnWatch<\/em> documentou a hist\u00f3ria de v\u00e1rios moradores, incluindo a <a href=\"http:\/\/bit.ly\/1LiYCRR\" target=\"_blank\" rel=\"noopener\">Heloisa Helena<\/a>, <a href=\"http:\/\/bit.ly\/1JeDBbH\" target=\"_blank\" rel=\"noopener\">Jane<\/a>, <a href=\"http:\/\/bit.ly\/1E1iG7x\" target=\"_blank\" rel=\"noopener\">Tadilmarco<\/a>, <a href=\"http:\/\/bit.ly\/10A20At\" target=\"_blank\" rel=\"noopener\">Barr\u00e3o<\/a>, <a href=\"http:\/\/bit.ly\/1287r90\" target=\"_blank\" rel=\"noopener\">Jos\u00e9<\/a>, entre outros\u2013que se\u00a0sentiram\u00a0for\u00e7ados a aceitarem as ofertas para irem embora enquanto desejavam permanecer.<\/p>\n<p>O prefeito lembrou a plat\u00e9ia\u00a0que os que deixaram a Vila Aut\u00f3dromo tiveram a op\u00e7\u00e3o de aceitar apartamentos no <a href=\"http:\/\/bit.ly\/1dpuC3i\" target=\"_blank\" rel=\"noopener\">Parque Carioca<\/a>, um condom\u00ednio\u00a0de habita\u00e7\u00e3o\u00a0p\u00fablica do programa <a href=\"http:\/\/bit.ly\/Y4U9oJ\" target=\"_blank\" rel=\"noopener\">Minha Casa Minha Vida (MCMV)<\/a>\u00a0localizado a um quil\u00f4metro da comunidade. \u201cPara as pessoas que adoram fazer esses dossi\u00eas\u201d, ele disse, provavelmente se referindo aos <a href=\"http:\/\/bit.ly\/1Nup7Qs\" target=\"_blank\" rel=\"noopener\">dossi\u00eas do Comit\u00ea Popular da Copa e Olimp\u00edadas, sobre as viola\u00e7\u00f5es dos direitos humanos<\/a> \u00e0 frente da Rio 2016, \u201ceu convido eles a passar comigo no condom\u00ednio\u201d. Enquanto algumas fam\u00edlias antigas da Vila Aut\u00f3dromo com certeza est\u00e3o agradecidas pelas novas casas, o <em>RioOnWatch<\/em>\u00a0tem documentado um <a href=\"http:\/\/bbc.in\/1NWxF95\" target=\"_blank\" rel=\"noopener\">alto grau de insatisfa\u00e7\u00e3o<\/a> entre diversas\u00a0fam\u00edlias realocadas ao Parque Carioca e em outros condom\u00ednios do MCMV, devido a queixas de <a href=\"http:\/\/bit.ly\/1B6hW1w\" target=\"_blank\" rel=\"noopener\">m\u00e1 constru\u00e7\u00e3o<\/a>, <a href=\"http:\/\/bbc.in\/1NWxF95\" target=\"_blank\" rel=\"noopener\">dificuldade de cobrir os custos<\/a>, <a href=\"http:\/\/bit.ly\/1nUhsp1\" target=\"_blank\" rel=\"noopener\">dist\u00e2ncia<\/a> e <a href=\"http:\/\/bit.ly\/1W3ndB1\" target=\"_blank\" rel=\"noopener\">viol\u00eancia<\/a>.<\/p>\n<p><a href=\"http:\/\/ti.me\/1INsiHM\" target=\"_blank\" rel=\"noopener\">A fam\u00edlia<\/a> mencionada pelo prefeito como a \u00fanica que ainda falta ser removida vive no caminho de uma estrada de acesso rec\u00e9m-planejada para o Parque Ol\u00edmpico. Eles est\u00e3o entre os moradores que tem sido mais vocais ao longo dos anos, e se mantiveram\u00a0fortemente envolvidos nas reuni\u00f5es da comunidade, inclusive na gera\u00e7\u00e3o do\u00a0<a href=\"http:\/\/bit.ly\/1iuwNKq\" target=\"_blank\" rel=\"noopener\">Plano Popular da Vila Aut\u00f3dromo<\/a>, plano de urbaniza\u00e7\u00e3o popular <a href=\"http:\/\/bit.ly\/1ccQTyp\" target=\"_blank\" rel=\"noopener\">premiado\u00a0internacionalmente<\/a>. O plano participativo, inicialmente projetado para urbanizar\u00a0toda a comunidade, trazendo-a para o padr\u00e3o e garantindo a todos os moradores a perman\u00eancia ao lado do Parque Ol\u00edmpico, foi atualizado por moradores e as duas universidades federais envolvidas de forma iterativa, <a href=\"http:\/\/bit.ly\/1M39Oi4\" target=\"_blank\" rel=\"noopener\">a cada passo ao longo do caminho<\/a>.<\/p>\n<p><a href=\"http:\/\/rioonwatch.org.br\/wp-content\/uploads\/2016\/01\/cover-620x264.jpg\" rel=\"attachment wp-att-18131\"><img decoding=\"async\" class=\"aligncenter wp-image-18131 size-full\" title=\"Capa do Plano Popular da Vila Aut\u00f3dromo\" src=\"http:\/\/rioonwatch.org.br\/wp-content\/uploads\/2016\/01\/cover-620x264.jpg\" alt=\"Capa do Plano Popular da Vila Aut\u00f3dromo\" width=\"620\" height=\"264\" \/><\/a><\/p>\n<p>Quando pressionado sobre o que vai acontecer com a Vila Aut\u00f3dromo e a \u00e1rea do Parque Ol\u00edmpico ap\u00f3s os <a href=\"http:\/\/bit.ly\/PkLXlQ\" target=\"_blank\" rel=\"noopener\">Jogos Ol\u00edmpicos<\/a>, o Prefeito Eduardo Paes disse que uma das arenas esportivas poderia ser transformada em uma escola. Ele negou <a href=\"http:\/\/bit.ly\/1GNGsEX\" target=\"_blank\" rel=\"noopener\">especula\u00e7\u00f5es<\/a> de que pr\u00e9dios de apartamentos de luxo ser\u00e3o constru\u00eddos na \u00e1rea de imediato, enfatizando que \u00e9 uma &#8220;\u00e1rea p\u00fablica&#8221;.<\/p>\n<p>J\u00e1 sobre o legado das Olimp\u00edadas para as favelas em geral, Paes destacou os avan\u00e7os feitos nas favelas da <a href=\"http:\/\/bit.ly\/WximDf\" target=\"_blank\" rel=\"noopener\">Zona Norte<\/a> e <a href=\"http:\/\/bit.ly\/1Goa6TT\" target=\"_blank\" rel=\"noopener\">Zona Oeste<\/a> no acesso prim\u00e1rio aos cuidados de <a href=\"http:\/\/bit.ly\/1kzUmMv\" target=\"_blank\" rel=\"noopener\">sa\u00fade<\/a> p\u00fablica, assim como a melhora da urbaniza\u00e7\u00e3o. Ele referenciou o programa de urbaniza\u00e7\u00e3o das favelas <a href=\"http:\/\/bit.ly\/yUD1ZW\" target=\"_blank\" rel=\"noopener\">Morar Carioca<\/a> e foi al\u00e9m listando as melhorias em rela\u00e7\u00e3o a \u00e1gua, esgoto e ilumina\u00e7\u00e3o p\u00fablica.<\/p>\n<p>Morar Carioca foi um plano municipal popular e\u00a0<a href=\"http:\/\/sie.ag\/1P6VES6\" target=\"_blank\" rel=\"noopener\">premiado internacionalmente<\/a> para a urbaniza\u00e7\u00e3o\u00a0participativa das\u00a0favelas, e ainda \u00e9 <a href=\"http:\/\/bit.ly\/23ngIdo\" target=\"_blank\" rel=\"noopener\">promovido<\/a> como um legado social fundamental das Olimp\u00edadas de 2016. O objetivo foi urbanizar\u00a0todas as favelas do Rio de Janeiro at\u00e9\u00a02020. Ele tamb\u00e9m prometeu um processo de sele\u00e7\u00e3o\u00a0rigoroso para os\u00a0escrit\u00f3rios de arquitetura respons\u00e1veis pelos projetos e sua implementa\u00e7\u00e3o, e um grau de\u00a0<a href=\"http:\/\/bit.ly\/EscadaParticipacao\" target=\"_blank\" rel=\"noopener\">participa\u00e7\u00e3o<\/a>\u00a0popular alto e influente\u00a0na parte\u00a0da comunidade.<\/p>\n<p><a href=\"http:\/\/rioonwatch.org.br\/wp-content\/uploads\/2016\/01\/Eduardo-Paes-TED-talk-620x264-1.jpg\" rel=\"attachment wp-att-18132\"><img loading=\"lazy\" decoding=\"async\" class=\"aligncenter wp-image-18132 size-full\" title=\"Palestra no TED do Prefeito Eduardo Paes em 2012\" src=\"http:\/\/rioonwatch.org.br\/wp-content\/uploads\/2016\/01\/Eduardo-Paes-TED-talk-620x264-1.jpg\" alt=\"Palestra no TED do Prefeito Eduardo Paes em 2012\" width=\"620\" height=\"264\" \/><\/a><\/p>\n<p>Infelizmente, Morar Carioca na sua <a href=\"http:\/\/bit.ly\/104CmUd\" target=\"_blank\" rel=\"noopener\">forma promissora original<\/a> foi <a href=\"http:\/\/bit.ly\/1muQwLu\" target=\"_blank\" rel=\"noopener\">abandonado<\/a>, conforme os meios de comunica\u00e7\u00e3o internacionais j\u00e1 <a href=\"http:\/\/bit.ly\/1LGjT9l\" target=\"_blank\" rel=\"noopener\">reconheceram<\/a>. A pesquisadora Kate Steiker-Ginzberg do <em>RioOnWatch<\/em> <a href=\"http:\/\/bit.ly\/1muQwLu\" target=\"_blank\" rel=\"noopener\">encontrou em 2014<\/a> que a marca do Morar Carioca foi usada para projetos que n\u00e3o cumprem as normas do programa.<\/p>\n<p>As melhorias que o Prefeito Eduardo Paes listou\u00a0n\u00e3o foram implementadas atrav\u00e9s do processo prescrito. Um robusto envolvimento da comunidade e significativa urbaniza\u00e7\u00e3o de favelas n\u00e3o t\u00eam sido caracter\u00edsticas da sua administra\u00e7\u00e3o. Ainda assim, ele insinuou que sua administra\u00e7\u00e3o j\u00e1 levou a urbaniza\u00e7\u00e3o para todas as favelas atrav\u00e9s do Morar Carioca quando argumentou que &#8220;a \u00fanica coisa que n\u00e3o foi cumprida, que era uma promessa ol\u00edmpica&#8230; \u00e9 a quest\u00e3o da <a href=\"http:\/\/bit.ly\/1i8xoT1\" target=\"_blank\" rel=\"noopener\">Ba\u00eda de Guanabara<\/a>&#8220;.<\/p>\n<p>Enquanto os depoimentos do Prefeito visam oferecer tranquilidade aos moradores do Rio e aos defensores das favelas por toda a cidade e o mundo, tamb\u00e9m d\u00e3o um lembrete de promessas n\u00e3o cumpridas. N\u00e3o s\u00e3o apenas os moradores da Vila Aut\u00f3dromo que est\u00e3o perguntando: \u201cOnde est\u00e1 o plano de urbaniza\u00e7\u00e3o, Sr. Prefeito? \u201d Todos n\u00f3s podemos perguntar: Onde est\u00e1 o legado das Olimp\u00edadas para as favelas, Sr.\u00a0Prefeito?<\/p>\n<p><a href=\"http:\/\/rioonwatch.org.br\/wp-content\/uploads\/2016\/01\/Vila21jan.jpg\" rel=\"attachment wp-att-18133\"><img loading=\"lazy\" decoding=\"async\" class=\"aligncenter wp-image-18133\" title=\"150 membros da Tropa de Choque entram na Vila Aut\u00f3dromo no 21 de janeiro\" src=\"http:\/\/rioonwatch.org.br\/wp-content\/uploads\/2016\/01\/Vila21jan.jpg\" alt=\"150 membros da Tropa de Choque entram na Vila Aut\u00f3dromo no 21 de janeiro\" width=\"620\" height=\"311\" srcset=\"https:\/\/rioonwatch.org.br\/wp-content\/uploads\/2016\/01\/Vila21jan.jpg 1519w, https:\/\/rioonwatch.org.br\/wp-content\/uploads\/2016\/01\/Vila21jan-526x264.jpg 526w, https:\/\/rioonwatch.org.br\/wp-content\/uploads\/2016\/01\/Vila21jan-620x311.jpg 620w, https:\/\/rioonwatch.org.br\/wp-content\/uploads\/2016\/01\/Vila21jan-768x386.jpg 768w, https:\/\/rioonwatch.org.br\/wp-content\/uploads\/2016\/01\/Vila21jan-1024x514.jpg 1024w\" sizes=\"(max-width: 620px) 100vw, 620px\" \/><\/a><\/p>\n<!-- AddThis Advanced Settings generic via filter on the_content --><!-- AddThis Share Buttons generic via filter on the_content -->","protected":false},"excerpt":{"rendered":"<div class=\"mh-excerpt\"><p>Click Here for English Na ter\u00e7a-feira, 16 de janeiro, o Prefeito Eduardo Paes recebeu perguntas de um grupo de aproximadamente 80 pessoas no OsteRio, evento organizado pela revista virtual Vozerio e o Instituto de Estudos <a class=\"mh-excerpt-more\" href=\"https:\/\/rioonwatch.org.br\/?p=18129\" title=\"Paes Afirma Que Vila Aut\u00f3dromo Permanecer\u00e1 e Que Urbaniza\u00e7\u00e3o das Favelas Foi Sucesso\">[&#8230;]<\/a><!-- AddThis Advanced Settings generic via filter on get_the_excerpt --><!-- AddThis Share Buttons generic via filter on get_the_excerpt --><\/p>\n<\/div>","protected":false},"author":132,"featured_media":18134,"comment_status":"closed","ping_status":"closed","sticky":false,"template":"","format":"standard","meta":{"_acf_changed":false,"_monsterinsights_skip_tracking":false,"_monsterinsights_sitenote_active":false,"_monsterinsights_sitenote_note":"","_monsterinsights_sitenote_category":0,"footnotes":""},"categories":[1618,1614,1635,1621,1627,346,1626,344],"tags":[484,1460,722,1240,246,1021,270,78,1776,680,1033,14,1483,493,55,218,184],"writer":[1199],"translator":[1737],"source":[],"ilustrador":[],"fotografo":[],"class_list":{"0":"post-18129","1":"post","2":"type-post","3":"status-publish","4":"format-standard","5":"has-post-thumbnail","7":"category-olhonaparticipacao","8":"category-olhonasremocoes","9":"category-1635","10":"category-destaque","11":"category-relato-de-evento","12":"category-denuncias","13":"category-por-observadores-internacionais","14":"category-politicas","15":"tag-prefeito-eduardo-paes","16":"tag-indenizacao-a-preco-de-mercado","17":"tag-legado","18":"tag-megaeventos","19":"tag-minha-casa-minha-vida","20":"tag-mito-do-legado","21":"tag-morar-carioca","22":"tag-olimpiadas","23":"tag-osterio","24":"tag-parque-carioca","25":"tag-politica","26":"tag-remocao","27":"tag-taticas-de-remocao-cavalo-de-troia","28":"tag-urbanizacao","29":"tag-vila-autodromo","30":"tag-zona-norte","31":"tag-zona-oeste","32":"writer-cerianne-robertson","33":"translator-fabricio-salles"},"acf":[],"yoast_head":"<!-- This site is optimized with the Yoast SEO plugin v25.6 - https:\/\/yoast.com\/wordpress\/plugins\/seo\/ -->\n<title>Paes Afirma Que Vila Aut\u00f3dromo Permanecer\u00e1 e Que Urbaniza\u00e7\u00e3o das Favelas Foi Sucesso - RioOnWatch<\/title>\n<meta name=\"robots\" content=\"index, follow, max-snippet:-1, max-image-preview:large, max-video-preview:-1\" \/>\n<link rel=\"canonical\" href=\"https:\/\/rioonwatch.org.br\/?p=18129\" \/>\n<meta property=\"og:locale\" content=\"pt_BR\" \/>\n<meta property=\"og:type\" content=\"article\" \/>\n<meta property=\"og:title\" content=\"Paes Afirma Que Vila Aut\u00f3dromo Permanecer\u00e1 e Que Urbaniza\u00e7\u00e3o das Favelas Foi Sucesso - RioOnWatch\" \/>\n<meta property=\"og:description\" content=\"Click Here for English Na ter\u00e7a-feira, 16 de janeiro, o Prefeito Eduardo Paes recebeu perguntas de um grupo de aproximadamente 80 pessoas no OsteRio, evento organizado pela revista virtual Vozerio e o Instituto de Estudos [...]\" \/>\n<meta property=\"og:url\" content=\"https:\/\/rioonwatch.org.br\/?p=18129\" \/>\n<meta property=\"og:site_name\" content=\"RioOnWatch\" \/>\n<meta property=\"article:published_time\" content=\"2016-01-25T13:43:33+00:00\" \/>\n<meta property=\"article:modified_time\" content=\"2024-06-20T19:28:18+00:00\" \/>\n<meta property=\"og:image\" content=\"https:\/\/rioonwatch.org.br\/wp-content\/uploads\/2016\/01\/Tenis10-1-scaled.jpg\" \/>\n\t<meta property=\"og:image:width\" content=\"2560\" \/>\n\t<meta property=\"og:image:height\" content=\"1543\" \/>\n\t<meta property=\"og:image:type\" content=\"image\/jpeg\" \/>\n<meta name=\"author\" content=\"Felicity\" \/>\n<meta name=\"twitter:card\" content=\"summary_large_image\" \/>\n<meta name=\"twitter:label1\" content=\"Escrito por\" \/>\n\t<meta name=\"twitter:data1\" content=\"Felicity\" \/>\n\t<meta name=\"twitter:label2\" content=\"Est. tempo de leitura\" \/>\n\t<meta name=\"twitter:data2\" content=\"6 minutos\" \/>\n<script type=\"application\/ld+json\" class=\"yoast-schema-graph\">{\"@context\":\"https:\/\/schema.org\",\"@graph\":[{\"@type\":\"Article\",\"@id\":\"https:\/\/rioonwatch.org.br\/?p=18129#article\",\"isPartOf\":{\"@id\":\"https:\/\/rioonwatch.org.br\/?p=18129\"},\"author\":{\"name\":\"Felicity\",\"@id\":\"https:\/\/rioonwatch.org.br\/#\/schema\/person\/4d05cf5053c358ab740b3edd75a173f2\"},\"headline\":\"Paes Afirma Que Vila Aut\u00f3dromo Permanecer\u00e1 e Que Urbaniza\u00e7\u00e3o das Favelas Foi Sucesso\",\"datePublished\":\"2016-01-25T13:43:33+00:00\",\"dateModified\":\"2024-06-20T19:28:18+00:00\",\"mainEntityOfPage\":{\"@id\":\"https:\/\/rioonwatch.org.br\/?p=18129\"},\"wordCount\":1302,\"publisher\":{\"@id\":\"https:\/\/rioonwatch.org.br\/#organization\"},\"image\":{\"@id\":\"https:\/\/rioonwatch.org.br\/?p=18129#primaryimage\"},\"thumbnailUrl\":\"https:\/\/rioonwatch.org.br\/wp-content\/uploads\/2016\/01\/Tenis10-1-scaled.jpg\",\"keywords\":[\"Eduardo Paes\",\"indeniza\u00e7\u00e3o a pre\u00e7o de mercado\",\"Legado Ol\u00edmpico\",\"Megaeventos\",\"Minha Casa Minha Vida\",\"mito do legado\",\"Morar Carioca\",\"Olimp\u00edadas\",\"OsteRio\",\"Parque Carioca\",\"pol\u00edtica\",\"Remo\u00e7\u00e3o\",\"T\u00e1ticas de remo\u00e7\u00e3o: Cavalo de Troia\",\"urbaniza\u00e7\u00e3o\",\"Vila Aut\u00f3dromo\",\"Zona Norte\",\"Zona Oeste\"],\"articleSection\":[\"#OlhoNaParticipa\u00e7\u00e3o\",\"#OlhoNasRemo\u00e7\u00f5es\",\"#Rio2016\",\"*Destaque\",\"Cobertura de Eventos\",\"Den\u00fancias\",\"Escrito por Aliados\",\"Pol\u00edticas\"],\"inLanguage\":\"pt-BR\"},{\"@type\":\"WebPage\",\"@id\":\"https:\/\/rioonwatch.org.br\/?p=18129\",\"url\":\"https:\/\/rioonwatch.org.br\/?p=18129\",\"name\":\"Paes Afirma Que Vila Aut\u00f3dromo Permanecer\u00e1 e Que Urbaniza\u00e7\u00e3o das Favelas Foi Sucesso - RioOnWatch\",\"isPartOf\":{\"@id\":\"https:\/\/rioonwatch.org.br\/#website\"},\"primaryImageOfPage\":{\"@id\":\"https:\/\/rioonwatch.org.br\/?p=18129#primaryimage\"},\"image\":{\"@id\":\"https:\/\/rioonwatch.org.br\/?p=18129#primaryimage\"},\"thumbnailUrl\":\"https:\/\/rioonwatch.org.br\/wp-content\/uploads\/2016\/01\/Tenis10-1-scaled.jpg\",\"datePublished\":\"2016-01-25T13:43:33+00:00\",\"dateModified\":\"2024-06-20T19:28:18+00:00\",\"breadcrumb\":{\"@id\":\"https:\/\/rioonwatch.org.br\/?p=18129#breadcrumb\"},\"inLanguage\":\"pt-BR\",\"potentialAction\":[{\"@type\":\"ReadAction\",\"target\":[\"https:\/\/rioonwatch.org.br\/?p=18129\"]}]},{\"@type\":\"ImageObject\",\"inLanguage\":\"pt-BR\",\"@id\":\"https:\/\/rioonwatch.org.br\/?p=18129#primaryimage\",\"url\":\"https:\/\/rioonwatch.org.br\/wp-content\/uploads\/2016\/01\/Tenis10-1-scaled.jpg\",\"contentUrl\":\"https:\/\/rioonwatch.org.br\/wp-content\/uploads\/2016\/01\/Tenis10-1-scaled.jpg\",\"width\":2560,\"height\":1543},{\"@type\":\"BreadcrumbList\",\"@id\":\"https:\/\/rioonwatch.org.br\/?p=18129#breadcrumb\",\"itemListElement\":[{\"@type\":\"ListItem\",\"position\":1,\"name\":\"In\u00edcio\",\"item\":\"https:\/\/rioonwatch.org.br\/\"},{\"@type\":\"ListItem\",\"position\":2,\"name\":\"Paes Afirma Que Vila Aut\u00f3dromo Permanecer\u00e1 e Que Urbaniza\u00e7\u00e3o das Favelas Foi Sucesso\"}]},{\"@type\":\"WebSite\",\"@id\":\"https:\/\/rioonwatch.org.br\/#website\",\"url\":\"https:\/\/rioonwatch.org.br\/\",\"name\":\"RioOnWatch\",\"description\":\"relatos das favelas cariocas\",\"publisher\":{\"@id\":\"https:\/\/rioonwatch.org.br\/#organization\"},\"potentialAction\":[{\"@type\":\"SearchAction\",\"target\":{\"@type\":\"EntryPoint\",\"urlTemplate\":\"https:\/\/rioonwatch.org.br\/?s={search_term_string}\"},\"query-input\":{\"@type\":\"PropertyValueSpecification\",\"valueRequired\":true,\"valueName\":\"search_term_string\"}}],\"inLanguage\":\"pt-BR\"},{\"@type\":\"Organization\",\"@id\":\"https:\/\/rioonwatch.org.br\/#organization\",\"name\":\"RioOnWatch\",\"url\":\"https:\/\/rioonwatch.org.br\/\",\"logo\":{\"@type\":\"ImageObject\",\"inLanguage\":\"pt-BR\",\"@id\":\"https:\/\/rioonwatch.org.br\/#\/schema\/logo\/image\/\",\"url\":\"https:\/\/rioonwatch.org.br\/wp-content\/uploads\/2021\/06\/RioOnWatchcabecalhoPT11anos-2.png\",\"contentUrl\":\"https:\/\/rioonwatch.org.br\/wp-content\/uploads\/2021\/06\/RioOnWatchcabecalhoPT11anos-2.png\",\"width\":779,\"height\":277,\"caption\":\"RioOnWatch\"},\"image\":{\"@id\":\"https:\/\/rioonwatch.org.br\/#\/schema\/logo\/image\/\"}},{\"@type\":\"Person\",\"@id\":\"https:\/\/rioonwatch.org.br\/#\/schema\/person\/4d05cf5053c358ab740b3edd75a173f2\",\"name\":\"Felicity\",\"image\":{\"@type\":\"ImageObject\",\"inLanguage\":\"pt-BR\",\"@id\":\"https:\/\/rioonwatch.org.br\/#\/schema\/person\/image\/\",\"url\":\"https:\/\/secure.gravatar.com\/avatar\/bfc904486dc0bba6015410a00fe3fc27?s=96&d=blank&r=g\",\"contentUrl\":\"https:\/\/secure.gravatar.com\/avatar\/bfc904486dc0bba6015410a00fe3fc27?s=96&d=blank&r=g\",\"caption\":\"Felicity\"},\"url\":\"https:\/\/rioonwatch.org.br\/?author=132\"}]}<\/script>\n<!-- \/ Yoast SEO plugin. -->","yoast_head_json":{"title":"Paes Afirma Que Vila Aut\u00f3dromo Permanecer\u00e1 e Que Urbaniza\u00e7\u00e3o das Favelas Foi Sucesso - RioOnWatch","robots":{"index":"index","follow":"follow","max-snippet":"max-snippet:-1","max-image-preview":"max-image-preview:large","max-video-preview":"max-video-preview:-1"},"canonical":"https:\/\/rioonwatch.org.br\/?p=18129","og_locale":"pt_BR","og_type":"article","og_title":"Paes Afirma Que Vila Aut\u00f3dromo Permanecer\u00e1 e Que Urbaniza\u00e7\u00e3o das Favelas Foi Sucesso - RioOnWatch","og_description":"Click Here for English Na ter\u00e7a-feira, 16 de janeiro, o Prefeito Eduardo Paes recebeu perguntas de um grupo de aproximadamente 80 pessoas no OsteRio, evento organizado pela revista virtual Vozerio e o Instituto de Estudos [...]","og_url":"https:\/\/rioonwatch.org.br\/?p=18129","og_site_name":"RioOnWatch","article_published_time":"2016-01-25T13:43:33+00:00","article_modified_time":"2024-06-20T19:28:18+00:00","og_image":[{"width":2560,"height":1543,"url":"https:\/\/rioonwatch.org.br\/wp-content\/uploads\/2016\/01\/Tenis10-1-scaled.jpg","type":"image\/jpeg"}],"author":"Felicity","twitter_card":"summary_large_image","twitter_misc":{"Escrito por":"Felicity","Est. tempo de leitura":"6 minutos"},"schema":{"@context":"https:\/\/schema.org","@graph":[{"@type":"Article","@id":"https:\/\/rioonwatch.org.br\/?p=18129#article","isPartOf":{"@id":"https:\/\/rioonwatch.org.br\/?p=18129"},"author":{"name":"Felicity","@id":"https:\/\/rioonwatch.org.br\/#\/schema\/person\/4d05cf5053c358ab740b3edd75a173f2"},"headline":"Paes Afirma Que Vila Aut\u00f3dromo Permanecer\u00e1 e Que Urbaniza\u00e7\u00e3o das Favelas Foi Sucesso","datePublished":"2016-01-25T13:43:33+00:00","dateModified":"2024-06-20T19:28:18+00:00","mainEntityOfPage":{"@id":"https:\/\/rioonwatch.org.br\/?p=18129"},"wordCount":1302,"publisher":{"@id":"https:\/\/rioonwatch.org.br\/#organization"},"image":{"@id":"https:\/\/rioonwatch.org.br\/?p=18129#primaryimage"},"thumbnailUrl":"https:\/\/rioonwatch.org.br\/wp-content\/uploads\/2016\/01\/Tenis10-1-scaled.jpg","keywords":["Eduardo Paes","indeniza\u00e7\u00e3o a pre\u00e7o de mercado","Legado Ol\u00edmpico","Megaeventos","Minha Casa Minha Vida","mito do legado","Morar Carioca","Olimp\u00edadas","OsteRio","Parque Carioca","pol\u00edtica","Remo\u00e7\u00e3o","T\u00e1ticas de remo\u00e7\u00e3o: Cavalo de Troia","urbaniza\u00e7\u00e3o","Vila Aut\u00f3dromo","Zona Norte","Zona Oeste"],"articleSection":["#OlhoNaParticipa\u00e7\u00e3o","#OlhoNasRemo\u00e7\u00f5es","#Rio2016","*Destaque","Cobertura de Eventos","Den\u00fancias","Escrito por Aliados","Pol\u00edticas"],"inLanguage":"pt-BR"},{"@type":"WebPage","@id":"https:\/\/rioonwatch.org.br\/?p=18129","url":"https:\/\/rioonwatch.org.br\/?p=18129","name":"Paes Afirma Que Vila Aut\u00f3dromo Permanecer\u00e1 e Que Urbaniza\u00e7\u00e3o das Favelas Foi Sucesso - RioOnWatch","isPartOf":{"@id":"https:\/\/rioonwatch.org.br\/#website"},"primaryImageOfPage":{"@id":"https:\/\/rioonwatch.org.br\/?p=18129#primaryimage"},"image":{"@id":"https:\/\/rioonwatch.org.br\/?p=18129#primaryimage"},"thumbnailUrl":"https:\/\/rioonwatch.org.br\/wp-content\/uploads\/2016\/01\/Tenis10-1-scaled.jpg","datePublished":"2016-01-25T13:43:33+00:00","dateModified":"2024-06-20T19:28:18+00:00","breadcrumb":{"@id":"https:\/\/rioonwatch.org.br\/?p=18129#breadcrumb"},"inLanguage":"pt-BR","potentialAction":[{"@type":"ReadAction","target":["https:\/\/rioonwatch.org.br\/?p=18129"]}]},{"@type":"ImageObject","inLanguage":"pt-BR","@id":"https:\/\/rioonwatch.org.br\/?p=18129#primaryimage","url":"https:\/\/rioonwatch.org.br\/wp-content\/uploads\/2016\/01\/Tenis10-1-scaled.jpg","contentUrl":"https:\/\/rioonwatch.org.br\/wp-content\/uploads\/2016\/01\/Tenis10-1-scaled.jpg","width":2560,"height":1543},{"@type":"BreadcrumbList","@id":"https:\/\/rioonwatch.org.br\/?p=18129#breadcrumb","itemListElement":[{"@type":"ListItem","position":1,"name":"In\u00edcio","item":"https:\/\/rioonwatch.org.br\/"},{"@type":"ListItem","position":2,"name":"Paes Afirma Que Vila Aut\u00f3dromo Permanecer\u00e1 e Que Urbaniza\u00e7\u00e3o das Favelas Foi Sucesso"}]},{"@type":"WebSite","@id":"https:\/\/rioonwatch.org.br\/#website","url":"https:\/\/rioonwatch.org.br\/","name":"RioOnWatch","description":"relatos das favelas cariocas","publisher":{"@id":"https:\/\/rioonwatch.org.br\/#organization"},"potentialAction":[{"@type":"SearchAction","target":{"@type":"EntryPoint","urlTemplate":"https:\/\/rioonwatch.org.br\/?s={search_term_string}"},"query-input":{"@type":"PropertyValueSpecification","valueRequired":true,"valueName":"search_term_string"}}],"inLanguage":"pt-BR"},{"@type":"Organization","@id":"https:\/\/rioonwatch.org.br\/#organization","name":"RioOnWatch","url":"https:\/\/rioonwatch.org.br\/","logo":{"@type":"ImageObject","inLanguage":"pt-BR","@id":"https:\/\/rioonwatch.org.br\/#\/schema\/logo\/image\/","url":"https:\/\/rioonwatch.org.br\/wp-content\/uploads\/2021\/06\/RioOnWatchcabecalhoPT11anos-2.png","contentUrl":"https:\/\/rioonwatch.org.br\/wp-content\/uploads\/2021\/06\/RioOnWatchcabecalhoPT11anos-2.png","width":779,"height":277,"caption":"RioOnWatch"},"image":{"@id":"https:\/\/rioonwatch.org.br\/#\/schema\/logo\/image\/"}},{"@type":"Person","@id":"https:\/\/rioonwatch.org.br\/#\/schema\/person\/4d05cf5053c358ab740b3edd75a173f2","name":"Felicity","image":{"@type":"ImageObject","inLanguage":"pt-BR","@id":"https:\/\/rioonwatch.org.br\/#\/schema\/person\/image\/","url":"https:\/\/secure.gravatar.com\/avatar\/bfc904486dc0bba6015410a00fe3fc27?s=96&d=blank&r=g","contentUrl":"https:\/\/secure.gravatar.com\/avatar\/bfc904486dc0bba6015410a00fe3fc27?s=96&d=blank&r=g","caption":"Felicity"},"url":"https:\/\/rioonwatch.org.br\/?author=132"}]}},"_links":{"self":[{"href":"https:\/\/rioonwatch.org.br\/index.php?rest_route=\/wp\/v2\/posts\/18129"}],"collection":[{"href":"https:\/\/rioonwatch.org.br\/index.php?rest_route=\/wp\/v2\/posts"}],"about":[{"href":"https:\/\/rioonwatch.org.br\/index.php?rest_route=\/wp\/v2\/types\/post"}],"author":[{"embeddable":true,"href":"https:\/\/rioonwatch.org.br\/index.php?rest_route=\/wp\/v2\/users\/132"}],"replies":[{"embeddable":true,"href":"https:\/\/rioonwatch.org.br\/index.php?rest_route=%2Fwp%2Fv2%2Fcomments&post=18129"}],"version-history":[{"count":11,"href":"https:\/\/rioonwatch.org.br\/index.php?rest_route=\/wp\/v2\/posts\/18129\/revisions"}],"predecessor-version":[{"id":74372,"href":"https:\/\/rioonwatch.org.br\/index.php?rest_route=\/wp\/v2\/posts\/18129\/revisions\/74372"}],"wp:featuredmedia":[{"embeddable":true,"href":"https:\/\/rioonwatch.org.br\/index.php?rest_route=\/wp\/v2\/media\/18134"}],"wp:attachment":[{"href":"https:\/\/rioonwatch.org.br\/index.php?rest_route=%2Fwp%2Fv2%2Fmedia&parent=18129"}],"wp:term":[{"taxonomy":"category","embeddable":true,"href":"https:\/\/rioonwatch.org.br\/index.php?rest_route=%2Fwp%2Fv2%2Fcategories&post=18129"},{"taxonomy":"post_tag","embeddable":true,"href":"https:\/\/rioonwatch.org.br\/index.php?rest_route=%2Fwp%2Fv2%2Ftags&post=18129"},{"taxonomy":"writer","embeddable":true,"href":"https:\/\/rioonwatch.org.br\/index.php?rest_route=%2Fwp%2Fv2%2Fwriter&post=18129"},{"taxonomy":"translator","embeddable":true,"href":"https:\/\/rioonwatch.org.br\/index.php?rest_route=%2Fwp%2Fv2%2Ftranslator&post=18129"},{"taxonomy":"source","embeddable":true,"href":"https:\/\/rioonwatch.org.br\/index.php?rest_route=%2Fwp%2Fv2%2Fsource&post=18129"},{"taxonomy":"ilustrador","embeddable":true,"href":"https:\/\/rioonwatch.org.br\/index.php?rest_route=%2Fwp%2Fv2%2Filustrador&post=18129"},{"taxonomy":"fotografo","embeddable":true,"href":"https:\/\/rioonwatch.org.br\/index.php?rest_route=%2Fwp%2Fv2%2Ffotografo&post=18129"}],"curies":[{"name":"wp","href":"https:\/\/api.w.org\/{rel}","templated":true}]}}