{"id":18144,"date":"2016-01-27T06:00:35","date_gmt":"2016-01-27T09:00:35","guid":{"rendered":"http:\/\/rioonwatch.org.br\/?p=18144"},"modified":"2016-01-26T23:01:52","modified_gmt":"2016-01-27T02:01:52","slug":"cemiterio-dos-pretos-novos-comemora-20-anos-de-preservacao-historica","status":"publish","type":"post","link":"https:\/\/rioonwatch.org.br\/?p=18144","title":{"rendered":"Cemit\u00e9rio dos Pretos Novos Comemora 20 Anos de Preserva\u00e7\u00e3o Hist\u00f3rica"},"content":{"rendered":"<p style=\"text-align: right;\"><em><strong><a href=\"http:\/\/bit.ly\/1Josv4w\" target=\"_blank\">Click Here for English<img decoding=\"async\" width=\"20\" height=\"20\" class=\"alignright wp-image-15790\" src=\"http:\/\/rioonwatch.org.br\/wp-content\/uploads\/2012\/08\/EN-standard-e1439583104716.jpg\" alt=\"\" \/><\/a><\/strong><\/em><\/p>\n<p>A <a href=\"http:\/\/bit.ly\/1cVBDvL\" target=\"_blank\">regi\u00e3o do Porto<\/a> do\u00a0<span class=\"s1\">Rio tem recebido muita aten\u00e7\u00e3o nos anos que antecedem os Jogos Ol\u00edmpicos com projetos de infraestrutura maci\u00e7os, como a constru\u00e7\u00e3o de um sistema de<\/span> <a href=\"http:\/\/bit.ly\/1PhU7sD\" target=\"_blank\">ve\u00edculo leve sobre trilhos (VLT)<\/a>,\u00a0<span class=\"s1\">in\u00fameros novos edif\u00edcios de vidro e a destrui\u00e7\u00e3o<\/span> de uma <a href=\"http:\/\/bit.ly\/20qE0N6\" target=\"_blank\">parte da Perimetral<\/a>,\u00a0<span class=\"s1\" style=\"line-height: 1.5;\">em 2014. Infraestrutura cultural, como o<\/span> <a style=\"line-height: 1.5;\" href=\"http:\/\/bit.ly\/1SI6aBP\" target=\"_blank\">Museu de Arte do Rio<\/a><span style=\"line-height: 1.5;\">, o <\/span><a style=\"line-height: 1.5;\" href=\"http:\/\/bit.ly\/1RTBEUi\" target=\"_blank\">Museu do Amanh\u00e3<\/a><span style=\"line-height: 1.5;\">,\u00a0<\/span><span class=\"s1\">e o AquaRio, que ser\u00e1 o maior aqu\u00e1rio da Am\u00e9rica Latina, tamb\u00e9m est\u00e3o surgindo na regi\u00e3o do Porto em esfor\u00e7os para<\/span> <a style=\"line-height: 1.5;\" href=\"http:\/\/bit.ly\/UR7rn7\" target=\"_blank\">revitalizar esta \u00e1rea<\/a><span style=\"line-height: 1.5;\"> da cidade.<\/span><\/p>\n<p>Menos vis\u00edveis, contudo, s\u00e3o <a href=\"http:\/\/bit.ly\/16bu0AT\" target=\"_blank\">as profundas ra\u00edzes hist\u00f3ricas<\/a> da regi\u00e3o do\u00a0<span class=\"s1\">Porto, cujos defensores continuam trabalhando para chamar aten\u00e7\u00e3o e gerar reconhecimento. Em 16 de janeiro, o\u00a0<\/span><a style=\"line-height: 1.5;\" href=\"http:\/\/bit.ly\/1DhHrsS\" target=\"_blank\">Instituto de Pesquisa e Memorial Pretos Novos (IPN)<\/a><span style=\"line-height: 1.5;\">, tamb\u00e9m localizado na Regi\u00e3o Portu\u00e1ria, celebrou o 20\u00ba anivers\u00e1rio da descoberta importante de um cemit\u00e9rio de escravos\u00a0na \u00e1rea.<\/span><\/p>\n<p><a href=\"http:\/\/rioonwatch.org.br\/wp-content\/uploads\/2016\/01\/IMG_0881-e1453820746230.jpg\" rel=\"attachment wp-att-18147\"><img fetchpriority=\"high\" decoding=\"async\" class=\"aligncenter wp-image-18147 size-content\" title=\"O Insituto Pretos Novos \u00e9 localizado na regi\u00e3o do Porto\" src=\"http:\/\/rioonwatch.org.br\/wp-content\/uploads\/2016\/01\/IMG_0881-620x264.jpg\" alt=\"O Insituto Pretos Novos \u00e9 localizado na regi\u00e3o do Porto\" width=\"620\" height=\"264\" \/><\/a><\/p>\n<p>Em 1996, quando a fam\u00edlia Guimar\u00e3es foi renovar a sua casa, os trabalhadores descobriram restos humanos localizados abaixo da casa. Ap\u00f3s mais investiga\u00e7\u00e3o, a casa foi confirmada ter sido localizada em cima do que foi chamado de <a href=\"http:\/\/bit.ly\/1LBmSQW\" target=\"_blank\">Cemit\u00e9rio dos Pretos Novos<\/a>, que refere-se a um grande t\u00famulo comum onde os restos foram depositados de africanos escravizados que n\u00e3o sobreviveram at\u00e9 a venda, morrendo ou na <a href=\"http:\/\/bit.ly\/1S9AAtc\" target=\"_blank\">viagem da \u00c1frica para o Novo Mundo<\/a> ou no pr\u00f3prio Porto do Rio de Janeiro. Tinham rumores que o cemit\u00e9rio existia, e agora ele foi encontrado.<\/p>\n<p>Oficialmente, os registros indicam que 6.122 pessoas foram enterradas no cemit\u00e9rio. Mas estima-se que os restos de entre 20.000 e 30.000 pessoas foram depositados l\u00e1, a maioria dos quais eram crian\u00e7as ou adultos jovens. A fam\u00edlia Guimar\u00e3es \u00e9 a \u00fanica fam\u00edlia que dedicou sua \u00e1rea para a preserva\u00e7\u00e3o hist\u00f3rica, apesar de todo o quarteir\u00e3o cobrir o cemit\u00e9rio. Uma reflex\u00e3o brutal \u00e9 inevit\u00e1vel ao visitar o local onde nenhum cuidado foi tomado com os corpos que foram esmagados ou desmembrados e queimados junto com o lixo.<\/p>\n<p><a href=\"http:\/\/rioonwatch.org.br\/wp-content\/uploads\/2016\/01\/IMG_0872-e1453820892122.jpg\" rel=\"attachment wp-att-18148\"><img decoding=\"async\" class=\"aligncenter wp-image-18148 size-content\" title=\"Cemet\u00e9rio dos Pretos Novos\" src=\"http:\/\/rioonwatch.org.br\/wp-content\/uploads\/2016\/01\/IMG_0872-620x264.jpg\" alt=\"Cemet\u00e9rio dos Pretos Novos\" width=\"620\" height=\"264\" \/><\/a><\/p>\n<p>O evento de anivers\u00e1rio representou o culminar de 20 anos de pesquisa, ativismo e <a href=\"http:\/\/bit.ly\/1piRAgk\" target=\"_blank\">resist\u00eancia<\/a> para preservar a mem\u00f3ria desse importante peda\u00e7o da hist\u00f3ria mundial. O IPN usa seu espa\u00e7o para educar os visitantes sobre a <a href=\"http:\/\/bit.ly\/1G0pp5a\" target=\"_blank\">hist\u00f3ria afro-brasileira<\/a> e o Cemit\u00e9rio dos Pretos Novos. Sua programa\u00e7\u00e3o inclui passeios, eventos e, recentemente, uma s\u00e9rie de exposi\u00e7\u00f5es de arte apresentando artistas negros locais.<\/p>\n<p>Cerca de 70-80 pessoas estiveram presentes\u00a0dentro e fora do espa\u00e7o\u00a0no dia 16 de janeiro para pagar seus respeitos ao IPN e oferecer parab\u00e9ns \u00e0 fam\u00edlia Guimar\u00e3es pelo seu trabalho \u00e1rduo. \u00c0s 4 da tarde os participantes se reuniram em torno dos memoriais no centro da casa para oferecer ora\u00e7\u00f5es\u00a0aos Pretos Novos. Depois, eles se reuniram no sal\u00e3o principal para uma mesa redonda onde ativistas, pesquisadores e outros que trabalham com o IPN comentaram sobre a import\u00e2ncia do Instituto e do trabalho feito l\u00e1. Dan\u00e7a, comida e festa seguiram a discuss\u00e3o at\u00e9 a\u00a0noite.<\/p>\n<p><a href=\"http:\/\/rioonwatch.org.br\/wp-content\/uploads\/2016\/01\/IMG_0901-e1453821026355.jpg\" rel=\"attachment wp-att-18149\"><img loading=\"lazy\" decoding=\"async\" class=\"aligncenter wp-image-18149 size-content\" title=\"Participantes da festa de comemora\u00e7\u00e3o de 20 anos do IPN\" src=\"http:\/\/rioonwatch.org.br\/wp-content\/uploads\/2016\/01\/IMG_0901-620x264.jpg\" alt=\"Participantes da festa de comemora\u00e7\u00e3o de 20 anos do IPN\" width=\"620\" height=\"264\" \/><\/a><\/p>\n<p>Thawan Dias, estudante de arte e morador do Rio, participou no evento para aprender sobre o Instituto e sua hist\u00f3ria.<\/p>\n<p>&#8220;[Vim] porque sou negro e por saber a import\u00e2ncia desse lugar como divulgador da historia dos meus antepassados. Quando voc\u00ea conhece o outro, voc\u00ea come\u00e7a respeitar. A fun\u00e7\u00e3o do museu \u00e9 passar uma mensagem da hist\u00f3ria do negro no Brasil. Quem visita respeita os negros. A\u00ed, a gente consegue diminuir o <a href=\"http:\/\/bit.ly\/1KiFeTl\" target=\"_blank\">racismo<\/a> e <a href=\"http:\/\/bit.ly\/1owRf9p\" target=\"_blank\">desigualdade<\/a> existente. Ent\u00e3o o museu tem essa finalidade, para contar a hist\u00f3ria desse fato torturado e violento que aconteceu com os nossos antepassados&#8221;.<\/p>\n<p>O tom do evento foi cheio de emo\u00e7\u00e3o e paix\u00e3o. A fam\u00edlia Guimar\u00e3es contou a hist\u00f3ria de como as suas vidas mudaram com essa descoberta e a responsabilidade que sentiam para contar a hist\u00f3ria do espa\u00e7o. Sua filha tamb\u00e9m explicou como crescendo em sua casa a inspirou a estudar arqueologia.<\/p>\n<p>Uma participante e pesquisadora do IPN, C\u00e9lia Santos, disse que a descoberta do Cemit\u00e9rio dos Pretos Novos \u00e9 o que a levou a voltar para a escola. Ela agora est\u00e1 escrevendo sua tese de Hist\u00f3ria intitulada &#8220;O Resto Reconhecido: A Morte N\u00e3o Era o Fim&#8221; sobre o IPN e o Cemit\u00e9rio dos Pretos Novos.<\/p>\n<p>&#8220;Aqui \u00e9 um ponto de encontro para tomar conhecimento sobre os escravos&#8221;, explicou C\u00e9lia, dizendo como ela era capaz de aprender mais sobre seus pr\u00f3prios antepassados \u200b\u200batrav\u00e9s de sua pesquisa na IPN tamb\u00e9m.<\/p>\n<p><a href=\"http:\/\/rioonwatch.org.br\/wp-content\/uploads\/2016\/01\/IMG_0868-620x264.jpg\" rel=\"attachment wp-att-18150\"><img loading=\"lazy\" decoding=\"async\" class=\"aligncenter size-full wp-image-18150\" src=\"http:\/\/rioonwatch.org.br\/wp-content\/uploads\/2016\/01\/IMG_0868-620x264.jpg\" alt=\"\" width=\"620\" height=\"264\" \/><\/a><\/p>\n<p>Alberto Gomes Silva, presidente da\u00a0<a href=\"http:\/\/bit.ly\/1MLiE7L\" target=\"_blank\">Companhia de Desenvolvimento Urbano da Regi\u00e3o do Porto do Rio de Janeiro (CDURP)<\/a>, tamb\u00e9m estava presente. Ele reconheceu que deve haver um maior esfor\u00e7o para aprender mais sobre a hist\u00f3ria do Cemit\u00e9rio dos Pretos Novos. Ele tamb\u00e9m falou sobre a import\u00e2ncia da preserva\u00e7\u00e3o do patrim\u00f4nio imaterial do s\u00edtio\u00a0e da necessidade de trabalhar duro para todos sermos melhores cidad\u00e3os e representantes da hist\u00f3ria. Notavelmente, n\u00e3o houve men\u00e7\u00e3o de como o CDURP ir\u00e1 trabalhar com o IPN em rela\u00e7\u00e3o\u00a0\u00e0\u00a0<a href=\"http:\/\/bit.ly\/UR7rn7\" target=\"_blank\">remodela\u00e7\u00e3o da Regi\u00e3o do Porto<\/a>.<\/p>\n<p>Outros ativistas comunit\u00e1rios enfatizaram a import\u00e2ncia cr\u00edtica do IPN n\u00e3o apenas para o Rio ou o Brasil, mas para o mundo inteiro. Cerca de 10 milh\u00f5es de <a href=\"http:\/\/bit.ly\/1S9AAtc\" target=\"_blank\">africanos foram escravizados e transportados<\/a> para o Novo Mundo da \u00c1frica. Destes, 4 milh\u00f5es chegaram pelo Brasil e cerca de 70%, ou 2,4 milh\u00f5es vieram atrav\u00e9s de Rio. Isso faz com que o Rio seja o maior porto de escravos em toda a hist\u00f3ria humana e indica a import\u00e2ncia do Cemit\u00e9rio dos Pretos Novos para o mundo. O palestrante enfatizou a import\u00e2ncia de trazer mais desses patrim\u00f4nios africanos sob prote\u00e7\u00e3o como o\u00a0<a href=\"http:\/\/bit.ly\/1RjyYiv\" target=\"_blank\">Cais do Valongo<\/a> e o <a href=\"http:\/\/bit.ly\/VVrdp9\" target=\"_blank\">Quilombo da\u00a0Pedra do Sal<\/a>, e elogiou os esfor\u00e7os recentes para a\u00a0<a href=\"http:\/\/bit.ly\/1QR5w2C\" target=\"_blank\">candidatura destes espa\u00e7os \u00e0 Patrim\u00f3nio Mundial da UNESCO<\/a>. &#8220;Todo mundo precisa fazer mais, de trabalhar mais, para fazer que estas hist\u00f3rias sejam ouvidas&#8221;, expressou o alto-falante.<\/p>\n<p>No futuro, o IPN espera expandir sua programa\u00e7\u00e3o de exposi\u00e7\u00f5es de arte para artistas negros locais e realizar mais tours. Santos, que passa muito tempo no museu para sua pesquisa, espera que o museu se torne mais conhecido e grupos de todo o mundo vir\u00e3o v\u00ea-lo e aprender sobre os Pretos Novos. Uma s\u00e9rie de oradores na mesa-redonda tamb\u00e9m falou\u00a0sobre a import\u00e2ncia do IPN em influenciar debates sobre pol\u00edticas para preservar a <a href=\"http:\/\/bit.ly\/1OcSEDn\" target=\"_blank\">mem\u00f3ria<\/a> do lugar e do discurso p\u00fablico em torno do <a href=\"http:\/\/bit.ly\/1ODiDRd\" target=\"_blank\">passado turbulento<\/a> do Brasil.<\/p>\n<p>&#8220;N\u00e3o \u00e9 apenas sobre a import\u00e2ncia simb\u00f3lica, \u00e9 sobre a hist\u00f3ria real e o que aconteceu aqui.&#8221;<\/p>\n<!-- AddThis Advanced Settings generic via filter on the_content --><!-- AddThis Share Buttons generic via filter on the_content -->","protected":false},"excerpt":{"rendered":"<div class=\"mh-excerpt\"><p>Click Here for English A regi\u00e3o do Porto do\u00a0Rio tem recebido muita aten\u00e7\u00e3o nos anos que antecedem os Jogos Ol\u00edmpicos com projetos de infraestrutura maci\u00e7os, como a constru\u00e7\u00e3o de um sistema de ve\u00edculo leve sobre <a class=\"mh-excerpt-more\" href=\"https:\/\/rioonwatch.org.br\/?p=18144\" title=\"Cemit\u00e9rio dos Pretos Novos Comemora 20 Anos de Preserva\u00e7\u00e3o Hist\u00f3rica\">[&#8230;]<\/a><!-- AddThis Advanced Settings generic via filter on get_the_excerpt --><!-- AddThis Share Buttons generic via filter on get_the_excerpt --><\/p>\n<\/div>","protected":false},"author":132,"featured_media":18146,"comment_status":"closed","ping_status":"closed","sticky":false,"template":"","format":"standard","meta":{"_acf_changed":false,"_monsterinsights_skip_tracking":false,"_monsterinsights_sitenote_active":false,"_monsterinsights_sitenote_note":"","_monsterinsights_sitenote_category":0,"footnotes":""},"categories":[1627,1632,1626,1612,342],"tags":[1568,259,81,513,514,128,469,434,433,1297,1194,494,432,825],"writer":[1667],"translator":[1561],"source":[],"ilustrador":[],"fotografo":[],"class_list":{"0":"post-18144","1":"post","2":"type-post","3":"status-publish","4":"format-standard","5":"has-post-thumbnail","7":"category-relato-de-evento","8":"category-pesquisa-e-analise","9":"category-por-observadores-internacionais","10":"category-sociedade-civil","11":"category-solucoes","12":"tag-cdurp","13":"tag-centro","14":"tag-cultura","15":"tag-cultura-afro-brasileira","16":"tag-escravidao","17":"tag-historia","18":"tag-memoria","19":"tag-patrimonio-da-humanidade","20":"tag-porto-maravilha","21":"tag-preservacao-historica","22":"tag-pretos-novos","23":"tag-regiao-do-porto","24":"tag-resistencia","25":"tag-turismo","26":"writer-david-robertson","27":"translator-isabela-lyrio"},"acf":[],"yoast_head":"<!-- This site is optimized with the Yoast SEO plugin v25.6 - https:\/\/yoast.com\/wordpress\/plugins\/seo\/ -->\n<title>Cemit\u00e9rio dos Pretos Novos Comemora 20 Anos de Preserva\u00e7\u00e3o Hist\u00f3rica - RioOnWatch<\/title>\n<meta name=\"robots\" content=\"index, follow, max-snippet:-1, max-image-preview:large, max-video-preview:-1\" \/>\n<link rel=\"canonical\" href=\"https:\/\/rioonwatch.org.br\/?p=18144\" \/>\n<meta property=\"og:locale\" content=\"pt_BR\" \/>\n<meta property=\"og:type\" content=\"article\" \/>\n<meta property=\"og:title\" content=\"Cemit\u00e9rio dos Pretos Novos Comemora 20 Anos de Preserva\u00e7\u00e3o Hist\u00f3rica - RioOnWatch\" \/>\n<meta property=\"og:description\" content=\"Click Here for English A regi\u00e3o do Porto do\u00a0Rio tem recebido muita aten\u00e7\u00e3o nos anos que antecedem os Jogos Ol\u00edmpicos com projetos de infraestrutura maci\u00e7os, como a constru\u00e7\u00e3o de um sistema de ve\u00edculo leve sobre [...]\" \/>\n<meta property=\"og:url\" content=\"https:\/\/rioonwatch.org.br\/?p=18144\" \/>\n<meta property=\"og:site_name\" content=\"RioOnWatch\" \/>\n<meta property=\"article:published_time\" content=\"2016-01-27T09:00:35+00:00\" \/>\n<meta property=\"og:image\" content=\"https:\/\/rioonwatch.org.br\/wp-content\/uploads\/2016\/01\/IMG_0870-e1453820644192.jpg\" \/>\n\t<meta property=\"og:image:width\" content=\"1000\" \/>\n\t<meta property=\"og:image:height\" content=\"750\" \/>\n\t<meta property=\"og:image:type\" content=\"image\/jpeg\" \/>\n<meta name=\"author\" content=\"Felicity\" \/>\n<meta name=\"twitter:card\" content=\"summary_large_image\" \/>\n<meta name=\"twitter:label1\" content=\"Escrito por\" \/>\n\t<meta name=\"twitter:data1\" content=\"Felicity\" \/>\n\t<meta name=\"twitter:label2\" content=\"Est. tempo de leitura\" \/>\n\t<meta name=\"twitter:data2\" content=\"6 minutos\" \/>\n<script type=\"application\/ld+json\" class=\"yoast-schema-graph\">{\"@context\":\"https:\/\/schema.org\",\"@graph\":[{\"@type\":\"Article\",\"@id\":\"https:\/\/rioonwatch.org.br\/?p=18144#article\",\"isPartOf\":{\"@id\":\"https:\/\/rioonwatch.org.br\/?p=18144\"},\"author\":{\"name\":\"Felicity\",\"@id\":\"https:\/\/rioonwatch.org.br\/#\/schema\/person\/4d05cf5053c358ab740b3edd75a173f2\"},\"headline\":\"Cemit\u00e9rio dos Pretos Novos Comemora 20 Anos de Preserva\u00e7\u00e3o Hist\u00f3rica\",\"datePublished\":\"2016-01-27T09:00:35+00:00\",\"mainEntityOfPage\":{\"@id\":\"https:\/\/rioonwatch.org.br\/?p=18144\"},\"wordCount\":1174,\"publisher\":{\"@id\":\"https:\/\/rioonwatch.org.br\/#organization\"},\"image\":{\"@id\":\"https:\/\/rioonwatch.org.br\/?p=18144#primaryimage\"},\"thumbnailUrl\":\"https:\/\/rioonwatch.org.br\/wp-content\/uploads\/2016\/01\/IMG_0870-e1453820644192.jpg\",\"keywords\":[\"CDURP\",\"Centro\",\"cultura\",\"Cultura Afro-brasileira\",\"escravid\u00e3o\",\"hist\u00f3ria\",\"Mem\u00f3rias Faveladas\",\"Patrim\u00f4nio da Humanidade\",\"Porto Maravilha\",\"preserva\u00e7\u00e3o hist\u00f3rica\",\"Pretos Novos\",\"Regi\u00e3o do Porto\",\"resist\u00eancia\",\"turismo\"],\"articleSection\":[\"Cobertura de Eventos\",\"Dados e Pesquisa\",\"Escrito por Aliados\",\"Sociedade Civil\",\"Solu\u00e7\u00f5es\"],\"inLanguage\":\"pt-BR\"},{\"@type\":\"WebPage\",\"@id\":\"https:\/\/rioonwatch.org.br\/?p=18144\",\"url\":\"https:\/\/rioonwatch.org.br\/?p=18144\",\"name\":\"Cemit\u00e9rio dos Pretos Novos Comemora 20 Anos de Preserva\u00e7\u00e3o Hist\u00f3rica - RioOnWatch\",\"isPartOf\":{\"@id\":\"https:\/\/rioonwatch.org.br\/#website\"},\"primaryImageOfPage\":{\"@id\":\"https:\/\/rioonwatch.org.br\/?p=18144#primaryimage\"},\"image\":{\"@id\":\"https:\/\/rioonwatch.org.br\/?p=18144#primaryimage\"},\"thumbnailUrl\":\"https:\/\/rioonwatch.org.br\/wp-content\/uploads\/2016\/01\/IMG_0870-e1453820644192.jpg\",\"datePublished\":\"2016-01-27T09:00:35+00:00\",\"breadcrumb\":{\"@id\":\"https:\/\/rioonwatch.org.br\/?p=18144#breadcrumb\"},\"inLanguage\":\"pt-BR\",\"potentialAction\":[{\"@type\":\"ReadAction\",\"target\":[\"https:\/\/rioonwatch.org.br\/?p=18144\"]}]},{\"@type\":\"ImageObject\",\"inLanguage\":\"pt-BR\",\"@id\":\"https:\/\/rioonwatch.org.br\/?p=18144#primaryimage\",\"url\":\"https:\/\/rioonwatch.org.br\/wp-content\/uploads\/2016\/01\/IMG_0870-e1453820644192.jpg\",\"contentUrl\":\"https:\/\/rioonwatch.org.br\/wp-content\/uploads\/2016\/01\/IMG_0870-e1453820644192.jpg\",\"width\":1000,\"height\":750},{\"@type\":\"BreadcrumbList\",\"@id\":\"https:\/\/rioonwatch.org.br\/?p=18144#breadcrumb\",\"itemListElement\":[{\"@type\":\"ListItem\",\"position\":1,\"name\":\"In\u00edcio\",\"item\":\"https:\/\/rioonwatch.org.br\/\"},{\"@type\":\"ListItem\",\"position\":2,\"name\":\"Cemit\u00e9rio dos Pretos Novos Comemora 20 Anos de Preserva\u00e7\u00e3o Hist\u00f3rica\"}]},{\"@type\":\"WebSite\",\"@id\":\"https:\/\/rioonwatch.org.br\/#website\",\"url\":\"https:\/\/rioonwatch.org.br\/\",\"name\":\"RioOnWatch\",\"description\":\"relatos das favelas cariocas\",\"publisher\":{\"@id\":\"https:\/\/rioonwatch.org.br\/#organization\"},\"potentialAction\":[{\"@type\":\"SearchAction\",\"target\":{\"@type\":\"EntryPoint\",\"urlTemplate\":\"https:\/\/rioonwatch.org.br\/?s={search_term_string}\"},\"query-input\":{\"@type\":\"PropertyValueSpecification\",\"valueRequired\":true,\"valueName\":\"search_term_string\"}}],\"inLanguage\":\"pt-BR\"},{\"@type\":\"Organization\",\"@id\":\"https:\/\/rioonwatch.org.br\/#organization\",\"name\":\"RioOnWatch\",\"url\":\"https:\/\/rioonwatch.org.br\/\",\"logo\":{\"@type\":\"ImageObject\",\"inLanguage\":\"pt-BR\",\"@id\":\"https:\/\/rioonwatch.org.br\/#\/schema\/logo\/image\/\",\"url\":\"https:\/\/rioonwatch.org.br\/wp-content\/uploads\/2021\/06\/RioOnWatchcabecalhoPT11anos-2.png\",\"contentUrl\":\"https:\/\/rioonwatch.org.br\/wp-content\/uploads\/2021\/06\/RioOnWatchcabecalhoPT11anos-2.png\",\"width\":779,\"height\":277,\"caption\":\"RioOnWatch\"},\"image\":{\"@id\":\"https:\/\/rioonwatch.org.br\/#\/schema\/logo\/image\/\"}},{\"@type\":\"Person\",\"@id\":\"https:\/\/rioonwatch.org.br\/#\/schema\/person\/4d05cf5053c358ab740b3edd75a173f2\",\"name\":\"Felicity\",\"image\":{\"@type\":\"ImageObject\",\"inLanguage\":\"pt-BR\",\"@id\":\"https:\/\/rioonwatch.org.br\/#\/schema\/person\/image\/\",\"url\":\"https:\/\/secure.gravatar.com\/avatar\/bfc904486dc0bba6015410a00fe3fc27?s=96&d=blank&r=g\",\"contentUrl\":\"https:\/\/secure.gravatar.com\/avatar\/bfc904486dc0bba6015410a00fe3fc27?s=96&d=blank&r=g\",\"caption\":\"Felicity\"},\"url\":\"https:\/\/rioonwatch.org.br\/?author=132\"}]}<\/script>\n<!-- \/ Yoast SEO plugin. -->","yoast_head_json":{"title":"Cemit\u00e9rio dos Pretos Novos Comemora 20 Anos de Preserva\u00e7\u00e3o Hist\u00f3rica - RioOnWatch","robots":{"index":"index","follow":"follow","max-snippet":"max-snippet:-1","max-image-preview":"max-image-preview:large","max-video-preview":"max-video-preview:-1"},"canonical":"https:\/\/rioonwatch.org.br\/?p=18144","og_locale":"pt_BR","og_type":"article","og_title":"Cemit\u00e9rio dos Pretos Novos Comemora 20 Anos de Preserva\u00e7\u00e3o Hist\u00f3rica - RioOnWatch","og_description":"Click Here for English A regi\u00e3o do Porto do\u00a0Rio tem recebido muita aten\u00e7\u00e3o nos anos que antecedem os Jogos Ol\u00edmpicos com projetos de infraestrutura maci\u00e7os, como a constru\u00e7\u00e3o de um sistema de ve\u00edculo leve sobre [...]","og_url":"https:\/\/rioonwatch.org.br\/?p=18144","og_site_name":"RioOnWatch","article_published_time":"2016-01-27T09:00:35+00:00","og_image":[{"width":1000,"height":750,"url":"https:\/\/rioonwatch.org.br\/wp-content\/uploads\/2016\/01\/IMG_0870-e1453820644192.jpg","type":"image\/jpeg"}],"author":"Felicity","twitter_card":"summary_large_image","twitter_misc":{"Escrito por":"Felicity","Est. tempo de leitura":"6 minutos"},"schema":{"@context":"https:\/\/schema.org","@graph":[{"@type":"Article","@id":"https:\/\/rioonwatch.org.br\/?p=18144#article","isPartOf":{"@id":"https:\/\/rioonwatch.org.br\/?p=18144"},"author":{"name":"Felicity","@id":"https:\/\/rioonwatch.org.br\/#\/schema\/person\/4d05cf5053c358ab740b3edd75a173f2"},"headline":"Cemit\u00e9rio dos Pretos Novos Comemora 20 Anos de Preserva\u00e7\u00e3o Hist\u00f3rica","datePublished":"2016-01-27T09:00:35+00:00","mainEntityOfPage":{"@id":"https:\/\/rioonwatch.org.br\/?p=18144"},"wordCount":1174,"publisher":{"@id":"https:\/\/rioonwatch.org.br\/#organization"},"image":{"@id":"https:\/\/rioonwatch.org.br\/?p=18144#primaryimage"},"thumbnailUrl":"https:\/\/rioonwatch.org.br\/wp-content\/uploads\/2016\/01\/IMG_0870-e1453820644192.jpg","keywords":["CDURP","Centro","cultura","Cultura Afro-brasileira","escravid\u00e3o","hist\u00f3ria","Mem\u00f3rias Faveladas","Patrim\u00f4nio da Humanidade","Porto Maravilha","preserva\u00e7\u00e3o hist\u00f3rica","Pretos Novos","Regi\u00e3o do Porto","resist\u00eancia","turismo"],"articleSection":["Cobertura de Eventos","Dados e Pesquisa","Escrito por Aliados","Sociedade Civil","Solu\u00e7\u00f5es"],"inLanguage":"pt-BR"},{"@type":"WebPage","@id":"https:\/\/rioonwatch.org.br\/?p=18144","url":"https:\/\/rioonwatch.org.br\/?p=18144","name":"Cemit\u00e9rio dos Pretos Novos Comemora 20 Anos de Preserva\u00e7\u00e3o Hist\u00f3rica - RioOnWatch","isPartOf":{"@id":"https:\/\/rioonwatch.org.br\/#website"},"primaryImageOfPage":{"@id":"https:\/\/rioonwatch.org.br\/?p=18144#primaryimage"},"image":{"@id":"https:\/\/rioonwatch.org.br\/?p=18144#primaryimage"},"thumbnailUrl":"https:\/\/rioonwatch.org.br\/wp-content\/uploads\/2016\/01\/IMG_0870-e1453820644192.jpg","datePublished":"2016-01-27T09:00:35+00:00","breadcrumb":{"@id":"https:\/\/rioonwatch.org.br\/?p=18144#breadcrumb"},"inLanguage":"pt-BR","potentialAction":[{"@type":"ReadAction","target":["https:\/\/rioonwatch.org.br\/?p=18144"]}]},{"@type":"ImageObject","inLanguage":"pt-BR","@id":"https:\/\/rioonwatch.org.br\/?p=18144#primaryimage","url":"https:\/\/rioonwatch.org.br\/wp-content\/uploads\/2016\/01\/IMG_0870-e1453820644192.jpg","contentUrl":"https:\/\/rioonwatch.org.br\/wp-content\/uploads\/2016\/01\/IMG_0870-e1453820644192.jpg","width":1000,"height":750},{"@type":"BreadcrumbList","@id":"https:\/\/rioonwatch.org.br\/?p=18144#breadcrumb","itemListElement":[{"@type":"ListItem","position":1,"name":"In\u00edcio","item":"https:\/\/rioonwatch.org.br\/"},{"@type":"ListItem","position":2,"name":"Cemit\u00e9rio dos Pretos Novos Comemora 20 Anos de Preserva\u00e7\u00e3o Hist\u00f3rica"}]},{"@type":"WebSite","@id":"https:\/\/rioonwatch.org.br\/#website","url":"https:\/\/rioonwatch.org.br\/","name":"RioOnWatch","description":"relatos das favelas cariocas","publisher":{"@id":"https:\/\/rioonwatch.org.br\/#organization"},"potentialAction":[{"@type":"SearchAction","target":{"@type":"EntryPoint","urlTemplate":"https:\/\/rioonwatch.org.br\/?s={search_term_string}"},"query-input":{"@type":"PropertyValueSpecification","valueRequired":true,"valueName":"search_term_string"}}],"inLanguage":"pt-BR"},{"@type":"Organization","@id":"https:\/\/rioonwatch.org.br\/#organization","name":"RioOnWatch","url":"https:\/\/rioonwatch.org.br\/","logo":{"@type":"ImageObject","inLanguage":"pt-BR","@id":"https:\/\/rioonwatch.org.br\/#\/schema\/logo\/image\/","url":"https:\/\/rioonwatch.org.br\/wp-content\/uploads\/2021\/06\/RioOnWatchcabecalhoPT11anos-2.png","contentUrl":"https:\/\/rioonwatch.org.br\/wp-content\/uploads\/2021\/06\/RioOnWatchcabecalhoPT11anos-2.png","width":779,"height":277,"caption":"RioOnWatch"},"image":{"@id":"https:\/\/rioonwatch.org.br\/#\/schema\/logo\/image\/"}},{"@type":"Person","@id":"https:\/\/rioonwatch.org.br\/#\/schema\/person\/4d05cf5053c358ab740b3edd75a173f2","name":"Felicity","image":{"@type":"ImageObject","inLanguage":"pt-BR","@id":"https:\/\/rioonwatch.org.br\/#\/schema\/person\/image\/","url":"https:\/\/secure.gravatar.com\/avatar\/bfc904486dc0bba6015410a00fe3fc27?s=96&d=blank&r=g","contentUrl":"https:\/\/secure.gravatar.com\/avatar\/bfc904486dc0bba6015410a00fe3fc27?s=96&d=blank&r=g","caption":"Felicity"},"url":"https:\/\/rioonwatch.org.br\/?author=132"}]}},"_links":{"self":[{"href":"https:\/\/rioonwatch.org.br\/index.php?rest_route=\/wp\/v2\/posts\/18144"}],"collection":[{"href":"https:\/\/rioonwatch.org.br\/index.php?rest_route=\/wp\/v2\/posts"}],"about":[{"href":"https:\/\/rioonwatch.org.br\/index.php?rest_route=\/wp\/v2\/types\/post"}],"author":[{"embeddable":true,"href":"https:\/\/rioonwatch.org.br\/index.php?rest_route=\/wp\/v2\/users\/132"}],"replies":[{"embeddable":true,"href":"https:\/\/rioonwatch.org.br\/index.php?rest_route=%2Fwp%2Fv2%2Fcomments&post=18144"}],"version-history":[{"count":9,"href":"https:\/\/rioonwatch.org.br\/index.php?rest_route=\/wp\/v2\/posts\/18144\/revisions"}],"predecessor-version":[{"id":18160,"href":"https:\/\/rioonwatch.org.br\/index.php?rest_route=\/wp\/v2\/posts\/18144\/revisions\/18160"}],"wp:featuredmedia":[{"embeddable":true,"href":"https:\/\/rioonwatch.org.br\/index.php?rest_route=\/wp\/v2\/media\/18146"}],"wp:attachment":[{"href":"https:\/\/rioonwatch.org.br\/index.php?rest_route=%2Fwp%2Fv2%2Fmedia&parent=18144"}],"wp:term":[{"taxonomy":"category","embeddable":true,"href":"https:\/\/rioonwatch.org.br\/index.php?rest_route=%2Fwp%2Fv2%2Fcategories&post=18144"},{"taxonomy":"post_tag","embeddable":true,"href":"https:\/\/rioonwatch.org.br\/index.php?rest_route=%2Fwp%2Fv2%2Ftags&post=18144"},{"taxonomy":"writer","embeddable":true,"href":"https:\/\/rioonwatch.org.br\/index.php?rest_route=%2Fwp%2Fv2%2Fwriter&post=18144"},{"taxonomy":"translator","embeddable":true,"href":"https:\/\/rioonwatch.org.br\/index.php?rest_route=%2Fwp%2Fv2%2Ftranslator&post=18144"},{"taxonomy":"source","embeddable":true,"href":"https:\/\/rioonwatch.org.br\/index.php?rest_route=%2Fwp%2Fv2%2Fsource&post=18144"},{"taxonomy":"ilustrador","embeddable":true,"href":"https:\/\/rioonwatch.org.br\/index.php?rest_route=%2Fwp%2Fv2%2Filustrador&post=18144"},{"taxonomy":"fotografo","embeddable":true,"href":"https:\/\/rioonwatch.org.br\/index.php?rest_route=%2Fwp%2Fv2%2Ffotografo&post=18144"}],"curies":[{"name":"wp","href":"https:\/\/api.w.org\/{rel}","templated":true}]}}