{"id":18227,"date":"2016-02-06T13:11:55","date_gmt":"2016-02-06T16:11:55","guid":{"rendered":"http:\/\/rioonwatch.org.br\/?p=18227"},"modified":"2024-06-20T16:28:16","modified_gmt":"2024-06-20T19:28:16","slug":"comite-popular-lanca-video-em-resposta-ao-ataque-do-prefeito","status":"publish","type":"post","link":"https:\/\/rioonwatch.org.br\/?p=18227","title":{"rendered":"Comit\u00ea Popular Lan\u00e7a V\u00eddeo em Resposta ao Ataque do Prefeito"},"content":{"rendered":"<p style=\"text-align: right;\"><em><strong><a href=\"http:\/\/bit.ly\/1Q1GyzO\" target=\"_blank\" rel=\"noopener\">Click Here for English<img decoding=\"async\" width=\"20\" height=\"20\" class=\"alignright wp-image-15790\" src=\"http:\/\/rioonwatch.org.br\/wp-content\/uploads\/2012\/08\/EN-standard-e1439583104716.jpg\" alt=\"\" \/><\/a><\/strong><\/em><\/p>\n<p><a href=\"http:\/\/on.fb.me\/1jPQj4M\" target=\"_blank\" rel=\"noopener\">Comit\u00ea Popular da Copa do Mundo e Olimp\u00edadas<\/a>\u00a0acaba de lan\u00e7ar um\u00a0<a href=\"http:\/\/bit.ly\/1nMFAeo\" target=\"_blank\" rel=\"noopener\">v\u00eddeo<\/a> respondendo ao coment\u00e1rio do <a href=\"http:\/\/bit.ly\/1k4eA6c\" target=\"_blank\" rel=\"noopener\">Prefeito Eduardo Paes<\/a> de que seus <a href=\"http:\/\/bit.ly\/1TCUopn\" target=\"_blank\" rel=\"noopener\">dossi\u00eas<\/a> s\u00e3o propensos a &#8220;dramatiza\u00e7\u00e3o com exagero&#8221; e\u00a0&#8220;fraudulentos&#8221;. Os coment\u00e1rios de Paes foram feitos durante uma reuni\u00e3o fechada do <a href=\"http:\/\/on.fb.me\/1lwzzjR\" target=\"_blank\" rel=\"noopener\">OsteRio<\/a>\u00a0<a href=\"http:\/\/bit.ly\/1VkxAeJ\" target=\"_blank\" rel=\"noopener\">h\u00e1\u00a0duas semanas<\/a>, ao ser perguntado sobre o futuro da <a href=\"http:\/\/bit.ly\/Nfddvg\" target=\"_blank\" rel=\"noopener\">Vila Aut\u00f3dromo<\/a> e seus moradores. O v\u00eddeo apresenta os membros do Comit\u00ea explicando o seu trabalho &#8220;porque, ao contr\u00e1rio do prefeito, n\u00f3s n\u00e3o\u00a0temos nada a esconder&#8221;. Eles acabam com cada integrante repetindo a afirma\u00e7\u00e3o &#8220;N\u00e3o temos nada a esconder&#8221;.<\/p>\n<p>Em <a href=\"http:\/\/bit.ly\/1L5QAZ7\" target=\"_blank\" rel=\"noopener\">2012<\/a>, <a href=\"http:\/\/bit.ly\/1cSGbhy\" target=\"_blank\" rel=\"noopener\">o Comit\u00ea Popular<\/a> come\u00e7ou a publicar\u00a0<a href=\"http:\/\/bit.ly\/1Nup7Qs\" target=\"_blank\" rel=\"noopener\">dossi\u00eas<\/a>\u00a0detalhados documentando abusos de <a href=\"http:\/\/bit.ly\/1iqdzi3\" target=\"_blank\" rel=\"noopener\">direitos humanos<\/a> no per\u00edodo antecedendo os\u00a0dois <a href=\"http:\/\/bit.ly\/1uZ9w6o\" target=\"_blank\" rel=\"noopener\">megaeventos<\/a> do Rio, depois que ficou aparente que informa\u00e7\u00e3o p\u00fablica confi\u00e1vel era de dif\u00edcil acesso. No v\u00eddeo, os membros do comit\u00ea descrevem os integrantes\u00a0do grupo\u00a0como provenientes de todas as facetas da sociedade civil do Rio de Janeiro, incluindo universidades, movimentos sociais, organiza\u00e7\u00f5es de direitos humanos e, mais importante, as pessoas diretamente afetadas pelas <a href=\"http:\/\/bit.ly\/PkLXlQ\" target=\"_blank\" rel=\"noopener\">Olimp\u00edadas<\/a> e <a href=\"http:\/\/bit.ly\/WfaiMR\" target=\"_blank\" rel=\"noopener\">Copa do Mundo<\/a>. Eles afirmam que o seu trabalho envolve um n\u00famero de pesquisadores e especialistas de renome nacional e internacional num esfor\u00e7o coletivo.<\/p>\n<p>O v\u00eddeo do Comit\u00ea desqualifica\u00a0os coment\u00e1rios do prefeito e afirma\u00a0que &#8220;a prefeitura <a href=\"http:\/\/bit.ly\/20eaQ1w\" target=\"_blank\" rel=\"noopener\">disponibiliza contratos parciais, omite gastos, e esconde e disfar\u00e7a valores<\/a>,&#8221; e que &#8220;\u00e9 preciso que se fale abertamente sobre gastos&#8230;e impactos\u00a0sociais e\u00a0ambientais&#8221;. Os membros\u00a0pedem ao p\u00fablico que\u00a0exigem melhor acesso \u00e0 informa\u00e7\u00e3o e &#8220;transpar\u00eancia de verdade&#8221; para as quest\u00f5es que afetam o interesse p\u00fablico.<\/p>\n<p>&#8220;N\u00f3s moradores da Vila Aut\u00f3dromo, junto com o Comit\u00ea Popular,\u00a0continuaremos na luta por uma cidade justa, transparente, e\u00a0verdadeiramente democr\u00e1tica&#8221;, diz Maria da Penha da Vila Aut\u00f3dromo.<\/p>\n<p>Leia sobre o <a href=\"http:\/\/bit.ly\/1TCUopn\" target=\"_blank\" rel=\"noopener\">dossi\u00ea\u00a0mais recente do Comit\u00ea<\/a>. Acesse ao documento completo\u00a0<a href=\"http:\/\/bit.ly\/21MIkb5\" target=\"_blank\" rel=\"noopener\">aqui<\/a>.<\/p>\n<h3>Assista ao v\u00eddeo:<\/h3>\n<p><iframe src=\"https:\/\/www.youtube.com\/embed\/S230rD6UuCA\" width=\"620\" height=\"349\" frameborder=\"0\" allowfullscreen=\"allowfullscreen\"><\/iframe><\/p>\n<!-- AddThis Advanced Settings generic via filter on the_content --><!-- AddThis Share Buttons generic via filter on the_content -->","protected":false},"excerpt":{"rendered":"<div class=\"mh-excerpt\"><p>Click Here for English Comit\u00ea Popular da Copa do Mundo e Olimp\u00edadas\u00a0acaba de lan\u00e7ar um\u00a0v\u00eddeo respondendo ao coment\u00e1rio do Prefeito Eduardo Paes de que seus dossi\u00eas s\u00e3o propensos a &#8220;dramatiza\u00e7\u00e3o com exagero&#8221; e\u00a0&#8220;fraudulentos&#8221;. Os coment\u00e1rios <a class=\"mh-excerpt-more\" href=\"https:\/\/rioonwatch.org.br\/?p=18227\" title=\"Comit\u00ea Popular Lan\u00e7a V\u00eddeo em Resposta ao Ataque do Prefeito\">[&#8230;]<\/a><!-- AddThis Advanced Settings generic via filter on get_the_excerpt --><!-- AddThis Share Buttons generic via filter on get_the_excerpt --><\/p>\n<\/div>","protected":false},"author":3,"featured_media":18239,"comment_status":"closed","ping_status":"closed","sticky":false,"template":"","format":"standard","meta":{"_acf_changed":false,"_monsterinsights_skip_tracking":false,"_monsterinsights_sitenote_active":false,"_monsterinsights_sitenote_note":"","_monsterinsights_sitenote_category":0,"footnotes":""},"categories":[1618,1635,1621,1626,1612,1638],"tags":[745,88,1692,484,1240,1151,797,78,358,1776,304,55],"writer":[1667],"translator":[1491],"source":[],"ilustrador":[],"fotografo":[],"class_list":{"0":"post-18227","1":"post","2":"type-post","3":"status-publish","4":"format-standard","5":"has-post-thumbnail","7":"category-olhonaparticipacao","8":"category-1635","9":"category-destaque","10":"category-por-observadores-internacionais","11":"category-sociedade-civil","12":"category-video","13":"tag-comite-popular","14":"tag-direitos-humanos","15":"tag-dossie","16":"tag-prefeito-eduardo-paes","17":"tag-megaeventos","18":"tag-organizacao","19":"tag-movimentos-sociais","20":"tag-olimpiadas","21":"tag-organizacao-comunitaria","22":"tag-osterio","23":"tag-participacao","24":"tag-vila-autodromo","25":"writer-david-robertson","26":"translator-patricia-gomes"},"acf":[],"yoast_head":"<!-- This site is optimized with the Yoast SEO plugin v25.6 - https:\/\/yoast.com\/wordpress\/plugins\/seo\/ -->\n<title>Comit\u00ea Popular Lan\u00e7a V\u00eddeo em Resposta ao Ataque do Prefeito - RioOnWatch<\/title>\n<meta name=\"robots\" content=\"index, follow, max-snippet:-1, max-image-preview:large, max-video-preview:-1\" \/>\n<link rel=\"canonical\" href=\"https:\/\/rioonwatch.org.br\/?p=18227\" \/>\n<meta property=\"og:locale\" content=\"pt_BR\" \/>\n<meta property=\"og:type\" content=\"article\" \/>\n<meta property=\"og:title\" content=\"Comit\u00ea Popular Lan\u00e7a V\u00eddeo em Resposta ao Ataque do Prefeito - RioOnWatch\" \/>\n<meta property=\"og:description\" content=\"Click Here for English Comit\u00ea Popular da Copa do Mundo e Olimp\u00edadas\u00a0acaba de lan\u00e7ar um\u00a0v\u00eddeo respondendo ao coment\u00e1rio do Prefeito Eduardo Paes de que seus dossi\u00eas s\u00e3o propensos a &#8220;dramatiza\u00e7\u00e3o com exagero&#8221; e\u00a0&#8220;fraudulentos&#8221;. Os coment\u00e1rios [...]\" \/>\n<meta property=\"og:url\" content=\"https:\/\/rioonwatch.org.br\/?p=18227\" \/>\n<meta property=\"og:site_name\" content=\"RioOnWatch\" \/>\n<meta property=\"article:published_time\" content=\"2016-02-06T16:11:55+00:00\" \/>\n<meta property=\"article:modified_time\" content=\"2024-06-20T19:28:16+00:00\" \/>\n<meta property=\"og:image\" content=\"https:\/\/rioonwatch.org.br\/wp-content\/uploads\/2016\/02\/dossier-1124x629.png\" \/>\n\t<meta property=\"og:image:width\" content=\"1124\" \/>\n\t<meta property=\"og:image:height\" content=\"629\" \/>\n\t<meta property=\"og:image:type\" content=\"image\/png\" \/>\n<meta name=\"author\" content=\"Admin\" \/>\n<meta name=\"twitter:card\" content=\"summary_large_image\" \/>\n<meta name=\"twitter:label1\" content=\"Escrito por\" \/>\n\t<meta name=\"twitter:data1\" content=\"Admin\" \/>\n\t<meta name=\"twitter:label2\" content=\"Est. tempo de leitura\" \/>\n\t<meta name=\"twitter:data2\" content=\"2 minutos\" \/>\n<script type=\"application\/ld+json\" class=\"yoast-schema-graph\">{\"@context\":\"https:\/\/schema.org\",\"@graph\":[{\"@type\":\"Article\",\"@id\":\"https:\/\/rioonwatch.org.br\/?p=18227#article\",\"isPartOf\":{\"@id\":\"https:\/\/rioonwatch.org.br\/?p=18227\"},\"author\":{\"name\":\"Admin\",\"@id\":\"https:\/\/rioonwatch.org.br\/#\/schema\/person\/c6c09a0b56b38f0157a45b963ef3f269\"},\"headline\":\"Comit\u00ea Popular Lan\u00e7a V\u00eddeo em Resposta ao Ataque do Prefeito\",\"datePublished\":\"2016-02-06T16:11:55+00:00\",\"dateModified\":\"2024-06-20T19:28:16+00:00\",\"mainEntityOfPage\":{\"@id\":\"https:\/\/rioonwatch.org.br\/?p=18227\"},\"wordCount\":355,\"publisher\":{\"@id\":\"https:\/\/rioonwatch.org.br\/#organization\"},\"image\":{\"@id\":\"https:\/\/rioonwatch.org.br\/?p=18227#primaryimage\"},\"thumbnailUrl\":\"https:\/\/rioonwatch.org.br\/wp-content\/uploads\/2016\/02\/dossier.png\",\"keywords\":[\"Comit\u00ea Popular\",\"Direitos Humanos\",\"Dossi\u00ea\",\"Eduardo Paes\",\"Megaeventos\",\"mobiliza\u00e7\u00e3o\",\"movimentos sociais\",\"Olimp\u00edadas\",\"organiza\u00e7\u00e3o comunit\u00e1ria\",\"OsteRio\",\"participa\u00e7\u00e3o\",\"Vila Aut\u00f3dromo\"],\"articleSection\":[\"#OlhoNaParticipa\u00e7\u00e3o\",\"#Rio2016\",\"*Destaque\",\"Escrito por Aliados\",\"Sociedade Civil\",\"V\u00eddeo\"],\"inLanguage\":\"pt-BR\"},{\"@type\":\"WebPage\",\"@id\":\"https:\/\/rioonwatch.org.br\/?p=18227\",\"url\":\"https:\/\/rioonwatch.org.br\/?p=18227\",\"name\":\"Comit\u00ea Popular Lan\u00e7a V\u00eddeo em Resposta ao Ataque do Prefeito - RioOnWatch\",\"isPartOf\":{\"@id\":\"https:\/\/rioonwatch.org.br\/#website\"},\"primaryImageOfPage\":{\"@id\":\"https:\/\/rioonwatch.org.br\/?p=18227#primaryimage\"},\"image\":{\"@id\":\"https:\/\/rioonwatch.org.br\/?p=18227#primaryimage\"},\"thumbnailUrl\":\"https:\/\/rioonwatch.org.br\/wp-content\/uploads\/2016\/02\/dossier.png\",\"datePublished\":\"2016-02-06T16:11:55+00:00\",\"dateModified\":\"2024-06-20T19:28:16+00:00\",\"breadcrumb\":{\"@id\":\"https:\/\/rioonwatch.org.br\/?p=18227#breadcrumb\"},\"inLanguage\":\"pt-BR\",\"potentialAction\":[{\"@type\":\"ReadAction\",\"target\":[\"https:\/\/rioonwatch.org.br\/?p=18227\"]}]},{\"@type\":\"ImageObject\",\"inLanguage\":\"pt-BR\",\"@id\":\"https:\/\/rioonwatch.org.br\/?p=18227#primaryimage\",\"url\":\"https:\/\/rioonwatch.org.br\/wp-content\/uploads\/2016\/02\/dossier.png\",\"contentUrl\":\"https:\/\/rioonwatch.org.br\/wp-content\/uploads\/2016\/02\/dossier.png\",\"width\":1898,\"height\":1062,\"caption\":\"Sandra da Vila Aut\u00f3dromo\"},{\"@type\":\"BreadcrumbList\",\"@id\":\"https:\/\/rioonwatch.org.br\/?p=18227#breadcrumb\",\"itemListElement\":[{\"@type\":\"ListItem\",\"position\":1,\"name\":\"In\u00edcio\",\"item\":\"https:\/\/rioonwatch.org.br\/\"},{\"@type\":\"ListItem\",\"position\":2,\"name\":\"Comit\u00ea Popular Lan\u00e7a V\u00eddeo em Resposta ao Ataque do Prefeito\"}]},{\"@type\":\"WebSite\",\"@id\":\"https:\/\/rioonwatch.org.br\/#website\",\"url\":\"https:\/\/rioonwatch.org.br\/\",\"name\":\"RioOnWatch\",\"description\":\"relatos das favelas cariocas\",\"publisher\":{\"@id\":\"https:\/\/rioonwatch.org.br\/#organization\"},\"potentialAction\":[{\"@type\":\"SearchAction\",\"target\":{\"@type\":\"EntryPoint\",\"urlTemplate\":\"https:\/\/rioonwatch.org.br\/?s={search_term_string}\"},\"query-input\":{\"@type\":\"PropertyValueSpecification\",\"valueRequired\":true,\"valueName\":\"search_term_string\"}}],\"inLanguage\":\"pt-BR\"},{\"@type\":\"Organization\",\"@id\":\"https:\/\/rioonwatch.org.br\/#organization\",\"name\":\"RioOnWatch\",\"url\":\"https:\/\/rioonwatch.org.br\/\",\"logo\":{\"@type\":\"ImageObject\",\"inLanguage\":\"pt-BR\",\"@id\":\"https:\/\/rioonwatch.org.br\/#\/schema\/logo\/image\/\",\"url\":\"https:\/\/rioonwatch.org.br\/wp-content\/uploads\/2021\/06\/RioOnWatchcabecalhoPT11anos-2.png\",\"contentUrl\":\"https:\/\/rioonwatch.org.br\/wp-content\/uploads\/2021\/06\/RioOnWatchcabecalhoPT11anos-2.png\",\"width\":779,\"height\":277,\"caption\":\"RioOnWatch\"},\"image\":{\"@id\":\"https:\/\/rioonwatch.org.br\/#\/schema\/logo\/image\/\"}},{\"@type\":\"Person\",\"@id\":\"https:\/\/rioonwatch.org.br\/#\/schema\/person\/c6c09a0b56b38f0157a45b963ef3f269\",\"name\":\"Admin\",\"image\":{\"@type\":\"ImageObject\",\"inLanguage\":\"pt-BR\",\"@id\":\"https:\/\/rioonwatch.org.br\/#\/schema\/person\/image\/\",\"url\":\"https:\/\/secure.gravatar.com\/avatar\/da45c89efd4810dc70c16a5da3419806?s=96&d=blank&r=g\",\"contentUrl\":\"https:\/\/secure.gravatar.com\/avatar\/da45c89efd4810dc70c16a5da3419806?s=96&d=blank&r=g\",\"caption\":\"Admin\"},\"url\":\"https:\/\/rioonwatch.org.br\/?author=3\"}]}<\/script>\n<!-- \/ Yoast SEO plugin. -->","yoast_head_json":{"title":"Comit\u00ea Popular Lan\u00e7a V\u00eddeo em Resposta ao Ataque do Prefeito - RioOnWatch","robots":{"index":"index","follow":"follow","max-snippet":"max-snippet:-1","max-image-preview":"max-image-preview:large","max-video-preview":"max-video-preview:-1"},"canonical":"https:\/\/rioonwatch.org.br\/?p=18227","og_locale":"pt_BR","og_type":"article","og_title":"Comit\u00ea Popular Lan\u00e7a V\u00eddeo em Resposta ao Ataque do Prefeito - RioOnWatch","og_description":"Click Here for English Comit\u00ea Popular da Copa do Mundo e Olimp\u00edadas\u00a0acaba de lan\u00e7ar um\u00a0v\u00eddeo respondendo ao coment\u00e1rio do Prefeito Eduardo Paes de que seus dossi\u00eas s\u00e3o propensos a &#8220;dramatiza\u00e7\u00e3o com exagero&#8221; e\u00a0&#8220;fraudulentos&#8221;. Os coment\u00e1rios [...]","og_url":"https:\/\/rioonwatch.org.br\/?p=18227","og_site_name":"RioOnWatch","article_published_time":"2016-02-06T16:11:55+00:00","article_modified_time":"2024-06-20T19:28:16+00:00","og_image":[{"width":1124,"height":629,"url":"https:\/\/rioonwatch.org.br\/wp-content\/uploads\/2016\/02\/dossier-1124x629.png","type":"image\/png"}],"author":"Admin","twitter_card":"summary_large_image","twitter_misc":{"Escrito por":"Admin","Est. tempo de leitura":"2 minutos"},"schema":{"@context":"https:\/\/schema.org","@graph":[{"@type":"Article","@id":"https:\/\/rioonwatch.org.br\/?p=18227#article","isPartOf":{"@id":"https:\/\/rioonwatch.org.br\/?p=18227"},"author":{"name":"Admin","@id":"https:\/\/rioonwatch.org.br\/#\/schema\/person\/c6c09a0b56b38f0157a45b963ef3f269"},"headline":"Comit\u00ea Popular Lan\u00e7a V\u00eddeo em Resposta ao Ataque do Prefeito","datePublished":"2016-02-06T16:11:55+00:00","dateModified":"2024-06-20T19:28:16+00:00","mainEntityOfPage":{"@id":"https:\/\/rioonwatch.org.br\/?p=18227"},"wordCount":355,"publisher":{"@id":"https:\/\/rioonwatch.org.br\/#organization"},"image":{"@id":"https:\/\/rioonwatch.org.br\/?p=18227#primaryimage"},"thumbnailUrl":"https:\/\/rioonwatch.org.br\/wp-content\/uploads\/2016\/02\/dossier.png","keywords":["Comit\u00ea Popular","Direitos Humanos","Dossi\u00ea","Eduardo Paes","Megaeventos","mobiliza\u00e7\u00e3o","movimentos sociais","Olimp\u00edadas","organiza\u00e7\u00e3o comunit\u00e1ria","OsteRio","participa\u00e7\u00e3o","Vila Aut\u00f3dromo"],"articleSection":["#OlhoNaParticipa\u00e7\u00e3o","#Rio2016","*Destaque","Escrito por Aliados","Sociedade Civil","V\u00eddeo"],"inLanguage":"pt-BR"},{"@type":"WebPage","@id":"https:\/\/rioonwatch.org.br\/?p=18227","url":"https:\/\/rioonwatch.org.br\/?p=18227","name":"Comit\u00ea Popular Lan\u00e7a V\u00eddeo em Resposta ao Ataque do Prefeito - RioOnWatch","isPartOf":{"@id":"https:\/\/rioonwatch.org.br\/#website"},"primaryImageOfPage":{"@id":"https:\/\/rioonwatch.org.br\/?p=18227#primaryimage"},"image":{"@id":"https:\/\/rioonwatch.org.br\/?p=18227#primaryimage"},"thumbnailUrl":"https:\/\/rioonwatch.org.br\/wp-content\/uploads\/2016\/02\/dossier.png","datePublished":"2016-02-06T16:11:55+00:00","dateModified":"2024-06-20T19:28:16+00:00","breadcrumb":{"@id":"https:\/\/rioonwatch.org.br\/?p=18227#breadcrumb"},"inLanguage":"pt-BR","potentialAction":[{"@type":"ReadAction","target":["https:\/\/rioonwatch.org.br\/?p=18227"]}]},{"@type":"ImageObject","inLanguage":"pt-BR","@id":"https:\/\/rioonwatch.org.br\/?p=18227#primaryimage","url":"https:\/\/rioonwatch.org.br\/wp-content\/uploads\/2016\/02\/dossier.png","contentUrl":"https:\/\/rioonwatch.org.br\/wp-content\/uploads\/2016\/02\/dossier.png","width":1898,"height":1062,"caption":"Sandra da Vila Aut\u00f3dromo"},{"@type":"BreadcrumbList","@id":"https:\/\/rioonwatch.org.br\/?p=18227#breadcrumb","itemListElement":[{"@type":"ListItem","position":1,"name":"In\u00edcio","item":"https:\/\/rioonwatch.org.br\/"},{"@type":"ListItem","position":2,"name":"Comit\u00ea Popular Lan\u00e7a V\u00eddeo em Resposta ao Ataque do Prefeito"}]},{"@type":"WebSite","@id":"https:\/\/rioonwatch.org.br\/#website","url":"https:\/\/rioonwatch.org.br\/","name":"RioOnWatch","description":"relatos das favelas cariocas","publisher":{"@id":"https:\/\/rioonwatch.org.br\/#organization"},"potentialAction":[{"@type":"SearchAction","target":{"@type":"EntryPoint","urlTemplate":"https:\/\/rioonwatch.org.br\/?s={search_term_string}"},"query-input":{"@type":"PropertyValueSpecification","valueRequired":true,"valueName":"search_term_string"}}],"inLanguage":"pt-BR"},{"@type":"Organization","@id":"https:\/\/rioonwatch.org.br\/#organization","name":"RioOnWatch","url":"https:\/\/rioonwatch.org.br\/","logo":{"@type":"ImageObject","inLanguage":"pt-BR","@id":"https:\/\/rioonwatch.org.br\/#\/schema\/logo\/image\/","url":"https:\/\/rioonwatch.org.br\/wp-content\/uploads\/2021\/06\/RioOnWatchcabecalhoPT11anos-2.png","contentUrl":"https:\/\/rioonwatch.org.br\/wp-content\/uploads\/2021\/06\/RioOnWatchcabecalhoPT11anos-2.png","width":779,"height":277,"caption":"RioOnWatch"},"image":{"@id":"https:\/\/rioonwatch.org.br\/#\/schema\/logo\/image\/"}},{"@type":"Person","@id":"https:\/\/rioonwatch.org.br\/#\/schema\/person\/c6c09a0b56b38f0157a45b963ef3f269","name":"Admin","image":{"@type":"ImageObject","inLanguage":"pt-BR","@id":"https:\/\/rioonwatch.org.br\/#\/schema\/person\/image\/","url":"https:\/\/secure.gravatar.com\/avatar\/da45c89efd4810dc70c16a5da3419806?s=96&d=blank&r=g","contentUrl":"https:\/\/secure.gravatar.com\/avatar\/da45c89efd4810dc70c16a5da3419806?s=96&d=blank&r=g","caption":"Admin"},"url":"https:\/\/rioonwatch.org.br\/?author=3"}]}},"_links":{"self":[{"href":"https:\/\/rioonwatch.org.br\/index.php?rest_route=\/wp\/v2\/posts\/18227"}],"collection":[{"href":"https:\/\/rioonwatch.org.br\/index.php?rest_route=\/wp\/v2\/posts"}],"about":[{"href":"https:\/\/rioonwatch.org.br\/index.php?rest_route=\/wp\/v2\/types\/post"}],"author":[{"embeddable":true,"href":"https:\/\/rioonwatch.org.br\/index.php?rest_route=\/wp\/v2\/users\/3"}],"replies":[{"embeddable":true,"href":"https:\/\/rioonwatch.org.br\/index.php?rest_route=%2Fwp%2Fv2%2Fcomments&post=18227"}],"version-history":[{"count":15,"href":"https:\/\/rioonwatch.org.br\/index.php?rest_route=\/wp\/v2\/posts\/18227\/revisions"}],"predecessor-version":[{"id":74369,"href":"https:\/\/rioonwatch.org.br\/index.php?rest_route=\/wp\/v2\/posts\/18227\/revisions\/74369"}],"wp:featuredmedia":[{"embeddable":true,"href":"https:\/\/rioonwatch.org.br\/index.php?rest_route=\/wp\/v2\/media\/18239"}],"wp:attachment":[{"href":"https:\/\/rioonwatch.org.br\/index.php?rest_route=%2Fwp%2Fv2%2Fmedia&parent=18227"}],"wp:term":[{"taxonomy":"category","embeddable":true,"href":"https:\/\/rioonwatch.org.br\/index.php?rest_route=%2Fwp%2Fv2%2Fcategories&post=18227"},{"taxonomy":"post_tag","embeddable":true,"href":"https:\/\/rioonwatch.org.br\/index.php?rest_route=%2Fwp%2Fv2%2Ftags&post=18227"},{"taxonomy":"writer","embeddable":true,"href":"https:\/\/rioonwatch.org.br\/index.php?rest_route=%2Fwp%2Fv2%2Fwriter&post=18227"},{"taxonomy":"translator","embeddable":true,"href":"https:\/\/rioonwatch.org.br\/index.php?rest_route=%2Fwp%2Fv2%2Ftranslator&post=18227"},{"taxonomy":"source","embeddable":true,"href":"https:\/\/rioonwatch.org.br\/index.php?rest_route=%2Fwp%2Fv2%2Fsource&post=18227"},{"taxonomy":"ilustrador","embeddable":true,"href":"https:\/\/rioonwatch.org.br\/index.php?rest_route=%2Fwp%2Fv2%2Filustrador&post=18227"},{"taxonomy":"fotografo","embeddable":true,"href":"https:\/\/rioonwatch.org.br\/index.php?rest_route=%2Fwp%2Fv2%2Ffotografo&post=18227"}],"curies":[{"name":"wp","href":"https:\/\/api.w.org\/{rel}","templated":true}]}}