{"id":1832,"date":"2011-06-07T15:41:19","date_gmt":"2011-06-07T18:41:19","guid":{"rendered":"http:\/\/favela.info\/?p=1832"},"modified":"2016-05-19T08:37:14","modified_gmt":"2016-05-19T11:37:14","slug":"a-praca-e-do-povo-3","status":"publish","type":"post","link":"https:\/\/rioonwatch.org.br\/?p=1832","title":{"rendered":"A Pra\u00e7a \u00e9 do povo"},"content":{"rendered":"<p style=\"text-align: right;\"><em><strong><a href=\"http:\/\/bit.ly\/1sgLtTw\" target=\"_blank\">Click Here for English<img decoding=\"async\" width=\"20\" height=\"20\" class=\"alignright wp-image-15790\" src=\"http:\/\/rioonwatch.org.br\/wp-content\/uploads\/2012\/08\/EN-standard-e1439583104716.jpg\" alt=\"\" \/><\/a><\/strong><\/em><\/p>\n<p><img fetchpriority=\"high\" decoding=\"async\" class=\"alignleft size-full wp-image-1827\" title=\"Protesto na Pra\u00e7a do Alc\u00e2ntara\" src=\"http:\/\/favela.info\/wp-content\/uploads\/2011\/06\/DSCN0851.jpg\" alt=\"\" width=\"300\" height=\"225\" srcset=\"https:\/\/rioonwatch.org.br\/wp-content\/uploads\/2011\/06\/DSCN0851.jpg 300w, https:\/\/rioonwatch.org.br\/wp-content\/uploads\/2011\/06\/DSCN0851-80x60.jpg 80w, https:\/\/rioonwatch.org.br\/wp-content\/uploads\/2011\/06\/DSCN0851-174x131.jpg 174w, https:\/\/rioonwatch.org.br\/wp-content\/uploads\/2011\/06\/DSCN0851-70x53.jpg 70w\" sizes=\"(max-width: 300px) 100vw, 300px\" \/><\/p>\n<p><strong><span style=\"font-size: x-large;\">A<\/span><\/strong> pra\u00e7a abandonada ficou famosa! Um lugar de entretenimento, ocupado por muitos moradores de rua, vendedores ambulantes, pagodeiros, est\u00e1\u00a0sendo amea\u00e7ado por obras. A Pra\u00e7a Carlos Gianelle, localizada em Alc\u00e2ntara, um dos bairros mais populosos de S\u00e3o Gon\u00e7alo, regi\u00e3o metropolitana do\u00a0Rio de Janeiro, foi vendida pela prefeita Aparecida Panisset pela bagatela de R$ 150 mil. Em seu lugar, deve ser erguido um centro comercial integrado a um terminal rodovi\u00e1rio. No \u00faltimo dia 12, a popula\u00e7\u00e3o saiu para um protesto nas ruas do entorno.<\/p>\n<p>\u201cA resist\u00eancia da popula\u00e7\u00e3o \u00e9 pela venda de um patrim\u00f4nio p\u00fablico que \u00e9 considerado um marco tradicional e hist\u00f3rico do bairro\u201d, afirmou o comerciante Ulysses Soares, 50 anos, propriet\u00e1rio do bazar ATC. Ele \u00e9 um dos comerciantes que, juntamente com a OAB (Ordem dos Advogados do Brasil), organizaram um abaixo-assinado com aproximadamente 3 mil assinaturas. \u201cNingu\u00e9m \u00e9 contra a constru\u00e7\u00e3o de um shopping. A grande quest\u00e3o \u00e9 a irregularidade do ato\u201d, complementou o comerciante.<\/p>\n<p>Uma das controv\u00e9rsias est\u00e1 no pre\u00e7o da pra\u00e7a, vendida por R$ 150 mil\u00a0em uma \u00e1rea onde uma loja n\u00e3o sai por menos que R$ 200 mil. Mas o grande entrave est\u00e1 na lei, que pro\u00edbe a venda ou cess\u00e3o de uma pra\u00e7a. Segundo a promotora Karine Gomes, a desafeta\u00e7\u00e3o (tirar do terreno a sua antiga destina\u00e7\u00e3o) \u00e9 inconstitucional. \u201cUma pra\u00e7a jamais pode ser suprimida para fins de explora\u00e7\u00e3o comercial\u201d, explicou ela.\u00a0No m\u00e1ximo, os manifestantes admitiriam trocar seu espa\u00e7o de lazer por um hospital p\u00fablico, outra grande car\u00eancia da cidade.<\/p>\n<p><img decoding=\"async\" class=\"alignright size-full wp-image-1833\" title=\"A Pra\u00e7a em obras\" src=\"http:\/\/favela.info\/wp-content\/uploads\/2011\/06\/pracaobra.jpg\" alt=\"\" width=\"346\" height=\"225\" \/><\/p>\n<p>Os protestos da popula\u00e7\u00e3o n\u00e3o foram ouvidos pela prefeita, mas sensibilizaram a 4\u00aa Vara P\u00fablica de S\u00e3o Gon\u00e7alo, de onde saiu a liminar suspendendo a obra at\u00e9 o Judici\u00e1rio se manifestar quanto \u00e0 legalidade da obra. A \u00e1rea da pra\u00e7a est\u00e1 completamente entulhado, afetando o tr\u00e2nsito e o trajeto das pessoas. \u201dA obra tomou conta de um espa\u00e7o onde passavam carros, acabou com o retorno, atrapalhou o caminho dos pedestres e gerou um transtorno desnecess\u00e1rio\u201d, reclamou a universit\u00e1ria Samantha Rodrigues, 23 anos, que mora no entorno da pra\u00e7a.<\/p>\n<p>A obra n\u00e3o prev\u00ea remo\u00e7\u00f5es, mas, em compensa\u00e7\u00e3o, a constru\u00e7\u00e3o de concreto vai causar grandes transtornos para os moradores. Os moradores tamb\u00e9m est\u00e3o preocupados com o aumento no fluxo de pessoas e principalmente de carros decorrente da cria\u00e7\u00e3o de um centro comercial. \u201cN\u00f3s temos uma pra\u00e7a e ela n\u00e3o pode acabar\u201d, protestou o comerciante Paulo S\u00e9rgio, propriet\u00e1rio do bazar JN, que no \u00faltimo dia 12 participou de uma manifesta\u00e7\u00e3o contra a obra.<\/p>\n<!-- AddThis Advanced Settings generic via filter on the_content --><!-- AddThis Share Buttons generic via filter on the_content -->","protected":false},"excerpt":{"rendered":"<div class=\"mh-excerpt\"><p>Click Here for English A pra\u00e7a abandonada ficou famosa! Um lugar de entretenimento, ocupado por muitos moradores de rua, vendedores ambulantes, pagodeiros, est\u00e1\u00a0sendo amea\u00e7ado por obras. A Pra\u00e7a Carlos Gianelle, localizada em Alc\u00e2ntara, um dos <a class=\"mh-excerpt-more\" href=\"https:\/\/rioonwatch.org.br\/?p=1832\" title=\"A Pra\u00e7a \u00e9 do povo\">[&#8230;]<\/a><!-- AddThis Advanced Settings generic via filter on get_the_excerpt --><!-- AddThis Share Buttons generic via filter on get_the_excerpt --><\/p>\n<\/div>","protected":false},"author":5,"featured_media":1827,"comment_status":"open","ping_status":"closed","sticky":false,"template":"","format":"standard","meta":{"_acf_changed":false,"_monsterinsights_skip_tracking":false,"_monsterinsights_sitenote_active":false,"_monsterinsights_sitenote_note":"","_monsterinsights_sitenote_category":0,"footnotes":""},"categories":[346,1625],"tags":[244,1372,231],"writer":[195],"translator":[],"source":[],"ilustrador":[],"fotografo":[],"class_list":{"0":"post-1832","1":"post","2":"type-post","3":"status-publish","4":"format-standard","5":"has-post-thumbnail","7":"category-denuncias","8":"category-por-correspondentes-comunitarios","9":"tag-alcantara","10":"tag-grande-rio","11":"tag-sao-goncalo","12":"writer-andreia-coutinho"},"acf":[],"yoast_head":"<!-- This site is optimized with the Yoast SEO plugin v25.6 - https:\/\/yoast.com\/wordpress\/plugins\/seo\/ -->\n<title>A Pra\u00e7a \u00e9 do povo - RioOnWatch<\/title>\n<meta name=\"robots\" content=\"index, follow, max-snippet:-1, max-image-preview:large, max-video-preview:-1\" \/>\n<link rel=\"canonical\" href=\"https:\/\/rioonwatch.org.br\/?p=1832\" \/>\n<meta property=\"og:locale\" content=\"pt_BR\" \/>\n<meta property=\"og:type\" content=\"article\" \/>\n<meta property=\"og:title\" content=\"A Pra\u00e7a \u00e9 do povo - RioOnWatch\" \/>\n<meta property=\"og:description\" content=\"Click Here for English A pra\u00e7a abandonada ficou famosa! Um lugar de entretenimento, ocupado por muitos moradores de rua, vendedores ambulantes, pagodeiros, est\u00e1\u00a0sendo amea\u00e7ado por obras. A Pra\u00e7a Carlos Gianelle, localizada em Alc\u00e2ntara, um dos [...]\" \/>\n<meta property=\"og:url\" content=\"https:\/\/rioonwatch.org.br\/?p=1832\" \/>\n<meta property=\"og:site_name\" content=\"RioOnWatch\" \/>\n<meta property=\"article:published_time\" content=\"2011-06-07T18:41:19+00:00\" \/>\n<meta property=\"article:modified_time\" content=\"2016-05-19T11:37:14+00:00\" \/>\n<meta property=\"og:image\" content=\"https:\/\/rioonwatch.org.br\/wp-content\/uploads\/2011\/06\/DSCN0851.jpg\" \/>\n\t<meta property=\"og:image:width\" content=\"300\" \/>\n\t<meta property=\"og:image:height\" content=\"225\" \/>\n\t<meta property=\"og:image:type\" content=\"image\/jpeg\" \/>\n<meta name=\"author\" content=\"Tiago\" \/>\n<meta name=\"twitter:card\" content=\"summary_large_image\" \/>\n<meta name=\"twitter:label1\" content=\"Escrito por\" \/>\n\t<meta name=\"twitter:data1\" content=\"Tiago\" \/>\n\t<meta name=\"twitter:label2\" content=\"Est. tempo de leitura\" \/>\n\t<meta name=\"twitter:data2\" content=\"2 minutos\" \/>\n<script type=\"application\/ld+json\" class=\"yoast-schema-graph\">{\"@context\":\"https:\/\/schema.org\",\"@graph\":[{\"@type\":\"Article\",\"@id\":\"https:\/\/rioonwatch.org.br\/?p=1832#article\",\"isPartOf\":{\"@id\":\"https:\/\/rioonwatch.org.br\/?p=1832\"},\"author\":{\"name\":\"Tiago\",\"@id\":\"https:\/\/rioonwatch.org.br\/#\/schema\/person\/7c54ce0a929f914709db001584daa6ee\"},\"headline\":\"A Pra\u00e7a \u00e9 do povo\",\"datePublished\":\"2011-06-07T18:41:19+00:00\",\"dateModified\":\"2016-05-19T11:37:14+00:00\",\"mainEntityOfPage\":{\"@id\":\"https:\/\/rioonwatch.org.br\/?p=1832\"},\"wordCount\":460,\"commentCount\":0,\"publisher\":{\"@id\":\"https:\/\/rioonwatch.org.br\/#organization\"},\"image\":{\"@id\":\"https:\/\/rioonwatch.org.br\/?p=1832#primaryimage\"},\"thumbnailUrl\":\"https:\/\/rioonwatch.org.br\/wp-content\/uploads\/2011\/06\/DSCN0851.jpg\",\"keywords\":[\"Alc\u00e2ntara\",\"Grande Rio\",\"S\u00e3o Gon\u00e7alo\"],\"articleSection\":[\"Den\u00fancias\",\"Escrito por Comunicadores Populares\"],\"inLanguage\":\"pt-BR\",\"potentialAction\":[{\"@type\":\"CommentAction\",\"name\":\"Comment\",\"target\":[\"https:\/\/rioonwatch.org.br\/?p=1832#respond\"]}]},{\"@type\":\"WebPage\",\"@id\":\"https:\/\/rioonwatch.org.br\/?p=1832\",\"url\":\"https:\/\/rioonwatch.org.br\/?p=1832\",\"name\":\"A Pra\u00e7a \u00e9 do povo - RioOnWatch\",\"isPartOf\":{\"@id\":\"https:\/\/rioonwatch.org.br\/#website\"},\"primaryImageOfPage\":{\"@id\":\"https:\/\/rioonwatch.org.br\/?p=1832#primaryimage\"},\"image\":{\"@id\":\"https:\/\/rioonwatch.org.br\/?p=1832#primaryimage\"},\"thumbnailUrl\":\"https:\/\/rioonwatch.org.br\/wp-content\/uploads\/2011\/06\/DSCN0851.jpg\",\"datePublished\":\"2011-06-07T18:41:19+00:00\",\"dateModified\":\"2016-05-19T11:37:14+00:00\",\"breadcrumb\":{\"@id\":\"https:\/\/rioonwatch.org.br\/?p=1832#breadcrumb\"},\"inLanguage\":\"pt-BR\",\"potentialAction\":[{\"@type\":\"ReadAction\",\"target\":[\"https:\/\/rioonwatch.org.br\/?p=1832\"]}]},{\"@type\":\"ImageObject\",\"inLanguage\":\"pt-BR\",\"@id\":\"https:\/\/rioonwatch.org.br\/?p=1832#primaryimage\",\"url\":\"https:\/\/rioonwatch.org.br\/wp-content\/uploads\/2011\/06\/DSCN0851.jpg\",\"contentUrl\":\"https:\/\/rioonwatch.org.br\/wp-content\/uploads\/2011\/06\/DSCN0851.jpg\",\"width\":300,\"height\":225},{\"@type\":\"BreadcrumbList\",\"@id\":\"https:\/\/rioonwatch.org.br\/?p=1832#breadcrumb\",\"itemListElement\":[{\"@type\":\"ListItem\",\"position\":1,\"name\":\"In\u00edcio\",\"item\":\"https:\/\/rioonwatch.org.br\/\"},{\"@type\":\"ListItem\",\"position\":2,\"name\":\"A Pra\u00e7a \u00e9 do povo\"}]},{\"@type\":\"WebSite\",\"@id\":\"https:\/\/rioonwatch.org.br\/#website\",\"url\":\"https:\/\/rioonwatch.org.br\/\",\"name\":\"RioOnWatch\",\"description\":\"relatos das favelas cariocas\",\"publisher\":{\"@id\":\"https:\/\/rioonwatch.org.br\/#organization\"},\"potentialAction\":[{\"@type\":\"SearchAction\",\"target\":{\"@type\":\"EntryPoint\",\"urlTemplate\":\"https:\/\/rioonwatch.org.br\/?s={search_term_string}\"},\"query-input\":{\"@type\":\"PropertyValueSpecification\",\"valueRequired\":true,\"valueName\":\"search_term_string\"}}],\"inLanguage\":\"pt-BR\"},{\"@type\":\"Organization\",\"@id\":\"https:\/\/rioonwatch.org.br\/#organization\",\"name\":\"RioOnWatch\",\"url\":\"https:\/\/rioonwatch.org.br\/\",\"logo\":{\"@type\":\"ImageObject\",\"inLanguage\":\"pt-BR\",\"@id\":\"https:\/\/rioonwatch.org.br\/#\/schema\/logo\/image\/\",\"url\":\"https:\/\/rioonwatch.org.br\/wp-content\/uploads\/2021\/06\/RioOnWatchcabecalhoPT11anos-2.png\",\"contentUrl\":\"https:\/\/rioonwatch.org.br\/wp-content\/uploads\/2021\/06\/RioOnWatchcabecalhoPT11anos-2.png\",\"width\":779,\"height\":277,\"caption\":\"RioOnWatch\"},\"image\":{\"@id\":\"https:\/\/rioonwatch.org.br\/#\/schema\/logo\/image\/\"}},{\"@type\":\"Person\",\"@id\":\"https:\/\/rioonwatch.org.br\/#\/schema\/person\/7c54ce0a929f914709db001584daa6ee\",\"name\":\"Tiago\",\"image\":{\"@type\":\"ImageObject\",\"inLanguage\":\"pt-BR\",\"@id\":\"https:\/\/rioonwatch.org.br\/#\/schema\/person\/image\/\",\"url\":\"https:\/\/secure.gravatar.com\/avatar\/886b123583861b1f9e1b1393972b9aeb?s=96&d=blank&r=g\",\"contentUrl\":\"https:\/\/secure.gravatar.com\/avatar\/886b123583861b1f9e1b1393972b9aeb?s=96&d=blank&r=g\",\"caption\":\"Tiago\"},\"url\":\"https:\/\/rioonwatch.org.br\/?author=5\"}]}<\/script>\n<!-- \/ Yoast SEO plugin. -->","yoast_head_json":{"title":"A Pra\u00e7a \u00e9 do povo - RioOnWatch","robots":{"index":"index","follow":"follow","max-snippet":"max-snippet:-1","max-image-preview":"max-image-preview:large","max-video-preview":"max-video-preview:-1"},"canonical":"https:\/\/rioonwatch.org.br\/?p=1832","og_locale":"pt_BR","og_type":"article","og_title":"A Pra\u00e7a \u00e9 do povo - RioOnWatch","og_description":"Click Here for English A pra\u00e7a abandonada ficou famosa! Um lugar de entretenimento, ocupado por muitos moradores de rua, vendedores ambulantes, pagodeiros, est\u00e1\u00a0sendo amea\u00e7ado por obras. A Pra\u00e7a Carlos Gianelle, localizada em Alc\u00e2ntara, um dos [...]","og_url":"https:\/\/rioonwatch.org.br\/?p=1832","og_site_name":"RioOnWatch","article_published_time":"2011-06-07T18:41:19+00:00","article_modified_time":"2016-05-19T11:37:14+00:00","og_image":[{"width":300,"height":225,"url":"https:\/\/rioonwatch.org.br\/wp-content\/uploads\/2011\/06\/DSCN0851.jpg","type":"image\/jpeg"}],"author":"Tiago","twitter_card":"summary_large_image","twitter_misc":{"Escrito por":"Tiago","Est. tempo de leitura":"2 minutos"},"schema":{"@context":"https:\/\/schema.org","@graph":[{"@type":"Article","@id":"https:\/\/rioonwatch.org.br\/?p=1832#article","isPartOf":{"@id":"https:\/\/rioonwatch.org.br\/?p=1832"},"author":{"name":"Tiago","@id":"https:\/\/rioonwatch.org.br\/#\/schema\/person\/7c54ce0a929f914709db001584daa6ee"},"headline":"A Pra\u00e7a \u00e9 do povo","datePublished":"2011-06-07T18:41:19+00:00","dateModified":"2016-05-19T11:37:14+00:00","mainEntityOfPage":{"@id":"https:\/\/rioonwatch.org.br\/?p=1832"},"wordCount":460,"commentCount":0,"publisher":{"@id":"https:\/\/rioonwatch.org.br\/#organization"},"image":{"@id":"https:\/\/rioonwatch.org.br\/?p=1832#primaryimage"},"thumbnailUrl":"https:\/\/rioonwatch.org.br\/wp-content\/uploads\/2011\/06\/DSCN0851.jpg","keywords":["Alc\u00e2ntara","Grande Rio","S\u00e3o Gon\u00e7alo"],"articleSection":["Den\u00fancias","Escrito por Comunicadores Populares"],"inLanguage":"pt-BR","potentialAction":[{"@type":"CommentAction","name":"Comment","target":["https:\/\/rioonwatch.org.br\/?p=1832#respond"]}]},{"@type":"WebPage","@id":"https:\/\/rioonwatch.org.br\/?p=1832","url":"https:\/\/rioonwatch.org.br\/?p=1832","name":"A Pra\u00e7a \u00e9 do povo - RioOnWatch","isPartOf":{"@id":"https:\/\/rioonwatch.org.br\/#website"},"primaryImageOfPage":{"@id":"https:\/\/rioonwatch.org.br\/?p=1832#primaryimage"},"image":{"@id":"https:\/\/rioonwatch.org.br\/?p=1832#primaryimage"},"thumbnailUrl":"https:\/\/rioonwatch.org.br\/wp-content\/uploads\/2011\/06\/DSCN0851.jpg","datePublished":"2011-06-07T18:41:19+00:00","dateModified":"2016-05-19T11:37:14+00:00","breadcrumb":{"@id":"https:\/\/rioonwatch.org.br\/?p=1832#breadcrumb"},"inLanguage":"pt-BR","potentialAction":[{"@type":"ReadAction","target":["https:\/\/rioonwatch.org.br\/?p=1832"]}]},{"@type":"ImageObject","inLanguage":"pt-BR","@id":"https:\/\/rioonwatch.org.br\/?p=1832#primaryimage","url":"https:\/\/rioonwatch.org.br\/wp-content\/uploads\/2011\/06\/DSCN0851.jpg","contentUrl":"https:\/\/rioonwatch.org.br\/wp-content\/uploads\/2011\/06\/DSCN0851.jpg","width":300,"height":225},{"@type":"BreadcrumbList","@id":"https:\/\/rioonwatch.org.br\/?p=1832#breadcrumb","itemListElement":[{"@type":"ListItem","position":1,"name":"In\u00edcio","item":"https:\/\/rioonwatch.org.br\/"},{"@type":"ListItem","position":2,"name":"A Pra\u00e7a \u00e9 do povo"}]},{"@type":"WebSite","@id":"https:\/\/rioonwatch.org.br\/#website","url":"https:\/\/rioonwatch.org.br\/","name":"RioOnWatch","description":"relatos das favelas cariocas","publisher":{"@id":"https:\/\/rioonwatch.org.br\/#organization"},"potentialAction":[{"@type":"SearchAction","target":{"@type":"EntryPoint","urlTemplate":"https:\/\/rioonwatch.org.br\/?s={search_term_string}"},"query-input":{"@type":"PropertyValueSpecification","valueRequired":true,"valueName":"search_term_string"}}],"inLanguage":"pt-BR"},{"@type":"Organization","@id":"https:\/\/rioonwatch.org.br\/#organization","name":"RioOnWatch","url":"https:\/\/rioonwatch.org.br\/","logo":{"@type":"ImageObject","inLanguage":"pt-BR","@id":"https:\/\/rioonwatch.org.br\/#\/schema\/logo\/image\/","url":"https:\/\/rioonwatch.org.br\/wp-content\/uploads\/2021\/06\/RioOnWatchcabecalhoPT11anos-2.png","contentUrl":"https:\/\/rioonwatch.org.br\/wp-content\/uploads\/2021\/06\/RioOnWatchcabecalhoPT11anos-2.png","width":779,"height":277,"caption":"RioOnWatch"},"image":{"@id":"https:\/\/rioonwatch.org.br\/#\/schema\/logo\/image\/"}},{"@type":"Person","@id":"https:\/\/rioonwatch.org.br\/#\/schema\/person\/7c54ce0a929f914709db001584daa6ee","name":"Tiago","image":{"@type":"ImageObject","inLanguage":"pt-BR","@id":"https:\/\/rioonwatch.org.br\/#\/schema\/person\/image\/","url":"https:\/\/secure.gravatar.com\/avatar\/886b123583861b1f9e1b1393972b9aeb?s=96&d=blank&r=g","contentUrl":"https:\/\/secure.gravatar.com\/avatar\/886b123583861b1f9e1b1393972b9aeb?s=96&d=blank&r=g","caption":"Tiago"},"url":"https:\/\/rioonwatch.org.br\/?author=5"}]}},"_links":{"self":[{"href":"https:\/\/rioonwatch.org.br\/index.php?rest_route=\/wp\/v2\/posts\/1832"}],"collection":[{"href":"https:\/\/rioonwatch.org.br\/index.php?rest_route=\/wp\/v2\/posts"}],"about":[{"href":"https:\/\/rioonwatch.org.br\/index.php?rest_route=\/wp\/v2\/types\/post"}],"author":[{"embeddable":true,"href":"https:\/\/rioonwatch.org.br\/index.php?rest_route=\/wp\/v2\/users\/5"}],"replies":[{"embeddable":true,"href":"https:\/\/rioonwatch.org.br\/index.php?rest_route=%2Fwp%2Fv2%2Fcomments&post=1832"}],"version-history":[{"count":8,"href":"https:\/\/rioonwatch.org.br\/index.php?rest_route=\/wp\/v2\/posts\/1832\/revisions"}],"predecessor-version":[{"id":19861,"href":"https:\/\/rioonwatch.org.br\/index.php?rest_route=\/wp\/v2\/posts\/1832\/revisions\/19861"}],"wp:featuredmedia":[{"embeddable":true,"href":"https:\/\/rioonwatch.org.br\/index.php?rest_route=\/wp\/v2\/media\/1827"}],"wp:attachment":[{"href":"https:\/\/rioonwatch.org.br\/index.php?rest_route=%2Fwp%2Fv2%2Fmedia&parent=1832"}],"wp:term":[{"taxonomy":"category","embeddable":true,"href":"https:\/\/rioonwatch.org.br\/index.php?rest_route=%2Fwp%2Fv2%2Fcategories&post=1832"},{"taxonomy":"post_tag","embeddable":true,"href":"https:\/\/rioonwatch.org.br\/index.php?rest_route=%2Fwp%2Fv2%2Ftags&post=1832"},{"taxonomy":"writer","embeddable":true,"href":"https:\/\/rioonwatch.org.br\/index.php?rest_route=%2Fwp%2Fv2%2Fwriter&post=1832"},{"taxonomy":"translator","embeddable":true,"href":"https:\/\/rioonwatch.org.br\/index.php?rest_route=%2Fwp%2Fv2%2Ftranslator&post=1832"},{"taxonomy":"source","embeddable":true,"href":"https:\/\/rioonwatch.org.br\/index.php?rest_route=%2Fwp%2Fv2%2Fsource&post=1832"},{"taxonomy":"ilustrador","embeddable":true,"href":"https:\/\/rioonwatch.org.br\/index.php?rest_route=%2Fwp%2Fv2%2Filustrador&post=1832"},{"taxonomy":"fotografo","embeddable":true,"href":"https:\/\/rioonwatch.org.br\/index.php?rest_route=%2Fwp%2Fv2%2Ffotografo&post=1832"}],"curies":[{"name":"wp","href":"https:\/\/api.w.org\/{rel}","templated":true}]}}