{"id":18327,"date":"2016-02-13T10:00:43","date_gmt":"2016-02-13T13:00:43","guid":{"rendered":"http:\/\/rioonwatch.org.br\/?p=18327"},"modified":"2024-06-20T16:28:16","modified_gmt":"2024-06-20T19:28:16","slug":"o-que-podemos-fazer-contra-tropas-armadas-demolicoes-ilegais-na-vila-autodromo","status":"publish","type":"post","link":"https:\/\/rioonwatch.org.br\/?p=18327","title":{"rendered":"&#8220;O Que Podemos Fazer Contra Tropas Armadas?&#8221; Demoli\u00e7\u00f5es Ilegais na Vila Aut\u00f3dromo"},"content":{"rendered":"<p style=\"text-align: right;\"><em><strong><a href=\"http:\/\/bit.ly\/1SktNR7\" target=\"_blank\" rel=\"noopener\">Click Here for English<img decoding=\"async\" width=\"20\" height=\"20\" class=\"alignright wp-image-15790\" src=\"http:\/\/rioonwatch.org.br\/wp-content\/uploads\/2012\/08\/EN-standard-e1439583104716.jpg\" alt=\"\" \/><\/a><\/strong><\/em><\/p>\n<p>A <a href=\"http:\/\/bit.ly\/Nfddvg\">Vila Aut\u00f3dromo<\/a>, favela\u00a0adjacente ao\u00a0Parque Ol\u00edmpico Rio 2016 que luta contra a remo\u00e7\u00e3o, tem estado sob intensa press\u00e3o h\u00e1 meses. As autoridades municipais fizeram <a href=\"http:\/\/bit.ly\/1QHprD5\" target=\"_blank\" rel=\"noopener\">amea\u00e7as, dizendo que os moradores \u201csair\u00e3o com dor\u201d<\/a>, e no m\u00eas de janeiro Guardas Municipais constru\u00edram um <a href=\"http:\/\/bit.ly\/1Sn4qOh\" target=\"_blank\" rel=\"noopener\">novo muro dividindo a comunidade<\/a>, isolando algumas casas do local da constru\u00e7\u00e3o ol\u00edmpica. Apesar do <a href=\"http:\/\/bit.ly\/1M39Oi4\" target=\"_blank\" rel=\"noopener\">premiado plano de urbaniza\u00e7\u00e3o da comunidade<\/a> feito por moradores e das <a href=\"http:\/\/bit.ly\/1VkxAeJ\" target=\"_blank\" rel=\"noopener\">repetidas garantias do Prefeito Eduardo Paes de que eles poderiam ficar<\/a>, a prefeitura vem intensificando seus esfor\u00e7os para expulsar os moradores remanescentes. Na semana passada, a prefeitura obteve um <a href=\"http:\/\/on.fb.me\/1mhYpV2\" target=\"_blank\" rel=\"noopener\">mandato da imiss\u00e3o de posse para a remo\u00e7\u00e3o<\/a> do pr\u00e9dio da Associa\u00e7\u00e3o de Moradores, mas\u00a0 <a href=\"http:\/\/on.fb.me\/1PT5TtN\" target=\"_blank\" rel=\"noopener\">a ordem<\/a> foi suspensa ap\u00f3s a interven\u00e7\u00e3o de defensores p\u00fablicos do Rio de Janeiro.<\/p>\n<p>Quinta-feira, 11 de fevereiro, a press\u00e3o aumentou novamente com a demoli\u00e7\u00e3o inesperada de tr\u00eas casas localizadas atr\u00e1s do pr\u00e9dio da Associa\u00e7\u00e3o de Moradores. N\u00e3o houve aviso pr\u00e9vio aos moradores, aterrorizados ao acordar \u00e0s 6h da manh\u00e3, descobrindo que in\u00fameros \u00f4nibus cheios de tropas de choque, bombeiros e autoridades da prefeitura, incluindo o sub-prefeito da Barra de Tijuca <a href=\"http:\/\/bit.ly\/1On7u8Y\" target=\"_blank\" rel=\"noopener\">Alex Costa<\/a>, tinham entrado na comunidade com equipamentos de demoli\u00e7\u00e3o. Eles destru\u00edram tr\u00eas casas atr\u00e1s da Associa\u00e7\u00e3o de Moradores e do campo de futebol, ignorando as queixas dos moradores. A moradora e ativista comunit\u00e1ria, Maria da Penha, questionou: &#8220;O que podemos fazer contra tropas armadas?!&#8221;<\/p>\n<p><a href=\"http:\/\/rioonwatch.org.br\/wp-content\/uploads\/2016\/02\/Guardas-bloqueiam-o-acesso-para-realizar-as-demoli\u00e7\u00f5es.-Foto-da-p\u00e1gina-Comunidade-Vila-Aut\u00f3dromo-no-Facebook.jpg\" rel=\"attachment wp-att-18330\"><img fetchpriority=\"high\" decoding=\"async\" class=\"aligncenter wp-image-18330 size-medium\" title=\"Guardas bloqueiam o acesso para realizar as demoli\u00e7\u00f5es. Foto da p\u00e1gina da Vila Aut\u00f3dromo no Facebook\" src=\"http:\/\/rioonwatch.org.br\/wp-content\/uploads\/2016\/02\/Guardas-bloqueiam-o-acesso-para-realizar-as-demoli\u00e7\u00f5es.-Foto-da-p\u00e1gina-Comunidade-Vila-Aut\u00f3dromo-no-Facebook-620x264.jpg\" alt=\"Guardas bloqueiam o acesso para realizar as demoli\u00e7\u00f5es. Foto da p\u00e1gina da Vila Aut\u00f3dromo no Facebook\" width=\"620\" height=\"264\" \/><\/a><\/p>\n<p>As atitudes\u00a0da prefeitura essa quinta-feira est\u00e3o claramente em desacordo com as <a href=\"http:\/\/bit.ly\/1VkxAeJ\" target=\"_blank\" rel=\"noopener\">declara\u00e7\u00f5es do prefeito<\/a>, feitas em 19 de janeiro, de que apenas uma fam\u00edlia na Vila Aut\u00f3dromo ainda tinha de ser removida. Em suas declara\u00e7\u00f5es, em resposta a uma pergunta direta sobre o futuro da Vila Aut\u00f3dromo, n\u00e3o havia qualquer indica\u00e7\u00e3o de que as casas perto da Associa\u00e7\u00e3o de Moradores ou o edif\u00edcio da Associa\u00e7\u00e3o em si teriam de ser removidos.<\/p>\n<p>Estas tr\u00eas casas inclu\u00edam a casa de <a href=\"http:\/\/bit.ly\/1mynL17\" target=\"_blank\" rel=\"noopener\">Altair Antunes Guimar\u00e3es<\/a>, presidente da Associa\u00e7\u00e3o de Moradores da comunidade, que estava fora quando as demoli\u00e7\u00f5es ocorreram. Sem Altair l\u00e1, os moradores acharam imposs\u00edvel parar as demoli\u00e7\u00f5es, uma vez que eles n\u00e3o tinham certeza sobre a legalidade das a\u00e7\u00f5es da prefeitura, especificamente se as tr\u00eas casas estavam inclu\u00eddas na ordem da Associa\u00e7\u00e3o de Moradores que proibia demoli\u00e7\u00f5es. Com a Guarda Municipal agora na comunidade 24 horas por dia, muitos moradores suspeitam que a prefeitura escolheu fazer essas demoli\u00e7\u00f5es hoje pois sabiam que Altair n\u00e3o estaria l\u00e1 para defender as constru\u00e7\u00f5es. Outros moradores presentes n\u00e3o tinham certeza se eles estavam legalmente autorizados a intervir.<\/p>\n<p><a href=\"http:\/\/rioonwatch.org.br\/wp-content\/uploads\/2016\/02\/Demoli\u00e7\u00e3o-da-casa-do-Altair.-Foto-da-p\u00e1gina-Comunidade-Vila-Aut\u00f3dromo-no-Facebook.jpg\" rel=\"attachment wp-att-18329\"><img decoding=\"async\" class=\"aligncenter wp-image-18329 size-content\" title=\"Demoli\u00e7\u00e3o da casa do Altair. Foto da p\u00e1gina da Vila Aut\u00f3dromo no Facebook\" src=\"http:\/\/rioonwatch.org.br\/wp-content\/uploads\/2016\/02\/Demoli\u00e7\u00e3o-da-casa-do-Altair.-Foto-da-p\u00e1gina-Comunidade-Vila-Aut\u00f3dromo-no-Facebook-620x264.jpg\" alt=\"Demoli\u00e7\u00e3o da casa do Altair. Foto da p\u00e1gina da Vila Aut\u00f3dromo no Facebook\" width=\"620\" height=\"264\" srcset=\"https:\/\/rioonwatch.org.br\/wp-content\/uploads\/2016\/02\/Demoli\u00e7\u00e3o-da-casa-do-Altair.-Foto-da-p\u00e1gina-Comunidade-Vila-Aut\u00f3dromo-no-Facebook-620x264.jpg 620w, https:\/\/rioonwatch.org.br\/wp-content\/uploads\/2016\/02\/Demoli\u00e7\u00e3o-da-casa-do-Altair.-Foto-da-p\u00e1gina-Comunidade-Vila-Aut\u00f3dromo-no-Facebook-940x400.jpg 940w\" sizes=\"(max-width: 620px) 100vw, 620px\" \/><\/a><\/p>\n<p>As casas estavam localizadas nas terras da Associa\u00e7\u00e3o de Moradores, o que deixou muitos moradores convencidos de que o pr\u00e9dio da Associa\u00e7\u00e3o em si, com a sua enorme import\u00e2ncia simb\u00f3lica, permanece na mira da Prefeitura. Os moradores n\u00e3o foram informados sobre a causa da remo\u00e7\u00e3o dessas constru\u00e7\u00f5es. Maria da Penha acredita que as casas e o pr\u00e9dio da Associa\u00e7\u00e3o est\u00e3o sendo <a href=\"http:\/\/bit.ly\/1SlK5t0\" target=\"_blank\" rel=\"noopener\">removidos porque os organizadores Ol\u00edmpicos desejam criar um &#8220;lugar bonito&#8221;<\/a>, sem essas &#8220;casas em terreno batido&#8221; e a &#8220;feia constru\u00e7\u00e3o da Associa\u00e7\u00e3o&#8221; que est\u00e3o no campo de vis\u00e3o do que ser\u00e1 o hotel da m\u00eddia durante as Olimp\u00edadas.<\/p>\n<p><a href=\"http:\/\/rioonwatch.org.br\/wp-content\/uploads\/2016\/02\/Altairs-Destroyed-Home-e1455229287323.jpg\" rel=\"attachment wp-att-18331\"><img loading=\"lazy\" decoding=\"async\" class=\"aligncenter wp-image-18331 size-content\" title=\"Local da casa do Altair depois da demoli\u00e7\u00e3o\" src=\"http:\/\/rioonwatch.org.br\/wp-content\/uploads\/2016\/02\/Altairs-Destroyed-Home-e1455229287323-620x264.jpg\" alt=\"Altairs-Destroyed-Home-e1455229287323\" width=\"620\" height=\"264\" srcset=\"https:\/\/rioonwatch.org.br\/wp-content\/uploads\/2016\/02\/Altairs-Destroyed-Home-e1455229287323-620x264.jpg 620w, https:\/\/rioonwatch.org.br\/wp-content\/uploads\/2016\/02\/Altairs-Destroyed-Home-e1455229287323-940x400.jpg 940w\" sizes=\"(max-width: 620px) 100vw, 620px\" \/><\/a><\/p>\n<p>O terreno ocupado pela Associa\u00e7\u00e3o de Moradores toma duas parcelas de terra. A primeira parcela, que inclui a constru\u00e7\u00e3o da Associa\u00e7\u00e3o de Moradores e as tr\u00eas casas destru\u00eddas, j\u00e1 havia sido marcada como &#8220;protegida&#8221;, sob abrigo de um decreto oficial da prefeitura. A segunda parcela, logo na parte de tr\u00e1s, utilizada como horta\u00a0comunit\u00e1ria, n\u00e3o tem o mesmo status de prote\u00e7\u00e3o.\u00a0Alguns moradores sugeriram que a prefeitura pode ter acreditado que as casas foram constru\u00eddas sobre a parcela n\u00e3o protegida, que \u00e9 a justificativa que parece ter sido usada nessa rodada de demoli\u00e7\u00f5es. Os moradores tamb\u00e9m disseram que o fato de um morador ter come\u00e7ado a construir no terreno antes de aceitar a indeniza\u00e7\u00e3o\u00a0para deixar a comunidade foi usado como pretexto pela prefeitura para que as tr\u00eas casas fossem destru\u00eddas, embora nenhuma delas pertencesse a esse morador.<\/p>\n<p>Este \u00e9 apenas um exemplo da incerteza dos moradores a respeito da legalidade das a\u00e7\u00f5es da prefeitura, o que ressalta o fracasso do governo municipal em oferecer a devida informa\u00e7\u00e3o com anteced\u00eancia, n\u00e3o s\u00f3 hoje, mas ao longo das negocia\u00e7\u00f5es com os moradores. Os moradores tamb\u00e9m foram informados de que apenas o propriet\u00e1rio das casas, Altair, poderia negociar com o oficial de justi\u00e7a, e, como ele n\u00e3o estava l\u00e1, as demoli\u00e7\u00f5es prosseguiram. Quando Altair chegou, mais tarde, <a href=\"http:\/\/bit.ly\/242jwgn\" target=\"_blank\" rel=\"noopener\">ele disse<\/a> que o terreno em que sua casa estava era protegido pelo decreto da prefeitura, tornando a demoli\u00e7\u00e3o ilegal. Ele chamou o juiz que assinou a ordem de demoli\u00e7\u00e3o de bandido, argumentando que &#8220;a justi\u00e7a n\u00e3o existe para os pobres&#8221;. Em sua casa ele tinha &#8220;uma televis\u00e3o, um frigor\u00edfico e ar condicionado&#8221;, mas agora tem &#8220;apenas a roupa do corpo&#8221; e \u201cnenhum documento&#8221;.<\/p>\n<p><a href=\"http:\/\/rioonwatch.org.br\/wp-content\/uploads\/2016\/02\/Altair-and-Penha-being-interviewed.jpg\" rel=\"attachment wp-att-18332\"><img loading=\"lazy\" decoding=\"async\" class=\"aligncenter wp-image-18332 size-content\" title=\"Altair e Penha sendo entrevistados.\" src=\"http:\/\/rioonwatch.org.br\/wp-content\/uploads\/2016\/02\/Altair-and-Penha-being-interviewed-620x264.jpg\" alt=\"Altair-and-Penha-being-interviewed\" width=\"620\" height=\"264\" srcset=\"https:\/\/rioonwatch.org.br\/wp-content\/uploads\/2016\/02\/Altair-and-Penha-being-interviewed-620x264.jpg 620w, https:\/\/rioonwatch.org.br\/wp-content\/uploads\/2016\/02\/Altair-and-Penha-being-interviewed-940x400.jpg 940w\" sizes=\"(max-width: 620px) 100vw, 620px\" \/><\/a><\/p>\n<p>Essa <a href=\"http:\/\/bit.ly\/1ODiDRd\" target=\"_blank\" rel=\"noopener\">n\u00e3o \u00e9 a primeira vez<\/a> que Altair foi <a href=\"http:\/\/bit.ly\/pFk9vU\" target=\"_blank\" rel=\"noopener\">removido de sua casa<\/a>. Com 14 anos, ele foi removido da Ilha Cai\u00e7aras na Lagoa, bairro pr\u00f3spero da\u00a0<a href=\"http:\/\/bit.ly\/1mNsDyk\" target=\"_blank\" rel=\"noopener\">Zona Sul<\/a>, e se mudou para a <a href=\"http:\/\/bit.ly\/10BzE4e\" target=\"_blank\" rel=\"noopener\">Cidade de Deus<\/a>. Ele foi transferido novamente durante a\u00a0d\u00e9cada de 1990 para abrir caminho para a constru\u00e7\u00e3o da Linha Amarela, que liga a <a href=\"http:\/\/bit.ly\/WximDf\" target=\"_blank\" rel=\"noopener\">Zona Norte<\/a> \u00e0 <a href=\"http:\/\/bit.ly\/19BBUhf\" target=\"_blank\" rel=\"noopener\">Barra da Tijuca<\/a>. Ele se tornou uma figura central na Vila Aut\u00f3dromo como presidente da Associa\u00e7\u00e3o de Moradores e h\u00e1 muito tempo protesta contra os planos de remo\u00e7\u00e3o da comunidade, que remonta a <a href=\"http:\/\/bit.ly\/1VbkS6y\" target=\"_blank\" rel=\"noopener\">tentativas anteriores para remover os moradores antes mesmo de os Jogos Ol\u00edmpicos<\/a> serem anunciados. Ele foi removido de sua casa na Vila Aut\u00f3dromo, em agosto de 2015, e se mudou para a casa atr\u00e1s do pr\u00e9dio da Associa\u00e7\u00e3o de Moradores, que foi destru\u00edda hoje, marcando a quarta vez em sua vida que Altair\u00a0foi removido de sua casa pelas autoridades municipais do Rio. Com a casa agora destru\u00edda, ele pretende ficar na Associa\u00e7\u00e3o de Moradores.<\/p>\n<p>Um dos coment\u00e1rios de hoje de Altair resumiu um sentimento vindo de tantos moradores em todas as favelas e bairros perif\u00e9ricos do Rio de Janeiro: &#8220;As pessoas pensam que o Brasil \u00e9 maravilhoso, mas maravilhoso para quem? N\u00e3o para os pobres&#8221;.<\/p>\n<!-- AddThis Advanced Settings generic via filter on the_content --><!-- AddThis Share Buttons generic via filter on the_content -->","protected":false},"excerpt":{"rendered":"<div class=\"mh-excerpt\"><p>Click Here for English A Vila Aut\u00f3dromo, favela\u00a0adjacente ao\u00a0Parque Ol\u00edmpico Rio 2016 que luta contra a remo\u00e7\u00e3o, tem estado sob intensa press\u00e3o h\u00e1 meses. As autoridades municipais fizeram amea\u00e7as, dizendo que os moradores \u201csair\u00e3o com <a class=\"mh-excerpt-more\" href=\"https:\/\/rioonwatch.org.br\/?p=18327\" title=\"&#8220;O Que Podemos Fazer Contra Tropas Armadas?&#8221; Demoli\u00e7\u00f5es Ilegais na Vila Aut\u00f3dromo\">[&#8230;]<\/a><!-- AddThis Advanced Settings generic via filter on get_the_excerpt --><!-- AddThis Share Buttons generic via filter on get_the_excerpt --><\/p>\n<\/div>","protected":false},"author":129,"featured_media":18329,"comment_status":"closed","ping_status":"closed","sticky":false,"template":"","format":"standard","meta":{"_acf_changed":false,"_monsterinsights_skip_tracking":false,"_monsterinsights_sitenote_active":false,"_monsterinsights_sitenote_note":"","_monsterinsights_sitenote_category":0,"footnotes":""},"categories":[1614,1635,1621,1627,346,1626],"tags":[655,274,554,90,424,88,1766,755,1240,78,14,1749,55,184],"writer":[1762,1708,1667],"translator":[1176],"source":[],"ilustrador":[],"fotografo":[],"class_list":{"0":"post-18327","1":"post","2":"type-post","3":"status-publish","4":"format-standard","5":"has-post-thumbnail","7":"category-olhonasremocoes","8":"category-1635","9":"category-destaque","10":"category-relato-de-evento","11":"category-denuncias","12":"category-por-observadores-internacionais","13":"tag-associacao-de-moradores","14":"tag-barra-da-tijuca","15":"tag-cidade-de-deus","16":"tag-defensoria-publica","17":"tag-direito-a-moradia","18":"tag-direitos-humanos","19":"tag-ilha-dos-caicaras","20":"tag-lei","21":"tag-megaeventos","22":"tag-olimpiadas","23":"tag-remocao","24":"tag-sub-prefeito-alex-costa","25":"tag-vila-autodromo","26":"tag-zona-oeste","27":"writer-adam-talbot","28":"writer-claire-lepercq","29":"writer-david-robertson","30":"translator-fernanda-lacerda"},"acf":[],"yoast_head":"<!-- This site is optimized with the Yoast SEO plugin v25.6 - https:\/\/yoast.com\/wordpress\/plugins\/seo\/ -->\n<title>&quot;O Que Podemos Fazer Contra Tropas Armadas?&quot; Demoli\u00e7\u00f5es Ilegais na Vila Aut\u00f3dromo - RioOnWatch<\/title>\n<meta name=\"robots\" content=\"index, follow, max-snippet:-1, max-image-preview:large, max-video-preview:-1\" \/>\n<link rel=\"canonical\" href=\"https:\/\/rioonwatch.org.br\/?p=18327\" \/>\n<meta property=\"og:locale\" content=\"pt_BR\" \/>\n<meta property=\"og:type\" content=\"article\" \/>\n<meta property=\"og:title\" content=\"&quot;O Que Podemos Fazer Contra Tropas Armadas?&quot; Demoli\u00e7\u00f5es Ilegais na Vila Aut\u00f3dromo - RioOnWatch\" \/>\n<meta property=\"og:description\" content=\"Click Here for English A Vila Aut\u00f3dromo, favela\u00a0adjacente ao\u00a0Parque Ol\u00edmpico Rio 2016 que luta contra a remo\u00e7\u00e3o, tem estado sob intensa press\u00e3o h\u00e1 meses. As autoridades municipais fizeram amea\u00e7as, dizendo que os moradores \u201csair\u00e3o com [...]\" \/>\n<meta property=\"og:url\" content=\"https:\/\/rioonwatch.org.br\/?p=18327\" \/>\n<meta property=\"og:site_name\" content=\"RioOnWatch\" \/>\n<meta property=\"article:published_time\" content=\"2016-02-13T13:00:43+00:00\" \/>\n<meta property=\"article:modified_time\" content=\"2024-06-20T19:28:16+00:00\" \/>\n<meta property=\"og:image\" content=\"https:\/\/rioonwatch.org.br\/wp-content\/uploads\/2016\/02\/Demoli\u00e7\u00e3o-da-casa-do-Altair.-Foto-da-p\u00e1gina-Comunidade-Vila-Aut\u00f3dromo-no-Facebook.jpg\" \/>\n\t<meta property=\"og:image:width\" content=\"960\" \/>\n\t<meta property=\"og:image:height\" content=\"540\" \/>\n\t<meta property=\"og:image:type\" content=\"image\/jpeg\" \/>\n<meta name=\"author\" content=\"Admin\" \/>\n<meta name=\"twitter:card\" content=\"summary_large_image\" \/>\n<meta name=\"twitter:label1\" content=\"Escrito por\" \/>\n\t<meta name=\"twitter:data1\" content=\"Admin\" \/>\n\t<meta name=\"twitter:label2\" content=\"Est. tempo de leitura\" \/>\n\t<meta name=\"twitter:data2\" content=\"6 minutos\" \/>\n<script type=\"application\/ld+json\" class=\"yoast-schema-graph\">{\"@context\":\"https:\/\/schema.org\",\"@graph\":[{\"@type\":\"Article\",\"@id\":\"https:\/\/rioonwatch.org.br\/?p=18327#article\",\"isPartOf\":{\"@id\":\"https:\/\/rioonwatch.org.br\/?p=18327\"},\"author\":{\"name\":\"Admin\",\"@id\":\"https:\/\/rioonwatch.org.br\/#\/schema\/person\/11d64c290506f9df50c71b850c473f68\"},\"headline\":\"&#8220;O Que Podemos Fazer Contra Tropas Armadas?&#8221; Demoli\u00e7\u00f5es Ilegais na Vila Aut\u00f3dromo\",\"datePublished\":\"2016-02-13T13:00:43+00:00\",\"dateModified\":\"2024-06-20T19:28:16+00:00\",\"mainEntityOfPage\":{\"@id\":\"https:\/\/rioonwatch.org.br\/?p=18327\"},\"wordCount\":1137,\"publisher\":{\"@id\":\"https:\/\/rioonwatch.org.br\/#organization\"},\"image\":{\"@id\":\"https:\/\/rioonwatch.org.br\/?p=18327#primaryimage\"},\"thumbnailUrl\":\"https:\/\/rioonwatch.org.br\/wp-content\/uploads\/2016\/02\/Demoli\u00e7\u00e3o-da-casa-do-Altair.-Foto-da-p\u00e1gina-Comunidade-Vila-Aut\u00f3dromo-no-Facebook.jpg\",\"keywords\":[\"Associa\u00e7\u00e3o de Moradores\",\"Barra da Tijuca\",\"Cidade de Deus\",\"Defensoria P\u00fablica\",\"Direito \u00e0 Moradia\",\"Direitos Humanos\",\"Ilha dos Cai\u00e7aras\",\"lei\",\"Megaeventos\",\"Olimp\u00edadas\",\"Remo\u00e7\u00e3o\",\"Sub-prefeito Alex Costa\",\"Vila Aut\u00f3dromo\",\"Zona Oeste\"],\"articleSection\":[\"#OlhoNasRemo\u00e7\u00f5es\",\"#Rio2016\",\"*Destaque\",\"Cobertura de Eventos\",\"Den\u00fancias\",\"Escrito por Aliados\"],\"inLanguage\":\"pt-BR\"},{\"@type\":\"WebPage\",\"@id\":\"https:\/\/rioonwatch.org.br\/?p=18327\",\"url\":\"https:\/\/rioonwatch.org.br\/?p=18327\",\"name\":\"\\\"O Que Podemos Fazer Contra Tropas Armadas?\\\" Demoli\u00e7\u00f5es Ilegais na Vila Aut\u00f3dromo - RioOnWatch\",\"isPartOf\":{\"@id\":\"https:\/\/rioonwatch.org.br\/#website\"},\"primaryImageOfPage\":{\"@id\":\"https:\/\/rioonwatch.org.br\/?p=18327#primaryimage\"},\"image\":{\"@id\":\"https:\/\/rioonwatch.org.br\/?p=18327#primaryimage\"},\"thumbnailUrl\":\"https:\/\/rioonwatch.org.br\/wp-content\/uploads\/2016\/02\/Demoli\u00e7\u00e3o-da-casa-do-Altair.-Foto-da-p\u00e1gina-Comunidade-Vila-Aut\u00f3dromo-no-Facebook.jpg\",\"datePublished\":\"2016-02-13T13:00:43+00:00\",\"dateModified\":\"2024-06-20T19:28:16+00:00\",\"breadcrumb\":{\"@id\":\"https:\/\/rioonwatch.org.br\/?p=18327#breadcrumb\"},\"inLanguage\":\"pt-BR\",\"potentialAction\":[{\"@type\":\"ReadAction\",\"target\":[\"https:\/\/rioonwatch.org.br\/?p=18327\"]}]},{\"@type\":\"ImageObject\",\"inLanguage\":\"pt-BR\",\"@id\":\"https:\/\/rioonwatch.org.br\/?p=18327#primaryimage\",\"url\":\"https:\/\/rioonwatch.org.br\/wp-content\/uploads\/2016\/02\/Demoli\u00e7\u00e3o-da-casa-do-Altair.-Foto-da-p\u00e1gina-Comunidade-Vila-Aut\u00f3dromo-no-Facebook.jpg\",\"contentUrl\":\"https:\/\/rioonwatch.org.br\/wp-content\/uploads\/2016\/02\/Demoli\u00e7\u00e3o-da-casa-do-Altair.-Foto-da-p\u00e1gina-Comunidade-Vila-Aut\u00f3dromo-no-Facebook.jpg\",\"width\":960,\"height\":540,\"caption\":\"Demoli\u00e7\u00e3o da casa do Altair. Foto: Facebook da Vila Aut\u00f3dromo\"},{\"@type\":\"BreadcrumbList\",\"@id\":\"https:\/\/rioonwatch.org.br\/?p=18327#breadcrumb\",\"itemListElement\":[{\"@type\":\"ListItem\",\"position\":1,\"name\":\"In\u00edcio\",\"item\":\"https:\/\/rioonwatch.org.br\/\"},{\"@type\":\"ListItem\",\"position\":2,\"name\":\"&#8220;O Que Podemos Fazer Contra Tropas Armadas?&#8221; Demoli\u00e7\u00f5es Ilegais na Vila Aut\u00f3dromo\"}]},{\"@type\":\"WebSite\",\"@id\":\"https:\/\/rioonwatch.org.br\/#website\",\"url\":\"https:\/\/rioonwatch.org.br\/\",\"name\":\"RioOnWatch\",\"description\":\"relatos das favelas cariocas\",\"publisher\":{\"@id\":\"https:\/\/rioonwatch.org.br\/#organization\"},\"potentialAction\":[{\"@type\":\"SearchAction\",\"target\":{\"@type\":\"EntryPoint\",\"urlTemplate\":\"https:\/\/rioonwatch.org.br\/?s={search_term_string}\"},\"query-input\":{\"@type\":\"PropertyValueSpecification\",\"valueRequired\":true,\"valueName\":\"search_term_string\"}}],\"inLanguage\":\"pt-BR\"},{\"@type\":\"Organization\",\"@id\":\"https:\/\/rioonwatch.org.br\/#organization\",\"name\":\"RioOnWatch\",\"url\":\"https:\/\/rioonwatch.org.br\/\",\"logo\":{\"@type\":\"ImageObject\",\"inLanguage\":\"pt-BR\",\"@id\":\"https:\/\/rioonwatch.org.br\/#\/schema\/logo\/image\/\",\"url\":\"https:\/\/rioonwatch.org.br\/wp-content\/uploads\/2021\/06\/RioOnWatchcabecalhoPT11anos-2.png\",\"contentUrl\":\"https:\/\/rioonwatch.org.br\/wp-content\/uploads\/2021\/06\/RioOnWatchcabecalhoPT11anos-2.png\",\"width\":779,\"height\":277,\"caption\":\"RioOnWatch\"},\"image\":{\"@id\":\"https:\/\/rioonwatch.org.br\/#\/schema\/logo\/image\/\"}},{\"@type\":\"Person\",\"@id\":\"https:\/\/rioonwatch.org.br\/#\/schema\/person\/11d64c290506f9df50c71b850c473f68\",\"name\":\"Admin\",\"image\":{\"@type\":\"ImageObject\",\"inLanguage\":\"pt-BR\",\"@id\":\"https:\/\/rioonwatch.org.br\/#\/schema\/person\/image\/\",\"url\":\"https:\/\/secure.gravatar.com\/avatar\/56211ac74568383903349a1485e3c325?s=96&d=blank&r=g\",\"contentUrl\":\"https:\/\/secure.gravatar.com\/avatar\/56211ac74568383903349a1485e3c325?s=96&d=blank&r=g\",\"caption\":\"Admin\"},\"url\":\"https:\/\/rioonwatch.org.br\/?author=129\"}]}<\/script>\n<!-- \/ Yoast SEO plugin. -->","yoast_head_json":{"title":"\"O Que Podemos Fazer Contra Tropas Armadas?\" Demoli\u00e7\u00f5es Ilegais na Vila Aut\u00f3dromo - RioOnWatch","robots":{"index":"index","follow":"follow","max-snippet":"max-snippet:-1","max-image-preview":"max-image-preview:large","max-video-preview":"max-video-preview:-1"},"canonical":"https:\/\/rioonwatch.org.br\/?p=18327","og_locale":"pt_BR","og_type":"article","og_title":"\"O Que Podemos Fazer Contra Tropas Armadas?\" Demoli\u00e7\u00f5es Ilegais na Vila Aut\u00f3dromo - RioOnWatch","og_description":"Click Here for English A Vila Aut\u00f3dromo, favela\u00a0adjacente ao\u00a0Parque Ol\u00edmpico Rio 2016 que luta contra a remo\u00e7\u00e3o, tem estado sob intensa press\u00e3o h\u00e1 meses. As autoridades municipais fizeram amea\u00e7as, dizendo que os moradores \u201csair\u00e3o com [...]","og_url":"https:\/\/rioonwatch.org.br\/?p=18327","og_site_name":"RioOnWatch","article_published_time":"2016-02-13T13:00:43+00:00","article_modified_time":"2024-06-20T19:28:16+00:00","og_image":[{"width":960,"height":540,"url":"https:\/\/rioonwatch.org.br\/wp-content\/uploads\/2016\/02\/Demoli\u00e7\u00e3o-da-casa-do-Altair.-Foto-da-p\u00e1gina-Comunidade-Vila-Aut\u00f3dromo-no-Facebook.jpg","type":"image\/jpeg"}],"author":"Admin","twitter_card":"summary_large_image","twitter_misc":{"Escrito por":"Admin","Est. tempo de leitura":"6 minutos"},"schema":{"@context":"https:\/\/schema.org","@graph":[{"@type":"Article","@id":"https:\/\/rioonwatch.org.br\/?p=18327#article","isPartOf":{"@id":"https:\/\/rioonwatch.org.br\/?p=18327"},"author":{"name":"Admin","@id":"https:\/\/rioonwatch.org.br\/#\/schema\/person\/11d64c290506f9df50c71b850c473f68"},"headline":"&#8220;O Que Podemos Fazer Contra Tropas Armadas?&#8221; Demoli\u00e7\u00f5es Ilegais na Vila Aut\u00f3dromo","datePublished":"2016-02-13T13:00:43+00:00","dateModified":"2024-06-20T19:28:16+00:00","mainEntityOfPage":{"@id":"https:\/\/rioonwatch.org.br\/?p=18327"},"wordCount":1137,"publisher":{"@id":"https:\/\/rioonwatch.org.br\/#organization"},"image":{"@id":"https:\/\/rioonwatch.org.br\/?p=18327#primaryimage"},"thumbnailUrl":"https:\/\/rioonwatch.org.br\/wp-content\/uploads\/2016\/02\/Demoli\u00e7\u00e3o-da-casa-do-Altair.-Foto-da-p\u00e1gina-Comunidade-Vila-Aut\u00f3dromo-no-Facebook.jpg","keywords":["Associa\u00e7\u00e3o de Moradores","Barra da Tijuca","Cidade de Deus","Defensoria P\u00fablica","Direito \u00e0 Moradia","Direitos Humanos","Ilha dos Cai\u00e7aras","lei","Megaeventos","Olimp\u00edadas","Remo\u00e7\u00e3o","Sub-prefeito Alex Costa","Vila Aut\u00f3dromo","Zona Oeste"],"articleSection":["#OlhoNasRemo\u00e7\u00f5es","#Rio2016","*Destaque","Cobertura de Eventos","Den\u00fancias","Escrito por Aliados"],"inLanguage":"pt-BR"},{"@type":"WebPage","@id":"https:\/\/rioonwatch.org.br\/?p=18327","url":"https:\/\/rioonwatch.org.br\/?p=18327","name":"\"O Que Podemos Fazer Contra Tropas Armadas?\" Demoli\u00e7\u00f5es Ilegais na Vila Aut\u00f3dromo - RioOnWatch","isPartOf":{"@id":"https:\/\/rioonwatch.org.br\/#website"},"primaryImageOfPage":{"@id":"https:\/\/rioonwatch.org.br\/?p=18327#primaryimage"},"image":{"@id":"https:\/\/rioonwatch.org.br\/?p=18327#primaryimage"},"thumbnailUrl":"https:\/\/rioonwatch.org.br\/wp-content\/uploads\/2016\/02\/Demoli\u00e7\u00e3o-da-casa-do-Altair.-Foto-da-p\u00e1gina-Comunidade-Vila-Aut\u00f3dromo-no-Facebook.jpg","datePublished":"2016-02-13T13:00:43+00:00","dateModified":"2024-06-20T19:28:16+00:00","breadcrumb":{"@id":"https:\/\/rioonwatch.org.br\/?p=18327#breadcrumb"},"inLanguage":"pt-BR","potentialAction":[{"@type":"ReadAction","target":["https:\/\/rioonwatch.org.br\/?p=18327"]}]},{"@type":"ImageObject","inLanguage":"pt-BR","@id":"https:\/\/rioonwatch.org.br\/?p=18327#primaryimage","url":"https:\/\/rioonwatch.org.br\/wp-content\/uploads\/2016\/02\/Demoli\u00e7\u00e3o-da-casa-do-Altair.-Foto-da-p\u00e1gina-Comunidade-Vila-Aut\u00f3dromo-no-Facebook.jpg","contentUrl":"https:\/\/rioonwatch.org.br\/wp-content\/uploads\/2016\/02\/Demoli\u00e7\u00e3o-da-casa-do-Altair.-Foto-da-p\u00e1gina-Comunidade-Vila-Aut\u00f3dromo-no-Facebook.jpg","width":960,"height":540,"caption":"Demoli\u00e7\u00e3o da casa do Altair. Foto: Facebook da Vila Aut\u00f3dromo"},{"@type":"BreadcrumbList","@id":"https:\/\/rioonwatch.org.br\/?p=18327#breadcrumb","itemListElement":[{"@type":"ListItem","position":1,"name":"In\u00edcio","item":"https:\/\/rioonwatch.org.br\/"},{"@type":"ListItem","position":2,"name":"&#8220;O Que Podemos Fazer Contra Tropas Armadas?&#8221; Demoli\u00e7\u00f5es Ilegais na Vila Aut\u00f3dromo"}]},{"@type":"WebSite","@id":"https:\/\/rioonwatch.org.br\/#website","url":"https:\/\/rioonwatch.org.br\/","name":"RioOnWatch","description":"relatos das favelas cariocas","publisher":{"@id":"https:\/\/rioonwatch.org.br\/#organization"},"potentialAction":[{"@type":"SearchAction","target":{"@type":"EntryPoint","urlTemplate":"https:\/\/rioonwatch.org.br\/?s={search_term_string}"},"query-input":{"@type":"PropertyValueSpecification","valueRequired":true,"valueName":"search_term_string"}}],"inLanguage":"pt-BR"},{"@type":"Organization","@id":"https:\/\/rioonwatch.org.br\/#organization","name":"RioOnWatch","url":"https:\/\/rioonwatch.org.br\/","logo":{"@type":"ImageObject","inLanguage":"pt-BR","@id":"https:\/\/rioonwatch.org.br\/#\/schema\/logo\/image\/","url":"https:\/\/rioonwatch.org.br\/wp-content\/uploads\/2021\/06\/RioOnWatchcabecalhoPT11anos-2.png","contentUrl":"https:\/\/rioonwatch.org.br\/wp-content\/uploads\/2021\/06\/RioOnWatchcabecalhoPT11anos-2.png","width":779,"height":277,"caption":"RioOnWatch"},"image":{"@id":"https:\/\/rioonwatch.org.br\/#\/schema\/logo\/image\/"}},{"@type":"Person","@id":"https:\/\/rioonwatch.org.br\/#\/schema\/person\/11d64c290506f9df50c71b850c473f68","name":"Admin","image":{"@type":"ImageObject","inLanguage":"pt-BR","@id":"https:\/\/rioonwatch.org.br\/#\/schema\/person\/image\/","url":"https:\/\/secure.gravatar.com\/avatar\/56211ac74568383903349a1485e3c325?s=96&d=blank&r=g","contentUrl":"https:\/\/secure.gravatar.com\/avatar\/56211ac74568383903349a1485e3c325?s=96&d=blank&r=g","caption":"Admin"},"url":"https:\/\/rioonwatch.org.br\/?author=129"}]}},"_links":{"self":[{"href":"https:\/\/rioonwatch.org.br\/index.php?rest_route=\/wp\/v2\/posts\/18327"}],"collection":[{"href":"https:\/\/rioonwatch.org.br\/index.php?rest_route=\/wp\/v2\/posts"}],"about":[{"href":"https:\/\/rioonwatch.org.br\/index.php?rest_route=\/wp\/v2\/types\/post"}],"author":[{"embeddable":true,"href":"https:\/\/rioonwatch.org.br\/index.php?rest_route=\/wp\/v2\/users\/129"}],"replies":[{"embeddable":true,"href":"https:\/\/rioonwatch.org.br\/index.php?rest_route=%2Fwp%2Fv2%2Fcomments&post=18327"}],"version-history":[{"count":18,"href":"https:\/\/rioonwatch.org.br\/index.php?rest_route=\/wp\/v2\/posts\/18327\/revisions"}],"predecessor-version":[{"id":74232,"href":"https:\/\/rioonwatch.org.br\/index.php?rest_route=\/wp\/v2\/posts\/18327\/revisions\/74232"}],"wp:featuredmedia":[{"embeddable":true,"href":"https:\/\/rioonwatch.org.br\/index.php?rest_route=\/wp\/v2\/media\/18329"}],"wp:attachment":[{"href":"https:\/\/rioonwatch.org.br\/index.php?rest_route=%2Fwp%2Fv2%2Fmedia&parent=18327"}],"wp:term":[{"taxonomy":"category","embeddable":true,"href":"https:\/\/rioonwatch.org.br\/index.php?rest_route=%2Fwp%2Fv2%2Fcategories&post=18327"},{"taxonomy":"post_tag","embeddable":true,"href":"https:\/\/rioonwatch.org.br\/index.php?rest_route=%2Fwp%2Fv2%2Ftags&post=18327"},{"taxonomy":"writer","embeddable":true,"href":"https:\/\/rioonwatch.org.br\/index.php?rest_route=%2Fwp%2Fv2%2Fwriter&post=18327"},{"taxonomy":"translator","embeddable":true,"href":"https:\/\/rioonwatch.org.br\/index.php?rest_route=%2Fwp%2Fv2%2Ftranslator&post=18327"},{"taxonomy":"source","embeddable":true,"href":"https:\/\/rioonwatch.org.br\/index.php?rest_route=%2Fwp%2Fv2%2Fsource&post=18327"},{"taxonomy":"ilustrador","embeddable":true,"href":"https:\/\/rioonwatch.org.br\/index.php?rest_route=%2Fwp%2Fv2%2Filustrador&post=18327"},{"taxonomy":"fotografo","embeddable":true,"href":"https:\/\/rioonwatch.org.br\/index.php?rest_route=%2Fwp%2Fv2%2Ffotografo&post=18327"}],"curies":[{"name":"wp","href":"https:\/\/api.w.org\/{rel}","templated":true}]}}