{"id":18444,"date":"2016-02-23T22:00:17","date_gmt":"2016-02-24T01:00:17","guid":{"rendered":"http:\/\/rioonwatch.org.br\/?p=18444"},"modified":"2024-06-20T16:28:14","modified_gmt":"2024-06-20T19:28:14","slug":"sos-vila-autodromo-tropa-de-choque-retorna-a-comunidade-com-toda-forca","status":"publish","type":"post","link":"https:\/\/rioonwatch.org.br\/?p=18444","title":{"rendered":"SOS Vila Aut\u00f3dromo! Tropa de Choque Retorna \u00e0 Comunidade com Toda For\u00e7a"},"content":{"rendered":"<p style=\"text-align: right;\"><em><strong><a href=\"http:\/\/bit.ly\/1UlzzSd\" target=\"_blank\" rel=\"noopener\">Click Here for English<img decoding=\"async\" width=\"20\" height=\"20\" class=\"alignright wp-image-15790\" src=\"http:\/\/rioonwatch.org.br\/wp-content\/uploads\/2012\/08\/EN-standard-e1439583104716.jpg\" alt=\"\" \/><\/a><\/strong><\/em><\/p>\n<p><em>Mat\u00e9ria publicada no dia 23 de fevereiro de 2016 \u00e0s 22h.<\/em><\/p>\n<p>Nesta segunda-feira, dia 22 de fevereiro, a Tropa de Choque e a Guarda Municipal se implantaram novamente na <a href=\"http:\/\/bit.ly\/Nfddvg\" target=\"_blank\" rel=\"noopener\">Vila Aut\u00f3dromo<\/a>, desta vez para reposicionar o muro de madeira que tinham <a href=\"http:\/\/bit.ly\/1Sn4qOh\" target=\"_blank\" rel=\"noopener\">erguido no dia 13 de janeiro<\/a>. No mesmo dia, a <a href=\"http:\/\/bit.ly\/1ofKZdz\" target=\"_blank\" rel=\"noopener\">suspens\u00e3o da ordem de demoli\u00e7\u00e3o<\/a> da Associa\u00e7\u00e3o de Moradores chegou ao fim. Moradores enviaram <a href=\"http:\/\/on.fb.me\/1Tv6oLC\" target=\"_blank\" rel=\"noopener\">mensagens de SOS nas m\u00eddias sociais<\/a> para alertar os defensores da probabilidade de novas demoli\u00e7\u00f5es e intimida\u00e7\u00f5es nos pr\u00f3ximos dias.<\/p>\n<p>Nesta segunda-feira, dezenas de soldados armados entraram na comunidade em torno das 7 horas da manh\u00e3 sem nenhum aviso, seguindo o padr\u00e3o das duas ocasi\u00f5es anteriores, quando a tropa de choque <a href=\"http:\/\/bit.ly\/1O82HVF\" target=\"_blank\" rel=\"noopener\">invadiu brutalmente a Vila Aut\u00f3dromo<\/a>. Desde 13 de janeiro, um muro de madeira separa uma grande parte da comunidade de uma estreita faixa ao longo da lagoa com duas casas restantes. Agora, barricadas bloqueiam todo o acesso \u00e0 lagoa e outras comprimem os limites da comunidade, estando partes da comunidade original dentro dos limites do Parque.<\/p>\n<p><a href=\"http:\/\/rioonwatch.org.br\/wp-content\/uploads\/2016\/02\/VilaAutodromowall2.jpg\" rel=\"attachment wp-att-18453\"><img fetchpriority=\"high\" decoding=\"async\" class=\"aligncenter wp-image-18453 size-content\" title=\"Novo muro que bloqueia o acesso a lagoa.\" src=\"http:\/\/rioonwatch.org.br\/wp-content\/uploads\/2016\/02\/VilaAutodromowall2-620x264.jpg\" alt=\"VilaAutodromowall2\" width=\"620\" height=\"264\" srcset=\"https:\/\/rioonwatch.org.br\/wp-content\/uploads\/2016\/02\/VilaAutodromowall2-620x264.jpg 620w, https:\/\/rioonwatch.org.br\/wp-content\/uploads\/2016\/02\/VilaAutodromowall2-940x400.jpg 940w\" sizes=\"(max-width: 620px) 100vw, 620px\" \/><\/a><\/p>\n<p>M\u00e1rcio, um morador, cuja casa agora faz fronteira com o novo caminho do muro, parecia estar sofrendo um <a href=\"http:\/\/on.fb.me\/1TwZw0q\" target=\"_blank\" rel=\"noopener\">ataque card\u00edaco<\/a> ap\u00f3s uma alterca\u00e7\u00e3o com a tropa. De acordo com os seus vizinhos, a tropa bloqueou o acesso a sua casa at\u00e9 que os moradores insistiram que ele iria morrer se fosse deixado l\u00e1 sozinho. Depois, finalmente, M\u00e1rcio recebeu tratamento em um hospital pr\u00f3ximo e voltou para casa no mesmo dia.<\/p>\n<p><img decoding=\"async\" class=\"aligncenter wp-image-27021 size-content\" title=\" M\u00e1rcio sofreu um ataque card\u00edaco durante a\u00e7\u00f5es recentes da tropa de choque na Vila Aut\u00f3dromo. Foto da p\u00e1gina da Vila Aut\u00f3dromo no Facebook\" src=\"http:\/\/www.rioonwatch.org\/wp-content\/uploads\/2016\/02\/VilaAutodromowall4-620x264.jpg\" alt=\"M\u00e1rcio suffered a heart attack during the Shock Troops' latest actions in Vila Aut\u00f3dromo\" width=\"620\" height=\"264\" \/><\/p>\n<p>Em resposta ao fato da constru\u00e7\u00e3o est\u00e1 invadindo cada vez mais o territ\u00f3rio da Vila Aut\u00f3dromo, os moradores <a href=\"http:\/\/on.fb.me\/1Q98xYX\" target=\"_blank\" rel=\"noopener\">perguntaram<\/a>\u00a0no Facebook:\u00a0&#8220;Nessa longa jornada da Vila Aut\u00f3dromo, quem s\u00e3o os invasores desta terra?\u00a0Os moradores que receberam do Estado atrav\u00e9s do ITERJ (Instituto de Terras e Cartografia do Estado Rio de Janeiro) o T\u00edtulo de Posse, que concede esta terra para fins de moradia ou a Prefeitura que sorrateiramente est\u00e1 ocupando uma \u00e1rea que n\u00e3o lhe pertence?&#8221;.<\/p>\n<p>Na sequ\u00eancia dos acontecimentos de segunda-feira e com o fim da liminar contra a demoli\u00e7\u00e3o da Associa\u00e7\u00e3o de Moradores, os moradores est\u00e3o chamando a imprensa e os aliados e simpatizantes da comunidade para se juntarem a eles em uma vig\u00edlia permanente e ocupa\u00e7\u00e3o na Vila Aut\u00f3dromo. A tens\u00e3o excepcional desta semana foi real\u00e7ada quando a p\u00e1gina da comunidade no Facebook postou um <a href=\"http:\/\/on.fb.me\/1LEAFkK\" target=\"_blank\" rel=\"noopener\">resumo<\/a> dos acontecimentos do dia anterior e uma <a href=\"http:\/\/on.fb.me\/1WGLp7Y\" target=\"_blank\" rel=\"noopener\">chamada por apoio<\/a> em ingl\u00eas, uma ocorr\u00eancia rara na p\u00e1gina, normalmente, somente em portugu\u00eas. A \u00faltima postagem concluiu:<\/p>\n<blockquote><p>&#8220;The situation of Vila Aut\u00f3dromo is very fragile. Residents and supporters are called to support the community as soon as possible. Their struggle is going through a crucial time.&#8221;<\/p>\n<p>&#8220;A situa\u00e7\u00e3o da Vila Aut\u00f3dromo \u00e9 muito fr\u00e1gil. Estamos chamando os moradores e apoiadores para apoiar a comunidade o mais rapidamente poss\u00edvel. A luta da Vila Aut\u00f3dromo est\u00e1 passando por um momento crucial.&#8221;<\/p><\/blockquote>\n<p>Al\u00e9m da Associa\u00e7\u00e3o de Moradores, moradores temem que as casas pertencentes \u00e0 fam\u00edlia da Penha e a m\u00e3e de santo\u00a0<a href=\"http:\/\/bit.ly\/1RkJ1SZ\" target=\"_blank\" rel=\"noopener\">Helo\u00edsa Helena Costa Berto<\/a> poderiam ser demolidas a qualquer momento. Penha e Helo\u00edsa Helena muito se dedicaram e foram ativistas vis\u00edveis na luta para permanecer, assim, como a Associa\u00e7\u00e3o de Moradores, suas casas s\u00e3o de enorme import\u00e2ncia simb\u00f3lica para a comunidade. A casa da Penha agora \u00e9 a \u00fanica casa remanescente das que estavam inclu\u00eddas na <a href=\"http:\/\/bit.ly\/1xk2DAs\" target=\"_blank\" rel=\"noopener\">declara\u00e7\u00e3o do prefeito<\/a> de desapropria\u00e7\u00e3o em mar\u00e7o passado. Dona <a href=\"http:\/\/bit.ly\/1CArNJ6\" target=\"_blank\" rel=\"noopener\">Maria da Penha<\/a> continua uma otimista incans\u00e1vel. &#8220;Eu vou ficar em p\u00e9&#8221;, disse ela, enquanto varria seu andar em prepara\u00e7\u00e3o para sediar ativistas e aliados em sua casa durante a noite. &#8220;Mesmo que a casa caia, eu vou ficar em p\u00e9&#8221;.<\/p>\n<p><a href=\"http:\/\/rioonwatch.org.br\/wp-content\/uploads\/2016\/02\/VilaAutodromowall6.jpg\" rel=\"attachment wp-att-18454\"><img loading=\"lazy\" decoding=\"async\" class=\"aligncenter wp-image-18454 size-content\" title=\"A tropa de choque reposiciona o muro, 22 de fevereiro de 2016. Foto da p\u00e1gina da Villa Aut\u00f3dromo no Facebook\" src=\"http:\/\/rioonwatch.org.br\/wp-content\/uploads\/2016\/02\/VilaAutodromowall6-620x264.jpg\" alt=\"VilaAutodromowall6\" width=\"620\" height=\"264\" srcset=\"https:\/\/rioonwatch.org.br\/wp-content\/uploads\/2016\/02\/VilaAutodromowall6-620x264.jpg 620w, https:\/\/rioonwatch.org.br\/wp-content\/uploads\/2016\/02\/VilaAutodromowall6-940x400.jpg 940w\" sizes=\"(max-width: 620px) 100vw, 620px\" \/><\/a><\/p>\n<p>Outros moradores estavam menos positivos. Uma moradora refletiu sobre a ironia do lema do Brasil: &#8220;Que ordem? N\u00e3o h\u00e1 nenhuma. Que progresso? S\u00f3 nos bolsos dos pol\u00edticos&#8221;.<\/p>\n<p>Fique atento\/a \u00e0s atualiza\u00e7\u00f5es da <a href=\"http:\/\/on.fb.me\/1NHRwJq\" target=\"_blank\" rel=\"noopener\">p\u00e1gina no Facebook da Comunidade<\/a> Vila Aut\u00f3dromo, ao <a href=\"http:\/\/www.twitter.com\/rioonwatch\" target=\"_blank\" rel=\"noopener\">RioOnWatch<\/a>\u00a0no Twitter. N\u00f3s estamos seguindo as a\u00e7\u00f5es da Prefeitura direto da comunidade.<\/p>\n<p><a href=\"http:\/\/rioonwatch.org.br\/wp-content\/uploads\/2016\/02\/VilaAutodromowall5-e1456251179660.jpg\" rel=\"attachment wp-att-18455\"><img loading=\"lazy\" decoding=\"async\" class=\"aligncenter wp-image-18455 size-medium\" title=\"Vila Aut\u00f3dromo pede apoio nas m\u00eddias sociais.\" src=\"http:\/\/rioonwatch.org.br\/wp-content\/uploads\/2016\/02\/VilaAutodromowall5-e1456251179660-620x373.jpg\" alt=\"VilaAutodromowall5-e1456251179660\" width=\"620\" height=\"373\" srcset=\"https:\/\/rioonwatch.org.br\/wp-content\/uploads\/2016\/02\/VilaAutodromowall5-e1456251179660-620x373.jpg 620w, https:\/\/rioonwatch.org.br\/wp-content\/uploads\/2016\/02\/VilaAutodromowall5-e1456251179660-439x264.jpg 439w, https:\/\/rioonwatch.org.br\/wp-content\/uploads\/2016\/02\/VilaAutodromowall5-e1456251179660-768x462.jpg 768w, https:\/\/rioonwatch.org.br\/wp-content\/uploads\/2016\/02\/VilaAutodromowall5-e1456251179660.jpg 1000w\" sizes=\"(max-width: 620px) 100vw, 620px\" \/><\/a><\/p>\n<!-- AddThis Advanced Settings generic via filter on the_content --><!-- AddThis Share Buttons generic via filter on the_content -->","protected":false},"excerpt":{"rendered":"<div class=\"mh-excerpt\"><p>Click Here for English Mat\u00e9ria publicada no dia 23 de fevereiro de 2016 \u00e0s 22h. Nesta segunda-feira, dia 22 de fevereiro, a Tropa de Choque e a Guarda Municipal se implantaram novamente na Vila Aut\u00f3dromo, <a class=\"mh-excerpt-more\" href=\"https:\/\/rioonwatch.org.br\/?p=18444\" title=\"SOS Vila Aut\u00f3dromo! Tropa de Choque Retorna \u00e0 Comunidade com Toda For\u00e7a\">[&#8230;]<\/a><!-- AddThis Advanced Settings generic via filter on get_the_excerpt --><!-- AddThis Share Buttons generic via filter on get_the_excerpt --><\/p>\n<\/div>","protected":false},"author":129,"featured_media":18452,"comment_status":"closed","ping_status":"closed","sticky":false,"template":"","format":"standard","meta":{"_acf_changed":false,"_monsterinsights_skip_tracking":false,"_monsterinsights_sitenote_active":false,"_monsterinsights_sitenote_note":"","_monsterinsights_sitenote_category":0,"footnotes":""},"categories":[1614,1635,1621,346,1626,1612],"tags":[655,1173,278,1240,1151,78,358,14,432,380,1763,55,184],"writer":[1199,1744],"translator":[273],"source":[],"ilustrador":[],"fotografo":[],"class_list":{"0":"post-18444","1":"post","2":"type-post","3":"status-publish","4":"format-standard","5":"has-post-thumbnail","7":"category-olhonasremocoes","8":"category-1635","9":"category-destaque","10":"category-denuncias","11":"category-por-observadores-internacionais","12":"category-sociedade-civil","13":"tag-associacao-de-moradores","14":"tag-guarda-municipal","15":"tag-intimidacao","16":"tag-megaeventos","17":"tag-organizacao","18":"tag-olimpiadas","19":"tag-organizacao-comunitaria","20":"tag-remocao","21":"tag-resistencia","22":"tag-solidariedade","23":"tag-tropa-de-choque","24":"tag-vila-autodromo","25":"tag-zona-oeste","26":"writer-cerianne-robertson","27":"writer-meg-healy","28":"translator-roseli-franco"},"acf":[],"yoast_head":"<!-- This site is optimized with the Yoast SEO plugin v25.6 - https:\/\/yoast.com\/wordpress\/plugins\/seo\/ -->\n<title>SOS Vila Aut\u00f3dromo! Tropa de Choque Retorna \u00e0 Comunidade com Toda For\u00e7a - RioOnWatch<\/title>\n<meta name=\"robots\" content=\"index, follow, max-snippet:-1, max-image-preview:large, max-video-preview:-1\" \/>\n<link rel=\"canonical\" href=\"https:\/\/rioonwatch.org.br\/?p=18444\" \/>\n<meta property=\"og:locale\" content=\"pt_BR\" \/>\n<meta property=\"og:type\" content=\"article\" \/>\n<meta property=\"og:title\" content=\"SOS Vila Aut\u00f3dromo! Tropa de Choque Retorna \u00e0 Comunidade com Toda For\u00e7a - RioOnWatch\" \/>\n<meta property=\"og:description\" content=\"Click Here for English Mat\u00e9ria publicada no dia 23 de fevereiro de 2016 \u00e0s 22h. Nesta segunda-feira, dia 22 de fevereiro, a Tropa de Choque e a Guarda Municipal se implantaram novamente na Vila Aut\u00f3dromo, [...]\" \/>\n<meta property=\"og:url\" content=\"https:\/\/rioonwatch.org.br\/?p=18444\" \/>\n<meta property=\"og:site_name\" content=\"RioOnWatch\" \/>\n<meta property=\"article:published_time\" content=\"2016-02-24T01:00:17+00:00\" \/>\n<meta property=\"article:modified_time\" content=\"2024-06-20T19:28:14+00:00\" \/>\n<meta property=\"og:image\" content=\"https:\/\/rioonwatch.org.br\/wp-content\/uploads\/2016\/02\/10268560_922454727861410_551924071343200762_n.jpg\" \/>\n\t<meta property=\"og:image:width\" content=\"960\" \/>\n\t<meta property=\"og:image:height\" content=\"539\" \/>\n\t<meta property=\"og:image:type\" content=\"image\/jpeg\" \/>\n<meta name=\"author\" content=\"Admin\" \/>\n<meta name=\"twitter:card\" content=\"summary_large_image\" \/>\n<meta name=\"twitter:label1\" content=\"Escrito por\" \/>\n\t<meta name=\"twitter:data1\" content=\"Admin\" \/>\n\t<meta name=\"twitter:label2\" content=\"Est. tempo de leitura\" \/>\n\t<meta name=\"twitter:data2\" content=\"4 minutos\" \/>\n<script type=\"application\/ld+json\" class=\"yoast-schema-graph\">{\"@context\":\"https:\/\/schema.org\",\"@graph\":[{\"@type\":\"Article\",\"@id\":\"https:\/\/rioonwatch.org.br\/?p=18444#article\",\"isPartOf\":{\"@id\":\"https:\/\/rioonwatch.org.br\/?p=18444\"},\"author\":{\"name\":\"Admin\",\"@id\":\"https:\/\/rioonwatch.org.br\/#\/schema\/person\/11d64c290506f9df50c71b850c473f68\"},\"headline\":\"SOS Vila Aut\u00f3dromo! Tropa de Choque Retorna \u00e0 Comunidade com Toda For\u00e7a\",\"datePublished\":\"2016-02-24T01:00:17+00:00\",\"dateModified\":\"2024-06-20T19:28:14+00:00\",\"mainEntityOfPage\":{\"@id\":\"https:\/\/rioonwatch.org.br\/?p=18444\"},\"wordCount\":726,\"publisher\":{\"@id\":\"https:\/\/rioonwatch.org.br\/#organization\"},\"image\":{\"@id\":\"https:\/\/rioonwatch.org.br\/?p=18444#primaryimage\"},\"thumbnailUrl\":\"https:\/\/rioonwatch.org.br\/wp-content\/uploads\/2016\/02\/10268560_922454727861410_551924071343200762_n.jpg\",\"keywords\":[\"Associa\u00e7\u00e3o de Moradores\",\"Guarda Municipal\",\"intimida\u00e7\u00e3o\",\"Megaeventos\",\"mobiliza\u00e7\u00e3o\",\"Olimp\u00edadas\",\"organiza\u00e7\u00e3o comunit\u00e1ria\",\"Remo\u00e7\u00e3o\",\"resist\u00eancia\",\"solidariedade\",\"Tropa de Choque\",\"Vila Aut\u00f3dromo\",\"Zona Oeste\"],\"articleSection\":[\"#OlhoNasRemo\u00e7\u00f5es\",\"#Rio2016\",\"*Destaque\",\"Den\u00fancias\",\"Escrito por Aliados\",\"Sociedade Civil\"],\"inLanguage\":\"pt-BR\"},{\"@type\":\"WebPage\",\"@id\":\"https:\/\/rioonwatch.org.br\/?p=18444\",\"url\":\"https:\/\/rioonwatch.org.br\/?p=18444\",\"name\":\"SOS Vila Aut\u00f3dromo! Tropa de Choque Retorna \u00e0 Comunidade com Toda For\u00e7a - RioOnWatch\",\"isPartOf\":{\"@id\":\"https:\/\/rioonwatch.org.br\/#website\"},\"primaryImageOfPage\":{\"@id\":\"https:\/\/rioonwatch.org.br\/?p=18444#primaryimage\"},\"image\":{\"@id\":\"https:\/\/rioonwatch.org.br\/?p=18444#primaryimage\"},\"thumbnailUrl\":\"https:\/\/rioonwatch.org.br\/wp-content\/uploads\/2016\/02\/10268560_922454727861410_551924071343200762_n.jpg\",\"datePublished\":\"2016-02-24T01:00:17+00:00\",\"dateModified\":\"2024-06-20T19:28:14+00:00\",\"breadcrumb\":{\"@id\":\"https:\/\/rioonwatch.org.br\/?p=18444#breadcrumb\"},\"inLanguage\":\"pt-BR\",\"potentialAction\":[{\"@type\":\"ReadAction\",\"target\":[\"https:\/\/rioonwatch.org.br\/?p=18444\"]}]},{\"@type\":\"ImageObject\",\"inLanguage\":\"pt-BR\",\"@id\":\"https:\/\/rioonwatch.org.br\/?p=18444#primaryimage\",\"url\":\"https:\/\/rioonwatch.org.br\/wp-content\/uploads\/2016\/02\/10268560_922454727861410_551924071343200762_n.jpg\",\"contentUrl\":\"https:\/\/rioonwatch.org.br\/wp-content\/uploads\/2016\/02\/10268560_922454727861410_551924071343200762_n.jpg\",\"width\":960,\"height\":539},{\"@type\":\"BreadcrumbList\",\"@id\":\"https:\/\/rioonwatch.org.br\/?p=18444#breadcrumb\",\"itemListElement\":[{\"@type\":\"ListItem\",\"position\":1,\"name\":\"In\u00edcio\",\"item\":\"https:\/\/rioonwatch.org.br\/\"},{\"@type\":\"ListItem\",\"position\":2,\"name\":\"SOS Vila Aut\u00f3dromo! Tropa de Choque Retorna \u00e0 Comunidade com Toda For\u00e7a\"}]},{\"@type\":\"WebSite\",\"@id\":\"https:\/\/rioonwatch.org.br\/#website\",\"url\":\"https:\/\/rioonwatch.org.br\/\",\"name\":\"RioOnWatch\",\"description\":\"relatos das favelas cariocas\",\"publisher\":{\"@id\":\"https:\/\/rioonwatch.org.br\/#organization\"},\"potentialAction\":[{\"@type\":\"SearchAction\",\"target\":{\"@type\":\"EntryPoint\",\"urlTemplate\":\"https:\/\/rioonwatch.org.br\/?s={search_term_string}\"},\"query-input\":{\"@type\":\"PropertyValueSpecification\",\"valueRequired\":true,\"valueName\":\"search_term_string\"}}],\"inLanguage\":\"pt-BR\"},{\"@type\":\"Organization\",\"@id\":\"https:\/\/rioonwatch.org.br\/#organization\",\"name\":\"RioOnWatch\",\"url\":\"https:\/\/rioonwatch.org.br\/\",\"logo\":{\"@type\":\"ImageObject\",\"inLanguage\":\"pt-BR\",\"@id\":\"https:\/\/rioonwatch.org.br\/#\/schema\/logo\/image\/\",\"url\":\"https:\/\/rioonwatch.org.br\/wp-content\/uploads\/2021\/06\/RioOnWatchcabecalhoPT11anos-2.png\",\"contentUrl\":\"https:\/\/rioonwatch.org.br\/wp-content\/uploads\/2021\/06\/RioOnWatchcabecalhoPT11anos-2.png\",\"width\":779,\"height\":277,\"caption\":\"RioOnWatch\"},\"image\":{\"@id\":\"https:\/\/rioonwatch.org.br\/#\/schema\/logo\/image\/\"}},{\"@type\":\"Person\",\"@id\":\"https:\/\/rioonwatch.org.br\/#\/schema\/person\/11d64c290506f9df50c71b850c473f68\",\"name\":\"Admin\",\"image\":{\"@type\":\"ImageObject\",\"inLanguage\":\"pt-BR\",\"@id\":\"https:\/\/rioonwatch.org.br\/#\/schema\/person\/image\/\",\"url\":\"https:\/\/secure.gravatar.com\/avatar\/56211ac74568383903349a1485e3c325?s=96&d=blank&r=g\",\"contentUrl\":\"https:\/\/secure.gravatar.com\/avatar\/56211ac74568383903349a1485e3c325?s=96&d=blank&r=g\",\"caption\":\"Admin\"},\"url\":\"https:\/\/rioonwatch.org.br\/?author=129\"}]}<\/script>\n<!-- \/ Yoast SEO plugin. -->","yoast_head_json":{"title":"SOS Vila Aut\u00f3dromo! Tropa de Choque Retorna \u00e0 Comunidade com Toda For\u00e7a - RioOnWatch","robots":{"index":"index","follow":"follow","max-snippet":"max-snippet:-1","max-image-preview":"max-image-preview:large","max-video-preview":"max-video-preview:-1"},"canonical":"https:\/\/rioonwatch.org.br\/?p=18444","og_locale":"pt_BR","og_type":"article","og_title":"SOS Vila Aut\u00f3dromo! Tropa de Choque Retorna \u00e0 Comunidade com Toda For\u00e7a - RioOnWatch","og_description":"Click Here for English Mat\u00e9ria publicada no dia 23 de fevereiro de 2016 \u00e0s 22h. Nesta segunda-feira, dia 22 de fevereiro, a Tropa de Choque e a Guarda Municipal se implantaram novamente na Vila Aut\u00f3dromo, [...]","og_url":"https:\/\/rioonwatch.org.br\/?p=18444","og_site_name":"RioOnWatch","article_published_time":"2016-02-24T01:00:17+00:00","article_modified_time":"2024-06-20T19:28:14+00:00","og_image":[{"width":960,"height":539,"url":"https:\/\/rioonwatch.org.br\/wp-content\/uploads\/2016\/02\/10268560_922454727861410_551924071343200762_n.jpg","type":"image\/jpeg"}],"author":"Admin","twitter_card":"summary_large_image","twitter_misc":{"Escrito por":"Admin","Est. tempo de leitura":"4 minutos"},"schema":{"@context":"https:\/\/schema.org","@graph":[{"@type":"Article","@id":"https:\/\/rioonwatch.org.br\/?p=18444#article","isPartOf":{"@id":"https:\/\/rioonwatch.org.br\/?p=18444"},"author":{"name":"Admin","@id":"https:\/\/rioonwatch.org.br\/#\/schema\/person\/11d64c290506f9df50c71b850c473f68"},"headline":"SOS Vila Aut\u00f3dromo! Tropa de Choque Retorna \u00e0 Comunidade com Toda For\u00e7a","datePublished":"2016-02-24T01:00:17+00:00","dateModified":"2024-06-20T19:28:14+00:00","mainEntityOfPage":{"@id":"https:\/\/rioonwatch.org.br\/?p=18444"},"wordCount":726,"publisher":{"@id":"https:\/\/rioonwatch.org.br\/#organization"},"image":{"@id":"https:\/\/rioonwatch.org.br\/?p=18444#primaryimage"},"thumbnailUrl":"https:\/\/rioonwatch.org.br\/wp-content\/uploads\/2016\/02\/10268560_922454727861410_551924071343200762_n.jpg","keywords":["Associa\u00e7\u00e3o de Moradores","Guarda Municipal","intimida\u00e7\u00e3o","Megaeventos","mobiliza\u00e7\u00e3o","Olimp\u00edadas","organiza\u00e7\u00e3o comunit\u00e1ria","Remo\u00e7\u00e3o","resist\u00eancia","solidariedade","Tropa de Choque","Vila Aut\u00f3dromo","Zona Oeste"],"articleSection":["#OlhoNasRemo\u00e7\u00f5es","#Rio2016","*Destaque","Den\u00fancias","Escrito por Aliados","Sociedade Civil"],"inLanguage":"pt-BR"},{"@type":"WebPage","@id":"https:\/\/rioonwatch.org.br\/?p=18444","url":"https:\/\/rioonwatch.org.br\/?p=18444","name":"SOS Vila Aut\u00f3dromo! Tropa de Choque Retorna \u00e0 Comunidade com Toda For\u00e7a - RioOnWatch","isPartOf":{"@id":"https:\/\/rioonwatch.org.br\/#website"},"primaryImageOfPage":{"@id":"https:\/\/rioonwatch.org.br\/?p=18444#primaryimage"},"image":{"@id":"https:\/\/rioonwatch.org.br\/?p=18444#primaryimage"},"thumbnailUrl":"https:\/\/rioonwatch.org.br\/wp-content\/uploads\/2016\/02\/10268560_922454727861410_551924071343200762_n.jpg","datePublished":"2016-02-24T01:00:17+00:00","dateModified":"2024-06-20T19:28:14+00:00","breadcrumb":{"@id":"https:\/\/rioonwatch.org.br\/?p=18444#breadcrumb"},"inLanguage":"pt-BR","potentialAction":[{"@type":"ReadAction","target":["https:\/\/rioonwatch.org.br\/?p=18444"]}]},{"@type":"ImageObject","inLanguage":"pt-BR","@id":"https:\/\/rioonwatch.org.br\/?p=18444#primaryimage","url":"https:\/\/rioonwatch.org.br\/wp-content\/uploads\/2016\/02\/10268560_922454727861410_551924071343200762_n.jpg","contentUrl":"https:\/\/rioonwatch.org.br\/wp-content\/uploads\/2016\/02\/10268560_922454727861410_551924071343200762_n.jpg","width":960,"height":539},{"@type":"BreadcrumbList","@id":"https:\/\/rioonwatch.org.br\/?p=18444#breadcrumb","itemListElement":[{"@type":"ListItem","position":1,"name":"In\u00edcio","item":"https:\/\/rioonwatch.org.br\/"},{"@type":"ListItem","position":2,"name":"SOS Vila Aut\u00f3dromo! Tropa de Choque Retorna \u00e0 Comunidade com Toda For\u00e7a"}]},{"@type":"WebSite","@id":"https:\/\/rioonwatch.org.br\/#website","url":"https:\/\/rioonwatch.org.br\/","name":"RioOnWatch","description":"relatos das favelas cariocas","publisher":{"@id":"https:\/\/rioonwatch.org.br\/#organization"},"potentialAction":[{"@type":"SearchAction","target":{"@type":"EntryPoint","urlTemplate":"https:\/\/rioonwatch.org.br\/?s={search_term_string}"},"query-input":{"@type":"PropertyValueSpecification","valueRequired":true,"valueName":"search_term_string"}}],"inLanguage":"pt-BR"},{"@type":"Organization","@id":"https:\/\/rioonwatch.org.br\/#organization","name":"RioOnWatch","url":"https:\/\/rioonwatch.org.br\/","logo":{"@type":"ImageObject","inLanguage":"pt-BR","@id":"https:\/\/rioonwatch.org.br\/#\/schema\/logo\/image\/","url":"https:\/\/rioonwatch.org.br\/wp-content\/uploads\/2021\/06\/RioOnWatchcabecalhoPT11anos-2.png","contentUrl":"https:\/\/rioonwatch.org.br\/wp-content\/uploads\/2021\/06\/RioOnWatchcabecalhoPT11anos-2.png","width":779,"height":277,"caption":"RioOnWatch"},"image":{"@id":"https:\/\/rioonwatch.org.br\/#\/schema\/logo\/image\/"}},{"@type":"Person","@id":"https:\/\/rioonwatch.org.br\/#\/schema\/person\/11d64c290506f9df50c71b850c473f68","name":"Admin","image":{"@type":"ImageObject","inLanguage":"pt-BR","@id":"https:\/\/rioonwatch.org.br\/#\/schema\/person\/image\/","url":"https:\/\/secure.gravatar.com\/avatar\/56211ac74568383903349a1485e3c325?s=96&d=blank&r=g","contentUrl":"https:\/\/secure.gravatar.com\/avatar\/56211ac74568383903349a1485e3c325?s=96&d=blank&r=g","caption":"Admin"},"url":"https:\/\/rioonwatch.org.br\/?author=129"}]}},"_links":{"self":[{"href":"https:\/\/rioonwatch.org.br\/index.php?rest_route=\/wp\/v2\/posts\/18444"}],"collection":[{"href":"https:\/\/rioonwatch.org.br\/index.php?rest_route=\/wp\/v2\/posts"}],"about":[{"href":"https:\/\/rioonwatch.org.br\/index.php?rest_route=\/wp\/v2\/types\/post"}],"author":[{"embeddable":true,"href":"https:\/\/rioonwatch.org.br\/index.php?rest_route=\/wp\/v2\/users\/129"}],"replies":[{"embeddable":true,"href":"https:\/\/rioonwatch.org.br\/index.php?rest_route=%2Fwp%2Fv2%2Fcomments&post=18444"}],"version-history":[{"count":14,"href":"https:\/\/rioonwatch.org.br\/index.php?rest_route=\/wp\/v2\/posts\/18444\/revisions"}],"predecessor-version":[{"id":74367,"href":"https:\/\/rioonwatch.org.br\/index.php?rest_route=\/wp\/v2\/posts\/18444\/revisions\/74367"}],"wp:featuredmedia":[{"embeddable":true,"href":"https:\/\/rioonwatch.org.br\/index.php?rest_route=\/wp\/v2\/media\/18452"}],"wp:attachment":[{"href":"https:\/\/rioonwatch.org.br\/index.php?rest_route=%2Fwp%2Fv2%2Fmedia&parent=18444"}],"wp:term":[{"taxonomy":"category","embeddable":true,"href":"https:\/\/rioonwatch.org.br\/index.php?rest_route=%2Fwp%2Fv2%2Fcategories&post=18444"},{"taxonomy":"post_tag","embeddable":true,"href":"https:\/\/rioonwatch.org.br\/index.php?rest_route=%2Fwp%2Fv2%2Ftags&post=18444"},{"taxonomy":"writer","embeddable":true,"href":"https:\/\/rioonwatch.org.br\/index.php?rest_route=%2Fwp%2Fv2%2Fwriter&post=18444"},{"taxonomy":"translator","embeddable":true,"href":"https:\/\/rioonwatch.org.br\/index.php?rest_route=%2Fwp%2Fv2%2Ftranslator&post=18444"},{"taxonomy":"source","embeddable":true,"href":"https:\/\/rioonwatch.org.br\/index.php?rest_route=%2Fwp%2Fv2%2Fsource&post=18444"},{"taxonomy":"ilustrador","embeddable":true,"href":"https:\/\/rioonwatch.org.br\/index.php?rest_route=%2Fwp%2Fv2%2Filustrador&post=18444"},{"taxonomy":"fotografo","embeddable":true,"href":"https:\/\/rioonwatch.org.br\/index.php?rest_route=%2Fwp%2Fv2%2Ffotografo&post=18444"}],"curies":[{"name":"wp","href":"https:\/\/api.w.org\/{rel}","templated":true}]}}