{"id":18463,"date":"2016-02-25T13:18:51","date_gmt":"2016-02-25T16:18:51","guid":{"rendered":"http:\/\/rioonwatch.org.br\/?p=18463"},"modified":"2024-06-20T16:28:13","modified_gmt":"2024-06-20T19:28:13","slug":"sos-vila-autodromo-associacao-de-moradores-e-casa-de-heloisa-helena-foram-demolidos-ontem","status":"publish","type":"post","link":"https:\/\/rioonwatch.org.br\/?p=18463","title":{"rendered":"SOS Vila Aut\u00f3dromo! Associa\u00e7\u00e3o de Moradores e Casa de Heloisa Helena Foram Demolidos Ontem"},"content":{"rendered":"<p style=\"text-align: right;\"><em><strong><a href=\"http:\/\/bit.ly\/1TGtfVS\" target=\"_blank\" rel=\"noopener\">Click Here for English<img decoding=\"async\" width=\"20\" height=\"20\" class=\"alignright wp-image-15790\" src=\"http:\/\/rioonwatch.org.br\/wp-content\/uploads\/2012\/08\/EN-standard-e1439583104716.jpg\" alt=\"\" \/><\/a><\/strong><\/em><\/p>\n<p>No in\u00edcio da manh\u00e3 de quarta-feira, 24 de fevereiro, o pr\u00e9dio da Associa\u00e7\u00e3o de Moradores da <a href=\"http:\/\/bit.ly\/Nfddvg\" target=\"_blank\" rel=\"noopener\">Vila Aut\u00f3dromo<\/a> foi demolido ap\u00f3s uma ordem de desapropria\u00e7\u00e3o ter sido emitida. No mesmo dia, \u00e0 noite, a casa da m\u00e3e de santo <a href=\"http:\/\/bit.ly\/1RkJ1SZ\" target=\"_blank\" rel=\"noopener\">Heloisa Helena Costa Berto<\/a> tamb\u00e9m foi demolida.<\/p>\n<p>Durante v\u00e1rias semanas os moradores t\u00eam vivido com medo da Tropa de Choque que tem chegado\u00a0na parte da manh\u00e3 para demolir casas, como o que ocorreu com as <a href=\"http:\/\/bit.ly\/1O82HVF\" target=\"_blank\" rel=\"noopener\">demoli\u00e7\u00f5es ilegais do dia 11 de fevereiro<\/a>, ou para\u00a0modificar os muros\u00a0de madeira que marcam a fronteira da comunidade com o Parque Ol\u00edmpico, h\u00e1 apenas alguns dias, em <a href=\"http:\/\/bit.ly\/1Ld38Ds\" target=\"_blank\" rel=\"noopener\">22 de fevereiro<\/a>. A ordem inicial para demolir a Associa\u00e7\u00e3o, pr\u00e9dio simb\u00f3lico da resist\u00eancia, foi aprovada no dia 4 de fevereiro, antes dos defensores p\u00fablicos recorrerem e conquistarem a suspens\u00e3o da ordem legal.<\/p>\n<p>Na segunda-feira, a imiss\u00e3o de posse\u00a0foi emitida e os moradores e apoiadores temiam o pior. Grupos de cerca de 13 e 30 apoiadores ocuparam a Vila Aut\u00f3dromo nas noites de segunda-feira e ter\u00e7a-feira, a fim de apoiar os moradores em sua resist\u00eancia de\u00a0manh\u00e3 cedo.<\/p>\n<p>Bem tarde, na ter\u00e7a-feira a noite, a segunda ordem de demoli\u00e7\u00e3o foi anunciada, cobrindo as casas de Heloisa Helena e da ativista comunit\u00e1ria <a href=\"http:\/\/bit.ly\/1CArNJ6\" target=\"_blank\" rel=\"noopener\">Maria da Penha<\/a>. O Comit\u00ea Popular da Copa do Mundo e Olimp\u00edadas <a href=\"http:\/\/on.fb.me\/1SVpWu7\" target=\"_blank\" rel=\"noopener\">denunciou<\/a> essa ordem de demoli\u00e7\u00e3o, uma vez que a decis\u00e3o foi anunciada depois das 22h, em um &#8220;procedimento totalmente irregular&#8221;.<\/p>\n<p>De manh\u00e3 cedo, por volta das 5:30h, moradores e simpatizantes fizeram uma vig\u00edlia \u00e0 luz de velas no exterior do pr\u00e9dio da Associa\u00e7\u00e3o, ainda incertos se a demoli\u00e7\u00e3o aconteceria. Durante a vig\u00edlia, alguns moradores ficaram na frente da Associa\u00e7\u00e3o, com suas bocas amorda\u00e7adas e segurando faixas que pediam o legado social dos <a href=\"http:\/\/bit.ly\/PkLXlQ\" target=\"_blank\" rel=\"noopener\">Jogos Ol\u00edmpicos<\/a> e avisos, em ingl\u00eas, sobre os perigos da <a href=\"http:\/\/on.fb.me\/1WJKNi7\" target=\"_blank\" rel=\"noopener\">Zika ao redor do Parque Ol\u00edmpico<\/a>.<\/p>\n<p><a href=\"http:\/\/rioonwatch.org.br\/wp-content\/uploads\/2016\/02\/ResidentsAssociation1.jpg\" rel=\"attachment wp-att-18470\"><img fetchpriority=\"high\" decoding=\"async\" class=\"aligncenter wp-image-18470 size-medium\" title=\"Moradores e aliados protestam antes da demoli\u00e7\u00e3o da sede da Associa\u00e7\u00e3o de Moradores. Foto por Meg Healy\" src=\"http:\/\/rioonwatch.org.br\/wp-content\/uploads\/2016\/02\/ResidentsAssociation1-620x413.jpg\" alt=\"ResidentsAssociation1\" width=\"620\" height=\"413\" srcset=\"https:\/\/rioonwatch.org.br\/wp-content\/uploads\/2016\/02\/ResidentsAssociation1-620x413.jpg 620w, https:\/\/rioonwatch.org.br\/wp-content\/uploads\/2016\/02\/ResidentsAssociation1-397x264.jpg 397w, https:\/\/rioonwatch.org.br\/wp-content\/uploads\/2016\/02\/ResidentsAssociation1.jpg 640w\" sizes=\"(max-width: 620px) 100vw, 620px\" \/><\/a><\/p>\n<p>Pouco antes das 7h, a Tropa de Choque chegou em peso. As autoridades municipais entregaram as ordens de demoli\u00e7\u00e3o para o Presidente da Associa\u00e7\u00e3o de Moradores, <a href=\"http:\/\/bit.ly\/1xk2DAs\" target=\"_blank\" rel=\"noopener\">Altair Antunes Guimar\u00e3es<\/a>, e alinharam-se \u00a0para bloquear a \u00e1rea ao redor do pr\u00e9dio. Com a legalidade da a\u00e7\u00e3o confirmada, os moradores n\u00e3o podiam fazer muito\u00a0a n\u00e3o ser fazer suas vozes serem ouvidas. A ativista e moradora Sandra Maria gritou para a multid\u00e3o \u201ca Associa\u00e7\u00e3o n\u00e3o \u00e9 s\u00f3 uma parede!&#8221;, e vai continuar a organizar a luta contra as remo\u00e7\u00f5es. Enquanto as m\u00e1quinas de demoli\u00e7\u00e3o trabalhavam, moradores e simpatizantes, muitos dos quais tinham l\u00e1grimas nos olhos, juntaram as m\u00e3os em um grande c\u00edrculo e come\u00e7aram a gritar:<\/p>\n<blockquote><p><em>\u201cOlim&#8230;piada, Olim&#8230;piada, Olim&#8230;piada!\u201d<\/em><\/p>\n<p><em>\u201cUrbaniza j\u00e1, a Vila vai ficar!\u201d<\/em><\/p><\/blockquote>\n<p>O edif\u00edcio foi reduzido a escombros em apenas cinco minutos. Em seguida, os funcion\u00e1rios municipais retiraram os m\u00f3veis do pequeno restaurante ao lado do pr\u00e9dio da Associa\u00e7\u00e3o, antes de o demolir tamb\u00e9m.<\/p>\n<p><a href=\"http:\/\/rioonwatch.org.br\/wp-content\/uploads\/2016\/02\/ResidentsAssociationDemolition-620x264.jpg\" rel=\"attachment wp-att-18472\"><img decoding=\"async\" class=\"aligncenter wp-image-18472 size-medium\" title=\"Funcion\u00e1rios da prefeitura come\u00e7am a trabalhar na demoli\u00e7\u00e3o da Associa\u00e7\u00e3o dos Moradores, 24 de fevereiro de 2016.\" src=\"http:\/\/rioonwatch.org.br\/wp-content\/uploads\/2016\/02\/ResidentsAssociationDemolition-620x264-620x264.jpg\" alt=\"ResidentsAssociationDemolition-620x264\" width=\"620\" height=\"264\" \/><\/a><\/p>\n<p>Enquanto as m\u00e1quinas de demoli\u00e7\u00e3o ainda estavam derrubando tijolos e cercas, a voz apaixonada da ex-moradora <a href=\"http:\/\/bit.ly\/1JeDBbH\" target=\"_blank\" rel=\"noopener\">Jane Nascimento<\/a> ecoou sobre a comunidade. Sozinha em uma plataforma com um microfone, ela criticou a pol\u00edtica &#8220;vergonhosa&#8221; do Brasil por tr\u00e1s de demoli\u00e7\u00f5es como as de hoje. Ela reafirmou seu compromisso na luta pela perman\u00eancia da Vila Aut\u00f3dromo, independentemente da demoli\u00e7\u00e3o de hoje ou da demoli\u00e7\u00e3o de sua pr\u00f3pria casa, no \u00faltimo agosto. &#8220;Vou continuar lutando. A minha casa caiu, mas a minha luta n\u00e3o caiu\u201d.<\/p>\n<p><a href=\"http:\/\/rioonwatch.org.br\/wp-content\/uploads\/2016\/02\/JaneNascimento-620x264.jpg\" rel=\"attachment wp-att-18474\"><img loading=\"lazy\" decoding=\"async\" class=\"aligncenter wp-image-18474 size-medium\" title=\"A ex-moradora Jane Nascimento fala para a comunidade ap\u00f3s a sede da Associa\u00e7\u00e3o de Moradores ser demolida. Foto por Meg Healy\" src=\"http:\/\/rioonwatch.org.br\/wp-content\/uploads\/2016\/02\/JaneNascimento-620x264-620x264.jpg\" alt=\"JaneNascimento-620x264\" width=\"620\" height=\"264\" \/><\/a><\/p>\n<p>O presidente da Associa\u00e7\u00e3o de Moradores, Altair Guimar\u00e3es, se uniu ao sentimento de que a demoli\u00e7\u00e3o de um pr\u00e9dio teria pouco impacto na determina\u00e7\u00e3o da comunidade de continuar resistindo \u00e0 remo\u00e7\u00e3o: &#8220;Vamos continuar a lutar&#8230;vamos lutar at\u00e9 a \u00faltima casa\u201d. \u00a0Em apoio a essa promessa, as palavras &#8220;Associa\u00e7\u00e3o de Moradores&#8221; foram escritas na fachada da casa de Maria da Penha imediatamente ap\u00f3s a demoli\u00e7\u00e3o da Associa\u00e7\u00e3o, o que demonstra a tenacidade dos corajosos\u00a0ativistas comunit\u00e1rios.<\/p>\n<p><a href=\"http:\/\/rioonwatch.org.br\/wp-content\/uploads\/2016\/02\/AssociacaodeMoradores-620x264.jpg\" rel=\"attachment wp-att-18477\"><img loading=\"lazy\" decoding=\"async\" class=\"aligncenter wp-image-18477 size-medium\" title=\"Novo letreiro da &quot;Associa\u00e7\u00e3o escrito nas casa da Penha&quot;, ap\u00f3s a demoli\u00e7\u00e3o da sede formal de Associa\u00e7\u00e3o de Moradores.\" src=\"http:\/\/rioonwatch.org.br\/wp-content\/uploads\/2016\/02\/AssociacaodeMoradores-620x264-620x264.jpg\" alt=\"AssociacaodeMoradores-620x264\" width=\"620\" height=\"264\" \/><\/a><\/p>\n<p>Sandra Maria pegou o microfone para discutir o contexto da remo\u00e7\u00e3o na Vila Aut\u00f3dromo: &#8220;N\u00f3s sabemos que tudo que est\u00e1 acontecendo aqui <a href=\"http:\/\/bit.ly\/1EYRaXr\" target=\"_blank\" rel=\"noopener\"><em>n\u00e3o<\/em> \u00e9 por causa das Olimp\u00edadas<\/a>\u201d. Em vez disso, ela falou sobre a <a href=\"http:\/\/glo.bo\/1LHoVy2\" target=\"_blank\" rel=\"noopener\">especula\u00e7\u00e3o imobili\u00e1ria desenfreada<\/a>, a influ\u00eancia do dinheiro sobre os ju\u00edzes e pol\u00edticos, e a gan\u00e2ncia do empres\u00e1rio bilion\u00e1rio Carlos Carvalho, que <a href=\"http:\/\/bit.ly\/1VSespD\" target=\"_blank\" rel=\"noopener\">admite abertamente<\/a> que ele quer comunidades pobres removidas para abrir caminho para acomoda\u00e7\u00f5es de luxo para a elite &#8220;nobre&#8221;. Mas Sandra argumentou que a hist\u00f3ria da Vila Aut\u00f3dromo&#8211;de maus-tratos cometidos pela Prefeitura e os fortes la\u00e7os comunit\u00e1rios&#8211;n\u00e3o ser\u00e1 t\u00e3o facilmente removida:\u00a0<span style=\"font-weight: 400;\">&#8220;Quando estes pr\u00e9dios [de luxo] que o senhor Carlos Carvalho diz que vai fazer, come\u00e7arem a ser constru\u00eddos aqui, n\u00f3s estaremos aqui. Essa imagem de hoje, todas essas imagens, que tem sido registradas aqui, espancamento de morador, tudo isso, ainda existir\u00e1&#8221;.<\/span><\/p>\n<p>Ela tamb\u00e9m criticou as tentativas da Prefeitura de esconder a realidade da comunidade, e a pobreza em todo o Rio de Janeiro: &#8220;<span style=\"font-weight: 400;\">A pobreza existe aqui e todo mundo sabe isso. Se n\u00e3o quer mostrar para o mundo, a pobreza, acabe com ela&#8221;.<\/span><\/p>\n<p>Pouco depois do pr\u00e9dio da Associa\u00e7\u00e3o ser demolido e a maioria da Guarda Municipal ter ido embora, houve uma discuss\u00e3o acalorada envolvendo guardas municipais e apoiadores que haviam bloqueado a estrada para a casa de Maria da Penha com seus carros. Alguns guardas municipais estavam aparentemente preocupados com o acesso para emerg\u00eancia&#8211;algo que n\u00e3o lhes\u00a0preocupavam na <a href=\"http:\/\/bit.ly\/1Ld38Ds\" target=\"_blank\" rel=\"noopener\">segunda-feira<\/a>, quando se recusaram a permitir que os moradores ajudassem outro morador que estava tendo um ataque card\u00edaco.<\/p>\n<p>Mais tarde, enquanto moradores e apoiadores foram se reagrupando na casa da Penha ap\u00f3s os acontecimentos da manh\u00e3, um homem desconhecido <a href=\"http:\/\/on.fb.me\/1QFzitx\" target=\"_blank\" rel=\"noopener\">entrou em sua propriedade<\/a> e come\u00e7ou a filmar. Pelo menos um apoiador da Vila Aut\u00f3dromo disse que o tinha visto chegar e cumprimentar guardas municipais de uma forma amig\u00e1vel. Moradores, liderados por Luiz, marido de Maria da Penha, exigiram que ele sa\u00edsse e uma pequena briga come\u00e7ou na entrada da casa. O suspeito funcion\u00e1rio da Prefeitura ou policial disfar\u00e7ado foi seguido pela rua por uma multid\u00e3o de moradores e apoiadores que exigiam saber quem ele era. Na entrada da comunidade policiais militares mediaram a situa\u00e7\u00e3o, procurando o carro do homem desconhecido e dizendo-lhe para sair, antes de levar dois moradores \u00e0 delegacia de pol\u00edcia para registrar uma ocorr\u00eancia.<\/p>\n<p>Um dos Defensores P\u00fablicos explicou as quest\u00f5es legais, logo depois dizendo que, enquanto eles est\u00e3o tentando lutar contra a ordem de demoli\u00e7\u00e3o, suspendendo-a para an\u00e1lise, as casas de Maria da Penha e Heloisa Helena poderiam ser legalmente destru\u00eddas a qualquer momento.<\/p>\n<p>Com essa base,\u00a0guardas municipais se reuniram em grande n\u00famero em torno da casa de Heloisa Helena logo ap\u00f3s \u00e0s 17h. Os relat\u00f3rios iniciais diziam que a prefeitura n\u00e3o seria capaz de demolir a casa antes de 18h, suposta data limite para o dia, mas os guardas municipais adquiriram uma extens\u00e3o at\u00e9 \u00e0s 20h. \u00c0 Helo\u00edsa Helena foi dada um tempo para remover seus animais de estima\u00e7\u00e3o e alguns dos \u00faltimos de seus pertences religiosos antes de sua casa ser demolida.<\/p>\n<p><a href=\"http:\/\/rioonwatch.org.br\/wp-content\/uploads\/2016\/02\/HeloisaHelenademolition-620x264.jpg\" rel=\"attachment wp-att-18481\"><img loading=\"lazy\" decoding=\"async\" class=\"aligncenter wp-image-18481 size-medium\" title=\"Guardas Municipais em fila para demolir a casa de Heloisa Helena. Foto por Claire Lepercq\" src=\"http:\/\/rioonwatch.org.br\/wp-content\/uploads\/2016\/02\/HeloisaHelenademolition-620x264-620x264.jpg\" alt=\"HeloisaHelenademolition-620x264\" width=\"620\" height=\"264\" \/><\/a><\/p>\n<p>A casa da Dona Penha \u00e9 um alvo prov\u00e1vel para demoli\u00e7\u00e3o ainda hoje, quinta-feira. Maria da Penha disse aos moradores reunidos na manh\u00e3 de quarta-feira: &#8220;Agrade\u00e7o muito, a cada um de voc\u00eas. O apoio de voc\u00eas \u00e9 fundamental&#8221;. Ela e outros moradores da Vila Aut\u00f3dromo pedem que a maior quantidade poss\u00edvel de apoiadores se juntem a eles na comunidade, para dar a solidariedade neste momento de tanta incerteza.<\/p>\n<p>Fique atento\/a \u00e0s atualiza\u00e7\u00f5es da <a href=\"http:\/\/on.fb.me\/1NHRwJq\" target=\"_blank\" rel=\"noopener\">p\u00e1gina no Facebook da Comunidade<\/a> Vila Aut\u00f3dromo, e do\u00a0<a href=\"http:\/\/www.twitter.com\/rioonwatch\" target=\"_blank\" rel=\"noopener\">RioOnWatch<\/a>\u00a0no Twitter. N\u00f3s estamos seguindo as a\u00e7\u00f5es da prefeitura direto da comunidade.<\/p>\n<!-- AddThis Advanced Settings generic via filter on the_content --><!-- AddThis Share Buttons generic via filter on the_content -->","protected":false},"excerpt":{"rendered":"<div class=\"mh-excerpt\"><p>Click Here for English No in\u00edcio da manh\u00e3 de quarta-feira, 24 de fevereiro, o pr\u00e9dio da Associa\u00e7\u00e3o de Moradores da Vila Aut\u00f3dromo foi demolido ap\u00f3s uma ordem de desapropria\u00e7\u00e3o ter sido emitida. No mesmo dia, <a class=\"mh-excerpt-more\" href=\"https:\/\/rioonwatch.org.br\/?p=18463\" title=\"SOS Vila Aut\u00f3dromo! Associa\u00e7\u00e3o de Moradores e Casa de Heloisa Helena Foram Demolidos Ontem\">[&#8230;]<\/a><!-- AddThis Advanced Settings generic via filter on get_the_excerpt --><!-- AddThis Share Buttons generic via filter on get_the_excerpt --><\/p>\n<\/div>","protected":false},"author":129,"featured_media":18465,"comment_status":"closed","ping_status":"closed","sticky":false,"template":"","format":"standard","meta":{"_acf_changed":false,"_monsterinsights_skip_tracking":false,"_monsterinsights_sitenote_active":false,"_monsterinsights_sitenote_note":"","_monsterinsights_sitenote_category":0,"footnotes":""},"categories":[1614,1635,1621,346,1626],"tags":[88,1240,1037,78,358,14,432,380,55,1364,184],"writer":[1762,1199],"translator":[1176],"source":[],"ilustrador":[],"fotografo":[],"class_list":{"0":"post-18463","1":"post","2":"type-post","3":"status-publish","4":"format-standard","5":"has-post-thumbnail","7":"category-olhonasremocoes","8":"category-1635","9":"category-destaque","10":"category-denuncias","11":"category-por-observadores-internacionais","12":"tag-direitos-humanos","13":"tag-megaeventos","14":"tag-moradia","15":"tag-olimpiadas","16":"tag-organizacao-comunitaria","17":"tag-remocao","18":"tag-resistencia","19":"tag-solidariedade","20":"tag-vila-autodromo","21":"tag-violacoes","22":"tag-zona-oeste","23":"writer-adam-talbot","24":"writer-cerianne-robertson","25":"translator-fernanda-lacerda"},"acf":[],"yoast_head":"<!-- This site is optimized with the Yoast SEO plugin v25.6 - https:\/\/yoast.com\/wordpress\/plugins\/seo\/ -->\n<title>SOS Vila Aut\u00f3dromo! Associa\u00e7\u00e3o de Moradores e Casa de Heloisa Helena Foram Demolidos Ontem - RioOnWatch<\/title>\n<meta name=\"robots\" content=\"index, follow, max-snippet:-1, max-image-preview:large, max-video-preview:-1\" \/>\n<link rel=\"canonical\" href=\"https:\/\/rioonwatch.org.br\/?p=18463\" \/>\n<meta property=\"og:locale\" content=\"pt_BR\" \/>\n<meta property=\"og:type\" content=\"article\" \/>\n<meta property=\"og:title\" content=\"SOS Vila Aut\u00f3dromo! Associa\u00e7\u00e3o de Moradores e Casa de Heloisa Helena Foram Demolidos Ontem - RioOnWatch\" \/>\n<meta property=\"og:description\" content=\"Click Here for English No in\u00edcio da manh\u00e3 de quarta-feira, 24 de fevereiro, o pr\u00e9dio da Associa\u00e7\u00e3o de Moradores da Vila Aut\u00f3dromo foi demolido ap\u00f3s uma ordem de desapropria\u00e7\u00e3o ter sido emitida. No mesmo dia, [...]\" \/>\n<meta property=\"og:url\" content=\"https:\/\/rioonwatch.org.br\/?p=18463\" \/>\n<meta property=\"og:site_name\" content=\"RioOnWatch\" \/>\n<meta property=\"article:published_time\" content=\"2016-02-25T16:18:51+00:00\" \/>\n<meta property=\"article:modified_time\" content=\"2024-06-20T19:28:13+00:00\" \/>\n<meta property=\"og:image\" content=\"https:\/\/rioonwatch.org.br\/wp-content\/uploads\/2016\/02\/Vig\u00edlia-na-Associa\u00e7\u00e3o-dos-Moradores-pouco-antes-da-demoli\u00e7\u00e3o.-Foto-Meg.jpg\" \/>\n\t<meta property=\"og:image:width\" content=\"636\" \/>\n\t<meta property=\"og:image:height\" content=\"304\" \/>\n\t<meta property=\"og:image:type\" content=\"image\/jpeg\" \/>\n<meta name=\"author\" content=\"Admin\" \/>\n<meta name=\"twitter:card\" content=\"summary_large_image\" \/>\n<meta name=\"twitter:label1\" content=\"Escrito por\" \/>\n\t<meta name=\"twitter:data1\" content=\"Admin\" \/>\n\t<meta name=\"twitter:label2\" content=\"Est. tempo de leitura\" \/>\n\t<meta name=\"twitter:data2\" content=\"7 minutos\" \/>\n<script type=\"application\/ld+json\" class=\"yoast-schema-graph\">{\"@context\":\"https:\/\/schema.org\",\"@graph\":[{\"@type\":\"Article\",\"@id\":\"https:\/\/rioonwatch.org.br\/?p=18463#article\",\"isPartOf\":{\"@id\":\"https:\/\/rioonwatch.org.br\/?p=18463\"},\"author\":{\"name\":\"Admin\",\"@id\":\"https:\/\/rioonwatch.org.br\/#\/schema\/person\/11d64c290506f9df50c71b850c473f68\"},\"headline\":\"SOS Vila Aut\u00f3dromo! Associa\u00e7\u00e3o de Moradores e Casa de Heloisa Helena Foram Demolidos Ontem\",\"datePublished\":\"2016-02-25T16:18:51+00:00\",\"dateModified\":\"2024-06-20T19:28:13+00:00\",\"mainEntityOfPage\":{\"@id\":\"https:\/\/rioonwatch.org.br\/?p=18463\"},\"wordCount\":1382,\"publisher\":{\"@id\":\"https:\/\/rioonwatch.org.br\/#organization\"},\"image\":{\"@id\":\"https:\/\/rioonwatch.org.br\/?p=18463#primaryimage\"},\"thumbnailUrl\":\"https:\/\/rioonwatch.org.br\/wp-content\/uploads\/2016\/02\/Vig\u00edlia-na-Associa\u00e7\u00e3o-dos-Moradores-pouco-antes-da-demoli\u00e7\u00e3o.-Foto-Meg.jpg\",\"keywords\":[\"Direitos Humanos\",\"Megaeventos\",\"moradia\",\"Olimp\u00edadas\",\"organiza\u00e7\u00e3o comunit\u00e1ria\",\"Remo\u00e7\u00e3o\",\"resist\u00eancia\",\"solidariedade\",\"Vila Aut\u00f3dromo\",\"viola\u00e7\u00f5es\",\"Zona Oeste\"],\"articleSection\":[\"#OlhoNasRemo\u00e7\u00f5es\",\"#Rio2016\",\"*Destaque\",\"Den\u00fancias\",\"Escrito por Aliados\"],\"inLanguage\":\"pt-BR\"},{\"@type\":\"WebPage\",\"@id\":\"https:\/\/rioonwatch.org.br\/?p=18463\",\"url\":\"https:\/\/rioonwatch.org.br\/?p=18463\",\"name\":\"SOS Vila Aut\u00f3dromo! Associa\u00e7\u00e3o de Moradores e Casa de Heloisa Helena Foram Demolidos Ontem - RioOnWatch\",\"isPartOf\":{\"@id\":\"https:\/\/rioonwatch.org.br\/#website\"},\"primaryImageOfPage\":{\"@id\":\"https:\/\/rioonwatch.org.br\/?p=18463#primaryimage\"},\"image\":{\"@id\":\"https:\/\/rioonwatch.org.br\/?p=18463#primaryimage\"},\"thumbnailUrl\":\"https:\/\/rioonwatch.org.br\/wp-content\/uploads\/2016\/02\/Vig\u00edlia-na-Associa\u00e7\u00e3o-dos-Moradores-pouco-antes-da-demoli\u00e7\u00e3o.-Foto-Meg.jpg\",\"datePublished\":\"2016-02-25T16:18:51+00:00\",\"dateModified\":\"2024-06-20T19:28:13+00:00\",\"breadcrumb\":{\"@id\":\"https:\/\/rioonwatch.org.br\/?p=18463#breadcrumb\"},\"inLanguage\":\"pt-BR\",\"potentialAction\":[{\"@type\":\"ReadAction\",\"target\":[\"https:\/\/rioonwatch.org.br\/?p=18463\"]}]},{\"@type\":\"ImageObject\",\"inLanguage\":\"pt-BR\",\"@id\":\"https:\/\/rioonwatch.org.br\/?p=18463#primaryimage\",\"url\":\"https:\/\/rioonwatch.org.br\/wp-content\/uploads\/2016\/02\/Vig\u00edlia-na-Associa\u00e7\u00e3o-dos-Moradores-pouco-antes-da-demoli\u00e7\u00e3o.-Foto-Meg.jpg\",\"contentUrl\":\"https:\/\/rioonwatch.org.br\/wp-content\/uploads\/2016\/02\/Vig\u00edlia-na-Associa\u00e7\u00e3o-dos-Moradores-pouco-antes-da-demoli\u00e7\u00e3o.-Foto-Meg.jpg\",\"width\":636,\"height\":304},{\"@type\":\"BreadcrumbList\",\"@id\":\"https:\/\/rioonwatch.org.br\/?p=18463#breadcrumb\",\"itemListElement\":[{\"@type\":\"ListItem\",\"position\":1,\"name\":\"In\u00edcio\",\"item\":\"https:\/\/rioonwatch.org.br\/\"},{\"@type\":\"ListItem\",\"position\":2,\"name\":\"SOS Vila Aut\u00f3dromo! Associa\u00e7\u00e3o de Moradores e Casa de Heloisa Helena Foram Demolidos Ontem\"}]},{\"@type\":\"WebSite\",\"@id\":\"https:\/\/rioonwatch.org.br\/#website\",\"url\":\"https:\/\/rioonwatch.org.br\/\",\"name\":\"RioOnWatch\",\"description\":\"relatos das favelas cariocas\",\"publisher\":{\"@id\":\"https:\/\/rioonwatch.org.br\/#organization\"},\"potentialAction\":[{\"@type\":\"SearchAction\",\"target\":{\"@type\":\"EntryPoint\",\"urlTemplate\":\"https:\/\/rioonwatch.org.br\/?s={search_term_string}\"},\"query-input\":{\"@type\":\"PropertyValueSpecification\",\"valueRequired\":true,\"valueName\":\"search_term_string\"}}],\"inLanguage\":\"pt-BR\"},{\"@type\":\"Organization\",\"@id\":\"https:\/\/rioonwatch.org.br\/#organization\",\"name\":\"RioOnWatch\",\"url\":\"https:\/\/rioonwatch.org.br\/\",\"logo\":{\"@type\":\"ImageObject\",\"inLanguage\":\"pt-BR\",\"@id\":\"https:\/\/rioonwatch.org.br\/#\/schema\/logo\/image\/\",\"url\":\"https:\/\/rioonwatch.org.br\/wp-content\/uploads\/2021\/06\/RioOnWatchcabecalhoPT11anos-2.png\",\"contentUrl\":\"https:\/\/rioonwatch.org.br\/wp-content\/uploads\/2021\/06\/RioOnWatchcabecalhoPT11anos-2.png\",\"width\":779,\"height\":277,\"caption\":\"RioOnWatch\"},\"image\":{\"@id\":\"https:\/\/rioonwatch.org.br\/#\/schema\/logo\/image\/\"}},{\"@type\":\"Person\",\"@id\":\"https:\/\/rioonwatch.org.br\/#\/schema\/person\/11d64c290506f9df50c71b850c473f68\",\"name\":\"Admin\",\"image\":{\"@type\":\"ImageObject\",\"inLanguage\":\"pt-BR\",\"@id\":\"https:\/\/rioonwatch.org.br\/#\/schema\/person\/image\/\",\"url\":\"https:\/\/secure.gravatar.com\/avatar\/56211ac74568383903349a1485e3c325?s=96&d=blank&r=g\",\"contentUrl\":\"https:\/\/secure.gravatar.com\/avatar\/56211ac74568383903349a1485e3c325?s=96&d=blank&r=g\",\"caption\":\"Admin\"},\"url\":\"https:\/\/rioonwatch.org.br\/?author=129\"}]}<\/script>\n<!-- \/ Yoast SEO plugin. -->","yoast_head_json":{"title":"SOS Vila Aut\u00f3dromo! Associa\u00e7\u00e3o de Moradores e Casa de Heloisa Helena Foram Demolidos Ontem - RioOnWatch","robots":{"index":"index","follow":"follow","max-snippet":"max-snippet:-1","max-image-preview":"max-image-preview:large","max-video-preview":"max-video-preview:-1"},"canonical":"https:\/\/rioonwatch.org.br\/?p=18463","og_locale":"pt_BR","og_type":"article","og_title":"SOS Vila Aut\u00f3dromo! Associa\u00e7\u00e3o de Moradores e Casa de Heloisa Helena Foram Demolidos Ontem - RioOnWatch","og_description":"Click Here for English No in\u00edcio da manh\u00e3 de quarta-feira, 24 de fevereiro, o pr\u00e9dio da Associa\u00e7\u00e3o de Moradores da Vila Aut\u00f3dromo foi demolido ap\u00f3s uma ordem de desapropria\u00e7\u00e3o ter sido emitida. No mesmo dia, [...]","og_url":"https:\/\/rioonwatch.org.br\/?p=18463","og_site_name":"RioOnWatch","article_published_time":"2016-02-25T16:18:51+00:00","article_modified_time":"2024-06-20T19:28:13+00:00","og_image":[{"width":636,"height":304,"url":"https:\/\/rioonwatch.org.br\/wp-content\/uploads\/2016\/02\/Vig\u00edlia-na-Associa\u00e7\u00e3o-dos-Moradores-pouco-antes-da-demoli\u00e7\u00e3o.-Foto-Meg.jpg","type":"image\/jpeg"}],"author":"Admin","twitter_card":"summary_large_image","twitter_misc":{"Escrito por":"Admin","Est. tempo de leitura":"7 minutos"},"schema":{"@context":"https:\/\/schema.org","@graph":[{"@type":"Article","@id":"https:\/\/rioonwatch.org.br\/?p=18463#article","isPartOf":{"@id":"https:\/\/rioonwatch.org.br\/?p=18463"},"author":{"name":"Admin","@id":"https:\/\/rioonwatch.org.br\/#\/schema\/person\/11d64c290506f9df50c71b850c473f68"},"headline":"SOS Vila Aut\u00f3dromo! Associa\u00e7\u00e3o de Moradores e Casa de Heloisa Helena Foram Demolidos Ontem","datePublished":"2016-02-25T16:18:51+00:00","dateModified":"2024-06-20T19:28:13+00:00","mainEntityOfPage":{"@id":"https:\/\/rioonwatch.org.br\/?p=18463"},"wordCount":1382,"publisher":{"@id":"https:\/\/rioonwatch.org.br\/#organization"},"image":{"@id":"https:\/\/rioonwatch.org.br\/?p=18463#primaryimage"},"thumbnailUrl":"https:\/\/rioonwatch.org.br\/wp-content\/uploads\/2016\/02\/Vig\u00edlia-na-Associa\u00e7\u00e3o-dos-Moradores-pouco-antes-da-demoli\u00e7\u00e3o.-Foto-Meg.jpg","keywords":["Direitos Humanos","Megaeventos","moradia","Olimp\u00edadas","organiza\u00e7\u00e3o comunit\u00e1ria","Remo\u00e7\u00e3o","resist\u00eancia","solidariedade","Vila Aut\u00f3dromo","viola\u00e7\u00f5es","Zona Oeste"],"articleSection":["#OlhoNasRemo\u00e7\u00f5es","#Rio2016","*Destaque","Den\u00fancias","Escrito por Aliados"],"inLanguage":"pt-BR"},{"@type":"WebPage","@id":"https:\/\/rioonwatch.org.br\/?p=18463","url":"https:\/\/rioonwatch.org.br\/?p=18463","name":"SOS Vila Aut\u00f3dromo! Associa\u00e7\u00e3o de Moradores e Casa de Heloisa Helena Foram Demolidos Ontem - RioOnWatch","isPartOf":{"@id":"https:\/\/rioonwatch.org.br\/#website"},"primaryImageOfPage":{"@id":"https:\/\/rioonwatch.org.br\/?p=18463#primaryimage"},"image":{"@id":"https:\/\/rioonwatch.org.br\/?p=18463#primaryimage"},"thumbnailUrl":"https:\/\/rioonwatch.org.br\/wp-content\/uploads\/2016\/02\/Vig\u00edlia-na-Associa\u00e7\u00e3o-dos-Moradores-pouco-antes-da-demoli\u00e7\u00e3o.-Foto-Meg.jpg","datePublished":"2016-02-25T16:18:51+00:00","dateModified":"2024-06-20T19:28:13+00:00","breadcrumb":{"@id":"https:\/\/rioonwatch.org.br\/?p=18463#breadcrumb"},"inLanguage":"pt-BR","potentialAction":[{"@type":"ReadAction","target":["https:\/\/rioonwatch.org.br\/?p=18463"]}]},{"@type":"ImageObject","inLanguage":"pt-BR","@id":"https:\/\/rioonwatch.org.br\/?p=18463#primaryimage","url":"https:\/\/rioonwatch.org.br\/wp-content\/uploads\/2016\/02\/Vig\u00edlia-na-Associa\u00e7\u00e3o-dos-Moradores-pouco-antes-da-demoli\u00e7\u00e3o.-Foto-Meg.jpg","contentUrl":"https:\/\/rioonwatch.org.br\/wp-content\/uploads\/2016\/02\/Vig\u00edlia-na-Associa\u00e7\u00e3o-dos-Moradores-pouco-antes-da-demoli\u00e7\u00e3o.-Foto-Meg.jpg","width":636,"height":304},{"@type":"BreadcrumbList","@id":"https:\/\/rioonwatch.org.br\/?p=18463#breadcrumb","itemListElement":[{"@type":"ListItem","position":1,"name":"In\u00edcio","item":"https:\/\/rioonwatch.org.br\/"},{"@type":"ListItem","position":2,"name":"SOS Vila Aut\u00f3dromo! Associa\u00e7\u00e3o de Moradores e Casa de Heloisa Helena Foram Demolidos Ontem"}]},{"@type":"WebSite","@id":"https:\/\/rioonwatch.org.br\/#website","url":"https:\/\/rioonwatch.org.br\/","name":"RioOnWatch","description":"relatos das favelas cariocas","publisher":{"@id":"https:\/\/rioonwatch.org.br\/#organization"},"potentialAction":[{"@type":"SearchAction","target":{"@type":"EntryPoint","urlTemplate":"https:\/\/rioonwatch.org.br\/?s={search_term_string}"},"query-input":{"@type":"PropertyValueSpecification","valueRequired":true,"valueName":"search_term_string"}}],"inLanguage":"pt-BR"},{"@type":"Organization","@id":"https:\/\/rioonwatch.org.br\/#organization","name":"RioOnWatch","url":"https:\/\/rioonwatch.org.br\/","logo":{"@type":"ImageObject","inLanguage":"pt-BR","@id":"https:\/\/rioonwatch.org.br\/#\/schema\/logo\/image\/","url":"https:\/\/rioonwatch.org.br\/wp-content\/uploads\/2021\/06\/RioOnWatchcabecalhoPT11anos-2.png","contentUrl":"https:\/\/rioonwatch.org.br\/wp-content\/uploads\/2021\/06\/RioOnWatchcabecalhoPT11anos-2.png","width":779,"height":277,"caption":"RioOnWatch"},"image":{"@id":"https:\/\/rioonwatch.org.br\/#\/schema\/logo\/image\/"}},{"@type":"Person","@id":"https:\/\/rioonwatch.org.br\/#\/schema\/person\/11d64c290506f9df50c71b850c473f68","name":"Admin","image":{"@type":"ImageObject","inLanguage":"pt-BR","@id":"https:\/\/rioonwatch.org.br\/#\/schema\/person\/image\/","url":"https:\/\/secure.gravatar.com\/avatar\/56211ac74568383903349a1485e3c325?s=96&d=blank&r=g","contentUrl":"https:\/\/secure.gravatar.com\/avatar\/56211ac74568383903349a1485e3c325?s=96&d=blank&r=g","caption":"Admin"},"url":"https:\/\/rioonwatch.org.br\/?author=129"}]}},"_links":{"self":[{"href":"https:\/\/rioonwatch.org.br\/index.php?rest_route=\/wp\/v2\/posts\/18463"}],"collection":[{"href":"https:\/\/rioonwatch.org.br\/index.php?rest_route=\/wp\/v2\/posts"}],"about":[{"href":"https:\/\/rioonwatch.org.br\/index.php?rest_route=\/wp\/v2\/types\/post"}],"author":[{"embeddable":true,"href":"https:\/\/rioonwatch.org.br\/index.php?rest_route=\/wp\/v2\/users\/129"}],"replies":[{"embeddable":true,"href":"https:\/\/rioonwatch.org.br\/index.php?rest_route=%2Fwp%2Fv2%2Fcomments&post=18463"}],"version-history":[{"count":21,"href":"https:\/\/rioonwatch.org.br\/index.php?rest_route=\/wp\/v2\/posts\/18463\/revisions"}],"predecessor-version":[{"id":74230,"href":"https:\/\/rioonwatch.org.br\/index.php?rest_route=\/wp\/v2\/posts\/18463\/revisions\/74230"}],"wp:featuredmedia":[{"embeddable":true,"href":"https:\/\/rioonwatch.org.br\/index.php?rest_route=\/wp\/v2\/media\/18465"}],"wp:attachment":[{"href":"https:\/\/rioonwatch.org.br\/index.php?rest_route=%2Fwp%2Fv2%2Fmedia&parent=18463"}],"wp:term":[{"taxonomy":"category","embeddable":true,"href":"https:\/\/rioonwatch.org.br\/index.php?rest_route=%2Fwp%2Fv2%2Fcategories&post=18463"},{"taxonomy":"post_tag","embeddable":true,"href":"https:\/\/rioonwatch.org.br\/index.php?rest_route=%2Fwp%2Fv2%2Ftags&post=18463"},{"taxonomy":"writer","embeddable":true,"href":"https:\/\/rioonwatch.org.br\/index.php?rest_route=%2Fwp%2Fv2%2Fwriter&post=18463"},{"taxonomy":"translator","embeddable":true,"href":"https:\/\/rioonwatch.org.br\/index.php?rest_route=%2Fwp%2Fv2%2Ftranslator&post=18463"},{"taxonomy":"source","embeddable":true,"href":"https:\/\/rioonwatch.org.br\/index.php?rest_route=%2Fwp%2Fv2%2Fsource&post=18463"},{"taxonomy":"ilustrador","embeddable":true,"href":"https:\/\/rioonwatch.org.br\/index.php?rest_route=%2Fwp%2Fv2%2Filustrador&post=18463"},{"taxonomy":"fotografo","embeddable":true,"href":"https:\/\/rioonwatch.org.br\/index.php?rest_route=%2Fwp%2Fv2%2Ffotografo&post=18463"}],"curies":[{"name":"wp","href":"https:\/\/api.w.org\/{rel}","templated":true}]}}