{"id":18499,"date":"2016-02-20T11:46:14","date_gmt":"2016-02-20T14:46:14","guid":{"rendered":"http:\/\/rioonwatch.org.br\/?p=18499"},"modified":"2023-08-01T16:44:03","modified_gmt":"2023-08-01T19:44:03","slug":"bloco-de-carnaval-mulheres-rodadas-protesta-pelos-direitos-das-mulheres","status":"publish","type":"post","link":"https:\/\/rioonwatch.org.br\/?p=18499","title":{"rendered":"Bloco de Carnaval Mulheres Rodadas Protesta Pelos Direitos das Mulheres"},"content":{"rendered":"<p style=\"text-align: right;\"><em><strong><a href=\"http:\/\/bit.ly\/1T1fZf0\" target=\"_blank\" rel=\"noopener\">Click Here for English<img decoding=\"async\" width=\"20\" height=\"20\" class=\"alignright wp-image-15790\" src=\"http:\/\/rioonwatch.org.br\/wp-content\/uploads\/2012\/08\/EN-standard-e1439583104716.jpg\" alt=\"\" \/><\/a><\/strong><\/em><\/p>\n<p>No dia 10 de fevereiro, \u00faltimo dia oficial do <a href=\"http:\/\/bit.ly\/1O9OJZW\" target=\"_blank\" rel=\"noopener\">carnaval<\/a>, um grupo diversificado de cerca de 2.500 pessoas se reuniu\u00a0no Largo do Machado na\u00a0<a href=\"http:\/\/bit.ly\/1mNsDyk\" target=\"_blank\" rel=\"noopener\">Zona Sul<\/a> para um <a href=\"http:\/\/on.fb.me\/1Tv4afs\" target=\"_blank\" rel=\"noopener\">bloco diferente<\/a>: o desfile do\u00a0<a href=\"http:\/\/on.fb.me\/1UccYY1\" target=\"_blank\" rel=\"noopener\">Mulheres Rodadas<\/a>\u00a0que est\u00e1 agora em seu segundo ano. A jornalista Renata Rodrigues, co-fundadora do bloco conta que, em dezembro de 2014, o Mulheres Rodadas foi inspirado por uma foto viral no Facebook de um jovem segurando um cartaz dizendo: &#8220;N\u00e3o mere\u00e7o mulher rodada&#8221;. A postagem provocou indigna\u00e7\u00e3o entre milhares de mulheres, que responderam com a hashtag\u00a0<a href=\"http:\/\/glo.bo\/1TuwzmV\" target=\"_blank\" rel=\"noopener\">#SomosTodasRodadas<\/a>.<\/p>\n<h3>Protesto atrav\u00e9s da festa<\/h3>\n<p><span style=\"font-weight: 400;\">Renata Rodrigues e suas\u00a0co-organizadoras se inspiraram e\u00a0organizaram um evento para dar continuidade\u00a0para conversas sobre o machismo, e construir\u00a0<a href=\"http:\/\/bit.ly\/1LmWUKm\" target=\"_blank\" rel=\"noopener\">respostas feministas criativas<\/a>. Renata destacou que trazer quest\u00f5es pol\u00edticas e culturais \u00e9 parte da pr\u00f3pria trama do carnaval, embora possa n\u00e3o ser claro para os turistas que visitam.<\/span><\/p>\n<p><span style=\"font-weight: 400;\">Ela explicou que a adi\u00e7\u00e3o da discuss\u00e3o feminista na tradi\u00e7\u00e3o de abordar as quest\u00f5es pol\u00edticas mais prementes na sociedade atrav\u00e9s do imagin\u00e1rio e da plataforma do carnaval atinge um novo tipo de p\u00fablico:\u00a0<\/span>&#8220;Quando voc\u00ea traz a arte e esse tipo de coisa, m\u00fasica e tal, voc\u00ea alcan\u00e7a e toca as pessoas de outra forma [com] uma agenda positiva&#8230; A\u00a0gente fala com outras pessoas, gente que tradicionalmente n\u00e3o est\u00e1 dentro disso [c\u00edrculos ativistas] e n\u00e3o est\u00e1 pensando nisso&#8221;.<\/p>\n<p><a href=\"http:\/\/rioonwatch.org.br\/wp-content\/uploads\/2016\/02\/IMG_9058.jpg\"><img fetchpriority=\"high\" decoding=\"async\" class=\"aligncenter wp-image-18506 size-medium\" title=\"Sofia Feitosa, 16 anos, e amigas se motivaram a participar do bloco este ano depois de sofrerem ass\u00e9dios durante outros eventos carnavalescos.\" src=\"http:\/\/rioonwatch.org.br\/wp-content\/uploads\/2016\/02\/IMG_9058-620x465.jpg\" alt=\"\" width=\"620\" height=\"465\" srcset=\"https:\/\/rioonwatch.org.br\/wp-content\/uploads\/2016\/02\/IMG_9058-620x465.jpg 620w, https:\/\/rioonwatch.org.br\/wp-content\/uploads\/2016\/02\/IMG_9058-352x264.jpg 352w, https:\/\/rioonwatch.org.br\/wp-content\/uploads\/2016\/02\/IMG_9058-768x576.jpg 768w, https:\/\/rioonwatch.org.br\/wp-content\/uploads\/2016\/02\/IMG_9058-1024x768.jpg 1024w, https:\/\/rioonwatch.org.br\/wp-content\/uploads\/2016\/02\/IMG_9058-174x131.jpg 174w, https:\/\/rioonwatch.org.br\/wp-content\/uploads\/2016\/02\/IMG_9058-300x225.jpg 300w, https:\/\/rioonwatch.org.br\/wp-content\/uploads\/2016\/02\/IMG_9058-70x53.jpg 70w\" sizes=\"(max-width: 620px) 100vw, 620px\" \/><\/a><\/p>\n<h3><strong>Carnaval sem ass\u00e9dio<\/strong><\/h3>\n<p><span style=\"font-weight: 400;\">N\u00e3o s\u00f3 o carnaval permite um tipo diferente de protesto, mas \u00e9 um momento importante para enfrentar o sexismo, dado que os blocos s\u00e3o locais de muito ass\u00e9dio sexual. O ass\u00e9dio \u00e9 um problema no Brasil em qualquer \u00e9poca do ano. Um estudo realizado pela <a href=\"http:\/\/bit.ly\/1OjBOhy\" target=\"_blank\" rel=\"noopener\">Think Olga<\/a>\u00a0mostrou que, das quase 8.000 entrevistadas, 98% delas tinham sofrido ass\u00e9dio. No entanto, o problema piora durante a atmosfera do carnaval, e a campanha <a href=\"http:\/\/bit.ly\/1XBR7ZX\" target=\"_blank\" rel=\"noopener\">#CarnavalSemAss\u00e9dio<\/a>, com a parceria do Mulheres Rodadas, atraiu muito o apoio do p\u00fablico.<\/span><\/p>\n<p><span style=\"font-weight: 400;\">O bloco Mulheres Rodadas reuniu tanto adolescentes, novas para o ativismo, com mulheres mais velhas que j\u00e1 est\u00e3o por longo tempo na luta pelos direitos das mulheres. Infelizmente, as mulheres de todas as idades tinham hist\u00f3rias para contar de ass\u00e9dio durante o carnaval.<\/span><\/p>\n<p><span style=\"font-weight: 400;\">Arlanza Rebello do N\u00facleo da <a href=\"http:\/\/bit.ly\/1kcl02n\" target=\"_blank\" rel=\"noopener\">Defensoria P\u00fablica do Rio de Janeiro<\/a> para a Defesa dos Direitos da Mulher explicou que a parceria do N\u00facleo com o bloco come\u00e7ou com um telefonema de uma das suas organizadoras. Elas lhe disseram que, em outro evento de carnaval\u00a0<\/span>&#8220;um homem a viu com a camiseta do Mulheres Rodadas e proferiu insultos e amea\u00e7ou at\u00e9 que a estupraria, que poderia, porque ela \u00e9 uma mulher que se chama de desfrut\u00e1vel, dispon\u00edvel&#8221;.<\/p>\n<p><span style=\"font-weight: 400;\">Arlanza Rebello explicou que o bloco\u00a0<\/span>&#8220;traz ao carnaval o protagonismo das mulheres, que deixam de ser objeto de musiquinhas machistas e do prazer do homem, para mostrar que temos autonomia, queremos brincar, e ser respeitadas&#8221;.<\/p>\n<p><span style=\"font-weight: 400;\">Sofia Feitoso, de 16 anos, tamb\u00e9m teve esse sentimento na experi\u00eancia do seu primeiro carnaval que passou de forma independente com os amigos: &#8220;<\/span><span style=\"line-height: 1.5;\">Para mim esse carnaval foi a maior demonstra\u00e7\u00e3o que precisamos lutar muito mesmo. Porque eu j\u00e1 sofri muito ass\u00e9dio nesse carnaval. J\u00e1 virou uma coisa normal&#8221;.<\/span><\/p>\n<h3><strong>A mudan\u00e7a pol\u00edtica<\/strong><\/h3>\n<p><span style=\"font-weight: 400;\">As participantes do Mulheres Rodadas clamam por uma mudan\u00e7a pol\u00edtica, tanto a n\u00edvel local e nacional, e tamb\u00e9m por uma mudan\u00e7a cultural, e o bloco de forma criativa mistura os dois. Muitas\u00a0exibiram cartazes onde se lia &#8220;<a href=\"http:\/\/bit.ly\/1LmWUKm\" target=\"_blank\" rel=\"noopener\">Fora Cunha<\/a>&#8220;. As mulheres do N\u00facleo\u00a0dos defensores p\u00fablicos disseram\u00a0que Cunha \u00e9 o &#8220;inimigo n\u00famero um&#8221; dos direitos das mulheres, destacando suas tentativas de proibir o aborto legal no caso de estupro e sobre a possibilidade dele contestar a <a href=\"http:\/\/bit.ly\/1QmKYMh\" target=\"_blank\" rel=\"noopener\">lei Maria da Penha<\/a>, que desde 2006 apoia\u00a0v\u00edtimas de viol\u00eancia dom\u00e9stica atrav\u00e9s de sistemas de penalidade e relat\u00f3rios diferenciados.<\/span><\/p>\n<p><a href=\"http:\/\/rioonwatch.org.br\/wp-content\/uploads\/2016\/02\/IMG_9053.jpg\"><img decoding=\"async\" class=\"aligncenter wp-image-18507 size-medium\" title=\"A advocada atuante em casos de viol\u00eancia dom\u00e9stica, Georgia Bello, participa do Bloco Mulheres Rodadas.\" src=\"http:\/\/rioonwatch.org.br\/wp-content\/uploads\/2016\/02\/IMG_9053-620x465.jpg\" alt=\"\" width=\"620\" height=\"465\" srcset=\"https:\/\/rioonwatch.org.br\/wp-content\/uploads\/2016\/02\/IMG_9053-620x465.jpg 620w, https:\/\/rioonwatch.org.br\/wp-content\/uploads\/2016\/02\/IMG_9053-352x264.jpg 352w, https:\/\/rioonwatch.org.br\/wp-content\/uploads\/2016\/02\/IMG_9053-768x576.jpg 768w, https:\/\/rioonwatch.org.br\/wp-content\/uploads\/2016\/02\/IMG_9053-1024x768.jpg 1024w, https:\/\/rioonwatch.org.br\/wp-content\/uploads\/2016\/02\/IMG_9053-174x131.jpg 174w, https:\/\/rioonwatch.org.br\/wp-content\/uploads\/2016\/02\/IMG_9053-300x225.jpg 300w, https:\/\/rioonwatch.org.br\/wp-content\/uploads\/2016\/02\/IMG_9053-70x53.jpg 70w\" sizes=\"(max-width: 620px) 100vw, 620px\" \/><\/a><\/p>\n<p><span style=\"font-weight: 400;\">Deste grupo, a advogada Georgia Bello falou sobre como ela havia considerado se fantasiar como a esposa do candidato a prefeito do\u00a0Rio de Janeiro Pedro Paulo por causa da sua conhecida <a href=\"http:\/\/bit.ly\/1Qbn0Wx\" target=\"_blank\" rel=\"noopener\">hist\u00f3ria de viol\u00eancia dom\u00e9stica<\/a>. Ela explicou que tal afirma\u00e7\u00e3o:\u00a0<\/span>\u201cn\u00e3o \u00e9 banalizar a viol\u00eancia, \u00e9 mais uma maneira de dar visibilidade. De chamar aten\u00e7\u00e3o para que as mulheres n\u00e3o esque\u00e7am que daqui a pouco vai ter uma elei\u00e7\u00e3o e que um candidato que pode entrar, \u00e9 um candidato que bate em mulher&#8221;.<\/p>\n<h3><strong>Para al\u00e9m do Carnaval<\/strong><\/h3>\n<p><span style=\"font-weight: 400;\">As atividades do Mulheres Rodadas est\u00e3o definidas para continuarem para al\u00e9m do bloco. Depois do primeiro bloco em 2015, Mulheres Rodadas fez parceria n\u00e3o s\u00f3 com a campanha #CarnavalSemAss\u00e9dio, mas tamb\u00e9m com a ONU Mulheres, e o N\u00facleo de Defesa dos Direitos da Mulher da Defensoria P\u00fablica, com a inten\u00e7\u00e3o de realizar a\u00e7\u00f5es cont\u00ednuas\u00a0durante todo o ano.<\/span><\/p>\n<p><span style=\"font-weight: 400;\">A banda come\u00e7ou a tocar no segundo ano do Bloco das Mulheres Rodadas e Renata Rodrigues falou das a\u00e7\u00f5es planejadas para o Dia Internacional da Mulher em 8 de mar\u00e7o e al\u00e9m: &#8220;<\/span>eu acho que 2016 \u00e9 um ano promissor&#8230; temos muitas pessoas engajadas\u201d.<\/p>\n<!-- AddThis Advanced Settings generic via filter on the_content --><!-- AddThis Share Buttons generic via filter on the_content -->","protected":false},"excerpt":{"rendered":"<div class=\"mh-excerpt\"><p>Click Here for English No dia 10 de fevereiro, \u00faltimo dia oficial do carnaval, um grupo diversificado de cerca de 2.500 pessoas se reuniu\u00a0no Largo do Machado na\u00a0Zona Sul para um bloco diferente: o desfile <a class=\"mh-excerpt-more\" href=\"https:\/\/rioonwatch.org.br\/?p=18499\" title=\"Bloco de Carnaval Mulheres Rodadas Protesta Pelos Direitos das Mulheres\">[&#8230;]<\/a><!-- AddThis Advanced Settings generic via filter on get_the_excerpt --><!-- AddThis Share Buttons generic via filter on get_the_excerpt --><\/p>\n<\/div>","protected":false},"author":129,"featured_media":18505,"comment_status":"closed","ping_status":"closed","sticky":false,"template":"","format":"standard","meta":{"_acf_changed":false,"_monsterinsights_skip_tracking":false,"_monsterinsights_sitenote_active":false,"_monsterinsights_sitenote_note":"","_monsterinsights_sitenote_category":0,"footnotes":""},"categories":[1627,346,1626,1612],"tags":[214,81,90,88,1790,42,755,1793,1794,2387,383],"writer":[1791,1744],"translator":[273],"source":[],"ilustrador":[],"fotografo":[],"class_list":{"0":"post-18499","1":"post","2":"type-post","3":"status-publish","4":"format-standard","5":"has-post-thumbnail","7":"category-relato-de-evento","8":"category-denuncias","9":"category-por-observadores-internacionais","10":"category-sociedade-civil","11":"tag-carnaval","12":"tag-cultura","13":"tag-defensoria-publica","14":"tag-direitos-humanos","15":"tag-feminismo","16":"tag-genero","17":"tag-lei","18":"tag-lei-maria-da-penha","19":"tag-mulheres-rodadas","20":"tag-violencia-contra-a-mulher","21":"tag-zona-sul","22":"writer-anna-cash","23":"writer-meg-healy","24":"translator-roseli-franco"},"acf":[],"yoast_head":"<!-- This site is optimized with the Yoast SEO plugin v25.6 - https:\/\/yoast.com\/wordpress\/plugins\/seo\/ -->\n<title>Bloco de Carnaval Mulheres Rodadas Protesta Pelos Direitos das Mulheres - RioOnWatch<\/title>\n<meta name=\"robots\" content=\"index, follow, max-snippet:-1, max-image-preview:large, max-video-preview:-1\" \/>\n<link rel=\"canonical\" href=\"https:\/\/rioonwatch.org.br\/?p=18499\" \/>\n<meta property=\"og:locale\" content=\"pt_BR\" \/>\n<meta property=\"og:type\" content=\"article\" \/>\n<meta property=\"og:title\" content=\"Bloco de Carnaval Mulheres Rodadas Protesta Pelos Direitos das Mulheres - RioOnWatch\" \/>\n<meta property=\"og:description\" content=\"Click Here for English No dia 10 de fevereiro, \u00faltimo dia oficial do carnaval, um grupo diversificado de cerca de 2.500 pessoas se reuniu\u00a0no Largo do Machado na\u00a0Zona Sul para um bloco diferente: o desfile [...]\" \/>\n<meta property=\"og:url\" content=\"https:\/\/rioonwatch.org.br\/?p=18499\" \/>\n<meta property=\"og:site_name\" content=\"RioOnWatch\" \/>\n<meta property=\"article:published_time\" content=\"2016-02-20T14:46:14+00:00\" \/>\n<meta property=\"article:modified_time\" content=\"2023-08-01T19:44:03+00:00\" \/>\n<meta property=\"og:image\" content=\"https:\/\/rioonwatch.org.br\/wp-content\/uploads\/2016\/02\/Mais-de-500-pessoas-participaram-este-ano-do-Bloco-Mulheres-Rodadas.jpg\" \/>\n\t<meta property=\"og:image:width\" content=\"2448\" \/>\n\t<meta property=\"og:image:height\" content=\"1836\" \/>\n\t<meta property=\"og:image:type\" content=\"image\/jpeg\" \/>\n<meta name=\"author\" content=\"Admin\" \/>\n<meta name=\"twitter:card\" content=\"summary_large_image\" \/>\n<meta name=\"twitter:label1\" content=\"Escrito por\" \/>\n\t<meta name=\"twitter:data1\" content=\"Admin\" \/>\n\t<meta name=\"twitter:label2\" content=\"Est. tempo de leitura\" \/>\n\t<meta name=\"twitter:data2\" content=\"4 minutos\" \/>\n<script type=\"application\/ld+json\" class=\"yoast-schema-graph\">{\"@context\":\"https:\/\/schema.org\",\"@graph\":[{\"@type\":\"Article\",\"@id\":\"https:\/\/rioonwatch.org.br\/?p=18499#article\",\"isPartOf\":{\"@id\":\"https:\/\/rioonwatch.org.br\/?p=18499\"},\"author\":{\"name\":\"Admin\",\"@id\":\"https:\/\/rioonwatch.org.br\/#\/schema\/person\/11d64c290506f9df50c71b850c473f68\"},\"headline\":\"Bloco de Carnaval Mulheres Rodadas Protesta Pelos Direitos das Mulheres\",\"datePublished\":\"2016-02-20T14:46:14+00:00\",\"dateModified\":\"2023-08-01T19:44:03+00:00\",\"mainEntityOfPage\":{\"@id\":\"https:\/\/rioonwatch.org.br\/?p=18499\"},\"wordCount\":884,\"publisher\":{\"@id\":\"https:\/\/rioonwatch.org.br\/#organization\"},\"image\":{\"@id\":\"https:\/\/rioonwatch.org.br\/?p=18499#primaryimage\"},\"thumbnailUrl\":\"https:\/\/rioonwatch.org.br\/wp-content\/uploads\/2016\/02\/Mais-de-500-pessoas-participaram-este-ano-do-Bloco-Mulheres-Rodadas.jpg\",\"keywords\":[\"carnaval\",\"cultura\",\"Defensoria P\u00fablica\",\"Direitos Humanos\",\"feminismo\",\"g\u00eanero\",\"lei\",\"lei Maria da Penha\",\"Mulheres Rodadas\",\"viol\u00eancia contra a mulher\",\"Zona Sul\"],\"articleSection\":[\"Cobertura de Eventos\",\"Den\u00fancias\",\"Escrito por Aliados\",\"Sociedade Civil\"],\"inLanguage\":\"pt-BR\"},{\"@type\":\"WebPage\",\"@id\":\"https:\/\/rioonwatch.org.br\/?p=18499\",\"url\":\"https:\/\/rioonwatch.org.br\/?p=18499\",\"name\":\"Bloco de Carnaval Mulheres Rodadas Protesta Pelos Direitos das Mulheres - RioOnWatch\",\"isPartOf\":{\"@id\":\"https:\/\/rioonwatch.org.br\/#website\"},\"primaryImageOfPage\":{\"@id\":\"https:\/\/rioonwatch.org.br\/?p=18499#primaryimage\"},\"image\":{\"@id\":\"https:\/\/rioonwatch.org.br\/?p=18499#primaryimage\"},\"thumbnailUrl\":\"https:\/\/rioonwatch.org.br\/wp-content\/uploads\/2016\/02\/Mais-de-500-pessoas-participaram-este-ano-do-Bloco-Mulheres-Rodadas.jpg\",\"datePublished\":\"2016-02-20T14:46:14+00:00\",\"dateModified\":\"2023-08-01T19:44:03+00:00\",\"breadcrumb\":{\"@id\":\"https:\/\/rioonwatch.org.br\/?p=18499#breadcrumb\"},\"inLanguage\":\"pt-BR\",\"potentialAction\":[{\"@type\":\"ReadAction\",\"target\":[\"https:\/\/rioonwatch.org.br\/?p=18499\"]}]},{\"@type\":\"ImageObject\",\"inLanguage\":\"pt-BR\",\"@id\":\"https:\/\/rioonwatch.org.br\/?p=18499#primaryimage\",\"url\":\"https:\/\/rioonwatch.org.br\/wp-content\/uploads\/2016\/02\/Mais-de-500-pessoas-participaram-este-ano-do-Bloco-Mulheres-Rodadas.jpg\",\"contentUrl\":\"https:\/\/rioonwatch.org.br\/wp-content\/uploads\/2016\/02\/Mais-de-500-pessoas-participaram-este-ano-do-Bloco-Mulheres-Rodadas.jpg\",\"width\":2448,\"height\":1836},{\"@type\":\"BreadcrumbList\",\"@id\":\"https:\/\/rioonwatch.org.br\/?p=18499#breadcrumb\",\"itemListElement\":[{\"@type\":\"ListItem\",\"position\":1,\"name\":\"In\u00edcio\",\"item\":\"https:\/\/rioonwatch.org.br\/\"},{\"@type\":\"ListItem\",\"position\":2,\"name\":\"Bloco de Carnaval Mulheres Rodadas Protesta Pelos Direitos das Mulheres\"}]},{\"@type\":\"WebSite\",\"@id\":\"https:\/\/rioonwatch.org.br\/#website\",\"url\":\"https:\/\/rioonwatch.org.br\/\",\"name\":\"RioOnWatch\",\"description\":\"relatos das favelas cariocas\",\"publisher\":{\"@id\":\"https:\/\/rioonwatch.org.br\/#organization\"},\"potentialAction\":[{\"@type\":\"SearchAction\",\"target\":{\"@type\":\"EntryPoint\",\"urlTemplate\":\"https:\/\/rioonwatch.org.br\/?s={search_term_string}\"},\"query-input\":{\"@type\":\"PropertyValueSpecification\",\"valueRequired\":true,\"valueName\":\"search_term_string\"}}],\"inLanguage\":\"pt-BR\"},{\"@type\":\"Organization\",\"@id\":\"https:\/\/rioonwatch.org.br\/#organization\",\"name\":\"RioOnWatch\",\"url\":\"https:\/\/rioonwatch.org.br\/\",\"logo\":{\"@type\":\"ImageObject\",\"inLanguage\":\"pt-BR\",\"@id\":\"https:\/\/rioonwatch.org.br\/#\/schema\/logo\/image\/\",\"url\":\"https:\/\/rioonwatch.org.br\/wp-content\/uploads\/2021\/06\/RioOnWatchcabecalhoPT11anos-2.png\",\"contentUrl\":\"https:\/\/rioonwatch.org.br\/wp-content\/uploads\/2021\/06\/RioOnWatchcabecalhoPT11anos-2.png\",\"width\":779,\"height\":277,\"caption\":\"RioOnWatch\"},\"image\":{\"@id\":\"https:\/\/rioonwatch.org.br\/#\/schema\/logo\/image\/\"}},{\"@type\":\"Person\",\"@id\":\"https:\/\/rioonwatch.org.br\/#\/schema\/person\/11d64c290506f9df50c71b850c473f68\",\"name\":\"Admin\",\"image\":{\"@type\":\"ImageObject\",\"inLanguage\":\"pt-BR\",\"@id\":\"https:\/\/rioonwatch.org.br\/#\/schema\/person\/image\/\",\"url\":\"https:\/\/secure.gravatar.com\/avatar\/56211ac74568383903349a1485e3c325?s=96&d=blank&r=g\",\"contentUrl\":\"https:\/\/secure.gravatar.com\/avatar\/56211ac74568383903349a1485e3c325?s=96&d=blank&r=g\",\"caption\":\"Admin\"},\"url\":\"https:\/\/rioonwatch.org.br\/?author=129\"}]}<\/script>\n<!-- \/ Yoast SEO plugin. -->","yoast_head_json":{"title":"Bloco de Carnaval Mulheres Rodadas Protesta Pelos Direitos das Mulheres - RioOnWatch","robots":{"index":"index","follow":"follow","max-snippet":"max-snippet:-1","max-image-preview":"max-image-preview:large","max-video-preview":"max-video-preview:-1"},"canonical":"https:\/\/rioonwatch.org.br\/?p=18499","og_locale":"pt_BR","og_type":"article","og_title":"Bloco de Carnaval Mulheres Rodadas Protesta Pelos Direitos das Mulheres - RioOnWatch","og_description":"Click Here for English No dia 10 de fevereiro, \u00faltimo dia oficial do carnaval, um grupo diversificado de cerca de 2.500 pessoas se reuniu\u00a0no Largo do Machado na\u00a0Zona Sul para um bloco diferente: o desfile [...]","og_url":"https:\/\/rioonwatch.org.br\/?p=18499","og_site_name":"RioOnWatch","article_published_time":"2016-02-20T14:46:14+00:00","article_modified_time":"2023-08-01T19:44:03+00:00","og_image":[{"width":2448,"height":1836,"url":"https:\/\/rioonwatch.org.br\/wp-content\/uploads\/2016\/02\/Mais-de-500-pessoas-participaram-este-ano-do-Bloco-Mulheres-Rodadas.jpg","type":"image\/jpeg"}],"author":"Admin","twitter_card":"summary_large_image","twitter_misc":{"Escrito por":"Admin","Est. tempo de leitura":"4 minutos"},"schema":{"@context":"https:\/\/schema.org","@graph":[{"@type":"Article","@id":"https:\/\/rioonwatch.org.br\/?p=18499#article","isPartOf":{"@id":"https:\/\/rioonwatch.org.br\/?p=18499"},"author":{"name":"Admin","@id":"https:\/\/rioonwatch.org.br\/#\/schema\/person\/11d64c290506f9df50c71b850c473f68"},"headline":"Bloco de Carnaval Mulheres Rodadas Protesta Pelos Direitos das Mulheres","datePublished":"2016-02-20T14:46:14+00:00","dateModified":"2023-08-01T19:44:03+00:00","mainEntityOfPage":{"@id":"https:\/\/rioonwatch.org.br\/?p=18499"},"wordCount":884,"publisher":{"@id":"https:\/\/rioonwatch.org.br\/#organization"},"image":{"@id":"https:\/\/rioonwatch.org.br\/?p=18499#primaryimage"},"thumbnailUrl":"https:\/\/rioonwatch.org.br\/wp-content\/uploads\/2016\/02\/Mais-de-500-pessoas-participaram-este-ano-do-Bloco-Mulheres-Rodadas.jpg","keywords":["carnaval","cultura","Defensoria P\u00fablica","Direitos Humanos","feminismo","g\u00eanero","lei","lei Maria da Penha","Mulheres Rodadas","viol\u00eancia contra a mulher","Zona Sul"],"articleSection":["Cobertura de Eventos","Den\u00fancias","Escrito por Aliados","Sociedade Civil"],"inLanguage":"pt-BR"},{"@type":"WebPage","@id":"https:\/\/rioonwatch.org.br\/?p=18499","url":"https:\/\/rioonwatch.org.br\/?p=18499","name":"Bloco de Carnaval Mulheres Rodadas Protesta Pelos Direitos das Mulheres - RioOnWatch","isPartOf":{"@id":"https:\/\/rioonwatch.org.br\/#website"},"primaryImageOfPage":{"@id":"https:\/\/rioonwatch.org.br\/?p=18499#primaryimage"},"image":{"@id":"https:\/\/rioonwatch.org.br\/?p=18499#primaryimage"},"thumbnailUrl":"https:\/\/rioonwatch.org.br\/wp-content\/uploads\/2016\/02\/Mais-de-500-pessoas-participaram-este-ano-do-Bloco-Mulheres-Rodadas.jpg","datePublished":"2016-02-20T14:46:14+00:00","dateModified":"2023-08-01T19:44:03+00:00","breadcrumb":{"@id":"https:\/\/rioonwatch.org.br\/?p=18499#breadcrumb"},"inLanguage":"pt-BR","potentialAction":[{"@type":"ReadAction","target":["https:\/\/rioonwatch.org.br\/?p=18499"]}]},{"@type":"ImageObject","inLanguage":"pt-BR","@id":"https:\/\/rioonwatch.org.br\/?p=18499#primaryimage","url":"https:\/\/rioonwatch.org.br\/wp-content\/uploads\/2016\/02\/Mais-de-500-pessoas-participaram-este-ano-do-Bloco-Mulheres-Rodadas.jpg","contentUrl":"https:\/\/rioonwatch.org.br\/wp-content\/uploads\/2016\/02\/Mais-de-500-pessoas-participaram-este-ano-do-Bloco-Mulheres-Rodadas.jpg","width":2448,"height":1836},{"@type":"BreadcrumbList","@id":"https:\/\/rioonwatch.org.br\/?p=18499#breadcrumb","itemListElement":[{"@type":"ListItem","position":1,"name":"In\u00edcio","item":"https:\/\/rioonwatch.org.br\/"},{"@type":"ListItem","position":2,"name":"Bloco de Carnaval Mulheres Rodadas Protesta Pelos Direitos das Mulheres"}]},{"@type":"WebSite","@id":"https:\/\/rioonwatch.org.br\/#website","url":"https:\/\/rioonwatch.org.br\/","name":"RioOnWatch","description":"relatos das favelas cariocas","publisher":{"@id":"https:\/\/rioonwatch.org.br\/#organization"},"potentialAction":[{"@type":"SearchAction","target":{"@type":"EntryPoint","urlTemplate":"https:\/\/rioonwatch.org.br\/?s={search_term_string}"},"query-input":{"@type":"PropertyValueSpecification","valueRequired":true,"valueName":"search_term_string"}}],"inLanguage":"pt-BR"},{"@type":"Organization","@id":"https:\/\/rioonwatch.org.br\/#organization","name":"RioOnWatch","url":"https:\/\/rioonwatch.org.br\/","logo":{"@type":"ImageObject","inLanguage":"pt-BR","@id":"https:\/\/rioonwatch.org.br\/#\/schema\/logo\/image\/","url":"https:\/\/rioonwatch.org.br\/wp-content\/uploads\/2021\/06\/RioOnWatchcabecalhoPT11anos-2.png","contentUrl":"https:\/\/rioonwatch.org.br\/wp-content\/uploads\/2021\/06\/RioOnWatchcabecalhoPT11anos-2.png","width":779,"height":277,"caption":"RioOnWatch"},"image":{"@id":"https:\/\/rioonwatch.org.br\/#\/schema\/logo\/image\/"}},{"@type":"Person","@id":"https:\/\/rioonwatch.org.br\/#\/schema\/person\/11d64c290506f9df50c71b850c473f68","name":"Admin","image":{"@type":"ImageObject","inLanguage":"pt-BR","@id":"https:\/\/rioonwatch.org.br\/#\/schema\/person\/image\/","url":"https:\/\/secure.gravatar.com\/avatar\/56211ac74568383903349a1485e3c325?s=96&d=blank&r=g","contentUrl":"https:\/\/secure.gravatar.com\/avatar\/56211ac74568383903349a1485e3c325?s=96&d=blank&r=g","caption":"Admin"},"url":"https:\/\/rioonwatch.org.br\/?author=129"}]}},"_links":{"self":[{"href":"https:\/\/rioonwatch.org.br\/index.php?rest_route=\/wp\/v2\/posts\/18499"}],"collection":[{"href":"https:\/\/rioonwatch.org.br\/index.php?rest_route=\/wp\/v2\/posts"}],"about":[{"href":"https:\/\/rioonwatch.org.br\/index.php?rest_route=\/wp\/v2\/types\/post"}],"author":[{"embeddable":true,"href":"https:\/\/rioonwatch.org.br\/index.php?rest_route=\/wp\/v2\/users\/129"}],"replies":[{"embeddable":true,"href":"https:\/\/rioonwatch.org.br\/index.php?rest_route=%2Fwp%2Fv2%2Fcomments&post=18499"}],"version-history":[{"count":14,"href":"https:\/\/rioonwatch.org.br\/index.php?rest_route=\/wp\/v2\/posts\/18499\/revisions"}],"predecessor-version":[{"id":69879,"href":"https:\/\/rioonwatch.org.br\/index.php?rest_route=\/wp\/v2\/posts\/18499\/revisions\/69879"}],"wp:featuredmedia":[{"embeddable":true,"href":"https:\/\/rioonwatch.org.br\/index.php?rest_route=\/wp\/v2\/media\/18505"}],"wp:attachment":[{"href":"https:\/\/rioonwatch.org.br\/index.php?rest_route=%2Fwp%2Fv2%2Fmedia&parent=18499"}],"wp:term":[{"taxonomy":"category","embeddable":true,"href":"https:\/\/rioonwatch.org.br\/index.php?rest_route=%2Fwp%2Fv2%2Fcategories&post=18499"},{"taxonomy":"post_tag","embeddable":true,"href":"https:\/\/rioonwatch.org.br\/index.php?rest_route=%2Fwp%2Fv2%2Ftags&post=18499"},{"taxonomy":"writer","embeddable":true,"href":"https:\/\/rioonwatch.org.br\/index.php?rest_route=%2Fwp%2Fv2%2Fwriter&post=18499"},{"taxonomy":"translator","embeddable":true,"href":"https:\/\/rioonwatch.org.br\/index.php?rest_route=%2Fwp%2Fv2%2Ftranslator&post=18499"},{"taxonomy":"source","embeddable":true,"href":"https:\/\/rioonwatch.org.br\/index.php?rest_route=%2Fwp%2Fv2%2Fsource&post=18499"},{"taxonomy":"ilustrador","embeddable":true,"href":"https:\/\/rioonwatch.org.br\/index.php?rest_route=%2Fwp%2Fv2%2Filustrador&post=18499"},{"taxonomy":"fotografo","embeddable":true,"href":"https:\/\/rioonwatch.org.br\/index.php?rest_route=%2Fwp%2Fv2%2Ffotografo&post=18499"}],"curies":[{"name":"wp","href":"https:\/\/api.w.org\/{rel}","templated":true}]}}