{"id":18512,"date":"2016-03-01T11:21:41","date_gmt":"2016-03-01T14:21:41","guid":{"rendered":"http:\/\/rioonwatch.org.br\/?p=18512"},"modified":"2017-05-21T17:38:40","modified_gmt":"2017-05-21T20:38:40","slug":"politica-de-drogas-nas-favelas-e-no-asfalto-uma-guerra-sem-vencedores","status":"publish","type":"post","link":"https:\/\/rioonwatch.org.br\/?p=18512","title":{"rendered":"Pol\u00edtica de Drogas nas Favelas e no Asfalto: Uma Guerra Sem Vencedores"},"content":{"rendered":"<p style=\"text-align: right;\"><em><strong><a href=\"http:\/\/bit.ly\/1Qn0Cux\" target=\"_blank\" rel=\"noopener noreferrer\">Click Here for English<img decoding=\"async\" width=\"20\" height=\"20\" class=\"alignright wp-image-15790\" src=\"http:\/\/rioonwatch.org.br\/wp-content\/uploads\/2012\/08\/EN-standard-e1439583104716.jpg\" alt=\"\" \/><\/a><\/strong><\/em><\/p>\n<p>Na <a href=\"http:\/\/on.fb.me\/1ThqbA9\" target=\"_blank\" rel=\"noopener noreferrer\">\u00faltima quarta-feira<\/a>, na Biblioteca Parque Nacional, o ativista de direitos humanos e das redes sociais Raull Santiago, do <a href=\"http:\/\/bit.ly\/1CLd514\" target=\"_blank\" rel=\"noopener noreferrer\">Coletivo Papo Reto<\/a>, juntou-se \u00e0 pesquisadora Ana Paula Pellegrino, do <a href=\"http:\/\/bit.ly\/21FinJz\" target=\"_blank\" rel=\"noopener noreferrer\">Instituto Igarap\u00e9<\/a>, para discutir a &#8220;<a href=\"http:\/\/bit.ly\/21Db2tM\" target=\"_blank\" rel=\"noopener noreferrer\">Guerra sem Vencedores: a Pol\u00edtica de Drogas na Favela e no Asfalto<\/a>&#8220;, uma iniciativa da revista\u00a0<a href=\"http:\/\/bit.ly\/1LOSOgH\" target=\"_blank\" rel=\"noopener noreferrer\">VozeRio<\/a>, e sua s\u00e9rie de debates\u00a0&#8220;Conversas na Biblioteca&#8221;.<\/p>\n<p>Como o t\u00edtulo do evento sugere, na <a href=\"http:\/\/bit.ly\/1nelBUD\" target=\"_blank\" rel=\"noopener noreferrer\">guerra contra as drogas<\/a> n\u00e3o h\u00e1 vencedores. Santiago apontou que aqueles que inevitavelmente perdem s\u00e3o moradores de favela negros e pobres: &#8220;E, no fim das contas, a guerra \u00e0s drogas \u00e9 feita por pretos, pobres e nordestinos contra outros pretos, pobres e nordestinos\u201d.<\/p>\n<p>Ana Paula Pellegrino concordou, e acrescentou que, embora o porte de drogas seja parcialmente descriminalizado no Brasil, a falta de crit\u00e9rios objetivos para distinguir entre usu\u00e1rios e traficantes leva os policiais e os meios de comunica\u00e7\u00e3o a caracterizar de forma incontest\u00e1vel certas pessoas como usu\u00e1rios e outras como traficantes: &#8220;Quando se fala de droga na favela, \u00e9 sempre tr\u00e1fico, nunca uso. Quando pegam um menino com droga, nunca \u00e9 usu\u00e1rio, \u00e9 traficante&#8221;.<\/p>\n<p>A <a href=\"http:\/\/bit.ly\/R5ueio\" target=\"_blank\" rel=\"noopener noreferrer\">pacifica\u00e7\u00e3o<\/a> tem sido a mais recente repeti\u00e7\u00e3o da guerra contra as drogas, que continua a caracterizar favelas como locais de tr\u00e1fico, levando a pol\u00edticas p\u00fablicas unilaterais. &#8220;Durante os \u00faltimos cinco anos de pacifica\u00e7\u00e3o\u201d, observou Santiago, &#8220;A \u00fanica atua\u00e7\u00e3o das pol\u00edticas p\u00fablicas no <a href=\"http:\/\/bit.ly\/U0MiGm\" target=\"_blank\" rel=\"noopener noreferrer\">Complexo<\/a> tem sido atrav\u00e9s da pol\u00edtica de seguran\u00e7a: os moradores s\u00e3o olhados pela mira de um policial&#8221;. Essa guerra liderada pela <a href=\"http:\/\/bit.ly\/1ikC58E\" target=\"_blank\" rel=\"noopener noreferrer\">seguran\u00e7a<\/a> levou os moradores a verem a pol\u00edcia apenas como mais uma &#8220;fac\u00e7\u00e3o&#8221; que busca o controle territorial de forma <a href=\"http:\/\/bit.ly\/1i0t9Hc\" target=\"_blank\" rel=\"noopener noreferrer\">violenta<\/a>.<\/p>\n<p>Ana Paula Pellegrino enfatizou como a Guerra \u00e0s Drogas \u00e9, em \u00faltima an\u00e1lise, equivocada. \u201cA primeira coisa a ser lembrada \u00e9 que a criminaliza\u00e7\u00e3o n\u00e3o impede ningu\u00e9m de usar drogas. Quem quiser drogas, vai conseguir e vai us\u00e1-las\u201d afirmou, acrescentando que a criminaliza\u00e7\u00e3o pode levar a um maior uso de drogas por &#8220;criar um fetiche em rela\u00e7\u00e3o ao que \u00e9 proibido&#8221;. Para Ana Paula Pellegrino, o uso de drogas \u00e9, em \u00faltima inst\u00e2ncia, uma quest\u00e3o de sa\u00fade p\u00fablica. Ao torn\u00e1-la uma quest\u00e3o criminal, a guerra \u00e0s drogas estigmatiza aqueles que procuram tratamento, uma vez que temem ser entregues por seus pr\u00f3prios m\u00e9dicos.<\/p>\n<p>Santiago destacou outro lado do debate da sa\u00fade p\u00fablica quando se fala de guerra \u00e0s drogas: as <a href=\"http:\/\/bit.ly\/1ZfYIC1\" target=\"_blank\" rel=\"noopener noreferrer\">altas taxas de mortes<\/a> que assolam os moradores das favelas, mesmo aqueles que n\u00e3o est\u00e3o envolvidos com o tr\u00e1fico: \u201cNa favela, n\u00e3o tem bala perdida: porque a bala vai reta e a favela \u00e9 curva&#8221;.<\/p>\n<p>Como disse a moderadora em sua introdu\u00e7\u00e3o ao evento, as perspectivas de Santiago e Ana Paula Pellegrino se complementaram muito bem. Ana Paula Pellegrino tendia a se concentrar no global, enfatizando como, apesar dos impactos da guerra \u00e0s drogas liderada pelos Estados Unidos em toda a Am\u00e9rica Latina, alguns pa\u00edses, mais especificamente o Uruguai, optaram por adotar <a href=\"http:\/\/bit.ly\/1QmDF7y\" target=\"_blank\" rel=\"noopener noreferrer\">pol\u00edticas mais progressistas de descriminaliza\u00e7\u00e3o<\/a>. As leis amb\u00edguas do Brasil e as altas taxas de <a href=\"http:\/\/bit.ly\/1RCgx7j\" target=\"_blank\" rel=\"noopener noreferrer\">encarceramento<\/a>&#8211;a popula\u00e7\u00e3o carcer\u00e1ria no Brasil \u00e9 a quarta maior do mundo&#8211;representam um passo atr\u00e1s.<\/p>\n<p>Raull Santiago baseou sua experi\u00eancia no contexto da vida local na favela. Em uma hist\u00f3ria especialmente emocionante, ele contou ao p\u00fablico sobre seu amigo F\u00e1bio, que tentou conseguir um emprego, mas quando os empregadores descobriram que ele era do Complexo do Alem\u00e3o, recusaram-se a contrat\u00e1-lo, levando F\u00e1bio \u00e0 vida do tr\u00e1fico e \u00e0 sua eventual morte. Santiago lamentou a imagem unilateral que temos do seu amigo: &#8220;No imagin\u00e1rio geral, F\u00e1bio n\u00e3o morreu por causa de um processo de nega\u00e7\u00f5es, no imagin\u00e1rio geral ele morreu porque era traficante, vendia drogas, resolveu fazer isso e acabou&#8221;.<\/p>\n<p>As perguntas da plateia pareciam refletir dois sentimentos dominantes: os que acreditavam que a <a href=\"http:\/\/bit.ly\/1L0FiuT\" target=\"_blank\" rel=\"noopener noreferrer\">descriminaliza\u00e7\u00e3o<\/a> das drogas levaria a mais viciados e, portanto, a mais crime nas favelas, e aqueles que olharam para as pol\u00edticas de outros lugares para ressaltar qu\u00e3o violenta e desigual, e, portanto, sem sucesso, tem sido a guerra contra as drogas no Brasil.<\/p>\n<p>Ana Paula Pellegrino ressaltou a necessidade da ci\u00eancia informar a pol\u00edtica. Embora para a ci\u00eancia pare\u00e7a claro que a atual pol\u00edtica n\u00e3o est\u00e1 funcionando&#8211;as taxas de utiliza\u00e7\u00e3o n\u00e3o ca\u00edram&#8211;ela instou os presentes a estarem abertos a v\u00e1rias possibilidades: &#8220;H\u00e1 um mundo de pol\u00edticas que precisamos testar de forma respons\u00e1vel\u201d.<\/p>\n<p><a href=\"http:\/\/rioonwatch.org.br\/wp-content\/uploads\/2016\/03\/raull-2-1.jpg\" rel=\"attachment wp-att-18517\"><img fetchpriority=\"high\" decoding=\"async\" class=\"aligncenter wp-image-18517 size-content\" title=\"Raull Santiago; Poto por Erick Dau\" src=\"http:\/\/rioonwatch.org.br\/wp-content\/uploads\/2016\/03\/raull-2-1-620x264.jpg\" alt=\"raull-2-1\" width=\"620\" height=\"264\" srcset=\"https:\/\/rioonwatch.org.br\/wp-content\/uploads\/2016\/03\/raull-2-1-620x264.jpg 620w, https:\/\/rioonwatch.org.br\/wp-content\/uploads\/2016\/03\/raull-2-1-940x400.jpg 940w\" sizes=\"(max-width: 620px) 100vw, 620px\" \/><\/a><\/p>\n<p>Raull Santiago, com l\u00e1grimas nos olhos, instou os membros da plateia, e ele pr\u00f3prio, a acreditar nessas outras pol\u00edticas e possibilidades, apontando para o &#8220;Acredite&#8221; tatuado no bra\u00e7o:\u00a0&#8220;Carrego esta tatuagem n\u00e3o \u00e9 porque eu acredito muito n\u00e3o. Pelo contr\u00e1rio. \u00c9 porque, diante do que eu vivo, diante do que eu vejo, diante do que eu sinto, diante do tanto de situa\u00e7\u00f5es que me afunilam, me deixam sem ar&#8230;quando a gente est\u00e1 triste, cansado, [a gente] olha para baixo. E a\u00ed, se eu ficar desanimado e olhar para baixo, vou ver isso no meu bra\u00e7o: &#8220;Acredite&#8221;. Porque, ao mesmo tempo que \u00e9 muito dif\u00edcil fazer o que a gente faz, a gente v\u00ea alguns resultados positivos. Voc\u00eas estarem aqui hoje, isso \u00e9 positivo&#8221;.<\/p>\n<!-- AddThis Advanced Settings generic via filter on the_content --><!-- AddThis Share Buttons generic via filter on the_content -->","protected":false},"excerpt":{"rendered":"<div class=\"mh-excerpt\"><p>Click Here for English Na \u00faltima quarta-feira, na Biblioteca Parque Nacional, o ativista de direitos humanos e das redes sociais Raull Santiago, do Coletivo Papo Reto, juntou-se \u00e0 pesquisadora Ana Paula Pellegrino, do Instituto Igarap\u00e9, <a class=\"mh-excerpt-more\" href=\"https:\/\/rioonwatch.org.br\/?p=18512\" title=\"Pol\u00edtica de Drogas nas Favelas e no Asfalto: Uma Guerra Sem Vencedores\">[&#8230;]<\/a><!-- AddThis Advanced Settings generic via filter on get_the_excerpt --><!-- AddThis Share Buttons generic via filter on get_the_excerpt --><\/p>\n<\/div>","protected":false},"author":129,"featured_media":18516,"comment_status":"closed","ping_status":"closed","sticky":false,"template":"","format":"standard","meta":{"_acf_changed":false,"_monsterinsights_skip_tracking":false,"_monsterinsights_sitenote_active":false,"_monsterinsights_sitenote_note":"","_monsterinsights_sitenote_category":0,"footnotes":""},"categories":[1621,1627,1626,344,1620],"tags":[1006,217,1386,709,88,838,919,562,92,30,52,1792,218],"writer":[1577],"translator":[1176],"source":[],"ilustrador":[],"fotografo":[],"class_list":{"0":"post-18512","1":"post","2":"type-post","3":"status-publish","4":"format-standard","5":"has-post-thumbnail","7":"category-destaque","8":"category-relato-de-evento","9":"category-por-observadores-internacionais","10":"category-politicas","11":"category-olhonaupp","12":"tag-asfalto-x-favela","13":"tag-complexo-do-alemao","14":"tag-critica-a-politica","15":"tag-debate","16":"tag-direitos-humanos","17":"tag-politica-publica","18":"tag-reforma-da-policia","19":"tag-trafico-de-drogas","20":"tag-upp","21":"tag-violencia","22":"tag-violencia-policial","23":"tag-vozerio","24":"tag-zona-norte","25":"writer-stephanie-reist","26":"translator-fernanda-lacerda"},"acf":[],"yoast_head":"<!-- This site is optimized with the Yoast SEO plugin v25.6 - https:\/\/yoast.com\/wordpress\/plugins\/seo\/ -->\n<title>Pol\u00edtica de Drogas nas Favelas e no Asfalto: Uma Guerra Sem Vencedores - RioOnWatch<\/title>\n<meta name=\"robots\" content=\"index, follow, max-snippet:-1, max-image-preview:large, max-video-preview:-1\" \/>\n<link rel=\"canonical\" href=\"https:\/\/rioonwatch.org.br\/?p=18512\" \/>\n<meta property=\"og:locale\" content=\"pt_BR\" \/>\n<meta property=\"og:type\" content=\"article\" \/>\n<meta property=\"og:title\" content=\"Pol\u00edtica de Drogas nas Favelas e no Asfalto: Uma Guerra Sem Vencedores - RioOnWatch\" \/>\n<meta property=\"og:description\" content=\"Click Here for English Na \u00faltima quarta-feira, na Biblioteca Parque Nacional, o ativista de direitos humanos e das redes sociais Raull Santiago, do Coletivo Papo Reto, juntou-se \u00e0 pesquisadora Ana Paula Pellegrino, do Instituto Igarap\u00e9, [...]\" \/>\n<meta property=\"og:url\" content=\"https:\/\/rioonwatch.org.br\/?p=18512\" \/>\n<meta property=\"og:site_name\" content=\"RioOnWatch\" \/>\n<meta property=\"article:published_time\" content=\"2016-03-01T14:21:41+00:00\" \/>\n<meta property=\"article:modified_time\" content=\"2017-05-21T20:38:40+00:00\" \/>\n<meta property=\"og:image\" content=\"https:\/\/rioonwatch.org.br\/wp-content\/uploads\/2016\/03\/Foto-por-Erik-Dau.jpg\" \/>\n\t<meta property=\"og:image:width\" content=\"1024\" \/>\n\t<meta property=\"og:image:height\" content=\"468\" \/>\n\t<meta property=\"og:image:type\" content=\"image\/jpeg\" \/>\n<meta name=\"author\" content=\"Admin\" \/>\n<meta name=\"twitter:card\" content=\"summary_large_image\" \/>\n<meta name=\"twitter:label1\" content=\"Escrito por\" \/>\n\t<meta name=\"twitter:data1\" content=\"Admin\" \/>\n\t<meta name=\"twitter:label2\" content=\"Est. tempo de leitura\" \/>\n\t<meta name=\"twitter:data2\" content=\"5 minutos\" \/>\n<script type=\"application\/ld+json\" class=\"yoast-schema-graph\">{\"@context\":\"https:\/\/schema.org\",\"@graph\":[{\"@type\":\"Article\",\"@id\":\"https:\/\/rioonwatch.org.br\/?p=18512#article\",\"isPartOf\":{\"@id\":\"https:\/\/rioonwatch.org.br\/?p=18512\"},\"author\":{\"name\":\"Admin\",\"@id\":\"https:\/\/rioonwatch.org.br\/#\/schema\/person\/11d64c290506f9df50c71b850c473f68\"},\"headline\":\"Pol\u00edtica de Drogas nas Favelas e no Asfalto: Uma Guerra Sem Vencedores\",\"datePublished\":\"2016-03-01T14:21:41+00:00\",\"dateModified\":\"2017-05-21T20:38:40+00:00\",\"mainEntityOfPage\":{\"@id\":\"https:\/\/rioonwatch.org.br\/?p=18512\"},\"wordCount\":927,\"publisher\":{\"@id\":\"https:\/\/rioonwatch.org.br\/#organization\"},\"image\":{\"@id\":\"https:\/\/rioonwatch.org.br\/?p=18512#primaryimage\"},\"thumbnailUrl\":\"https:\/\/rioonwatch.org.br\/wp-content\/uploads\/2016\/03\/Foto-por-Erik-Dau.jpg\",\"keywords\":[\"asfalto x favela\",\"Complexo do Alem\u00e3o\",\"cr\u00edtica \u00e0 pol\u00edtica\",\"debate\",\"Direitos Humanos\",\"pol\u00edtica p\u00fablica\",\"reforma da pol\u00edcia\",\"tr\u00e1fico de drogas\",\"UPP\",\"viol\u00eancia\",\"viol\u00eancia policial\",\"Vozerio\",\"Zona Norte\"],\"articleSection\":[\"*Destaque\",\"Cobertura de Eventos\",\"Escrito por Aliados\",\"Pol\u00edticas\",\"Seguran\u00e7a P\u00fablica\"],\"inLanguage\":\"pt-BR\"},{\"@type\":\"WebPage\",\"@id\":\"https:\/\/rioonwatch.org.br\/?p=18512\",\"url\":\"https:\/\/rioonwatch.org.br\/?p=18512\",\"name\":\"Pol\u00edtica de Drogas nas Favelas e no Asfalto: Uma Guerra Sem Vencedores - RioOnWatch\",\"isPartOf\":{\"@id\":\"https:\/\/rioonwatch.org.br\/#website\"},\"primaryImageOfPage\":{\"@id\":\"https:\/\/rioonwatch.org.br\/?p=18512#primaryimage\"},\"image\":{\"@id\":\"https:\/\/rioonwatch.org.br\/?p=18512#primaryimage\"},\"thumbnailUrl\":\"https:\/\/rioonwatch.org.br\/wp-content\/uploads\/2016\/03\/Foto-por-Erik-Dau.jpg\",\"datePublished\":\"2016-03-01T14:21:41+00:00\",\"dateModified\":\"2017-05-21T20:38:40+00:00\",\"breadcrumb\":{\"@id\":\"https:\/\/rioonwatch.org.br\/?p=18512#breadcrumb\"},\"inLanguage\":\"pt-BR\",\"potentialAction\":[{\"@type\":\"ReadAction\",\"target\":[\"https:\/\/rioonwatch.org.br\/?p=18512\"]}]},{\"@type\":\"ImageObject\",\"inLanguage\":\"pt-BR\",\"@id\":\"https:\/\/rioonwatch.org.br\/?p=18512#primaryimage\",\"url\":\"https:\/\/rioonwatch.org.br\/wp-content\/uploads\/2016\/03\/Foto-por-Erik-Dau.jpg\",\"contentUrl\":\"https:\/\/rioonwatch.org.br\/wp-content\/uploads\/2016\/03\/Foto-por-Erik-Dau.jpg\",\"width\":1024,\"height\":468},{\"@type\":\"BreadcrumbList\",\"@id\":\"https:\/\/rioonwatch.org.br\/?p=18512#breadcrumb\",\"itemListElement\":[{\"@type\":\"ListItem\",\"position\":1,\"name\":\"In\u00edcio\",\"item\":\"https:\/\/rioonwatch.org.br\/\"},{\"@type\":\"ListItem\",\"position\":2,\"name\":\"Pol\u00edtica de Drogas nas Favelas e no Asfalto: Uma Guerra Sem Vencedores\"}]},{\"@type\":\"WebSite\",\"@id\":\"https:\/\/rioonwatch.org.br\/#website\",\"url\":\"https:\/\/rioonwatch.org.br\/\",\"name\":\"RioOnWatch\",\"description\":\"relatos das favelas cariocas\",\"publisher\":{\"@id\":\"https:\/\/rioonwatch.org.br\/#organization\"},\"potentialAction\":[{\"@type\":\"SearchAction\",\"target\":{\"@type\":\"EntryPoint\",\"urlTemplate\":\"https:\/\/rioonwatch.org.br\/?s={search_term_string}\"},\"query-input\":{\"@type\":\"PropertyValueSpecification\",\"valueRequired\":true,\"valueName\":\"search_term_string\"}}],\"inLanguage\":\"pt-BR\"},{\"@type\":\"Organization\",\"@id\":\"https:\/\/rioonwatch.org.br\/#organization\",\"name\":\"RioOnWatch\",\"url\":\"https:\/\/rioonwatch.org.br\/\",\"logo\":{\"@type\":\"ImageObject\",\"inLanguage\":\"pt-BR\",\"@id\":\"https:\/\/rioonwatch.org.br\/#\/schema\/logo\/image\/\",\"url\":\"https:\/\/rioonwatch.org.br\/wp-content\/uploads\/2021\/06\/RioOnWatchcabecalhoPT11anos-2.png\",\"contentUrl\":\"https:\/\/rioonwatch.org.br\/wp-content\/uploads\/2021\/06\/RioOnWatchcabecalhoPT11anos-2.png\",\"width\":779,\"height\":277,\"caption\":\"RioOnWatch\"},\"image\":{\"@id\":\"https:\/\/rioonwatch.org.br\/#\/schema\/logo\/image\/\"}},{\"@type\":\"Person\",\"@id\":\"https:\/\/rioonwatch.org.br\/#\/schema\/person\/11d64c290506f9df50c71b850c473f68\",\"name\":\"Admin\",\"image\":{\"@type\":\"ImageObject\",\"inLanguage\":\"pt-BR\",\"@id\":\"https:\/\/rioonwatch.org.br\/#\/schema\/person\/image\/\",\"url\":\"https:\/\/secure.gravatar.com\/avatar\/56211ac74568383903349a1485e3c325?s=96&d=blank&r=g\",\"contentUrl\":\"https:\/\/secure.gravatar.com\/avatar\/56211ac74568383903349a1485e3c325?s=96&d=blank&r=g\",\"caption\":\"Admin\"},\"url\":\"https:\/\/rioonwatch.org.br\/?author=129\"}]}<\/script>\n<!-- \/ Yoast SEO plugin. -->","yoast_head_json":{"title":"Pol\u00edtica de Drogas nas Favelas e no Asfalto: Uma Guerra Sem Vencedores - RioOnWatch","robots":{"index":"index","follow":"follow","max-snippet":"max-snippet:-1","max-image-preview":"max-image-preview:large","max-video-preview":"max-video-preview:-1"},"canonical":"https:\/\/rioonwatch.org.br\/?p=18512","og_locale":"pt_BR","og_type":"article","og_title":"Pol\u00edtica de Drogas nas Favelas e no Asfalto: Uma Guerra Sem Vencedores - RioOnWatch","og_description":"Click Here for English Na \u00faltima quarta-feira, na Biblioteca Parque Nacional, o ativista de direitos humanos e das redes sociais Raull Santiago, do Coletivo Papo Reto, juntou-se \u00e0 pesquisadora Ana Paula Pellegrino, do Instituto Igarap\u00e9, [...]","og_url":"https:\/\/rioonwatch.org.br\/?p=18512","og_site_name":"RioOnWatch","article_published_time":"2016-03-01T14:21:41+00:00","article_modified_time":"2017-05-21T20:38:40+00:00","og_image":[{"width":1024,"height":468,"url":"https:\/\/rioonwatch.org.br\/wp-content\/uploads\/2016\/03\/Foto-por-Erik-Dau.jpg","type":"image\/jpeg"}],"author":"Admin","twitter_card":"summary_large_image","twitter_misc":{"Escrito por":"Admin","Est. tempo de leitura":"5 minutos"},"schema":{"@context":"https:\/\/schema.org","@graph":[{"@type":"Article","@id":"https:\/\/rioonwatch.org.br\/?p=18512#article","isPartOf":{"@id":"https:\/\/rioonwatch.org.br\/?p=18512"},"author":{"name":"Admin","@id":"https:\/\/rioonwatch.org.br\/#\/schema\/person\/11d64c290506f9df50c71b850c473f68"},"headline":"Pol\u00edtica de Drogas nas Favelas e no Asfalto: Uma Guerra Sem Vencedores","datePublished":"2016-03-01T14:21:41+00:00","dateModified":"2017-05-21T20:38:40+00:00","mainEntityOfPage":{"@id":"https:\/\/rioonwatch.org.br\/?p=18512"},"wordCount":927,"publisher":{"@id":"https:\/\/rioonwatch.org.br\/#organization"},"image":{"@id":"https:\/\/rioonwatch.org.br\/?p=18512#primaryimage"},"thumbnailUrl":"https:\/\/rioonwatch.org.br\/wp-content\/uploads\/2016\/03\/Foto-por-Erik-Dau.jpg","keywords":["asfalto x favela","Complexo do Alem\u00e3o","cr\u00edtica \u00e0 pol\u00edtica","debate","Direitos Humanos","pol\u00edtica p\u00fablica","reforma da pol\u00edcia","tr\u00e1fico de drogas","UPP","viol\u00eancia","viol\u00eancia policial","Vozerio","Zona Norte"],"articleSection":["*Destaque","Cobertura de Eventos","Escrito por Aliados","Pol\u00edticas","Seguran\u00e7a P\u00fablica"],"inLanguage":"pt-BR"},{"@type":"WebPage","@id":"https:\/\/rioonwatch.org.br\/?p=18512","url":"https:\/\/rioonwatch.org.br\/?p=18512","name":"Pol\u00edtica de Drogas nas Favelas e no Asfalto: Uma Guerra Sem Vencedores - RioOnWatch","isPartOf":{"@id":"https:\/\/rioonwatch.org.br\/#website"},"primaryImageOfPage":{"@id":"https:\/\/rioonwatch.org.br\/?p=18512#primaryimage"},"image":{"@id":"https:\/\/rioonwatch.org.br\/?p=18512#primaryimage"},"thumbnailUrl":"https:\/\/rioonwatch.org.br\/wp-content\/uploads\/2016\/03\/Foto-por-Erik-Dau.jpg","datePublished":"2016-03-01T14:21:41+00:00","dateModified":"2017-05-21T20:38:40+00:00","breadcrumb":{"@id":"https:\/\/rioonwatch.org.br\/?p=18512#breadcrumb"},"inLanguage":"pt-BR","potentialAction":[{"@type":"ReadAction","target":["https:\/\/rioonwatch.org.br\/?p=18512"]}]},{"@type":"ImageObject","inLanguage":"pt-BR","@id":"https:\/\/rioonwatch.org.br\/?p=18512#primaryimage","url":"https:\/\/rioonwatch.org.br\/wp-content\/uploads\/2016\/03\/Foto-por-Erik-Dau.jpg","contentUrl":"https:\/\/rioonwatch.org.br\/wp-content\/uploads\/2016\/03\/Foto-por-Erik-Dau.jpg","width":1024,"height":468},{"@type":"BreadcrumbList","@id":"https:\/\/rioonwatch.org.br\/?p=18512#breadcrumb","itemListElement":[{"@type":"ListItem","position":1,"name":"In\u00edcio","item":"https:\/\/rioonwatch.org.br\/"},{"@type":"ListItem","position":2,"name":"Pol\u00edtica de Drogas nas Favelas e no Asfalto: Uma Guerra Sem Vencedores"}]},{"@type":"WebSite","@id":"https:\/\/rioonwatch.org.br\/#website","url":"https:\/\/rioonwatch.org.br\/","name":"RioOnWatch","description":"relatos das favelas cariocas","publisher":{"@id":"https:\/\/rioonwatch.org.br\/#organization"},"potentialAction":[{"@type":"SearchAction","target":{"@type":"EntryPoint","urlTemplate":"https:\/\/rioonwatch.org.br\/?s={search_term_string}"},"query-input":{"@type":"PropertyValueSpecification","valueRequired":true,"valueName":"search_term_string"}}],"inLanguage":"pt-BR"},{"@type":"Organization","@id":"https:\/\/rioonwatch.org.br\/#organization","name":"RioOnWatch","url":"https:\/\/rioonwatch.org.br\/","logo":{"@type":"ImageObject","inLanguage":"pt-BR","@id":"https:\/\/rioonwatch.org.br\/#\/schema\/logo\/image\/","url":"https:\/\/rioonwatch.org.br\/wp-content\/uploads\/2021\/06\/RioOnWatchcabecalhoPT11anos-2.png","contentUrl":"https:\/\/rioonwatch.org.br\/wp-content\/uploads\/2021\/06\/RioOnWatchcabecalhoPT11anos-2.png","width":779,"height":277,"caption":"RioOnWatch"},"image":{"@id":"https:\/\/rioonwatch.org.br\/#\/schema\/logo\/image\/"}},{"@type":"Person","@id":"https:\/\/rioonwatch.org.br\/#\/schema\/person\/11d64c290506f9df50c71b850c473f68","name":"Admin","image":{"@type":"ImageObject","inLanguage":"pt-BR","@id":"https:\/\/rioonwatch.org.br\/#\/schema\/person\/image\/","url":"https:\/\/secure.gravatar.com\/avatar\/56211ac74568383903349a1485e3c325?s=96&d=blank&r=g","contentUrl":"https:\/\/secure.gravatar.com\/avatar\/56211ac74568383903349a1485e3c325?s=96&d=blank&r=g","caption":"Admin"},"url":"https:\/\/rioonwatch.org.br\/?author=129"}]}},"_links":{"self":[{"href":"https:\/\/rioonwatch.org.br\/index.php?rest_route=\/wp\/v2\/posts\/18512"}],"collection":[{"href":"https:\/\/rioonwatch.org.br\/index.php?rest_route=\/wp\/v2\/posts"}],"about":[{"href":"https:\/\/rioonwatch.org.br\/index.php?rest_route=\/wp\/v2\/types\/post"}],"author":[{"embeddable":true,"href":"https:\/\/rioonwatch.org.br\/index.php?rest_route=\/wp\/v2\/users\/129"}],"replies":[{"embeddable":true,"href":"https:\/\/rioonwatch.org.br\/index.php?rest_route=%2Fwp%2Fv2%2Fcomments&post=18512"}],"version-history":[{"count":9,"href":"https:\/\/rioonwatch.org.br\/index.php?rest_route=\/wp\/v2\/posts\/18512\/revisions"}],"predecessor-version":[{"id":25783,"href":"https:\/\/rioonwatch.org.br\/index.php?rest_route=\/wp\/v2\/posts\/18512\/revisions\/25783"}],"wp:featuredmedia":[{"embeddable":true,"href":"https:\/\/rioonwatch.org.br\/index.php?rest_route=\/wp\/v2\/media\/18516"}],"wp:attachment":[{"href":"https:\/\/rioonwatch.org.br\/index.php?rest_route=%2Fwp%2Fv2%2Fmedia&parent=18512"}],"wp:term":[{"taxonomy":"category","embeddable":true,"href":"https:\/\/rioonwatch.org.br\/index.php?rest_route=%2Fwp%2Fv2%2Fcategories&post=18512"},{"taxonomy":"post_tag","embeddable":true,"href":"https:\/\/rioonwatch.org.br\/index.php?rest_route=%2Fwp%2Fv2%2Ftags&post=18512"},{"taxonomy":"writer","embeddable":true,"href":"https:\/\/rioonwatch.org.br\/index.php?rest_route=%2Fwp%2Fv2%2Fwriter&post=18512"},{"taxonomy":"translator","embeddable":true,"href":"https:\/\/rioonwatch.org.br\/index.php?rest_route=%2Fwp%2Fv2%2Ftranslator&post=18512"},{"taxonomy":"source","embeddable":true,"href":"https:\/\/rioonwatch.org.br\/index.php?rest_route=%2Fwp%2Fv2%2Fsource&post=18512"},{"taxonomy":"ilustrador","embeddable":true,"href":"https:\/\/rioonwatch.org.br\/index.php?rest_route=%2Fwp%2Fv2%2Filustrador&post=18512"},{"taxonomy":"fotografo","embeddable":true,"href":"https:\/\/rioonwatch.org.br\/index.php?rest_route=%2Fwp%2Fv2%2Ffotografo&post=18512"}],"curies":[{"name":"wp","href":"https:\/\/api.w.org\/{rel}","templated":true}]}}