{"id":18527,"date":"2016-03-03T08:44:09","date_gmt":"2016-03-03T11:44:09","guid":{"rendered":"http:\/\/rioonwatch.org.br\/?p=18527"},"modified":"2016-03-03T08:45:52","modified_gmt":"2016-03-03T11:45:52","slug":"comunidades-se-unem-contra-privatizacao-da-agua-nas-favelas-da-zona-sul","status":"publish","type":"post","link":"https:\/\/rioonwatch.org.br\/?p=18527","title":{"rendered":"Favelas da Zona Sul se Unem Contra Privatiza\u00e7\u00e3o da CEDAE"},"content":{"rendered":"<p style=\"text-align: right;\"><em><strong><a href=\"http:\/\/bit.ly\/1SUtwV2\" target=\"_blank\">Click Here for English<img decoding=\"async\" width=\"20\" height=\"20\" class=\"alignright wp-image-15790\" src=\"http:\/\/rioonwatch.org.br\/wp-content\/uploads\/2012\/08\/EN-standard-e1439583104716.jpg\" alt=\"\" \/><\/a><\/strong><\/em><\/p>\n<p>Cerca de 100 pessoas se reuniram na base do <a href=\"http:\/\/bit.ly\/XuDNKV\" target=\"_blank\">Vidigal<\/a> na quarta-feira, 17 de fevereiro, para expressar o seu descontentamento com a decis\u00e3o iminente do estado de privatizar o gerenciamento da\u00a0<a href=\"http:\/\/bit.ly\/14mlkmP\" target=\"_blank\">CEDAE<\/a>\u00a0na favela. Convocada pela Associa\u00e7\u00e3o de Moradores da Vila Vidigal a reuni\u00e3o n\u00e3o s\u00f3 reuniu l\u00edderes do Vidigal, mas tamb\u00e9m l\u00edderes de um n\u00famero de favelas da <a href=\"http:\/\/bit.ly\/1mNsDyk\" target=\"_blank\">Zona Sul<\/a>, como\u00a0<a href=\"http:\/\/bit.ly\/YZD9al\" target=\"_blank\">Santa Marta<\/a>, <a href=\"http:\/\/bit.ly\/16w2zz1\" target=\"_blank\">Rocinha<\/a>, e <a href=\"http:\/\/bit.ly\/18t2kEo\" target=\"_blank\">Tabajaras<\/a>. Estes foram ao Vidigal atrav\u00e9s da <a href=\"http:\/\/bit.ly\/1hLyWtF\" target=\"_blank\">Uni\u00e3o Comunit\u00e1ria<\/a>, uma associa\u00e7\u00e3o intercomunit\u00e1ria de l\u00edderes de mais de trinta favelas, formada em 2014 para defender melhores <a href=\"http:\/\/bit.ly\/1SgXd1Q\" target=\"_blank\">pol\u00edticas p\u00fablicas<\/a> em suas comunidades. A reuni\u00e3o no Vidigal foi parte de uma s\u00e9rie de reuni\u00f5es da Uni\u00e3o Comunit\u00e1ria que est\u00e1 sendo realizada em favelas em toda a Zona Sul sobre a poss\u00edvel privatiza\u00e7\u00e3o da \u00e1gua, que veio na sequ\u00eancia de\u00a0reuni\u00f5es no Santa Marta e no <a href=\"http:\/\/bit.ly\/1eAan7M\" target=\"_blank\">Morro dos Prazeres<\/a>.<\/p>\n<p>As lideran\u00e7as comunit\u00e1rias\u00a0afirmam que a privatiza\u00e7\u00e3o da CEDAE est\u00e1 acontecendo primeiro em favelas onde as <a href=\"http:\/\/bit.ly\/R5ueio\" target=\"_blank\">UPPs<\/a> foram instaladas, e que atua como uma forma de facilitador da gentrifica\u00e7\u00e3o, aumentando os gastos e assim empurrando os moradores para fora de suas propriedades\u00a0sem <a href=\"http:\/\/bit.ly\/X51Qvb\" target=\"_blank\">remo\u00e7\u00f5es<\/a> oficiais. Isto \u00e9 particularmente preocupante uma vez que a pol\u00edtica de UPP em si j\u00e1 est\u00e1 vinculada a aumentos de pre\u00e7os e a gentrifica\u00e7\u00e3o. Andr\u00e9 Santana do <a href=\"http:\/\/bit.ly\/1OR5oLA\" target=\"_blank\">Morro do Andara\u00ed<\/a> disse que &#8220;a luta do meu pai era contra a remo\u00e7\u00e3o. Eles evitaram que muitos fossem removidos. A luta n\u00e3o foi em v\u00e3o\u201d.<\/p>\n<p>Enquanto a alega\u00e7\u00e3o de que a privatiza\u00e7\u00e3o da CEDAE s\u00f3 est\u00e1 acontecendo nessas favelas da Zona Sul ainda n\u00e3o est\u00e1 confirmada, l\u00edderes comunit\u00e1rios destacaram que o efeito do aumento das contas de servi\u00e7os p\u00fablicos tem o potencial de ter um grande impacto sobre os moradores de baixa renda das favelas. Em particular, eles enfatizaram qu\u00e3o prejudicial a privatiza\u00e7\u00e3o da <a href=\"http:\/\/bit.ly\/1lqbsRD\" target=\"_blank\">Light<\/a> j\u00e1 foi para a comunidade.<\/p>\n<p><a href=\"http:\/\/rioonwatch.org.br\/wp-content\/uploads\/2016\/03\/12645170_1698014607109041_8675806062482194150_n-768x627.jpg\" rel=\"attachment wp-att-18562\"><img fetchpriority=\"high\" decoding=\"async\" class=\"aligncenter wp-image-18562 size-content\" title=\"Moradores do Vidigal discutem a privatiza\u00e7\u00e3o da CEDAE.\" src=\"http:\/\/rioonwatch.org.br\/wp-content\/uploads\/2016\/03\/12645170_1698014607109041_8675806062482194150_n-768x627-620x264.jpg\" alt=\"12645170_1698014607109041_8675806062482194150_n-768x627\" width=\"620\" height=\"264\" srcset=\"https:\/\/rioonwatch.org.br\/wp-content\/uploads\/2016\/03\/12645170_1698014607109041_8675806062482194150_n-768x627-620x264.jpg 620w, https:\/\/rioonwatch.org.br\/wp-content\/uploads\/2016\/03\/12645170_1698014607109041_8675806062482194150_n-768x627-940x400.jpg 940w\" sizes=\"(max-width: 620px) 100vw, 620px\" \/><\/a><\/p>\n<p>L\u00edderes comunit\u00e1rios do Vidigal descreveram casos em que\u00a0moradores recebem <a href=\"http:\/\/bit.ly\/1mZ1CnQ\" target=\"_blank\">mensalmente contas da Light<\/a>\u00a0no valor de R$800, quando muitos recebem esse sal\u00e1rio por m\u00eas. Z\u00e9 Mario, Presidente da Associa\u00e7\u00e3o de Moradores do\u00a0Santa Marta, relatou uma hist\u00f3ria de um homem que tinha uma conta de R$1198 e que chegou \u00e0 Associa\u00e7\u00e3o angustiado, explicando: &#8220;<span style=\"font-weight: 400;\">Vou embora do morro<\/span>&#8220;. Os ativistas locais produziram <a href=\"http:\/\/bit.ly\/1SjbpHw\" target=\"_blank\">um filme sobre o seu caso<\/a>.<\/p>\n<p>Tais hist\u00f3rias de <a href=\"http:\/\/bit.ly\/1mZ1CnQ\" target=\"_blank\">fatura\u00e7\u00e3o abusiva pela Light<\/a> pioraram desde que a Light foi privatizada em 1996. Um estudo de contas de luz no <a href=\"http:\/\/bit.ly\/15YFPnL\" target=\"_blank\">Chap\u00e9u-Mangueira<\/a> realizado por Alexandre Mendes, professor de Direito da PUC-RJ, constatou que a &#8220;Light usou uma estrat\u00e9gia depois da entrada das UPPs para estabelecer limites de consumo e, gradualmente, ir aumentando-os&#8221;, cobrando dos moradores taxas que n\u00e3o correspondem com o consumo realizado.<\/p>\n<p>No caso dos servi\u00e7os de \u00e1gua e de tratamento de esgoto, como no caso de eletricidade, j\u00e1 houveram algumas desconex\u00f5es entre o consumo e o custo. Antes das <a href=\"http:\/\/bit.ly\/R5ueio\" target=\"_blank\">UPPs serem instaladas<\/a>, muitos moradores individualmente buscavam sua fonte de \u00e1gua de maneira informal, artesanalmente. Moradores que consumiam \u00e1gua desta forma estavam acostumados a irregularidades no fornecimento de \u00e1gua, mas agora, em parte devida \u00e0\u00a0<a href=\"http:\/\/bit.ly\/20VNpMK\" target=\"_blank\">crise de \u00e1gua no Rio<\/a>, at\u00e9 os servi\u00e7os formais de \u00e1gua da CEDAE est\u00e3o irregulares e agora amea\u00e7am a aumentar as contas com a privatiza\u00e7\u00e3o.<\/p>\n<p>Servi\u00e7os de tratamento de esgoto tamb\u00e9m sofrem com irregularidades da CEDAE. Andr\u00e9 Santana explicou na reuni\u00e3o do dia 17 de fevereiro que o Morro do Andara\u00ed estava sem tratamento de esgoto por cerca de duas semanas e que o coordenador de esgoto da CEDAE, respons\u00e1vel por essa comunidade, tinha postado um pedido de desculpas pela falta de servi\u00e7os no Facebook.<\/p>\n<p>Houveram algumas not\u00edcias positivas desde a reuni\u00e3o: <a href=\"http:\/\/glo.bo\/1LFaXMV\" target=\"_blank\">foi decidido<\/a> que a CEDAE s\u00f3 poder\u00e1 cobrar a taxa de tratamento de esgoto nos casos em que, de fato se recolhe, trata e envia esgoto para o seu destino designado. Se a decis\u00e3o \u00e9 devidamente aplicada, isso deve ajudar as comunidades a evitar contas de taxa fixa que n\u00e3o est\u00e3o vinculadas aos servi\u00e7os prestados, apesar de n\u00e3o limitar o custo quando os servi\u00e7os s\u00e3o adequadamente providenciados.<\/p>\n<p>Ao protestar as contas excessivamente elevadas de servi\u00e7o p\u00fablico que n\u00e3o correspondem ao uso, os oradores da reuni\u00e3o tamb\u00e9m sublinharam a necessidade de acabar com o <a href=\"http:\/\/bit.ly\/P4itK0\" target=\"_blank\">mito<\/a> de que moradores de favela n\u00e3o querem pagar por \u00e1gua e outros servi\u00e7os, explicando que eles s\u00f3 querem pagar um pre\u00e7o justo.<\/p>\n<p class=\"normal\"><span style=\"color: #333333;\">Andr\u00e9 Santana associou a possibilidade de uma cobran\u00e7a\u00a0subsidiada\u00a0para as favelas com a necessidade de investimento p\u00fablico em favelas: &#8220;Quem necessita de pol\u00edticas p\u00fablicas&#8211;escolas e hospitais&#8211;s\u00e3o as favelas&#8221;.<\/span><\/p>\n<p class=\"normal\"><span style=\"color: #333333;\">Com a pacifica\u00e7\u00e3o, a formaliza\u00e7\u00e3o de servi\u00e7os p\u00fablicos tem sido apontada como uma forma de inclus\u00e3o social pelas autoridades. Por\u00e9m, os servi\u00e7os gerenciados pelo mercado muitas vezes s\u00e3o priorizados ao inv\u00e9s dos investimentos em <a href=\"http:\/\/bit.ly\/1acNApR\" target=\"_blank\">educa\u00e7\u00e3o<\/a> e <a href=\"http:\/\/bit.ly\/1kzUmMv\" target=\"_blank\">sa\u00fade<\/a>. Aludindo \u00e0 proximidade das <a href=\"http:\/\/bit.ly\/PkLXlQ\" target=\"_blank\">Olimp\u00edadas no Rio<\/a>, o vice-presidente da Associa\u00e7\u00e3o de Moradores da Vila Vidigal, Sebasti\u00e3o Aleluia, disse: &#8220;A m<span style=\"font-weight: 400;\">elhor Olimp\u00edada seria dos hospitais, escolas&#8221;.<\/span><\/span><\/p>\n<p><a href=\"http:\/\/rioonwatch.org.br\/wp-content\/uploads\/2016\/03\/community-leaders-vidigal-CEDAE-meeting.jpg\" rel=\"attachment wp-att-18564\"><img decoding=\"async\" class=\"aligncenter wp-image-18564 size-content\" title=\"Lideran\u00e7as comunit\u00e1rias discutem a privatiza\u00e7\u00e3o da CEDAE no Vidigal.\" src=\"http:\/\/rioonwatch.org.br\/wp-content\/uploads\/2016\/03\/community-leaders-vidigal-CEDAE-meeting-620x264.jpg\" alt=\"community-leaders-vidigal-CEDAE-meeting\" width=\"620\" height=\"264\" srcset=\"https:\/\/rioonwatch.org.br\/wp-content\/uploads\/2016\/03\/community-leaders-vidigal-CEDAE-meeting-620x264.jpg 620w, https:\/\/rioonwatch.org.br\/wp-content\/uploads\/2016\/03\/community-leaders-vidigal-CEDAE-meeting-940x400.jpg 940w\" sizes=\"(max-width: 620px) 100vw, 620px\" \/><\/a><\/p>\n<p class=\"normal\"><span style=\"color: #333333;\">Os l\u00edderes da comunidade pediram um engajamento c\u00edvico mais amplo. O presidente da Vila Vidigal, Marcelo da Silva, afirmou \u00e0 multid\u00e3o: &#8220;A conta vai chegar individualmente para cada um de n\u00f3s. N\u00e3o d\u00e1 para ficar reclamando nos botecos da vida, n\u00e3o adianta ficar reclamando, na fila do \u00f4nibus, do moto-t\u00e1xi e no Facebook&#8221;.\u00a0Os l\u00edderes incentivaram os moradores a se unirem perante as autoridades antes delas agirem. Santana disse: &#8220;\u00c9 bom lembrar que tudo \u00e9 pol\u00edtica, desde o pre\u00e7o da sua cerveja at\u00e9 a conta da Light quando voc\u00ea est\u00e1 assistindo a sua novela&#8221;.<\/span><\/p>\n<p>Os pr\u00f3ximos passos s\u00e3o continuar com as reuni\u00f5es em outras favelas que participam da Uni\u00e3o Comunit\u00e1ria e articular, potencialmente, uma a\u00e7\u00e3o coletiva direta nestas comunidades.<\/p>\n<!-- AddThis Advanced Settings generic via filter on the_content --><!-- AddThis Share Buttons generic via filter on the_content -->","protected":false},"excerpt":{"rendered":"<div class=\"mh-excerpt\"><p>Click Here for English Cerca de 100 pessoas se reuniram na base do Vidigal na quarta-feira, 17 de fevereiro, para expressar o seu descontentamento com a decis\u00e3o iminente do estado de privatizar o gerenciamento da\u00a0CEDAE\u00a0na <a class=\"mh-excerpt-more\" href=\"https:\/\/rioonwatch.org.br\/?p=18527\" title=\"Favelas da Zona Sul se Unem Contra Privatiza\u00e7\u00e3o da CEDAE\">[&#8230;]<\/a><!-- AddThis Advanced Settings generic via filter on get_the_excerpt --><!-- AddThis Share Buttons generic via filter on get_the_excerpt --><\/p>\n<\/div>","protected":false},"author":129,"featured_media":18530,"comment_status":"closed","ping_status":"closed","sticky":false,"template":"","format":"standard","meta":{"_acf_changed":false,"_monsterinsights_skip_tracking":false,"_monsterinsights_sitenote_active":false,"_monsterinsights_sitenote_note":"","_monsterinsights_sitenote_category":0,"footnotes":""},"categories":[1617,1618,1627,1626,344,1612],"tags":[510,655,620,630,709,322,395,1795,635,1524,44,358,304,1164,16,180,1347,476,93,92,354,383],"writer":[1791],"translator":[1561],"source":[],"ilustrador":[],"fotografo":[],"class_list":{"0":"post-18527","1":"post","2":"type-post","3":"status-publish","4":"format-standard","5":"has-post-thumbnail","7":"category-olhonagentrificacao","8":"category-olhonaparticipacao","9":"category-relato-de-evento","10":"category-por-observadores-internacionais","11":"category-politicas","12":"category-sociedade-civil","13":"tag-agua","14":"tag-associacao-de-moradores","15":"tag-cedae","16":"tag-chapeu-mangueira","17":"tag-debate","18":"tag-esgoto","19":"tag-gentrificacao-remocao-branca","20":"tag-lideranca-comunitaria","21":"tag-light","22":"tag-morro-do-andarai","23":"tag-prazeres","24":"tag-organizacao-comunitaria","25":"tag-participacao","26":"tag-privatizacao","27":"tag-rocinha","28":"tag-santa-marta","29":"tag-solucao","30":"tag-solucao-comunitaria","31":"tag-tabajaras","32":"tag-upp","33":"tag-vidigal","34":"tag-zona-sul","35":"writer-anna-cash","36":"translator-isabela-lyrio"},"acf":[],"yoast_head":"<!-- This site is optimized with the Yoast SEO plugin v25.6 - https:\/\/yoast.com\/wordpress\/plugins\/seo\/ -->\n<title>Favelas da Zona Sul se Unem Contra Privatiza\u00e7\u00e3o da CEDAE - RioOnWatch<\/title>\n<meta name=\"robots\" content=\"index, follow, max-snippet:-1, max-image-preview:large, max-video-preview:-1\" \/>\n<link rel=\"canonical\" href=\"https:\/\/rioonwatch.org.br\/?p=18527\" \/>\n<meta property=\"og:locale\" content=\"pt_BR\" \/>\n<meta property=\"og:type\" content=\"article\" \/>\n<meta property=\"og:title\" content=\"Favelas da Zona Sul se Unem Contra Privatiza\u00e7\u00e3o da CEDAE - RioOnWatch\" \/>\n<meta property=\"og:description\" content=\"Click Here for English Cerca de 100 pessoas se reuniram na base do Vidigal na quarta-feira, 17 de fevereiro, para expressar o seu descontentamento com a decis\u00e3o iminente do estado de privatizar o gerenciamento da\u00a0CEDAE\u00a0na [...]\" \/>\n<meta property=\"og:url\" content=\"https:\/\/rioonwatch.org.br\/?p=18527\" \/>\n<meta property=\"og:site_name\" content=\"RioOnWatch\" \/>\n<meta property=\"article:published_time\" content=\"2016-03-03T11:44:09+00:00\" \/>\n<meta property=\"article:modified_time\" content=\"2016-03-03T11:45:52+00:00\" \/>\n<meta property=\"og:image\" content=\"https:\/\/rioonwatch.org.br\/wp-content\/uploads\/2016\/03\/12687869_626564074148313_1798963935384400748_n.jpg\" \/>\n\t<meta property=\"og:image:width\" content=\"960\" \/>\n\t<meta property=\"og:image:height\" content=\"540\" \/>\n\t<meta property=\"og:image:type\" content=\"image\/jpeg\" \/>\n<meta name=\"author\" content=\"Admin\" \/>\n<meta name=\"twitter:card\" content=\"summary_large_image\" \/>\n<meta name=\"twitter:label1\" content=\"Escrito por\" \/>\n\t<meta name=\"twitter:data1\" content=\"Admin\" \/>\n\t<meta name=\"twitter:label2\" content=\"Est. tempo de leitura\" \/>\n\t<meta name=\"twitter:data2\" content=\"5 minutos\" \/>\n<script type=\"application\/ld+json\" class=\"yoast-schema-graph\">{\"@context\":\"https:\/\/schema.org\",\"@graph\":[{\"@type\":\"Article\",\"@id\":\"https:\/\/rioonwatch.org.br\/?p=18527#article\",\"isPartOf\":{\"@id\":\"https:\/\/rioonwatch.org.br\/?p=18527\"},\"author\":{\"name\":\"Admin\",\"@id\":\"https:\/\/rioonwatch.org.br\/#\/schema\/person\/11d64c290506f9df50c71b850c473f68\"},\"headline\":\"Favelas da Zona Sul se Unem Contra Privatiza\u00e7\u00e3o da CEDAE\",\"datePublished\":\"2016-03-03T11:44:09+00:00\",\"dateModified\":\"2016-03-03T11:45:52+00:00\",\"mainEntityOfPage\":{\"@id\":\"https:\/\/rioonwatch.org.br\/?p=18527\"},\"wordCount\":1041,\"publisher\":{\"@id\":\"https:\/\/rioonwatch.org.br\/#organization\"},\"image\":{\"@id\":\"https:\/\/rioonwatch.org.br\/?p=18527#primaryimage\"},\"thumbnailUrl\":\"https:\/\/rioonwatch.org.br\/wp-content\/uploads\/2016\/03\/12687869_626564074148313_1798963935384400748_n.jpg\",\"keywords\":[\"\u00e1gua\",\"Associa\u00e7\u00e3o de Moradores\",\"CEDAE\",\"Chap\u00e9u Mangueira\",\"debate\",\"esgoto\",\"gentrifica\u00e7\u00e3o\",\"lideran\u00e7a comunit\u00e1ria\",\"Light\",\"Morro do Andara\u00ed\",\"Morro dos Prazeres\",\"organiza\u00e7\u00e3o comunit\u00e1ria\",\"participa\u00e7\u00e3o\",\"privatiza\u00e7\u00e3o\",\"Rocinha\",\"Santa Marta\",\"solu\u00e7\u00e3o\",\"solu\u00e7\u00e3o comunit\u00e1ria\",\"Tabajaras\",\"UPP\",\"Vidigal\",\"Zona Sul\"],\"articleSection\":[\"#OlhoNaGentrifica\u00e7\u00e3o\",\"#OlhoNaParticipa\u00e7\u00e3o\",\"Cobertura de Eventos\",\"Escrito por Aliados\",\"Pol\u00edticas\",\"Sociedade Civil\"],\"inLanguage\":\"pt-BR\"},{\"@type\":\"WebPage\",\"@id\":\"https:\/\/rioonwatch.org.br\/?p=18527\",\"url\":\"https:\/\/rioonwatch.org.br\/?p=18527\",\"name\":\"Favelas da Zona Sul se Unem Contra Privatiza\u00e7\u00e3o da CEDAE - RioOnWatch\",\"isPartOf\":{\"@id\":\"https:\/\/rioonwatch.org.br\/#website\"},\"primaryImageOfPage\":{\"@id\":\"https:\/\/rioonwatch.org.br\/?p=18527#primaryimage\"},\"image\":{\"@id\":\"https:\/\/rioonwatch.org.br\/?p=18527#primaryimage\"},\"thumbnailUrl\":\"https:\/\/rioonwatch.org.br\/wp-content\/uploads\/2016\/03\/12687869_626564074148313_1798963935384400748_n.jpg\",\"datePublished\":\"2016-03-03T11:44:09+00:00\",\"dateModified\":\"2016-03-03T11:45:52+00:00\",\"breadcrumb\":{\"@id\":\"https:\/\/rioonwatch.org.br\/?p=18527#breadcrumb\"},\"inLanguage\":\"pt-BR\",\"potentialAction\":[{\"@type\":\"ReadAction\",\"target\":[\"https:\/\/rioonwatch.org.br\/?p=18527\"]}]},{\"@type\":\"ImageObject\",\"inLanguage\":\"pt-BR\",\"@id\":\"https:\/\/rioonwatch.org.br\/?p=18527#primaryimage\",\"url\":\"https:\/\/rioonwatch.org.br\/wp-content\/uploads\/2016\/03\/12687869_626564074148313_1798963935384400748_n.jpg\",\"contentUrl\":\"https:\/\/rioonwatch.org.br\/wp-content\/uploads\/2016\/03\/12687869_626564074148313_1798963935384400748_n.jpg\",\"width\":960,\"height\":540},{\"@type\":\"BreadcrumbList\",\"@id\":\"https:\/\/rioonwatch.org.br\/?p=18527#breadcrumb\",\"itemListElement\":[{\"@type\":\"ListItem\",\"position\":1,\"name\":\"In\u00edcio\",\"item\":\"https:\/\/rioonwatch.org.br\/\"},{\"@type\":\"ListItem\",\"position\":2,\"name\":\"Favelas da Zona Sul se Unem Contra Privatiza\u00e7\u00e3o da CEDAE\"}]},{\"@type\":\"WebSite\",\"@id\":\"https:\/\/rioonwatch.org.br\/#website\",\"url\":\"https:\/\/rioonwatch.org.br\/\",\"name\":\"RioOnWatch\",\"description\":\"relatos das favelas cariocas\",\"publisher\":{\"@id\":\"https:\/\/rioonwatch.org.br\/#organization\"},\"potentialAction\":[{\"@type\":\"SearchAction\",\"target\":{\"@type\":\"EntryPoint\",\"urlTemplate\":\"https:\/\/rioonwatch.org.br\/?s={search_term_string}\"},\"query-input\":{\"@type\":\"PropertyValueSpecification\",\"valueRequired\":true,\"valueName\":\"search_term_string\"}}],\"inLanguage\":\"pt-BR\"},{\"@type\":\"Organization\",\"@id\":\"https:\/\/rioonwatch.org.br\/#organization\",\"name\":\"RioOnWatch\",\"url\":\"https:\/\/rioonwatch.org.br\/\",\"logo\":{\"@type\":\"ImageObject\",\"inLanguage\":\"pt-BR\",\"@id\":\"https:\/\/rioonwatch.org.br\/#\/schema\/logo\/image\/\",\"url\":\"https:\/\/rioonwatch.org.br\/wp-content\/uploads\/2021\/06\/RioOnWatchcabecalhoPT11anos-2.png\",\"contentUrl\":\"https:\/\/rioonwatch.org.br\/wp-content\/uploads\/2021\/06\/RioOnWatchcabecalhoPT11anos-2.png\",\"width\":779,\"height\":277,\"caption\":\"RioOnWatch\"},\"image\":{\"@id\":\"https:\/\/rioonwatch.org.br\/#\/schema\/logo\/image\/\"}},{\"@type\":\"Person\",\"@id\":\"https:\/\/rioonwatch.org.br\/#\/schema\/person\/11d64c290506f9df50c71b850c473f68\",\"name\":\"Admin\",\"image\":{\"@type\":\"ImageObject\",\"inLanguage\":\"pt-BR\",\"@id\":\"https:\/\/rioonwatch.org.br\/#\/schema\/person\/image\/\",\"url\":\"https:\/\/secure.gravatar.com\/avatar\/56211ac74568383903349a1485e3c325?s=96&d=blank&r=g\",\"contentUrl\":\"https:\/\/secure.gravatar.com\/avatar\/56211ac74568383903349a1485e3c325?s=96&d=blank&r=g\",\"caption\":\"Admin\"},\"url\":\"https:\/\/rioonwatch.org.br\/?author=129\"}]}<\/script>\n<!-- \/ Yoast SEO plugin. -->","yoast_head_json":{"title":"Favelas da Zona Sul se Unem Contra Privatiza\u00e7\u00e3o da CEDAE - RioOnWatch","robots":{"index":"index","follow":"follow","max-snippet":"max-snippet:-1","max-image-preview":"max-image-preview:large","max-video-preview":"max-video-preview:-1"},"canonical":"https:\/\/rioonwatch.org.br\/?p=18527","og_locale":"pt_BR","og_type":"article","og_title":"Favelas da Zona Sul se Unem Contra Privatiza\u00e7\u00e3o da CEDAE - RioOnWatch","og_description":"Click Here for English Cerca de 100 pessoas se reuniram na base do Vidigal na quarta-feira, 17 de fevereiro, para expressar o seu descontentamento com a decis\u00e3o iminente do estado de privatizar o gerenciamento da\u00a0CEDAE\u00a0na [...]","og_url":"https:\/\/rioonwatch.org.br\/?p=18527","og_site_name":"RioOnWatch","article_published_time":"2016-03-03T11:44:09+00:00","article_modified_time":"2016-03-03T11:45:52+00:00","og_image":[{"width":960,"height":540,"url":"https:\/\/rioonwatch.org.br\/wp-content\/uploads\/2016\/03\/12687869_626564074148313_1798963935384400748_n.jpg","type":"image\/jpeg"}],"author":"Admin","twitter_card":"summary_large_image","twitter_misc":{"Escrito por":"Admin","Est. tempo de leitura":"5 minutos"},"schema":{"@context":"https:\/\/schema.org","@graph":[{"@type":"Article","@id":"https:\/\/rioonwatch.org.br\/?p=18527#article","isPartOf":{"@id":"https:\/\/rioonwatch.org.br\/?p=18527"},"author":{"name":"Admin","@id":"https:\/\/rioonwatch.org.br\/#\/schema\/person\/11d64c290506f9df50c71b850c473f68"},"headline":"Favelas da Zona Sul se Unem Contra Privatiza\u00e7\u00e3o da CEDAE","datePublished":"2016-03-03T11:44:09+00:00","dateModified":"2016-03-03T11:45:52+00:00","mainEntityOfPage":{"@id":"https:\/\/rioonwatch.org.br\/?p=18527"},"wordCount":1041,"publisher":{"@id":"https:\/\/rioonwatch.org.br\/#organization"},"image":{"@id":"https:\/\/rioonwatch.org.br\/?p=18527#primaryimage"},"thumbnailUrl":"https:\/\/rioonwatch.org.br\/wp-content\/uploads\/2016\/03\/12687869_626564074148313_1798963935384400748_n.jpg","keywords":["\u00e1gua","Associa\u00e7\u00e3o de Moradores","CEDAE","Chap\u00e9u Mangueira","debate","esgoto","gentrifica\u00e7\u00e3o","lideran\u00e7a comunit\u00e1ria","Light","Morro do Andara\u00ed","Morro dos Prazeres","organiza\u00e7\u00e3o comunit\u00e1ria","participa\u00e7\u00e3o","privatiza\u00e7\u00e3o","Rocinha","Santa Marta","solu\u00e7\u00e3o","solu\u00e7\u00e3o comunit\u00e1ria","Tabajaras","UPP","Vidigal","Zona Sul"],"articleSection":["#OlhoNaGentrifica\u00e7\u00e3o","#OlhoNaParticipa\u00e7\u00e3o","Cobertura de Eventos","Escrito por Aliados","Pol\u00edticas","Sociedade Civil"],"inLanguage":"pt-BR"},{"@type":"WebPage","@id":"https:\/\/rioonwatch.org.br\/?p=18527","url":"https:\/\/rioonwatch.org.br\/?p=18527","name":"Favelas da Zona Sul se Unem Contra Privatiza\u00e7\u00e3o da CEDAE - RioOnWatch","isPartOf":{"@id":"https:\/\/rioonwatch.org.br\/#website"},"primaryImageOfPage":{"@id":"https:\/\/rioonwatch.org.br\/?p=18527#primaryimage"},"image":{"@id":"https:\/\/rioonwatch.org.br\/?p=18527#primaryimage"},"thumbnailUrl":"https:\/\/rioonwatch.org.br\/wp-content\/uploads\/2016\/03\/12687869_626564074148313_1798963935384400748_n.jpg","datePublished":"2016-03-03T11:44:09+00:00","dateModified":"2016-03-03T11:45:52+00:00","breadcrumb":{"@id":"https:\/\/rioonwatch.org.br\/?p=18527#breadcrumb"},"inLanguage":"pt-BR","potentialAction":[{"@type":"ReadAction","target":["https:\/\/rioonwatch.org.br\/?p=18527"]}]},{"@type":"ImageObject","inLanguage":"pt-BR","@id":"https:\/\/rioonwatch.org.br\/?p=18527#primaryimage","url":"https:\/\/rioonwatch.org.br\/wp-content\/uploads\/2016\/03\/12687869_626564074148313_1798963935384400748_n.jpg","contentUrl":"https:\/\/rioonwatch.org.br\/wp-content\/uploads\/2016\/03\/12687869_626564074148313_1798963935384400748_n.jpg","width":960,"height":540},{"@type":"BreadcrumbList","@id":"https:\/\/rioonwatch.org.br\/?p=18527#breadcrumb","itemListElement":[{"@type":"ListItem","position":1,"name":"In\u00edcio","item":"https:\/\/rioonwatch.org.br\/"},{"@type":"ListItem","position":2,"name":"Favelas da Zona Sul se Unem Contra Privatiza\u00e7\u00e3o da CEDAE"}]},{"@type":"WebSite","@id":"https:\/\/rioonwatch.org.br\/#website","url":"https:\/\/rioonwatch.org.br\/","name":"RioOnWatch","description":"relatos das favelas cariocas","publisher":{"@id":"https:\/\/rioonwatch.org.br\/#organization"},"potentialAction":[{"@type":"SearchAction","target":{"@type":"EntryPoint","urlTemplate":"https:\/\/rioonwatch.org.br\/?s={search_term_string}"},"query-input":{"@type":"PropertyValueSpecification","valueRequired":true,"valueName":"search_term_string"}}],"inLanguage":"pt-BR"},{"@type":"Organization","@id":"https:\/\/rioonwatch.org.br\/#organization","name":"RioOnWatch","url":"https:\/\/rioonwatch.org.br\/","logo":{"@type":"ImageObject","inLanguage":"pt-BR","@id":"https:\/\/rioonwatch.org.br\/#\/schema\/logo\/image\/","url":"https:\/\/rioonwatch.org.br\/wp-content\/uploads\/2021\/06\/RioOnWatchcabecalhoPT11anos-2.png","contentUrl":"https:\/\/rioonwatch.org.br\/wp-content\/uploads\/2021\/06\/RioOnWatchcabecalhoPT11anos-2.png","width":779,"height":277,"caption":"RioOnWatch"},"image":{"@id":"https:\/\/rioonwatch.org.br\/#\/schema\/logo\/image\/"}},{"@type":"Person","@id":"https:\/\/rioonwatch.org.br\/#\/schema\/person\/11d64c290506f9df50c71b850c473f68","name":"Admin","image":{"@type":"ImageObject","inLanguage":"pt-BR","@id":"https:\/\/rioonwatch.org.br\/#\/schema\/person\/image\/","url":"https:\/\/secure.gravatar.com\/avatar\/56211ac74568383903349a1485e3c325?s=96&d=blank&r=g","contentUrl":"https:\/\/secure.gravatar.com\/avatar\/56211ac74568383903349a1485e3c325?s=96&d=blank&r=g","caption":"Admin"},"url":"https:\/\/rioonwatch.org.br\/?author=129"}]}},"_links":{"self":[{"href":"https:\/\/rioonwatch.org.br\/index.php?rest_route=\/wp\/v2\/posts\/18527"}],"collection":[{"href":"https:\/\/rioonwatch.org.br\/index.php?rest_route=\/wp\/v2\/posts"}],"about":[{"href":"https:\/\/rioonwatch.org.br\/index.php?rest_route=\/wp\/v2\/types\/post"}],"author":[{"embeddable":true,"href":"https:\/\/rioonwatch.org.br\/index.php?rest_route=\/wp\/v2\/users\/129"}],"replies":[{"embeddable":true,"href":"https:\/\/rioonwatch.org.br\/index.php?rest_route=%2Fwp%2Fv2%2Fcomments&post=18527"}],"version-history":[{"count":16,"href":"https:\/\/rioonwatch.org.br\/index.php?rest_route=\/wp\/v2\/posts\/18527\/revisions"}],"predecessor-version":[{"id":18577,"href":"https:\/\/rioonwatch.org.br\/index.php?rest_route=\/wp\/v2\/posts\/18527\/revisions\/18577"}],"wp:featuredmedia":[{"embeddable":true,"href":"https:\/\/rioonwatch.org.br\/index.php?rest_route=\/wp\/v2\/media\/18530"}],"wp:attachment":[{"href":"https:\/\/rioonwatch.org.br\/index.php?rest_route=%2Fwp%2Fv2%2Fmedia&parent=18527"}],"wp:term":[{"taxonomy":"category","embeddable":true,"href":"https:\/\/rioonwatch.org.br\/index.php?rest_route=%2Fwp%2Fv2%2Fcategories&post=18527"},{"taxonomy":"post_tag","embeddable":true,"href":"https:\/\/rioonwatch.org.br\/index.php?rest_route=%2Fwp%2Fv2%2Ftags&post=18527"},{"taxonomy":"writer","embeddable":true,"href":"https:\/\/rioonwatch.org.br\/index.php?rest_route=%2Fwp%2Fv2%2Fwriter&post=18527"},{"taxonomy":"translator","embeddable":true,"href":"https:\/\/rioonwatch.org.br\/index.php?rest_route=%2Fwp%2Fv2%2Ftranslator&post=18527"},{"taxonomy":"source","embeddable":true,"href":"https:\/\/rioonwatch.org.br\/index.php?rest_route=%2Fwp%2Fv2%2Fsource&post=18527"},{"taxonomy":"ilustrador","embeddable":true,"href":"https:\/\/rioonwatch.org.br\/index.php?rest_route=%2Fwp%2Fv2%2Filustrador&post=18527"},{"taxonomy":"fotografo","embeddable":true,"href":"https:\/\/rioonwatch.org.br\/index.php?rest_route=%2Fwp%2Fv2%2Ffotografo&post=18527"}],"curies":[{"name":"wp","href":"https:\/\/api.w.org\/{rel}","templated":true}]}}