{"id":18599,"date":"2016-03-08T11:01:51","date_gmt":"2016-03-08T14:01:51","guid":{"rendered":"http:\/\/rioonwatch.org.br\/?p=18599"},"modified":"2024-06-20T16:28:12","modified_gmt":"2024-06-20T19:28:12","slug":"celebrando-as-mulheres-guerreiras-da-vila-autodromo","status":"publish","type":"post","link":"https:\/\/rioonwatch.org.br\/?p=18599","title":{"rendered":"Celebrando as Mulheres Guerreiras da Vila Aut\u00f3dromo"},"content":{"rendered":"<p style=\"text-align: right;\"><em><strong><a href=\"http:\/\/bit.ly\/21iUhCi\" target=\"_blank\" rel=\"noopener\">Click Here for English<img decoding=\"async\" width=\"20\" height=\"20\" class=\"alignright wp-image-15790\" src=\"http:\/\/rioonwatch.org.br\/wp-content\/uploads\/2012\/08\/EN-standard-e1439583104716.jpg\" alt=\"\" \/><\/a><\/strong><\/em><\/p>\n<p><span style=\"font-weight: 400;\">Hoje, dia 8 de mar\u00e7o, em comemora\u00e7\u00e3o ao Dia Internacional da Mulher, celebramos algumas das mulheres guerreiras da <\/span><span style=\"font-weight: 400;\"><a href=\"http:\/\/bit.ly\/Nfddvg\" target=\"_blank\" rel=\"noopener\">Vila Aut\u00f3dromo<\/a><\/span> <span style=\"font-weight: 400;\">que v\u00eam batalhando contra a Prefeitura h\u00e1 mais de cinco anos para salvar suas terras, sua comunidade, suas casas e suas fam\u00edlias da <\/span><span style=\"font-weight: 400;\"><a href=\"http:\/\/bit.ly\/X51Qvb\" target=\"_blank\" rel=\"noopener\">remo\u00e7\u00e3o<\/a>\u00a0vinculada<\/span><span style=\"font-weight: 400;\">\u00a0\u00e0s obras de constru\u00e7\u00e3o para os\u00a0<\/span><a href=\"http:\/\/bit.ly\/PkLXlQ\"><span style=\"font-weight: 400;\">Jogos Ol\u00edmpicos Rio 2016<\/span><\/a><span style=\"font-weight: 400;\">.<\/span><\/p>\n<p>Essas mulheres desprenderam-se do r\u00f3tulo de dona de casa\u00a0e entraram na linha de frente de uma batalha como guerreiras que encaram o que muitas vezes parece ser uma guerra intermin\u00e1vel.<\/p>\n<p><span style=\"font-weight: 400;\">Com a participa\u00e7\u00e3o em atividades comunit\u00e1rias, como a produ\u00e7\u00e3o e atualiza\u00e7\u00e3o do <\/span><span style=\"font-weight: 400;\"><a href=\"http:\/\/bit.ly\/1iuwNKq\" target=\"_blank\" rel=\"noopener\">Plano Popular da Vila Aut\u00f3dromo<\/a><\/span><span style=\"font-weight: 400;\">, o <\/span><span style=\"font-weight: 400;\"><a href=\"http:\/\/bit.ly\/1ccQTyp\" target=\"_blank\" rel=\"noopener\">premiado projeto<\/a><\/span><span style=\"font-weight: 400;\"> de urbaniza\u00e7\u00e3o que demonstra que a comunidade\u00a0pode\u00a0<\/span><span style=\"font-weight: 400;\"><a href=\"http:\/\/bit.ly\/1M39Oi4\" target=\"_blank\" rel=\"noopener\">viver junta dos Jogos Ol\u00edmpicos<\/a><\/span><span style=\"font-weight: 400;\">, um <\/span><span style=\"font-weight: 400;\"><a href=\"http:\/\/bit.ly\/1tF9GSe\" target=\"_blank\" rel=\"noopener\">caf\u00e9 da manh\u00e3 comunit\u00e1rio<\/a><\/span> <span style=\"font-weight: 400;\">realizado para buscar maior reconhecimento da sua luta e <\/span><span style=\"font-weight: 400;\"><a href=\"http:\/\/bit.ly\/1NB3l2b\" target=\"_blank\" rel=\"noopener\">festivais culturais<\/a><\/span> <span style=\"font-weight: 400;\">convidando apoiadores para celebrar sua <\/span><span style=\"font-weight: 400;\"><a href=\"http:\/\/bit.ly\/1piRAgk\" target=\"_blank\" rel=\"noopener\">resist\u00eancia<\/a><\/span><span style=\"font-weight: 400;\">, as mulheres da Vila Aut\u00f3dromo mostram exemplos individuais e \u00fanicos de lideran\u00e7a.<\/span><\/p>\n<h3><strong>Jane Nascimento<\/strong><\/h3>\n<p><a href=\"http:\/\/rioonwatch.org.br\/wp-content\/uploads\/2016\/03\/Jane-Nascimento-Guardian-profile-620x264.jpeg\" rel=\"attachment wp-att-18616\"><img fetchpriority=\"high\" decoding=\"async\" class=\"aligncenter wp-image-18616 size-full\" title=\"Jane Nascimento. Foto por Lianne Milton\/Guardian\" src=\"http:\/\/rioonwatch.org.br\/wp-content\/uploads\/2016\/03\/Jane-Nascimento-Guardian-profile-620x264.jpeg\" alt=\"Jane-Nascimento-Guardian-profile-620x264\" width=\"620\" height=\"264\" \/><\/a><\/p>\n<blockquote><p><span style=\"font-weight: 400;\">\u201c<\/span><span style=\"font-weight: 400;\">Casa n\u00e3o se constr\u00f3i com dinheiro, se constr\u00f3i com amor<\/span><span style=\"font-weight: 400;\">.\u201d<\/span><\/p><\/blockquote>\n<p><span style=\"font-weight: 400;\">Jane Nascimento tem sido <a href=\"http:\/\/bit.ly\/19UK9Xq\" target=\"_blank\" rel=\"noopener\">por anos<\/a> uma importante porta-voz e <\/span><span style=\"font-weight: 400;\">l\u00edder para a\u00a0comunidade, dialogando al\u00e9m de\u00a0eventos comunit\u00e1rios, ao lado de <a href=\"http:\/\/bit.ly\/1XjdXct\" target=\"_blank\" rel=\"noopener\">movimentos sociais<\/a> por toda a cidade. Em maio de 2015 ela deu seu depoimento\u00a0perante a Comiss\u00e3o de Direitos Humanos da ALERJ.<\/span><\/p>\n<p><span style=\"font-weight: 400;\">Em agosto de 2015, ap\u00f3s uma batalha de dez anos com a Prefeitura, Jane, uma m\u00e3e, trabalhadora e l\u00edder comunit\u00e1ria, <a href=\"http:\/\/bit.ly\/1JeDBbH\" target=\"_blank\" rel=\"noopener\">foi <\/a><\/span><a href=\"http:\/\/bit.ly\/1JeDBbH\" target=\"_blank\" rel=\"noopener\"><span style=\"font-weight: 400;\">for\u00e7ada a deixar sua casa<\/span><\/a><span style=\"font-weight: 400;\"> na <\/span><span style=\"font-weight: 400;\">Vila Aut\u00f3dromo declarando: &#8220;<\/span><span style=\"font-weight: 400;\">Sairei da minha casa, mas n\u00e3o da luta&#8221;.<\/span><span style=\"font-weight: 400;\">\u00a0<\/span><\/p>\n<p><span style=\"font-weight: 400;\">A relutante partida de Jane deveu-se \u00e0 uma s\u00e9rie de condi\u00e7\u00f5es dolorosas. Ela sofreu durante o violento processo de remo\u00e7\u00e3o e encarou <\/span><span style=\"font-weight: 400;\"><a href=\"http:\/\/bit.ly\/1brTfez\" target=\"_blank\" rel=\"noopener\">press\u00f5es psicol\u00f3gicas<\/a><\/span><span style=\"font-weight: 400;\">, vivendo em escombros e entre as casas derrubadas de seus vizinhos. Finalmente, sua casa, entre outras, foi o alvo do decreto de desapro<\/span><span style=\"font-weight: 400;\">pria\u00e7\u00e3o da Prefeitura deixando Jane sem op\u00e7\u00e3o.<\/span><\/p>\n<p><span style=\"font-weight: 400;\">Entretanto, sua remo\u00e7\u00e3o f\u00edsica da comunidade n\u00e3o enfraqueceu sua luta. Desde <\/span><span style=\"font-weight: 400;\">seu <\/span><span style=\"font-weight: 400;\">reassentamento<\/span><span style=\"font-weight: 400;\">, Jane continua sendo uma voz ativa da resist\u00eancia da Vila <\/span><span style=\"font-weight: 400;\">Aut\u00f3dromo. Ela participa em r<\/span><span style=\"font-weight: 400;\">euni\u00f5es comunit\u00e1rias, em protestos e tem sido a representante da comunidade em v\u00e1rios pain\u00e9is de discuss\u00e3o sobre o Rio Ol\u00edmpico e sobre o\u00a0<\/span><span style=\"font-weight: 400;\"><a href=\"http:\/\/bit.ly\/1g73xCv\" target=\"_blank\" rel=\"noopener\">direito \u00e0 moradia<\/a><\/span><span style=\"font-weight: 400;\">, inclusive no Museu da Rep\u00fablica em <\/span><span style=\"font-weight: 400;\"><a href=\"http:\/\/on.fb.me\/1oXtkYp\" target=\"_blank\" rel=\"noopener\">outubro de 2015<\/a><\/span> <span style=\"font-weight: 400;\">e na <\/span><span style=\"font-weight: 400;\">Funda\u00e7\u00e3o Get\u00falio Vargas em <\/span><span style=\"font-weight: 400;\"><a href=\"http:\/\/on.fb.me\/1YeinhD\" target=\"_blank\" rel=\"noopener\">novembro de 2015<\/a><\/span><span style=\"font-weight: 400;\">.<\/span><\/p>\n<p><span style=\"font-weight: 400;\">O compromisso inabal\u00e1vel de Jane para com a resist\u00eancia da sua comunidade \u00e9 expressado toda vez que ela assume o microfone. Ela reafirmou esse compromisso mais uma vez no dia 24 de fevereiro quando a <\/span><span style=\"font-weight: 400;\"><a href=\"http:\/\/bit.ly\/1WLtygo\" target=\"_blank\" rel=\"noopener\">Associa\u00e7\u00e3o de Moradores foi demolida<\/a><\/span><span style=\"font-weight: 400;\">: \u201c<\/span><span style=\"font-weight: 400;\">Vou continuar lutando. A minha casa caiu, mas a minha luta n\u00e3o caiu&#8221;.<\/span><\/p>\n<h3><b>Heloisa Helena Costa Berto &#8211; Luizinha de Na\u00f1a<\/b><\/h3>\n<p><a href=\"http:\/\/rioonwatch.org.br\/wp-content\/uploads\/2016\/03\/Heloisa-Helena-4.jpg\" rel=\"attachment wp-att-18617\"><img decoding=\"async\" class=\"aligncenter wp-image-18617 size-content\" title=\"Heloisa Helena Costa Berto, Luizinha de Nan\u00e3\" src=\"http:\/\/rioonwatch.org.br\/wp-content\/uploads\/2016\/03\/Heloisa-Helena-4-620x264.jpg\" alt=\"Heloisa-Helena-4\" width=\"620\" height=\"264\" srcset=\"https:\/\/rioonwatch.org.br\/wp-content\/uploads\/2016\/03\/Heloisa-Helena-4-620x264.jpg 620w, https:\/\/rioonwatch.org.br\/wp-content\/uploads\/2016\/03\/Heloisa-Helena-4-940x400.jpg 940w\" sizes=\"(max-width: 620px) 100vw, 620px\" \/><\/a><\/p>\n<p><span style=\"font-weight: 400;\"><a href=\"http:\/\/bit.ly\/1UOUNIr\" target=\"_blank\" rel=\"noopener\">Heloisa Helena<\/a><\/span><span style=\"font-weight: 400;\">, conhecida tamb\u00e9m pelo seu nome de <a href=\"http:\/\/bit.ly\/1O3659r\" target=\"_blank\" rel=\"noopener\">candombl\u00e9<\/a> Luizinha de Na\u00f1a, morou na Vila Aut\u00f3dromo por 36 anos. Constru\u00edda \u00e0s margens da Lagoa de Jacarepagu\u00e1, sua casa tamb\u00e9m era um centro esp\u00edrita candomblecista. Na sua emocionante <a href=\"http:\/\/bit.ly\/1LiYCRR\" target=\"_blank\" rel=\"noopener\">carta aberta<\/a> publicada pelo<\/span><i><span style=\"font-weight: 400;\"> RioOnWatch<\/span><\/i><span style=\"font-weight: 400;\"> em setembro de 2015 ela conta que \u201ca constru\u00e7\u00e3o f\u00edsica de um candombl\u00e9 \u00e9 dif\u00edcil, principalmente com v\u00e1rias coisas em jogo, como por exemplo, ter que ao mesmo tempo, ajudar \u00e0s pessoas necessitadas de trabalhos espirituais e de bens materiais b\u00e1sicos.\u201d <\/span><\/p>\n<p><span style=\"font-weight: 400;\">Heloisa lutou pela negocia\u00e7\u00e3o e <\/span><span style=\"font-weight: 400;\">reassentamento<\/span><span style=\"font-weight: 400;\"> da sua casa e do centro esp\u00edrita, sofrendo ao mesmo tempo com a intensifica\u00e7\u00e3o de sua condi\u00e7\u00f5es de sa\u00fade: \u201cH\u00e1 dois anos eu n\u00e3o vivo, eu s\u00f3 luto, meu corpo est\u00e1 todo tomado por dores cr\u00f4nicas consequ\u00eancia da cirurgia, dos oito parafusos, das placas, falta de tratamento por falta de tempo e stress emocional&#8221;. Mas ela explicou que essa nem \u00e9 a pior parte. A sua sa\u00edda da comunidade e do local religioso deixaram ela se sentindo \u201cvazia por dentro, roubada, invadida, violentada\u201d.<\/span><\/p>\n<p><span style=\"font-weight: 400;\">Heloisa visitou Bras\u00edlia no ano passado para participar de uma audi\u00eancia p\u00fablica com a <\/span><span style=\"font-weight: 400;\"><a href=\"http:\/\/bit.ly\/1T2Gy3s\" target=\"_blank\" rel=\"noopener\">Comiss\u00e3o de Direitos Humanos do Senado<\/a><\/span><span style=\"font-weight: 400;\">. <\/span><span style=\"font-weight: 400;\">Em reconhecimento \u00e0 sua luta, ela recebeu a <\/span><span style=\"font-weight: 400;\"><a href=\"http:\/\/bit.ly\/1Lxzvrb\" target=\"_blank\" rel=\"noopener\">medalha Pedro Ernesto<\/a><\/span><span style=\"font-weight: 400;\">,<\/span><span style=\"font-weight: 400;\"> a honra mais importante concedida pela C\u00e2mara dos Vereadores do Rio de Janeiro, assim como o<\/span> <span style=\"font-weight: 400;\"><a href=\"http:\/\/on.fb.me\/21euHA8\" target=\"_blank\" rel=\"noopener\">pr\u00eamio Dandara<\/a><\/span> <span style=\"font-weight: 400;\">entregue pela Assembleia Legislativa do Estado do Rio de Janeiro.<\/span><\/p>\n<p><span style=\"font-weight: 400;\">Apesar de seus problemas de sa\u00fade e das crescentes press\u00f5es, Heloisa ainda luta e busca por justi\u00e7a. Em sua <a href=\"http:\/\/bit.ly\/1RkJ1SZ\" target=\"_blank\" rel=\"noopener\">segunda carta<\/a> publicada pelo <\/span><i><span style=\"font-weight: 400;\">RioOnWatch <\/span><\/i><span style=\"font-weight: 400;\">no m\u00eas passado ela destacou o terror de receber amea\u00e7as de morte. Ela escreveu: \u201cMas como sempre minha comunidade me deu for\u00e7a para falar, ent\u00e3o saio como um grito de liberdade. Falei para a comunidade que estava sendo amea\u00e7ada, eles me deram for\u00e7a, e eu <\/span><span style=\"font-weight: 400;\">voltei a lutar<\/span><span style=\"font-weight: 400;\">\u201d.<\/span><\/p>\n<p><span style=\"font-weight: 400;\">A <a href=\"http:\/\/bit.ly\/1WLtygo\" target=\"_blank\" rel=\"noopener\">casa e o centro esp\u00edrita<\/a><\/span><span style=\"font-weight: 400;\"><a href=\"http:\/\/bit.ly\/1WLtygo\" target=\"_blank\" rel=\"noopener\"> de Heloisa foram demolidos<\/a> pela Prefeitura no dia 24 de fevereiro. No dia 3 de mar\u00e7o, Heloisa compartilhou em <a href=\"http:\/\/on.fb.me\/1LGL84A\" target=\"_blank\" rel=\"noopener\">sua p\u00e1gina do Facebook um <\/a><\/span><a href=\"http:\/\/on.fb.me\/1LGL84A\" target=\"_blank\" rel=\"noopener\"><span style=\"font-weight: 400;\">v\u00eddeo<\/span><\/a> <span style=\"font-weight: 400;\">e um texto que dizia:<\/span><\/p>\n<blockquote><p><span style=\"font-weight: 400;\">\u201cDemoliram a casa de Na<\/span><span style=\"font-weight: 400;\">\u00f1a, mas <\/span><span style=\"font-weight: 400;\">Na\u00f1a n\u00e3o cai. A parte f\u00edsica da casa de Na\u00f1a foi demolida. Estamos todos traumatizados com o momento, com o profundo desrespeito que demostraram pela minha classe social e pela minha religi\u00e3o, ouvi com sofrimento. Que minha casa era um lixo. Que o assentamento de Na\u00f1a iria para o lixo. Mas eu estou aqui e n\u00e3o sairei at\u00e9 ter o peda\u00e7o de terra de Na\u00f1a. Luto por Vila Aut\u00f3dromo, n\u00f3s somos fortes e nossa luta cont\u00ednua. Nossa voz diz\u00a0<a href=\"http:\/\/bit.ly\/1RoFzEA\" target=\"_blank\" rel=\"noopener\">Urbaniza J\u00e1<\/a>!\u201d<\/span><\/p><\/blockquote>\n<h3><b>Sandra Maria<\/b><\/h3>\n<p><a href=\"http:\/\/rioonwatch.org.br\/wp-content\/uploads\/2016\/03\/rsz_1rsz_unnamed.jpg\" rel=\"attachment wp-att-18618\"><img loading=\"lazy\" decoding=\"async\" class=\"aligncenter wp-image-18618 size-content\" title=\"Sandra Maria\" src=\"http:\/\/rioonwatch.org.br\/wp-content\/uploads\/2016\/03\/rsz_1rsz_unnamed-620x264.jpg\" alt=\"rsz_1rsz_unnamed\" width=\"620\" height=\"264\" srcset=\"https:\/\/rioonwatch.org.br\/wp-content\/uploads\/2016\/03\/rsz_1rsz_unnamed-620x264.jpg 620w, https:\/\/rioonwatch.org.br\/wp-content\/uploads\/2016\/03\/rsz_1rsz_unnamed-940x400.jpg 940w\" sizes=\"(max-width: 620px) 100vw, 620px\" \/><\/a><\/p>\n<p><span style=\"font-weight: 400;\">Sandra Maria \u00e9 a m\u00e3e de quatro filhos com idades entre 11 e 20 anos que se tornou uma voz ativa e uma das faces mais vis\u00edveis da resist\u00eancia da Vila Aut\u00f3dromo nos \u00faltimos meses.<\/span><span style=\"font-weight: 400;\"><br \/>\n<\/span><\/p>\n<p><span style=\"font-weight: 400;\">Em novembro passado, Sandra acolheu a Rede Carioca de Agricultura Urbana e os alunos da PUC na Vila Aut\u00f3dromo. Ela passeou com os grupos pela comunidade e explicou a eles sobre a atual batalha que a comunidade enfrenta. Ela refletiu sobre a comunidade onde seus quatro filhos cresceram, onde \u201ctodo mundo conhece todo mundo&#8221;, onde eles eram \u201clivres\u201d e \u201cmuito seguros\u201d, onde eles t\u00eam a sua hist\u00f3ria de vida.<\/span><\/p>\n<p><span style=\"font-weight: 400;\">Sandra destacou: <\/span><span style=\"font-weight: 400;\">\u201cA maior parte da comunidade s\u00e3o as mulheres. As mulheres pensam em tudo e em todos. O que vai acontecer e quais ser\u00e3o as solu\u00e7\u00f5es&#8221;.<\/span><\/p>\n<p><span style=\"font-weight: 400;\">Nos \u00faltimos meses Sandra Maria tem se fortalecido e se tornou mais uma voz para a comunidade, aparecendo em um <\/span><span style=\"font-weight: 400;\">artigo da <a href=\"http:\/\/ti.me\/1U0j2Cz\" target=\"_blank\" rel=\"noopener\">revista\u00a0<\/a><\/span><a href=\"http:\/\/ti.me\/1U0j2Cz\" target=\"_blank\" rel=\"noopener\"><i><span style=\"font-weight: 400;\">TIME<\/span><\/i><\/a> <span style=\"font-weight: 400;\">e no <\/span><span style=\"font-weight: 400;\"><a href=\"http:\/\/bit.ly\/1PZOyLe\" target=\"_blank\" rel=\"noopener\">v\u00eddeo do Comit\u00ea Popular<\/a><\/span><span style=\"font-weight: 400;\"> denunciando o ataque de Eduardo Paes contra seus dossiers.<\/span><\/p>\n<p><span style=\"font-weight: 400;\">Semana passada a Vila Aut\u00f3dromo compartilhou um <a href=\"http:\/\/on.fb.me\/1LDKuEV\" target=\"_blank\" rel=\"noopener\">v\u00eddeo<\/a> em sua p\u00e1gina do Facebook onde Sandra reflete sobre a tens\u00e3o das recentes semanas na Vila Aut\u00f3dromo. Evidentemente cansada do estresse cont\u00ednuo, ela recontou as recentes <a href=\"http:\/\/on.fb.me\/1LDKuEV\" target=\"_blank\" rel=\"noopener\">press\u00f5es psicol\u00f3gicas<\/a> que sofreu por parte do governo e agradeceu a todos que apoiam a Vila Aut\u00f3dromo na sua luta.\u00a0<\/span><\/p>\n<p>Juntamente com os demais moradores e apoiadores, Sandra afirma que a Vila Aut\u00f3dromo continuar\u00e1 resistindo. Durante a recente <a href=\"http:\/\/bit.ly\/1TGtfVS\" target=\"_blank\" rel=\"noopener\">demoli\u00e7\u00e3o da Associa\u00e7\u00e3o de Moradores<\/a> ela disse:<\/p>\n<blockquote><p>\u201cA hist\u00f3ria da Vila Aut\u00f3dromo n\u00e3o ser\u00e1 t\u00e3o facilmente removida&#8230; Quando estes pr\u00e9dios [de luxo] que o senhor Carlos Carvalho diz que vai fazer, come\u00e7arem a ser constru\u00eddos aqui, n\u00f3s estaremos aqui. Essa imagem de hoje, todas essas imagens, que tem sido registradas aqui, espancamento de morador, tudo isso, ainda existir\u00e1&#8221;.<\/p><\/blockquote>\n<h3><b>Maria de Penha<\/b><\/h3>\n<p><a href=\"http:\/\/rioonwatch.org.br\/wp-content\/uploads\/2016\/03\/Maria-da-Penha.jpeg\" rel=\"attachment wp-att-18619\"><img loading=\"lazy\" decoding=\"async\" class=\"aligncenter wp-image-18619 size-content\" title=\"Maria da Penha olha de sua lage.\" src=\"http:\/\/rioonwatch.org.br\/wp-content\/uploads\/2016\/03\/Maria-da-Penha-620x264.jpeg\" alt=\"Maria-da-Penha\" width=\"620\" height=\"264\" srcset=\"https:\/\/rioonwatch.org.br\/wp-content\/uploads\/2016\/03\/Maria-da-Penha-620x264.jpeg 620w, https:\/\/rioonwatch.org.br\/wp-content\/uploads\/2016\/03\/Maria-da-Penha-940x400.jpeg 940w\" sizes=\"(max-width: 620px) 100vw, 620px\" \/><\/a><\/p>\n<blockquote><p><i><span style=\"font-weight: 400;\">\u201cEu n\u00e3o vou abandonar 22 anos de hist\u00f3ria por causa de 15 dias de Jogos Ol\u00edmpicos.\u201d<\/span><\/i><\/p><\/blockquote>\n<p><span style=\"font-weight: 400;\">Embora sua pequena estrutura e a humilde personalidade possam n\u00e3o mostrar, Maria da Penha, mais conhecida como Penha, \u00e9 uma das ativistas mais ousadas e corajosas da Vila Aut\u00f3dromo.<\/span><\/p>\n<p><span style=\"font-weight: 400;\">Em 8 de junho de 2015, a tropa de choque foi enviada \u00e0 Vila Aut\u00f3dromo para <a href=\"http:\/\/bit.ly\/1MjkbPG\" target=\"_blank\" rel=\"noopener\">remover os moradores<\/a> numa chocante <a href=\"http:\/\/bit.ly\/1QF2i43\" target=\"_blank\" rel=\"noopener\">remo\u00e7\u00e3o rel\u00e2mpago<\/a>. A pol\u00edcia usou balas de borracha, spray de pimenta e cassetetes durante um ataque f\u00edsico aos moradores que deixou Penha com o nariz quebrado e seriamente ferida.\u00a0<\/span><\/p>\n<p>Nove meses desde a inj\u00faria, Penha luta mais forte do que nunca. Sua casa \u00e9 uma das poucas casas que ainda permanecem na Vila Aut\u00f3dromo. A\u00a0<a href=\"http:\/\/on.fb.me\/1LDKuEV\" target=\"_blank\" rel=\"noopener\">extrema amea\u00e7a<\/a> das \u00faltimas duas semanas culminou na demoli\u00e7\u00e3o da sua casa, esta manh\u00e3.<\/p>\n<p><span style=\"font-weight: 400;\">No dia 21 de fevereiro ela recebeu em sua casa uns\u00a030 apoiadores que acamparam do lado de fora em prepara\u00e7\u00e3o para uma <\/span><span style=\"font-weight: 400;\"><a href=\"http:\/\/bit.ly\/1Ld38Ds\" target=\"_blank\" rel=\"noopener\">demoli\u00e7\u00e3o de manh\u00e3 cedo<\/a><\/span><span style=\"font-weight: 400;\">. \u201c<\/span><span style=\"font-weight: 400;\">Eu vou ficar em p\u00e9\u201d<\/span><span style=\"font-weight: 400;\">, ela disse, prestando mais aten\u00e7\u00e3o \u00e0s necessidades de seus visitantes do que as suas pr\u00f3prias. <\/span><span style=\"font-weight: 400;\">\u201cMesmo que a casa caia, vou ficar em p\u00e9&#8221;.<\/span><\/p>\n<p><span style=\"font-weight: 400;\">Penha, que viveu na comunidade por 23 anos, e cuja casa \u00e9 extens\u00e3o da igreja cat\u00f3lica na comunidade, insiste que nenhuma quantia de dinheiro pode compensar sua casa, sua comunidade, suas mem\u00f3rias: <\/span><i><span style=\"font-weight: 400;\">\u201c<\/span><\/i><span style=\"font-weight: 400;\">Sua casa n\u00e3o \u00e9 apenas uma casa, \u00e9 a hist\u00f3ria da sua vida&#8221;,<\/span><span style=\"font-weight: 400;\">\u00a0ela afirma.<\/span><\/p>\n<h3><b>Nathalia Silva<\/b><\/h3>\n<p><a href=\"http:\/\/rioonwatch.org.br\/wp-content\/uploads\/2016\/03\/Natalia.jpg\" rel=\"attachment wp-att-18620\"><img loading=\"lazy\" decoding=\"async\" class=\"aligncenter wp-image-18620 size-content\" title=\"Nathalia explica o mapa drone produzido pels UFRJ para outros moradores resistentes.\" src=\"http:\/\/rioonwatch.org.br\/wp-content\/uploads\/2016\/03\/Natalia-620x264.jpg\" alt=\"Natalia\" width=\"620\" height=\"264\" srcset=\"https:\/\/rioonwatch.org.br\/wp-content\/uploads\/2016\/03\/Natalia-620x264.jpg 620w, https:\/\/rioonwatch.org.br\/wp-content\/uploads\/2016\/03\/Natalia-940x400.jpg 940w\" sizes=\"(max-width: 620px) 100vw, 620px\" \/><\/a><\/p>\n<p><span style=\"font-weight: 400;\">Nathalia, a filha de Maria da Penha, juntou-se recentemente a sua m\u00e3e na linha de frente da batalha de resist\u00eancia da Vila Aut\u00f3dromo com <a href=\"http:\/\/bit.ly\/1iKyrJ4\" target=\"_blank\" rel=\"noopener\">sua atitute determinada e forte, seu discurso persuasivo<\/a>, e representando uma nova gera\u00e7\u00e3o de resist\u00eancia dentro da Vila Aut\u00f3dromo e al\u00e9m.<\/span><\/p>\n<p><span style=\"font-weight: 400;\">Nathalia mant\u00e9m uma vis\u00e3o positiva em rela\u00e7\u00e3o \u00e0s mudan\u00e7as e \u00e0 perman\u00eancia na comunidade onde nasceu e cresceu: <\/span><i><span style=\"font-weight: 400;\">\u201c<\/span><\/i><span style=\"font-weight: 400;\">O que a comunidade precisa&#8230; \u00e9 de urbaniza\u00e7\u00e3o\u00a0e infraestrutura b\u00e1sica&#8221;.<\/span><span style=\"font-weight: 400;\">\u00a0Ela e suas companheiras guerreiras acreditam que o prefeito precisa <a href=\"http:\/\/bit.ly\/1VkxAeJ\" target=\"_blank\" rel=\"noopener\">manter sua palavra<\/a> e urbanizar a comunidade com\u00a0as 50 casas restantes. Ela <a href=\"http:\/\/bit.ly\/1RoFzEA\" target=\"_blank\" rel=\"noopener\">imagina<\/a> um centro cultural, uma cl\u00ednica e um ber\u00e7\u00e1rio na futura comunidade. <\/span><span style=\"font-weight: 400;\">\u201c<\/span><span style=\"font-weight: 400;\">Isso ir\u00e1 ajudar n\u00e3o s\u00f3 a nossa comunidade, mas tamb\u00e9m as comunidades vizinhas&#8211;ser\u00e1 para o benef\u00edcio coletivo&#8221;.<\/span><\/p>\n<p>As mulheres da Vila Aut\u00f3dromo n\u00e3o est\u00e3o lutando apenas por elas mesmas, suas fam\u00edlias ou sua comunidade. Elas tamb\u00e9m est\u00e3o lutando por todas as comunidades ao redor do mundo que encaram opress\u00e3o e remo\u00e7\u00e3o. Nathalia afirma:<\/p>\n<blockquote><p><span style=\"font-weight: 400;\">\u00a0<\/span><span style=\"font-weight: 400;\">\u201cEu j\u00e1 vi o qu\u00e3o semelhante \u00e9 a nossa hist\u00f3ria ao que est\u00e1 acontecendo com outras comunidades&#8230; Mesmo em outros estados, em outros pa\u00edses. H\u00e1 muitas hist\u00f3rias de pessoas que atravessam a mesma dor que estamos passando aqui&#8230; Nossa resist\u00eancia leva-os a continuar a sua pr\u00f3pria resist\u00eancia.&#8221;<\/span><\/p><\/blockquote>\n<!-- AddThis Advanced Settings generic via filter on the_content --><!-- AddThis Share Buttons generic via filter on the_content -->","protected":false},"excerpt":{"rendered":"<div class=\"mh-excerpt\"><p>Click Here for English Hoje, dia 8 de mar\u00e7o, em comemora\u00e7\u00e3o ao Dia Internacional da Mulher, celebramos algumas das mulheres guerreiras da Vila Aut\u00f3dromo que v\u00eam batalhando contra a Prefeitura h\u00e1 mais de cinco anos <a class=\"mh-excerpt-more\" href=\"https:\/\/rioonwatch.org.br\/?p=18599\" title=\"Celebrando as Mulheres Guerreiras da Vila Aut\u00f3dromo\">[&#8230;]<\/a><!-- AddThis Advanced Settings generic via filter on get_the_excerpt --><!-- AddThis Share Buttons generic via filter on get_the_excerpt --><\/p>\n<\/div>","protected":false},"author":129,"featured_media":18615,"comment_status":"closed","ping_status":"closed","sticky":false,"template":"","format":"standard","meta":{"_acf_changed":false,"_monsterinsights_skip_tracking":false,"_monsterinsights_sitenote_active":false,"_monsterinsights_sitenote_note":"","_monsterinsights_sitenote_category":0,"footnotes":""},"categories":[1614,1635,1621,1629,1626,1612],"tags":[424,88,42,448,1240,1151,1037,78,358,14,432,476,55,52,184],"writer":[1677],"translator":[1785],"source":[],"ilustrador":[],"fotografo":[],"class_list":{"0":"post-18599","1":"post","2":"type-post","3":"status-publish","4":"format-standard","5":"has-post-thumbnail","7":"category-olhonasremocoes","8":"category-1635","9":"category-destaque","10":"category-entrevistas-e-perfis","11":"category-por-observadores-internacionais","12":"category-sociedade-civil","13":"tag-direito-a-moradia","14":"tag-direitos-humanos","15":"tag-genero","16":"tag-lideranca","17":"tag-megaeventos","18":"tag-organizacao","19":"tag-moradia","20":"tag-olimpiadas","21":"tag-organizacao-comunitaria","22":"tag-remocao","23":"tag-resistencia","24":"tag-solucao-comunitaria","25":"tag-vila-autodromo","26":"tag-violencia-policial","27":"tag-zona-oeste","28":"writer-clare-huggins","29":"translator-maria-fernanda-godinho"},"acf":[],"yoast_head":"<!-- This site is optimized with the Yoast SEO plugin v25.6 - https:\/\/yoast.com\/wordpress\/plugins\/seo\/ -->\n<title>Celebrando as Mulheres Guerreiras da Vila Aut\u00f3dromo - RioOnWatch<\/title>\n<meta name=\"robots\" content=\"index, follow, max-snippet:-1, max-image-preview:large, max-video-preview:-1\" \/>\n<link rel=\"canonical\" href=\"https:\/\/rioonwatch.org.br\/?p=18599\" \/>\n<meta property=\"og:locale\" content=\"pt_BR\" \/>\n<meta property=\"og:type\" content=\"article\" \/>\n<meta property=\"og:title\" content=\"Celebrando as Mulheres Guerreiras da Vila Aut\u00f3dromo - RioOnWatch\" \/>\n<meta property=\"og:description\" content=\"Click Here for English Hoje, dia 8 de mar\u00e7o, em comemora\u00e7\u00e3o ao Dia Internacional da Mulher, celebramos algumas das mulheres guerreiras da Vila Aut\u00f3dromo que v\u00eam batalhando contra a Prefeitura h\u00e1 mais de cinco anos [...]\" \/>\n<meta property=\"og:url\" content=\"https:\/\/rioonwatch.org.br\/?p=18599\" \/>\n<meta property=\"og:site_name\" content=\"RioOnWatch\" \/>\n<meta property=\"article:published_time\" content=\"2016-03-08T14:01:51+00:00\" \/>\n<meta property=\"article:modified_time\" content=\"2024-06-20T19:28:12+00:00\" \/>\n<meta property=\"og:image\" content=\"https:\/\/rioonwatch.org.br\/wp-content\/uploads\/2016\/03\/women-2.png\" \/>\n\t<meta property=\"og:image:width\" content=\"1088\" \/>\n\t<meta property=\"og:image:height\" content=\"500\" \/>\n\t<meta property=\"og:image:type\" content=\"image\/png\" \/>\n<meta name=\"author\" content=\"Admin\" \/>\n<meta name=\"twitter:card\" content=\"summary_large_image\" \/>\n<meta name=\"twitter:label1\" content=\"Escrito por\" \/>\n\t<meta name=\"twitter:data1\" content=\"Admin\" \/>\n\t<meta name=\"twitter:label2\" content=\"Est. tempo de leitura\" \/>\n\t<meta name=\"twitter:data2\" content=\"9 minutos\" \/>\n<script type=\"application\/ld+json\" class=\"yoast-schema-graph\">{\"@context\":\"https:\/\/schema.org\",\"@graph\":[{\"@type\":\"Article\",\"@id\":\"https:\/\/rioonwatch.org.br\/?p=18599#article\",\"isPartOf\":{\"@id\":\"https:\/\/rioonwatch.org.br\/?p=18599\"},\"author\":{\"name\":\"Admin\",\"@id\":\"https:\/\/rioonwatch.org.br\/#\/schema\/person\/11d64c290506f9df50c71b850c473f68\"},\"headline\":\"Celebrando as Mulheres Guerreiras da Vila Aut\u00f3dromo\",\"datePublished\":\"2016-03-08T14:01:51+00:00\",\"dateModified\":\"2024-06-20T19:28:12+00:00\",\"mainEntityOfPage\":{\"@id\":\"https:\/\/rioonwatch.org.br\/?p=18599\"},\"wordCount\":1790,\"publisher\":{\"@id\":\"https:\/\/rioonwatch.org.br\/#organization\"},\"image\":{\"@id\":\"https:\/\/rioonwatch.org.br\/?p=18599#primaryimage\"},\"thumbnailUrl\":\"https:\/\/rioonwatch.org.br\/wp-content\/uploads\/2016\/03\/women-2.png\",\"keywords\":[\"Direito \u00e0 Moradia\",\"Direitos Humanos\",\"g\u00eanero\",\"lideran\u00e7a\",\"Megaeventos\",\"mobiliza\u00e7\u00e3o\",\"moradia\",\"Olimp\u00edadas\",\"organiza\u00e7\u00e3o comunit\u00e1ria\",\"Remo\u00e7\u00e3o\",\"resist\u00eancia\",\"solu\u00e7\u00e3o comunit\u00e1ria\",\"Vila Aut\u00f3dromo\",\"viol\u00eancia policial\",\"Zona Oeste\"],\"articleSection\":[\"#OlhoNasRemo\u00e7\u00f5es\",\"#Rio2016\",\"*Destaque\",\"Entrevistas e Perfis\",\"Escrito por Aliados\",\"Sociedade Civil\"],\"inLanguage\":\"pt-BR\"},{\"@type\":\"WebPage\",\"@id\":\"https:\/\/rioonwatch.org.br\/?p=18599\",\"url\":\"https:\/\/rioonwatch.org.br\/?p=18599\",\"name\":\"Celebrando as Mulheres Guerreiras da Vila Aut\u00f3dromo - RioOnWatch\",\"isPartOf\":{\"@id\":\"https:\/\/rioonwatch.org.br\/#website\"},\"primaryImageOfPage\":{\"@id\":\"https:\/\/rioonwatch.org.br\/?p=18599#primaryimage\"},\"image\":{\"@id\":\"https:\/\/rioonwatch.org.br\/?p=18599#primaryimage\"},\"thumbnailUrl\":\"https:\/\/rioonwatch.org.br\/wp-content\/uploads\/2016\/03\/women-2.png\",\"datePublished\":\"2016-03-08T14:01:51+00:00\",\"dateModified\":\"2024-06-20T19:28:12+00:00\",\"breadcrumb\":{\"@id\":\"https:\/\/rioonwatch.org.br\/?p=18599#breadcrumb\"},\"inLanguage\":\"pt-BR\",\"potentialAction\":[{\"@type\":\"ReadAction\",\"target\":[\"https:\/\/rioonwatch.org.br\/?p=18599\"]}]},{\"@type\":\"ImageObject\",\"inLanguage\":\"pt-BR\",\"@id\":\"https:\/\/rioonwatch.org.br\/?p=18599#primaryimage\",\"url\":\"https:\/\/rioonwatch.org.br\/wp-content\/uploads\/2016\/03\/women-2.png\",\"contentUrl\":\"https:\/\/rioonwatch.org.br\/wp-content\/uploads\/2016\/03\/women-2.png\",\"width\":1088,\"height\":500},{\"@type\":\"BreadcrumbList\",\"@id\":\"https:\/\/rioonwatch.org.br\/?p=18599#breadcrumb\",\"itemListElement\":[{\"@type\":\"ListItem\",\"position\":1,\"name\":\"In\u00edcio\",\"item\":\"https:\/\/rioonwatch.org.br\/\"},{\"@type\":\"ListItem\",\"position\":2,\"name\":\"Celebrando as Mulheres Guerreiras da Vila Aut\u00f3dromo\"}]},{\"@type\":\"WebSite\",\"@id\":\"https:\/\/rioonwatch.org.br\/#website\",\"url\":\"https:\/\/rioonwatch.org.br\/\",\"name\":\"RioOnWatch\",\"description\":\"relatos das favelas cariocas\",\"publisher\":{\"@id\":\"https:\/\/rioonwatch.org.br\/#organization\"},\"potentialAction\":[{\"@type\":\"SearchAction\",\"target\":{\"@type\":\"EntryPoint\",\"urlTemplate\":\"https:\/\/rioonwatch.org.br\/?s={search_term_string}\"},\"query-input\":{\"@type\":\"PropertyValueSpecification\",\"valueRequired\":true,\"valueName\":\"search_term_string\"}}],\"inLanguage\":\"pt-BR\"},{\"@type\":\"Organization\",\"@id\":\"https:\/\/rioonwatch.org.br\/#organization\",\"name\":\"RioOnWatch\",\"url\":\"https:\/\/rioonwatch.org.br\/\",\"logo\":{\"@type\":\"ImageObject\",\"inLanguage\":\"pt-BR\",\"@id\":\"https:\/\/rioonwatch.org.br\/#\/schema\/logo\/image\/\",\"url\":\"https:\/\/rioonwatch.org.br\/wp-content\/uploads\/2021\/06\/RioOnWatchcabecalhoPT11anos-2.png\",\"contentUrl\":\"https:\/\/rioonwatch.org.br\/wp-content\/uploads\/2021\/06\/RioOnWatchcabecalhoPT11anos-2.png\",\"width\":779,\"height\":277,\"caption\":\"RioOnWatch\"},\"image\":{\"@id\":\"https:\/\/rioonwatch.org.br\/#\/schema\/logo\/image\/\"}},{\"@type\":\"Person\",\"@id\":\"https:\/\/rioonwatch.org.br\/#\/schema\/person\/11d64c290506f9df50c71b850c473f68\",\"name\":\"Admin\",\"image\":{\"@type\":\"ImageObject\",\"inLanguage\":\"pt-BR\",\"@id\":\"https:\/\/rioonwatch.org.br\/#\/schema\/person\/image\/\",\"url\":\"https:\/\/secure.gravatar.com\/avatar\/56211ac74568383903349a1485e3c325?s=96&d=blank&r=g\",\"contentUrl\":\"https:\/\/secure.gravatar.com\/avatar\/56211ac74568383903349a1485e3c325?s=96&d=blank&r=g\",\"caption\":\"Admin\"},\"url\":\"https:\/\/rioonwatch.org.br\/?author=129\"}]}<\/script>\n<!-- \/ Yoast SEO plugin. -->","yoast_head_json":{"title":"Celebrando as Mulheres Guerreiras da Vila Aut\u00f3dromo - RioOnWatch","robots":{"index":"index","follow":"follow","max-snippet":"max-snippet:-1","max-image-preview":"max-image-preview:large","max-video-preview":"max-video-preview:-1"},"canonical":"https:\/\/rioonwatch.org.br\/?p=18599","og_locale":"pt_BR","og_type":"article","og_title":"Celebrando as Mulheres Guerreiras da Vila Aut\u00f3dromo - RioOnWatch","og_description":"Click Here for English Hoje, dia 8 de mar\u00e7o, em comemora\u00e7\u00e3o ao Dia Internacional da Mulher, celebramos algumas das mulheres guerreiras da Vila Aut\u00f3dromo que v\u00eam batalhando contra a Prefeitura h\u00e1 mais de cinco anos [...]","og_url":"https:\/\/rioonwatch.org.br\/?p=18599","og_site_name":"RioOnWatch","article_published_time":"2016-03-08T14:01:51+00:00","article_modified_time":"2024-06-20T19:28:12+00:00","og_image":[{"width":1088,"height":500,"url":"https:\/\/rioonwatch.org.br\/wp-content\/uploads\/2016\/03\/women-2.png","type":"image\/png"}],"author":"Admin","twitter_card":"summary_large_image","twitter_misc":{"Escrito por":"Admin","Est. tempo de leitura":"9 minutos"},"schema":{"@context":"https:\/\/schema.org","@graph":[{"@type":"Article","@id":"https:\/\/rioonwatch.org.br\/?p=18599#article","isPartOf":{"@id":"https:\/\/rioonwatch.org.br\/?p=18599"},"author":{"name":"Admin","@id":"https:\/\/rioonwatch.org.br\/#\/schema\/person\/11d64c290506f9df50c71b850c473f68"},"headline":"Celebrando as Mulheres Guerreiras da Vila Aut\u00f3dromo","datePublished":"2016-03-08T14:01:51+00:00","dateModified":"2024-06-20T19:28:12+00:00","mainEntityOfPage":{"@id":"https:\/\/rioonwatch.org.br\/?p=18599"},"wordCount":1790,"publisher":{"@id":"https:\/\/rioonwatch.org.br\/#organization"},"image":{"@id":"https:\/\/rioonwatch.org.br\/?p=18599#primaryimage"},"thumbnailUrl":"https:\/\/rioonwatch.org.br\/wp-content\/uploads\/2016\/03\/women-2.png","keywords":["Direito \u00e0 Moradia","Direitos Humanos","g\u00eanero","lideran\u00e7a","Megaeventos","mobiliza\u00e7\u00e3o","moradia","Olimp\u00edadas","organiza\u00e7\u00e3o comunit\u00e1ria","Remo\u00e7\u00e3o","resist\u00eancia","solu\u00e7\u00e3o comunit\u00e1ria","Vila Aut\u00f3dromo","viol\u00eancia policial","Zona Oeste"],"articleSection":["#OlhoNasRemo\u00e7\u00f5es","#Rio2016","*Destaque","Entrevistas e Perfis","Escrito por Aliados","Sociedade Civil"],"inLanguage":"pt-BR"},{"@type":"WebPage","@id":"https:\/\/rioonwatch.org.br\/?p=18599","url":"https:\/\/rioonwatch.org.br\/?p=18599","name":"Celebrando as Mulheres Guerreiras da Vila Aut\u00f3dromo - RioOnWatch","isPartOf":{"@id":"https:\/\/rioonwatch.org.br\/#website"},"primaryImageOfPage":{"@id":"https:\/\/rioonwatch.org.br\/?p=18599#primaryimage"},"image":{"@id":"https:\/\/rioonwatch.org.br\/?p=18599#primaryimage"},"thumbnailUrl":"https:\/\/rioonwatch.org.br\/wp-content\/uploads\/2016\/03\/women-2.png","datePublished":"2016-03-08T14:01:51+00:00","dateModified":"2024-06-20T19:28:12+00:00","breadcrumb":{"@id":"https:\/\/rioonwatch.org.br\/?p=18599#breadcrumb"},"inLanguage":"pt-BR","potentialAction":[{"@type":"ReadAction","target":["https:\/\/rioonwatch.org.br\/?p=18599"]}]},{"@type":"ImageObject","inLanguage":"pt-BR","@id":"https:\/\/rioonwatch.org.br\/?p=18599#primaryimage","url":"https:\/\/rioonwatch.org.br\/wp-content\/uploads\/2016\/03\/women-2.png","contentUrl":"https:\/\/rioonwatch.org.br\/wp-content\/uploads\/2016\/03\/women-2.png","width":1088,"height":500},{"@type":"BreadcrumbList","@id":"https:\/\/rioonwatch.org.br\/?p=18599#breadcrumb","itemListElement":[{"@type":"ListItem","position":1,"name":"In\u00edcio","item":"https:\/\/rioonwatch.org.br\/"},{"@type":"ListItem","position":2,"name":"Celebrando as Mulheres Guerreiras da Vila Aut\u00f3dromo"}]},{"@type":"WebSite","@id":"https:\/\/rioonwatch.org.br\/#website","url":"https:\/\/rioonwatch.org.br\/","name":"RioOnWatch","description":"relatos das favelas cariocas","publisher":{"@id":"https:\/\/rioonwatch.org.br\/#organization"},"potentialAction":[{"@type":"SearchAction","target":{"@type":"EntryPoint","urlTemplate":"https:\/\/rioonwatch.org.br\/?s={search_term_string}"},"query-input":{"@type":"PropertyValueSpecification","valueRequired":true,"valueName":"search_term_string"}}],"inLanguage":"pt-BR"},{"@type":"Organization","@id":"https:\/\/rioonwatch.org.br\/#organization","name":"RioOnWatch","url":"https:\/\/rioonwatch.org.br\/","logo":{"@type":"ImageObject","inLanguage":"pt-BR","@id":"https:\/\/rioonwatch.org.br\/#\/schema\/logo\/image\/","url":"https:\/\/rioonwatch.org.br\/wp-content\/uploads\/2021\/06\/RioOnWatchcabecalhoPT11anos-2.png","contentUrl":"https:\/\/rioonwatch.org.br\/wp-content\/uploads\/2021\/06\/RioOnWatchcabecalhoPT11anos-2.png","width":779,"height":277,"caption":"RioOnWatch"},"image":{"@id":"https:\/\/rioonwatch.org.br\/#\/schema\/logo\/image\/"}},{"@type":"Person","@id":"https:\/\/rioonwatch.org.br\/#\/schema\/person\/11d64c290506f9df50c71b850c473f68","name":"Admin","image":{"@type":"ImageObject","inLanguage":"pt-BR","@id":"https:\/\/rioonwatch.org.br\/#\/schema\/person\/image\/","url":"https:\/\/secure.gravatar.com\/avatar\/56211ac74568383903349a1485e3c325?s=96&d=blank&r=g","contentUrl":"https:\/\/secure.gravatar.com\/avatar\/56211ac74568383903349a1485e3c325?s=96&d=blank&r=g","caption":"Admin"},"url":"https:\/\/rioonwatch.org.br\/?author=129"}]}},"_links":{"self":[{"href":"https:\/\/rioonwatch.org.br\/index.php?rest_route=\/wp\/v2\/posts\/18599"}],"collection":[{"href":"https:\/\/rioonwatch.org.br\/index.php?rest_route=\/wp\/v2\/posts"}],"about":[{"href":"https:\/\/rioonwatch.org.br\/index.php?rest_route=\/wp\/v2\/types\/post"}],"author":[{"embeddable":true,"href":"https:\/\/rioonwatch.org.br\/index.php?rest_route=\/wp\/v2\/users\/129"}],"replies":[{"embeddable":true,"href":"https:\/\/rioonwatch.org.br\/index.php?rest_route=%2Fwp%2Fv2%2Fcomments&post=18599"}],"version-history":[{"count":15,"href":"https:\/\/rioonwatch.org.br\/index.php?rest_route=\/wp\/v2\/posts\/18599\/revisions"}],"predecessor-version":[{"id":74228,"href":"https:\/\/rioonwatch.org.br\/index.php?rest_route=\/wp\/v2\/posts\/18599\/revisions\/74228"}],"wp:featuredmedia":[{"embeddable":true,"href":"https:\/\/rioonwatch.org.br\/index.php?rest_route=\/wp\/v2\/media\/18615"}],"wp:attachment":[{"href":"https:\/\/rioonwatch.org.br\/index.php?rest_route=%2Fwp%2Fv2%2Fmedia&parent=18599"}],"wp:term":[{"taxonomy":"category","embeddable":true,"href":"https:\/\/rioonwatch.org.br\/index.php?rest_route=%2Fwp%2Fv2%2Fcategories&post=18599"},{"taxonomy":"post_tag","embeddable":true,"href":"https:\/\/rioonwatch.org.br\/index.php?rest_route=%2Fwp%2Fv2%2Ftags&post=18599"},{"taxonomy":"writer","embeddable":true,"href":"https:\/\/rioonwatch.org.br\/index.php?rest_route=%2Fwp%2Fv2%2Fwriter&post=18599"},{"taxonomy":"translator","embeddable":true,"href":"https:\/\/rioonwatch.org.br\/index.php?rest_route=%2Fwp%2Fv2%2Ftranslator&post=18599"},{"taxonomy":"source","embeddable":true,"href":"https:\/\/rioonwatch.org.br\/index.php?rest_route=%2Fwp%2Fv2%2Fsource&post=18599"},{"taxonomy":"ilustrador","embeddable":true,"href":"https:\/\/rioonwatch.org.br\/index.php?rest_route=%2Fwp%2Fv2%2Filustrador&post=18599"},{"taxonomy":"fotografo","embeddable":true,"href":"https:\/\/rioonwatch.org.br\/index.php?rest_route=%2Fwp%2Fv2%2Ffotografo&post=18599"}],"curies":[{"name":"wp","href":"https:\/\/api.w.org\/{rel}","templated":true}]}}