{"id":18671,"date":"2016-03-11T09:01:03","date_gmt":"2016-03-11T12:01:03","guid":{"rendered":"http:\/\/rioonwatch.org.br\/?p=18671"},"modified":"2024-06-20T16:28:12","modified_gmt":"2024-06-20T19:28:12","slug":"prefeitura-demoliu-casa-de-mulher-cidada-no-dia-internacional-da-mulher","status":"publish","type":"post","link":"https:\/\/rioonwatch.org.br\/?p=18671","title":{"rendered":"Prefeitura Demoliu Casa de &#8216;Mulher Cidad\u00e3&#8217; no Dia Internacional da Mulher [V\u00cdDEO]"},"content":{"rendered":"<p style=\"text-align: right;\"><em><strong><a href=\"http:\/\/bit.ly\/1pz3VFe\" target=\"_blank\" rel=\"noopener\">Click Here for English<img decoding=\"async\" width=\"20\" height=\"20\" class=\"alignright wp-image-15790\" src=\"http:\/\/rioonwatch.org.br\/wp-content\/uploads\/2012\/08\/EN-standard-e1439583104716.jpg\" alt=\"\" \/><\/a><\/strong><\/em><\/p>\n<p>Para as mulheres em todo o mundo, o <a href=\"http:\/\/bit.ly\/1TvZZBF\" target=\"_blank\" rel=\"noopener\">Dia Internacional da Mulher<\/a> \u00e9 um dia de celebra\u00e7\u00e3o. Este ano, Maria da Penha da <a href=\"http:\/\/bit.ly\/Nfddvg\" target=\"_blank\" rel=\"noopener\">Vila Aut\u00f3dromo<\/a>, <a href=\"http:\/\/bit.ly\/1THCRjN\" target=\"_blank\" rel=\"noopener\">reconhecida pela manh\u00e3 aqui no <em>RioOnWatch<\/em><\/a>, tinha planejado passar o dia comemorando. Dona Penha estava programada para falar em um painel \u00e0s 14h sobre &#8220;Ser Mulher na Cidade&#8221;, como parte da <a href=\"http:\/\/on.fb.me\/1Tnkws2\" target=\"_blank\" rel=\"noopener\">mais recente<\/a> confer\u00eancia da s\u00e9rie <a href=\"http:\/\/bit.ly\/1RBBa10\" target=\"_blank\" rel=\"noopener\">Se a Cidade Fosse Nossa<\/a>, e em seguida participar de uma cerim\u00f4nia de premia\u00e7\u00e3o \u00e0s 17h na ALERJ, onde ela iria ser premiada com o &#8220;<a href=\"http:\/\/bit.ly\/1R806N9\" target=\"_blank\" rel=\"noopener\">Diploma Mulher Cidad\u00e3 Leolinda de Figueiredo Daltro<\/a>&#8220;,\u00a0por seus corajosos esfor\u00e7os na luta pelo direito \u00e0 moradia na Vila Aut\u00f3dromo e em toda a cidade.<\/p>\n<p>Ao inv\u00e9s disso, \u00e0s 6h Dona Penha acordou com a <a href=\"http:\/\/bit.ly\/1RSGRdy\" target=\"_blank\" rel=\"noopener\">Tropa de Choque<\/a> cercando a sua casa, prestes a demoli-la. Ela passou a manh\u00e3 removendo seus pertences restantes, e foi for\u00e7ada a cancelar a sua fala \u00e0s 14h. Em seguida, logo ap\u00f3s a demoli\u00e7\u00e3o, a comunidade recebeu a not\u00edcia de que o <a href=\"http:\/\/bit.ly\/1k4eA6c\" target=\"_blank\" rel=\"noopener\">Prefeito Eduardo Paes<\/a> agendou um\u00a0coletivo\u00a0de imprensa no Pal\u00e1cio da Cidade \u00e0s 17h, hor\u00e1rio simult\u00e2neo com a premia\u00e7\u00e3o\u00a0na ALERJ, para anunciar seu plano de urbaniza\u00e7\u00e3o da Vila Aut\u00f3dromo. Resultado que deve ter rela\u00e7\u00e3o com a crescente press\u00e3o global da <a href=\"http:\/\/on.fb.me\/1TNt0ck\" target=\"_blank\" rel=\"noopener\">campanha viral<\/a>\u00a0<a href=\"http:\/\/bit.ly\/1UUqyzT\" target=\"_blank\" rel=\"noopener\">#UrbanizaJ\u00e1<\/a>. Por\u00e9m o an\u00fancio de urbaniza\u00e7\u00e3o n\u00e3o tinha sido apresentado \u00e0 pr\u00f3pria comunidade, em nenhum momento.<\/p>\n<p>Os moradores da Vila Aut\u00f3dromo ent\u00e3o planejaram a sua pr\u00f3pria coletiva de imprensa fora dos port\u00f5es do pal\u00e1cio para 16h. Dessa forma, eles poderiam compartilhar suas opini\u00f5es com os jornalistas que chegavam no local, e em seguida\u00a0assistir a coletiva de imprensa do prefeito para saber de seus planos para a comunidade. Mas esta troca democr\u00e1tica n\u00e3o foi uma verdadeira op\u00e7\u00e3o. Ao ouvir sobre a coletiva de imprensa da comunidade, o Prefeito Eduardo Paes mudou a localiza\u00e7\u00e3o do seu coletivo de \u00faltima hora. Com isso, os moradores da Vila Aut\u00f3dromo foram exclu\u00eddos do evento onde os seus destinos seriam revelados. Eles, junto com os apoiadores, realizaram o seu coletivo\u00a0de imprensa, e em seguida, foram para a ALERJ para presenciarem Maria da Penha recebendo o seu pr\u00eamio. O dia terminou com uma celebra\u00e7\u00e3o da for\u00e7a e coragem de Penha, na luta para permanecer na Vila Aut\u00f3dromo.<\/p>\n<p><a href=\"http:\/\/rioonwatch.org.br\/wp-content\/uploads\/2016\/03\/IMG_20160308_084743.jpg\" rel=\"attachment wp-att-18680\"><img fetchpriority=\"high\" decoding=\"async\" class=\"aligncenter size-content wp-image-18680\" src=\"http:\/\/rioonwatch.org.br\/wp-content\/uploads\/2016\/03\/IMG_20160308_084743-620x264.jpg\" alt=\"IMG_20160308_084743\" width=\"620\" height=\"264\" srcset=\"https:\/\/rioonwatch.org.br\/wp-content\/uploads\/2016\/03\/IMG_20160308_084743-620x264.jpg 620w, https:\/\/rioonwatch.org.br\/wp-content\/uploads\/2016\/03\/IMG_20160308_084743-940x400.jpg 940w\" sizes=\"(max-width: 620px) 100vw, 620px\" \/><\/a><\/p>\n<p>Nos \u00faltimos meses, a prefeitura <a href=\"http:\/\/bit.ly\/1QHprD5\" target=\"_blank\" rel=\"noopener\">aumentou a press\u00e3o<\/a> sobre a Vila Aut\u00f3dromo, localizada ao lado do Parque Ol\u00edmpico. Em dezembro, os que se recusaram a sair foram amea\u00e7ados, com o\u00a0<a href=\"http:\/\/bit.ly\/1On7u8Y\" target=\"_blank\" rel=\"noopener\">Sub-Prefeito Alex Costa<\/a> declarando: &#8220;<a href=\"http:\/\/bit.ly\/1QHprD5\" target=\"_blank\" rel=\"noopener\">Se voc\u00ea n\u00e3o sair por amor, sair\u00e1 pela dor<\/a>&#8220;. Com os Jogos Ol\u00edmpicos a aproximadamente cinco meses, nas <a href=\"http:\/\/on.fb.me\/1LDKuEV\" target=\"_blank\" rel=\"noopener\">\u00faltimas duas semanas<\/a> t\u00eam ocorrido um aumento de demoli\u00e7\u00f5es simb\u00f3licas. A casa do <a href=\"http:\/\/bit.ly\/1O7oi0a\" target=\"_blank\" rel=\"noopener\">presidente da Associa\u00e7\u00e3o de Moradores, Altair Guimar\u00e3es<\/a>, foi ilegalmente demolida, juntamente com o <a href=\"http:\/\/bit.ly\/1WLtygo\" target=\"_blank\" rel=\"noopener\">edif\u00edcio da Associa\u00e7\u00e3o de Moradores<\/a> e as amea\u00e7as de demoli\u00e7\u00e3o da casa de Maria da Penha. Preocupados com essas amea\u00e7as, centenas de apoiadores ficaram de vig\u00edlia, mantendo uma presen\u00e7a constante na comunidade, em prote\u00e7\u00e3o a estes proeminentes l\u00edderes da comunidade que lutaram por longo tempo por suas casas e comunidade. Ter\u00e7a-feira, no entanto, \u00e0s 6h, a prefeitura enviou cerca de 100 Guardas Municipais, que ao inv\u00e9s de entrarem por uma das principais entradas da comunidade, entraram pelo Parque Ol\u00edmpico, desmontando uma cerca existente para ter acesso a casa de Dona Penha.<\/p>\n<p><a href=\"http:\/\/rioonwatch.org.br\/wp-content\/uploads\/2016\/03\/IMG_20160308_082422.jpg\" rel=\"attachment wp-att-18684\"><img decoding=\"async\" class=\"aligncenter size-content wp-image-18684\" src=\"http:\/\/rioonwatch.org.br\/wp-content\/uploads\/2016\/03\/IMG_20160308_082422-620x264.jpg\" alt=\"IMG_20160308_082422\" width=\"620\" height=\"264\" srcset=\"https:\/\/rioonwatch.org.br\/wp-content\/uploads\/2016\/03\/IMG_20160308_082422-620x264.jpg 620w, https:\/\/rioonwatch.org.br\/wp-content\/uploads\/2016\/03\/IMG_20160308_082422-940x400.jpg 940w\" sizes=\"(max-width: 620px) 100vw, 620px\" \/><\/a><\/p>\n<p>Ap\u00f3s cercar a casa de Dona Penha, eles aguardaram a remo\u00e7\u00e3o do resto de seus pertences antes de mover os moradores e apoiadores para tr\u00e1s do cord\u00e3o de isolamento em prepara\u00e7\u00e3o para a <a href=\"http:\/\/bit.ly\/1nuvvlo\" target=\"_blank\" rel=\"noopener\">demoli\u00e7\u00e3o<\/a>. A demoli\u00e7\u00e3o come\u00e7ou sem nenhuma supervis\u00e3o de um engenheiro e sem \u00e1gua pulverizada sobre os escombros&#8211;o que reduz a poeira e \u00e9 fundamental quando se considera a presen\u00e7a de um beb\u00ea de um m\u00eas na casa vizinha, de M\u00e1rcio e Rafaela. Nathalia, filha de Maria da Penha, condenou o fato <a href=\"http:\/\/bit.ly\/1P1FUes\" target=\"_blank\" rel=\"noopener\">da demoli\u00e7\u00e3o ter ocorrido<\/a> no Dia Internacional da Mulher. Apoiadores e moradores gritavam &#8220;<a href=\"http:\/\/bit.ly\/1QIiq3E\" target=\"_blank\" rel=\"noopener\">Urbaniza J\u00e1<\/a>, a Vila Vai Ficar!&#8221;. E alguns destacaram o contraste entre as a\u00e7\u00f5es da Prefeitura e o lema nacional &#8220;Ordem e Progresso&#8221;.<\/p>\n<p><a href=\"http:\/\/rioonwatch.org.br\/wp-content\/uploads\/2016\/03\/nathalia.jpg\" rel=\"attachment wp-att-18688\"><img loading=\"lazy\" decoding=\"async\" class=\"aligncenter size-content wp-image-18688\" src=\"http:\/\/rioonwatch.org.br\/wp-content\/uploads\/2016\/03\/nathalia-620x264.jpg\" alt=\"nathalia\" width=\"620\" height=\"264\" srcset=\"https:\/\/rioonwatch.org.br\/wp-content\/uploads\/2016\/03\/nathalia-620x264.jpg 620w, https:\/\/rioonwatch.org.br\/wp-content\/uploads\/2016\/03\/nathalia-940x400.jpg 940w\" sizes=\"(max-width: 620px) 100vw, 620px\" \/><\/a><\/p>\n<p>Ap\u00f3s a demoli\u00e7\u00e3o, a Guarda Municipal dispersou, retornando para o Parque Ol\u00edmpico pela abertura que eles tinham feito na cerca. Logo depois, no entanto, eles voltaram, cercando a casa de M\u00e1rcio e Rafaela e seus quatro filhos, incluindo Sofia de um m\u00eas de idade. Com as crian\u00e7as colocando suas cabe\u00e7as para fora da porta aterrorizadas e confusas, os moradores e apoiadores correram para a casa, temendo uma demoli\u00e7\u00e3o ilegal. Alguns foram capazes de passar para dentro do cord\u00e3o de isolamento da Guarda Municipal, mas quando o marido de Penha, Luiz, tentou passar para se juntar a eles, ele foi empurrado para tr\u00e1s com escudos. Depois de alguns momentos tensos, M\u00e1rcio e os <a href=\"http:\/\/bit.ly\/1kcl02n\" target=\"_blank\" rel=\"noopener\">defensores p\u00fablicos<\/a> disseram aos soldados da Guarda Municipal que eles n\u00e3o podiam, legalmente, estar l\u00e1, e eles foram embora, desaparecendo t\u00e3o rapidamente quanto haviam aparecido. A moradora Sandra Maria alegou que os guardas estavam tentando mover o muro que separa a comunidade e o local da constru\u00e7\u00e3o do Parque Ol\u00edmpico Rio 2016, isolando a casa de M\u00e1rcio. Uma t\u00e1tica semelhante de isolamento e intimida\u00e7\u00e3o tinha sido usado contra <a href=\"http:\/\/bit.ly\/1UOUNIr\" target=\"_blank\" rel=\"noopener\">Heloisa Helena<\/a>, cuja casa e local religioso foram demolidos <a href=\"http:\/\/bit.ly\/1WLtygo\" target=\"_blank\" rel=\"noopener\">h\u00e1 duas semanas<\/a>.<\/p>\n<p><a href=\"http:\/\/rioonwatch.org.br\/wp-content\/uploads\/2016\/03\/ILuiz.jpg\" rel=\"attachment wp-att-18689\"><img loading=\"lazy\" decoding=\"async\" class=\"aligncenter size-content wp-image-18689\" src=\"http:\/\/rioonwatch.org.br\/wp-content\/uploads\/2016\/03\/ILuiz-620x264.jpg\" alt=\"ILuiz\" width=\"620\" height=\"264\" srcset=\"https:\/\/rioonwatch.org.br\/wp-content\/uploads\/2016\/03\/ILuiz-620x264.jpg 620w, https:\/\/rioonwatch.org.br\/wp-content\/uploads\/2016\/03\/ILuiz-940x400.jpg 940w\" sizes=\"(max-width: 620px) 100vw, 620px\" \/><\/a><\/p>\n<p>Maria da Penha falou para uma multid\u00e3o de jornalistas reunidos na comunidade que testemunharam a demoli\u00e7\u00e3o: &#8220;hoje, no Dia Internacional da Mulher, demoliram a minha casa, uma hist\u00f3ria de vida, mas n\u00e3o me demoliram&#8230; Isto \u00e9 como as coisas funcionam neste pa\u00eds. Para <a href=\"http:\/\/bit.ly\/1uZ9w6o\" target=\"_blank\" rel=\"noopener\">megaeventos<\/a>, eles tiram a sua casa e voc\u00ea est\u00e1 na rua&#8221;. Ela reafirmou seu desejo de ficar, dizendo que &#8220;agora a luta \u00e9 para eu ficar na\u00a0Vila Aut\u00f3dromo&#8230; a luta continua&#8221;. Como Dona Penha, Luiz Claudio falou com a m\u00eddia presente, e os apoiadores ajudaram a levar seus pertences para Igreja Cat\u00f3lica da comunidade, onde\u00a0ir\u00e3o ficar.<\/p>\n<p><a href=\"http:\/\/rioonwatch.org.br\/wp-content\/uploads\/2016\/03\/Penhachurhc.jpg\" rel=\"attachment wp-att-18692\"><img loading=\"lazy\" decoding=\"async\" class=\"aligncenter size-content wp-image-18692\" src=\"http:\/\/rioonwatch.org.br\/wp-content\/uploads\/2016\/03\/Penhachurhc-620x264.jpg\" alt=\"Penhachurhc\" width=\"620\" height=\"264\" srcset=\"https:\/\/rioonwatch.org.br\/wp-content\/uploads\/2016\/03\/Penhachurhc-620x264.jpg 620w, https:\/\/rioonwatch.org.br\/wp-content\/uploads\/2016\/03\/Penhachurhc-940x400.jpg 940w\" sizes=\"(max-width: 620px) 100vw, 620px\" \/><\/a><\/p>\n<p>\u00c0 medida que a poeira assentou sobre os escombros da casa de Penha, o Prefeito Eduardo Paes, <a href=\"http:\/\/bit.ly\/1VkxAeJ\" target=\"_blank\" rel=\"noopener\">que tem repetidamente prometido que aqueles que querem ficar na Vila Aut\u00f3dromo podem ficar<\/a>, anunciou um\u00a0coletivo\u00a0de imprensa no Pal\u00e1cio da Cidade em Botafogo \u00e0s 17h, onde ele iria revelar seus planos de urbaniza\u00e7\u00e3o para Vila Aut\u00f3dromo. Nas \u00faltimas semanas centenas de pessoas em todo o Rio, no Brasil, e cada vez mais internacionalmente t\u00eam participado\u00a0de uma campanha viral crescente endere\u00e7ada ao prefeito para manter sua promessa de urbaniza\u00e7\u00e3o imediata\u00a0da comunidade (#UrbanizaJ\u00e1).<\/p>\n<p>Os moradores e apoiadores rapidamente planejaram seu pr\u00f3prio evento fora do Pal\u00e1cio \u00e0s 16h para comunicar com\u00a0a imprensa a sua perspectiva sobre a hist\u00f3ria\u00a0e renovar as suas chamadas para a\u00a0implementa\u00e7\u00e3o\u00a0do premiado <a href=\"http:\/\/bit.ly\/1PWnD87\" target=\"_blank\" rel=\"noopener\">Plano Popular<\/a>, um plano que foi desenvolvido pela comunidade, de forma iterativa, com planejadores urbanos de ambas as\u00a0universidades federais do Rio de Janeiro respondendo todas as altera\u00e7\u00f5es feitas no adjacente plano do Parque Ol\u00edmpico, desde 2012. Eles, ent\u00e3o, tinham planejado participar em seguida da\u00a0coletiva\u00a0de imprensa do prefeito para descobrir o que ele iria apresentar como o plano para a sua comunidade, um plano que ele ainda n\u00e3o tinha apresentado aos moradores.<\/p>\n<p>\u00c0s 16h, ent\u00e3o, os moradores falaram com os\u00a0meios de comunica\u00e7\u00e3o fora dos port\u00f5es do Pal\u00e1cio, enquanto os apoiadores exibiam cartazes na passagem do tr\u00e2nsito. Principais ve\u00edculos brasileiros de comunica\u00e7\u00e3o participaram da confer\u00eancia, incluindo o <em>Globo<\/em>, <em>Record<\/em> e <em>SBT<\/em>. Maria da Penha disse \u00e0 imprensa: &#8220;<span style=\"font-weight: 400;\">Essa medalha vai me fortalecer para continuar firme na luta<\/span>&#8230; a luta continua&#8221;. Os moradores e apoiadores clamavam pela urbaniza\u00e7\u00e3o com os gritos &#8220;Urbaniza J\u00e1, a Vila vai Ficar!&#8221;, antes de explicar e distribuir informa\u00e7\u00f5es sobre o <a href=\"http:\/\/bit.ly\/1ccQTyp\" target=\"_blank\" rel=\"noopener\">premiado Plano Popular<\/a>. A <a href=\"http:\/\/apne.ws\/1QItKN0\" target=\"_blank\" rel=\"noopener\">m\u00eddia internacional<\/a> tamb\u00e9m cobriu,\u00a0<a href=\"http:\/\/bit.ly\/1TKz6KC\" target=\"_blank\" rel=\"noopener\">amplamente<\/a>, a demoli\u00e7\u00e3o da casa de Penha e os eventos de ter\u00e7a-feira.<\/p>\n<p><a href=\"http:\/\/rioonwatch.org.br\/wp-content\/uploads\/2016\/03\/IMG_20160309_233931.jpg\" rel=\"attachment wp-att-18697\"><img loading=\"lazy\" decoding=\"async\" class=\"aligncenter size-content wp-image-18697\" src=\"http:\/\/rioonwatch.org.br\/wp-content\/uploads\/2016\/03\/IMG_20160309_233931-620x264.jpg\" alt=\"IMG_20160309_233931\" width=\"620\" height=\"264\" srcset=\"https:\/\/rioonwatch.org.br\/wp-content\/uploads\/2016\/03\/IMG_20160309_233931-620x264.jpg 620w, https:\/\/rioonwatch.org.br\/wp-content\/uploads\/2016\/03\/IMG_20160309_233931-940x400.jpg 940w\" sizes=\"(max-width: 620px) 100vw, 620px\" \/><\/a><\/p>\n<p>Foi durante essa conversa com a imprensa na frente do local previsto para a\u00a0coletiva\u00a0de imprensa com o prefeito\u00a0que os moradores descobriram que o gabinete do prefeito, repentinamente, mudou a hora e o local de seu evento. Eduardo Paes iria\u00a0ent\u00e3o falar no Centro de Opera\u00e7\u00f5es, na Cidade Nova, \u00e0s 16:30h. Uma viagem que demora\u00a0meia hora nas melhores circunst\u00e2ncias, agora no\u00a0hor\u00e1rio de rush, impossibilitou que os moradores ouvissem o prefeito revelar seu plano pretendido. Uma equipe do <em>RioOnWatch<\/em>\u00a0chegou ao Centro de Opera\u00e7\u00f5es na Cidade Nova a tempo para o evento, mas a entrada foi recusada. Foi dito a eles\u00a0que somente jornalistas que estavam em lista privada poderiam participar.<\/p>\n<p>O professor de Planejamento Urbano da UFRJ, Carlos Vainer, que coordenou o <a href=\"http:\/\/bit.ly\/1RoFzEA\" target=\"_blank\" rel=\"noopener\">Plano Popular da Vila Aut\u00f3dromo<\/a>, definiu o <a href=\"http:\/\/bit.ly\/1YxdsII\" target=\"_blank\" rel=\"noopener\">plano do prefeito<\/a> como &#8220;rid\u00edculo.&#8221; Ele continha 30 casas, em oposi\u00e7\u00e3o as 50 necess\u00e1rios para abrigar as fam\u00edlias restantes inclu\u00eddas no Plano Popular, e as casas seriam significativamente menores que as dos atuais moradores. Elas seriam todos posicionadas em torno de um espa\u00e7o comum, que Vainer condenou como um projeto que simplesmente d\u00e1 a apar\u00eancia de comunidade, em vez de realmente promov\u00ea-la. Na verdade, a reformula\u00e7\u00e3o completa da comunidade pelo plano do prefeito \u00e9 caracter\u00edstica de <a href=\"http:\/\/bit.ly\/1Tws3EP\" target=\"_blank\" rel=\"noopener\">renova\u00e7\u00e3o urbana<\/a>, e n\u00e3o de urbaniza\u00e7\u00e3o, como o prefeito prometeu. Uma <a href=\"http:\/\/glo.bo\/1QKgmog\" target=\"_blank\" rel=\"noopener\">mat\u00e9ria do <em>Globo<\/em><\/a> da\u00a0coletiva\u00a0de imprensa do prefeito relata que a prefeitura tem estado em constante di\u00e1logo com a Vila Aut\u00f3dromo, insistindo que os moradores &#8220;q<span style=\"font-weight: 400;\">ueriam receber um valor muito alto pelas casas<\/span>&#8220;. Os moradores remanescentes, no entanto, s\u00e3o aqueles que n\u00e3o negociaram com a prefeitura em nenhum momento&#8211;e <a href=\"http:\/\/bit.ly\/1mJxRNp\" target=\"_blank\" rel=\"noopener\">eles s\u00e3o reconhecidos internacionalmente pela sua mensagem<\/a> <a href=\"http:\/\/bit.ly\/1SlK5t0\" target=\"_blank\" rel=\"noopener\">de que nem todo mundo tem pre\u00e7o<\/a>.<\/p>\n<p><a href=\"http:\/\/rioonwatch.org.br\/wp-content\/uploads\/2016\/03\/IMG_20160309_234208.jpg\" rel=\"attachment wp-att-18700\"><img loading=\"lazy\" decoding=\"async\" class=\"aligncenter size-content wp-image-18700\" src=\"http:\/\/rioonwatch.org.br\/wp-content\/uploads\/2016\/03\/IMG_20160309_234208-620x264.jpg\" alt=\"IMG_20160309_234208\" width=\"620\" height=\"264\" srcset=\"https:\/\/rioonwatch.org.br\/wp-content\/uploads\/2016\/03\/IMG_20160309_234208-620x264.jpg 620w, https:\/\/rioonwatch.org.br\/wp-content\/uploads\/2016\/03\/IMG_20160309_234208-940x400.jpg 940w\" sizes=\"(max-width: 620px) 100vw, 620px\" \/><\/a><\/p>\n<p>Depois que os moradores e apoiadores reunidos no Pal\u00e1cio souberam da mudan\u00e7a de planos feitos em rela\u00e7\u00e3o \u00e0 coletiva de imprensa do prefeito, eles rapidamente se encaminharam para a ALERJ, onde Maria da Penha foi receber o pr\u00eamio como parte do Dia Internacional da Mulher. Quando eles chegaram, um <a href=\"http:\/\/bit.ly\/1UfdxQO\" target=\"_blank\" rel=\"noopener\">com\u00edcio<\/a> defendendo o direito reprodutivo das mulheres, os direitos econ\u00f4micos e culturais, bem como a consci\u00eancia em rela\u00e7\u00e3o \u00e0 viol\u00eancia contra a mulher j\u00e1 estava em andamento. No interior, Penha pegou o microfone para falar \u00e0 multid\u00e3o reunida, de mais de 500 pessoas. Muitos dos ativistas j\u00e1 sabiam sobre o transtorno que Penha tinha passado no dia, e suas palavras foram acompanhadas com gritos de &#8220;Somos todos Dona Penha. Somos todos companheiros. Somos todos Vila Aut\u00f3dromo&#8221;.<\/p>\n<p><a href=\"http:\/\/rioonwatch.org.br\/wp-content\/uploads\/2016\/03\/PenhaAlerj.jpg\" rel=\"attachment wp-att-18702\"><img loading=\"lazy\" decoding=\"async\" class=\"aligncenter size-content wp-image-18702\" src=\"http:\/\/rioonwatch.org.br\/wp-content\/uploads\/2016\/03\/PenhaAlerj-620x264.jpg\" alt=\"PenhaAlerj\" width=\"620\" height=\"264\" srcset=\"https:\/\/rioonwatch.org.br\/wp-content\/uploads\/2016\/03\/PenhaAlerj-620x264.jpg 620w, https:\/\/rioonwatch.org.br\/wp-content\/uploads\/2016\/03\/PenhaAlerj-940x400.jpg 940w\" sizes=\"(max-width: 620px) 100vw, 620px\" \/><\/a><\/p>\n<p>A luta de Penha foi igualmente reconhecida dentro dos corredores da ALERJ. A Deputada Enfermeira Rejane abriu o evento destacando Penha entre as dez mulheres que estavam sendo homenageadas e fazendo um chamado \u00e0 administra\u00e7\u00e3o de Eduardo Paes por suas a\u00e7\u00f5es: &#8220;N\u00e3o \u00e9 s\u00f3 uma casa; \u00e9 a falta de di\u00e1logo &#8220;.<\/p>\n<p>Desde 2004, a Comiss\u00e3o de Defesa dos Direitos da Mulher da Assembleia do Estado do Rio de Janeiro homenageia mulheres do Estado que lutam para o avan\u00e7o dos direitos humanos e das mulheres com o Diploma Mulher Cidad\u00e3 Leolinda de Figueiredo Daltro. Com sua fam\u00edlia e dezenas de adeptos presentes, Maria da Penha e sua luta pelos direitos das comunidades e da habita\u00e7\u00e3o em face aos Jogos Ol\u00edmpicos era uma favorita da multid\u00e3o, que protestou quando a deputada Rejane agradeceu ao Prefeito Eduardo Paes por seu papel na cerim\u00f4nia. Ao receber o pr\u00eamio, Penha dedicou a seus apoiadores e aos moradores da Vila Aut\u00f3dromo, que lhe d\u00e3o a for\u00e7a e amor que ela precisa para continuar na luta pela Vila Aut\u00f3dromo.<\/p>\n<h3>Assista ao v\u00eddeo deste dia:<\/h3>\n<p><iframe src=\"https:\/\/www.youtube.com\/embed\/asuJYJUHB5c\" width=\"620\" height=\"349\" frameborder=\"0\" allowfullscreen=\"allowfullscreen\"><\/iframe><\/p>\n<!-- AddThis Advanced Settings generic via filter on the_content --><!-- AddThis Share Buttons generic via filter on the_content -->","protected":false},"excerpt":{"rendered":"<div class=\"mh-excerpt\"><p>Click Here for English Para as mulheres em todo o mundo, o Dia Internacional da Mulher \u00e9 um dia de celebra\u00e7\u00e3o. Este ano, Maria da Penha da Vila Aut\u00f3dromo, reconhecida pela manh\u00e3 aqui no RioOnWatch, <a class=\"mh-excerpt-more\" href=\"https:\/\/rioonwatch.org.br\/?p=18671\" title=\"Prefeitura Demoliu Casa de &#8216;Mulher Cidad\u00e3&#8217; no Dia Internacional da Mulher [V\u00cdDEO]\">[&#8230;]<\/a><!-- AddThis Advanced Settings generic via filter on get_the_excerpt --><!-- AddThis Share Buttons generic via filter on get_the_excerpt --><\/p>\n<\/div>","protected":false},"author":129,"featured_media":18675,"comment_status":"closed","ping_status":"closed","sticky":false,"template":"","format":"standard","meta":{"_acf_changed":false,"_monsterinsights_skip_tracking":false,"_monsterinsights_sitenote_active":false,"_monsterinsights_sitenote_note":"","_monsterinsights_sitenote_category":0,"footnotes":""},"categories":[1614,1635,1621,346,1626,344,1638],"tags":[1431,424,484,42,1240,78,359,801,14,1483,55,184],"writer":[1762,1577],"translator":[273],"source":[],"ilustrador":[],"fotografo":[],"class_list":{"0":"post-18671","1":"post","2":"type-post","3":"status-publish","4":"format-standard","5":"has-post-thumbnail","7":"category-olhonasremocoes","8":"category-1635","9":"category-destaque","10":"category-denuncias","11":"category-por-observadores-internacionais","12":"category-politicas","13":"category-video","14":"tag-dia-internacional-da-mulher","15":"tag-direito-a-moradia","16":"tag-prefeito-eduardo-paes","17":"tag-genero","18":"tag-megaeventos","19":"tag-olimpiadas","20":"tag-participacao-zero","21":"tag-plano-popular","22":"tag-remocao","23":"tag-taticas-de-remocao-cavalo-de-troia","24":"tag-vila-autodromo","25":"tag-zona-oeste","26":"writer-adam-talbot","27":"writer-stephanie-reist","28":"translator-roseli-franco"},"acf":[],"yoast_head":"<!-- This site is optimized with the Yoast SEO plugin v25.6 - https:\/\/yoast.com\/wordpress\/plugins\/seo\/ -->\n<title>Prefeitura Demoliu Casa de &#039;Mulher Cidad\u00e3&#039; no Dia Internacional da Mulher [V\u00cdDEO] - RioOnWatch<\/title>\n<meta name=\"robots\" content=\"index, follow, max-snippet:-1, max-image-preview:large, max-video-preview:-1\" \/>\n<link rel=\"canonical\" href=\"https:\/\/rioonwatch.org.br\/?p=18671\" \/>\n<meta property=\"og:locale\" content=\"pt_BR\" \/>\n<meta property=\"og:type\" content=\"article\" \/>\n<meta property=\"og:title\" content=\"Prefeitura Demoliu Casa de &#039;Mulher Cidad\u00e3&#039; no Dia Internacional da Mulher [V\u00cdDEO] - RioOnWatch\" \/>\n<meta property=\"og:description\" content=\"Click Here for English Para as mulheres em todo o mundo, o Dia Internacional da Mulher \u00e9 um dia de celebra\u00e7\u00e3o. Este ano, Maria da Penha da Vila Aut\u00f3dromo, reconhecida pela manh\u00e3 aqui no RioOnWatch, [...]\" \/>\n<meta property=\"og:url\" content=\"https:\/\/rioonwatch.org.br\/?p=18671\" \/>\n<meta property=\"og:site_name\" content=\"RioOnWatch\" \/>\n<meta property=\"article:published_time\" content=\"2016-03-11T12:01:03+00:00\" \/>\n<meta property=\"article:modified_time\" content=\"2024-06-20T19:28:12+00:00\" \/>\n<meta property=\"og:image\" content=\"https:\/\/rioonwatch.org.br\/wp-content\/uploads\/2016\/03\/premia\u00e7ao-de-Penha-na-Alerj.jpg\" \/>\n\t<meta property=\"og:image:width\" content=\"1024\" \/>\n\t<meta property=\"og:image:height\" content=\"1365\" \/>\n\t<meta property=\"og:image:type\" content=\"image\/jpeg\" \/>\n<meta name=\"author\" content=\"Admin\" \/>\n<meta name=\"twitter:card\" content=\"summary_large_image\" \/>\n<meta name=\"twitter:label1\" content=\"Escrito por\" \/>\n\t<meta name=\"twitter:data1\" content=\"Admin\" \/>\n\t<meta name=\"twitter:label2\" content=\"Est. tempo de leitura\" \/>\n\t<meta name=\"twitter:data2\" content=\"10 minutos\" \/>\n<script type=\"application\/ld+json\" class=\"yoast-schema-graph\">{\"@context\":\"https:\/\/schema.org\",\"@graph\":[{\"@type\":\"Article\",\"@id\":\"https:\/\/rioonwatch.org.br\/?p=18671#article\",\"isPartOf\":{\"@id\":\"https:\/\/rioonwatch.org.br\/?p=18671\"},\"author\":{\"name\":\"Admin\",\"@id\":\"https:\/\/rioonwatch.org.br\/#\/schema\/person\/11d64c290506f9df50c71b850c473f68\"},\"headline\":\"Prefeitura Demoliu Casa de &#8216;Mulher Cidad\u00e3&#8217; no Dia Internacional da Mulher [V\u00cdDEO]\",\"datePublished\":\"2016-03-11T12:01:03+00:00\",\"dateModified\":\"2024-06-20T19:28:12+00:00\",\"mainEntityOfPage\":{\"@id\":\"https:\/\/rioonwatch.org.br\/?p=18671\"},\"wordCount\":2025,\"publisher\":{\"@id\":\"https:\/\/rioonwatch.org.br\/#organization\"},\"image\":{\"@id\":\"https:\/\/rioonwatch.org.br\/?p=18671#primaryimage\"},\"thumbnailUrl\":\"https:\/\/rioonwatch.org.br\/wp-content\/uploads\/2016\/03\/premia\u00e7ao-de-Penha-na-Alerj.jpg\",\"keywords\":[\"Dia Internacional da Mulher\",\"Direito \u00e0 Moradia\",\"Eduardo Paes\",\"g\u00eanero\",\"Megaeventos\",\"Olimp\u00edadas\",\"participa\u00e7\u00e3o zero\",\"Plano Popular\",\"Remo\u00e7\u00e3o\",\"T\u00e1ticas de remo\u00e7\u00e3o: Cavalo de Troia\",\"Vila Aut\u00f3dromo\",\"Zona Oeste\"],\"articleSection\":[\"#OlhoNasRemo\u00e7\u00f5es\",\"#Rio2016\",\"*Destaque\",\"Den\u00fancias\",\"Escrito por Aliados\",\"Pol\u00edticas\",\"V\u00eddeo\"],\"inLanguage\":\"pt-BR\"},{\"@type\":\"WebPage\",\"@id\":\"https:\/\/rioonwatch.org.br\/?p=18671\",\"url\":\"https:\/\/rioonwatch.org.br\/?p=18671\",\"name\":\"Prefeitura Demoliu Casa de 'Mulher Cidad\u00e3' no Dia Internacional da Mulher [V\u00cdDEO] - RioOnWatch\",\"isPartOf\":{\"@id\":\"https:\/\/rioonwatch.org.br\/#website\"},\"primaryImageOfPage\":{\"@id\":\"https:\/\/rioonwatch.org.br\/?p=18671#primaryimage\"},\"image\":{\"@id\":\"https:\/\/rioonwatch.org.br\/?p=18671#primaryimage\"},\"thumbnailUrl\":\"https:\/\/rioonwatch.org.br\/wp-content\/uploads\/2016\/03\/premia\u00e7ao-de-Penha-na-Alerj.jpg\",\"datePublished\":\"2016-03-11T12:01:03+00:00\",\"dateModified\":\"2024-06-20T19:28:12+00:00\",\"breadcrumb\":{\"@id\":\"https:\/\/rioonwatch.org.br\/?p=18671#breadcrumb\"},\"inLanguage\":\"pt-BR\",\"potentialAction\":[{\"@type\":\"ReadAction\",\"target\":[\"https:\/\/rioonwatch.org.br\/?p=18671\"]}]},{\"@type\":\"ImageObject\",\"inLanguage\":\"pt-BR\",\"@id\":\"https:\/\/rioonwatch.org.br\/?p=18671#primaryimage\",\"url\":\"https:\/\/rioonwatch.org.br\/wp-content\/uploads\/2016\/03\/premia\u00e7ao-de-Penha-na-Alerj.jpg\",\"contentUrl\":\"https:\/\/rioonwatch.org.br\/wp-content\/uploads\/2016\/03\/premia\u00e7ao-de-Penha-na-Alerj.jpg\",\"width\":1024,\"height\":1365},{\"@type\":\"BreadcrumbList\",\"@id\":\"https:\/\/rioonwatch.org.br\/?p=18671#breadcrumb\",\"itemListElement\":[{\"@type\":\"ListItem\",\"position\":1,\"name\":\"In\u00edcio\",\"item\":\"https:\/\/rioonwatch.org.br\/\"},{\"@type\":\"ListItem\",\"position\":2,\"name\":\"Prefeitura Demoliu Casa de &#8216;Mulher Cidad\u00e3&#8217; no Dia Internacional da Mulher [V\u00cdDEO]\"}]},{\"@type\":\"WebSite\",\"@id\":\"https:\/\/rioonwatch.org.br\/#website\",\"url\":\"https:\/\/rioonwatch.org.br\/\",\"name\":\"RioOnWatch\",\"description\":\"relatos das favelas cariocas\",\"publisher\":{\"@id\":\"https:\/\/rioonwatch.org.br\/#organization\"},\"potentialAction\":[{\"@type\":\"SearchAction\",\"target\":{\"@type\":\"EntryPoint\",\"urlTemplate\":\"https:\/\/rioonwatch.org.br\/?s={search_term_string}\"},\"query-input\":{\"@type\":\"PropertyValueSpecification\",\"valueRequired\":true,\"valueName\":\"search_term_string\"}}],\"inLanguage\":\"pt-BR\"},{\"@type\":\"Organization\",\"@id\":\"https:\/\/rioonwatch.org.br\/#organization\",\"name\":\"RioOnWatch\",\"url\":\"https:\/\/rioonwatch.org.br\/\",\"logo\":{\"@type\":\"ImageObject\",\"inLanguage\":\"pt-BR\",\"@id\":\"https:\/\/rioonwatch.org.br\/#\/schema\/logo\/image\/\",\"url\":\"https:\/\/rioonwatch.org.br\/wp-content\/uploads\/2021\/06\/RioOnWatchcabecalhoPT11anos-2.png\",\"contentUrl\":\"https:\/\/rioonwatch.org.br\/wp-content\/uploads\/2021\/06\/RioOnWatchcabecalhoPT11anos-2.png\",\"width\":779,\"height\":277,\"caption\":\"RioOnWatch\"},\"image\":{\"@id\":\"https:\/\/rioonwatch.org.br\/#\/schema\/logo\/image\/\"}},{\"@type\":\"Person\",\"@id\":\"https:\/\/rioonwatch.org.br\/#\/schema\/person\/11d64c290506f9df50c71b850c473f68\",\"name\":\"Admin\",\"image\":{\"@type\":\"ImageObject\",\"inLanguage\":\"pt-BR\",\"@id\":\"https:\/\/rioonwatch.org.br\/#\/schema\/person\/image\/\",\"url\":\"https:\/\/secure.gravatar.com\/avatar\/56211ac74568383903349a1485e3c325?s=96&d=blank&r=g\",\"contentUrl\":\"https:\/\/secure.gravatar.com\/avatar\/56211ac74568383903349a1485e3c325?s=96&d=blank&r=g\",\"caption\":\"Admin\"},\"url\":\"https:\/\/rioonwatch.org.br\/?author=129\"}]}<\/script>\n<!-- \/ Yoast SEO plugin. -->","yoast_head_json":{"title":"Prefeitura Demoliu Casa de 'Mulher Cidad\u00e3' no Dia Internacional da Mulher [V\u00cdDEO] - RioOnWatch","robots":{"index":"index","follow":"follow","max-snippet":"max-snippet:-1","max-image-preview":"max-image-preview:large","max-video-preview":"max-video-preview:-1"},"canonical":"https:\/\/rioonwatch.org.br\/?p=18671","og_locale":"pt_BR","og_type":"article","og_title":"Prefeitura Demoliu Casa de 'Mulher Cidad\u00e3' no Dia Internacional da Mulher [V\u00cdDEO] - RioOnWatch","og_description":"Click Here for English Para as mulheres em todo o mundo, o Dia Internacional da Mulher \u00e9 um dia de celebra\u00e7\u00e3o. Este ano, Maria da Penha da Vila Aut\u00f3dromo, reconhecida pela manh\u00e3 aqui no RioOnWatch, [...]","og_url":"https:\/\/rioonwatch.org.br\/?p=18671","og_site_name":"RioOnWatch","article_published_time":"2016-03-11T12:01:03+00:00","article_modified_time":"2024-06-20T19:28:12+00:00","og_image":[{"width":1024,"height":1365,"url":"https:\/\/rioonwatch.org.br\/wp-content\/uploads\/2016\/03\/premia\u00e7ao-de-Penha-na-Alerj.jpg","type":"image\/jpeg"}],"author":"Admin","twitter_card":"summary_large_image","twitter_misc":{"Escrito por":"Admin","Est. tempo de leitura":"10 minutos"},"schema":{"@context":"https:\/\/schema.org","@graph":[{"@type":"Article","@id":"https:\/\/rioonwatch.org.br\/?p=18671#article","isPartOf":{"@id":"https:\/\/rioonwatch.org.br\/?p=18671"},"author":{"name":"Admin","@id":"https:\/\/rioonwatch.org.br\/#\/schema\/person\/11d64c290506f9df50c71b850c473f68"},"headline":"Prefeitura Demoliu Casa de &#8216;Mulher Cidad\u00e3&#8217; no Dia Internacional da Mulher [V\u00cdDEO]","datePublished":"2016-03-11T12:01:03+00:00","dateModified":"2024-06-20T19:28:12+00:00","mainEntityOfPage":{"@id":"https:\/\/rioonwatch.org.br\/?p=18671"},"wordCount":2025,"publisher":{"@id":"https:\/\/rioonwatch.org.br\/#organization"},"image":{"@id":"https:\/\/rioonwatch.org.br\/?p=18671#primaryimage"},"thumbnailUrl":"https:\/\/rioonwatch.org.br\/wp-content\/uploads\/2016\/03\/premia\u00e7ao-de-Penha-na-Alerj.jpg","keywords":["Dia Internacional da Mulher","Direito \u00e0 Moradia","Eduardo Paes","g\u00eanero","Megaeventos","Olimp\u00edadas","participa\u00e7\u00e3o zero","Plano Popular","Remo\u00e7\u00e3o","T\u00e1ticas de remo\u00e7\u00e3o: Cavalo de Troia","Vila Aut\u00f3dromo","Zona Oeste"],"articleSection":["#OlhoNasRemo\u00e7\u00f5es","#Rio2016","*Destaque","Den\u00fancias","Escrito por Aliados","Pol\u00edticas","V\u00eddeo"],"inLanguage":"pt-BR"},{"@type":"WebPage","@id":"https:\/\/rioonwatch.org.br\/?p=18671","url":"https:\/\/rioonwatch.org.br\/?p=18671","name":"Prefeitura Demoliu Casa de 'Mulher Cidad\u00e3' no Dia Internacional da Mulher [V\u00cdDEO] - RioOnWatch","isPartOf":{"@id":"https:\/\/rioonwatch.org.br\/#website"},"primaryImageOfPage":{"@id":"https:\/\/rioonwatch.org.br\/?p=18671#primaryimage"},"image":{"@id":"https:\/\/rioonwatch.org.br\/?p=18671#primaryimage"},"thumbnailUrl":"https:\/\/rioonwatch.org.br\/wp-content\/uploads\/2016\/03\/premia\u00e7ao-de-Penha-na-Alerj.jpg","datePublished":"2016-03-11T12:01:03+00:00","dateModified":"2024-06-20T19:28:12+00:00","breadcrumb":{"@id":"https:\/\/rioonwatch.org.br\/?p=18671#breadcrumb"},"inLanguage":"pt-BR","potentialAction":[{"@type":"ReadAction","target":["https:\/\/rioonwatch.org.br\/?p=18671"]}]},{"@type":"ImageObject","inLanguage":"pt-BR","@id":"https:\/\/rioonwatch.org.br\/?p=18671#primaryimage","url":"https:\/\/rioonwatch.org.br\/wp-content\/uploads\/2016\/03\/premia\u00e7ao-de-Penha-na-Alerj.jpg","contentUrl":"https:\/\/rioonwatch.org.br\/wp-content\/uploads\/2016\/03\/premia\u00e7ao-de-Penha-na-Alerj.jpg","width":1024,"height":1365},{"@type":"BreadcrumbList","@id":"https:\/\/rioonwatch.org.br\/?p=18671#breadcrumb","itemListElement":[{"@type":"ListItem","position":1,"name":"In\u00edcio","item":"https:\/\/rioonwatch.org.br\/"},{"@type":"ListItem","position":2,"name":"Prefeitura Demoliu Casa de &#8216;Mulher Cidad\u00e3&#8217; no Dia Internacional da Mulher [V\u00cdDEO]"}]},{"@type":"WebSite","@id":"https:\/\/rioonwatch.org.br\/#website","url":"https:\/\/rioonwatch.org.br\/","name":"RioOnWatch","description":"relatos das favelas cariocas","publisher":{"@id":"https:\/\/rioonwatch.org.br\/#organization"},"potentialAction":[{"@type":"SearchAction","target":{"@type":"EntryPoint","urlTemplate":"https:\/\/rioonwatch.org.br\/?s={search_term_string}"},"query-input":{"@type":"PropertyValueSpecification","valueRequired":true,"valueName":"search_term_string"}}],"inLanguage":"pt-BR"},{"@type":"Organization","@id":"https:\/\/rioonwatch.org.br\/#organization","name":"RioOnWatch","url":"https:\/\/rioonwatch.org.br\/","logo":{"@type":"ImageObject","inLanguage":"pt-BR","@id":"https:\/\/rioonwatch.org.br\/#\/schema\/logo\/image\/","url":"https:\/\/rioonwatch.org.br\/wp-content\/uploads\/2021\/06\/RioOnWatchcabecalhoPT11anos-2.png","contentUrl":"https:\/\/rioonwatch.org.br\/wp-content\/uploads\/2021\/06\/RioOnWatchcabecalhoPT11anos-2.png","width":779,"height":277,"caption":"RioOnWatch"},"image":{"@id":"https:\/\/rioonwatch.org.br\/#\/schema\/logo\/image\/"}},{"@type":"Person","@id":"https:\/\/rioonwatch.org.br\/#\/schema\/person\/11d64c290506f9df50c71b850c473f68","name":"Admin","image":{"@type":"ImageObject","inLanguage":"pt-BR","@id":"https:\/\/rioonwatch.org.br\/#\/schema\/person\/image\/","url":"https:\/\/secure.gravatar.com\/avatar\/56211ac74568383903349a1485e3c325?s=96&d=blank&r=g","contentUrl":"https:\/\/secure.gravatar.com\/avatar\/56211ac74568383903349a1485e3c325?s=96&d=blank&r=g","caption":"Admin"},"url":"https:\/\/rioonwatch.org.br\/?author=129"}]}},"_links":{"self":[{"href":"https:\/\/rioonwatch.org.br\/index.php?rest_route=\/wp\/v2\/posts\/18671"}],"collection":[{"href":"https:\/\/rioonwatch.org.br\/index.php?rest_route=\/wp\/v2\/posts"}],"about":[{"href":"https:\/\/rioonwatch.org.br\/index.php?rest_route=\/wp\/v2\/types\/post"}],"author":[{"embeddable":true,"href":"https:\/\/rioonwatch.org.br\/index.php?rest_route=\/wp\/v2\/users\/129"}],"replies":[{"embeddable":true,"href":"https:\/\/rioonwatch.org.br\/index.php?rest_route=%2Fwp%2Fv2%2Fcomments&post=18671"}],"version-history":[{"count":31,"href":"https:\/\/rioonwatch.org.br\/index.php?rest_route=\/wp\/v2\/posts\/18671\/revisions"}],"predecessor-version":[{"id":74227,"href":"https:\/\/rioonwatch.org.br\/index.php?rest_route=\/wp\/v2\/posts\/18671\/revisions\/74227"}],"wp:featuredmedia":[{"embeddable":true,"href":"https:\/\/rioonwatch.org.br\/index.php?rest_route=\/wp\/v2\/media\/18675"}],"wp:attachment":[{"href":"https:\/\/rioonwatch.org.br\/index.php?rest_route=%2Fwp%2Fv2%2Fmedia&parent=18671"}],"wp:term":[{"taxonomy":"category","embeddable":true,"href":"https:\/\/rioonwatch.org.br\/index.php?rest_route=%2Fwp%2Fv2%2Fcategories&post=18671"},{"taxonomy":"post_tag","embeddable":true,"href":"https:\/\/rioonwatch.org.br\/index.php?rest_route=%2Fwp%2Fv2%2Ftags&post=18671"},{"taxonomy":"writer","embeddable":true,"href":"https:\/\/rioonwatch.org.br\/index.php?rest_route=%2Fwp%2Fv2%2Fwriter&post=18671"},{"taxonomy":"translator","embeddable":true,"href":"https:\/\/rioonwatch.org.br\/index.php?rest_route=%2Fwp%2Fv2%2Ftranslator&post=18671"},{"taxonomy":"source","embeddable":true,"href":"https:\/\/rioonwatch.org.br\/index.php?rest_route=%2Fwp%2Fv2%2Fsource&post=18671"},{"taxonomy":"ilustrador","embeddable":true,"href":"https:\/\/rioonwatch.org.br\/index.php?rest_route=%2Fwp%2Fv2%2Filustrador&post=18671"},{"taxonomy":"fotografo","embeddable":true,"href":"https:\/\/rioonwatch.org.br\/index.php?rest_route=%2Fwp%2Fv2%2Ffotografo&post=18671"}],"curies":[{"name":"wp","href":"https:\/\/api.w.org\/{rel}","templated":true}]}}