{"id":18717,"date":"2016-03-15T08:36:34","date_gmt":"2016-03-15T11:36:34","guid":{"rendered":"http:\/\/rioonwatch.org.br\/?p=18717"},"modified":"2016-03-18T07:34:29","modified_gmt":"2016-03-18T10:34:29","slug":"ocupacao-vito-giannotti-continua-renovando-hotel-com-planos-de-habitacao-acessivel-na-regiao-do-porto","status":"publish","type":"post","link":"https:\/\/rioonwatch.org.br\/?p=18717","title":{"rendered":"Ocupa\u00e7\u00e3o Vito Giannotti Continua Realizando Planos de Habita\u00e7\u00e3o Acess\u00edvel na Regi\u00e3o do Porto"},"content":{"rendered":"<p style=\"text-align: right;\"><em><strong><a href=\"http:\/\/bit.ly\/1M1Cy0o\" target=\"_blank\">Click Here for English<img decoding=\"async\" width=\"20\" height=\"20\" class=\"alignright wp-image-15790\" src=\"http:\/\/rioonwatch.org.br\/wp-content\/uploads\/2012\/08\/EN-standard-e1439583104716.jpg\" alt=\"\" \/><\/a><\/strong><\/em><\/p>\n<p>Domingo,\u00a06 de mar\u00e7o, moradores e l\u00edderes de <a href=\"http:\/\/bit.ly\/1XjdXct\" target=\"_blank\">movimentos sociais<\/a> da <a href=\"http:\/\/bit.ly\/1WxRsfN\" target=\"_blank\">Ocupa\u00e7\u00e3o Vito Giannotti<\/a> na <a href=\"http:\/\/bit.ly\/1cVBDvL\" target=\"_blank\">Regi\u00e3o do Porto<\/a>, em Santo Cristo, realizaram um terceiro\u00a0<a href=\"http:\/\/bit.ly\/1thwVvp\" target=\"_blank\">mutir\u00e3o<\/a> para renovar o espa\u00e7o da ocupa\u00e7\u00e3o. Cerca de 40 pessoas da\u00a0<a href=\"http:\/\/on.fb.me\/1nmuxZg\" target=\"_blank\">Vito Giannotti<\/a> e apoiadores se juntaram ao evento.<\/p>\n<p>Desde o in\u00edcio da <a href=\"http:\/\/bit.ly\/1Ud8eSX\" target=\"_blank\">ocupa\u00e7\u00e3o<\/a> no final de janeiro, moradores\u00a0e l\u00edderes de <a href=\"http:\/\/bit.ly\/1XjdXct\" target=\"_blank\">movimentos sociais<\/a> t\u00eam trabalhado arduamente em negocia\u00e7\u00f5es junto ao Instituto Nacional de Seguran\u00e7a Social (INSS), o propriet\u00e1rio do edif\u00edcio, e o Minist\u00e9rio das Cidades e a Caixa Econ\u00f4mica Federal para conseguir que o projeto de moradia popular seja iniciado.<\/p>\n<p><a href=\"http:\/\/rioonwatch.org.br\/wp-content\/uploads\/2016\/03\/12821603_1742139379338938_2813613876359344663_n.jpg\"><img fetchpriority=\"high\" decoding=\"async\" class=\"aligncenter wp-image-18720 size-content\" src=\"http:\/\/rioonwatch.org.br\/wp-content\/uploads\/2016\/03\/12821603_1742139379338938_2813613876359344663_n-620x264.jpg\" alt=\"\" width=\"620\" height=\"264\" \/><\/a><\/p>\n<p>A ocupa\u00e7\u00e3o pretende solicitar para o programa\u00a0<a href=\"http:\/\/bit.ly\/1kmbrP9\" target=\"_blank\">Minha Casa Minha Vida-Entidades<\/a> (MCMV-En) o financiamento para realizar mais reformas no edif\u00edcio. <a href=\"http:\/\/bit.ly\/1xV2uDB\" target=\"_blank\">MCMV-En<\/a> \u00e9 uma pequena parte do programa habitacional federal <a href=\"http:\/\/bit.ly\/Y4U9oJ\" target=\"_blank\">Minha Casa Minha Vida<\/a>\u00a0que permite que organiza\u00e7\u00f5es sem fins lucrativos, cooperativas\u00a0e associa\u00e7\u00f5es solicitem fundos para construir e desenvolver a sua pr\u00f3pria <a href=\"http:\/\/bit.ly\/1rKFP6K\" target=\"_blank\">habita\u00e7\u00e3o<\/a>.<\/p>\n<p>O objetivo da Ocupa\u00e7\u00e3o Vito Giannotti \u00e9 assegurar que o pr\u00e9dio destinado desde 2006 para habita\u00e7\u00e3o popular cumpra a sua fun\u00e7\u00e3o social, principalmente em uma \u00e1rea que vem sofrendo grandes transforma\u00e7\u00f5es.\u00a0Tem havido muito pouco progresso desde as <a href=\"http:\/\/bit.ly\/1Nduyao\" target=\"_blank\">promessas feitas em agosto<\/a> para aumentar o n\u00famero de unidades dispon\u00edveis de habita\u00e7\u00e3o a pre\u00e7os acess\u00edveis na regi\u00e3o do Porto. Al\u00e9m disso, o governo de Dilma Rousseff anunciou em dezembro que a terceira fase do Minha Casa Minha Vida <a href=\"http:\/\/bit.ly\/1QrNQgs\" target=\"_blank\">come\u00e7aria este m\u00eas<\/a>. O programa tem recebido cr\u00edticas pelas suas constru\u00e7\u00f5es\u00a0de m\u00e1 qualidade e por criar\u00a0condi\u00e7\u00f5es que <a href=\"http:\/\/bbc.in\/1NWxF95\" target=\"_blank\">reproduzem a injusti\u00e7a social<\/a>. Neste contexto, a determina\u00e7\u00e3o da Ocupa\u00e7\u00e3o Vito Giannotti em\u00a0desenvolver habita\u00e7\u00e3o de auto-gest\u00e3o em uma localiza\u00e7\u00e3o central \u00e9 importante.<\/p>\n<p><a href=\"http:\/\/rioonwatch.org.br\/wp-content\/uploads\/2016\/03\/IMG_1564.jpg\" rel=\"attachment wp-att-18721\"><img decoding=\"async\" class=\"aligncenter wp-image-18721 size-content\" title=\"Ocupa\u00e7\u00e3o Vito Giannotti est\u00e1 transformando um pr\u00e9dio abandonado em habita\u00e7\u00e3o acess\u00edvel\" src=\"http:\/\/rioonwatch.org.br\/wp-content\/uploads\/2016\/03\/IMG_1564-620x264.jpg\" alt=\"Ocupa\u00e7\u00e3o Vito Giannotti est\u00e1 transformando um pr\u00e9dio abandonado em habita\u00e7\u00e3o acess\u00edvel\" width=\"620\" height=\"264\" srcset=\"https:\/\/rioonwatch.org.br\/wp-content\/uploads\/2016\/03\/IMG_1564-620x264.jpg 620w, https:\/\/rioonwatch.org.br\/wp-content\/uploads\/2016\/03\/IMG_1564-940x400.jpg 940w\" sizes=\"(max-width: 620px) 100vw, 620px\" \/><\/a><\/p>\n<p>Embora a maior parte da estrutura do edif\u00edcio, um hotel abandonado, est\u00e1 em boa forma, os seus ocupantes trabalham duro para limpar quartos danificados. H\u00e1 alguns quartos na parte de tr\u00e1s do hotel que permanecem impr\u00f3prios para morar, at\u00e9 que os ocupantes encontraram solu\u00e7\u00f5es para reduzir a umidade. No passado, o interior do hotel era coberto, principalmente, com papel de parede. Embora o papel de parede tenha sido tirado, h\u00e1 uma fina camada de cola que cobre quase todas as paredes do segundo e terceiro andares. Grande parte da mutir\u00e3o do dia 6 de mar\u00e7o foi usado para raspagem dessa pasta das paredes, bem como a remo\u00e7\u00e3o de tapetes e outros detritos.<\/p>\n<p>Os moradores da ocupa\u00e7\u00e3o t\u00eam grandes esperan\u00e7as para o antigo edif\u00edcio. O primeiro e o quarto andar ser\u00e3o reservados para espa\u00e7os comunit\u00e1rios, bem como uma pequena creche para as crian\u00e7as da comunidade. Cada conjunto de dois a tr\u00eas quartos existentes do hotel ser\u00e3o\u00a0transformados em um apartamento para abrigar as fam\u00edlias de acordo com as normas vigentes do MCMV-En. Os ocupantes pretendem criar um\u00a0escrit\u00f3rio dentro do hotel para que os trabalhadores do movimento social possam passar mais tempo l\u00e1 e tamb\u00e9m ajud\u00e1-los. Na varanda no piso superior com vista para a Regi\u00e3o do Porto e <a href=\"http:\/\/bit.ly\/WximDf\" target=\"_blank\">Zona Norte<\/a>, os ocupantes esperam construir um espa\u00e7o comunit\u00e1rio de encontro para\u00a050-70 pessoas.<\/p>\n<p><a href=\"http:\/\/rioonwatch.org.br\/wp-content\/uploads\/2016\/03\/IMG_1572.jpg\" rel=\"attachment wp-att-18722\"><img loading=\"lazy\" decoding=\"async\" class=\"aligncenter wp-image-18722 size-content\" title=\"A varanda da cobertura\" src=\"http:\/\/rioonwatch.org.br\/wp-content\/uploads\/2016\/03\/IMG_1572-620x264.jpg\" alt=\"A varanda da cobertura\" width=\"620\" height=\"264\" srcset=\"https:\/\/rioonwatch.org.br\/wp-content\/uploads\/2016\/03\/IMG_1572-620x264.jpg 620w, https:\/\/rioonwatch.org.br\/wp-content\/uploads\/2016\/03\/IMG_1572-940x400.jpg 940w\" sizes=\"(max-width: 620px) 100vw, 620px\" \/><\/a><\/p>\n<p>O processo de ocupa\u00e7\u00e3o n\u00e3o tem sido f\u00e1cil.\u00a0Existe resist\u00eancia de todos os lados, seja do governo com a ida da Pol\u00edcia Federal ao edif\u00edcio com objetivo de desocupa\u00e7\u00e3o. Ou\u00a0seja devido a uma parte dos moradores que desconhecem a validade dos movimentos de moradia. Mesmo com um movimento ativo e bem seguro sobre os processos que devem ser tomados para a destina\u00e7\u00e3o do im\u00f3vel, a ocupa\u00e7\u00e3o ainda enfrenta a incerteza jur\u00eddica, uma vez que eles n\u00e3o t\u00eam plenos direitos legais para viverem no edif\u00edcio.<\/p>\n<p>Quando perguntados sobre como a situa\u00e7\u00e3o habitacional no Rio poderia ser melhorada, os ocupantes apontam o grande n\u00famero de edif\u00edcios abandonados que poderiam ser transformados em habita\u00e7\u00e3o a custo relativamente baixo. Eles tamb\u00e9m enfatizam a import\u00e2ncia dessa ocupa\u00e7\u00e3o no contexto da Regi\u00e3o do Porto como um todo, que historicamente n\u00e3o tinha moradia adequada e agora est\u00e1 enfrentando press\u00f5es de <a href=\"http:\/\/bit.ly\/184FqS4\" target=\"_blank\">gentrifica\u00e7\u00e3o<\/a> de projectos no \u00e2mbito do programa de desenvolvimento do <a href=\"http:\/\/bit.ly\/UR7rn7\" target=\"_blank\">Porto Maravilha<\/a>, como o <a href=\"http:\/\/bit.ly\/1RTBEUi\" target=\"_blank\">Museu do Amanh\u00e3<\/a> e do <a href=\"http:\/\/bit.ly\/1PhU7sD\" target=\"_blank\">Sistema de Ve\u00edculo Leve\u00a0sobre Trilhos (VLT)<\/a> em constru\u00e7\u00e3o.<\/p>\n<p>Como um membro da ocupa\u00e7\u00e3o, J\u00falio, afirmou: \u201cN\u00e3o temos condi\u00e7\u00f5es de acompanhar o aumento dos alugu\u00e9is e do valor dos im\u00f3veis. N\u00e3o podemos deixar de comer, para morar. Moradia digna \u00e9 um direito de todos e devemos lutar por ele\u201d.<\/p>\n<!-- AddThis Advanced Settings generic via filter on the_content --><!-- AddThis Share Buttons generic via filter on the_content -->","protected":false},"excerpt":{"rendered":"<div class=\"mh-excerpt\"><p>Click Here for English Domingo,\u00a06 de mar\u00e7o, moradores e l\u00edderes de movimentos sociais da Ocupa\u00e7\u00e3o Vito Giannotti na Regi\u00e3o do Porto, em Santo Cristo, realizaram um terceiro\u00a0mutir\u00e3o para renovar o espa\u00e7o da ocupa\u00e7\u00e3o. Cerca de <a class=\"mh-excerpt-more\" href=\"https:\/\/rioonwatch.org.br\/?p=18717\" title=\"Ocupa\u00e7\u00e3o Vito Giannotti Continua Realizando Planos de Habita\u00e7\u00e3o Acess\u00edvel na Regi\u00e3o do Porto\">[&#8230;]<\/a><!-- AddThis Advanced Settings generic via filter on get_the_excerpt --><!-- AddThis Share Buttons generic via filter on get_the_excerpt --><\/p>\n<\/div>","protected":false},"author":132,"featured_media":18718,"comment_status":"closed","ping_status":"closed","sticky":false,"template":"","format":"standard","meta":{"_acf_changed":false,"_monsterinsights_skip_tracking":false,"_monsterinsights_sitenote_active":false,"_monsterinsights_sitenote_note":"","_monsterinsights_sitenote_category":0,"footnotes":""},"categories":[1617,1618,1621,1626,1612,342],"tags":[424,395,909,994,246,988,1037,797,276,407,1774,433,494],"writer":[1667],"translator":[1491],"source":[],"ilustrador":[],"fotografo":[],"class_list":{"0":"post-18717","1":"post","2":"type-post","3":"status-publish","4":"format-standard","5":"has-post-thumbnail","7":"category-olhonagentrificacao","8":"category-olhonaparticipacao","9":"category-destaque","10":"category-por-observadores-internacionais","11":"category-sociedade-civil","12":"category-solucoes","13":"tag-direito-a-moradia","14":"tag-gentrificacao-remocao-branca","15":"tag-habitacao-acessivel","16":"tag-habitacao-publica","17":"tag-minha-casa-minha-vida","18":"tag-minha-casa-minha-vida-entidades","19":"tag-moradia","20":"tag-movimentos-sociais","21":"tag-mutirao","22":"tag-ocupacao","23":"tag-ocupacao-vito-gianotti","24":"tag-porto-maravilha","25":"tag-regiao-do-porto","26":"writer-david-robertson","27":"translator-patricia-gomes"},"acf":[],"yoast_head":"<!-- This site is optimized with the Yoast SEO plugin v25.6 - https:\/\/yoast.com\/wordpress\/plugins\/seo\/ -->\n<title>Ocupa\u00e7\u00e3o Vito Giannotti Continua Realizando Planos de Habita\u00e7\u00e3o Acess\u00edvel na Regi\u00e3o do Porto - RioOnWatch<\/title>\n<meta name=\"robots\" content=\"index, follow, max-snippet:-1, max-image-preview:large, max-video-preview:-1\" \/>\n<link rel=\"canonical\" href=\"https:\/\/rioonwatch.org.br\/?p=18717\" \/>\n<meta property=\"og:locale\" content=\"pt_BR\" \/>\n<meta property=\"og:type\" content=\"article\" \/>\n<meta property=\"og:title\" content=\"Ocupa\u00e7\u00e3o Vito Giannotti Continua Realizando Planos de Habita\u00e7\u00e3o Acess\u00edvel na Regi\u00e3o do Porto - RioOnWatch\" \/>\n<meta property=\"og:description\" content=\"Click Here for English Domingo,\u00a06 de mar\u00e7o, moradores e l\u00edderes de movimentos sociais da Ocupa\u00e7\u00e3o Vito Giannotti na Regi\u00e3o do Porto, em Santo Cristo, realizaram um terceiro\u00a0mutir\u00e3o para renovar o espa\u00e7o da ocupa\u00e7\u00e3o. Cerca de [...]\" \/>\n<meta property=\"og:url\" content=\"https:\/\/rioonwatch.org.br\/?p=18717\" \/>\n<meta property=\"og:site_name\" content=\"RioOnWatch\" \/>\n<meta property=\"article:published_time\" content=\"2016-03-15T11:36:34+00:00\" \/>\n<meta property=\"article:modified_time\" content=\"2016-03-18T10:34:29+00:00\" \/>\n<meta property=\"og:image\" content=\"https:\/\/rioonwatch.org.br\/wp-content\/uploads\/2016\/03\/Vito-Giannotti-Occupation-Pic.jpeg\" \/>\n\t<meta property=\"og:image:width\" content=\"2000\" \/>\n\t<meta property=\"og:image:height\" content=\"1039\" \/>\n\t<meta property=\"og:image:type\" content=\"image\/jpeg\" \/>\n<meta name=\"author\" content=\"Felicity\" \/>\n<meta name=\"twitter:card\" content=\"summary_large_image\" \/>\n<meta name=\"twitter:label1\" content=\"Escrito por\" \/>\n\t<meta name=\"twitter:data1\" content=\"Felicity\" \/>\n\t<meta name=\"twitter:label2\" content=\"Est. tempo de leitura\" \/>\n\t<meta name=\"twitter:data2\" content=\"4 minutos\" \/>\n<script type=\"application\/ld+json\" class=\"yoast-schema-graph\">{\"@context\":\"https:\/\/schema.org\",\"@graph\":[{\"@type\":\"Article\",\"@id\":\"https:\/\/rioonwatch.org.br\/?p=18717#article\",\"isPartOf\":{\"@id\":\"https:\/\/rioonwatch.org.br\/?p=18717\"},\"author\":{\"name\":\"Felicity\",\"@id\":\"https:\/\/rioonwatch.org.br\/#\/schema\/person\/4d05cf5053c358ab740b3edd75a173f2\"},\"headline\":\"Ocupa\u00e7\u00e3o Vito Giannotti Continua Realizando Planos de Habita\u00e7\u00e3o Acess\u00edvel na Regi\u00e3o do Porto\",\"datePublished\":\"2016-03-15T11:36:34+00:00\",\"dateModified\":\"2016-03-18T10:34:29+00:00\",\"mainEntityOfPage\":{\"@id\":\"https:\/\/rioonwatch.org.br\/?p=18717\"},\"wordCount\":819,\"publisher\":{\"@id\":\"https:\/\/rioonwatch.org.br\/#organization\"},\"image\":{\"@id\":\"https:\/\/rioonwatch.org.br\/?p=18717#primaryimage\"},\"thumbnailUrl\":\"https:\/\/rioonwatch.org.br\/wp-content\/uploads\/2016\/03\/Vito-Giannotti-Occupation-Pic.jpeg\",\"keywords\":[\"Direito \u00e0 Moradia\",\"gentrifica\u00e7\u00e3o\",\"habita\u00e7\u00e3o acess\u00edvel\",\"habita\u00e7\u00e3o p\u00fablica\",\"Minha Casa Minha Vida\",\"Minha Casa Minha Vida-Entidades\",\"moradia\",\"movimentos sociais\",\"mutir\u00e3o\",\"Ocupa\u00e7\u00e3o\",\"Ocupa\u00e7\u00e3o Vito Giannotti\",\"Porto Maravilha\",\"Regi\u00e3o do Porto\"],\"articleSection\":[\"#OlhoNaGentrifica\u00e7\u00e3o\",\"#OlhoNaParticipa\u00e7\u00e3o\",\"*Destaque\",\"Escrito por Aliados\",\"Sociedade Civil\",\"Solu\u00e7\u00f5es\"],\"inLanguage\":\"pt-BR\"},{\"@type\":\"WebPage\",\"@id\":\"https:\/\/rioonwatch.org.br\/?p=18717\",\"url\":\"https:\/\/rioonwatch.org.br\/?p=18717\",\"name\":\"Ocupa\u00e7\u00e3o Vito Giannotti Continua Realizando Planos de Habita\u00e7\u00e3o Acess\u00edvel na Regi\u00e3o do Porto - RioOnWatch\",\"isPartOf\":{\"@id\":\"https:\/\/rioonwatch.org.br\/#website\"},\"primaryImageOfPage\":{\"@id\":\"https:\/\/rioonwatch.org.br\/?p=18717#primaryimage\"},\"image\":{\"@id\":\"https:\/\/rioonwatch.org.br\/?p=18717#primaryimage\"},\"thumbnailUrl\":\"https:\/\/rioonwatch.org.br\/wp-content\/uploads\/2016\/03\/Vito-Giannotti-Occupation-Pic.jpeg\",\"datePublished\":\"2016-03-15T11:36:34+00:00\",\"dateModified\":\"2016-03-18T10:34:29+00:00\",\"breadcrumb\":{\"@id\":\"https:\/\/rioonwatch.org.br\/?p=18717#breadcrumb\"},\"inLanguage\":\"pt-BR\",\"potentialAction\":[{\"@type\":\"ReadAction\",\"target\":[\"https:\/\/rioonwatch.org.br\/?p=18717\"]}]},{\"@type\":\"ImageObject\",\"inLanguage\":\"pt-BR\",\"@id\":\"https:\/\/rioonwatch.org.br\/?p=18717#primaryimage\",\"url\":\"https:\/\/rioonwatch.org.br\/wp-content\/uploads\/2016\/03\/Vito-Giannotti-Occupation-Pic.jpeg\",\"contentUrl\":\"https:\/\/rioonwatch.org.br\/wp-content\/uploads\/2016\/03\/Vito-Giannotti-Occupation-Pic.jpeg\",\"width\":2000,\"height\":1039},{\"@type\":\"BreadcrumbList\",\"@id\":\"https:\/\/rioonwatch.org.br\/?p=18717#breadcrumb\",\"itemListElement\":[{\"@type\":\"ListItem\",\"position\":1,\"name\":\"In\u00edcio\",\"item\":\"https:\/\/rioonwatch.org.br\/\"},{\"@type\":\"ListItem\",\"position\":2,\"name\":\"Ocupa\u00e7\u00e3o Vito Giannotti Continua Realizando Planos de Habita\u00e7\u00e3o Acess\u00edvel na Regi\u00e3o do Porto\"}]},{\"@type\":\"WebSite\",\"@id\":\"https:\/\/rioonwatch.org.br\/#website\",\"url\":\"https:\/\/rioonwatch.org.br\/\",\"name\":\"RioOnWatch\",\"description\":\"relatos das favelas cariocas\",\"publisher\":{\"@id\":\"https:\/\/rioonwatch.org.br\/#organization\"},\"potentialAction\":[{\"@type\":\"SearchAction\",\"target\":{\"@type\":\"EntryPoint\",\"urlTemplate\":\"https:\/\/rioonwatch.org.br\/?s={search_term_string}\"},\"query-input\":{\"@type\":\"PropertyValueSpecification\",\"valueRequired\":true,\"valueName\":\"search_term_string\"}}],\"inLanguage\":\"pt-BR\"},{\"@type\":\"Organization\",\"@id\":\"https:\/\/rioonwatch.org.br\/#organization\",\"name\":\"RioOnWatch\",\"url\":\"https:\/\/rioonwatch.org.br\/\",\"logo\":{\"@type\":\"ImageObject\",\"inLanguage\":\"pt-BR\",\"@id\":\"https:\/\/rioonwatch.org.br\/#\/schema\/logo\/image\/\",\"url\":\"https:\/\/rioonwatch.org.br\/wp-content\/uploads\/2021\/06\/RioOnWatchcabecalhoPT11anos-2.png\",\"contentUrl\":\"https:\/\/rioonwatch.org.br\/wp-content\/uploads\/2021\/06\/RioOnWatchcabecalhoPT11anos-2.png\",\"width\":779,\"height\":277,\"caption\":\"RioOnWatch\"},\"image\":{\"@id\":\"https:\/\/rioonwatch.org.br\/#\/schema\/logo\/image\/\"}},{\"@type\":\"Person\",\"@id\":\"https:\/\/rioonwatch.org.br\/#\/schema\/person\/4d05cf5053c358ab740b3edd75a173f2\",\"name\":\"Felicity\",\"image\":{\"@type\":\"ImageObject\",\"inLanguage\":\"pt-BR\",\"@id\":\"https:\/\/rioonwatch.org.br\/#\/schema\/person\/image\/\",\"url\":\"https:\/\/secure.gravatar.com\/avatar\/bfc904486dc0bba6015410a00fe3fc27?s=96&d=blank&r=g\",\"contentUrl\":\"https:\/\/secure.gravatar.com\/avatar\/bfc904486dc0bba6015410a00fe3fc27?s=96&d=blank&r=g\",\"caption\":\"Felicity\"},\"url\":\"https:\/\/rioonwatch.org.br\/?author=132\"}]}<\/script>\n<!-- \/ Yoast SEO plugin. -->","yoast_head_json":{"title":"Ocupa\u00e7\u00e3o Vito Giannotti Continua Realizando Planos de Habita\u00e7\u00e3o Acess\u00edvel na Regi\u00e3o do Porto - RioOnWatch","robots":{"index":"index","follow":"follow","max-snippet":"max-snippet:-1","max-image-preview":"max-image-preview:large","max-video-preview":"max-video-preview:-1"},"canonical":"https:\/\/rioonwatch.org.br\/?p=18717","og_locale":"pt_BR","og_type":"article","og_title":"Ocupa\u00e7\u00e3o Vito Giannotti Continua Realizando Planos de Habita\u00e7\u00e3o Acess\u00edvel na Regi\u00e3o do Porto - RioOnWatch","og_description":"Click Here for English Domingo,\u00a06 de mar\u00e7o, moradores e l\u00edderes de movimentos sociais da Ocupa\u00e7\u00e3o Vito Giannotti na Regi\u00e3o do Porto, em Santo Cristo, realizaram um terceiro\u00a0mutir\u00e3o para renovar o espa\u00e7o da ocupa\u00e7\u00e3o. Cerca de [...]","og_url":"https:\/\/rioonwatch.org.br\/?p=18717","og_site_name":"RioOnWatch","article_published_time":"2016-03-15T11:36:34+00:00","article_modified_time":"2016-03-18T10:34:29+00:00","og_image":[{"width":2000,"height":1039,"url":"https:\/\/rioonwatch.org.br\/wp-content\/uploads\/2016\/03\/Vito-Giannotti-Occupation-Pic.jpeg","type":"image\/jpeg"}],"author":"Felicity","twitter_card":"summary_large_image","twitter_misc":{"Escrito por":"Felicity","Est. tempo de leitura":"4 minutos"},"schema":{"@context":"https:\/\/schema.org","@graph":[{"@type":"Article","@id":"https:\/\/rioonwatch.org.br\/?p=18717#article","isPartOf":{"@id":"https:\/\/rioonwatch.org.br\/?p=18717"},"author":{"name":"Felicity","@id":"https:\/\/rioonwatch.org.br\/#\/schema\/person\/4d05cf5053c358ab740b3edd75a173f2"},"headline":"Ocupa\u00e7\u00e3o Vito Giannotti Continua Realizando Planos de Habita\u00e7\u00e3o Acess\u00edvel na Regi\u00e3o do Porto","datePublished":"2016-03-15T11:36:34+00:00","dateModified":"2016-03-18T10:34:29+00:00","mainEntityOfPage":{"@id":"https:\/\/rioonwatch.org.br\/?p=18717"},"wordCount":819,"publisher":{"@id":"https:\/\/rioonwatch.org.br\/#organization"},"image":{"@id":"https:\/\/rioonwatch.org.br\/?p=18717#primaryimage"},"thumbnailUrl":"https:\/\/rioonwatch.org.br\/wp-content\/uploads\/2016\/03\/Vito-Giannotti-Occupation-Pic.jpeg","keywords":["Direito \u00e0 Moradia","gentrifica\u00e7\u00e3o","habita\u00e7\u00e3o acess\u00edvel","habita\u00e7\u00e3o p\u00fablica","Minha Casa Minha Vida","Minha Casa Minha Vida-Entidades","moradia","movimentos sociais","mutir\u00e3o","Ocupa\u00e7\u00e3o","Ocupa\u00e7\u00e3o Vito Giannotti","Porto Maravilha","Regi\u00e3o do Porto"],"articleSection":["#OlhoNaGentrifica\u00e7\u00e3o","#OlhoNaParticipa\u00e7\u00e3o","*Destaque","Escrito por Aliados","Sociedade Civil","Solu\u00e7\u00f5es"],"inLanguage":"pt-BR"},{"@type":"WebPage","@id":"https:\/\/rioonwatch.org.br\/?p=18717","url":"https:\/\/rioonwatch.org.br\/?p=18717","name":"Ocupa\u00e7\u00e3o Vito Giannotti Continua Realizando Planos de Habita\u00e7\u00e3o Acess\u00edvel na Regi\u00e3o do Porto - RioOnWatch","isPartOf":{"@id":"https:\/\/rioonwatch.org.br\/#website"},"primaryImageOfPage":{"@id":"https:\/\/rioonwatch.org.br\/?p=18717#primaryimage"},"image":{"@id":"https:\/\/rioonwatch.org.br\/?p=18717#primaryimage"},"thumbnailUrl":"https:\/\/rioonwatch.org.br\/wp-content\/uploads\/2016\/03\/Vito-Giannotti-Occupation-Pic.jpeg","datePublished":"2016-03-15T11:36:34+00:00","dateModified":"2016-03-18T10:34:29+00:00","breadcrumb":{"@id":"https:\/\/rioonwatch.org.br\/?p=18717#breadcrumb"},"inLanguage":"pt-BR","potentialAction":[{"@type":"ReadAction","target":["https:\/\/rioonwatch.org.br\/?p=18717"]}]},{"@type":"ImageObject","inLanguage":"pt-BR","@id":"https:\/\/rioonwatch.org.br\/?p=18717#primaryimage","url":"https:\/\/rioonwatch.org.br\/wp-content\/uploads\/2016\/03\/Vito-Giannotti-Occupation-Pic.jpeg","contentUrl":"https:\/\/rioonwatch.org.br\/wp-content\/uploads\/2016\/03\/Vito-Giannotti-Occupation-Pic.jpeg","width":2000,"height":1039},{"@type":"BreadcrumbList","@id":"https:\/\/rioonwatch.org.br\/?p=18717#breadcrumb","itemListElement":[{"@type":"ListItem","position":1,"name":"In\u00edcio","item":"https:\/\/rioonwatch.org.br\/"},{"@type":"ListItem","position":2,"name":"Ocupa\u00e7\u00e3o Vito Giannotti Continua Realizando Planos de Habita\u00e7\u00e3o Acess\u00edvel na Regi\u00e3o do Porto"}]},{"@type":"WebSite","@id":"https:\/\/rioonwatch.org.br\/#website","url":"https:\/\/rioonwatch.org.br\/","name":"RioOnWatch","description":"relatos das favelas cariocas","publisher":{"@id":"https:\/\/rioonwatch.org.br\/#organization"},"potentialAction":[{"@type":"SearchAction","target":{"@type":"EntryPoint","urlTemplate":"https:\/\/rioonwatch.org.br\/?s={search_term_string}"},"query-input":{"@type":"PropertyValueSpecification","valueRequired":true,"valueName":"search_term_string"}}],"inLanguage":"pt-BR"},{"@type":"Organization","@id":"https:\/\/rioonwatch.org.br\/#organization","name":"RioOnWatch","url":"https:\/\/rioonwatch.org.br\/","logo":{"@type":"ImageObject","inLanguage":"pt-BR","@id":"https:\/\/rioonwatch.org.br\/#\/schema\/logo\/image\/","url":"https:\/\/rioonwatch.org.br\/wp-content\/uploads\/2021\/06\/RioOnWatchcabecalhoPT11anos-2.png","contentUrl":"https:\/\/rioonwatch.org.br\/wp-content\/uploads\/2021\/06\/RioOnWatchcabecalhoPT11anos-2.png","width":779,"height":277,"caption":"RioOnWatch"},"image":{"@id":"https:\/\/rioonwatch.org.br\/#\/schema\/logo\/image\/"}},{"@type":"Person","@id":"https:\/\/rioonwatch.org.br\/#\/schema\/person\/4d05cf5053c358ab740b3edd75a173f2","name":"Felicity","image":{"@type":"ImageObject","inLanguage":"pt-BR","@id":"https:\/\/rioonwatch.org.br\/#\/schema\/person\/image\/","url":"https:\/\/secure.gravatar.com\/avatar\/bfc904486dc0bba6015410a00fe3fc27?s=96&d=blank&r=g","contentUrl":"https:\/\/secure.gravatar.com\/avatar\/bfc904486dc0bba6015410a00fe3fc27?s=96&d=blank&r=g","caption":"Felicity"},"url":"https:\/\/rioonwatch.org.br\/?author=132"}]}},"_links":{"self":[{"href":"https:\/\/rioonwatch.org.br\/index.php?rest_route=\/wp\/v2\/posts\/18717"}],"collection":[{"href":"https:\/\/rioonwatch.org.br\/index.php?rest_route=\/wp\/v2\/posts"}],"about":[{"href":"https:\/\/rioonwatch.org.br\/index.php?rest_route=\/wp\/v2\/types\/post"}],"author":[{"embeddable":true,"href":"https:\/\/rioonwatch.org.br\/index.php?rest_route=\/wp\/v2\/users\/132"}],"replies":[{"embeddable":true,"href":"https:\/\/rioonwatch.org.br\/index.php?rest_route=%2Fwp%2Fv2%2Fcomments&post=18717"}],"version-history":[{"count":11,"href":"https:\/\/rioonwatch.org.br\/index.php?rest_route=\/wp\/v2\/posts\/18717\/revisions"}],"predecessor-version":[{"id":18808,"href":"https:\/\/rioonwatch.org.br\/index.php?rest_route=\/wp\/v2\/posts\/18717\/revisions\/18808"}],"wp:featuredmedia":[{"embeddable":true,"href":"https:\/\/rioonwatch.org.br\/index.php?rest_route=\/wp\/v2\/media\/18718"}],"wp:attachment":[{"href":"https:\/\/rioonwatch.org.br\/index.php?rest_route=%2Fwp%2Fv2%2Fmedia&parent=18717"}],"wp:term":[{"taxonomy":"category","embeddable":true,"href":"https:\/\/rioonwatch.org.br\/index.php?rest_route=%2Fwp%2Fv2%2Fcategories&post=18717"},{"taxonomy":"post_tag","embeddable":true,"href":"https:\/\/rioonwatch.org.br\/index.php?rest_route=%2Fwp%2Fv2%2Ftags&post=18717"},{"taxonomy":"writer","embeddable":true,"href":"https:\/\/rioonwatch.org.br\/index.php?rest_route=%2Fwp%2Fv2%2Fwriter&post=18717"},{"taxonomy":"translator","embeddable":true,"href":"https:\/\/rioonwatch.org.br\/index.php?rest_route=%2Fwp%2Fv2%2Ftranslator&post=18717"},{"taxonomy":"source","embeddable":true,"href":"https:\/\/rioonwatch.org.br\/index.php?rest_route=%2Fwp%2Fv2%2Fsource&post=18717"},{"taxonomy":"ilustrador","embeddable":true,"href":"https:\/\/rioonwatch.org.br\/index.php?rest_route=%2Fwp%2Fv2%2Filustrador&post=18717"},{"taxonomy":"fotografo","embeddable":true,"href":"https:\/\/rioonwatch.org.br\/index.php?rest_route=%2Fwp%2Fv2%2Ffotografo&post=18717"}],"curies":[{"name":"wp","href":"https:\/\/api.w.org\/{rel}","templated":true}]}}