{"id":18754,"date":"2016-03-21T09:20:43","date_gmt":"2016-03-21T12:20:43","guid":{"rendered":"http:\/\/rioonwatch.org.br\/?p=18754"},"modified":"2016-03-21T09:43:04","modified_gmt":"2016-03-21T12:43:04","slug":"coletivo-de-fotografos-imagens-do-povo-parte-3-resistencia-atraves-da-beleza","status":"publish","type":"post","link":"https:\/\/rioonwatch.org.br\/?p=18754","title":{"rendered":"Coletivo de Fot\u00f3grafos &#8216;Imagens do Povo&#8217; Parte 3: Resist\u00eancia Atrav\u00e9s da Beleza"},"content":{"rendered":"<p style=\"text-align: right;\"><em><strong><a href=\"http:\/\/bit.ly\/1QOYCrP\" target=\"_blank\">Click Here for English<img decoding=\"async\" width=\"20\" height=\"20\" class=\"alignright wp-image-15790\" src=\"http:\/\/rioonwatch.org.br\/wp-content\/uploads\/2012\/08\/EN-standard-e1439583104716.jpg\" alt=\"\" \/><\/a><\/strong><\/em><\/p>\n<p><em>Este \u00e9 o \u00faltimo artigo de uma <a href=\"http:\/\/bit.ly\/25fizSm\" target=\"_blank\">s\u00e9rie de tr\u00eas partes<\/a> sobre o coletivo de fotografia\u00a0<a href=\"http:\/\/bit.ly\/1NNP8M5\" target=\"_blank\">Imagens do Povo<\/a>.<\/em><\/p>\n<blockquote><p>&#8220;Eu acho que n\u00f3s estamos vivendo este grande conflito: uma hist\u00f3ria \u00fanica ou muitas hist\u00f3rias; a manuten\u00e7\u00e3o do status quo ou a produ\u00e7\u00e3o de grandes transforma\u00e7\u00f5es.&#8221;<\/p>\n<p>&#8220;Se voc\u00ea fotografar algu\u00e9m com dignidade, seja na dor ou alegria, voc\u00ea aproxima as pessoas. Mesmo que seja atrav\u00e9s de uma reflex\u00e3o cr\u00edtica, mas voc\u00ea aproxima as pessoas.&#8221; &#8211;\u00a0<span style=\"font-weight: 400;\">Jo\u00e3o Roberto Ripper<\/span><\/p><\/blockquote>\n<p class=\"p1\"><span class=\"s1\"><a href=\"http:\/\/bit.ly\/yci3Bl\" target=\"_blank\">Imagens do Povo<\/a> \u00e9 uma escola e um coletivo de fotografia baseado no\u00a0<a href=\"http:\/\/bit.ly\/10BvARw\" target=\"_blank\">Complexo da Mar\u00e9<\/a>. Foi fundado\u00a0<a href=\"http:\/\/bit.ly\/1RPRvzs\" target=\"_blank\">Jo\u00e3o Roberto Ripper<\/a>, um c\u00e9lebre fot\u00f3grafo documentarista que enfatizou os princ\u00edpios da dignidade e empatia. Os dois primeiros artigos desta s\u00e9rie apresentaram dois grupos de fot\u00f3grafos do Imagens do Povo: os \u2018<a href=\"http:\/\/bit.ly\/1McM8XD\" target=\"_blank\">rep\u00f3rteres-ativistas<\/a>&#8216;\u00a0e os \u2018<a href=\"http:\/\/bit.ly\/1NOgMea\" target=\"_blank\">arquivistas-documentaristas<\/a>&#8216;. Neste artigo iremos questionar como o trabalho destes fot\u00f3grafos pode ser enquadrado dentro das discuss\u00f5es sobre a produ\u00e7\u00e3o dos meios de comunica\u00e7\u00e3o sobre favelas, a est\u00e9tica das favelas, e as lutas de\u00a0<a href=\"http:\/\/bit.ly\/1piRAgk\" target=\"_blank\">resist\u00eancia<\/a>.<\/span><\/p>\n<figure id=\"attachment_18761\" aria-describedby=\"caption-attachment-18761\" style=\"width: 620px\" class=\"wp-caption aligncenter\"><a href=\"http:\/\/rioonwatch.org.br\/wp-content\/uploads\/2016\/03\/13_IMM005_30A.jpg\" rel=\"attachment wp-att-18761\"><img fetchpriority=\"high\" decoding=\"async\" class=\"wp-image-18761 size-medium\" title=\"Arte de rua que exibe um fot\u00f3grafo favelado jovem na Avenida Brasil, Complexo da Mar\u00e9. Foto por Andrea Cangialosi\" src=\"http:\/\/rioonwatch.org.br\/wp-content\/uploads\/2016\/03\/13_IMM005_30A-620x455.jpg\" alt=\"Arte de rua que descreve um fot\u00f3grafo favelado jovem na Avenida Brasil, Complexo da Mar\u00e9. Foto por Andrea Cangialosi\" width=\"620\" height=\"455\" srcset=\"https:\/\/rioonwatch.org.br\/wp-content\/uploads\/2016\/03\/13_IMM005_30A-620x455.jpg 620w, https:\/\/rioonwatch.org.br\/wp-content\/uploads\/2016\/03\/13_IMM005_30A-359x264.jpg 359w, https:\/\/rioonwatch.org.br\/wp-content\/uploads\/2016\/03\/13_IMM005_30A-768x564.jpg 768w, https:\/\/rioonwatch.org.br\/wp-content\/uploads\/2016\/03\/13_IMM005_30A.jpg 1024w\" sizes=\"(max-width: 620px) 100vw, 620px\" \/><\/a><figcaption id=\"caption-attachment-18761\" class=\"wp-caption-text\">Arte de rua que exibe um fot\u00f3grafo favelado jovem na Avenida Brasil, Complexo da Mar\u00e9. Foto por Andrea Cangialosi<\/figcaption><\/figure>\n<h3><b>Opress\u00e3o e resist\u00eancia no Complexo da Mar\u00e9<\/b><\/h3>\n<p>De acordo com os resultados da <a href=\"http:\/\/bit.ly\/1N28ezt\" target=\"_blank\">pesquisa<\/a> na qual esta s\u00e9rie foi baseada, no caso do coletivo Imagens do Povo, a varia\u00e7\u00e3o na forma de resist\u00eancia&#8211;pelo <a href=\"http:\/\/bit.ly\/1McM8XD\" target=\"_blank\">ativismo e den\u00fancias de viola\u00e7\u00f5es<\/a>, e por<a href=\"http:\/\/bit.ly\/1NNP8M5\" target=\"_blank\"> documenta\u00e7\u00e3o de identidades, cultura e vida di\u00e1ria<\/a>&#8211;responde \u00e0 varia\u00e7\u00e3o nas formas de opress\u00e3o sofridas. Estas formas de opress\u00e3o incluem <a href=\"http:\/\/bit.ly\/P4itK0\" target=\"_blank\">estigmatiza\u00e7\u00e3o<\/a> na <a href=\"http:\/\/bit.ly\/1NEoxpK\" target=\"_blank\">grande m\u00eddia<\/a> e no discurso do governo; <a href=\"http:\/\/bit.ly\/1LrRHIl\" target=\"_blank\">criminaliza\u00e7\u00e3o<\/a> dos <a href=\"http:\/\/bit.ly\/1XjdXct\" target=\"_blank\">movimentos sociais<\/a> e povos n\u00e3o-brancos e pobres passando por interven\u00e7\u00f5es militaristas; a <a href=\"http:\/\/bit.ly\/1qwYRu4\" target=\"_blank\">ocupa\u00e7\u00e3o de comunidades<\/a> e a <a href=\"http:\/\/bit.ly\/1zLJ2W9\" target=\"_blank\">viol\u00eancia<\/a>\u00a0do ex\u00e9rcito e da pol\u00edcia patrocinada pelo Estado; e <a href=\"http:\/\/bit.ly\/1w8pUjy\" target=\"_blank\">amea\u00e7as da tomada de espa\u00e7os p\u00fablicos<\/a> para o benef\u00edcio de interesses privados.<\/p>\n<p>O Imagens do Povo desempenha um papel fundamental na luta contra essas opress\u00f5es por envolver na disputa sobre a est\u00e9tica, s\u00edmbolos e conceitos relacionados com favelas. Suas fotografias lidam com a identidade e a representa\u00e7\u00e3o dos moradores da Mar\u00e9 e o impacto da compreens\u00e3o de si pr\u00f3prios, bem como sua rela\u00e7\u00e3o com a favela e a cidade em geral.\u00a0<span class=\"s1\">O fato dos moradores das favelas tomarem o controle dos meios e modos de produ\u00e7\u00e3o e reprodu\u00e7\u00e3o de imagens e do imagin\u00e1rio \u00e9 revolucion\u00e1rio, embora n\u00e3o novo.<\/span><\/p>\n<p><span style=\"line-height: 1.5;\">O editor associado da Revista<\/span><em style=\"line-height: 1.5;\"> artnet<\/em><span style=\"line-height: 1.5;\"> Ben Davis <\/span><a style=\"line-height: 1.5;\" href=\"http:\/\/artnt.cm\/1Pg7V6W\" target=\"_blank\">resume<\/a><span style=\"line-height: 1.5;\"> o fil\u00f3sofo franc\u00eas <\/span><a style=\"line-height: 1.5;\" href=\"http:\/\/bit.ly\/1UhvUpr\" target=\"_blank\">Jacques Ranci\u00e8re<\/a><span style=\"line-height: 1.5;\">,\u00a0<\/span><span class=\"s1\">quando escreve que \u201ca pol\u00edtica \u00e9 a luta de um n\u00e3o<\/span><span style=\"line-height: 1.5;\">\u00a0reconhecido pelo reconhecimento equitativo na ordem estabelecida&#8221;. Contra a &#8220;ordem estabelecida&#8221; das representa\u00e7\u00f5es dominantes da <\/span><a style=\"line-height: 1.5;\" href=\"http:\/\/bit.ly\/1NEoxpK\" target=\"_blank\">favela na m\u00eddia<\/a><span style=\"line-height: 1.5;\">, os fot\u00f3grafos do Imagens do Povo mostram uma perspectiva diferente, menos reconhecida, que, pela defini\u00e7\u00e3o de Ben Davis faz sua arte inerentemente uma luta pol\u00edtica.<\/span><\/p>\n<figure id=\"attachment_18762\" aria-describedby=\"caption-attachment-18762\" style=\"width: 620px\" class=\"wp-caption aligncenter\"><a href=\"http:\/\/rioonwatch.org.br\/wp-content\/uploads\/2016\/03\/3_DSCF3257.jpg\" rel=\"attachment wp-att-18762\"><img decoding=\"async\" class=\"wp-image-18762 size-medium\" title=\"Grafite com o jogo de palavras AMAR\u00c9. Foto por Andrea Cangialosi\" src=\"http:\/\/rioonwatch.org.br\/wp-content\/uploads\/2016\/03\/3_DSCF3257-620x448.jpg\" alt=\"Grafite com o jogo de palavras AMAR\u00c9. Foto por Andrea Cangialosi\" width=\"620\" height=\"448\" srcset=\"https:\/\/rioonwatch.org.br\/wp-content\/uploads\/2016\/03\/3_DSCF3257-620x448.jpg 620w, https:\/\/rioonwatch.org.br\/wp-content\/uploads\/2016\/03\/3_DSCF3257-365x264.jpg 365w, https:\/\/rioonwatch.org.br\/wp-content\/uploads\/2016\/03\/3_DSCF3257-768x555.jpg 768w, https:\/\/rioonwatch.org.br\/wp-content\/uploads\/2016\/03\/3_DSCF3257-1024x740.jpg 1024w\" sizes=\"(max-width: 620px) 100vw, 620px\" \/><\/a><figcaption id=\"caption-attachment-18762\" class=\"wp-caption-text\">Grafite com o jogo de palavras AMAR\u00c9. Foto por Andrea Cangialosi<\/figcaption><\/figure>\n<h3><b>Equilibrando as duas est\u00e9ticas com a pol\u00edtica<\/b><\/h3>\n<p>As abordagens do &#8216;<a href=\"http:\/\/bit.ly\/1McM8XD\" target=\"_blank\">reporter ativista<\/a>&#8216;\u00a0e do &#8216;<a href=\"http:\/\/bit.ly\/1NOgMea\" target=\"_blank\">arquivista-documentarista<\/a>&#8216; n\u00e3o se encaixam em categorias opostas de arte politicamente engajada de um lado e arte aut\u00f4noma e politicamente independente do outro. Em vez disso, essas duas abordagens encontram um equil\u00edbrio entre as\u00a0<a href=\"http:\/\/bit.ly\/1PVI3tp\" target=\"_blank\">ideias co-existentes de Ranci\u00e8re<\/a> da arte influenciada pela vida (e, portanto, tamb\u00e9m pela pol\u00edtica) e da arte que resiste a interfer\u00eancia ou\u00a0<a href=\"http:\/\/bit.ly\/21wgtsP\" target=\"_blank\">arte pela arte<\/a>. Cada forma expressa e resulta em potenciais pol\u00edticos e art\u00edsticos.<\/p>\n<p class=\"p1\"><span class=\"s1\">Os fot\u00f3grafos do Imagens do Povo mostram como este equil\u00edbrio tenso e a coexist\u00eancia entre arte e pol\u00edtica se encontram, como\u00a0<a href=\"http:\/\/bit.ly\/1PVI3tp\" target=\"_blank\">escreve<\/a> a historiadora de arte Sophie Berrebi, \u201cuma forma que pode existir no meio de duas est\u00e9ticas opostas\u201d.<\/span><\/p>\n<p class=\"p1\"><span class=\"s1\">No caso da abordagem do ativista-rep\u00f3rter, o trabalho dos artistas se funde, nas palavras de Sophie Berrebi, \u201ccom outras formas de atividade e de ser\u201d. A foto de Luiz Baltar, \u2018Marcha Contra o genoc\u00eddio de negros na Mar\u00e9\u2019, \u00e9 um claro exemplo da fotografia imersa em eventos pol\u00edticos e lutas:<\/span><\/p>\n<figure id=\"attachment_18763\" aria-describedby=\"caption-attachment-18763\" style=\"width: 620px\" class=\"wp-caption aligncenter\"><a href=\"http:\/\/rioonwatch.org.br\/wp-content\/uploads\/2016\/03\/Baltar2-630x1024-1.jpg\" rel=\"attachment wp-att-18763\"><img loading=\"lazy\" decoding=\"async\" class=\"wp-image-18763 size-large\" title=\"Marcha contra o Genoc\u00eddio de pessoas negras na Mar\u00e9. Foto por Luis Baltar, 6 de setembro de 2014.\" src=\"http:\/\/rioonwatch.org.br\/wp-content\/uploads\/2016\/03\/Baltar2-630x1024-1-630x1024.jpg\" alt=\"Marcha contra o Genoc\u00eddio de pessoas negras na Mar\u00e9. Foto por Luis Baltar, 6 de setembro de 2014.\" width=\"620\" height=\"1008\" srcset=\"https:\/\/rioonwatch.org.br\/wp-content\/uploads\/2016\/03\/Baltar2-630x1024-1.jpg 630w, https:\/\/rioonwatch.org.br\/wp-content\/uploads\/2016\/03\/Baltar2-630x1024-1-162x264.jpg 162w, https:\/\/rioonwatch.org.br\/wp-content\/uploads\/2016\/03\/Baltar2-630x1024-1-381x620.jpg 381w\" sizes=\"(max-width: 620px) 100vw, 620px\" \/><\/a><figcaption id=\"caption-attachment-18763\" class=\"wp-caption-text\">Marcha contra o genoc\u00eddio negro na Mar\u00e9. Foto por Luiz Baltar, 6 de setembro de 2014.<\/figcaption><\/figure>\n<p class=\"p1\"><span class=\"s1\">No caso da abordagem arquivista-documentarista, \u201co potencial pol\u00edtico da experi\u00eancia est\u00e9tica deriva da separa\u00e7\u00e3o da arte de outras formas de atividade\u201d. H\u00e1 uma resist\u00eancia passiva no artista dando um passo para tr\u00e1s em rela\u00e7\u00e3o aos problemas da vida pol\u00edtica e se aprofundando no dom\u00ednio da est\u00e9tica ou da beleza. A fotografia de Rat\u00e3o Diniz demonstra esse foco nas suas preocupa\u00e7\u00f5es art\u00edsticas e seus interesses fotogr\u00e1ficas pessoais.<\/span><\/p>\n<figure id=\"attachment_18764\" aria-describedby=\"caption-attachment-18764\" style=\"width: 620px\" class=\"wp-caption aligncenter\"><a href=\"http:\/\/rioonwatch.org.br\/wp-content\/uploads\/2016\/03\/0449_Ratao-Diniz_MG_7950-1024x683-1.jpg\" rel=\"attachment wp-att-18764\"><img loading=\"lazy\" decoding=\"async\" class=\"wp-image-18764 size-medium\" title=\"Membro da trupe Carro\u00e7a de Mamulengos de atores, m\u00fasicos, contadores de hist\u00f3rias e palha\u00e7os. Foto por Rat\u00e3o Diniz, 04 de dezembro de 2010\" src=\"http:\/\/rioonwatch.org.br\/wp-content\/uploads\/2016\/03\/0449_Ratao-Diniz_MG_7950-1024x683-1-620x414.jpg\" alt=\"Membro da trupe Carro\u00e7a de Mamulengos de atores, m\u00fasicos, contadores de hist\u00f3rias e palha\u00e7os. Foto por Rat\u00e3o Diniz, 04 de dezembro de 2010.\" width=\"620\" height=\"414\" srcset=\"https:\/\/rioonwatch.org.br\/wp-content\/uploads\/2016\/03\/0449_Ratao-Diniz_MG_7950-1024x683-1-620x414.jpg 620w, https:\/\/rioonwatch.org.br\/wp-content\/uploads\/2016\/03\/0449_Ratao-Diniz_MG_7950-1024x683-1-396x264.jpg 396w, https:\/\/rioonwatch.org.br\/wp-content\/uploads\/2016\/03\/0449_Ratao-Diniz_MG_7950-1024x683-1-768x512.jpg 768w, https:\/\/rioonwatch.org.br\/wp-content\/uploads\/2016\/03\/0449_Ratao-Diniz_MG_7950-1024x683-1.jpg 1024w\" sizes=\"(max-width: 620px) 100vw, 620px\" \/><\/a><figcaption id=\"caption-attachment-18764\" class=\"wp-caption-text\">Membro da trupe Carro\u00e7a de Mamulengos de atores, m\u00fasicos, contadores de hist\u00f3rias e palha\u00e7os. Foto por Rat\u00e3o Diniz, 04 de dezembro de 2010.<\/figcaption><\/figure>\n<h3><b>Empatia mais do que choque<\/b><\/h3>\n<p>Ben Davis <a href=\"http:\/\/artnt.cm\/1Pg7V6W\" target=\"_blank\">escreve<\/a> que a est\u00e9tica&#8211;o conjunto de princ\u00edpios relacionados com a natureza e a aprecia\u00e7\u00e3o da beleza, gosto e arte&#8211;\u00e9 a luta &#8220;sobre a imagem da sociedade&#8211;o que \u00e9 permitido dizer ou mostrar&#8221;.<\/p>\n<p class=\"p1\"><span class=\"s1\">A pesquisadora de m\u00eddia brasileira Beatriz Jaguaribe\u00a0<a href=\"http:\/\/bit.ly\/21wkbm9\" target=\"_blank\">argumenta<\/a> que a est\u00e9tica brasileira \u00e9 muitas vezes caracterizada por o que ela chama de \u2018choque do real\u2018. A realidade, como representada na grande m\u00eddia, \u00e9 retratada por meio de eventos e narrativas chocantes, que s\u00e3o retratadas como normais.<\/span><\/p>\n<p>Em contraste, a fotografia &#8217;emp\u00e1tica&#8217; do Imagens do Povo tem um foco diferente. Que lembra a ideia de Ranci\u00e8re de <a href=\"http:\/\/bit.ly\/1PVI3tp\" target=\"_blank\">est\u00e9tica relacional<\/a>, em que &#8220;a arte existe para trazer os la\u00e7os sociais entre as pessoas&#8221;, especialmente os marginalizados pela sociedade.\u00a0<span style=\"line-height: 1.5;\">A imagem por Monara Barretto de um grafiteiro de uma favela de\u00a0<\/span><a style=\"line-height: 1.5;\" href=\"http:\/\/bit.ly\/1ublIlF\" target=\"_blank\">S\u00e3o Paulo<\/a><span style=\"line-height: 1.5;\">\u00a0que realizou sua arte na Mar\u00e9 cumpre este objetivo literalmente. Ele destaca a arte e a troca de cultura tendo lugar nas favelas, sem referenciar eventos \u201cchocantes\u201d como a viol\u00eancia e a pobreza.<\/span><\/p>\n<figure id=\"attachment_18765\" aria-describedby=\"caption-attachment-18765\" style=\"width: 620px\" class=\"wp-caption aligncenter\"><a href=\"http:\/\/rioonwatch.org.br\/wp-content\/uploads\/2016\/03\/Monara1LOW-1024x768-1.jpg\" rel=\"attachment wp-att-18765\"><img loading=\"lazy\" decoding=\"async\" class=\"wp-image-18765 size-medium\" title=\"Grafiteiro Bruno Smoky da favela Brasil\u00e2ndia em S\u00e3o Paulo contribui para a obra de arte na mais nova favela da Mar\u00e9. Foto por Monara Barreto, 14 de mar\u00e7o de 2014\" src=\"http:\/\/rioonwatch.org.br\/wp-content\/uploads\/2016\/03\/Monara1LOW-1024x768-1-620x465.jpg\" alt=\"Grafiteiro Bruno Smoky da favela Brasil\u00e2ndia em S\u00e3o Paulo contribui para a obra de arte na mais nova favela da Mar\u00e9. Foto por Monara Barreto, 14 de mar\u00e7o de 2014.\" width=\"620\" height=\"465\" srcset=\"https:\/\/rioonwatch.org.br\/wp-content\/uploads\/2016\/03\/Monara1LOW-1024x768-1-620x465.jpg 620w, https:\/\/rioonwatch.org.br\/wp-content\/uploads\/2016\/03\/Monara1LOW-1024x768-1-352x264.jpg 352w, https:\/\/rioonwatch.org.br\/wp-content\/uploads\/2016\/03\/Monara1LOW-1024x768-1-768x576.jpg 768w, https:\/\/rioonwatch.org.br\/wp-content\/uploads\/2016\/03\/Monara1LOW-1024x768-1.jpg 1024w, https:\/\/rioonwatch.org.br\/wp-content\/uploads\/2016\/03\/Monara1LOW-1024x768-1-174x131.jpg 174w, https:\/\/rioonwatch.org.br\/wp-content\/uploads\/2016\/03\/Monara1LOW-1024x768-1-300x225.jpg 300w, https:\/\/rioonwatch.org.br\/wp-content\/uploads\/2016\/03\/Monara1LOW-1024x768-1-70x53.jpg 70w\" sizes=\"(max-width: 620px) 100vw, 620px\" \/><\/a><figcaption id=\"caption-attachment-18765\" class=\"wp-caption-text\">Grafiteiro Bruno Smoky da favela Brasil\u00e2ndia em S\u00e3o Paulo contribui para a obra de arte na mais nova favela da Mar\u00e9. Foto por Monara Barreto, 14 de mar\u00e7o de 2014.<\/figcaption><\/figure>\n<p class=\"p1\"><span class=\"s1\">Ao usar a empatia mais do que o choque, a fotografia do Imagens do Povo contrasta com as realidades sujas, violentas e sem esperan\u00e7a retratadas pela grande m\u00eddia.<\/span><\/p>\n<p class=\"p1\"><span class=\"s1\">Jaguaribe argumenta que as narrativas \u2018chocantes\u2019 da grande m\u00eddia e do senso comum s\u00e3o baseadas em suposi\u00e7\u00f5es e preconceitos simplificados. O te\u00f3rico de arte Joseph Nechvatal\u00a0<a href=\"http:\/\/bit.ly\/20viZAE\" target=\"_blank\">destaca o argumento de Ranci\u00e9re<\/a> que as contra-narrativas como as mostradas pelo Imagens do Povo s\u00e3o cada vez mais importantes hoje \u201cpara combater os efeitos de simplifica\u00e7\u00e3o da nossa \u00e9poca\u201d, que resultam \u201cdo excesso de mensagens de entretenimento orientadas para o consumidor, e propaganda pol\u00edtica que a m\u00eddia de massa aplica para nos alimentar diariamente com interesses de lucro corporativo e manipula\u00e7\u00f5es psicol\u00f3gicas governamentais\u201d.<\/span><\/p>\n<h3><b>Equilibrando\u00a0\u2018<\/b><b>atos de exist\u00eancia<\/b><b>\u2019 e \u2018<\/b><b>vida pulsante<\/b><b>\u2019<\/b><\/h3>\n<p>Em meio as significativas transforma\u00e7\u00f5es no Rio, com o programa das <a href=\"http:\/\/bit.ly\/R5ueio\" target=\"_blank\">UPPs<\/a>, <a href=\"http:\/\/bit.ly\/WfaiMR\" target=\"_blank\">Copa do Mundo<\/a> e as <a href=\"http:\/\/bit.ly\/PkLXlQ\" target=\"_blank\">Olimp\u00edadas<\/a>, os fot\u00f3grafos do Imagens do Povo mostram que n\u00e3o h\u00e1 maior megaevento que a pr\u00f3pria vida. Esta abordagem se alinha com a <a href=\"http:\/\/bit.ly\/1PVLS1H\" target=\"_blank\">pol\u00edtica da est\u00e9tica<\/a> de Ranci\u00e8re, o que demanda a &#8220;honra conferida ao lugar comum, mostrando sintomas de uma \u00e9poca, de uma sociedade, ou de uma civiliza\u00e7\u00e3o nos detalhes minuciosos da vida comum&#8221;. O fot\u00f3grafo Francisco Valdean procura constantemente e captura a beleza em cenas comuns em favelas, como nesta foto das crian\u00e7as que brincam na Mar\u00e9:<\/p>\n<figure id=\"attachment_18759\" aria-describedby=\"caption-attachment-18759\" style=\"width: 620px\" class=\"wp-caption aligncenter\"><a href=\"http:\/\/rioonwatch.org.br\/wp-content\/uploads\/2016\/03\/Valdean1-682x1024-1.jpg\" rel=\"attachment wp-att-18759\"><img loading=\"lazy\" decoding=\"async\" class=\"wp-image-18759 size-large\" title=\"Crian\u00e7as no Timbau, Mar\u00e9. Foto por Francisco Valdean\" src=\"http:\/\/rioonwatch.org.br\/wp-content\/uploads\/2016\/03\/Valdean1-682x1024-1-682x1024.jpg\" alt=\"Crian\u00e7as no Timbau, Mar\u00e9. Foto por Francisco Valdean\" width=\"620\" height=\"931\" srcset=\"https:\/\/rioonwatch.org.br\/wp-content\/uploads\/2016\/03\/Valdean1-682x1024-1.jpg 682w, https:\/\/rioonwatch.org.br\/wp-content\/uploads\/2016\/03\/Valdean1-682x1024-1-413x620.jpg 413w, https:\/\/rioonwatch.org.br\/wp-content\/uploads\/2016\/03\/Valdean1-682x1024-1-419x629.jpg 419w\" sizes=\"(max-width: 620px) 100vw, 620px\" \/><\/a><figcaption id=\"caption-attachment-18759\" class=\"wp-caption-text\">Crian\u00e7as no Timbau, Mar\u00e9. Foto por Francisco Valdean<\/figcaption><\/figure>\n<p class=\"p1\"><span class=\"s1\">Imagens do Povo \u00e9 dedicado ao processo que Ranci\u00e8re descreve, de honrar e revelar. Mostrar beleza, felicidade e boa vontade, independentemente das adversidades sociais ou geogr\u00e1ficas \u00e9 a chave para a luta contra a\u00a0<a href=\"http:\/\/bit.ly\/P4itK0\" target=\"_blank\">estigmatiza\u00e7\u00e3o<\/a>. Assim, cada fotografia do Imagens do Povo que contesta a interpreta\u00e7\u00e3o dominante e que captura a vida di\u00e1ria est\u00e1 resistindo \u00e0 opress\u00e3o, ao mesmo tempo que fortalece as identidades e rela\u00e7\u00f5es sociais.<\/span><\/p>\n<p class=\"p1\"><span class=\"s1\">Nas palavras de\u00a0<a href=\"http:\/\/bit.ly\/1NOgMea\" target=\"_blank\">Rat\u00e3o Diniz<\/a>, um antigo fot\u00f3grafo do Imagens do Povo, seu trabalho \u00e9 \u201cdenunciar [a opress\u00e3o] atrav\u00e9s da beleza, a beleza das favelas!\u201d Na verdade, o objetivo \u00e9 honrar e preservar a vida pulsante das favelas: tais medidas podem vir a ser chamadas tanto de atos de exist\u00eancia e atos de resist\u00eancia.<\/span><\/p>\n<p class=\"p1\"><span class=\"s1\">O sentimento de equil\u00edbrio e de afirma\u00e7\u00e3o da beleza por tr\u00e1s da fotografia do Imagens do Povo se reflete nas palavras do poema de Shane Koyczan, &#8220;<a href=\"http:\/\/bit.ly\/1QvrN56\" target=\"_blank\">Para este dia<\/a>&#8220;: \u201cNossas vidas s\u00f3 poder\u00e3o sempre \/ Continuar a ser \/ Um ato de equil\u00edbrio \/ Que tem menos a ver com a dor \/ E mais a ver com a beleza\u201d.<\/span><\/p>\n<p><em>Andrea Cangialosi realizou um mestrado internacional em Sociologia nas universidades de Freiburg, Buenos Aires e Bangkok. Esta s\u00e9rie \u00e9 baseada em sua pesquisa como <a href=\"http:\/\/bit.ly\/21wmh5k\" target=\"_blank\">rep\u00f3rter do RioOnWatch<\/a> e no seu trabalho de campo para sua tese &#8220;<a href=\"http:\/\/bit.ly\/1N28ezt\" target=\"_blank\">Vida Pulsante<\/a><a href=\"http:\/\/bit.ly\/1N28ezt\" target=\"_blank\">: Rio\u2019s Mega-Events Footprints, Oppressions and Resistances in Mar\u00e9 Favelas as Pictured by Imagens do Povo Photographers<\/a>&#8221;\u00a0<\/em><span class=\"s1\">(Vida Pulsante: As pegadas dos Megaeventos, Opress\u00f5es e Resist\u00eancias na Favela da Mar\u00e9 no Rio de Janeiro Retratadas pelos Fot\u00f3grafos do Imagens do Povo).<\/span><\/p>\n<!-- AddThis Advanced Settings generic via filter on the_content --><!-- AddThis Share Buttons generic via filter on the_content -->","protected":false},"excerpt":{"rendered":"<div class=\"mh-excerpt\"><p>Click Here for English Este \u00e9 o \u00faltimo artigo de uma s\u00e9rie de tr\u00eas partes sobre o coletivo de fotografia\u00a0Imagens do Povo. &#8220;Eu acho que n\u00f3s estamos vivendo este grande conflito: uma hist\u00f3ria \u00fanica ou <a class=\"mh-excerpt-more\" href=\"https:\/\/rioonwatch.org.br\/?p=18754\" title=\"Coletivo de Fot\u00f3grafos &#8216;Imagens do Povo&#8217; Parte 3: Resist\u00eancia Atrav\u00e9s da Beleza\">[&#8230;]<\/a><!-- AddThis Advanced Settings generic via filter on get_the_excerpt --><!-- AddThis Share Buttons generic via filter on get_the_excerpt --><\/p>\n<\/div>","protected":false},"author":129,"featured_media":18759,"comment_status":"closed","ping_status":"closed","sticky":false,"template":"","format":"standard","meta":{"_acf_changed":false,"_monsterinsights_skip_tracking":false,"_monsterinsights_sitenote_active":false,"_monsterinsights_sitenote_note":"","_monsterinsights_sitenote_category":0,"footnotes":""},"categories":[1615,1632,1626,1613,1616,1612,342],"tags":[386,334,332,1530,88,83,1720,1760,358,432,1814,476,92,218],"writer":[1237],"translator":[273],"source":[],"ilustrador":[],"fotografo":[],"class_list":{"0":"post-18754","1":"post","2":"type-post","3":"status-publish","4":"format-standard","5":"has-post-thumbnail","7":"category-cultura-da-favela","8":"category-pesquisa-e-analise","9":"category-por-observadores-internacionais","10":"category-midia-comunitaria","11":"category-qualidades-da-favela","12":"category-sociedade-civil","13":"category-solucoes","14":"tag-estigma","15":"tag-arte","16":"tag-complexo-da-mare","17":"tag-midia-comunitaria","18":"tag-direitos-humanos","19":"tag-fotografia","20":"tag-imagens-do-povo","21":"tag-narrativa-midiatica","22":"tag-organizacao-comunitaria","23":"tag-resistencia","24":"tag-serie-imagens-do-povo","25":"tag-solucao-comunitaria","26":"tag-upp","27":"tag-zona-norte","28":"writer-andrea-cangialosi","29":"translator-roseli-franco"},"acf":[],"yoast_head":"<!-- This site is optimized with the Yoast SEO plugin v25.6 - https:\/\/yoast.com\/wordpress\/plugins\/seo\/ -->\n<title>Coletivo de Fot\u00f3grafos &#039;Imagens do Povo&#039; Parte 3: Resist\u00eancia Atrav\u00e9s da Beleza - RioOnWatch<\/title>\n<meta name=\"robots\" content=\"index, follow, max-snippet:-1, max-image-preview:large, max-video-preview:-1\" \/>\n<link rel=\"canonical\" href=\"https:\/\/rioonwatch.org.br\/?p=18754\" \/>\n<meta property=\"og:locale\" content=\"pt_BR\" \/>\n<meta property=\"og:type\" content=\"article\" \/>\n<meta property=\"og:title\" content=\"Coletivo de Fot\u00f3grafos &#039;Imagens do Povo&#039; Parte 3: Resist\u00eancia Atrav\u00e9s da Beleza - RioOnWatch\" \/>\n<meta property=\"og:description\" content=\"Click Here for English Este \u00e9 o \u00faltimo artigo de uma s\u00e9rie de tr\u00eas partes sobre o coletivo de fotografia\u00a0Imagens do Povo. &#8220;Eu acho que n\u00f3s estamos vivendo este grande conflito: uma hist\u00f3ria \u00fanica ou [...]\" \/>\n<meta property=\"og:url\" content=\"https:\/\/rioonwatch.org.br\/?p=18754\" \/>\n<meta property=\"og:site_name\" content=\"RioOnWatch\" \/>\n<meta property=\"article:published_time\" content=\"2016-03-21T12:20:43+00:00\" \/>\n<meta property=\"article:modified_time\" content=\"2016-03-21T12:43:04+00:00\" \/>\n<meta property=\"og:image\" content=\"https:\/\/rioonwatch.org.br\/wp-content\/uploads\/2016\/03\/Valdean1-682x1024-1.jpg\" \/>\n\t<meta property=\"og:image:width\" content=\"682\" \/>\n\t<meta property=\"og:image:height\" content=\"1024\" \/>\n\t<meta property=\"og:image:type\" content=\"image\/jpeg\" \/>\n<meta name=\"author\" content=\"Admin\" \/>\n<meta name=\"twitter:card\" content=\"summary_large_image\" \/>\n<meta name=\"twitter:label1\" content=\"Escrito por\" \/>\n\t<meta name=\"twitter:data1\" content=\"Admin\" \/>\n\t<meta name=\"twitter:label2\" content=\"Est. tempo de leitura\" \/>\n\t<meta name=\"twitter:data2\" content=\"8 minutos\" \/>\n<script type=\"application\/ld+json\" class=\"yoast-schema-graph\">{\"@context\":\"https:\/\/schema.org\",\"@graph\":[{\"@type\":\"Article\",\"@id\":\"https:\/\/rioonwatch.org.br\/?p=18754#article\",\"isPartOf\":{\"@id\":\"https:\/\/rioonwatch.org.br\/?p=18754\"},\"author\":{\"name\":\"Admin\",\"@id\":\"https:\/\/rioonwatch.org.br\/#\/schema\/person\/11d64c290506f9df50c71b850c473f68\"},\"headline\":\"Coletivo de Fot\u00f3grafos &#8216;Imagens do Povo&#8217; Parte 3: Resist\u00eancia Atrav\u00e9s da Beleza\",\"datePublished\":\"2016-03-21T12:20:43+00:00\",\"dateModified\":\"2016-03-21T12:43:04+00:00\",\"mainEntityOfPage\":{\"@id\":\"https:\/\/rioonwatch.org.br\/?p=18754\"},\"wordCount\":1636,\"publisher\":{\"@id\":\"https:\/\/rioonwatch.org.br\/#organization\"},\"image\":{\"@id\":\"https:\/\/rioonwatch.org.br\/?p=18754#primaryimage\"},\"thumbnailUrl\":\"https:\/\/rioonwatch.org.br\/wp-content\/uploads\/2016\/03\/Valdean1-682x1024-1.jpg\",\"keywords\":[\"#StopFavelaStigma\",\"arte\",\"Complexo da Mar\u00e9\",\"Comunica\u00e7\u00e3o Comunit\u00e1ria\",\"Direitos Humanos\",\"fotografia\",\"Imagens do Povo\",\"narrativa midi\u00e1tica\",\"organiza\u00e7\u00e3o comunit\u00e1ria\",\"resist\u00eancia\",\"S\u00e9rie: Imagens do Povo\",\"solu\u00e7\u00e3o comunit\u00e1ria\",\"UPP\",\"Zona Norte\"],\"articleSection\":[\"Cultura da Favela\",\"Dados e Pesquisa\",\"Escrito por Aliados\",\"M\u00eddia Comunit\u00e1ria\",\"Qualidades da Favela\",\"Sociedade Civil\",\"Solu\u00e7\u00f5es\"],\"inLanguage\":\"pt-BR\"},{\"@type\":\"WebPage\",\"@id\":\"https:\/\/rioonwatch.org.br\/?p=18754\",\"url\":\"https:\/\/rioonwatch.org.br\/?p=18754\",\"name\":\"Coletivo de Fot\u00f3grafos 'Imagens do Povo' Parte 3: Resist\u00eancia Atrav\u00e9s da Beleza - RioOnWatch\",\"isPartOf\":{\"@id\":\"https:\/\/rioonwatch.org.br\/#website\"},\"primaryImageOfPage\":{\"@id\":\"https:\/\/rioonwatch.org.br\/?p=18754#primaryimage\"},\"image\":{\"@id\":\"https:\/\/rioonwatch.org.br\/?p=18754#primaryimage\"},\"thumbnailUrl\":\"https:\/\/rioonwatch.org.br\/wp-content\/uploads\/2016\/03\/Valdean1-682x1024-1.jpg\",\"datePublished\":\"2016-03-21T12:20:43+00:00\",\"dateModified\":\"2016-03-21T12:43:04+00:00\",\"breadcrumb\":{\"@id\":\"https:\/\/rioonwatch.org.br\/?p=18754#breadcrumb\"},\"inLanguage\":\"pt-BR\",\"potentialAction\":[{\"@type\":\"ReadAction\",\"target\":[\"https:\/\/rioonwatch.org.br\/?p=18754\"]}]},{\"@type\":\"ImageObject\",\"inLanguage\":\"pt-BR\",\"@id\":\"https:\/\/rioonwatch.org.br\/?p=18754#primaryimage\",\"url\":\"https:\/\/rioonwatch.org.br\/wp-content\/uploads\/2016\/03\/Valdean1-682x1024-1.jpg\",\"contentUrl\":\"https:\/\/rioonwatch.org.br\/wp-content\/uploads\/2016\/03\/Valdean1-682x1024-1.jpg\",\"width\":682,\"height\":1024,\"caption\":\"Crian\u00e7as no Timbau, Mar\u00e9. Foto por Francisco Valdean\"},{\"@type\":\"BreadcrumbList\",\"@id\":\"https:\/\/rioonwatch.org.br\/?p=18754#breadcrumb\",\"itemListElement\":[{\"@type\":\"ListItem\",\"position\":1,\"name\":\"In\u00edcio\",\"item\":\"https:\/\/rioonwatch.org.br\/\"},{\"@type\":\"ListItem\",\"position\":2,\"name\":\"Coletivo de Fot\u00f3grafos &#8216;Imagens do Povo&#8217; Parte 3: Resist\u00eancia Atrav\u00e9s da Beleza\"}]},{\"@type\":\"WebSite\",\"@id\":\"https:\/\/rioonwatch.org.br\/#website\",\"url\":\"https:\/\/rioonwatch.org.br\/\",\"name\":\"RioOnWatch\",\"description\":\"relatos das favelas cariocas\",\"publisher\":{\"@id\":\"https:\/\/rioonwatch.org.br\/#organization\"},\"potentialAction\":[{\"@type\":\"SearchAction\",\"target\":{\"@type\":\"EntryPoint\",\"urlTemplate\":\"https:\/\/rioonwatch.org.br\/?s={search_term_string}\"},\"query-input\":{\"@type\":\"PropertyValueSpecification\",\"valueRequired\":true,\"valueName\":\"search_term_string\"}}],\"inLanguage\":\"pt-BR\"},{\"@type\":\"Organization\",\"@id\":\"https:\/\/rioonwatch.org.br\/#organization\",\"name\":\"RioOnWatch\",\"url\":\"https:\/\/rioonwatch.org.br\/\",\"logo\":{\"@type\":\"ImageObject\",\"inLanguage\":\"pt-BR\",\"@id\":\"https:\/\/rioonwatch.org.br\/#\/schema\/logo\/image\/\",\"url\":\"https:\/\/rioonwatch.org.br\/wp-content\/uploads\/2021\/06\/RioOnWatchcabecalhoPT11anos-2.png\",\"contentUrl\":\"https:\/\/rioonwatch.org.br\/wp-content\/uploads\/2021\/06\/RioOnWatchcabecalhoPT11anos-2.png\",\"width\":779,\"height\":277,\"caption\":\"RioOnWatch\"},\"image\":{\"@id\":\"https:\/\/rioonwatch.org.br\/#\/schema\/logo\/image\/\"}},{\"@type\":\"Person\",\"@id\":\"https:\/\/rioonwatch.org.br\/#\/schema\/person\/11d64c290506f9df50c71b850c473f68\",\"name\":\"Admin\",\"image\":{\"@type\":\"ImageObject\",\"inLanguage\":\"pt-BR\",\"@id\":\"https:\/\/rioonwatch.org.br\/#\/schema\/person\/image\/\",\"url\":\"https:\/\/secure.gravatar.com\/avatar\/56211ac74568383903349a1485e3c325?s=96&d=blank&r=g\",\"contentUrl\":\"https:\/\/secure.gravatar.com\/avatar\/56211ac74568383903349a1485e3c325?s=96&d=blank&r=g\",\"caption\":\"Admin\"},\"url\":\"https:\/\/rioonwatch.org.br\/?author=129\"}]}<\/script>\n<!-- \/ Yoast SEO plugin. -->","yoast_head_json":{"title":"Coletivo de Fot\u00f3grafos 'Imagens do Povo' Parte 3: Resist\u00eancia Atrav\u00e9s da Beleza - RioOnWatch","robots":{"index":"index","follow":"follow","max-snippet":"max-snippet:-1","max-image-preview":"max-image-preview:large","max-video-preview":"max-video-preview:-1"},"canonical":"https:\/\/rioonwatch.org.br\/?p=18754","og_locale":"pt_BR","og_type":"article","og_title":"Coletivo de Fot\u00f3grafos 'Imagens do Povo' Parte 3: Resist\u00eancia Atrav\u00e9s da Beleza - RioOnWatch","og_description":"Click Here for English Este \u00e9 o \u00faltimo artigo de uma s\u00e9rie de tr\u00eas partes sobre o coletivo de fotografia\u00a0Imagens do Povo. &#8220;Eu acho que n\u00f3s estamos vivendo este grande conflito: uma hist\u00f3ria \u00fanica ou [...]","og_url":"https:\/\/rioonwatch.org.br\/?p=18754","og_site_name":"RioOnWatch","article_published_time":"2016-03-21T12:20:43+00:00","article_modified_time":"2016-03-21T12:43:04+00:00","og_image":[{"width":682,"height":1024,"url":"https:\/\/rioonwatch.org.br\/wp-content\/uploads\/2016\/03\/Valdean1-682x1024-1.jpg","type":"image\/jpeg"}],"author":"Admin","twitter_card":"summary_large_image","twitter_misc":{"Escrito por":"Admin","Est. tempo de leitura":"8 minutos"},"schema":{"@context":"https:\/\/schema.org","@graph":[{"@type":"Article","@id":"https:\/\/rioonwatch.org.br\/?p=18754#article","isPartOf":{"@id":"https:\/\/rioonwatch.org.br\/?p=18754"},"author":{"name":"Admin","@id":"https:\/\/rioonwatch.org.br\/#\/schema\/person\/11d64c290506f9df50c71b850c473f68"},"headline":"Coletivo de Fot\u00f3grafos &#8216;Imagens do Povo&#8217; Parte 3: Resist\u00eancia Atrav\u00e9s da Beleza","datePublished":"2016-03-21T12:20:43+00:00","dateModified":"2016-03-21T12:43:04+00:00","mainEntityOfPage":{"@id":"https:\/\/rioonwatch.org.br\/?p=18754"},"wordCount":1636,"publisher":{"@id":"https:\/\/rioonwatch.org.br\/#organization"},"image":{"@id":"https:\/\/rioonwatch.org.br\/?p=18754#primaryimage"},"thumbnailUrl":"https:\/\/rioonwatch.org.br\/wp-content\/uploads\/2016\/03\/Valdean1-682x1024-1.jpg","keywords":["#StopFavelaStigma","arte","Complexo da Mar\u00e9","Comunica\u00e7\u00e3o Comunit\u00e1ria","Direitos Humanos","fotografia","Imagens do Povo","narrativa midi\u00e1tica","organiza\u00e7\u00e3o comunit\u00e1ria","resist\u00eancia","S\u00e9rie: Imagens do Povo","solu\u00e7\u00e3o comunit\u00e1ria","UPP","Zona Norte"],"articleSection":["Cultura da Favela","Dados e Pesquisa","Escrito por Aliados","M\u00eddia Comunit\u00e1ria","Qualidades da Favela","Sociedade Civil","Solu\u00e7\u00f5es"],"inLanguage":"pt-BR"},{"@type":"WebPage","@id":"https:\/\/rioonwatch.org.br\/?p=18754","url":"https:\/\/rioonwatch.org.br\/?p=18754","name":"Coletivo de Fot\u00f3grafos 'Imagens do Povo' Parte 3: Resist\u00eancia Atrav\u00e9s da Beleza - RioOnWatch","isPartOf":{"@id":"https:\/\/rioonwatch.org.br\/#website"},"primaryImageOfPage":{"@id":"https:\/\/rioonwatch.org.br\/?p=18754#primaryimage"},"image":{"@id":"https:\/\/rioonwatch.org.br\/?p=18754#primaryimage"},"thumbnailUrl":"https:\/\/rioonwatch.org.br\/wp-content\/uploads\/2016\/03\/Valdean1-682x1024-1.jpg","datePublished":"2016-03-21T12:20:43+00:00","dateModified":"2016-03-21T12:43:04+00:00","breadcrumb":{"@id":"https:\/\/rioonwatch.org.br\/?p=18754#breadcrumb"},"inLanguage":"pt-BR","potentialAction":[{"@type":"ReadAction","target":["https:\/\/rioonwatch.org.br\/?p=18754"]}]},{"@type":"ImageObject","inLanguage":"pt-BR","@id":"https:\/\/rioonwatch.org.br\/?p=18754#primaryimage","url":"https:\/\/rioonwatch.org.br\/wp-content\/uploads\/2016\/03\/Valdean1-682x1024-1.jpg","contentUrl":"https:\/\/rioonwatch.org.br\/wp-content\/uploads\/2016\/03\/Valdean1-682x1024-1.jpg","width":682,"height":1024,"caption":"Crian\u00e7as no Timbau, Mar\u00e9. Foto por Francisco Valdean"},{"@type":"BreadcrumbList","@id":"https:\/\/rioonwatch.org.br\/?p=18754#breadcrumb","itemListElement":[{"@type":"ListItem","position":1,"name":"In\u00edcio","item":"https:\/\/rioonwatch.org.br\/"},{"@type":"ListItem","position":2,"name":"Coletivo de Fot\u00f3grafos &#8216;Imagens do Povo&#8217; Parte 3: Resist\u00eancia Atrav\u00e9s da Beleza"}]},{"@type":"WebSite","@id":"https:\/\/rioonwatch.org.br\/#website","url":"https:\/\/rioonwatch.org.br\/","name":"RioOnWatch","description":"relatos das favelas cariocas","publisher":{"@id":"https:\/\/rioonwatch.org.br\/#organization"},"potentialAction":[{"@type":"SearchAction","target":{"@type":"EntryPoint","urlTemplate":"https:\/\/rioonwatch.org.br\/?s={search_term_string}"},"query-input":{"@type":"PropertyValueSpecification","valueRequired":true,"valueName":"search_term_string"}}],"inLanguage":"pt-BR"},{"@type":"Organization","@id":"https:\/\/rioonwatch.org.br\/#organization","name":"RioOnWatch","url":"https:\/\/rioonwatch.org.br\/","logo":{"@type":"ImageObject","inLanguage":"pt-BR","@id":"https:\/\/rioonwatch.org.br\/#\/schema\/logo\/image\/","url":"https:\/\/rioonwatch.org.br\/wp-content\/uploads\/2021\/06\/RioOnWatchcabecalhoPT11anos-2.png","contentUrl":"https:\/\/rioonwatch.org.br\/wp-content\/uploads\/2021\/06\/RioOnWatchcabecalhoPT11anos-2.png","width":779,"height":277,"caption":"RioOnWatch"},"image":{"@id":"https:\/\/rioonwatch.org.br\/#\/schema\/logo\/image\/"}},{"@type":"Person","@id":"https:\/\/rioonwatch.org.br\/#\/schema\/person\/11d64c290506f9df50c71b850c473f68","name":"Admin","image":{"@type":"ImageObject","inLanguage":"pt-BR","@id":"https:\/\/rioonwatch.org.br\/#\/schema\/person\/image\/","url":"https:\/\/secure.gravatar.com\/avatar\/56211ac74568383903349a1485e3c325?s=96&d=blank&r=g","contentUrl":"https:\/\/secure.gravatar.com\/avatar\/56211ac74568383903349a1485e3c325?s=96&d=blank&r=g","caption":"Admin"},"url":"https:\/\/rioonwatch.org.br\/?author=129"}]}},"_links":{"self":[{"href":"https:\/\/rioonwatch.org.br\/index.php?rest_route=\/wp\/v2\/posts\/18754"}],"collection":[{"href":"https:\/\/rioonwatch.org.br\/index.php?rest_route=\/wp\/v2\/posts"}],"about":[{"href":"https:\/\/rioonwatch.org.br\/index.php?rest_route=\/wp\/v2\/types\/post"}],"author":[{"embeddable":true,"href":"https:\/\/rioonwatch.org.br\/index.php?rest_route=\/wp\/v2\/users\/129"}],"replies":[{"embeddable":true,"href":"https:\/\/rioonwatch.org.br\/index.php?rest_route=%2Fwp%2Fv2%2Fcomments&post=18754"}],"version-history":[{"count":19,"href":"https:\/\/rioonwatch.org.br\/index.php?rest_route=\/wp\/v2\/posts\/18754\/revisions"}],"predecessor-version":[{"id":18824,"href":"https:\/\/rioonwatch.org.br\/index.php?rest_route=\/wp\/v2\/posts\/18754\/revisions\/18824"}],"wp:featuredmedia":[{"embeddable":true,"href":"https:\/\/rioonwatch.org.br\/index.php?rest_route=\/wp\/v2\/media\/18759"}],"wp:attachment":[{"href":"https:\/\/rioonwatch.org.br\/index.php?rest_route=%2Fwp%2Fv2%2Fmedia&parent=18754"}],"wp:term":[{"taxonomy":"category","embeddable":true,"href":"https:\/\/rioonwatch.org.br\/index.php?rest_route=%2Fwp%2Fv2%2Fcategories&post=18754"},{"taxonomy":"post_tag","embeddable":true,"href":"https:\/\/rioonwatch.org.br\/index.php?rest_route=%2Fwp%2Fv2%2Ftags&post=18754"},{"taxonomy":"writer","embeddable":true,"href":"https:\/\/rioonwatch.org.br\/index.php?rest_route=%2Fwp%2Fv2%2Fwriter&post=18754"},{"taxonomy":"translator","embeddable":true,"href":"https:\/\/rioonwatch.org.br\/index.php?rest_route=%2Fwp%2Fv2%2Ftranslator&post=18754"},{"taxonomy":"source","embeddable":true,"href":"https:\/\/rioonwatch.org.br\/index.php?rest_route=%2Fwp%2Fv2%2Fsource&post=18754"},{"taxonomy":"ilustrador","embeddable":true,"href":"https:\/\/rioonwatch.org.br\/index.php?rest_route=%2Fwp%2Fv2%2Filustrador&post=18754"},{"taxonomy":"fotografo","embeddable":true,"href":"https:\/\/rioonwatch.org.br\/index.php?rest_route=%2Fwp%2Fv2%2Ffotografo&post=18754"}],"curies":[{"name":"wp","href":"https:\/\/api.w.org\/{rel}","templated":true}]}}