{"id":1882,"date":"2011-06-17T01:39:18","date_gmt":"2011-06-17T04:39:18","guid":{"rendered":"http:\/\/favela.info\/?p=1882"},"modified":"2015-08-15T18:39:34","modified_gmt":"2015-08-15T21:39:34","slug":"um-novo-cesarao","status":"publish","type":"post","link":"https:\/\/rioonwatch.org.br\/?p=1882","title":{"rendered":"Um novo Cesar\u00e3o"},"content":{"rendered":"<p>Com suas sete mil casas, o Cesar\u00e3o, na Zona Oeste do Rio de Janeiro, j\u00e1 era o maior conjunto habitacional da Am\u00e9rica Latina em 2001. Ficou ainda maior quando integrantes do MTST (Movimento dos Trabalhadores Sem Teto) fincaram sua bandeira vermelha na \u00e1rea hoje denominada Nova Palestina, derrubando a mata na qual as crian\u00e7as se reuniam para soltar pipa e os bandidos executavam suas v\u00edtimas. \u00a0Naquele momento, os moradores do Cesar\u00e3o a chamavam de Invas\u00e3o.<\/p>\n<p align=\"justify\">Os vizinhos das Rua 64 estranharam quando\u00a0in\u00fameros maltrapilhos desceram dos \u00f4nibus e caminh\u00f5es e come\u00e7aram a levantar acampamento. \u201cEles chegaram tranquilos, sem incomodar os moradores, tranquilos at\u00e9 demais para as as invas\u00f5es que a gente v\u00ea dos Sem Teto\u201d, conta Marcos Vin\u00edcius Lima, 30 anos, que mora do outro lado da rua do terreno que foi invadido. O estranhamento deu lugar \u00e0 preocupa\u00e7\u00e3o quando os invasores come\u00e7aram a trocar as lonas pelos primeiros barracos de madeira.\u00a0 \u201cO pessoal estava falando mal, temendo uma nova favela\u201d, diz Luan Pereira Ramos,21 anos, morador da rua 63. N\u00e3o conhecer os \u201cinvasores\u201d incomodava os moradores do Cesar\u00e3o, que n\u00e3o faziam ideia se poderiam herdar problemas junto com os novos vizinhos. \u201cAinda n\u00e3o sei de onde vieram\u201d, ressalta Luan.<\/p>\n<p align=\"justify\">Uma das primeiras moradoras da Nova Palestina, Ana Cristina Andr\u00e9ia de Campos, de 48 anos, lembra do papel de seu Manel para a consolida\u00e7\u00e3oda nova comunidade. \u201cEle convidou as pessoas do Santa Margarida (conjunto habitacional de Cosmos) e de Sepetiba\u201d, lembra ela, que naocasi\u00e3o morava em uma invas\u00e3o do outro lado do Cesar\u00e3o, da qual participaram cerca de 10 fam\u00edlias da pr\u00f3pria localidade. Os novos moradores n\u00e3o foram recha\u00e7ados de maneira ostensiva, mas sofreram com o preconceito. \u00a0\u201cQuando eu disse que viria morar aqui, as pessoas me chamaram de maluca, achavam ruim, pensavam que era um monte de favelados\u201d, diz a mesma Ana Cristina, que ainda n\u00e3o viu motivos para o comportamento dos antigos moradores do Cesar\u00e3o. \u201cAt\u00e9 agora n\u00e3o teve nenhum problema, adoro isso aqui, conhe\u00e7o todo mundo. \u201d<\/p>\n<p align=\"justify\">Nenhuma autoridade se interessou pela nova comunidade, nem as oficiais nem as do chamado poder paralelo. Mas para Ana Cristina essa passividade se deve muito mais \u00e0s virtudes do movimento que liderou a invas\u00e3o do que ao desleixo das autoridades. \u201cNunca tentaram tirar porque foi muito organizado\u201d, conta a moradora. Os t\u00e9cnicos da Prefeitura s\u00f3 deram as caras quando os l\u00edderes da Nova Palestina solicitaram a sua visita, para darem entrada no processo de legaliza\u00e7\u00e3o das casas. \u201cA maioria dos moradores tem o documento da CEHAB-RJ (Companhia Estadual de Habita\u00e7\u00e3o do Rio de Janeiro)\u201d, conta Ana Cristina. A uni\u00e3o do grupo tamb\u00e9m foi fundamental nos seguidos mutir\u00f5es organizados pelo movimento. \u201cEram todos juntos pra fazer as casas e organizar tudo, agora s\u00f3 falta regularizar a \u00e1gua e a luz\u201c, completa Ana Cristina.<\/p>\n<p align=\"justify\">Com o tempo, a nova comunidade foi assimilada pelos moradores do Cesar\u00e3o. \u201cN\u00e3o me incomodam\u201d, diz Marcus Vin\u00edcius. \u00a0Luan foi um pouco mais al\u00e9m, fazendo inclusive amigos na nova \u00e1rea do conjunto habitacional. \u201cN\u00e3o tenho nada contra eles, at\u00e9 tenho amigos l\u00e1 hoje em dia, j\u00e1 s\u00e3o parte do Cesar\u00e3o \u201c, conclui Luan. A boa conviv\u00eancia permite que Ana Cristina sonhe com dias ainda melhores para a Nova Palestina. \u201cEstamos tentando fazer uma pra\u00e7a para as crian\u00e7as\u201d, conta ela, que acredita que a comunidade vai estar plenamente assimilada pelos vizinhos em no m\u00e1ximo cinco anos.<\/p>\n<!-- AddThis Advanced Settings generic via filter on the_content --><!-- AddThis Share Buttons generic via filter on the_content -->","protected":false},"excerpt":{"rendered":"<div class=\"mh-excerpt\"><p>Com suas sete mil casas, o Cesar\u00e3o, na Zona Oeste do Rio de Janeiro, j\u00e1 era o maior conjunto habitacional da Am\u00e9rica Latina em 2001. Ficou ainda maior quando integrantes do MTST (Movimento dos Trabalhadores <a class=\"mh-excerpt-more\" href=\"https:\/\/rioonwatch.org.br\/?p=1882\" title=\"Um novo Cesar\u00e3o\">[&#8230;]<\/a><!-- AddThis Advanced Settings generic via filter on get_the_excerpt --><!-- AddThis Share Buttons generic via filter on get_the_excerpt --><\/p>\n<\/div>","protected":false},"author":5,"featured_media":1891,"comment_status":"open","ping_status":"closed","sticky":false,"template":"","format":"standard","meta":{"_acf_changed":false,"_monsterinsights_skip_tracking":false,"_monsterinsights_sitenote_active":false,"_monsterinsights_sitenote_note":"","_monsterinsights_sitenote_category":0,"footnotes":""},"categories":[1625],"tags":[227,134,184],"writer":[197],"translator":[],"source":[],"ilustrador":[],"fotografo":[],"class_list":{"0":"post-1882","1":"post","2":"type-post","3":"status-publish","4":"format-standard","5":"has-post-thumbnail","7":"category-por-correspondentes-comunitarios","8":"tag-cesarao","9":"tag-santa-cruz","10":"tag-zona-oeste","11":"writer-saulo-araujo"},"acf":[],"yoast_head":"<!-- This site is optimized with the Yoast SEO plugin v25.6 - https:\/\/yoast.com\/wordpress\/plugins\/seo\/ -->\n<title>Um novo Cesar\u00e3o - RioOnWatch<\/title>\n<meta name=\"robots\" content=\"index, follow, max-snippet:-1, max-image-preview:large, max-video-preview:-1\" \/>\n<link rel=\"canonical\" href=\"https:\/\/rioonwatch.org.br\/?p=1882\" \/>\n<meta property=\"og:locale\" content=\"pt_BR\" \/>\n<meta property=\"og:type\" content=\"article\" \/>\n<meta property=\"og:title\" content=\"Um novo Cesar\u00e3o - RioOnWatch\" \/>\n<meta property=\"og:description\" content=\"Com suas sete mil casas, o Cesar\u00e3o, na Zona Oeste do Rio de Janeiro, j\u00e1 era o maior conjunto habitacional da Am\u00e9rica Latina em 2001. Ficou ainda maior quando integrantes do MTST (Movimento dos Trabalhadores [...]\" \/>\n<meta property=\"og:url\" content=\"https:\/\/rioonwatch.org.br\/?p=1882\" \/>\n<meta property=\"og:site_name\" content=\"RioOnWatch\" \/>\n<meta property=\"article:published_time\" content=\"2011-06-17T04:39:18+00:00\" \/>\n<meta property=\"article:modified_time\" content=\"2015-08-15T21:39:34+00:00\" \/>\n<meta property=\"og:image\" content=\"https:\/\/rioonwatch.org.br\/wp-content\/uploads\/2011\/06\/Cesarao_peq.jpg\" \/>\n\t<meta property=\"og:image:width\" content=\"300\" \/>\n\t<meta property=\"og:image:height\" content=\"225\" \/>\n\t<meta property=\"og:image:type\" content=\"image\/jpeg\" \/>\n<meta name=\"author\" content=\"Tiago\" \/>\n<meta name=\"twitter:card\" content=\"summary_large_image\" \/>\n<meta name=\"twitter:label1\" content=\"Escrito por\" \/>\n\t<meta name=\"twitter:data1\" content=\"Tiago\" \/>\n\t<meta name=\"twitter:label2\" content=\"Est. tempo de leitura\" \/>\n\t<meta name=\"twitter:data2\" content=\"3 minutos\" \/>\n<script type=\"application\/ld+json\" class=\"yoast-schema-graph\">{\"@context\":\"https:\/\/schema.org\",\"@graph\":[{\"@type\":\"Article\",\"@id\":\"https:\/\/rioonwatch.org.br\/?p=1882#article\",\"isPartOf\":{\"@id\":\"https:\/\/rioonwatch.org.br\/?p=1882\"},\"author\":{\"name\":\"Tiago\",\"@id\":\"https:\/\/rioonwatch.org.br\/#\/schema\/person\/7c54ce0a929f914709db001584daa6ee\"},\"headline\":\"Um novo Cesar\u00e3o\",\"datePublished\":\"2011-06-17T04:39:18+00:00\",\"dateModified\":\"2015-08-15T21:39:34+00:00\",\"mainEntityOfPage\":{\"@id\":\"https:\/\/rioonwatch.org.br\/?p=1882\"},\"wordCount\":601,\"commentCount\":0,\"publisher\":{\"@id\":\"https:\/\/rioonwatch.org.br\/#organization\"},\"image\":{\"@id\":\"https:\/\/rioonwatch.org.br\/?p=1882#primaryimage\"},\"thumbnailUrl\":\"https:\/\/rioonwatch.org.br\/wp-content\/uploads\/2011\/06\/Cesarao_peq.jpg\",\"keywords\":[\"Cesar\u00e3o\",\"Santa Cruz\",\"Zona Oeste\"],\"articleSection\":[\"Escrito por Comunicadores Populares\"],\"inLanguage\":\"pt-BR\",\"potentialAction\":[{\"@type\":\"CommentAction\",\"name\":\"Comment\",\"target\":[\"https:\/\/rioonwatch.org.br\/?p=1882#respond\"]}]},{\"@type\":\"WebPage\",\"@id\":\"https:\/\/rioonwatch.org.br\/?p=1882\",\"url\":\"https:\/\/rioonwatch.org.br\/?p=1882\",\"name\":\"Um novo Cesar\u00e3o - RioOnWatch\",\"isPartOf\":{\"@id\":\"https:\/\/rioonwatch.org.br\/#website\"},\"primaryImageOfPage\":{\"@id\":\"https:\/\/rioonwatch.org.br\/?p=1882#primaryimage\"},\"image\":{\"@id\":\"https:\/\/rioonwatch.org.br\/?p=1882#primaryimage\"},\"thumbnailUrl\":\"https:\/\/rioonwatch.org.br\/wp-content\/uploads\/2011\/06\/Cesarao_peq.jpg\",\"datePublished\":\"2011-06-17T04:39:18+00:00\",\"dateModified\":\"2015-08-15T21:39:34+00:00\",\"breadcrumb\":{\"@id\":\"https:\/\/rioonwatch.org.br\/?p=1882#breadcrumb\"},\"inLanguage\":\"pt-BR\",\"potentialAction\":[{\"@type\":\"ReadAction\",\"target\":[\"https:\/\/rioonwatch.org.br\/?p=1882\"]}]},{\"@type\":\"ImageObject\",\"inLanguage\":\"pt-BR\",\"@id\":\"https:\/\/rioonwatch.org.br\/?p=1882#primaryimage\",\"url\":\"https:\/\/rioonwatch.org.br\/wp-content\/uploads\/2011\/06\/Cesarao_peq.jpg\",\"contentUrl\":\"https:\/\/rioonwatch.org.br\/wp-content\/uploads\/2011\/06\/Cesarao_peq.jpg\",\"width\":300,\"height\":225},{\"@type\":\"BreadcrumbList\",\"@id\":\"https:\/\/rioonwatch.org.br\/?p=1882#breadcrumb\",\"itemListElement\":[{\"@type\":\"ListItem\",\"position\":1,\"name\":\"In\u00edcio\",\"item\":\"https:\/\/rioonwatch.org.br\/\"},{\"@type\":\"ListItem\",\"position\":2,\"name\":\"Um novo Cesar\u00e3o\"}]},{\"@type\":\"WebSite\",\"@id\":\"https:\/\/rioonwatch.org.br\/#website\",\"url\":\"https:\/\/rioonwatch.org.br\/\",\"name\":\"RioOnWatch\",\"description\":\"relatos das favelas cariocas\",\"publisher\":{\"@id\":\"https:\/\/rioonwatch.org.br\/#organization\"},\"potentialAction\":[{\"@type\":\"SearchAction\",\"target\":{\"@type\":\"EntryPoint\",\"urlTemplate\":\"https:\/\/rioonwatch.org.br\/?s={search_term_string}\"},\"query-input\":{\"@type\":\"PropertyValueSpecification\",\"valueRequired\":true,\"valueName\":\"search_term_string\"}}],\"inLanguage\":\"pt-BR\"},{\"@type\":\"Organization\",\"@id\":\"https:\/\/rioonwatch.org.br\/#organization\",\"name\":\"RioOnWatch\",\"url\":\"https:\/\/rioonwatch.org.br\/\",\"logo\":{\"@type\":\"ImageObject\",\"inLanguage\":\"pt-BR\",\"@id\":\"https:\/\/rioonwatch.org.br\/#\/schema\/logo\/image\/\",\"url\":\"https:\/\/rioonwatch.org.br\/wp-content\/uploads\/2021\/06\/RioOnWatchcabecalhoPT11anos-2.png\",\"contentUrl\":\"https:\/\/rioonwatch.org.br\/wp-content\/uploads\/2021\/06\/RioOnWatchcabecalhoPT11anos-2.png\",\"width\":779,\"height\":277,\"caption\":\"RioOnWatch\"},\"image\":{\"@id\":\"https:\/\/rioonwatch.org.br\/#\/schema\/logo\/image\/\"}},{\"@type\":\"Person\",\"@id\":\"https:\/\/rioonwatch.org.br\/#\/schema\/person\/7c54ce0a929f914709db001584daa6ee\",\"name\":\"Tiago\",\"image\":{\"@type\":\"ImageObject\",\"inLanguage\":\"pt-BR\",\"@id\":\"https:\/\/rioonwatch.org.br\/#\/schema\/person\/image\/\",\"url\":\"https:\/\/secure.gravatar.com\/avatar\/886b123583861b1f9e1b1393972b9aeb?s=96&d=blank&r=g\",\"contentUrl\":\"https:\/\/secure.gravatar.com\/avatar\/886b123583861b1f9e1b1393972b9aeb?s=96&d=blank&r=g\",\"caption\":\"Tiago\"},\"url\":\"https:\/\/rioonwatch.org.br\/?author=5\"}]}<\/script>\n<!-- \/ Yoast SEO plugin. -->","yoast_head_json":{"title":"Um novo Cesar\u00e3o - RioOnWatch","robots":{"index":"index","follow":"follow","max-snippet":"max-snippet:-1","max-image-preview":"max-image-preview:large","max-video-preview":"max-video-preview:-1"},"canonical":"https:\/\/rioonwatch.org.br\/?p=1882","og_locale":"pt_BR","og_type":"article","og_title":"Um novo Cesar\u00e3o - RioOnWatch","og_description":"Com suas sete mil casas, o Cesar\u00e3o, na Zona Oeste do Rio de Janeiro, j\u00e1 era o maior conjunto habitacional da Am\u00e9rica Latina em 2001. Ficou ainda maior quando integrantes do MTST (Movimento dos Trabalhadores [...]","og_url":"https:\/\/rioonwatch.org.br\/?p=1882","og_site_name":"RioOnWatch","article_published_time":"2011-06-17T04:39:18+00:00","article_modified_time":"2015-08-15T21:39:34+00:00","og_image":[{"width":300,"height":225,"url":"https:\/\/rioonwatch.org.br\/wp-content\/uploads\/2011\/06\/Cesarao_peq.jpg","type":"image\/jpeg"}],"author":"Tiago","twitter_card":"summary_large_image","twitter_misc":{"Escrito por":"Tiago","Est. tempo de leitura":"3 minutos"},"schema":{"@context":"https:\/\/schema.org","@graph":[{"@type":"Article","@id":"https:\/\/rioonwatch.org.br\/?p=1882#article","isPartOf":{"@id":"https:\/\/rioonwatch.org.br\/?p=1882"},"author":{"name":"Tiago","@id":"https:\/\/rioonwatch.org.br\/#\/schema\/person\/7c54ce0a929f914709db001584daa6ee"},"headline":"Um novo Cesar\u00e3o","datePublished":"2011-06-17T04:39:18+00:00","dateModified":"2015-08-15T21:39:34+00:00","mainEntityOfPage":{"@id":"https:\/\/rioonwatch.org.br\/?p=1882"},"wordCount":601,"commentCount":0,"publisher":{"@id":"https:\/\/rioonwatch.org.br\/#organization"},"image":{"@id":"https:\/\/rioonwatch.org.br\/?p=1882#primaryimage"},"thumbnailUrl":"https:\/\/rioonwatch.org.br\/wp-content\/uploads\/2011\/06\/Cesarao_peq.jpg","keywords":["Cesar\u00e3o","Santa Cruz","Zona Oeste"],"articleSection":["Escrito por Comunicadores Populares"],"inLanguage":"pt-BR","potentialAction":[{"@type":"CommentAction","name":"Comment","target":["https:\/\/rioonwatch.org.br\/?p=1882#respond"]}]},{"@type":"WebPage","@id":"https:\/\/rioonwatch.org.br\/?p=1882","url":"https:\/\/rioonwatch.org.br\/?p=1882","name":"Um novo Cesar\u00e3o - RioOnWatch","isPartOf":{"@id":"https:\/\/rioonwatch.org.br\/#website"},"primaryImageOfPage":{"@id":"https:\/\/rioonwatch.org.br\/?p=1882#primaryimage"},"image":{"@id":"https:\/\/rioonwatch.org.br\/?p=1882#primaryimage"},"thumbnailUrl":"https:\/\/rioonwatch.org.br\/wp-content\/uploads\/2011\/06\/Cesarao_peq.jpg","datePublished":"2011-06-17T04:39:18+00:00","dateModified":"2015-08-15T21:39:34+00:00","breadcrumb":{"@id":"https:\/\/rioonwatch.org.br\/?p=1882#breadcrumb"},"inLanguage":"pt-BR","potentialAction":[{"@type":"ReadAction","target":["https:\/\/rioonwatch.org.br\/?p=1882"]}]},{"@type":"ImageObject","inLanguage":"pt-BR","@id":"https:\/\/rioonwatch.org.br\/?p=1882#primaryimage","url":"https:\/\/rioonwatch.org.br\/wp-content\/uploads\/2011\/06\/Cesarao_peq.jpg","contentUrl":"https:\/\/rioonwatch.org.br\/wp-content\/uploads\/2011\/06\/Cesarao_peq.jpg","width":300,"height":225},{"@type":"BreadcrumbList","@id":"https:\/\/rioonwatch.org.br\/?p=1882#breadcrumb","itemListElement":[{"@type":"ListItem","position":1,"name":"In\u00edcio","item":"https:\/\/rioonwatch.org.br\/"},{"@type":"ListItem","position":2,"name":"Um novo Cesar\u00e3o"}]},{"@type":"WebSite","@id":"https:\/\/rioonwatch.org.br\/#website","url":"https:\/\/rioonwatch.org.br\/","name":"RioOnWatch","description":"relatos das favelas cariocas","publisher":{"@id":"https:\/\/rioonwatch.org.br\/#organization"},"potentialAction":[{"@type":"SearchAction","target":{"@type":"EntryPoint","urlTemplate":"https:\/\/rioonwatch.org.br\/?s={search_term_string}"},"query-input":{"@type":"PropertyValueSpecification","valueRequired":true,"valueName":"search_term_string"}}],"inLanguage":"pt-BR"},{"@type":"Organization","@id":"https:\/\/rioonwatch.org.br\/#organization","name":"RioOnWatch","url":"https:\/\/rioonwatch.org.br\/","logo":{"@type":"ImageObject","inLanguage":"pt-BR","@id":"https:\/\/rioonwatch.org.br\/#\/schema\/logo\/image\/","url":"https:\/\/rioonwatch.org.br\/wp-content\/uploads\/2021\/06\/RioOnWatchcabecalhoPT11anos-2.png","contentUrl":"https:\/\/rioonwatch.org.br\/wp-content\/uploads\/2021\/06\/RioOnWatchcabecalhoPT11anos-2.png","width":779,"height":277,"caption":"RioOnWatch"},"image":{"@id":"https:\/\/rioonwatch.org.br\/#\/schema\/logo\/image\/"}},{"@type":"Person","@id":"https:\/\/rioonwatch.org.br\/#\/schema\/person\/7c54ce0a929f914709db001584daa6ee","name":"Tiago","image":{"@type":"ImageObject","inLanguage":"pt-BR","@id":"https:\/\/rioonwatch.org.br\/#\/schema\/person\/image\/","url":"https:\/\/secure.gravatar.com\/avatar\/886b123583861b1f9e1b1393972b9aeb?s=96&d=blank&r=g","contentUrl":"https:\/\/secure.gravatar.com\/avatar\/886b123583861b1f9e1b1393972b9aeb?s=96&d=blank&r=g","caption":"Tiago"},"url":"https:\/\/rioonwatch.org.br\/?author=5"}]}},"_links":{"self":[{"href":"https:\/\/rioonwatch.org.br\/index.php?rest_route=\/wp\/v2\/posts\/1882"}],"collection":[{"href":"https:\/\/rioonwatch.org.br\/index.php?rest_route=\/wp\/v2\/posts"}],"about":[{"href":"https:\/\/rioonwatch.org.br\/index.php?rest_route=\/wp\/v2\/types\/post"}],"author":[{"embeddable":true,"href":"https:\/\/rioonwatch.org.br\/index.php?rest_route=\/wp\/v2\/users\/5"}],"replies":[{"embeddable":true,"href":"https:\/\/rioonwatch.org.br\/index.php?rest_route=%2Fwp%2Fv2%2Fcomments&post=1882"}],"version-history":[{"count":10,"href":"https:\/\/rioonwatch.org.br\/index.php?rest_route=\/wp\/v2\/posts\/1882\/revisions"}],"predecessor-version":[{"id":15958,"href":"https:\/\/rioonwatch.org.br\/index.php?rest_route=\/wp\/v2\/posts\/1882\/revisions\/15958"}],"wp:featuredmedia":[{"embeddable":true,"href":"https:\/\/rioonwatch.org.br\/index.php?rest_route=\/wp\/v2\/media\/1891"}],"wp:attachment":[{"href":"https:\/\/rioonwatch.org.br\/index.php?rest_route=%2Fwp%2Fv2%2Fmedia&parent=1882"}],"wp:term":[{"taxonomy":"category","embeddable":true,"href":"https:\/\/rioonwatch.org.br\/index.php?rest_route=%2Fwp%2Fv2%2Fcategories&post=1882"},{"taxonomy":"post_tag","embeddable":true,"href":"https:\/\/rioonwatch.org.br\/index.php?rest_route=%2Fwp%2Fv2%2Ftags&post=1882"},{"taxonomy":"writer","embeddable":true,"href":"https:\/\/rioonwatch.org.br\/index.php?rest_route=%2Fwp%2Fv2%2Fwriter&post=1882"},{"taxonomy":"translator","embeddable":true,"href":"https:\/\/rioonwatch.org.br\/index.php?rest_route=%2Fwp%2Fv2%2Ftranslator&post=1882"},{"taxonomy":"source","embeddable":true,"href":"https:\/\/rioonwatch.org.br\/index.php?rest_route=%2Fwp%2Fv2%2Fsource&post=1882"},{"taxonomy":"ilustrador","embeddable":true,"href":"https:\/\/rioonwatch.org.br\/index.php?rest_route=%2Fwp%2Fv2%2Filustrador&post=1882"},{"taxonomy":"fotografo","embeddable":true,"href":"https:\/\/rioonwatch.org.br\/index.php?rest_route=%2Fwp%2Fv2%2Ffotografo&post=1882"}],"curies":[{"name":"wp","href":"https:\/\/api.w.org\/{rel}","templated":true}]}}