{"id":18877,"date":"2016-03-28T07:45:45","date_gmt":"2016-03-28T10:45:45","guid":{"rendered":"http:\/\/rioonwatch.org.br\/?p=18877"},"modified":"2024-06-20T16:27:44","modified_gmt":"2024-06-20T19:27:44","slug":"criancas-de-rua-exigem-respeito-aos-direitos-humanos-antes-dos-jogos-olimpicos","status":"publish","type":"post","link":"https:\/\/rioonwatch.org.br\/?p=18877","title":{"rendered":"Crian\u00e7as de Rua Exigem Respeito aos Direitos Humanos Antes dos Jogos Ol\u00edmpicos"},"content":{"rendered":"<p style=\"text-align: right;\"><em><strong><a href=\"http:\/\/bit.ly\/21IXXNN\" target=\"_blank\" rel=\"noopener\">Click Here for English<img decoding=\"async\" width=\"20\" height=\"20\" class=\"alignright wp-image-15790\" src=\"http:\/\/rioonwatch.org.br\/wp-content\/uploads\/2012\/08\/EN-standard-e1439583104716.jpg\" alt=\"\" \/><\/a><\/strong><\/em><\/p>\n<p>&#8220;Onde est\u00e3o os meus direitos?&#8221; Luana*, de 17 anos, perguntou na Assembl\u00e9ia Geral das Crian\u00e7as de Rua. &#8220;O tempo todo que eu estive nas ruas, eu n\u00e3o vi\u00a0qualquer respeito aos meus direitos&#8230; Eu n\u00e3o estou falando apenas dos meus pr\u00f3prios direitos, mas os direitos de todos aqueles que est\u00e3o nas ruas&#8221;.<\/p>\n<p>A Assembleia foi realizada no dia 18 de mar\u00e7o, no Hotel Copacabana Palace e foi parte do lan\u00e7amento da campanha de uma semana, de\u00a014 de mar\u00e7o \u00e0 20, das ONGs internacionais <a href=\"http:\/\/bit.ly\/1RgYJ1G\" target=\"_blank\" rel=\"noopener\">Street Child United<\/a>\u00a0e\u00a0<a href=\"http:\/\/bit.ly\/1kB7MdH\" target=\"_blank\" rel=\"noopener\">Terre des Hommes<\/a>.\u00a0A campanha, liderada por jovens que haviam estado em situa\u00e7\u00e3o\u00a0de rua e por ONGs locais de nove pa\u00edses, afirma os <a href=\"http:\/\/bit.ly\/1iqdzi3\" target=\"_blank\" rel=\"noopener\">direitos humanos<\/a> de crian\u00e7as de rua e defende a necessidade de uma prote\u00e7\u00e3o especial no per\u00edodo que antecede a megaeventos esportivos.<\/p>\n<p>Uma pesquisa da campanha <a href=\"http:\/\/bit.ly\/1UiaIjD\" target=\"_blank\" rel=\"noopener\">Children Win<\/a> (Vit\u00f3ria das Crian\u00e7as) do Terre des Hommes demonstra que as <a href=\"http:\/\/bit.ly\/1WSoQxH\" target=\"_blank\" rel=\"noopener\">crian\u00e7as em situa\u00e7\u00e3o de rua enfrentam um maior risco de viola\u00e7\u00f5es<\/a> de direitos humanos quando as cidades-sede se preparam para sediar <a href=\"http:\/\/bit.ly\/1uZ9w6o\" target=\"_blank\" rel=\"noopener\">megaeventos<\/a>, incluindo <a href=\"http:\/\/bit.ly\/X51Qvb\" target=\"_blank\" rel=\"noopener\">remo\u00e7\u00f5es <\/a>em comunidades como a <a href=\"http:\/\/bit.ly\/Nfddvg\" target=\"_blank\" rel=\"noopener\">Vila Aut\u00f3dromo<\/a> e a <a href=\"http:\/\/bit.ly\/1ox7RzB\" target=\"_blank\" rel=\"noopener\">Favela do Metr\u00f4<\/a> antes dos Jogos do Rio. O relat\u00f3rio tamb\u00e9m examina a &#8216;limpeza de ruas&#8217; no Rio ou de &#8216;limpeza social&#8217;, opera\u00e7\u00f5es que colocaram jovens de rua como Luana em centros de deten\u00e7\u00e3o juvenil antes da Copa do Mundo de 2014.<\/p>\n<p>&#8220;Eu sofri nessa institui\u00e7\u00e3o, e quando eu sa\u00ed desta institui\u00e7\u00e3o, eventualmente, eu queria dar um retorno\u00a0\u00e0 sociedade&#8230;&#8221;, ela disse ao p\u00fablico na Assembleia Geral. &#8220;Ent\u00e3o, como isso pode acontecer?&#8221;<\/p>\n<p>Al\u00e9m de competir em eventos no estilo ol\u00edmpico ao longo da semana, Luana e as outras ex-crian\u00e7as de rua conectadas colaboraram na reda\u00e7\u00e3o de uma carta aberta ao Comit\u00ea Ol\u00edmpico Internacional (COI), exigindo que os direitos das crian\u00e7as de rua se tornem uma prioridade para as cidades-sedes de megaeventos.<\/p>\n<p>A carta aberta, que <a href=\"http:\/\/bit.ly\/1MeE5QK\" target=\"_blank\" rel=\"noopener\">faz parte de uma peti\u00e7\u00e3o<\/a>, exige que o presidente do COI Thomas Bach toma medidas para garantir que os org\u00e3os esportivos governamentais trabalhem ao lado de governos nacionais e locais para &#8220;respeitarem e garantirem os direitos humanos&#8221; em cidades-sede.<\/p>\n<p>As ex-crian\u00e7as de rua tamb\u00e9m propuseram a &#8220;<a href=\"http:\/\/bit.ly\/1SfkYmm\" target=\"_blank\" rel=\"noopener\">Resolu\u00e7\u00e3o do Rio<\/a>&#8220;, um documento afirmando os direitos humanos das crian\u00e7as que vivem ou trabalham nas ruas. A resolu\u00e7\u00e3o exige principalmente que\u00a0os direitos das crian\u00e7as de rua \u00e0 educa\u00e7\u00e3o, a identidade legal, e aus\u00eancia de viol\u00eancia sejam respeitados e aplicados globalmente.<\/p>\n<p>&#8220;As crian\u00e7as t\u00eam necessidades diferentes aos adultos&#8221;, disse Andrea Florence, coordenadora de Alian\u00e7as Estrat\u00e9gicas da Terre des Hommes, ao <em>RioOnWatch<\/em>. &#8220;Voc\u00ea v\u00ea uma cidade de uma maneira diferente quando voc\u00ea v\u00ea-la a partir da perspectiva de uma crian\u00e7a.<\/p>\n<p>&#8220;Crian\u00e7as s\u00e3o <a href=\"http:\/\/bit.ly\/1SizyfD\" target=\"_blank\" rel=\"noopener\">mais vulner\u00e1veis<\/a> e s\u00e3o\u00a0seriamente impactadas\u00a0por experi\u00eancias\u00a0como remo\u00e7\u00f5es\u00a0for\u00e7adas&#8221;, ela continuou. &#8220;Assim como os direitos \u00e0 educa\u00e7\u00e3o, a identidade jur\u00eddica e prote\u00e7\u00e3o contra a viol\u00eancia, as crian\u00e7as tamb\u00e9m t\u00eam o direito a\u00a0<a href=\"http:\/\/bit.ly\/EscadaParticipacao\" target=\"_blank\" rel=\"noopener\">participa\u00e7\u00e3o<\/a>&#8220;.<\/p>\n<p>&#8220;Na proposta para o <a href=\"http:\/\/bit.ly\/1R3RMAY\" target=\"_blank\" rel=\"noopener\">novo plano de urbaniza\u00e7\u00e3o<\/a>\u00a0da Vila Aut\u00f3dromo, Eduardo Paes n\u00e3o consultou os moradores\u00a0locais, muito menos as crian\u00e7as, sobre\u00a0suas opini\u00f5es sobre o planejamento urbano. Do ponto de vista dos direitos da crian\u00e7a, ele precisa falar com as crian\u00e7as e obter as suas opini\u00f5es sobre a proposta, al\u00e9m da dos (adultos) moradores&#8221;.<\/p>\n<p><a href=\"http:\/\/rioonwatch.org.br\/wp-content\/uploads\/2016\/03\/12874257_10156613287770104_415193421_o-620x264.jpg\" rel=\"attachment wp-att-18896\"><img fetchpriority=\"high\" decoding=\"async\" class=\"aligncenter wp-image-18896 size-medium\" title=\"ONGs locais e ex-crian\u00e7as de rua cantam o slogan da campanha &quot;Eu Sou Algu\u00e9m&quot; do lado de fora do Hotel Copacabana Palace\" src=\"http:\/\/rioonwatch.org.br\/wp-content\/uploads\/2016\/03\/12874257_10156613287770104_415193421_o-620x264-620x264.jpg\" alt=\"12874257_10156613287770104_415193421_o-620x264\" width=\"620\" height=\"264\" \/><\/a><\/p>\n<p>Al\u00e9m de assegurar aos jovens marginalizados que seus direitos sejam respeitados pelos megaeventos, Jo Clark, gerente de comunica\u00e7\u00f5es da Street Child United, argumentou que os Jogos Ol\u00edmpicos devem ser amplamente inclusivos na cidade-sede.<\/p>\n<p>Falando ao<em> RioOnWatch<\/em>, ela disse: &#8220;N\u00f3s escolhemos acolher os nossos atletas nas favelas da\u00a0<a href=\"http:\/\/bit.ly\/110zVNZ\" target=\"_blank\" rel=\"noopener\">Babil\u00f4nia<\/a> e\u00a0<a href=\"http:\/\/bit.ly\/15YFPnL\" target=\"_blank\" rel=\"noopener\">Chap\u00e9u Mangueira<\/a>\u00a0por duas raz\u00f5es.<\/p>\n<p>&#8220;Em primeiro lugar, \u00e9 conveniente j\u00e1 que os Jogos [Street Child Games] foram hospedados na Urca. E em segundo lugar como uma declara\u00e7\u00e3o de solidariedade com\u00a0as comunidades que s\u00e3o exclu\u00eddas dos [megaeventos].<\/p>\n<p>&#8220;Nossa filosofia \u00e9\u00a0sobre a\u00a0inclusividade e os Jogos servem para desafiar as percep\u00e7\u00f5es negativas de crian\u00e7as de rua. Muitos dos jovens que est\u00e3o em risco nas ruas do Rio v\u00eam ou residem em favelas.<\/p>\n<p>&#8220;Para hospedar os atletas na\u00a0[Babil\u00f4nia e Chap\u00e9u Mangueira] \u00e9 uma grande declara\u00e7\u00e3o sobre a inclus\u00e3o de pessoas marginalizadas nas ruas ao redor do mundo, bem como no Rio.&#8221;<\/p>\n<p>O COI ainda tem que reconhecer publicamente a carta aberta e a peti\u00e7\u00e3o que resultou dos eventos\u00a0Street Child Games, mas um email do COI afirmou que tanto o COI e suas cidades-sede escolhidas est\u00e3o totalmente comprometidas com a &#8220;prote\u00e7\u00e3o dos direitos humanos para todos os assuntos relacionados aos Jogos e para todos os participantes&#8221;. O gabinete do prefeito do Rio tamb\u00e9m alegou que est\u00e1 preocupado com as viola\u00e7\u00f5es contra crian\u00e7as. No dia 23 de mar\u00e7o a Frente Nacional de Prefeitos em parceria com a prefeitura do Rio <a href=\"http:\/\/bit.ly\/1LJa0ca\" target=\"_blank\" rel=\"noopener\">lan\u00e7ou<\/a> o &#8220;Rio 2016: Olimp\u00edadas do\u00a0Direito da Crian\u00e7a e do Adolescente&#8221;, com o objetivo de combater viola\u00e7\u00f5es contra crian\u00e7as durante os Jogos Ol\u00edmpicos. O projeto afirma que incidir\u00e1 sobre as cinco \u00e1reas mais comuns de abuso durante enormes eventos deste tipo: a explora\u00e7\u00e3o sexual infantil; trabalho infantil; uso de \u00e1lcool e drogas; e perda e desaparecimento de crian\u00e7as.<\/p>\n<p><em>*Este nome foi alterado para proteger a identidade da pessoa em quest\u00e3o.<\/em><\/p>\n<!-- AddThis Advanced Settings generic via filter on the_content --><!-- AddThis Share Buttons generic via filter on the_content -->","protected":false},"excerpt":{"rendered":"<div class=\"mh-excerpt\"><p>Click Here for English &#8220;Onde est\u00e3o os meus direitos?&#8221; Luana*, de 17 anos, perguntou na Assembl\u00e9ia Geral das Crian\u00e7as de Rua. &#8220;O tempo todo que eu estive nas ruas, eu n\u00e3o vi\u00a0qualquer respeito aos meus <a class=\"mh-excerpt-more\" href=\"https:\/\/rioonwatch.org.br\/?p=18877\" title=\"Crian\u00e7as de Rua Exigem Respeito aos Direitos Humanos Antes dos Jogos Ol\u00edmpicos\">[&#8230;]<\/a><!-- AddThis Advanced Settings generic via filter on get_the_excerpt --><!-- AddThis Share Buttons generic via filter on get_the_excerpt --><\/p>\n<\/div>","protected":false},"author":129,"featured_media":18879,"comment_status":"closed","ping_status":"closed","sticky":false,"template":"","format":"standard","meta":{"_acf_changed":false,"_monsterinsights_skip_tracking":false,"_monsterinsights_sitenote_active":false,"_monsterinsights_sitenote_note":"","_monsterinsights_sitenote_category":0,"footnotes":""},"categories":[1618,1635,1621,1627,1626],"tags":[630,876,484,292,437,113,1240,243,708,78,304,838,55,383],"writer":[1797],"translator":[273],"source":[],"ilustrador":[],"fotografo":[],"class_list":{"0":"post-18877","1":"post","2":"type-post","3":"status-publish","4":"format-standard","5":"has-post-thumbnail","7":"category-olhonaparticipacao","8":"category-1635","9":"category-destaque","10":"category-relato-de-evento","11":"category-por-observadores-internacionais","12":"tag-chapeu-mangueira","13":"tag-direitos-da-crianca","14":"tag-prefeito-eduardo-paes","15":"tag-esporte","16":"tag-favela-do-metro","17":"tag-juventude","18":"tag-megaeventos","19":"tag-moradores-de-rua","20":"tag-morro-da-babilonia","21":"tag-olimpiadas","22":"tag-participacao","23":"tag-politica-publica","24":"tag-vila-autodromo","25":"tag-zona-sul","26":"writer-ciara-long","27":"translator-roseli-franco"},"acf":[],"yoast_head":"<!-- This site is optimized with the Yoast SEO plugin v25.6 - https:\/\/yoast.com\/wordpress\/plugins\/seo\/ -->\n<title>Crian\u00e7as de Rua Exigem Respeito aos Direitos Humanos Antes dos Jogos Ol\u00edmpicos - RioOnWatch<\/title>\n<meta name=\"robots\" content=\"index, follow, max-snippet:-1, max-image-preview:large, max-video-preview:-1\" \/>\n<link rel=\"canonical\" href=\"https:\/\/rioonwatch.org.br\/?p=18877\" \/>\n<meta property=\"og:locale\" content=\"pt_BR\" \/>\n<meta property=\"og:type\" content=\"article\" \/>\n<meta property=\"og:title\" content=\"Crian\u00e7as de Rua Exigem Respeito aos Direitos Humanos Antes dos Jogos Ol\u00edmpicos - RioOnWatch\" \/>\n<meta property=\"og:description\" content=\"Click Here for English &#8220;Onde est\u00e3o os meus direitos?&#8221; Luana*, de 17 anos, perguntou na Assembl\u00e9ia Geral das Crian\u00e7as de Rua. &#8220;O tempo todo que eu estive nas ruas, eu n\u00e3o vi\u00a0qualquer respeito aos meus [...]\" \/>\n<meta property=\"og:url\" content=\"https:\/\/rioonwatch.org.br\/?p=18877\" \/>\n<meta property=\"og:site_name\" content=\"RioOnWatch\" \/>\n<meta property=\"article:published_time\" content=\"2016-03-28T10:45:45+00:00\" \/>\n<meta property=\"article:modified_time\" content=\"2024-06-20T19:27:44+00:00\" \/>\n<meta property=\"og:image\" content=\"https:\/\/rioonwatch.org.br\/wp-content\/uploads\/2016\/03\/12874443_10156613323660104_325055769_o.jpg\" \/>\n\t<meta property=\"og:image:width\" content=\"2048\" \/>\n\t<meta property=\"og:image:height\" content=\"1365\" \/>\n\t<meta property=\"og:image:type\" content=\"image\/jpeg\" \/>\n<meta name=\"author\" content=\"Admin\" \/>\n<meta name=\"twitter:card\" content=\"summary_large_image\" \/>\n<meta name=\"twitter:label1\" content=\"Escrito por\" \/>\n\t<meta name=\"twitter:data1\" content=\"Admin\" \/>\n\t<meta name=\"twitter:label2\" content=\"Est. tempo de leitura\" \/>\n\t<meta name=\"twitter:data2\" content=\"5 minutos\" \/>\n<script type=\"application\/ld+json\" class=\"yoast-schema-graph\">{\"@context\":\"https:\/\/schema.org\",\"@graph\":[{\"@type\":\"Article\",\"@id\":\"https:\/\/rioonwatch.org.br\/?p=18877#article\",\"isPartOf\":{\"@id\":\"https:\/\/rioonwatch.org.br\/?p=18877\"},\"author\":{\"name\":\"Admin\",\"@id\":\"https:\/\/rioonwatch.org.br\/#\/schema\/person\/11d64c290506f9df50c71b850c473f68\"},\"headline\":\"Crian\u00e7as de Rua Exigem Respeito aos Direitos Humanos Antes dos Jogos Ol\u00edmpicos\",\"datePublished\":\"2016-03-28T10:45:45+00:00\",\"dateModified\":\"2024-06-20T19:27:44+00:00\",\"mainEntityOfPage\":{\"@id\":\"https:\/\/rioonwatch.org.br\/?p=18877\"},\"wordCount\":950,\"publisher\":{\"@id\":\"https:\/\/rioonwatch.org.br\/#organization\"},\"image\":{\"@id\":\"https:\/\/rioonwatch.org.br\/?p=18877#primaryimage\"},\"thumbnailUrl\":\"https:\/\/rioonwatch.org.br\/wp-content\/uploads\/2016\/03\/12874443_10156613323660104_325055769_o.jpg\",\"keywords\":[\"Chap\u00e9u Mangueira\",\"direitos da crian\u00e7a\",\"Eduardo Paes\",\"esporte\",\"Favela do Metr\u00f4\",\"juventude\",\"Megaeventos\",\"Moradores em Situa\u00e7\u00e3o de Rua\",\"Morro da Babil\u00f4nia\",\"Olimp\u00edadas\",\"participa\u00e7\u00e3o\",\"pol\u00edtica p\u00fablica\",\"Vila Aut\u00f3dromo\",\"Zona Sul\"],\"articleSection\":[\"#OlhoNaParticipa\u00e7\u00e3o\",\"#Rio2016\",\"*Destaque\",\"Cobertura de Eventos\",\"Escrito por Aliados\"],\"inLanguage\":\"pt-BR\"},{\"@type\":\"WebPage\",\"@id\":\"https:\/\/rioonwatch.org.br\/?p=18877\",\"url\":\"https:\/\/rioonwatch.org.br\/?p=18877\",\"name\":\"Crian\u00e7as de Rua Exigem Respeito aos Direitos Humanos Antes dos Jogos Ol\u00edmpicos - RioOnWatch\",\"isPartOf\":{\"@id\":\"https:\/\/rioonwatch.org.br\/#website\"},\"primaryImageOfPage\":{\"@id\":\"https:\/\/rioonwatch.org.br\/?p=18877#primaryimage\"},\"image\":{\"@id\":\"https:\/\/rioonwatch.org.br\/?p=18877#primaryimage\"},\"thumbnailUrl\":\"https:\/\/rioonwatch.org.br\/wp-content\/uploads\/2016\/03\/12874443_10156613323660104_325055769_o.jpg\",\"datePublished\":\"2016-03-28T10:45:45+00:00\",\"dateModified\":\"2024-06-20T19:27:44+00:00\",\"breadcrumb\":{\"@id\":\"https:\/\/rioonwatch.org.br\/?p=18877#breadcrumb\"},\"inLanguage\":\"pt-BR\",\"potentialAction\":[{\"@type\":\"ReadAction\",\"target\":[\"https:\/\/rioonwatch.org.br\/?p=18877\"]}]},{\"@type\":\"ImageObject\",\"inLanguage\":\"pt-BR\",\"@id\":\"https:\/\/rioonwatch.org.br\/?p=18877#primaryimage\",\"url\":\"https:\/\/rioonwatch.org.br\/wp-content\/uploads\/2016\/03\/12874443_10156613323660104_325055769_o.jpg\",\"contentUrl\":\"https:\/\/rioonwatch.org.br\/wp-content\/uploads\/2016\/03\/12874443_10156613323660104_325055769_o.jpg\",\"width\":2048,\"height\":1365},{\"@type\":\"BreadcrumbList\",\"@id\":\"https:\/\/rioonwatch.org.br\/?p=18877#breadcrumb\",\"itemListElement\":[{\"@type\":\"ListItem\",\"position\":1,\"name\":\"In\u00edcio\",\"item\":\"https:\/\/rioonwatch.org.br\/\"},{\"@type\":\"ListItem\",\"position\":2,\"name\":\"Crian\u00e7as de Rua Exigem Respeito aos Direitos Humanos Antes dos Jogos Ol\u00edmpicos\"}]},{\"@type\":\"WebSite\",\"@id\":\"https:\/\/rioonwatch.org.br\/#website\",\"url\":\"https:\/\/rioonwatch.org.br\/\",\"name\":\"RioOnWatch\",\"description\":\"relatos das favelas cariocas\",\"publisher\":{\"@id\":\"https:\/\/rioonwatch.org.br\/#organization\"},\"potentialAction\":[{\"@type\":\"SearchAction\",\"target\":{\"@type\":\"EntryPoint\",\"urlTemplate\":\"https:\/\/rioonwatch.org.br\/?s={search_term_string}\"},\"query-input\":{\"@type\":\"PropertyValueSpecification\",\"valueRequired\":true,\"valueName\":\"search_term_string\"}}],\"inLanguage\":\"pt-BR\"},{\"@type\":\"Organization\",\"@id\":\"https:\/\/rioonwatch.org.br\/#organization\",\"name\":\"RioOnWatch\",\"url\":\"https:\/\/rioonwatch.org.br\/\",\"logo\":{\"@type\":\"ImageObject\",\"inLanguage\":\"pt-BR\",\"@id\":\"https:\/\/rioonwatch.org.br\/#\/schema\/logo\/image\/\",\"url\":\"https:\/\/rioonwatch.org.br\/wp-content\/uploads\/2021\/06\/RioOnWatchcabecalhoPT11anos-2.png\",\"contentUrl\":\"https:\/\/rioonwatch.org.br\/wp-content\/uploads\/2021\/06\/RioOnWatchcabecalhoPT11anos-2.png\",\"width\":779,\"height\":277,\"caption\":\"RioOnWatch\"},\"image\":{\"@id\":\"https:\/\/rioonwatch.org.br\/#\/schema\/logo\/image\/\"}},{\"@type\":\"Person\",\"@id\":\"https:\/\/rioonwatch.org.br\/#\/schema\/person\/11d64c290506f9df50c71b850c473f68\",\"name\":\"Admin\",\"image\":{\"@type\":\"ImageObject\",\"inLanguage\":\"pt-BR\",\"@id\":\"https:\/\/rioonwatch.org.br\/#\/schema\/person\/image\/\",\"url\":\"https:\/\/secure.gravatar.com\/avatar\/56211ac74568383903349a1485e3c325?s=96&d=blank&r=g\",\"contentUrl\":\"https:\/\/secure.gravatar.com\/avatar\/56211ac74568383903349a1485e3c325?s=96&d=blank&r=g\",\"caption\":\"Admin\"},\"url\":\"https:\/\/rioonwatch.org.br\/?author=129\"}]}<\/script>\n<!-- \/ Yoast SEO plugin. -->","yoast_head_json":{"title":"Crian\u00e7as de Rua Exigem Respeito aos Direitos Humanos Antes dos Jogos Ol\u00edmpicos - RioOnWatch","robots":{"index":"index","follow":"follow","max-snippet":"max-snippet:-1","max-image-preview":"max-image-preview:large","max-video-preview":"max-video-preview:-1"},"canonical":"https:\/\/rioonwatch.org.br\/?p=18877","og_locale":"pt_BR","og_type":"article","og_title":"Crian\u00e7as de Rua Exigem Respeito aos Direitos Humanos Antes dos Jogos Ol\u00edmpicos - RioOnWatch","og_description":"Click Here for English &#8220;Onde est\u00e3o os meus direitos?&#8221; Luana*, de 17 anos, perguntou na Assembl\u00e9ia Geral das Crian\u00e7as de Rua. &#8220;O tempo todo que eu estive nas ruas, eu n\u00e3o vi\u00a0qualquer respeito aos meus [...]","og_url":"https:\/\/rioonwatch.org.br\/?p=18877","og_site_name":"RioOnWatch","article_published_time":"2016-03-28T10:45:45+00:00","article_modified_time":"2024-06-20T19:27:44+00:00","og_image":[{"width":2048,"height":1365,"url":"https:\/\/rioonwatch.org.br\/wp-content\/uploads\/2016\/03\/12874443_10156613323660104_325055769_o.jpg","type":"image\/jpeg"}],"author":"Admin","twitter_card":"summary_large_image","twitter_misc":{"Escrito por":"Admin","Est. tempo de leitura":"5 minutos"},"schema":{"@context":"https:\/\/schema.org","@graph":[{"@type":"Article","@id":"https:\/\/rioonwatch.org.br\/?p=18877#article","isPartOf":{"@id":"https:\/\/rioonwatch.org.br\/?p=18877"},"author":{"name":"Admin","@id":"https:\/\/rioonwatch.org.br\/#\/schema\/person\/11d64c290506f9df50c71b850c473f68"},"headline":"Crian\u00e7as de Rua Exigem Respeito aos Direitos Humanos Antes dos Jogos Ol\u00edmpicos","datePublished":"2016-03-28T10:45:45+00:00","dateModified":"2024-06-20T19:27:44+00:00","mainEntityOfPage":{"@id":"https:\/\/rioonwatch.org.br\/?p=18877"},"wordCount":950,"publisher":{"@id":"https:\/\/rioonwatch.org.br\/#organization"},"image":{"@id":"https:\/\/rioonwatch.org.br\/?p=18877#primaryimage"},"thumbnailUrl":"https:\/\/rioonwatch.org.br\/wp-content\/uploads\/2016\/03\/12874443_10156613323660104_325055769_o.jpg","keywords":["Chap\u00e9u Mangueira","direitos da crian\u00e7a","Eduardo Paes","esporte","Favela do Metr\u00f4","juventude","Megaeventos","Moradores em Situa\u00e7\u00e3o de Rua","Morro da Babil\u00f4nia","Olimp\u00edadas","participa\u00e7\u00e3o","pol\u00edtica p\u00fablica","Vila Aut\u00f3dromo","Zona Sul"],"articleSection":["#OlhoNaParticipa\u00e7\u00e3o","#Rio2016","*Destaque","Cobertura de Eventos","Escrito por Aliados"],"inLanguage":"pt-BR"},{"@type":"WebPage","@id":"https:\/\/rioonwatch.org.br\/?p=18877","url":"https:\/\/rioonwatch.org.br\/?p=18877","name":"Crian\u00e7as de Rua Exigem Respeito aos Direitos Humanos Antes dos Jogos Ol\u00edmpicos - RioOnWatch","isPartOf":{"@id":"https:\/\/rioonwatch.org.br\/#website"},"primaryImageOfPage":{"@id":"https:\/\/rioonwatch.org.br\/?p=18877#primaryimage"},"image":{"@id":"https:\/\/rioonwatch.org.br\/?p=18877#primaryimage"},"thumbnailUrl":"https:\/\/rioonwatch.org.br\/wp-content\/uploads\/2016\/03\/12874443_10156613323660104_325055769_o.jpg","datePublished":"2016-03-28T10:45:45+00:00","dateModified":"2024-06-20T19:27:44+00:00","breadcrumb":{"@id":"https:\/\/rioonwatch.org.br\/?p=18877#breadcrumb"},"inLanguage":"pt-BR","potentialAction":[{"@type":"ReadAction","target":["https:\/\/rioonwatch.org.br\/?p=18877"]}]},{"@type":"ImageObject","inLanguage":"pt-BR","@id":"https:\/\/rioonwatch.org.br\/?p=18877#primaryimage","url":"https:\/\/rioonwatch.org.br\/wp-content\/uploads\/2016\/03\/12874443_10156613323660104_325055769_o.jpg","contentUrl":"https:\/\/rioonwatch.org.br\/wp-content\/uploads\/2016\/03\/12874443_10156613323660104_325055769_o.jpg","width":2048,"height":1365},{"@type":"BreadcrumbList","@id":"https:\/\/rioonwatch.org.br\/?p=18877#breadcrumb","itemListElement":[{"@type":"ListItem","position":1,"name":"In\u00edcio","item":"https:\/\/rioonwatch.org.br\/"},{"@type":"ListItem","position":2,"name":"Crian\u00e7as de Rua Exigem Respeito aos Direitos Humanos Antes dos Jogos Ol\u00edmpicos"}]},{"@type":"WebSite","@id":"https:\/\/rioonwatch.org.br\/#website","url":"https:\/\/rioonwatch.org.br\/","name":"RioOnWatch","description":"relatos das favelas cariocas","publisher":{"@id":"https:\/\/rioonwatch.org.br\/#organization"},"potentialAction":[{"@type":"SearchAction","target":{"@type":"EntryPoint","urlTemplate":"https:\/\/rioonwatch.org.br\/?s={search_term_string}"},"query-input":{"@type":"PropertyValueSpecification","valueRequired":true,"valueName":"search_term_string"}}],"inLanguage":"pt-BR"},{"@type":"Organization","@id":"https:\/\/rioonwatch.org.br\/#organization","name":"RioOnWatch","url":"https:\/\/rioonwatch.org.br\/","logo":{"@type":"ImageObject","inLanguage":"pt-BR","@id":"https:\/\/rioonwatch.org.br\/#\/schema\/logo\/image\/","url":"https:\/\/rioonwatch.org.br\/wp-content\/uploads\/2021\/06\/RioOnWatchcabecalhoPT11anos-2.png","contentUrl":"https:\/\/rioonwatch.org.br\/wp-content\/uploads\/2021\/06\/RioOnWatchcabecalhoPT11anos-2.png","width":779,"height":277,"caption":"RioOnWatch"},"image":{"@id":"https:\/\/rioonwatch.org.br\/#\/schema\/logo\/image\/"}},{"@type":"Person","@id":"https:\/\/rioonwatch.org.br\/#\/schema\/person\/11d64c290506f9df50c71b850c473f68","name":"Admin","image":{"@type":"ImageObject","inLanguage":"pt-BR","@id":"https:\/\/rioonwatch.org.br\/#\/schema\/person\/image\/","url":"https:\/\/secure.gravatar.com\/avatar\/56211ac74568383903349a1485e3c325?s=96&d=blank&r=g","contentUrl":"https:\/\/secure.gravatar.com\/avatar\/56211ac74568383903349a1485e3c325?s=96&d=blank&r=g","caption":"Admin"},"url":"https:\/\/rioonwatch.org.br\/?author=129"}]}},"_links":{"self":[{"href":"https:\/\/rioonwatch.org.br\/index.php?rest_route=\/wp\/v2\/posts\/18877"}],"collection":[{"href":"https:\/\/rioonwatch.org.br\/index.php?rest_route=\/wp\/v2\/posts"}],"about":[{"href":"https:\/\/rioonwatch.org.br\/index.php?rest_route=\/wp\/v2\/types\/post"}],"author":[{"embeddable":true,"href":"https:\/\/rioonwatch.org.br\/index.php?rest_route=\/wp\/v2\/users\/129"}],"replies":[{"embeddable":true,"href":"https:\/\/rioonwatch.org.br\/index.php?rest_route=%2Fwp%2Fv2%2Fcomments&post=18877"}],"version-history":[{"count":11,"href":"https:\/\/rioonwatch.org.br\/index.php?rest_route=\/wp\/v2\/posts\/18877\/revisions"}],"predecessor-version":[{"id":74224,"href":"https:\/\/rioonwatch.org.br\/index.php?rest_route=\/wp\/v2\/posts\/18877\/revisions\/74224"}],"wp:featuredmedia":[{"embeddable":true,"href":"https:\/\/rioonwatch.org.br\/index.php?rest_route=\/wp\/v2\/media\/18879"}],"wp:attachment":[{"href":"https:\/\/rioonwatch.org.br\/index.php?rest_route=%2Fwp%2Fv2%2Fmedia&parent=18877"}],"wp:term":[{"taxonomy":"category","embeddable":true,"href":"https:\/\/rioonwatch.org.br\/index.php?rest_route=%2Fwp%2Fv2%2Fcategories&post=18877"},{"taxonomy":"post_tag","embeddable":true,"href":"https:\/\/rioonwatch.org.br\/index.php?rest_route=%2Fwp%2Fv2%2Ftags&post=18877"},{"taxonomy":"writer","embeddable":true,"href":"https:\/\/rioonwatch.org.br\/index.php?rest_route=%2Fwp%2Fv2%2Fwriter&post=18877"},{"taxonomy":"translator","embeddable":true,"href":"https:\/\/rioonwatch.org.br\/index.php?rest_route=%2Fwp%2Fv2%2Ftranslator&post=18877"},{"taxonomy":"source","embeddable":true,"href":"https:\/\/rioonwatch.org.br\/index.php?rest_route=%2Fwp%2Fv2%2Fsource&post=18877"},{"taxonomy":"ilustrador","embeddable":true,"href":"https:\/\/rioonwatch.org.br\/index.php?rest_route=%2Fwp%2Fv2%2Filustrador&post=18877"},{"taxonomy":"fotografo","embeddable":true,"href":"https:\/\/rioonwatch.org.br\/index.php?rest_route=%2Fwp%2Fv2%2Ffotografo&post=18877"}],"curies":[{"name":"wp","href":"https:\/\/api.w.org\/{rel}","templated":true}]}}