{"id":18905,"date":"2016-03-30T08:10:42","date_gmt":"2016-03-30T11:10:42","guid":{"rendered":"http:\/\/rioonwatch.org.br\/?p=18905"},"modified":"2024-06-20T16:27:44","modified_gmt":"2024-06-20T19:27:44","slug":"corrida-pela-vila-tocha-olimpica-de-vancouver-chega-na-vila-autodromo","status":"publish","type":"post","link":"https:\/\/rioonwatch.org.br\/?p=18905","title":{"rendered":"Corrida pela Vila: Tocha Ol\u00edmpica de Vancouver Chega na Vila Aut\u00f3dromo"},"content":{"rendered":"<p style=\"text-align: right;\"><em><strong><a href=\"http:\/\/bit.ly\/22Kh4wV\" target=\"_blank\" rel=\"noopener\">Click Here for English<img decoding=\"async\" width=\"20\" height=\"20\" class=\"alignright wp-image-15790\" src=\"http:\/\/rioonwatch.org.br\/wp-content\/uploads\/2012\/08\/EN-standard-e1439583104716.jpg\" alt=\"\" \/><\/a><\/strong><\/em><\/p>\n<p>A primeira <a href=\"http:\/\/bit.ly\/1T9rxvD\" target=\"_blank\" rel=\"noopener\">Corrida pela Vila<\/a>\u00a0foi realizada na <a href=\"http:\/\/bit.ly\/Nfddvg\" target=\"_blank\" rel=\"noopener\">Vila Aut\u00f3dromo<\/a>, no s\u00e1bado passado, 26 de mar\u00e7o. O evento foi organizado pelo movimento de resist\u00eancia da comunidade em colabora\u00e7\u00e3o com o artista brasileiro <a href=\"http:\/\/bit.ly\/1XYl5XL\" target=\"_blank\" rel=\"noopener\">Igor Vidor<\/a>\u00a0e reuniu moradores, ativistas e apoiadores, nos\u00a0quatro quil\u00f4metros em torno da comunidade. Os eventos de s\u00e1bado fazem parte das atividades semanais, em curso, na Vila Aut\u00f3dromo, onde os moradores acolhem e convidam apoiadores para se envolverem com a comunidade e apoiarem a sua luta contra a <a href=\"http:\/\/bit.ly\/X51Qvb\" target=\"_blank\" rel=\"noopener\">remo\u00e7\u00e3o<\/a>.<\/p>\n<p>S\u00e1bado n\u00e3o foi s\u00f3 um reflexo da <a href=\"http:\/\/bit.ly\/1piRAgk\" target=\"_blank\" rel=\"noopener\">resist\u00eancia<\/a> cont\u00ednua da Vila Aut\u00f3dromo e da luta para\u00a0<a href=\"http:\/\/bit.ly\/1M39Oi4\" target=\"_blank\" rel=\"noopener\">viver ao lado do Parque Ol\u00edmpico<\/a>, mas tamb\u00e9m foram homenageadas as <a href=\"http:\/\/bit.ly\/1VrS59R\" target=\"_blank\" rel=\"noopener\">comunidades de todo o mundo<\/a>\u00a0que sofreram remo\u00e7\u00f5es devido aos\u00a0<a href=\"http:\/\/bit.ly\/1uZ9w6o\" target=\"_blank\" rel=\"noopener\">megaeventos<\/a>. No s\u00e1bado, a Vila Aut\u00f3dromo foi presenteada com a\u00a0<a href=\"http:\/\/bit.ly\/1RGZJJB\" target=\"_blank\" rel=\"noopener\">Tocha Ol\u00edmpica da Pobreza<\/a>, que tem sido repassada\u00a0entre\u00a0mobilizadores\u00a0nas cidades-sede das Olimp\u00edadas desde que foi <a href=\"http:\/\/bit.ly\/1UrjZFU\" target=\"_blank\" rel=\"noopener\">criada em 2010, em Vancouver<\/a>.\u00a0A tocha representa uma s\u00e9rie de quest\u00f5es relacionadas com as Olimp\u00edadas incluindo remo\u00e7\u00f5es devido \u00e0 <a href=\"http:\/\/bit.ly\/11tBtBo\" target=\"_blank\" rel=\"noopener\">especula\u00e7\u00e3o imobili\u00e1ria<\/a>.\u00a0Quando o revezamento da tocha chegou a Londres, em 2012, os organizadores disseram: &#8220;O revezamento da Tocha da Pobreza destaca quest\u00f5es Ol\u00edmpicas de longa data como as remo\u00e7\u00f5es, a confisca\u00e7\u00e3o de terras e a exclus\u00e3o dos pobres. Londres-2012 n\u00e3o \u00e9 diferente. Os Jogos Ol\u00edmpicos simbolizam o poder corporativo e crescente desigualdade social&#8221;. Entretanto, quando a tocha chegou na Vila Aut\u00f3dromo, a moradora <a href=\"http:\/\/bit.ly\/1THCRjN\" target=\"_blank\" rel=\"noopener\">Nat\u00e1lia Silva<\/a>\u00a0disse: &#8220;A tocha tem um significado importante&#8230; E esperamos pass\u00e1-la para uma comunidade na pr\u00f3xima cidade anfitri\u00e3 [Pyeongchang, Coreia do Sul]&#8221;.<\/p>\n<p class=\"p1\"><a href=\"http:\/\/rioonwatch.org.br\/wp-content\/uploads\/2016\/03\/Penha.jpg\" rel=\"attachment wp-att-18909\"><img fetchpriority=\"high\" decoding=\"async\" class=\"aligncenter wp-image-18909 size-medium\" title=\"Maria da Penha segura a Tocha da Pobreza no Parquinho antes dele ser demolido.\" src=\"http:\/\/rioonwatch.org.br\/wp-content\/uploads\/2016\/03\/Penha-620x345.jpg\" alt=\"Penha\" width=\"620\" height=\"345\" srcset=\"https:\/\/rioonwatch.org.br\/wp-content\/uploads\/2016\/03\/Penha-620x345.jpg 620w, https:\/\/rioonwatch.org.br\/wp-content\/uploads\/2016\/03\/Penha-475x264.jpg 475w, https:\/\/rioonwatch.org.br\/wp-content\/uploads\/2016\/03\/Penha-768x427.jpg 768w, https:\/\/rioonwatch.org.br\/wp-content\/uploads\/2016\/03\/Penha-1024x569.jpg 1024w, https:\/\/rioonwatch.org.br\/wp-content\/uploads\/2016\/03\/Penha-174x98.jpg 174w, https:\/\/rioonwatch.org.br\/wp-content\/uploads\/2016\/03\/Penha.jpg 1200w\" sizes=\"(max-width: 620px) 100vw, 620px\" \/><\/a><\/p>\n<p class=\"p1\">Nas \u00faltimas semanas a Prefeitura\u00a0<a href=\"http:\/\/on.fb.me\/1LDKuEV\" target=\"_blank\" rel=\"noopener\">aumentou a press\u00e3o<\/a>\u00a0sobre a comunidade com as demoli\u00e7\u00f5es devastadores da <a href=\"http:\/\/bit.ly\/1WLtygo\" target=\"_blank\" rel=\"noopener\">Associa\u00e7\u00e3o dos Moradores<\/a> e da <a href=\"http:\/\/bit.ly\/1WLtygo\" target=\"_blank\" rel=\"noopener\">casa e centro religioso afro-brasileiro\u00a0de Helena Heloisa<\/a>. No in\u00edcio deste m\u00eas <a href=\"http:\/\/bit.ly\/1pcDODu\" target=\"_blank\" rel=\"noopener\">demoliram a casa de Maria da Penha<\/a>, no Dia Internacional da Mulher. A perda de sua casa n\u00e3o removeu Penha e sua fam\u00edlia da Vila Aut\u00f3dromo. Por enquanto, eles continuam com a luta na Igreja Cat\u00f3lica, localizada no cora\u00e7\u00e3o da comunidade.<\/p>\n<p class=\"p1\">Na semana passada, quarta-feira dia 23 de mar\u00e7o, a comunidade sofreu mais um golpe com a demoli\u00e7\u00e3o de uma \u00e1rea de lazer da comunidade: o <a href=\"http:\/\/bit.ly\/1WXB5sP\" target=\"_blank\" rel=\"noopener\">parquinho<\/a>. O parque foi revitalizado atrav\u00e9s de um mutir\u00e3o\u00a0em <a href=\"http:\/\/bit.ly\/1X4eIWB\" target=\"_blank\" rel=\"noopener\">novembro do ano passado<\/a>. A Prefeitura tamb\u00e9m mudou a <a href=\"http:\/\/bit.ly\/1UDxmCH\" target=\"_blank\" rel=\"noopener\">fronteira f\u00edsica da comunidade<\/a>\u00a0sem aviso, e um <a href=\"http:\/\/bit.ly\/1ZtBBAm\" target=\"_blank\" rel=\"noopener\">morador foi amea\u00e7ado<\/a>\u00a0por um agente da <a href=\"http:\/\/bit.ly\/14mlkmP\" target=\"_blank\" rel=\"noopener\">CEDAE<\/a>.<\/p>\n<p>As demoli\u00e7\u00f5es acontecem num momento em que o discurso oficial \u00e9 de que a Vila Aut\u00f3dromo permanecer\u00e1. Moradores ainda n\u00e3o tinham visto os <a href=\"http:\/\/bit.ly\/1R3RMAY\" target=\"_blank\" rel=\"noopener\">planos do prefeito para a comunidade<\/a>, mas <a href=\"http:\/\/bit.ly\/1XZIojS\" target=\"_blank\" rel=\"noopener\">alguns<\/a>\u00a0receberam convites individuais para se encontrarem com o prefeito e discutirem o plano na segunda-feira, 28 de mar\u00e7o. No s\u00e1bado, os moradores relataram que esperavam fazer sugest\u00f5es\u00a0<a href=\"http:\/\/bit.ly\/1R3RMAY\" target=\"_blank\" rel=\"noopener\">e terem influ\u00eancia sobre o plano<\/a>. Moradores publicaram um <a href=\"http:\/\/bit.ly\/1UyIh0V\" target=\"_blank\" rel=\"noopener\">comunicado<\/a>\u00a0na p\u00e1gina oficial da comunidade do Facebook na segunda-feira de manh\u00e3: &#8220;As fam\u00edlias esperam que a partir de hoje se inicie um processo menos traum\u00e1tico; democr\u00e1tico, de legaliza\u00e7\u00e3o e de urbaniza\u00e7\u00e3o decente, leal, verdadeira e sem armadilhas&#8221;.<\/p>\n<p><a href=\"http:\/\/rioonwatch.org.br\/wp-content\/uploads\/2016\/03\/image-620x264.jpeg\" rel=\"attachment wp-att-18910\"><img decoding=\"async\" class=\"aligncenter wp-image-18910 size-full\" title=\"Convite enviado a alguns moradores para uma reuni\u00e3o com o prefeito.\" src=\"http:\/\/rioonwatch.org.br\/wp-content\/uploads\/2016\/03\/image-620x264.jpeg\" alt=\"image-620x264\" width=\"620\" height=\"264\" \/><\/a><\/p>\n<p class=\"p1\">Ap\u00f3s a corrida de s\u00e1bado, moradores e apoiadores comemoraram o anivers\u00e1rio de 15 anos de Flora. Ela e seus tr\u00eas irm\u00e3os vivem na Vila Aut\u00f3dromo desde que nasceram. A festa incluiu uma oficina, m\u00fasica e comida. A m\u00e3e de Flora, <a href=\"http:\/\/bit.ly\/1THCRjN\" target=\"_blank\" rel=\"noopener\">Sandra Maria<\/a>, \u00e9 uma figura forte na luta da comunidade e recentemente apareceu em um v\u00eddeo amplamente compartilhado descrevendo a <a href=\"http:\/\/on.fb.me\/1LDKuEV\" target=\"_blank\" rel=\"noopener\">press\u00e3o psicol\u00f3gica que a comunidade est\u00e1 sofrendo e tamb\u00e9m agradecendo aos apoiadores<\/a>.<\/p>\n<p class=\"p1\">Apesar de tudo o que a comunidade tem passado ao longo dos anos e principalmente nas \u00faltimas semanas, os moradores continuam a organizar eventos semanais, a convidar apoiadores para irem em suas casas e celebrar o esp\u00edrito da comunidade, o que s\u00f3 tem crescido com o tempo, apesar das demoli\u00e7\u00f5es. A Vila Aut\u00f3dromo planeja realizar outra Corrida pela Vila nas pr\u00f3ximas semanas e manter um programa regular de atividades nos fins de semana.<\/p>\n<!-- AddThis Advanced Settings generic via filter on the_content --><!-- AddThis Share Buttons generic via filter on the_content -->","protected":false},"excerpt":{"rendered":"<div class=\"mh-excerpt\"><p>Click Here for English A primeira Corrida pela Vila\u00a0foi realizada na Vila Aut\u00f3dromo, no s\u00e1bado passado, 26 de mar\u00e7o. O evento foi organizado pelo movimento de resist\u00eancia da comunidade em colabora\u00e7\u00e3o com o artista brasileiro <a class=\"mh-excerpt-more\" href=\"https:\/\/rioonwatch.org.br\/?p=18905\" title=\"Corrida pela Vila: Tocha Ol\u00edmpica de Vancouver Chega na Vila Aut\u00f3dromo\">[&#8230;]<\/a><!-- AddThis Advanced Settings generic via filter on get_the_excerpt --><!-- AddThis Share Buttons generic via filter on get_the_excerpt --><\/p>\n<\/div>","protected":false},"author":129,"featured_media":18908,"comment_status":"closed","ping_status":"closed","sticky":false,"template":"","format":"standard","meta":{"_acf_changed":false,"_monsterinsights_skip_tracking":false,"_monsterinsights_sitenote_active":false,"_monsterinsights_sitenote_note":"","_monsterinsights_sitenote_category":0,"footnotes":""},"categories":[1618,1614,1635,1627,346,1626,1612],"tags":[620,759,424,484,292,594,1240,1037,78,358,304,14,432,1819,1788,55,184],"writer":[1677],"translator":[1491],"source":[],"ilustrador":[],"fotografo":[],"class_list":{"0":"post-18905","1":"post","2":"type-post","3":"status-publish","4":"format-standard","5":"has-post-thumbnail","7":"category-olhonaparticipacao","8":"category-olhonasremocoes","9":"category-1635","10":"category-relato-de-evento","11":"category-denuncias","12":"category-por-observadores-internacionais","13":"category-sociedade-civil","14":"tag-cedae","15":"tag-comparacao-internacional","16":"tag-direito-a-moradia","17":"tag-prefeito-eduardo-paes","18":"tag-esporte","19":"tag-londres","20":"tag-megaeventos","21":"tag-moradia","22":"tag-olimpiadas","23":"tag-organizacao-comunitaria","24":"tag-participacao","25":"tag-remocao","26":"tag-resistencia","27":"tag-sochi","28":"tag-vancouver","29":"tag-vila-autodromo","30":"tag-zona-oeste","31":"writer-clare-huggins","32":"translator-patricia-gomes"},"acf":[],"yoast_head":"<!-- This site is optimized with the Yoast SEO plugin v25.6 - https:\/\/yoast.com\/wordpress\/plugins\/seo\/ -->\n<title>Corrida pela Vila: Tocha Ol\u00edmpica de Vancouver Chega na Vila Aut\u00f3dromo - RioOnWatch<\/title>\n<meta name=\"robots\" content=\"index, follow, max-snippet:-1, max-image-preview:large, max-video-preview:-1\" \/>\n<link rel=\"canonical\" href=\"https:\/\/rioonwatch.org.br\/?p=18905\" \/>\n<meta property=\"og:locale\" content=\"pt_BR\" \/>\n<meta property=\"og:type\" content=\"article\" \/>\n<meta property=\"og:title\" content=\"Corrida pela Vila: Tocha Ol\u00edmpica de Vancouver Chega na Vila Aut\u00f3dromo - RioOnWatch\" \/>\n<meta property=\"og:description\" content=\"Click Here for English A primeira Corrida pela Vila\u00a0foi realizada na Vila Aut\u00f3dromo, no s\u00e1bado passado, 26 de mar\u00e7o. O evento foi organizado pelo movimento de resist\u00eancia da comunidade em colabora\u00e7\u00e3o com o artista brasileiro [...]\" \/>\n<meta property=\"og:url\" content=\"https:\/\/rioonwatch.org.br\/?p=18905\" \/>\n<meta property=\"og:site_name\" content=\"RioOnWatch\" \/>\n<meta property=\"article:published_time\" content=\"2016-03-30T11:10:42+00:00\" \/>\n<meta property=\"article:modified_time\" content=\"2024-06-20T19:27:44+00:00\" \/>\n<meta property=\"og:image\" content=\"https:\/\/rioonwatch.org.br\/wp-content\/uploads\/2016\/03\/Corrida.jpg\" \/>\n\t<meta property=\"og:image:width\" content=\"2048\" \/>\n\t<meta property=\"og:image:height\" content=\"1333\" \/>\n\t<meta property=\"og:image:type\" content=\"image\/jpeg\" \/>\n<meta name=\"author\" content=\"Admin\" \/>\n<meta name=\"twitter:card\" content=\"summary_large_image\" \/>\n<meta name=\"twitter:label1\" content=\"Escrito por\" \/>\n\t<meta name=\"twitter:data1\" content=\"Admin\" \/>\n\t<meta name=\"twitter:label2\" content=\"Est. tempo de leitura\" \/>\n\t<meta name=\"twitter:data2\" content=\"4 minutos\" \/>\n<script type=\"application\/ld+json\" class=\"yoast-schema-graph\">{\"@context\":\"https:\/\/schema.org\",\"@graph\":[{\"@type\":\"Article\",\"@id\":\"https:\/\/rioonwatch.org.br\/?p=18905#article\",\"isPartOf\":{\"@id\":\"https:\/\/rioonwatch.org.br\/?p=18905\"},\"author\":{\"name\":\"Admin\",\"@id\":\"https:\/\/rioonwatch.org.br\/#\/schema\/person\/11d64c290506f9df50c71b850c473f68\"},\"headline\":\"Corrida pela Vila: Tocha Ol\u00edmpica de Vancouver Chega na Vila Aut\u00f3dromo\",\"datePublished\":\"2016-03-30T11:10:42+00:00\",\"dateModified\":\"2024-06-20T19:27:44+00:00\",\"mainEntityOfPage\":{\"@id\":\"https:\/\/rioonwatch.org.br\/?p=18905\"},\"wordCount\":728,\"publisher\":{\"@id\":\"https:\/\/rioonwatch.org.br\/#organization\"},\"image\":{\"@id\":\"https:\/\/rioonwatch.org.br\/?p=18905#primaryimage\"},\"thumbnailUrl\":\"https:\/\/rioonwatch.org.br\/wp-content\/uploads\/2016\/03\/Corrida.jpg\",\"keywords\":[\"CEDAE\",\"compara\u00e7\u00e3o internacional\",\"Direito \u00e0 Moradia\",\"Eduardo Paes\",\"esporte\",\"Londres\",\"Megaeventos\",\"moradia\",\"Olimp\u00edadas\",\"organiza\u00e7\u00e3o comunit\u00e1ria\",\"participa\u00e7\u00e3o\",\"Remo\u00e7\u00e3o\",\"resist\u00eancia\",\"Sochi\",\"Vancouver\",\"Vila Aut\u00f3dromo\",\"Zona Oeste\"],\"articleSection\":[\"#OlhoNaParticipa\u00e7\u00e3o\",\"#OlhoNasRemo\u00e7\u00f5es\",\"#Rio2016\",\"Cobertura de Eventos\",\"Den\u00fancias\",\"Escrito por Aliados\",\"Sociedade Civil\"],\"inLanguage\":\"pt-BR\"},{\"@type\":\"WebPage\",\"@id\":\"https:\/\/rioonwatch.org.br\/?p=18905\",\"url\":\"https:\/\/rioonwatch.org.br\/?p=18905\",\"name\":\"Corrida pela Vila: Tocha Ol\u00edmpica de Vancouver Chega na Vila Aut\u00f3dromo - RioOnWatch\",\"isPartOf\":{\"@id\":\"https:\/\/rioonwatch.org.br\/#website\"},\"primaryImageOfPage\":{\"@id\":\"https:\/\/rioonwatch.org.br\/?p=18905#primaryimage\"},\"image\":{\"@id\":\"https:\/\/rioonwatch.org.br\/?p=18905#primaryimage\"},\"thumbnailUrl\":\"https:\/\/rioonwatch.org.br\/wp-content\/uploads\/2016\/03\/Corrida.jpg\",\"datePublished\":\"2016-03-30T11:10:42+00:00\",\"dateModified\":\"2024-06-20T19:27:44+00:00\",\"breadcrumb\":{\"@id\":\"https:\/\/rioonwatch.org.br\/?p=18905#breadcrumb\"},\"inLanguage\":\"pt-BR\",\"potentialAction\":[{\"@type\":\"ReadAction\",\"target\":[\"https:\/\/rioonwatch.org.br\/?p=18905\"]}]},{\"@type\":\"ImageObject\",\"inLanguage\":\"pt-BR\",\"@id\":\"https:\/\/rioonwatch.org.br\/?p=18905#primaryimage\",\"url\":\"https:\/\/rioonwatch.org.br\/wp-content\/uploads\/2016\/03\/Corrida.jpg\",\"contentUrl\":\"https:\/\/rioonwatch.org.br\/wp-content\/uploads\/2016\/03\/Corrida.jpg\",\"width\":2048,\"height\":1333},{\"@type\":\"BreadcrumbList\",\"@id\":\"https:\/\/rioonwatch.org.br\/?p=18905#breadcrumb\",\"itemListElement\":[{\"@type\":\"ListItem\",\"position\":1,\"name\":\"In\u00edcio\",\"item\":\"https:\/\/rioonwatch.org.br\/\"},{\"@type\":\"ListItem\",\"position\":2,\"name\":\"Corrida pela Vila: Tocha Ol\u00edmpica de Vancouver Chega na Vila Aut\u00f3dromo\"}]},{\"@type\":\"WebSite\",\"@id\":\"https:\/\/rioonwatch.org.br\/#website\",\"url\":\"https:\/\/rioonwatch.org.br\/\",\"name\":\"RioOnWatch\",\"description\":\"relatos das favelas cariocas\",\"publisher\":{\"@id\":\"https:\/\/rioonwatch.org.br\/#organization\"},\"potentialAction\":[{\"@type\":\"SearchAction\",\"target\":{\"@type\":\"EntryPoint\",\"urlTemplate\":\"https:\/\/rioonwatch.org.br\/?s={search_term_string}\"},\"query-input\":{\"@type\":\"PropertyValueSpecification\",\"valueRequired\":true,\"valueName\":\"search_term_string\"}}],\"inLanguage\":\"pt-BR\"},{\"@type\":\"Organization\",\"@id\":\"https:\/\/rioonwatch.org.br\/#organization\",\"name\":\"RioOnWatch\",\"url\":\"https:\/\/rioonwatch.org.br\/\",\"logo\":{\"@type\":\"ImageObject\",\"inLanguage\":\"pt-BR\",\"@id\":\"https:\/\/rioonwatch.org.br\/#\/schema\/logo\/image\/\",\"url\":\"https:\/\/rioonwatch.org.br\/wp-content\/uploads\/2021\/06\/RioOnWatchcabecalhoPT11anos-2.png\",\"contentUrl\":\"https:\/\/rioonwatch.org.br\/wp-content\/uploads\/2021\/06\/RioOnWatchcabecalhoPT11anos-2.png\",\"width\":779,\"height\":277,\"caption\":\"RioOnWatch\"},\"image\":{\"@id\":\"https:\/\/rioonwatch.org.br\/#\/schema\/logo\/image\/\"}},{\"@type\":\"Person\",\"@id\":\"https:\/\/rioonwatch.org.br\/#\/schema\/person\/11d64c290506f9df50c71b850c473f68\",\"name\":\"Admin\",\"image\":{\"@type\":\"ImageObject\",\"inLanguage\":\"pt-BR\",\"@id\":\"https:\/\/rioonwatch.org.br\/#\/schema\/person\/image\/\",\"url\":\"https:\/\/secure.gravatar.com\/avatar\/56211ac74568383903349a1485e3c325?s=96&d=blank&r=g\",\"contentUrl\":\"https:\/\/secure.gravatar.com\/avatar\/56211ac74568383903349a1485e3c325?s=96&d=blank&r=g\",\"caption\":\"Admin\"},\"url\":\"https:\/\/rioonwatch.org.br\/?author=129\"}]}<\/script>\n<!-- \/ Yoast SEO plugin. -->","yoast_head_json":{"title":"Corrida pela Vila: Tocha Ol\u00edmpica de Vancouver Chega na Vila Aut\u00f3dromo - RioOnWatch","robots":{"index":"index","follow":"follow","max-snippet":"max-snippet:-1","max-image-preview":"max-image-preview:large","max-video-preview":"max-video-preview:-1"},"canonical":"https:\/\/rioonwatch.org.br\/?p=18905","og_locale":"pt_BR","og_type":"article","og_title":"Corrida pela Vila: Tocha Ol\u00edmpica de Vancouver Chega na Vila Aut\u00f3dromo - RioOnWatch","og_description":"Click Here for English A primeira Corrida pela Vila\u00a0foi realizada na Vila Aut\u00f3dromo, no s\u00e1bado passado, 26 de mar\u00e7o. O evento foi organizado pelo movimento de resist\u00eancia da comunidade em colabora\u00e7\u00e3o com o artista brasileiro [...]","og_url":"https:\/\/rioonwatch.org.br\/?p=18905","og_site_name":"RioOnWatch","article_published_time":"2016-03-30T11:10:42+00:00","article_modified_time":"2024-06-20T19:27:44+00:00","og_image":[{"width":2048,"height":1333,"url":"https:\/\/rioonwatch.org.br\/wp-content\/uploads\/2016\/03\/Corrida.jpg","type":"image\/jpeg"}],"author":"Admin","twitter_card":"summary_large_image","twitter_misc":{"Escrito por":"Admin","Est. tempo de leitura":"4 minutos"},"schema":{"@context":"https:\/\/schema.org","@graph":[{"@type":"Article","@id":"https:\/\/rioonwatch.org.br\/?p=18905#article","isPartOf":{"@id":"https:\/\/rioonwatch.org.br\/?p=18905"},"author":{"name":"Admin","@id":"https:\/\/rioonwatch.org.br\/#\/schema\/person\/11d64c290506f9df50c71b850c473f68"},"headline":"Corrida pela Vila: Tocha Ol\u00edmpica de Vancouver Chega na Vila Aut\u00f3dromo","datePublished":"2016-03-30T11:10:42+00:00","dateModified":"2024-06-20T19:27:44+00:00","mainEntityOfPage":{"@id":"https:\/\/rioonwatch.org.br\/?p=18905"},"wordCount":728,"publisher":{"@id":"https:\/\/rioonwatch.org.br\/#organization"},"image":{"@id":"https:\/\/rioonwatch.org.br\/?p=18905#primaryimage"},"thumbnailUrl":"https:\/\/rioonwatch.org.br\/wp-content\/uploads\/2016\/03\/Corrida.jpg","keywords":["CEDAE","compara\u00e7\u00e3o internacional","Direito \u00e0 Moradia","Eduardo Paes","esporte","Londres","Megaeventos","moradia","Olimp\u00edadas","organiza\u00e7\u00e3o comunit\u00e1ria","participa\u00e7\u00e3o","Remo\u00e7\u00e3o","resist\u00eancia","Sochi","Vancouver","Vila Aut\u00f3dromo","Zona Oeste"],"articleSection":["#OlhoNaParticipa\u00e7\u00e3o","#OlhoNasRemo\u00e7\u00f5es","#Rio2016","Cobertura de Eventos","Den\u00fancias","Escrito por Aliados","Sociedade Civil"],"inLanguage":"pt-BR"},{"@type":"WebPage","@id":"https:\/\/rioonwatch.org.br\/?p=18905","url":"https:\/\/rioonwatch.org.br\/?p=18905","name":"Corrida pela Vila: Tocha Ol\u00edmpica de Vancouver Chega na Vila Aut\u00f3dromo - RioOnWatch","isPartOf":{"@id":"https:\/\/rioonwatch.org.br\/#website"},"primaryImageOfPage":{"@id":"https:\/\/rioonwatch.org.br\/?p=18905#primaryimage"},"image":{"@id":"https:\/\/rioonwatch.org.br\/?p=18905#primaryimage"},"thumbnailUrl":"https:\/\/rioonwatch.org.br\/wp-content\/uploads\/2016\/03\/Corrida.jpg","datePublished":"2016-03-30T11:10:42+00:00","dateModified":"2024-06-20T19:27:44+00:00","breadcrumb":{"@id":"https:\/\/rioonwatch.org.br\/?p=18905#breadcrumb"},"inLanguage":"pt-BR","potentialAction":[{"@type":"ReadAction","target":["https:\/\/rioonwatch.org.br\/?p=18905"]}]},{"@type":"ImageObject","inLanguage":"pt-BR","@id":"https:\/\/rioonwatch.org.br\/?p=18905#primaryimage","url":"https:\/\/rioonwatch.org.br\/wp-content\/uploads\/2016\/03\/Corrida.jpg","contentUrl":"https:\/\/rioonwatch.org.br\/wp-content\/uploads\/2016\/03\/Corrida.jpg","width":2048,"height":1333},{"@type":"BreadcrumbList","@id":"https:\/\/rioonwatch.org.br\/?p=18905#breadcrumb","itemListElement":[{"@type":"ListItem","position":1,"name":"In\u00edcio","item":"https:\/\/rioonwatch.org.br\/"},{"@type":"ListItem","position":2,"name":"Corrida pela Vila: Tocha Ol\u00edmpica de Vancouver Chega na Vila Aut\u00f3dromo"}]},{"@type":"WebSite","@id":"https:\/\/rioonwatch.org.br\/#website","url":"https:\/\/rioonwatch.org.br\/","name":"RioOnWatch","description":"relatos das favelas cariocas","publisher":{"@id":"https:\/\/rioonwatch.org.br\/#organization"},"potentialAction":[{"@type":"SearchAction","target":{"@type":"EntryPoint","urlTemplate":"https:\/\/rioonwatch.org.br\/?s={search_term_string}"},"query-input":{"@type":"PropertyValueSpecification","valueRequired":true,"valueName":"search_term_string"}}],"inLanguage":"pt-BR"},{"@type":"Organization","@id":"https:\/\/rioonwatch.org.br\/#organization","name":"RioOnWatch","url":"https:\/\/rioonwatch.org.br\/","logo":{"@type":"ImageObject","inLanguage":"pt-BR","@id":"https:\/\/rioonwatch.org.br\/#\/schema\/logo\/image\/","url":"https:\/\/rioonwatch.org.br\/wp-content\/uploads\/2021\/06\/RioOnWatchcabecalhoPT11anos-2.png","contentUrl":"https:\/\/rioonwatch.org.br\/wp-content\/uploads\/2021\/06\/RioOnWatchcabecalhoPT11anos-2.png","width":779,"height":277,"caption":"RioOnWatch"},"image":{"@id":"https:\/\/rioonwatch.org.br\/#\/schema\/logo\/image\/"}},{"@type":"Person","@id":"https:\/\/rioonwatch.org.br\/#\/schema\/person\/11d64c290506f9df50c71b850c473f68","name":"Admin","image":{"@type":"ImageObject","inLanguage":"pt-BR","@id":"https:\/\/rioonwatch.org.br\/#\/schema\/person\/image\/","url":"https:\/\/secure.gravatar.com\/avatar\/56211ac74568383903349a1485e3c325?s=96&d=blank&r=g","contentUrl":"https:\/\/secure.gravatar.com\/avatar\/56211ac74568383903349a1485e3c325?s=96&d=blank&r=g","caption":"Admin"},"url":"https:\/\/rioonwatch.org.br\/?author=129"}]}},"_links":{"self":[{"href":"https:\/\/rioonwatch.org.br\/index.php?rest_route=\/wp\/v2\/posts\/18905"}],"collection":[{"href":"https:\/\/rioonwatch.org.br\/index.php?rest_route=\/wp\/v2\/posts"}],"about":[{"href":"https:\/\/rioonwatch.org.br\/index.php?rest_route=\/wp\/v2\/types\/post"}],"author":[{"embeddable":true,"href":"https:\/\/rioonwatch.org.br\/index.php?rest_route=\/wp\/v2\/users\/129"}],"replies":[{"embeddable":true,"href":"https:\/\/rioonwatch.org.br\/index.php?rest_route=%2Fwp%2Fv2%2Fcomments&post=18905"}],"version-history":[{"count":22,"href":"https:\/\/rioonwatch.org.br\/index.php?rest_route=\/wp\/v2\/posts\/18905\/revisions"}],"predecessor-version":[{"id":74223,"href":"https:\/\/rioonwatch.org.br\/index.php?rest_route=\/wp\/v2\/posts\/18905\/revisions\/74223"}],"wp:featuredmedia":[{"embeddable":true,"href":"https:\/\/rioonwatch.org.br\/index.php?rest_route=\/wp\/v2\/media\/18908"}],"wp:attachment":[{"href":"https:\/\/rioonwatch.org.br\/index.php?rest_route=%2Fwp%2Fv2%2Fmedia&parent=18905"}],"wp:term":[{"taxonomy":"category","embeddable":true,"href":"https:\/\/rioonwatch.org.br\/index.php?rest_route=%2Fwp%2Fv2%2Fcategories&post=18905"},{"taxonomy":"post_tag","embeddable":true,"href":"https:\/\/rioonwatch.org.br\/index.php?rest_route=%2Fwp%2Fv2%2Ftags&post=18905"},{"taxonomy":"writer","embeddable":true,"href":"https:\/\/rioonwatch.org.br\/index.php?rest_route=%2Fwp%2Fv2%2Fwriter&post=18905"},{"taxonomy":"translator","embeddable":true,"href":"https:\/\/rioonwatch.org.br\/index.php?rest_route=%2Fwp%2Fv2%2Ftranslator&post=18905"},{"taxonomy":"source","embeddable":true,"href":"https:\/\/rioonwatch.org.br\/index.php?rest_route=%2Fwp%2Fv2%2Fsource&post=18905"},{"taxonomy":"ilustrador","embeddable":true,"href":"https:\/\/rioonwatch.org.br\/index.php?rest_route=%2Fwp%2Fv2%2Filustrador&post=18905"},{"taxonomy":"fotografo","embeddable":true,"href":"https:\/\/rioonwatch.org.br\/index.php?rest_route=%2Fwp%2Fv2%2Ffotografo&post=18905"}],"curies":[{"name":"wp","href":"https:\/\/api.w.org\/{rel}","templated":true}]}}