{"id":18931,"date":"2016-03-31T06:48:24","date_gmt":"2016-03-31T09:48:24","guid":{"rendered":"http:\/\/rioonwatch.org.br\/?p=18931"},"modified":"2016-03-31T06:48:24","modified_gmt":"2016-03-31T09:48:24","slug":"comunidade-do-horto-protesta-ameacas-de-remocao-pelo-jardim-botanico","status":"publish","type":"post","link":"https:\/\/rioonwatch.org.br\/?p=18931","title":{"rendered":"Comunidade do Horto Protesta Amea\u00e7as de Remo\u00e7\u00e3o pelo Jardim Bot\u00e2nico"},"content":{"rendered":"<p style=\"text-align: right;\"><em><strong><a href=\"http:\/\/bit.ly\/21TazCb\" target=\"_blank\">Click Here for English<img decoding=\"async\" width=\"20\" height=\"20\" class=\"alignright wp-image-15790\" src=\"http:\/\/rioonwatch.org.br\/wp-content\/uploads\/2012\/08\/EN-standard-e1439583104716.jpg\" alt=\"\" \/><\/a><\/strong><\/em><\/p>\n<p>No domingo, 27 de mar\u00e7o, a comunidade do <a href=\"http:\/\/bit.ly\/11b2TzL\" target=\"_blank\">Horto<\/a>, localizada dentro dos limites do Jardim Bot\u00e2nico na <a href=\"http:\/\/bit.ly\/1mNsDyk\" target=\"_blank\">Zona Sul<\/a> do Rio, mais uma vez tomou as ruas para protestar contra a <a href=\"http:\/\/bit.ly\/X51Qvb\" target=\"_blank\">remo\u00e7\u00e3o<\/a> de cerca de 600 fam\u00edlias.<\/p>\n<p>Cerca de 200 moradores e apoiadores se reuniram \u00e0s 8h no principal port\u00e3o de entrada das comunidades do Horto: Caxinguel\u00ea e Grot\u00e3o. Adultos, crian\u00e7as, adolescentes e idosos marcharam juntos ao longo da Rua Pacheco Le\u00e3o em dire\u00e7\u00e3o a Rua Jardim Bot\u00e2nico, fazendo o trajeto at\u00e9 a entrada principal do Jardim Bot\u00e2nico. Moradores carregavam cartazes escritos, &#8220;Horto Vive&#8221;, &#8220;Horto Fica&#8221;, e &#8220;N\u00e3o haver\u00e1 Remo\u00e7\u00e3o dos Moradores do Horto!&#8221; A multid\u00e3o bloqueou a entrada principal do Jardim Bot\u00e2nico\u00a0e depois de algum tempo, um grupo menor entrou no parque para um protesto pac\u00edfico.<\/p>\n<p><a href=\"http:\/\/rioonwatch.org.br\/wp-content\/uploads\/2016\/03\/image-5.jpeg\" rel=\"attachment wp-att-18937\"><img fetchpriority=\"high\" decoding=\"async\" class=\"aligncenter wp-image-18937 size-content\" title=\"Moradores das comunidades do Horto dentro do Jardim Bot\u00e2nico\" src=\"http:\/\/rioonwatch.org.br\/wp-content\/uploads\/2016\/03\/image-5-620x264.jpeg\" alt=\"image-5\" width=\"620\" height=\"264\" \/><\/a><\/p>\n<p>De acordo com Moacir de Oliveira Paiva Jr. da Comiss\u00e3o de Moradores do Horto, este \u00faltimo protesto foi a \u00faltima oportunidade para evitar a remo\u00e7\u00e3o de Vilmar da Silva Paulo, que vive na comunidade h\u00e1 40 anos e criou seus filhos e netos l\u00e1. A comunidade recebeu a not\u00edcia da remo\u00e7\u00e3o de Vilmar no dia 18 de janeiro. A remo\u00e7\u00e3o estava programada para ocorrer na segunda-feira, dia 28 de mar\u00e7o, das 6h em diante. Moradores temem que uma vez que o processo de remo\u00e7\u00e3o comece, as demoli\u00e7\u00f5es n\u00e3o ter\u00e3o mais fim. No entanto, Moacyr de Oliveira Paiva Jr. destacou que eles v\u00e3o lutar a cada remo\u00e7\u00e3o: &#8220;Esta n\u00e3o ser\u00e1 uma desocupa\u00e7\u00e3o pac\u00edfica, faremos tudo o que pudermos&#8221;.<\/p>\n<p>Cerca de 200 fam\u00edlias entraram com a\u00e7\u00f5es contra o Jardim Bot\u00e2nico por causa da tentativa de remov\u00ea-los de suas casas. Os moradores t\u00eam um n\u00famero de advogados e pol\u00edticos que apoiam o seu caso em Bras\u00edlia. No entanto, v\u00e1rios explicam que devido \u00e0 natureza cont\u00ednua desta batalha, todos os recursos legais j\u00e1 foram usadas. Os moradores receberam aviso de remo\u00e7\u00e3o, sem qualquer oferta de indeniza\u00e7\u00e3o ou moradia alternativa.<\/p>\n<p><a href=\"http:\/\/rioonwatch.org.br\/wp-content\/uploads\/2016\/03\/image-6.jpeg\" rel=\"attachment wp-att-18939\"><img decoding=\"async\" class=\"aligncenter wp-image-18939 size-content\" title=\"Protesto dos moradores das comunidades do Horto no domingo\" src=\"http:\/\/rioonwatch.org.br\/wp-content\/uploads\/2016\/03\/image-6-620x264.jpeg\" alt=\"\" width=\"620\" height=\"264\" \/><\/a><\/p>\n<p>De acordo com Moacyr, as remo\u00e7\u00f5es s\u00e3o inconstitucionais e n\u00e3o t\u00eam qualquer base jur\u00eddica v\u00e1lida. A\u00e7\u00f5es legais do Jardim Bot\u00e2nico contra os moradores da comunidade do Horto foram apresentadas pela primeira vez em 1985&#8211;quando o Brasil ainda estava sob a\u00a0<a href=\"http:\/\/bit.ly\/1nQlHQA\" target=\"_blank\">ditadura militar<\/a>&#8211;antes da atual <a href=\"http:\/\/bit.ly\/1RP0fvr\" target=\"_blank\">Constitui\u00e7\u00e3o Brasileira<\/a> ser estabelecida.<\/p>\n<p>Moradores t\u00eam lutado contra a remo\u00e7\u00e3o <a href=\"http:\/\/bit.ly\/12lVeS2\" target=\"_blank\">durante d\u00e9cadas<\/a>. Esta \u00faltima amea\u00e7a foi iniciada ap\u00f3s a Ministra do Meio Ambiente, Izabella Teixeira, anunciar a remo\u00e7\u00e3o inicial de 130 fam\u00edlias <a href=\"http:\/\/bit.ly\/1Rx7Byr\" target=\"_blank\">no in\u00edcio deste m\u00eas<\/a>.<\/p>\n<p>A hist\u00f3ria do Horto remonta a uma planta\u00e7\u00e3o de cana de a\u00e7\u00facar do s\u00e9culo 15 que ocupava as terras antes de ser tomada de volta por D. Jo\u00e3o VI em 1808, na primeira vez para uma implementa\u00e7\u00e3o de uma f\u00e1brica de p\u00f3lvora e, em seguida, para estabelecer o Jardim Bot\u00e2nico. Como os trabalhadores do Jardim Bot\u00e2nico estavam espalhados por todo o Estado do Rio, eles foram convidados pelo rei para retornarem e constru\u00edrem suas casas dentro dos limites do parque.<\/p>\n<p>Um morador, que nasceu na comunidade e vive l\u00e1 por 42 anos, disse: &#8220;Sempre fomos apaixonados pelo Jardim Bot\u00e2nico, n\u00f3s n\u00e3o queremos lutar contra eles. Meus pais ajudaram a constru\u00ed-lo. Minha m\u00e3e trabalhou no Jardim Bot\u00e2nico toda a sua vida&#8221;.<\/p>\n<p><a href=\"http:\/\/rioonwatch.org.br\/wp-content\/uploads\/2016\/03\/image-9.jpeg\" rel=\"attachment wp-att-18941\"><img loading=\"lazy\" decoding=\"async\" class=\"aligncenter wp-image-18941 size-content\" title=\"Protesto do lado de fora da entrada do Jardim Bot\u00e2nico\" src=\"http:\/\/rioonwatch.org.br\/wp-content\/uploads\/2016\/03\/image-9-620x264.jpeg\" alt=\"image-9\" width=\"620\" height=\"264\" \/><\/a><\/p>\n<p>No dia seguinte ao protesto, segunda-feira 28 de mar\u00e7o, os moradores das comunidades do Horto receberam informa\u00e7\u00f5es conflitantes sobre a remo\u00e7\u00e3o antecipada de Vilmar da Silva Paulo. Eles foram informados por um policial que a remo\u00e7\u00e3o n\u00e3o ia acontecer e, em seguida, informados por um outro policial que a <a href=\"http:\/\/bit.ly\/1RSGRdy\" target=\"_blank\">tropa de choque<\/a> estava a caminho. Como medida de seguran\u00e7a, um grande grupo de membros da comunidade rodearam a entrada da comunidade e fecharam as portas para o tr\u00e2nsito.<\/p>\n<p>Em um momento acalorado, a presidente da Comiss\u00e3o de Moradores do Horto, Em\u00edlia de Souza, reuniu-se com os membros da comunidade e anunciou que eles n\u00e3o deveriam deixar a entrada da comunidade at\u00e9 que houvesse uma confirma\u00e7\u00e3o oficial de que a remo\u00e7\u00e3o programada para aquela manh\u00e3 tinha sido cancelada: &#8220;Estamos lutando por nossos <a href=\"http:\/\/bit.ly\/1g73xCv\" target=\"_blank\">direitos \u00e0 moradia<\/a>. Vamos resistir!&#8221;. Mais tarde, eles receberam a confirma\u00e7\u00e3o por telefone de um representante em Bras\u00edlia.<\/p>\n<p>Os membros da comunidade n\u00e3o t\u00eam estado em comunica\u00e7\u00e3o com representantes do Jardim Bot\u00e2nico. Segundo os moradores, o comit\u00ea do Jardim Bot\u00e2nico se recusa a discutir sobre por qual ou quais raz\u00f5es a comunidade precisa ser removida. O fato \u00e9 que a comunidade do Horto est\u00e1 localizada em uma das terras mais valorizadas do Rio e tem poderosos vizinhos ricos. Os moradores acreditam que a <a href=\"http:\/\/bit.ly\/11tBtBo\" target=\"_blank\">especula\u00e7\u00e3o imobili\u00e1ria<\/a> \u00e9 o motivo para a remo\u00e7\u00e3o.<\/p>\n<p>No dia seguinte, ter\u00e7a-feira 29 de mar\u00e7o, a comunidade do Horto, mais uma vez recebeu a not\u00edcia de que a remo\u00e7\u00e3o de Vilmar da Silva Paulo aconteceria. Moradores se reuniram, antecipadamente, nos port\u00f5es de entrada da comunidade na Rua Pacheco Le\u00e3o \u00e0s 6h. Depois de v\u00e1rias horas, eles foram informados de que a remo\u00e7\u00e3o n\u00e3o aconteceria.<\/p>\n<p>Foi <a href=\"http:\/\/glo.bo\/21QP44S\" target=\"_blank\">noticiado esta semana<\/a>\u00a0que a Ministra do Meio Ambiente, Izabella Teixeira, confirmou que n\u00e3o haver\u00e1 remo\u00e7\u00e3o imediata das fam\u00edlias, a curto prazo, e que as remo\u00e7\u00f5es s\u00f3 acontecer\u00e3o ap\u00f3s negocia\u00e7\u00f5es. A comunidade no entanto permanece alerta e est\u00e1 decidida a resistir a totalmente a remo\u00e7\u00e3o.<\/p>\n<p>Segue o caso, e mostra seu apoio \u00e0 comunidade pela <a href=\"http:\/\/bit.ly\/1SAzOH0\" target=\"_blank\">sua p\u00e1gina no Facebook<\/a>.<\/p>\n<!-- AddThis Advanced Settings generic via filter on the_content --><!-- AddThis Share Buttons generic via filter on the_content -->","protected":false},"excerpt":{"rendered":"<div class=\"mh-excerpt\"><p>Click Here for English No domingo, 27 de mar\u00e7o, a comunidade do Horto, localizada dentro dos limites do Jardim Bot\u00e2nico na Zona Sul do Rio, mais uma vez tomou as ruas para protestar contra a <a class=\"mh-excerpt-more\" href=\"https:\/\/rioonwatch.org.br\/?p=18931\" title=\"Comunidade do Horto Protesta Amea\u00e7as de Remo\u00e7\u00e3o pelo Jardim Bot\u00e2nico\">[&#8230;]<\/a><!-- AddThis Advanced Settings generic via filter on get_the_excerpt --><!-- AddThis Share Buttons generic via filter on get_the_excerpt --><\/p>\n<\/div>","protected":false},"author":129,"featured_media":18933,"comment_status":"closed","ping_status":"closed","sticky":false,"template":"","format":"standard","meta":{"_acf_changed":false,"_monsterinsights_skip_tracking":false,"_monsterinsights_sitenote_active":false,"_monsterinsights_sitenote_note":"","_monsterinsights_sitenote_category":0,"footnotes":""},"categories":[1614,1621,1627,346,1626,344,1612],"tags":[1226,424,88,1023,733,734,1037,358,763,14,432,1482,383],"writer":[1677,1820],"translator":[273],"source":[],"ilustrador":[],"fotografo":[],"class_list":{"0":"post-18931","1":"post","2":"type-post","3":"status-publish","4":"format-standard","5":"has-post-thumbnail","7":"category-olhonasremocoes","8":"category-destaque","9":"category-relato-de-evento","10":"category-denuncias","11":"category-por-observadores-internacionais","12":"category-politicas","13":"category-sociedade-civil","14":"tag-constituicao","15":"tag-direito-a-moradia","16":"tag-direitos-humanos","17":"tag-ditadura-militar","18":"tag-horto","19":"tag-jardim-botanico","20":"tag-moradia","21":"tag-organizacao-comunitaria","22":"tag-protesto","23":"tag-remocao","24":"tag-resistencia","25":"tag-taticas-de-remocao-desinformacao","26":"tag-zona-sul","27":"writer-clare-huggins","28":"writer-sabrina-norris","29":"translator-roseli-franco"},"acf":[],"yoast_head":"<!-- This site is optimized with the Yoast SEO plugin v25.6 - https:\/\/yoast.com\/wordpress\/plugins\/seo\/ -->\n<title>Comunidade do Horto Protesta Amea\u00e7as de Remo\u00e7\u00e3o pelo Jardim Bot\u00e2nico - RioOnWatch<\/title>\n<meta name=\"robots\" content=\"index, follow, max-snippet:-1, max-image-preview:large, max-video-preview:-1\" \/>\n<link rel=\"canonical\" href=\"https:\/\/rioonwatch.org.br\/?p=18931\" \/>\n<meta property=\"og:locale\" content=\"pt_BR\" \/>\n<meta property=\"og:type\" content=\"article\" \/>\n<meta property=\"og:title\" content=\"Comunidade do Horto Protesta Amea\u00e7as de Remo\u00e7\u00e3o pelo Jardim Bot\u00e2nico - RioOnWatch\" \/>\n<meta property=\"og:description\" content=\"Click Here for English No domingo, 27 de mar\u00e7o, a comunidade do Horto, localizada dentro dos limites do Jardim Bot\u00e2nico na Zona Sul do Rio, mais uma vez tomou as ruas para protestar contra a [...]\" \/>\n<meta property=\"og:url\" content=\"https:\/\/rioonwatch.org.br\/?p=18931\" \/>\n<meta property=\"og:site_name\" content=\"RioOnWatch\" \/>\n<meta property=\"article:published_time\" content=\"2016-03-31T09:48:24+00:00\" \/>\n<meta property=\"og:image\" content=\"https:\/\/rioonwatch.org.br\/wp-content\/uploads\/2016\/03\/image-4.jpeg\" \/>\n\t<meta property=\"og:image:width\" content=\"787\" \/>\n\t<meta property=\"og:image:height\" content=\"522\" \/>\n\t<meta property=\"og:image:type\" content=\"image\/jpeg\" \/>\n<meta name=\"author\" content=\"Admin\" \/>\n<meta name=\"twitter:card\" content=\"summary_large_image\" \/>\n<meta name=\"twitter:label1\" content=\"Escrito por\" \/>\n\t<meta name=\"twitter:data1\" content=\"Admin\" \/>\n\t<meta name=\"twitter:label2\" content=\"Est. tempo de leitura\" \/>\n\t<meta name=\"twitter:data2\" content=\"5 minutos\" \/>\n<script type=\"application\/ld+json\" class=\"yoast-schema-graph\">{\"@context\":\"https:\/\/schema.org\",\"@graph\":[{\"@type\":\"Article\",\"@id\":\"https:\/\/rioonwatch.org.br\/?p=18931#article\",\"isPartOf\":{\"@id\":\"https:\/\/rioonwatch.org.br\/?p=18931\"},\"author\":{\"name\":\"Admin\",\"@id\":\"https:\/\/rioonwatch.org.br\/#\/schema\/person\/11d64c290506f9df50c71b850c473f68\"},\"headline\":\"Comunidade do Horto Protesta Amea\u00e7as de Remo\u00e7\u00e3o pelo Jardim Bot\u00e2nico\",\"datePublished\":\"2016-03-31T09:48:24+00:00\",\"mainEntityOfPage\":{\"@id\":\"https:\/\/rioonwatch.org.br\/?p=18931\"},\"wordCount\":969,\"publisher\":{\"@id\":\"https:\/\/rioonwatch.org.br\/#organization\"},\"image\":{\"@id\":\"https:\/\/rioonwatch.org.br\/?p=18931#primaryimage\"},\"thumbnailUrl\":\"https:\/\/rioonwatch.org.br\/wp-content\/uploads\/2016\/03\/image-4.jpeg\",\"keywords\":[\"constitui\u00e7\u00e3o\",\"Direito \u00e0 Moradia\",\"Direitos Humanos\",\"Ditadura Militar\",\"Horto\",\"Jardim Bot\u00e2nico\",\"moradia\",\"organiza\u00e7\u00e3o comunit\u00e1ria\",\"protesto\",\"Remo\u00e7\u00e3o\",\"resist\u00eancia\",\"T\u00e1ticas de remo\u00e7\u00e3o: desinforma\u00e7\u00e3o\",\"Zona Sul\"],\"articleSection\":[\"#OlhoNasRemo\u00e7\u00f5es\",\"*Destaque\",\"Cobertura de Eventos\",\"Den\u00fancias\",\"Escrito por Aliados\",\"Pol\u00edticas\",\"Sociedade Civil\"],\"inLanguage\":\"pt-BR\"},{\"@type\":\"WebPage\",\"@id\":\"https:\/\/rioonwatch.org.br\/?p=18931\",\"url\":\"https:\/\/rioonwatch.org.br\/?p=18931\",\"name\":\"Comunidade do Horto Protesta Amea\u00e7as de Remo\u00e7\u00e3o pelo Jardim Bot\u00e2nico - RioOnWatch\",\"isPartOf\":{\"@id\":\"https:\/\/rioonwatch.org.br\/#website\"},\"primaryImageOfPage\":{\"@id\":\"https:\/\/rioonwatch.org.br\/?p=18931#primaryimage\"},\"image\":{\"@id\":\"https:\/\/rioonwatch.org.br\/?p=18931#primaryimage\"},\"thumbnailUrl\":\"https:\/\/rioonwatch.org.br\/wp-content\/uploads\/2016\/03\/image-4.jpeg\",\"datePublished\":\"2016-03-31T09:48:24+00:00\",\"breadcrumb\":{\"@id\":\"https:\/\/rioonwatch.org.br\/?p=18931#breadcrumb\"},\"inLanguage\":\"pt-BR\",\"potentialAction\":[{\"@type\":\"ReadAction\",\"target\":[\"https:\/\/rioonwatch.org.br\/?p=18931\"]}]},{\"@type\":\"ImageObject\",\"inLanguage\":\"pt-BR\",\"@id\":\"https:\/\/rioonwatch.org.br\/?p=18931#primaryimage\",\"url\":\"https:\/\/rioonwatch.org.br\/wp-content\/uploads\/2016\/03\/image-4.jpeg\",\"contentUrl\":\"https:\/\/rioonwatch.org.br\/wp-content\/uploads\/2016\/03\/image-4.jpeg\",\"width\":787,\"height\":522},{\"@type\":\"BreadcrumbList\",\"@id\":\"https:\/\/rioonwatch.org.br\/?p=18931#breadcrumb\",\"itemListElement\":[{\"@type\":\"ListItem\",\"position\":1,\"name\":\"In\u00edcio\",\"item\":\"https:\/\/rioonwatch.org.br\/\"},{\"@type\":\"ListItem\",\"position\":2,\"name\":\"Comunidade do Horto Protesta Amea\u00e7as de Remo\u00e7\u00e3o pelo Jardim Bot\u00e2nico\"}]},{\"@type\":\"WebSite\",\"@id\":\"https:\/\/rioonwatch.org.br\/#website\",\"url\":\"https:\/\/rioonwatch.org.br\/\",\"name\":\"RioOnWatch\",\"description\":\"relatos das favelas cariocas\",\"publisher\":{\"@id\":\"https:\/\/rioonwatch.org.br\/#organization\"},\"potentialAction\":[{\"@type\":\"SearchAction\",\"target\":{\"@type\":\"EntryPoint\",\"urlTemplate\":\"https:\/\/rioonwatch.org.br\/?s={search_term_string}\"},\"query-input\":{\"@type\":\"PropertyValueSpecification\",\"valueRequired\":true,\"valueName\":\"search_term_string\"}}],\"inLanguage\":\"pt-BR\"},{\"@type\":\"Organization\",\"@id\":\"https:\/\/rioonwatch.org.br\/#organization\",\"name\":\"RioOnWatch\",\"url\":\"https:\/\/rioonwatch.org.br\/\",\"logo\":{\"@type\":\"ImageObject\",\"inLanguage\":\"pt-BR\",\"@id\":\"https:\/\/rioonwatch.org.br\/#\/schema\/logo\/image\/\",\"url\":\"https:\/\/rioonwatch.org.br\/wp-content\/uploads\/2021\/06\/RioOnWatchcabecalhoPT11anos-2.png\",\"contentUrl\":\"https:\/\/rioonwatch.org.br\/wp-content\/uploads\/2021\/06\/RioOnWatchcabecalhoPT11anos-2.png\",\"width\":779,\"height\":277,\"caption\":\"RioOnWatch\"},\"image\":{\"@id\":\"https:\/\/rioonwatch.org.br\/#\/schema\/logo\/image\/\"}},{\"@type\":\"Person\",\"@id\":\"https:\/\/rioonwatch.org.br\/#\/schema\/person\/11d64c290506f9df50c71b850c473f68\",\"name\":\"Admin\",\"image\":{\"@type\":\"ImageObject\",\"inLanguage\":\"pt-BR\",\"@id\":\"https:\/\/rioonwatch.org.br\/#\/schema\/person\/image\/\",\"url\":\"https:\/\/secure.gravatar.com\/avatar\/56211ac74568383903349a1485e3c325?s=96&d=blank&r=g\",\"contentUrl\":\"https:\/\/secure.gravatar.com\/avatar\/56211ac74568383903349a1485e3c325?s=96&d=blank&r=g\",\"caption\":\"Admin\"},\"url\":\"https:\/\/rioonwatch.org.br\/?author=129\"}]}<\/script>\n<!-- \/ Yoast SEO plugin. -->","yoast_head_json":{"title":"Comunidade do Horto Protesta Amea\u00e7as de Remo\u00e7\u00e3o pelo Jardim Bot\u00e2nico - RioOnWatch","robots":{"index":"index","follow":"follow","max-snippet":"max-snippet:-1","max-image-preview":"max-image-preview:large","max-video-preview":"max-video-preview:-1"},"canonical":"https:\/\/rioonwatch.org.br\/?p=18931","og_locale":"pt_BR","og_type":"article","og_title":"Comunidade do Horto Protesta Amea\u00e7as de Remo\u00e7\u00e3o pelo Jardim Bot\u00e2nico - RioOnWatch","og_description":"Click Here for English No domingo, 27 de mar\u00e7o, a comunidade do Horto, localizada dentro dos limites do Jardim Bot\u00e2nico na Zona Sul do Rio, mais uma vez tomou as ruas para protestar contra a [...]","og_url":"https:\/\/rioonwatch.org.br\/?p=18931","og_site_name":"RioOnWatch","article_published_time":"2016-03-31T09:48:24+00:00","og_image":[{"width":787,"height":522,"url":"https:\/\/rioonwatch.org.br\/wp-content\/uploads\/2016\/03\/image-4.jpeg","type":"image\/jpeg"}],"author":"Admin","twitter_card":"summary_large_image","twitter_misc":{"Escrito por":"Admin","Est. tempo de leitura":"5 minutos"},"schema":{"@context":"https:\/\/schema.org","@graph":[{"@type":"Article","@id":"https:\/\/rioonwatch.org.br\/?p=18931#article","isPartOf":{"@id":"https:\/\/rioonwatch.org.br\/?p=18931"},"author":{"name":"Admin","@id":"https:\/\/rioonwatch.org.br\/#\/schema\/person\/11d64c290506f9df50c71b850c473f68"},"headline":"Comunidade do Horto Protesta Amea\u00e7as de Remo\u00e7\u00e3o pelo Jardim Bot\u00e2nico","datePublished":"2016-03-31T09:48:24+00:00","mainEntityOfPage":{"@id":"https:\/\/rioonwatch.org.br\/?p=18931"},"wordCount":969,"publisher":{"@id":"https:\/\/rioonwatch.org.br\/#organization"},"image":{"@id":"https:\/\/rioonwatch.org.br\/?p=18931#primaryimage"},"thumbnailUrl":"https:\/\/rioonwatch.org.br\/wp-content\/uploads\/2016\/03\/image-4.jpeg","keywords":["constitui\u00e7\u00e3o","Direito \u00e0 Moradia","Direitos Humanos","Ditadura Militar","Horto","Jardim Bot\u00e2nico","moradia","organiza\u00e7\u00e3o comunit\u00e1ria","protesto","Remo\u00e7\u00e3o","resist\u00eancia","T\u00e1ticas de remo\u00e7\u00e3o: desinforma\u00e7\u00e3o","Zona Sul"],"articleSection":["#OlhoNasRemo\u00e7\u00f5es","*Destaque","Cobertura de Eventos","Den\u00fancias","Escrito por Aliados","Pol\u00edticas","Sociedade Civil"],"inLanguage":"pt-BR"},{"@type":"WebPage","@id":"https:\/\/rioonwatch.org.br\/?p=18931","url":"https:\/\/rioonwatch.org.br\/?p=18931","name":"Comunidade do Horto Protesta Amea\u00e7as de Remo\u00e7\u00e3o pelo Jardim Bot\u00e2nico - RioOnWatch","isPartOf":{"@id":"https:\/\/rioonwatch.org.br\/#website"},"primaryImageOfPage":{"@id":"https:\/\/rioonwatch.org.br\/?p=18931#primaryimage"},"image":{"@id":"https:\/\/rioonwatch.org.br\/?p=18931#primaryimage"},"thumbnailUrl":"https:\/\/rioonwatch.org.br\/wp-content\/uploads\/2016\/03\/image-4.jpeg","datePublished":"2016-03-31T09:48:24+00:00","breadcrumb":{"@id":"https:\/\/rioonwatch.org.br\/?p=18931#breadcrumb"},"inLanguage":"pt-BR","potentialAction":[{"@type":"ReadAction","target":["https:\/\/rioonwatch.org.br\/?p=18931"]}]},{"@type":"ImageObject","inLanguage":"pt-BR","@id":"https:\/\/rioonwatch.org.br\/?p=18931#primaryimage","url":"https:\/\/rioonwatch.org.br\/wp-content\/uploads\/2016\/03\/image-4.jpeg","contentUrl":"https:\/\/rioonwatch.org.br\/wp-content\/uploads\/2016\/03\/image-4.jpeg","width":787,"height":522},{"@type":"BreadcrumbList","@id":"https:\/\/rioonwatch.org.br\/?p=18931#breadcrumb","itemListElement":[{"@type":"ListItem","position":1,"name":"In\u00edcio","item":"https:\/\/rioonwatch.org.br\/"},{"@type":"ListItem","position":2,"name":"Comunidade do Horto Protesta Amea\u00e7as de Remo\u00e7\u00e3o pelo Jardim Bot\u00e2nico"}]},{"@type":"WebSite","@id":"https:\/\/rioonwatch.org.br\/#website","url":"https:\/\/rioonwatch.org.br\/","name":"RioOnWatch","description":"relatos das favelas cariocas","publisher":{"@id":"https:\/\/rioonwatch.org.br\/#organization"},"potentialAction":[{"@type":"SearchAction","target":{"@type":"EntryPoint","urlTemplate":"https:\/\/rioonwatch.org.br\/?s={search_term_string}"},"query-input":{"@type":"PropertyValueSpecification","valueRequired":true,"valueName":"search_term_string"}}],"inLanguage":"pt-BR"},{"@type":"Organization","@id":"https:\/\/rioonwatch.org.br\/#organization","name":"RioOnWatch","url":"https:\/\/rioonwatch.org.br\/","logo":{"@type":"ImageObject","inLanguage":"pt-BR","@id":"https:\/\/rioonwatch.org.br\/#\/schema\/logo\/image\/","url":"https:\/\/rioonwatch.org.br\/wp-content\/uploads\/2021\/06\/RioOnWatchcabecalhoPT11anos-2.png","contentUrl":"https:\/\/rioonwatch.org.br\/wp-content\/uploads\/2021\/06\/RioOnWatchcabecalhoPT11anos-2.png","width":779,"height":277,"caption":"RioOnWatch"},"image":{"@id":"https:\/\/rioonwatch.org.br\/#\/schema\/logo\/image\/"}},{"@type":"Person","@id":"https:\/\/rioonwatch.org.br\/#\/schema\/person\/11d64c290506f9df50c71b850c473f68","name":"Admin","image":{"@type":"ImageObject","inLanguage":"pt-BR","@id":"https:\/\/rioonwatch.org.br\/#\/schema\/person\/image\/","url":"https:\/\/secure.gravatar.com\/avatar\/56211ac74568383903349a1485e3c325?s=96&d=blank&r=g","contentUrl":"https:\/\/secure.gravatar.com\/avatar\/56211ac74568383903349a1485e3c325?s=96&d=blank&r=g","caption":"Admin"},"url":"https:\/\/rioonwatch.org.br\/?author=129"}]}},"_links":{"self":[{"href":"https:\/\/rioonwatch.org.br\/index.php?rest_route=\/wp\/v2\/posts\/18931"}],"collection":[{"href":"https:\/\/rioonwatch.org.br\/index.php?rest_route=\/wp\/v2\/posts"}],"about":[{"href":"https:\/\/rioonwatch.org.br\/index.php?rest_route=\/wp\/v2\/types\/post"}],"author":[{"embeddable":true,"href":"https:\/\/rioonwatch.org.br\/index.php?rest_route=\/wp\/v2\/users\/129"}],"replies":[{"embeddable":true,"href":"https:\/\/rioonwatch.org.br\/index.php?rest_route=%2Fwp%2Fv2%2Fcomments&post=18931"}],"version-history":[{"count":13,"href":"https:\/\/rioonwatch.org.br\/index.php?rest_route=\/wp\/v2\/posts\/18931\/revisions"}],"predecessor-version":[{"id":18963,"href":"https:\/\/rioonwatch.org.br\/index.php?rest_route=\/wp\/v2\/posts\/18931\/revisions\/18963"}],"wp:featuredmedia":[{"embeddable":true,"href":"https:\/\/rioonwatch.org.br\/index.php?rest_route=\/wp\/v2\/media\/18933"}],"wp:attachment":[{"href":"https:\/\/rioonwatch.org.br\/index.php?rest_route=%2Fwp%2Fv2%2Fmedia&parent=18931"}],"wp:term":[{"taxonomy":"category","embeddable":true,"href":"https:\/\/rioonwatch.org.br\/index.php?rest_route=%2Fwp%2Fv2%2Fcategories&post=18931"},{"taxonomy":"post_tag","embeddable":true,"href":"https:\/\/rioonwatch.org.br\/index.php?rest_route=%2Fwp%2Fv2%2Ftags&post=18931"},{"taxonomy":"writer","embeddable":true,"href":"https:\/\/rioonwatch.org.br\/index.php?rest_route=%2Fwp%2Fv2%2Fwriter&post=18931"},{"taxonomy":"translator","embeddable":true,"href":"https:\/\/rioonwatch.org.br\/index.php?rest_route=%2Fwp%2Fv2%2Ftranslator&post=18931"},{"taxonomy":"source","embeddable":true,"href":"https:\/\/rioonwatch.org.br\/index.php?rest_route=%2Fwp%2Fv2%2Fsource&post=18931"},{"taxonomy":"ilustrador","embeddable":true,"href":"https:\/\/rioonwatch.org.br\/index.php?rest_route=%2Fwp%2Fv2%2Filustrador&post=18931"},{"taxonomy":"fotografo","embeddable":true,"href":"https:\/\/rioonwatch.org.br\/index.php?rest_route=%2Fwp%2Fv2%2Ffotografo&post=18931"}],"curies":[{"name":"wp","href":"https:\/\/api.w.org\/{rel}","templated":true}]}}