{"id":19014,"date":"2016-04-07T08:00:36","date_gmt":"2016-04-07T11:00:36","guid":{"rendered":"http:\/\/rioonwatch.org.br\/?p=19014"},"modified":"2016-04-12T18:23:44","modified_gmt":"2016-04-12T21:23:44","slug":"no-rio-estudantes-ocupam-escolas-estaduais-devido-aos-cortes-de-verba-para-a-educacao","status":"publish","type":"post","link":"https:\/\/rioonwatch.org.br\/?p=19014","title":{"rendered":"No Rio, Estudantes Ocupam Escolas Estaduais Devido aos Cortes de Verba para a Educa\u00e7\u00e3o"},"content":{"rendered":"<p style=\"text-align: right;\"><em><strong><a href=\"http:\/\/bit.ly\/1oBH22S\" target=\"_blank\">Click Here for English<img decoding=\"async\" width=\"20\" height=\"20\" class=\"alignright wp-image-15790\" src=\"http:\/\/rioonwatch.org.br\/wp-content\/uploads\/2012\/08\/EN-standard-e1439583104716.jpg\" alt=\"\" \/><\/a><\/strong><\/em><\/p>\n<p>Duas escolas p\u00fablicas do Rio de Janeiro foram ocupadas por estudantes, que protestaram contra a proposta de cortes de gastos na\u00a0<a href=\"http:\/\/bit.ly\/1acNApR\" target=\"_blank\">educa\u00e7\u00e3o<\/a> p\u00fablica, para a redu\u00e7\u00e3o da <a href=\"http:\/\/glo.bo\/1OPju4E\" target=\"_blank\">d\u00edvida de R$166 milh\u00f5es da Secretaria Estadual de Educa\u00e7\u00e3o<\/a>.<\/p>\n<p>Em 21 de mar\u00e7o, ap\u00f3s v\u00e1rios protestos no <a href=\"http:\/\/bit.ly\/1L89HHu\" target=\"_blank\">Complexo do Alem\u00e3o<\/a>, <a href=\"http:\/\/on.fb.me\/1pnzphp\" target=\"_blank\">Penha<\/a>\u00a0e <a href=\"http:\/\/on.fb.me\/1McqXXd\" target=\"_blank\">Tijuca<\/a>, os estudantes iniciaram\u00a0<a href=\"http:\/\/bit.ly\/1KFgDu1\" target=\"_blank\">ocupa\u00e7\u00f5es<\/a> no Col\u00e9gio Estadual Prefeito Mendes Moraes na Ilha do Governador e no Col\u00e9gio Estadual Gomes Freire de Andrade\u00a0no <a href=\"http:\/\/bit.ly\/1rX07t8\" target=\"_blank\">Complexo da Penha<\/a>.<\/p>\n<p>Muitas de suas exig\u00eancias s\u00e3o semelhantes aos dos <a href=\"http:\/\/bit.ly\/1U3CJLD\" target=\"_blank\">professores, atualmente em greve, de escolas p\u00fablicas<\/a>, citando\u00a0demiss\u00f5es arbitr\u00e1rias do pessoal da limpeza e da equipe de seguran\u00e7a, a deteriora\u00e7\u00e3o da infraestrutura escolar, o desmantelamento das disciplinas de ci\u00eancias humanas e artes, e salas de aula superlotadas, onde h\u00e1 um professor respons\u00e1vel por uma turma\u00a0de entre 45 a 70 alunos.<\/p>\n<p><span style=\"font-weight: 400;\">&#8220;Eles querem tirar as disciplinas que n\u00f3s achamos que s\u00e3o fundamentais&#8221;, disse Laetitia, 17, uma das estudantes que ocupa o Col\u00e9gio Gomes Freire. &#8220;Sociologia e filosofia hoje s\u00e3o essenciais. Como que a gente vai votar, com 16 anos a gente ir\u00e1 votar, sem uma base de entendimento?&#8221;<\/span><\/p>\n<p><a href=\"http:\/\/rioonwatch.org.br\/wp-content\/uploads\/2016\/04\/20160329_124809-620x264.jpg\" rel=\"attachment wp-att-19017\"><img fetchpriority=\"high\" decoding=\"async\" class=\"aligncenter wp-image-19017 size-medium\" title=\"Estudantes ocupam o Col\u00e9gio Estadual Prefeito Mendes de Moraes\" src=\"http:\/\/rioonwatch.org.br\/wp-content\/uploads\/2016\/04\/20160329_124809-620x264-620x264.jpg\" alt=\"20160329_124809-620x264\" width=\"620\" height=\"264\" \/><\/a><\/p>\n<p>Os alunos ficaram sem aula desde 2 de mar\u00e7o, quando professores de escolas p\u00fablicas em todo o estado do Rio de Janeiro entraram em greve. Eles dizem que est\u00e3o enfrentando uma grave instabilidade no emprego, devido aos sal\u00e1rios em atraso, aumento de\u00a0contribui\u00e7\u00f5es para a previd\u00eancia e a pobreza das condi\u00e7\u00f5es nas escolas onde os recursos s\u00e3o decrescentes.<\/p>\n<p><span style=\"font-weight: 400;\">\u201cCom esse\u00a0calor infernal, em aulas com 50 alunos, sem climatiza\u00e7\u00e3o&#8230; fica imposs\u00edvel manter a aten\u00e7\u00e3o dos alunos&#8221;, explicou, balan\u00e7ando a cabe\u00e7a, o Adno Soares Ferreira Jr., professor do Col\u00e9gio Mendes Moraes.<\/span><\/p>\n<p>Ele continuou: &#8220;<span style=\"font-weight: 400;\">Todos os col\u00e9gios estaduais no Rio de Janeiro est\u00e3o agora sem inspetores, sem porteiros, e isso gera uma grande seguran\u00e7a, porque algu\u00e9m pode entrar no col\u00e9gio e muitos col\u00e9gios n\u00e3o est\u00e3o situados em \u00e1reas particularmente seguras. Esta n\u00e3o \u00e9 uma situa\u00e7\u00e3o que acontece em um col\u00e9gio particular&#8221;.<\/span><\/p>\n<p><a href=\"http:\/\/rioonwatch.org.br\/wp-content\/uploads\/2016\/04\/IMG_0268-620x264.jpg\" rel=\"attachment wp-att-19019\"><img decoding=\"async\" class=\"aligncenter wp-image-19019 size-medium\" title=\"Alunos das escolas ocupadas dividem as tarefas de cozinha, limpeza e seguran\u00e7a\" src=\"http:\/\/rioonwatch.org.br\/wp-content\/uploads\/2016\/04\/IMG_0268-620x264-620x264.jpg\" alt=\"IMG_0268-620x264\" width=\"620\" height=\"264\" \/><\/a><\/p>\n<p>Os estudantes do Col\u00e9gio Mendes Moraes disseram que o Secret\u00e1rio Estadual de Educa\u00e7\u00e3o Antonio Neto entrou em contato com eles ap\u00f3s duas horas de ocupa\u00e7\u00e3o em 21 de mar\u00e7o. No final da tarde, depois de n\u00e3o conseguir chegar a um acordo com os alunos, Antonio Neto denunciou as ocupa\u00e7\u00f5es, <a href=\"http:\/\/bit.ly\/1RVG7ox\" target=\"_blank\">chamando a a\u00e7\u00e3o de uma &#8220;invas\u00e3o&#8221;<\/a> e um resultado de &#8220;manipula\u00e7\u00f5es&#8221; de \u00a0professores. Em 29 de mar\u00e7o, ele insistiu na <em>R\u00e1dio Globo<\/em> que as quest\u00f5es s\u00e3o limitadas a escolas espec\u00edficas e que poderiam ser resolvidas internamente.<\/p>\n<p><span style=\"font-weight: 400;\">\u201cOs alunos s\u00e3o os primeiros a sofrer todas as consequ\u00eancias da completa falta de investimento na educa\u00e7\u00e3o no Rio de Janeiro&#8221;, comentou Cristiane Ferreira, professora do Col\u00e9gio Mendes Moraes.<\/span><\/p>\n<p>&#8220;Como professores, inicialmente n\u00f3s n\u00e3o apoiamos o movimento porque n\u00f3s todos est\u00e1vamos muitos temerosos. Por causa da integridade f\u00edsica dos alunos tentamos convenc\u00ea-los de n\u00e3o ocuparem, pois a Pol\u00edcia Militar do Rio de Janeiro costuma ser violenta. Mas acreditamos que os estudantes t\u00eam raz\u00e3o em protestar.&#8221;<\/p>\n<p>Os estudantes que ocupam ambas as escolas dizem ter recebido apoio, visitas e doa\u00e7\u00f5es de suas comunidades locais, e <a href=\"http:\/\/bit.ly\/1RzTT19\" target=\"_blank\">amplamente de comunidades online<\/a> e de todo o pa\u00eds.<\/p>\n<p><a href=\"http:\/\/rioonwatch.org.br\/wp-content\/uploads\/2016\/04\/20160329_103940-620x264.jpg\" rel=\"attachment wp-att-19020\"><img loading=\"lazy\" decoding=\"async\" class=\"aligncenter wp-image-19020 size-medium\" title=\"Alunos posam na frente dos cartazes na Mendes de Moraes\" src=\"http:\/\/rioonwatch.org.br\/wp-content\/uploads\/2016\/04\/20160329_103940-620x264-620x264.jpg\" alt=\"20160329_103940-620x264\" width=\"620\" height=\"264\" \/><\/a><\/p>\n<p>Marcos, 18, foi um dos estudantes que <a href=\"http:\/\/glo.bo\/1ov2feP\" target=\"_blank\">ocupou sua escola em S\u00e3o Paulo<\/a>\u00a0durante mais de dois meses em 2015, que veio ao Col\u00e9gio Gomes Freire para ajudar quando ele ouviu falar sobre a ocupa\u00e7\u00e3o.<\/p>\n<p>&#8220;O que est\u00e1 acontecendo no Rio agora \u00e9 o mesmo que aconteceu em <a href=\"http:\/\/bit.ly\/1ublIlF\" target=\"_blank\">S\u00e3o Paulo<\/a>&#8220;, disse ele.<\/p>\n<p>&#8220;Em S\u00e3o Paulo, o governo pensou que a melhor maneira de cortar o dinheiro era fechando as escolas; aqui, eles talvez n\u00e3o estejam fechando escolas, mas eles est\u00e3o tirando coisas vitais e arruinando a educa\u00e7\u00e3o dos alunos. &#8221;<\/p>\n<p>Como Marcos, alunos e professores especulam que os cortes do Estado do Rio na educa\u00e7\u00e3o estariam ligados aos pr\u00f3ximos <a href=\"http:\/\/bit.ly\/PkLXlQ\" target=\"_blank\">Jogos Ol\u00edmpicos<\/a>, a crise financeira e o esc\u00e2ndalo de corrup\u00e7\u00e3o em geral.<\/p>\n<p>Jo\u00e3o Victor, aluno que lidera a ocupa\u00e7\u00e3o Mendes, disse,\u00a0<span style=\"font-weight: 400;\">\u201cO governo do estado hoje construiu um Rio de Janeiro para turistas, n\u00e3o para os moradores. N\u00e3o tem dinheiro para os funcion\u00e1rios p\u00fablicos, professores e m\u00e9dicos, mas a Olimp\u00edada vai acontecer e a realidade \u00e9 isso aqui: t\u00eam alunos quem est\u00e3o dormindo no col\u00e9gio a mais de uma semana, reivindicando seu <a href=\"http:\/\/bit.ly\/1SBqNL8\" target=\"_blank\">direito de estudar<\/a>&#8220;.<\/span><\/p>\n<p><a href=\"http:\/\/rioonwatch.org.br\/wp-content\/uploads\/2016\/04\/20160329_114050-620x264.jpg\" rel=\"attachment wp-att-19021\"><img loading=\"lazy\" decoding=\"async\" class=\"aligncenter wp-image-19021 size-medium\" title=\"Estudantes se re\u00fanem diariamente no audit\u00f3rios para discutir as a\u00e7\u00f5es futuras\" src=\"http:\/\/rioonwatch.org.br\/wp-content\/uploads\/2016\/04\/20160329_114050-620x264-620x264.jpg\" alt=\"20160329_114050-620x264\" width=\"620\" height=\"264\" \/><\/a><\/p>\n<p>Jo\u00e3o e Marcos ambos esperam que o movimento de ocupa\u00e7\u00e3o se espalhe, sentindo que os esfor\u00e7os dos estudantes at\u00e9 agora n\u00e3o foram suficientes para desencadear discuss\u00f5es genu\u00ednas com o Estado sobre as quest\u00f5es que est\u00e3o enfrentando.<\/p>\n<p>Mas os estudantes e professores tamb\u00e9m est\u00e3o cautelosos com repercuss\u00f5es potencialmente violentas em resposta a suas a\u00e7\u00f5es, <a href=\"http:\/\/glo.bo\/225P5SC\" target=\"_blank\">como visto contra estudantes em S\u00e3o Paulo<\/a> no ano passado.<\/p>\n<p><span style=\"font-weight: 400;\">\u201cCom certeza n\u00f3s temos medo. Adno fez uma careta, lembrando o <a href=\"http:\/\/bit.ly\/1UPTIBH\" target=\"_blank\">uso de g\u00e1s lacrimog\u00eaneo e da pulveriza\u00e7\u00e3o de pimenta contra os professores<\/a>, quando eles protestaram do lado de fora da Assembl\u00e9ia Legislativa do Rio de Janeiro, h\u00e1 algumas semanas. &#8220;<\/span><span style=\"font-weight: 400;\">N\u00f3s n\u00e3o temos uma pol\u00edcia que \u00e9 am\u00e1vel e que tem respeito aos <a href=\"http:\/\/bit.ly\/1iqdzi3\" target=\"_blank\">direitos humanos<\/a>.&#8221;<\/span><\/p>\n<p>Alessandro, um estudante de 18 anos do Col\u00e9gio Mendes Moraes, insistiu que o medo da <a href=\"http:\/\/bit.ly\/1wLR1Ef\" target=\"_blank\">viol\u00eancia<\/a> n\u00e3o vai parar os alunos.<\/p>\n<p><span style=\"font-weight: 400;\">\u201cEu tenho medo como qualquer pessoa&#8221;, ele disse. &#8220;Mas a gente vai resistir at\u00e9 o final, porque a luta por nossa educa\u00e7\u00e3o \u00e9 uma luta justa.&#8221;<\/span><\/p>\n<!-- AddThis Advanced Settings generic via filter on the_content --><!-- AddThis Share Buttons generic via filter on the_content -->","protected":false},"excerpt":{"rendered":"<div class=\"mh-excerpt\"><p>Click Here for English Duas escolas p\u00fablicas do Rio de Janeiro foram ocupadas por estudantes, que protestaram contra a proposta de cortes de gastos na\u00a0educa\u00e7\u00e3o p\u00fablica, para a redu\u00e7\u00e3o da d\u00edvida de R$166 milh\u00f5es da <a class=\"mh-excerpt-more\" href=\"https:\/\/rioonwatch.org.br\/?p=19014\" title=\"No Rio, Estudantes Ocupam Escolas Estaduais Devido aos Cortes de Verba para a Educa\u00e7\u00e3o\">[&#8230;]<\/a><!-- AddThis Advanced Settings generic via filter on get_the_excerpt --><!-- AddThis Share Buttons generic via filter on get_the_excerpt --><\/p>\n<\/div>","protected":false},"author":129,"featured_media":19016,"comment_status":"closed","ping_status":"closed","sticky":false,"template":"","format":"standard","meta":{"_acf_changed":false,"_monsterinsights_skip_tracking":false,"_monsterinsights_sitenote_active":false,"_monsterinsights_sitenote_note":"","_monsterinsights_sitenote_category":0,"footnotes":""},"categories":[1618,1635,1621,346,1626,344,1612],"tags":[217,88,316,60,407,498,838,839,763,1032,998,218],"writer":[1797],"translator":[273],"source":[],"ilustrador":[],"fotografo":[],"class_list":{"0":"post-19014","1":"post","2":"type-post","3":"status-publish","4":"format-standard","5":"has-post-thumbnail","7":"category-olhonaparticipacao","8":"category-1635","9":"category-destaque","10":"category-denuncias","11":"category-por-observadores-internacionais","12":"category-politicas","13":"category-sociedade-civil","14":"tag-complexo-do-alemao","15":"tag-direitos-humanos","16":"tag-educacao","17":"tag-tijuca","18":"tag-ocupacao","19":"tag-penha","20":"tag-politica-publica","21":"tag-prioridades-publicas-equivocadas","22":"tag-protesto","23":"tag-reforma-educacional","24":"tag-sao-paulo","25":"tag-zona-norte","26":"writer-ciara-long","27":"translator-roseli-franco"},"acf":[],"yoast_head":"<!-- This site is optimized with the Yoast SEO plugin v25.6 - https:\/\/yoast.com\/wordpress\/plugins\/seo\/ -->\n<title>No Rio, Estudantes Ocupam Escolas Estaduais Devido aos Cortes de Verba para a Educa\u00e7\u00e3o - RioOnWatch<\/title>\n<meta name=\"robots\" content=\"index, follow, max-snippet:-1, max-image-preview:large, max-video-preview:-1\" \/>\n<link rel=\"canonical\" href=\"https:\/\/rioonwatch.org.br\/?p=19014\" \/>\n<meta property=\"og:locale\" content=\"pt_BR\" \/>\n<meta property=\"og:type\" content=\"article\" \/>\n<meta property=\"og:title\" content=\"No Rio, Estudantes Ocupam Escolas Estaduais Devido aos Cortes de Verba para a Educa\u00e7\u00e3o - RioOnWatch\" \/>\n<meta property=\"og:description\" content=\"Click Here for English Duas escolas p\u00fablicas do Rio de Janeiro foram ocupadas por estudantes, que protestaram contra a proposta de cortes de gastos na\u00a0educa\u00e7\u00e3o p\u00fablica, para a redu\u00e7\u00e3o da d\u00edvida de R$166 milh\u00f5es da [...]\" \/>\n<meta property=\"og:url\" content=\"https:\/\/rioonwatch.org.br\/?p=19014\" \/>\n<meta property=\"og:site_name\" content=\"RioOnWatch\" \/>\n<meta property=\"article:published_time\" content=\"2016-04-07T11:00:36+00:00\" \/>\n<meta property=\"article:modified_time\" content=\"2016-04-12T21:23:44+00:00\" \/>\n<meta property=\"og:image\" content=\"https:\/\/rioonwatch.org.br\/wp-content\/uploads\/2016\/04\/10628137_247611098926243_9080019527784595485_n.jpg\" \/>\n\t<meta property=\"og:image:width\" content=\"960\" \/>\n\t<meta property=\"og:image:height\" content=\"720\" \/>\n\t<meta property=\"og:image:type\" content=\"image\/jpeg\" \/>\n<meta name=\"author\" content=\"Admin\" \/>\n<meta name=\"twitter:card\" content=\"summary_large_image\" \/>\n<meta name=\"twitter:label1\" content=\"Escrito por\" \/>\n\t<meta name=\"twitter:data1\" content=\"Admin\" \/>\n\t<meta name=\"twitter:label2\" content=\"Est. tempo de leitura\" \/>\n\t<meta name=\"twitter:data2\" content=\"5 minutos\" \/>\n<script type=\"application\/ld+json\" class=\"yoast-schema-graph\">{\"@context\":\"https:\/\/schema.org\",\"@graph\":[{\"@type\":\"Article\",\"@id\":\"https:\/\/rioonwatch.org.br\/?p=19014#article\",\"isPartOf\":{\"@id\":\"https:\/\/rioonwatch.org.br\/?p=19014\"},\"author\":{\"name\":\"Admin\",\"@id\":\"https:\/\/rioonwatch.org.br\/#\/schema\/person\/11d64c290506f9df50c71b850c473f68\"},\"headline\":\"No Rio, Estudantes Ocupam Escolas Estaduais Devido aos Cortes de Verba para a Educa\u00e7\u00e3o\",\"datePublished\":\"2016-04-07T11:00:36+00:00\",\"dateModified\":\"2016-04-12T21:23:44+00:00\",\"mainEntityOfPage\":{\"@id\":\"https:\/\/rioonwatch.org.br\/?p=19014\"},\"wordCount\":994,\"publisher\":{\"@id\":\"https:\/\/rioonwatch.org.br\/#organization\"},\"image\":{\"@id\":\"https:\/\/rioonwatch.org.br\/?p=19014#primaryimage\"},\"thumbnailUrl\":\"https:\/\/rioonwatch.org.br\/wp-content\/uploads\/2016\/04\/10628137_247611098926243_9080019527784595485_n.jpg\",\"keywords\":[\"Complexo do Alem\u00e3o\",\"Direitos Humanos\",\"educa\u00e7\u00e3o\",\"Grande Tijuca\",\"Ocupa\u00e7\u00e3o\",\"Penha\",\"pol\u00edtica p\u00fablica\",\"prioridades p\u00fablicas equivocadas\",\"protesto\",\"reforma educacional\",\"S\u00e3o Paulo\",\"Zona Norte\"],\"articleSection\":[\"#OlhoNaParticipa\u00e7\u00e3o\",\"#Rio2016\",\"*Destaque\",\"Den\u00fancias\",\"Escrito por Aliados\",\"Pol\u00edticas\",\"Sociedade Civil\"],\"inLanguage\":\"pt-BR\"},{\"@type\":\"WebPage\",\"@id\":\"https:\/\/rioonwatch.org.br\/?p=19014\",\"url\":\"https:\/\/rioonwatch.org.br\/?p=19014\",\"name\":\"No Rio, Estudantes Ocupam Escolas Estaduais Devido aos Cortes de Verba para a Educa\u00e7\u00e3o - RioOnWatch\",\"isPartOf\":{\"@id\":\"https:\/\/rioonwatch.org.br\/#website\"},\"primaryImageOfPage\":{\"@id\":\"https:\/\/rioonwatch.org.br\/?p=19014#primaryimage\"},\"image\":{\"@id\":\"https:\/\/rioonwatch.org.br\/?p=19014#primaryimage\"},\"thumbnailUrl\":\"https:\/\/rioonwatch.org.br\/wp-content\/uploads\/2016\/04\/10628137_247611098926243_9080019527784595485_n.jpg\",\"datePublished\":\"2016-04-07T11:00:36+00:00\",\"dateModified\":\"2016-04-12T21:23:44+00:00\",\"breadcrumb\":{\"@id\":\"https:\/\/rioonwatch.org.br\/?p=19014#breadcrumb\"},\"inLanguage\":\"pt-BR\",\"potentialAction\":[{\"@type\":\"ReadAction\",\"target\":[\"https:\/\/rioonwatch.org.br\/?p=19014\"]}]},{\"@type\":\"ImageObject\",\"inLanguage\":\"pt-BR\",\"@id\":\"https:\/\/rioonwatch.org.br\/?p=19014#primaryimage\",\"url\":\"https:\/\/rioonwatch.org.br\/wp-content\/uploads\/2016\/04\/10628137_247611098926243_9080019527784595485_n.jpg\",\"contentUrl\":\"https:\/\/rioonwatch.org.br\/wp-content\/uploads\/2016\/04\/10628137_247611098926243_9080019527784595485_n.jpg\",\"width\":960,\"height\":720},{\"@type\":\"BreadcrumbList\",\"@id\":\"https:\/\/rioonwatch.org.br\/?p=19014#breadcrumb\",\"itemListElement\":[{\"@type\":\"ListItem\",\"position\":1,\"name\":\"In\u00edcio\",\"item\":\"https:\/\/rioonwatch.org.br\/\"},{\"@type\":\"ListItem\",\"position\":2,\"name\":\"No Rio, Estudantes Ocupam Escolas Estaduais Devido aos Cortes de Verba para a Educa\u00e7\u00e3o\"}]},{\"@type\":\"WebSite\",\"@id\":\"https:\/\/rioonwatch.org.br\/#website\",\"url\":\"https:\/\/rioonwatch.org.br\/\",\"name\":\"RioOnWatch\",\"description\":\"relatos das favelas cariocas\",\"publisher\":{\"@id\":\"https:\/\/rioonwatch.org.br\/#organization\"},\"potentialAction\":[{\"@type\":\"SearchAction\",\"target\":{\"@type\":\"EntryPoint\",\"urlTemplate\":\"https:\/\/rioonwatch.org.br\/?s={search_term_string}\"},\"query-input\":{\"@type\":\"PropertyValueSpecification\",\"valueRequired\":true,\"valueName\":\"search_term_string\"}}],\"inLanguage\":\"pt-BR\"},{\"@type\":\"Organization\",\"@id\":\"https:\/\/rioonwatch.org.br\/#organization\",\"name\":\"RioOnWatch\",\"url\":\"https:\/\/rioonwatch.org.br\/\",\"logo\":{\"@type\":\"ImageObject\",\"inLanguage\":\"pt-BR\",\"@id\":\"https:\/\/rioonwatch.org.br\/#\/schema\/logo\/image\/\",\"url\":\"https:\/\/rioonwatch.org.br\/wp-content\/uploads\/2021\/06\/RioOnWatchcabecalhoPT11anos-2.png\",\"contentUrl\":\"https:\/\/rioonwatch.org.br\/wp-content\/uploads\/2021\/06\/RioOnWatchcabecalhoPT11anos-2.png\",\"width\":779,\"height\":277,\"caption\":\"RioOnWatch\"},\"image\":{\"@id\":\"https:\/\/rioonwatch.org.br\/#\/schema\/logo\/image\/\"}},{\"@type\":\"Person\",\"@id\":\"https:\/\/rioonwatch.org.br\/#\/schema\/person\/11d64c290506f9df50c71b850c473f68\",\"name\":\"Admin\",\"image\":{\"@type\":\"ImageObject\",\"inLanguage\":\"pt-BR\",\"@id\":\"https:\/\/rioonwatch.org.br\/#\/schema\/person\/image\/\",\"url\":\"https:\/\/secure.gravatar.com\/avatar\/56211ac74568383903349a1485e3c325?s=96&d=blank&r=g\",\"contentUrl\":\"https:\/\/secure.gravatar.com\/avatar\/56211ac74568383903349a1485e3c325?s=96&d=blank&r=g\",\"caption\":\"Admin\"},\"url\":\"https:\/\/rioonwatch.org.br\/?author=129\"}]}<\/script>\n<!-- \/ Yoast SEO plugin. -->","yoast_head_json":{"title":"No Rio, Estudantes Ocupam Escolas Estaduais Devido aos Cortes de Verba para a Educa\u00e7\u00e3o - RioOnWatch","robots":{"index":"index","follow":"follow","max-snippet":"max-snippet:-1","max-image-preview":"max-image-preview:large","max-video-preview":"max-video-preview:-1"},"canonical":"https:\/\/rioonwatch.org.br\/?p=19014","og_locale":"pt_BR","og_type":"article","og_title":"No Rio, Estudantes Ocupam Escolas Estaduais Devido aos Cortes de Verba para a Educa\u00e7\u00e3o - RioOnWatch","og_description":"Click Here for English Duas escolas p\u00fablicas do Rio de Janeiro foram ocupadas por estudantes, que protestaram contra a proposta de cortes de gastos na\u00a0educa\u00e7\u00e3o p\u00fablica, para a redu\u00e7\u00e3o da d\u00edvida de R$166 milh\u00f5es da [...]","og_url":"https:\/\/rioonwatch.org.br\/?p=19014","og_site_name":"RioOnWatch","article_published_time":"2016-04-07T11:00:36+00:00","article_modified_time":"2016-04-12T21:23:44+00:00","og_image":[{"width":960,"height":720,"url":"https:\/\/rioonwatch.org.br\/wp-content\/uploads\/2016\/04\/10628137_247611098926243_9080019527784595485_n.jpg","type":"image\/jpeg"}],"author":"Admin","twitter_card":"summary_large_image","twitter_misc":{"Escrito por":"Admin","Est. tempo de leitura":"5 minutos"},"schema":{"@context":"https:\/\/schema.org","@graph":[{"@type":"Article","@id":"https:\/\/rioonwatch.org.br\/?p=19014#article","isPartOf":{"@id":"https:\/\/rioonwatch.org.br\/?p=19014"},"author":{"name":"Admin","@id":"https:\/\/rioonwatch.org.br\/#\/schema\/person\/11d64c290506f9df50c71b850c473f68"},"headline":"No Rio, Estudantes Ocupam Escolas Estaduais Devido aos Cortes de Verba para a Educa\u00e7\u00e3o","datePublished":"2016-04-07T11:00:36+00:00","dateModified":"2016-04-12T21:23:44+00:00","mainEntityOfPage":{"@id":"https:\/\/rioonwatch.org.br\/?p=19014"},"wordCount":994,"publisher":{"@id":"https:\/\/rioonwatch.org.br\/#organization"},"image":{"@id":"https:\/\/rioonwatch.org.br\/?p=19014#primaryimage"},"thumbnailUrl":"https:\/\/rioonwatch.org.br\/wp-content\/uploads\/2016\/04\/10628137_247611098926243_9080019527784595485_n.jpg","keywords":["Complexo do Alem\u00e3o","Direitos Humanos","educa\u00e7\u00e3o","Grande Tijuca","Ocupa\u00e7\u00e3o","Penha","pol\u00edtica p\u00fablica","prioridades p\u00fablicas equivocadas","protesto","reforma educacional","S\u00e3o Paulo","Zona Norte"],"articleSection":["#OlhoNaParticipa\u00e7\u00e3o","#Rio2016","*Destaque","Den\u00fancias","Escrito por Aliados","Pol\u00edticas","Sociedade Civil"],"inLanguage":"pt-BR"},{"@type":"WebPage","@id":"https:\/\/rioonwatch.org.br\/?p=19014","url":"https:\/\/rioonwatch.org.br\/?p=19014","name":"No Rio, Estudantes Ocupam Escolas Estaduais Devido aos Cortes de Verba para a Educa\u00e7\u00e3o - RioOnWatch","isPartOf":{"@id":"https:\/\/rioonwatch.org.br\/#website"},"primaryImageOfPage":{"@id":"https:\/\/rioonwatch.org.br\/?p=19014#primaryimage"},"image":{"@id":"https:\/\/rioonwatch.org.br\/?p=19014#primaryimage"},"thumbnailUrl":"https:\/\/rioonwatch.org.br\/wp-content\/uploads\/2016\/04\/10628137_247611098926243_9080019527784595485_n.jpg","datePublished":"2016-04-07T11:00:36+00:00","dateModified":"2016-04-12T21:23:44+00:00","breadcrumb":{"@id":"https:\/\/rioonwatch.org.br\/?p=19014#breadcrumb"},"inLanguage":"pt-BR","potentialAction":[{"@type":"ReadAction","target":["https:\/\/rioonwatch.org.br\/?p=19014"]}]},{"@type":"ImageObject","inLanguage":"pt-BR","@id":"https:\/\/rioonwatch.org.br\/?p=19014#primaryimage","url":"https:\/\/rioonwatch.org.br\/wp-content\/uploads\/2016\/04\/10628137_247611098926243_9080019527784595485_n.jpg","contentUrl":"https:\/\/rioonwatch.org.br\/wp-content\/uploads\/2016\/04\/10628137_247611098926243_9080019527784595485_n.jpg","width":960,"height":720},{"@type":"BreadcrumbList","@id":"https:\/\/rioonwatch.org.br\/?p=19014#breadcrumb","itemListElement":[{"@type":"ListItem","position":1,"name":"In\u00edcio","item":"https:\/\/rioonwatch.org.br\/"},{"@type":"ListItem","position":2,"name":"No Rio, Estudantes Ocupam Escolas Estaduais Devido aos Cortes de Verba para a Educa\u00e7\u00e3o"}]},{"@type":"WebSite","@id":"https:\/\/rioonwatch.org.br\/#website","url":"https:\/\/rioonwatch.org.br\/","name":"RioOnWatch","description":"relatos das favelas cariocas","publisher":{"@id":"https:\/\/rioonwatch.org.br\/#organization"},"potentialAction":[{"@type":"SearchAction","target":{"@type":"EntryPoint","urlTemplate":"https:\/\/rioonwatch.org.br\/?s={search_term_string}"},"query-input":{"@type":"PropertyValueSpecification","valueRequired":true,"valueName":"search_term_string"}}],"inLanguage":"pt-BR"},{"@type":"Organization","@id":"https:\/\/rioonwatch.org.br\/#organization","name":"RioOnWatch","url":"https:\/\/rioonwatch.org.br\/","logo":{"@type":"ImageObject","inLanguage":"pt-BR","@id":"https:\/\/rioonwatch.org.br\/#\/schema\/logo\/image\/","url":"https:\/\/rioonwatch.org.br\/wp-content\/uploads\/2021\/06\/RioOnWatchcabecalhoPT11anos-2.png","contentUrl":"https:\/\/rioonwatch.org.br\/wp-content\/uploads\/2021\/06\/RioOnWatchcabecalhoPT11anos-2.png","width":779,"height":277,"caption":"RioOnWatch"},"image":{"@id":"https:\/\/rioonwatch.org.br\/#\/schema\/logo\/image\/"}},{"@type":"Person","@id":"https:\/\/rioonwatch.org.br\/#\/schema\/person\/11d64c290506f9df50c71b850c473f68","name":"Admin","image":{"@type":"ImageObject","inLanguage":"pt-BR","@id":"https:\/\/rioonwatch.org.br\/#\/schema\/person\/image\/","url":"https:\/\/secure.gravatar.com\/avatar\/56211ac74568383903349a1485e3c325?s=96&d=blank&r=g","contentUrl":"https:\/\/secure.gravatar.com\/avatar\/56211ac74568383903349a1485e3c325?s=96&d=blank&r=g","caption":"Admin"},"url":"https:\/\/rioonwatch.org.br\/?author=129"}]}},"_links":{"self":[{"href":"https:\/\/rioonwatch.org.br\/index.php?rest_route=\/wp\/v2\/posts\/19014"}],"collection":[{"href":"https:\/\/rioonwatch.org.br\/index.php?rest_route=\/wp\/v2\/posts"}],"about":[{"href":"https:\/\/rioonwatch.org.br\/index.php?rest_route=\/wp\/v2\/types\/post"}],"author":[{"embeddable":true,"href":"https:\/\/rioonwatch.org.br\/index.php?rest_route=\/wp\/v2\/users\/129"}],"replies":[{"embeddable":true,"href":"https:\/\/rioonwatch.org.br\/index.php?rest_route=%2Fwp%2Fv2%2Fcomments&post=19014"}],"version-history":[{"count":20,"href":"https:\/\/rioonwatch.org.br\/index.php?rest_route=\/wp\/v2\/posts\/19014\/revisions"}],"predecessor-version":[{"id":19108,"href":"https:\/\/rioonwatch.org.br\/index.php?rest_route=\/wp\/v2\/posts\/19014\/revisions\/19108"}],"wp:featuredmedia":[{"embeddable":true,"href":"https:\/\/rioonwatch.org.br\/index.php?rest_route=\/wp\/v2\/media\/19016"}],"wp:attachment":[{"href":"https:\/\/rioonwatch.org.br\/index.php?rest_route=%2Fwp%2Fv2%2Fmedia&parent=19014"}],"wp:term":[{"taxonomy":"category","embeddable":true,"href":"https:\/\/rioonwatch.org.br\/index.php?rest_route=%2Fwp%2Fv2%2Fcategories&post=19014"},{"taxonomy":"post_tag","embeddable":true,"href":"https:\/\/rioonwatch.org.br\/index.php?rest_route=%2Fwp%2Fv2%2Ftags&post=19014"},{"taxonomy":"writer","embeddable":true,"href":"https:\/\/rioonwatch.org.br\/index.php?rest_route=%2Fwp%2Fv2%2Fwriter&post=19014"},{"taxonomy":"translator","embeddable":true,"href":"https:\/\/rioonwatch.org.br\/index.php?rest_route=%2Fwp%2Fv2%2Ftranslator&post=19014"},{"taxonomy":"source","embeddable":true,"href":"https:\/\/rioonwatch.org.br\/index.php?rest_route=%2Fwp%2Fv2%2Fsource&post=19014"},{"taxonomy":"ilustrador","embeddable":true,"href":"https:\/\/rioonwatch.org.br\/index.php?rest_route=%2Fwp%2Fv2%2Filustrador&post=19014"},{"taxonomy":"fotografo","embeddable":true,"href":"https:\/\/rioonwatch.org.br\/index.php?rest_route=%2Fwp%2Fv2%2Ffotografo&post=19014"}],"curies":[{"name":"wp","href":"https:\/\/api.w.org\/{rel}","templated":true}]}}