{"id":19037,"date":"2016-04-08T08:00:42","date_gmt":"2016-04-08T11:00:42","guid":{"rendered":"http:\/\/rioonwatch.org.br\/?p=19037"},"modified":"2024-06-20T15:56:08","modified_gmt":"2024-06-20T18:56:08","slug":"complexo-do-alemao-nao-esqueceu-menino-eduardo-de-jesus-morto-pela-upp-no-ano-passado","status":"publish","type":"post","link":"https:\/\/rioonwatch.org.br\/?p=19037","title":{"rendered":"Complexo do Alem\u00e3o N\u00e3o Esqueceu Menino Eduardo de Jesus, Morto pela UPP no Ano Passado"},"content":{"rendered":"<p style=\"text-align: right;\"><em><strong><a href=\"http:\/\/bit.ly\/1UKfaI0\" target=\"_blank\" rel=\"noopener\">Click Here for English<img decoding=\"async\" width=\"20\" height=\"20\" class=\"alignright wp-image-15790\" src=\"http:\/\/rioonwatch.org.br\/wp-content\/uploads\/2012\/08\/EN-standard-e1439583104716.jpg\" alt=\"\" \/><\/a><\/strong><\/em><\/p>\n<p>O dia 2 de abril marcou uma data importante no <a href=\"http:\/\/bit.ly\/U0MiGm\" target=\"_blank\" rel=\"noopener\">Complexo do Alem\u00e3o<\/a>,\u00a0<a href=\"http:\/\/bit.ly\/WximDf\" target=\"_blank\" rel=\"noopener\">Zona Norte<\/a>\u00a0do Rio. Este dia completa um ano desde que um policial da UPP atirou e matou <a href=\"http:\/\/bit.ly\/19QHUcr\" target=\"_blank\" rel=\"noopener\">Eduardo de Jesus Ferreira<\/a> de 10 anos de idade. O incidente foi amplamente coberto pela m\u00eddia local, nacional e <a href=\"http:\/\/bit.ly\/1DCiptm\" target=\"_blank\" rel=\"noopener\">internacional<\/a>, e passou a simbolizar a desconfian\u00e7a que existe entre moradores de\u00a0favela e a <a href=\"http:\/\/bit.ly\/1m6E85H\" target=\"_blank\" rel=\"noopener\">pol\u00edcia<\/a>, dado o seu uso excessivo de for\u00e7a e impunidade. O <a href=\"http:\/\/bit.ly\/23d30Zs\" target=\"_blank\" rel=\"noopener\">policial ainda tem de ser responsabilizado por suas a\u00e7\u00f5es<\/a> e a m\u00e3e de Eduardo, <a href=\"http:\/\/bit.ly\/1LmWUKm\" target=\"_blank\" rel=\"noopener\">Terezinha de Jesus, tem-se dedicado<\/a> a encontrar a justi\u00e7a para seu filho e outras v\u00edtimas de\u00a0<a href=\"http:\/\/bit.ly\/1i0t9Hc\" target=\"_blank\" rel=\"noopener\">viol\u00eancia policial<\/a>.<\/p>\n<p><a href=\"http:\/\/rioonwatch.org.br\/wp-content\/uploads\/2016\/04\/12888778_10207863376376201_1473746018565043979_o.jpg\" rel=\"attachment wp-att-19042\"><img fetchpriority=\"high\" decoding=\"async\" class=\"aligncenter wp-image-19042 size-content\" title=\"Therezinha de Jesus. Foto de cortesia de Thain\u00e3 Medeiros\" src=\"http:\/\/rioonwatch.org.br\/wp-content\/uploads\/2016\/04\/12888778_10207863376376201_1473746018565043979_o-620x264.jpg\" alt=\"12888778_10207863376376201_1473746018565043979_o\" width=\"620\" height=\"264\" srcset=\"https:\/\/rioonwatch.org.br\/wp-content\/uploads\/2016\/04\/12888778_10207863376376201_1473746018565043979_o-620x264.jpg 620w, https:\/\/rioonwatch.org.br\/wp-content\/uploads\/2016\/04\/12888778_10207863376376201_1473746018565043979_o-940x400.jpg 940w\" sizes=\"(max-width: 620px) 100vw, 620px\" \/><\/a><\/p>\n<p>Em face da indiferen\u00e7a do\u00a0Estado e do sistema de justi\u00e7a penal, membros da comunidade decidiram homenagear Eduardo&#8211;em um evento chamado &#8220;<a href=\"http:\/\/bit.ly\/1LN4aXi\" target=\"_blank\" rel=\"noopener\">Eduardo Presente!<\/a>&#8220;&#8211;atrav\u00e9s da reapropria\u00e7\u00e3o do beco onde ele viveu e morreu. Ativistas usam frequentemente esta express\u00e3o para lembrar aqueles que perderam suas vidas devido a viol\u00eancia policial. Juntamente com a <a href=\"http:\/\/bit.ly\/1o92vjf\" target=\"_blank\" rel=\"noopener\">Anistia Internacional<\/a>, o\u00a0<a href=\"http:\/\/bit.ly\/1CLd514\" target=\"_blank\" rel=\"noopener\">Coletivo Papo Reto<\/a>, e outros pais que perderam filhos para viol\u00eancia policial, Terezinha de Jesus conduziu uma prociss\u00e3o de moradores e ativistas pelo bairro Areal no Complexo do Alem\u00e3o antes de chegar ao beco renomeado: Beco Eduardo de Jesus Ferreira.<\/p>\n<p>Segurando uma bandeira da Anistia Internacional com a hashtag #Justi\u00e7aParaEduardo, Terezinha de Jesus apresentou um <a href=\"http:\/\/bit.ly\/1RKh45A\" target=\"_blank\" rel=\"noopener\">apelo apaixonado por justi\u00e7a<\/a>: &#8220;Eu deveria j\u00e1 ter pedido isso bem antes, mas eu vou pedir agora ao Minist\u00e9rio P\u00fablico que ele pe\u00e7a a pris\u00e3o preventiva deste policial que tirou a vida do meu Eduardo. Ele n\u00e3o pode estar solto, ele n\u00e3o pode estar nas ruas, porque se for ele vai matar mais uma crian\u00e7a&#8221;.<\/p>\n<p>Artistas locais de rap e grafite entreteram a multid\u00e3o na cerim\u00f4nia de renomea\u00e7\u00e3o. Para <a href=\"http:\/\/on.fb.me\/1OU0ReF\" target=\"_blank\" rel=\"noopener\">Thain\u00e3 de Medeiros<\/a> do Coletivo Papo Reto, o evento teve um <a href=\"http:\/\/glo.bo\/1VvBrYQ\" target=\"_blank\" rel=\"noopener\">peso significativo<\/a>: &#8220;<span style=\"font-weight: 400;\">Esse \u00e9 um ponto muito simb\u00f3lico para n\u00f3s. A nomea\u00e7\u00e3o do beco com a mem\u00f3ria do Eduardo \u00e9 uma forma de ressignificar esse local&#8221;.<\/span><\/p>\n<p><a href=\"http:\/\/rioonwatch.org.br\/wp-content\/uploads\/2016\/04\/IMG_2699-1.jpg\" rel=\"attachment wp-att-19047\"><img decoding=\"async\" class=\"aligncenter wp-image-19047 size-content\" title=\"Complexo do Alem\u00e3o\" src=\"http:\/\/rioonwatch.org.br\/wp-content\/uploads\/2016\/04\/IMG_2699-1-620x264.jpg\" alt=\"IMG_2699-1\" width=\"620\" height=\"264\" srcset=\"https:\/\/rioonwatch.org.br\/wp-content\/uploads\/2016\/04\/IMG_2699-1-620x264.jpg 620w, https:\/\/rioonwatch.org.br\/wp-content\/uploads\/2016\/04\/IMG_2699-1-940x400.jpg 940w\" sizes=\"(max-width: 620px) 100vw, 620px\" \/><\/a><\/p>\n<p>Mais tarde, naquele mesmo dia, na\u00a0Biblioteca Parque do Alem\u00e3o que fica na esta\u00e7\u00e3o Palmeiras do <a href=\"http:\/\/bit.ly\/Sh0wXv\" target=\"_blank\" rel=\"noopener\">telef\u00e9rico<\/a> do Alem\u00e3o, os diretores David Morris e Ang\u00e9lica Melo estreiaram seu filme <a href=\"http:\/\/bit.ly\/1Mi8ONb\" target=\"_blank\" rel=\"noopener\">O <em>Outro Lado do Cart\u00e3o-Postal<\/em><\/a>. O filme acompanha os acontecimentos logo ap\u00f3s a morte de Eduardo, colocando-os no contexto da <a href=\"http:\/\/bit.ly\/1qugkT2\" target=\"_blank\" rel=\"noopener\">viol\u00eancia urbana<\/a> do Rio e na perspectiva dos que consideram a UPP como um <a href=\"http:\/\/bit.ly\/1SIm0dr\" target=\"_blank\" rel=\"noopener\">modelo policial que falhou<\/a>. Apresentando entrevistas com <a href=\"http:\/\/bit.ly\/NRIxaP\" target=\"_blank\" rel=\"noopener\">ex-traficantes<\/a>, conhecidos apenas como E e N, com o Coronel da Pol\u00edcia Militar Ibis Silva Pereira, o ativista de direitos humanos e de\u00a0m\u00eddias sociais <a href=\"http:\/\/bit.ly\/1RSGQVa\" target=\"_blank\" rel=\"noopener\">Raull Santiago<\/a> do Coletivo Papo Reto, o fotojornalista Tiago Ramos, e Terezinha de Jesus, o filme explora as ra\u00edzes da desconfian\u00e7a da comunidade em rela\u00e7\u00e3o a pol\u00edcia.<\/p>\n<p>David Morris, um cineasta brit\u00e2nico e Ang\u00e9lica Melo, uma cineasta brasileira que tem trabalhado em favelas h\u00e1 anos, j\u00e1 tinham mostrado o filme a um grupo de estudantes de cinema no Reino Unido que ficaram chocados com o n\u00edvel de <a href=\"http:\/\/bit.ly\/1zLJ2W9\" target=\"_blank\" rel=\"noopener\">viol\u00eancia de Estado<\/a> na <a href=\"http:\/\/bit.ly\/PkLXlQ\" target=\"_blank\" rel=\"noopener\">Cidade Ol\u00edmpica<\/a>.<\/p>\n<p><a href=\"http:\/\/rioonwatch.org.br\/wp-content\/uploads\/2016\/04\/IMG_2688.jpg\" rel=\"attachment wp-att-19049\"><img loading=\"lazy\" decoding=\"async\" class=\"aligncenter wp-image-19049 size-content\" title=\"Poster do filme O Outro Lado do Cart\u00e3o-Postal\" src=\"http:\/\/rioonwatch.org.br\/wp-content\/uploads\/2016\/04\/IMG_2688-620x264.jpg\" alt=\"IMG_2688\" width=\"620\" height=\"264\" srcset=\"https:\/\/rioonwatch.org.br\/wp-content\/uploads\/2016\/04\/IMG_2688-620x264.jpg 620w, https:\/\/rioonwatch.org.br\/wp-content\/uploads\/2016\/04\/IMG_2688-940x400.jpg 940w\" sizes=\"(max-width: 620px) 100vw, 620px\" \/><\/a><\/p>\n<p>Ao longo do filme Terezinha de Jesus narra o \u00faltimo dia da vida de seu filho, mostrando-o como o menino\u00a0normal de 10 anos que ele era. Muitas vezes a pol\u00edcia quer plantar provas ou atrav\u00e9s de um depoimento\u00a0incompleto, <a href=\"http:\/\/glo.bo\/1kap7Ps\" target=\"_blank\" rel=\"noopener\">tenta passar a imagem daqueles que\u00a0eles\u00a0matam como os agressores iniciais<\/a>. Um caso semelhante, a alguns meses mais tarde na favela da\u00a0<a href=\"http:\/\/bit.ly\/UBMUVJ\" target=\"_blank\" rel=\"noopener\">Provid\u00eancia<\/a>, chegou aos holofotes globais, pois\u00a0a pol\u00edcia foi filmada disparando tiros e plantando uma arma para incriminar <a href=\"http:\/\/bit.ly\/1jQvmax\" target=\"_blank\" rel=\"noopener\">Eduardo Felipe Santos Victor<\/a> por sua pr\u00f3pria morte.<\/p>\n<p>O coronel Ibis Silva Pereira \u00e9 um raro membro moderado da <a href=\"http:\/\/bit.ly\/1jjhixT\" target=\"_blank\" rel=\"noopener\">Pol\u00edcia Militar<\/a>, que coloca a viol\u00eancia do Estado no Brasil dentro de um contexto s\u00f3cio-hist\u00f3rico: &#8220;Estamos, infelizmente, em um pa\u00eds que mata as pessoas e parece n\u00e3o se preocupar com isso&#8221;. Na parte final do filme ele defende a <a href=\"http:\/\/bit.ly\/20bPqnl\" target=\"_blank\" rel=\"noopener\">descriminaliza\u00e7\u00e3o das drogas<\/a>.<\/p>\n<p>Terezinha de Jesus estava presente para o lan\u00e7amento do filme, junto com outras <a href=\"http:\/\/bit.ly\/1USvsNF\" target=\"_blank\" rel=\"noopener\">fam\u00edlias que perderam filhos para a viol\u00eancia policial<\/a>. Embora ela n\u00e3o tenha falado no evento do filme, sua for\u00e7a definiu o dia, pois ela luta por justi\u00e7a para Eduardo, n\u00e3o s\u00f3 em 2 de abril, mas em todos os dias.<\/p>\n<!-- AddThis Advanced Settings generic via filter on the_content --><!-- AddThis Share Buttons generic via filter on the_content -->","protected":false},"excerpt":{"rendered":"<div class=\"mh-excerpt\"><p>Click Here for English O dia 2 de abril marcou uma data importante no Complexo do Alem\u00e3o,\u00a0Zona Norte\u00a0do Rio. Este dia completa um ano desde que um policial da UPP atirou e matou Eduardo de <a class=\"mh-excerpt-more\" href=\"https:\/\/rioonwatch.org.br\/?p=19037\" title=\"Complexo do Alem\u00e3o N\u00e3o Esqueceu Menino Eduardo de Jesus, Morto pela UPP no Ano Passado\">[&#8230;]<\/a><!-- AddThis Advanced Settings generic via filter on get_the_excerpt --><!-- AddThis Share Buttons generic via filter on get_the_excerpt --><\/p>\n<\/div>","protected":false},"author":129,"featured_media":19039,"comment_status":"closed","ping_status":"closed","sticky":false,"template":"","format":"standard","meta":{"_acf_changed":false,"_monsterinsights_skip_tracking":false,"_monsterinsights_sitenote_active":false,"_monsterinsights_sitenote_note":"","_monsterinsights_sitenote_category":0,"footnotes":""},"categories":[1627,346,1626,344,1624,1620,1612],"tags":[1796,217,88,1368,1418,257,31,774,763,3437,432,672,476,92,30,920,52,1144,218],"writer":[1577],"translator":[273],"source":[],"ilustrador":[],"fotografo":[],"class_list":{"0":"post-19037","1":"post","2":"type-post","3":"status-publish","4":"format-standard","5":"has-post-thumbnail","7":"category-relato-de-evento","8":"category-denuncias","9":"category-por-observadores-internacionais","10":"category-politicas","11":"category-resenha","12":"category-olhonaupp","13":"category-sociedade-civil","14":"tag-anistia-internacional","15":"tag-complexo-do-alemao","16":"tag-direitos-humanos","17":"tag-filme","18":"tag-coletivo-papo-reto","19":"tag-providencia","20":"tag-policia","21":"tag-policia-militar","22":"tag-protesto","23":"tag-resenha-de-filme","24":"tag-resistencia","25":"tag-seguranca-publica","26":"tag-solucao-comunitaria","27":"tag-upp","28":"tag-violencia","29":"tag-violencia-de-estado","30":"tag-violencia-policial","31":"tag-violencia-urbana","32":"tag-zona-norte","33":"writer-stephanie-reist","34":"translator-roseli-franco"},"acf":[],"yoast_head":"<!-- This site is optimized with the Yoast SEO plugin v25.6 - https:\/\/yoast.com\/wordpress\/plugins\/seo\/ -->\n<title>Complexo do Alem\u00e3o N\u00e3o Esqueceu Menino Eduardo de Jesus, Morto pela UPP no Ano Passado - RioOnWatch<\/title>\n<meta name=\"robots\" content=\"index, follow, max-snippet:-1, max-image-preview:large, max-video-preview:-1\" \/>\n<link rel=\"canonical\" href=\"https:\/\/rioonwatch.org.br\/?p=19037\" \/>\n<meta property=\"og:locale\" content=\"pt_BR\" \/>\n<meta property=\"og:type\" content=\"article\" \/>\n<meta property=\"og:title\" content=\"Complexo do Alem\u00e3o N\u00e3o Esqueceu Menino Eduardo de Jesus, Morto pela UPP no Ano Passado - RioOnWatch\" \/>\n<meta property=\"og:description\" content=\"Click Here for English O dia 2 de abril marcou uma data importante no Complexo do Alem\u00e3o,\u00a0Zona Norte\u00a0do Rio. Este dia completa um ano desde que um policial da UPP atirou e matou Eduardo de [...]\" \/>\n<meta property=\"og:url\" content=\"https:\/\/rioonwatch.org.br\/?p=19037\" \/>\n<meta property=\"og:site_name\" content=\"RioOnWatch\" \/>\n<meta property=\"article:published_time\" content=\"2016-04-08T11:00:42+00:00\" \/>\n<meta property=\"article:modified_time\" content=\"2024-06-20T18:56:08+00:00\" \/>\n<meta property=\"og:image\" content=\"https:\/\/rioonwatch.org.br\/wp-content\/uploads\/2016\/04\/Foto-da-p\u00e1gina-do-Coletivo-Papo-Reto-no-Facebook.jpg\" \/>\n\t<meta property=\"og:image:width\" content=\"960\" \/>\n\t<meta property=\"og:image:height\" content=\"636\" \/>\n\t<meta property=\"og:image:type\" content=\"image\/jpeg\" \/>\n<meta name=\"author\" content=\"Admin\" \/>\n<meta name=\"twitter:card\" content=\"summary_large_image\" \/>\n<meta name=\"twitter:label1\" content=\"Escrito por\" \/>\n\t<meta name=\"twitter:data1\" content=\"Admin\" \/>\n\t<meta name=\"twitter:label2\" content=\"Est. tempo de leitura\" \/>\n\t<meta name=\"twitter:data2\" content=\"4 minutos\" \/>\n<script type=\"application\/ld+json\" class=\"yoast-schema-graph\">{\"@context\":\"https:\/\/schema.org\",\"@graph\":[{\"@type\":\"Article\",\"@id\":\"https:\/\/rioonwatch.org.br\/?p=19037#article\",\"isPartOf\":{\"@id\":\"https:\/\/rioonwatch.org.br\/?p=19037\"},\"author\":{\"name\":\"Admin\",\"@id\":\"https:\/\/rioonwatch.org.br\/#\/schema\/person\/11d64c290506f9df50c71b850c473f68\"},\"headline\":\"Complexo do Alem\u00e3o N\u00e3o Esqueceu Menino Eduardo de Jesus, Morto pela UPP no Ano Passado\",\"datePublished\":\"2016-04-08T11:00:42+00:00\",\"dateModified\":\"2024-06-20T18:56:08+00:00\",\"mainEntityOfPage\":{\"@id\":\"https:\/\/rioonwatch.org.br\/?p=19037\"},\"wordCount\":774,\"publisher\":{\"@id\":\"https:\/\/rioonwatch.org.br\/#organization\"},\"image\":{\"@id\":\"https:\/\/rioonwatch.org.br\/?p=19037#primaryimage\"},\"thumbnailUrl\":\"https:\/\/rioonwatch.org.br\/wp-content\/uploads\/2016\/04\/Foto-da-p\u00e1gina-do-Coletivo-Papo-Reto-no-Facebook.jpg\",\"keywords\":[\"Anistia Internacional\",\"Complexo do Alem\u00e3o\",\"Direitos Humanos\",\"filme\",\"Instituto Papo Reto\",\"Morro da Provid\u00eancia\",\"pol\u00edcia\",\"Pol\u00edcia Militar\",\"protesto\",\"Resenha de filme\",\"resist\u00eancia\",\"seguran\u00e7a p\u00fablica\",\"solu\u00e7\u00e3o comunit\u00e1ria\",\"UPP\",\"viol\u00eancia\",\"viol\u00eancia de Estado\",\"viol\u00eancia policial\",\"viol\u00eancia urbana\",\"Zona Norte\"],\"articleSection\":[\"Cobertura de Eventos\",\"Den\u00fancias\",\"Escrito por Aliados\",\"Pol\u00edticas\",\"Resenhas\",\"Seguran\u00e7a P\u00fablica\",\"Sociedade Civil\"],\"inLanguage\":\"pt-BR\"},{\"@type\":\"WebPage\",\"@id\":\"https:\/\/rioonwatch.org.br\/?p=19037\",\"url\":\"https:\/\/rioonwatch.org.br\/?p=19037\",\"name\":\"Complexo do Alem\u00e3o N\u00e3o Esqueceu Menino Eduardo de Jesus, Morto pela UPP no Ano Passado - RioOnWatch\",\"isPartOf\":{\"@id\":\"https:\/\/rioonwatch.org.br\/#website\"},\"primaryImageOfPage\":{\"@id\":\"https:\/\/rioonwatch.org.br\/?p=19037#primaryimage\"},\"image\":{\"@id\":\"https:\/\/rioonwatch.org.br\/?p=19037#primaryimage\"},\"thumbnailUrl\":\"https:\/\/rioonwatch.org.br\/wp-content\/uploads\/2016\/04\/Foto-da-p\u00e1gina-do-Coletivo-Papo-Reto-no-Facebook.jpg\",\"datePublished\":\"2016-04-08T11:00:42+00:00\",\"dateModified\":\"2024-06-20T18:56:08+00:00\",\"breadcrumb\":{\"@id\":\"https:\/\/rioonwatch.org.br\/?p=19037#breadcrumb\"},\"inLanguage\":\"pt-BR\",\"potentialAction\":[{\"@type\":\"ReadAction\",\"target\":[\"https:\/\/rioonwatch.org.br\/?p=19037\"]}]},{\"@type\":\"ImageObject\",\"inLanguage\":\"pt-BR\",\"@id\":\"https:\/\/rioonwatch.org.br\/?p=19037#primaryimage\",\"url\":\"https:\/\/rioonwatch.org.br\/wp-content\/uploads\/2016\/04\/Foto-da-p\u00e1gina-do-Coletivo-Papo-Reto-no-Facebook.jpg\",\"contentUrl\":\"https:\/\/rioonwatch.org.br\/wp-content\/uploads\/2016\/04\/Foto-da-p\u00e1gina-do-Coletivo-Papo-Reto-no-Facebook.jpg\",\"width\":960,\"height\":636},{\"@type\":\"BreadcrumbList\",\"@id\":\"https:\/\/rioonwatch.org.br\/?p=19037#breadcrumb\",\"itemListElement\":[{\"@type\":\"ListItem\",\"position\":1,\"name\":\"In\u00edcio\",\"item\":\"https:\/\/rioonwatch.org.br\/\"},{\"@type\":\"ListItem\",\"position\":2,\"name\":\"Complexo do Alem\u00e3o N\u00e3o Esqueceu Menino Eduardo de Jesus, Morto pela UPP no Ano Passado\"}]},{\"@type\":\"WebSite\",\"@id\":\"https:\/\/rioonwatch.org.br\/#website\",\"url\":\"https:\/\/rioonwatch.org.br\/\",\"name\":\"RioOnWatch\",\"description\":\"relatos das favelas cariocas\",\"publisher\":{\"@id\":\"https:\/\/rioonwatch.org.br\/#organization\"},\"potentialAction\":[{\"@type\":\"SearchAction\",\"target\":{\"@type\":\"EntryPoint\",\"urlTemplate\":\"https:\/\/rioonwatch.org.br\/?s={search_term_string}\"},\"query-input\":{\"@type\":\"PropertyValueSpecification\",\"valueRequired\":true,\"valueName\":\"search_term_string\"}}],\"inLanguage\":\"pt-BR\"},{\"@type\":\"Organization\",\"@id\":\"https:\/\/rioonwatch.org.br\/#organization\",\"name\":\"RioOnWatch\",\"url\":\"https:\/\/rioonwatch.org.br\/\",\"logo\":{\"@type\":\"ImageObject\",\"inLanguage\":\"pt-BR\",\"@id\":\"https:\/\/rioonwatch.org.br\/#\/schema\/logo\/image\/\",\"url\":\"https:\/\/rioonwatch.org.br\/wp-content\/uploads\/2021\/06\/RioOnWatchcabecalhoPT11anos-2.png\",\"contentUrl\":\"https:\/\/rioonwatch.org.br\/wp-content\/uploads\/2021\/06\/RioOnWatchcabecalhoPT11anos-2.png\",\"width\":779,\"height\":277,\"caption\":\"RioOnWatch\"},\"image\":{\"@id\":\"https:\/\/rioonwatch.org.br\/#\/schema\/logo\/image\/\"}},{\"@type\":\"Person\",\"@id\":\"https:\/\/rioonwatch.org.br\/#\/schema\/person\/11d64c290506f9df50c71b850c473f68\",\"name\":\"Admin\",\"image\":{\"@type\":\"ImageObject\",\"inLanguage\":\"pt-BR\",\"@id\":\"https:\/\/rioonwatch.org.br\/#\/schema\/person\/image\/\",\"url\":\"https:\/\/secure.gravatar.com\/avatar\/56211ac74568383903349a1485e3c325?s=96&d=blank&r=g\",\"contentUrl\":\"https:\/\/secure.gravatar.com\/avatar\/56211ac74568383903349a1485e3c325?s=96&d=blank&r=g\",\"caption\":\"Admin\"},\"url\":\"https:\/\/rioonwatch.org.br\/?author=129\"}]}<\/script>\n<!-- \/ Yoast SEO plugin. -->","yoast_head_json":{"title":"Complexo do Alem\u00e3o N\u00e3o Esqueceu Menino Eduardo de Jesus, Morto pela UPP no Ano Passado - RioOnWatch","robots":{"index":"index","follow":"follow","max-snippet":"max-snippet:-1","max-image-preview":"max-image-preview:large","max-video-preview":"max-video-preview:-1"},"canonical":"https:\/\/rioonwatch.org.br\/?p=19037","og_locale":"pt_BR","og_type":"article","og_title":"Complexo do Alem\u00e3o N\u00e3o Esqueceu Menino Eduardo de Jesus, Morto pela UPP no Ano Passado - RioOnWatch","og_description":"Click Here for English O dia 2 de abril marcou uma data importante no Complexo do Alem\u00e3o,\u00a0Zona Norte\u00a0do Rio. Este dia completa um ano desde que um policial da UPP atirou e matou Eduardo de [...]","og_url":"https:\/\/rioonwatch.org.br\/?p=19037","og_site_name":"RioOnWatch","article_published_time":"2016-04-08T11:00:42+00:00","article_modified_time":"2024-06-20T18:56:08+00:00","og_image":[{"width":960,"height":636,"url":"https:\/\/rioonwatch.org.br\/wp-content\/uploads\/2016\/04\/Foto-da-p\u00e1gina-do-Coletivo-Papo-Reto-no-Facebook.jpg","type":"image\/jpeg"}],"author":"Admin","twitter_card":"summary_large_image","twitter_misc":{"Escrito por":"Admin","Est. tempo de leitura":"4 minutos"},"schema":{"@context":"https:\/\/schema.org","@graph":[{"@type":"Article","@id":"https:\/\/rioonwatch.org.br\/?p=19037#article","isPartOf":{"@id":"https:\/\/rioonwatch.org.br\/?p=19037"},"author":{"name":"Admin","@id":"https:\/\/rioonwatch.org.br\/#\/schema\/person\/11d64c290506f9df50c71b850c473f68"},"headline":"Complexo do Alem\u00e3o N\u00e3o Esqueceu Menino Eduardo de Jesus, Morto pela UPP no Ano Passado","datePublished":"2016-04-08T11:00:42+00:00","dateModified":"2024-06-20T18:56:08+00:00","mainEntityOfPage":{"@id":"https:\/\/rioonwatch.org.br\/?p=19037"},"wordCount":774,"publisher":{"@id":"https:\/\/rioonwatch.org.br\/#organization"},"image":{"@id":"https:\/\/rioonwatch.org.br\/?p=19037#primaryimage"},"thumbnailUrl":"https:\/\/rioonwatch.org.br\/wp-content\/uploads\/2016\/04\/Foto-da-p\u00e1gina-do-Coletivo-Papo-Reto-no-Facebook.jpg","keywords":["Anistia Internacional","Complexo do Alem\u00e3o","Direitos Humanos","filme","Instituto Papo Reto","Morro da Provid\u00eancia","pol\u00edcia","Pol\u00edcia Militar","protesto","Resenha de filme","resist\u00eancia","seguran\u00e7a p\u00fablica","solu\u00e7\u00e3o comunit\u00e1ria","UPP","viol\u00eancia","viol\u00eancia de Estado","viol\u00eancia policial","viol\u00eancia urbana","Zona Norte"],"articleSection":["Cobertura de Eventos","Den\u00fancias","Escrito por Aliados","Pol\u00edticas","Resenhas","Seguran\u00e7a P\u00fablica","Sociedade Civil"],"inLanguage":"pt-BR"},{"@type":"WebPage","@id":"https:\/\/rioonwatch.org.br\/?p=19037","url":"https:\/\/rioonwatch.org.br\/?p=19037","name":"Complexo do Alem\u00e3o N\u00e3o Esqueceu Menino Eduardo de Jesus, Morto pela UPP no Ano Passado - RioOnWatch","isPartOf":{"@id":"https:\/\/rioonwatch.org.br\/#website"},"primaryImageOfPage":{"@id":"https:\/\/rioonwatch.org.br\/?p=19037#primaryimage"},"image":{"@id":"https:\/\/rioonwatch.org.br\/?p=19037#primaryimage"},"thumbnailUrl":"https:\/\/rioonwatch.org.br\/wp-content\/uploads\/2016\/04\/Foto-da-p\u00e1gina-do-Coletivo-Papo-Reto-no-Facebook.jpg","datePublished":"2016-04-08T11:00:42+00:00","dateModified":"2024-06-20T18:56:08+00:00","breadcrumb":{"@id":"https:\/\/rioonwatch.org.br\/?p=19037#breadcrumb"},"inLanguage":"pt-BR","potentialAction":[{"@type":"ReadAction","target":["https:\/\/rioonwatch.org.br\/?p=19037"]}]},{"@type":"ImageObject","inLanguage":"pt-BR","@id":"https:\/\/rioonwatch.org.br\/?p=19037#primaryimage","url":"https:\/\/rioonwatch.org.br\/wp-content\/uploads\/2016\/04\/Foto-da-p\u00e1gina-do-Coletivo-Papo-Reto-no-Facebook.jpg","contentUrl":"https:\/\/rioonwatch.org.br\/wp-content\/uploads\/2016\/04\/Foto-da-p\u00e1gina-do-Coletivo-Papo-Reto-no-Facebook.jpg","width":960,"height":636},{"@type":"BreadcrumbList","@id":"https:\/\/rioonwatch.org.br\/?p=19037#breadcrumb","itemListElement":[{"@type":"ListItem","position":1,"name":"In\u00edcio","item":"https:\/\/rioonwatch.org.br\/"},{"@type":"ListItem","position":2,"name":"Complexo do Alem\u00e3o N\u00e3o Esqueceu Menino Eduardo de Jesus, Morto pela UPP no Ano Passado"}]},{"@type":"WebSite","@id":"https:\/\/rioonwatch.org.br\/#website","url":"https:\/\/rioonwatch.org.br\/","name":"RioOnWatch","description":"relatos das favelas cariocas","publisher":{"@id":"https:\/\/rioonwatch.org.br\/#organization"},"potentialAction":[{"@type":"SearchAction","target":{"@type":"EntryPoint","urlTemplate":"https:\/\/rioonwatch.org.br\/?s={search_term_string}"},"query-input":{"@type":"PropertyValueSpecification","valueRequired":true,"valueName":"search_term_string"}}],"inLanguage":"pt-BR"},{"@type":"Organization","@id":"https:\/\/rioonwatch.org.br\/#organization","name":"RioOnWatch","url":"https:\/\/rioonwatch.org.br\/","logo":{"@type":"ImageObject","inLanguage":"pt-BR","@id":"https:\/\/rioonwatch.org.br\/#\/schema\/logo\/image\/","url":"https:\/\/rioonwatch.org.br\/wp-content\/uploads\/2021\/06\/RioOnWatchcabecalhoPT11anos-2.png","contentUrl":"https:\/\/rioonwatch.org.br\/wp-content\/uploads\/2021\/06\/RioOnWatchcabecalhoPT11anos-2.png","width":779,"height":277,"caption":"RioOnWatch"},"image":{"@id":"https:\/\/rioonwatch.org.br\/#\/schema\/logo\/image\/"}},{"@type":"Person","@id":"https:\/\/rioonwatch.org.br\/#\/schema\/person\/11d64c290506f9df50c71b850c473f68","name":"Admin","image":{"@type":"ImageObject","inLanguage":"pt-BR","@id":"https:\/\/rioonwatch.org.br\/#\/schema\/person\/image\/","url":"https:\/\/secure.gravatar.com\/avatar\/56211ac74568383903349a1485e3c325?s=96&d=blank&r=g","contentUrl":"https:\/\/secure.gravatar.com\/avatar\/56211ac74568383903349a1485e3c325?s=96&d=blank&r=g","caption":"Admin"},"url":"https:\/\/rioonwatch.org.br\/?author=129"}]}},"_links":{"self":[{"href":"https:\/\/rioonwatch.org.br\/index.php?rest_route=\/wp\/v2\/posts\/19037"}],"collection":[{"href":"https:\/\/rioonwatch.org.br\/index.php?rest_route=\/wp\/v2\/posts"}],"about":[{"href":"https:\/\/rioonwatch.org.br\/index.php?rest_route=\/wp\/v2\/types\/post"}],"author":[{"embeddable":true,"href":"https:\/\/rioonwatch.org.br\/index.php?rest_route=\/wp\/v2\/users\/129"}],"replies":[{"embeddable":true,"href":"https:\/\/rioonwatch.org.br\/index.php?rest_route=%2Fwp%2Fv2%2Fcomments&post=19037"}],"version-history":[{"count":16,"href":"https:\/\/rioonwatch.org.br\/index.php?rest_route=\/wp\/v2\/posts\/19037\/revisions"}],"predecessor-version":[{"id":74301,"href":"https:\/\/rioonwatch.org.br\/index.php?rest_route=\/wp\/v2\/posts\/19037\/revisions\/74301"}],"wp:featuredmedia":[{"embeddable":true,"href":"https:\/\/rioonwatch.org.br\/index.php?rest_route=\/wp\/v2\/media\/19039"}],"wp:attachment":[{"href":"https:\/\/rioonwatch.org.br\/index.php?rest_route=%2Fwp%2Fv2%2Fmedia&parent=19037"}],"wp:term":[{"taxonomy":"category","embeddable":true,"href":"https:\/\/rioonwatch.org.br\/index.php?rest_route=%2Fwp%2Fv2%2Fcategories&post=19037"},{"taxonomy":"post_tag","embeddable":true,"href":"https:\/\/rioonwatch.org.br\/index.php?rest_route=%2Fwp%2Fv2%2Ftags&post=19037"},{"taxonomy":"writer","embeddable":true,"href":"https:\/\/rioonwatch.org.br\/index.php?rest_route=%2Fwp%2Fv2%2Fwriter&post=19037"},{"taxonomy":"translator","embeddable":true,"href":"https:\/\/rioonwatch.org.br\/index.php?rest_route=%2Fwp%2Fv2%2Ftranslator&post=19037"},{"taxonomy":"source","embeddable":true,"href":"https:\/\/rioonwatch.org.br\/index.php?rest_route=%2Fwp%2Fv2%2Fsource&post=19037"},{"taxonomy":"ilustrador","embeddable":true,"href":"https:\/\/rioonwatch.org.br\/index.php?rest_route=%2Fwp%2Fv2%2Filustrador&post=19037"},{"taxonomy":"fotografo","embeddable":true,"href":"https:\/\/rioonwatch.org.br\/index.php?rest_route=%2Fwp%2Fv2%2Ffotografo&post=19037"}],"curies":[{"name":"wp","href":"https:\/\/api.w.org\/{rel}","templated":true}]}}