{"id":19058,"date":"2016-04-10T14:11:23","date_gmt":"2016-04-10T17:11:23","guid":{"rendered":"http:\/\/rioonwatch.org.br\/?p=19058"},"modified":"2024-06-20T16:27:43","modified_gmt":"2024-06-20T19:27:43","slug":"moradores-da-vila-autodromo-chegam-a-um-acordo-de-urbanizacao-provisorio-com-a-prefeitura","status":"publish","type":"post","link":"https:\/\/rioonwatch.org.br\/?p=19058","title":{"rendered":"Moradores da Vila Aut\u00f3dromo Chegam a um Acordo de Urbaniza\u00e7\u00e3o com a Prefeitura"},"content":{"rendered":"<p style=\"text-align: right;\"><em><strong><a href=\"http:\/\/bit.ly\/1YkZNnc\" target=\"_blank\" rel=\"noopener\">Click Here for English<img decoding=\"async\" width=\"20\" height=\"20\" class=\"alignright wp-image-15790\" src=\"http:\/\/rioonwatch.org.br\/wp-content\/uploads\/2012\/08\/EN-standard-e1439583104716.jpg\" alt=\"\" \/><\/a><\/strong><\/em><\/p>\n<p>Depois de irem \u00e0 prefeitura, no dia 15 de mar\u00e7o, solicitar formalmente um encontro com o\u00a0prefeito para <a href=\"http:\/\/bit.ly\/1R3RMAY\" target=\"_blank\" rel=\"noopener\">discutir o plano de urbaniza\u00e7\u00e3o da prefeitura<\/a> para a comunidade, os moradores da <a href=\"http:\/\/bit.ly\/Nfddvg\" target=\"_blank\" rel=\"noopener\">Vila\u00a0Aut\u00f3dromo<\/a> tiveram diversas reuni\u00f5es: com o <a href=\"http:\/\/bit.ly\/1k4eA6c\" target=\"_blank\" rel=\"noopener\">Prefeito Eduardo Paes<\/a>, no dia 28 de mar\u00e7o, e com o\u00a0<a href=\"http:\/\/bit.ly\/1On7u8Y\" target=\"_blank\" rel=\"noopener\">sub-prefeito da Barra da Tijuca Alex Costa<\/a>, nos dias 29 de mar\u00e7o e 1 de abril, para discutirem o\u00a0futuro da comunidade.\u00a0<span class=\"s1\">A comunidade inicialmente rejeitou\u00a0<\/span><span style=\"line-height: 1.5;\">o plano da prefeitura porque ele\u00a0havia sido desenvolvido <\/span><a style=\"line-height: 1.5;\" href=\"http:\/\/bit.ly\/WClMpp\" target=\"_blank\" rel=\"noopener\">sem a participa\u00e7\u00e3o da comunidade<\/a><span style=\"line-height: 1.5;\"> e foi\u00a0anunciado apenas para um seleto grupo de jornalistas durante um evento no qual a participa\u00e7\u00e3o dos membros da comunidade <\/span><a style=\"line-height: 1.5;\" href=\"http:\/\/bit.ly\/1pcDODu\" target=\"_blank\" rel=\"noopener\">foi intencionalmente impossibilitada<\/a><span style=\"line-height: 1.5;\">.<\/span><\/p>\n<p><a href=\"http:\/\/rioonwatch.org.br\/wp-content\/uploads\/2016\/04\/12931106_946146202158929_7779185781439801379_n.jpg\" rel=\"attachment wp-att-19064\"><img fetchpriority=\"high\" decoding=\"async\" class=\"aligncenter wp-image-19064 size-content\" title=\"Reuni\u00e3o comunit\u00e1ria ap\u00f3s a primeira reuni\u00e3o com a prefeitura. Foto da p\u00e1gina da Vila Aut\u00f3dromo no Facebook\" src=\"http:\/\/rioonwatch.org.br\/wp-content\/uploads\/2016\/04\/12931106_946146202158929_7779185781439801379_n-620x264.jpg\" alt=\"12931106_946146202158929_7779185781439801379_n\" width=\"620\" height=\"264\" srcset=\"https:\/\/rioonwatch.org.br\/wp-content\/uploads\/2016\/04\/12931106_946146202158929_7779185781439801379_n-620x264.jpg 620w, https:\/\/rioonwatch.org.br\/wp-content\/uploads\/2016\/04\/12931106_946146202158929_7779185781439801379_n-940x400.jpg 940w\" sizes=\"(max-width: 620px) 100vw, 620px\" \/><\/a><\/p>\n<p>O <a href=\"http:\/\/bit.ly\/1nwEcvh\" target=\"_blank\" rel=\"noopener\">plano de urbaniza\u00e7\u00e3o original da Prefeitura<\/a>\u00a0lan\u00e7ado no dia 8 de mar\u00e7o n\u00e3o possu\u00eda muitos detalhes e\u00a0deixava muito \u00e0 imagina\u00e7\u00e3o. Atrav\u00e9s de 24 slides de PowerPoint, a maior parte da apresenta\u00e7\u00e3o\u00a0focou na redu\u00e7\u00e3o do n\u00famero de fam\u00edlias na comunidade de 824 para 25, sem detalhar as <a href=\"http:\/\/bit.ly\/1nW4Dng\" target=\"_blank\" rel=\"noopener\">duras\u00a0batalhas por negocia\u00e7\u00f5es<\/a>, as <a href=\"http:\/\/bit.ly\/1Ld38Ds\" target=\"_blank\" rel=\"noopener\">amea\u00e7as rotineiras<\/a> e as <a href=\"http:\/\/on.fb.me\/1LDKuEV\" target=\"_blank\" rel=\"noopener\">press\u00f5es psicol\u00f3gicas<\/a>\u00a0<span class=\"s1\">que ocorreram para chegar nesta\u00a0redu\u00e7\u00e3o<\/span>. A maioria dos detalhes s\u00f3 foram disponibilizados aos <a href=\"http:\/\/bit.ly\/1nwEcvh\" target=\"_blank\" rel=\"noopener\">jornalistas presentes no encontro\u00a0do dia 8 de mar\u00e7o<\/a>.\u00a0<span class=\"s1\">Por\u00e9m \u00e9 evidente que este plano da Prefeitura n\u00e3o levou em considera\u00e7\u00e3o o premiado e\u00a0atualizado\u00a0<\/span><a style=\"line-height: 1.5;\" href=\"http:\/\/bit.ly\/1R3RMAY\" target=\"_blank\" rel=\"noopener\">Plano Popular<\/a><span style=\"line-height: 1.5;\"> da Vila Aut\u00f3dromo.<\/span><\/p>\n<figure id=\"attachment_19065\" aria-describedby=\"caption-attachment-19065\" style=\"width: 620px\" class=\"wp-caption aligncenter\"><a href=\"http:\/\/rioonwatch.org.br\/wp-content\/uploads\/2016\/04\/CityPlanVAUpgrades.jpg\" rel=\"attachment wp-att-19065\"><img decoding=\"async\" class=\"wp-image-19065 size-content\" title=\"Plano de urbaniza\u00e7\u00e3o original da prefeitura para a Vila Aut\u00f3dromo. Imagem da Prefeitura do Rio de Janeiro.\" src=\"http:\/\/rioonwatch.org.br\/wp-content\/uploads\/2016\/04\/CityPlanVAUpgrades-620x264.jpg\" alt=\"CityPlanVAUpgrades\" width=\"620\" height=\"264\" srcset=\"https:\/\/rioonwatch.org.br\/wp-content\/uploads\/2016\/04\/CityPlanVAUpgrades-620x264.jpg 620w, https:\/\/rioonwatch.org.br\/wp-content\/uploads\/2016\/04\/CityPlanVAUpgrades-940x400.jpg 940w\" sizes=\"(max-width: 620px) 100vw, 620px\" \/><\/a><figcaption id=\"caption-attachment-19065\" class=\"wp-caption-text\">Plano de urbaniza\u00e7\u00e3o original da prefeitura para a Vila Aut\u00f3dromo. Imagem da Prefeitura do Rio de Janeiro<\/figcaption><\/figure>\n<p>Contudo, seguindo os recentes encontros com as autoridades p\u00fablicas, parece que a comunidade\u00a0tem conseguido garantir algumas modifica\u00e7\u00f5es no plano original da prefeitura. As casas\u00a0inicialmente geminadas ser\u00e3o separadas, com um aumento de 10m\u00b2 de 46 para 56m\u00b2. De acordo\u00a0com as <a href=\"http:\/\/bit.ly\/25C40bP\" target=\"_blank\" rel=\"noopener\">plantas compartilhadas<\/a> na p\u00e1gina do Facebook da Vila Aut\u00f3dromo, cada casa ser\u00e1 de um\u00a0andar com dois quartos, uma cozinha, banheiro, e sala de estar. A prefeitura tamb\u00e9m concordou\u00a0em aumentar os terrenos de 125 para 180m\u00b2, deixando espa\u00e7o para um pequeno jardim e uma\u00a0entrada para carros. Dentro da comunidade, a prefeitura tamb\u00e9m concordou em incluir um pr\u00e9dio\u00a0para a Associa\u00e7\u00e3o de Moradores, uma \u00e1rea comercial, um centro cultural e mais espa\u00e7o p\u00fablico.\u00a0Uma rua adicional ir\u00e1 conectar a Rua Nelson Piquet \u00e0 j\u00e1 existente igreja cat\u00f3lica. A comunidade\u00a0tamb\u00e9m permanecer\u00e1 uma <a href=\"http:\/\/bit.ly\/1Snpqza\" target=\"_blank\" rel=\"noopener\">\u00c1rea de Especial Interesse Social<\/a>\u00a0(AEIS) por meio da <a href=\"http:\/\/bit.ly\/1RGYmz9\" target=\"_blank\" rel=\"noopener\">Lei Complementar n\u00ba\u00a074\/2005<\/a>.<\/p>\n<figure id=\"attachment_19066\" aria-describedby=\"caption-attachment-19066\" style=\"width: 620px\" class=\"wp-caption aligncenter\"><a href=\"http:\/\/rioonwatch.org.br\/wp-content\/uploads\/2016\/04\/Community-Upgrades-better.jpg\" rel=\"attachment wp-att-19066\"><img loading=\"lazy\" decoding=\"async\" class=\"wp-image-19066 size-content\" title=\"Novo plano com modifica\u00e7\u00f5es. Cortesia da p\u00e1gina do Facebook da Vila Aut\u00f3dromo.\" src=\"http:\/\/rioonwatch.org.br\/wp-content\/uploads\/2016\/04\/Community-Upgrades-better-620x264.jpg\" alt=\"Community-Upgrades-better\" width=\"620\" height=\"264\" srcset=\"https:\/\/rioonwatch.org.br\/wp-content\/uploads\/2016\/04\/Community-Upgrades-better-620x264.jpg 620w, https:\/\/rioonwatch.org.br\/wp-content\/uploads\/2016\/04\/Community-Upgrades-better-940x400.jpg 940w\" sizes=\"(max-width: 620px) 100vw, 620px\" \/><\/a><figcaption id=\"caption-attachment-19066\" class=\"wp-caption-text\">Novo plano com modifica\u00e7\u00f5es. Cortesia da p\u00e1gina do Facebook da Vila Aut\u00f3dromo<\/figcaption><\/figure>\n<p>Apesar da <a href=\"http:\/\/bit.ly\/1RxPuqV\" target=\"_blank\" rel=\"noopener\">longa e \u00e1rdua batalha<\/a> pela reurbaniza\u00e7\u00e3o, moradores est\u00e3o otimistas ap\u00f3s as \u00faltimas negocia\u00e7\u00f5es.<\/p>\n<p>O novo plano da prefeitura, entretanto, ainda requer que os moradores se mudem\u00a0temporariamente durante o processo de constru\u00e7\u00e3o para um local ainda n\u00e3o divulgado.\u00a0Moradores expressaram desconfian\u00e7a nesta proposta, argumentando que eles n\u00e3o podem confiar\u00a0que ser\u00e3o autorizados a voltar para a Vila Aut\u00f3dromo. Devido a uma <a href=\"http:\/\/bit.ly\/1VkxAeJ\" target=\"_blank\" rel=\"noopener\">hist\u00f3ria de engana\u00e7\u00f5es<\/a> por\u00a0parte da administra\u00e7\u00e3o da prefeitura, incluindo o uso da<a href=\"http:\/\/bit.ly\/1Qnzzhj\" target=\"_blank\" rel=\"noopener\"> t\u00e1tica \u201ccavalo de Tr\u00f3ia&#8221;<\/a>,\u00a0a preocupa\u00e7\u00e3o\u00a0dos moradores \u00e9 bem fundada.\u00a0<span class=\"s1\">Como resultado, moradores grafitaram a mensagem \u201cs\u00f3 sairemos para dentro da casa nova\u201d.\u00a0<\/span><span style=\"line-height: 1.5;\">Uma <\/span><a style=\"line-height: 1.5;\" href=\"http:\/\/bit.ly\/1PWOmfx\" target=\"_blank\" rel=\"noopener\">postagem no Facebook<\/a><span style=\"line-height: 1.5;\"> junto de\u00a0uma foto do grafite explicou: \u201cEst\u00e1 muito dif\u00edcil confiar nessa gest\u00e3o da prefeitura depois de\u00a0tudo que fomos submetidos de ruim&#8221;.<\/span><\/p>\n<figure id=\"attachment_19067\" aria-describedby=\"caption-attachment-19067\" style=\"width: 620px\" class=\"wp-caption aligncenter\"><a href=\"http:\/\/rioonwatch.org.br\/wp-content\/uploads\/2016\/04\/sair-grafitti.jpg\" rel=\"attachment wp-att-19067\"><img loading=\"lazy\" decoding=\"async\" class=\"wp-image-19067 size-content\" title=\"\u201cS\u00f3 sairemos para dentro da casa nova&quot;, grafite na Vila Aut\u00f3dromo.\" src=\"http:\/\/rioonwatch.org.br\/wp-content\/uploads\/2016\/04\/sair-grafitti-620x264.jpg\" alt=\"sair-grafitti\" width=\"620\" height=\"264\" srcset=\"https:\/\/rioonwatch.org.br\/wp-content\/uploads\/2016\/04\/sair-grafitti-620x264.jpg 620w, https:\/\/rioonwatch.org.br\/wp-content\/uploads\/2016\/04\/sair-grafitti-940x400.jpg 940w\" sizes=\"(max-width: 620px) 100vw, 620px\" \/><\/a><figcaption id=\"caption-attachment-19067\" class=\"wp-caption-text\">\u201cS\u00f3 sairemos para dentro da casa nova&#8221;, grafite na Vila Aut\u00f3dromo.<\/figcaption><\/figure>\n<p>Em um <a href=\"http:\/\/bit.ly\/1V055Hd\" target=\"_blank\" rel=\"noopener\">encontro com moradores na Vila Aut\u00f3dromo<\/a> no dia 1 de abril, o sub-prefeito da Barra da\u00a0Tijuca <a href=\"http:\/\/bit.ly\/1On7u8Y\" target=\"_blank\" rel=\"noopener\">Alex Costa<\/a> insistiu na import\u00e2ncia de liberar a comunidade para as obras. \u201cO que \u00e9\u00a0prefer\u00edvel, tirar todo mundo e fazer de uma vez s\u00f3, ou fazer com as pessoas morando?\u201d <a href=\"http:\/\/bit.ly\/1YlEQst\" target=\"_blank\" rel=\"noopener\">ele\u00a0perguntou<\/a>. \u201cEu acho que \u00e9 sem ningu\u00e9m morando.&#8221; Alex Costa citou a poeira, o barulho e a\u00a0inconveni\u00eancia em geral que a constru\u00e7\u00e3o ir\u00e1 causar aos moradores, assim como os atrasos\u00a0causados pela acomoda\u00e7\u00e3o dos moradores que se recusarem a sair.<\/p>\n<p>O plano da prefeitura carece de um cronograma claro, apesar dos moradores terem sido\u00a0assegurados de que suas novas casas estar\u00e3o prontas antes do in\u00edcio das <a href=\"http:\/\/bit.ly\/PkLXlQ\" target=\"_blank\" rel=\"noopener\">Olimp\u00edadas<\/a> em 5 de\u00a0agosto. No entanto, ningu\u00e9m articulou claramente quando a constru\u00e7\u00e3o come\u00e7ar\u00e1. As duas\u00a0escolas inclu\u00eddas no projeto ser\u00e3o constru\u00eddas com material reciclado de um <a href=\"http:\/\/glo.bo\/1WfuCeE\" target=\"_blank\" rel=\"noopener\">est\u00e1dio ol\u00edmpico<\/a> que\u00a0ser\u00e1 desmontado depois dos jogos.<\/p>\n<p>Moradores\u00a0da comunidade incentivam apoiadores a continuarem com a campanha <a href=\"http:\/\/on.fb.me\/1nhxlG7\" target=\"_blank\" rel=\"noopener\">#UrbanizaJ\u00e1<\/a>\u00a0para garantir que as melhorias aconte\u00e7am como acordadas e em\u00a0tempo h\u00e1bil.<\/p>\n<!-- AddThis Advanced Settings generic via filter on the_content --><!-- AddThis Share Buttons generic via filter on the_content -->","protected":false},"excerpt":{"rendered":"<div class=\"mh-excerpt\"><p>Click Here for English Depois de irem \u00e0 prefeitura, no dia 15 de mar\u00e7o, solicitar formalmente um encontro com o\u00a0prefeito para discutir o plano de urbaniza\u00e7\u00e3o da prefeitura para a comunidade, os moradores da Vila\u00a0Aut\u00f3dromo <a class=\"mh-excerpt-more\" href=\"https:\/\/rioonwatch.org.br\/?p=19058\" title=\"Moradores da Vila Aut\u00f3dromo Chegam a um Acordo de Urbaniza\u00e7\u00e3o com a Prefeitura\">[&#8230;]<\/a><!-- AddThis Advanced Settings generic via filter on get_the_excerpt --><!-- AddThis Share Buttons generic via filter on get_the_excerpt --><\/p>\n<\/div>","protected":false},"author":129,"featured_media":19063,"comment_status":"closed","ping_status":"closed","sticky":false,"template":"","format":"standard","meta":{"_acf_changed":false,"_monsterinsights_skip_tracking":false,"_monsterinsights_sitenote_active":false,"_monsterinsights_sitenote_note":"","_monsterinsights_sitenote_category":0,"footnotes":""},"categories":[1618,1614,1635,1621,1626,342],"tags":[2056,424,484,1240,78,304,801,14,1750,1749,1483,493,55,184],"writer":[1744,1577],"translator":[1785],"source":[],"ilustrador":[],"fotografo":[],"class_list":{"0":"post-19058","1":"post","2":"type-post","3":"status-publish","4":"format-standard","5":"has-post-thumbnail","7":"category-olhonaparticipacao","8":"category-olhonasremocoes","9":"category-1635","10":"category-destaque","11":"category-por-observadores-internacionais","12":"category-solucoes","13":"tag-aeis-zeis","14":"tag-direito-a-moradia","15":"tag-prefeito-eduardo-paes","16":"tag-megaeventos","17":"tag-olimpiadas","18":"tag-participacao","19":"tag-plano-popular","20":"tag-remocao","21":"tag-sub-prefeito","22":"tag-sub-prefeito-alex-costa","23":"tag-taticas-de-remocao-cavalo-de-troia","24":"tag-urbanizacao","25":"tag-vila-autodromo","26":"tag-zona-oeste","27":"writer-meg-healy","28":"writer-stephanie-reist","29":"translator-maria-fernanda-godinho"},"acf":[],"yoast_head":"<!-- This site is optimized with the Yoast SEO plugin v25.6 - https:\/\/yoast.com\/wordpress\/plugins\/seo\/ -->\n<title>Moradores da Vila Aut\u00f3dromo Chegam a um Acordo de Urbaniza\u00e7\u00e3o com a Prefeitura - RioOnWatch<\/title>\n<meta name=\"robots\" content=\"index, follow, max-snippet:-1, max-image-preview:large, max-video-preview:-1\" \/>\n<link rel=\"canonical\" href=\"https:\/\/rioonwatch.org.br\/?p=19058\" \/>\n<meta property=\"og:locale\" content=\"pt_BR\" \/>\n<meta property=\"og:type\" content=\"article\" \/>\n<meta property=\"og:title\" content=\"Moradores da Vila Aut\u00f3dromo Chegam a um Acordo de Urbaniza\u00e7\u00e3o com a Prefeitura - RioOnWatch\" \/>\n<meta property=\"og:description\" content=\"Click Here for English Depois de irem \u00e0 prefeitura, no dia 15 de mar\u00e7o, solicitar formalmente um encontro com o\u00a0prefeito para discutir o plano de urbaniza\u00e7\u00e3o da prefeitura para a comunidade, os moradores da Vila\u00a0Aut\u00f3dromo [...]\" \/>\n<meta property=\"og:url\" content=\"https:\/\/rioonwatch.org.br\/?p=19058\" \/>\n<meta property=\"og:site_name\" content=\"RioOnWatch\" \/>\n<meta property=\"article:published_time\" content=\"2016-04-10T17:11:23+00:00\" \/>\n<meta property=\"article:modified_time\" content=\"2024-06-20T19:27:43+00:00\" \/>\n<meta property=\"og:image\" content=\"https:\/\/rioonwatch.org.br\/wp-content\/uploads\/2016\/04\/Group-foto-outside-prefei.jpg\" \/>\n\t<meta property=\"og:image:width\" content=\"1280\" \/>\n\t<meta property=\"og:image:height\" content=\"719\" \/>\n\t<meta property=\"og:image:type\" content=\"image\/jpeg\" \/>\n<meta name=\"author\" content=\"Admin\" \/>\n<meta name=\"twitter:card\" content=\"summary_large_image\" \/>\n<meta name=\"twitter:label1\" content=\"Escrito por\" \/>\n\t<meta name=\"twitter:data1\" content=\"Admin\" \/>\n\t<meta name=\"twitter:label2\" content=\"Est. tempo de leitura\" \/>\n\t<meta name=\"twitter:data2\" content=\"4 minutos\" \/>\n<script type=\"application\/ld+json\" class=\"yoast-schema-graph\">{\"@context\":\"https:\/\/schema.org\",\"@graph\":[{\"@type\":\"Article\",\"@id\":\"https:\/\/rioonwatch.org.br\/?p=19058#article\",\"isPartOf\":{\"@id\":\"https:\/\/rioonwatch.org.br\/?p=19058\"},\"author\":{\"name\":\"Admin\",\"@id\":\"https:\/\/rioonwatch.org.br\/#\/schema\/person\/11d64c290506f9df50c71b850c473f68\"},\"headline\":\"Moradores da Vila Aut\u00f3dromo Chegam a um Acordo de Urbaniza\u00e7\u00e3o com a Prefeitura\",\"datePublished\":\"2016-04-10T17:11:23+00:00\",\"dateModified\":\"2024-06-20T19:27:43+00:00\",\"mainEntityOfPage\":{\"@id\":\"https:\/\/rioonwatch.org.br\/?p=19058\"},\"wordCount\":814,\"publisher\":{\"@id\":\"https:\/\/rioonwatch.org.br\/#organization\"},\"image\":{\"@id\":\"https:\/\/rioonwatch.org.br\/?p=19058#primaryimage\"},\"thumbnailUrl\":\"https:\/\/rioonwatch.org.br\/wp-content\/uploads\/2016\/04\/Group-foto-outside-prefei.jpg\",\"keywords\":[\"AEIS \/ ZEIS\",\"Direito \u00e0 Moradia\",\"Eduardo Paes\",\"Megaeventos\",\"Olimp\u00edadas\",\"participa\u00e7\u00e3o\",\"Plano Popular\",\"Remo\u00e7\u00e3o\",\"sub-prefeito\",\"Sub-prefeito Alex Costa\",\"T\u00e1ticas de remo\u00e7\u00e3o: Cavalo de Troia\",\"urbaniza\u00e7\u00e3o\",\"Vila Aut\u00f3dromo\",\"Zona Oeste\"],\"articleSection\":[\"#OlhoNaParticipa\u00e7\u00e3o\",\"#OlhoNasRemo\u00e7\u00f5es\",\"#Rio2016\",\"*Destaque\",\"Escrito por Aliados\",\"Solu\u00e7\u00f5es\"],\"inLanguage\":\"pt-BR\"},{\"@type\":\"WebPage\",\"@id\":\"https:\/\/rioonwatch.org.br\/?p=19058\",\"url\":\"https:\/\/rioonwatch.org.br\/?p=19058\",\"name\":\"Moradores da Vila Aut\u00f3dromo Chegam a um Acordo de Urbaniza\u00e7\u00e3o com a Prefeitura - RioOnWatch\",\"isPartOf\":{\"@id\":\"https:\/\/rioonwatch.org.br\/#website\"},\"primaryImageOfPage\":{\"@id\":\"https:\/\/rioonwatch.org.br\/?p=19058#primaryimage\"},\"image\":{\"@id\":\"https:\/\/rioonwatch.org.br\/?p=19058#primaryimage\"},\"thumbnailUrl\":\"https:\/\/rioonwatch.org.br\/wp-content\/uploads\/2016\/04\/Group-foto-outside-prefei.jpg\",\"datePublished\":\"2016-04-10T17:11:23+00:00\",\"dateModified\":\"2024-06-20T19:27:43+00:00\",\"breadcrumb\":{\"@id\":\"https:\/\/rioonwatch.org.br\/?p=19058#breadcrumb\"},\"inLanguage\":\"pt-BR\",\"potentialAction\":[{\"@type\":\"ReadAction\",\"target\":[\"https:\/\/rioonwatch.org.br\/?p=19058\"]}]},{\"@type\":\"ImageObject\",\"inLanguage\":\"pt-BR\",\"@id\":\"https:\/\/rioonwatch.org.br\/?p=19058#primaryimage\",\"url\":\"https:\/\/rioonwatch.org.br\/wp-content\/uploads\/2016\/04\/Group-foto-outside-prefei.jpg\",\"contentUrl\":\"https:\/\/rioonwatch.org.br\/wp-content\/uploads\/2016\/04\/Group-foto-outside-prefei.jpg\",\"width\":1280,\"height\":719},{\"@type\":\"BreadcrumbList\",\"@id\":\"https:\/\/rioonwatch.org.br\/?p=19058#breadcrumb\",\"itemListElement\":[{\"@type\":\"ListItem\",\"position\":1,\"name\":\"In\u00edcio\",\"item\":\"https:\/\/rioonwatch.org.br\/\"},{\"@type\":\"ListItem\",\"position\":2,\"name\":\"Moradores da Vila Aut\u00f3dromo Chegam a um Acordo de Urbaniza\u00e7\u00e3o com a Prefeitura\"}]},{\"@type\":\"WebSite\",\"@id\":\"https:\/\/rioonwatch.org.br\/#website\",\"url\":\"https:\/\/rioonwatch.org.br\/\",\"name\":\"RioOnWatch\",\"description\":\"relatos das favelas cariocas\",\"publisher\":{\"@id\":\"https:\/\/rioonwatch.org.br\/#organization\"},\"potentialAction\":[{\"@type\":\"SearchAction\",\"target\":{\"@type\":\"EntryPoint\",\"urlTemplate\":\"https:\/\/rioonwatch.org.br\/?s={search_term_string}\"},\"query-input\":{\"@type\":\"PropertyValueSpecification\",\"valueRequired\":true,\"valueName\":\"search_term_string\"}}],\"inLanguage\":\"pt-BR\"},{\"@type\":\"Organization\",\"@id\":\"https:\/\/rioonwatch.org.br\/#organization\",\"name\":\"RioOnWatch\",\"url\":\"https:\/\/rioonwatch.org.br\/\",\"logo\":{\"@type\":\"ImageObject\",\"inLanguage\":\"pt-BR\",\"@id\":\"https:\/\/rioonwatch.org.br\/#\/schema\/logo\/image\/\",\"url\":\"https:\/\/rioonwatch.org.br\/wp-content\/uploads\/2021\/06\/RioOnWatchcabecalhoPT11anos-2.png\",\"contentUrl\":\"https:\/\/rioonwatch.org.br\/wp-content\/uploads\/2021\/06\/RioOnWatchcabecalhoPT11anos-2.png\",\"width\":779,\"height\":277,\"caption\":\"RioOnWatch\"},\"image\":{\"@id\":\"https:\/\/rioonwatch.org.br\/#\/schema\/logo\/image\/\"}},{\"@type\":\"Person\",\"@id\":\"https:\/\/rioonwatch.org.br\/#\/schema\/person\/11d64c290506f9df50c71b850c473f68\",\"name\":\"Admin\",\"image\":{\"@type\":\"ImageObject\",\"inLanguage\":\"pt-BR\",\"@id\":\"https:\/\/rioonwatch.org.br\/#\/schema\/person\/image\/\",\"url\":\"https:\/\/secure.gravatar.com\/avatar\/56211ac74568383903349a1485e3c325?s=96&d=blank&r=g\",\"contentUrl\":\"https:\/\/secure.gravatar.com\/avatar\/56211ac74568383903349a1485e3c325?s=96&d=blank&r=g\",\"caption\":\"Admin\"},\"url\":\"https:\/\/rioonwatch.org.br\/?author=129\"}]}<\/script>\n<!-- \/ Yoast SEO plugin. -->","yoast_head_json":{"title":"Moradores da Vila Aut\u00f3dromo Chegam a um Acordo de Urbaniza\u00e7\u00e3o com a Prefeitura - RioOnWatch","robots":{"index":"index","follow":"follow","max-snippet":"max-snippet:-1","max-image-preview":"max-image-preview:large","max-video-preview":"max-video-preview:-1"},"canonical":"https:\/\/rioonwatch.org.br\/?p=19058","og_locale":"pt_BR","og_type":"article","og_title":"Moradores da Vila Aut\u00f3dromo Chegam a um Acordo de Urbaniza\u00e7\u00e3o com a Prefeitura - RioOnWatch","og_description":"Click Here for English Depois de irem \u00e0 prefeitura, no dia 15 de mar\u00e7o, solicitar formalmente um encontro com o\u00a0prefeito para discutir o plano de urbaniza\u00e7\u00e3o da prefeitura para a comunidade, os moradores da Vila\u00a0Aut\u00f3dromo [...]","og_url":"https:\/\/rioonwatch.org.br\/?p=19058","og_site_name":"RioOnWatch","article_published_time":"2016-04-10T17:11:23+00:00","article_modified_time":"2024-06-20T19:27:43+00:00","og_image":[{"width":1280,"height":719,"url":"https:\/\/rioonwatch.org.br\/wp-content\/uploads\/2016\/04\/Group-foto-outside-prefei.jpg","type":"image\/jpeg"}],"author":"Admin","twitter_card":"summary_large_image","twitter_misc":{"Escrito por":"Admin","Est. tempo de leitura":"4 minutos"},"schema":{"@context":"https:\/\/schema.org","@graph":[{"@type":"Article","@id":"https:\/\/rioonwatch.org.br\/?p=19058#article","isPartOf":{"@id":"https:\/\/rioonwatch.org.br\/?p=19058"},"author":{"name":"Admin","@id":"https:\/\/rioonwatch.org.br\/#\/schema\/person\/11d64c290506f9df50c71b850c473f68"},"headline":"Moradores da Vila Aut\u00f3dromo Chegam a um Acordo de Urbaniza\u00e7\u00e3o com a Prefeitura","datePublished":"2016-04-10T17:11:23+00:00","dateModified":"2024-06-20T19:27:43+00:00","mainEntityOfPage":{"@id":"https:\/\/rioonwatch.org.br\/?p=19058"},"wordCount":814,"publisher":{"@id":"https:\/\/rioonwatch.org.br\/#organization"},"image":{"@id":"https:\/\/rioonwatch.org.br\/?p=19058#primaryimage"},"thumbnailUrl":"https:\/\/rioonwatch.org.br\/wp-content\/uploads\/2016\/04\/Group-foto-outside-prefei.jpg","keywords":["AEIS \/ ZEIS","Direito \u00e0 Moradia","Eduardo Paes","Megaeventos","Olimp\u00edadas","participa\u00e7\u00e3o","Plano Popular","Remo\u00e7\u00e3o","sub-prefeito","Sub-prefeito Alex Costa","T\u00e1ticas de remo\u00e7\u00e3o: Cavalo de Troia","urbaniza\u00e7\u00e3o","Vila Aut\u00f3dromo","Zona Oeste"],"articleSection":["#OlhoNaParticipa\u00e7\u00e3o","#OlhoNasRemo\u00e7\u00f5es","#Rio2016","*Destaque","Escrito por Aliados","Solu\u00e7\u00f5es"],"inLanguage":"pt-BR"},{"@type":"WebPage","@id":"https:\/\/rioonwatch.org.br\/?p=19058","url":"https:\/\/rioonwatch.org.br\/?p=19058","name":"Moradores da Vila Aut\u00f3dromo Chegam a um Acordo de Urbaniza\u00e7\u00e3o com a Prefeitura - RioOnWatch","isPartOf":{"@id":"https:\/\/rioonwatch.org.br\/#website"},"primaryImageOfPage":{"@id":"https:\/\/rioonwatch.org.br\/?p=19058#primaryimage"},"image":{"@id":"https:\/\/rioonwatch.org.br\/?p=19058#primaryimage"},"thumbnailUrl":"https:\/\/rioonwatch.org.br\/wp-content\/uploads\/2016\/04\/Group-foto-outside-prefei.jpg","datePublished":"2016-04-10T17:11:23+00:00","dateModified":"2024-06-20T19:27:43+00:00","breadcrumb":{"@id":"https:\/\/rioonwatch.org.br\/?p=19058#breadcrumb"},"inLanguage":"pt-BR","potentialAction":[{"@type":"ReadAction","target":["https:\/\/rioonwatch.org.br\/?p=19058"]}]},{"@type":"ImageObject","inLanguage":"pt-BR","@id":"https:\/\/rioonwatch.org.br\/?p=19058#primaryimage","url":"https:\/\/rioonwatch.org.br\/wp-content\/uploads\/2016\/04\/Group-foto-outside-prefei.jpg","contentUrl":"https:\/\/rioonwatch.org.br\/wp-content\/uploads\/2016\/04\/Group-foto-outside-prefei.jpg","width":1280,"height":719},{"@type":"BreadcrumbList","@id":"https:\/\/rioonwatch.org.br\/?p=19058#breadcrumb","itemListElement":[{"@type":"ListItem","position":1,"name":"In\u00edcio","item":"https:\/\/rioonwatch.org.br\/"},{"@type":"ListItem","position":2,"name":"Moradores da Vila Aut\u00f3dromo Chegam a um Acordo de Urbaniza\u00e7\u00e3o com a Prefeitura"}]},{"@type":"WebSite","@id":"https:\/\/rioonwatch.org.br\/#website","url":"https:\/\/rioonwatch.org.br\/","name":"RioOnWatch","description":"relatos das favelas cariocas","publisher":{"@id":"https:\/\/rioonwatch.org.br\/#organization"},"potentialAction":[{"@type":"SearchAction","target":{"@type":"EntryPoint","urlTemplate":"https:\/\/rioonwatch.org.br\/?s={search_term_string}"},"query-input":{"@type":"PropertyValueSpecification","valueRequired":true,"valueName":"search_term_string"}}],"inLanguage":"pt-BR"},{"@type":"Organization","@id":"https:\/\/rioonwatch.org.br\/#organization","name":"RioOnWatch","url":"https:\/\/rioonwatch.org.br\/","logo":{"@type":"ImageObject","inLanguage":"pt-BR","@id":"https:\/\/rioonwatch.org.br\/#\/schema\/logo\/image\/","url":"https:\/\/rioonwatch.org.br\/wp-content\/uploads\/2021\/06\/RioOnWatchcabecalhoPT11anos-2.png","contentUrl":"https:\/\/rioonwatch.org.br\/wp-content\/uploads\/2021\/06\/RioOnWatchcabecalhoPT11anos-2.png","width":779,"height":277,"caption":"RioOnWatch"},"image":{"@id":"https:\/\/rioonwatch.org.br\/#\/schema\/logo\/image\/"}},{"@type":"Person","@id":"https:\/\/rioonwatch.org.br\/#\/schema\/person\/11d64c290506f9df50c71b850c473f68","name":"Admin","image":{"@type":"ImageObject","inLanguage":"pt-BR","@id":"https:\/\/rioonwatch.org.br\/#\/schema\/person\/image\/","url":"https:\/\/secure.gravatar.com\/avatar\/56211ac74568383903349a1485e3c325?s=96&d=blank&r=g","contentUrl":"https:\/\/secure.gravatar.com\/avatar\/56211ac74568383903349a1485e3c325?s=96&d=blank&r=g","caption":"Admin"},"url":"https:\/\/rioonwatch.org.br\/?author=129"}]}},"_links":{"self":[{"href":"https:\/\/rioonwatch.org.br\/index.php?rest_route=\/wp\/v2\/posts\/19058"}],"collection":[{"href":"https:\/\/rioonwatch.org.br\/index.php?rest_route=\/wp\/v2\/posts"}],"about":[{"href":"https:\/\/rioonwatch.org.br\/index.php?rest_route=\/wp\/v2\/types\/post"}],"author":[{"embeddable":true,"href":"https:\/\/rioonwatch.org.br\/index.php?rest_route=\/wp\/v2\/users\/129"}],"replies":[{"embeddable":true,"href":"https:\/\/rioonwatch.org.br\/index.php?rest_route=%2Fwp%2Fv2%2Fcomments&post=19058"}],"version-history":[{"count":11,"href":"https:\/\/rioonwatch.org.br\/index.php?rest_route=\/wp\/v2\/posts\/19058\/revisions"}],"predecessor-version":[{"id":74222,"href":"https:\/\/rioonwatch.org.br\/index.php?rest_route=\/wp\/v2\/posts\/19058\/revisions\/74222"}],"wp:featuredmedia":[{"embeddable":true,"href":"https:\/\/rioonwatch.org.br\/index.php?rest_route=\/wp\/v2\/media\/19063"}],"wp:attachment":[{"href":"https:\/\/rioonwatch.org.br\/index.php?rest_route=%2Fwp%2Fv2%2Fmedia&parent=19058"}],"wp:term":[{"taxonomy":"category","embeddable":true,"href":"https:\/\/rioonwatch.org.br\/index.php?rest_route=%2Fwp%2Fv2%2Fcategories&post=19058"},{"taxonomy":"post_tag","embeddable":true,"href":"https:\/\/rioonwatch.org.br\/index.php?rest_route=%2Fwp%2Fv2%2Ftags&post=19058"},{"taxonomy":"writer","embeddable":true,"href":"https:\/\/rioonwatch.org.br\/index.php?rest_route=%2Fwp%2Fv2%2Fwriter&post=19058"},{"taxonomy":"translator","embeddable":true,"href":"https:\/\/rioonwatch.org.br\/index.php?rest_route=%2Fwp%2Fv2%2Ftranslator&post=19058"},{"taxonomy":"source","embeddable":true,"href":"https:\/\/rioonwatch.org.br\/index.php?rest_route=%2Fwp%2Fv2%2Fsource&post=19058"},{"taxonomy":"ilustrador","embeddable":true,"href":"https:\/\/rioonwatch.org.br\/index.php?rest_route=%2Fwp%2Fv2%2Filustrador&post=19058"},{"taxonomy":"fotografo","embeddable":true,"href":"https:\/\/rioonwatch.org.br\/index.php?rest_route=%2Fwp%2Fv2%2Ffotografo&post=19058"}],"curies":[{"name":"wp","href":"https:\/\/api.w.org\/{rel}","templated":true}]}}