{"id":19094,"date":"2016-04-16T09:26:54","date_gmt":"2016-04-16T12:26:54","guid":{"rendered":"http:\/\/rioonwatch.org.br\/?p=19094"},"modified":"2024-06-20T16:27:42","modified_gmt":"2024-06-20T19:27:42","slug":"removidas-video","status":"publish","type":"post","link":"https:\/\/rioonwatch.org.br\/?p=19094","title":{"rendered":"Remo(vidas) [V\u00cdDEO]"},"content":{"rendered":"<p><em><a href=\"http:\/\/bit.ly\/1SdZdJK\" target=\"_blank\" rel=\"noopener\">Remo(vidas)<\/a><\/em>\u00a0\u00e9 um relato de uma voz coletiva daqueles que h\u00e1 mais de vinte anos v\u00eam sendo amea\u00e7ados de serem <span class=\"il\"><a href=\"http:\/\/bit.ly\/X51Qvb\" target=\"_blank\" rel=\"noopener\">removidos<\/a><\/span>, de terem suas vidas completamente transformadas. Mas tamb\u00e9m \u00e9 um relato sobre a vida, a vida que h\u00e1 na <a href=\"http:\/\/bit.ly\/Nfddvg\" target=\"_blank\" rel=\"noopener\">Vila Aut\u00f3dromo<\/a>, a vida que <a href=\"http:\/\/bit.ly\/1piRAgk\" target=\"_blank\" rel=\"noopener\">resiste<\/a>, insiste e que existe. <em>Remo(vidas)<\/em> \u00e9 uma ode ao sorriso de cada morador da Vila Aut\u00f3dromo.<\/p>\n<p>O document\u00e1rio denuncia\u00a0as viola\u00e7\u00f5es de <a href=\"http:\/\/bit.ly\/1iqdzi3\" target=\"_blank\" rel=\"noopener\">direitos humanos<\/a> que envolvem o projeto da Cidade Ol\u00edmpica financiado pela Prefeitura do Rio de Janeiro. Por\u00e9m, o <em>Remo(vidas)<\/em> tenta se afastar um pouco das narrativas de destrui\u00e7\u00e3o e remo\u00e7\u00e3o, e busca <a href=\"http:\/\/bit.ly\/19kjZ0Z\" target=\"_blank\" rel=\"noopener\">mostrar as vozes e as vidas<\/a> que est\u00e3o na linha de frente da luta pela perman\u00eancia na comunidade da Vila Aut\u00f3dromo. Vidas estas que nos encantaram e inspiraram a nos envolver na luta pelo direito \u00e0 cidade, e que foram a motiva\u00e7\u00e3o da cria\u00e7\u00e3o do rec\u00e9m-formado <a href=\"http:\/\/bit.ly\/23C8nlj\" target=\"_blank\" rel=\"noopener\">Coletivo Humanicidade.<\/a><\/p>\n<p><iframe src=\"https:\/\/www.youtube.com\/embed\/s4P8dQJTSBA\" width=\"620\" height=\"349\" frameborder=\"0\" allowfullscreen=\"allowfullscreen\"><\/iframe><\/p>\n<!-- AddThis Advanced Settings generic via filter on the_content --><!-- AddThis Share Buttons generic via filter on the_content -->","protected":false},"excerpt":{"rendered":"<div class=\"mh-excerpt\"><p>Remo(vidas)\u00a0\u00e9 um relato de uma voz coletiva daqueles que h\u00e1 mais de vinte anos v\u00eam sendo amea\u00e7ados de serem removidos, de terem suas vidas completamente transformadas. Mas tamb\u00e9m \u00e9 um relato sobre a vida, a <a class=\"mh-excerpt-more\" href=\"https:\/\/rioonwatch.org.br\/?p=19094\" title=\"Remo(vidas) [V\u00cdDEO]\">[&#8230;]<\/a><!-- AddThis Advanced Settings generic via filter on get_the_excerpt --><!-- AddThis Share Buttons generic via filter on get_the_excerpt --><\/p>\n<\/div>","protected":false},"author":147,"featured_media":19106,"comment_status":"closed","ping_status":"closed","sticky":false,"template":"","format":"standard","meta":{"_acf_changed":false,"_monsterinsights_skip_tracking":false,"_monsterinsights_sitenote_active":false,"_monsterinsights_sitenote_note":"","_monsterinsights_sitenote_category":0,"footnotes":""},"categories":[1614,1635,346,344,1624,1638],"tags":[424,88,1240,78,839,657,3437,432,729,1810,55,184],"writer":[1824],"translator":[],"source":[],"ilustrador":[],"fotografo":[],"class_list":{"0":"post-19094","1":"post","2":"type-post","3":"status-publish","4":"format-standard","5":"has-post-thumbnail","7":"category-olhonasremocoes","8":"category-1635","9":"category-denuncias","10":"category-politicas","11":"category-resenha","12":"category-video","13":"tag-direito-a-moradia","14":"tag-direitos-humanos","15":"tag-megaeventos","16":"tag-olimpiadas","17":"tag-prioridades-publicas-equivocadas","18":"tag-relato-de-morador","19":"tag-resenha-de-filme","20":"tag-resistencia","21":"tag-vidas-que-nao-podem-ser-substituidas-em-habitacao-publica","22":"tag-video","23":"tag-vila-autodromo","24":"tag-zona-oeste","25":"writer-coletivo-humanicidade"},"acf":[],"yoast_head":"<!-- This site is optimized with the Yoast SEO plugin v25.6 - https:\/\/yoast.com\/wordpress\/plugins\/seo\/ -->\n<title>Remo(vidas) [V\u00cdDEO] - RioOnWatch<\/title>\n<meta name=\"robots\" content=\"index, follow, max-snippet:-1, max-image-preview:large, max-video-preview:-1\" \/>\n<link rel=\"canonical\" href=\"https:\/\/rioonwatch.org.br\/?p=19094\" \/>\n<meta property=\"og:locale\" content=\"pt_BR\" \/>\n<meta property=\"og:type\" content=\"article\" \/>\n<meta property=\"og:title\" content=\"Remo(vidas) [V\u00cdDEO] - RioOnWatch\" \/>\n<meta property=\"og:description\" content=\"Remo(vidas)\u00a0\u00e9 um relato de uma voz coletiva daqueles que h\u00e1 mais de vinte anos v\u00eam sendo amea\u00e7ados de serem removidos, de terem suas vidas completamente transformadas. Mas tamb\u00e9m \u00e9 um relato sobre a vida, a [...]\" \/>\n<meta property=\"og:url\" content=\"https:\/\/rioonwatch.org.br\/?p=19094\" \/>\n<meta property=\"og:site_name\" content=\"RioOnWatch\" \/>\n<meta property=\"article:published_time\" content=\"2016-04-16T12:26:54+00:00\" \/>\n<meta property=\"article:modified_time\" content=\"2024-06-20T19:27:42+00:00\" \/>\n<meta property=\"og:image\" content=\"https:\/\/rioonwatch.org.br\/wp-content\/uploads\/2016\/04\/Screen-Shot-2016-04-12-at-5.13.39-PM.jpg\" \/>\n\t<meta property=\"og:image:width\" content=\"1000\" \/>\n\t<meta property=\"og:image:height\" content=\"510\" \/>\n\t<meta property=\"og:image:type\" content=\"image\/jpeg\" \/>\n<meta name=\"author\" content=\"Cerianne Robertson\" \/>\n<meta name=\"twitter:card\" content=\"summary_large_image\" \/>\n<meta name=\"twitter:label1\" content=\"Escrito por\" \/>\n\t<meta name=\"twitter:data1\" content=\"Cerianne Robertson\" \/>\n\t<meta name=\"twitter:label2\" content=\"Est. tempo de leitura\" \/>\n\t<meta name=\"twitter:data2\" content=\"1 minuto\" \/>\n<script type=\"application\/ld+json\" class=\"yoast-schema-graph\">{\"@context\":\"https:\/\/schema.org\",\"@graph\":[{\"@type\":\"Article\",\"@id\":\"https:\/\/rioonwatch.org.br\/?p=19094#article\",\"isPartOf\":{\"@id\":\"https:\/\/rioonwatch.org.br\/?p=19094\"},\"author\":{\"name\":\"Cerianne Robertson\",\"@id\":\"https:\/\/rioonwatch.org.br\/#\/schema\/person\/b639ec2683435de5a982b61e05770a3d\"},\"headline\":\"Remo(vidas) [V\u00cdDEO]\",\"datePublished\":\"2016-04-16T12:26:54+00:00\",\"dateModified\":\"2024-06-20T19:27:42+00:00\",\"mainEntityOfPage\":{\"@id\":\"https:\/\/rioonwatch.org.br\/?p=19094\"},\"wordCount\":168,\"publisher\":{\"@id\":\"https:\/\/rioonwatch.org.br\/#organization\"},\"image\":{\"@id\":\"https:\/\/rioonwatch.org.br\/?p=19094#primaryimage\"},\"thumbnailUrl\":\"https:\/\/rioonwatch.org.br\/wp-content\/uploads\/2016\/04\/Screen-Shot-2016-04-12-at-5.13.39-PM.jpg\",\"keywords\":[\"Direito \u00e0 Moradia\",\"Direitos Humanos\",\"Megaeventos\",\"Olimp\u00edadas\",\"prioridades p\u00fablicas equivocadas\",\"relato de morador\",\"Resenha de filme\",\"resist\u00eancia\",\"Vidas que n\u00e3o podem ser substitu\u00eddas em habita\u00e7\u00e3o p\u00fablica\",\"v\u00eddeo\",\"Vila Aut\u00f3dromo\",\"Zona Oeste\"],\"articleSection\":[\"#OlhoNasRemo\u00e7\u00f5es\",\"#Rio2016\",\"Den\u00fancias\",\"Pol\u00edticas\",\"Resenhas\",\"V\u00eddeo\"],\"inLanguage\":\"pt-BR\"},{\"@type\":\"WebPage\",\"@id\":\"https:\/\/rioonwatch.org.br\/?p=19094\",\"url\":\"https:\/\/rioonwatch.org.br\/?p=19094\",\"name\":\"Remo(vidas) [V\u00cdDEO] - RioOnWatch\",\"isPartOf\":{\"@id\":\"https:\/\/rioonwatch.org.br\/#website\"},\"primaryImageOfPage\":{\"@id\":\"https:\/\/rioonwatch.org.br\/?p=19094#primaryimage\"},\"image\":{\"@id\":\"https:\/\/rioonwatch.org.br\/?p=19094#primaryimage\"},\"thumbnailUrl\":\"https:\/\/rioonwatch.org.br\/wp-content\/uploads\/2016\/04\/Screen-Shot-2016-04-12-at-5.13.39-PM.jpg\",\"datePublished\":\"2016-04-16T12:26:54+00:00\",\"dateModified\":\"2024-06-20T19:27:42+00:00\",\"breadcrumb\":{\"@id\":\"https:\/\/rioonwatch.org.br\/?p=19094#breadcrumb\"},\"inLanguage\":\"pt-BR\",\"potentialAction\":[{\"@type\":\"ReadAction\",\"target\":[\"https:\/\/rioonwatch.org.br\/?p=19094\"]}]},{\"@type\":\"ImageObject\",\"inLanguage\":\"pt-BR\",\"@id\":\"https:\/\/rioonwatch.org.br\/?p=19094#primaryimage\",\"url\":\"https:\/\/rioonwatch.org.br\/wp-content\/uploads\/2016\/04\/Screen-Shot-2016-04-12-at-5.13.39-PM.jpg\",\"contentUrl\":\"https:\/\/rioonwatch.org.br\/wp-content\/uploads\/2016\/04\/Screen-Shot-2016-04-12-at-5.13.39-PM.jpg\",\"width\":1000,\"height\":510},{\"@type\":\"BreadcrumbList\",\"@id\":\"https:\/\/rioonwatch.org.br\/?p=19094#breadcrumb\",\"itemListElement\":[{\"@type\":\"ListItem\",\"position\":1,\"name\":\"In\u00edcio\",\"item\":\"https:\/\/rioonwatch.org.br\/\"},{\"@type\":\"ListItem\",\"position\":2,\"name\":\"Remo(vidas) [V\u00cdDEO]\"}]},{\"@type\":\"WebSite\",\"@id\":\"https:\/\/rioonwatch.org.br\/#website\",\"url\":\"https:\/\/rioonwatch.org.br\/\",\"name\":\"RioOnWatch\",\"description\":\"relatos das favelas cariocas\",\"publisher\":{\"@id\":\"https:\/\/rioonwatch.org.br\/#organization\"},\"potentialAction\":[{\"@type\":\"SearchAction\",\"target\":{\"@type\":\"EntryPoint\",\"urlTemplate\":\"https:\/\/rioonwatch.org.br\/?s={search_term_string}\"},\"query-input\":{\"@type\":\"PropertyValueSpecification\",\"valueRequired\":true,\"valueName\":\"search_term_string\"}}],\"inLanguage\":\"pt-BR\"},{\"@type\":\"Organization\",\"@id\":\"https:\/\/rioonwatch.org.br\/#organization\",\"name\":\"RioOnWatch\",\"url\":\"https:\/\/rioonwatch.org.br\/\",\"logo\":{\"@type\":\"ImageObject\",\"inLanguage\":\"pt-BR\",\"@id\":\"https:\/\/rioonwatch.org.br\/#\/schema\/logo\/image\/\",\"url\":\"https:\/\/rioonwatch.org.br\/wp-content\/uploads\/2021\/06\/RioOnWatchcabecalhoPT11anos-2.png\",\"contentUrl\":\"https:\/\/rioonwatch.org.br\/wp-content\/uploads\/2021\/06\/RioOnWatchcabecalhoPT11anos-2.png\",\"width\":779,\"height\":277,\"caption\":\"RioOnWatch\"},\"image\":{\"@id\":\"https:\/\/rioonwatch.org.br\/#\/schema\/logo\/image\/\"}},{\"@type\":\"Person\",\"@id\":\"https:\/\/rioonwatch.org.br\/#\/schema\/person\/b639ec2683435de5a982b61e05770a3d\",\"name\":\"Cerianne Robertson\",\"image\":{\"@type\":\"ImageObject\",\"inLanguage\":\"pt-BR\",\"@id\":\"https:\/\/rioonwatch.org.br\/#\/schema\/person\/image\/\",\"url\":\"https:\/\/secure.gravatar.com\/avatar\/b2495baf6047713d9cf5eb43059071e1?s=96&d=blank&r=g\",\"contentUrl\":\"https:\/\/secure.gravatar.com\/avatar\/b2495baf6047713d9cf5eb43059071e1?s=96&d=blank&r=g\",\"caption\":\"Cerianne Robertson\"},\"url\":\"https:\/\/rioonwatch.org.br\/?author=147\"}]}<\/script>\n<!-- \/ Yoast SEO plugin. -->","yoast_head_json":{"title":"Remo(vidas) [V\u00cdDEO] - RioOnWatch","robots":{"index":"index","follow":"follow","max-snippet":"max-snippet:-1","max-image-preview":"max-image-preview:large","max-video-preview":"max-video-preview:-1"},"canonical":"https:\/\/rioonwatch.org.br\/?p=19094","og_locale":"pt_BR","og_type":"article","og_title":"Remo(vidas) [V\u00cdDEO] - RioOnWatch","og_description":"Remo(vidas)\u00a0\u00e9 um relato de uma voz coletiva daqueles que h\u00e1 mais de vinte anos v\u00eam sendo amea\u00e7ados de serem removidos, de terem suas vidas completamente transformadas. Mas tamb\u00e9m \u00e9 um relato sobre a vida, a [...]","og_url":"https:\/\/rioonwatch.org.br\/?p=19094","og_site_name":"RioOnWatch","article_published_time":"2016-04-16T12:26:54+00:00","article_modified_time":"2024-06-20T19:27:42+00:00","og_image":[{"width":1000,"height":510,"url":"https:\/\/rioonwatch.org.br\/wp-content\/uploads\/2016\/04\/Screen-Shot-2016-04-12-at-5.13.39-PM.jpg","type":"image\/jpeg"}],"author":"Cerianne Robertson","twitter_card":"summary_large_image","twitter_misc":{"Escrito por":"Cerianne Robertson","Est. tempo de leitura":"1 minuto"},"schema":{"@context":"https:\/\/schema.org","@graph":[{"@type":"Article","@id":"https:\/\/rioonwatch.org.br\/?p=19094#article","isPartOf":{"@id":"https:\/\/rioonwatch.org.br\/?p=19094"},"author":{"name":"Cerianne Robertson","@id":"https:\/\/rioonwatch.org.br\/#\/schema\/person\/b639ec2683435de5a982b61e05770a3d"},"headline":"Remo(vidas) [V\u00cdDEO]","datePublished":"2016-04-16T12:26:54+00:00","dateModified":"2024-06-20T19:27:42+00:00","mainEntityOfPage":{"@id":"https:\/\/rioonwatch.org.br\/?p=19094"},"wordCount":168,"publisher":{"@id":"https:\/\/rioonwatch.org.br\/#organization"},"image":{"@id":"https:\/\/rioonwatch.org.br\/?p=19094#primaryimage"},"thumbnailUrl":"https:\/\/rioonwatch.org.br\/wp-content\/uploads\/2016\/04\/Screen-Shot-2016-04-12-at-5.13.39-PM.jpg","keywords":["Direito \u00e0 Moradia","Direitos Humanos","Megaeventos","Olimp\u00edadas","prioridades p\u00fablicas equivocadas","relato de morador","Resenha de filme","resist\u00eancia","Vidas que n\u00e3o podem ser substitu\u00eddas em habita\u00e7\u00e3o p\u00fablica","v\u00eddeo","Vila Aut\u00f3dromo","Zona Oeste"],"articleSection":["#OlhoNasRemo\u00e7\u00f5es","#Rio2016","Den\u00fancias","Pol\u00edticas","Resenhas","V\u00eddeo"],"inLanguage":"pt-BR"},{"@type":"WebPage","@id":"https:\/\/rioonwatch.org.br\/?p=19094","url":"https:\/\/rioonwatch.org.br\/?p=19094","name":"Remo(vidas) [V\u00cdDEO] - RioOnWatch","isPartOf":{"@id":"https:\/\/rioonwatch.org.br\/#website"},"primaryImageOfPage":{"@id":"https:\/\/rioonwatch.org.br\/?p=19094#primaryimage"},"image":{"@id":"https:\/\/rioonwatch.org.br\/?p=19094#primaryimage"},"thumbnailUrl":"https:\/\/rioonwatch.org.br\/wp-content\/uploads\/2016\/04\/Screen-Shot-2016-04-12-at-5.13.39-PM.jpg","datePublished":"2016-04-16T12:26:54+00:00","dateModified":"2024-06-20T19:27:42+00:00","breadcrumb":{"@id":"https:\/\/rioonwatch.org.br\/?p=19094#breadcrumb"},"inLanguage":"pt-BR","potentialAction":[{"@type":"ReadAction","target":["https:\/\/rioonwatch.org.br\/?p=19094"]}]},{"@type":"ImageObject","inLanguage":"pt-BR","@id":"https:\/\/rioonwatch.org.br\/?p=19094#primaryimage","url":"https:\/\/rioonwatch.org.br\/wp-content\/uploads\/2016\/04\/Screen-Shot-2016-04-12-at-5.13.39-PM.jpg","contentUrl":"https:\/\/rioonwatch.org.br\/wp-content\/uploads\/2016\/04\/Screen-Shot-2016-04-12-at-5.13.39-PM.jpg","width":1000,"height":510},{"@type":"BreadcrumbList","@id":"https:\/\/rioonwatch.org.br\/?p=19094#breadcrumb","itemListElement":[{"@type":"ListItem","position":1,"name":"In\u00edcio","item":"https:\/\/rioonwatch.org.br\/"},{"@type":"ListItem","position":2,"name":"Remo(vidas) [V\u00cdDEO]"}]},{"@type":"WebSite","@id":"https:\/\/rioonwatch.org.br\/#website","url":"https:\/\/rioonwatch.org.br\/","name":"RioOnWatch","description":"relatos das favelas cariocas","publisher":{"@id":"https:\/\/rioonwatch.org.br\/#organization"},"potentialAction":[{"@type":"SearchAction","target":{"@type":"EntryPoint","urlTemplate":"https:\/\/rioonwatch.org.br\/?s={search_term_string}"},"query-input":{"@type":"PropertyValueSpecification","valueRequired":true,"valueName":"search_term_string"}}],"inLanguage":"pt-BR"},{"@type":"Organization","@id":"https:\/\/rioonwatch.org.br\/#organization","name":"RioOnWatch","url":"https:\/\/rioonwatch.org.br\/","logo":{"@type":"ImageObject","inLanguage":"pt-BR","@id":"https:\/\/rioonwatch.org.br\/#\/schema\/logo\/image\/","url":"https:\/\/rioonwatch.org.br\/wp-content\/uploads\/2021\/06\/RioOnWatchcabecalhoPT11anos-2.png","contentUrl":"https:\/\/rioonwatch.org.br\/wp-content\/uploads\/2021\/06\/RioOnWatchcabecalhoPT11anos-2.png","width":779,"height":277,"caption":"RioOnWatch"},"image":{"@id":"https:\/\/rioonwatch.org.br\/#\/schema\/logo\/image\/"}},{"@type":"Person","@id":"https:\/\/rioonwatch.org.br\/#\/schema\/person\/b639ec2683435de5a982b61e05770a3d","name":"Cerianne Robertson","image":{"@type":"ImageObject","inLanguage":"pt-BR","@id":"https:\/\/rioonwatch.org.br\/#\/schema\/person\/image\/","url":"https:\/\/secure.gravatar.com\/avatar\/b2495baf6047713d9cf5eb43059071e1?s=96&d=blank&r=g","contentUrl":"https:\/\/secure.gravatar.com\/avatar\/b2495baf6047713d9cf5eb43059071e1?s=96&d=blank&r=g","caption":"Cerianne Robertson"},"url":"https:\/\/rioonwatch.org.br\/?author=147"}]}},"_links":{"self":[{"href":"https:\/\/rioonwatch.org.br\/index.php?rest_route=\/wp\/v2\/posts\/19094"}],"collection":[{"href":"https:\/\/rioonwatch.org.br\/index.php?rest_route=\/wp\/v2\/posts"}],"about":[{"href":"https:\/\/rioonwatch.org.br\/index.php?rest_route=\/wp\/v2\/types\/post"}],"author":[{"embeddable":true,"href":"https:\/\/rioonwatch.org.br\/index.php?rest_route=\/wp\/v2\/users\/147"}],"replies":[{"embeddable":true,"href":"https:\/\/rioonwatch.org.br\/index.php?rest_route=%2Fwp%2Fv2%2Fcomments&post=19094"}],"version-history":[{"count":18,"href":"https:\/\/rioonwatch.org.br\/index.php?rest_route=\/wp\/v2\/posts\/19094\/revisions"}],"predecessor-version":[{"id":74300,"href":"https:\/\/rioonwatch.org.br\/index.php?rest_route=\/wp\/v2\/posts\/19094\/revisions\/74300"}],"wp:featuredmedia":[{"embeddable":true,"href":"https:\/\/rioonwatch.org.br\/index.php?rest_route=\/wp\/v2\/media\/19106"}],"wp:attachment":[{"href":"https:\/\/rioonwatch.org.br\/index.php?rest_route=%2Fwp%2Fv2%2Fmedia&parent=19094"}],"wp:term":[{"taxonomy":"category","embeddable":true,"href":"https:\/\/rioonwatch.org.br\/index.php?rest_route=%2Fwp%2Fv2%2Fcategories&post=19094"},{"taxonomy":"post_tag","embeddable":true,"href":"https:\/\/rioonwatch.org.br\/index.php?rest_route=%2Fwp%2Fv2%2Ftags&post=19094"},{"taxonomy":"writer","embeddable":true,"href":"https:\/\/rioonwatch.org.br\/index.php?rest_route=%2Fwp%2Fv2%2Fwriter&post=19094"},{"taxonomy":"translator","embeddable":true,"href":"https:\/\/rioonwatch.org.br\/index.php?rest_route=%2Fwp%2Fv2%2Ftranslator&post=19094"},{"taxonomy":"source","embeddable":true,"href":"https:\/\/rioonwatch.org.br\/index.php?rest_route=%2Fwp%2Fv2%2Fsource&post=19094"},{"taxonomy":"ilustrador","embeddable":true,"href":"https:\/\/rioonwatch.org.br\/index.php?rest_route=%2Fwp%2Fv2%2Filustrador&post=19094"},{"taxonomy":"fotografo","embeddable":true,"href":"https:\/\/rioonwatch.org.br\/index.php?rest_route=%2Fwp%2Fv2%2Ffotografo&post=19094"}],"curies":[{"name":"wp","href":"https:\/\/api.w.org\/{rel}","templated":true}]}}