{"id":19156,"date":"2016-04-14T10:07:59","date_gmt":"2016-04-14T13:07:59","guid":{"rendered":"http:\/\/rioonwatch.org.br\/?p=19156"},"modified":"2016-04-14T10:07:59","modified_gmt":"2016-04-14T13:07:59","slug":"casa-da-juventude-sedia-debate-com-jovens-de-toda-a-cidade-sobre-politicas-publicas-no-rio","status":"publish","type":"post","link":"https:\/\/rioonwatch.org.br\/?p=19156","title":{"rendered":"Casa da Juventude Sedia Debate com Jovens de Toda a Cidade, Sobre Pol\u00edticas P\u00fablicas no Rio"},"content":{"rendered":"<p style=\"text-align: right;\"><em><strong><a href=\"http:\/\/bit.ly\/1T1qoV6\" target=\"_blank\">Click Here for English<img decoding=\"async\" width=\"20\" height=\"20\" class=\"alignright wp-image-15790\" src=\"http:\/\/rioonwatch.org.br\/wp-content\/uploads\/2012\/08\/EN-standard-e1439583104716.jpg\" alt=\"\" \/><\/a><\/strong><\/em><\/p>\n<p>Cerca de 75 <a href=\"http:\/\/bit.ly\/1UTyUWE\" target=\"_blank\">adolescentes e jovens adultos<\/a>\u00a0se reuniram, no dia 6 de abril, na <a href=\"http:\/\/bit.ly\/1SIehtv\" target=\"_blank\">Casa da Juventude<\/a>\u00a0no <a href=\"http:\/\/bit.ly\/1qX7nZG\" target=\"_blank\">Centro do Rio<\/a>, para discutirem intera\u00e7\u00f5es da juventude com a <a href=\"http:\/\/bit.ly\/1SgXd1Q\" target=\"_blank\">pol\u00edtica p\u00fablica<\/a> na cidade. A discuss\u00e3o p\u00fablica foi introduzida pelo ativista e colaborador da Casa da Juventude David Miranda e por\u00a0Luna Costa, membro da equipe de comunica\u00e7\u00e3o da Casa da Juventude.<\/p>\n<p>\u201cA cidade n\u00e3o \u00e9 feita para jovens&#8221;, Disse David. &#8220;N\u00f3s sabemos que a cidade \u00e9 <a href=\"http:\/\/bit.ly\/1SCnOVV\" target=\"_blank\">dividida<\/a> de v\u00e1rias formas, e n\u00f3s precisamos falar sobre isso e sobre os v\u00e1rios privil\u00e9gios que algumas pessoas t\u00eam na sociedade. Precisamos fazer uma cidade que seja para todos e todas.&#8221;<\/p>\n<p>Os participantes se dividiram em tr\u00eas grupos para discutirem as \u00e1reas que devem ser alvo de <a href=\"http:\/\/bit.ly\/1SgXd1Q\" target=\"_blank\">pol\u00edticas de planejamento urbano<\/a> para criar uma cidade mais amig\u00e1vel para os jovens. Os debates focaram principalmente na marginaliza\u00e7\u00e3o da juventude, tanto geogr\u00e1fica e politicamente, e tamb\u00e9m nos direitos de jovens <a href=\"http:\/\/bit.ly\/1Muf8kK\" target=\"_blank\">LGBT<\/a> na cidade e o acesso aos servi\u00e7os p\u00fablicos e a informa\u00e7\u00e3o.<\/p>\n<p><a href=\"http:\/\/rioonwatch.org.br\/wp-content\/uploads\/2016\/04\/12973372_840873039377925_509598794226323635_o.jpg\" rel=\"attachment wp-att-19161\"><img fetchpriority=\"high\" decoding=\"async\" class=\"aligncenter wp-image-19161 size-content\" title=\"Jovens divididos em grupos para discutirem e debaterem.\" src=\"http:\/\/rioonwatch.org.br\/wp-content\/uploads\/2016\/04\/12973372_840873039377925_509598794226323635_o-620x264.jpg\" alt=\"12973372_840873039377925_509598794226323635_o\" width=\"620\" height=\"264\" srcset=\"https:\/\/rioonwatch.org.br\/wp-content\/uploads\/2016\/04\/12973372_840873039377925_509598794226323635_o-620x264.jpg 620w, https:\/\/rioonwatch.org.br\/wp-content\/uploads\/2016\/04\/12973372_840873039377925_509598794226323635_o-940x400.jpg 940w\" sizes=\"(max-width: 620px) 100vw, 620px\" \/><\/a><\/p>\n<p>Luna Costa enfatizou que a juventude brasileira t\u00eam amplos direitos legislativos, que s\u00e3o costumizados para eles, mas que esses direitos podem ser <a href=\"http:\/\/bit.ly\/1FM0mN6\" target=\"_blank\">obscurecidos pelos modos que s\u00e3o implementados<\/a> em um ambiente urbano.<\/p>\n<p>\u201cOs jovens querem somente os direitos que eles t\u00eam e que foram feitos para eles&#8221;, ela disse. &#8220;O uso da cidade acaba permeando todos nossos direitos como\u00a0<a href=\"http:\/\/bit.ly\/1WkJojx\" target=\"_blank\">mobilidade<\/a>, <a href=\"http:\/\/bit.ly\/1kzUmMv\" target=\"_blank\">sa\u00fade<\/a>, <a href=\"http:\/\/bit.ly\/1acNApR\" target=\"_blank\">educa\u00e7\u00e3o<\/a>, <a href=\"http:\/\/bit.ly\/1J37ZQ2\" target=\"_blank\">direitos das mulheres<\/a> e <a href=\"http:\/\/bit.ly\/1uqz3CW\" target=\"_blank\">negritude<\/a>.&#8221;<\/p>\n<p>&#8220;A \u00a0juventude \u00e9 quem mais sofre com a falta de <a href=\"http:\/\/bit.ly\/1XvDqvk\" target=\"_blank\">acesso<\/a> a esses direitos, e vai ser\u00a0exatamente a juventude que vai sofrer mais porque n\u00e3o\u00a0tem nenhuma pol\u00edtica p\u00fablica para ela.&#8221;<\/p>\n<p>Os participantes argumentaram que, apesar de ser vista como uma das cidades mais amig\u00e1veis para a popula\u00e7\u00e3o gay\u00a0no mundo, o Rio de Janeiro s\u00f3 tem certos espa\u00e7os que s\u00e3o seguros para a popula\u00e7\u00e3o LGBT. Muitos entendem que expressar diferentes sexualidades e identidades de g\u00eanero em\u00a0<a href=\"http:\/\/bbc.in\/1l31yHY\" target=\"_blank\">\u00e1reas perif\u00e9ricas da cidade<\/a> pode representar riscos para a sua seguran\u00e7a e qualidade de vida, e sugeriram a necessidade de uma maior representa\u00e7\u00e3o pol\u00edtica, bem como a execu\u00e7\u00e3o de pol\u00edticas de combate \u00e0 discrimina\u00e7\u00e3o em \u00e1reas marginalizadas.<\/p>\n<p>A dificuldade de fazer valer os direitos dentro de espa\u00e7os marginalizados tamb\u00e9m foi discutida associada ao direito de <a href=\"http:\/\/bit.ly\/12hqS0g\" target=\"_blank\">protestar<\/a>. Um grupo de jovens de <a href=\"http:\/\/bit.ly\/1m4QAQR\" target=\"_blank\">Campo Grande<\/a>, na <a href=\"http:\/\/bit.ly\/11tBmFR\" target=\"_blank\">Zona Oeste<\/a> disse que o processo de protesto e de reforma \u00e9 muitas vezes mais dif\u00edcil nas periferias do Rio, uma vez que se enfrentam a oposi\u00e7\u00e3o burocr\u00e1tica dos n\u00edveis mais altos da sociedade, e a\u00a0<a href=\"http:\/\/bit.ly\/1uyGdc9\" target=\"_blank\">oposi\u00e7\u00e3o<\/a> das <a href=\"http:\/\/bit.ly\/1fQqGHL\" target=\"_blank\">mil\u00edcias<\/a> que operam na base.<\/p>\n<p>Alguns tamb\u00e9m argumentaram que a luta pelos direitos das minorias nas regi\u00f5es perif\u00e9ricas do Rio \u00e9 uma luta mais dif\u00edcil, j\u00e1 que muitos cidad\u00e3os em tais \u00e1reas t\u00eam maiores necessidades do que os de outras regi\u00f5es devido ao fato de serem negligenciados tanto pelas pol\u00edticas p\u00fablicas, quanto pela aplica\u00e7\u00e3o da lei. Os participantes usaram este contexto para debater os m\u00e9ritos de se criar exemplos pontuais\u00a0usando determinadas \u00e1reas da cidade para formar &#8220;s\u00edmbolos de <a href=\"http:\/\/bit.ly\/1piRAgk\" target=\"_blank\">resist\u00eancia<\/a>&#8221; que poderiam liderar o caminho para \u00e1reas geograficamente mais vulner\u00e1veis.<\/p>\n<p style=\"text-align: center;\"><a href=\"http:\/\/rioonwatch.org.br\/wp-content\/uploads\/2016\/04\/12967442_840873126044583_4303082377905894390_o.jpg\" rel=\"attachment wp-att-19165\"><img decoding=\"async\" class=\"aligncenter wp-image-19165 size-content\" title=\"Participantes apresentam as ideias de suas discuss\u00f5es em grupo no final da noite.\" src=\"http:\/\/rioonwatch.org.br\/wp-content\/uploads\/2016\/04\/12967442_840873126044583_4303082377905894390_o-620x264.jpg\" alt=\"12967442_840873126044583_4303082377905894390_o\" width=\"620\" height=\"264\" srcset=\"https:\/\/rioonwatch.org.br\/wp-content\/uploads\/2016\/04\/12967442_840873126044583_4303082377905894390_o-620x264.jpg 620w, https:\/\/rioonwatch.org.br\/wp-content\/uploads\/2016\/04\/12967442_840873126044583_4303082377905894390_o-940x400.jpg 940w\" sizes=\"(max-width: 620px) 100vw, 620px\" \/><\/a><\/p>\n<p>Os participantes tamb\u00e9m disseram que o <a href=\"http:\/\/bit.ly\/1MUX0u9\" target=\"_blank\">transporte p\u00fablico<\/a> da cidade e outros servi\u00e7os p\u00fablicos, como <a href=\"http:\/\/bit.ly\/153NNhk\" target=\"_blank\">sa\u00fade<\/a> e <a href=\"http:\/\/bit.ly\/1acNApR\" target=\"_blank\">educa\u00e7\u00e3o<\/a>, n\u00e3o eram t\u00e3o acess\u00edveis quanto seria o necess\u00e1rio\u00a0para a popula\u00e7\u00e3o jovem-adulta. Marcella Lisboa, produtora cultural da Casa da Juventude, argumentou que os cidad\u00e3os\u00a0pagam por servi\u00e7os p\u00fablicos que s\u00e3o menos acess\u00edveis \u00e0s popula\u00e7\u00f5es marginalizadas que mais necessitam de servi\u00e7os a pre\u00e7os acess\u00edveis. Com os cortes propostos para a educa\u00e7\u00e3o p\u00fablica que enfrentam oposi\u00e7\u00e3o de estudantes tanto no <a href=\"http:\/\/bit.ly\/22eNWbv\" target=\"_blank\">Rio<\/a> e em <a href=\"http:\/\/bit.ly\/1Noslqf\" target=\"_blank\">S\u00e3o Paulo<\/a>, os participantes expressaram a opini\u00e3o de que &#8220;a educa\u00e7\u00e3o p\u00fablica nunca foi uma prioridade&#8221; para o governo estadual do Rio de Janeiro.<\/p>\n<p>\u201cA educa\u00e7\u00e3o p\u00fablica gratuita \u00e9 um <a href=\"http:\/\/bit.ly\/1acNApR\" target=\"_blank\">direito<\/a>, n\u00e3o um privil\u00e9gio&#8221;, disse uma participante. &#8220;A gente deve lutar\u00a0contra esse conto m\u00edtico do indiv\u00edduo que se levanta acima das circunst\u00e2ncias em torno\u00a0dele, e em vez de pensar sobre como a gente pode mudar o sistema, devemos pensar sobre como os jovens\u00a0podem acessar os direitos que eles t\u00eam por lei&#8221;.<\/p>\n<p>Encerrando o debate, <a href=\"http:\/\/bit.ly\/1SaBIkN\" target=\"_blank\">Juntos!<\/a>\u00a0O ativista Daniel Ribeiro destacou a import\u00e2ncia de iniciar discuss\u00f5es e a\u00e7\u00f5es sobre direitos da juventude imediatamente, ap\u00f3s v\u00e1rios anos de direitos dos jovens sendo jogados contra megaeventos por \u00f3rg\u00e3os da prefeitura.<\/p>\n<p>\u201cO Rio de Janeiro \u00e9 uma cidade que est\u00e1 voltada para os megaeventos&#8221;, ele disse. &#8220;Cada vez mais os\u00a0direitos de juventude s\u00e3o deixados de lado.&#8221;<\/p>\n<!-- AddThis Advanced Settings generic via filter on the_content --><!-- AddThis Share Buttons generic via filter on the_content -->","protected":false},"excerpt":{"rendered":"<div class=\"mh-excerpt\"><p>Click Here for English Cerca de 75 adolescentes e jovens adultos\u00a0se reuniram, no dia 6 de abril, na Casa da Juventude\u00a0no Centro do Rio, para discutirem intera\u00e7\u00f5es da juventude com a pol\u00edtica p\u00fablica na cidade. <a class=\"mh-excerpt-more\" href=\"https:\/\/rioonwatch.org.br\/?p=19156\" title=\"Casa da Juventude Sedia Debate com Jovens de Toda a Cidade, Sobre Pol\u00edticas P\u00fablicas no Rio\">[&#8230;]<\/a><!-- AddThis Advanced Settings generic via filter on get_the_excerpt --><!-- AddThis Share Buttons generic via filter on get_the_excerpt --><\/p>\n<\/div>","protected":false},"author":129,"featured_media":19159,"comment_status":"closed","ping_status":"closed","sticky":false,"template":"","format":"standard","meta":{"_acf_changed":false,"_monsterinsights_skip_tracking":false,"_monsterinsights_sitenote_active":false,"_monsterinsights_sitenote_note":"","_monsterinsights_sitenote_category":0,"footnotes":""},"categories":[1618,1627,1626,1612],"tags":[436,259,709,413,88,316,113,1398,1151,358,294,1308,370,184],"writer":[1797],"translator":[273],"source":[],"ilustrador":[],"fotografo":[],"class_list":{"0":"post-19156","1":"post","2":"type-post","3":"status-publish","4":"format-standard","5":"has-post-thumbnail","7":"category-olhonaparticipacao","8":"category-relato-de-evento","9":"category-por-observadores-internacionais","10":"category-sociedade-civil","11":"tag-campo-grande","12":"tag-centro","13":"tag-debate","14":"tag-desigualdade","15":"tag-direitos-humanos","16":"tag-educacao","17":"tag-juventude","18":"tag-lgbt","19":"tag-organizacao","20":"tag-organizacao-comunitaria","21":"tag-saude","22":"tag-taticas-de-organizacao","23":"tag-transporte-publico","24":"tag-zona-oeste","25":"writer-ciara-long","26":"translator-roseli-franco"},"acf":[],"yoast_head":"<!-- This site is optimized with the Yoast SEO plugin v25.6 - https:\/\/yoast.com\/wordpress\/plugins\/seo\/ -->\n<title>Casa da Juventude Sedia Debate com Jovens de Toda a Cidade, Sobre Pol\u00edticas P\u00fablicas no Rio - RioOnWatch<\/title>\n<meta name=\"robots\" content=\"index, follow, max-snippet:-1, max-image-preview:large, max-video-preview:-1\" \/>\n<link rel=\"canonical\" href=\"https:\/\/rioonwatch.org.br\/?p=19156\" \/>\n<meta property=\"og:locale\" content=\"pt_BR\" \/>\n<meta property=\"og:type\" content=\"article\" \/>\n<meta property=\"og:title\" content=\"Casa da Juventude Sedia Debate com Jovens de Toda a Cidade, Sobre Pol\u00edticas P\u00fablicas no Rio - RioOnWatch\" \/>\n<meta property=\"og:description\" content=\"Click Here for English Cerca de 75 adolescentes e jovens adultos\u00a0se reuniram, no dia 6 de abril, na Casa da Juventude\u00a0no Centro do Rio, para discutirem intera\u00e7\u00f5es da juventude com a pol\u00edtica p\u00fablica na cidade. [...]\" \/>\n<meta property=\"og:url\" content=\"https:\/\/rioonwatch.org.br\/?p=19156\" \/>\n<meta property=\"og:site_name\" content=\"RioOnWatch\" \/>\n<meta property=\"article:published_time\" content=\"2016-04-14T13:07:59+00:00\" \/>\n<meta property=\"og:image\" content=\"https:\/\/rioonwatch.org.br\/wp-content\/uploads\/2016\/04\/12957416_840872779377951_7246738248223194938_o.jpg\" \/>\n\t<meta property=\"og:image:width\" content=\"2048\" \/>\n\t<meta property=\"og:image:height\" content=\"1365\" \/>\n\t<meta property=\"og:image:type\" content=\"image\/jpeg\" \/>\n<meta name=\"author\" content=\"Admin\" \/>\n<meta name=\"twitter:card\" content=\"summary_large_image\" \/>\n<meta name=\"twitter:label1\" content=\"Escrito por\" \/>\n\t<meta name=\"twitter:data1\" content=\"Admin\" \/>\n\t<meta name=\"twitter:label2\" content=\"Est. tempo de leitura\" \/>\n\t<meta name=\"twitter:data2\" content=\"4 minutos\" \/>\n<script type=\"application\/ld+json\" class=\"yoast-schema-graph\">{\"@context\":\"https:\/\/schema.org\",\"@graph\":[{\"@type\":\"Article\",\"@id\":\"https:\/\/rioonwatch.org.br\/?p=19156#article\",\"isPartOf\":{\"@id\":\"https:\/\/rioonwatch.org.br\/?p=19156\"},\"author\":{\"name\":\"Admin\",\"@id\":\"https:\/\/rioonwatch.org.br\/#\/schema\/person\/11d64c290506f9df50c71b850c473f68\"},\"headline\":\"Casa da Juventude Sedia Debate com Jovens de Toda a Cidade, Sobre Pol\u00edticas P\u00fablicas no Rio\",\"datePublished\":\"2016-04-14T13:07:59+00:00\",\"mainEntityOfPage\":{\"@id\":\"https:\/\/rioonwatch.org.br\/?p=19156\"},\"wordCount\":848,\"publisher\":{\"@id\":\"https:\/\/rioonwatch.org.br\/#organization\"},\"image\":{\"@id\":\"https:\/\/rioonwatch.org.br\/?p=19156#primaryimage\"},\"thumbnailUrl\":\"https:\/\/rioonwatch.org.br\/wp-content\/uploads\/2016\/04\/12957416_840872779377951_7246738248223194938_o.jpg\",\"keywords\":[\"Campo Grande\",\"Centro\",\"debate\",\"desigualdade\",\"Direitos Humanos\",\"educa\u00e7\u00e3o\",\"juventude\",\"LGBTQIAPN+\",\"mobiliza\u00e7\u00e3o\",\"organiza\u00e7\u00e3o comunit\u00e1ria\",\"sa\u00fade\",\"t\u00e1ticas de organiza\u00e7\u00e3o\",\"transporte p\u00fablico\",\"Zona Oeste\"],\"articleSection\":[\"#OlhoNaParticipa\u00e7\u00e3o\",\"Cobertura de Eventos\",\"Escrito por Aliados\",\"Sociedade Civil\"],\"inLanguage\":\"pt-BR\"},{\"@type\":\"WebPage\",\"@id\":\"https:\/\/rioonwatch.org.br\/?p=19156\",\"url\":\"https:\/\/rioonwatch.org.br\/?p=19156\",\"name\":\"Casa da Juventude Sedia Debate com Jovens de Toda a Cidade, Sobre Pol\u00edticas P\u00fablicas no Rio - RioOnWatch\",\"isPartOf\":{\"@id\":\"https:\/\/rioonwatch.org.br\/#website\"},\"primaryImageOfPage\":{\"@id\":\"https:\/\/rioonwatch.org.br\/?p=19156#primaryimage\"},\"image\":{\"@id\":\"https:\/\/rioonwatch.org.br\/?p=19156#primaryimage\"},\"thumbnailUrl\":\"https:\/\/rioonwatch.org.br\/wp-content\/uploads\/2016\/04\/12957416_840872779377951_7246738248223194938_o.jpg\",\"datePublished\":\"2016-04-14T13:07:59+00:00\",\"breadcrumb\":{\"@id\":\"https:\/\/rioonwatch.org.br\/?p=19156#breadcrumb\"},\"inLanguage\":\"pt-BR\",\"potentialAction\":[{\"@type\":\"ReadAction\",\"target\":[\"https:\/\/rioonwatch.org.br\/?p=19156\"]}]},{\"@type\":\"ImageObject\",\"inLanguage\":\"pt-BR\",\"@id\":\"https:\/\/rioonwatch.org.br\/?p=19156#primaryimage\",\"url\":\"https:\/\/rioonwatch.org.br\/wp-content\/uploads\/2016\/04\/12957416_840872779377951_7246738248223194938_o.jpg\",\"contentUrl\":\"https:\/\/rioonwatch.org.br\/wp-content\/uploads\/2016\/04\/12957416_840872779377951_7246738248223194938_o.jpg\",\"width\":2048,\"height\":1365},{\"@type\":\"BreadcrumbList\",\"@id\":\"https:\/\/rioonwatch.org.br\/?p=19156#breadcrumb\",\"itemListElement\":[{\"@type\":\"ListItem\",\"position\":1,\"name\":\"In\u00edcio\",\"item\":\"https:\/\/rioonwatch.org.br\/\"},{\"@type\":\"ListItem\",\"position\":2,\"name\":\"Casa da Juventude Sedia Debate com Jovens de Toda a Cidade, Sobre Pol\u00edticas P\u00fablicas no Rio\"}]},{\"@type\":\"WebSite\",\"@id\":\"https:\/\/rioonwatch.org.br\/#website\",\"url\":\"https:\/\/rioonwatch.org.br\/\",\"name\":\"RioOnWatch\",\"description\":\"relatos das favelas cariocas\",\"publisher\":{\"@id\":\"https:\/\/rioonwatch.org.br\/#organization\"},\"potentialAction\":[{\"@type\":\"SearchAction\",\"target\":{\"@type\":\"EntryPoint\",\"urlTemplate\":\"https:\/\/rioonwatch.org.br\/?s={search_term_string}\"},\"query-input\":{\"@type\":\"PropertyValueSpecification\",\"valueRequired\":true,\"valueName\":\"search_term_string\"}}],\"inLanguage\":\"pt-BR\"},{\"@type\":\"Organization\",\"@id\":\"https:\/\/rioonwatch.org.br\/#organization\",\"name\":\"RioOnWatch\",\"url\":\"https:\/\/rioonwatch.org.br\/\",\"logo\":{\"@type\":\"ImageObject\",\"inLanguage\":\"pt-BR\",\"@id\":\"https:\/\/rioonwatch.org.br\/#\/schema\/logo\/image\/\",\"url\":\"https:\/\/rioonwatch.org.br\/wp-content\/uploads\/2021\/06\/RioOnWatchcabecalhoPT11anos-2.png\",\"contentUrl\":\"https:\/\/rioonwatch.org.br\/wp-content\/uploads\/2021\/06\/RioOnWatchcabecalhoPT11anos-2.png\",\"width\":779,\"height\":277,\"caption\":\"RioOnWatch\"},\"image\":{\"@id\":\"https:\/\/rioonwatch.org.br\/#\/schema\/logo\/image\/\"}},{\"@type\":\"Person\",\"@id\":\"https:\/\/rioonwatch.org.br\/#\/schema\/person\/11d64c290506f9df50c71b850c473f68\",\"name\":\"Admin\",\"image\":{\"@type\":\"ImageObject\",\"inLanguage\":\"pt-BR\",\"@id\":\"https:\/\/rioonwatch.org.br\/#\/schema\/person\/image\/\",\"url\":\"https:\/\/secure.gravatar.com\/avatar\/56211ac74568383903349a1485e3c325?s=96&d=blank&r=g\",\"contentUrl\":\"https:\/\/secure.gravatar.com\/avatar\/56211ac74568383903349a1485e3c325?s=96&d=blank&r=g\",\"caption\":\"Admin\"},\"url\":\"https:\/\/rioonwatch.org.br\/?author=129\"}]}<\/script>\n<!-- \/ Yoast SEO plugin. -->","yoast_head_json":{"title":"Casa da Juventude Sedia Debate com Jovens de Toda a Cidade, Sobre Pol\u00edticas P\u00fablicas no Rio - RioOnWatch","robots":{"index":"index","follow":"follow","max-snippet":"max-snippet:-1","max-image-preview":"max-image-preview:large","max-video-preview":"max-video-preview:-1"},"canonical":"https:\/\/rioonwatch.org.br\/?p=19156","og_locale":"pt_BR","og_type":"article","og_title":"Casa da Juventude Sedia Debate com Jovens de Toda a Cidade, Sobre Pol\u00edticas P\u00fablicas no Rio - RioOnWatch","og_description":"Click Here for English Cerca de 75 adolescentes e jovens adultos\u00a0se reuniram, no dia 6 de abril, na Casa da Juventude\u00a0no Centro do Rio, para discutirem intera\u00e7\u00f5es da juventude com a pol\u00edtica p\u00fablica na cidade. [...]","og_url":"https:\/\/rioonwatch.org.br\/?p=19156","og_site_name":"RioOnWatch","article_published_time":"2016-04-14T13:07:59+00:00","og_image":[{"width":2048,"height":1365,"url":"https:\/\/rioonwatch.org.br\/wp-content\/uploads\/2016\/04\/12957416_840872779377951_7246738248223194938_o.jpg","type":"image\/jpeg"}],"author":"Admin","twitter_card":"summary_large_image","twitter_misc":{"Escrito por":"Admin","Est. tempo de leitura":"4 minutos"},"schema":{"@context":"https:\/\/schema.org","@graph":[{"@type":"Article","@id":"https:\/\/rioonwatch.org.br\/?p=19156#article","isPartOf":{"@id":"https:\/\/rioonwatch.org.br\/?p=19156"},"author":{"name":"Admin","@id":"https:\/\/rioonwatch.org.br\/#\/schema\/person\/11d64c290506f9df50c71b850c473f68"},"headline":"Casa da Juventude Sedia Debate com Jovens de Toda a Cidade, Sobre Pol\u00edticas P\u00fablicas no Rio","datePublished":"2016-04-14T13:07:59+00:00","mainEntityOfPage":{"@id":"https:\/\/rioonwatch.org.br\/?p=19156"},"wordCount":848,"publisher":{"@id":"https:\/\/rioonwatch.org.br\/#organization"},"image":{"@id":"https:\/\/rioonwatch.org.br\/?p=19156#primaryimage"},"thumbnailUrl":"https:\/\/rioonwatch.org.br\/wp-content\/uploads\/2016\/04\/12957416_840872779377951_7246738248223194938_o.jpg","keywords":["Campo Grande","Centro","debate","desigualdade","Direitos Humanos","educa\u00e7\u00e3o","juventude","LGBTQIAPN+","mobiliza\u00e7\u00e3o","organiza\u00e7\u00e3o comunit\u00e1ria","sa\u00fade","t\u00e1ticas de organiza\u00e7\u00e3o","transporte p\u00fablico","Zona Oeste"],"articleSection":["#OlhoNaParticipa\u00e7\u00e3o","Cobertura de Eventos","Escrito por Aliados","Sociedade Civil"],"inLanguage":"pt-BR"},{"@type":"WebPage","@id":"https:\/\/rioonwatch.org.br\/?p=19156","url":"https:\/\/rioonwatch.org.br\/?p=19156","name":"Casa da Juventude Sedia Debate com Jovens de Toda a Cidade, Sobre Pol\u00edticas P\u00fablicas no Rio - RioOnWatch","isPartOf":{"@id":"https:\/\/rioonwatch.org.br\/#website"},"primaryImageOfPage":{"@id":"https:\/\/rioonwatch.org.br\/?p=19156#primaryimage"},"image":{"@id":"https:\/\/rioonwatch.org.br\/?p=19156#primaryimage"},"thumbnailUrl":"https:\/\/rioonwatch.org.br\/wp-content\/uploads\/2016\/04\/12957416_840872779377951_7246738248223194938_o.jpg","datePublished":"2016-04-14T13:07:59+00:00","breadcrumb":{"@id":"https:\/\/rioonwatch.org.br\/?p=19156#breadcrumb"},"inLanguage":"pt-BR","potentialAction":[{"@type":"ReadAction","target":["https:\/\/rioonwatch.org.br\/?p=19156"]}]},{"@type":"ImageObject","inLanguage":"pt-BR","@id":"https:\/\/rioonwatch.org.br\/?p=19156#primaryimage","url":"https:\/\/rioonwatch.org.br\/wp-content\/uploads\/2016\/04\/12957416_840872779377951_7246738248223194938_o.jpg","contentUrl":"https:\/\/rioonwatch.org.br\/wp-content\/uploads\/2016\/04\/12957416_840872779377951_7246738248223194938_o.jpg","width":2048,"height":1365},{"@type":"BreadcrumbList","@id":"https:\/\/rioonwatch.org.br\/?p=19156#breadcrumb","itemListElement":[{"@type":"ListItem","position":1,"name":"In\u00edcio","item":"https:\/\/rioonwatch.org.br\/"},{"@type":"ListItem","position":2,"name":"Casa da Juventude Sedia Debate com Jovens de Toda a Cidade, Sobre Pol\u00edticas P\u00fablicas no Rio"}]},{"@type":"WebSite","@id":"https:\/\/rioonwatch.org.br\/#website","url":"https:\/\/rioonwatch.org.br\/","name":"RioOnWatch","description":"relatos das favelas cariocas","publisher":{"@id":"https:\/\/rioonwatch.org.br\/#organization"},"potentialAction":[{"@type":"SearchAction","target":{"@type":"EntryPoint","urlTemplate":"https:\/\/rioonwatch.org.br\/?s={search_term_string}"},"query-input":{"@type":"PropertyValueSpecification","valueRequired":true,"valueName":"search_term_string"}}],"inLanguage":"pt-BR"},{"@type":"Organization","@id":"https:\/\/rioonwatch.org.br\/#organization","name":"RioOnWatch","url":"https:\/\/rioonwatch.org.br\/","logo":{"@type":"ImageObject","inLanguage":"pt-BR","@id":"https:\/\/rioonwatch.org.br\/#\/schema\/logo\/image\/","url":"https:\/\/rioonwatch.org.br\/wp-content\/uploads\/2021\/06\/RioOnWatchcabecalhoPT11anos-2.png","contentUrl":"https:\/\/rioonwatch.org.br\/wp-content\/uploads\/2021\/06\/RioOnWatchcabecalhoPT11anos-2.png","width":779,"height":277,"caption":"RioOnWatch"},"image":{"@id":"https:\/\/rioonwatch.org.br\/#\/schema\/logo\/image\/"}},{"@type":"Person","@id":"https:\/\/rioonwatch.org.br\/#\/schema\/person\/11d64c290506f9df50c71b850c473f68","name":"Admin","image":{"@type":"ImageObject","inLanguage":"pt-BR","@id":"https:\/\/rioonwatch.org.br\/#\/schema\/person\/image\/","url":"https:\/\/secure.gravatar.com\/avatar\/56211ac74568383903349a1485e3c325?s=96&d=blank&r=g","contentUrl":"https:\/\/secure.gravatar.com\/avatar\/56211ac74568383903349a1485e3c325?s=96&d=blank&r=g","caption":"Admin"},"url":"https:\/\/rioonwatch.org.br\/?author=129"}]}},"_links":{"self":[{"href":"https:\/\/rioonwatch.org.br\/index.php?rest_route=\/wp\/v2\/posts\/19156"}],"collection":[{"href":"https:\/\/rioonwatch.org.br\/index.php?rest_route=\/wp\/v2\/posts"}],"about":[{"href":"https:\/\/rioonwatch.org.br\/index.php?rest_route=\/wp\/v2\/types\/post"}],"author":[{"embeddable":true,"href":"https:\/\/rioonwatch.org.br\/index.php?rest_route=\/wp\/v2\/users\/129"}],"replies":[{"embeddable":true,"href":"https:\/\/rioonwatch.org.br\/index.php?rest_route=%2Fwp%2Fv2%2Fcomments&post=19156"}],"version-history":[{"count":11,"href":"https:\/\/rioonwatch.org.br\/index.php?rest_route=\/wp\/v2\/posts\/19156\/revisions"}],"predecessor-version":[{"id":19182,"href":"https:\/\/rioonwatch.org.br\/index.php?rest_route=\/wp\/v2\/posts\/19156\/revisions\/19182"}],"wp:featuredmedia":[{"embeddable":true,"href":"https:\/\/rioonwatch.org.br\/index.php?rest_route=\/wp\/v2\/media\/19159"}],"wp:attachment":[{"href":"https:\/\/rioonwatch.org.br\/index.php?rest_route=%2Fwp%2Fv2%2Fmedia&parent=19156"}],"wp:term":[{"taxonomy":"category","embeddable":true,"href":"https:\/\/rioonwatch.org.br\/index.php?rest_route=%2Fwp%2Fv2%2Fcategories&post=19156"},{"taxonomy":"post_tag","embeddable":true,"href":"https:\/\/rioonwatch.org.br\/index.php?rest_route=%2Fwp%2Fv2%2Ftags&post=19156"},{"taxonomy":"writer","embeddable":true,"href":"https:\/\/rioonwatch.org.br\/index.php?rest_route=%2Fwp%2Fv2%2Fwriter&post=19156"},{"taxonomy":"translator","embeddable":true,"href":"https:\/\/rioonwatch.org.br\/index.php?rest_route=%2Fwp%2Fv2%2Ftranslator&post=19156"},{"taxonomy":"source","embeddable":true,"href":"https:\/\/rioonwatch.org.br\/index.php?rest_route=%2Fwp%2Fv2%2Fsource&post=19156"},{"taxonomy":"ilustrador","embeddable":true,"href":"https:\/\/rioonwatch.org.br\/index.php?rest_route=%2Fwp%2Fv2%2Filustrador&post=19156"},{"taxonomy":"fotografo","embeddable":true,"href":"https:\/\/rioonwatch.org.br\/index.php?rest_route=%2Fwp%2Fv2%2Ffotografo&post=19156"}],"curies":[{"name":"wp","href":"https:\/\/api.w.org\/{rel}","templated":true}]}}